{"id":291883,"date":"2024-03-27T11:15:16","date_gmt":"2024-03-27T16:15:16","guid":{"rendered":"https:\/\/www.fiscalia.gov.co\/colombia\/?p=291883"},"modified":"2024-03-27T17:50:36","modified_gmt":"2024-03-27T22:50:36","slug":"la-fiscalia-en-cimitarra-santander-logro-la-desarticulacion-de-un-grupo-delincuencial-con-la-captura-de-8-de-sus-integrantes","status":"publish","type":"post","link":"https:\/\/www.fiscalia.gov.co\/colombia\/noticias\/la-fiscalia-en-cimitarra-santander-logro-la-desarticulacion-de-un-grupo-delincuencial-con-la-captura-de-8-de-sus-integrantes\/","title":{"rendered":"La Fiscal\u00eda en Cimitarra (Santander) logr\u00f3 la desarticulaci\u00f3n de un grupo delincuencial con la captura de 8 de sus integrantes"},"content":{"rendered":"<p style=\"font-weight: 400;\">En un operativo coordinado por la Fiscal\u00eda seccional del Magdalena Medio, personal de la Polic\u00eda y del Ej\u00e9rcito Nacional se logr\u00f3 la judicializaci\u00f3n de 8 presuntos integrantes del grupo <a href=\"https:\/\/www.fiscalia.gov.co\/colombia\/?s=tr%C3%A1fico+de+estupefacientes+norte+de+santander\" data-saferedirecturl=\"https:\/\/www.google.com\/url?q=https:\/\/www.fiscalia.gov.co\/colombia\/?s%3Dtr%25C3%25A1fico%2Bde%2Bestupefacientes%2Bnorte%2Bde%2Bsantander&amp;source=gmail&amp;ust=1711640448355000&amp;usg=AOvVaw1mJxk6elP1ckAORDb9I5ld\">delincuencial<\/a>\u00a0conocido como Poseid\u00f3n, dedicados al\u00a0tr\u00e1fico de estupefacientes.<\/p>\n<p style=\"font-weight: 400;\"><strong>Luego de siete meses de seguimiento a este grupo, la polic\u00eda judicial identific\u00f3 a los investigados,<\/strong> capturados mediante orden judicial durante procedimientos de registro y allanamiento a varias viviendas de Cimitarra (Santander), realizados este 23 de marzo.<\/p>\n<p style=\"font-weight: 400;\"><strong>Los procesados\u00a0por su presunta responsabilidad en los delitos de concierto para delinquir, tr\u00e1fico, fabricaci\u00f3n o porte de estupefacientes y hurto calificado y agravado<\/strong> son\u00a0Jhon Eider Lizarazo Toloza, Luis Miguel Restrepo Robles, Jonatan Antonio Osorio Murillo, Emma Mesa Acevedo, Jos\u00e9 Luciano Mena, Yeimi Natalia Quiroga Hern\u00e1ndez, Yuli Alejandra Quiroga Hern\u00e1ndez y Leydy Yineth Ariza Quiroga.<\/p>\n<p style=\"font-weight: 400;\">Labores de polic\u00eda judicial evidenciaron c\u00f3mo estas personas al parecer comercializaban sustancias il\u00edcitas como marihuana, bazuco y coca\u00edna en peque\u00f1as dosis en los municipios de Cimitarra, Land\u00e1zuri y Bol\u00edvar (Santander).<\/p>\n<p style=\"font-weight: 400;\"><strong>Durante los procedimientos las autoridades incautaron 931 gramos de marihuana<\/strong>, 50 gramos de bazuco, una escopeta artesanal, 9 cartuchos de fusil calibres 5.56 y 7.62 mil\u00edmetros, siete tel\u00e9fonos celulares y una motocicleta.<\/p>\n<p style=\"font-weight: 400;\">En audiencias preliminares a los procesados se les impuso\u00a0<a href=\"https:\/\/www.fiscalia.gov.co\/colombia\/noticias\/durante-los-ultimos-cuatro-anos-la-fiscalia-desmantelo-69-organizaciones-delincuenciales-y-criminales-en-el-magdalena-medio\/\" data-saferedirecturl=\"https:\/\/www.google.com\/url?q=https:\/\/www.fiscalia.gov.co\/colombia\/noticias\/durante-los-ultimos-cuatro-anos-la-fiscalia-desmantelo-69-organizaciones-delincuenciales-y-criminales-en-el-magdalena-medio\/&amp;source=gmail&amp;ust=1711640448355000&amp;usg=AOvVaw2Np6FMdNrLIMHx3QbRXL-2\">medida<\/a>\u00a0de aseguramiento privativa de la libertad en establecimiento carcelario.<\/p>\n<p>&nbsp;<\/p>\n<p>&nbsp;<\/p>\n<p>&nbsp;<\/p>\n<p style=\"font-weight: 400;\">MPHA\/CFG\/FPWL\/DSMM<\/p>\n<p>&nbsp;<\/p>\n<p>&nbsp;<\/p>\n<p>&nbsp;<\/p>\n<p><i>La informaci\u00f3n contenida en este bolet\u00edn de prensa corresponde a la narraci\u00f3n de los hechos noticiosos objetivos, suministrados por los funcionarios encargados de adelantar las investigaciones penales al interior de la Fiscal\u00eda General de la Naci\u00f3n. Para el momento de la divulgaci\u00f3n de este comunicado, la situaci\u00f3n jur\u00eddica de la(s) persona(s) relacionada(s) se encuentra pendiente de resolver por la autoridad judicial competente, siempre bajo los preceptos de la presunci\u00f3n de inocencia, consagrados en el art\u00edculo 29 de la Constituci\u00f3n Pol\u00edtica y el art\u00edculo 7\u00ba de la Ley 906 de 2004.<\/i><\/p>\n\n<div class=\"twitter-share\"><a href=\"https:\/\/twitter.com\/intent\/tweet?via=fiscaliacol\" class=\"twitter-share-button\">Tweet<\/a><\/div>\n","protected":false},"excerpt":{"rendered":"<p>En un operativo coordinado por la Fiscal\u00eda seccional del Magdalena Medio, personal de la Polic\u00eda y del Ej\u00e9rcito Nacional se logr\u00f3 la judicializaci\u00f3n de 8 presuntos integrantes del grupo delincuencial\u00a0conocido como Poseid\u00f3n, dedicados al\u00a0tr\u00e1fico de estupefacientes. Luego de siete meses de seguimiento a este grupo, la polic\u00eda judicial identific\u00f3 a los investigados, capturados mediante orden [&hellip;]<\/p>\n","protected":false},"author":181,"featured_media":0,"comment_status":"closed","ping_status":"open","sticky":false,"template":"","format":"standard","meta":{"tdm_status":"","tdm_grid_status":"","footnotes":""},"categories":[1,17291],"tags":[808,14550,1288,10,37492,4614,1047,17967,37493,10084],"class_list":{"0":"post-291883","1":"post","2":"type-post","3":"status-publish","4":"format-standard","6":"category-noticias","7":"category-seccional-magdalena-medio","8":"tag-capturas","9":"tag-carcel","10":"tag-denuncia","11":"tag-fiscal-general","12":"tag-fiscal-luz-adriana-camargo","13":"tag-fiscalia-2","14":"tag-fiscalia-general-de-la-nacion","15":"tag-investigacion","16":"tag-luz-adriana-camargo","17":"tag-seguridad"},"yoast_head":"<!-- This site is optimized with the Yoast SEO plugin v24.3 - https:\/\/yoast.com\/wordpress\/plugins\/seo\/ -->\n<title>Fiscal\u00eda General de la Naci\u00f3n<\/title>\n<meta name=\"description\" content=\"P\u00e1gina oficial de la Fiscal\u00eda General de la Naci\u00f3n \u2013 Colombia. Garantizamos el acceso efectivo a la justicia, la verdad y la reparaci\u00f3n de las v\u00edctimas de los delitos.\" \/>\n<meta name=\"robots\" content=\"noindex, follow\" \/>\n<meta property=\"og:locale\" content=\"es_ES\" \/>\n<meta property=\"og:type\" content=\"article\" \/>\n<meta property=\"og:title\" content=\"Fiscal\u00eda General de la Naci\u00f3n\" \/>\n<meta property=\"og:description\" content=\"P\u00e1gina oficial de la Fiscal\u00eda General de la Naci\u00f3n \u2013 Colombia. Garantizamos el acceso efectivo a la justicia, la verdad y la reparaci\u00f3n de las v\u00edctimas de los delitos.\" \/>\n<meta property=\"og:url\" content=\"https:\/\/www.fiscalia.gov.co\/colombia\/noticias\/la-fiscalia-en-cimitarra-santander-logro-la-desarticulacion-de-un-grupo-delincuencial-con-la-captura-de-8-de-sus-integrantes\/\" \/>\n<meta property=\"og:site_name\" content=\"Fiscal\u00eda General de la Naci\u00f3n\" \/>\n<meta property=\"article:publisher\" content=\"https:\/\/www.facebook.com\/FiscaliaCol\" \/>\n<meta property=\"article:published_time\" content=\"2024-03-27T16:15:16+00:00\" \/>\n<meta property=\"article:modified_time\" content=\"2024-03-27T22:50:36+00:00\" \/>\n<meta name=\"author\" content=\"Johanna Islenny Prieto Pe\u00f1a\" \/>\n<meta name=\"twitter:card\" content=\"summary_large_image\" \/>\n<meta name=\"twitter:creator\" content=\"@FiscaliaCol\" \/>\n<meta name=\"twitter:site\" content=\"@FiscaliaCol\" \/>\n<meta name=\"twitter:label1\" content=\"Escrito por\" \/>\n\t<meta name=\"twitter:data1\" content=\"Johanna Islenny Prieto Pe\u00f1a\" \/>\n\t<meta name=\"twitter:label2\" content=\"Tiempo de lectura\" \/>\n\t<meta name=\"twitter:data2\" content=\"2 minutos\" \/>\n<script type=\"application\/ld+json\" class=\"yoast-schema-graph\">{\"@context\":\"https:\/\/schema.org\",\"@graph\":[{\"@type\":\"Article\",\"@id\":\"https:\/\/www.fiscalia.gov.co\/colombia\/noticias\/la-fiscalia-en-cimitarra-santander-logro-la-desarticulacion-de-un-grupo-delincuencial-con-la-captura-de-8-de-sus-integrantes\/#article\",\"isPartOf\":{\"@id\":\"https:\/\/www.fiscalia.gov.co\/colombia\/noticias\/la-fiscalia-en-cimitarra-santander-logro-la-desarticulacion-de-un-grupo-delincuencial-con-la-captura-de-8-de-sus-integrantes\/\"},\"author\":{\"name\":\"Johanna Islenny Prieto Pe\u00f1a\",\"@id\":\"https:\/\/www.fiscalia.gov.co\/colombia\/#\/schema\/person\/ba9eca435947489fb25117a0cd75bf3e\"},\"headline\":\"La Fiscal\u00eda en Cimitarra (Santander) logr\u00f3 la desarticulaci\u00f3n de un grupo delincuencial con la captura de 8 de sus integrantes\",\"datePublished\":\"2024-03-27T16:15:16+00:00\",\"dateModified\":\"2024-03-27T22:50:36+00:00\",\"mainEntityOfPage\":{\"@id\":\"https:\/\/www.fiscalia.gov.co\/colombia\/noticias\/la-fiscalia-en-cimitarra-santander-logro-la-desarticulacion-de-un-grupo-delincuencial-con-la-captura-de-8-de-sus-integrantes\/\"},\"wordCount\":358,\"publisher\":{\"@id\":\"https:\/\/www.fiscalia.gov.co\/colombia\/#organization\"},\"keywords\":[\"Capturas\",\"C\u00e1rcel\",\"Denuncia\",\"Fiscal General\",\"Fiscal Luz Adriana Camargo\",\"Fiscal\u00eda\",\"Fiscal\u00eda General de la Naci\u00f3n\",\"Investigaci\u00f3n\",\"Luz Adriana Camargo\",\"Seguridad\"],\"articleSection\":[\"Noticias\",\"Seccional Magdalena Medio\"],\"inLanguage\":\"es-CO\"},{\"@type\":\"WebPage\",\"@id\":\"https:\/\/www.fiscalia.gov.co\/colombia\/noticias\/la-fiscalia-en-cimitarra-santander-logro-la-desarticulacion-de-un-grupo-delincuencial-con-la-captura-de-8-de-sus-integrantes\/\",\"url\":\"https:\/\/www.fiscalia.gov.co\/colombia\/noticias\/la-fiscalia-en-cimitarra-santander-logro-la-desarticulacion-de-un-grupo-delincuencial-con-la-captura-de-8-de-sus-integrantes\/\",\"name\":\"Fiscal\u00eda General de la Naci\u00f3n\",\"isPartOf\":{\"@id\":\"https:\/\/www.fiscalia.gov.co\/colombia\/#website\"},\"datePublished\":\"2024-03-27T16:15:16+00:00\",\"dateModified\":\"2024-03-27T22:50:36+00:00\",\"description\":\"P\u00e1gina oficial de la Fiscal\u00eda General de la Naci\u00f3n \u2013 Colombia. Garantizamos el acceso efectivo a la justicia, la verdad y la reparaci\u00f3n de las v\u00edctimas de los delitos.\",\"breadcrumb\":{\"@id\":\"https:\/\/www.fiscalia.gov.co\/colombia\/noticias\/la-fiscalia-en-cimitarra-santander-logro-la-desarticulacion-de-un-grupo-delincuencial-con-la-captura-de-8-de-sus-integrantes\/#breadcrumb\"},\"inLanguage\":\"es-CO\",\"potentialAction\":[{\"@type\":\"ReadAction\",\"target\":[\"https:\/\/www.fiscalia.gov.co\/colombia\/noticias\/la-fiscalia-en-cimitarra-santander-logro-la-desarticulacion-de-un-grupo-delincuencial-con-la-captura-de-8-de-sus-integrantes\/\"]}]},{\"@type\":\"BreadcrumbList\",\"@id\":\"https:\/\/www.fiscalia.gov.co\/colombia\/noticias\/la-fiscalia-en-cimitarra-santander-logro-la-desarticulacion-de-un-grupo-delincuencial-con-la-captura-de-8-de-sus-integrantes\/#breadcrumb\",\"itemListElement\":[{\"@type\":\"ListItem\",\"position\":1,\"name\":\"Home\",\"item\":\"https:\/\/www.fiscalia.gov.co\/colombia\/\"},{\"@type\":\"ListItem\",\"position\":2,\"name\":\"La Fiscal\u00eda en Cimitarra (Santander) logr\u00f3 la desarticulaci\u00f3n de un grupo delincuencial con la captura de 8 de sus integrantes\"}]},{\"@type\":\"WebSite\",\"@id\":\"https:\/\/www.fiscalia.gov.co\/colombia\/#website\",\"url\":\"https:\/\/www.fiscalia.gov.co\/colombia\/\",\"name\":\"Fiscal\u00eda General de la Naci\u00f3n\",\"description\":\"P\u00e1gina oficial de la Fiscal\u00eda General de la Naci\u00f3n \u2013 Colombia. Garantizamos el acceso efectivo a la justicia, la verdad y la reparaci\u00f3n de las v\u00edctimas de los delitos.\",\"publisher\":{\"@id\":\"https:\/\/www.fiscalia.gov.co\/colombia\/#organization\"},\"potentialAction\":[{\"@type\":\"SearchAction\",\"target\":{\"@type\":\"EntryPoint\",\"urlTemplate\":\"https:\/\/www.fiscalia.gov.co\/colombia\/?s={search_term_string}\"},\"query-input\":{\"@type\":\"PropertyValueSpecification\",\"valueRequired\":true,\"valueName\":\"search_term_string\"}}],\"inLanguage\":\"es-CO\"},{\"@type\":\"Organization\",\"@id\":\"https:\/\/www.fiscalia.gov.co\/colombia\/#organization\",\"name\":\"Fiscal\u00eda General de la Naci\u00f3n\",\"url\":\"https:\/\/www.fiscalia.gov.co\/colombia\/\",\"logo\":{\"@type\":\"ImageObject\",\"inLanguage\":\"es-CO\",\"@id\":\"https:\/\/www.fiscalia.gov.co\/colombia\/#\/schema\/logo\/image\/\",\"url\":\"https:\/\/www.fiscalia.gov.co\/colombia\/wp-content\/uploads\/LogoHorizontal_1.jpg\",\"contentUrl\":\"https:\/\/www.fiscalia.gov.co\/colombia\/wp-content\/uploads\/LogoHorizontal_1.jpg\",\"width\":300,\"height\":90,\"caption\":\"Fiscal\u00eda General de la Naci\u00f3n\"},\"image\":{\"@id\":\"https:\/\/www.fiscalia.gov.co\/colombia\/#\/schema\/logo\/image\/\"},\"sameAs\":[\"https:\/\/www.facebook.com\/FiscaliaCol\",\"https:\/\/x.com\/FiscaliaCol\",\"https:\/\/www.instagram.com\/fiscaliacol\",\"https:\/\/www.linkedin.com\/company\/fiscalia-general-de-la-naci-n\/\",\"https:\/\/youtube.com\/@fiscaliageneraldelanacion-4668?si=6nN79nyQICPU5iTh\"]},{\"@type\":\"Person\",\"@id\":\"https:\/\/www.fiscalia.gov.co\/colombia\/#\/schema\/person\/ba9eca435947489fb25117a0cd75bf3e\",\"name\":\"Johanna Islenny Prieto Pe\u00f1a\",\"image\":{\"@type\":\"ImageObject\",\"inLanguage\":\"es-CO\",\"@id\":\"https:\/\/www.fiscalia.gov.co\/colombia\/#\/schema\/person\/image\/\",\"url\":\"https:\/\/secure.gravatar.com\/avatar\/111433fc2acb037ffb768f6a3ca47864?s=96&d=mm&r=g\",\"contentUrl\":\"https:\/\/secure.gravatar.com\/avatar\/111433fc2acb037ffb768f6a3ca47864?s=96&d=mm&r=g\",\"caption\":\"Johanna Islenny Prieto Pe\u00f1a\"},\"url\":\"https:\/\/www.fiscalia.gov.co\/colombia\/author\/jprietop\/\"}]}<\/script>\n<!-- \/ Yoast SEO plugin. -->","yoast_head_json":{"title":"Fiscal\u00eda General de la Naci\u00f3n","description":"P\u00e1gina oficial de la Fiscal\u00eda General de la Naci\u00f3n \u2013 Colombia. Garantizamos el acceso efectivo a la justicia, la verdad y la reparaci\u00f3n de las v\u00edctimas de los delitos.","robots":{"index":"noindex","follow":"follow"},"og_locale":"es_ES","og_type":"article","og_title":"Fiscal\u00eda General de la Naci\u00f3n","og_description":"P\u00e1gina oficial de la Fiscal\u00eda General de la Naci\u00f3n \u2013 Colombia. Garantizamos el acceso efectivo a la justicia, la verdad y la reparaci\u00f3n de las v\u00edctimas de los delitos.","og_url":"https:\/\/www.fiscalia.gov.co\/colombia\/noticias\/la-fiscalia-en-cimitarra-santander-logro-la-desarticulacion-de-un-grupo-delincuencial-con-la-captura-de-8-de-sus-integrantes\/","og_site_name":"Fiscal\u00eda General de la Naci\u00f3n","article_publisher":"https:\/\/www.facebook.com\/FiscaliaCol","article_published_time":"2024-03-27T16:15:16+00:00","article_modified_time":"2024-03-27T22:50:36+00:00","author":"Johanna Islenny Prieto Pe\u00f1a","twitter_card":"summary_large_image","twitter_creator":"@FiscaliaCol","twitter_site":"@FiscaliaCol","twitter_misc":{"Escrito por":"Johanna Islenny Prieto Pe\u00f1a","Tiempo de lectura":"2 minutos"},"schema":{"@context":"https:\/\/schema.org","@graph":[{"@type":"Article","@id":"https:\/\/www.fiscalia.gov.co\/colombia\/noticias\/la-fiscalia-en-cimitarra-santander-logro-la-desarticulacion-de-un-grupo-delincuencial-con-la-captura-de-8-de-sus-integrantes\/#article","isPartOf":{"@id":"https:\/\/www.fiscalia.gov.co\/colombia\/noticias\/la-fiscalia-en-cimitarra-santander-logro-la-desarticulacion-de-un-grupo-delincuencial-con-la-captura-de-8-de-sus-integrantes\/"},"author":{"name":"Johanna Islenny Prieto Pe\u00f1a","@id":"https:\/\/www.fiscalia.gov.co\/colombia\/#\/schema\/person\/ba9eca435947489fb25117a0cd75bf3e"},"headline":"La Fiscal\u00eda en Cimitarra (Santander) logr\u00f3 la desarticulaci\u00f3n de un grupo delincuencial con la captura de 8 de sus integrantes","datePublished":"2024-03-27T16:15:16+00:00","dateModified":"2024-03-27T22:50:36+00:00","mainEntityOfPage":{"@id":"https:\/\/www.fiscalia.gov.co\/colombia\/noticias\/la-fiscalia-en-cimitarra-santander-logro-la-desarticulacion-de-un-grupo-delincuencial-con-la-captura-de-8-de-sus-integrantes\/"},"wordCount":358,"publisher":{"@id":"https:\/\/www.fiscalia.gov.co\/colombia\/#organization"},"keywords":["Capturas","C\u00e1rcel","Denuncia","Fiscal General","Fiscal Luz Adriana Camargo","Fiscal\u00eda","Fiscal\u00eda General de la Naci\u00f3n","Investigaci\u00f3n","Luz Adriana Camargo","Seguridad"],"articleSection":["Noticias","Seccional Magdalena Medio"],"inLanguage":"es-CO"},{"@type":"WebPage","@id":"https:\/\/www.fiscalia.gov.co\/colombia\/noticias\/la-fiscalia-en-cimitarra-santander-logro-la-desarticulacion-de-un-grupo-delincuencial-con-la-captura-de-8-de-sus-integrantes\/","url":"https:\/\/www.fiscalia.gov.co\/colombia\/noticias\/la-fiscalia-en-cimitarra-santander-logro-la-desarticulacion-de-un-grupo-delincuencial-con-la-captura-de-8-de-sus-integrantes\/","name":"Fiscal\u00eda General de la Naci\u00f3n","isPartOf":{"@id":"https:\/\/www.fiscalia.gov.co\/colombia\/#website"},"datePublished":"2024-03-27T16:15:16+00:00","dateModified":"2024-03-27T22:50:36+00:00","description":"P\u00e1gina oficial de la Fiscal\u00eda General de la Naci\u00f3n \u2013 Colombia. Garantizamos el acceso efectivo a la justicia, la verdad y la reparaci\u00f3n de las v\u00edctimas de los delitos.","breadcrumb":{"@id":"https:\/\/www.fiscalia.gov.co\/colombia\/noticias\/la-fiscalia-en-cimitarra-santander-logro-la-desarticulacion-de-un-grupo-delincuencial-con-la-captura-de-8-de-sus-integrantes\/#breadcrumb"},"inLanguage":"es-CO","potentialAction":[{"@type":"ReadAction","target":["https:\/\/www.fiscalia.gov.co\/colombia\/noticias\/la-fiscalia-en-cimitarra-santander-logro-la-desarticulacion-de-un-grupo-delincuencial-con-la-captura-de-8-de-sus-integrantes\/"]}]},{"@type":"BreadcrumbList","@id":"https:\/\/www.fiscalia.gov.co\/colombia\/noticias\/la-fiscalia-en-cimitarra-santander-logro-la-desarticulacion-de-un-grupo-delincuencial-con-la-captura-de-8-de-sus-integrantes\/#breadcrumb","itemListElement":[{"@type":"ListItem","position":1,"name":"Home","item":"https:\/\/www.fiscalia.gov.co\/colombia\/"},{"@type":"ListItem","position":2,"name":"La Fiscal\u00eda en Cimitarra (Santander) logr\u00f3 la desarticulaci\u00f3n de un grupo delincuencial con la captura de 8 de sus integrantes"}]},{"@type":"WebSite","@id":"https:\/\/www.fiscalia.gov.co\/colombia\/#website","url":"https:\/\/www.fiscalia.gov.co\/colombia\/","name":"Fiscal\u00eda General de la Naci\u00f3n","description":"P\u00e1gina oficial de la Fiscal\u00eda General de la Naci\u00f3n \u2013 Colombia. Garantizamos el acceso efectivo a la justicia, la verdad y la reparaci\u00f3n de las v\u00edctimas de los delitos.","publisher":{"@id":"https:\/\/www.fiscalia.gov.co\/colombia\/#organization"},"potentialAction":[{"@type":"SearchAction","target":{"@type":"EntryPoint","urlTemplate":"https:\/\/www.fiscalia.gov.co\/colombia\/?s={search_term_string}"},"query-input":{"@type":"PropertyValueSpecification","valueRequired":true,"valueName":"search_term_string"}}],"inLanguage":"es-CO"},{"@type":"Organization","@id":"https:\/\/www.fiscalia.gov.co\/colombia\/#organization","name":"Fiscal\u00eda General de la Naci\u00f3n","url":"https:\/\/www.fiscalia.gov.co\/colombia\/","logo":{"@type":"ImageObject","inLanguage":"es-CO","@id":"https:\/\/www.fiscalia.gov.co\/colombia\/#\/schema\/logo\/image\/","url":"https:\/\/www.fiscalia.gov.co\/colombia\/wp-content\/uploads\/LogoHorizontal_1.jpg","contentUrl":"https:\/\/www.fiscalia.gov.co\/colombia\/wp-content\/uploads\/LogoHorizontal_1.jpg","width":300,"height":90,"caption":"Fiscal\u00eda General de la Naci\u00f3n"},"image":{"@id":"https:\/\/www.fiscalia.gov.co\/colombia\/#\/schema\/logo\/image\/"},"sameAs":["https:\/\/www.facebook.com\/FiscaliaCol","https:\/\/x.com\/FiscaliaCol","https:\/\/www.instagram.com\/fiscaliacol","https:\/\/www.linkedin.com\/company\/fiscalia-general-de-la-naci-n\/","https:\/\/youtube.com\/@fiscaliageneraldelanacion-4668?si=6nN79nyQICPU5iTh"]},{"@type":"Person","@id":"https:\/\/www.fiscalia.gov.co\/colombia\/#\/schema\/person\/ba9eca435947489fb25117a0cd75bf3e","name":"Johanna Islenny Prieto Pe\u00f1a","image":{"@type":"ImageObject","inLanguage":"es-CO","@id":"https:\/\/www.fiscalia.gov.co\/colombia\/#\/schema\/person\/image\/","url":"https:\/\/secure.gravatar.com\/avatar\/111433fc2acb037ffb768f6a3ca47864?s=96&d=mm&r=g","contentUrl":"https:\/\/secure.gravatar.com\/avatar\/111433fc2acb037ffb768f6a3ca47864?s=96&d=mm&r=g","caption":"Johanna Islenny Prieto Pe\u00f1a"},"url":"https:\/\/www.fiscalia.gov.co\/colombia\/author\/jprietop\/"}]}},"_links":{"self":[{"href":"https:\/\/www.fiscalia.gov.co\/colombia\/wp-json\/wp\/v2\/posts\/291883","targetHints":{"allow":["GET"]}}],"collection":[{"href":"https:\/\/www.fiscalia.gov.co\/colombia\/wp-json\/wp\/v2\/posts"}],"about":[{"href":"https:\/\/www.fiscalia.gov.co\/colombia\/wp-json\/wp\/v2\/types\/post"}],"author":[{"embeddable":true,"href":"https:\/\/www.fiscalia.gov.co\/colombia\/wp-json\/wp\/v2\/users\/181"}],"replies":[{"embeddable":true,"href":"https:\/\/www.fiscalia.gov.co\/colombia\/wp-json\/wp\/v2\/comments?post=291883"}],"version-history":[{"count":3,"href":"https:\/\/www.fiscalia.gov.co\/colombia\/wp-json\/wp\/v2\/posts\/291883\/revisions"}],"predecessor-version":[{"id":291898,"href":"https:\/\/www.fiscalia.gov.co\/colombia\/wp-json\/wp\/v2\/posts\/291883\/revisions\/291898"}],"wp:attachment":[{"href":"https:\/\/www.fiscalia.gov.co\/colombia\/wp-json\/wp\/v2\/media?parent=291883"}],"wp:term":[{"taxonomy":"category","embeddable":true,"href":"https:\/\/www.fiscalia.gov.co\/colombia\/wp-json\/wp\/v2\/categories?post=291883"},{"taxonomy":"post_tag","embeddable":true,"href":"https:\/\/www.fiscalia.gov.co\/colombia\/wp-json\/wp\/v2\/tags?post=291883"}],"curies":[{"name":"wp","href":"https:\/\/api.w.org\/{rel}","templated":true}]}}