{"id":291876,"date":"2024-03-27T11:09:47","date_gmt":"2024-03-27T16:09:47","guid":{"rendered":"https:\/\/www.fiscalia.gov.co\/colombia\/?p=291876"},"modified":"2024-03-27T17:53:12","modified_gmt":"2024-03-27T22:53:12","slug":"asegurados-27-presuntos-integrantes-de-tres-estructuras-delictivas-por-microtrafico-en-comunas-de-cali","status":"publish","type":"post","link":"https:\/\/www.fiscalia.gov.co\/colombia\/noticias\/asegurados-27-presuntos-integrantes-de-tres-estructuras-delictivas-por-microtrafico-en-comunas-de-cali\/","title":{"rendered":"Asegurados 27 presuntos integrantes de tres estructuras delictivas por microtr\u00e1fico en comunas de Cali"},"content":{"rendered":"<h4><strong><em>En v\u00edas p\u00fablicas y en algunos entornos educativos de las comunas 15, 16 y 18 se comercializaban y vend\u00edan los estupefacientes.\u00a0<\/em><\/strong><\/h4>\n<p style=\"font-weight: 400;\">La Fiscal\u00eda General de la Naci\u00f3n logr\u00f3 que jueces de control de garant\u00edas privaran de la libertad a <strong>27 presuntos integrantes de tres estructuras dedicadas al microtr\u00e1fico<\/strong> en las comunas 15, 16 y 18 de Cali (Valle del Cauca).<\/p>\n<p style=\"font-weight: 400;\">Se trata de los grupos delincuenciales Los de la 70, Hechiceros y Los del Principal o Tura que delinqu\u00edan en los barrios Llano Verde, Mariano Ramos y Lourdes, donde comercializaban <strong>marihuana y coca\u00edna<\/strong> en v\u00edas p\u00fablicas y en entornos escolares.<\/p>\n<figure id=\"attachment_291879\" aria-describedby=\"caption-attachment-291879\" style=\"width: 300px\" class=\"wp-caption aligncenter\"><img loading=\"lazy\" decoding=\"async\" class=\"size-medium wp-image-291879\" src=\"https:\/\/www.fiscalia.gov.co\/colombia\/wp-content\/uploads\/Foto-1.-Los-del-Principal-o-Tura.-Concierto-agravado-estupefacientes-homicidio-tentado-y-otros.-Cali-Valle-Luz-adriana-Camargo-Fiscal-Luz-Adriana-Camargo-300x169.jpg\" alt=\"En la fotograf\u00eda aparecen de pie los presuntos integrantes del grupo delincuencial Los del Principal o Tura. A los extremos de ellos hay uniformados de la Polic\u00eda Nacional. Delante de ellos hay una mesa con mantel verde y sobre ella se parec\u00edan dos letreros que dicen: \u00b4Coca\u00edna\u2019, \u2018Marihuna\u2019. Asimismo, hay bolsas pl\u00e1sticas peque\u00f1as con contenido blanco y una mediana con contenido verdoso. Detr\u00e1s de ellos hay un pend\u00f3n institucional de la Polic\u00eda.\" width=\"300\" height=\"169\" srcset=\"https:\/\/www.fiscalia.gov.co\/colombia\/wp-content\/uploads\/Foto-1.-Los-del-Principal-o-Tura.-Concierto-agravado-estupefacientes-homicidio-tentado-y-otros.-Cali-Valle-Luz-adriana-Camargo-Fiscal-Luz-Adriana-Camargo-300x169.jpg 300w, https:\/\/www.fiscalia.gov.co\/colombia\/wp-content\/uploads\/Foto-1.-Los-del-Principal-o-Tura.-Concierto-agravado-estupefacientes-homicidio-tentado-y-otros.-Cali-Valle-Luz-adriana-Camargo-Fiscal-Luz-Adriana-Camargo-1024x576.jpg 1024w, https:\/\/www.fiscalia.gov.co\/colombia\/wp-content\/uploads\/Foto-1.-Los-del-Principal-o-Tura.-Concierto-agravado-estupefacientes-homicidio-tentado-y-otros.-Cali-Valle-Luz-adriana-Camargo-Fiscal-Luz-Adriana-Camargo-768x432.jpg 768w, https:\/\/www.fiscalia.gov.co\/colombia\/wp-content\/uploads\/Foto-1.-Los-del-Principal-o-Tura.-Concierto-agravado-estupefacientes-homicidio-tentado-y-otros.-Cali-Valle-Luz-adriana-Camargo-Fiscal-Luz-Adriana-Camargo-1536x864.jpg 1536w, https:\/\/www.fiscalia.gov.co\/colombia\/wp-content\/uploads\/Foto-1.-Los-del-Principal-o-Tura.-Concierto-agravado-estupefacientes-homicidio-tentado-y-otros.-Cali-Valle-Luz-adriana-Camargo-Fiscal-Luz-Adriana-Camargo-696x392.jpg 696w, https:\/\/www.fiscalia.gov.co\/colombia\/wp-content\/uploads\/Foto-1.-Los-del-Principal-o-Tura.-Concierto-agravado-estupefacientes-homicidio-tentado-y-otros.-Cali-Valle-Luz-adriana-Camargo-Fiscal-Luz-Adriana-Camargo-1068x601.jpg 1068w, https:\/\/www.fiscalia.gov.co\/colombia\/wp-content\/uploads\/Foto-1.-Los-del-Principal-o-Tura.-Concierto-agravado-estupefacientes-homicidio-tentado-y-otros.-Cali-Valle-Luz-adriana-Camargo-Fiscal-Luz-Adriana-Camargo-747x420.jpg 747w, https:\/\/www.fiscalia.gov.co\/colombia\/wp-content\/uploads\/Foto-1.-Los-del-Principal-o-Tura.-Concierto-agravado-estupefacientes-homicidio-tentado-y-otros.-Cali-Valle-Luz-adriana-Camargo-Fiscal-Luz-Adriana-Camargo.jpg 1600w\" sizes=\"auto, (max-width: 300px) 100vw, 300px\" \/><figcaption id=\"caption-attachment-291879\" class=\"wp-caption-text\">Presuntos integrantes del grupo delincuencial Los del Principal o Tura, dedicado al microtr\u00e1fico y otros delitos en el barrio Llano Verde de Cali (Valle del Cauca).<\/figcaption><\/figure>\n<p style=\"font-weight: 400;\"><strong>Seg\u00fan la Fiscal\u00eda, Los del Principal y Tura habr\u00edan participado en al menos 21 eventos delictivos<\/strong> en el barrio Lourdes, para lo cual, al parecer, <a href=\"https:\/\/www.fiscalia.gov.co\/colombia\/noticias\/carcel-para-un-soldado-y-un-profesor-por-su-presunta-responsabilidad-en-delitos-sexuales-contra-menores-de-edad-en-huila\/\" target=\"_blank\" rel=\"noopener\">utilizaban a menores de edad. Tambi\u00e9n se les se\u00f1ala de una tentativa de homicidio.<\/a><\/p>\n<p style=\"font-weight: 400;\">Un fiscal especializado de la Estructura de Apoyo (EDA) les imput\u00f3 a los capturados los delitos de concierto para delinquir agravado, homicidio tentado, porte ilegal de armas, uso de menores y fabricaci\u00f3n, tr\u00e1fico o porte de\u00a0<a href=\"https:\/\/www.fiscalia.gov.co\/colombia\/noticias\/impactada-organizacion-delincuencial-los-mocoanitos-dedicada-al-trafico-de-estupefacientes-en-putumayo\/\" data-saferedirecturl=\"https:\/\/www.google.com\/url?q=https:\/\/www.fiscalia.gov.co\/colombia\/noticias\/impactada-organizacion-delincuencial-los-mocoanitos-dedicada-al-trafico-de-estupefacientes-en-putumayo\/&amp;source=gmail&amp;ust=1711640342328000&amp;usg=AOvVaw1cOiDDIE9bIzLdyyKS0DCD\">estupefacientes<\/a>.<\/p>\n<p style=\"font-weight: 400;\">Asimismo,<strong> la Fiscal\u00eda judicializ\u00f3 a 19 presuntos integrantes del grupo delincuencial Hechiceros<\/strong>, que delinqu\u00eda en el barrio Mariano Ramos y ser\u00edan los responsables de al menos 116 eventos delictivos de venta y tr\u00e1fico de narc\u00f3ticos. Un fiscal de la EDA les imput\u00f3 los delitos de concierto para delinquir agravado y fabricaci\u00f3n, tr\u00e1fico o porte de estupefacientes.<\/p>\n<figure id=\"attachment_291878\" aria-describedby=\"caption-attachment-291878\" style=\"width: 300px\" class=\"wp-caption aligncenter\"><img loading=\"lazy\" decoding=\"async\" class=\"size-medium wp-image-291878\" src=\"https:\/\/www.fiscalia.gov.co\/colombia\/wp-content\/uploads\/Foto-2.-Hechiceros.-Concierto-y-estupefacientes.-Cali-Valle-Luz-adriana-Camargo-Fiscal-Luz-Adriana-Camargo-300x171.jpg\" alt=\"En la fotograf\u00eda aparecen de pie los presuntos integrantes del grupo delincuencial Hechiceros. A los extremos de ellos hay uniformados de la Polic\u00eda Nacional. Delante de ellos hay una mesa con mantel verde y sobre ella se parec\u00edan cuatro letreros. Asimismo, hay bolsas pl\u00e1sticas y lo que podr\u00eda ser un arma de fuego. Asimismo, en el suelo hay bolsas pl\u00e1sticas con contenido verdoso. A lado y lado hay dos motocicletas. Detr\u00e1s de ellos hay un pend\u00f3n institucional de la Polic\u00eda.\" width=\"300\" height=\"171\" srcset=\"https:\/\/www.fiscalia.gov.co\/colombia\/wp-content\/uploads\/Foto-2.-Hechiceros.-Concierto-y-estupefacientes.-Cali-Valle-Luz-adriana-Camargo-Fiscal-Luz-Adriana-Camargo-300x171.jpg 300w, https:\/\/www.fiscalia.gov.co\/colombia\/wp-content\/uploads\/Foto-2.-Hechiceros.-Concierto-y-estupefacientes.-Cali-Valle-Luz-adriana-Camargo-Fiscal-Luz-Adriana-Camargo-1024x584.jpg 1024w, https:\/\/www.fiscalia.gov.co\/colombia\/wp-content\/uploads\/Foto-2.-Hechiceros.-Concierto-y-estupefacientes.-Cali-Valle-Luz-adriana-Camargo-Fiscal-Luz-Adriana-Camargo-768x438.jpg 768w, https:\/\/www.fiscalia.gov.co\/colombia\/wp-content\/uploads\/Foto-2.-Hechiceros.-Concierto-y-estupefacientes.-Cali-Valle-Luz-adriana-Camargo-Fiscal-Luz-Adriana-Camargo-1536x876.jpg 1536w, https:\/\/www.fiscalia.gov.co\/colombia\/wp-content\/uploads\/Foto-2.-Hechiceros.-Concierto-y-estupefacientes.-Cali-Valle-Luz-adriana-Camargo-Fiscal-Luz-Adriana-Camargo-696x397.jpg 696w, https:\/\/www.fiscalia.gov.co\/colombia\/wp-content\/uploads\/Foto-2.-Hechiceros.-Concierto-y-estupefacientes.-Cali-Valle-Luz-adriana-Camargo-Fiscal-Luz-Adriana-Camargo-1068x609.jpg 1068w, https:\/\/www.fiscalia.gov.co\/colombia\/wp-content\/uploads\/Foto-2.-Hechiceros.-Concierto-y-estupefacientes.-Cali-Valle-Luz-adriana-Camargo-Fiscal-Luz-Adriana-Camargo-736x420.jpg 736w, https:\/\/www.fiscalia.gov.co\/colombia\/wp-content\/uploads\/Foto-2.-Hechiceros.-Concierto-y-estupefacientes.-Cali-Valle-Luz-adriana-Camargo-Fiscal-Luz-Adriana-Camargo.jpg 1600w\" sizes=\"auto, (max-width: 300px) 100vw, 300px\" \/><figcaption id=\"caption-attachment-291878\" class=\"wp-caption-text\">Presuntos integrantes del grupo delincuencial Hechiceros, dedicado al microtr\u00e1fico en el barrio Mariano Ramos de Cali (Valle del Cauca).<\/figcaption><\/figure>\n<p style=\"font-weight: 400;\">Finalmente,<strong> fueron judicializados 11 presuntos integrantes de Los de La 70<\/strong>, dedicados al tr\u00e1fico de marihuana y coca\u00edna en el barrio Lourdes de esta ciudad, teniendo como fachada mototaxistas y cobradiarios, en v\u00edas p\u00fablicas y entornos educativos.<\/p>\n<figure id=\"attachment_291877\" aria-describedby=\"caption-attachment-291877\" style=\"width: 300px\" class=\"wp-caption aligncenter\"><img loading=\"lazy\" decoding=\"async\" class=\"size-medium wp-image-291877\" src=\"https:\/\/www.fiscalia.gov.co\/colombia\/wp-content\/uploads\/Foto-3.-Los-de-La-70.-Concierto-agravado-y-estupefacientes.-Cali-Valle-Luz-adriana-Camargo-Fiscal-Luz-Adriana-Camargo-300x169.jpg\" alt=\"En la fotograf\u00eda aparecen de pie los presuntos integrantes del grupo delincuencial Los de La 70. A los extremos de ellos hay uniformados de la Polic\u00eda Nacional. Delante de ellos hay una mesa con mantel blanco y sobre ella se parec\u00edan un letrero que dice: \u00b4Incautaci\u00f3n de dinero\u2019. Asimismo, hay lo que podr\u00eda ser dinero en efectivo. Detr\u00e1s de ellos hay un pend\u00f3n institucional de la Polic\u00eda.\" width=\"300\" height=\"169\" srcset=\"https:\/\/www.fiscalia.gov.co\/colombia\/wp-content\/uploads\/Foto-3.-Los-de-La-70.-Concierto-agravado-y-estupefacientes.-Cali-Valle-Luz-adriana-Camargo-Fiscal-Luz-Adriana-Camargo-300x169.jpg 300w, https:\/\/www.fiscalia.gov.co\/colombia\/wp-content\/uploads\/Foto-3.-Los-de-La-70.-Concierto-agravado-y-estupefacientes.-Cali-Valle-Luz-adriana-Camargo-Fiscal-Luz-Adriana-Camargo-1024x576.jpg 1024w, https:\/\/www.fiscalia.gov.co\/colombia\/wp-content\/uploads\/Foto-3.-Los-de-La-70.-Concierto-agravado-y-estupefacientes.-Cali-Valle-Luz-adriana-Camargo-Fiscal-Luz-Adriana-Camargo-768x432.jpg 768w, https:\/\/www.fiscalia.gov.co\/colombia\/wp-content\/uploads\/Foto-3.-Los-de-La-70.-Concierto-agravado-y-estupefacientes.-Cali-Valle-Luz-adriana-Camargo-Fiscal-Luz-Adriana-Camargo-1536x864.jpg 1536w, https:\/\/www.fiscalia.gov.co\/colombia\/wp-content\/uploads\/Foto-3.-Los-de-La-70.-Concierto-agravado-y-estupefacientes.-Cali-Valle-Luz-adriana-Camargo-Fiscal-Luz-Adriana-Camargo-696x392.jpg 696w, https:\/\/www.fiscalia.gov.co\/colombia\/wp-content\/uploads\/Foto-3.-Los-de-La-70.-Concierto-agravado-y-estupefacientes.-Cali-Valle-Luz-adriana-Camargo-Fiscal-Luz-Adriana-Camargo-1068x601.jpg 1068w, https:\/\/www.fiscalia.gov.co\/colombia\/wp-content\/uploads\/Foto-3.-Los-de-La-70.-Concierto-agravado-y-estupefacientes.-Cali-Valle-Luz-adriana-Camargo-Fiscal-Luz-Adriana-Camargo-747x420.jpg 747w, https:\/\/www.fiscalia.gov.co\/colombia\/wp-content\/uploads\/Foto-3.-Los-de-La-70.-Concierto-agravado-y-estupefacientes.-Cali-Valle-Luz-adriana-Camargo-Fiscal-Luz-Adriana-Camargo.jpg 1600w\" sizes=\"auto, (max-width: 300px) 100vw, 300px\" \/><figcaption id=\"caption-attachment-291877\" class=\"wp-caption-text\">Presuntos integrantes del grupo delincuencial Los de La 70, utilizaban como fachada a mototaxistas cobradiarios para la comercializaci\u00f3n de narc\u00f3ticos en peque\u00f1as dosis, en el barrio Lourdes de Cali (Valle del Cauca).<\/figcaption><\/figure>\n<p style=\"font-weight: 400;\"><strong>La Fiscal\u00eda le imput\u00f3 a los capturados los delitos de concierto para delinquir agravado y fabricaci\u00f3n, tr\u00e1fico o porte de estupefacientes.<\/strong> Habr\u00edan participado en al menos 40 eventos delictivos en ese sector del oriente de esta ciudad.<\/p>\n<p style=\"font-weight: 400;\">Por decisi\u00f3n de los jueces los 26 judicializados deben cumplir la medida de aseguramiento en centros carcelarios y uno en su lugar de residencia.<\/p>\n<p style=\"font-weight: 400;\">Esta informaci\u00f3n se publica por razones de inter\u00e9s general.<\/p>\n<p>&nbsp;<\/p>\n<p style=\"font-weight: 400;\">MAP\/CFG\/SEGM\/DSC\/<\/p>\n<p>&nbsp;<\/p>\n<p>&nbsp;<\/p>\n<p>&nbsp;<\/p>\n<p><i>La informaci\u00f3n contenida en este bolet\u00edn de prensa corresponde a la narraci\u00f3n de los hechos noticiosos objetivos, suministrados por los funcionarios encargados de adelantar las investigaciones penales al interior de la Fiscal\u00eda General de la Naci\u00f3n. Para el momento de la divulgaci\u00f3n de este comunicado, la situaci\u00f3n jur\u00eddica de la(s) persona(s) relacionada(s) se encuentra pendiente de resolver por la autoridad judicial competente, siempre bajo los\u00a0<\/i><i>preceptos de la presunci\u00f3n de inocencia, consagrados en el art\u00edculo 29 de la Constituci\u00f3n Pol\u00edtica y el art\u00edculo 7\u00ba de la Ley 906 de 2004.<\/i><\/p>\n\n<div class=\"twitter-share\"><a href=\"https:\/\/twitter.com\/intent\/tweet?via=fiscaliacol\" class=\"twitter-share-button\">Tweet<\/a><\/div>\n","protected":false},"excerpt":{"rendered":"<p>En v\u00edas p\u00fablicas y en algunos entornos educativos de las comunas 15, 16 y 18 se comercializaban y vend\u00edan los estupefacientes.\u00a0 La Fiscal\u00eda General de la Naci\u00f3n logr\u00f3 que jueces de control de garant\u00edas privaran de la libertad a 27 presuntos integrantes de tres estructuras dedicadas al microtr\u00e1fico en las comunas 15, 16 y 18 [&hellip;]<\/p>\n","protected":false},"author":181,"featured_media":0,"comment_status":"closed","ping_status":"open","sticky":false,"template":"","format":"standard","meta":{"_price":"","_stock":"","_tribe_ticket_header":"","_tribe_default_ticket_provider":"","_tribe_ticket_capacity":"0","_ticket_start_date":"","_ticket_end_date":"","_tribe_ticket_show_description":"","_tribe_ticket_show_not_going":false,"_tribe_ticket_use_global_stock":"","_tribe_ticket_global_stock_level":"","_global_stock_mode":"","_global_stock_cap":"","_tribe_rsvp_for_event":"","_tribe_ticket_going_count":"","_tribe_ticket_not_going_count":"","_tribe_tickets_list":"[]","_tribe_ticket_has_attendee_info_fields":false,"tdm_status":"","tdm_grid_status":"","footnotes":""},"categories":[1,24099],"tags":[25070,31997,78,37492,24187,7169,37512,25481,37513,37511,1185,24549,26070,37510],"class_list":{"0":"post-291876","1":"post","2":"type-post","3":"status-publish","4":"format-standard","6":"category-noticias","7":"category-seguridad-territorial","8":"tag-centros-carcelarios","9":"tag-concierto-para-delinquir-agravado-fabricacion","10":"tag-fiscal-general-de-la-nacion","11":"tag-fiscal-luz-adriana-camargo","12":"tag-fiscalia-colombia","13":"tag-flagrancia","14":"tag-hechiceros","15":"tag-judicializados","16":"tag-los-de-la-70","17":"tag-los-del-principal-o-tura","18":"tag-medida-de-aseguramiento","19":"tag-orden-judicial","20":"tag-seccional-cali","21":"tag-trafico-o-porte-de-estupefacientes-homicidio-agravado-tentado-fabricacion-trafico-o-porte-de-armas-de-fuego-uso-de-menores-para-la-comision-de-delitos-capturados"},"yoast_head":"<!-- This site is optimized with the Yoast SEO plugin v24.3 - https:\/\/yoast.com\/wordpress\/plugins\/seo\/ -->\n<title>Fiscal\u00eda General de la Naci\u00f3n<\/title>\n<meta name=\"description\" content=\"P\u00e1gina oficial de la Fiscal\u00eda General de la Naci\u00f3n \u2013 Colombia. Garantizamos el acceso efectivo a la justicia, la verdad y la reparaci\u00f3n de las v\u00edctimas de los delitos.\" \/>\n<meta name=\"robots\" content=\"noindex, follow\" \/>\n<meta property=\"og:locale\" content=\"es_ES\" \/>\n<meta property=\"og:type\" content=\"article\" \/>\n<meta property=\"og:title\" content=\"Fiscal\u00eda General de la Naci\u00f3n\" \/>\n<meta property=\"og:description\" content=\"P\u00e1gina oficial de la Fiscal\u00eda General de la Naci\u00f3n \u2013 Colombia. Garantizamos el acceso efectivo a la justicia, la verdad y la reparaci\u00f3n de las v\u00edctimas de los delitos.\" \/>\n<meta property=\"og:url\" content=\"https:\/\/www.fiscalia.gov.co\/colombia\/noticias\/asegurados-27-presuntos-integrantes-de-tres-estructuras-delictivas-por-microtrafico-en-comunas-de-cali\/\" \/>\n<meta property=\"og:site_name\" content=\"Fiscal\u00eda General de la Naci\u00f3n\" \/>\n<meta property=\"article:publisher\" content=\"https:\/\/www.facebook.com\/FiscaliaCol\" \/>\n<meta property=\"article:published_time\" content=\"2024-03-27T16:09:47+00:00\" \/>\n<meta property=\"article:modified_time\" content=\"2024-03-27T22:53:12+00:00\" \/>\n<meta property=\"og:image\" content=\"https:\/\/www.fiscalia.gov.co\/colombia\/wp-content\/uploads\/Foto-1.-Los-del-Principal-o-Tura.-Concierto-agravado-estupefacientes-homicidio-tentado-y-otros.-Cali-Valle-Luz-adriana-Camargo-Fiscal-Luz-Adriana-Camargo-300x169.jpg\" \/>\n<meta name=\"author\" content=\"Johanna Islenny Prieto Pe\u00f1a\" \/>\n<meta name=\"twitter:card\" content=\"summary_large_image\" \/>\n<meta name=\"twitter:creator\" content=\"@FiscaliaCol\" \/>\n<meta name=\"twitter:site\" content=\"@FiscaliaCol\" \/>\n<meta name=\"twitter:label1\" content=\"Escrito por\" \/>\n\t<meta name=\"twitter:data1\" content=\"Johanna Islenny Prieto Pe\u00f1a\" \/>\n\t<meta name=\"twitter:label2\" content=\"Tiempo de lectura\" \/>\n\t<meta name=\"twitter:data2\" content=\"3 minutos\" \/>\n<script type=\"application\/ld+json\" class=\"yoast-schema-graph\">{\"@context\":\"https:\/\/schema.org\",\"@graph\":[{\"@type\":\"Article\",\"@id\":\"https:\/\/www.fiscalia.gov.co\/colombia\/noticias\/asegurados-27-presuntos-integrantes-de-tres-estructuras-delictivas-por-microtrafico-en-comunas-de-cali\/#article\",\"isPartOf\":{\"@id\":\"https:\/\/www.fiscalia.gov.co\/colombia\/noticias\/asegurados-27-presuntos-integrantes-de-tres-estructuras-delictivas-por-microtrafico-en-comunas-de-cali\/\"},\"author\":{\"name\":\"Johanna Islenny Prieto Pe\u00f1a\",\"@id\":\"https:\/\/www.fiscalia.gov.co\/colombia\/#\/schema\/person\/ba9eca435947489fb25117a0cd75bf3e\"},\"headline\":\"Asegurados 27 presuntos integrantes de tres estructuras delictivas por microtr\u00e1fico en comunas de Cali\",\"datePublished\":\"2024-03-27T16:09:47+00:00\",\"dateModified\":\"2024-03-27T22:53:12+00:00\",\"mainEntityOfPage\":{\"@id\":\"https:\/\/www.fiscalia.gov.co\/colombia\/noticias\/asegurados-27-presuntos-integrantes-de-tres-estructuras-delictivas-por-microtrafico-en-comunas-de-cali\/\"},\"wordCount\":586,\"publisher\":{\"@id\":\"https:\/\/www.fiscalia.gov.co\/colombia\/#organization\"},\"image\":{\"@id\":\"https:\/\/www.fiscalia.gov.co\/colombia\/noticias\/asegurados-27-presuntos-integrantes-de-tres-estructuras-delictivas-por-microtrafico-en-comunas-de-cali\/#primaryimage\"},\"thumbnailUrl\":\"https:\/\/www.fiscalia.gov.co\/colombia\/wp-content\/uploads\/Foto-1.-Los-del-Principal-o-Tura.-Concierto-agravado-estupefacientes-homicidio-tentado-y-otros.-Cali-Valle-Luz-adriana-Camargo-Fiscal-Luz-Adriana-Camargo-300x169.jpg\",\"keywords\":[\"centros carcelarios\",\"concierto para delinquir agravado;\u00a0fabricaci\u00f3n\",\"Fiscal General de la Naci\u00f3n\",\"Fiscal Luz Adriana Camargo\",\"Fiscal\u00eda Colombia\",\"Flagrancia\",\"Hechiceros\",\"judicializados.\",\"Los De La 70\",\"Los del Principal o Tura\",\"Medida de aseguramiento\",\"orden judicial\",\"Seccional Cali\",\"tr\u00e1fico o porte de estupefacientes; homicidio agravado tentado; fabricaci\u00f3n tr\u00e1fico o porte de armas de fuego; uso de menores para la comisi\u00f3n de delitos; capturados\"],\"articleSection\":[\"Noticias\",\"Seguridad territorial\"],\"inLanguage\":\"es-CO\"},{\"@type\":\"WebPage\",\"@id\":\"https:\/\/www.fiscalia.gov.co\/colombia\/noticias\/asegurados-27-presuntos-integrantes-de-tres-estructuras-delictivas-por-microtrafico-en-comunas-de-cali\/\",\"url\":\"https:\/\/www.fiscalia.gov.co\/colombia\/noticias\/asegurados-27-presuntos-integrantes-de-tres-estructuras-delictivas-por-microtrafico-en-comunas-de-cali\/\",\"name\":\"Fiscal\u00eda General de la Naci\u00f3n\",\"isPartOf\":{\"@id\":\"https:\/\/www.fiscalia.gov.co\/colombia\/#website\"},\"primaryImageOfPage\":{\"@id\":\"https:\/\/www.fiscalia.gov.co\/colombia\/noticias\/asegurados-27-presuntos-integrantes-de-tres-estructuras-delictivas-por-microtrafico-en-comunas-de-cali\/#primaryimage\"},\"image\":{\"@id\":\"https:\/\/www.fiscalia.gov.co\/colombia\/noticias\/asegurados-27-presuntos-integrantes-de-tres-estructuras-delictivas-por-microtrafico-en-comunas-de-cali\/#primaryimage\"},\"thumbnailUrl\":\"https:\/\/www.fiscalia.gov.co\/colombia\/wp-content\/uploads\/Foto-1.-Los-del-Principal-o-Tura.-Concierto-agravado-estupefacientes-homicidio-tentado-y-otros.-Cali-Valle-Luz-adriana-Camargo-Fiscal-Luz-Adriana-Camargo-300x169.jpg\",\"datePublished\":\"2024-03-27T16:09:47+00:00\",\"dateModified\":\"2024-03-27T22:53:12+00:00\",\"description\":\"P\u00e1gina oficial de la Fiscal\u00eda General de la Naci\u00f3n \u2013 Colombia. Garantizamos el acceso efectivo a la justicia, la verdad y la reparaci\u00f3n de las v\u00edctimas de los delitos.\",\"breadcrumb\":{\"@id\":\"https:\/\/www.fiscalia.gov.co\/colombia\/noticias\/asegurados-27-presuntos-integrantes-de-tres-estructuras-delictivas-por-microtrafico-en-comunas-de-cali\/#breadcrumb\"},\"inLanguage\":\"es-CO\",\"potentialAction\":[{\"@type\":\"ReadAction\",\"target\":[\"https:\/\/www.fiscalia.gov.co\/colombia\/noticias\/asegurados-27-presuntos-integrantes-de-tres-estructuras-delictivas-por-microtrafico-en-comunas-de-cali\/\"]}]},{\"@type\":\"ImageObject\",\"inLanguage\":\"es-CO\",\"@id\":\"https:\/\/www.fiscalia.gov.co\/colombia\/noticias\/asegurados-27-presuntos-integrantes-de-tres-estructuras-delictivas-por-microtrafico-en-comunas-de-cali\/#primaryimage\",\"url\":\"https:\/\/www.fiscalia.gov.co\/colombia\/wp-content\/uploads\/Foto-1.-Los-del-Principal-o-Tura.-Concierto-agravado-estupefacientes-homicidio-tentado-y-otros.-Cali-Valle-Luz-adriana-Camargo-Fiscal-Luz-Adriana-Camargo.jpg\",\"contentUrl\":\"https:\/\/www.fiscalia.gov.co\/colombia\/wp-content\/uploads\/Foto-1.-Los-del-Principal-o-Tura.-Concierto-agravado-estupefacientes-homicidio-tentado-y-otros.-Cali-Valle-Luz-adriana-Camargo-Fiscal-Luz-Adriana-Camargo.jpg\",\"width\":1600,\"height\":900,\"caption\":\"Presuntos integrantes del grupo delincuencial Los del Principal o Tura, dedicado al microtr\u00e1fico y otros delitos en el barrio Llano Verde de Cali (Valle del Cauca).\"},{\"@type\":\"BreadcrumbList\",\"@id\":\"https:\/\/www.fiscalia.gov.co\/colombia\/noticias\/asegurados-27-presuntos-integrantes-de-tres-estructuras-delictivas-por-microtrafico-en-comunas-de-cali\/#breadcrumb\",\"itemListElement\":[{\"@type\":\"ListItem\",\"position\":1,\"name\":\"Home\",\"item\":\"https:\/\/www.fiscalia.gov.co\/colombia\/\"},{\"@type\":\"ListItem\",\"position\":2,\"name\":\"Asegurados 27 presuntos integrantes de tres estructuras delictivas por microtr\u00e1fico en comunas de Cali\"}]},{\"@type\":\"WebSite\",\"@id\":\"https:\/\/www.fiscalia.gov.co\/colombia\/#website\",\"url\":\"https:\/\/www.fiscalia.gov.co\/colombia\/\",\"name\":\"Fiscal\u00eda General de la Naci\u00f3n\",\"description\":\"P\u00e1gina oficial de la Fiscal\u00eda General de la Naci\u00f3n \u2013 Colombia. Garantizamos el acceso efectivo a la justicia, la verdad y la reparaci\u00f3n de las v\u00edctimas de los delitos.\",\"publisher\":{\"@id\":\"https:\/\/www.fiscalia.gov.co\/colombia\/#organization\"},\"potentialAction\":[{\"@type\":\"SearchAction\",\"target\":{\"@type\":\"EntryPoint\",\"urlTemplate\":\"https:\/\/www.fiscalia.gov.co\/colombia\/?s={search_term_string}\"},\"query-input\":{\"@type\":\"PropertyValueSpecification\",\"valueRequired\":true,\"valueName\":\"search_term_string\"}}],\"inLanguage\":\"es-CO\"},{\"@type\":\"Organization\",\"@id\":\"https:\/\/www.fiscalia.gov.co\/colombia\/#organization\",\"name\":\"Fiscal\u00eda General de la Naci\u00f3n\",\"url\":\"https:\/\/www.fiscalia.gov.co\/colombia\/\",\"logo\":{\"@type\":\"ImageObject\",\"inLanguage\":\"es-CO\",\"@id\":\"https:\/\/www.fiscalia.gov.co\/colombia\/#\/schema\/logo\/image\/\",\"url\":\"https:\/\/www.fiscalia.gov.co\/colombia\/wp-content\/uploads\/LogoHorizontal_1.jpg\",\"contentUrl\":\"https:\/\/www.fiscalia.gov.co\/colombia\/wp-content\/uploads\/LogoHorizontal_1.jpg\",\"width\":300,\"height\":90,\"caption\":\"Fiscal\u00eda General de la Naci\u00f3n\"},\"image\":{\"@id\":\"https:\/\/www.fiscalia.gov.co\/colombia\/#\/schema\/logo\/image\/\"},\"sameAs\":[\"https:\/\/www.facebook.com\/FiscaliaCol\",\"https:\/\/x.com\/FiscaliaCol\",\"https:\/\/www.instagram.com\/fiscaliacol\",\"https:\/\/www.linkedin.com\/company\/fiscalia-general-de-la-naci-n\/\",\"https:\/\/youtube.com\/@fiscaliageneraldelanacion-4668?si=6nN79nyQICPU5iTh\"]},{\"@type\":\"Person\",\"@id\":\"https:\/\/www.fiscalia.gov.co\/colombia\/#\/schema\/person\/ba9eca435947489fb25117a0cd75bf3e\",\"name\":\"Johanna Islenny Prieto Pe\u00f1a\",\"image\":{\"@type\":\"ImageObject\",\"inLanguage\":\"es-CO\",\"@id\":\"https:\/\/www.fiscalia.gov.co\/colombia\/#\/schema\/person\/image\/\",\"url\":\"https:\/\/secure.gravatar.com\/avatar\/111433fc2acb037ffb768f6a3ca47864?s=96&d=mm&r=g\",\"contentUrl\":\"https:\/\/secure.gravatar.com\/avatar\/111433fc2acb037ffb768f6a3ca47864?s=96&d=mm&r=g\",\"caption\":\"Johanna Islenny Prieto Pe\u00f1a\"},\"url\":\"https:\/\/www.fiscalia.gov.co\/colombia\/author\/jprietop\/\"}]}<\/script>\n<!-- \/ Yoast SEO plugin. -->","yoast_head_json":{"title":"Fiscal\u00eda General de la Naci\u00f3n","description":"P\u00e1gina oficial de la Fiscal\u00eda General de la Naci\u00f3n \u2013 Colombia. Garantizamos el acceso efectivo a la justicia, la verdad y la reparaci\u00f3n de las v\u00edctimas de los delitos.","robots":{"index":"noindex","follow":"follow"},"og_locale":"es_ES","og_type":"article","og_title":"Fiscal\u00eda General de la Naci\u00f3n","og_description":"P\u00e1gina oficial de la Fiscal\u00eda General de la Naci\u00f3n \u2013 Colombia. Garantizamos el acceso efectivo a la justicia, la verdad y la reparaci\u00f3n de las v\u00edctimas de los delitos.","og_url":"https:\/\/www.fiscalia.gov.co\/colombia\/noticias\/asegurados-27-presuntos-integrantes-de-tres-estructuras-delictivas-por-microtrafico-en-comunas-de-cali\/","og_site_name":"Fiscal\u00eda General de la Naci\u00f3n","article_publisher":"https:\/\/www.facebook.com\/FiscaliaCol","article_published_time":"2024-03-27T16:09:47+00:00","article_modified_time":"2024-03-27T22:53:12+00:00","og_image":[{"url":"https:\/\/www.fiscalia.gov.co\/colombia\/wp-content\/uploads\/Foto-1.-Los-del-Principal-o-Tura.-Concierto-agravado-estupefacientes-homicidio-tentado-y-otros.-Cali-Valle-Luz-adriana-Camargo-Fiscal-Luz-Adriana-Camargo-300x169.jpg","type":"","width":"","height":""}],"author":"Johanna Islenny Prieto Pe\u00f1a","twitter_card":"summary_large_image","twitter_creator":"@FiscaliaCol","twitter_site":"@FiscaliaCol","twitter_misc":{"Escrito por":"Johanna Islenny Prieto Pe\u00f1a","Tiempo de lectura":"3 minutos"},"schema":{"@context":"https:\/\/schema.org","@graph":[{"@type":"Article","@id":"https:\/\/www.fiscalia.gov.co\/colombia\/noticias\/asegurados-27-presuntos-integrantes-de-tres-estructuras-delictivas-por-microtrafico-en-comunas-de-cali\/#article","isPartOf":{"@id":"https:\/\/www.fiscalia.gov.co\/colombia\/noticias\/asegurados-27-presuntos-integrantes-de-tres-estructuras-delictivas-por-microtrafico-en-comunas-de-cali\/"},"author":{"name":"Johanna Islenny Prieto Pe\u00f1a","@id":"https:\/\/www.fiscalia.gov.co\/colombia\/#\/schema\/person\/ba9eca435947489fb25117a0cd75bf3e"},"headline":"Asegurados 27 presuntos integrantes de tres estructuras delictivas por microtr\u00e1fico en comunas de Cali","datePublished":"2024-03-27T16:09:47+00:00","dateModified":"2024-03-27T22:53:12+00:00","mainEntityOfPage":{"@id":"https:\/\/www.fiscalia.gov.co\/colombia\/noticias\/asegurados-27-presuntos-integrantes-de-tres-estructuras-delictivas-por-microtrafico-en-comunas-de-cali\/"},"wordCount":586,"publisher":{"@id":"https:\/\/www.fiscalia.gov.co\/colombia\/#organization"},"image":{"@id":"https:\/\/www.fiscalia.gov.co\/colombia\/noticias\/asegurados-27-presuntos-integrantes-de-tres-estructuras-delictivas-por-microtrafico-en-comunas-de-cali\/#primaryimage"},"thumbnailUrl":"https:\/\/www.fiscalia.gov.co\/colombia\/wp-content\/uploads\/Foto-1.-Los-del-Principal-o-Tura.-Concierto-agravado-estupefacientes-homicidio-tentado-y-otros.-Cali-Valle-Luz-adriana-Camargo-Fiscal-Luz-Adriana-Camargo-300x169.jpg","keywords":["centros carcelarios","concierto para delinquir agravado;\u00a0fabricaci\u00f3n","Fiscal General de la Naci\u00f3n","Fiscal Luz Adriana Camargo","Fiscal\u00eda Colombia","Flagrancia","Hechiceros","judicializados.","Los De La 70","Los del Principal o Tura","Medida de aseguramiento","orden judicial","Seccional Cali","tr\u00e1fico o porte de estupefacientes; homicidio agravado tentado; fabricaci\u00f3n tr\u00e1fico o porte de armas de fuego; uso de menores para la comisi\u00f3n de delitos; capturados"],"articleSection":["Noticias","Seguridad territorial"],"inLanguage":"es-CO"},{"@type":"WebPage","@id":"https:\/\/www.fiscalia.gov.co\/colombia\/noticias\/asegurados-27-presuntos-integrantes-de-tres-estructuras-delictivas-por-microtrafico-en-comunas-de-cali\/","url":"https:\/\/www.fiscalia.gov.co\/colombia\/noticias\/asegurados-27-presuntos-integrantes-de-tres-estructuras-delictivas-por-microtrafico-en-comunas-de-cali\/","name":"Fiscal\u00eda General de la Naci\u00f3n","isPartOf":{"@id":"https:\/\/www.fiscalia.gov.co\/colombia\/#website"},"primaryImageOfPage":{"@id":"https:\/\/www.fiscalia.gov.co\/colombia\/noticias\/asegurados-27-presuntos-integrantes-de-tres-estructuras-delictivas-por-microtrafico-en-comunas-de-cali\/#primaryimage"},"image":{"@id":"https:\/\/www.fiscalia.gov.co\/colombia\/noticias\/asegurados-27-presuntos-integrantes-de-tres-estructuras-delictivas-por-microtrafico-en-comunas-de-cali\/#primaryimage"},"thumbnailUrl":"https:\/\/www.fiscalia.gov.co\/colombia\/wp-content\/uploads\/Foto-1.-Los-del-Principal-o-Tura.-Concierto-agravado-estupefacientes-homicidio-tentado-y-otros.-Cali-Valle-Luz-adriana-Camargo-Fiscal-Luz-Adriana-Camargo-300x169.jpg","datePublished":"2024-03-27T16:09:47+00:00","dateModified":"2024-03-27T22:53:12+00:00","description":"P\u00e1gina oficial de la Fiscal\u00eda General de la Naci\u00f3n \u2013 Colombia. Garantizamos el acceso efectivo a la justicia, la verdad y la reparaci\u00f3n de las v\u00edctimas de los delitos.","breadcrumb":{"@id":"https:\/\/www.fiscalia.gov.co\/colombia\/noticias\/asegurados-27-presuntos-integrantes-de-tres-estructuras-delictivas-por-microtrafico-en-comunas-de-cali\/#breadcrumb"},"inLanguage":"es-CO","potentialAction":[{"@type":"ReadAction","target":["https:\/\/www.fiscalia.gov.co\/colombia\/noticias\/asegurados-27-presuntos-integrantes-de-tres-estructuras-delictivas-por-microtrafico-en-comunas-de-cali\/"]}]},{"@type":"ImageObject","inLanguage":"es-CO","@id":"https:\/\/www.fiscalia.gov.co\/colombia\/noticias\/asegurados-27-presuntos-integrantes-de-tres-estructuras-delictivas-por-microtrafico-en-comunas-de-cali\/#primaryimage","url":"https:\/\/www.fiscalia.gov.co\/colombia\/wp-content\/uploads\/Foto-1.-Los-del-Principal-o-Tura.-Concierto-agravado-estupefacientes-homicidio-tentado-y-otros.-Cali-Valle-Luz-adriana-Camargo-Fiscal-Luz-Adriana-Camargo.jpg","contentUrl":"https:\/\/www.fiscalia.gov.co\/colombia\/wp-content\/uploads\/Foto-1.-Los-del-Principal-o-Tura.-Concierto-agravado-estupefacientes-homicidio-tentado-y-otros.-Cali-Valle-Luz-adriana-Camargo-Fiscal-Luz-Adriana-Camargo.jpg","width":1600,"height":900,"caption":"Presuntos integrantes del grupo delincuencial Los del Principal o Tura, dedicado al microtr\u00e1fico y otros delitos en el barrio Llano Verde de Cali (Valle del Cauca)."},{"@type":"BreadcrumbList","@id":"https:\/\/www.fiscalia.gov.co\/colombia\/noticias\/asegurados-27-presuntos-integrantes-de-tres-estructuras-delictivas-por-microtrafico-en-comunas-de-cali\/#breadcrumb","itemListElement":[{"@type":"ListItem","position":1,"name":"Home","item":"https:\/\/www.fiscalia.gov.co\/colombia\/"},{"@type":"ListItem","position":2,"name":"Asegurados 27 presuntos integrantes de tres estructuras delictivas por microtr\u00e1fico en comunas de Cali"}]},{"@type":"WebSite","@id":"https:\/\/www.fiscalia.gov.co\/colombia\/#website","url":"https:\/\/www.fiscalia.gov.co\/colombia\/","name":"Fiscal\u00eda General de la Naci\u00f3n","description":"P\u00e1gina oficial de la Fiscal\u00eda General de la Naci\u00f3n \u2013 Colombia. Garantizamos el acceso efectivo a la justicia, la verdad y la reparaci\u00f3n de las v\u00edctimas de los delitos.","publisher":{"@id":"https:\/\/www.fiscalia.gov.co\/colombia\/#organization"},"potentialAction":[{"@type":"SearchAction","target":{"@type":"EntryPoint","urlTemplate":"https:\/\/www.fiscalia.gov.co\/colombia\/?s={search_term_string}"},"query-input":{"@type":"PropertyValueSpecification","valueRequired":true,"valueName":"search_term_string"}}],"inLanguage":"es-CO"},{"@type":"Organization","@id":"https:\/\/www.fiscalia.gov.co\/colombia\/#organization","name":"Fiscal\u00eda General de la Naci\u00f3n","url":"https:\/\/www.fiscalia.gov.co\/colombia\/","logo":{"@type":"ImageObject","inLanguage":"es-CO","@id":"https:\/\/www.fiscalia.gov.co\/colombia\/#\/schema\/logo\/image\/","url":"https:\/\/www.fiscalia.gov.co\/colombia\/wp-content\/uploads\/LogoHorizontal_1.jpg","contentUrl":"https:\/\/www.fiscalia.gov.co\/colombia\/wp-content\/uploads\/LogoHorizontal_1.jpg","width":300,"height":90,"caption":"Fiscal\u00eda General de la Naci\u00f3n"},"image":{"@id":"https:\/\/www.fiscalia.gov.co\/colombia\/#\/schema\/logo\/image\/"},"sameAs":["https:\/\/www.facebook.com\/FiscaliaCol","https:\/\/x.com\/FiscaliaCol","https:\/\/www.instagram.com\/fiscaliacol","https:\/\/www.linkedin.com\/company\/fiscalia-general-de-la-naci-n\/","https:\/\/youtube.com\/@fiscaliageneraldelanacion-4668?si=6nN79nyQICPU5iTh"]},{"@type":"Person","@id":"https:\/\/www.fiscalia.gov.co\/colombia\/#\/schema\/person\/ba9eca435947489fb25117a0cd75bf3e","name":"Johanna Islenny Prieto Pe\u00f1a","image":{"@type":"ImageObject","inLanguage":"es-CO","@id":"https:\/\/www.fiscalia.gov.co\/colombia\/#\/schema\/person\/image\/","url":"https:\/\/secure.gravatar.com\/avatar\/111433fc2acb037ffb768f6a3ca47864?s=96&d=mm&r=g","contentUrl":"https:\/\/secure.gravatar.com\/avatar\/111433fc2acb037ffb768f6a3ca47864?s=96&d=mm&r=g","caption":"Johanna Islenny Prieto Pe\u00f1a"},"url":"https:\/\/www.fiscalia.gov.co\/colombia\/author\/jprietop\/"}]}},"_links":{"self":[{"href":"https:\/\/www.fiscalia.gov.co\/colombia\/wp-json\/wp\/v2\/posts\/291876","targetHints":{"allow":["GET"]}}],"collection":[{"href":"https:\/\/www.fiscalia.gov.co\/colombia\/wp-json\/wp\/v2\/posts"}],"about":[{"href":"https:\/\/www.fiscalia.gov.co\/colombia\/wp-json\/wp\/v2\/types\/post"}],"author":[{"embeddable":true,"href":"https:\/\/www.fiscalia.gov.co\/colombia\/wp-json\/wp\/v2\/users\/181"}],"replies":[{"embeddable":true,"href":"https:\/\/www.fiscalia.gov.co\/colombia\/wp-json\/wp\/v2\/comments?post=291876"}],"version-history":[{"count":4,"href":"https:\/\/www.fiscalia.gov.co\/colombia\/wp-json\/wp\/v2\/posts\/291876\/revisions"}],"predecessor-version":[{"id":291900,"href":"https:\/\/www.fiscalia.gov.co\/colombia\/wp-json\/wp\/v2\/posts\/291876\/revisions\/291900"}],"wp:attachment":[{"href":"https:\/\/www.fiscalia.gov.co\/colombia\/wp-json\/wp\/v2\/media?parent=291876"}],"wp:term":[{"taxonomy":"category","embeddable":true,"href":"https:\/\/www.fiscalia.gov.co\/colombia\/wp-json\/wp\/v2\/categories?post=291876"},{"taxonomy":"post_tag","embeddable":true,"href":"https:\/\/www.fiscalia.gov.co\/colombia\/wp-json\/wp\/v2\/tags?post=291876"}],"curies":[{"name":"wp","href":"https:\/\/api.w.org\/{rel}","templated":true}]}}