{"id":291837,"date":"2024-03-26T14:38:04","date_gmt":"2024-03-26T19:38:04","guid":{"rendered":"https:\/\/www.fiscalia.gov.co\/colombia\/?p=291837"},"modified":"2024-03-26T14:38:04","modified_gmt":"2024-03-26T19:38:04","slug":"a-la-carcel-un-padre-de-familia-quien-al-parecer-sometia-a-vejamenes-sexuales-a-su-hija-menor-de-edad","status":"publish","type":"post","link":"https:\/\/www.fiscalia.gov.co\/colombia\/noticias\/a-la-carcel-un-padre-de-familia-quien-al-parecer-sometia-a-vejamenes-sexuales-a-su-hija-menor-de-edad\/","title":{"rendered":"A la c\u00e1rcel un padre de familia quien al parecer somet\u00eda a vej\u00e1menes sexuales a su hija menor de edad"},"content":{"rendered":"<h4><em><b>La Fiscal\u00eda le imput\u00f3 cargos por los delitos de <\/b><a href=\"http:\/\/www.fiscalia.gov.co\/colombia\/noticias\/enviado-a-prision-padrastro-senalado-de-acceso-carnal-violento-contra-las-hijas-menores-de-su-companera-sentimental\/\"><b>acceso carnal<\/b><\/a><b> abusivo con menor de 14 a\u00f1os agravado en concurso homog\u00e9neo y sucesivo.<\/b><\/em><\/h4>\n<p>Debido a la contundencia de las evidencias y el material probatorio recaudados por la Fiscal\u00eda, <a href=\"https:\/\/www.fiscalia.gov.co\/colombia\/noticias\/fiscalia-obtiene-condena-de-mas-de-12-anos-contra-hombre-que-mente-de-la-hija-de-su-pareja-sentimental-en-cartagena\/\" target=\"_blank\" rel=\"noopener\">un juez envi\u00f3 a la c\u00e1rcel a un hombre que habr\u00eda accedido carnalmente a su hija menor de edad en su propia residencia<\/a>, ubicada en una zona rural de Guachucal (Nari\u00f1o).<\/p>\n<p><strong>La madre de la v\u00edctima present\u00f3 la denuncia ante el ente investigador<\/strong>, en la que declar\u00f3 que su propio esposo abus\u00f3 sexualmente de su hija el 19 de agosto de 2019, cuando la v\u00edctima fue a visitarlo a su casa, ya que se encontraba bajo la custodia de ella en la casa de sus abuelos.<\/p>\n<figure id=\"attachment_291840\" aria-describedby=\"caption-attachment-291840\" style=\"width: 234px\" class=\"wp-caption alignright\"><img loading=\"lazy\" decoding=\"async\" class=\"size-medium wp-image-291840\" src=\"https:\/\/www.fiscalia.gov.co\/colombia\/wp-content\/uploads\/repitieron-acceso-carnal-Fiscalia-Colombia-Fiscal-General-de-la-Nacion-Fiscalia-de-Colombia-Fiscal-General-de-la-Nacion-Luz-Adriana-Camargo-Garzon-234x300.jpg\" alt=\"En la fotograf\u00eda aparece el capturado junto a un servidor del CTI y un agente de la Polic\u00eda Nacional. En la parte superior est\u00e1 un banner de la Fiscal\u00eda General de la Naci\u00f3n\" width=\"234\" height=\"300\" srcset=\"https:\/\/www.fiscalia.gov.co\/colombia\/wp-content\/uploads\/repitieron-acceso-carnal-Fiscalia-Colombia-Fiscal-General-de-la-Nacion-Fiscalia-de-Colombia-Fiscal-General-de-la-Nacion-Luz-Adriana-Camargo-Garzon-234x300.jpg 234w, https:\/\/www.fiscalia.gov.co\/colombia\/wp-content\/uploads\/repitieron-acceso-carnal-Fiscalia-Colombia-Fiscal-General-de-la-Nacion-Fiscalia-de-Colombia-Fiscal-General-de-la-Nacion-Luz-Adriana-Camargo-Garzon-328x420.jpg 328w, https:\/\/www.fiscalia.gov.co\/colombia\/wp-content\/uploads\/repitieron-acceso-carnal-Fiscalia-Colombia-Fiscal-General-de-la-Nacion-Fiscalia-de-Colombia-Fiscal-General-de-la-Nacion-Luz-Adriana-Camargo-Garzon.jpg 563w\" sizes=\"auto, (max-width: 234px) 100vw, 234px\" \/><figcaption id=\"caption-attachment-291840\" class=\"wp-caption-text\">la Fiscal\u00eda le imput\u00f3 cargos por los delitos de acceso carnal abusivo con menor de 14 a\u00f1os agravado en concurso homog\u00e9neo y sucesivo.<\/figcaption><\/figure>\n<p><strong>Dentro del proceso se logr\u00f3 establecer que la menor, quien para la fecha de los hechos ten\u00eda 10 a\u00f1os, al parecer fue abusada sexualmente se en otras dos oportunidades m\u00e1s en 2019<\/strong>, cuando mediante amenazas de muerte el hombre la habr\u00eda obligado a encontrarse con \u00e9l en su casa asegur\u00e1ndole que si no iba matar\u00eda a su madre y a los abuelos.<\/p>\n<p>Funcionarios del CTI, junto con agentes de vigilancia de la Polic\u00eda Nacional, lograron capturar al hombre cuando se desplazaba por el barrio Caldas de Guachucal, cumpliendo una orden emitida por un juez penal promiscuo de esa poblaci\u00f3n.<\/p>\n<p>Durante las audiencias concentradas la Fiscal\u00eda le imput\u00f3 cargos por los delitos de <a href=\"http:\/\/www.fiscalia.gov.co\/colombia\/noticias\/enviado-a-prision-padrastro-senalado-de-acceso-carnal-violento-contra-las-hijas-menores-de-su-companera-sentimental\/\">acceso carnal<\/a> abusivo con menor de 14 a\u00f1os agravado, en concurso homog\u00e9neo y sucesivo.<\/p>\n<p>&nbsp;<\/p>\n<p>Le puede interesar: <a href=\"https:\/\/www.fiscalia.gov.co\/colombia\/noticias\/abuelastro-fue-condenado-a-21-anos-de-prision-por-acceso-carnal-y-actos-sexuales-abusivos\/\">Abuelastro fue condenado a 21 a\u00f1os de prisi\u00f3n por acceso carnal y actos sexuales abusivos<\/a><\/p>\n<p>JGPV\/CFG\/FAGH\/JPGG\/DSN<\/p>\n<p>&nbsp;<\/p>\n<p>&nbsp;<\/p>\n<p><em>La informaci\u00f3n contenida en este bolet\u00edn de prensa corresponde a la narraci\u00f3n de los hechos noticiosos objetivos, suministrados por los funcionarios encargados de adelantar las investigaciones penales al interior de la Fiscal\u00eda General de la Naci\u00f3n. Para el momento de la divulgaci\u00f3n de este comunicado, la situaci\u00f3n jur\u00eddica de la(s) persona(s) relacionada(s) se encuentra pendiente de resolver por la autoridad judicial competente, siempre bajo los preceptos de la presunci\u00f3n de inocencia, consagrados en el art\u00edculo 29 de la Constituci\u00f3n Pol\u00edtica y el art\u00edculo 7\u00ba de la Ley 906 de 2004.<\/em><\/p>\n<p>&nbsp;<\/p>\n\n<div class=\"twitter-share\"><a href=\"https:\/\/twitter.com\/intent\/tweet?via=fiscaliacol\" class=\"twitter-share-button\">Tweet<\/a><\/div>\n","protected":false},"excerpt":{"rendered":"<p>La Fiscal\u00eda le imput\u00f3 cargos por los delitos de acceso carnal abusivo con menor de 14 a\u00f1os agravado en concurso homog\u00e9neo y sucesivo. Debido a la contundencia de las evidencias y el material probatorio recaudados por la Fiscal\u00eda, un juez envi\u00f3 a la c\u00e1rcel a un hombre que habr\u00eda accedido carnalmente a su hija menor [&hellip;]<\/p>\n","protected":false},"author":181,"featured_media":0,"comment_status":"closed","ping_status":"open","sticky":false,"template":"","format":"standard","meta":{"_price":"","_stock":"","_tribe_ticket_header":"","_tribe_default_ticket_provider":"","_tribe_ticket_capacity":"0","_ticket_start_date":"","_ticket_end_date":"","_tribe_ticket_show_description":"","_tribe_ticket_show_not_going":false,"_tribe_ticket_use_global_stock":"","_tribe_ticket_global_stock_level":"","_global_stock_mode":"","_global_stock_cap":"","_tribe_rsvp_for_event":"","_tribe_ticket_going_count":"","_tribe_ticket_not_going_count":"","_tribe_tickets_list":"[]","_tribe_ticket_has_attendee_info_fields":false,"tdm_status":"","tdm_grid_status":"","footnotes":""},"categories":[1,24127],"tags":[366,78,24187,24481,37500,37501],"class_list":{"0":"post-291837","1":"post","2":"type-post","3":"status-publish","4":"format-standard","6":"category-noticias","7":"category-violencia-sexual-e-intrafamiliar","8":"tag-acceso-carnal","9":"tag-fiscal-general-de-la-nacion","10":"tag-fiscalia-colombia","11":"tag-fiscalia-de-colombia","12":"tag-luz-adriana-camargo-garzon","13":"tag-repitieron"},"yoast_head":"<!-- This site is optimized with the Yoast SEO plugin v24.3 - https:\/\/yoast.com\/wordpress\/plugins\/seo\/ -->\n<title>Fiscal\u00eda General de la Naci\u00f3n<\/title>\n<meta name=\"description\" content=\"P\u00e1gina oficial de la Fiscal\u00eda General de la Naci\u00f3n \u2013 Colombia. Garantizamos el acceso efectivo a la justicia, la verdad y la reparaci\u00f3n de las v\u00edctimas de los delitos.\" \/>\n<meta name=\"robots\" content=\"noindex, follow\" \/>\n<meta property=\"og:locale\" content=\"es_ES\" \/>\n<meta property=\"og:type\" content=\"article\" \/>\n<meta property=\"og:title\" content=\"Fiscal\u00eda General de la Naci\u00f3n\" \/>\n<meta property=\"og:description\" content=\"P\u00e1gina oficial de la Fiscal\u00eda General de la Naci\u00f3n \u2013 Colombia. Garantizamos el acceso efectivo a la justicia, la verdad y la reparaci\u00f3n de las v\u00edctimas de los delitos.\" \/>\n<meta property=\"og:url\" content=\"https:\/\/www.fiscalia.gov.co\/colombia\/noticias\/a-la-carcel-un-padre-de-familia-quien-al-parecer-sometia-a-vejamenes-sexuales-a-su-hija-menor-de-edad\/\" \/>\n<meta property=\"og:site_name\" content=\"Fiscal\u00eda General de la Naci\u00f3n\" \/>\n<meta property=\"article:publisher\" content=\"https:\/\/www.facebook.com\/FiscaliaCol\" \/>\n<meta property=\"article:published_time\" content=\"2024-03-26T19:38:04+00:00\" \/>\n<meta property=\"og:image\" content=\"https:\/\/www.fiscalia.gov.co\/colombia\/wp-content\/uploads\/repitieron-acceso-carnal-Fiscalia-Colombia-Fiscal-General-de-la-Nacion-Fiscalia-de-Colombia-Fiscal-General-de-la-Nacion-Luz-Adriana-Camargo-Garzon-234x300.jpg\" \/>\n<meta name=\"author\" content=\"Johanna Islenny Prieto Pe\u00f1a\" \/>\n<meta name=\"twitter:card\" content=\"summary_large_image\" \/>\n<meta name=\"twitter:creator\" content=\"@FiscaliaCol\" \/>\n<meta name=\"twitter:site\" content=\"@FiscaliaCol\" \/>\n<meta name=\"twitter:label1\" content=\"Escrito por\" \/>\n\t<meta name=\"twitter:data1\" content=\"Johanna Islenny Prieto Pe\u00f1a\" \/>\n\t<meta name=\"twitter:label2\" content=\"Tiempo de lectura\" \/>\n\t<meta name=\"twitter:data2\" content=\"2 minutos\" \/>\n<script type=\"application\/ld+json\" class=\"yoast-schema-graph\">{\"@context\":\"https:\/\/schema.org\",\"@graph\":[{\"@type\":\"Article\",\"@id\":\"https:\/\/www.fiscalia.gov.co\/colombia\/noticias\/a-la-carcel-un-padre-de-familia-quien-al-parecer-sometia-a-vejamenes-sexuales-a-su-hija-menor-de-edad\/#article\",\"isPartOf\":{\"@id\":\"https:\/\/www.fiscalia.gov.co\/colombia\/noticias\/a-la-carcel-un-padre-de-familia-quien-al-parecer-sometia-a-vejamenes-sexuales-a-su-hija-menor-de-edad\/\"},\"author\":{\"name\":\"Johanna Islenny Prieto Pe\u00f1a\",\"@id\":\"https:\/\/www.fiscalia.gov.co\/colombia\/#\/schema\/person\/ba9eca435947489fb25117a0cd75bf3e\"},\"headline\":\"A la c\u00e1rcel un padre de familia quien al parecer somet\u00eda a vej\u00e1menes sexuales a su hija menor de edad\",\"datePublished\":\"2024-03-26T19:38:04+00:00\",\"dateModified\":\"2024-03-26T19:38:04+00:00\",\"mainEntityOfPage\":{\"@id\":\"https:\/\/www.fiscalia.gov.co\/colombia\/noticias\/a-la-carcel-un-padre-de-familia-quien-al-parecer-sometia-a-vejamenes-sexuales-a-su-hija-menor-de-edad\/\"},\"wordCount\":449,\"publisher\":{\"@id\":\"https:\/\/www.fiscalia.gov.co\/colombia\/#organization\"},\"image\":{\"@id\":\"https:\/\/www.fiscalia.gov.co\/colombia\/noticias\/a-la-carcel-un-padre-de-familia-quien-al-parecer-sometia-a-vejamenes-sexuales-a-su-hija-menor-de-edad\/#primaryimage\"},\"thumbnailUrl\":\"https:\/\/www.fiscalia.gov.co\/colombia\/wp-content\/uploads\/repitieron-acceso-carnal-Fiscalia-Colombia-Fiscal-General-de-la-Nacion-Fiscalia-de-Colombia-Fiscal-General-de-la-Nacion-Luz-Adriana-Camargo-Garzon-234x300.jpg\",\"keywords\":[\"Acceso carnal\",\"Fiscal General de la Naci\u00f3n\",\"Fiscal\u00eda Colombia\",\"Fiscal\u00eda de Colombia\",\"Luz Adriana Camargo Garz\u00f3n\",\"repitieron\"],\"articleSection\":[\"Noticias\",\"Violencia sexual e intrafamiliar\"],\"inLanguage\":\"es-CO\"},{\"@type\":\"WebPage\",\"@id\":\"https:\/\/www.fiscalia.gov.co\/colombia\/noticias\/a-la-carcel-un-padre-de-familia-quien-al-parecer-sometia-a-vejamenes-sexuales-a-su-hija-menor-de-edad\/\",\"url\":\"https:\/\/www.fiscalia.gov.co\/colombia\/noticias\/a-la-carcel-un-padre-de-familia-quien-al-parecer-sometia-a-vejamenes-sexuales-a-su-hija-menor-de-edad\/\",\"name\":\"Fiscal\u00eda General de la Naci\u00f3n\",\"isPartOf\":{\"@id\":\"https:\/\/www.fiscalia.gov.co\/colombia\/#website\"},\"primaryImageOfPage\":{\"@id\":\"https:\/\/www.fiscalia.gov.co\/colombia\/noticias\/a-la-carcel-un-padre-de-familia-quien-al-parecer-sometia-a-vejamenes-sexuales-a-su-hija-menor-de-edad\/#primaryimage\"},\"image\":{\"@id\":\"https:\/\/www.fiscalia.gov.co\/colombia\/noticias\/a-la-carcel-un-padre-de-familia-quien-al-parecer-sometia-a-vejamenes-sexuales-a-su-hija-menor-de-edad\/#primaryimage\"},\"thumbnailUrl\":\"https:\/\/www.fiscalia.gov.co\/colombia\/wp-content\/uploads\/repitieron-acceso-carnal-Fiscalia-Colombia-Fiscal-General-de-la-Nacion-Fiscalia-de-Colombia-Fiscal-General-de-la-Nacion-Luz-Adriana-Camargo-Garzon-234x300.jpg\",\"datePublished\":\"2024-03-26T19:38:04+00:00\",\"dateModified\":\"2024-03-26T19:38:04+00:00\",\"description\":\"P\u00e1gina oficial de la Fiscal\u00eda General de la Naci\u00f3n \u2013 Colombia. Garantizamos el acceso efectivo a la justicia, la verdad y la reparaci\u00f3n de las v\u00edctimas de los delitos.\",\"breadcrumb\":{\"@id\":\"https:\/\/www.fiscalia.gov.co\/colombia\/noticias\/a-la-carcel-un-padre-de-familia-quien-al-parecer-sometia-a-vejamenes-sexuales-a-su-hija-menor-de-edad\/#breadcrumb\"},\"inLanguage\":\"es-CO\",\"potentialAction\":[{\"@type\":\"ReadAction\",\"target\":[\"https:\/\/www.fiscalia.gov.co\/colombia\/noticias\/a-la-carcel-un-padre-de-familia-quien-al-parecer-sometia-a-vejamenes-sexuales-a-su-hija-menor-de-edad\/\"]}]},{\"@type\":\"ImageObject\",\"inLanguage\":\"es-CO\",\"@id\":\"https:\/\/www.fiscalia.gov.co\/colombia\/noticias\/a-la-carcel-un-padre-de-familia-quien-al-parecer-sometia-a-vejamenes-sexuales-a-su-hija-menor-de-edad\/#primaryimage\",\"url\":\"https:\/\/www.fiscalia.gov.co\/colombia\/wp-content\/uploads\/repitieron-acceso-carnal-Fiscalia-Colombia-Fiscal-General-de-la-Nacion-Fiscalia-de-Colombia-Fiscal-General-de-la-Nacion-Luz-Adriana-Camargo-Garzon.jpg\",\"contentUrl\":\"https:\/\/www.fiscalia.gov.co\/colombia\/wp-content\/uploads\/repitieron-acceso-carnal-Fiscalia-Colombia-Fiscal-General-de-la-Nacion-Fiscalia-de-Colombia-Fiscal-General-de-la-Nacion-Luz-Adriana-Camargo-Garzon.jpg\",\"width\":563,\"height\":722,\"caption\":\"la Fiscal\u00eda le imput\u00f3 cargos por los delitos de acceso carnal abusivo con menor de 14 a\u00f1os agravado en concurso homog\u00e9neo y sucesivo.\"},{\"@type\":\"BreadcrumbList\",\"@id\":\"https:\/\/www.fiscalia.gov.co\/colombia\/noticias\/a-la-carcel-un-padre-de-familia-quien-al-parecer-sometia-a-vejamenes-sexuales-a-su-hija-menor-de-edad\/#breadcrumb\",\"itemListElement\":[{\"@type\":\"ListItem\",\"position\":1,\"name\":\"Home\",\"item\":\"https:\/\/www.fiscalia.gov.co\/colombia\/\"},{\"@type\":\"ListItem\",\"position\":2,\"name\":\"A la c\u00e1rcel un padre de familia quien al parecer somet\u00eda a vej\u00e1menes sexuales a su hija menor de edad\"}]},{\"@type\":\"WebSite\",\"@id\":\"https:\/\/www.fiscalia.gov.co\/colombia\/#website\",\"url\":\"https:\/\/www.fiscalia.gov.co\/colombia\/\",\"name\":\"Fiscal\u00eda General de la Naci\u00f3n\",\"description\":\"P\u00e1gina oficial de la Fiscal\u00eda General de la Naci\u00f3n \u2013 Colombia. Garantizamos el acceso efectivo a la justicia, la verdad y la reparaci\u00f3n de las v\u00edctimas de los delitos.\",\"publisher\":{\"@id\":\"https:\/\/www.fiscalia.gov.co\/colombia\/#organization\"},\"potentialAction\":[{\"@type\":\"SearchAction\",\"target\":{\"@type\":\"EntryPoint\",\"urlTemplate\":\"https:\/\/www.fiscalia.gov.co\/colombia\/?s={search_term_string}\"},\"query-input\":{\"@type\":\"PropertyValueSpecification\",\"valueRequired\":true,\"valueName\":\"search_term_string\"}}],\"inLanguage\":\"es-CO\"},{\"@type\":\"Organization\",\"@id\":\"https:\/\/www.fiscalia.gov.co\/colombia\/#organization\",\"name\":\"Fiscal\u00eda General de la Naci\u00f3n\",\"url\":\"https:\/\/www.fiscalia.gov.co\/colombia\/\",\"logo\":{\"@type\":\"ImageObject\",\"inLanguage\":\"es-CO\",\"@id\":\"https:\/\/www.fiscalia.gov.co\/colombia\/#\/schema\/logo\/image\/\",\"url\":\"https:\/\/www.fiscalia.gov.co\/colombia\/wp-content\/uploads\/LogoHorizontal_1.jpg\",\"contentUrl\":\"https:\/\/www.fiscalia.gov.co\/colombia\/wp-content\/uploads\/LogoHorizontal_1.jpg\",\"width\":300,\"height\":90,\"caption\":\"Fiscal\u00eda General de la Naci\u00f3n\"},\"image\":{\"@id\":\"https:\/\/www.fiscalia.gov.co\/colombia\/#\/schema\/logo\/image\/\"},\"sameAs\":[\"https:\/\/www.facebook.com\/FiscaliaCol\",\"https:\/\/x.com\/FiscaliaCol\",\"https:\/\/www.instagram.com\/fiscaliacol\",\"https:\/\/www.linkedin.com\/company\/fiscalia-general-de-la-naci-n\/\",\"https:\/\/youtube.com\/@fiscaliageneraldelanacion-4668?si=6nN79nyQICPU5iTh\"]},{\"@type\":\"Person\",\"@id\":\"https:\/\/www.fiscalia.gov.co\/colombia\/#\/schema\/person\/ba9eca435947489fb25117a0cd75bf3e\",\"name\":\"Johanna Islenny Prieto Pe\u00f1a\",\"image\":{\"@type\":\"ImageObject\",\"inLanguage\":\"es-CO\",\"@id\":\"https:\/\/www.fiscalia.gov.co\/colombia\/#\/schema\/person\/image\/\",\"url\":\"https:\/\/secure.gravatar.com\/avatar\/111433fc2acb037ffb768f6a3ca47864?s=96&d=mm&r=g\",\"contentUrl\":\"https:\/\/secure.gravatar.com\/avatar\/111433fc2acb037ffb768f6a3ca47864?s=96&d=mm&r=g\",\"caption\":\"Johanna Islenny Prieto Pe\u00f1a\"},\"url\":\"https:\/\/www.fiscalia.gov.co\/colombia\/author\/jprietop\/\"}]}<\/script>\n<!-- \/ Yoast SEO plugin. -->","yoast_head_json":{"title":"Fiscal\u00eda General de la Naci\u00f3n","description":"P\u00e1gina oficial de la Fiscal\u00eda General de la Naci\u00f3n \u2013 Colombia. Garantizamos el acceso efectivo a la justicia, la verdad y la reparaci\u00f3n de las v\u00edctimas de los delitos.","robots":{"index":"noindex","follow":"follow"},"og_locale":"es_ES","og_type":"article","og_title":"Fiscal\u00eda General de la Naci\u00f3n","og_description":"P\u00e1gina oficial de la Fiscal\u00eda General de la Naci\u00f3n \u2013 Colombia. Garantizamos el acceso efectivo a la justicia, la verdad y la reparaci\u00f3n de las v\u00edctimas de los delitos.","og_url":"https:\/\/www.fiscalia.gov.co\/colombia\/noticias\/a-la-carcel-un-padre-de-familia-quien-al-parecer-sometia-a-vejamenes-sexuales-a-su-hija-menor-de-edad\/","og_site_name":"Fiscal\u00eda General de la Naci\u00f3n","article_publisher":"https:\/\/www.facebook.com\/FiscaliaCol","article_published_time":"2024-03-26T19:38:04+00:00","og_image":[{"url":"https:\/\/www.fiscalia.gov.co\/colombia\/wp-content\/uploads\/repitieron-acceso-carnal-Fiscalia-Colombia-Fiscal-General-de-la-Nacion-Fiscalia-de-Colombia-Fiscal-General-de-la-Nacion-Luz-Adriana-Camargo-Garzon-234x300.jpg","type":"","width":"","height":""}],"author":"Johanna Islenny Prieto Pe\u00f1a","twitter_card":"summary_large_image","twitter_creator":"@FiscaliaCol","twitter_site":"@FiscaliaCol","twitter_misc":{"Escrito por":"Johanna Islenny Prieto Pe\u00f1a","Tiempo de lectura":"2 minutos"},"schema":{"@context":"https:\/\/schema.org","@graph":[{"@type":"Article","@id":"https:\/\/www.fiscalia.gov.co\/colombia\/noticias\/a-la-carcel-un-padre-de-familia-quien-al-parecer-sometia-a-vejamenes-sexuales-a-su-hija-menor-de-edad\/#article","isPartOf":{"@id":"https:\/\/www.fiscalia.gov.co\/colombia\/noticias\/a-la-carcel-un-padre-de-familia-quien-al-parecer-sometia-a-vejamenes-sexuales-a-su-hija-menor-de-edad\/"},"author":{"name":"Johanna Islenny Prieto Pe\u00f1a","@id":"https:\/\/www.fiscalia.gov.co\/colombia\/#\/schema\/person\/ba9eca435947489fb25117a0cd75bf3e"},"headline":"A la c\u00e1rcel un padre de familia quien al parecer somet\u00eda a vej\u00e1menes sexuales a su hija menor de edad","datePublished":"2024-03-26T19:38:04+00:00","dateModified":"2024-03-26T19:38:04+00:00","mainEntityOfPage":{"@id":"https:\/\/www.fiscalia.gov.co\/colombia\/noticias\/a-la-carcel-un-padre-de-familia-quien-al-parecer-sometia-a-vejamenes-sexuales-a-su-hija-menor-de-edad\/"},"wordCount":449,"publisher":{"@id":"https:\/\/www.fiscalia.gov.co\/colombia\/#organization"},"image":{"@id":"https:\/\/www.fiscalia.gov.co\/colombia\/noticias\/a-la-carcel-un-padre-de-familia-quien-al-parecer-sometia-a-vejamenes-sexuales-a-su-hija-menor-de-edad\/#primaryimage"},"thumbnailUrl":"https:\/\/www.fiscalia.gov.co\/colombia\/wp-content\/uploads\/repitieron-acceso-carnal-Fiscalia-Colombia-Fiscal-General-de-la-Nacion-Fiscalia-de-Colombia-Fiscal-General-de-la-Nacion-Luz-Adriana-Camargo-Garzon-234x300.jpg","keywords":["Acceso carnal","Fiscal General de la Naci\u00f3n","Fiscal\u00eda Colombia","Fiscal\u00eda de Colombia","Luz Adriana Camargo Garz\u00f3n","repitieron"],"articleSection":["Noticias","Violencia sexual e intrafamiliar"],"inLanguage":"es-CO"},{"@type":"WebPage","@id":"https:\/\/www.fiscalia.gov.co\/colombia\/noticias\/a-la-carcel-un-padre-de-familia-quien-al-parecer-sometia-a-vejamenes-sexuales-a-su-hija-menor-de-edad\/","url":"https:\/\/www.fiscalia.gov.co\/colombia\/noticias\/a-la-carcel-un-padre-de-familia-quien-al-parecer-sometia-a-vejamenes-sexuales-a-su-hija-menor-de-edad\/","name":"Fiscal\u00eda General de la Naci\u00f3n","isPartOf":{"@id":"https:\/\/www.fiscalia.gov.co\/colombia\/#website"},"primaryImageOfPage":{"@id":"https:\/\/www.fiscalia.gov.co\/colombia\/noticias\/a-la-carcel-un-padre-de-familia-quien-al-parecer-sometia-a-vejamenes-sexuales-a-su-hija-menor-de-edad\/#primaryimage"},"image":{"@id":"https:\/\/www.fiscalia.gov.co\/colombia\/noticias\/a-la-carcel-un-padre-de-familia-quien-al-parecer-sometia-a-vejamenes-sexuales-a-su-hija-menor-de-edad\/#primaryimage"},"thumbnailUrl":"https:\/\/www.fiscalia.gov.co\/colombia\/wp-content\/uploads\/repitieron-acceso-carnal-Fiscalia-Colombia-Fiscal-General-de-la-Nacion-Fiscalia-de-Colombia-Fiscal-General-de-la-Nacion-Luz-Adriana-Camargo-Garzon-234x300.jpg","datePublished":"2024-03-26T19:38:04+00:00","dateModified":"2024-03-26T19:38:04+00:00","description":"P\u00e1gina oficial de la Fiscal\u00eda General de la Naci\u00f3n \u2013 Colombia. Garantizamos el acceso efectivo a la justicia, la verdad y la reparaci\u00f3n de las v\u00edctimas de los delitos.","breadcrumb":{"@id":"https:\/\/www.fiscalia.gov.co\/colombia\/noticias\/a-la-carcel-un-padre-de-familia-quien-al-parecer-sometia-a-vejamenes-sexuales-a-su-hija-menor-de-edad\/#breadcrumb"},"inLanguage":"es-CO","potentialAction":[{"@type":"ReadAction","target":["https:\/\/www.fiscalia.gov.co\/colombia\/noticias\/a-la-carcel-un-padre-de-familia-quien-al-parecer-sometia-a-vejamenes-sexuales-a-su-hija-menor-de-edad\/"]}]},{"@type":"ImageObject","inLanguage":"es-CO","@id":"https:\/\/www.fiscalia.gov.co\/colombia\/noticias\/a-la-carcel-un-padre-de-familia-quien-al-parecer-sometia-a-vejamenes-sexuales-a-su-hija-menor-de-edad\/#primaryimage","url":"https:\/\/www.fiscalia.gov.co\/colombia\/wp-content\/uploads\/repitieron-acceso-carnal-Fiscalia-Colombia-Fiscal-General-de-la-Nacion-Fiscalia-de-Colombia-Fiscal-General-de-la-Nacion-Luz-Adriana-Camargo-Garzon.jpg","contentUrl":"https:\/\/www.fiscalia.gov.co\/colombia\/wp-content\/uploads\/repitieron-acceso-carnal-Fiscalia-Colombia-Fiscal-General-de-la-Nacion-Fiscalia-de-Colombia-Fiscal-General-de-la-Nacion-Luz-Adriana-Camargo-Garzon.jpg","width":563,"height":722,"caption":"la Fiscal\u00eda le imput\u00f3 cargos por los delitos de acceso carnal abusivo con menor de 14 a\u00f1os agravado en concurso homog\u00e9neo y sucesivo."},{"@type":"BreadcrumbList","@id":"https:\/\/www.fiscalia.gov.co\/colombia\/noticias\/a-la-carcel-un-padre-de-familia-quien-al-parecer-sometia-a-vejamenes-sexuales-a-su-hija-menor-de-edad\/#breadcrumb","itemListElement":[{"@type":"ListItem","position":1,"name":"Home","item":"https:\/\/www.fiscalia.gov.co\/colombia\/"},{"@type":"ListItem","position":2,"name":"A la c\u00e1rcel un padre de familia quien al parecer somet\u00eda a vej\u00e1menes sexuales a su hija menor de edad"}]},{"@type":"WebSite","@id":"https:\/\/www.fiscalia.gov.co\/colombia\/#website","url":"https:\/\/www.fiscalia.gov.co\/colombia\/","name":"Fiscal\u00eda General de la Naci\u00f3n","description":"P\u00e1gina oficial de la Fiscal\u00eda General de la Naci\u00f3n \u2013 Colombia. Garantizamos el acceso efectivo a la justicia, la verdad y la reparaci\u00f3n de las v\u00edctimas de los delitos.","publisher":{"@id":"https:\/\/www.fiscalia.gov.co\/colombia\/#organization"},"potentialAction":[{"@type":"SearchAction","target":{"@type":"EntryPoint","urlTemplate":"https:\/\/www.fiscalia.gov.co\/colombia\/?s={search_term_string}"},"query-input":{"@type":"PropertyValueSpecification","valueRequired":true,"valueName":"search_term_string"}}],"inLanguage":"es-CO"},{"@type":"Organization","@id":"https:\/\/www.fiscalia.gov.co\/colombia\/#organization","name":"Fiscal\u00eda General de la Naci\u00f3n","url":"https:\/\/www.fiscalia.gov.co\/colombia\/","logo":{"@type":"ImageObject","inLanguage":"es-CO","@id":"https:\/\/www.fiscalia.gov.co\/colombia\/#\/schema\/logo\/image\/","url":"https:\/\/www.fiscalia.gov.co\/colombia\/wp-content\/uploads\/LogoHorizontal_1.jpg","contentUrl":"https:\/\/www.fiscalia.gov.co\/colombia\/wp-content\/uploads\/LogoHorizontal_1.jpg","width":300,"height":90,"caption":"Fiscal\u00eda General de la Naci\u00f3n"},"image":{"@id":"https:\/\/www.fiscalia.gov.co\/colombia\/#\/schema\/logo\/image\/"},"sameAs":["https:\/\/www.facebook.com\/FiscaliaCol","https:\/\/x.com\/FiscaliaCol","https:\/\/www.instagram.com\/fiscaliacol","https:\/\/www.linkedin.com\/company\/fiscalia-general-de-la-naci-n\/","https:\/\/youtube.com\/@fiscaliageneraldelanacion-4668?si=6nN79nyQICPU5iTh"]},{"@type":"Person","@id":"https:\/\/www.fiscalia.gov.co\/colombia\/#\/schema\/person\/ba9eca435947489fb25117a0cd75bf3e","name":"Johanna Islenny Prieto Pe\u00f1a","image":{"@type":"ImageObject","inLanguage":"es-CO","@id":"https:\/\/www.fiscalia.gov.co\/colombia\/#\/schema\/person\/image\/","url":"https:\/\/secure.gravatar.com\/avatar\/111433fc2acb037ffb768f6a3ca47864?s=96&d=mm&r=g","contentUrl":"https:\/\/secure.gravatar.com\/avatar\/111433fc2acb037ffb768f6a3ca47864?s=96&d=mm&r=g","caption":"Johanna Islenny Prieto Pe\u00f1a"},"url":"https:\/\/www.fiscalia.gov.co\/colombia\/author\/jprietop\/"}]}},"_links":{"self":[{"href":"https:\/\/www.fiscalia.gov.co\/colombia\/wp-json\/wp\/v2\/posts\/291837","targetHints":{"allow":["GET"]}}],"collection":[{"href":"https:\/\/www.fiscalia.gov.co\/colombia\/wp-json\/wp\/v2\/posts"}],"about":[{"href":"https:\/\/www.fiscalia.gov.co\/colombia\/wp-json\/wp\/v2\/types\/post"}],"author":[{"embeddable":true,"href":"https:\/\/www.fiscalia.gov.co\/colombia\/wp-json\/wp\/v2\/users\/181"}],"replies":[{"embeddable":true,"href":"https:\/\/www.fiscalia.gov.co\/colombia\/wp-json\/wp\/v2\/comments?post=291837"}],"version-history":[{"count":1,"href":"https:\/\/www.fiscalia.gov.co\/colombia\/wp-json\/wp\/v2\/posts\/291837\/revisions"}],"predecessor-version":[{"id":291841,"href":"https:\/\/www.fiscalia.gov.co\/colombia\/wp-json\/wp\/v2\/posts\/291837\/revisions\/291841"}],"wp:attachment":[{"href":"https:\/\/www.fiscalia.gov.co\/colombia\/wp-json\/wp\/v2\/media?parent=291837"}],"wp:term":[{"taxonomy":"category","embeddable":true,"href":"https:\/\/www.fiscalia.gov.co\/colombia\/wp-json\/wp\/v2\/categories?post=291837"},{"taxonomy":"post_tag","embeddable":true,"href":"https:\/\/www.fiscalia.gov.co\/colombia\/wp-json\/wp\/v2\/tags?post=291837"}],"curies":[{"name":"wp","href":"https:\/\/api.w.org\/{rel}","templated":true}]}}