{"id":291813,"date":"2024-03-26T11:39:47","date_gmt":"2024-03-26T16:39:47","guid":{"rendered":"https:\/\/www.fiscalia.gov.co\/colombia\/?p=291813"},"modified":"2024-03-26T11:48:26","modified_gmt":"2024-03-26T16:48:26","slug":"desarticulado-grupo-delincuencial-senalado-de-homicidios-en-villa-del-rosario-norte-de-santander","status":"publish","type":"post","link":"https:\/\/www.fiscalia.gov.co\/colombia\/noticias\/desarticulado-grupo-delincuencial-senalado-de-homicidios-en-villa-del-rosario-norte-de-santander\/","title":{"rendered":"Desarticulado grupo delincuencial se\u00f1alado de homicidios en Villa del Rosario (Norte de Santander)"},"content":{"rendered":"<h4><strong>La Fiscal\u00eda, en articulaci\u00f3n el CTI y de la Sijin, captur\u00f3 a 4 presuntos\u00a0integrantes del grupo delincuencia conocido como La Family, se\u00f1alado de perpetrar varios\u00a0<a href=\"https:\/\/www.fiscalia.gov.co\/colombia\/noticias\/a-la-carcel-presunto-responsable-de-un-homicidio-en-el-barrio-pueblo-nuevo-de-cucuta\/\" data-saferedirecturl=\"https:\/\/www.google.com\/url?q=https:\/\/www.fiscalia.gov.co\/colombia\/noticias\/a-la-carcel-presunto-responsable-de-un-homicidio-en-el-barrio-pueblo-nuevo-de-cucuta\/&amp;source=gmail&amp;ust=1711556414637000&amp;usg=AOvVaw3EV_s-Tt7NXPe32hdZkr2H\">homicidios<\/a>\u00a0entre febrero de 2021 y diciembre de 2023 en Villa del Rosario (Norte de Santander).<\/strong><\/h4>\n<p style=\"font-weight: 400;\">Se pudo establecer que se dedicaba adem\u00e1s al tr\u00e1fico de armas y de estupefacientes, teniendo como zona de injerencia el barrio La Esperanza y los asentamientos humanos Montevideo I y II de dicho municipio.<\/p>\n<p style=\"font-weight: 400;\"><strong>Entre los casos investigados se destacan dos homicidios ocurridos el 6 de mayo de 2023 y el 22 de mayo de 2023.<\/strong> As\u00ed como una tentativa de homicidio el 21 de diciembre de 2023 en el sector de Montevideo.<\/p>\n<figure id=\"attachment_291814\" aria-describedby=\"caption-attachment-291814\" style=\"width: 300px\" class=\"wp-caption aligncenter\"><img loading=\"lazy\" decoding=\"async\" class=\"size-medium wp-image-291814\" src=\"https:\/\/www.fiscalia.gov.co\/colombia\/wp-content\/uploads\/Investigacion-Fiscalia-seguridad-Policia-Nacional-carcel-fiscal-luz-adrina-camargo-300x225.jpg\" alt=\"Se visualiza a los capturados junto a un uniformado de la Polic\u00eda Nacional y un investigador del CTI. Detr\u00e1s los banners institucionales de la Polic\u00eda Nacional y Fiscal\u00eda General de la Naci\u00f3n\" width=\"300\" height=\"225\" srcset=\"https:\/\/www.fiscalia.gov.co\/colombia\/wp-content\/uploads\/Investigacion-Fiscalia-seguridad-Policia-Nacional-carcel-fiscal-luz-adrina-camargo-300x225.jpg 300w, https:\/\/www.fiscalia.gov.co\/colombia\/wp-content\/uploads\/Investigacion-Fiscalia-seguridad-Policia-Nacional-carcel-fiscal-luz-adrina-camargo-1024x768.jpg 1024w, https:\/\/www.fiscalia.gov.co\/colombia\/wp-content\/uploads\/Investigacion-Fiscalia-seguridad-Policia-Nacional-carcel-fiscal-luz-adrina-camargo-768x576.jpg 768w, https:\/\/www.fiscalia.gov.co\/colombia\/wp-content\/uploads\/Investigacion-Fiscalia-seguridad-Policia-Nacional-carcel-fiscal-luz-adrina-camargo-696x522.jpg 696w, https:\/\/www.fiscalia.gov.co\/colombia\/wp-content\/uploads\/Investigacion-Fiscalia-seguridad-Policia-Nacional-carcel-fiscal-luz-adrina-camargo-1068x801.jpg 1068w, https:\/\/www.fiscalia.gov.co\/colombia\/wp-content\/uploads\/Investigacion-Fiscalia-seguridad-Policia-Nacional-carcel-fiscal-luz-adrina-camargo-560x420.jpg 560w, https:\/\/www.fiscalia.gov.co\/colombia\/wp-content\/uploads\/Investigacion-Fiscalia-seguridad-Policia-Nacional-carcel-fiscal-luz-adrina-camargo-80x60.jpg 80w, https:\/\/www.fiscalia.gov.co\/colombia\/wp-content\/uploads\/Investigacion-Fiscalia-seguridad-Policia-Nacional-carcel-fiscal-luz-adrina-camargo-265x198.jpg 265w, https:\/\/www.fiscalia.gov.co\/colombia\/wp-content\/uploads\/Investigacion-Fiscalia-seguridad-Policia-Nacional-carcel-fiscal-luz-adrina-camargo.jpg 1280w\" sizes=\"auto, (max-width: 300px) 100vw, 300px\" \/><figcaption id=\"caption-attachment-291814\" class=\"wp-caption-text\">Judicializados por homicidio, concierto para delinquir y tr\u00e1fico de armas de fuego.<\/figcaption><\/figure>\n<p style=\"font-weight: 400;\">Los procesados fueron capturados este 21 de marzo en diligencias de allanamiento y registro adelantadas en los barrios Aniversario II y Cuberos Ni\u00f1o.<\/p>\n<p style=\"font-weight: 400;\"><strong>Se trata de Yenny Paola Jim\u00e9nez Berm\u00fadez, Javier Enrique Ortiz Fern\u00e1ndez, alias Caret\u00f3n,\u00a0 Kenny Jos\u00e9 Vera Parra y Alisa Maracucho.<\/strong><\/p>\n<p style=\"font-weight: 400;\">Juan Pablo Mart\u00ednez Combariza, por su parte, fue notificado de la medida pues se encuentran privado de la libertad por el delito de extorsi\u00f3n.<\/p>\n<p style=\"font-weight: 400;\">La Fiscal\u00eda los judicializado por su presunta responsabilidad en los delitos\u00a0de homicidio agravado, concierto para delinquir, fabricaci\u00f3n, tr\u00e1fico, porte de armas de fuego\u00a0y hurto calificado y agravado, de acuerdo con sus\u00a0<a href=\"https:\/\/www.fiscalia.gov.co\/colombia\/noticias\/a-la-carcel-dos-presuntos-responsables-de-homicidio-en-norte-de-santander\/\" data-saferedirecturl=\"https:\/\/www.google.com\/url?q=https:\/\/www.fiscalia.gov.co\/colombia\/noticias\/a-la-carcel-dos-presuntos-responsables-de-homicidio-en-norte-de-santander\/&amp;source=gmail&amp;ust=1711556414637000&amp;usg=AOvVaw1YkXlgh9cDqJBIXvnKYMA6\">responsabilidades individuales<\/a>.<\/p>\n<p style=\"font-weight: 400;\">Un juez los remiti\u00f3 a la C\u00e1rcel Modelo de C\u00facuta (Norte de Santander).<\/p>\n<p style=\"font-weight: 400;\">MPHA\/CFG\/AOG\/DSNS<\/p>\n<p>&nbsp;<\/p>\n<p>&nbsp;<\/p>\n<p><i>La informaci\u00f3n contenida en este bolet\u00edn de prensa corresponde a la narraci\u00f3n de los hechos noticiosos objetivos, suministrados por los funcionarios encargados de adelantar las investigaciones penales al interior de la Fiscal\u00eda General de la Naci\u00f3n. Para el momento de la divulgaci\u00f3n de este comunicado, la situaci\u00f3n jur\u00eddica de la(s) persona(s) relacionada(s) se encuentra pendiente de resolver por la autoridad judicial competente, siempre bajo los preceptos de la presunci\u00f3n de inocencia, consagrados en el art\u00edculo 29 de la Constituci\u00f3n Pol\u00edtica y el art\u00edculo 7\u00ba de la Ley 906 de 2004.<\/i><\/p>\n\n<div class=\"twitter-share\"><a href=\"https:\/\/twitter.com\/intent\/tweet?via=fiscaliacol\" class=\"twitter-share-button\">Tweet<\/a><\/div>\n","protected":false},"excerpt":{"rendered":"<p>La Fiscal\u00eda, en articulaci\u00f3n el CTI y de la Sijin, captur\u00f3 a 4 presuntos\u00a0integrantes del grupo delincuencia conocido como La Family, se\u00f1alado de perpetrar varios\u00a0homicidios\u00a0entre febrero de 2021 y diciembre de 2023 en Villa del Rosario (Norte de Santander). Se pudo establecer que se dedicaba adem\u00e1s al tr\u00e1fico de armas y de estupefacientes, teniendo como [&hellip;]<\/p>\n","protected":false},"author":181,"featured_media":0,"comment_status":"closed","ping_status":"open","sticky":false,"template":"","format":"standard","meta":{"tdm_status":"","tdm_grid_status":"","footnotes":""},"categories":[1,326,24099],"tags":[14550,37492,4614,17967,558,10084],"class_list":{"0":"post-291813","1":"post","2":"type-post","3":"status-publish","4":"format-standard","6":"category-noticias","7":"category-seccional-cucuta","8":"category-seguridad-territorial","9":"tag-carcel","10":"tag-fiscal-luz-adriana-camargo","11":"tag-fiscalia-2","12":"tag-investigacion","13":"tag-policia-nacional","14":"tag-seguridad"},"yoast_head":"<!-- This site is optimized with the Yoast SEO plugin v24.3 - https:\/\/yoast.com\/wordpress\/plugins\/seo\/ -->\n<title>Fiscal\u00eda General de la Naci\u00f3n<\/title>\n<meta name=\"description\" content=\"P\u00e1gina oficial de la Fiscal\u00eda General de la Naci\u00f3n \u2013 Colombia. Garantizamos el acceso efectivo a la justicia, la verdad y la reparaci\u00f3n de las v\u00edctimas de los delitos.\" \/>\n<meta name=\"robots\" content=\"noindex, follow\" \/>\n<meta property=\"og:locale\" content=\"es_ES\" \/>\n<meta property=\"og:type\" content=\"article\" \/>\n<meta property=\"og:title\" content=\"Fiscal\u00eda General de la Naci\u00f3n\" \/>\n<meta property=\"og:description\" content=\"P\u00e1gina oficial de la Fiscal\u00eda General de la Naci\u00f3n \u2013 Colombia. Garantizamos el acceso efectivo a la justicia, la verdad y la reparaci\u00f3n de las v\u00edctimas de los delitos.\" \/>\n<meta property=\"og:url\" content=\"https:\/\/www.fiscalia.gov.co\/colombia\/noticias\/desarticulado-grupo-delincuencial-senalado-de-homicidios-en-villa-del-rosario-norte-de-santander\/\" \/>\n<meta property=\"og:site_name\" content=\"Fiscal\u00eda General de la Naci\u00f3n\" \/>\n<meta property=\"article:publisher\" content=\"https:\/\/www.facebook.com\/FiscaliaCol\" \/>\n<meta property=\"article:published_time\" content=\"2024-03-26T16:39:47+00:00\" \/>\n<meta property=\"article:modified_time\" content=\"2024-03-26T16:48:26+00:00\" \/>\n<meta property=\"og:image\" content=\"https:\/\/www.fiscalia.gov.co\/colombia\/wp-content\/uploads\/Investigacion-Fiscalia-seguridad-Policia-Nacional-carcel-fiscal-luz-adrina-camargo-300x225.jpg\" \/>\n<meta name=\"author\" content=\"Johanna Islenny Prieto Pe\u00f1a\" \/>\n<meta name=\"twitter:card\" content=\"summary_large_image\" \/>\n<meta name=\"twitter:creator\" content=\"@FiscaliaCol\" \/>\n<meta name=\"twitter:site\" content=\"@FiscaliaCol\" \/>\n<meta name=\"twitter:label1\" content=\"Escrito por\" \/>\n\t<meta name=\"twitter:data1\" content=\"Johanna Islenny Prieto Pe\u00f1a\" \/>\n\t<meta name=\"twitter:label2\" content=\"Tiempo de lectura\" \/>\n\t<meta name=\"twitter:data2\" content=\"2 minutos\" \/>\n<script type=\"application\/ld+json\" class=\"yoast-schema-graph\">{\"@context\":\"https:\/\/schema.org\",\"@graph\":[{\"@type\":\"Article\",\"@id\":\"https:\/\/www.fiscalia.gov.co\/colombia\/noticias\/desarticulado-grupo-delincuencial-senalado-de-homicidios-en-villa-del-rosario-norte-de-santander\/#article\",\"isPartOf\":{\"@id\":\"https:\/\/www.fiscalia.gov.co\/colombia\/noticias\/desarticulado-grupo-delincuencial-senalado-de-homicidios-en-villa-del-rosario-norte-de-santander\/\"},\"author\":{\"name\":\"Johanna Islenny Prieto Pe\u00f1a\",\"@id\":\"https:\/\/www.fiscalia.gov.co\/colombia\/#\/schema\/person\/ba9eca435947489fb25117a0cd75bf3e\"},\"headline\":\"Desarticulado grupo delincuencial se\u00f1alado de homicidios en Villa del Rosario (Norte de Santander)\",\"datePublished\":\"2024-03-26T16:39:47+00:00\",\"dateModified\":\"2024-03-26T16:48:26+00:00\",\"mainEntityOfPage\":{\"@id\":\"https:\/\/www.fiscalia.gov.co\/colombia\/noticias\/desarticulado-grupo-delincuencial-senalado-de-homicidios-en-villa-del-rosario-norte-de-santander\/\"},\"wordCount\":379,\"publisher\":{\"@id\":\"https:\/\/www.fiscalia.gov.co\/colombia\/#organization\"},\"image\":{\"@id\":\"https:\/\/www.fiscalia.gov.co\/colombia\/noticias\/desarticulado-grupo-delincuencial-senalado-de-homicidios-en-villa-del-rosario-norte-de-santander\/#primaryimage\"},\"thumbnailUrl\":\"https:\/\/www.fiscalia.gov.co\/colombia\/wp-content\/uploads\/Investigacion-Fiscalia-seguridad-Policia-Nacional-carcel-fiscal-luz-adrina-camargo-300x225.jpg\",\"keywords\":[\"C\u00e1rcel\",\"Fiscal Luz Adriana Camargo\",\"Fiscal\u00eda\",\"Investigaci\u00f3n\",\"Polic\u00eda Nacional\",\"Seguridad\"],\"articleSection\":[\"Noticias\",\"Seccional C\u00facuta\",\"Seguridad territorial\"],\"inLanguage\":\"es-CO\"},{\"@type\":\"WebPage\",\"@id\":\"https:\/\/www.fiscalia.gov.co\/colombia\/noticias\/desarticulado-grupo-delincuencial-senalado-de-homicidios-en-villa-del-rosario-norte-de-santander\/\",\"url\":\"https:\/\/www.fiscalia.gov.co\/colombia\/noticias\/desarticulado-grupo-delincuencial-senalado-de-homicidios-en-villa-del-rosario-norte-de-santander\/\",\"name\":\"Fiscal\u00eda General de la Naci\u00f3n\",\"isPartOf\":{\"@id\":\"https:\/\/www.fiscalia.gov.co\/colombia\/#website\"},\"primaryImageOfPage\":{\"@id\":\"https:\/\/www.fiscalia.gov.co\/colombia\/noticias\/desarticulado-grupo-delincuencial-senalado-de-homicidios-en-villa-del-rosario-norte-de-santander\/#primaryimage\"},\"image\":{\"@id\":\"https:\/\/www.fiscalia.gov.co\/colombia\/noticias\/desarticulado-grupo-delincuencial-senalado-de-homicidios-en-villa-del-rosario-norte-de-santander\/#primaryimage\"},\"thumbnailUrl\":\"https:\/\/www.fiscalia.gov.co\/colombia\/wp-content\/uploads\/Investigacion-Fiscalia-seguridad-Policia-Nacional-carcel-fiscal-luz-adrina-camargo-300x225.jpg\",\"datePublished\":\"2024-03-26T16:39:47+00:00\",\"dateModified\":\"2024-03-26T16:48:26+00:00\",\"description\":\"P\u00e1gina oficial de la Fiscal\u00eda General de la Naci\u00f3n \u2013 Colombia. Garantizamos el acceso efectivo a la justicia, la verdad y la reparaci\u00f3n de las v\u00edctimas de los delitos.\",\"breadcrumb\":{\"@id\":\"https:\/\/www.fiscalia.gov.co\/colombia\/noticias\/desarticulado-grupo-delincuencial-senalado-de-homicidios-en-villa-del-rosario-norte-de-santander\/#breadcrumb\"},\"inLanguage\":\"es-CO\",\"potentialAction\":[{\"@type\":\"ReadAction\",\"target\":[\"https:\/\/www.fiscalia.gov.co\/colombia\/noticias\/desarticulado-grupo-delincuencial-senalado-de-homicidios-en-villa-del-rosario-norte-de-santander\/\"]}]},{\"@type\":\"ImageObject\",\"inLanguage\":\"es-CO\",\"@id\":\"https:\/\/www.fiscalia.gov.co\/colombia\/noticias\/desarticulado-grupo-delincuencial-senalado-de-homicidios-en-villa-del-rosario-norte-de-santander\/#primaryimage\",\"url\":\"https:\/\/www.fiscalia.gov.co\/colombia\/wp-content\/uploads\/Investigacion-Fiscalia-seguridad-Policia-Nacional-carcel-fiscal-luz-adrina-camargo.jpg\",\"contentUrl\":\"https:\/\/www.fiscalia.gov.co\/colombia\/wp-content\/uploads\/Investigacion-Fiscalia-seguridad-Policia-Nacional-carcel-fiscal-luz-adrina-camargo.jpg\",\"width\":1280,\"height\":960,\"caption\":\"Judicializados por homicidio, concierto para delinquir y tr\u00e1fico de armas de fuego.\"},{\"@type\":\"BreadcrumbList\",\"@id\":\"https:\/\/www.fiscalia.gov.co\/colombia\/noticias\/desarticulado-grupo-delincuencial-senalado-de-homicidios-en-villa-del-rosario-norte-de-santander\/#breadcrumb\",\"itemListElement\":[{\"@type\":\"ListItem\",\"position\":1,\"name\":\"Home\",\"item\":\"https:\/\/www.fiscalia.gov.co\/colombia\/\"},{\"@type\":\"ListItem\",\"position\":2,\"name\":\"Desarticulado grupo delincuencial se\u00f1alado de homicidios en Villa del Rosario (Norte de Santander)\"}]},{\"@type\":\"WebSite\",\"@id\":\"https:\/\/www.fiscalia.gov.co\/colombia\/#website\",\"url\":\"https:\/\/www.fiscalia.gov.co\/colombia\/\",\"name\":\"Fiscal\u00eda General de la Naci\u00f3n\",\"description\":\"P\u00e1gina oficial de la Fiscal\u00eda General de la Naci\u00f3n \u2013 Colombia. Garantizamos el acceso efectivo a la justicia, la verdad y la reparaci\u00f3n de las v\u00edctimas de los delitos.\",\"publisher\":{\"@id\":\"https:\/\/www.fiscalia.gov.co\/colombia\/#organization\"},\"potentialAction\":[{\"@type\":\"SearchAction\",\"target\":{\"@type\":\"EntryPoint\",\"urlTemplate\":\"https:\/\/www.fiscalia.gov.co\/colombia\/?s={search_term_string}\"},\"query-input\":{\"@type\":\"PropertyValueSpecification\",\"valueRequired\":true,\"valueName\":\"search_term_string\"}}],\"inLanguage\":\"es-CO\"},{\"@type\":\"Organization\",\"@id\":\"https:\/\/www.fiscalia.gov.co\/colombia\/#organization\",\"name\":\"Fiscal\u00eda General de la Naci\u00f3n\",\"url\":\"https:\/\/www.fiscalia.gov.co\/colombia\/\",\"logo\":{\"@type\":\"ImageObject\",\"inLanguage\":\"es-CO\",\"@id\":\"https:\/\/www.fiscalia.gov.co\/colombia\/#\/schema\/logo\/image\/\",\"url\":\"https:\/\/www.fiscalia.gov.co\/colombia\/wp-content\/uploads\/LogoHorizontal_1.jpg\",\"contentUrl\":\"https:\/\/www.fiscalia.gov.co\/colombia\/wp-content\/uploads\/LogoHorizontal_1.jpg\",\"width\":300,\"height\":90,\"caption\":\"Fiscal\u00eda General de la Naci\u00f3n\"},\"image\":{\"@id\":\"https:\/\/www.fiscalia.gov.co\/colombia\/#\/schema\/logo\/image\/\"},\"sameAs\":[\"https:\/\/www.facebook.com\/FiscaliaCol\",\"https:\/\/x.com\/FiscaliaCol\",\"https:\/\/www.instagram.com\/fiscaliacol\",\"https:\/\/www.linkedin.com\/company\/fiscalia-general-de-la-naci-n\/\",\"https:\/\/youtube.com\/@fiscaliageneraldelanacion-4668?si=6nN79nyQICPU5iTh\"]},{\"@type\":\"Person\",\"@id\":\"https:\/\/www.fiscalia.gov.co\/colombia\/#\/schema\/person\/ba9eca435947489fb25117a0cd75bf3e\",\"name\":\"Johanna Islenny Prieto Pe\u00f1a\",\"image\":{\"@type\":\"ImageObject\",\"inLanguage\":\"es-CO\",\"@id\":\"https:\/\/www.fiscalia.gov.co\/colombia\/#\/schema\/person\/image\/\",\"url\":\"https:\/\/secure.gravatar.com\/avatar\/111433fc2acb037ffb768f6a3ca47864?s=96&d=mm&r=g\",\"contentUrl\":\"https:\/\/secure.gravatar.com\/avatar\/111433fc2acb037ffb768f6a3ca47864?s=96&d=mm&r=g\",\"caption\":\"Johanna Islenny Prieto Pe\u00f1a\"},\"url\":\"https:\/\/www.fiscalia.gov.co\/colombia\/author\/jprietop\/\"}]}<\/script>\n<!-- \/ Yoast SEO plugin. -->","yoast_head_json":{"title":"Fiscal\u00eda General de la Naci\u00f3n","description":"P\u00e1gina oficial de la Fiscal\u00eda General de la Naci\u00f3n \u2013 Colombia. Garantizamos el acceso efectivo a la justicia, la verdad y la reparaci\u00f3n de las v\u00edctimas de los delitos.","robots":{"index":"noindex","follow":"follow"},"og_locale":"es_ES","og_type":"article","og_title":"Fiscal\u00eda General de la Naci\u00f3n","og_description":"P\u00e1gina oficial de la Fiscal\u00eda General de la Naci\u00f3n \u2013 Colombia. Garantizamos el acceso efectivo a la justicia, la verdad y la reparaci\u00f3n de las v\u00edctimas de los delitos.","og_url":"https:\/\/www.fiscalia.gov.co\/colombia\/noticias\/desarticulado-grupo-delincuencial-senalado-de-homicidios-en-villa-del-rosario-norte-de-santander\/","og_site_name":"Fiscal\u00eda General de la Naci\u00f3n","article_publisher":"https:\/\/www.facebook.com\/FiscaliaCol","article_published_time":"2024-03-26T16:39:47+00:00","article_modified_time":"2024-03-26T16:48:26+00:00","og_image":[{"url":"https:\/\/www.fiscalia.gov.co\/colombia\/wp-content\/uploads\/Investigacion-Fiscalia-seguridad-Policia-Nacional-carcel-fiscal-luz-adrina-camargo-300x225.jpg","type":"","width":"","height":""}],"author":"Johanna Islenny Prieto Pe\u00f1a","twitter_card":"summary_large_image","twitter_creator":"@FiscaliaCol","twitter_site":"@FiscaliaCol","twitter_misc":{"Escrito por":"Johanna Islenny Prieto Pe\u00f1a","Tiempo de lectura":"2 minutos"},"schema":{"@context":"https:\/\/schema.org","@graph":[{"@type":"Article","@id":"https:\/\/www.fiscalia.gov.co\/colombia\/noticias\/desarticulado-grupo-delincuencial-senalado-de-homicidios-en-villa-del-rosario-norte-de-santander\/#article","isPartOf":{"@id":"https:\/\/www.fiscalia.gov.co\/colombia\/noticias\/desarticulado-grupo-delincuencial-senalado-de-homicidios-en-villa-del-rosario-norte-de-santander\/"},"author":{"name":"Johanna Islenny Prieto Pe\u00f1a","@id":"https:\/\/www.fiscalia.gov.co\/colombia\/#\/schema\/person\/ba9eca435947489fb25117a0cd75bf3e"},"headline":"Desarticulado grupo delincuencial se\u00f1alado de homicidios en Villa del Rosario (Norte de Santander)","datePublished":"2024-03-26T16:39:47+00:00","dateModified":"2024-03-26T16:48:26+00:00","mainEntityOfPage":{"@id":"https:\/\/www.fiscalia.gov.co\/colombia\/noticias\/desarticulado-grupo-delincuencial-senalado-de-homicidios-en-villa-del-rosario-norte-de-santander\/"},"wordCount":379,"publisher":{"@id":"https:\/\/www.fiscalia.gov.co\/colombia\/#organization"},"image":{"@id":"https:\/\/www.fiscalia.gov.co\/colombia\/noticias\/desarticulado-grupo-delincuencial-senalado-de-homicidios-en-villa-del-rosario-norte-de-santander\/#primaryimage"},"thumbnailUrl":"https:\/\/www.fiscalia.gov.co\/colombia\/wp-content\/uploads\/Investigacion-Fiscalia-seguridad-Policia-Nacional-carcel-fiscal-luz-adrina-camargo-300x225.jpg","keywords":["C\u00e1rcel","Fiscal Luz Adriana Camargo","Fiscal\u00eda","Investigaci\u00f3n","Polic\u00eda Nacional","Seguridad"],"articleSection":["Noticias","Seccional C\u00facuta","Seguridad territorial"],"inLanguage":"es-CO"},{"@type":"WebPage","@id":"https:\/\/www.fiscalia.gov.co\/colombia\/noticias\/desarticulado-grupo-delincuencial-senalado-de-homicidios-en-villa-del-rosario-norte-de-santander\/","url":"https:\/\/www.fiscalia.gov.co\/colombia\/noticias\/desarticulado-grupo-delincuencial-senalado-de-homicidios-en-villa-del-rosario-norte-de-santander\/","name":"Fiscal\u00eda General de la Naci\u00f3n","isPartOf":{"@id":"https:\/\/www.fiscalia.gov.co\/colombia\/#website"},"primaryImageOfPage":{"@id":"https:\/\/www.fiscalia.gov.co\/colombia\/noticias\/desarticulado-grupo-delincuencial-senalado-de-homicidios-en-villa-del-rosario-norte-de-santander\/#primaryimage"},"image":{"@id":"https:\/\/www.fiscalia.gov.co\/colombia\/noticias\/desarticulado-grupo-delincuencial-senalado-de-homicidios-en-villa-del-rosario-norte-de-santander\/#primaryimage"},"thumbnailUrl":"https:\/\/www.fiscalia.gov.co\/colombia\/wp-content\/uploads\/Investigacion-Fiscalia-seguridad-Policia-Nacional-carcel-fiscal-luz-adrina-camargo-300x225.jpg","datePublished":"2024-03-26T16:39:47+00:00","dateModified":"2024-03-26T16:48:26+00:00","description":"P\u00e1gina oficial de la Fiscal\u00eda General de la Naci\u00f3n \u2013 Colombia. Garantizamos el acceso efectivo a la justicia, la verdad y la reparaci\u00f3n de las v\u00edctimas de los delitos.","breadcrumb":{"@id":"https:\/\/www.fiscalia.gov.co\/colombia\/noticias\/desarticulado-grupo-delincuencial-senalado-de-homicidios-en-villa-del-rosario-norte-de-santander\/#breadcrumb"},"inLanguage":"es-CO","potentialAction":[{"@type":"ReadAction","target":["https:\/\/www.fiscalia.gov.co\/colombia\/noticias\/desarticulado-grupo-delincuencial-senalado-de-homicidios-en-villa-del-rosario-norte-de-santander\/"]}]},{"@type":"ImageObject","inLanguage":"es-CO","@id":"https:\/\/www.fiscalia.gov.co\/colombia\/noticias\/desarticulado-grupo-delincuencial-senalado-de-homicidios-en-villa-del-rosario-norte-de-santander\/#primaryimage","url":"https:\/\/www.fiscalia.gov.co\/colombia\/wp-content\/uploads\/Investigacion-Fiscalia-seguridad-Policia-Nacional-carcel-fiscal-luz-adrina-camargo.jpg","contentUrl":"https:\/\/www.fiscalia.gov.co\/colombia\/wp-content\/uploads\/Investigacion-Fiscalia-seguridad-Policia-Nacional-carcel-fiscal-luz-adrina-camargo.jpg","width":1280,"height":960,"caption":"Judicializados por homicidio, concierto para delinquir y tr\u00e1fico de armas de fuego."},{"@type":"BreadcrumbList","@id":"https:\/\/www.fiscalia.gov.co\/colombia\/noticias\/desarticulado-grupo-delincuencial-senalado-de-homicidios-en-villa-del-rosario-norte-de-santander\/#breadcrumb","itemListElement":[{"@type":"ListItem","position":1,"name":"Home","item":"https:\/\/www.fiscalia.gov.co\/colombia\/"},{"@type":"ListItem","position":2,"name":"Desarticulado grupo delincuencial se\u00f1alado de homicidios en Villa del Rosario (Norte de Santander)"}]},{"@type":"WebSite","@id":"https:\/\/www.fiscalia.gov.co\/colombia\/#website","url":"https:\/\/www.fiscalia.gov.co\/colombia\/","name":"Fiscal\u00eda General de la Naci\u00f3n","description":"P\u00e1gina oficial de la Fiscal\u00eda General de la Naci\u00f3n \u2013 Colombia. Garantizamos el acceso efectivo a la justicia, la verdad y la reparaci\u00f3n de las v\u00edctimas de los delitos.","publisher":{"@id":"https:\/\/www.fiscalia.gov.co\/colombia\/#organization"},"potentialAction":[{"@type":"SearchAction","target":{"@type":"EntryPoint","urlTemplate":"https:\/\/www.fiscalia.gov.co\/colombia\/?s={search_term_string}"},"query-input":{"@type":"PropertyValueSpecification","valueRequired":true,"valueName":"search_term_string"}}],"inLanguage":"es-CO"},{"@type":"Organization","@id":"https:\/\/www.fiscalia.gov.co\/colombia\/#organization","name":"Fiscal\u00eda General de la Naci\u00f3n","url":"https:\/\/www.fiscalia.gov.co\/colombia\/","logo":{"@type":"ImageObject","inLanguage":"es-CO","@id":"https:\/\/www.fiscalia.gov.co\/colombia\/#\/schema\/logo\/image\/","url":"https:\/\/www.fiscalia.gov.co\/colombia\/wp-content\/uploads\/LogoHorizontal_1.jpg","contentUrl":"https:\/\/www.fiscalia.gov.co\/colombia\/wp-content\/uploads\/LogoHorizontal_1.jpg","width":300,"height":90,"caption":"Fiscal\u00eda General de la Naci\u00f3n"},"image":{"@id":"https:\/\/www.fiscalia.gov.co\/colombia\/#\/schema\/logo\/image\/"},"sameAs":["https:\/\/www.facebook.com\/FiscaliaCol","https:\/\/x.com\/FiscaliaCol","https:\/\/www.instagram.com\/fiscaliacol","https:\/\/www.linkedin.com\/company\/fiscalia-general-de-la-naci-n\/","https:\/\/youtube.com\/@fiscaliageneraldelanacion-4668?si=6nN79nyQICPU5iTh"]},{"@type":"Person","@id":"https:\/\/www.fiscalia.gov.co\/colombia\/#\/schema\/person\/ba9eca435947489fb25117a0cd75bf3e","name":"Johanna Islenny Prieto Pe\u00f1a","image":{"@type":"ImageObject","inLanguage":"es-CO","@id":"https:\/\/www.fiscalia.gov.co\/colombia\/#\/schema\/person\/image\/","url":"https:\/\/secure.gravatar.com\/avatar\/111433fc2acb037ffb768f6a3ca47864?s=96&d=mm&r=g","contentUrl":"https:\/\/secure.gravatar.com\/avatar\/111433fc2acb037ffb768f6a3ca47864?s=96&d=mm&r=g","caption":"Johanna Islenny Prieto Pe\u00f1a"},"url":"https:\/\/www.fiscalia.gov.co\/colombia\/author\/jprietop\/"}]}},"_links":{"self":[{"href":"https:\/\/www.fiscalia.gov.co\/colombia\/wp-json\/wp\/v2\/posts\/291813","targetHints":{"allow":["GET"]}}],"collection":[{"href":"https:\/\/www.fiscalia.gov.co\/colombia\/wp-json\/wp\/v2\/posts"}],"about":[{"href":"https:\/\/www.fiscalia.gov.co\/colombia\/wp-json\/wp\/v2\/types\/post"}],"author":[{"embeddable":true,"href":"https:\/\/www.fiscalia.gov.co\/colombia\/wp-json\/wp\/v2\/users\/181"}],"replies":[{"embeddable":true,"href":"https:\/\/www.fiscalia.gov.co\/colombia\/wp-json\/wp\/v2\/comments?post=291813"}],"version-history":[{"count":3,"href":"https:\/\/www.fiscalia.gov.co\/colombia\/wp-json\/wp\/v2\/posts\/291813\/revisions"}],"predecessor-version":[{"id":291817,"href":"https:\/\/www.fiscalia.gov.co\/colombia\/wp-json\/wp\/v2\/posts\/291813\/revisions\/291817"}],"wp:attachment":[{"href":"https:\/\/www.fiscalia.gov.co\/colombia\/wp-json\/wp\/v2\/media?parent=291813"}],"wp:term":[{"taxonomy":"category","embeddable":true,"href":"https:\/\/www.fiscalia.gov.co\/colombia\/wp-json\/wp\/v2\/categories?post=291813"},{"taxonomy":"post_tag","embeddable":true,"href":"https:\/\/www.fiscalia.gov.co\/colombia\/wp-json\/wp\/v2\/tags?post=291813"}],"curies":[{"name":"wp","href":"https:\/\/api.w.org\/{rel}","templated":true}]}}