{"id":291807,"date":"2024-03-26T11:29:02","date_gmt":"2024-03-26T16:29:02","guid":{"rendered":"https:\/\/www.fiscalia.gov.co\/colombia\/?p=291807"},"modified":"2024-03-26T12:29:50","modified_gmt":"2024-03-26T17:29:50","slug":"a-la-carcel-senalado-de-haber-atacado-con-un-arma-de-fuego-a-tres-personas","status":"publish","type":"post","link":"https:\/\/www.fiscalia.gov.co\/colombia\/noticias\/a-la-carcel-senalado-de-haber-atacado-con-un-arma-de-fuego-a-tres-personas\/","title":{"rendered":"A la c\u00e1rcel se\u00f1alado de haber atacado con un arma de fuego a tres personas"},"content":{"rendered":"<p>Jos\u00e9 Geovani Sarria Ante, alias el Viejo, quien era solicitado por un juzgado por varios procesos en su contra, fue capturado en d\u00edas pasados por servidores del CTI y agentes de de la Polic\u00eda Nacional en el barrio Nueva Floralia de Popay\u00e1n.<\/p>\n<p><b>De acuerdo con la investigaci\u00f3n, el 22 de marzo de 2022, en el barrio Santo <\/b><strong>Domingo, este hombre habr\u00eda disparado contra una mujer impact\u00e1ndola en el t\u00f3rax,<\/strong> el abdomen y su pierna izquierda. La v\u00edctima permaneci\u00f3 45 d\u00edas internada en un centro m\u00e9dico donde lograron salvarle la vida.<\/p>\n<figure id=\"attachment_291810\" aria-describedby=\"caption-attachment-291810\" style=\"width: 300px\" class=\"wp-caption alignright\"><img loading=\"lazy\" decoding=\"async\" class=\"wp-image-291810 size-medium\" src=\"https:\/\/www.fiscalia.gov.co\/colombia\/wp-content\/uploads\/Fiscalia-Colombia-Fiscal-General-de-la-Nacion-Fiscalia-de-Colombia-Fiscal-General-de-la-Nacion-Luz-Adriana-Camargo-Garzon-300x286.jpg\" alt=\"En la fotograf\u00eda aparece el capturado junto a un servidor del CTI y un agente de la Polic\u00eda Nacional. En la parte superior est\u00e1 un banner de la Fiscal\u00eda General de la Naci\u00f3n\" width=\"300\" height=\"286\" srcset=\"https:\/\/www.fiscalia.gov.co\/colombia\/wp-content\/uploads\/Fiscalia-Colombia-Fiscal-General-de-la-Nacion-Fiscalia-de-Colombia-Fiscal-General-de-la-Nacion-Luz-Adriana-Camargo-Garzon-300x286.jpg 300w, https:\/\/www.fiscalia.gov.co\/colombia\/wp-content\/uploads\/Fiscalia-Colombia-Fiscal-General-de-la-Nacion-Fiscalia-de-Colombia-Fiscal-General-de-la-Nacion-Luz-Adriana-Camargo-Garzon-696x664.jpg 696w, https:\/\/www.fiscalia.gov.co\/colombia\/wp-content\/uploads\/Fiscalia-Colombia-Fiscal-General-de-la-Nacion-Fiscalia-de-Colombia-Fiscal-General-de-la-Nacion-Luz-Adriana-Camargo-Garzon-440x420.jpg 440w, https:\/\/www.fiscalia.gov.co\/colombia\/wp-content\/uploads\/Fiscalia-Colombia-Fiscal-General-de-la-Nacion-Fiscalia-de-Colombia-Fiscal-General-de-la-Nacion-Luz-Adriana-Camargo-Garzon.jpg 742w\" sizes=\"auto, (max-width: 300px) 100vw, 300px\" \/><figcaption id=\"caption-attachment-291810\" class=\"wp-caption-text\">Jos\u00e9 Geovani Sarria Ante, alias El Viejo, registra anotaciones judiciales por varios delitos.<\/figcaption><\/figure>\n<p>Tres meses despu\u00e9s, el 20 de junio de 2022, el mismo sujeto al parecer agredido a la madre de la mujer golpe\u00e1ndola en su cabeza luego que ella le reclamara por el ataque armado contra su hija.<\/p>\n<p><strong>La Fiscal\u00eda le imput\u00f3\u00a0 cargos por su presunta autor\u00eda en los delitos de <a href=\"https:\/\/www.fiscalia.gov.co\/colombia\/noticias\/privado-de-la-libertad-presunto-responsable-de-un-homicidio-en-cartagena\/\">homicidio<\/a> agravado<\/strong> en grado de tentativa y porte ilegal de armas de fuego.<\/p>\n<p><strong>El asegurado estar\u00eda vinculado a procesos penales por tres hechos donde habr\u00eda atacado con armas de fuego a varias personas<\/strong> dentro de una disputa al parecer por el control de distribuci\u00f3n de estupefacientes.<\/p>\n<p>Durante la captura los funcionarios del CTI revisaron sus antecedentes y confirmaron que el hombre tiene varias anotaciones judiciales por los delitos de homicidio, fuga de presos, fabricaci\u00f3n, tr\u00e1fico y porte de estupefacientes.<\/p>\n<p>&nbsp;<\/p>\n<p>Le puede interesar:\u00a0<a id=\"m_765069011513760791m_-1161307286301667632m_725799116134856929OWAe86d7104-7bdf-7c37-c542-c8dc21be360e\" href=\"https:\/\/www.fiscalia.gov.co\/colombia\/noticias\/a-la-carcel-presunto-implicado-en-un-ataque-armado-que-dejo-dos-muertos-y-un-herido\/\" target=\"_blank\" rel=\"noopener noreferrer\" data-saferedirecturl=\"https:\/\/www.google.com\/url?q=https:\/\/www.fiscalia.gov.co\/colombia\/noticias\/a-la-carcel-presunto-implicado-en-un-ataque-armado-que-dejo-dos-muertos-y-un-herido\/&amp;source=gmail&amp;ust=1711556299211000&amp;usg=AOvVaw3LBvuMBQgYCzDvIdlZQnRu\">A la c\u00e1rcel presunto implicado en un ataque armado que dej\u00f3 dos muertos y un herido<\/a><\/p>\n<p><b>JGPV\/CDG\/FAGH\/JAHS\/DSC<\/b><\/p>\n<p>&nbsp;<\/p>\n<p>&nbsp;<\/p>\n<p><i>La informaci\u00f3n contenida en este bolet\u00edn de prensa corresponde a la narraci\u00f3n de los hechos noticiosos objetivos, suministrados por los funcionarios encargados de adelantar las investigaciones penales al interior de la Fiscal\u00eda General de la Naci\u00f3n. Para el momento de la divulgaci\u00f3n de este comunicado, la situaci\u00f3n jur\u00eddica de la(s) persona(s) relacionada(s) se encuentra pendiente de resolver por la autoridad judicial competente, siempre bajo los preceptos de la presunci\u00f3n de inocencia, consagrados en el art\u00edculo 29 de la Constituci\u00f3n Pol\u00edtica y el art\u00edculo 7\u00ba de la Ley 906 de 2004.<\/i><\/p>\n\n<div class=\"twitter-share\"><a href=\"https:\/\/twitter.com\/intent\/tweet?via=fiscaliacol\" class=\"twitter-share-button\">Tweet<\/a><\/div>\n","protected":false},"excerpt":{"rendered":"<p>Jos\u00e9 Geovani Sarria Ante, alias el Viejo, quien era solicitado por un juzgado por varios procesos en su contra, fue capturado en d\u00edas pasados por servidores del CTI y agentes de de la Polic\u00eda Nacional en el barrio Nueva Floralia de Popay\u00e1n. De acuerdo con la investigaci\u00f3n, el 22 de marzo de 2022, en el [&hellip;]<\/p>\n","protected":false},"author":181,"featured_media":0,"comment_status":"closed","ping_status":"open","sticky":false,"template":"","format":"standard","meta":{"tdm_status":"","tdm_grid_status":"","footnotes":""},"categories":[1,24099],"tags":[12163,78,24187,24481,409,37500],"class_list":{"0":"post-291807","1":"post","2":"type-post","3":"status-publish","4":"format-standard","6":"category-noticias","7":"category-seguridad-territorial","8":"tag-arma-de-fuego","9":"tag-fiscal-general-de-la-nacion","10":"tag-fiscalia-colombia","11":"tag-fiscalia-de-colombia","12":"tag-homicidio","13":"tag-luz-adriana-camargo-garzon"},"yoast_head":"<!-- This site is optimized with the Yoast SEO plugin v24.3 - https:\/\/yoast.com\/wordpress\/plugins\/seo\/ -->\n<title>Fiscal\u00eda General de la Naci\u00f3n<\/title>\n<meta name=\"description\" content=\"P\u00e1gina oficial de la Fiscal\u00eda General de la Naci\u00f3n \u2013 Colombia. Garantizamos el acceso efectivo a la justicia, la verdad y la reparaci\u00f3n de las v\u00edctimas de los delitos.\" \/>\n<meta name=\"robots\" content=\"noindex, follow\" \/>\n<meta property=\"og:locale\" content=\"es_ES\" \/>\n<meta property=\"og:type\" content=\"article\" \/>\n<meta property=\"og:title\" content=\"Fiscal\u00eda General de la Naci\u00f3n\" \/>\n<meta property=\"og:description\" content=\"P\u00e1gina oficial de la Fiscal\u00eda General de la Naci\u00f3n \u2013 Colombia. Garantizamos el acceso efectivo a la justicia, la verdad y la reparaci\u00f3n de las v\u00edctimas de los delitos.\" \/>\n<meta property=\"og:url\" content=\"https:\/\/www.fiscalia.gov.co\/colombia\/noticias\/a-la-carcel-senalado-de-haber-atacado-con-un-arma-de-fuego-a-tres-personas\/\" \/>\n<meta property=\"og:site_name\" content=\"Fiscal\u00eda General de la Naci\u00f3n\" \/>\n<meta property=\"article:publisher\" content=\"https:\/\/www.facebook.com\/FiscaliaCol\" \/>\n<meta property=\"article:published_time\" content=\"2024-03-26T16:29:02+00:00\" \/>\n<meta property=\"article:modified_time\" content=\"2024-03-26T17:29:50+00:00\" \/>\n<meta property=\"og:image\" content=\"https:\/\/www.fiscalia.gov.co\/colombia\/wp-content\/uploads\/Fiscalia-Colombia-Fiscal-General-de-la-Nacion-Fiscalia-de-Colombia-Fiscal-General-de-la-Nacion-Luz-Adriana-Camargo-Garzon-300x286.jpg\" \/>\n<meta name=\"author\" content=\"Johanna Islenny Prieto Pe\u00f1a\" \/>\n<meta name=\"twitter:card\" content=\"summary_large_image\" \/>\n<meta name=\"twitter:creator\" content=\"@FiscaliaCol\" \/>\n<meta name=\"twitter:site\" content=\"@FiscaliaCol\" \/>\n<meta name=\"twitter:label1\" content=\"Escrito por\" \/>\n\t<meta name=\"twitter:data1\" content=\"Johanna Islenny Prieto Pe\u00f1a\" \/>\n\t<meta name=\"twitter:label2\" content=\"Tiempo de lectura\" \/>\n\t<meta name=\"twitter:data2\" content=\"2 minutos\" \/>\n<script type=\"application\/ld+json\" class=\"yoast-schema-graph\">{\"@context\":\"https:\/\/schema.org\",\"@graph\":[{\"@type\":\"Article\",\"@id\":\"https:\/\/www.fiscalia.gov.co\/colombia\/noticias\/a-la-carcel-senalado-de-haber-atacado-con-un-arma-de-fuego-a-tres-personas\/#article\",\"isPartOf\":{\"@id\":\"https:\/\/www.fiscalia.gov.co\/colombia\/noticias\/a-la-carcel-senalado-de-haber-atacado-con-un-arma-de-fuego-a-tres-personas\/\"},\"author\":{\"name\":\"Johanna Islenny Prieto Pe\u00f1a\",\"@id\":\"https:\/\/www.fiscalia.gov.co\/colombia\/#\/schema\/person\/ba9eca435947489fb25117a0cd75bf3e\"},\"headline\":\"A la c\u00e1rcel se\u00f1alado de haber atacado con un arma de fuego a tres personas\",\"datePublished\":\"2024-03-26T16:29:02+00:00\",\"dateModified\":\"2024-03-26T17:29:50+00:00\",\"mainEntityOfPage\":{\"@id\":\"https:\/\/www.fiscalia.gov.co\/colombia\/noticias\/a-la-carcel-senalado-de-haber-atacado-con-un-arma-de-fuego-a-tres-personas\/\"},\"wordCount\":400,\"publisher\":{\"@id\":\"https:\/\/www.fiscalia.gov.co\/colombia\/#organization\"},\"image\":{\"@id\":\"https:\/\/www.fiscalia.gov.co\/colombia\/noticias\/a-la-carcel-senalado-de-haber-atacado-con-un-arma-de-fuego-a-tres-personas\/#primaryimage\"},\"thumbnailUrl\":\"https:\/\/www.fiscalia.gov.co\/colombia\/wp-content\/uploads\/Fiscalia-Colombia-Fiscal-General-de-la-Nacion-Fiscalia-de-Colombia-Fiscal-General-de-la-Nacion-Luz-Adriana-Camargo-Garzon-300x286.jpg\",\"keywords\":[\"Arma de fuego\",\"Fiscal General de la Naci\u00f3n\",\"Fiscal\u00eda Colombia\",\"Fiscal\u00eda de Colombia\",\"Homicidio\",\"Luz Adriana Camargo Garz\u00f3n\"],\"articleSection\":[\"Noticias\",\"Seguridad territorial\"],\"inLanguage\":\"es-CO\"},{\"@type\":\"WebPage\",\"@id\":\"https:\/\/www.fiscalia.gov.co\/colombia\/noticias\/a-la-carcel-senalado-de-haber-atacado-con-un-arma-de-fuego-a-tres-personas\/\",\"url\":\"https:\/\/www.fiscalia.gov.co\/colombia\/noticias\/a-la-carcel-senalado-de-haber-atacado-con-un-arma-de-fuego-a-tres-personas\/\",\"name\":\"Fiscal\u00eda General de la Naci\u00f3n\",\"isPartOf\":{\"@id\":\"https:\/\/www.fiscalia.gov.co\/colombia\/#website\"},\"primaryImageOfPage\":{\"@id\":\"https:\/\/www.fiscalia.gov.co\/colombia\/noticias\/a-la-carcel-senalado-de-haber-atacado-con-un-arma-de-fuego-a-tres-personas\/#primaryimage\"},\"image\":{\"@id\":\"https:\/\/www.fiscalia.gov.co\/colombia\/noticias\/a-la-carcel-senalado-de-haber-atacado-con-un-arma-de-fuego-a-tres-personas\/#primaryimage\"},\"thumbnailUrl\":\"https:\/\/www.fiscalia.gov.co\/colombia\/wp-content\/uploads\/Fiscalia-Colombia-Fiscal-General-de-la-Nacion-Fiscalia-de-Colombia-Fiscal-General-de-la-Nacion-Luz-Adriana-Camargo-Garzon-300x286.jpg\",\"datePublished\":\"2024-03-26T16:29:02+00:00\",\"dateModified\":\"2024-03-26T17:29:50+00:00\",\"description\":\"P\u00e1gina oficial de la Fiscal\u00eda General de la Naci\u00f3n \u2013 Colombia. Garantizamos el acceso efectivo a la justicia, la verdad y la reparaci\u00f3n de las v\u00edctimas de los delitos.\",\"breadcrumb\":{\"@id\":\"https:\/\/www.fiscalia.gov.co\/colombia\/noticias\/a-la-carcel-senalado-de-haber-atacado-con-un-arma-de-fuego-a-tres-personas\/#breadcrumb\"},\"inLanguage\":\"es-CO\",\"potentialAction\":[{\"@type\":\"ReadAction\",\"target\":[\"https:\/\/www.fiscalia.gov.co\/colombia\/noticias\/a-la-carcel-senalado-de-haber-atacado-con-un-arma-de-fuego-a-tres-personas\/\"]}]},{\"@type\":\"ImageObject\",\"inLanguage\":\"es-CO\",\"@id\":\"https:\/\/www.fiscalia.gov.co\/colombia\/noticias\/a-la-carcel-senalado-de-haber-atacado-con-un-arma-de-fuego-a-tres-personas\/#primaryimage\",\"url\":\"https:\/\/www.fiscalia.gov.co\/colombia\/wp-content\/uploads\/Fiscalia-Colombia-Fiscal-General-de-la-Nacion-Fiscalia-de-Colombia-Fiscal-General-de-la-Nacion-Luz-Adriana-Camargo-Garzon.jpg\",\"contentUrl\":\"https:\/\/www.fiscalia.gov.co\/colombia\/wp-content\/uploads\/Fiscalia-Colombia-Fiscal-General-de-la-Nacion-Fiscalia-de-Colombia-Fiscal-General-de-la-Nacion-Luz-Adriana-Camargo-Garzon.jpg\",\"width\":742,\"height\":708,\"caption\":\"En la fotograf\u00eda aparece el capturado junto a un servidor del CTI y un agente de la Polic\u00eda Nacional. En la parte superior est\u00e1 un banner de la Fiscal\u00eda General de la Naci\u00f3n\"},{\"@type\":\"BreadcrumbList\",\"@id\":\"https:\/\/www.fiscalia.gov.co\/colombia\/noticias\/a-la-carcel-senalado-de-haber-atacado-con-un-arma-de-fuego-a-tres-personas\/#breadcrumb\",\"itemListElement\":[{\"@type\":\"ListItem\",\"position\":1,\"name\":\"Home\",\"item\":\"https:\/\/www.fiscalia.gov.co\/colombia\/\"},{\"@type\":\"ListItem\",\"position\":2,\"name\":\"A la c\u00e1rcel se\u00f1alado de haber atacado con un arma de fuego a tres personas\"}]},{\"@type\":\"WebSite\",\"@id\":\"https:\/\/www.fiscalia.gov.co\/colombia\/#website\",\"url\":\"https:\/\/www.fiscalia.gov.co\/colombia\/\",\"name\":\"Fiscal\u00eda General de la Naci\u00f3n\",\"description\":\"P\u00e1gina oficial de la Fiscal\u00eda General de la Naci\u00f3n \u2013 Colombia. Garantizamos el acceso efectivo a la justicia, la verdad y la reparaci\u00f3n de las v\u00edctimas de los delitos.\",\"publisher\":{\"@id\":\"https:\/\/www.fiscalia.gov.co\/colombia\/#organization\"},\"potentialAction\":[{\"@type\":\"SearchAction\",\"target\":{\"@type\":\"EntryPoint\",\"urlTemplate\":\"https:\/\/www.fiscalia.gov.co\/colombia\/?s={search_term_string}\"},\"query-input\":{\"@type\":\"PropertyValueSpecification\",\"valueRequired\":true,\"valueName\":\"search_term_string\"}}],\"inLanguage\":\"es-CO\"},{\"@type\":\"Organization\",\"@id\":\"https:\/\/www.fiscalia.gov.co\/colombia\/#organization\",\"name\":\"Fiscal\u00eda General de la Naci\u00f3n\",\"url\":\"https:\/\/www.fiscalia.gov.co\/colombia\/\",\"logo\":{\"@type\":\"ImageObject\",\"inLanguage\":\"es-CO\",\"@id\":\"https:\/\/www.fiscalia.gov.co\/colombia\/#\/schema\/logo\/image\/\",\"url\":\"https:\/\/www.fiscalia.gov.co\/colombia\/wp-content\/uploads\/LogoHorizontal_1.jpg\",\"contentUrl\":\"https:\/\/www.fiscalia.gov.co\/colombia\/wp-content\/uploads\/LogoHorizontal_1.jpg\",\"width\":300,\"height\":90,\"caption\":\"Fiscal\u00eda General de la Naci\u00f3n\"},\"image\":{\"@id\":\"https:\/\/www.fiscalia.gov.co\/colombia\/#\/schema\/logo\/image\/\"},\"sameAs\":[\"https:\/\/www.facebook.com\/FiscaliaCol\",\"https:\/\/x.com\/FiscaliaCol\",\"https:\/\/www.instagram.com\/fiscaliacol\",\"https:\/\/www.linkedin.com\/company\/fiscalia-general-de-la-naci-n\/\",\"https:\/\/youtube.com\/@fiscaliageneraldelanacion-4668?si=6nN79nyQICPU5iTh\"]},{\"@type\":\"Person\",\"@id\":\"https:\/\/www.fiscalia.gov.co\/colombia\/#\/schema\/person\/ba9eca435947489fb25117a0cd75bf3e\",\"name\":\"Johanna Islenny Prieto Pe\u00f1a\",\"image\":{\"@type\":\"ImageObject\",\"inLanguage\":\"es-CO\",\"@id\":\"https:\/\/www.fiscalia.gov.co\/colombia\/#\/schema\/person\/image\/\",\"url\":\"https:\/\/secure.gravatar.com\/avatar\/111433fc2acb037ffb768f6a3ca47864?s=96&d=mm&r=g\",\"contentUrl\":\"https:\/\/secure.gravatar.com\/avatar\/111433fc2acb037ffb768f6a3ca47864?s=96&d=mm&r=g\",\"caption\":\"Johanna Islenny Prieto Pe\u00f1a\"},\"url\":\"https:\/\/www.fiscalia.gov.co\/colombia\/author\/jprietop\/\"}]}<\/script>\n<!-- \/ Yoast SEO plugin. -->","yoast_head_json":{"title":"Fiscal\u00eda General de la Naci\u00f3n","description":"P\u00e1gina oficial de la Fiscal\u00eda General de la Naci\u00f3n \u2013 Colombia. Garantizamos el acceso efectivo a la justicia, la verdad y la reparaci\u00f3n de las v\u00edctimas de los delitos.","robots":{"index":"noindex","follow":"follow"},"og_locale":"es_ES","og_type":"article","og_title":"Fiscal\u00eda General de la Naci\u00f3n","og_description":"P\u00e1gina oficial de la Fiscal\u00eda General de la Naci\u00f3n \u2013 Colombia. Garantizamos el acceso efectivo a la justicia, la verdad y la reparaci\u00f3n de las v\u00edctimas de los delitos.","og_url":"https:\/\/www.fiscalia.gov.co\/colombia\/noticias\/a-la-carcel-senalado-de-haber-atacado-con-un-arma-de-fuego-a-tres-personas\/","og_site_name":"Fiscal\u00eda General de la Naci\u00f3n","article_publisher":"https:\/\/www.facebook.com\/FiscaliaCol","article_published_time":"2024-03-26T16:29:02+00:00","article_modified_time":"2024-03-26T17:29:50+00:00","og_image":[{"url":"https:\/\/www.fiscalia.gov.co\/colombia\/wp-content\/uploads\/Fiscalia-Colombia-Fiscal-General-de-la-Nacion-Fiscalia-de-Colombia-Fiscal-General-de-la-Nacion-Luz-Adriana-Camargo-Garzon-300x286.jpg","type":"","width":"","height":""}],"author":"Johanna Islenny Prieto Pe\u00f1a","twitter_card":"summary_large_image","twitter_creator":"@FiscaliaCol","twitter_site":"@FiscaliaCol","twitter_misc":{"Escrito por":"Johanna Islenny Prieto Pe\u00f1a","Tiempo de lectura":"2 minutos"},"schema":{"@context":"https:\/\/schema.org","@graph":[{"@type":"Article","@id":"https:\/\/www.fiscalia.gov.co\/colombia\/noticias\/a-la-carcel-senalado-de-haber-atacado-con-un-arma-de-fuego-a-tres-personas\/#article","isPartOf":{"@id":"https:\/\/www.fiscalia.gov.co\/colombia\/noticias\/a-la-carcel-senalado-de-haber-atacado-con-un-arma-de-fuego-a-tres-personas\/"},"author":{"name":"Johanna Islenny Prieto Pe\u00f1a","@id":"https:\/\/www.fiscalia.gov.co\/colombia\/#\/schema\/person\/ba9eca435947489fb25117a0cd75bf3e"},"headline":"A la c\u00e1rcel se\u00f1alado de haber atacado con un arma de fuego a tres personas","datePublished":"2024-03-26T16:29:02+00:00","dateModified":"2024-03-26T17:29:50+00:00","mainEntityOfPage":{"@id":"https:\/\/www.fiscalia.gov.co\/colombia\/noticias\/a-la-carcel-senalado-de-haber-atacado-con-un-arma-de-fuego-a-tres-personas\/"},"wordCount":400,"publisher":{"@id":"https:\/\/www.fiscalia.gov.co\/colombia\/#organization"},"image":{"@id":"https:\/\/www.fiscalia.gov.co\/colombia\/noticias\/a-la-carcel-senalado-de-haber-atacado-con-un-arma-de-fuego-a-tres-personas\/#primaryimage"},"thumbnailUrl":"https:\/\/www.fiscalia.gov.co\/colombia\/wp-content\/uploads\/Fiscalia-Colombia-Fiscal-General-de-la-Nacion-Fiscalia-de-Colombia-Fiscal-General-de-la-Nacion-Luz-Adriana-Camargo-Garzon-300x286.jpg","keywords":["Arma de fuego","Fiscal General de la Naci\u00f3n","Fiscal\u00eda Colombia","Fiscal\u00eda de Colombia","Homicidio","Luz Adriana Camargo Garz\u00f3n"],"articleSection":["Noticias","Seguridad territorial"],"inLanguage":"es-CO"},{"@type":"WebPage","@id":"https:\/\/www.fiscalia.gov.co\/colombia\/noticias\/a-la-carcel-senalado-de-haber-atacado-con-un-arma-de-fuego-a-tres-personas\/","url":"https:\/\/www.fiscalia.gov.co\/colombia\/noticias\/a-la-carcel-senalado-de-haber-atacado-con-un-arma-de-fuego-a-tres-personas\/","name":"Fiscal\u00eda General de la Naci\u00f3n","isPartOf":{"@id":"https:\/\/www.fiscalia.gov.co\/colombia\/#website"},"primaryImageOfPage":{"@id":"https:\/\/www.fiscalia.gov.co\/colombia\/noticias\/a-la-carcel-senalado-de-haber-atacado-con-un-arma-de-fuego-a-tres-personas\/#primaryimage"},"image":{"@id":"https:\/\/www.fiscalia.gov.co\/colombia\/noticias\/a-la-carcel-senalado-de-haber-atacado-con-un-arma-de-fuego-a-tres-personas\/#primaryimage"},"thumbnailUrl":"https:\/\/www.fiscalia.gov.co\/colombia\/wp-content\/uploads\/Fiscalia-Colombia-Fiscal-General-de-la-Nacion-Fiscalia-de-Colombia-Fiscal-General-de-la-Nacion-Luz-Adriana-Camargo-Garzon-300x286.jpg","datePublished":"2024-03-26T16:29:02+00:00","dateModified":"2024-03-26T17:29:50+00:00","description":"P\u00e1gina oficial de la Fiscal\u00eda General de la Naci\u00f3n \u2013 Colombia. Garantizamos el acceso efectivo a la justicia, la verdad y la reparaci\u00f3n de las v\u00edctimas de los delitos.","breadcrumb":{"@id":"https:\/\/www.fiscalia.gov.co\/colombia\/noticias\/a-la-carcel-senalado-de-haber-atacado-con-un-arma-de-fuego-a-tres-personas\/#breadcrumb"},"inLanguage":"es-CO","potentialAction":[{"@type":"ReadAction","target":["https:\/\/www.fiscalia.gov.co\/colombia\/noticias\/a-la-carcel-senalado-de-haber-atacado-con-un-arma-de-fuego-a-tres-personas\/"]}]},{"@type":"ImageObject","inLanguage":"es-CO","@id":"https:\/\/www.fiscalia.gov.co\/colombia\/noticias\/a-la-carcel-senalado-de-haber-atacado-con-un-arma-de-fuego-a-tres-personas\/#primaryimage","url":"https:\/\/www.fiscalia.gov.co\/colombia\/wp-content\/uploads\/Fiscalia-Colombia-Fiscal-General-de-la-Nacion-Fiscalia-de-Colombia-Fiscal-General-de-la-Nacion-Luz-Adriana-Camargo-Garzon.jpg","contentUrl":"https:\/\/www.fiscalia.gov.co\/colombia\/wp-content\/uploads\/Fiscalia-Colombia-Fiscal-General-de-la-Nacion-Fiscalia-de-Colombia-Fiscal-General-de-la-Nacion-Luz-Adriana-Camargo-Garzon.jpg","width":742,"height":708,"caption":"En la fotograf\u00eda aparece el capturado junto a un servidor del CTI y un agente de la Polic\u00eda Nacional. En la parte superior est\u00e1 un banner de la Fiscal\u00eda General de la Naci\u00f3n"},{"@type":"BreadcrumbList","@id":"https:\/\/www.fiscalia.gov.co\/colombia\/noticias\/a-la-carcel-senalado-de-haber-atacado-con-un-arma-de-fuego-a-tres-personas\/#breadcrumb","itemListElement":[{"@type":"ListItem","position":1,"name":"Home","item":"https:\/\/www.fiscalia.gov.co\/colombia\/"},{"@type":"ListItem","position":2,"name":"A la c\u00e1rcel se\u00f1alado de haber atacado con un arma de fuego a tres personas"}]},{"@type":"WebSite","@id":"https:\/\/www.fiscalia.gov.co\/colombia\/#website","url":"https:\/\/www.fiscalia.gov.co\/colombia\/","name":"Fiscal\u00eda General de la Naci\u00f3n","description":"P\u00e1gina oficial de la Fiscal\u00eda General de la Naci\u00f3n \u2013 Colombia. Garantizamos el acceso efectivo a la justicia, la verdad y la reparaci\u00f3n de las v\u00edctimas de los delitos.","publisher":{"@id":"https:\/\/www.fiscalia.gov.co\/colombia\/#organization"},"potentialAction":[{"@type":"SearchAction","target":{"@type":"EntryPoint","urlTemplate":"https:\/\/www.fiscalia.gov.co\/colombia\/?s={search_term_string}"},"query-input":{"@type":"PropertyValueSpecification","valueRequired":true,"valueName":"search_term_string"}}],"inLanguage":"es-CO"},{"@type":"Organization","@id":"https:\/\/www.fiscalia.gov.co\/colombia\/#organization","name":"Fiscal\u00eda General de la Naci\u00f3n","url":"https:\/\/www.fiscalia.gov.co\/colombia\/","logo":{"@type":"ImageObject","inLanguage":"es-CO","@id":"https:\/\/www.fiscalia.gov.co\/colombia\/#\/schema\/logo\/image\/","url":"https:\/\/www.fiscalia.gov.co\/colombia\/wp-content\/uploads\/LogoHorizontal_1.jpg","contentUrl":"https:\/\/www.fiscalia.gov.co\/colombia\/wp-content\/uploads\/LogoHorizontal_1.jpg","width":300,"height":90,"caption":"Fiscal\u00eda General de la Naci\u00f3n"},"image":{"@id":"https:\/\/www.fiscalia.gov.co\/colombia\/#\/schema\/logo\/image\/"},"sameAs":["https:\/\/www.facebook.com\/FiscaliaCol","https:\/\/x.com\/FiscaliaCol","https:\/\/www.instagram.com\/fiscaliacol","https:\/\/www.linkedin.com\/company\/fiscalia-general-de-la-naci-n\/","https:\/\/youtube.com\/@fiscaliageneraldelanacion-4668?si=6nN79nyQICPU5iTh"]},{"@type":"Person","@id":"https:\/\/www.fiscalia.gov.co\/colombia\/#\/schema\/person\/ba9eca435947489fb25117a0cd75bf3e","name":"Johanna Islenny Prieto Pe\u00f1a","image":{"@type":"ImageObject","inLanguage":"es-CO","@id":"https:\/\/www.fiscalia.gov.co\/colombia\/#\/schema\/person\/image\/","url":"https:\/\/secure.gravatar.com\/avatar\/111433fc2acb037ffb768f6a3ca47864?s=96&d=mm&r=g","contentUrl":"https:\/\/secure.gravatar.com\/avatar\/111433fc2acb037ffb768f6a3ca47864?s=96&d=mm&r=g","caption":"Johanna Islenny Prieto Pe\u00f1a"},"url":"https:\/\/www.fiscalia.gov.co\/colombia\/author\/jprietop\/"}]}},"_links":{"self":[{"href":"https:\/\/www.fiscalia.gov.co\/colombia\/wp-json\/wp\/v2\/posts\/291807","targetHints":{"allow":["GET"]}}],"collection":[{"href":"https:\/\/www.fiscalia.gov.co\/colombia\/wp-json\/wp\/v2\/posts"}],"about":[{"href":"https:\/\/www.fiscalia.gov.co\/colombia\/wp-json\/wp\/v2\/types\/post"}],"author":[{"embeddable":true,"href":"https:\/\/www.fiscalia.gov.co\/colombia\/wp-json\/wp\/v2\/users\/181"}],"replies":[{"embeddable":true,"href":"https:\/\/www.fiscalia.gov.co\/colombia\/wp-json\/wp\/v2\/comments?post=291807"}],"version-history":[{"count":3,"href":"https:\/\/www.fiscalia.gov.co\/colombia\/wp-json\/wp\/v2\/posts\/291807\/revisions"}],"predecessor-version":[{"id":291830,"href":"https:\/\/www.fiscalia.gov.co\/colombia\/wp-json\/wp\/v2\/posts\/291807\/revisions\/291830"}],"wp:attachment":[{"href":"https:\/\/www.fiscalia.gov.co\/colombia\/wp-json\/wp\/v2\/media?parent=291807"}],"wp:term":[{"taxonomy":"category","embeddable":true,"href":"https:\/\/www.fiscalia.gov.co\/colombia\/wp-json\/wp\/v2\/categories?post=291807"},{"taxonomy":"post_tag","embeddable":true,"href":"https:\/\/www.fiscalia.gov.co\/colombia\/wp-json\/wp\/v2\/tags?post=291807"}],"curies":[{"name":"wp","href":"https:\/\/api.w.org\/{rel}","templated":true}]}}