{"id":291749,"date":"2024-03-22T18:12:55","date_gmt":"2024-03-22T23:12:55","guid":{"rendered":"https:\/\/www.fiscalia.gov.co\/colombia\/?p=291749"},"modified":"2024-03-22T18:12:55","modified_gmt":"2024-03-22T23:12:55","slug":"carcel-para-un-soldado-y-un-profesor-por-su-presunta-responsabilidad-en-delitos-sexuales-contra-menores-de-edad-en-huila","status":"publish","type":"post","link":"https:\/\/www.fiscalia.gov.co\/colombia\/noticias\/carcel-para-un-soldado-y-un-profesor-por-su-presunta-responsabilidad-en-delitos-sexuales-contra-menores-de-edad-en-huila\/","title":{"rendered":"C\u00e1rcel para un soldado y un profesor por su presunta responsabilidad en delitos sexuales contra menores de edad en Huila"},"content":{"rendered":"<p>La Fiscal\u00eda General de la Naci\u00f3n logr\u00f3 que jueces de control de garant\u00edas privaran de la libertad en establecimiento carcelario a dos hombres que habr\u00edan abusado sexualmente a menores de edad, en hechos diferentes ocurridos en Huila.<\/p>\n<figure id=\"attachment_291750\" aria-describedby=\"caption-attachment-291750\" style=\"width: 235px\" class=\"wp-caption alignleft\"><img loading=\"lazy\" decoding=\"async\" class=\"size-medium wp-image-291750\" src=\"https:\/\/www.fiscalia.gov.co\/colombia\/wp-content\/uploads\/Caso-del-soldado-JULIAN-ANDRES-ALMARIO-PERDOMO-235x300.jpeg\" alt=\"El judicializado se encuentran esposados y en custodia por un funcionario del Cuerpo T\u00e9cnico de Investigaci\u00f3n CTI Seccional Huila\" width=\"235\" height=\"300\" srcset=\"https:\/\/www.fiscalia.gov.co\/colombia\/wp-content\/uploads\/Caso-del-soldado-JULIAN-ANDRES-ALMARIO-PERDOMO-235x300.jpeg 235w, https:\/\/www.fiscalia.gov.co\/colombia\/wp-content\/uploads\/Caso-del-soldado-JULIAN-ANDRES-ALMARIO-PERDOMO-696x888.jpeg 696w, https:\/\/www.fiscalia.gov.co\/colombia\/wp-content\/uploads\/Caso-del-soldado-JULIAN-ANDRES-ALMARIO-PERDOMO-329x420.jpeg 329w, https:\/\/www.fiscalia.gov.co\/colombia\/wp-content\/uploads\/Caso-del-soldado-JULIAN-ANDRES-ALMARIO-PERDOMO.jpeg 705w\" sizes=\"auto, (max-width: 235px) 100vw, 235px\" \/><figcaption id=\"caption-attachment-291750\" class=\"wp-caption-text\">El soldado profesional de 31 a\u00f1os, al parecer, someti\u00f3 a todo tipo de vej\u00e1menes sexuales a sus hijos de 7 y 5 a\u00f1os de edad. Se presume que, cuando el hombre sal\u00eda de permiso de su trabajo aprovechaba los momentos para abusar de los menores. Los ataques ocurrieron entre enero y marzo de este a\u00f1o.<\/figcaption><\/figure>\n<p>Uno de los casos sucedi\u00f3 en\u00a0el barrio Los Pinos de Neiva, donde un soldado profesional de 31 a\u00f1os, al parecer, someti\u00f3 a todo tipo de vej\u00e1menes sexuales a sus hijos de 7 y 5 a\u00f1os de edad. Se presume que, cuando el hombre sal\u00eda de permiso de su trabajo aprovechaba los momentos para abusar de los menores. Los ataques ocurrieron entre enero y marzo de este a\u00f1o.<\/p>\n<p>El procesado fue capturado el pasado 14 de marzo, en un batall\u00f3n de Florencia (Caquet\u00e1), por servidores del Cuerpo T\u00e9cnico de Investigaci\u00f3n (CTI). En audiencias concentradas la Fiscal\u00eda le imput\u00f3 los delitos de los delitos de acceso carnal con menor de 14 a\u00f1os en concurso homog\u00e9neo y sucesivo agravado, en concurso heterog\u00e9neo con actos sexuales abusivos con menor de 14 a\u00f1os agravados en concurso homog\u00e9neo y sucesivo.<\/p>\n<p>&nbsp;<\/p>\n<p>Por su parte,\u00a0una fiscal de infancia y adolescencia judicializ\u00f3 a Humberto Ariza Ordo\u00f1ez, de 35 a\u00f1os, por su presunta responsabilidad en el delito de acto sexual violento.<\/p>\n<figure id=\"attachment_291751\" aria-describedby=\"caption-attachment-291751\" style=\"width: 300px\" class=\"wp-caption aligncenter\"><img loading=\"lazy\" decoding=\"async\" class=\"size-medium wp-image-291751\" src=\"https:\/\/www.fiscalia.gov.co\/colombia\/wp-content\/uploads\/Caso-del-docente-Humberto-Ariza-Ordonez-300x207.jpeg\" alt=\"El judicializado se encuentran esposados y en custodia por un funcionario de la Polic\u00eda Nacional\" width=\"300\" height=\"207\" srcset=\"https:\/\/www.fiscalia.gov.co\/colombia\/wp-content\/uploads\/Caso-del-docente-Humberto-Ariza-Ordonez-300x207.jpeg 300w, https:\/\/www.fiscalia.gov.co\/colombia\/wp-content\/uploads\/Caso-del-docente-Humberto-Ariza-Ordonez-1024x707.jpeg 1024w, https:\/\/www.fiscalia.gov.co\/colombia\/wp-content\/uploads\/Caso-del-docente-Humberto-Ariza-Ordonez-768x530.jpeg 768w, https:\/\/www.fiscalia.gov.co\/colombia\/wp-content\/uploads\/Caso-del-docente-Humberto-Ariza-Ordonez-218x150.jpeg 218w, https:\/\/www.fiscalia.gov.co\/colombia\/wp-content\/uploads\/Caso-del-docente-Humberto-Ariza-Ordonez-696x481.jpeg 696w, https:\/\/www.fiscalia.gov.co\/colombia\/wp-content\/uploads\/Caso-del-docente-Humberto-Ariza-Ordonez-1068x737.jpeg 1068w, https:\/\/www.fiscalia.gov.co\/colombia\/wp-content\/uploads\/Caso-del-docente-Humberto-Ariza-Ordonez-608x420.jpeg 608w, https:\/\/www.fiscalia.gov.co\/colombia\/wp-content\/uploads\/Caso-del-docente-Humberto-Ariza-Ordonez-100x70.jpeg 100w, https:\/\/www.fiscalia.gov.co\/colombia\/wp-content\/uploads\/Caso-del-docente-Humberto-Ariza-Ordonez.jpeg 1302w\" sizes=\"auto, (max-width: 300px) 100vw, 300px\" \/><figcaption id=\"caption-attachment-291751\" class=\"wp-caption-text\">Seg\u00fan la investigaci\u00f3n adelantada, el hombre, quien es profesor de un colegio, ubicado en el municipio de Acevedo de esa localidad habr\u00eda abusado sexualmente de un menor de 6 a\u00f1os dentro de un ba\u00f1o de las instalaciones del plantel educativo. Los hechos se registraron en julio de 2023.<\/figcaption><\/figure>\n<p>Seg\u00fan la investigaci\u00f3n adelantada, el hombre, quien es profesor de un colegio, ubicado en\u00a0el municipio de Acevedo de esa localidad habr\u00eda abusado sexualmente de un menor de 6 a\u00f1os dentro de un ba\u00f1o de las instalaciones del plantel educativo. Los hechos se registraron en julio de 2023.<\/p>\n<p>El docente fue capturado el 20 de marzo reciente\u00a0mediante orden judicial por personal de la Sijin\u00a0y\u00a0CTI.<\/p>\n<p>&nbsp;<\/p>\n<p>&nbsp;<\/p>\n<p><b><u>La Fiscal\u00eda habla con resultados.<\/u><\/b><\/p>\n<p>WAGG\/MG\/HS\/SC\/DFHI\/DSH<\/p>\n<p>&nbsp;<\/p>\n<p>&nbsp;<\/p>\n<p><i><span style=\"font-weight: 400;\">La informaci\u00f3n contenida en este bolet\u00edn de prensa corresponde a la narraci\u00f3n de los hechos noticiosos objetivos, suministrados por los funcionarios encargados de adelantar las investigaciones penales al interior de la Fiscal\u00eda General de la Naci\u00f3n. Para el momento de la divulgaci\u00f3n de este comunicado, la situaci\u00f3n jur\u00eddica de la(s) persona(s) relacionada(s) se encuentra pendiente de resolver por la autoridad judicial competente, siempre bajo los preceptos de la presunci\u00f3n de inocencia, consagrados en el art\u00edculo 29 de la Constituci\u00f3n Pol\u00edtica y el art\u00edculo 7\u00ba de la Ley 906 de 2004.<\/span><\/i><\/p>\n\n<div class=\"twitter-share\"><a href=\"https:\/\/twitter.com\/intent\/tweet?via=fiscaliacol\" class=\"twitter-share-button\">Tweet<\/a><\/div>\n","protected":false},"excerpt":{"rendered":"<p>La Fiscal\u00eda General de la Naci\u00f3n logr\u00f3 que jueces de control de garant\u00edas privaran de la libertad en establecimiento carcelario a dos hombres que habr\u00edan abusado sexualmente a menores de edad, en hechos diferentes ocurridos en Huila. Uno de los casos sucedi\u00f3 en\u00a0el barrio Los Pinos de Neiva, donde un soldado profesional de 31 a\u00f1os, [&hellip;]<\/p>\n","protected":false},"author":180,"featured_media":0,"comment_status":"closed","ping_status":"open","sticky":false,"template":"","format":"standard","meta":{"tdm_status":"","tdm_grid_status":"","footnotes":""},"categories":[1,24127],"tags":[801,941,1047,24315,2464,23833,31720,24485,17445],"class_list":{"0":"post-291749","1":"post","2":"type-post","3":"status-publish","4":"format-standard","6":"category-noticias","7":"category-violencia-sexual-e-intrafamiliar","8":"tag-abuso-sexual","9":"tag-aseguramiento","10":"tag-fiscalia-general-de-la-nacion","11":"tag-intramuros","12":"tag-menores","13":"tag-neiva","14":"tag-neiva-huila","15":"tag-seccional-huila","16":"tag-victima"},"yoast_head":"<!-- This site is optimized with the Yoast SEO plugin v24.3 - https:\/\/yoast.com\/wordpress\/plugins\/seo\/ -->\n<title>Fiscal\u00eda General de la Naci\u00f3n<\/title>\n<meta name=\"description\" content=\"P\u00e1gina oficial de la Fiscal\u00eda General de la Naci\u00f3n \u2013 Colombia. Garantizamos el acceso efectivo a la justicia, la verdad y la reparaci\u00f3n de las v\u00edctimas de los delitos.\" \/>\n<meta name=\"robots\" content=\"noindex, follow\" \/>\n<meta property=\"og:locale\" content=\"es_ES\" \/>\n<meta property=\"og:type\" content=\"article\" \/>\n<meta property=\"og:title\" content=\"Fiscal\u00eda General de la Naci\u00f3n\" \/>\n<meta property=\"og:description\" content=\"P\u00e1gina oficial de la Fiscal\u00eda General de la Naci\u00f3n \u2013 Colombia. Garantizamos el acceso efectivo a la justicia, la verdad y la reparaci\u00f3n de las v\u00edctimas de los delitos.\" \/>\n<meta property=\"og:url\" content=\"https:\/\/www.fiscalia.gov.co\/colombia\/noticias\/carcel-para-un-soldado-y-un-profesor-por-su-presunta-responsabilidad-en-delitos-sexuales-contra-menores-de-edad-en-huila\/\" \/>\n<meta property=\"og:site_name\" content=\"Fiscal\u00eda General de la Naci\u00f3n\" \/>\n<meta property=\"article:publisher\" content=\"https:\/\/www.facebook.com\/FiscaliaCol\" \/>\n<meta property=\"article:published_time\" content=\"2024-03-22T23:12:55+00:00\" \/>\n<meta property=\"og:image\" content=\"https:\/\/www.fiscalia.gov.co\/colombia\/wp-content\/uploads\/Caso-del-soldado-JULIAN-ANDRES-ALMARIO-PERDOMO-235x300.jpeg\" \/>\n<meta name=\"author\" content=\"Paula Andrea Munera Due\u00f1as\" \/>\n<meta name=\"twitter:card\" content=\"summary_large_image\" \/>\n<meta name=\"twitter:creator\" content=\"@FiscaliaCol\" \/>\n<meta name=\"twitter:site\" content=\"@FiscaliaCol\" \/>\n<meta name=\"twitter:label1\" content=\"Escrito por\" \/>\n\t<meta name=\"twitter:data1\" content=\"Paula Andrea Munera Due\u00f1as\" \/>\n\t<meta name=\"twitter:label2\" content=\"Tiempo de lectura\" \/>\n\t<meta name=\"twitter:data2\" content=\"3 minutos\" \/>\n<script type=\"application\/ld+json\" class=\"yoast-schema-graph\">{\"@context\":\"https:\/\/schema.org\",\"@graph\":[{\"@type\":\"Article\",\"@id\":\"https:\/\/www.fiscalia.gov.co\/colombia\/noticias\/carcel-para-un-soldado-y-un-profesor-por-su-presunta-responsabilidad-en-delitos-sexuales-contra-menores-de-edad-en-huila\/#article\",\"isPartOf\":{\"@id\":\"https:\/\/www.fiscalia.gov.co\/colombia\/noticias\/carcel-para-un-soldado-y-un-profesor-por-su-presunta-responsabilidad-en-delitos-sexuales-contra-menores-de-edad-en-huila\/\"},\"author\":{\"name\":\"Paula Andrea Munera Due\u00f1as\",\"@id\":\"https:\/\/www.fiscalia.gov.co\/colombia\/#\/schema\/person\/b9e2848713ad5020d250209ba0f31a88\"},\"headline\":\"C\u00e1rcel para un soldado y un profesor por su presunta responsabilidad en delitos sexuales contra menores de edad en Huila\",\"datePublished\":\"2024-03-22T23:12:55+00:00\",\"dateModified\":\"2024-03-22T23:12:55+00:00\",\"mainEntityOfPage\":{\"@id\":\"https:\/\/www.fiscalia.gov.co\/colombia\/noticias\/carcel-para-un-soldado-y-un-profesor-por-su-presunta-responsabilidad-en-delitos-sexuales-contra-menores-de-edad-en-huila\/\"},\"wordCount\":544,\"publisher\":{\"@id\":\"https:\/\/www.fiscalia.gov.co\/colombia\/#organization\"},\"image\":{\"@id\":\"https:\/\/www.fiscalia.gov.co\/colombia\/noticias\/carcel-para-un-soldado-y-un-profesor-por-su-presunta-responsabilidad-en-delitos-sexuales-contra-menores-de-edad-en-huila\/#primaryimage\"},\"thumbnailUrl\":\"https:\/\/www.fiscalia.gov.co\/colombia\/wp-content\/uploads\/Caso-del-soldado-JULIAN-ANDRES-ALMARIO-PERDOMO-235x300.jpeg\",\"keywords\":[\"Abuso sexual\",\"Aseguramiento\",\"Fiscal\u00eda General de la Naci\u00f3n\",\"intramuros\",\"Menores\",\"Neiva\",\"Neiva (Huila)\",\"Seccional Huila\",\"V\u00edctima\"],\"articleSection\":[\"Noticias\",\"Violencia sexual e intrafamiliar\"],\"inLanguage\":\"es-CO\"},{\"@type\":\"WebPage\",\"@id\":\"https:\/\/www.fiscalia.gov.co\/colombia\/noticias\/carcel-para-un-soldado-y-un-profesor-por-su-presunta-responsabilidad-en-delitos-sexuales-contra-menores-de-edad-en-huila\/\",\"url\":\"https:\/\/www.fiscalia.gov.co\/colombia\/noticias\/carcel-para-un-soldado-y-un-profesor-por-su-presunta-responsabilidad-en-delitos-sexuales-contra-menores-de-edad-en-huila\/\",\"name\":\"Fiscal\u00eda General de la Naci\u00f3n\",\"isPartOf\":{\"@id\":\"https:\/\/www.fiscalia.gov.co\/colombia\/#website\"},\"primaryImageOfPage\":{\"@id\":\"https:\/\/www.fiscalia.gov.co\/colombia\/noticias\/carcel-para-un-soldado-y-un-profesor-por-su-presunta-responsabilidad-en-delitos-sexuales-contra-menores-de-edad-en-huila\/#primaryimage\"},\"image\":{\"@id\":\"https:\/\/www.fiscalia.gov.co\/colombia\/noticias\/carcel-para-un-soldado-y-un-profesor-por-su-presunta-responsabilidad-en-delitos-sexuales-contra-menores-de-edad-en-huila\/#primaryimage\"},\"thumbnailUrl\":\"https:\/\/www.fiscalia.gov.co\/colombia\/wp-content\/uploads\/Caso-del-soldado-JULIAN-ANDRES-ALMARIO-PERDOMO-235x300.jpeg\",\"datePublished\":\"2024-03-22T23:12:55+00:00\",\"dateModified\":\"2024-03-22T23:12:55+00:00\",\"description\":\"P\u00e1gina oficial de la Fiscal\u00eda General de la Naci\u00f3n \u2013 Colombia. Garantizamos el acceso efectivo a la justicia, la verdad y la reparaci\u00f3n de las v\u00edctimas de los delitos.\",\"breadcrumb\":{\"@id\":\"https:\/\/www.fiscalia.gov.co\/colombia\/noticias\/carcel-para-un-soldado-y-un-profesor-por-su-presunta-responsabilidad-en-delitos-sexuales-contra-menores-de-edad-en-huila\/#breadcrumb\"},\"inLanguage\":\"es-CO\",\"potentialAction\":[{\"@type\":\"ReadAction\",\"target\":[\"https:\/\/www.fiscalia.gov.co\/colombia\/noticias\/carcel-para-un-soldado-y-un-profesor-por-su-presunta-responsabilidad-en-delitos-sexuales-contra-menores-de-edad-en-huila\/\"]}]},{\"@type\":\"ImageObject\",\"inLanguage\":\"es-CO\",\"@id\":\"https:\/\/www.fiscalia.gov.co\/colombia\/noticias\/carcel-para-un-soldado-y-un-profesor-por-su-presunta-responsabilidad-en-delitos-sexuales-contra-menores-de-edad-en-huila\/#primaryimage\",\"url\":\"https:\/\/www.fiscalia.gov.co\/colombia\/wp-content\/uploads\/Caso-del-soldado-JULIAN-ANDRES-ALMARIO-PERDOMO-235x300.jpeg\",\"contentUrl\":\"https:\/\/www.fiscalia.gov.co\/colombia\/wp-content\/uploads\/Caso-del-soldado-JULIAN-ANDRES-ALMARIO-PERDOMO-235x300.jpeg\"},{\"@type\":\"BreadcrumbList\",\"@id\":\"https:\/\/www.fiscalia.gov.co\/colombia\/noticias\/carcel-para-un-soldado-y-un-profesor-por-su-presunta-responsabilidad-en-delitos-sexuales-contra-menores-de-edad-en-huila\/#breadcrumb\",\"itemListElement\":[{\"@type\":\"ListItem\",\"position\":1,\"name\":\"Home\",\"item\":\"https:\/\/www.fiscalia.gov.co\/colombia\/\"},{\"@type\":\"ListItem\",\"position\":2,\"name\":\"C\u00e1rcel para un soldado y un profesor por su presunta responsabilidad en delitos sexuales contra menores de edad en Huila\"}]},{\"@type\":\"WebSite\",\"@id\":\"https:\/\/www.fiscalia.gov.co\/colombia\/#website\",\"url\":\"https:\/\/www.fiscalia.gov.co\/colombia\/\",\"name\":\"Fiscal\u00eda General de la Naci\u00f3n\",\"description\":\"P\u00e1gina oficial de la Fiscal\u00eda General de la Naci\u00f3n \u2013 Colombia. Garantizamos el acceso efectivo a la justicia, la verdad y la reparaci\u00f3n de las v\u00edctimas de los delitos.\",\"publisher\":{\"@id\":\"https:\/\/www.fiscalia.gov.co\/colombia\/#organization\"},\"potentialAction\":[{\"@type\":\"SearchAction\",\"target\":{\"@type\":\"EntryPoint\",\"urlTemplate\":\"https:\/\/www.fiscalia.gov.co\/colombia\/?s={search_term_string}\"},\"query-input\":{\"@type\":\"PropertyValueSpecification\",\"valueRequired\":true,\"valueName\":\"search_term_string\"}}],\"inLanguage\":\"es-CO\"},{\"@type\":\"Organization\",\"@id\":\"https:\/\/www.fiscalia.gov.co\/colombia\/#organization\",\"name\":\"Fiscal\u00eda General de la Naci\u00f3n\",\"url\":\"https:\/\/www.fiscalia.gov.co\/colombia\/\",\"logo\":{\"@type\":\"ImageObject\",\"inLanguage\":\"es-CO\",\"@id\":\"https:\/\/www.fiscalia.gov.co\/colombia\/#\/schema\/logo\/image\/\",\"url\":\"https:\/\/www.fiscalia.gov.co\/colombia\/wp-content\/uploads\/LogoHorizontal_1.jpg\",\"contentUrl\":\"https:\/\/www.fiscalia.gov.co\/colombia\/wp-content\/uploads\/LogoHorizontal_1.jpg\",\"width\":300,\"height\":90,\"caption\":\"Fiscal\u00eda General de la Naci\u00f3n\"},\"image\":{\"@id\":\"https:\/\/www.fiscalia.gov.co\/colombia\/#\/schema\/logo\/image\/\"},\"sameAs\":[\"https:\/\/www.facebook.com\/FiscaliaCol\",\"https:\/\/x.com\/FiscaliaCol\",\"https:\/\/www.instagram.com\/fiscaliacol\",\"https:\/\/www.linkedin.com\/company\/fiscalia-general-de-la-naci-n\/\",\"https:\/\/youtube.com\/@fiscaliageneraldelanacion-4668?si=6nN79nyQICPU5iTh\"]},{\"@type\":\"Person\",\"@id\":\"https:\/\/www.fiscalia.gov.co\/colombia\/#\/schema\/person\/b9e2848713ad5020d250209ba0f31a88\",\"name\":\"Paula Andrea Munera Due\u00f1as\",\"image\":{\"@type\":\"ImageObject\",\"inLanguage\":\"es-CO\",\"@id\":\"https:\/\/www.fiscalia.gov.co\/colombia\/#\/schema\/person\/image\/\",\"url\":\"https:\/\/secure.gravatar.com\/avatar\/4f70b6bf7197f2e2c55ba345c88d6e12?s=96&d=mm&r=g\",\"contentUrl\":\"https:\/\/secure.gravatar.com\/avatar\/4f70b6bf7197f2e2c55ba345c88d6e12?s=96&d=mm&r=g\",\"caption\":\"Paula Andrea Munera Due\u00f1as\"},\"url\":\"https:\/\/www.fiscalia.gov.co\/colombia\/author\/muneradpaula\/\"}]}<\/script>\n<!-- \/ Yoast SEO plugin. -->","yoast_head_json":{"title":"Fiscal\u00eda General de la Naci\u00f3n","description":"P\u00e1gina oficial de la Fiscal\u00eda General de la Naci\u00f3n \u2013 Colombia. Garantizamos el acceso efectivo a la justicia, la verdad y la reparaci\u00f3n de las v\u00edctimas de los delitos.","robots":{"index":"noindex","follow":"follow"},"og_locale":"es_ES","og_type":"article","og_title":"Fiscal\u00eda General de la Naci\u00f3n","og_description":"P\u00e1gina oficial de la Fiscal\u00eda General de la Naci\u00f3n \u2013 Colombia. Garantizamos el acceso efectivo a la justicia, la verdad y la reparaci\u00f3n de las v\u00edctimas de los delitos.","og_url":"https:\/\/www.fiscalia.gov.co\/colombia\/noticias\/carcel-para-un-soldado-y-un-profesor-por-su-presunta-responsabilidad-en-delitos-sexuales-contra-menores-de-edad-en-huila\/","og_site_name":"Fiscal\u00eda General de la Naci\u00f3n","article_publisher":"https:\/\/www.facebook.com\/FiscaliaCol","article_published_time":"2024-03-22T23:12:55+00:00","og_image":[{"url":"https:\/\/www.fiscalia.gov.co\/colombia\/wp-content\/uploads\/Caso-del-soldado-JULIAN-ANDRES-ALMARIO-PERDOMO-235x300.jpeg","type":"","width":"","height":""}],"author":"Paula Andrea Munera Due\u00f1as","twitter_card":"summary_large_image","twitter_creator":"@FiscaliaCol","twitter_site":"@FiscaliaCol","twitter_misc":{"Escrito por":"Paula Andrea Munera Due\u00f1as","Tiempo de lectura":"3 minutos"},"schema":{"@context":"https:\/\/schema.org","@graph":[{"@type":"Article","@id":"https:\/\/www.fiscalia.gov.co\/colombia\/noticias\/carcel-para-un-soldado-y-un-profesor-por-su-presunta-responsabilidad-en-delitos-sexuales-contra-menores-de-edad-en-huila\/#article","isPartOf":{"@id":"https:\/\/www.fiscalia.gov.co\/colombia\/noticias\/carcel-para-un-soldado-y-un-profesor-por-su-presunta-responsabilidad-en-delitos-sexuales-contra-menores-de-edad-en-huila\/"},"author":{"name":"Paula Andrea Munera Due\u00f1as","@id":"https:\/\/www.fiscalia.gov.co\/colombia\/#\/schema\/person\/b9e2848713ad5020d250209ba0f31a88"},"headline":"C\u00e1rcel para un soldado y un profesor por su presunta responsabilidad en delitos sexuales contra menores de edad en Huila","datePublished":"2024-03-22T23:12:55+00:00","dateModified":"2024-03-22T23:12:55+00:00","mainEntityOfPage":{"@id":"https:\/\/www.fiscalia.gov.co\/colombia\/noticias\/carcel-para-un-soldado-y-un-profesor-por-su-presunta-responsabilidad-en-delitos-sexuales-contra-menores-de-edad-en-huila\/"},"wordCount":544,"publisher":{"@id":"https:\/\/www.fiscalia.gov.co\/colombia\/#organization"},"image":{"@id":"https:\/\/www.fiscalia.gov.co\/colombia\/noticias\/carcel-para-un-soldado-y-un-profesor-por-su-presunta-responsabilidad-en-delitos-sexuales-contra-menores-de-edad-en-huila\/#primaryimage"},"thumbnailUrl":"https:\/\/www.fiscalia.gov.co\/colombia\/wp-content\/uploads\/Caso-del-soldado-JULIAN-ANDRES-ALMARIO-PERDOMO-235x300.jpeg","keywords":["Abuso sexual","Aseguramiento","Fiscal\u00eda General de la Naci\u00f3n","intramuros","Menores","Neiva","Neiva (Huila)","Seccional Huila","V\u00edctima"],"articleSection":["Noticias","Violencia sexual e intrafamiliar"],"inLanguage":"es-CO"},{"@type":"WebPage","@id":"https:\/\/www.fiscalia.gov.co\/colombia\/noticias\/carcel-para-un-soldado-y-un-profesor-por-su-presunta-responsabilidad-en-delitos-sexuales-contra-menores-de-edad-en-huila\/","url":"https:\/\/www.fiscalia.gov.co\/colombia\/noticias\/carcel-para-un-soldado-y-un-profesor-por-su-presunta-responsabilidad-en-delitos-sexuales-contra-menores-de-edad-en-huila\/","name":"Fiscal\u00eda General de la Naci\u00f3n","isPartOf":{"@id":"https:\/\/www.fiscalia.gov.co\/colombia\/#website"},"primaryImageOfPage":{"@id":"https:\/\/www.fiscalia.gov.co\/colombia\/noticias\/carcel-para-un-soldado-y-un-profesor-por-su-presunta-responsabilidad-en-delitos-sexuales-contra-menores-de-edad-en-huila\/#primaryimage"},"image":{"@id":"https:\/\/www.fiscalia.gov.co\/colombia\/noticias\/carcel-para-un-soldado-y-un-profesor-por-su-presunta-responsabilidad-en-delitos-sexuales-contra-menores-de-edad-en-huila\/#primaryimage"},"thumbnailUrl":"https:\/\/www.fiscalia.gov.co\/colombia\/wp-content\/uploads\/Caso-del-soldado-JULIAN-ANDRES-ALMARIO-PERDOMO-235x300.jpeg","datePublished":"2024-03-22T23:12:55+00:00","dateModified":"2024-03-22T23:12:55+00:00","description":"P\u00e1gina oficial de la Fiscal\u00eda General de la Naci\u00f3n \u2013 Colombia. Garantizamos el acceso efectivo a la justicia, la verdad y la reparaci\u00f3n de las v\u00edctimas de los delitos.","breadcrumb":{"@id":"https:\/\/www.fiscalia.gov.co\/colombia\/noticias\/carcel-para-un-soldado-y-un-profesor-por-su-presunta-responsabilidad-en-delitos-sexuales-contra-menores-de-edad-en-huila\/#breadcrumb"},"inLanguage":"es-CO","potentialAction":[{"@type":"ReadAction","target":["https:\/\/www.fiscalia.gov.co\/colombia\/noticias\/carcel-para-un-soldado-y-un-profesor-por-su-presunta-responsabilidad-en-delitos-sexuales-contra-menores-de-edad-en-huila\/"]}]},{"@type":"ImageObject","inLanguage":"es-CO","@id":"https:\/\/www.fiscalia.gov.co\/colombia\/noticias\/carcel-para-un-soldado-y-un-profesor-por-su-presunta-responsabilidad-en-delitos-sexuales-contra-menores-de-edad-en-huila\/#primaryimage","url":"https:\/\/www.fiscalia.gov.co\/colombia\/wp-content\/uploads\/Caso-del-soldado-JULIAN-ANDRES-ALMARIO-PERDOMO-235x300.jpeg","contentUrl":"https:\/\/www.fiscalia.gov.co\/colombia\/wp-content\/uploads\/Caso-del-soldado-JULIAN-ANDRES-ALMARIO-PERDOMO-235x300.jpeg"},{"@type":"BreadcrumbList","@id":"https:\/\/www.fiscalia.gov.co\/colombia\/noticias\/carcel-para-un-soldado-y-un-profesor-por-su-presunta-responsabilidad-en-delitos-sexuales-contra-menores-de-edad-en-huila\/#breadcrumb","itemListElement":[{"@type":"ListItem","position":1,"name":"Home","item":"https:\/\/www.fiscalia.gov.co\/colombia\/"},{"@type":"ListItem","position":2,"name":"C\u00e1rcel para un soldado y un profesor por su presunta responsabilidad en delitos sexuales contra menores de edad en Huila"}]},{"@type":"WebSite","@id":"https:\/\/www.fiscalia.gov.co\/colombia\/#website","url":"https:\/\/www.fiscalia.gov.co\/colombia\/","name":"Fiscal\u00eda General de la Naci\u00f3n","description":"P\u00e1gina oficial de la Fiscal\u00eda General de la Naci\u00f3n \u2013 Colombia. Garantizamos el acceso efectivo a la justicia, la verdad y la reparaci\u00f3n de las v\u00edctimas de los delitos.","publisher":{"@id":"https:\/\/www.fiscalia.gov.co\/colombia\/#organization"},"potentialAction":[{"@type":"SearchAction","target":{"@type":"EntryPoint","urlTemplate":"https:\/\/www.fiscalia.gov.co\/colombia\/?s={search_term_string}"},"query-input":{"@type":"PropertyValueSpecification","valueRequired":true,"valueName":"search_term_string"}}],"inLanguage":"es-CO"},{"@type":"Organization","@id":"https:\/\/www.fiscalia.gov.co\/colombia\/#organization","name":"Fiscal\u00eda General de la Naci\u00f3n","url":"https:\/\/www.fiscalia.gov.co\/colombia\/","logo":{"@type":"ImageObject","inLanguage":"es-CO","@id":"https:\/\/www.fiscalia.gov.co\/colombia\/#\/schema\/logo\/image\/","url":"https:\/\/www.fiscalia.gov.co\/colombia\/wp-content\/uploads\/LogoHorizontal_1.jpg","contentUrl":"https:\/\/www.fiscalia.gov.co\/colombia\/wp-content\/uploads\/LogoHorizontal_1.jpg","width":300,"height":90,"caption":"Fiscal\u00eda General de la Naci\u00f3n"},"image":{"@id":"https:\/\/www.fiscalia.gov.co\/colombia\/#\/schema\/logo\/image\/"},"sameAs":["https:\/\/www.facebook.com\/FiscaliaCol","https:\/\/x.com\/FiscaliaCol","https:\/\/www.instagram.com\/fiscaliacol","https:\/\/www.linkedin.com\/company\/fiscalia-general-de-la-naci-n\/","https:\/\/youtube.com\/@fiscaliageneraldelanacion-4668?si=6nN79nyQICPU5iTh"]},{"@type":"Person","@id":"https:\/\/www.fiscalia.gov.co\/colombia\/#\/schema\/person\/b9e2848713ad5020d250209ba0f31a88","name":"Paula Andrea Munera Due\u00f1as","image":{"@type":"ImageObject","inLanguage":"es-CO","@id":"https:\/\/www.fiscalia.gov.co\/colombia\/#\/schema\/person\/image\/","url":"https:\/\/secure.gravatar.com\/avatar\/4f70b6bf7197f2e2c55ba345c88d6e12?s=96&d=mm&r=g","contentUrl":"https:\/\/secure.gravatar.com\/avatar\/4f70b6bf7197f2e2c55ba345c88d6e12?s=96&d=mm&r=g","caption":"Paula Andrea Munera Due\u00f1as"},"url":"https:\/\/www.fiscalia.gov.co\/colombia\/author\/muneradpaula\/"}]}},"_links":{"self":[{"href":"https:\/\/www.fiscalia.gov.co\/colombia\/wp-json\/wp\/v2\/posts\/291749","targetHints":{"allow":["GET"]}}],"collection":[{"href":"https:\/\/www.fiscalia.gov.co\/colombia\/wp-json\/wp\/v2\/posts"}],"about":[{"href":"https:\/\/www.fiscalia.gov.co\/colombia\/wp-json\/wp\/v2\/types\/post"}],"author":[{"embeddable":true,"href":"https:\/\/www.fiscalia.gov.co\/colombia\/wp-json\/wp\/v2\/users\/180"}],"replies":[{"embeddable":true,"href":"https:\/\/www.fiscalia.gov.co\/colombia\/wp-json\/wp\/v2\/comments?post=291749"}],"version-history":[{"count":1,"href":"https:\/\/www.fiscalia.gov.co\/colombia\/wp-json\/wp\/v2\/posts\/291749\/revisions"}],"predecessor-version":[{"id":291752,"href":"https:\/\/www.fiscalia.gov.co\/colombia\/wp-json\/wp\/v2\/posts\/291749\/revisions\/291752"}],"wp:attachment":[{"href":"https:\/\/www.fiscalia.gov.co\/colombia\/wp-json\/wp\/v2\/media?parent=291749"}],"wp:term":[{"taxonomy":"category","embeddable":true,"href":"https:\/\/www.fiscalia.gov.co\/colombia\/wp-json\/wp\/v2\/categories?post=291749"},{"taxonomy":"post_tag","embeddable":true,"href":"https:\/\/www.fiscalia.gov.co\/colombia\/wp-json\/wp\/v2\/tags?post=291749"}],"curies":[{"name":"wp","href":"https:\/\/api.w.org\/{rel}","templated":true}]}}