{"id":291687,"date":"2024-03-22T15:57:35","date_gmt":"2024-03-22T20:57:35","guid":{"rendered":"https:\/\/www.fiscalia.gov.co\/colombia\/?p=291687"},"modified":"2024-03-22T15:57:35","modified_gmt":"2024-03-22T20:57:35","slug":"envian-a-la-carcel-a-los-presuntos-responsables-de-un-homicidio-en-riohacha","status":"publish","type":"post","link":"https:\/\/www.fiscalia.gov.co\/colombia\/noticias\/envian-a-la-carcel-a-los-presuntos-responsables-de-un-homicidio-en-riohacha\/","title":{"rendered":"Env\u00edan a la c\u00e1rcel a los presuntos responsables de un homicidio en Riohacha"},"content":{"rendered":"<p>La Fiscal\u00eda General de la Naci\u00f3n logr\u00f3 que un juez con funciones de control de garant\u00edas impusiera medida de aseguramiento en centro carcelario contra Omar Eduardo P\u00e9rez P\u00e9rez, alias Trenzas y Andr\u00e9s Isa\u00edas Patr\u00f3n Parejo, alias Diablito, como presuntos responsable de los delitos de homicidio agravado, homicidio tentado, fabricaci\u00f3n, tr\u00e1fico y porte de arma de fuego o municiones.<\/p>\n<figure id=\"attachment_291689\" aria-describedby=\"caption-attachment-291689\" style=\"width: 300px\" class=\"wp-caption aligncenter\"><img loading=\"lazy\" decoding=\"async\" class=\"size-medium wp-image-291689\" src=\"https:\/\/www.fiscalia.gov.co\/colombia\/wp-content\/uploads\/Omar-Eduardo-Perez-Perez-alias-Trenzas-y-Andres-Isaias-Patron-Parejo-alias-Diablito-presuntos-responsable-de-la-muerte-de-una-persona-en-Riohacha-La-Guajir-300x241.jpg\" alt=\" En la fotograf\u00eda aparecen dos hombres capturados, acompa\u00f1ados de un servidor del CTI, y un uniformado de La Polic\u00eda Nacional. En la parte posterior un banner con logos de la entidad.\" width=\"300\" height=\"241\" srcset=\"https:\/\/www.fiscalia.gov.co\/colombia\/wp-content\/uploads\/Omar-Eduardo-Perez-Perez-alias-Trenzas-y-Andres-Isaias-Patron-Parejo-alias-Diablito-presuntos-responsable-de-la-muerte-de-una-persona-en-Riohacha-La-Guajir-300x241.jpg 300w, https:\/\/www.fiscalia.gov.co\/colombia\/wp-content\/uploads\/Omar-Eduardo-Perez-Perez-alias-Trenzas-y-Andres-Isaias-Patron-Parejo-alias-Diablito-presuntos-responsable-de-la-muerte-de-una-persona-en-Riohacha-La-Guajir-1024x822.jpg 1024w, https:\/\/www.fiscalia.gov.co\/colombia\/wp-content\/uploads\/Omar-Eduardo-Perez-Perez-alias-Trenzas-y-Andres-Isaias-Patron-Parejo-alias-Diablito-presuntos-responsable-de-la-muerte-de-una-persona-en-Riohacha-La-Guajir-768x617.jpg 768w, https:\/\/www.fiscalia.gov.co\/colombia\/wp-content\/uploads\/Omar-Eduardo-Perez-Perez-alias-Trenzas-y-Andres-Isaias-Patron-Parejo-alias-Diablito-presuntos-responsable-de-la-muerte-de-una-persona-en-Riohacha-La-Guajir-1536x1234.jpg 1536w, https:\/\/www.fiscalia.gov.co\/colombia\/wp-content\/uploads\/Omar-Eduardo-Perez-Perez-alias-Trenzas-y-Andres-Isaias-Patron-Parejo-alias-Diablito-presuntos-responsable-de-la-muerte-de-una-persona-en-Riohacha-La-Guajir-696x559.jpg 696w, https:\/\/www.fiscalia.gov.co\/colombia\/wp-content\/uploads\/Omar-Eduardo-Perez-Perez-alias-Trenzas-y-Andres-Isaias-Patron-Parejo-alias-Diablito-presuntos-responsable-de-la-muerte-de-una-persona-en-Riohacha-La-Guajir-1068x858.jpg 1068w, https:\/\/www.fiscalia.gov.co\/colombia\/wp-content\/uploads\/Omar-Eduardo-Perez-Perez-alias-Trenzas-y-Andres-Isaias-Patron-Parejo-alias-Diablito-presuntos-responsable-de-la-muerte-de-una-persona-en-Riohacha-La-Guajir-523x420.jpg 523w, https:\/\/www.fiscalia.gov.co\/colombia\/wp-content\/uploads\/Omar-Eduardo-Perez-Perez-alias-Trenzas-y-Andres-Isaias-Patron-Parejo-alias-Diablito-presuntos-responsable-de-la-muerte-de-una-persona-en-Riohacha-La-Guajir.jpg 1600w\" sizes=\"auto, (max-width: 300px) 100vw, 300px\" \/><figcaption id=\"caption-attachment-291689\" class=\"wp-caption-text\">Omar Eduardo P\u00e9rez P\u00e9rez, alias Trenzas y Andr\u00e9s Isa\u00edas Patr\u00f3n Parejo, alias Diablito, presuntos responsable de la muerte de una persona en Riohacha (La Guajira).<\/figcaption><\/figure>\n<p>De acuerdo con la investigaci\u00f3n adelantada, se presume que, los hoy procesados ser\u00edan los responsables de varios homicidios cometidos en La Guajira, a nombre del grupo armado organizado, Clan del Golfo, subestructura Francisco Jos\u00e9 Morelos Pe\u00f1ate, as\u00ed como los encargados de las extorsiones a peque\u00f1os comerciantes de Riohacha (La Guajira).<\/p>\n<p>Uno de los hechos en los que, al parecer, participaron alias Trenzas y alias Diablito, se registr\u00f3 el 21 de agosto del 2023, en un sector de la avenida circunvalar del Distrito de Riohacha, hasta d\u00f3nde habr\u00edan llegado los procesos, uno a bordo de una motocicleta y otro en un taxi, y utilizando armas de fuego, le ocasionaron la muerte a una persona e hiriendo a otra.<\/p>\n<p>Servidores del Cuerpo T\u00e9cnico de Investigaciones (CTI), en coordinaci\u00f3n con agentes de la Sij\u00edn de la Polic\u00eda Nacional, materializaron la captura el pasado 1 de marzo en Riohacha, en cumplimiento de una orden judicial.<\/p>\n<p>En desarrollo de las audiencias concentradas, los procesados no aceptaron su responsabilidad en los delitos imputados.<\/p>\n<p>&nbsp;<\/p>\n<p>&nbsp;<\/p>\n<p><b><u>La Fiscal\u00eda habla con resultados.<\/u><\/b><\/p>\n<p>EDH\/MG\/SHHG\/DSG<\/p>\n<p align=\"center\">\n<p align=\"center\">\n<p align=\"center\">\n<p><i>La informaci\u00f3n contenida en este bolet\u00edn de prensa corresponde a la narraci\u00f3n de los hechos noticiosos objetivos, y las investigaciones penales al interior de la Fiscal\u00eda General de la Naci\u00f3n. Para el momento de la divulgaci\u00f3n de este comunicado, la situaci\u00f3n jur\u00eddica de la(s) persona(s) relacionada(s) se encuentra pendiente de resolver por la autoridad judicial competente, siempre bajo los preceptos de la presunci\u00f3n de inocencia, consagrados en el art\u00edculo 29 de la Constituci\u00f3n Pol\u00edtica y el art\u00edculo 7\u00ba de la Ley 906 de 2004.\u00a0<\/i><\/p>\n\n<div class=\"twitter-share\"><a href=\"https:\/\/twitter.com\/intent\/tweet?via=fiscaliacol\" class=\"twitter-share-button\">Tweet<\/a><\/div>\n","protected":false},"excerpt":{"rendered":"<p>La Fiscal\u00eda General de la Naci\u00f3n logr\u00f3 que un juez con funciones de control de garant\u00edas impusiera medida de aseguramiento en centro carcelario contra Omar Eduardo P\u00e9rez P\u00e9rez, alias Trenzas y Andr\u00e9s Isa\u00edas Patr\u00f3n Parejo, alias Diablito, como presuntos responsable de los delitos de homicidio agravado, homicidio tentado, fabricaci\u00f3n, tr\u00e1fico y porte de arma de [&hellip;]<\/p>\n","protected":false},"author":180,"featured_media":0,"comment_status":"closed","ping_status":"open","sticky":false,"template":"","format":"standard","meta":{"tdm_status":"","tdm_grid_status":"","footnotes":""},"categories":[1,24099],"tags":[686,28780],"class_list":{"0":"post-291687","1":"post","2":"type-post","3":"status-publish","4":"format-standard","6":"category-noticias","7":"category-seguridad-territorial","8":"tag-homicidio-agravado","9":"tag-riohacha-la-guajira"},"yoast_head":"<!-- This site is optimized with the Yoast SEO plugin v24.3 - https:\/\/yoast.com\/wordpress\/plugins\/seo\/ -->\n<title>Fiscal\u00eda General de la Naci\u00f3n<\/title>\n<meta name=\"description\" content=\"P\u00e1gina oficial de la Fiscal\u00eda General de la Naci\u00f3n \u2013 Colombia. Garantizamos el acceso efectivo a la justicia, la verdad y la reparaci\u00f3n de las v\u00edctimas de los delitos.\" \/>\n<meta name=\"robots\" content=\"noindex, follow\" \/>\n<meta property=\"og:locale\" content=\"es_ES\" \/>\n<meta property=\"og:type\" content=\"article\" \/>\n<meta property=\"og:title\" content=\"Fiscal\u00eda General de la Naci\u00f3n\" \/>\n<meta property=\"og:description\" content=\"P\u00e1gina oficial de la Fiscal\u00eda General de la Naci\u00f3n \u2013 Colombia. Garantizamos el acceso efectivo a la justicia, la verdad y la reparaci\u00f3n de las v\u00edctimas de los delitos.\" \/>\n<meta property=\"og:url\" content=\"https:\/\/www.fiscalia.gov.co\/colombia\/noticias\/envian-a-la-carcel-a-los-presuntos-responsables-de-un-homicidio-en-riohacha\/\" \/>\n<meta property=\"og:site_name\" content=\"Fiscal\u00eda General de la Naci\u00f3n\" \/>\n<meta property=\"article:publisher\" content=\"https:\/\/www.facebook.com\/FiscaliaCol\" \/>\n<meta property=\"article:published_time\" content=\"2024-03-22T20:57:35+00:00\" \/>\n<meta property=\"og:image\" content=\"https:\/\/www.fiscalia.gov.co\/colombia\/wp-content\/uploads\/Omar-Eduardo-Perez-Perez-alias-Trenzas-y-Andres-Isaias-Patron-Parejo-alias-Diablito-presuntos-responsable-de-la-muerte-de-una-persona-en-Riohacha-La-Guajir-300x241.jpg\" \/>\n<meta name=\"author\" content=\"Paula Andrea Munera Due\u00f1as\" \/>\n<meta name=\"twitter:card\" content=\"summary_large_image\" \/>\n<meta name=\"twitter:creator\" content=\"@FiscaliaCol\" \/>\n<meta name=\"twitter:site\" content=\"@FiscaliaCol\" \/>\n<meta name=\"twitter:label1\" content=\"Escrito por\" \/>\n\t<meta name=\"twitter:data1\" content=\"Paula Andrea Munera Due\u00f1as\" \/>\n\t<meta name=\"twitter:label2\" content=\"Tiempo de lectura\" \/>\n\t<meta name=\"twitter:data2\" content=\"2 minutos\" \/>\n<script type=\"application\/ld+json\" class=\"yoast-schema-graph\">{\"@context\":\"https:\/\/schema.org\",\"@graph\":[{\"@type\":\"Article\",\"@id\":\"https:\/\/www.fiscalia.gov.co\/colombia\/noticias\/envian-a-la-carcel-a-los-presuntos-responsables-de-un-homicidio-en-riohacha\/#article\",\"isPartOf\":{\"@id\":\"https:\/\/www.fiscalia.gov.co\/colombia\/noticias\/envian-a-la-carcel-a-los-presuntos-responsables-de-un-homicidio-en-riohacha\/\"},\"author\":{\"name\":\"Paula Andrea Munera Due\u00f1as\",\"@id\":\"https:\/\/www.fiscalia.gov.co\/colombia\/#\/schema\/person\/b9e2848713ad5020d250209ba0f31a88\"},\"headline\":\"Env\u00edan a la c\u00e1rcel a los presuntos responsables de un homicidio en Riohacha\",\"datePublished\":\"2024-03-22T20:57:35+00:00\",\"dateModified\":\"2024-03-22T20:57:35+00:00\",\"mainEntityOfPage\":{\"@id\":\"https:\/\/www.fiscalia.gov.co\/colombia\/noticias\/envian-a-la-carcel-a-los-presuntos-responsables-de-un-homicidio-en-riohacha\/\"},\"wordCount\":402,\"publisher\":{\"@id\":\"https:\/\/www.fiscalia.gov.co\/colombia\/#organization\"},\"image\":{\"@id\":\"https:\/\/www.fiscalia.gov.co\/colombia\/noticias\/envian-a-la-carcel-a-los-presuntos-responsables-de-un-homicidio-en-riohacha\/#primaryimage\"},\"thumbnailUrl\":\"https:\/\/www.fiscalia.gov.co\/colombia\/wp-content\/uploads\/Omar-Eduardo-Perez-Perez-alias-Trenzas-y-Andres-Isaias-Patron-Parejo-alias-Diablito-presuntos-responsable-de-la-muerte-de-una-persona-en-Riohacha-La-Guajir-300x241.jpg\",\"keywords\":[\"Homicidio agravado\",\"Riohacha (La Guajira)\"],\"articleSection\":[\"Noticias\",\"Seguridad territorial\"],\"inLanguage\":\"es-CO\"},{\"@type\":\"WebPage\",\"@id\":\"https:\/\/www.fiscalia.gov.co\/colombia\/noticias\/envian-a-la-carcel-a-los-presuntos-responsables-de-un-homicidio-en-riohacha\/\",\"url\":\"https:\/\/www.fiscalia.gov.co\/colombia\/noticias\/envian-a-la-carcel-a-los-presuntos-responsables-de-un-homicidio-en-riohacha\/\",\"name\":\"Fiscal\u00eda General de la Naci\u00f3n\",\"isPartOf\":{\"@id\":\"https:\/\/www.fiscalia.gov.co\/colombia\/#website\"},\"primaryImageOfPage\":{\"@id\":\"https:\/\/www.fiscalia.gov.co\/colombia\/noticias\/envian-a-la-carcel-a-los-presuntos-responsables-de-un-homicidio-en-riohacha\/#primaryimage\"},\"image\":{\"@id\":\"https:\/\/www.fiscalia.gov.co\/colombia\/noticias\/envian-a-la-carcel-a-los-presuntos-responsables-de-un-homicidio-en-riohacha\/#primaryimage\"},\"thumbnailUrl\":\"https:\/\/www.fiscalia.gov.co\/colombia\/wp-content\/uploads\/Omar-Eduardo-Perez-Perez-alias-Trenzas-y-Andres-Isaias-Patron-Parejo-alias-Diablito-presuntos-responsable-de-la-muerte-de-una-persona-en-Riohacha-La-Guajir-300x241.jpg\",\"datePublished\":\"2024-03-22T20:57:35+00:00\",\"dateModified\":\"2024-03-22T20:57:35+00:00\",\"description\":\"P\u00e1gina oficial de la Fiscal\u00eda General de la Naci\u00f3n \u2013 Colombia. Garantizamos el acceso efectivo a la justicia, la verdad y la reparaci\u00f3n de las v\u00edctimas de los delitos.\",\"breadcrumb\":{\"@id\":\"https:\/\/www.fiscalia.gov.co\/colombia\/noticias\/envian-a-la-carcel-a-los-presuntos-responsables-de-un-homicidio-en-riohacha\/#breadcrumb\"},\"inLanguage\":\"es-CO\",\"potentialAction\":[{\"@type\":\"ReadAction\",\"target\":[\"https:\/\/www.fiscalia.gov.co\/colombia\/noticias\/envian-a-la-carcel-a-los-presuntos-responsables-de-un-homicidio-en-riohacha\/\"]}]},{\"@type\":\"ImageObject\",\"inLanguage\":\"es-CO\",\"@id\":\"https:\/\/www.fiscalia.gov.co\/colombia\/noticias\/envian-a-la-carcel-a-los-presuntos-responsables-de-un-homicidio-en-riohacha\/#primaryimage\",\"url\":\"https:\/\/www.fiscalia.gov.co\/colombia\/wp-content\/uploads\/Omar-Eduardo-Perez-Perez-alias-Trenzas-y-Andres-Isaias-Patron-Parejo-alias-Diablito-presuntos-responsable-de-la-muerte-de-una-persona-en-Riohacha-La-Guajir.jpg\",\"contentUrl\":\"https:\/\/www.fiscalia.gov.co\/colombia\/wp-content\/uploads\/Omar-Eduardo-Perez-Perez-alias-Trenzas-y-Andres-Isaias-Patron-Parejo-alias-Diablito-presuntos-responsable-de-la-muerte-de-una-persona-en-Riohacha-La-Guajir.jpg\",\"width\":1600,\"height\":1285,\"caption\":\"Omar Eduardo P\u00e9rez P\u00e9rez, alias Trenzas y Andr\u00e9s Isa\u00edas Patr\u00f3n Parejo, alias Diablito, presuntos responsable de la muerte de una persona en Riohacha (La Guajira).\"},{\"@type\":\"BreadcrumbList\",\"@id\":\"https:\/\/www.fiscalia.gov.co\/colombia\/noticias\/envian-a-la-carcel-a-los-presuntos-responsables-de-un-homicidio-en-riohacha\/#breadcrumb\",\"itemListElement\":[{\"@type\":\"ListItem\",\"position\":1,\"name\":\"Home\",\"item\":\"https:\/\/www.fiscalia.gov.co\/colombia\/\"},{\"@type\":\"ListItem\",\"position\":2,\"name\":\"Env\u00edan a la c\u00e1rcel a los presuntos responsables de un homicidio en Riohacha\"}]},{\"@type\":\"WebSite\",\"@id\":\"https:\/\/www.fiscalia.gov.co\/colombia\/#website\",\"url\":\"https:\/\/www.fiscalia.gov.co\/colombia\/\",\"name\":\"Fiscal\u00eda General de la Naci\u00f3n\",\"description\":\"P\u00e1gina oficial de la Fiscal\u00eda General de la Naci\u00f3n \u2013 Colombia. Garantizamos el acceso efectivo a la justicia, la verdad y la reparaci\u00f3n de las v\u00edctimas de los delitos.\",\"publisher\":{\"@id\":\"https:\/\/www.fiscalia.gov.co\/colombia\/#organization\"},\"potentialAction\":[{\"@type\":\"SearchAction\",\"target\":{\"@type\":\"EntryPoint\",\"urlTemplate\":\"https:\/\/www.fiscalia.gov.co\/colombia\/?s={search_term_string}\"},\"query-input\":{\"@type\":\"PropertyValueSpecification\",\"valueRequired\":true,\"valueName\":\"search_term_string\"}}],\"inLanguage\":\"es-CO\"},{\"@type\":\"Organization\",\"@id\":\"https:\/\/www.fiscalia.gov.co\/colombia\/#organization\",\"name\":\"Fiscal\u00eda General de la Naci\u00f3n\",\"url\":\"https:\/\/www.fiscalia.gov.co\/colombia\/\",\"logo\":{\"@type\":\"ImageObject\",\"inLanguage\":\"es-CO\",\"@id\":\"https:\/\/www.fiscalia.gov.co\/colombia\/#\/schema\/logo\/image\/\",\"url\":\"https:\/\/www.fiscalia.gov.co\/colombia\/wp-content\/uploads\/LogoHorizontal_1.jpg\",\"contentUrl\":\"https:\/\/www.fiscalia.gov.co\/colombia\/wp-content\/uploads\/LogoHorizontal_1.jpg\",\"width\":300,\"height\":90,\"caption\":\"Fiscal\u00eda General de la Naci\u00f3n\"},\"image\":{\"@id\":\"https:\/\/www.fiscalia.gov.co\/colombia\/#\/schema\/logo\/image\/\"},\"sameAs\":[\"https:\/\/www.facebook.com\/FiscaliaCol\",\"https:\/\/x.com\/FiscaliaCol\",\"https:\/\/www.instagram.com\/fiscaliacol\",\"https:\/\/www.linkedin.com\/company\/fiscalia-general-de-la-naci-n\/\",\"https:\/\/youtube.com\/@fiscaliageneraldelanacion-4668?si=6nN79nyQICPU5iTh\"]},{\"@type\":\"Person\",\"@id\":\"https:\/\/www.fiscalia.gov.co\/colombia\/#\/schema\/person\/b9e2848713ad5020d250209ba0f31a88\",\"name\":\"Paula Andrea Munera Due\u00f1as\",\"image\":{\"@type\":\"ImageObject\",\"inLanguage\":\"es-CO\",\"@id\":\"https:\/\/www.fiscalia.gov.co\/colombia\/#\/schema\/person\/image\/\",\"url\":\"https:\/\/secure.gravatar.com\/avatar\/4f70b6bf7197f2e2c55ba345c88d6e12?s=96&d=mm&r=g\",\"contentUrl\":\"https:\/\/secure.gravatar.com\/avatar\/4f70b6bf7197f2e2c55ba345c88d6e12?s=96&d=mm&r=g\",\"caption\":\"Paula Andrea Munera Due\u00f1as\"},\"url\":\"https:\/\/www.fiscalia.gov.co\/colombia\/author\/muneradpaula\/\"}]}<\/script>\n<!-- \/ Yoast SEO plugin. -->","yoast_head_json":{"title":"Fiscal\u00eda General de la Naci\u00f3n","description":"P\u00e1gina oficial de la Fiscal\u00eda General de la Naci\u00f3n \u2013 Colombia. Garantizamos el acceso efectivo a la justicia, la verdad y la reparaci\u00f3n de las v\u00edctimas de los delitos.","robots":{"index":"noindex","follow":"follow"},"og_locale":"es_ES","og_type":"article","og_title":"Fiscal\u00eda General de la Naci\u00f3n","og_description":"P\u00e1gina oficial de la Fiscal\u00eda General de la Naci\u00f3n \u2013 Colombia. Garantizamos el acceso efectivo a la justicia, la verdad y la reparaci\u00f3n de las v\u00edctimas de los delitos.","og_url":"https:\/\/www.fiscalia.gov.co\/colombia\/noticias\/envian-a-la-carcel-a-los-presuntos-responsables-de-un-homicidio-en-riohacha\/","og_site_name":"Fiscal\u00eda General de la Naci\u00f3n","article_publisher":"https:\/\/www.facebook.com\/FiscaliaCol","article_published_time":"2024-03-22T20:57:35+00:00","og_image":[{"url":"https:\/\/www.fiscalia.gov.co\/colombia\/wp-content\/uploads\/Omar-Eduardo-Perez-Perez-alias-Trenzas-y-Andres-Isaias-Patron-Parejo-alias-Diablito-presuntos-responsable-de-la-muerte-de-una-persona-en-Riohacha-La-Guajir-300x241.jpg","type":"","width":"","height":""}],"author":"Paula Andrea Munera Due\u00f1as","twitter_card":"summary_large_image","twitter_creator":"@FiscaliaCol","twitter_site":"@FiscaliaCol","twitter_misc":{"Escrito por":"Paula Andrea Munera Due\u00f1as","Tiempo de lectura":"2 minutos"},"schema":{"@context":"https:\/\/schema.org","@graph":[{"@type":"Article","@id":"https:\/\/www.fiscalia.gov.co\/colombia\/noticias\/envian-a-la-carcel-a-los-presuntos-responsables-de-un-homicidio-en-riohacha\/#article","isPartOf":{"@id":"https:\/\/www.fiscalia.gov.co\/colombia\/noticias\/envian-a-la-carcel-a-los-presuntos-responsables-de-un-homicidio-en-riohacha\/"},"author":{"name":"Paula Andrea Munera Due\u00f1as","@id":"https:\/\/www.fiscalia.gov.co\/colombia\/#\/schema\/person\/b9e2848713ad5020d250209ba0f31a88"},"headline":"Env\u00edan a la c\u00e1rcel a los presuntos responsables de un homicidio en Riohacha","datePublished":"2024-03-22T20:57:35+00:00","dateModified":"2024-03-22T20:57:35+00:00","mainEntityOfPage":{"@id":"https:\/\/www.fiscalia.gov.co\/colombia\/noticias\/envian-a-la-carcel-a-los-presuntos-responsables-de-un-homicidio-en-riohacha\/"},"wordCount":402,"publisher":{"@id":"https:\/\/www.fiscalia.gov.co\/colombia\/#organization"},"image":{"@id":"https:\/\/www.fiscalia.gov.co\/colombia\/noticias\/envian-a-la-carcel-a-los-presuntos-responsables-de-un-homicidio-en-riohacha\/#primaryimage"},"thumbnailUrl":"https:\/\/www.fiscalia.gov.co\/colombia\/wp-content\/uploads\/Omar-Eduardo-Perez-Perez-alias-Trenzas-y-Andres-Isaias-Patron-Parejo-alias-Diablito-presuntos-responsable-de-la-muerte-de-una-persona-en-Riohacha-La-Guajir-300x241.jpg","keywords":["Homicidio agravado","Riohacha (La Guajira)"],"articleSection":["Noticias","Seguridad territorial"],"inLanguage":"es-CO"},{"@type":"WebPage","@id":"https:\/\/www.fiscalia.gov.co\/colombia\/noticias\/envian-a-la-carcel-a-los-presuntos-responsables-de-un-homicidio-en-riohacha\/","url":"https:\/\/www.fiscalia.gov.co\/colombia\/noticias\/envian-a-la-carcel-a-los-presuntos-responsables-de-un-homicidio-en-riohacha\/","name":"Fiscal\u00eda General de la Naci\u00f3n","isPartOf":{"@id":"https:\/\/www.fiscalia.gov.co\/colombia\/#website"},"primaryImageOfPage":{"@id":"https:\/\/www.fiscalia.gov.co\/colombia\/noticias\/envian-a-la-carcel-a-los-presuntos-responsables-de-un-homicidio-en-riohacha\/#primaryimage"},"image":{"@id":"https:\/\/www.fiscalia.gov.co\/colombia\/noticias\/envian-a-la-carcel-a-los-presuntos-responsables-de-un-homicidio-en-riohacha\/#primaryimage"},"thumbnailUrl":"https:\/\/www.fiscalia.gov.co\/colombia\/wp-content\/uploads\/Omar-Eduardo-Perez-Perez-alias-Trenzas-y-Andres-Isaias-Patron-Parejo-alias-Diablito-presuntos-responsable-de-la-muerte-de-una-persona-en-Riohacha-La-Guajir-300x241.jpg","datePublished":"2024-03-22T20:57:35+00:00","dateModified":"2024-03-22T20:57:35+00:00","description":"P\u00e1gina oficial de la Fiscal\u00eda General de la Naci\u00f3n \u2013 Colombia. Garantizamos el acceso efectivo a la justicia, la verdad y la reparaci\u00f3n de las v\u00edctimas de los delitos.","breadcrumb":{"@id":"https:\/\/www.fiscalia.gov.co\/colombia\/noticias\/envian-a-la-carcel-a-los-presuntos-responsables-de-un-homicidio-en-riohacha\/#breadcrumb"},"inLanguage":"es-CO","potentialAction":[{"@type":"ReadAction","target":["https:\/\/www.fiscalia.gov.co\/colombia\/noticias\/envian-a-la-carcel-a-los-presuntos-responsables-de-un-homicidio-en-riohacha\/"]}]},{"@type":"ImageObject","inLanguage":"es-CO","@id":"https:\/\/www.fiscalia.gov.co\/colombia\/noticias\/envian-a-la-carcel-a-los-presuntos-responsables-de-un-homicidio-en-riohacha\/#primaryimage","url":"https:\/\/www.fiscalia.gov.co\/colombia\/wp-content\/uploads\/Omar-Eduardo-Perez-Perez-alias-Trenzas-y-Andres-Isaias-Patron-Parejo-alias-Diablito-presuntos-responsable-de-la-muerte-de-una-persona-en-Riohacha-La-Guajir.jpg","contentUrl":"https:\/\/www.fiscalia.gov.co\/colombia\/wp-content\/uploads\/Omar-Eduardo-Perez-Perez-alias-Trenzas-y-Andres-Isaias-Patron-Parejo-alias-Diablito-presuntos-responsable-de-la-muerte-de-una-persona-en-Riohacha-La-Guajir.jpg","width":1600,"height":1285,"caption":"Omar Eduardo P\u00e9rez P\u00e9rez, alias Trenzas y Andr\u00e9s Isa\u00edas Patr\u00f3n Parejo, alias Diablito, presuntos responsable de la muerte de una persona en Riohacha (La Guajira)."},{"@type":"BreadcrumbList","@id":"https:\/\/www.fiscalia.gov.co\/colombia\/noticias\/envian-a-la-carcel-a-los-presuntos-responsables-de-un-homicidio-en-riohacha\/#breadcrumb","itemListElement":[{"@type":"ListItem","position":1,"name":"Home","item":"https:\/\/www.fiscalia.gov.co\/colombia\/"},{"@type":"ListItem","position":2,"name":"Env\u00edan a la c\u00e1rcel a los presuntos responsables de un homicidio en Riohacha"}]},{"@type":"WebSite","@id":"https:\/\/www.fiscalia.gov.co\/colombia\/#website","url":"https:\/\/www.fiscalia.gov.co\/colombia\/","name":"Fiscal\u00eda General de la Naci\u00f3n","description":"P\u00e1gina oficial de la Fiscal\u00eda General de la Naci\u00f3n \u2013 Colombia. Garantizamos el acceso efectivo a la justicia, la verdad y la reparaci\u00f3n de las v\u00edctimas de los delitos.","publisher":{"@id":"https:\/\/www.fiscalia.gov.co\/colombia\/#organization"},"potentialAction":[{"@type":"SearchAction","target":{"@type":"EntryPoint","urlTemplate":"https:\/\/www.fiscalia.gov.co\/colombia\/?s={search_term_string}"},"query-input":{"@type":"PropertyValueSpecification","valueRequired":true,"valueName":"search_term_string"}}],"inLanguage":"es-CO"},{"@type":"Organization","@id":"https:\/\/www.fiscalia.gov.co\/colombia\/#organization","name":"Fiscal\u00eda General de la Naci\u00f3n","url":"https:\/\/www.fiscalia.gov.co\/colombia\/","logo":{"@type":"ImageObject","inLanguage":"es-CO","@id":"https:\/\/www.fiscalia.gov.co\/colombia\/#\/schema\/logo\/image\/","url":"https:\/\/www.fiscalia.gov.co\/colombia\/wp-content\/uploads\/LogoHorizontal_1.jpg","contentUrl":"https:\/\/www.fiscalia.gov.co\/colombia\/wp-content\/uploads\/LogoHorizontal_1.jpg","width":300,"height":90,"caption":"Fiscal\u00eda General de la Naci\u00f3n"},"image":{"@id":"https:\/\/www.fiscalia.gov.co\/colombia\/#\/schema\/logo\/image\/"},"sameAs":["https:\/\/www.facebook.com\/FiscaliaCol","https:\/\/x.com\/FiscaliaCol","https:\/\/www.instagram.com\/fiscaliacol","https:\/\/www.linkedin.com\/company\/fiscalia-general-de-la-naci-n\/","https:\/\/youtube.com\/@fiscaliageneraldelanacion-4668?si=6nN79nyQICPU5iTh"]},{"@type":"Person","@id":"https:\/\/www.fiscalia.gov.co\/colombia\/#\/schema\/person\/b9e2848713ad5020d250209ba0f31a88","name":"Paula Andrea Munera Due\u00f1as","image":{"@type":"ImageObject","inLanguage":"es-CO","@id":"https:\/\/www.fiscalia.gov.co\/colombia\/#\/schema\/person\/image\/","url":"https:\/\/secure.gravatar.com\/avatar\/4f70b6bf7197f2e2c55ba345c88d6e12?s=96&d=mm&r=g","contentUrl":"https:\/\/secure.gravatar.com\/avatar\/4f70b6bf7197f2e2c55ba345c88d6e12?s=96&d=mm&r=g","caption":"Paula Andrea Munera Due\u00f1as"},"url":"https:\/\/www.fiscalia.gov.co\/colombia\/author\/muneradpaula\/"}]}},"_links":{"self":[{"href":"https:\/\/www.fiscalia.gov.co\/colombia\/wp-json\/wp\/v2\/posts\/291687","targetHints":{"allow":["GET"]}}],"collection":[{"href":"https:\/\/www.fiscalia.gov.co\/colombia\/wp-json\/wp\/v2\/posts"}],"about":[{"href":"https:\/\/www.fiscalia.gov.co\/colombia\/wp-json\/wp\/v2\/types\/post"}],"author":[{"embeddable":true,"href":"https:\/\/www.fiscalia.gov.co\/colombia\/wp-json\/wp\/v2\/users\/180"}],"replies":[{"embeddable":true,"href":"https:\/\/www.fiscalia.gov.co\/colombia\/wp-json\/wp\/v2\/comments?post=291687"}],"version-history":[{"count":1,"href":"https:\/\/www.fiscalia.gov.co\/colombia\/wp-json\/wp\/v2\/posts\/291687\/revisions"}],"predecessor-version":[{"id":291692,"href":"https:\/\/www.fiscalia.gov.co\/colombia\/wp-json\/wp\/v2\/posts\/291687\/revisions\/291692"}],"wp:attachment":[{"href":"https:\/\/www.fiscalia.gov.co\/colombia\/wp-json\/wp\/v2\/media?parent=291687"}],"wp:term":[{"taxonomy":"category","embeddable":true,"href":"https:\/\/www.fiscalia.gov.co\/colombia\/wp-json\/wp\/v2\/categories?post=291687"},{"taxonomy":"post_tag","embeddable":true,"href":"https:\/\/www.fiscalia.gov.co\/colombia\/wp-json\/wp\/v2\/tags?post=291687"}],"curies":[{"name":"wp","href":"https:\/\/api.w.org\/{rel}","templated":true}]}}