{"id":291597,"date":"2024-03-21T12:06:08","date_gmt":"2024-03-21T17:06:08","guid":{"rendered":"https:\/\/www.fiscalia.gov.co\/colombia\/?p=291597"},"modified":"2024-03-21T12:06:08","modified_gmt":"2024-03-21T17:06:08","slug":"carcel-para-presunto-abusador-de-una-menor-de-edad-y-con-problemas-auditivos-en-norte-de-santander","status":"publish","type":"post","link":"https:\/\/www.fiscalia.gov.co\/colombia\/noticias\/carcel-para-presunto-abusador-de-una-menor-de-edad-y-con-problemas-auditivos-en-norte-de-santander\/","title":{"rendered":"C\u00e1rcel para presunto abusador de una menor de edad y con problemas auditivos en Norte de Santander"},"content":{"rendered":"<p style=\"font-weight: 400;\">Por solicitud de la Fiscal\u00eda General de la Naci\u00f3n un juez <strong>priv\u00f3 de la libertad a un hombre de 35 a\u00f1os, quien al parecer abus\u00f3 sexualmente de un sobrina de 11 a\u00f1os.<\/strong><\/p>\n<figure id=\"attachment_291598\" aria-describedby=\"caption-attachment-291598\" style=\"width: 362px\" class=\"wp-caption aligncenter\"><img loading=\"lazy\" decoding=\"async\" class=\" wp-image-291598\" src=\"https:\/\/www.fiscalia.gov.co\/colombia\/wp-content\/uploads\/Williams-de-Jesus-Barrios-Bravo-judicializado-por-acceso-carnal-y-actos-sexuales-con-menor-de-14-anos-300x204.jpg\" alt=\"Se visualiza al capturado con el rostro difuminado, Detr\u00e1s de ellos se ubican los banners institucionales de la Fiscal\u00eda General de la Naci\u00f3n y Ej\u00e9rcito Nacional.\" width=\"362\" height=\"246\" srcset=\"https:\/\/www.fiscalia.gov.co\/colombia\/wp-content\/uploads\/Williams-de-Jesus-Barrios-Bravo-judicializado-por-acceso-carnal-y-actos-sexuales-con-menor-de-14-anos-300x204.jpg 300w, https:\/\/www.fiscalia.gov.co\/colombia\/wp-content\/uploads\/Williams-de-Jesus-Barrios-Bravo-judicializado-por-acceso-carnal-y-actos-sexuales-con-menor-de-14-anos-1024x697.jpg 1024w, https:\/\/www.fiscalia.gov.co\/colombia\/wp-content\/uploads\/Williams-de-Jesus-Barrios-Bravo-judicializado-por-acceso-carnal-y-actos-sexuales-con-menor-de-14-anos-768x522.jpg 768w, https:\/\/www.fiscalia.gov.co\/colombia\/wp-content\/uploads\/Williams-de-Jesus-Barrios-Bravo-judicializado-por-acceso-carnal-y-actos-sexuales-con-menor-de-14-anos-696x473.jpg 696w, https:\/\/www.fiscalia.gov.co\/colombia\/wp-content\/uploads\/Williams-de-Jesus-Barrios-Bravo-judicializado-por-acceso-carnal-y-actos-sexuales-con-menor-de-14-anos-617x420.jpg 617w, https:\/\/www.fiscalia.gov.co\/colombia\/wp-content\/uploads\/Williams-de-Jesus-Barrios-Bravo-judicializado-por-acceso-carnal-y-actos-sexuales-con-menor-de-14-anos.jpg 1029w\" sizes=\"auto, (max-width: 362px) 100vw, 362px\" \/><figcaption id=\"caption-attachment-291598\" class=\"wp-caption-text\">La Fiscal\u00eda le imput\u00f3 los delitos de acceso carnal con menor de 14 a\u00f1os en concurso homog\u00e9neo y sucesivo con actos sexuales con menor de 14 a\u00f1os agravados.<\/figcaption><\/figure>\n<p style=\"font-weight: 400;\">De acuerdo con la investigaci\u00f3n,<strong> el hombre se habr\u00eda aprovechado del hecho de convivir en la misma residencia de la\u00a0<a href=\"https:\/\/www.fiscalia.gov.co\/colombia\/noticias\/a-la-carcel-auxiliar-de-enfermeria-investigado-por-actos-sexuales-contra-una-menor-de-edad-en-pamplona-norte-de-santander\/\" data-saferedirecturl=\"https:\/\/www.google.com\/url?q=https:\/\/www.fiscalia.gov.co\/colombia\/noticias\/a-la-carcel-auxiliar-de-enfermeria-investigado-por-actos-sexuales-contra-una-menor-de-edad-en-pamplona-norte-de-santander\/&amp;source=gmail&amp;ust=1711126697817000&amp;usg=AOvVaw2nRo7EF1ZbUzRpziVDL-va\">menor<\/a>\u00a0y de su p\u00e9rdida auditiva<\/strong> para realizarle todo tipo de vej\u00e1menes sexuales desde que ten\u00eda 9 a\u00f1os, en el 2021.<\/p>\n<p style=\"font-weight: 400;\">Investigadores del Cuerpo T\u00e9cnico de Investigaci\u00f3n (CTI), en articulaci\u00f3n con uniformados de la Polic\u00eda y Ej\u00e9rcito Nacional, <strong>capturaron al hombre en zona rural del municipio de Silos (Norte de Santander)<\/strong>, este 20 de marzo.<\/p>\n<p style=\"font-weight: 400;\">En audiencias preliminares <strong>la Fiscal\u00eda le imput\u00f3 los delitos de acceso carnal con menor de 14 a\u00f1os en concurso homog\u00e9neo y sucesivo con actos sexuales con menor de 14 a\u00f1os agravados<\/strong>, el indiciado acept\u00f3 su responsabilidad en el segundo delito.<\/p>\n<p style=\"font-weight: 400;\">El juez decidi\u00f3 que el presunto implicado debe cumplir la\u00a0<a href=\"https:\/\/www.fiscalia.gov.co\/colombia\/noticias\/dos-hombres-fueron-enviados-a-la-carcel-por-delitos-sexuales-contra-menores-de-edad-en-cucuta\/\" data-saferedirecturl=\"https:\/\/www.google.com\/url?q=https:\/\/www.fiscalia.gov.co\/colombia\/noticias\/dos-hombres-fueron-enviados-a-la-carcel-por-delitos-sexuales-contra-menores-de-edad-en-cucuta\/&amp;source=gmail&amp;ust=1711126697817000&amp;usg=AOvVaw2WLSW6xlvtWYZ7hZhtzxjH\">medida<\/a>\u00a0de aseguramiento en centro carcelario.<\/p>\n<p>&nbsp;<\/p>\n<p>&nbsp;<\/p>\n<p><strong><u>La Fiscal\u00eda habla con resultados.<\/u><\/strong><\/p>\n<p style=\"font-weight: 400;\">MPHA\/CFG\/AOG\/DSNS<\/p>\n<p>&nbsp;<\/p>\n<p>&nbsp;<\/p>\n<p><i><span style=\"font-weight: 400;\">La informaci\u00f3n contenida en este bolet\u00edn de prensa corresponde a la narraci\u00f3n de los hechos noticiosos objetivos, suministrados por los funcionarios encargados de adelantar las investigaciones penales al interior de la Fiscal\u00eda General de la Naci\u00f3n. Para el momento de la divulgaci\u00f3n de este comunicado, la situaci\u00f3n jur\u00eddica de la(s) persona(s) relacionada(s) se encuentra pendiente de resolver por la autoridad judicial competente, siempre bajo los preceptos de la presunci\u00f3n de inocencia, consagrados en el art\u00edculo 29 de la Constituci\u00f3n Pol\u00edtica y el art\u00edculo 7\u00ba de la Ley 906 de 2004.<\/span><\/i><\/p>\n\n<div class=\"twitter-share\"><a href=\"https:\/\/twitter.com\/intent\/tweet?via=fiscaliacol\" class=\"twitter-share-button\">Tweet<\/a><\/div>\n","protected":false},"excerpt":{"rendered":"<p>Por solicitud de la Fiscal\u00eda General de la Naci\u00f3n un juez priv\u00f3 de la libertad a un hombre de 35 a\u00f1os, quien al parecer abus\u00f3 sexualmente de un sobrina de 11 a\u00f1os. De acuerdo con la investigaci\u00f3n, el hombre se habr\u00eda aprovechado del hecho de convivir en la misma residencia de la\u00a0menor\u00a0y de su p\u00e9rdida [&hellip;]<\/p>\n","protected":false},"author":180,"featured_media":0,"comment_status":"closed","ping_status":"open","sticky":false,"template":"","format":"standard","meta":{"tdm_status":"","tdm_grid_status":"","footnotes":""},"categories":[1,24127],"tags":[14550,4614,17967,2464,31843,711],"class_list":{"0":"post-291597","1":"post","2":"type-post","3":"status-publish","4":"format-standard","6":"category-noticias","7":"category-violencia-sexual-e-intrafamiliar","8":"tag-carcel","9":"tag-fiscalia-2","10":"tag-investigacion","11":"tag-menores","12":"tag-pamplona-norte-de-santander","13":"tag-proteccion"},"yoast_head":"<!-- This site is optimized with the Yoast SEO plugin v24.3 - https:\/\/yoast.com\/wordpress\/plugins\/seo\/ -->\n<title>Fiscal\u00eda General de la Naci\u00f3n<\/title>\n<meta name=\"description\" content=\"P\u00e1gina oficial de la Fiscal\u00eda General de la Naci\u00f3n \u2013 Colombia. Garantizamos el acceso efectivo a la justicia, la verdad y la reparaci\u00f3n de las v\u00edctimas de los delitos.\" \/>\n<meta name=\"robots\" content=\"noindex, follow\" \/>\n<meta property=\"og:locale\" content=\"es_ES\" \/>\n<meta property=\"og:type\" content=\"article\" \/>\n<meta property=\"og:title\" content=\"Fiscal\u00eda General de la Naci\u00f3n\" \/>\n<meta property=\"og:description\" content=\"P\u00e1gina oficial de la Fiscal\u00eda General de la Naci\u00f3n \u2013 Colombia. Garantizamos el acceso efectivo a la justicia, la verdad y la reparaci\u00f3n de las v\u00edctimas de los delitos.\" \/>\n<meta property=\"og:url\" content=\"https:\/\/www.fiscalia.gov.co\/colombia\/noticias\/carcel-para-presunto-abusador-de-una-menor-de-edad-y-con-problemas-auditivos-en-norte-de-santander\/\" \/>\n<meta property=\"og:site_name\" content=\"Fiscal\u00eda General de la Naci\u00f3n\" \/>\n<meta property=\"article:publisher\" content=\"https:\/\/www.facebook.com\/FiscaliaCol\" \/>\n<meta property=\"article:published_time\" content=\"2024-03-21T17:06:08+00:00\" \/>\n<meta property=\"og:image\" content=\"https:\/\/www.fiscalia.gov.co\/colombia\/wp-content\/uploads\/Williams-de-Jesus-Barrios-Bravo-judicializado-por-acceso-carnal-y-actos-sexuales-con-menor-de-14-anos-300x204.jpg\" \/>\n<meta name=\"author\" content=\"Paula Andrea Munera Due\u00f1as\" \/>\n<meta name=\"twitter:card\" content=\"summary_large_image\" \/>\n<meta name=\"twitter:creator\" content=\"@FiscaliaCol\" \/>\n<meta name=\"twitter:site\" content=\"@FiscaliaCol\" \/>\n<meta name=\"twitter:label1\" content=\"Escrito por\" \/>\n\t<meta name=\"twitter:data1\" content=\"Paula Andrea Munera Due\u00f1as\" \/>\n\t<meta name=\"twitter:label2\" content=\"Tiempo de lectura\" \/>\n\t<meta name=\"twitter:data2\" content=\"2 minutos\" \/>\n<script type=\"application\/ld+json\" class=\"yoast-schema-graph\">{\"@context\":\"https:\/\/schema.org\",\"@graph\":[{\"@type\":\"Article\",\"@id\":\"https:\/\/www.fiscalia.gov.co\/colombia\/noticias\/carcel-para-presunto-abusador-de-una-menor-de-edad-y-con-problemas-auditivos-en-norte-de-santander\/#article\",\"isPartOf\":{\"@id\":\"https:\/\/www.fiscalia.gov.co\/colombia\/noticias\/carcel-para-presunto-abusador-de-una-menor-de-edad-y-con-problemas-auditivos-en-norte-de-santander\/\"},\"author\":{\"name\":\"Paula Andrea Munera Due\u00f1as\",\"@id\":\"https:\/\/www.fiscalia.gov.co\/colombia\/#\/schema\/person\/b9e2848713ad5020d250209ba0f31a88\"},\"headline\":\"C\u00e1rcel para presunto abusador de una menor de edad y con problemas auditivos en Norte de Santander\",\"datePublished\":\"2024-03-21T17:06:08+00:00\",\"dateModified\":\"2024-03-21T17:06:08+00:00\",\"mainEntityOfPage\":{\"@id\":\"https:\/\/www.fiscalia.gov.co\/colombia\/noticias\/carcel-para-presunto-abusador-de-una-menor-de-edad-y-con-problemas-auditivos-en-norte-de-santander\/\"},\"wordCount\":346,\"publisher\":{\"@id\":\"https:\/\/www.fiscalia.gov.co\/colombia\/#organization\"},\"image\":{\"@id\":\"https:\/\/www.fiscalia.gov.co\/colombia\/noticias\/carcel-para-presunto-abusador-de-una-menor-de-edad-y-con-problemas-auditivos-en-norte-de-santander\/#primaryimage\"},\"thumbnailUrl\":\"https:\/\/www.fiscalia.gov.co\/colombia\/wp-content\/uploads\/Williams-de-Jesus-Barrios-Bravo-judicializado-por-acceso-carnal-y-actos-sexuales-con-menor-de-14-anos-300x204.jpg\",\"keywords\":[\"C\u00e1rcel\",\"Fiscal\u00eda\",\"Investigaci\u00f3n\",\"Menores\",\"Pamplona (Norte de Santander)\",\"Protecci\u00f3n\"],\"articleSection\":[\"Noticias\",\"Violencia sexual e intrafamiliar\"],\"inLanguage\":\"es-CO\"},{\"@type\":\"WebPage\",\"@id\":\"https:\/\/www.fiscalia.gov.co\/colombia\/noticias\/carcel-para-presunto-abusador-de-una-menor-de-edad-y-con-problemas-auditivos-en-norte-de-santander\/\",\"url\":\"https:\/\/www.fiscalia.gov.co\/colombia\/noticias\/carcel-para-presunto-abusador-de-una-menor-de-edad-y-con-problemas-auditivos-en-norte-de-santander\/\",\"name\":\"Fiscal\u00eda General de la Naci\u00f3n\",\"isPartOf\":{\"@id\":\"https:\/\/www.fiscalia.gov.co\/colombia\/#website\"},\"primaryImageOfPage\":{\"@id\":\"https:\/\/www.fiscalia.gov.co\/colombia\/noticias\/carcel-para-presunto-abusador-de-una-menor-de-edad-y-con-problemas-auditivos-en-norte-de-santander\/#primaryimage\"},\"image\":{\"@id\":\"https:\/\/www.fiscalia.gov.co\/colombia\/noticias\/carcel-para-presunto-abusador-de-una-menor-de-edad-y-con-problemas-auditivos-en-norte-de-santander\/#primaryimage\"},\"thumbnailUrl\":\"https:\/\/www.fiscalia.gov.co\/colombia\/wp-content\/uploads\/Williams-de-Jesus-Barrios-Bravo-judicializado-por-acceso-carnal-y-actos-sexuales-con-menor-de-14-anos-300x204.jpg\",\"datePublished\":\"2024-03-21T17:06:08+00:00\",\"dateModified\":\"2024-03-21T17:06:08+00:00\",\"description\":\"P\u00e1gina oficial de la Fiscal\u00eda General de la Naci\u00f3n \u2013 Colombia. Garantizamos el acceso efectivo a la justicia, la verdad y la reparaci\u00f3n de las v\u00edctimas de los delitos.\",\"breadcrumb\":{\"@id\":\"https:\/\/www.fiscalia.gov.co\/colombia\/noticias\/carcel-para-presunto-abusador-de-una-menor-de-edad-y-con-problemas-auditivos-en-norte-de-santander\/#breadcrumb\"},\"inLanguage\":\"es-CO\",\"potentialAction\":[{\"@type\":\"ReadAction\",\"target\":[\"https:\/\/www.fiscalia.gov.co\/colombia\/noticias\/carcel-para-presunto-abusador-de-una-menor-de-edad-y-con-problemas-auditivos-en-norte-de-santander\/\"]}]},{\"@type\":\"ImageObject\",\"inLanguage\":\"es-CO\",\"@id\":\"https:\/\/www.fiscalia.gov.co\/colombia\/noticias\/carcel-para-presunto-abusador-de-una-menor-de-edad-y-con-problemas-auditivos-en-norte-de-santander\/#primaryimage\",\"url\":\"https:\/\/www.fiscalia.gov.co\/colombia\/wp-content\/uploads\/Williams-de-Jesus-Barrios-Bravo-judicializado-por-acceso-carnal-y-actos-sexuales-con-menor-de-14-anos.jpg\",\"contentUrl\":\"https:\/\/www.fiscalia.gov.co\/colombia\/wp-content\/uploads\/Williams-de-Jesus-Barrios-Bravo-judicializado-por-acceso-carnal-y-actos-sexuales-con-menor-de-14-anos.jpg\",\"width\":1029,\"height\":700,\"caption\":\"La Fiscal\u00eda le imput\u00f3 los delitos de acceso carnal con menor de 14 a\u00f1os en concurso homog\u00e9neo y sucesivo con actos sexuales con menor de 14 a\u00f1os agravados.\"},{\"@type\":\"BreadcrumbList\",\"@id\":\"https:\/\/www.fiscalia.gov.co\/colombia\/noticias\/carcel-para-presunto-abusador-de-una-menor-de-edad-y-con-problemas-auditivos-en-norte-de-santander\/#breadcrumb\",\"itemListElement\":[{\"@type\":\"ListItem\",\"position\":1,\"name\":\"Home\",\"item\":\"https:\/\/www.fiscalia.gov.co\/colombia\/\"},{\"@type\":\"ListItem\",\"position\":2,\"name\":\"C\u00e1rcel para presunto abusador de una menor de edad y con problemas auditivos en Norte de Santander\"}]},{\"@type\":\"WebSite\",\"@id\":\"https:\/\/www.fiscalia.gov.co\/colombia\/#website\",\"url\":\"https:\/\/www.fiscalia.gov.co\/colombia\/\",\"name\":\"Fiscal\u00eda General de la Naci\u00f3n\",\"description\":\"P\u00e1gina oficial de la Fiscal\u00eda General de la Naci\u00f3n \u2013 Colombia. Garantizamos el acceso efectivo a la justicia, la verdad y la reparaci\u00f3n de las v\u00edctimas de los delitos.\",\"publisher\":{\"@id\":\"https:\/\/www.fiscalia.gov.co\/colombia\/#organization\"},\"potentialAction\":[{\"@type\":\"SearchAction\",\"target\":{\"@type\":\"EntryPoint\",\"urlTemplate\":\"https:\/\/www.fiscalia.gov.co\/colombia\/?s={search_term_string}\"},\"query-input\":{\"@type\":\"PropertyValueSpecification\",\"valueRequired\":true,\"valueName\":\"search_term_string\"}}],\"inLanguage\":\"es-CO\"},{\"@type\":\"Organization\",\"@id\":\"https:\/\/www.fiscalia.gov.co\/colombia\/#organization\",\"name\":\"Fiscal\u00eda General de la Naci\u00f3n\",\"url\":\"https:\/\/www.fiscalia.gov.co\/colombia\/\",\"logo\":{\"@type\":\"ImageObject\",\"inLanguage\":\"es-CO\",\"@id\":\"https:\/\/www.fiscalia.gov.co\/colombia\/#\/schema\/logo\/image\/\",\"url\":\"https:\/\/www.fiscalia.gov.co\/colombia\/wp-content\/uploads\/LogoHorizontal_1.jpg\",\"contentUrl\":\"https:\/\/www.fiscalia.gov.co\/colombia\/wp-content\/uploads\/LogoHorizontal_1.jpg\",\"width\":300,\"height\":90,\"caption\":\"Fiscal\u00eda General de la Naci\u00f3n\"},\"image\":{\"@id\":\"https:\/\/www.fiscalia.gov.co\/colombia\/#\/schema\/logo\/image\/\"},\"sameAs\":[\"https:\/\/www.facebook.com\/FiscaliaCol\",\"https:\/\/x.com\/FiscaliaCol\",\"https:\/\/www.instagram.com\/fiscaliacol\",\"https:\/\/www.linkedin.com\/company\/fiscalia-general-de-la-naci-n\/\",\"https:\/\/youtube.com\/@fiscaliageneraldelanacion-4668?si=6nN79nyQICPU5iTh\"]},{\"@type\":\"Person\",\"@id\":\"https:\/\/www.fiscalia.gov.co\/colombia\/#\/schema\/person\/b9e2848713ad5020d250209ba0f31a88\",\"name\":\"Paula Andrea Munera Due\u00f1as\",\"image\":{\"@type\":\"ImageObject\",\"inLanguage\":\"es-CO\",\"@id\":\"https:\/\/www.fiscalia.gov.co\/colombia\/#\/schema\/person\/image\/\",\"url\":\"https:\/\/secure.gravatar.com\/avatar\/4f70b6bf7197f2e2c55ba345c88d6e12?s=96&d=mm&r=g\",\"contentUrl\":\"https:\/\/secure.gravatar.com\/avatar\/4f70b6bf7197f2e2c55ba345c88d6e12?s=96&d=mm&r=g\",\"caption\":\"Paula Andrea Munera Due\u00f1as\"},\"url\":\"https:\/\/www.fiscalia.gov.co\/colombia\/author\/muneradpaula\/\"}]}<\/script>\n<!-- \/ Yoast SEO plugin. -->","yoast_head_json":{"title":"Fiscal\u00eda General de la Naci\u00f3n","description":"P\u00e1gina oficial de la Fiscal\u00eda General de la Naci\u00f3n \u2013 Colombia. Garantizamos el acceso efectivo a la justicia, la verdad y la reparaci\u00f3n de las v\u00edctimas de los delitos.","robots":{"index":"noindex","follow":"follow"},"og_locale":"es_ES","og_type":"article","og_title":"Fiscal\u00eda General de la Naci\u00f3n","og_description":"P\u00e1gina oficial de la Fiscal\u00eda General de la Naci\u00f3n \u2013 Colombia. Garantizamos el acceso efectivo a la justicia, la verdad y la reparaci\u00f3n de las v\u00edctimas de los delitos.","og_url":"https:\/\/www.fiscalia.gov.co\/colombia\/noticias\/carcel-para-presunto-abusador-de-una-menor-de-edad-y-con-problemas-auditivos-en-norte-de-santander\/","og_site_name":"Fiscal\u00eda General de la Naci\u00f3n","article_publisher":"https:\/\/www.facebook.com\/FiscaliaCol","article_published_time":"2024-03-21T17:06:08+00:00","og_image":[{"url":"https:\/\/www.fiscalia.gov.co\/colombia\/wp-content\/uploads\/Williams-de-Jesus-Barrios-Bravo-judicializado-por-acceso-carnal-y-actos-sexuales-con-menor-de-14-anos-300x204.jpg","type":"","width":"","height":""}],"author":"Paula Andrea Munera Due\u00f1as","twitter_card":"summary_large_image","twitter_creator":"@FiscaliaCol","twitter_site":"@FiscaliaCol","twitter_misc":{"Escrito por":"Paula Andrea Munera Due\u00f1as","Tiempo de lectura":"2 minutos"},"schema":{"@context":"https:\/\/schema.org","@graph":[{"@type":"Article","@id":"https:\/\/www.fiscalia.gov.co\/colombia\/noticias\/carcel-para-presunto-abusador-de-una-menor-de-edad-y-con-problemas-auditivos-en-norte-de-santander\/#article","isPartOf":{"@id":"https:\/\/www.fiscalia.gov.co\/colombia\/noticias\/carcel-para-presunto-abusador-de-una-menor-de-edad-y-con-problemas-auditivos-en-norte-de-santander\/"},"author":{"name":"Paula Andrea Munera Due\u00f1as","@id":"https:\/\/www.fiscalia.gov.co\/colombia\/#\/schema\/person\/b9e2848713ad5020d250209ba0f31a88"},"headline":"C\u00e1rcel para presunto abusador de una menor de edad y con problemas auditivos en Norte de Santander","datePublished":"2024-03-21T17:06:08+00:00","dateModified":"2024-03-21T17:06:08+00:00","mainEntityOfPage":{"@id":"https:\/\/www.fiscalia.gov.co\/colombia\/noticias\/carcel-para-presunto-abusador-de-una-menor-de-edad-y-con-problemas-auditivos-en-norte-de-santander\/"},"wordCount":346,"publisher":{"@id":"https:\/\/www.fiscalia.gov.co\/colombia\/#organization"},"image":{"@id":"https:\/\/www.fiscalia.gov.co\/colombia\/noticias\/carcel-para-presunto-abusador-de-una-menor-de-edad-y-con-problemas-auditivos-en-norte-de-santander\/#primaryimage"},"thumbnailUrl":"https:\/\/www.fiscalia.gov.co\/colombia\/wp-content\/uploads\/Williams-de-Jesus-Barrios-Bravo-judicializado-por-acceso-carnal-y-actos-sexuales-con-menor-de-14-anos-300x204.jpg","keywords":["C\u00e1rcel","Fiscal\u00eda","Investigaci\u00f3n","Menores","Pamplona (Norte de Santander)","Protecci\u00f3n"],"articleSection":["Noticias","Violencia sexual e intrafamiliar"],"inLanguage":"es-CO"},{"@type":"WebPage","@id":"https:\/\/www.fiscalia.gov.co\/colombia\/noticias\/carcel-para-presunto-abusador-de-una-menor-de-edad-y-con-problemas-auditivos-en-norte-de-santander\/","url":"https:\/\/www.fiscalia.gov.co\/colombia\/noticias\/carcel-para-presunto-abusador-de-una-menor-de-edad-y-con-problemas-auditivos-en-norte-de-santander\/","name":"Fiscal\u00eda General de la Naci\u00f3n","isPartOf":{"@id":"https:\/\/www.fiscalia.gov.co\/colombia\/#website"},"primaryImageOfPage":{"@id":"https:\/\/www.fiscalia.gov.co\/colombia\/noticias\/carcel-para-presunto-abusador-de-una-menor-de-edad-y-con-problemas-auditivos-en-norte-de-santander\/#primaryimage"},"image":{"@id":"https:\/\/www.fiscalia.gov.co\/colombia\/noticias\/carcel-para-presunto-abusador-de-una-menor-de-edad-y-con-problemas-auditivos-en-norte-de-santander\/#primaryimage"},"thumbnailUrl":"https:\/\/www.fiscalia.gov.co\/colombia\/wp-content\/uploads\/Williams-de-Jesus-Barrios-Bravo-judicializado-por-acceso-carnal-y-actos-sexuales-con-menor-de-14-anos-300x204.jpg","datePublished":"2024-03-21T17:06:08+00:00","dateModified":"2024-03-21T17:06:08+00:00","description":"P\u00e1gina oficial de la Fiscal\u00eda General de la Naci\u00f3n \u2013 Colombia. Garantizamos el acceso efectivo a la justicia, la verdad y la reparaci\u00f3n de las v\u00edctimas de los delitos.","breadcrumb":{"@id":"https:\/\/www.fiscalia.gov.co\/colombia\/noticias\/carcel-para-presunto-abusador-de-una-menor-de-edad-y-con-problemas-auditivos-en-norte-de-santander\/#breadcrumb"},"inLanguage":"es-CO","potentialAction":[{"@type":"ReadAction","target":["https:\/\/www.fiscalia.gov.co\/colombia\/noticias\/carcel-para-presunto-abusador-de-una-menor-de-edad-y-con-problemas-auditivos-en-norte-de-santander\/"]}]},{"@type":"ImageObject","inLanguage":"es-CO","@id":"https:\/\/www.fiscalia.gov.co\/colombia\/noticias\/carcel-para-presunto-abusador-de-una-menor-de-edad-y-con-problemas-auditivos-en-norte-de-santander\/#primaryimage","url":"https:\/\/www.fiscalia.gov.co\/colombia\/wp-content\/uploads\/Williams-de-Jesus-Barrios-Bravo-judicializado-por-acceso-carnal-y-actos-sexuales-con-menor-de-14-anos.jpg","contentUrl":"https:\/\/www.fiscalia.gov.co\/colombia\/wp-content\/uploads\/Williams-de-Jesus-Barrios-Bravo-judicializado-por-acceso-carnal-y-actos-sexuales-con-menor-de-14-anos.jpg","width":1029,"height":700,"caption":"La Fiscal\u00eda le imput\u00f3 los delitos de acceso carnal con menor de 14 a\u00f1os en concurso homog\u00e9neo y sucesivo con actos sexuales con menor de 14 a\u00f1os agravados."},{"@type":"BreadcrumbList","@id":"https:\/\/www.fiscalia.gov.co\/colombia\/noticias\/carcel-para-presunto-abusador-de-una-menor-de-edad-y-con-problemas-auditivos-en-norte-de-santander\/#breadcrumb","itemListElement":[{"@type":"ListItem","position":1,"name":"Home","item":"https:\/\/www.fiscalia.gov.co\/colombia\/"},{"@type":"ListItem","position":2,"name":"C\u00e1rcel para presunto abusador de una menor de edad y con problemas auditivos en Norte de Santander"}]},{"@type":"WebSite","@id":"https:\/\/www.fiscalia.gov.co\/colombia\/#website","url":"https:\/\/www.fiscalia.gov.co\/colombia\/","name":"Fiscal\u00eda General de la Naci\u00f3n","description":"P\u00e1gina oficial de la Fiscal\u00eda General de la Naci\u00f3n \u2013 Colombia. Garantizamos el acceso efectivo a la justicia, la verdad y la reparaci\u00f3n de las v\u00edctimas de los delitos.","publisher":{"@id":"https:\/\/www.fiscalia.gov.co\/colombia\/#organization"},"potentialAction":[{"@type":"SearchAction","target":{"@type":"EntryPoint","urlTemplate":"https:\/\/www.fiscalia.gov.co\/colombia\/?s={search_term_string}"},"query-input":{"@type":"PropertyValueSpecification","valueRequired":true,"valueName":"search_term_string"}}],"inLanguage":"es-CO"},{"@type":"Organization","@id":"https:\/\/www.fiscalia.gov.co\/colombia\/#organization","name":"Fiscal\u00eda General de la Naci\u00f3n","url":"https:\/\/www.fiscalia.gov.co\/colombia\/","logo":{"@type":"ImageObject","inLanguage":"es-CO","@id":"https:\/\/www.fiscalia.gov.co\/colombia\/#\/schema\/logo\/image\/","url":"https:\/\/www.fiscalia.gov.co\/colombia\/wp-content\/uploads\/LogoHorizontal_1.jpg","contentUrl":"https:\/\/www.fiscalia.gov.co\/colombia\/wp-content\/uploads\/LogoHorizontal_1.jpg","width":300,"height":90,"caption":"Fiscal\u00eda General de la Naci\u00f3n"},"image":{"@id":"https:\/\/www.fiscalia.gov.co\/colombia\/#\/schema\/logo\/image\/"},"sameAs":["https:\/\/www.facebook.com\/FiscaliaCol","https:\/\/x.com\/FiscaliaCol","https:\/\/www.instagram.com\/fiscaliacol","https:\/\/www.linkedin.com\/company\/fiscalia-general-de-la-naci-n\/","https:\/\/youtube.com\/@fiscaliageneraldelanacion-4668?si=6nN79nyQICPU5iTh"]},{"@type":"Person","@id":"https:\/\/www.fiscalia.gov.co\/colombia\/#\/schema\/person\/b9e2848713ad5020d250209ba0f31a88","name":"Paula Andrea Munera Due\u00f1as","image":{"@type":"ImageObject","inLanguage":"es-CO","@id":"https:\/\/www.fiscalia.gov.co\/colombia\/#\/schema\/person\/image\/","url":"https:\/\/secure.gravatar.com\/avatar\/4f70b6bf7197f2e2c55ba345c88d6e12?s=96&d=mm&r=g","contentUrl":"https:\/\/secure.gravatar.com\/avatar\/4f70b6bf7197f2e2c55ba345c88d6e12?s=96&d=mm&r=g","caption":"Paula Andrea Munera Due\u00f1as"},"url":"https:\/\/www.fiscalia.gov.co\/colombia\/author\/muneradpaula\/"}]}},"_links":{"self":[{"href":"https:\/\/www.fiscalia.gov.co\/colombia\/wp-json\/wp\/v2\/posts\/291597","targetHints":{"allow":["GET"]}}],"collection":[{"href":"https:\/\/www.fiscalia.gov.co\/colombia\/wp-json\/wp\/v2\/posts"}],"about":[{"href":"https:\/\/www.fiscalia.gov.co\/colombia\/wp-json\/wp\/v2\/types\/post"}],"author":[{"embeddable":true,"href":"https:\/\/www.fiscalia.gov.co\/colombia\/wp-json\/wp\/v2\/users\/180"}],"replies":[{"embeddable":true,"href":"https:\/\/www.fiscalia.gov.co\/colombia\/wp-json\/wp\/v2\/comments?post=291597"}],"version-history":[{"count":1,"href":"https:\/\/www.fiscalia.gov.co\/colombia\/wp-json\/wp\/v2\/posts\/291597\/revisions"}],"predecessor-version":[{"id":291599,"href":"https:\/\/www.fiscalia.gov.co\/colombia\/wp-json\/wp\/v2\/posts\/291597\/revisions\/291599"}],"wp:attachment":[{"href":"https:\/\/www.fiscalia.gov.co\/colombia\/wp-json\/wp\/v2\/media?parent=291597"}],"wp:term":[{"taxonomy":"category","embeddable":true,"href":"https:\/\/www.fiscalia.gov.co\/colombia\/wp-json\/wp\/v2\/categories?post=291597"},{"taxonomy":"post_tag","embeddable":true,"href":"https:\/\/www.fiscalia.gov.co\/colombia\/wp-json\/wp\/v2\/tags?post=291597"}],"curies":[{"name":"wp","href":"https:\/\/api.w.org\/{rel}","templated":true}]}}