{"id":291453,"date":"2024-03-20T11:10:43","date_gmt":"2024-03-20T16:10:43","guid":{"rendered":"https:\/\/www.fiscalia.gov.co\/colombia\/?p=291453"},"modified":"2024-03-20T11:10:43","modified_gmt":"2024-03-20T16:10:43","slug":"a-la-carcel-presunto-responsable-de-un-homicidio-en-cartagena","status":"publish","type":"post","link":"https:\/\/www.fiscalia.gov.co\/colombia\/seguridad-territorial\/a-la-carcel-presunto-responsable-de-un-homicidio-en-cartagena\/","title":{"rendered":"A la c\u00e1rcel presunto responsable de un homicidio en Cartagena"},"content":{"rendered":"<p>Una fiscal de la Unidad de Vida judicializ\u00f3 a Omar Yesid Vivero Hern\u00e1ndez, por su presunta responsabilidad en el homicidio de un hombre de 20 a\u00f1os.<\/p>\n<figure id=\"attachment_291454\" aria-describedby=\"caption-attachment-291454\" style=\"width: 300px\" class=\"wp-caption aligncenter\"><img loading=\"lazy\" decoding=\"async\" class=\"wp-image-291454 size-medium\" title=\"Fiscal Mancera, Fiscal Martha Mancera, Martha Mancera, Fiscal\u00eda General de la Naci\u00f3n\" src=\"https:\/\/www.fiscalia.gov.co\/colombia\/wp-content\/uploads\/Fiscal-Martha-Mancera-Foto-boletin-20-de-marzo-homicidio-300x169.jpeg\" alt=\" En la fotograf\u00eda aparece el medio cuerpo de un hombre delgado, moreno, est\u00e1 sentado en una silla, de orejas grandes, cabellos cortos, vestido con camiseta blanca manga corta, se encuentra en frente de una mesa, con un micr\u00f3fono en la audiencia donde se le proces\u00f3.\" width=\"300\" height=\"169\" srcset=\"https:\/\/www.fiscalia.gov.co\/colombia\/wp-content\/uploads\/Fiscal-Martha-Mancera-Foto-boletin-20-de-marzo-homicidio-300x169.jpeg 300w, https:\/\/www.fiscalia.gov.co\/colombia\/wp-content\/uploads\/Fiscal-Martha-Mancera-Foto-boletin-20-de-marzo-homicidio-1024x578.jpeg 1024w, https:\/\/www.fiscalia.gov.co\/colombia\/wp-content\/uploads\/Fiscal-Martha-Mancera-Foto-boletin-20-de-marzo-homicidio-768x434.jpeg 768w, https:\/\/www.fiscalia.gov.co\/colombia\/wp-content\/uploads\/Fiscal-Martha-Mancera-Foto-boletin-20-de-marzo-homicidio-696x393.jpeg 696w, https:\/\/www.fiscalia.gov.co\/colombia\/wp-content\/uploads\/Fiscal-Martha-Mancera-Foto-boletin-20-de-marzo-homicidio-1068x603.jpeg 1068w, https:\/\/www.fiscalia.gov.co\/colombia\/wp-content\/uploads\/Fiscal-Martha-Mancera-Foto-boletin-20-de-marzo-homicidio-744x420.jpeg 744w, https:\/\/www.fiscalia.gov.co\/colombia\/wp-content\/uploads\/Fiscal-Martha-Mancera-Foto-boletin-20-de-marzo-homicidio.jpeg 1284w\" sizes=\"auto, (max-width: 300px) 100vw, 300px\" \/><figcaption id=\"caption-attachment-291454\" class=\"wp-caption-text\">A Omar Yesid Vivero Hern\u00e1ndez la Fiscal\u00eda lo imput\u00f3 por los delitos de homicidio y porte ilegal de armas de fuego.<\/figcaption><\/figure>\n<p>Los hechos por los cuales fue investigado ocurrieron en el barrio Ciudad Jard\u00edn de Cartagena el pasado 17 de marzo, donde el hoy procesado, quien al parecer se desplazaba en una motocicleta con otra persona, dispar\u00f3 contra la v\u00edctima caus\u00e1ndole la muerte.<\/p>\n<p>Luego del ataque intentaron huir pero la moto se les averi\u00f3\u00a0por lo que tuvieron que escapar a pie por un sector boscoso.<\/p>\n<p>Agentes de la Polic\u00eda Nacional que se encontraba cerca del lugar emprendieron una persecuci\u00f3n contra los presuntos agresores y lograron capturar a Vivero Hern\u00e1ndez. La otra persona huy\u00f3.<\/p>\n<p>En el desarrollo de las audiencias concentradas el implicado, de 29 a\u00f1os, no acept\u00f3 su responsabilidad en el delito de homicidio y porte de arma de fuego que le imput\u00f3 la Fiscal\u00eda.<\/p>\n<p>Por disposici\u00f3n de un juez\u00a0deber\u00e1 cumplir medida de aseguramiento en centro carcelario de Cartagena<\/p>\n<p>Esta informaci\u00f3n se publica por razones de inter\u00e9s general.<\/p>\n<p>&nbsp;<\/p>\n<p>&nbsp;<\/p>\n<p>&nbsp;<\/p>\n<p><b><u>La Fiscal\u00eda habla con resultados.<\/u><\/b><\/p>\n<p>MEVA\/CFG\/ICHS\/DSB<\/p>\n<p>&nbsp;<\/p>\n<p>&nbsp;<\/p>\n<p><b>\u00a0<\/b><\/p>\n<p><b><i>Le puede interesar: <\/i><\/b><u><a id=\"m_-4053654107919089208m_-4755871304429047080OWA33051fad-9e39-66d0-1c1e-daae6b004034\" title=\"Asegurado hombre vinculado al homicidio de  un funcionario del INPEC en Huila\" href=\"https:\/\/www.fiscalia.gov.co\/colombia\/noticias\/asegurado-hombre-vinculado-al-homicidio-de-un-funcionario-del-inpec-en-huila\/\" target=\"_blank\" rel=\"noopener noreferrer\" data-saferedirecturl=\"https:\/\/www.google.com\/url?q=https:\/\/www.fiscalia.gov.co\/colombia\/noticias\/asegurado-hombre-vinculado-al-homicidio-de-un-funcionario-del-inpec-en-huila\/&amp;source=gmail&amp;ust=1711036004929000&amp;usg=AOvVaw2C8hZqJFRdoxLXBSo4nrAt\">Asegurado hombre vinculado al homicidio de un funcionario del INPEC en Huila<\/a><\/u><\/p>\n<p><u><a id=\"m_-4053654107919089208m_-4755871304429047080OWA4ae4cbec-99c2-0058-6af2-a6bc90b1dc00\" title=\"A la c\u00e1rcel alias \u2018Avioneta\u2019 presunto sicario del Clan del Golfo y se\u00f1alado de por lo menos 20 homicidios\" href=\"https:\/\/www.fiscalia.gov.co\/colombia\/noticias\/a-la-carcel-alias-avioneta-presunto-sicario-del-clan-del-golfo-y-senalado-de-por-lo-menos-20-homicidios\/\" target=\"_blank\" rel=\"noopener noreferrer\" data-saferedirecturl=\"https:\/\/www.google.com\/url?q=https:\/\/www.fiscalia.gov.co\/colombia\/noticias\/a-la-carcel-alias-avioneta-presunto-sicario-del-clan-del-golfo-y-senalado-de-por-lo-menos-20-homicidios\/&amp;source=gmail&amp;ust=1711036004929000&amp;usg=AOvVaw3Kq7CpZR4D0uWoS4VEOOwO\">A la c\u00e1rcel alias \u2018Avioneta\u2019 presunto sicario del Clan del Golfo y se\u00f1alado de por lo menos 20 homicidios<\/a><\/u><\/p>\n<p>&nbsp;<\/p>\n<p>&nbsp;<\/p>\n<p><i><span style=\"font-weight: 400;\">La informaci\u00f3n contenida en este bolet\u00edn de prensa corresponde a la narraci\u00f3n de los hechos noticiosos objetivos, suministrados por los funcionarios encargados de adelantar las investigaciones penales al interior de la Fiscal\u00eda General de la Naci\u00f3n. Para el momento de la divulgaci\u00f3n de este comunicado, la situaci\u00f3n jur\u00eddica de la(s) persona(s) relacionada(s) se encuentra pendiente de resolver por la autoridad judicial competente, siempre bajo los preceptos de la presunci\u00f3n de inocencia, consagrados en el art\u00edculo 29 de la Constituci\u00f3n Pol\u00edtica y el art\u00edculo 7\u00ba de la Ley 906 de 2004.<\/span><\/i><\/p>\n\n<div class=\"twitter-share\"><a href=\"https:\/\/twitter.com\/intent\/tweet?via=fiscaliacol\" class=\"twitter-share-button\">Tweet<\/a><\/div>\n","protected":false},"excerpt":{"rendered":"<p>Una fiscal de la Unidad de Vida judicializ\u00f3 a Omar Yesid Vivero Hern\u00e1ndez, por su presunta responsabilidad en el homicidio de un hombre de 20 a\u00f1os. Los hechos por los cuales fue investigado ocurrieron en el barrio Ciudad Jard\u00edn de Cartagena el pasado 17 de marzo, donde el hoy procesado, quien al parecer se desplazaba [&hellip;]<\/p>\n","protected":false},"author":180,"featured_media":0,"comment_status":"closed","ping_status":"open","sticky":false,"template":"","format":"standard","meta":{"tdm_status":"","tdm_grid_status":"","footnotes":""},"categories":[24099],"tags":[14550,23819,23998,35268,37086,36949,24187,1047,409,26350,1090,558,17445],"class_list":{"0":"post-291453","1":"post","2":"type-post","3":"status-publish","4":"format-standard","6":"category-seguridad-territorial","7":"tag-carcel","8":"tag-cartagena","9":"tag-cartagena-bolivar","10":"tag-ciudad-jardin","11":"tag-fiscal-mancera","12":"tag-fiscal-martha-mancera","13":"tag-fiscalia-colombia","14":"tag-fiscalia-general-de-la-nacion","15":"tag-homicidio","16":"tag-martha-mancera","17":"tag-motocicleta","18":"tag-policia-nacional","19":"tag-victima"},"yoast_head":"<!-- This site is optimized with the Yoast SEO plugin v24.3 - https:\/\/yoast.com\/wordpress\/plugins\/seo\/ -->\n<title>Fiscal\u00eda General de la Naci\u00f3n<\/title>\n<meta name=\"description\" content=\"P\u00e1gina oficial de la Fiscal\u00eda General de la Naci\u00f3n \u2013 Colombia. Garantizamos el acceso efectivo a la justicia, la verdad y la reparaci\u00f3n de las v\u00edctimas de los delitos.\" \/>\n<meta name=\"robots\" content=\"noindex, follow\" \/>\n<meta property=\"og:locale\" content=\"es_ES\" \/>\n<meta property=\"og:type\" content=\"article\" \/>\n<meta property=\"og:title\" content=\"Fiscal\u00eda General de la Naci\u00f3n\" \/>\n<meta property=\"og:description\" content=\"P\u00e1gina oficial de la Fiscal\u00eda General de la Naci\u00f3n \u2013 Colombia. Garantizamos el acceso efectivo a la justicia, la verdad y la reparaci\u00f3n de las v\u00edctimas de los delitos.\" \/>\n<meta property=\"og:url\" content=\"https:\/\/www.fiscalia.gov.co\/colombia\/seguridad-territorial\/a-la-carcel-presunto-responsable-de-un-homicidio-en-cartagena\/\" \/>\n<meta property=\"og:site_name\" content=\"Fiscal\u00eda General de la Naci\u00f3n\" \/>\n<meta property=\"article:publisher\" content=\"https:\/\/www.facebook.com\/FiscaliaCol\" \/>\n<meta property=\"article:published_time\" content=\"2024-03-20T16:10:43+00:00\" \/>\n<meta property=\"og:image\" content=\"https:\/\/www.fiscalia.gov.co\/colombia\/wp-content\/uploads\/Fiscal-Martha-Mancera-Foto-boletin-20-de-marzo-homicidio-300x169.jpeg\" \/>\n<meta name=\"author\" content=\"Paula Andrea Munera Due\u00f1as\" \/>\n<meta name=\"twitter:card\" content=\"summary_large_image\" \/>\n<meta name=\"twitter:creator\" content=\"@FiscaliaCol\" \/>\n<meta name=\"twitter:site\" content=\"@FiscaliaCol\" \/>\n<meta name=\"twitter:label1\" content=\"Escrito por\" \/>\n\t<meta name=\"twitter:data1\" content=\"Paula Andrea Munera Due\u00f1as\" \/>\n\t<meta name=\"twitter:label2\" content=\"Tiempo de lectura\" \/>\n\t<meta name=\"twitter:data2\" content=\"2 minutos\" \/>\n<script type=\"application\/ld+json\" class=\"yoast-schema-graph\">{\"@context\":\"https:\/\/schema.org\",\"@graph\":[{\"@type\":\"Article\",\"@id\":\"https:\/\/www.fiscalia.gov.co\/colombia\/seguridad-territorial\/a-la-carcel-presunto-responsable-de-un-homicidio-en-cartagena\/#article\",\"isPartOf\":{\"@id\":\"https:\/\/www.fiscalia.gov.co\/colombia\/seguridad-territorial\/a-la-carcel-presunto-responsable-de-un-homicidio-en-cartagena\/\"},\"author\":{\"name\":\"Paula Andrea Munera Due\u00f1as\",\"@id\":\"https:\/\/www.fiscalia.gov.co\/colombia\/#\/schema\/person\/b9e2848713ad5020d250209ba0f31a88\"},\"headline\":\"A la c\u00e1rcel presunto responsable de un homicidio en Cartagena\",\"datePublished\":\"2024-03-20T16:10:43+00:00\",\"dateModified\":\"2024-03-20T16:10:43+00:00\",\"mainEntityOfPage\":{\"@id\":\"https:\/\/www.fiscalia.gov.co\/colombia\/seguridad-territorial\/a-la-carcel-presunto-responsable-de-un-homicidio-en-cartagena\/\"},\"wordCount\":380,\"publisher\":{\"@id\":\"https:\/\/www.fiscalia.gov.co\/colombia\/#organization\"},\"image\":{\"@id\":\"https:\/\/www.fiscalia.gov.co\/colombia\/seguridad-territorial\/a-la-carcel-presunto-responsable-de-un-homicidio-en-cartagena\/#primaryimage\"},\"thumbnailUrl\":\"https:\/\/www.fiscalia.gov.co\/colombia\/wp-content\/uploads\/Fiscal-Martha-Mancera-Foto-boletin-20-de-marzo-homicidio-300x169.jpeg\",\"keywords\":[\"C\u00e1rcel\",\"Cartagena\",\"Cartagena (Bol\u00edvar)\",\"Ciudad Jard\u00edn\",\"fiscal mancera\",\"fiscal martha mancera\",\"Fiscal\u00eda Colombia\",\"Fiscal\u00eda General de la Naci\u00f3n\",\"Homicidio\",\"Martha Mancera\",\"Motocicleta\",\"Polic\u00eda Nacional\",\"V\u00edctima\"],\"articleSection\":[\"Seguridad territorial\"],\"inLanguage\":\"es-CO\"},{\"@type\":\"WebPage\",\"@id\":\"https:\/\/www.fiscalia.gov.co\/colombia\/seguridad-territorial\/a-la-carcel-presunto-responsable-de-un-homicidio-en-cartagena\/\",\"url\":\"https:\/\/www.fiscalia.gov.co\/colombia\/seguridad-territorial\/a-la-carcel-presunto-responsable-de-un-homicidio-en-cartagena\/\",\"name\":\"Fiscal\u00eda General de la Naci\u00f3n\",\"isPartOf\":{\"@id\":\"https:\/\/www.fiscalia.gov.co\/colombia\/#website\"},\"primaryImageOfPage\":{\"@id\":\"https:\/\/www.fiscalia.gov.co\/colombia\/seguridad-territorial\/a-la-carcel-presunto-responsable-de-un-homicidio-en-cartagena\/#primaryimage\"},\"image\":{\"@id\":\"https:\/\/www.fiscalia.gov.co\/colombia\/seguridad-territorial\/a-la-carcel-presunto-responsable-de-un-homicidio-en-cartagena\/#primaryimage\"},\"thumbnailUrl\":\"https:\/\/www.fiscalia.gov.co\/colombia\/wp-content\/uploads\/Fiscal-Martha-Mancera-Foto-boletin-20-de-marzo-homicidio-300x169.jpeg\",\"datePublished\":\"2024-03-20T16:10:43+00:00\",\"dateModified\":\"2024-03-20T16:10:43+00:00\",\"description\":\"P\u00e1gina oficial de la Fiscal\u00eda General de la Naci\u00f3n \u2013 Colombia. Garantizamos el acceso efectivo a la justicia, la verdad y la reparaci\u00f3n de las v\u00edctimas de los delitos.\",\"breadcrumb\":{\"@id\":\"https:\/\/www.fiscalia.gov.co\/colombia\/seguridad-territorial\/a-la-carcel-presunto-responsable-de-un-homicidio-en-cartagena\/#breadcrumb\"},\"inLanguage\":\"es-CO\",\"potentialAction\":[{\"@type\":\"ReadAction\",\"target\":[\"https:\/\/www.fiscalia.gov.co\/colombia\/seguridad-territorial\/a-la-carcel-presunto-responsable-de-un-homicidio-en-cartagena\/\"]}]},{\"@type\":\"ImageObject\",\"inLanguage\":\"es-CO\",\"@id\":\"https:\/\/www.fiscalia.gov.co\/colombia\/seguridad-territorial\/a-la-carcel-presunto-responsable-de-un-homicidio-en-cartagena\/#primaryimage\",\"url\":\"https:\/\/www.fiscalia.gov.co\/colombia\/wp-content\/uploads\/Fiscal-Martha-Mancera-Foto-boletin-20-de-marzo-homicidio-300x169.jpeg\",\"contentUrl\":\"https:\/\/www.fiscalia.gov.co\/colombia\/wp-content\/uploads\/Fiscal-Martha-Mancera-Foto-boletin-20-de-marzo-homicidio-300x169.jpeg\"},{\"@type\":\"BreadcrumbList\",\"@id\":\"https:\/\/www.fiscalia.gov.co\/colombia\/seguridad-territorial\/a-la-carcel-presunto-responsable-de-un-homicidio-en-cartagena\/#breadcrumb\",\"itemListElement\":[{\"@type\":\"ListItem\",\"position\":1,\"name\":\"Home\",\"item\":\"https:\/\/www.fiscalia.gov.co\/colombia\/\"},{\"@type\":\"ListItem\",\"position\":2,\"name\":\"A la c\u00e1rcel presunto responsable de un homicidio en Cartagena\"}]},{\"@type\":\"WebSite\",\"@id\":\"https:\/\/www.fiscalia.gov.co\/colombia\/#website\",\"url\":\"https:\/\/www.fiscalia.gov.co\/colombia\/\",\"name\":\"Fiscal\u00eda General de la Naci\u00f3n\",\"description\":\"P\u00e1gina oficial de la Fiscal\u00eda General de la Naci\u00f3n \u2013 Colombia. Garantizamos el acceso efectivo a la justicia, la verdad y la reparaci\u00f3n de las v\u00edctimas de los delitos.\",\"publisher\":{\"@id\":\"https:\/\/www.fiscalia.gov.co\/colombia\/#organization\"},\"potentialAction\":[{\"@type\":\"SearchAction\",\"target\":{\"@type\":\"EntryPoint\",\"urlTemplate\":\"https:\/\/www.fiscalia.gov.co\/colombia\/?s={search_term_string}\"},\"query-input\":{\"@type\":\"PropertyValueSpecification\",\"valueRequired\":true,\"valueName\":\"search_term_string\"}}],\"inLanguage\":\"es-CO\"},{\"@type\":\"Organization\",\"@id\":\"https:\/\/www.fiscalia.gov.co\/colombia\/#organization\",\"name\":\"Fiscal\u00eda General de la Naci\u00f3n\",\"url\":\"https:\/\/www.fiscalia.gov.co\/colombia\/\",\"logo\":{\"@type\":\"ImageObject\",\"inLanguage\":\"es-CO\",\"@id\":\"https:\/\/www.fiscalia.gov.co\/colombia\/#\/schema\/logo\/image\/\",\"url\":\"https:\/\/www.fiscalia.gov.co\/colombia\/wp-content\/uploads\/LogoHorizontal_1.jpg\",\"contentUrl\":\"https:\/\/www.fiscalia.gov.co\/colombia\/wp-content\/uploads\/LogoHorizontal_1.jpg\",\"width\":300,\"height\":90,\"caption\":\"Fiscal\u00eda General de la Naci\u00f3n\"},\"image\":{\"@id\":\"https:\/\/www.fiscalia.gov.co\/colombia\/#\/schema\/logo\/image\/\"},\"sameAs\":[\"https:\/\/www.facebook.com\/FiscaliaCol\",\"https:\/\/x.com\/FiscaliaCol\",\"https:\/\/www.instagram.com\/fiscaliacol\",\"https:\/\/www.linkedin.com\/company\/fiscalia-general-de-la-naci-n\/\",\"https:\/\/youtube.com\/@fiscaliageneraldelanacion-4668?si=6nN79nyQICPU5iTh\"]},{\"@type\":\"Person\",\"@id\":\"https:\/\/www.fiscalia.gov.co\/colombia\/#\/schema\/person\/b9e2848713ad5020d250209ba0f31a88\",\"name\":\"Paula Andrea Munera Due\u00f1as\",\"image\":{\"@type\":\"ImageObject\",\"inLanguage\":\"es-CO\",\"@id\":\"https:\/\/www.fiscalia.gov.co\/colombia\/#\/schema\/person\/image\/\",\"url\":\"https:\/\/secure.gravatar.com\/avatar\/4f70b6bf7197f2e2c55ba345c88d6e12?s=96&d=mm&r=g\",\"contentUrl\":\"https:\/\/secure.gravatar.com\/avatar\/4f70b6bf7197f2e2c55ba345c88d6e12?s=96&d=mm&r=g\",\"caption\":\"Paula Andrea Munera Due\u00f1as\"},\"url\":\"https:\/\/www.fiscalia.gov.co\/colombia\/author\/muneradpaula\/\"}]}<\/script>\n<!-- \/ Yoast SEO plugin. -->","yoast_head_json":{"title":"Fiscal\u00eda General de la Naci\u00f3n","description":"P\u00e1gina oficial de la Fiscal\u00eda General de la Naci\u00f3n \u2013 Colombia. Garantizamos el acceso efectivo a la justicia, la verdad y la reparaci\u00f3n de las v\u00edctimas de los delitos.","robots":{"index":"noindex","follow":"follow"},"og_locale":"es_ES","og_type":"article","og_title":"Fiscal\u00eda General de la Naci\u00f3n","og_description":"P\u00e1gina oficial de la Fiscal\u00eda General de la Naci\u00f3n \u2013 Colombia. Garantizamos el acceso efectivo a la justicia, la verdad y la reparaci\u00f3n de las v\u00edctimas de los delitos.","og_url":"https:\/\/www.fiscalia.gov.co\/colombia\/seguridad-territorial\/a-la-carcel-presunto-responsable-de-un-homicidio-en-cartagena\/","og_site_name":"Fiscal\u00eda General de la Naci\u00f3n","article_publisher":"https:\/\/www.facebook.com\/FiscaliaCol","article_published_time":"2024-03-20T16:10:43+00:00","og_image":[{"url":"https:\/\/www.fiscalia.gov.co\/colombia\/wp-content\/uploads\/Fiscal-Martha-Mancera-Foto-boletin-20-de-marzo-homicidio-300x169.jpeg","type":"","width":"","height":""}],"author":"Paula Andrea Munera Due\u00f1as","twitter_card":"summary_large_image","twitter_creator":"@FiscaliaCol","twitter_site":"@FiscaliaCol","twitter_misc":{"Escrito por":"Paula Andrea Munera Due\u00f1as","Tiempo de lectura":"2 minutos"},"schema":{"@context":"https:\/\/schema.org","@graph":[{"@type":"Article","@id":"https:\/\/www.fiscalia.gov.co\/colombia\/seguridad-territorial\/a-la-carcel-presunto-responsable-de-un-homicidio-en-cartagena\/#article","isPartOf":{"@id":"https:\/\/www.fiscalia.gov.co\/colombia\/seguridad-territorial\/a-la-carcel-presunto-responsable-de-un-homicidio-en-cartagena\/"},"author":{"name":"Paula Andrea Munera Due\u00f1as","@id":"https:\/\/www.fiscalia.gov.co\/colombia\/#\/schema\/person\/b9e2848713ad5020d250209ba0f31a88"},"headline":"A la c\u00e1rcel presunto responsable de un homicidio en Cartagena","datePublished":"2024-03-20T16:10:43+00:00","dateModified":"2024-03-20T16:10:43+00:00","mainEntityOfPage":{"@id":"https:\/\/www.fiscalia.gov.co\/colombia\/seguridad-territorial\/a-la-carcel-presunto-responsable-de-un-homicidio-en-cartagena\/"},"wordCount":380,"publisher":{"@id":"https:\/\/www.fiscalia.gov.co\/colombia\/#organization"},"image":{"@id":"https:\/\/www.fiscalia.gov.co\/colombia\/seguridad-territorial\/a-la-carcel-presunto-responsable-de-un-homicidio-en-cartagena\/#primaryimage"},"thumbnailUrl":"https:\/\/www.fiscalia.gov.co\/colombia\/wp-content\/uploads\/Fiscal-Martha-Mancera-Foto-boletin-20-de-marzo-homicidio-300x169.jpeg","keywords":["C\u00e1rcel","Cartagena","Cartagena (Bol\u00edvar)","Ciudad Jard\u00edn","fiscal mancera","fiscal martha mancera","Fiscal\u00eda Colombia","Fiscal\u00eda General de la Naci\u00f3n","Homicidio","Martha Mancera","Motocicleta","Polic\u00eda Nacional","V\u00edctima"],"articleSection":["Seguridad territorial"],"inLanguage":"es-CO"},{"@type":"WebPage","@id":"https:\/\/www.fiscalia.gov.co\/colombia\/seguridad-territorial\/a-la-carcel-presunto-responsable-de-un-homicidio-en-cartagena\/","url":"https:\/\/www.fiscalia.gov.co\/colombia\/seguridad-territorial\/a-la-carcel-presunto-responsable-de-un-homicidio-en-cartagena\/","name":"Fiscal\u00eda General de la Naci\u00f3n","isPartOf":{"@id":"https:\/\/www.fiscalia.gov.co\/colombia\/#website"},"primaryImageOfPage":{"@id":"https:\/\/www.fiscalia.gov.co\/colombia\/seguridad-territorial\/a-la-carcel-presunto-responsable-de-un-homicidio-en-cartagena\/#primaryimage"},"image":{"@id":"https:\/\/www.fiscalia.gov.co\/colombia\/seguridad-territorial\/a-la-carcel-presunto-responsable-de-un-homicidio-en-cartagena\/#primaryimage"},"thumbnailUrl":"https:\/\/www.fiscalia.gov.co\/colombia\/wp-content\/uploads\/Fiscal-Martha-Mancera-Foto-boletin-20-de-marzo-homicidio-300x169.jpeg","datePublished":"2024-03-20T16:10:43+00:00","dateModified":"2024-03-20T16:10:43+00:00","description":"P\u00e1gina oficial de la Fiscal\u00eda General de la Naci\u00f3n \u2013 Colombia. Garantizamos el acceso efectivo a la justicia, la verdad y la reparaci\u00f3n de las v\u00edctimas de los delitos.","breadcrumb":{"@id":"https:\/\/www.fiscalia.gov.co\/colombia\/seguridad-territorial\/a-la-carcel-presunto-responsable-de-un-homicidio-en-cartagena\/#breadcrumb"},"inLanguage":"es-CO","potentialAction":[{"@type":"ReadAction","target":["https:\/\/www.fiscalia.gov.co\/colombia\/seguridad-territorial\/a-la-carcel-presunto-responsable-de-un-homicidio-en-cartagena\/"]}]},{"@type":"ImageObject","inLanguage":"es-CO","@id":"https:\/\/www.fiscalia.gov.co\/colombia\/seguridad-territorial\/a-la-carcel-presunto-responsable-de-un-homicidio-en-cartagena\/#primaryimage","url":"https:\/\/www.fiscalia.gov.co\/colombia\/wp-content\/uploads\/Fiscal-Martha-Mancera-Foto-boletin-20-de-marzo-homicidio-300x169.jpeg","contentUrl":"https:\/\/www.fiscalia.gov.co\/colombia\/wp-content\/uploads\/Fiscal-Martha-Mancera-Foto-boletin-20-de-marzo-homicidio-300x169.jpeg"},{"@type":"BreadcrumbList","@id":"https:\/\/www.fiscalia.gov.co\/colombia\/seguridad-territorial\/a-la-carcel-presunto-responsable-de-un-homicidio-en-cartagena\/#breadcrumb","itemListElement":[{"@type":"ListItem","position":1,"name":"Home","item":"https:\/\/www.fiscalia.gov.co\/colombia\/"},{"@type":"ListItem","position":2,"name":"A la c\u00e1rcel presunto responsable de un homicidio en Cartagena"}]},{"@type":"WebSite","@id":"https:\/\/www.fiscalia.gov.co\/colombia\/#website","url":"https:\/\/www.fiscalia.gov.co\/colombia\/","name":"Fiscal\u00eda General de la Naci\u00f3n","description":"P\u00e1gina oficial de la Fiscal\u00eda General de la Naci\u00f3n \u2013 Colombia. Garantizamos el acceso efectivo a la justicia, la verdad y la reparaci\u00f3n de las v\u00edctimas de los delitos.","publisher":{"@id":"https:\/\/www.fiscalia.gov.co\/colombia\/#organization"},"potentialAction":[{"@type":"SearchAction","target":{"@type":"EntryPoint","urlTemplate":"https:\/\/www.fiscalia.gov.co\/colombia\/?s={search_term_string}"},"query-input":{"@type":"PropertyValueSpecification","valueRequired":true,"valueName":"search_term_string"}}],"inLanguage":"es-CO"},{"@type":"Organization","@id":"https:\/\/www.fiscalia.gov.co\/colombia\/#organization","name":"Fiscal\u00eda General de la Naci\u00f3n","url":"https:\/\/www.fiscalia.gov.co\/colombia\/","logo":{"@type":"ImageObject","inLanguage":"es-CO","@id":"https:\/\/www.fiscalia.gov.co\/colombia\/#\/schema\/logo\/image\/","url":"https:\/\/www.fiscalia.gov.co\/colombia\/wp-content\/uploads\/LogoHorizontal_1.jpg","contentUrl":"https:\/\/www.fiscalia.gov.co\/colombia\/wp-content\/uploads\/LogoHorizontal_1.jpg","width":300,"height":90,"caption":"Fiscal\u00eda General de la Naci\u00f3n"},"image":{"@id":"https:\/\/www.fiscalia.gov.co\/colombia\/#\/schema\/logo\/image\/"},"sameAs":["https:\/\/www.facebook.com\/FiscaliaCol","https:\/\/x.com\/FiscaliaCol","https:\/\/www.instagram.com\/fiscaliacol","https:\/\/www.linkedin.com\/company\/fiscalia-general-de-la-naci-n\/","https:\/\/youtube.com\/@fiscaliageneraldelanacion-4668?si=6nN79nyQICPU5iTh"]},{"@type":"Person","@id":"https:\/\/www.fiscalia.gov.co\/colombia\/#\/schema\/person\/b9e2848713ad5020d250209ba0f31a88","name":"Paula Andrea Munera Due\u00f1as","image":{"@type":"ImageObject","inLanguage":"es-CO","@id":"https:\/\/www.fiscalia.gov.co\/colombia\/#\/schema\/person\/image\/","url":"https:\/\/secure.gravatar.com\/avatar\/4f70b6bf7197f2e2c55ba345c88d6e12?s=96&d=mm&r=g","contentUrl":"https:\/\/secure.gravatar.com\/avatar\/4f70b6bf7197f2e2c55ba345c88d6e12?s=96&d=mm&r=g","caption":"Paula Andrea Munera Due\u00f1as"},"url":"https:\/\/www.fiscalia.gov.co\/colombia\/author\/muneradpaula\/"}]}},"_links":{"self":[{"href":"https:\/\/www.fiscalia.gov.co\/colombia\/wp-json\/wp\/v2\/posts\/291453","targetHints":{"allow":["GET"]}}],"collection":[{"href":"https:\/\/www.fiscalia.gov.co\/colombia\/wp-json\/wp\/v2\/posts"}],"about":[{"href":"https:\/\/www.fiscalia.gov.co\/colombia\/wp-json\/wp\/v2\/types\/post"}],"author":[{"embeddable":true,"href":"https:\/\/www.fiscalia.gov.co\/colombia\/wp-json\/wp\/v2\/users\/180"}],"replies":[{"embeddable":true,"href":"https:\/\/www.fiscalia.gov.co\/colombia\/wp-json\/wp\/v2\/comments?post=291453"}],"version-history":[{"count":1,"href":"https:\/\/www.fiscalia.gov.co\/colombia\/wp-json\/wp\/v2\/posts\/291453\/revisions"}],"predecessor-version":[{"id":291455,"href":"https:\/\/www.fiscalia.gov.co\/colombia\/wp-json\/wp\/v2\/posts\/291453\/revisions\/291455"}],"wp:attachment":[{"href":"https:\/\/www.fiscalia.gov.co\/colombia\/wp-json\/wp\/v2\/media?parent=291453"}],"wp:term":[{"taxonomy":"category","embeddable":true,"href":"https:\/\/www.fiscalia.gov.co\/colombia\/wp-json\/wp\/v2\/categories?post=291453"},{"taxonomy":"post_tag","embeddable":true,"href":"https:\/\/www.fiscalia.gov.co\/colombia\/wp-json\/wp\/v2\/tags?post=291453"}],"curies":[{"name":"wp","href":"https:\/\/api.w.org\/{rel}","templated":true}]}}