{"id":291353,"date":"2024-03-19T10:22:23","date_gmt":"2024-03-19T15:22:23","guid":{"rendered":"https:\/\/www.fiscalia.gov.co\/colombia\/?p=291353"},"modified":"2024-03-19T10:22:23","modified_gmt":"2024-03-19T15:22:23","slug":"carcel-para-presunto-integrante-de-las-autodefensas-gaitanistas-de-colombia","status":"publish","type":"post","link":"https:\/\/www.fiscalia.gov.co\/colombia\/noticias\/carcel-para-presunto-integrante-de-las-autodefensas-gaitanistas-de-colombia\/","title":{"rendered":"C\u00e1rcel para presunto integrante de las Autodefensas Gaitanistas de Colombia"},"content":{"rendered":"<p>La petici\u00f3n de una fiscal de la Seccional Bol\u00edvar fue acogida por un juez de control de garant\u00edas al proferir medida de aseguramiento intramural contra Ruan Emilio Posso Durango, <strong>alias Estiven<\/strong>, como presunto responsable del delito de porte ilegal de armas de fuego.<\/p>\n<figure id=\"attachment_291354\" aria-describedby=\"caption-attachment-291354\" style=\"width: 345px\" class=\"wp-caption aligncenter\"><img loading=\"lazy\" decoding=\"async\" class=\"wp-image-291354 \" title=\"Fiscal Mancera, Fiscal Martha Mancera, Martha Mancera, Fiscal\u00eda General de la Naci\u00f3n\" src=\"https:\/\/www.fiscalia.gov.co\/colombia\/wp-content\/uploads\/Fiscal-Martha-Mancera-Foto-boletin-19-de-marzo-porte-de-arma-300x199.jpeg\" alt=\"En la fotograf\u00eda se encuentra un hombre trigue\u00f1o, de pie, con los brazos atr\u00e1s, vestido de buzo gris y jean azul custodiado por dos agentes de la Polic\u00eda Nacional. Delante de ellos hay una mesa con el arma y las municiones que se le incautaron.\" width=\"345\" height=\"229\" srcset=\"https:\/\/www.fiscalia.gov.co\/colombia\/wp-content\/uploads\/Fiscal-Martha-Mancera-Foto-boletin-19-de-marzo-porte-de-arma-300x199.jpeg 300w, https:\/\/www.fiscalia.gov.co\/colombia\/wp-content\/uploads\/Fiscal-Martha-Mancera-Foto-boletin-19-de-marzo-porte-de-arma-1024x680.jpeg 1024w, https:\/\/www.fiscalia.gov.co\/colombia\/wp-content\/uploads\/Fiscal-Martha-Mancera-Foto-boletin-19-de-marzo-porte-de-arma-768x510.jpeg 768w, https:\/\/www.fiscalia.gov.co\/colombia\/wp-content\/uploads\/Fiscal-Martha-Mancera-Foto-boletin-19-de-marzo-porte-de-arma-1536x1020.jpeg 1536w, https:\/\/www.fiscalia.gov.co\/colombia\/wp-content\/uploads\/Fiscal-Martha-Mancera-Foto-boletin-19-de-marzo-porte-de-arma-696x462.jpeg 696w, https:\/\/www.fiscalia.gov.co\/colombia\/wp-content\/uploads\/Fiscal-Martha-Mancera-Foto-boletin-19-de-marzo-porte-de-arma-1068x709.jpeg 1068w, https:\/\/www.fiscalia.gov.co\/colombia\/wp-content\/uploads\/Fiscal-Martha-Mancera-Foto-boletin-19-de-marzo-porte-de-arma-633x420.jpeg 633w, https:\/\/www.fiscalia.gov.co\/colombia\/wp-content\/uploads\/Fiscal-Martha-Mancera-Foto-boletin-19-de-marzo-porte-de-arma.jpeg 1600w\" sizes=\"auto, (max-width: 345px) 100vw, 345px\" \/><figcaption id=\"caption-attachment-291354\" class=\"wp-caption-text\">En una requisa a Ruan Emilio Posso Durango le fueron hallados, al parecer, un arma de fuego, dos proveedores y 28 cartuchos calibre 9 mil\u00edmetros.<\/figcaption><\/figure>\n<p>La decisi\u00f3n judicial se refiere a los hechos ocurridos el 10 de marzo \u00faltimo en el barrio Las Flores, del municipio de San Mart\u00edn de Loba (Bol\u00edvar), donde uniformados de la Polic\u00eda Nacional en una requisa rutinaria le encontraron un arma de fuego, dos proveedores y 28 cartuchos calibre 9 mil\u00edmetros.<\/p>\n<p>Al procesado, de 31 a\u00f1os, que al parecer <strong>intent\u00f3 evadir la presencia de las autoridades<\/strong>, tambi\u00e9n le fueron hallados dos radios de comunicaciones, tres antenas para dichos radios y una agenda del estado de constitucionalidad y r\u00e9gimen disciplinario de las <a href=\"https:\/\/www.fiscalia.gov.co\/colombia\/noticias\/asegurado-presunto-integrante-de-las-autodefensas-gaitanistas-de-la-costa-dedicados-a-la-extorsion-en-la-guajira\/\"><strong>Autodefensas Gaitanistas de Colombia<\/strong><\/a>.<\/p>\n<p>En el transcurso de las audiencias preliminares alias Estiven<strong> no acept\u00f3 el cargo<\/strong> que le imput\u00f3 el ente acusador y por disposici\u00f3n judicial fue traslado a la c\u00e1rcel San Sebasti\u00e1n Ternera de Cartagena para que cumpla con la medida impuesta.<\/p>\n<p>Esta informaci\u00f3n se publica por razones de inter\u00e9s general.<\/p>\n<p>&nbsp;<\/p>\n<p><b><u>La Fiscal\u00eda habla con resultados.<\/u><\/b><\/p>\n<p>MEVA\/CFG\/ICHS\/DSB<\/p>\n<p>&nbsp;<\/p>\n<p><b><i>Le puede interesar: <\/i><\/b><a id=\"m_6472892434855138738m_-1264741431028917462OWA76ff8c00-d53e-677f-7396-7d0e637a3336\" title=\"Un hombre fue condenado a m\u00e1s de cuatro a\u00f1os de prisi\u00f3n por tr\u00e1fico de estupefacientes y porte ilegal de armas de fuego en C\u00facuta\" href=\"https:\/\/www.fiscalia.gov.co\/colombia\/noticias\/un-hombre-fue-condenado-a-mas-de-cuatro-anos-de-prision-por-trafico-de-estupefacientes-y-porte-ilegal-de-armas-de-fuego-en-cucuta\/\" target=\"_blank\" rel=\"noopener noreferrer\" data-saferedirecturl=\"https:\/\/www.google.com\/url?q=https:\/\/www.fiscalia.gov.co\/colombia\/noticias\/un-hombre-fue-condenado-a-mas-de-cuatro-anos-de-prision-por-trafico-de-estupefacientes-y-porte-ilegal-de-armas-de-fuego-en-cucuta\/&amp;source=gmail&amp;ust=1710947397325000&amp;usg=AOvVaw1GPrzxqB5FVYYmwFwcK8qg\">Un hombre fue condenado a m\u00e1s de cuatro a\u00f1os de prisi\u00f3n por tr\u00e1fico de estupefacientes y porte ilegal de armas de fuego en C\u00facuta<\/a><\/p>\n<p><a id=\"m_6472892434855138738m_-1264741431028917462OWA854deeab-0659-09b0-4d1f-6ddf011d44d5\" title=\"Enviados a la c\u00e1rcel \u2018Los Cuatro de Guachen\u00e9\u2019 se\u00f1alados de porte de armas de fuego, tr\u00e1fico de estupefacientes y hurto\" href=\"https:\/\/www.fiscalia.gov.co\/colombia\/noticias\/enviados-a-la-carcel-los-cuatro-de-guachene-senalados-de-porte-de-armas-de-fuego-trafico-de-estupefacientes-y-hurto\/\" target=\"_blank\" rel=\"noopener noreferrer\" data-saferedirecturl=\"https:\/\/www.google.com\/url?q=https:\/\/www.fiscalia.gov.co\/colombia\/noticias\/enviados-a-la-carcel-los-cuatro-de-guachene-senalados-de-porte-de-armas-de-fuego-trafico-de-estupefacientes-y-hurto\/&amp;source=gmail&amp;ust=1710947397325000&amp;usg=AOvVaw1hiSE5YAxT2ySFpNlIDa79\">Enviados a la c\u00e1rcel \u2018Los Cuatro de Guachen\u00e9\u2019 se\u00f1alados de porte de armas de fuego, tr\u00e1fico de estupefacientes y hurto<\/a><\/p>\n<p>&nbsp;<\/p>\n<p>&nbsp;<\/p>\n<p><i><span style=\"font-weight: 400;\">La informaci\u00f3n contenida en este bolet\u00edn de prensa corresponde a la narraci\u00f3n de los hechos noticiosos objetivos, suministrados por los funcionarios encargados de adelantar las investigaciones penales al interior de la Fiscal\u00eda General de la Naci\u00f3n. Para el momento de la divulgaci\u00f3n de este comunicado, la situaci\u00f3n jur\u00eddica de la(s) persona(s) relacionada(s) se encuentra pendiente de resolver por la autoridad judicial competente, siempre bajo los preceptos de la presunci\u00f3n de inocencia, consagrados en el art\u00edculo 29 de la Constituci\u00f3n Pol\u00edtica y el art\u00edculo 7\u00ba de la Ley 906 de 2004.<\/span><\/i><\/p>\n\n<div class=\"twitter-share\"><a href=\"https:\/\/twitter.com\/intent\/tweet?via=fiscaliacol\" class=\"twitter-share-button\">Tweet<\/a><\/div>\n","protected":false},"excerpt":{"rendered":"<p>La petici\u00f3n de una fiscal de la Seccional Bol\u00edvar fue acogida por un juez de control de garant\u00edas al proferir medida de aseguramiento intramural contra Ruan Emilio Posso Durango, alias Estiven, como presunto responsable del delito de porte ilegal de armas de fuego. La decisi\u00f3n judicial se refiere a los hechos ocurridos el 10 de [&hellip;]<\/p>\n","protected":false},"author":180,"featured_media":0,"comment_status":"closed","ping_status":"open","sticky":false,"template":"","format":"standard","meta":{"tdm_status":"","tdm_grid_status":"","footnotes":""},"categories":[1,24099],"tags":[402,9082,14550,37086,36949,24187,1047,26350,558,29043,33959,37432,37431],"class_list":{"0":"post-291353","1":"post","2":"type-post","3":"status-publish","4":"format-standard","6":"category-noticias","7":"category-seguridad-territorial","8":"tag-autodefensas","9":"tag-bolivar","10":"tag-carcel","11":"tag-fiscal-mancera","12":"tag-fiscal-martha-mancera","13":"tag-fiscalia-colombia","14":"tag-fiscalia-general-de-la-nacion","15":"tag-martha-mancera","16":"tag-policia-nacional","17":"tag-porte-de-arma-de-fuego","18":"tag-proveedores","19":"tag-san-martin-de-loba","20":"tag-san-martin-de-loba-bolivar"},"yoast_head":"<!-- This site is optimized with the Yoast SEO plugin v24.3 - https:\/\/yoast.com\/wordpress\/plugins\/seo\/ -->\n<title>Fiscal\u00eda General de la Naci\u00f3n<\/title>\n<meta name=\"description\" content=\"P\u00e1gina oficial de la Fiscal\u00eda General de la Naci\u00f3n \u2013 Colombia. Garantizamos el acceso efectivo a la justicia, la verdad y la reparaci\u00f3n de las v\u00edctimas de los delitos.\" \/>\n<meta name=\"robots\" content=\"noindex, follow\" \/>\n<meta property=\"og:locale\" content=\"es_ES\" \/>\n<meta property=\"og:type\" content=\"article\" \/>\n<meta property=\"og:title\" content=\"Fiscal\u00eda General de la Naci\u00f3n\" \/>\n<meta property=\"og:description\" content=\"P\u00e1gina oficial de la Fiscal\u00eda General de la Naci\u00f3n \u2013 Colombia. Garantizamos el acceso efectivo a la justicia, la verdad y la reparaci\u00f3n de las v\u00edctimas de los delitos.\" \/>\n<meta property=\"og:url\" content=\"https:\/\/www.fiscalia.gov.co\/colombia\/noticias\/carcel-para-presunto-integrante-de-las-autodefensas-gaitanistas-de-colombia\/\" \/>\n<meta property=\"og:site_name\" content=\"Fiscal\u00eda General de la Naci\u00f3n\" \/>\n<meta property=\"article:publisher\" content=\"https:\/\/www.facebook.com\/FiscaliaCol\" \/>\n<meta property=\"article:published_time\" content=\"2024-03-19T15:22:23+00:00\" \/>\n<meta property=\"og:image\" content=\"https:\/\/www.fiscalia.gov.co\/colombia\/wp-content\/uploads\/Fiscal-Martha-Mancera-Foto-boletin-19-de-marzo-porte-de-arma-300x199.jpeg\" \/>\n<meta name=\"author\" content=\"Paula Andrea Munera Due\u00f1as\" \/>\n<meta name=\"twitter:card\" content=\"summary_large_image\" \/>\n<meta name=\"twitter:creator\" content=\"@FiscaliaCol\" \/>\n<meta name=\"twitter:site\" content=\"@FiscaliaCol\" \/>\n<meta name=\"twitter:label1\" content=\"Escrito por\" \/>\n\t<meta name=\"twitter:data1\" content=\"Paula Andrea Munera Due\u00f1as\" \/>\n\t<meta name=\"twitter:label2\" content=\"Tiempo de lectura\" \/>\n\t<meta name=\"twitter:data2\" content=\"2 minutos\" \/>\n<script type=\"application\/ld+json\" class=\"yoast-schema-graph\">{\"@context\":\"https:\/\/schema.org\",\"@graph\":[{\"@type\":\"Article\",\"@id\":\"https:\/\/www.fiscalia.gov.co\/colombia\/noticias\/carcel-para-presunto-integrante-de-las-autodefensas-gaitanistas-de-colombia\/#article\",\"isPartOf\":{\"@id\":\"https:\/\/www.fiscalia.gov.co\/colombia\/noticias\/carcel-para-presunto-integrante-de-las-autodefensas-gaitanistas-de-colombia\/\"},\"author\":{\"name\":\"Paula Andrea Munera Due\u00f1as\",\"@id\":\"https:\/\/www.fiscalia.gov.co\/colombia\/#\/schema\/person\/b9e2848713ad5020d250209ba0f31a88\"},\"headline\":\"C\u00e1rcel para presunto integrante de las Autodefensas Gaitanistas de Colombia\",\"datePublished\":\"2024-03-19T15:22:23+00:00\",\"dateModified\":\"2024-03-19T15:22:23+00:00\",\"mainEntityOfPage\":{\"@id\":\"https:\/\/www.fiscalia.gov.co\/colombia\/noticias\/carcel-para-presunto-integrante-de-las-autodefensas-gaitanistas-de-colombia\/\"},\"wordCount\":412,\"publisher\":{\"@id\":\"https:\/\/www.fiscalia.gov.co\/colombia\/#organization\"},\"image\":{\"@id\":\"https:\/\/www.fiscalia.gov.co\/colombia\/noticias\/carcel-para-presunto-integrante-de-las-autodefensas-gaitanistas-de-colombia\/#primaryimage\"},\"thumbnailUrl\":\"https:\/\/www.fiscalia.gov.co\/colombia\/wp-content\/uploads\/Fiscal-Martha-Mancera-Foto-boletin-19-de-marzo-porte-de-arma-300x199.jpeg\",\"keywords\":[\"Autodefensas\",\"Bol\u00edvar\",\"C\u00e1rcel\",\"fiscal mancera\",\"fiscal martha mancera\",\"Fiscal\u00eda Colombia\",\"Fiscal\u00eda General de la Naci\u00f3n\",\"Martha Mancera\",\"Polic\u00eda Nacional\",\"porte de arma de fuego\",\"proveedores\",\"San Mart\u00edn de Loba\",\"San Mart\u00edn de Loba (Bol\u00edvar)\"],\"articleSection\":[\"Noticias\",\"Seguridad territorial\"],\"inLanguage\":\"es-CO\"},{\"@type\":\"WebPage\",\"@id\":\"https:\/\/www.fiscalia.gov.co\/colombia\/noticias\/carcel-para-presunto-integrante-de-las-autodefensas-gaitanistas-de-colombia\/\",\"url\":\"https:\/\/www.fiscalia.gov.co\/colombia\/noticias\/carcel-para-presunto-integrante-de-las-autodefensas-gaitanistas-de-colombia\/\",\"name\":\"Fiscal\u00eda General de la Naci\u00f3n\",\"isPartOf\":{\"@id\":\"https:\/\/www.fiscalia.gov.co\/colombia\/#website\"},\"primaryImageOfPage\":{\"@id\":\"https:\/\/www.fiscalia.gov.co\/colombia\/noticias\/carcel-para-presunto-integrante-de-las-autodefensas-gaitanistas-de-colombia\/#primaryimage\"},\"image\":{\"@id\":\"https:\/\/www.fiscalia.gov.co\/colombia\/noticias\/carcel-para-presunto-integrante-de-las-autodefensas-gaitanistas-de-colombia\/#primaryimage\"},\"thumbnailUrl\":\"https:\/\/www.fiscalia.gov.co\/colombia\/wp-content\/uploads\/Fiscal-Martha-Mancera-Foto-boletin-19-de-marzo-porte-de-arma-300x199.jpeg\",\"datePublished\":\"2024-03-19T15:22:23+00:00\",\"dateModified\":\"2024-03-19T15:22:23+00:00\",\"description\":\"P\u00e1gina oficial de la Fiscal\u00eda General de la Naci\u00f3n \u2013 Colombia. Garantizamos el acceso efectivo a la justicia, la verdad y la reparaci\u00f3n de las v\u00edctimas de los delitos.\",\"breadcrumb\":{\"@id\":\"https:\/\/www.fiscalia.gov.co\/colombia\/noticias\/carcel-para-presunto-integrante-de-las-autodefensas-gaitanistas-de-colombia\/#breadcrumb\"},\"inLanguage\":\"es-CO\",\"potentialAction\":[{\"@type\":\"ReadAction\",\"target\":[\"https:\/\/www.fiscalia.gov.co\/colombia\/noticias\/carcel-para-presunto-integrante-de-las-autodefensas-gaitanistas-de-colombia\/\"]}]},{\"@type\":\"ImageObject\",\"inLanguage\":\"es-CO\",\"@id\":\"https:\/\/www.fiscalia.gov.co\/colombia\/noticias\/carcel-para-presunto-integrante-de-las-autodefensas-gaitanistas-de-colombia\/#primaryimage\",\"url\":\"https:\/\/www.fiscalia.gov.co\/colombia\/wp-content\/uploads\/Fiscal-Martha-Mancera-Foto-boletin-19-de-marzo-porte-de-arma-300x199.jpeg\",\"contentUrl\":\"https:\/\/www.fiscalia.gov.co\/colombia\/wp-content\/uploads\/Fiscal-Martha-Mancera-Foto-boletin-19-de-marzo-porte-de-arma-300x199.jpeg\"},{\"@type\":\"BreadcrumbList\",\"@id\":\"https:\/\/www.fiscalia.gov.co\/colombia\/noticias\/carcel-para-presunto-integrante-de-las-autodefensas-gaitanistas-de-colombia\/#breadcrumb\",\"itemListElement\":[{\"@type\":\"ListItem\",\"position\":1,\"name\":\"Home\",\"item\":\"https:\/\/www.fiscalia.gov.co\/colombia\/\"},{\"@type\":\"ListItem\",\"position\":2,\"name\":\"C\u00e1rcel para presunto integrante de las Autodefensas Gaitanistas de Colombia\"}]},{\"@type\":\"WebSite\",\"@id\":\"https:\/\/www.fiscalia.gov.co\/colombia\/#website\",\"url\":\"https:\/\/www.fiscalia.gov.co\/colombia\/\",\"name\":\"Fiscal\u00eda General de la Naci\u00f3n\",\"description\":\"P\u00e1gina oficial de la Fiscal\u00eda General de la Naci\u00f3n \u2013 Colombia. Garantizamos el acceso efectivo a la justicia, la verdad y la reparaci\u00f3n de las v\u00edctimas de los delitos.\",\"publisher\":{\"@id\":\"https:\/\/www.fiscalia.gov.co\/colombia\/#organization\"},\"potentialAction\":[{\"@type\":\"SearchAction\",\"target\":{\"@type\":\"EntryPoint\",\"urlTemplate\":\"https:\/\/www.fiscalia.gov.co\/colombia\/?s={search_term_string}\"},\"query-input\":{\"@type\":\"PropertyValueSpecification\",\"valueRequired\":true,\"valueName\":\"search_term_string\"}}],\"inLanguage\":\"es-CO\"},{\"@type\":\"Organization\",\"@id\":\"https:\/\/www.fiscalia.gov.co\/colombia\/#organization\",\"name\":\"Fiscal\u00eda General de la Naci\u00f3n\",\"url\":\"https:\/\/www.fiscalia.gov.co\/colombia\/\",\"logo\":{\"@type\":\"ImageObject\",\"inLanguage\":\"es-CO\",\"@id\":\"https:\/\/www.fiscalia.gov.co\/colombia\/#\/schema\/logo\/image\/\",\"url\":\"https:\/\/www.fiscalia.gov.co\/colombia\/wp-content\/uploads\/LogoHorizontal_1.jpg\",\"contentUrl\":\"https:\/\/www.fiscalia.gov.co\/colombia\/wp-content\/uploads\/LogoHorizontal_1.jpg\",\"width\":300,\"height\":90,\"caption\":\"Fiscal\u00eda General de la Naci\u00f3n\"},\"image\":{\"@id\":\"https:\/\/www.fiscalia.gov.co\/colombia\/#\/schema\/logo\/image\/\"},\"sameAs\":[\"https:\/\/www.facebook.com\/FiscaliaCol\",\"https:\/\/x.com\/FiscaliaCol\",\"https:\/\/www.instagram.com\/fiscaliacol\",\"https:\/\/www.linkedin.com\/company\/fiscalia-general-de-la-naci-n\/\",\"https:\/\/youtube.com\/@fiscaliageneraldelanacion-4668?si=6nN79nyQICPU5iTh\"]},{\"@type\":\"Person\",\"@id\":\"https:\/\/www.fiscalia.gov.co\/colombia\/#\/schema\/person\/b9e2848713ad5020d250209ba0f31a88\",\"name\":\"Paula Andrea Munera Due\u00f1as\",\"image\":{\"@type\":\"ImageObject\",\"inLanguage\":\"es-CO\",\"@id\":\"https:\/\/www.fiscalia.gov.co\/colombia\/#\/schema\/person\/image\/\",\"url\":\"https:\/\/secure.gravatar.com\/avatar\/4f70b6bf7197f2e2c55ba345c88d6e12?s=96&d=mm&r=g\",\"contentUrl\":\"https:\/\/secure.gravatar.com\/avatar\/4f70b6bf7197f2e2c55ba345c88d6e12?s=96&d=mm&r=g\",\"caption\":\"Paula Andrea Munera Due\u00f1as\"},\"url\":\"https:\/\/www.fiscalia.gov.co\/colombia\/author\/muneradpaula\/\"}]}<\/script>\n<!-- \/ Yoast SEO plugin. -->","yoast_head_json":{"title":"Fiscal\u00eda General de la Naci\u00f3n","description":"P\u00e1gina oficial de la Fiscal\u00eda General de la Naci\u00f3n \u2013 Colombia. Garantizamos el acceso efectivo a la justicia, la verdad y la reparaci\u00f3n de las v\u00edctimas de los delitos.","robots":{"index":"noindex","follow":"follow"},"og_locale":"es_ES","og_type":"article","og_title":"Fiscal\u00eda General de la Naci\u00f3n","og_description":"P\u00e1gina oficial de la Fiscal\u00eda General de la Naci\u00f3n \u2013 Colombia. Garantizamos el acceso efectivo a la justicia, la verdad y la reparaci\u00f3n de las v\u00edctimas de los delitos.","og_url":"https:\/\/www.fiscalia.gov.co\/colombia\/noticias\/carcel-para-presunto-integrante-de-las-autodefensas-gaitanistas-de-colombia\/","og_site_name":"Fiscal\u00eda General de la Naci\u00f3n","article_publisher":"https:\/\/www.facebook.com\/FiscaliaCol","article_published_time":"2024-03-19T15:22:23+00:00","og_image":[{"url":"https:\/\/www.fiscalia.gov.co\/colombia\/wp-content\/uploads\/Fiscal-Martha-Mancera-Foto-boletin-19-de-marzo-porte-de-arma-300x199.jpeg","type":"","width":"","height":""}],"author":"Paula Andrea Munera Due\u00f1as","twitter_card":"summary_large_image","twitter_creator":"@FiscaliaCol","twitter_site":"@FiscaliaCol","twitter_misc":{"Escrito por":"Paula Andrea Munera Due\u00f1as","Tiempo de lectura":"2 minutos"},"schema":{"@context":"https:\/\/schema.org","@graph":[{"@type":"Article","@id":"https:\/\/www.fiscalia.gov.co\/colombia\/noticias\/carcel-para-presunto-integrante-de-las-autodefensas-gaitanistas-de-colombia\/#article","isPartOf":{"@id":"https:\/\/www.fiscalia.gov.co\/colombia\/noticias\/carcel-para-presunto-integrante-de-las-autodefensas-gaitanistas-de-colombia\/"},"author":{"name":"Paula Andrea Munera Due\u00f1as","@id":"https:\/\/www.fiscalia.gov.co\/colombia\/#\/schema\/person\/b9e2848713ad5020d250209ba0f31a88"},"headline":"C\u00e1rcel para presunto integrante de las Autodefensas Gaitanistas de Colombia","datePublished":"2024-03-19T15:22:23+00:00","dateModified":"2024-03-19T15:22:23+00:00","mainEntityOfPage":{"@id":"https:\/\/www.fiscalia.gov.co\/colombia\/noticias\/carcel-para-presunto-integrante-de-las-autodefensas-gaitanistas-de-colombia\/"},"wordCount":412,"publisher":{"@id":"https:\/\/www.fiscalia.gov.co\/colombia\/#organization"},"image":{"@id":"https:\/\/www.fiscalia.gov.co\/colombia\/noticias\/carcel-para-presunto-integrante-de-las-autodefensas-gaitanistas-de-colombia\/#primaryimage"},"thumbnailUrl":"https:\/\/www.fiscalia.gov.co\/colombia\/wp-content\/uploads\/Fiscal-Martha-Mancera-Foto-boletin-19-de-marzo-porte-de-arma-300x199.jpeg","keywords":["Autodefensas","Bol\u00edvar","C\u00e1rcel","fiscal mancera","fiscal martha mancera","Fiscal\u00eda Colombia","Fiscal\u00eda General de la Naci\u00f3n","Martha Mancera","Polic\u00eda Nacional","porte de arma de fuego","proveedores","San Mart\u00edn de Loba","San Mart\u00edn de Loba (Bol\u00edvar)"],"articleSection":["Noticias","Seguridad territorial"],"inLanguage":"es-CO"},{"@type":"WebPage","@id":"https:\/\/www.fiscalia.gov.co\/colombia\/noticias\/carcel-para-presunto-integrante-de-las-autodefensas-gaitanistas-de-colombia\/","url":"https:\/\/www.fiscalia.gov.co\/colombia\/noticias\/carcel-para-presunto-integrante-de-las-autodefensas-gaitanistas-de-colombia\/","name":"Fiscal\u00eda General de la Naci\u00f3n","isPartOf":{"@id":"https:\/\/www.fiscalia.gov.co\/colombia\/#website"},"primaryImageOfPage":{"@id":"https:\/\/www.fiscalia.gov.co\/colombia\/noticias\/carcel-para-presunto-integrante-de-las-autodefensas-gaitanistas-de-colombia\/#primaryimage"},"image":{"@id":"https:\/\/www.fiscalia.gov.co\/colombia\/noticias\/carcel-para-presunto-integrante-de-las-autodefensas-gaitanistas-de-colombia\/#primaryimage"},"thumbnailUrl":"https:\/\/www.fiscalia.gov.co\/colombia\/wp-content\/uploads\/Fiscal-Martha-Mancera-Foto-boletin-19-de-marzo-porte-de-arma-300x199.jpeg","datePublished":"2024-03-19T15:22:23+00:00","dateModified":"2024-03-19T15:22:23+00:00","description":"P\u00e1gina oficial de la Fiscal\u00eda General de la Naci\u00f3n \u2013 Colombia. Garantizamos el acceso efectivo a la justicia, la verdad y la reparaci\u00f3n de las v\u00edctimas de los delitos.","breadcrumb":{"@id":"https:\/\/www.fiscalia.gov.co\/colombia\/noticias\/carcel-para-presunto-integrante-de-las-autodefensas-gaitanistas-de-colombia\/#breadcrumb"},"inLanguage":"es-CO","potentialAction":[{"@type":"ReadAction","target":["https:\/\/www.fiscalia.gov.co\/colombia\/noticias\/carcel-para-presunto-integrante-de-las-autodefensas-gaitanistas-de-colombia\/"]}]},{"@type":"ImageObject","inLanguage":"es-CO","@id":"https:\/\/www.fiscalia.gov.co\/colombia\/noticias\/carcel-para-presunto-integrante-de-las-autodefensas-gaitanistas-de-colombia\/#primaryimage","url":"https:\/\/www.fiscalia.gov.co\/colombia\/wp-content\/uploads\/Fiscal-Martha-Mancera-Foto-boletin-19-de-marzo-porte-de-arma-300x199.jpeg","contentUrl":"https:\/\/www.fiscalia.gov.co\/colombia\/wp-content\/uploads\/Fiscal-Martha-Mancera-Foto-boletin-19-de-marzo-porte-de-arma-300x199.jpeg"},{"@type":"BreadcrumbList","@id":"https:\/\/www.fiscalia.gov.co\/colombia\/noticias\/carcel-para-presunto-integrante-de-las-autodefensas-gaitanistas-de-colombia\/#breadcrumb","itemListElement":[{"@type":"ListItem","position":1,"name":"Home","item":"https:\/\/www.fiscalia.gov.co\/colombia\/"},{"@type":"ListItem","position":2,"name":"C\u00e1rcel para presunto integrante de las Autodefensas Gaitanistas de Colombia"}]},{"@type":"WebSite","@id":"https:\/\/www.fiscalia.gov.co\/colombia\/#website","url":"https:\/\/www.fiscalia.gov.co\/colombia\/","name":"Fiscal\u00eda General de la Naci\u00f3n","description":"P\u00e1gina oficial de la Fiscal\u00eda General de la Naci\u00f3n \u2013 Colombia. Garantizamos el acceso efectivo a la justicia, la verdad y la reparaci\u00f3n de las v\u00edctimas de los delitos.","publisher":{"@id":"https:\/\/www.fiscalia.gov.co\/colombia\/#organization"},"potentialAction":[{"@type":"SearchAction","target":{"@type":"EntryPoint","urlTemplate":"https:\/\/www.fiscalia.gov.co\/colombia\/?s={search_term_string}"},"query-input":{"@type":"PropertyValueSpecification","valueRequired":true,"valueName":"search_term_string"}}],"inLanguage":"es-CO"},{"@type":"Organization","@id":"https:\/\/www.fiscalia.gov.co\/colombia\/#organization","name":"Fiscal\u00eda General de la Naci\u00f3n","url":"https:\/\/www.fiscalia.gov.co\/colombia\/","logo":{"@type":"ImageObject","inLanguage":"es-CO","@id":"https:\/\/www.fiscalia.gov.co\/colombia\/#\/schema\/logo\/image\/","url":"https:\/\/www.fiscalia.gov.co\/colombia\/wp-content\/uploads\/LogoHorizontal_1.jpg","contentUrl":"https:\/\/www.fiscalia.gov.co\/colombia\/wp-content\/uploads\/LogoHorizontal_1.jpg","width":300,"height":90,"caption":"Fiscal\u00eda General de la Naci\u00f3n"},"image":{"@id":"https:\/\/www.fiscalia.gov.co\/colombia\/#\/schema\/logo\/image\/"},"sameAs":["https:\/\/www.facebook.com\/FiscaliaCol","https:\/\/x.com\/FiscaliaCol","https:\/\/www.instagram.com\/fiscaliacol","https:\/\/www.linkedin.com\/company\/fiscalia-general-de-la-naci-n\/","https:\/\/youtube.com\/@fiscaliageneraldelanacion-4668?si=6nN79nyQICPU5iTh"]},{"@type":"Person","@id":"https:\/\/www.fiscalia.gov.co\/colombia\/#\/schema\/person\/b9e2848713ad5020d250209ba0f31a88","name":"Paula Andrea Munera Due\u00f1as","image":{"@type":"ImageObject","inLanguage":"es-CO","@id":"https:\/\/www.fiscalia.gov.co\/colombia\/#\/schema\/person\/image\/","url":"https:\/\/secure.gravatar.com\/avatar\/4f70b6bf7197f2e2c55ba345c88d6e12?s=96&d=mm&r=g","contentUrl":"https:\/\/secure.gravatar.com\/avatar\/4f70b6bf7197f2e2c55ba345c88d6e12?s=96&d=mm&r=g","caption":"Paula Andrea Munera Due\u00f1as"},"url":"https:\/\/www.fiscalia.gov.co\/colombia\/author\/muneradpaula\/"}]}},"_links":{"self":[{"href":"https:\/\/www.fiscalia.gov.co\/colombia\/wp-json\/wp\/v2\/posts\/291353","targetHints":{"allow":["GET"]}}],"collection":[{"href":"https:\/\/www.fiscalia.gov.co\/colombia\/wp-json\/wp\/v2\/posts"}],"about":[{"href":"https:\/\/www.fiscalia.gov.co\/colombia\/wp-json\/wp\/v2\/types\/post"}],"author":[{"embeddable":true,"href":"https:\/\/www.fiscalia.gov.co\/colombia\/wp-json\/wp\/v2\/users\/180"}],"replies":[{"embeddable":true,"href":"https:\/\/www.fiscalia.gov.co\/colombia\/wp-json\/wp\/v2\/comments?post=291353"}],"version-history":[{"count":1,"href":"https:\/\/www.fiscalia.gov.co\/colombia\/wp-json\/wp\/v2\/posts\/291353\/revisions"}],"predecessor-version":[{"id":291355,"href":"https:\/\/www.fiscalia.gov.co\/colombia\/wp-json\/wp\/v2\/posts\/291353\/revisions\/291355"}],"wp:attachment":[{"href":"https:\/\/www.fiscalia.gov.co\/colombia\/wp-json\/wp\/v2\/media?parent=291353"}],"wp:term":[{"taxonomy":"category","embeddable":true,"href":"https:\/\/www.fiscalia.gov.co\/colombia\/wp-json\/wp\/v2\/categories?post=291353"},{"taxonomy":"post_tag","embeddable":true,"href":"https:\/\/www.fiscalia.gov.co\/colombia\/wp-json\/wp\/v2\/tags?post=291353"}],"curies":[{"name":"wp","href":"https:\/\/api.w.org\/{rel}","templated":true}]}}