{"id":291350,"date":"2024-03-19T10:12:23","date_gmt":"2024-03-19T15:12:23","guid":{"rendered":"https:\/\/www.fiscalia.gov.co\/colombia\/?p=291350"},"modified":"2024-03-19T11:11:30","modified_gmt":"2024-03-19T16:11:30","slug":"fiscalia-obtiene-condena-de-mas-de-12-anos-contra-hombre-que-mente-de-la-hija-de-su-pareja-sentimental-en-cartagena","status":"publish","type":"post","link":"https:\/\/www.fiscalia.gov.co\/colombia\/noticias\/fiscalia-obtiene-condena-de-mas-de-12-anos-contra-hombre-que-mente-de-la-hija-de-su-pareja-sentimental-en-cartagena\/","title":{"rendered":"Fiscal\u00eda obtiene condena de m\u00e1s de 12 a\u00f1os contra hombre que abus\u00f3 sexualmente de la hija de su pareja sentimental en Cartagena"},"content":{"rendered":"<p>Una pena de 12 a\u00f1os, 5 meses y 8 d\u00edas de prisi\u00f3n tendr\u00e1 que cumplir un hombre de 29 a\u00f1os de edad como responsable del <a href=\"https:\/\/www.fiscalia.gov.co\/colombia\/noticias\/a-la-carcel-entrenador-de-futbol-que-al-parecer-abuso-sexualmente-de-un-joven-de-15-anos\/\"><strong>delito de acto sexual abusivo<\/strong><\/a> con menor de 14 a\u00f1os, en la que result\u00f3 v\u00edctima su hijastra de 8 a\u00f1os.<\/p>\n<p>Los hechos ocurrieron en agosto de 2020 en el barrio Olaya Herrera de Cartagena<\/p>\n<p>La decisi\u00f3n fue tomada por un juez de conocimiento al valorar las pruebas aportadas por una fiscal del Centro de Atenci\u00f3n Integral a V\u00edctimas de Abuso Sexual.<\/p>\n<p>Seg\u00fan la investigaci\u00f3n, el hoy condenado aprovechaba que su compa\u00f1era sentimental sal\u00eda de su hogar a trabajar y lo dejaba el cuidado de su hija, para realizarle tocamientos inapropiados en sus partes \u00edntimas.<\/p>\n<p>Los abusos y vej\u00e1menes sexuales que se repitieron en varias ocasiones fueron descubiertos por la madre de la menor quien instaur\u00f3 la denuncia ante la Fiscal\u00eda y permiti\u00f3 la captura del padrastro el 10 de febrero de 2021 en Cartagena por funcionarios del Cuerpo T\u00e9cnico de Investigaci\u00f3n (CTI).<\/p>\n<p>El procesado se encuentra recluido en la C\u00e1rcel San Sebasti\u00e1n Ternera de la capital de Bol\u00edvar.<\/p>\n<p>Esta informaci\u00f3n se publica por razones de inter\u00e9s general.<\/p>\n<p>&nbsp;<\/p>\n<p>&nbsp;<\/p>\n<p><b><u>La Fiscal\u00eda habla con resultados.<\/u><\/b><\/p>\n<p>MEVA\/CFG\/ICHS\/DSB<\/p>\n<p>&nbsp;<\/p>\n<p><b><i>Le puede interesar: <\/i><\/b><u><a id=\"m_-4158183397900267071m_-3885467772061190293OWAabc93160-5473-81b6-5ea2-52676905f779\" title=\"Por delitos sexuales con menores de edad, judicializados dos presuntos implicados en Jamund\u00ed (Valle del Cauca)\" href=\"https:\/\/www.fiscalia.gov.co\/colombia\/noticias\/por-delitos-sexuales-con-menores-de-edad-judicializados-dos-presuntos-implicados-en-jamundi-valle-del-cauca\/\" target=\"_blank\" rel=\"noopener noreferrer\" data-saferedirecturl=\"https:\/\/www.google.com\/url?q=https:\/\/www.fiscalia.gov.co\/colombia\/noticias\/por-delitos-sexuales-con-menores-de-edad-judicializados-dos-presuntos-implicados-en-jamundi-valle-del-cauca\/&amp;source=gmail&amp;ust=1710947174652000&amp;usg=AOvVaw3JiS8U5VzuwCZ-3r_nshun\">Por delitos sexuales con menores de edad, judicializados dos presuntos implicados en Jamund\u00ed (Valle del Cauca)<\/a><\/u><\/p>\n<p><u><a id=\"m_-4158183397900267071m_-3885467772061190293OWAa286145e-e77a-4bab-453b-f5f8107b5e40\" title=\"Hombre que habr\u00eda abusado sexulamente de una adulta mayor fue enviado a la c\u00e1rcel\" href=\"https:\/\/www.fiscalia.gov.co\/colombia\/noticias\/hombre-que-habria-abusado-sexulamente-de-una-adulta-mayor-fue-enviado-a-la-carcel\/\" target=\"_blank\" rel=\"noopener noreferrer\" data-saferedirecturl=\"https:\/\/www.google.com\/url?q=https:\/\/www.fiscalia.gov.co\/colombia\/noticias\/hombre-que-habria-abusado-sexulamente-de-una-adulta-mayor-fue-enviado-a-la-carcel\/&amp;source=gmail&amp;ust=1710947174652000&amp;usg=AOvVaw0h1Hk_mhHAfxCrCgSpNUBs\">Hombre que habr\u00eda abusado sexulamente de una adulta mayor fue enviado a la c\u00e1rcel<\/a><\/u><\/p>\n<p>&nbsp;<\/p>\n<p>&nbsp;<\/p>\n<p><i>La informaci\u00f3n contenida en este bolet\u00edn de prensa corresponde a la narraci\u00f3n de los hechos noticiosos objetivos, suministrados por los funcionarios encargados de adelantar las investigaciones penales al interior de la Fiscal\u00eda General de la Naci\u00f3n. Para el momento de la divulgaci\u00f3n de este comunicado, la situaci\u00f3n jur\u00eddica de la(s) persona(s) relacionada(s) se encuentra pendiente de resolver por la autoridad judicial competente, siempre bajo los preceptos de la presunci\u00f3n de inocencia, consagrados en el art\u00edculo 29 de la Constituci\u00f3n Pol\u00edtica y el art\u00edculo 7\u00ba de la Ley 906 de 2004.<\/i><\/p>\n\n<div class=\"twitter-share\"><a href=\"https:\/\/twitter.com\/intent\/tweet?via=fiscaliacol\" class=\"twitter-share-button\">Tweet<\/a><\/div>\n","protected":false},"excerpt":{"rendered":"<p>Una pena de 12 a\u00f1os, 5 meses y 8 d\u00edas de prisi\u00f3n tendr\u00e1 que cumplir un hombre de 29 a\u00f1os de edad como responsable del delito de acto sexual abusivo con menor de 14 a\u00f1os, en la que result\u00f3 v\u00edctima su hijastra de 8 a\u00f1os. Los hechos ocurrieron en agosto de 2020 en el barrio [&hellip;]<\/p>\n","protected":false},"author":180,"featured_media":0,"comment_status":"closed","ping_status":"open","sticky":false,"template":"","format":"standard","meta":{"tdm_status":"","tdm_grid_status":"","footnotes":""},"categories":[1,24127],"tags":[10168,924,23819,23998,293,25012,37086,36949,24187,1047,693,26350,932,695,558,24237],"class_list":{"0":"post-291350","1":"post","2":"type-post","3":"status-publish","4":"format-standard","6":"category-noticias","7":"category-violencia-sexual-e-intrafamiliar","8":"tag-acto-sexual-abusivo","9":"tag-captura","10":"tag-cartagena","11":"tag-cartagena-bolivar","12":"tag-condena","13":"tag-cuerpo-tecnico-de-investigacion","14":"tag-fiscal-mancera","15":"tag-fiscal-martha-mancera","16":"tag-fiscalia-colombia","17":"tag-fiscalia-general-de-la-nacion","18":"tag-hijastra","19":"tag-martha-mancera","20":"tag-mensor-de-edad","21":"tag-padrastro","22":"tag-policia-nacional","23":"tag-prision"},"yoast_head":"<!-- This site is optimized with the Yoast SEO plugin v24.3 - https:\/\/yoast.com\/wordpress\/plugins\/seo\/ -->\n<title>Fiscal\u00eda General de la Naci\u00f3n<\/title>\n<meta name=\"description\" content=\"P\u00e1gina oficial de la Fiscal\u00eda General de la Naci\u00f3n \u2013 Colombia. Garantizamos el acceso efectivo a la justicia, la verdad y la reparaci\u00f3n de las v\u00edctimas de los delitos.\" \/>\n<meta name=\"robots\" content=\"noindex, follow\" \/>\n<meta property=\"og:locale\" content=\"es_ES\" \/>\n<meta property=\"og:type\" content=\"article\" \/>\n<meta property=\"og:title\" content=\"Fiscal\u00eda General de la Naci\u00f3n\" \/>\n<meta property=\"og:description\" content=\"P\u00e1gina oficial de la Fiscal\u00eda General de la Naci\u00f3n \u2013 Colombia. Garantizamos el acceso efectivo a la justicia, la verdad y la reparaci\u00f3n de las v\u00edctimas de los delitos.\" \/>\n<meta property=\"og:url\" content=\"https:\/\/www.fiscalia.gov.co\/colombia\/noticias\/fiscalia-obtiene-condena-de-mas-de-12-anos-contra-hombre-que-mente-de-la-hija-de-su-pareja-sentimental-en-cartagena\/\" \/>\n<meta property=\"og:site_name\" content=\"Fiscal\u00eda General de la Naci\u00f3n\" \/>\n<meta property=\"article:publisher\" content=\"https:\/\/www.facebook.com\/FiscaliaCol\" \/>\n<meta property=\"article:published_time\" content=\"2024-03-19T15:12:23+00:00\" \/>\n<meta property=\"article:modified_time\" content=\"2024-03-19T16:11:30+00:00\" \/>\n<meta name=\"author\" content=\"Paula Andrea Munera Due\u00f1as\" \/>\n<meta name=\"twitter:card\" content=\"summary_large_image\" \/>\n<meta name=\"twitter:creator\" content=\"@FiscaliaCol\" \/>\n<meta name=\"twitter:site\" content=\"@FiscaliaCol\" \/>\n<meta name=\"twitter:label1\" content=\"Escrito por\" \/>\n\t<meta name=\"twitter:data1\" content=\"Paula Andrea Munera Due\u00f1as\" \/>\n\t<meta name=\"twitter:label2\" content=\"Tiempo de lectura\" \/>\n\t<meta name=\"twitter:data2\" content=\"2 minutos\" \/>\n<script type=\"application\/ld+json\" class=\"yoast-schema-graph\">{\"@context\":\"https:\/\/schema.org\",\"@graph\":[{\"@type\":\"Article\",\"@id\":\"https:\/\/www.fiscalia.gov.co\/colombia\/noticias\/fiscalia-obtiene-condena-de-mas-de-12-anos-contra-hombre-que-mente-de-la-hija-de-su-pareja-sentimental-en-cartagena\/#article\",\"isPartOf\":{\"@id\":\"https:\/\/www.fiscalia.gov.co\/colombia\/noticias\/fiscalia-obtiene-condena-de-mas-de-12-anos-contra-hombre-que-mente-de-la-hija-de-su-pareja-sentimental-en-cartagena\/\"},\"author\":{\"name\":\"Paula Andrea Munera Due\u00f1as\",\"@id\":\"https:\/\/www.fiscalia.gov.co\/colombia\/#\/schema\/person\/b9e2848713ad5020d250209ba0f31a88\"},\"headline\":\"Fiscal\u00eda obtiene condena de m\u00e1s de 12 a\u00f1os contra hombre que abus\u00f3 sexualmente de la hija de su pareja sentimental en Cartagena\",\"datePublished\":\"2024-03-19T15:12:23+00:00\",\"dateModified\":\"2024-03-19T16:11:30+00:00\",\"mainEntityOfPage\":{\"@id\":\"https:\/\/www.fiscalia.gov.co\/colombia\/noticias\/fiscalia-obtiene-condena-de-mas-de-12-anos-contra-hombre-que-mente-de-la-hija-de-su-pareja-sentimental-en-cartagena\/\"},\"wordCount\":382,\"publisher\":{\"@id\":\"https:\/\/www.fiscalia.gov.co\/colombia\/#organization\"},\"keywords\":[\"acto sexual abusivo\",\"Captura\",\"Cartagena\",\"Cartagena (Bol\u00edvar)\",\"Condena\",\"cuerpo t\u00e9cnico de investigaci\u00f3n\",\"fiscal mancera\",\"fiscal martha mancera\",\"Fiscal\u00eda Colombia\",\"Fiscal\u00eda General de la Naci\u00f3n\",\"Hijastra\",\"Martha Mancera\",\"Menor de edad\",\"Padrastro\",\"Polic\u00eda Nacional\",\"prisi\u00f3n\"],\"articleSection\":[\"Noticias\",\"Violencia sexual e intrafamiliar\"],\"inLanguage\":\"es-CO\"},{\"@type\":\"WebPage\",\"@id\":\"https:\/\/www.fiscalia.gov.co\/colombia\/noticias\/fiscalia-obtiene-condena-de-mas-de-12-anos-contra-hombre-que-mente-de-la-hija-de-su-pareja-sentimental-en-cartagena\/\",\"url\":\"https:\/\/www.fiscalia.gov.co\/colombia\/noticias\/fiscalia-obtiene-condena-de-mas-de-12-anos-contra-hombre-que-mente-de-la-hija-de-su-pareja-sentimental-en-cartagena\/\",\"name\":\"Fiscal\u00eda General de la Naci\u00f3n\",\"isPartOf\":{\"@id\":\"https:\/\/www.fiscalia.gov.co\/colombia\/#website\"},\"datePublished\":\"2024-03-19T15:12:23+00:00\",\"dateModified\":\"2024-03-19T16:11:30+00:00\",\"description\":\"P\u00e1gina oficial de la Fiscal\u00eda General de la Naci\u00f3n \u2013 Colombia. Garantizamos el acceso efectivo a la justicia, la verdad y la reparaci\u00f3n de las v\u00edctimas de los delitos.\",\"breadcrumb\":{\"@id\":\"https:\/\/www.fiscalia.gov.co\/colombia\/noticias\/fiscalia-obtiene-condena-de-mas-de-12-anos-contra-hombre-que-mente-de-la-hija-de-su-pareja-sentimental-en-cartagena\/#breadcrumb\"},\"inLanguage\":\"es-CO\",\"potentialAction\":[{\"@type\":\"ReadAction\",\"target\":[\"https:\/\/www.fiscalia.gov.co\/colombia\/noticias\/fiscalia-obtiene-condena-de-mas-de-12-anos-contra-hombre-que-mente-de-la-hija-de-su-pareja-sentimental-en-cartagena\/\"]}]},{\"@type\":\"BreadcrumbList\",\"@id\":\"https:\/\/www.fiscalia.gov.co\/colombia\/noticias\/fiscalia-obtiene-condena-de-mas-de-12-anos-contra-hombre-que-mente-de-la-hija-de-su-pareja-sentimental-en-cartagena\/#breadcrumb\",\"itemListElement\":[{\"@type\":\"ListItem\",\"position\":1,\"name\":\"Home\",\"item\":\"https:\/\/www.fiscalia.gov.co\/colombia\/\"},{\"@type\":\"ListItem\",\"position\":2,\"name\":\"Fiscal\u00eda obtiene condena de m\u00e1s de 12 a\u00f1os contra hombre que abus\u00f3 sexualmente de la hija de su pareja sentimental en Cartagena\"}]},{\"@type\":\"WebSite\",\"@id\":\"https:\/\/www.fiscalia.gov.co\/colombia\/#website\",\"url\":\"https:\/\/www.fiscalia.gov.co\/colombia\/\",\"name\":\"Fiscal\u00eda General de la Naci\u00f3n\",\"description\":\"P\u00e1gina oficial de la Fiscal\u00eda General de la Naci\u00f3n \u2013 Colombia. Garantizamos el acceso efectivo a la justicia, la verdad y la reparaci\u00f3n de las v\u00edctimas de los delitos.\",\"publisher\":{\"@id\":\"https:\/\/www.fiscalia.gov.co\/colombia\/#organization\"},\"potentialAction\":[{\"@type\":\"SearchAction\",\"target\":{\"@type\":\"EntryPoint\",\"urlTemplate\":\"https:\/\/www.fiscalia.gov.co\/colombia\/?s={search_term_string}\"},\"query-input\":{\"@type\":\"PropertyValueSpecification\",\"valueRequired\":true,\"valueName\":\"search_term_string\"}}],\"inLanguage\":\"es-CO\"},{\"@type\":\"Organization\",\"@id\":\"https:\/\/www.fiscalia.gov.co\/colombia\/#organization\",\"name\":\"Fiscal\u00eda General de la Naci\u00f3n\",\"url\":\"https:\/\/www.fiscalia.gov.co\/colombia\/\",\"logo\":{\"@type\":\"ImageObject\",\"inLanguage\":\"es-CO\",\"@id\":\"https:\/\/www.fiscalia.gov.co\/colombia\/#\/schema\/logo\/image\/\",\"url\":\"https:\/\/www.fiscalia.gov.co\/colombia\/wp-content\/uploads\/LogoHorizontal_1.jpg\",\"contentUrl\":\"https:\/\/www.fiscalia.gov.co\/colombia\/wp-content\/uploads\/LogoHorizontal_1.jpg\",\"width\":300,\"height\":90,\"caption\":\"Fiscal\u00eda General de la Naci\u00f3n\"},\"image\":{\"@id\":\"https:\/\/www.fiscalia.gov.co\/colombia\/#\/schema\/logo\/image\/\"},\"sameAs\":[\"https:\/\/www.facebook.com\/FiscaliaCol\",\"https:\/\/x.com\/FiscaliaCol\",\"https:\/\/www.instagram.com\/fiscaliacol\",\"https:\/\/www.linkedin.com\/company\/fiscalia-general-de-la-naci-n\/\",\"https:\/\/youtube.com\/@fiscaliageneraldelanacion-4668?si=6nN79nyQICPU5iTh\"]},{\"@type\":\"Person\",\"@id\":\"https:\/\/www.fiscalia.gov.co\/colombia\/#\/schema\/person\/b9e2848713ad5020d250209ba0f31a88\",\"name\":\"Paula Andrea Munera Due\u00f1as\",\"image\":{\"@type\":\"ImageObject\",\"inLanguage\":\"es-CO\",\"@id\":\"https:\/\/www.fiscalia.gov.co\/colombia\/#\/schema\/person\/image\/\",\"url\":\"https:\/\/secure.gravatar.com\/avatar\/4f70b6bf7197f2e2c55ba345c88d6e12?s=96&d=mm&r=g\",\"contentUrl\":\"https:\/\/secure.gravatar.com\/avatar\/4f70b6bf7197f2e2c55ba345c88d6e12?s=96&d=mm&r=g\",\"caption\":\"Paula Andrea Munera Due\u00f1as\"},\"url\":\"https:\/\/www.fiscalia.gov.co\/colombia\/author\/muneradpaula\/\"}]}<\/script>\n<!-- \/ Yoast SEO plugin. -->","yoast_head_json":{"title":"Fiscal\u00eda General de la Naci\u00f3n","description":"P\u00e1gina oficial de la Fiscal\u00eda General de la Naci\u00f3n \u2013 Colombia. Garantizamos el acceso efectivo a la justicia, la verdad y la reparaci\u00f3n de las v\u00edctimas de los delitos.","robots":{"index":"noindex","follow":"follow"},"og_locale":"es_ES","og_type":"article","og_title":"Fiscal\u00eda General de la Naci\u00f3n","og_description":"P\u00e1gina oficial de la Fiscal\u00eda General de la Naci\u00f3n \u2013 Colombia. Garantizamos el acceso efectivo a la justicia, la verdad y la reparaci\u00f3n de las v\u00edctimas de los delitos.","og_url":"https:\/\/www.fiscalia.gov.co\/colombia\/noticias\/fiscalia-obtiene-condena-de-mas-de-12-anos-contra-hombre-que-mente-de-la-hija-de-su-pareja-sentimental-en-cartagena\/","og_site_name":"Fiscal\u00eda General de la Naci\u00f3n","article_publisher":"https:\/\/www.facebook.com\/FiscaliaCol","article_published_time":"2024-03-19T15:12:23+00:00","article_modified_time":"2024-03-19T16:11:30+00:00","author":"Paula Andrea Munera Due\u00f1as","twitter_card":"summary_large_image","twitter_creator":"@FiscaliaCol","twitter_site":"@FiscaliaCol","twitter_misc":{"Escrito por":"Paula Andrea Munera Due\u00f1as","Tiempo de lectura":"2 minutos"},"schema":{"@context":"https:\/\/schema.org","@graph":[{"@type":"Article","@id":"https:\/\/www.fiscalia.gov.co\/colombia\/noticias\/fiscalia-obtiene-condena-de-mas-de-12-anos-contra-hombre-que-mente-de-la-hija-de-su-pareja-sentimental-en-cartagena\/#article","isPartOf":{"@id":"https:\/\/www.fiscalia.gov.co\/colombia\/noticias\/fiscalia-obtiene-condena-de-mas-de-12-anos-contra-hombre-que-mente-de-la-hija-de-su-pareja-sentimental-en-cartagena\/"},"author":{"name":"Paula Andrea Munera Due\u00f1as","@id":"https:\/\/www.fiscalia.gov.co\/colombia\/#\/schema\/person\/b9e2848713ad5020d250209ba0f31a88"},"headline":"Fiscal\u00eda obtiene condena de m\u00e1s de 12 a\u00f1os contra hombre que abus\u00f3 sexualmente de la hija de su pareja sentimental en Cartagena","datePublished":"2024-03-19T15:12:23+00:00","dateModified":"2024-03-19T16:11:30+00:00","mainEntityOfPage":{"@id":"https:\/\/www.fiscalia.gov.co\/colombia\/noticias\/fiscalia-obtiene-condena-de-mas-de-12-anos-contra-hombre-que-mente-de-la-hija-de-su-pareja-sentimental-en-cartagena\/"},"wordCount":382,"publisher":{"@id":"https:\/\/www.fiscalia.gov.co\/colombia\/#organization"},"keywords":["acto sexual abusivo","Captura","Cartagena","Cartagena (Bol\u00edvar)","Condena","cuerpo t\u00e9cnico de investigaci\u00f3n","fiscal mancera","fiscal martha mancera","Fiscal\u00eda Colombia","Fiscal\u00eda General de la Naci\u00f3n","Hijastra","Martha Mancera","Menor de edad","Padrastro","Polic\u00eda Nacional","prisi\u00f3n"],"articleSection":["Noticias","Violencia sexual e intrafamiliar"],"inLanguage":"es-CO"},{"@type":"WebPage","@id":"https:\/\/www.fiscalia.gov.co\/colombia\/noticias\/fiscalia-obtiene-condena-de-mas-de-12-anos-contra-hombre-que-mente-de-la-hija-de-su-pareja-sentimental-en-cartagena\/","url":"https:\/\/www.fiscalia.gov.co\/colombia\/noticias\/fiscalia-obtiene-condena-de-mas-de-12-anos-contra-hombre-que-mente-de-la-hija-de-su-pareja-sentimental-en-cartagena\/","name":"Fiscal\u00eda General de la Naci\u00f3n","isPartOf":{"@id":"https:\/\/www.fiscalia.gov.co\/colombia\/#website"},"datePublished":"2024-03-19T15:12:23+00:00","dateModified":"2024-03-19T16:11:30+00:00","description":"P\u00e1gina oficial de la Fiscal\u00eda General de la Naci\u00f3n \u2013 Colombia. Garantizamos el acceso efectivo a la justicia, la verdad y la reparaci\u00f3n de las v\u00edctimas de los delitos.","breadcrumb":{"@id":"https:\/\/www.fiscalia.gov.co\/colombia\/noticias\/fiscalia-obtiene-condena-de-mas-de-12-anos-contra-hombre-que-mente-de-la-hija-de-su-pareja-sentimental-en-cartagena\/#breadcrumb"},"inLanguage":"es-CO","potentialAction":[{"@type":"ReadAction","target":["https:\/\/www.fiscalia.gov.co\/colombia\/noticias\/fiscalia-obtiene-condena-de-mas-de-12-anos-contra-hombre-que-mente-de-la-hija-de-su-pareja-sentimental-en-cartagena\/"]}]},{"@type":"BreadcrumbList","@id":"https:\/\/www.fiscalia.gov.co\/colombia\/noticias\/fiscalia-obtiene-condena-de-mas-de-12-anos-contra-hombre-que-mente-de-la-hija-de-su-pareja-sentimental-en-cartagena\/#breadcrumb","itemListElement":[{"@type":"ListItem","position":1,"name":"Home","item":"https:\/\/www.fiscalia.gov.co\/colombia\/"},{"@type":"ListItem","position":2,"name":"Fiscal\u00eda obtiene condena de m\u00e1s de 12 a\u00f1os contra hombre que abus\u00f3 sexualmente de la hija de su pareja sentimental en Cartagena"}]},{"@type":"WebSite","@id":"https:\/\/www.fiscalia.gov.co\/colombia\/#website","url":"https:\/\/www.fiscalia.gov.co\/colombia\/","name":"Fiscal\u00eda General de la Naci\u00f3n","description":"P\u00e1gina oficial de la Fiscal\u00eda General de la Naci\u00f3n \u2013 Colombia. Garantizamos el acceso efectivo a la justicia, la verdad y la reparaci\u00f3n de las v\u00edctimas de los delitos.","publisher":{"@id":"https:\/\/www.fiscalia.gov.co\/colombia\/#organization"},"potentialAction":[{"@type":"SearchAction","target":{"@type":"EntryPoint","urlTemplate":"https:\/\/www.fiscalia.gov.co\/colombia\/?s={search_term_string}"},"query-input":{"@type":"PropertyValueSpecification","valueRequired":true,"valueName":"search_term_string"}}],"inLanguage":"es-CO"},{"@type":"Organization","@id":"https:\/\/www.fiscalia.gov.co\/colombia\/#organization","name":"Fiscal\u00eda General de la Naci\u00f3n","url":"https:\/\/www.fiscalia.gov.co\/colombia\/","logo":{"@type":"ImageObject","inLanguage":"es-CO","@id":"https:\/\/www.fiscalia.gov.co\/colombia\/#\/schema\/logo\/image\/","url":"https:\/\/www.fiscalia.gov.co\/colombia\/wp-content\/uploads\/LogoHorizontal_1.jpg","contentUrl":"https:\/\/www.fiscalia.gov.co\/colombia\/wp-content\/uploads\/LogoHorizontal_1.jpg","width":300,"height":90,"caption":"Fiscal\u00eda General de la Naci\u00f3n"},"image":{"@id":"https:\/\/www.fiscalia.gov.co\/colombia\/#\/schema\/logo\/image\/"},"sameAs":["https:\/\/www.facebook.com\/FiscaliaCol","https:\/\/x.com\/FiscaliaCol","https:\/\/www.instagram.com\/fiscaliacol","https:\/\/www.linkedin.com\/company\/fiscalia-general-de-la-naci-n\/","https:\/\/youtube.com\/@fiscaliageneraldelanacion-4668?si=6nN79nyQICPU5iTh"]},{"@type":"Person","@id":"https:\/\/www.fiscalia.gov.co\/colombia\/#\/schema\/person\/b9e2848713ad5020d250209ba0f31a88","name":"Paula Andrea Munera Due\u00f1as","image":{"@type":"ImageObject","inLanguage":"es-CO","@id":"https:\/\/www.fiscalia.gov.co\/colombia\/#\/schema\/person\/image\/","url":"https:\/\/secure.gravatar.com\/avatar\/4f70b6bf7197f2e2c55ba345c88d6e12?s=96&d=mm&r=g","contentUrl":"https:\/\/secure.gravatar.com\/avatar\/4f70b6bf7197f2e2c55ba345c88d6e12?s=96&d=mm&r=g","caption":"Paula Andrea Munera Due\u00f1as"},"url":"https:\/\/www.fiscalia.gov.co\/colombia\/author\/muneradpaula\/"}]}},"_links":{"self":[{"href":"https:\/\/www.fiscalia.gov.co\/colombia\/wp-json\/wp\/v2\/posts\/291350","targetHints":{"allow":["GET"]}}],"collection":[{"href":"https:\/\/www.fiscalia.gov.co\/colombia\/wp-json\/wp\/v2\/posts"}],"about":[{"href":"https:\/\/www.fiscalia.gov.co\/colombia\/wp-json\/wp\/v2\/types\/post"}],"author":[{"embeddable":true,"href":"https:\/\/www.fiscalia.gov.co\/colombia\/wp-json\/wp\/v2\/users\/180"}],"replies":[{"embeddable":true,"href":"https:\/\/www.fiscalia.gov.co\/colombia\/wp-json\/wp\/v2\/comments?post=291350"}],"version-history":[{"count":3,"href":"https:\/\/www.fiscalia.gov.co\/colombia\/wp-json\/wp\/v2\/posts\/291350\/revisions"}],"predecessor-version":[{"id":291359,"href":"https:\/\/www.fiscalia.gov.co\/colombia\/wp-json\/wp\/v2\/posts\/291350\/revisions\/291359"}],"wp:attachment":[{"href":"https:\/\/www.fiscalia.gov.co\/colombia\/wp-json\/wp\/v2\/media?parent=291350"}],"wp:term":[{"taxonomy":"category","embeddable":true,"href":"https:\/\/www.fiscalia.gov.co\/colombia\/wp-json\/wp\/v2\/categories?post=291350"},{"taxonomy":"post_tag","embeddable":true,"href":"https:\/\/www.fiscalia.gov.co\/colombia\/wp-json\/wp\/v2\/tags?post=291350"}],"curies":[{"name":"wp","href":"https:\/\/api.w.org\/{rel}","templated":true}]}}