{"id":291289,"date":"2024-03-18T17:48:50","date_gmt":"2024-03-18T22:48:50","guid":{"rendered":"https:\/\/www.fiscalia.gov.co\/colombia\/?p=291289"},"modified":"2024-03-18T17:50:51","modified_gmt":"2024-03-18T22:50:51","slug":"a-la-carcel-hombre-involucrado-en-la-muerte-de-su-hijo-de-dos-meses-en-pamplona-norte-de-santander","status":"publish","type":"post","link":"https:\/\/www.fiscalia.gov.co\/colombia\/noticias\/a-la-carcel-hombre-involucrado-en-la-muerte-de-su-hijo-de-dos-meses-en-pamplona-norte-de-santander\/","title":{"rendered":"A la c\u00e1rcel hombre involucrado en la muerte de su hijo de dos meses en Pamplona (Norte de Santander)"},"content":{"rendered":"<p style=\"font-weight: 400;\">La Fiscal\u00eda en Norte de Santander judicializ\u00f3 a un hombre como presunto responsable del\u00a0<a href=\"https:\/\/www.fiscalia.gov.co\/colombia\/noticias\/a-la-carcel-presunto-responsable-de-un-homicidio-en-el-barrio-pueblo-nuevo-de-cucuta\/\" data-saferedirecturl=\"https:\/\/www.google.com\/url?q=https:\/\/www.fiscalia.gov.co\/colombia\/noticias\/a-la-carcel-presunto-responsable-de-un-homicidio-en-el-barrio-pueblo-nuevo-de-cucuta\/&amp;source=gmail&amp;ust=1710887479856000&amp;usg=AOvVaw3aPOG6pedqpqjBwz7gA-SQ\">homicidio<\/a>\u00a0de su propio hijo de dos meses y que falleci\u00f3 el 11 de noviembre de 2022 en un centro de salud.<\/p>\n<figure id=\"attachment_291291\" aria-describedby=\"caption-attachment-291291\" style=\"width: 356px\" class=\"wp-caption aligncenter\"><img loading=\"lazy\" decoding=\"async\" class=\"wp-image-291291 \" title=\"Fiscal Mancera, Fiscal Martha Mancera, Martha Mancera, Fiscal\u00eda General de la Naci\u00f3n\" src=\"https:\/\/www.fiscalia.gov.co\/colombia\/wp-content\/uploads\/Fiscal-Martha-ManceraJose-Alfredo-Rangel-Mendoza-judicializado-por-homicidio-siendo-victima-su-hijo-de-dos-meses-300x165.jpg\" alt=\"Se visualiza al capturado con el rostro difuminado  junto a un uniformado de la Polic\u00eda Nacional y un investigador del CTI. Detr\u00e1s el banner que identifica a la Polic\u00eda Nacional.\" width=\"356\" height=\"196\" srcset=\"https:\/\/www.fiscalia.gov.co\/colombia\/wp-content\/uploads\/Fiscal-Martha-ManceraJose-Alfredo-Rangel-Mendoza-judicializado-por-homicidio-siendo-victima-su-hijo-de-dos-meses-300x165.jpg 300w, https:\/\/www.fiscalia.gov.co\/colombia\/wp-content\/uploads\/Fiscal-Martha-ManceraJose-Alfredo-Rangel-Mendoza-judicializado-por-homicidio-siendo-victima-su-hijo-de-dos-meses.jpg 605w\" sizes=\"auto, (max-width: 356px) 100vw, 356px\" \/><figcaption id=\"caption-attachment-291291\" class=\"wp-caption-text\">la Fiscal\u00eda le imput\u00f3 cargos por el delito de homicidio agravado.<\/figcaption><\/figure>\n<p style=\"font-weight: 400;\">El dictamen del Instituto Nacional de Medicina Legal indic\u00f3 que la muerte del menor se produjo\u00a0por fractura en el cr\u00e1neo, lo que permiti\u00f3 establecer la presunta autor\u00eda del padre en su muerte.<\/p>\n<p style=\"font-weight: 400;\">El hombre, quien era el encargado de cuidar al menor mientras la madre trabajaba,\u00a0fue capturado este 15 de marzo mediante orden judicial por investigadores del CTI en articulaci\u00f3n con la Policia Nacional y la\u00a0<a href=\"https:\/\/www.fiscalia.gov.co\/colombia\/noticias\/a-la-carcel-presunto-responsable-de-un-homicidio-con-arma-blanca-en-cucuta\/\" data-saferedirecturl=\"https:\/\/www.google.com\/url?q=https:\/\/www.fiscalia.gov.co\/colombia\/noticias\/a-la-carcel-presunto-responsable-de-un-homicidio-con-arma-blanca-en-cucuta\/&amp;source=gmail&amp;ust=1710887479856000&amp;usg=AOvVaw2pPIzsWAyOUJ9ywuDNhemQ\">Fiscal\u00eda<\/a>\u00a0le imput\u00f3 cargos por el delito de homicidio agravado.<\/p>\n<p style=\"font-weight: 400;\">Por determinaci\u00f3n de un juez con funci\u00f3n de control de garant\u00edas de C\u00facuta el hombre, que no acept\u00f3 cargos, se le impuso medida de aseguramiento privativa de la libertad en un centro de reclusi\u00f3n.<\/p>\n<p>&nbsp;<\/p>\n<p>&nbsp;<\/p>\n<p><strong><u>La Fiscal\u00eda habla con resultados.<\/u><\/strong><\/p>\n<p style=\"font-weight: 400;\">MPHA\/CFG\/AOG\/DSNS<\/p>\n<p>&nbsp;<\/p>\n<p><i><span style=\"font-weight: 400;\">La informaci\u00f3n contenida en este bolet\u00edn de prensa corresponde a la narraci\u00f3n de los hechos noticiosos objetivos, suministrados por los funcionarios encargados de adelantar las investigaciones penales al interior de la Fiscal\u00eda General de la Naci\u00f3n. Para el momento de la divulgaci\u00f3n de este comunicado, la situaci\u00f3n jur\u00eddica de la(s) persona(s) relacionada(s) se encuentra pendiente de resolver por la autoridad judicial competente, siempre bajo los preceptos de la presunci\u00f3n de inocencia, consagrados en el art\u00edculo 29 de la Constituci\u00f3n Pol\u00edtica y el art\u00edculo 7\u00ba de la Ley 906 de 2004.<\/span><\/i><\/p>\n\n<div class=\"twitter-share\"><a href=\"https:\/\/twitter.com\/intent\/tweet?via=fiscaliacol\" class=\"twitter-share-button\">Tweet<\/a><\/div>\n","protected":false},"excerpt":{"rendered":"<p>La Fiscal\u00eda en Norte de Santander judicializ\u00f3 a un hombre como presunto responsable del\u00a0homicidio\u00a0de su propio hijo de dos meses y que falleci\u00f3 el 11 de noviembre de 2022 en un centro de salud. El dictamen del Instituto Nacional de Medicina Legal indic\u00f3 que la muerte del menor se produjo\u00a0por fractura en el cr\u00e1neo, lo [&hellip;]<\/p>\n","protected":false},"author":180,"featured_media":0,"comment_status":"closed","ping_status":"open","sticky":false,"template":"","format":"standard","meta":{"_price":"","_stock":"","_tribe_ticket_header":"","_tribe_default_ticket_provider":"","_tribe_ticket_capacity":"0","_ticket_start_date":"","_ticket_end_date":"","_tribe_ticket_show_description":"","_tribe_ticket_show_not_going":false,"_tribe_ticket_use_global_stock":"","_tribe_ticket_global_stock_level":"","_global_stock_mode":"","_global_stock_cap":"","_tribe_rsvp_for_event":"","_tribe_ticket_going_count":"","_tribe_ticket_not_going_count":"","_tribe_tickets_list":"[]","_tribe_ticket_has_attendee_info_fields":false,"tdm_status":"","tdm_grid_status":"","footnotes":""},"categories":[1,24099],"tags":[14550,33092,37086,36949,4614,1047,29615,17967,26350,2464,31843],"class_list":{"0":"post-291289","1":"post","2":"type-post","3":"status-publish","4":"format-standard","6":"category-noticias","7":"category-seguridad-territorial","8":"tag-carcel","9":"tag-cti-y-policia-nacional","10":"tag-fiscal-mancera","11":"tag-fiscal-martha-mancera","12":"tag-fiscalia-2","13":"tag-fiscalia-general-de-la-nacion","14":"tag-impacto","15":"tag-investigacion","16":"tag-martha-mancera","17":"tag-menores","18":"tag-pamplona-norte-de-santander"},"yoast_head":"<!-- This site is optimized with the Yoast SEO plugin v24.3 - https:\/\/yoast.com\/wordpress\/plugins\/seo\/ -->\n<title>Fiscal\u00eda General de la Naci\u00f3n<\/title>\n<meta name=\"description\" content=\"P\u00e1gina oficial de la Fiscal\u00eda General de la Naci\u00f3n \u2013 Colombia. Garantizamos el acceso efectivo a la justicia, la verdad y la reparaci\u00f3n de las v\u00edctimas de los delitos.\" \/>\n<meta name=\"robots\" content=\"noindex, follow\" \/>\n<meta property=\"og:locale\" content=\"es_ES\" \/>\n<meta property=\"og:type\" content=\"article\" \/>\n<meta property=\"og:title\" content=\"Fiscal\u00eda General de la Naci\u00f3n\" \/>\n<meta property=\"og:description\" content=\"P\u00e1gina oficial de la Fiscal\u00eda General de la Naci\u00f3n \u2013 Colombia. Garantizamos el acceso efectivo a la justicia, la verdad y la reparaci\u00f3n de las v\u00edctimas de los delitos.\" \/>\n<meta property=\"og:url\" content=\"https:\/\/www.fiscalia.gov.co\/colombia\/noticias\/a-la-carcel-hombre-involucrado-en-la-muerte-de-su-hijo-de-dos-meses-en-pamplona-norte-de-santander\/\" \/>\n<meta property=\"og:site_name\" content=\"Fiscal\u00eda General de la Naci\u00f3n\" \/>\n<meta property=\"article:publisher\" content=\"https:\/\/www.facebook.com\/FiscaliaCol\" \/>\n<meta property=\"article:published_time\" content=\"2024-03-18T22:48:50+00:00\" \/>\n<meta property=\"article:modified_time\" content=\"2024-03-18T22:50:51+00:00\" \/>\n<meta property=\"og:image\" content=\"https:\/\/www.fiscalia.gov.co\/colombia\/wp-content\/uploads\/Fiscal-Martha-ManceraJose-Alfredo-Rangel-Mendoza-judicializado-por-homicidio-siendo-victima-su-hijo-de-dos-meses-300x165.jpg\" \/>\n<meta name=\"author\" content=\"Paula Andrea Munera Due\u00f1as\" \/>\n<meta name=\"twitter:card\" content=\"summary_large_image\" \/>\n<meta name=\"twitter:creator\" content=\"@FiscaliaCol\" \/>\n<meta name=\"twitter:site\" content=\"@FiscaliaCol\" \/>\n<meta name=\"twitter:label1\" content=\"Escrito por\" \/>\n\t<meta name=\"twitter:data1\" content=\"Paula Andrea Munera Due\u00f1as\" \/>\n\t<meta name=\"twitter:label2\" content=\"Tiempo de lectura\" \/>\n\t<meta name=\"twitter:data2\" content=\"2 minutos\" \/>\n<script type=\"application\/ld+json\" class=\"yoast-schema-graph\">{\"@context\":\"https:\/\/schema.org\",\"@graph\":[{\"@type\":\"Article\",\"@id\":\"https:\/\/www.fiscalia.gov.co\/colombia\/noticias\/a-la-carcel-hombre-involucrado-en-la-muerte-de-su-hijo-de-dos-meses-en-pamplona-norte-de-santander\/#article\",\"isPartOf\":{\"@id\":\"https:\/\/www.fiscalia.gov.co\/colombia\/noticias\/a-la-carcel-hombre-involucrado-en-la-muerte-de-su-hijo-de-dos-meses-en-pamplona-norte-de-santander\/\"},\"author\":{\"name\":\"Paula Andrea Munera Due\u00f1as\",\"@id\":\"https:\/\/www.fiscalia.gov.co\/colombia\/#\/schema\/person\/b9e2848713ad5020d250209ba0f31a88\"},\"headline\":\"A la c\u00e1rcel hombre involucrado en la muerte de su hijo de dos meses en Pamplona (Norte de Santander)\",\"datePublished\":\"2024-03-18T22:48:50+00:00\",\"dateModified\":\"2024-03-18T22:50:51+00:00\",\"mainEntityOfPage\":{\"@id\":\"https:\/\/www.fiscalia.gov.co\/colombia\/noticias\/a-la-carcel-hombre-involucrado-en-la-muerte-de-su-hijo-de-dos-meses-en-pamplona-norte-de-santander\/\"},\"wordCount\":309,\"publisher\":{\"@id\":\"https:\/\/www.fiscalia.gov.co\/colombia\/#organization\"},\"image\":{\"@id\":\"https:\/\/www.fiscalia.gov.co\/colombia\/noticias\/a-la-carcel-hombre-involucrado-en-la-muerte-de-su-hijo-de-dos-meses-en-pamplona-norte-de-santander\/#primaryimage\"},\"thumbnailUrl\":\"https:\/\/www.fiscalia.gov.co\/colombia\/wp-content\/uploads\/Fiscal-Martha-ManceraJose-Alfredo-Rangel-Mendoza-judicializado-por-homicidio-siendo-victima-su-hijo-de-dos-meses-300x165.jpg\",\"keywords\":[\"C\u00e1rcel\",\"CTI y Polic\u00eda Nacional\",\"fiscal mancera\",\"fiscal martha mancera\",\"Fiscal\u00eda\",\"Fiscal\u00eda General de la Naci\u00f3n\",\"impacto\",\"Investigaci\u00f3n\",\"Martha Mancera\",\"Menores\",\"Pamplona (Norte de Santander)\"],\"articleSection\":[\"Noticias\",\"Seguridad territorial\"],\"inLanguage\":\"es-CO\"},{\"@type\":\"WebPage\",\"@id\":\"https:\/\/www.fiscalia.gov.co\/colombia\/noticias\/a-la-carcel-hombre-involucrado-en-la-muerte-de-su-hijo-de-dos-meses-en-pamplona-norte-de-santander\/\",\"url\":\"https:\/\/www.fiscalia.gov.co\/colombia\/noticias\/a-la-carcel-hombre-involucrado-en-la-muerte-de-su-hijo-de-dos-meses-en-pamplona-norte-de-santander\/\",\"name\":\"Fiscal\u00eda General de la Naci\u00f3n\",\"isPartOf\":{\"@id\":\"https:\/\/www.fiscalia.gov.co\/colombia\/#website\"},\"primaryImageOfPage\":{\"@id\":\"https:\/\/www.fiscalia.gov.co\/colombia\/noticias\/a-la-carcel-hombre-involucrado-en-la-muerte-de-su-hijo-de-dos-meses-en-pamplona-norte-de-santander\/#primaryimage\"},\"image\":{\"@id\":\"https:\/\/www.fiscalia.gov.co\/colombia\/noticias\/a-la-carcel-hombre-involucrado-en-la-muerte-de-su-hijo-de-dos-meses-en-pamplona-norte-de-santander\/#primaryimage\"},\"thumbnailUrl\":\"https:\/\/www.fiscalia.gov.co\/colombia\/wp-content\/uploads\/Fiscal-Martha-ManceraJose-Alfredo-Rangel-Mendoza-judicializado-por-homicidio-siendo-victima-su-hijo-de-dos-meses-300x165.jpg\",\"datePublished\":\"2024-03-18T22:48:50+00:00\",\"dateModified\":\"2024-03-18T22:50:51+00:00\",\"description\":\"P\u00e1gina oficial de la Fiscal\u00eda General de la Naci\u00f3n \u2013 Colombia. Garantizamos el acceso efectivo a la justicia, la verdad y la reparaci\u00f3n de las v\u00edctimas de los delitos.\",\"breadcrumb\":{\"@id\":\"https:\/\/www.fiscalia.gov.co\/colombia\/noticias\/a-la-carcel-hombre-involucrado-en-la-muerte-de-su-hijo-de-dos-meses-en-pamplona-norte-de-santander\/#breadcrumb\"},\"inLanguage\":\"es-CO\",\"potentialAction\":[{\"@type\":\"ReadAction\",\"target\":[\"https:\/\/www.fiscalia.gov.co\/colombia\/noticias\/a-la-carcel-hombre-involucrado-en-la-muerte-de-su-hijo-de-dos-meses-en-pamplona-norte-de-santander\/\"]}]},{\"@type\":\"ImageObject\",\"inLanguage\":\"es-CO\",\"@id\":\"https:\/\/www.fiscalia.gov.co\/colombia\/noticias\/a-la-carcel-hombre-involucrado-en-la-muerte-de-su-hijo-de-dos-meses-en-pamplona-norte-de-santander\/#primaryimage\",\"url\":\"https:\/\/www.fiscalia.gov.co\/colombia\/wp-content\/uploads\/Fiscal-Martha-ManceraJose-Alfredo-Rangel-Mendoza-judicializado-por-homicidio-siendo-victima-su-hijo-de-dos-meses.jpg\",\"contentUrl\":\"https:\/\/www.fiscalia.gov.co\/colombia\/wp-content\/uploads\/Fiscal-Martha-ManceraJose-Alfredo-Rangel-Mendoza-judicializado-por-homicidio-siendo-victima-su-hijo-de-dos-meses.jpg\",\"width\":605,\"height\":332,\"caption\":\"la Fiscal\u00eda le imput\u00f3 cargos por el delito de homicidio agravado.\"},{\"@type\":\"BreadcrumbList\",\"@id\":\"https:\/\/www.fiscalia.gov.co\/colombia\/noticias\/a-la-carcel-hombre-involucrado-en-la-muerte-de-su-hijo-de-dos-meses-en-pamplona-norte-de-santander\/#breadcrumb\",\"itemListElement\":[{\"@type\":\"ListItem\",\"position\":1,\"name\":\"Home\",\"item\":\"https:\/\/www.fiscalia.gov.co\/colombia\/\"},{\"@type\":\"ListItem\",\"position\":2,\"name\":\"A la c\u00e1rcel hombre involucrado en la muerte de su hijo de dos meses en Pamplona (Norte de Santander)\"}]},{\"@type\":\"WebSite\",\"@id\":\"https:\/\/www.fiscalia.gov.co\/colombia\/#website\",\"url\":\"https:\/\/www.fiscalia.gov.co\/colombia\/\",\"name\":\"Fiscal\u00eda General de la Naci\u00f3n\",\"description\":\"P\u00e1gina oficial de la Fiscal\u00eda General de la Naci\u00f3n \u2013 Colombia. Garantizamos el acceso efectivo a la justicia, la verdad y la reparaci\u00f3n de las v\u00edctimas de los delitos.\",\"publisher\":{\"@id\":\"https:\/\/www.fiscalia.gov.co\/colombia\/#organization\"},\"potentialAction\":[{\"@type\":\"SearchAction\",\"target\":{\"@type\":\"EntryPoint\",\"urlTemplate\":\"https:\/\/www.fiscalia.gov.co\/colombia\/?s={search_term_string}\"},\"query-input\":{\"@type\":\"PropertyValueSpecification\",\"valueRequired\":true,\"valueName\":\"search_term_string\"}}],\"inLanguage\":\"es-CO\"},{\"@type\":\"Organization\",\"@id\":\"https:\/\/www.fiscalia.gov.co\/colombia\/#organization\",\"name\":\"Fiscal\u00eda General de la Naci\u00f3n\",\"url\":\"https:\/\/www.fiscalia.gov.co\/colombia\/\",\"logo\":{\"@type\":\"ImageObject\",\"inLanguage\":\"es-CO\",\"@id\":\"https:\/\/www.fiscalia.gov.co\/colombia\/#\/schema\/logo\/image\/\",\"url\":\"https:\/\/www.fiscalia.gov.co\/colombia\/wp-content\/uploads\/LogoHorizontal_1.jpg\",\"contentUrl\":\"https:\/\/www.fiscalia.gov.co\/colombia\/wp-content\/uploads\/LogoHorizontal_1.jpg\",\"width\":300,\"height\":90,\"caption\":\"Fiscal\u00eda General de la Naci\u00f3n\"},\"image\":{\"@id\":\"https:\/\/www.fiscalia.gov.co\/colombia\/#\/schema\/logo\/image\/\"},\"sameAs\":[\"https:\/\/www.facebook.com\/FiscaliaCol\",\"https:\/\/x.com\/FiscaliaCol\",\"https:\/\/www.instagram.com\/fiscaliacol\",\"https:\/\/www.linkedin.com\/company\/fiscalia-general-de-la-naci-n\/\",\"https:\/\/youtube.com\/@fiscaliageneraldelanacion-4668?si=6nN79nyQICPU5iTh\"]},{\"@type\":\"Person\",\"@id\":\"https:\/\/www.fiscalia.gov.co\/colombia\/#\/schema\/person\/b9e2848713ad5020d250209ba0f31a88\",\"name\":\"Paula Andrea Munera Due\u00f1as\",\"image\":{\"@type\":\"ImageObject\",\"inLanguage\":\"es-CO\",\"@id\":\"https:\/\/www.fiscalia.gov.co\/colombia\/#\/schema\/person\/image\/\",\"url\":\"https:\/\/secure.gravatar.com\/avatar\/4f70b6bf7197f2e2c55ba345c88d6e12?s=96&d=mm&r=g\",\"contentUrl\":\"https:\/\/secure.gravatar.com\/avatar\/4f70b6bf7197f2e2c55ba345c88d6e12?s=96&d=mm&r=g\",\"caption\":\"Paula Andrea Munera Due\u00f1as\"},\"url\":\"https:\/\/www.fiscalia.gov.co\/colombia\/author\/muneradpaula\/\"}]}<\/script>\n<!-- \/ Yoast SEO plugin. -->","yoast_head_json":{"title":"Fiscal\u00eda General de la Naci\u00f3n","description":"P\u00e1gina oficial de la Fiscal\u00eda General de la Naci\u00f3n \u2013 Colombia. Garantizamos el acceso efectivo a la justicia, la verdad y la reparaci\u00f3n de las v\u00edctimas de los delitos.","robots":{"index":"noindex","follow":"follow"},"og_locale":"es_ES","og_type":"article","og_title":"Fiscal\u00eda General de la Naci\u00f3n","og_description":"P\u00e1gina oficial de la Fiscal\u00eda General de la Naci\u00f3n \u2013 Colombia. Garantizamos el acceso efectivo a la justicia, la verdad y la reparaci\u00f3n de las v\u00edctimas de los delitos.","og_url":"https:\/\/www.fiscalia.gov.co\/colombia\/noticias\/a-la-carcel-hombre-involucrado-en-la-muerte-de-su-hijo-de-dos-meses-en-pamplona-norte-de-santander\/","og_site_name":"Fiscal\u00eda General de la Naci\u00f3n","article_publisher":"https:\/\/www.facebook.com\/FiscaliaCol","article_published_time":"2024-03-18T22:48:50+00:00","article_modified_time":"2024-03-18T22:50:51+00:00","og_image":[{"url":"https:\/\/www.fiscalia.gov.co\/colombia\/wp-content\/uploads\/Fiscal-Martha-ManceraJose-Alfredo-Rangel-Mendoza-judicializado-por-homicidio-siendo-victima-su-hijo-de-dos-meses-300x165.jpg","type":"","width":"","height":""}],"author":"Paula Andrea Munera Due\u00f1as","twitter_card":"summary_large_image","twitter_creator":"@FiscaliaCol","twitter_site":"@FiscaliaCol","twitter_misc":{"Escrito por":"Paula Andrea Munera Due\u00f1as","Tiempo de lectura":"2 minutos"},"schema":{"@context":"https:\/\/schema.org","@graph":[{"@type":"Article","@id":"https:\/\/www.fiscalia.gov.co\/colombia\/noticias\/a-la-carcel-hombre-involucrado-en-la-muerte-de-su-hijo-de-dos-meses-en-pamplona-norte-de-santander\/#article","isPartOf":{"@id":"https:\/\/www.fiscalia.gov.co\/colombia\/noticias\/a-la-carcel-hombre-involucrado-en-la-muerte-de-su-hijo-de-dos-meses-en-pamplona-norte-de-santander\/"},"author":{"name":"Paula Andrea Munera Due\u00f1as","@id":"https:\/\/www.fiscalia.gov.co\/colombia\/#\/schema\/person\/b9e2848713ad5020d250209ba0f31a88"},"headline":"A la c\u00e1rcel hombre involucrado en la muerte de su hijo de dos meses en Pamplona (Norte de Santander)","datePublished":"2024-03-18T22:48:50+00:00","dateModified":"2024-03-18T22:50:51+00:00","mainEntityOfPage":{"@id":"https:\/\/www.fiscalia.gov.co\/colombia\/noticias\/a-la-carcel-hombre-involucrado-en-la-muerte-de-su-hijo-de-dos-meses-en-pamplona-norte-de-santander\/"},"wordCount":309,"publisher":{"@id":"https:\/\/www.fiscalia.gov.co\/colombia\/#organization"},"image":{"@id":"https:\/\/www.fiscalia.gov.co\/colombia\/noticias\/a-la-carcel-hombre-involucrado-en-la-muerte-de-su-hijo-de-dos-meses-en-pamplona-norte-de-santander\/#primaryimage"},"thumbnailUrl":"https:\/\/www.fiscalia.gov.co\/colombia\/wp-content\/uploads\/Fiscal-Martha-ManceraJose-Alfredo-Rangel-Mendoza-judicializado-por-homicidio-siendo-victima-su-hijo-de-dos-meses-300x165.jpg","keywords":["C\u00e1rcel","CTI y Polic\u00eda Nacional","fiscal mancera","fiscal martha mancera","Fiscal\u00eda","Fiscal\u00eda General de la Naci\u00f3n","impacto","Investigaci\u00f3n","Martha Mancera","Menores","Pamplona (Norte de Santander)"],"articleSection":["Noticias","Seguridad territorial"],"inLanguage":"es-CO"},{"@type":"WebPage","@id":"https:\/\/www.fiscalia.gov.co\/colombia\/noticias\/a-la-carcel-hombre-involucrado-en-la-muerte-de-su-hijo-de-dos-meses-en-pamplona-norte-de-santander\/","url":"https:\/\/www.fiscalia.gov.co\/colombia\/noticias\/a-la-carcel-hombre-involucrado-en-la-muerte-de-su-hijo-de-dos-meses-en-pamplona-norte-de-santander\/","name":"Fiscal\u00eda General de la Naci\u00f3n","isPartOf":{"@id":"https:\/\/www.fiscalia.gov.co\/colombia\/#website"},"primaryImageOfPage":{"@id":"https:\/\/www.fiscalia.gov.co\/colombia\/noticias\/a-la-carcel-hombre-involucrado-en-la-muerte-de-su-hijo-de-dos-meses-en-pamplona-norte-de-santander\/#primaryimage"},"image":{"@id":"https:\/\/www.fiscalia.gov.co\/colombia\/noticias\/a-la-carcel-hombre-involucrado-en-la-muerte-de-su-hijo-de-dos-meses-en-pamplona-norte-de-santander\/#primaryimage"},"thumbnailUrl":"https:\/\/www.fiscalia.gov.co\/colombia\/wp-content\/uploads\/Fiscal-Martha-ManceraJose-Alfredo-Rangel-Mendoza-judicializado-por-homicidio-siendo-victima-su-hijo-de-dos-meses-300x165.jpg","datePublished":"2024-03-18T22:48:50+00:00","dateModified":"2024-03-18T22:50:51+00:00","description":"P\u00e1gina oficial de la Fiscal\u00eda General de la Naci\u00f3n \u2013 Colombia. Garantizamos el acceso efectivo a la justicia, la verdad y la reparaci\u00f3n de las v\u00edctimas de los delitos.","breadcrumb":{"@id":"https:\/\/www.fiscalia.gov.co\/colombia\/noticias\/a-la-carcel-hombre-involucrado-en-la-muerte-de-su-hijo-de-dos-meses-en-pamplona-norte-de-santander\/#breadcrumb"},"inLanguage":"es-CO","potentialAction":[{"@type":"ReadAction","target":["https:\/\/www.fiscalia.gov.co\/colombia\/noticias\/a-la-carcel-hombre-involucrado-en-la-muerte-de-su-hijo-de-dos-meses-en-pamplona-norte-de-santander\/"]}]},{"@type":"ImageObject","inLanguage":"es-CO","@id":"https:\/\/www.fiscalia.gov.co\/colombia\/noticias\/a-la-carcel-hombre-involucrado-en-la-muerte-de-su-hijo-de-dos-meses-en-pamplona-norte-de-santander\/#primaryimage","url":"https:\/\/www.fiscalia.gov.co\/colombia\/wp-content\/uploads\/Fiscal-Martha-ManceraJose-Alfredo-Rangel-Mendoza-judicializado-por-homicidio-siendo-victima-su-hijo-de-dos-meses.jpg","contentUrl":"https:\/\/www.fiscalia.gov.co\/colombia\/wp-content\/uploads\/Fiscal-Martha-ManceraJose-Alfredo-Rangel-Mendoza-judicializado-por-homicidio-siendo-victima-su-hijo-de-dos-meses.jpg","width":605,"height":332,"caption":"la Fiscal\u00eda le imput\u00f3 cargos por el delito de homicidio agravado."},{"@type":"BreadcrumbList","@id":"https:\/\/www.fiscalia.gov.co\/colombia\/noticias\/a-la-carcel-hombre-involucrado-en-la-muerte-de-su-hijo-de-dos-meses-en-pamplona-norte-de-santander\/#breadcrumb","itemListElement":[{"@type":"ListItem","position":1,"name":"Home","item":"https:\/\/www.fiscalia.gov.co\/colombia\/"},{"@type":"ListItem","position":2,"name":"A la c\u00e1rcel hombre involucrado en la muerte de su hijo de dos meses en Pamplona (Norte de Santander)"}]},{"@type":"WebSite","@id":"https:\/\/www.fiscalia.gov.co\/colombia\/#website","url":"https:\/\/www.fiscalia.gov.co\/colombia\/","name":"Fiscal\u00eda General de la Naci\u00f3n","description":"P\u00e1gina oficial de la Fiscal\u00eda General de la Naci\u00f3n \u2013 Colombia. Garantizamos el acceso efectivo a la justicia, la verdad y la reparaci\u00f3n de las v\u00edctimas de los delitos.","publisher":{"@id":"https:\/\/www.fiscalia.gov.co\/colombia\/#organization"},"potentialAction":[{"@type":"SearchAction","target":{"@type":"EntryPoint","urlTemplate":"https:\/\/www.fiscalia.gov.co\/colombia\/?s={search_term_string}"},"query-input":{"@type":"PropertyValueSpecification","valueRequired":true,"valueName":"search_term_string"}}],"inLanguage":"es-CO"},{"@type":"Organization","@id":"https:\/\/www.fiscalia.gov.co\/colombia\/#organization","name":"Fiscal\u00eda General de la Naci\u00f3n","url":"https:\/\/www.fiscalia.gov.co\/colombia\/","logo":{"@type":"ImageObject","inLanguage":"es-CO","@id":"https:\/\/www.fiscalia.gov.co\/colombia\/#\/schema\/logo\/image\/","url":"https:\/\/www.fiscalia.gov.co\/colombia\/wp-content\/uploads\/LogoHorizontal_1.jpg","contentUrl":"https:\/\/www.fiscalia.gov.co\/colombia\/wp-content\/uploads\/LogoHorizontal_1.jpg","width":300,"height":90,"caption":"Fiscal\u00eda General de la Naci\u00f3n"},"image":{"@id":"https:\/\/www.fiscalia.gov.co\/colombia\/#\/schema\/logo\/image\/"},"sameAs":["https:\/\/www.facebook.com\/FiscaliaCol","https:\/\/x.com\/FiscaliaCol","https:\/\/www.instagram.com\/fiscaliacol","https:\/\/www.linkedin.com\/company\/fiscalia-general-de-la-naci-n\/","https:\/\/youtube.com\/@fiscaliageneraldelanacion-4668?si=6nN79nyQICPU5iTh"]},{"@type":"Person","@id":"https:\/\/www.fiscalia.gov.co\/colombia\/#\/schema\/person\/b9e2848713ad5020d250209ba0f31a88","name":"Paula Andrea Munera Due\u00f1as","image":{"@type":"ImageObject","inLanguage":"es-CO","@id":"https:\/\/www.fiscalia.gov.co\/colombia\/#\/schema\/person\/image\/","url":"https:\/\/secure.gravatar.com\/avatar\/4f70b6bf7197f2e2c55ba345c88d6e12?s=96&d=mm&r=g","contentUrl":"https:\/\/secure.gravatar.com\/avatar\/4f70b6bf7197f2e2c55ba345c88d6e12?s=96&d=mm&r=g","caption":"Paula Andrea Munera Due\u00f1as"},"url":"https:\/\/www.fiscalia.gov.co\/colombia\/author\/muneradpaula\/"}]}},"_links":{"self":[{"href":"https:\/\/www.fiscalia.gov.co\/colombia\/wp-json\/wp\/v2\/posts\/291289","targetHints":{"allow":["GET"]}}],"collection":[{"href":"https:\/\/www.fiscalia.gov.co\/colombia\/wp-json\/wp\/v2\/posts"}],"about":[{"href":"https:\/\/www.fiscalia.gov.co\/colombia\/wp-json\/wp\/v2\/types\/post"}],"author":[{"embeddable":true,"href":"https:\/\/www.fiscalia.gov.co\/colombia\/wp-json\/wp\/v2\/users\/180"}],"replies":[{"embeddable":true,"href":"https:\/\/www.fiscalia.gov.co\/colombia\/wp-json\/wp\/v2\/comments?post=291289"}],"version-history":[{"count":3,"href":"https:\/\/www.fiscalia.gov.co\/colombia\/wp-json\/wp\/v2\/posts\/291289\/revisions"}],"predecessor-version":[{"id":291293,"href":"https:\/\/www.fiscalia.gov.co\/colombia\/wp-json\/wp\/v2\/posts\/291289\/revisions\/291293"}],"wp:attachment":[{"href":"https:\/\/www.fiscalia.gov.co\/colombia\/wp-json\/wp\/v2\/media?parent=291289"}],"wp:term":[{"taxonomy":"category","embeddable":true,"href":"https:\/\/www.fiscalia.gov.co\/colombia\/wp-json\/wp\/v2\/categories?post=291289"},{"taxonomy":"post_tag","embeddable":true,"href":"https:\/\/www.fiscalia.gov.co\/colombia\/wp-json\/wp\/v2\/tags?post=291289"}],"curies":[{"name":"wp","href":"https:\/\/api.w.org\/{rel}","templated":true}]}}