{"id":291237,"date":"2024-03-18T15:02:56","date_gmt":"2024-03-18T20:02:56","guid":{"rendered":"https:\/\/www.fiscalia.gov.co\/colombia\/?p=291237"},"modified":"2024-03-18T15:05:28","modified_gmt":"2024-03-18T20:05:28","slug":"a-la-carcel-excandidato-al-concejo-de-granada-meta-por-presunta-pornografia-y-extorsion-a-menores-de-edad","status":"publish","type":"post","link":"https:\/\/www.fiscalia.gov.co\/colombia\/noticias\/a-la-carcel-excandidato-al-concejo-de-granada-meta-por-presunta-pornografia-y-extorsion-a-menores-de-edad\/","title":{"rendered":"A la c\u00e1rcel excandidato al concejo de Granada (Meta) por presunta pornograf\u00eda y extorsi\u00f3n a menores de edad"},"content":{"rendered":"<p>Por solicitud de un fiscal especializado Gaula Ariari, un juez\u00a0 envi\u00f3\u00a0 a la c\u00e1rcel a Armando Pizarro Tovar,\u00a0 excandidato al concejo municipal de Granada (Meta),\u00a0 por su presunta responsabilidad en exigir dinero y comercializar im\u00e1genes \u00edntimas de menores de edad a trav\u00e9s de redes sociales desde 2022.<\/p>\n<figure id=\"attachment_291238\" aria-describedby=\"caption-attachment-291238\" style=\"width: 379px\" class=\"wp-caption aligncenter\"><img loading=\"lazy\" decoding=\"async\" class=\"wp-image-291238 \" title=\"Fiscal Mancera, Fiscal Martha Mancera, Martha Mancera, Fiscal\u00eda General de la Naci\u00f3n\" src=\"https:\/\/www.fiscalia.gov.co\/colombia\/wp-content\/uploads\/Fiscal-Martha-mancera-Armando-Pizarro-Tovar-extorsiony-pornografia-Meta-300x170.jpg\" alt=\"capturado de frente custodiado por un investigador del CTI de la Fiscal\u00eda y un polic\u00eda. Detr\u00e1s banner de grupo Gaula Militar.\" width=\"379\" height=\"215\" srcset=\"https:\/\/www.fiscalia.gov.co\/colombia\/wp-content\/uploads\/Fiscal-Martha-mancera-Armando-Pizarro-Tovar-extorsiony-pornografia-Meta-300x170.jpg 300w, https:\/\/www.fiscalia.gov.co\/colombia\/wp-content\/uploads\/Fiscal-Martha-mancera-Armando-Pizarro-Tovar-extorsiony-pornografia-Meta-1024x579.jpg 1024w, https:\/\/www.fiscalia.gov.co\/colombia\/wp-content\/uploads\/Fiscal-Martha-mancera-Armando-Pizarro-Tovar-extorsiony-pornografia-Meta-768x434.jpg 768w, https:\/\/www.fiscalia.gov.co\/colombia\/wp-content\/uploads\/Fiscal-Martha-mancera-Armando-Pizarro-Tovar-extorsiony-pornografia-Meta-696x394.jpg 696w, https:\/\/www.fiscalia.gov.co\/colombia\/wp-content\/uploads\/Fiscal-Martha-mancera-Armando-Pizarro-Tovar-extorsiony-pornografia-Meta-1068x604.jpg 1068w, https:\/\/www.fiscalia.gov.co\/colombia\/wp-content\/uploads\/Fiscal-Martha-mancera-Armando-Pizarro-Tovar-extorsiony-pornografia-Meta-743x420.jpg 743w, https:\/\/www.fiscalia.gov.co\/colombia\/wp-content\/uploads\/Fiscal-Martha-mancera-Armando-Pizarro-Tovar-extorsiony-pornografia-Meta.jpg 1284w\" sizes=\"auto, (max-width: 379px) 100vw, 379px\" \/><figcaption id=\"caption-attachment-291238\" class=\"wp-caption-text\">La Fiscal\u00eda imput\u00f3 a Armando Pizarro Tovar por los delitos de extorsi\u00f3n tentada y pornograf\u00eda con menor de 18 a\u00f1os<\/figcaption><\/figure>\n<p>Seg\u00fan la investigaci\u00f3n, en uno de los casos el hombre habr\u00eda contactado a una menor de 17 a\u00f1os, a quien con enga\u00f1os habr\u00eda inducido a enviar fotos y videos \u00edntimos, primero a un perfil de una red social y luego a un n\u00famero personal.<\/p>\n<p>Al parecer, cuando esta joven intenta retirarse el hombre le exige tres millones de pesos o sostener relaciones sexuales con \u00e9l para no hacerlas p\u00fablicas y virales.<\/p>\n<p>Cuando pretend\u00eda recibir el dinero exigido a la v\u00edctima, el procesado fue capturado en un establecimiento p\u00fablico por investigadores del CTI de la Fiscal\u00eda y militares del Grupo Gaula Ariari, en esta localidad del sur del departamento.<\/p>\n<p>Dentro de las v\u00edctimas estar\u00eda tambi\u00e9n una menor de 14 a\u00f1os.<\/p>\n<p>La Fiscal\u00eda imput\u00f3 cargos contra el procesado por los delitos de extorsi\u00f3n tentada y pornograf\u00eda con menores de 18 a\u00f1os, los cuales no fueron aceptados.<\/p>\n<p>El judicializado tambi\u00e9n tiene anotaciones por acto sexual con menor de 14 a\u00f1os.<\/p>\n<p>Esta informaci\u00f3n se publica por razones de inter\u00e9s general.<\/p>\n<p>&nbsp;<\/p>\n<p><b><u>La Fiscal\u00eda\u00a0 habla con resultados<\/u><\/b><\/p>\n<p>PYMP\/CFG\/JHM\/DSM<\/p>\n<p>&nbsp;<\/p>\n<p><i><span style=\"font-weight: 400;\">La informaci\u00f3n contenida en este bolet\u00edn de prensa corresponde a la narraci\u00f3n de los hechos noticiosos objetivos, suministrados por los funcionarios encargados de adelantar las investigaciones penales al interior de la Fiscal\u00eda General de la Naci\u00f3n. Para el momento de la divulgaci\u00f3n de este comunicado, la situaci\u00f3n jur\u00eddica de la(s) persona(s) relacionada(s) se encuentra pendiente de resolver por la autoridad judicial competente, siempre bajo los preceptos de la presunci\u00f3n de inocencia, consagrados en el art\u00edculo 29 de la Constituci\u00f3n Pol\u00edtica y el art\u00edculo 7\u00ba de la Ley 906 de 2004.<\/span><\/i><\/p>\n\n<div class=\"twitter-share\"><a href=\"https:\/\/twitter.com\/intent\/tweet?via=fiscaliacol\" class=\"twitter-share-button\">Tweet<\/a><\/div>\n","protected":false},"excerpt":{"rendered":"<p>Por solicitud de un fiscal especializado Gaula Ariari, un juez\u00a0 envi\u00f3\u00a0 a la c\u00e1rcel a Armando Pizarro Tovar,\u00a0 excandidato al concejo municipal de Granada (Meta),\u00a0 por su presunta responsabilidad en exigir dinero y comercializar im\u00e1genes \u00edntimas de menores de edad a trav\u00e9s de redes sociales desde 2022. Seg\u00fan la investigaci\u00f3n, en uno de los casos [&hellip;]<\/p>\n","protected":false},"author":180,"featured_media":0,"comment_status":"closed","ping_status":"open","sticky":false,"template":"","format":"standard","meta":{"tdm_status":"","tdm_grid_status":"","footnotes":""},"categories":[1,24127],"tags":[37402,37401,25083,24243,37086,36949,1047,37400,26350,1628,27023,3029],"class_list":{"0":"post-291237","1":"post","2":"type-post","3":"status-publish","4":"format-standard","6":"category-noticias","7":"category-violencia-sexual-e-intrafamiliar","8":"tag-comercializar-imagenes-intimas","9":"tag-excandidato-al-concejo","10":"tag-exigir-dinero","11":"tag-extorsion-tentada","12":"tag-fiscal-mancera","13":"tag-fiscal-martha-mancera","14":"tag-fiscalia-general-de-la-nacion","15":"tag-granadameta","16":"tag-martha-mancera","17":"tag-menores-de-edad","18":"tag-pornografia-con-menores-de-18-anos","19":"tag-redes-sociales"},"yoast_head":"<!-- This site is optimized with the Yoast SEO plugin v24.3 - https:\/\/yoast.com\/wordpress\/plugins\/seo\/ -->\n<title>Fiscal\u00eda General de la Naci\u00f3n<\/title>\n<meta name=\"description\" content=\"P\u00e1gina oficial de la Fiscal\u00eda General de la Naci\u00f3n \u2013 Colombia. Garantizamos el acceso efectivo a la justicia, la verdad y la reparaci\u00f3n de las v\u00edctimas de los delitos.\" \/>\n<meta name=\"robots\" content=\"noindex, follow\" \/>\n<meta property=\"og:locale\" content=\"es_ES\" \/>\n<meta property=\"og:type\" content=\"article\" \/>\n<meta property=\"og:title\" content=\"Fiscal\u00eda General de la Naci\u00f3n\" \/>\n<meta property=\"og:description\" content=\"P\u00e1gina oficial de la Fiscal\u00eda General de la Naci\u00f3n \u2013 Colombia. Garantizamos el acceso efectivo a la justicia, la verdad y la reparaci\u00f3n de las v\u00edctimas de los delitos.\" \/>\n<meta property=\"og:url\" content=\"https:\/\/www.fiscalia.gov.co\/colombia\/noticias\/a-la-carcel-excandidato-al-concejo-de-granada-meta-por-presunta-pornografia-y-extorsion-a-menores-de-edad\/\" \/>\n<meta property=\"og:site_name\" content=\"Fiscal\u00eda General de la Naci\u00f3n\" \/>\n<meta property=\"article:publisher\" content=\"https:\/\/www.facebook.com\/FiscaliaCol\" \/>\n<meta property=\"article:published_time\" content=\"2024-03-18T20:02:56+00:00\" \/>\n<meta property=\"article:modified_time\" content=\"2024-03-18T20:05:28+00:00\" \/>\n<meta property=\"og:image\" content=\"https:\/\/www.fiscalia.gov.co\/colombia\/wp-content\/uploads\/Fiscal-Martha-mancera-Armando-Pizarro-Tovar-extorsiony-pornografia-Meta-300x170.jpg\" \/>\n<meta name=\"author\" content=\"Paula Andrea Munera Due\u00f1as\" \/>\n<meta name=\"twitter:card\" content=\"summary_large_image\" \/>\n<meta name=\"twitter:creator\" content=\"@FiscaliaCol\" \/>\n<meta name=\"twitter:site\" content=\"@FiscaliaCol\" \/>\n<meta name=\"twitter:label1\" content=\"Escrito por\" \/>\n\t<meta name=\"twitter:data1\" content=\"Paula Andrea Munera Due\u00f1as\" \/>\n\t<meta name=\"twitter:label2\" content=\"Tiempo de lectura\" \/>\n\t<meta name=\"twitter:data2\" content=\"2 minutos\" \/>\n<script type=\"application\/ld+json\" class=\"yoast-schema-graph\">{\"@context\":\"https:\/\/schema.org\",\"@graph\":[{\"@type\":\"Article\",\"@id\":\"https:\/\/www.fiscalia.gov.co\/colombia\/noticias\/a-la-carcel-excandidato-al-concejo-de-granada-meta-por-presunta-pornografia-y-extorsion-a-menores-de-edad\/#article\",\"isPartOf\":{\"@id\":\"https:\/\/www.fiscalia.gov.co\/colombia\/noticias\/a-la-carcel-excandidato-al-concejo-de-granada-meta-por-presunta-pornografia-y-extorsion-a-menores-de-edad\/\"},\"author\":{\"name\":\"Paula Andrea Munera Due\u00f1as\",\"@id\":\"https:\/\/www.fiscalia.gov.co\/colombia\/#\/schema\/person\/b9e2848713ad5020d250209ba0f31a88\"},\"headline\":\"A la c\u00e1rcel excandidato al concejo de Granada (Meta) por presunta pornograf\u00eda y extorsi\u00f3n a menores de edad\",\"datePublished\":\"2024-03-18T20:02:56+00:00\",\"dateModified\":\"2024-03-18T20:05:28+00:00\",\"mainEntityOfPage\":{\"@id\":\"https:\/\/www.fiscalia.gov.co\/colombia\/noticias\/a-la-carcel-excandidato-al-concejo-de-granada-meta-por-presunta-pornografia-y-extorsion-a-menores-de-edad\/\"},\"wordCount\":400,\"publisher\":{\"@id\":\"https:\/\/www.fiscalia.gov.co\/colombia\/#organization\"},\"image\":{\"@id\":\"https:\/\/www.fiscalia.gov.co\/colombia\/noticias\/a-la-carcel-excandidato-al-concejo-de-granada-meta-por-presunta-pornografia-y-extorsion-a-menores-de-edad\/#primaryimage\"},\"thumbnailUrl\":\"https:\/\/www.fiscalia.gov.co\/colombia\/wp-content\/uploads\/Fiscal-Martha-mancera-Armando-Pizarro-Tovar-extorsiony-pornografia-Meta-300x170.jpg\",\"keywords\":[\"comercializar im\u00e1genes \u00edntimas\",\"excandidato al concejo\",\"exigir dinero.\",\"extorsi\u00f3n tentada\",\"fiscal mancera\",\"fiscal martha mancera\",\"Fiscal\u00eda General de la Naci\u00f3n\",\"Granada(Meta)\",\"Martha Mancera\",\"Menores de edad\",\"pornograf\u00eda con menores de 18 a\u00f1os\",\"Redes sociales\"],\"articleSection\":[\"Noticias\",\"Violencia sexual e intrafamiliar\"],\"inLanguage\":\"es-CO\"},{\"@type\":\"WebPage\",\"@id\":\"https:\/\/www.fiscalia.gov.co\/colombia\/noticias\/a-la-carcel-excandidato-al-concejo-de-granada-meta-por-presunta-pornografia-y-extorsion-a-menores-de-edad\/\",\"url\":\"https:\/\/www.fiscalia.gov.co\/colombia\/noticias\/a-la-carcel-excandidato-al-concejo-de-granada-meta-por-presunta-pornografia-y-extorsion-a-menores-de-edad\/\",\"name\":\"Fiscal\u00eda General de la Naci\u00f3n\",\"isPartOf\":{\"@id\":\"https:\/\/www.fiscalia.gov.co\/colombia\/#website\"},\"primaryImageOfPage\":{\"@id\":\"https:\/\/www.fiscalia.gov.co\/colombia\/noticias\/a-la-carcel-excandidato-al-concejo-de-granada-meta-por-presunta-pornografia-y-extorsion-a-menores-de-edad\/#primaryimage\"},\"image\":{\"@id\":\"https:\/\/www.fiscalia.gov.co\/colombia\/noticias\/a-la-carcel-excandidato-al-concejo-de-granada-meta-por-presunta-pornografia-y-extorsion-a-menores-de-edad\/#primaryimage\"},\"thumbnailUrl\":\"https:\/\/www.fiscalia.gov.co\/colombia\/wp-content\/uploads\/Fiscal-Martha-mancera-Armando-Pizarro-Tovar-extorsiony-pornografia-Meta-300x170.jpg\",\"datePublished\":\"2024-03-18T20:02:56+00:00\",\"dateModified\":\"2024-03-18T20:05:28+00:00\",\"description\":\"P\u00e1gina oficial de la Fiscal\u00eda General de la Naci\u00f3n \u2013 Colombia. Garantizamos el acceso efectivo a la justicia, la verdad y la reparaci\u00f3n de las v\u00edctimas de los delitos.\",\"breadcrumb\":{\"@id\":\"https:\/\/www.fiscalia.gov.co\/colombia\/noticias\/a-la-carcel-excandidato-al-concejo-de-granada-meta-por-presunta-pornografia-y-extorsion-a-menores-de-edad\/#breadcrumb\"},\"inLanguage\":\"es-CO\",\"potentialAction\":[{\"@type\":\"ReadAction\",\"target\":[\"https:\/\/www.fiscalia.gov.co\/colombia\/noticias\/a-la-carcel-excandidato-al-concejo-de-granada-meta-por-presunta-pornografia-y-extorsion-a-menores-de-edad\/\"]}]},{\"@type\":\"ImageObject\",\"inLanguage\":\"es-CO\",\"@id\":\"https:\/\/www.fiscalia.gov.co\/colombia\/noticias\/a-la-carcel-excandidato-al-concejo-de-granada-meta-por-presunta-pornografia-y-extorsion-a-menores-de-edad\/#primaryimage\",\"url\":\"https:\/\/www.fiscalia.gov.co\/colombia\/wp-content\/uploads\/Fiscal-Martha-mancera-Armando-Pizarro-Tovar-extorsiony-pornografia-Meta.jpg\",\"contentUrl\":\"https:\/\/www.fiscalia.gov.co\/colombia\/wp-content\/uploads\/Fiscal-Martha-mancera-Armando-Pizarro-Tovar-extorsiony-pornografia-Meta.jpg\",\"width\":1284,\"height\":726,\"caption\":\"La Fiscal\u00eda imput\u00f3 a Armando Pizarro Tovar por los delitos de extorsi\u00f3n tentada y pornograf\u00eda con menor de 18 a\u00f1os\"},{\"@type\":\"BreadcrumbList\",\"@id\":\"https:\/\/www.fiscalia.gov.co\/colombia\/noticias\/a-la-carcel-excandidato-al-concejo-de-granada-meta-por-presunta-pornografia-y-extorsion-a-menores-de-edad\/#breadcrumb\",\"itemListElement\":[{\"@type\":\"ListItem\",\"position\":1,\"name\":\"Home\",\"item\":\"https:\/\/www.fiscalia.gov.co\/colombia\/\"},{\"@type\":\"ListItem\",\"position\":2,\"name\":\"A la c\u00e1rcel excandidato al concejo de Granada (Meta) por presunta pornograf\u00eda y extorsi\u00f3n a menores de edad\"}]},{\"@type\":\"WebSite\",\"@id\":\"https:\/\/www.fiscalia.gov.co\/colombia\/#website\",\"url\":\"https:\/\/www.fiscalia.gov.co\/colombia\/\",\"name\":\"Fiscal\u00eda General de la Naci\u00f3n\",\"description\":\"P\u00e1gina oficial de la Fiscal\u00eda General de la Naci\u00f3n \u2013 Colombia. Garantizamos el acceso efectivo a la justicia, la verdad y la reparaci\u00f3n de las v\u00edctimas de los delitos.\",\"publisher\":{\"@id\":\"https:\/\/www.fiscalia.gov.co\/colombia\/#organization\"},\"potentialAction\":[{\"@type\":\"SearchAction\",\"target\":{\"@type\":\"EntryPoint\",\"urlTemplate\":\"https:\/\/www.fiscalia.gov.co\/colombia\/?s={search_term_string}\"},\"query-input\":{\"@type\":\"PropertyValueSpecification\",\"valueRequired\":true,\"valueName\":\"search_term_string\"}}],\"inLanguage\":\"es-CO\"},{\"@type\":\"Organization\",\"@id\":\"https:\/\/www.fiscalia.gov.co\/colombia\/#organization\",\"name\":\"Fiscal\u00eda General de la Naci\u00f3n\",\"url\":\"https:\/\/www.fiscalia.gov.co\/colombia\/\",\"logo\":{\"@type\":\"ImageObject\",\"inLanguage\":\"es-CO\",\"@id\":\"https:\/\/www.fiscalia.gov.co\/colombia\/#\/schema\/logo\/image\/\",\"url\":\"https:\/\/www.fiscalia.gov.co\/colombia\/wp-content\/uploads\/LogoHorizontal_1.jpg\",\"contentUrl\":\"https:\/\/www.fiscalia.gov.co\/colombia\/wp-content\/uploads\/LogoHorizontal_1.jpg\",\"width\":300,\"height\":90,\"caption\":\"Fiscal\u00eda General de la Naci\u00f3n\"},\"image\":{\"@id\":\"https:\/\/www.fiscalia.gov.co\/colombia\/#\/schema\/logo\/image\/\"},\"sameAs\":[\"https:\/\/www.facebook.com\/FiscaliaCol\",\"https:\/\/x.com\/FiscaliaCol\",\"https:\/\/www.instagram.com\/fiscaliacol\",\"https:\/\/www.linkedin.com\/company\/fiscalia-general-de-la-naci-n\/\",\"https:\/\/youtube.com\/@fiscaliageneraldelanacion-4668?si=6nN79nyQICPU5iTh\"]},{\"@type\":\"Person\",\"@id\":\"https:\/\/www.fiscalia.gov.co\/colombia\/#\/schema\/person\/b9e2848713ad5020d250209ba0f31a88\",\"name\":\"Paula Andrea Munera Due\u00f1as\",\"image\":{\"@type\":\"ImageObject\",\"inLanguage\":\"es-CO\",\"@id\":\"https:\/\/www.fiscalia.gov.co\/colombia\/#\/schema\/person\/image\/\",\"url\":\"https:\/\/secure.gravatar.com\/avatar\/4f70b6bf7197f2e2c55ba345c88d6e12?s=96&d=mm&r=g\",\"contentUrl\":\"https:\/\/secure.gravatar.com\/avatar\/4f70b6bf7197f2e2c55ba345c88d6e12?s=96&d=mm&r=g\",\"caption\":\"Paula Andrea Munera Due\u00f1as\"},\"url\":\"https:\/\/www.fiscalia.gov.co\/colombia\/author\/muneradpaula\/\"}]}<\/script>\n<!-- \/ Yoast SEO plugin. -->","yoast_head_json":{"title":"Fiscal\u00eda General de la Naci\u00f3n","description":"P\u00e1gina oficial de la Fiscal\u00eda General de la Naci\u00f3n \u2013 Colombia. Garantizamos el acceso efectivo a la justicia, la verdad y la reparaci\u00f3n de las v\u00edctimas de los delitos.","robots":{"index":"noindex","follow":"follow"},"og_locale":"es_ES","og_type":"article","og_title":"Fiscal\u00eda General de la Naci\u00f3n","og_description":"P\u00e1gina oficial de la Fiscal\u00eda General de la Naci\u00f3n \u2013 Colombia. Garantizamos el acceso efectivo a la justicia, la verdad y la reparaci\u00f3n de las v\u00edctimas de los delitos.","og_url":"https:\/\/www.fiscalia.gov.co\/colombia\/noticias\/a-la-carcel-excandidato-al-concejo-de-granada-meta-por-presunta-pornografia-y-extorsion-a-menores-de-edad\/","og_site_name":"Fiscal\u00eda General de la Naci\u00f3n","article_publisher":"https:\/\/www.facebook.com\/FiscaliaCol","article_published_time":"2024-03-18T20:02:56+00:00","article_modified_time":"2024-03-18T20:05:28+00:00","og_image":[{"url":"https:\/\/www.fiscalia.gov.co\/colombia\/wp-content\/uploads\/Fiscal-Martha-mancera-Armando-Pizarro-Tovar-extorsiony-pornografia-Meta-300x170.jpg","type":"","width":"","height":""}],"author":"Paula Andrea Munera Due\u00f1as","twitter_card":"summary_large_image","twitter_creator":"@FiscaliaCol","twitter_site":"@FiscaliaCol","twitter_misc":{"Escrito por":"Paula Andrea Munera Due\u00f1as","Tiempo de lectura":"2 minutos"},"schema":{"@context":"https:\/\/schema.org","@graph":[{"@type":"Article","@id":"https:\/\/www.fiscalia.gov.co\/colombia\/noticias\/a-la-carcel-excandidato-al-concejo-de-granada-meta-por-presunta-pornografia-y-extorsion-a-menores-de-edad\/#article","isPartOf":{"@id":"https:\/\/www.fiscalia.gov.co\/colombia\/noticias\/a-la-carcel-excandidato-al-concejo-de-granada-meta-por-presunta-pornografia-y-extorsion-a-menores-de-edad\/"},"author":{"name":"Paula Andrea Munera Due\u00f1as","@id":"https:\/\/www.fiscalia.gov.co\/colombia\/#\/schema\/person\/b9e2848713ad5020d250209ba0f31a88"},"headline":"A la c\u00e1rcel excandidato al concejo de Granada (Meta) por presunta pornograf\u00eda y extorsi\u00f3n a menores de edad","datePublished":"2024-03-18T20:02:56+00:00","dateModified":"2024-03-18T20:05:28+00:00","mainEntityOfPage":{"@id":"https:\/\/www.fiscalia.gov.co\/colombia\/noticias\/a-la-carcel-excandidato-al-concejo-de-granada-meta-por-presunta-pornografia-y-extorsion-a-menores-de-edad\/"},"wordCount":400,"publisher":{"@id":"https:\/\/www.fiscalia.gov.co\/colombia\/#organization"},"image":{"@id":"https:\/\/www.fiscalia.gov.co\/colombia\/noticias\/a-la-carcel-excandidato-al-concejo-de-granada-meta-por-presunta-pornografia-y-extorsion-a-menores-de-edad\/#primaryimage"},"thumbnailUrl":"https:\/\/www.fiscalia.gov.co\/colombia\/wp-content\/uploads\/Fiscal-Martha-mancera-Armando-Pizarro-Tovar-extorsiony-pornografia-Meta-300x170.jpg","keywords":["comercializar im\u00e1genes \u00edntimas","excandidato al concejo","exigir dinero.","extorsi\u00f3n tentada","fiscal mancera","fiscal martha mancera","Fiscal\u00eda General de la Naci\u00f3n","Granada(Meta)","Martha Mancera","Menores de edad","pornograf\u00eda con menores de 18 a\u00f1os","Redes sociales"],"articleSection":["Noticias","Violencia sexual e intrafamiliar"],"inLanguage":"es-CO"},{"@type":"WebPage","@id":"https:\/\/www.fiscalia.gov.co\/colombia\/noticias\/a-la-carcel-excandidato-al-concejo-de-granada-meta-por-presunta-pornografia-y-extorsion-a-menores-de-edad\/","url":"https:\/\/www.fiscalia.gov.co\/colombia\/noticias\/a-la-carcel-excandidato-al-concejo-de-granada-meta-por-presunta-pornografia-y-extorsion-a-menores-de-edad\/","name":"Fiscal\u00eda General de la Naci\u00f3n","isPartOf":{"@id":"https:\/\/www.fiscalia.gov.co\/colombia\/#website"},"primaryImageOfPage":{"@id":"https:\/\/www.fiscalia.gov.co\/colombia\/noticias\/a-la-carcel-excandidato-al-concejo-de-granada-meta-por-presunta-pornografia-y-extorsion-a-menores-de-edad\/#primaryimage"},"image":{"@id":"https:\/\/www.fiscalia.gov.co\/colombia\/noticias\/a-la-carcel-excandidato-al-concejo-de-granada-meta-por-presunta-pornografia-y-extorsion-a-menores-de-edad\/#primaryimage"},"thumbnailUrl":"https:\/\/www.fiscalia.gov.co\/colombia\/wp-content\/uploads\/Fiscal-Martha-mancera-Armando-Pizarro-Tovar-extorsiony-pornografia-Meta-300x170.jpg","datePublished":"2024-03-18T20:02:56+00:00","dateModified":"2024-03-18T20:05:28+00:00","description":"P\u00e1gina oficial de la Fiscal\u00eda General de la Naci\u00f3n \u2013 Colombia. Garantizamos el acceso efectivo a la justicia, la verdad y la reparaci\u00f3n de las v\u00edctimas de los delitos.","breadcrumb":{"@id":"https:\/\/www.fiscalia.gov.co\/colombia\/noticias\/a-la-carcel-excandidato-al-concejo-de-granada-meta-por-presunta-pornografia-y-extorsion-a-menores-de-edad\/#breadcrumb"},"inLanguage":"es-CO","potentialAction":[{"@type":"ReadAction","target":["https:\/\/www.fiscalia.gov.co\/colombia\/noticias\/a-la-carcel-excandidato-al-concejo-de-granada-meta-por-presunta-pornografia-y-extorsion-a-menores-de-edad\/"]}]},{"@type":"ImageObject","inLanguage":"es-CO","@id":"https:\/\/www.fiscalia.gov.co\/colombia\/noticias\/a-la-carcel-excandidato-al-concejo-de-granada-meta-por-presunta-pornografia-y-extorsion-a-menores-de-edad\/#primaryimage","url":"https:\/\/www.fiscalia.gov.co\/colombia\/wp-content\/uploads\/Fiscal-Martha-mancera-Armando-Pizarro-Tovar-extorsiony-pornografia-Meta.jpg","contentUrl":"https:\/\/www.fiscalia.gov.co\/colombia\/wp-content\/uploads\/Fiscal-Martha-mancera-Armando-Pizarro-Tovar-extorsiony-pornografia-Meta.jpg","width":1284,"height":726,"caption":"La Fiscal\u00eda imput\u00f3 a Armando Pizarro Tovar por los delitos de extorsi\u00f3n tentada y pornograf\u00eda con menor de 18 a\u00f1os"},{"@type":"BreadcrumbList","@id":"https:\/\/www.fiscalia.gov.co\/colombia\/noticias\/a-la-carcel-excandidato-al-concejo-de-granada-meta-por-presunta-pornografia-y-extorsion-a-menores-de-edad\/#breadcrumb","itemListElement":[{"@type":"ListItem","position":1,"name":"Home","item":"https:\/\/www.fiscalia.gov.co\/colombia\/"},{"@type":"ListItem","position":2,"name":"A la c\u00e1rcel excandidato al concejo de Granada (Meta) por presunta pornograf\u00eda y extorsi\u00f3n a menores de edad"}]},{"@type":"WebSite","@id":"https:\/\/www.fiscalia.gov.co\/colombia\/#website","url":"https:\/\/www.fiscalia.gov.co\/colombia\/","name":"Fiscal\u00eda General de la Naci\u00f3n","description":"P\u00e1gina oficial de la Fiscal\u00eda General de la Naci\u00f3n \u2013 Colombia. Garantizamos el acceso efectivo a la justicia, la verdad y la reparaci\u00f3n de las v\u00edctimas de los delitos.","publisher":{"@id":"https:\/\/www.fiscalia.gov.co\/colombia\/#organization"},"potentialAction":[{"@type":"SearchAction","target":{"@type":"EntryPoint","urlTemplate":"https:\/\/www.fiscalia.gov.co\/colombia\/?s={search_term_string}"},"query-input":{"@type":"PropertyValueSpecification","valueRequired":true,"valueName":"search_term_string"}}],"inLanguage":"es-CO"},{"@type":"Organization","@id":"https:\/\/www.fiscalia.gov.co\/colombia\/#organization","name":"Fiscal\u00eda General de la Naci\u00f3n","url":"https:\/\/www.fiscalia.gov.co\/colombia\/","logo":{"@type":"ImageObject","inLanguage":"es-CO","@id":"https:\/\/www.fiscalia.gov.co\/colombia\/#\/schema\/logo\/image\/","url":"https:\/\/www.fiscalia.gov.co\/colombia\/wp-content\/uploads\/LogoHorizontal_1.jpg","contentUrl":"https:\/\/www.fiscalia.gov.co\/colombia\/wp-content\/uploads\/LogoHorizontal_1.jpg","width":300,"height":90,"caption":"Fiscal\u00eda General de la Naci\u00f3n"},"image":{"@id":"https:\/\/www.fiscalia.gov.co\/colombia\/#\/schema\/logo\/image\/"},"sameAs":["https:\/\/www.facebook.com\/FiscaliaCol","https:\/\/x.com\/FiscaliaCol","https:\/\/www.instagram.com\/fiscaliacol","https:\/\/www.linkedin.com\/company\/fiscalia-general-de-la-naci-n\/","https:\/\/youtube.com\/@fiscaliageneraldelanacion-4668?si=6nN79nyQICPU5iTh"]},{"@type":"Person","@id":"https:\/\/www.fiscalia.gov.co\/colombia\/#\/schema\/person\/b9e2848713ad5020d250209ba0f31a88","name":"Paula Andrea Munera Due\u00f1as","image":{"@type":"ImageObject","inLanguage":"es-CO","@id":"https:\/\/www.fiscalia.gov.co\/colombia\/#\/schema\/person\/image\/","url":"https:\/\/secure.gravatar.com\/avatar\/4f70b6bf7197f2e2c55ba345c88d6e12?s=96&d=mm&r=g","contentUrl":"https:\/\/secure.gravatar.com\/avatar\/4f70b6bf7197f2e2c55ba345c88d6e12?s=96&d=mm&r=g","caption":"Paula Andrea Munera Due\u00f1as"},"url":"https:\/\/www.fiscalia.gov.co\/colombia\/author\/muneradpaula\/"}]}},"_links":{"self":[{"href":"https:\/\/www.fiscalia.gov.co\/colombia\/wp-json\/wp\/v2\/posts\/291237","targetHints":{"allow":["GET"]}}],"collection":[{"href":"https:\/\/www.fiscalia.gov.co\/colombia\/wp-json\/wp\/v2\/posts"}],"about":[{"href":"https:\/\/www.fiscalia.gov.co\/colombia\/wp-json\/wp\/v2\/types\/post"}],"author":[{"embeddable":true,"href":"https:\/\/www.fiscalia.gov.co\/colombia\/wp-json\/wp\/v2\/users\/180"}],"replies":[{"embeddable":true,"href":"https:\/\/www.fiscalia.gov.co\/colombia\/wp-json\/wp\/v2\/comments?post=291237"}],"version-history":[{"count":3,"href":"https:\/\/www.fiscalia.gov.co\/colombia\/wp-json\/wp\/v2\/posts\/291237\/revisions"}],"predecessor-version":[{"id":291241,"href":"https:\/\/www.fiscalia.gov.co\/colombia\/wp-json\/wp\/v2\/posts\/291237\/revisions\/291241"}],"wp:attachment":[{"href":"https:\/\/www.fiscalia.gov.co\/colombia\/wp-json\/wp\/v2\/media?parent=291237"}],"wp:term":[{"taxonomy":"category","embeddable":true,"href":"https:\/\/www.fiscalia.gov.co\/colombia\/wp-json\/wp\/v2\/categories?post=291237"},{"taxonomy":"post_tag","embeddable":true,"href":"https:\/\/www.fiscalia.gov.co\/colombia\/wp-json\/wp\/v2\/tags?post=291237"}],"curies":[{"name":"wp","href":"https:\/\/api.w.org\/{rel}","templated":true}]}}