{"id":291085,"date":"2024-03-15T10:33:33","date_gmt":"2024-03-15T15:33:33","guid":{"rendered":"https:\/\/www.fiscalia.gov.co\/colombia\/?p=291085"},"modified":"2024-03-15T11:07:18","modified_gmt":"2024-03-15T16:07:18","slug":"fiscalia-y-policia-nacional-propinan-el-mas-grande-golpe-a-las-redes-criminales-dedicadas-al-contrabando","status":"publish","type":"post","link":"https:\/\/www.fiscalia.gov.co\/colombia\/fiscal-general-de-la-nacion\/fiscalia-y-policia-nacional-propinan-el-mas-grande-golpe-a-las-redes-criminales-dedicadas-al-contrabando\/","title":{"rendered":"Fiscal\u00eda y Polic\u00eda Nacional propinan el m\u00e1s grande golpe a las redes criminales dedicadas al contrabando"},"content":{"rendered":"<blockquote>\n<ul>\n<li>\n<h4 style=\"text-align: left;\"><strong><em>Cuatro de los se\u00f1alados articuladores principales de una estructura ilegal fueron capturados, entre ellos un hombre conocido como \u2018El Bendecido\u2019 y un coronel en retiro.<\/em><\/strong><\/h4>\n<\/li>\n<\/ul>\n<ul>\n<li>\n<h4 style=\"text-align: left;\"><strong><em>Con el ingreso de mercanc\u00eda de contrabando por los puertos del pa\u00eds habr\u00edan obtenido ingresos il\u00edcitos que superar\u00edan los ocho billones de pesos anuales. <\/em><\/strong><\/h4>\n<\/li>\n<\/ul>\n<\/blockquote>\n<p>La Fiscal\u00eda General de la Naci\u00f3n lider\u00f3 una gigantesca operaci\u00f3n que permiti\u00f3 capturar a cinco de los presuntos articuladores principales de una red criminal, que estar\u00eda involucrada en el ingreso a gran escala de contrabando proveniente de Estados Unidos, y pa\u00edses de Asia y Europa.<\/p>\n<p>Las diligencias se realizaron de manera articulada con la DIJIN de la Polic\u00eda Nacional en Bogot\u00e1, Bucaramanga (Santander) y Cali (Valle del Cauca).<\/p>\n<p><img loading=\"lazy\" decoding=\"async\" class=\"alignnone wp-image-291092 size-large\" title=\"Fiscal Mancera, Fiscal Martha Mancera, Martha Mancera, Fiscal\u00eda General de la Naci\u00f3n\" src=\"https:\/\/www.fiscalia.gov.co\/colombia\/wp-content\/uploads\/WhatsApp-Image-2024-03-15-at-10.50.14-AM-1024x682.jpeg\" alt=\"Fiscal Genera Martha Mancera Encargada, junto al Comandante de la Polic\u00eda Nacional.\" width=\"696\" height=\"464\" srcset=\"https:\/\/www.fiscalia.gov.co\/colombia\/wp-content\/uploads\/WhatsApp-Image-2024-03-15-at-10.50.14-AM-1024x682.jpeg 1024w, https:\/\/www.fiscalia.gov.co\/colombia\/wp-content\/uploads\/WhatsApp-Image-2024-03-15-at-10.50.14-AM-300x200.jpeg 300w, https:\/\/www.fiscalia.gov.co\/colombia\/wp-content\/uploads\/WhatsApp-Image-2024-03-15-at-10.50.14-AM-768x512.jpeg 768w, https:\/\/www.fiscalia.gov.co\/colombia\/wp-content\/uploads\/WhatsApp-Image-2024-03-15-at-10.50.14-AM-1536x1023.jpeg 1536w, https:\/\/www.fiscalia.gov.co\/colombia\/wp-content\/uploads\/WhatsApp-Image-2024-03-15-at-10.50.14-AM-696x464.jpeg 696w, https:\/\/www.fiscalia.gov.co\/colombia\/wp-content\/uploads\/WhatsApp-Image-2024-03-15-at-10.50.14-AM-1068x712.jpeg 1068w, https:\/\/www.fiscalia.gov.co\/colombia\/wp-content\/uploads\/WhatsApp-Image-2024-03-15-at-10.50.14-AM-630x420.jpeg 630w, https:\/\/www.fiscalia.gov.co\/colombia\/wp-content\/uploads\/WhatsApp-Image-2024-03-15-at-10.50.14-AM.jpeg 1600w\" sizes=\"auto, (max-width: 696px) 100vw, 696px\" \/><\/p>\n<p>Los detenidos son un mayor de la Polic\u00eda Nacional, un coronel en retiro y dos particulares, que ser\u00edan los auspiciadores de la entrada irregular de, por lo menos, el 80% de la mercanc\u00eda de contrabando que se mueve por los puertos del pa\u00eds.<\/p>\n<p>Los elementos de prueba dan cuenta de que esta estructura, al parecer, gestionaba semanalmente el acceso ilegal de 30 contenedores con textiles, calzado, cigarrillos y otros productos. Esto habr\u00eda representado una renta il\u00edcita que ascendi\u00f3 en un a\u00f1o a ocho billones de pesos.<\/p>\n<p><img loading=\"lazy\" decoding=\"async\" class=\"alignnone wp-image-291094 size-large\" title=\"Fiscal Mancera, Fiscal Martha Mancera, Martha Mancera, Fiscal\u00eda General de la Naci\u00f3n\" src=\"https:\/\/www.fiscalia.gov.co\/colombia\/wp-content\/uploads\/WhatsApp-Image-2024-03-15-at-10.50.16-AM-1024x682.jpeg\" alt=\"Fiscal Genera Martha Mancera Encargada, junto al Comandante de la Polic\u00eda Nacional.\" width=\"696\" height=\"464\" srcset=\"https:\/\/www.fiscalia.gov.co\/colombia\/wp-content\/uploads\/WhatsApp-Image-2024-03-15-at-10.50.16-AM-1024x682.jpeg 1024w, https:\/\/www.fiscalia.gov.co\/colombia\/wp-content\/uploads\/WhatsApp-Image-2024-03-15-at-10.50.16-AM-300x200.jpeg 300w, https:\/\/www.fiscalia.gov.co\/colombia\/wp-content\/uploads\/WhatsApp-Image-2024-03-15-at-10.50.16-AM-768x512.jpeg 768w, https:\/\/www.fiscalia.gov.co\/colombia\/wp-content\/uploads\/WhatsApp-Image-2024-03-15-at-10.50.16-AM-1536x1023.jpeg 1536w, https:\/\/www.fiscalia.gov.co\/colombia\/wp-content\/uploads\/WhatsApp-Image-2024-03-15-at-10.50.16-AM-696x464.jpeg 696w, https:\/\/www.fiscalia.gov.co\/colombia\/wp-content\/uploads\/WhatsApp-Image-2024-03-15-at-10.50.16-AM-1068x712.jpeg 1068w, https:\/\/www.fiscalia.gov.co\/colombia\/wp-content\/uploads\/WhatsApp-Image-2024-03-15-at-10.50.16-AM-630x420.jpeg 630w, https:\/\/www.fiscalia.gov.co\/colombia\/wp-content\/uploads\/WhatsApp-Image-2024-03-15-at-10.50.16-AM.jpeg 1600w\" sizes=\"auto, (max-width: 696px) 100vw, 696px\" \/><\/p>\n<p>Adicionalmente, se estableci\u00f3 que el actuar criminal estaba mediado por el pago de d\u00e1divas a funcionarios para garantizar la entrada del contrabando, el transporte en tractocamiones por rutas previamente establecidas y el almacenamiento en bodegas de diferentes ciudades, donde eran evadidos los controles de las autoridades.<\/p>\n<p>En tres meses de actividades investigativas, se acreditaron eventos en los que esta red habr\u00eda pagado 902 millones de pesos a servidores que cumpl\u00edan funciones de vigilancia y control aduanero.<\/p>\n<p><iframe loading=\"lazy\"  id=\"_ytid_81460\"  width=\"696\" height=\"392\"  data-origwidth=\"696\" data-origheight=\"392\" src=\"https:\/\/www.youtube.com\/embed\/GW_MuhQ8h-0?enablejsapi=1&#038;autoplay=0&#038;cc_load_policy=0&#038;cc_lang_pref=&#038;iv_load_policy=1&#038;loop=0&#038;modestbranding=0&#038;rel=1&#038;fs=1&#038;playsinline=0&#038;autohide=2&#038;theme=dark&#038;color=red&#038;controls=1&#038;\" class=\"__youtube_prefs__  epyt-is-override  no-lazyload\" title=\"YouTube player\"  allow=\"fullscreen; accelerometer; autoplay; clipboard-write; encrypted-media; gyroscope; picture-in-picture\" allowfullscreen data-no-lazy=\"1\" data-skipgform_ajax_framebjll=\"\"><\/iframe><\/p>\n<p><strong><u>Judicializaci\u00f3n<\/u><\/strong><\/p>\n<p>Los procedimientos de captura fueron legalizados por un juez de control de garant\u00edas de Bogot\u00e1. Una fiscal de la Direcci\u00f3n Especializada contra la Corrupci\u00f3n imputar\u00e1 a los investigados los delitos de concierto para delinquir agravado con fines de contrabando y cohecho.<\/p>\n<p><iframe loading=\"lazy\"  id=\"_ytid_30345\"  width=\"696\" height=\"392\"  data-origwidth=\"696\" data-origheight=\"392\" src=\"https:\/\/www.youtube.com\/embed\/pXIDrkb3v-M?enablejsapi=1&#038;autoplay=0&#038;cc_load_policy=0&#038;cc_lang_pref=&#038;iv_load_policy=1&#038;loop=0&#038;modestbranding=0&#038;rel=1&#038;fs=1&#038;playsinline=0&#038;autohide=2&#038;theme=dark&#038;color=red&#038;controls=1&#038;\" class=\"__youtube_prefs__  epyt-is-override  no-lazyload\" title=\"YouTube player\"  allow=\"fullscreen; accelerometer; autoplay; clipboard-write; encrypted-media; gyroscope; picture-in-picture\" allowfullscreen data-no-lazy=\"1\" data-skipgform_ajax_framebjll=\"\"><\/iframe><\/p>\n<p>Los procesados son:<\/p>\n<ul>\n<li><strong><u>Ricardo Orozco Baeza, alias El Bendecido<\/u><\/strong>. Tambi\u00e9n ser\u00eda conocido como el \u2018Zar\u2019 del contrabando en Buenaventura (Valle del Cauca). Las evidencias indican que estar\u00eda involucrado en el pago de sobornos a funcionarios que ejercen control en la zona portuaria de esta ciudad para que facilitaran la entrada ilegal de la mercanc\u00eda. A su nombre tendr\u00eda cerca de 200 predios producto del contrabando.<\/li>\n<\/ul>\n<p>&nbsp;<\/p>\n<ul>\n<li><strong><u>Coronel en retiro Alexander Galeano Ardila<\/u><\/strong>. Al parecer, contactaba a oficiales activos para que, a cambio de dinero, garantizaran el \u00e9xito de la operaci\u00f3n criminal de entrada y transporte de los cargamentos de contrabando.<\/li>\n<\/ul>\n<p>&nbsp;<\/p>\n<ul>\n<li><strong><u>Mayor Mario Andr\u00e9s Sarmiento<\/u><\/strong>. Es se\u00f1alado como uno de los enlaces de la red ilegal con integrantes de la Polic\u00eda Nacional que permitir\u00edan el tr\u00e1nsito de los tractocamiones a los destinos esperados.<\/li>\n<\/ul>\n<p>&nbsp;<\/p>\n<ul>\n<li><strong><u>Jos\u00e9 Hel\u00ed \u00c1lzate, alias Alejo o Pupilo.<\/u> <\/strong>Ser\u00eda el responsable de log\u00edstica para el transporte de la mercanc\u00eda desde los puertos de la Costa Atl\u00e1ntica a distintas ciudades del pa\u00eds.<\/li>\n<\/ul>\n<p>&nbsp;<\/p>\n<p>Adicionalmente, en contra de otro de los posibles cabecillas de la organizaci\u00f3n, alias El Se\u00f1or, se obtuvo notificaci\u00f3n azul de Interpol para lograr su ubicaci\u00f3n en Europa. Esta persona tendr\u00eda rutas de contrabando desde China a Colombia y presuntamente articulaba con los dem\u00e1s integrantes de la red el traslado a las zonas de acopio.<\/p>\n<p>Este resultado investigativo y judicial responde a los lineamientos establecidos por la Fiscal General de la Naci\u00f3n (e), Martha Janeth Mancera, de judicializar a los responsables de los delitos que m\u00e1s afectan la seguridad ciudadana y golpear sus finanzas criminales.<\/p>\n<p>Esta informaci\u00f3n se publica por razones de inter\u00e9s general.<\/p>\n<p>&nbsp;<\/p>\n<p><strong><u>La Fiscal\u00eda habla con resultados<\/u><\/strong><strong>.<\/strong><\/p>\n<p>LAGP\/JARG\/EAC\/DECC\/MRC\/<\/p>\n<p>&nbsp;<\/p>\n<p><i><span style=\"font-weight: 400;\">La informaci\u00f3n contenida en este bolet\u00edn de prensa corresponde a la narraci\u00f3n de los hechos noticiosos objetivos, suministrados por los funcionarios encargados de adelantar las investigaciones penales al interior de la Fiscal\u00eda General de la Naci\u00f3n. Para el momento de la divulgaci\u00f3n de este comunicado, la situaci\u00f3n jur\u00eddica de la(s) persona(s) relacionada(s) se encuentra pendiente de resolver por la autoridad judicial competente, siempre bajo los preceptos de la presunci\u00f3n de inocencia, consagrados en el art\u00edculo 29 de la Constituci\u00f3n Pol\u00edtica y el art\u00edculo 7\u00ba de la Ley 906 de 2004.<\/span><\/i><\/p>\n\n<div class=\"twitter-share\"><a href=\"https:\/\/twitter.com\/intent\/tweet?via=fiscaliacol\" class=\"twitter-share-button\">Tweet<\/a><\/div>\n","protected":false},"excerpt":{"rendered":"<p>Cuatro de los se\u00f1alados articuladores principales de una estructura ilegal fueron capturados, entre ellos un hombre conocido como \u2018El Bendecido\u2019 y un coronel en retiro. Con el ingreso de mercanc\u00eda [&hellip;]<\/p>\n","protected":false},"author":180,"featured_media":0,"comment_status":"closed","ping_status":"open","sticky":false,"template":"","format":"video","meta":{"tdm_status":"","tdm_grid_status":"","footnotes":""},"categories":[24096,1],"tags":[33862,2064,37379,37086,36949,1047,26350],"class_list":["post-291085","post","type-post","status-publish","format-video","category-fiscal-general-de-la-nacion","category-noticias","tag-bogota-d-c","tag-contrabando","tag-el-bendecido","tag-fiscal-mancera","tag-fiscal-martha-mancera","tag-fiscalia-general-de-la-nacion","tag-martha-mancera","post_format-post-format-video"],"yoast_head":"<!-- This site is optimized with the Yoast SEO plugin v24.3 - https:\/\/yoast.com\/wordpress\/plugins\/seo\/ -->\n<title>Fiscal\u00eda General de la Naci\u00f3n<\/title>\n<meta name=\"description\" content=\"P\u00e1gina oficial de la Fiscal\u00eda General de la Naci\u00f3n \u2013 Colombia. Garantizamos el acceso efectivo a la justicia, la verdad y la reparaci\u00f3n de las v\u00edctimas de los delitos.\" \/>\n<meta name=\"robots\" content=\"noindex, follow\" \/>\n<meta property=\"og:locale\" content=\"es_ES\" \/>\n<meta property=\"og:type\" content=\"article\" \/>\n<meta property=\"og:title\" content=\"Fiscal\u00eda General de la Naci\u00f3n\" \/>\n<meta property=\"og:description\" content=\"P\u00e1gina oficial de la Fiscal\u00eda General de la Naci\u00f3n \u2013 Colombia. Garantizamos el acceso efectivo a la justicia, la verdad y la reparaci\u00f3n de las v\u00edctimas de los delitos.\" \/>\n<meta property=\"og:url\" content=\"https:\/\/www.fiscalia.gov.co\/colombia\/fiscal-general-de-la-nacion\/fiscalia-y-policia-nacional-propinan-el-mas-grande-golpe-a-las-redes-criminales-dedicadas-al-contrabando\/\" \/>\n<meta property=\"og:site_name\" content=\"Fiscal\u00eda General de la Naci\u00f3n\" \/>\n<meta property=\"article:publisher\" content=\"https:\/\/www.facebook.com\/FiscaliaCol\" \/>\n<meta property=\"article:published_time\" content=\"2024-03-15T15:33:33+00:00\" \/>\n<meta property=\"article:modified_time\" content=\"2024-03-15T16:07:18+00:00\" \/>\n<meta property=\"og:image\" content=\"https:\/\/www.fiscalia.gov.co\/colombia\/wp-content\/uploads\/WhatsApp-Image-2024-03-15-at-10.50.14-AM-1024x682.jpeg\" \/>\n<meta name=\"author\" content=\"Paula Andrea Munera Due\u00f1as\" \/>\n<meta name=\"twitter:card\" content=\"summary_large_image\" \/>\n<meta name=\"twitter:creator\" content=\"@FiscaliaCol\" \/>\n<meta name=\"twitter:site\" content=\"@FiscaliaCol\" \/>\n<meta name=\"twitter:label1\" content=\"Escrito por\" \/>\n\t<meta name=\"twitter:data1\" content=\"Paula Andrea Munera Due\u00f1as\" \/>\n\t<meta name=\"twitter:label2\" content=\"Tiempo de lectura\" \/>\n\t<meta name=\"twitter:data2\" content=\"4 minutos\" \/>\n<script type=\"application\/ld+json\" class=\"yoast-schema-graph\">{\"@context\":\"https:\/\/schema.org\",\"@graph\":[{\"@type\":\"Article\",\"@id\":\"https:\/\/www.fiscalia.gov.co\/colombia\/fiscal-general-de-la-nacion\/fiscalia-y-policia-nacional-propinan-el-mas-grande-golpe-a-las-redes-criminales-dedicadas-al-contrabando\/#article\",\"isPartOf\":{\"@id\":\"https:\/\/www.fiscalia.gov.co\/colombia\/fiscal-general-de-la-nacion\/fiscalia-y-policia-nacional-propinan-el-mas-grande-golpe-a-las-redes-criminales-dedicadas-al-contrabando\/\"},\"author\":{\"name\":\"Paula Andrea Munera Due\u00f1as\",\"@id\":\"https:\/\/www.fiscalia.gov.co\/colombia\/#\/schema\/person\/b9e2848713ad5020d250209ba0f31a88\"},\"headline\":\"Fiscal\u00eda y Polic\u00eda Nacional propinan el m\u00e1s grande golpe a las redes criminales dedicadas al contrabando\",\"datePublished\":\"2024-03-15T15:33:33+00:00\",\"dateModified\":\"2024-03-15T16:07:18+00:00\",\"mainEntityOfPage\":{\"@id\":\"https:\/\/www.fiscalia.gov.co\/colombia\/fiscal-general-de-la-nacion\/fiscalia-y-policia-nacional-propinan-el-mas-grande-golpe-a-las-redes-criminales-dedicadas-al-contrabando\/\"},\"wordCount\":788,\"publisher\":{\"@id\":\"https:\/\/www.fiscalia.gov.co\/colombia\/#organization\"},\"image\":{\"@id\":\"https:\/\/www.fiscalia.gov.co\/colombia\/fiscal-general-de-la-nacion\/fiscalia-y-policia-nacional-propinan-el-mas-grande-golpe-a-las-redes-criminales-dedicadas-al-contrabando\/#primaryimage\"},\"thumbnailUrl\":\"https:\/\/www.fiscalia.gov.co\/colombia\/wp-content\/uploads\/WhatsApp-Image-2024-03-15-at-10.50.14-AM-1024x682.jpeg\",\"keywords\":[\"Bogot\u00e1 D.C.\",\"Contrabando\",\"El Bendecido\",\"fiscal mancera\",\"fiscal martha mancera\",\"Fiscal\u00eda General de la Naci\u00f3n\",\"Martha Mancera\"],\"articleSection\":[\"Fiscal General de la Naci\u00f3n\",\"Noticias\"],\"inLanguage\":\"es-CO\"},{\"@type\":\"WebPage\",\"@id\":\"https:\/\/www.fiscalia.gov.co\/colombia\/fiscal-general-de-la-nacion\/fiscalia-y-policia-nacional-propinan-el-mas-grande-golpe-a-las-redes-criminales-dedicadas-al-contrabando\/\",\"url\":\"https:\/\/www.fiscalia.gov.co\/colombia\/fiscal-general-de-la-nacion\/fiscalia-y-policia-nacional-propinan-el-mas-grande-golpe-a-las-redes-criminales-dedicadas-al-contrabando\/\",\"name\":\"Fiscal\u00eda General de la Naci\u00f3n\",\"isPartOf\":{\"@id\":\"https:\/\/www.fiscalia.gov.co\/colombia\/#website\"},\"primaryImageOfPage\":{\"@id\":\"https:\/\/www.fiscalia.gov.co\/colombia\/fiscal-general-de-la-nacion\/fiscalia-y-policia-nacional-propinan-el-mas-grande-golpe-a-las-redes-criminales-dedicadas-al-contrabando\/#primaryimage\"},\"image\":{\"@id\":\"https:\/\/www.fiscalia.gov.co\/colombia\/fiscal-general-de-la-nacion\/fiscalia-y-policia-nacional-propinan-el-mas-grande-golpe-a-las-redes-criminales-dedicadas-al-contrabando\/#primaryimage\"},\"thumbnailUrl\":\"https:\/\/www.fiscalia.gov.co\/colombia\/wp-content\/uploads\/WhatsApp-Image-2024-03-15-at-10.50.14-AM-1024x682.jpeg\",\"datePublished\":\"2024-03-15T15:33:33+00:00\",\"dateModified\":\"2024-03-15T16:07:18+00:00\",\"description\":\"P\u00e1gina oficial de la Fiscal\u00eda General de la Naci\u00f3n \u2013 Colombia. Garantizamos el acceso efectivo a la justicia, la verdad y la reparaci\u00f3n de las v\u00edctimas de los delitos.\",\"breadcrumb\":{\"@id\":\"https:\/\/www.fiscalia.gov.co\/colombia\/fiscal-general-de-la-nacion\/fiscalia-y-policia-nacional-propinan-el-mas-grande-golpe-a-las-redes-criminales-dedicadas-al-contrabando\/#breadcrumb\"},\"inLanguage\":\"es-CO\",\"potentialAction\":[{\"@type\":\"ReadAction\",\"target\":[\"https:\/\/www.fiscalia.gov.co\/colombia\/fiscal-general-de-la-nacion\/fiscalia-y-policia-nacional-propinan-el-mas-grande-golpe-a-las-redes-criminales-dedicadas-al-contrabando\/\"]}]},{\"@type\":\"ImageObject\",\"inLanguage\":\"es-CO\",\"@id\":\"https:\/\/www.fiscalia.gov.co\/colombia\/fiscal-general-de-la-nacion\/fiscalia-y-policia-nacional-propinan-el-mas-grande-golpe-a-las-redes-criminales-dedicadas-al-contrabando\/#primaryimage\",\"url\":\"https:\/\/www.fiscalia.gov.co\/colombia\/wp-content\/uploads\/WhatsApp-Image-2024-03-15-at-10.50.14-AM-1024x682.jpeg\",\"contentUrl\":\"https:\/\/www.fiscalia.gov.co\/colombia\/wp-content\/uploads\/WhatsApp-Image-2024-03-15-at-10.50.14-AM-1024x682.jpeg\"},{\"@type\":\"BreadcrumbList\",\"@id\":\"https:\/\/www.fiscalia.gov.co\/colombia\/fiscal-general-de-la-nacion\/fiscalia-y-policia-nacional-propinan-el-mas-grande-golpe-a-las-redes-criminales-dedicadas-al-contrabando\/#breadcrumb\",\"itemListElement\":[{\"@type\":\"ListItem\",\"position\":1,\"name\":\"Home\",\"item\":\"https:\/\/www.fiscalia.gov.co\/colombia\/\"},{\"@type\":\"ListItem\",\"position\":2,\"name\":\"Fiscal\u00eda y Polic\u00eda Nacional propinan el m\u00e1s grande golpe a las redes criminales dedicadas al contrabando\"}]},{\"@type\":\"WebSite\",\"@id\":\"https:\/\/www.fiscalia.gov.co\/colombia\/#website\",\"url\":\"https:\/\/www.fiscalia.gov.co\/colombia\/\",\"name\":\"Fiscal\u00eda General de la Naci\u00f3n\",\"description\":\"P\u00e1gina oficial de la Fiscal\u00eda General de la Naci\u00f3n \u2013 Colombia. Garantizamos el acceso efectivo a la justicia, la verdad y la reparaci\u00f3n de las v\u00edctimas de los delitos.\",\"publisher\":{\"@id\":\"https:\/\/www.fiscalia.gov.co\/colombia\/#organization\"},\"potentialAction\":[{\"@type\":\"SearchAction\",\"target\":{\"@type\":\"EntryPoint\",\"urlTemplate\":\"https:\/\/www.fiscalia.gov.co\/colombia\/?s={search_term_string}\"},\"query-input\":{\"@type\":\"PropertyValueSpecification\",\"valueRequired\":true,\"valueName\":\"search_term_string\"}}],\"inLanguage\":\"es-CO\"},{\"@type\":\"Organization\",\"@id\":\"https:\/\/www.fiscalia.gov.co\/colombia\/#organization\",\"name\":\"Fiscal\u00eda General de la Naci\u00f3n\",\"url\":\"https:\/\/www.fiscalia.gov.co\/colombia\/\",\"logo\":{\"@type\":\"ImageObject\",\"inLanguage\":\"es-CO\",\"@id\":\"https:\/\/www.fiscalia.gov.co\/colombia\/#\/schema\/logo\/image\/\",\"url\":\"https:\/\/www.fiscalia.gov.co\/colombia\/wp-content\/uploads\/LogoHorizontal_1.jpg\",\"contentUrl\":\"https:\/\/www.fiscalia.gov.co\/colombia\/wp-content\/uploads\/LogoHorizontal_1.jpg\",\"width\":300,\"height\":90,\"caption\":\"Fiscal\u00eda General de la Naci\u00f3n\"},\"image\":{\"@id\":\"https:\/\/www.fiscalia.gov.co\/colombia\/#\/schema\/logo\/image\/\"},\"sameAs\":[\"https:\/\/www.facebook.com\/FiscaliaCol\",\"https:\/\/x.com\/FiscaliaCol\",\"https:\/\/www.instagram.com\/fiscaliacol\",\"https:\/\/www.linkedin.com\/company\/fiscalia-general-de-la-naci-n\/\",\"https:\/\/youtube.com\/@fiscaliageneraldelanacion-4668?si=6nN79nyQICPU5iTh\"]},{\"@type\":\"Person\",\"@id\":\"https:\/\/www.fiscalia.gov.co\/colombia\/#\/schema\/person\/b9e2848713ad5020d250209ba0f31a88\",\"name\":\"Paula Andrea Munera Due\u00f1as\",\"image\":{\"@type\":\"ImageObject\",\"inLanguage\":\"es-CO\",\"@id\":\"https:\/\/www.fiscalia.gov.co\/colombia\/#\/schema\/person\/image\/\",\"url\":\"https:\/\/secure.gravatar.com\/avatar\/4f70b6bf7197f2e2c55ba345c88d6e12?s=96&d=mm&r=g\",\"contentUrl\":\"https:\/\/secure.gravatar.com\/avatar\/4f70b6bf7197f2e2c55ba345c88d6e12?s=96&d=mm&r=g\",\"caption\":\"Paula Andrea Munera Due\u00f1as\"},\"url\":\"https:\/\/www.fiscalia.gov.co\/colombia\/author\/muneradpaula\/\"}]}<\/script>\n<!-- \/ Yoast SEO plugin. -->","yoast_head_json":{"title":"Fiscal\u00eda General de la Naci\u00f3n","description":"P\u00e1gina oficial de la Fiscal\u00eda General de la Naci\u00f3n \u2013 Colombia. Garantizamos el acceso efectivo a la justicia, la verdad y la reparaci\u00f3n de las v\u00edctimas de los delitos.","robots":{"index":"noindex","follow":"follow"},"og_locale":"es_ES","og_type":"article","og_title":"Fiscal\u00eda General de la Naci\u00f3n","og_description":"P\u00e1gina oficial de la Fiscal\u00eda General de la Naci\u00f3n \u2013 Colombia. Garantizamos el acceso efectivo a la justicia, la verdad y la reparaci\u00f3n de las v\u00edctimas de los delitos.","og_url":"https:\/\/www.fiscalia.gov.co\/colombia\/fiscal-general-de-la-nacion\/fiscalia-y-policia-nacional-propinan-el-mas-grande-golpe-a-las-redes-criminales-dedicadas-al-contrabando\/","og_site_name":"Fiscal\u00eda General de la Naci\u00f3n","article_publisher":"https:\/\/www.facebook.com\/FiscaliaCol","article_published_time":"2024-03-15T15:33:33+00:00","article_modified_time":"2024-03-15T16:07:18+00:00","og_image":[{"url":"https:\/\/www.fiscalia.gov.co\/colombia\/wp-content\/uploads\/WhatsApp-Image-2024-03-15-at-10.50.14-AM-1024x682.jpeg","type":"","width":"","height":""}],"author":"Paula Andrea Munera Due\u00f1as","twitter_card":"summary_large_image","twitter_creator":"@FiscaliaCol","twitter_site":"@FiscaliaCol","twitter_misc":{"Escrito por":"Paula Andrea Munera Due\u00f1as","Tiempo de lectura":"4 minutos"},"schema":{"@context":"https:\/\/schema.org","@graph":[{"@type":"Article","@id":"https:\/\/www.fiscalia.gov.co\/colombia\/fiscal-general-de-la-nacion\/fiscalia-y-policia-nacional-propinan-el-mas-grande-golpe-a-las-redes-criminales-dedicadas-al-contrabando\/#article","isPartOf":{"@id":"https:\/\/www.fiscalia.gov.co\/colombia\/fiscal-general-de-la-nacion\/fiscalia-y-policia-nacional-propinan-el-mas-grande-golpe-a-las-redes-criminales-dedicadas-al-contrabando\/"},"author":{"name":"Paula Andrea Munera Due\u00f1as","@id":"https:\/\/www.fiscalia.gov.co\/colombia\/#\/schema\/person\/b9e2848713ad5020d250209ba0f31a88"},"headline":"Fiscal\u00eda y Polic\u00eda Nacional propinan el m\u00e1s grande golpe a las redes criminales dedicadas al contrabando","datePublished":"2024-03-15T15:33:33+00:00","dateModified":"2024-03-15T16:07:18+00:00","mainEntityOfPage":{"@id":"https:\/\/www.fiscalia.gov.co\/colombia\/fiscal-general-de-la-nacion\/fiscalia-y-policia-nacional-propinan-el-mas-grande-golpe-a-las-redes-criminales-dedicadas-al-contrabando\/"},"wordCount":788,"publisher":{"@id":"https:\/\/www.fiscalia.gov.co\/colombia\/#organization"},"image":{"@id":"https:\/\/www.fiscalia.gov.co\/colombia\/fiscal-general-de-la-nacion\/fiscalia-y-policia-nacional-propinan-el-mas-grande-golpe-a-las-redes-criminales-dedicadas-al-contrabando\/#primaryimage"},"thumbnailUrl":"https:\/\/www.fiscalia.gov.co\/colombia\/wp-content\/uploads\/WhatsApp-Image-2024-03-15-at-10.50.14-AM-1024x682.jpeg","keywords":["Bogot\u00e1 D.C.","Contrabando","El Bendecido","fiscal mancera","fiscal martha mancera","Fiscal\u00eda General de la Naci\u00f3n","Martha Mancera"],"articleSection":["Fiscal General de la Naci\u00f3n","Noticias"],"inLanguage":"es-CO"},{"@type":"WebPage","@id":"https:\/\/www.fiscalia.gov.co\/colombia\/fiscal-general-de-la-nacion\/fiscalia-y-policia-nacional-propinan-el-mas-grande-golpe-a-las-redes-criminales-dedicadas-al-contrabando\/","url":"https:\/\/www.fiscalia.gov.co\/colombia\/fiscal-general-de-la-nacion\/fiscalia-y-policia-nacional-propinan-el-mas-grande-golpe-a-las-redes-criminales-dedicadas-al-contrabando\/","name":"Fiscal\u00eda General de la Naci\u00f3n","isPartOf":{"@id":"https:\/\/www.fiscalia.gov.co\/colombia\/#website"},"primaryImageOfPage":{"@id":"https:\/\/www.fiscalia.gov.co\/colombia\/fiscal-general-de-la-nacion\/fiscalia-y-policia-nacional-propinan-el-mas-grande-golpe-a-las-redes-criminales-dedicadas-al-contrabando\/#primaryimage"},"image":{"@id":"https:\/\/www.fiscalia.gov.co\/colombia\/fiscal-general-de-la-nacion\/fiscalia-y-policia-nacional-propinan-el-mas-grande-golpe-a-las-redes-criminales-dedicadas-al-contrabando\/#primaryimage"},"thumbnailUrl":"https:\/\/www.fiscalia.gov.co\/colombia\/wp-content\/uploads\/WhatsApp-Image-2024-03-15-at-10.50.14-AM-1024x682.jpeg","datePublished":"2024-03-15T15:33:33+00:00","dateModified":"2024-03-15T16:07:18+00:00","description":"P\u00e1gina oficial de la Fiscal\u00eda General de la Naci\u00f3n \u2013 Colombia. Garantizamos el acceso efectivo a la justicia, la verdad y la reparaci\u00f3n de las v\u00edctimas de los delitos.","breadcrumb":{"@id":"https:\/\/www.fiscalia.gov.co\/colombia\/fiscal-general-de-la-nacion\/fiscalia-y-policia-nacional-propinan-el-mas-grande-golpe-a-las-redes-criminales-dedicadas-al-contrabando\/#breadcrumb"},"inLanguage":"es-CO","potentialAction":[{"@type":"ReadAction","target":["https:\/\/www.fiscalia.gov.co\/colombia\/fiscal-general-de-la-nacion\/fiscalia-y-policia-nacional-propinan-el-mas-grande-golpe-a-las-redes-criminales-dedicadas-al-contrabando\/"]}]},{"@type":"ImageObject","inLanguage":"es-CO","@id":"https:\/\/www.fiscalia.gov.co\/colombia\/fiscal-general-de-la-nacion\/fiscalia-y-policia-nacional-propinan-el-mas-grande-golpe-a-las-redes-criminales-dedicadas-al-contrabando\/#primaryimage","url":"https:\/\/www.fiscalia.gov.co\/colombia\/wp-content\/uploads\/WhatsApp-Image-2024-03-15-at-10.50.14-AM-1024x682.jpeg","contentUrl":"https:\/\/www.fiscalia.gov.co\/colombia\/wp-content\/uploads\/WhatsApp-Image-2024-03-15-at-10.50.14-AM-1024x682.jpeg"},{"@type":"BreadcrumbList","@id":"https:\/\/www.fiscalia.gov.co\/colombia\/fiscal-general-de-la-nacion\/fiscalia-y-policia-nacional-propinan-el-mas-grande-golpe-a-las-redes-criminales-dedicadas-al-contrabando\/#breadcrumb","itemListElement":[{"@type":"ListItem","position":1,"name":"Home","item":"https:\/\/www.fiscalia.gov.co\/colombia\/"},{"@type":"ListItem","position":2,"name":"Fiscal\u00eda y Polic\u00eda Nacional propinan el m\u00e1s grande golpe a las redes criminales dedicadas al contrabando"}]},{"@type":"WebSite","@id":"https:\/\/www.fiscalia.gov.co\/colombia\/#website","url":"https:\/\/www.fiscalia.gov.co\/colombia\/","name":"Fiscal\u00eda General de la Naci\u00f3n","description":"P\u00e1gina oficial de la Fiscal\u00eda General de la Naci\u00f3n \u2013 Colombia. Garantizamos el acceso efectivo a la justicia, la verdad y la reparaci\u00f3n de las v\u00edctimas de los delitos.","publisher":{"@id":"https:\/\/www.fiscalia.gov.co\/colombia\/#organization"},"potentialAction":[{"@type":"SearchAction","target":{"@type":"EntryPoint","urlTemplate":"https:\/\/www.fiscalia.gov.co\/colombia\/?s={search_term_string}"},"query-input":{"@type":"PropertyValueSpecification","valueRequired":true,"valueName":"search_term_string"}}],"inLanguage":"es-CO"},{"@type":"Organization","@id":"https:\/\/www.fiscalia.gov.co\/colombia\/#organization","name":"Fiscal\u00eda General de la Naci\u00f3n","url":"https:\/\/www.fiscalia.gov.co\/colombia\/","logo":{"@type":"ImageObject","inLanguage":"es-CO","@id":"https:\/\/www.fiscalia.gov.co\/colombia\/#\/schema\/logo\/image\/","url":"https:\/\/www.fiscalia.gov.co\/colombia\/wp-content\/uploads\/LogoHorizontal_1.jpg","contentUrl":"https:\/\/www.fiscalia.gov.co\/colombia\/wp-content\/uploads\/LogoHorizontal_1.jpg","width":300,"height":90,"caption":"Fiscal\u00eda General de la Naci\u00f3n"},"image":{"@id":"https:\/\/www.fiscalia.gov.co\/colombia\/#\/schema\/logo\/image\/"},"sameAs":["https:\/\/www.facebook.com\/FiscaliaCol","https:\/\/x.com\/FiscaliaCol","https:\/\/www.instagram.com\/fiscaliacol","https:\/\/www.linkedin.com\/company\/fiscalia-general-de-la-naci-n\/","https:\/\/youtube.com\/@fiscaliageneraldelanacion-4668?si=6nN79nyQICPU5iTh"]},{"@type":"Person","@id":"https:\/\/www.fiscalia.gov.co\/colombia\/#\/schema\/person\/b9e2848713ad5020d250209ba0f31a88","name":"Paula Andrea Munera Due\u00f1as","image":{"@type":"ImageObject","inLanguage":"es-CO","@id":"https:\/\/www.fiscalia.gov.co\/colombia\/#\/schema\/person\/image\/","url":"https:\/\/secure.gravatar.com\/avatar\/4f70b6bf7197f2e2c55ba345c88d6e12?s=96&d=mm&r=g","contentUrl":"https:\/\/secure.gravatar.com\/avatar\/4f70b6bf7197f2e2c55ba345c88d6e12?s=96&d=mm&r=g","caption":"Paula Andrea Munera Due\u00f1as"},"url":"https:\/\/www.fiscalia.gov.co\/colombia\/author\/muneradpaula\/"}]}},"_links":{"self":[{"href":"https:\/\/www.fiscalia.gov.co\/colombia\/wp-json\/wp\/v2\/posts\/291085","targetHints":{"allow":["GET"]}}],"collection":[{"href":"https:\/\/www.fiscalia.gov.co\/colombia\/wp-json\/wp\/v2\/posts"}],"about":[{"href":"https:\/\/www.fiscalia.gov.co\/colombia\/wp-json\/wp\/v2\/types\/post"}],"author":[{"embeddable":true,"href":"https:\/\/www.fiscalia.gov.co\/colombia\/wp-json\/wp\/v2\/users\/180"}],"replies":[{"embeddable":true,"href":"https:\/\/www.fiscalia.gov.co\/colombia\/wp-json\/wp\/v2\/comments?post=291085"}],"version-history":[{"count":6,"href":"https:\/\/www.fiscalia.gov.co\/colombia\/wp-json\/wp\/v2\/posts\/291085\/revisions"}],"predecessor-version":[{"id":291099,"href":"https:\/\/www.fiscalia.gov.co\/colombia\/wp-json\/wp\/v2\/posts\/291085\/revisions\/291099"}],"wp:attachment":[{"href":"https:\/\/www.fiscalia.gov.co\/colombia\/wp-json\/wp\/v2\/media?parent=291085"}],"wp:term":[{"taxonomy":"category","embeddable":true,"href":"https:\/\/www.fiscalia.gov.co\/colombia\/wp-json\/wp\/v2\/categories?post=291085"},{"taxonomy":"post_tag","embeddable":true,"href":"https:\/\/www.fiscalia.gov.co\/colombia\/wp-json\/wp\/v2\/tags?post=291085"}],"curies":[{"name":"wp","href":"https:\/\/api.w.org\/{rel}","templated":true}]}}