{"id":290869,"date":"2024-03-13T11:37:29","date_gmt":"2024-03-13T16:37:29","guid":{"rendered":"https:\/\/www.fiscalia.gov.co\/colombia\/?p=290869"},"modified":"2024-03-13T11:46:50","modified_gmt":"2024-03-13T16:46:50","slug":"carcel-para-un-hombre-que-se-hacia-pasar-como-entrenador-de-futbol-y-que-mediante-enganos-habria-abusado-sexualmente-de-un-menor-de-12-anos-de-edad","status":"publish","type":"post","link":"https:\/\/www.fiscalia.gov.co\/colombia\/noticias\/carcel-para-un-hombre-que-se-hacia-pasar-como-entrenador-de-futbol-y-que-mediante-enganos-habria-abusado-sexualmente-de-un-menor-de-12-anos-de-edad\/","title":{"rendered":"C\u00e1rcel para un hombre que se hac\u00eda pasar como entrenador de f\u00fatbol y que mediante enga\u00f1os habr\u00eda abusado sexualmente de un menor de 12 a\u00f1os de edad"},"content":{"rendered":"<p>La Fiscal\u00eda General de la Naci\u00f3n, a trav\u00e9s de un fiscal de la Seccional Huila logr\u00f3 que un juez con funciones de control de garant\u00edas impusiera medida de aseguramiento en centro de reclusi\u00f3n contra Hern\u00e1n Dar\u00edo Serrato, de 44 a\u00f1os, por su presunta responsabilidad en el delito de acto sexual con menor de 14 a\u00f1os agravado.<\/p>\n<p>De acuerdo con las investigaciones adelantadas, los hechos ocurrieron en noviembre de 2023, en el barrio Jos\u00e9 Antonio Gal\u00e1n al sur de Neiva (Huila), donde el hoy procesado, quien, al parecer, se hac\u00eda pasar por un entrenador de f\u00fatbol y mediante enga\u00f1os habr\u00eda sometido a un menor de 12 a\u00f1os de edad a todo tipo de vej\u00e1menes sexuales.<\/p>\n<figure id=\"attachment_290870\" aria-describedby=\"caption-attachment-290870\" style=\"width: 300px\" class=\"wp-caption aligncenter\"><img loading=\"lazy\" decoding=\"async\" class=\"wp-image-290870 size-medium\" title=\"Martha Mancera, Fiscal Mancera, Fiscal Martha Mancera\" src=\"https:\/\/www.fiscalia.gov.co\/colombia\/wp-content\/uploads\/Martha-Mancera-Geovany-Velazquez-Perez-alias-El-Canadiense-presunto-responsable-del-secuestro-de-un-comerciante-del-Cesar-capturado-en-La-Guajira-1-300x215.jpg\" alt=\"El hombre se encuentra con esposas en custodia con servidor del CTI y Polic\u00eda.\" width=\"300\" height=\"215\" srcset=\"https:\/\/www.fiscalia.gov.co\/colombia\/wp-content\/uploads\/Martha-Mancera-Geovany-Velazquez-Perez-alias-El-Canadiense-presunto-responsable-del-secuestro-de-un-comerciante-del-Cesar-capturado-en-La-Guajira-1-300x215.jpg 300w, https:\/\/www.fiscalia.gov.co\/colombia\/wp-content\/uploads\/Martha-Mancera-Geovany-Velazquez-Perez-alias-El-Canadiense-presunto-responsable-del-secuestro-de-un-comerciante-del-Cesar-capturado-en-La-Guajira-1-1024x734.jpg 1024w, https:\/\/www.fiscalia.gov.co\/colombia\/wp-content\/uploads\/Martha-Mancera-Geovany-Velazquez-Perez-alias-El-Canadiense-presunto-responsable-del-secuestro-de-un-comerciante-del-Cesar-capturado-en-La-Guajira-1-768x551.jpg 768w, https:\/\/www.fiscalia.gov.co\/colombia\/wp-content\/uploads\/Martha-Mancera-Geovany-Velazquez-Perez-alias-El-Canadiense-presunto-responsable-del-secuestro-de-un-comerciante-del-Cesar-capturado-en-La-Guajira-1-696x499.jpg 696w, https:\/\/www.fiscalia.gov.co\/colombia\/wp-content\/uploads\/Martha-Mancera-Geovany-Velazquez-Perez-alias-El-Canadiense-presunto-responsable-del-secuestro-de-un-comerciante-del-Cesar-capturado-en-La-Guajira-1-1068x766.jpg 1068w, https:\/\/www.fiscalia.gov.co\/colombia\/wp-content\/uploads\/Martha-Mancera-Geovany-Velazquez-Perez-alias-El-Canadiense-presunto-responsable-del-secuestro-de-un-comerciante-del-Cesar-capturado-en-La-Guajira-1-586x420.jpg 586w, https:\/\/www.fiscalia.gov.co\/colombia\/wp-content\/uploads\/Martha-Mancera-Geovany-Velazquez-Perez-alias-El-Canadiense-presunto-responsable-del-secuestro-de-un-comerciante-del-Cesar-capturado-en-La-Guajira-1.jpg 1255w\" sizes=\"auto, (max-width: 300px) 100vw, 300px\" \/><figcaption id=\"caption-attachment-290870\" class=\"wp-caption-text\">Se presume que esta persona citaba al adolescente en su casa, para entregarle algunas prendas deportivas y ayudarle a hacer sus trabajos escolares y as\u00ed tocarle sus partes \u00edntimas.<\/figcaption><\/figure>\n<p>Se presume que el hombre citaba al adolescente en su casa, para entregarle algunas prendas deportivas y ayudarle a hacer sus trabajos escolares y as\u00ed tocarle sus partes \u00edntimas.<\/p>\n<p>La captura de Serrato se efectu\u00f3 por integrantes de la polic\u00eda judicial Sijin de Infancia y Adolescencia mediante diligencia de registro y allanamiento en el lugar de residencia de este hombre.<\/p>\n<p>Estos resultados se logran de acuerdo con el compromiso adquirido por la Fiscal General de la Naci\u00f3n (e), Martha Janeth Mancera, de contrarrestar los delitos relacionados con la violencia basada en g\u00e9nero.<\/p>\n<p>&nbsp;<\/p>\n<p><b><u>La Fiscal\u00eda habla con resultados.<\/u><\/b><\/p>\n<p>&nbsp;<\/p>\n<p>WAGG\/MG\/LHSC\/DFHI\/DSH<\/p>\n<p>&nbsp;<\/p>\n<p>&nbsp;<\/p>\n<p>&nbsp;<\/p>\n<p>&nbsp;<\/p>\n<p><i>La informaci\u00f3n contenida en este bolet\u00edn de prensa corresponde a la narraci\u00f3n de los hechos noticiosos objetivos, y las investigaciones penales al interior de la Fiscal\u00eda General de la Naci\u00f3n. Para el momento de la divulgaci\u00f3n de este comunicado, la situaci\u00f3n jur\u00eddica de la(s) persona(s) relacionada(s) se encuentra pendiente de resolver por la autoridad judicial competente, siempre bajo los preceptos de la presunci\u00f3n de inocencia, consagrados en el art\u00edculo 29 de la Constituci\u00f3n Pol\u00edtica y el art\u00edculo 7\u00ba de la Ley 906 de 2004.\u00a0\u00a0<\/i><\/p>\n<p>&nbsp;<\/p>\n\n<div class=\"twitter-share\"><a href=\"https:\/\/twitter.com\/intent\/tweet?via=fiscaliacol\" class=\"twitter-share-button\">Tweet<\/a><\/div>\n","protected":false},"excerpt":{"rendered":"<p>La Fiscal\u00eda General de la Naci\u00f3n, a trav\u00e9s de un fiscal de la Seccional Huila logr\u00f3 que un juez con funciones de control de garant\u00edas impusiera medida de aseguramiento en centro de reclusi\u00f3n contra Hern\u00e1n Dar\u00edo Serrato, de 44 a\u00f1os, por su presunta responsabilidad en el delito de acto sexual con menor de 14 a\u00f1os [&hellip;]<\/p>\n","protected":false},"author":178,"featured_media":0,"comment_status":"closed","ping_status":"open","sticky":false,"template":"","format":"standard","meta":{"tdm_status":"","tdm_grid_status":"","footnotes":""},"categories":[1,24127],"tags":[941,37086,36949,1047,16,24315,26350,23833,24485,17445],"class_list":{"0":"post-290869","1":"post","2":"type-post","3":"status-publish","4":"format-standard","6":"category-noticias","7":"category-violencia-sexual-e-intrafamiliar","8":"tag-aseguramiento","9":"tag-fiscal-mancera","10":"tag-fiscal-martha-mancera","11":"tag-fiscalia-general-de-la-nacion","12":"tag-huila","13":"tag-intramuros","14":"tag-martha-mancera","15":"tag-neiva","16":"tag-seccional-huila","17":"tag-victima"},"yoast_head":"<!-- This site is optimized with the Yoast SEO plugin v24.3 - https:\/\/yoast.com\/wordpress\/plugins\/seo\/ -->\n<title>Fiscal\u00eda General de la Naci\u00f3n<\/title>\n<meta name=\"description\" content=\"P\u00e1gina oficial de la Fiscal\u00eda General de la Naci\u00f3n \u2013 Colombia. Garantizamos el acceso efectivo a la justicia, la verdad y la reparaci\u00f3n de las v\u00edctimas de los delitos.\" \/>\n<meta name=\"robots\" content=\"noindex, follow\" \/>\n<meta property=\"og:locale\" content=\"es_ES\" \/>\n<meta property=\"og:type\" content=\"article\" \/>\n<meta property=\"og:title\" content=\"Fiscal\u00eda General de la Naci\u00f3n\" \/>\n<meta property=\"og:description\" content=\"P\u00e1gina oficial de la Fiscal\u00eda General de la Naci\u00f3n \u2013 Colombia. Garantizamos el acceso efectivo a la justicia, la verdad y la reparaci\u00f3n de las v\u00edctimas de los delitos.\" \/>\n<meta property=\"og:url\" content=\"https:\/\/www.fiscalia.gov.co\/colombia\/noticias\/carcel-para-un-hombre-que-se-hacia-pasar-como-entrenador-de-futbol-y-que-mediante-enganos-habria-abusado-sexualmente-de-un-menor-de-12-anos-de-edad\/\" \/>\n<meta property=\"og:site_name\" content=\"Fiscal\u00eda General de la Naci\u00f3n\" \/>\n<meta property=\"article:publisher\" content=\"https:\/\/www.facebook.com\/FiscaliaCol\" \/>\n<meta property=\"article:published_time\" content=\"2024-03-13T16:37:29+00:00\" \/>\n<meta property=\"article:modified_time\" content=\"2024-03-13T16:46:50+00:00\" \/>\n<meta property=\"og:image\" content=\"https:\/\/www.fiscalia.gov.co\/colombia\/wp-content\/uploads\/Martha-Mancera-Geovany-Velazquez-Perez-alias-El-Canadiense-presunto-responsable-del-secuestro-de-un-comerciante-del-Cesar-capturado-en-La-Guajira-1-300x215.jpg\" \/>\n<meta name=\"author\" content=\"Winnie Geraldine Rodr\u00edguez Navarrete\" \/>\n<meta name=\"twitter:card\" content=\"summary_large_image\" \/>\n<meta name=\"twitter:creator\" content=\"@FiscaliaCol\" \/>\n<meta name=\"twitter:site\" content=\"@FiscaliaCol\" \/>\n<meta name=\"twitter:label1\" content=\"Escrito por\" \/>\n\t<meta name=\"twitter:data1\" content=\"Winnie Geraldine Rodr\u00edguez Navarrete\" \/>\n\t<meta name=\"twitter:label2\" content=\"Tiempo de lectura\" \/>\n\t<meta name=\"twitter:data2\" content=\"2 minutos\" \/>\n<script type=\"application\/ld+json\" class=\"yoast-schema-graph\">{\"@context\":\"https:\/\/schema.org\",\"@graph\":[{\"@type\":\"Article\",\"@id\":\"https:\/\/www.fiscalia.gov.co\/colombia\/noticias\/carcel-para-un-hombre-que-se-hacia-pasar-como-entrenador-de-futbol-y-que-mediante-enganos-habria-abusado-sexualmente-de-un-menor-de-12-anos-de-edad\/#article\",\"isPartOf\":{\"@id\":\"https:\/\/www.fiscalia.gov.co\/colombia\/noticias\/carcel-para-un-hombre-que-se-hacia-pasar-como-entrenador-de-futbol-y-que-mediante-enganos-habria-abusado-sexualmente-de-un-menor-de-12-anos-de-edad\/\"},\"author\":{\"name\":\"Winnie Geraldine Rodr\u00edguez Navarrete\",\"@id\":\"https:\/\/www.fiscalia.gov.co\/colombia\/#\/schema\/person\/176195b99ebab0a52aafa15197e1bf80\"},\"headline\":\"C\u00e1rcel para un hombre que se hac\u00eda pasar como entrenador de f\u00fatbol y que mediante enga\u00f1os habr\u00eda abusado sexualmente de un menor de 12 a\u00f1os de edad\",\"datePublished\":\"2024-03-13T16:37:29+00:00\",\"dateModified\":\"2024-03-13T16:46:50+00:00\",\"mainEntityOfPage\":{\"@id\":\"https:\/\/www.fiscalia.gov.co\/colombia\/noticias\/carcel-para-un-hombre-que-se-hacia-pasar-como-entrenador-de-futbol-y-que-mediante-enganos-habria-abusado-sexualmente-de-un-menor-de-12-anos-de-edad\/\"},\"wordCount\":403,\"publisher\":{\"@id\":\"https:\/\/www.fiscalia.gov.co\/colombia\/#organization\"},\"image\":{\"@id\":\"https:\/\/www.fiscalia.gov.co\/colombia\/noticias\/carcel-para-un-hombre-que-se-hacia-pasar-como-entrenador-de-futbol-y-que-mediante-enganos-habria-abusado-sexualmente-de-un-menor-de-12-anos-de-edad\/#primaryimage\"},\"thumbnailUrl\":\"https:\/\/www.fiscalia.gov.co\/colombia\/wp-content\/uploads\/Martha-Mancera-Geovany-Velazquez-Perez-alias-El-Canadiense-presunto-responsable-del-secuestro-de-un-comerciante-del-Cesar-capturado-en-La-Guajira-1-300x215.jpg\",\"keywords\":[\"Aseguramiento\",\"fiscal mancera\",\"fiscal martha mancera\",\"Fiscal\u00eda General de la Naci\u00f3n\",\"Huila\",\"intramuros\",\"Martha Mancera\",\"Neiva\",\"Seccional Huila\",\"V\u00edctima\"],\"articleSection\":[\"Noticias\",\"Violencia sexual e intrafamiliar\"],\"inLanguage\":\"es-CO\"},{\"@type\":\"WebPage\",\"@id\":\"https:\/\/www.fiscalia.gov.co\/colombia\/noticias\/carcel-para-un-hombre-que-se-hacia-pasar-como-entrenador-de-futbol-y-que-mediante-enganos-habria-abusado-sexualmente-de-un-menor-de-12-anos-de-edad\/\",\"url\":\"https:\/\/www.fiscalia.gov.co\/colombia\/noticias\/carcel-para-un-hombre-que-se-hacia-pasar-como-entrenador-de-futbol-y-que-mediante-enganos-habria-abusado-sexualmente-de-un-menor-de-12-anos-de-edad\/\",\"name\":\"Fiscal\u00eda General de la Naci\u00f3n\",\"isPartOf\":{\"@id\":\"https:\/\/www.fiscalia.gov.co\/colombia\/#website\"},\"primaryImageOfPage\":{\"@id\":\"https:\/\/www.fiscalia.gov.co\/colombia\/noticias\/carcel-para-un-hombre-que-se-hacia-pasar-como-entrenador-de-futbol-y-que-mediante-enganos-habria-abusado-sexualmente-de-un-menor-de-12-anos-de-edad\/#primaryimage\"},\"image\":{\"@id\":\"https:\/\/www.fiscalia.gov.co\/colombia\/noticias\/carcel-para-un-hombre-que-se-hacia-pasar-como-entrenador-de-futbol-y-que-mediante-enganos-habria-abusado-sexualmente-de-un-menor-de-12-anos-de-edad\/#primaryimage\"},\"thumbnailUrl\":\"https:\/\/www.fiscalia.gov.co\/colombia\/wp-content\/uploads\/Martha-Mancera-Geovany-Velazquez-Perez-alias-El-Canadiense-presunto-responsable-del-secuestro-de-un-comerciante-del-Cesar-capturado-en-La-Guajira-1-300x215.jpg\",\"datePublished\":\"2024-03-13T16:37:29+00:00\",\"dateModified\":\"2024-03-13T16:46:50+00:00\",\"description\":\"P\u00e1gina oficial de la Fiscal\u00eda General de la Naci\u00f3n \u2013 Colombia. Garantizamos el acceso efectivo a la justicia, la verdad y la reparaci\u00f3n de las v\u00edctimas de los delitos.\",\"breadcrumb\":{\"@id\":\"https:\/\/www.fiscalia.gov.co\/colombia\/noticias\/carcel-para-un-hombre-que-se-hacia-pasar-como-entrenador-de-futbol-y-que-mediante-enganos-habria-abusado-sexualmente-de-un-menor-de-12-anos-de-edad\/#breadcrumb\"},\"inLanguage\":\"es-CO\",\"potentialAction\":[{\"@type\":\"ReadAction\",\"target\":[\"https:\/\/www.fiscalia.gov.co\/colombia\/noticias\/carcel-para-un-hombre-que-se-hacia-pasar-como-entrenador-de-futbol-y-que-mediante-enganos-habria-abusado-sexualmente-de-un-menor-de-12-anos-de-edad\/\"]}]},{\"@type\":\"ImageObject\",\"inLanguage\":\"es-CO\",\"@id\":\"https:\/\/www.fiscalia.gov.co\/colombia\/noticias\/carcel-para-un-hombre-que-se-hacia-pasar-como-entrenador-de-futbol-y-que-mediante-enganos-habria-abusado-sexualmente-de-un-menor-de-12-anos-de-edad\/#primaryimage\",\"url\":\"https:\/\/www.fiscalia.gov.co\/colombia\/wp-content\/uploads\/Martha-Mancera-Geovany-Velazquez-Perez-alias-El-Canadiense-presunto-responsable-del-secuestro-de-un-comerciante-del-Cesar-capturado-en-La-Guajira-1.jpg\",\"contentUrl\":\"https:\/\/www.fiscalia.gov.co\/colombia\/wp-content\/uploads\/Martha-Mancera-Geovany-Velazquez-Perez-alias-El-Canadiense-presunto-responsable-del-secuestro-de-un-comerciante-del-Cesar-capturado-en-La-Guajira-1.jpg\",\"width\":1255,\"height\":900,\"caption\":\"Se presume que esta persona citaba al adolescente en su casa, para entregarle algunas prendas deportivas y ayudarle a hacer sus trabajos escolares y as\u00ed tocarle sus partes \u00edntimas.\"},{\"@type\":\"BreadcrumbList\",\"@id\":\"https:\/\/www.fiscalia.gov.co\/colombia\/noticias\/carcel-para-un-hombre-que-se-hacia-pasar-como-entrenador-de-futbol-y-que-mediante-enganos-habria-abusado-sexualmente-de-un-menor-de-12-anos-de-edad\/#breadcrumb\",\"itemListElement\":[{\"@type\":\"ListItem\",\"position\":1,\"name\":\"Home\",\"item\":\"https:\/\/www.fiscalia.gov.co\/colombia\/\"},{\"@type\":\"ListItem\",\"position\":2,\"name\":\"C\u00e1rcel para un hombre que se hac\u00eda pasar como entrenador de f\u00fatbol y que mediante enga\u00f1os habr\u00eda abusado sexualmente de un menor de 12 a\u00f1os de edad\"}]},{\"@type\":\"WebSite\",\"@id\":\"https:\/\/www.fiscalia.gov.co\/colombia\/#website\",\"url\":\"https:\/\/www.fiscalia.gov.co\/colombia\/\",\"name\":\"Fiscal\u00eda General de la Naci\u00f3n\",\"description\":\"P\u00e1gina oficial de la Fiscal\u00eda General de la Naci\u00f3n \u2013 Colombia. Garantizamos el acceso efectivo a la justicia, la verdad y la reparaci\u00f3n de las v\u00edctimas de los delitos.\",\"publisher\":{\"@id\":\"https:\/\/www.fiscalia.gov.co\/colombia\/#organization\"},\"potentialAction\":[{\"@type\":\"SearchAction\",\"target\":{\"@type\":\"EntryPoint\",\"urlTemplate\":\"https:\/\/www.fiscalia.gov.co\/colombia\/?s={search_term_string}\"},\"query-input\":{\"@type\":\"PropertyValueSpecification\",\"valueRequired\":true,\"valueName\":\"search_term_string\"}}],\"inLanguage\":\"es-CO\"},{\"@type\":\"Organization\",\"@id\":\"https:\/\/www.fiscalia.gov.co\/colombia\/#organization\",\"name\":\"Fiscal\u00eda General de la Naci\u00f3n\",\"url\":\"https:\/\/www.fiscalia.gov.co\/colombia\/\",\"logo\":{\"@type\":\"ImageObject\",\"inLanguage\":\"es-CO\",\"@id\":\"https:\/\/www.fiscalia.gov.co\/colombia\/#\/schema\/logo\/image\/\",\"url\":\"https:\/\/www.fiscalia.gov.co\/colombia\/wp-content\/uploads\/LogoHorizontal_1.jpg\",\"contentUrl\":\"https:\/\/www.fiscalia.gov.co\/colombia\/wp-content\/uploads\/LogoHorizontal_1.jpg\",\"width\":300,\"height\":90,\"caption\":\"Fiscal\u00eda General de la Naci\u00f3n\"},\"image\":{\"@id\":\"https:\/\/www.fiscalia.gov.co\/colombia\/#\/schema\/logo\/image\/\"},\"sameAs\":[\"https:\/\/www.facebook.com\/FiscaliaCol\",\"https:\/\/x.com\/FiscaliaCol\",\"https:\/\/www.instagram.com\/fiscaliacol\",\"https:\/\/www.linkedin.com\/company\/fiscalia-general-de-la-naci-n\/\",\"https:\/\/youtube.com\/@fiscaliageneraldelanacion-4668?si=6nN79nyQICPU5iTh\"]},{\"@type\":\"Person\",\"@id\":\"https:\/\/www.fiscalia.gov.co\/colombia\/#\/schema\/person\/176195b99ebab0a52aafa15197e1bf80\",\"name\":\"Winnie Geraldine Rodr\u00edguez Navarrete\",\"image\":{\"@type\":\"ImageObject\",\"inLanguage\":\"es-CO\",\"@id\":\"https:\/\/www.fiscalia.gov.co\/colombia\/#\/schema\/person\/image\/\",\"url\":\"https:\/\/secure.gravatar.com\/avatar\/c24cf8481dc84fa5e8c7b20bc95ab0c6?s=96&d=mm&r=g\",\"contentUrl\":\"https:\/\/secure.gravatar.com\/avatar\/c24cf8481dc84fa5e8c7b20bc95ab0c6?s=96&d=mm&r=g\",\"caption\":\"Winnie Geraldine Rodr\u00edguez Navarrete\"},\"url\":\"https:\/\/www.fiscalia.gov.co\/colombia\/author\/winnierodriguez\/\"}]}<\/script>\n<!-- \/ Yoast SEO plugin. -->","yoast_head_json":{"title":"Fiscal\u00eda General de la Naci\u00f3n","description":"P\u00e1gina oficial de la Fiscal\u00eda General de la Naci\u00f3n \u2013 Colombia. Garantizamos el acceso efectivo a la justicia, la verdad y la reparaci\u00f3n de las v\u00edctimas de los delitos.","robots":{"index":"noindex","follow":"follow"},"og_locale":"es_ES","og_type":"article","og_title":"Fiscal\u00eda General de la Naci\u00f3n","og_description":"P\u00e1gina oficial de la Fiscal\u00eda General de la Naci\u00f3n \u2013 Colombia. Garantizamos el acceso efectivo a la justicia, la verdad y la reparaci\u00f3n de las v\u00edctimas de los delitos.","og_url":"https:\/\/www.fiscalia.gov.co\/colombia\/noticias\/carcel-para-un-hombre-que-se-hacia-pasar-como-entrenador-de-futbol-y-que-mediante-enganos-habria-abusado-sexualmente-de-un-menor-de-12-anos-de-edad\/","og_site_name":"Fiscal\u00eda General de la Naci\u00f3n","article_publisher":"https:\/\/www.facebook.com\/FiscaliaCol","article_published_time":"2024-03-13T16:37:29+00:00","article_modified_time":"2024-03-13T16:46:50+00:00","og_image":[{"url":"https:\/\/www.fiscalia.gov.co\/colombia\/wp-content\/uploads\/Martha-Mancera-Geovany-Velazquez-Perez-alias-El-Canadiense-presunto-responsable-del-secuestro-de-un-comerciante-del-Cesar-capturado-en-La-Guajira-1-300x215.jpg","type":"","width":"","height":""}],"author":"Winnie Geraldine Rodr\u00edguez Navarrete","twitter_card":"summary_large_image","twitter_creator":"@FiscaliaCol","twitter_site":"@FiscaliaCol","twitter_misc":{"Escrito por":"Winnie Geraldine Rodr\u00edguez Navarrete","Tiempo de lectura":"2 minutos"},"schema":{"@context":"https:\/\/schema.org","@graph":[{"@type":"Article","@id":"https:\/\/www.fiscalia.gov.co\/colombia\/noticias\/carcel-para-un-hombre-que-se-hacia-pasar-como-entrenador-de-futbol-y-que-mediante-enganos-habria-abusado-sexualmente-de-un-menor-de-12-anos-de-edad\/#article","isPartOf":{"@id":"https:\/\/www.fiscalia.gov.co\/colombia\/noticias\/carcel-para-un-hombre-que-se-hacia-pasar-como-entrenador-de-futbol-y-que-mediante-enganos-habria-abusado-sexualmente-de-un-menor-de-12-anos-de-edad\/"},"author":{"name":"Winnie Geraldine Rodr\u00edguez Navarrete","@id":"https:\/\/www.fiscalia.gov.co\/colombia\/#\/schema\/person\/176195b99ebab0a52aafa15197e1bf80"},"headline":"C\u00e1rcel para un hombre que se hac\u00eda pasar como entrenador de f\u00fatbol y que mediante enga\u00f1os habr\u00eda abusado sexualmente de un menor de 12 a\u00f1os de edad","datePublished":"2024-03-13T16:37:29+00:00","dateModified":"2024-03-13T16:46:50+00:00","mainEntityOfPage":{"@id":"https:\/\/www.fiscalia.gov.co\/colombia\/noticias\/carcel-para-un-hombre-que-se-hacia-pasar-como-entrenador-de-futbol-y-que-mediante-enganos-habria-abusado-sexualmente-de-un-menor-de-12-anos-de-edad\/"},"wordCount":403,"publisher":{"@id":"https:\/\/www.fiscalia.gov.co\/colombia\/#organization"},"image":{"@id":"https:\/\/www.fiscalia.gov.co\/colombia\/noticias\/carcel-para-un-hombre-que-se-hacia-pasar-como-entrenador-de-futbol-y-que-mediante-enganos-habria-abusado-sexualmente-de-un-menor-de-12-anos-de-edad\/#primaryimage"},"thumbnailUrl":"https:\/\/www.fiscalia.gov.co\/colombia\/wp-content\/uploads\/Martha-Mancera-Geovany-Velazquez-Perez-alias-El-Canadiense-presunto-responsable-del-secuestro-de-un-comerciante-del-Cesar-capturado-en-La-Guajira-1-300x215.jpg","keywords":["Aseguramiento","fiscal mancera","fiscal martha mancera","Fiscal\u00eda General de la Naci\u00f3n","Huila","intramuros","Martha Mancera","Neiva","Seccional Huila","V\u00edctima"],"articleSection":["Noticias","Violencia sexual e intrafamiliar"],"inLanguage":"es-CO"},{"@type":"WebPage","@id":"https:\/\/www.fiscalia.gov.co\/colombia\/noticias\/carcel-para-un-hombre-que-se-hacia-pasar-como-entrenador-de-futbol-y-que-mediante-enganos-habria-abusado-sexualmente-de-un-menor-de-12-anos-de-edad\/","url":"https:\/\/www.fiscalia.gov.co\/colombia\/noticias\/carcel-para-un-hombre-que-se-hacia-pasar-como-entrenador-de-futbol-y-que-mediante-enganos-habria-abusado-sexualmente-de-un-menor-de-12-anos-de-edad\/","name":"Fiscal\u00eda General de la Naci\u00f3n","isPartOf":{"@id":"https:\/\/www.fiscalia.gov.co\/colombia\/#website"},"primaryImageOfPage":{"@id":"https:\/\/www.fiscalia.gov.co\/colombia\/noticias\/carcel-para-un-hombre-que-se-hacia-pasar-como-entrenador-de-futbol-y-que-mediante-enganos-habria-abusado-sexualmente-de-un-menor-de-12-anos-de-edad\/#primaryimage"},"image":{"@id":"https:\/\/www.fiscalia.gov.co\/colombia\/noticias\/carcel-para-un-hombre-que-se-hacia-pasar-como-entrenador-de-futbol-y-que-mediante-enganos-habria-abusado-sexualmente-de-un-menor-de-12-anos-de-edad\/#primaryimage"},"thumbnailUrl":"https:\/\/www.fiscalia.gov.co\/colombia\/wp-content\/uploads\/Martha-Mancera-Geovany-Velazquez-Perez-alias-El-Canadiense-presunto-responsable-del-secuestro-de-un-comerciante-del-Cesar-capturado-en-La-Guajira-1-300x215.jpg","datePublished":"2024-03-13T16:37:29+00:00","dateModified":"2024-03-13T16:46:50+00:00","description":"P\u00e1gina oficial de la Fiscal\u00eda General de la Naci\u00f3n \u2013 Colombia. Garantizamos el acceso efectivo a la justicia, la verdad y la reparaci\u00f3n de las v\u00edctimas de los delitos.","breadcrumb":{"@id":"https:\/\/www.fiscalia.gov.co\/colombia\/noticias\/carcel-para-un-hombre-que-se-hacia-pasar-como-entrenador-de-futbol-y-que-mediante-enganos-habria-abusado-sexualmente-de-un-menor-de-12-anos-de-edad\/#breadcrumb"},"inLanguage":"es-CO","potentialAction":[{"@type":"ReadAction","target":["https:\/\/www.fiscalia.gov.co\/colombia\/noticias\/carcel-para-un-hombre-que-se-hacia-pasar-como-entrenador-de-futbol-y-que-mediante-enganos-habria-abusado-sexualmente-de-un-menor-de-12-anos-de-edad\/"]}]},{"@type":"ImageObject","inLanguage":"es-CO","@id":"https:\/\/www.fiscalia.gov.co\/colombia\/noticias\/carcel-para-un-hombre-que-se-hacia-pasar-como-entrenador-de-futbol-y-que-mediante-enganos-habria-abusado-sexualmente-de-un-menor-de-12-anos-de-edad\/#primaryimage","url":"https:\/\/www.fiscalia.gov.co\/colombia\/wp-content\/uploads\/Martha-Mancera-Geovany-Velazquez-Perez-alias-El-Canadiense-presunto-responsable-del-secuestro-de-un-comerciante-del-Cesar-capturado-en-La-Guajira-1.jpg","contentUrl":"https:\/\/www.fiscalia.gov.co\/colombia\/wp-content\/uploads\/Martha-Mancera-Geovany-Velazquez-Perez-alias-El-Canadiense-presunto-responsable-del-secuestro-de-un-comerciante-del-Cesar-capturado-en-La-Guajira-1.jpg","width":1255,"height":900,"caption":"Se presume que esta persona citaba al adolescente en su casa, para entregarle algunas prendas deportivas y ayudarle a hacer sus trabajos escolares y as\u00ed tocarle sus partes \u00edntimas."},{"@type":"BreadcrumbList","@id":"https:\/\/www.fiscalia.gov.co\/colombia\/noticias\/carcel-para-un-hombre-que-se-hacia-pasar-como-entrenador-de-futbol-y-que-mediante-enganos-habria-abusado-sexualmente-de-un-menor-de-12-anos-de-edad\/#breadcrumb","itemListElement":[{"@type":"ListItem","position":1,"name":"Home","item":"https:\/\/www.fiscalia.gov.co\/colombia\/"},{"@type":"ListItem","position":2,"name":"C\u00e1rcel para un hombre que se hac\u00eda pasar como entrenador de f\u00fatbol y que mediante enga\u00f1os habr\u00eda abusado sexualmente de un menor de 12 a\u00f1os de edad"}]},{"@type":"WebSite","@id":"https:\/\/www.fiscalia.gov.co\/colombia\/#website","url":"https:\/\/www.fiscalia.gov.co\/colombia\/","name":"Fiscal\u00eda General de la Naci\u00f3n","description":"P\u00e1gina oficial de la Fiscal\u00eda General de la Naci\u00f3n \u2013 Colombia. Garantizamos el acceso efectivo a la justicia, la verdad y la reparaci\u00f3n de las v\u00edctimas de los delitos.","publisher":{"@id":"https:\/\/www.fiscalia.gov.co\/colombia\/#organization"},"potentialAction":[{"@type":"SearchAction","target":{"@type":"EntryPoint","urlTemplate":"https:\/\/www.fiscalia.gov.co\/colombia\/?s={search_term_string}"},"query-input":{"@type":"PropertyValueSpecification","valueRequired":true,"valueName":"search_term_string"}}],"inLanguage":"es-CO"},{"@type":"Organization","@id":"https:\/\/www.fiscalia.gov.co\/colombia\/#organization","name":"Fiscal\u00eda General de la Naci\u00f3n","url":"https:\/\/www.fiscalia.gov.co\/colombia\/","logo":{"@type":"ImageObject","inLanguage":"es-CO","@id":"https:\/\/www.fiscalia.gov.co\/colombia\/#\/schema\/logo\/image\/","url":"https:\/\/www.fiscalia.gov.co\/colombia\/wp-content\/uploads\/LogoHorizontal_1.jpg","contentUrl":"https:\/\/www.fiscalia.gov.co\/colombia\/wp-content\/uploads\/LogoHorizontal_1.jpg","width":300,"height":90,"caption":"Fiscal\u00eda General de la Naci\u00f3n"},"image":{"@id":"https:\/\/www.fiscalia.gov.co\/colombia\/#\/schema\/logo\/image\/"},"sameAs":["https:\/\/www.facebook.com\/FiscaliaCol","https:\/\/x.com\/FiscaliaCol","https:\/\/www.instagram.com\/fiscaliacol","https:\/\/www.linkedin.com\/company\/fiscalia-general-de-la-naci-n\/","https:\/\/youtube.com\/@fiscaliageneraldelanacion-4668?si=6nN79nyQICPU5iTh"]},{"@type":"Person","@id":"https:\/\/www.fiscalia.gov.co\/colombia\/#\/schema\/person\/176195b99ebab0a52aafa15197e1bf80","name":"Winnie Geraldine Rodr\u00edguez Navarrete","image":{"@type":"ImageObject","inLanguage":"es-CO","@id":"https:\/\/www.fiscalia.gov.co\/colombia\/#\/schema\/person\/image\/","url":"https:\/\/secure.gravatar.com\/avatar\/c24cf8481dc84fa5e8c7b20bc95ab0c6?s=96&d=mm&r=g","contentUrl":"https:\/\/secure.gravatar.com\/avatar\/c24cf8481dc84fa5e8c7b20bc95ab0c6?s=96&d=mm&r=g","caption":"Winnie Geraldine Rodr\u00edguez Navarrete"},"url":"https:\/\/www.fiscalia.gov.co\/colombia\/author\/winnierodriguez\/"}]}},"_links":{"self":[{"href":"https:\/\/www.fiscalia.gov.co\/colombia\/wp-json\/wp\/v2\/posts\/290869","targetHints":{"allow":["GET"]}}],"collection":[{"href":"https:\/\/www.fiscalia.gov.co\/colombia\/wp-json\/wp\/v2\/posts"}],"about":[{"href":"https:\/\/www.fiscalia.gov.co\/colombia\/wp-json\/wp\/v2\/types\/post"}],"author":[{"embeddable":true,"href":"https:\/\/www.fiscalia.gov.co\/colombia\/wp-json\/wp\/v2\/users\/178"}],"replies":[{"embeddable":true,"href":"https:\/\/www.fiscalia.gov.co\/colombia\/wp-json\/wp\/v2\/comments?post=290869"}],"version-history":[{"count":2,"href":"https:\/\/www.fiscalia.gov.co\/colombia\/wp-json\/wp\/v2\/posts\/290869\/revisions"}],"predecessor-version":[{"id":290873,"href":"https:\/\/www.fiscalia.gov.co\/colombia\/wp-json\/wp\/v2\/posts\/290869\/revisions\/290873"}],"wp:attachment":[{"href":"https:\/\/www.fiscalia.gov.co\/colombia\/wp-json\/wp\/v2\/media?parent=290869"}],"wp:term":[{"taxonomy":"category","embeddable":true,"href":"https:\/\/www.fiscalia.gov.co\/colombia\/wp-json\/wp\/v2\/categories?post=290869"},{"taxonomy":"post_tag","embeddable":true,"href":"https:\/\/www.fiscalia.gov.co\/colombia\/wp-json\/wp\/v2\/tags?post=290869"}],"curies":[{"name":"wp","href":"https:\/\/api.w.org\/{rel}","templated":true}]}}