{"id":290797,"date":"2024-03-12T17:37:19","date_gmt":"2024-03-12T22:37:19","guid":{"rendered":"https:\/\/www.fiscalia.gov.co\/colombia\/?p=290797"},"modified":"2024-03-12T17:37:19","modified_gmt":"2024-03-12T22:37:19","slug":"condenada-a-21-anos-de-prision-por-homicidio-de-un-extranjero-en-un-hotel-de-medellin","status":"publish","type":"post","link":"https:\/\/www.fiscalia.gov.co\/colombia\/noticias\/condenada-a-21-anos-de-prision-por-homicidio-de-un-extranjero-en-un-hotel-de-medellin\/","title":{"rendered":"Condenada a 21 a\u00f1os de prisi\u00f3n por homicidio de un extranjero en un hotel de Medell\u00edn"},"content":{"rendered":"<p>Ante la contundencia del material probatorio recopilado por la Fiscal\u00eda General de la Naci\u00f3n, Luis Fernanda Lopera Fl\u00f3rez, de 18 a\u00f1os lleg\u00f3 a un acuerdo judicial con el organismo acusador y fue sentenciada a 21 a\u00f1os de prisi\u00f3n por el homicidio agravado del ciudadano estadounidense Jeffrey Hutson Hewett, de 55 a\u00f1os.<\/p>\n<figure id=\"attachment_290798\" aria-describedby=\"caption-attachment-290798\" style=\"width: 300px\" class=\"wp-caption aligncenter\"><img loading=\"lazy\" decoding=\"async\" class=\"size-medium wp-image-290798\" src=\"https:\/\/www.fiscalia.gov.co\/colombia\/wp-content\/uploads\/Luisa-Fernanda-Lopera-Florez-1-300x169.jpg\" alt=\"En la fotograf\u00eda est\u00e1 Luisa Fernanda Lopera Fl\u00f3rez, mujer condenada por homicidio de un extranjero, con dos servidores de la Polic\u00eda Nacional\" width=\"300\" height=\"169\" srcset=\"https:\/\/www.fiscalia.gov.co\/colombia\/wp-content\/uploads\/Luisa-Fernanda-Lopera-Florez-1-300x169.jpg 300w, https:\/\/www.fiscalia.gov.co\/colombia\/wp-content\/uploads\/Luisa-Fernanda-Lopera-Florez-1-1024x576.jpg 1024w, https:\/\/www.fiscalia.gov.co\/colombia\/wp-content\/uploads\/Luisa-Fernanda-Lopera-Florez-1-768x432.jpg 768w, https:\/\/www.fiscalia.gov.co\/colombia\/wp-content\/uploads\/Luisa-Fernanda-Lopera-Florez-1-1536x864.jpg 1536w, https:\/\/www.fiscalia.gov.co\/colombia\/wp-content\/uploads\/Luisa-Fernanda-Lopera-Florez-1-696x392.jpg 696w, https:\/\/www.fiscalia.gov.co\/colombia\/wp-content\/uploads\/Luisa-Fernanda-Lopera-Florez-1-1068x601.jpg 1068w, https:\/\/www.fiscalia.gov.co\/colombia\/wp-content\/uploads\/Luisa-Fernanda-Lopera-Florez-1-747x420.jpg 747w, https:\/\/www.fiscalia.gov.co\/colombia\/wp-content\/uploads\/Luisa-Fernanda-Lopera-Florez-1.jpg 1600w\" sizes=\"auto, (max-width: 300px) 100vw, 300px\" \/><figcaption id=\"caption-attachment-290798\" class=\"wp-caption-text\">Mujer condenada a 21 a\u00f1os de prisi\u00f3n por el homicidio de un estadounidense<\/figcaption><\/figure>\n<p>Los hechos ocurrieron la tarde del 11 de noviembre de 2023, en un hotel ubicado en el barrio El Poblado de Medell\u00edn (Antioquia), donde fue hallado el cuerpo de un ciudadano norteamericano envuelto en una s\u00e1bana y con m\u00e1s de 20 heridas producidas con arma blanca, mayor\u00eda de ellas en el cuello.<\/p>\n<p>Los investigadores establecieron que ese d\u00eda, el extranjero ingres\u00f3 con la procesada al lugar donde ocurrieron los hechos.\u00a0 Adem\u00e1s, los registros de c\u00e1mara de seguridad evidenciaron que la mujer, momentos despu\u00e9s, sali\u00f3 sola y portando un malet\u00edn.<\/p>\n<p>Las labores de polic\u00eda judicial se\u00f1alaron que la v\u00edctima contacto a la hoy sentenciada por una plataforma de citas.<\/p>\n<p>El trabajo articulado de la Fiscal\u00eda y la Sij\u00edn de la Polic\u00eda Nacional permiti\u00f3 la captura de la mujer de 18 a\u00f1os, el 27 de noviembre del mismo a\u00f1o, en una vivienda del barrio Manrique de Medell\u00edn.<\/p>\n<p>La Fiscal\u00eda dispuso la ruptura de la unidad procesal con el fin de continuar la investigaci\u00f3n, en procura de identificar a otros presuntos autores o c\u00f3mplices del hecho y la posible comisi\u00f3n de otros delitos como hurto calificado agravado y concierto para delinquir.<\/p>\n<p>&nbsp;<\/p>\n<p><strong>\u00a0La Fiscal\u00eda habla con resultados.<\/strong><\/p>\n<p>&nbsp;<\/p>\n<p>&nbsp;<\/p>\n<p>LFML\/MG\/DG\/YMAS\/DSM<\/p>\n<p>&nbsp;<\/p>\n<p>&nbsp;<\/p>\n<p><i>La informaci\u00f3n contenida en este bolet\u00edn de prensa corresponde a la narraci\u00f3n de los hechos noticiosos objetivos, suministrados por los funcionarios encargados de adelantar las investigaciones penales al interior de la Fiscal\u00eda General de la Naci\u00f3n. Para el momento de la divulgaci\u00f3n de este comunicado, la situaci\u00f3n jur\u00eddica de la(s) persona(s) relacionada(s) se encuentra pendiente de resolver por la autoridad judicial competente, siempre bajo los preceptos de la presunci\u00f3n de inocencia, consagrados en el art\u00edculo 29 de la Constituci\u00f3n Pol\u00edtica y el art\u00edculo 7\u00ba de la Ley 906 de 2004.<\/i><\/p>\n<p>&nbsp;<\/p>\n\n<div class=\"twitter-share\"><a href=\"https:\/\/twitter.com\/intent\/tweet?via=fiscaliacol\" class=\"twitter-share-button\">Tweet<\/a><\/div>\n","protected":false},"excerpt":{"rendered":"<p>Ante la contundencia del material probatorio recopilado por la Fiscal\u00eda General de la Naci\u00f3n, Luis Fernanda Lopera Fl\u00f3rez, de 18 a\u00f1os lleg\u00f3 a un acuerdo judicial con el organismo acusador [&hellip;]<\/p>\n","protected":false},"author":179,"featured_media":0,"comment_status":"closed","ping_status":"open","sticky":false,"template":"","format":"standard","meta":{"tdm_status":"","tdm_grid_status":"","footnotes":""},"categories":[1,331,303],"tags":[37325,37324,1047,30644,686,37326,26320,28523],"class_list":["post-290797","post","type-post","status-publish","format-standard","category-noticias","category-seccional-medellin","category-seccionales","tag-ciudadano-norteamericano","tag-condenada-a-21-anos-de-prision","tag-fiscalia-general-de-la-nacion","tag-heridas-por-arma-blanca","tag-homicidio-agravado","tag-hotel-de-el-poblado","tag-sijin-de-la-policia-nacional","tag-victima-de-55-anos"],"yoast_head":"<!-- This site is optimized with the Yoast SEO plugin v24.3 - https:\/\/yoast.com\/wordpress\/plugins\/seo\/ -->\n<title>Fiscal\u00eda General de la Naci\u00f3n<\/title>\n<meta name=\"description\" content=\"P\u00e1gina oficial de la Fiscal\u00eda General de la Naci\u00f3n \u2013 Colombia. Garantizamos el acceso efectivo a la justicia, la verdad y la reparaci\u00f3n de las v\u00edctimas de los delitos.\" \/>\n<meta name=\"robots\" content=\"noindex, follow\" \/>\n<meta property=\"og:locale\" content=\"es_ES\" \/>\n<meta property=\"og:type\" content=\"article\" \/>\n<meta property=\"og:title\" content=\"Fiscal\u00eda General de la Naci\u00f3n\" \/>\n<meta property=\"og:description\" content=\"P\u00e1gina oficial de la Fiscal\u00eda General de la Naci\u00f3n \u2013 Colombia. Garantizamos el acceso efectivo a la justicia, la verdad y la reparaci\u00f3n de las v\u00edctimas de los delitos.\" \/>\n<meta property=\"og:url\" content=\"https:\/\/www.fiscalia.gov.co\/colombia\/noticias\/condenada-a-21-anos-de-prision-por-homicidio-de-un-extranjero-en-un-hotel-de-medellin\/\" \/>\n<meta property=\"og:site_name\" content=\"Fiscal\u00eda General de la Naci\u00f3n\" \/>\n<meta property=\"article:publisher\" content=\"https:\/\/www.facebook.com\/FiscaliaCol\" \/>\n<meta property=\"article:published_time\" content=\"2024-03-12T22:37:19+00:00\" \/>\n<meta property=\"og:image\" content=\"https:\/\/www.fiscalia.gov.co\/colombia\/wp-content\/uploads\/Luisa-Fernanda-Lopera-Florez-1-300x169.jpg\" \/>\n<meta name=\"author\" content=\"Lesly Katherine Segura Camargo.\" \/>\n<meta name=\"twitter:card\" content=\"summary_large_image\" \/>\n<meta name=\"twitter:creator\" content=\"@FiscaliaCol\" \/>\n<meta name=\"twitter:site\" content=\"@FiscaliaCol\" \/>\n<meta name=\"twitter:label1\" content=\"Escrito por\" \/>\n\t<meta name=\"twitter:data1\" content=\"Lesly Katherine Segura Camargo.\" \/>\n\t<meta name=\"twitter:label2\" content=\"Tiempo de lectura\" \/>\n\t<meta name=\"twitter:data2\" content=\"2 minutos\" \/>\n<script type=\"application\/ld+json\" class=\"yoast-schema-graph\">{\"@context\":\"https:\/\/schema.org\",\"@graph\":[{\"@type\":\"Article\",\"@id\":\"https:\/\/www.fiscalia.gov.co\/colombia\/noticias\/condenada-a-21-anos-de-prision-por-homicidio-de-un-extranjero-en-un-hotel-de-medellin\/#article\",\"isPartOf\":{\"@id\":\"https:\/\/www.fiscalia.gov.co\/colombia\/noticias\/condenada-a-21-anos-de-prision-por-homicidio-de-un-extranjero-en-un-hotel-de-medellin\/\"},\"author\":{\"name\":\"Lesly Katherine Segura Camargo.\",\"@id\":\"https:\/\/www.fiscalia.gov.co\/colombia\/#\/schema\/person\/6be81acb78add0abcbda2c598c1d53e1\"},\"headline\":\"Condenada a 21 a\u00f1os de prisi\u00f3n por homicidio de un extranjero en un hotel de Medell\u00edn\",\"datePublished\":\"2024-03-12T22:37:19+00:00\",\"dateModified\":\"2024-03-12T22:37:19+00:00\",\"mainEntityOfPage\":{\"@id\":\"https:\/\/www.fiscalia.gov.co\/colombia\/noticias\/condenada-a-21-anos-de-prision-por-homicidio-de-un-extranjero-en-un-hotel-de-medellin\/\"},\"wordCount\":418,\"publisher\":{\"@id\":\"https:\/\/www.fiscalia.gov.co\/colombia\/#organization\"},\"image\":{\"@id\":\"https:\/\/www.fiscalia.gov.co\/colombia\/noticias\/condenada-a-21-anos-de-prision-por-homicidio-de-un-extranjero-en-un-hotel-de-medellin\/#primaryimage\"},\"thumbnailUrl\":\"https:\/\/www.fiscalia.gov.co\/colombia\/wp-content\/uploads\/Luisa-Fernanda-Lopera-Florez-1-300x169.jpg\",\"keywords\":[\"ciudadano norteamericano\",\"Condenada a 21 a\u00f1os de prisi\u00f3n\",\"Fiscal\u00eda General de la Naci\u00f3n\",\"heridas por arma blanca\",\"Homicidio agravado\",\"hotel de El Poblado\",\"Sijin de la Polic\u00eda Nacional\",\"v\u00edctima de 55 a\u00f1os\"],\"articleSection\":[\"Noticias\",\"Seccional Medell\u00edn\",\"Seccionales\"],\"inLanguage\":\"es-CO\"},{\"@type\":\"WebPage\",\"@id\":\"https:\/\/www.fiscalia.gov.co\/colombia\/noticias\/condenada-a-21-anos-de-prision-por-homicidio-de-un-extranjero-en-un-hotel-de-medellin\/\",\"url\":\"https:\/\/www.fiscalia.gov.co\/colombia\/noticias\/condenada-a-21-anos-de-prision-por-homicidio-de-un-extranjero-en-un-hotel-de-medellin\/\",\"name\":\"Fiscal\u00eda General de la Naci\u00f3n\",\"isPartOf\":{\"@id\":\"https:\/\/www.fiscalia.gov.co\/colombia\/#website\"},\"primaryImageOfPage\":{\"@id\":\"https:\/\/www.fiscalia.gov.co\/colombia\/noticias\/condenada-a-21-anos-de-prision-por-homicidio-de-un-extranjero-en-un-hotel-de-medellin\/#primaryimage\"},\"image\":{\"@id\":\"https:\/\/www.fiscalia.gov.co\/colombia\/noticias\/condenada-a-21-anos-de-prision-por-homicidio-de-un-extranjero-en-un-hotel-de-medellin\/#primaryimage\"},\"thumbnailUrl\":\"https:\/\/www.fiscalia.gov.co\/colombia\/wp-content\/uploads\/Luisa-Fernanda-Lopera-Florez-1-300x169.jpg\",\"datePublished\":\"2024-03-12T22:37:19+00:00\",\"dateModified\":\"2024-03-12T22:37:19+00:00\",\"description\":\"P\u00e1gina oficial de la Fiscal\u00eda General de la Naci\u00f3n \u2013 Colombia. Garantizamos el acceso efectivo a la justicia, la verdad y la reparaci\u00f3n de las v\u00edctimas de los delitos.\",\"breadcrumb\":{\"@id\":\"https:\/\/www.fiscalia.gov.co\/colombia\/noticias\/condenada-a-21-anos-de-prision-por-homicidio-de-un-extranjero-en-un-hotel-de-medellin\/#breadcrumb\"},\"inLanguage\":\"es-CO\",\"potentialAction\":[{\"@type\":\"ReadAction\",\"target\":[\"https:\/\/www.fiscalia.gov.co\/colombia\/noticias\/condenada-a-21-anos-de-prision-por-homicidio-de-un-extranjero-en-un-hotel-de-medellin\/\"]}]},{\"@type\":\"ImageObject\",\"inLanguage\":\"es-CO\",\"@id\":\"https:\/\/www.fiscalia.gov.co\/colombia\/noticias\/condenada-a-21-anos-de-prision-por-homicidio-de-un-extranjero-en-un-hotel-de-medellin\/#primaryimage\",\"url\":\"https:\/\/www.fiscalia.gov.co\/colombia\/wp-content\/uploads\/Luisa-Fernanda-Lopera-Florez-1.jpg\",\"contentUrl\":\"https:\/\/www.fiscalia.gov.co\/colombia\/wp-content\/uploads\/Luisa-Fernanda-Lopera-Florez-1.jpg\",\"width\":1600,\"height\":900,\"caption\":\"Mujer condenada a 21 a\u00f1os de prisi\u00f3n por el homicidio de un estadounidense\"},{\"@type\":\"BreadcrumbList\",\"@id\":\"https:\/\/www.fiscalia.gov.co\/colombia\/noticias\/condenada-a-21-anos-de-prision-por-homicidio-de-un-extranjero-en-un-hotel-de-medellin\/#breadcrumb\",\"itemListElement\":[{\"@type\":\"ListItem\",\"position\":1,\"name\":\"Home\",\"item\":\"https:\/\/www.fiscalia.gov.co\/colombia\/\"},{\"@type\":\"ListItem\",\"position\":2,\"name\":\"Condenada a 21 a\u00f1os de prisi\u00f3n por homicidio de un extranjero en un hotel de Medell\u00edn\"}]},{\"@type\":\"WebSite\",\"@id\":\"https:\/\/www.fiscalia.gov.co\/colombia\/#website\",\"url\":\"https:\/\/www.fiscalia.gov.co\/colombia\/\",\"name\":\"Fiscal\u00eda General de la Naci\u00f3n\",\"description\":\"P\u00e1gina oficial de la Fiscal\u00eda General de la Naci\u00f3n \u2013 Colombia. Garantizamos el acceso efectivo a la justicia, la verdad y la reparaci\u00f3n de las v\u00edctimas de los delitos.\",\"publisher\":{\"@id\":\"https:\/\/www.fiscalia.gov.co\/colombia\/#organization\"},\"potentialAction\":[{\"@type\":\"SearchAction\",\"target\":{\"@type\":\"EntryPoint\",\"urlTemplate\":\"https:\/\/www.fiscalia.gov.co\/colombia\/?s={search_term_string}\"},\"query-input\":{\"@type\":\"PropertyValueSpecification\",\"valueRequired\":true,\"valueName\":\"search_term_string\"}}],\"inLanguage\":\"es-CO\"},{\"@type\":\"Organization\",\"@id\":\"https:\/\/www.fiscalia.gov.co\/colombia\/#organization\",\"name\":\"Fiscal\u00eda General de la Naci\u00f3n\",\"url\":\"https:\/\/www.fiscalia.gov.co\/colombia\/\",\"logo\":{\"@type\":\"ImageObject\",\"inLanguage\":\"es-CO\",\"@id\":\"https:\/\/www.fiscalia.gov.co\/colombia\/#\/schema\/logo\/image\/\",\"url\":\"https:\/\/www.fiscalia.gov.co\/colombia\/wp-content\/uploads\/LogoHorizontal_1.jpg\",\"contentUrl\":\"https:\/\/www.fiscalia.gov.co\/colombia\/wp-content\/uploads\/LogoHorizontal_1.jpg\",\"width\":300,\"height\":90,\"caption\":\"Fiscal\u00eda General de la Naci\u00f3n\"},\"image\":{\"@id\":\"https:\/\/www.fiscalia.gov.co\/colombia\/#\/schema\/logo\/image\/\"},\"sameAs\":[\"https:\/\/www.facebook.com\/FiscaliaCol\",\"https:\/\/x.com\/FiscaliaCol\",\"https:\/\/www.instagram.com\/fiscaliacol\",\"https:\/\/www.linkedin.com\/company\/fiscalia-general-de-la-naci-n\/\",\"https:\/\/youtube.com\/@fiscaliageneraldelanacion-4668?si=6nN79nyQICPU5iTh\"]},{\"@type\":\"Person\",\"@id\":\"https:\/\/www.fiscalia.gov.co\/colombia\/#\/schema\/person\/6be81acb78add0abcbda2c598c1d53e1\",\"name\":\"Lesly Katherine Segura Camargo.\",\"image\":{\"@type\":\"ImageObject\",\"inLanguage\":\"es-CO\",\"@id\":\"https:\/\/www.fiscalia.gov.co\/colombia\/#\/schema\/person\/image\/\",\"url\":\"https:\/\/secure.gravatar.com\/avatar\/1892091c53ef3b9c2fcb37ca6066e439?s=96&d=mm&r=g\",\"contentUrl\":\"https:\/\/secure.gravatar.com\/avatar\/1892091c53ef3b9c2fcb37ca6066e439?s=96&d=mm&r=g\",\"caption\":\"Lesly Katherine Segura Camargo.\"},\"url\":\"https:\/\/www.fiscalia.gov.co\/colombia\/author\/lesly-segura\/\"}]}<\/script>\n<!-- \/ Yoast SEO plugin. -->","yoast_head_json":{"title":"Fiscal\u00eda General de la Naci\u00f3n","description":"P\u00e1gina oficial de la Fiscal\u00eda General de la Naci\u00f3n \u2013 Colombia. Garantizamos el acceso efectivo a la justicia, la verdad y la reparaci\u00f3n de las v\u00edctimas de los delitos.","robots":{"index":"noindex","follow":"follow"},"og_locale":"es_ES","og_type":"article","og_title":"Fiscal\u00eda General de la Naci\u00f3n","og_description":"P\u00e1gina oficial de la Fiscal\u00eda General de la Naci\u00f3n \u2013 Colombia. Garantizamos el acceso efectivo a la justicia, la verdad y la reparaci\u00f3n de las v\u00edctimas de los delitos.","og_url":"https:\/\/www.fiscalia.gov.co\/colombia\/noticias\/condenada-a-21-anos-de-prision-por-homicidio-de-un-extranjero-en-un-hotel-de-medellin\/","og_site_name":"Fiscal\u00eda General de la Naci\u00f3n","article_publisher":"https:\/\/www.facebook.com\/FiscaliaCol","article_published_time":"2024-03-12T22:37:19+00:00","og_image":[{"url":"https:\/\/www.fiscalia.gov.co\/colombia\/wp-content\/uploads\/Luisa-Fernanda-Lopera-Florez-1-300x169.jpg","type":"","width":"","height":""}],"author":"Lesly Katherine Segura Camargo.","twitter_card":"summary_large_image","twitter_creator":"@FiscaliaCol","twitter_site":"@FiscaliaCol","twitter_misc":{"Escrito por":"Lesly Katherine Segura Camargo.","Tiempo de lectura":"2 minutos"},"schema":{"@context":"https:\/\/schema.org","@graph":[{"@type":"Article","@id":"https:\/\/www.fiscalia.gov.co\/colombia\/noticias\/condenada-a-21-anos-de-prision-por-homicidio-de-un-extranjero-en-un-hotel-de-medellin\/#article","isPartOf":{"@id":"https:\/\/www.fiscalia.gov.co\/colombia\/noticias\/condenada-a-21-anos-de-prision-por-homicidio-de-un-extranjero-en-un-hotel-de-medellin\/"},"author":{"name":"Lesly Katherine Segura Camargo.","@id":"https:\/\/www.fiscalia.gov.co\/colombia\/#\/schema\/person\/6be81acb78add0abcbda2c598c1d53e1"},"headline":"Condenada a 21 a\u00f1os de prisi\u00f3n por homicidio de un extranjero en un hotel de Medell\u00edn","datePublished":"2024-03-12T22:37:19+00:00","dateModified":"2024-03-12T22:37:19+00:00","mainEntityOfPage":{"@id":"https:\/\/www.fiscalia.gov.co\/colombia\/noticias\/condenada-a-21-anos-de-prision-por-homicidio-de-un-extranjero-en-un-hotel-de-medellin\/"},"wordCount":418,"publisher":{"@id":"https:\/\/www.fiscalia.gov.co\/colombia\/#organization"},"image":{"@id":"https:\/\/www.fiscalia.gov.co\/colombia\/noticias\/condenada-a-21-anos-de-prision-por-homicidio-de-un-extranjero-en-un-hotel-de-medellin\/#primaryimage"},"thumbnailUrl":"https:\/\/www.fiscalia.gov.co\/colombia\/wp-content\/uploads\/Luisa-Fernanda-Lopera-Florez-1-300x169.jpg","keywords":["ciudadano norteamericano","Condenada a 21 a\u00f1os de prisi\u00f3n","Fiscal\u00eda General de la Naci\u00f3n","heridas por arma blanca","Homicidio agravado","hotel de El Poblado","Sijin de la Polic\u00eda Nacional","v\u00edctima de 55 a\u00f1os"],"articleSection":["Noticias","Seccional Medell\u00edn","Seccionales"],"inLanguage":"es-CO"},{"@type":"WebPage","@id":"https:\/\/www.fiscalia.gov.co\/colombia\/noticias\/condenada-a-21-anos-de-prision-por-homicidio-de-un-extranjero-en-un-hotel-de-medellin\/","url":"https:\/\/www.fiscalia.gov.co\/colombia\/noticias\/condenada-a-21-anos-de-prision-por-homicidio-de-un-extranjero-en-un-hotel-de-medellin\/","name":"Fiscal\u00eda General de la Naci\u00f3n","isPartOf":{"@id":"https:\/\/www.fiscalia.gov.co\/colombia\/#website"},"primaryImageOfPage":{"@id":"https:\/\/www.fiscalia.gov.co\/colombia\/noticias\/condenada-a-21-anos-de-prision-por-homicidio-de-un-extranjero-en-un-hotel-de-medellin\/#primaryimage"},"image":{"@id":"https:\/\/www.fiscalia.gov.co\/colombia\/noticias\/condenada-a-21-anos-de-prision-por-homicidio-de-un-extranjero-en-un-hotel-de-medellin\/#primaryimage"},"thumbnailUrl":"https:\/\/www.fiscalia.gov.co\/colombia\/wp-content\/uploads\/Luisa-Fernanda-Lopera-Florez-1-300x169.jpg","datePublished":"2024-03-12T22:37:19+00:00","dateModified":"2024-03-12T22:37:19+00:00","description":"P\u00e1gina oficial de la Fiscal\u00eda General de la Naci\u00f3n \u2013 Colombia. Garantizamos el acceso efectivo a la justicia, la verdad y la reparaci\u00f3n de las v\u00edctimas de los delitos.","breadcrumb":{"@id":"https:\/\/www.fiscalia.gov.co\/colombia\/noticias\/condenada-a-21-anos-de-prision-por-homicidio-de-un-extranjero-en-un-hotel-de-medellin\/#breadcrumb"},"inLanguage":"es-CO","potentialAction":[{"@type":"ReadAction","target":["https:\/\/www.fiscalia.gov.co\/colombia\/noticias\/condenada-a-21-anos-de-prision-por-homicidio-de-un-extranjero-en-un-hotel-de-medellin\/"]}]},{"@type":"ImageObject","inLanguage":"es-CO","@id":"https:\/\/www.fiscalia.gov.co\/colombia\/noticias\/condenada-a-21-anos-de-prision-por-homicidio-de-un-extranjero-en-un-hotel-de-medellin\/#primaryimage","url":"https:\/\/www.fiscalia.gov.co\/colombia\/wp-content\/uploads\/Luisa-Fernanda-Lopera-Florez-1.jpg","contentUrl":"https:\/\/www.fiscalia.gov.co\/colombia\/wp-content\/uploads\/Luisa-Fernanda-Lopera-Florez-1.jpg","width":1600,"height":900,"caption":"Mujer condenada a 21 a\u00f1os de prisi\u00f3n por el homicidio de un estadounidense"},{"@type":"BreadcrumbList","@id":"https:\/\/www.fiscalia.gov.co\/colombia\/noticias\/condenada-a-21-anos-de-prision-por-homicidio-de-un-extranjero-en-un-hotel-de-medellin\/#breadcrumb","itemListElement":[{"@type":"ListItem","position":1,"name":"Home","item":"https:\/\/www.fiscalia.gov.co\/colombia\/"},{"@type":"ListItem","position":2,"name":"Condenada a 21 a\u00f1os de prisi\u00f3n por homicidio de un extranjero en un hotel de Medell\u00edn"}]},{"@type":"WebSite","@id":"https:\/\/www.fiscalia.gov.co\/colombia\/#website","url":"https:\/\/www.fiscalia.gov.co\/colombia\/","name":"Fiscal\u00eda General de la Naci\u00f3n","description":"P\u00e1gina oficial de la Fiscal\u00eda General de la Naci\u00f3n \u2013 Colombia. Garantizamos el acceso efectivo a la justicia, la verdad y la reparaci\u00f3n de las v\u00edctimas de los delitos.","publisher":{"@id":"https:\/\/www.fiscalia.gov.co\/colombia\/#organization"},"potentialAction":[{"@type":"SearchAction","target":{"@type":"EntryPoint","urlTemplate":"https:\/\/www.fiscalia.gov.co\/colombia\/?s={search_term_string}"},"query-input":{"@type":"PropertyValueSpecification","valueRequired":true,"valueName":"search_term_string"}}],"inLanguage":"es-CO"},{"@type":"Organization","@id":"https:\/\/www.fiscalia.gov.co\/colombia\/#organization","name":"Fiscal\u00eda General de la Naci\u00f3n","url":"https:\/\/www.fiscalia.gov.co\/colombia\/","logo":{"@type":"ImageObject","inLanguage":"es-CO","@id":"https:\/\/www.fiscalia.gov.co\/colombia\/#\/schema\/logo\/image\/","url":"https:\/\/www.fiscalia.gov.co\/colombia\/wp-content\/uploads\/LogoHorizontal_1.jpg","contentUrl":"https:\/\/www.fiscalia.gov.co\/colombia\/wp-content\/uploads\/LogoHorizontal_1.jpg","width":300,"height":90,"caption":"Fiscal\u00eda General de la Naci\u00f3n"},"image":{"@id":"https:\/\/www.fiscalia.gov.co\/colombia\/#\/schema\/logo\/image\/"},"sameAs":["https:\/\/www.facebook.com\/FiscaliaCol","https:\/\/x.com\/FiscaliaCol","https:\/\/www.instagram.com\/fiscaliacol","https:\/\/www.linkedin.com\/company\/fiscalia-general-de-la-naci-n\/","https:\/\/youtube.com\/@fiscaliageneraldelanacion-4668?si=6nN79nyQICPU5iTh"]},{"@type":"Person","@id":"https:\/\/www.fiscalia.gov.co\/colombia\/#\/schema\/person\/6be81acb78add0abcbda2c598c1d53e1","name":"Lesly Katherine Segura Camargo.","image":{"@type":"ImageObject","inLanguage":"es-CO","@id":"https:\/\/www.fiscalia.gov.co\/colombia\/#\/schema\/person\/image\/","url":"https:\/\/secure.gravatar.com\/avatar\/1892091c53ef3b9c2fcb37ca6066e439?s=96&d=mm&r=g","contentUrl":"https:\/\/secure.gravatar.com\/avatar\/1892091c53ef3b9c2fcb37ca6066e439?s=96&d=mm&r=g","caption":"Lesly Katherine Segura Camargo."},"url":"https:\/\/www.fiscalia.gov.co\/colombia\/author\/lesly-segura\/"}]}},"_links":{"self":[{"href":"https:\/\/www.fiscalia.gov.co\/colombia\/wp-json\/wp\/v2\/posts\/290797","targetHints":{"allow":["GET"]}}],"collection":[{"href":"https:\/\/www.fiscalia.gov.co\/colombia\/wp-json\/wp\/v2\/posts"}],"about":[{"href":"https:\/\/www.fiscalia.gov.co\/colombia\/wp-json\/wp\/v2\/types\/post"}],"author":[{"embeddable":true,"href":"https:\/\/www.fiscalia.gov.co\/colombia\/wp-json\/wp\/v2\/users\/179"}],"replies":[{"embeddable":true,"href":"https:\/\/www.fiscalia.gov.co\/colombia\/wp-json\/wp\/v2\/comments?post=290797"}],"version-history":[{"count":1,"href":"https:\/\/www.fiscalia.gov.co\/colombia\/wp-json\/wp\/v2\/posts\/290797\/revisions"}],"predecessor-version":[{"id":290799,"href":"https:\/\/www.fiscalia.gov.co\/colombia\/wp-json\/wp\/v2\/posts\/290797\/revisions\/290799"}],"wp:attachment":[{"href":"https:\/\/www.fiscalia.gov.co\/colombia\/wp-json\/wp\/v2\/media?parent=290797"}],"wp:term":[{"taxonomy":"category","embeddable":true,"href":"https:\/\/www.fiscalia.gov.co\/colombia\/wp-json\/wp\/v2\/categories?post=290797"},{"taxonomy":"post_tag","embeddable":true,"href":"https:\/\/www.fiscalia.gov.co\/colombia\/wp-json\/wp\/v2\/tags?post=290797"}],"curies":[{"name":"wp","href":"https:\/\/api.w.org\/{rel}","templated":true}]}}