{"id":290705,"date":"2024-03-12T09:53:25","date_gmt":"2024-03-12T14:53:25","guid":{"rendered":"https:\/\/www.fiscalia.gov.co\/colombia\/?p=290705"},"modified":"2024-03-12T09:53:25","modified_gmt":"2024-03-12T14:53:25","slug":"por-hurto-a-mano-armada-dos-hombres-fueron-enviados-a-la-carcel-en-villavicencio","status":"publish","type":"post","link":"https:\/\/www.fiscalia.gov.co\/colombia\/noticias\/por-hurto-a-mano-armada-dos-hombres-fueron-enviados-a-la-carcel-en-villavicencio\/","title":{"rendered":"Por hurto a mano armada dos hombres fueron  enviados a la c\u00e1rcel en Villavicencio"},"content":{"rendered":"<div>Por solicitud de una fiscal de la Estructura de Apoyo un juez asegur\u00f3 en centro carcelario a Juan David N\u00fa\u00f1ez P\u00e9rez y Brahiam Esteban Hern\u00e1ndez Huertas, presuntos responsables de despojar de sus pertenencias a una persona.<\/div>\n<div>\n<figure id=\"attachment_290707\" aria-describedby=\"caption-attachment-290707\" style=\"width: 324px\" class=\"wp-caption aligncenter\"><img loading=\"lazy\" decoding=\"async\" class=\"wp-image-290707 \" title=\"Fiscal Mancera, Fiscal Martha Mancera, Martha Mancera, Fiscal\u00eda General de la Naci\u00f3n\" src=\"https:\/\/www.fiscalia.gov.co\/colombia\/wp-content\/uploads\/Martha-Mancera-Brahiam-Esteban-Hernandez-Huertas-hurto-Meta-300x282.jpg\" alt=\"capturado de espaldas custodiado por dos polic\u00edas. Detr\u00e1s banner de Polic\u00eda Nacional.\" width=\"324\" height=\"305\" srcset=\"https:\/\/www.fiscalia.gov.co\/colombia\/wp-content\/uploads\/Martha-Mancera-Brahiam-Esteban-Hernandez-Huertas-hurto-Meta-300x282.jpg 300w, https:\/\/www.fiscalia.gov.co\/colombia\/wp-content\/uploads\/Martha-Mancera-Brahiam-Esteban-Hernandez-Huertas-hurto-Meta-768x722.jpg 768w, https:\/\/www.fiscalia.gov.co\/colombia\/wp-content\/uploads\/Martha-Mancera-Brahiam-Esteban-Hernandez-Huertas-hurto-Meta-696x655.jpg 696w, https:\/\/www.fiscalia.gov.co\/colombia\/wp-content\/uploads\/Martha-Mancera-Brahiam-Esteban-Hernandez-Huertas-hurto-Meta-447x420.jpg 447w, https:\/\/www.fiscalia.gov.co\/colombia\/wp-content\/uploads\/Martha-Mancera-Brahiam-Esteban-Hernandez-Huertas-hurto-Meta.jpg 957w\" sizes=\"auto, (max-width: 324px) 100vw, 324px\" \/><figcaption id=\"caption-attachment-290707\" class=\"wp-caption-text\">Brahiam Esteban Hern\u00e1ndez Huertas fue imputado por la Fiscal\u00eda por el delito de hurto calificado y agravado.<\/figcaption><\/figure>\n<\/div>\n<div>Los hechos tuvieron lugar en julio de 2023, en el barrio\u00a0 Prados de Siberia de Villavicencio (Meta).<\/div>\n<div><\/div>\n<div>Seg\u00fan la investigaci\u00f3n, los hombres abordaron a la v\u00edctima en la calle y la habr\u00edan intimidado con un rev\u00f3lver para que entregara el tel\u00e9fono m\u00f3vil y dinero en efectivo.<\/div>\n<div><\/div>\n<div>Mediante orden judicial los dos hombres fueron capturados en d\u00edas pasados por la Polic\u00eda Nacional en v\u00eda p\u00fablica de esta capital.<\/div>\n<div><\/div>\n<div>N\u00fa\u00f1ez P\u00e9rez ten\u00eda medida de aseguramiento vigente desde noviembre de 2023 y est\u00e1 identificado como reincidente en por lo menos 8 casos de hurto en diferentes modalidades.<\/div>\n<div><\/div>\n<div>\n<figure id=\"attachment_290706\" aria-describedby=\"caption-attachment-290706\" style=\"width: 341px\" class=\"wp-caption aligncenter\"><img loading=\"lazy\" decoding=\"async\" class=\"wp-image-290706\" title=\"Fiscal Mancera, Fiscal Martha Mancera, Martha Mancera, Fiscal\u00eda General de la Naci\u00f3n\" src=\"https:\/\/www.fiscalia.gov.co\/colombia\/wp-content\/uploads\/Martha-Mancera-Juan-David-Nunez-Perez-hurto-Meta-300x226.jpg\" alt=\"Texto Alternativo: capturado de espaldas custodiado por dos polic\u00edas. Detr\u00e1s banner de Polic\u00eda Nacional.\" width=\"341\" height=\"257\" srcset=\"https:\/\/www.fiscalia.gov.co\/colombia\/wp-content\/uploads\/Martha-Mancera-Juan-David-Nunez-Perez-hurto-Meta-300x226.jpg 300w, https:\/\/www.fiscalia.gov.co\/colombia\/wp-content\/uploads\/Martha-Mancera-Juan-David-Nunez-Perez-hurto-Meta-1024x771.jpg 1024w, https:\/\/www.fiscalia.gov.co\/colombia\/wp-content\/uploads\/Martha-Mancera-Juan-David-Nunez-Perez-hurto-Meta-768x578.jpg 768w, https:\/\/www.fiscalia.gov.co\/colombia\/wp-content\/uploads\/Martha-Mancera-Juan-David-Nunez-Perez-hurto-Meta-696x524.jpg 696w, https:\/\/www.fiscalia.gov.co\/colombia\/wp-content\/uploads\/Martha-Mancera-Juan-David-Nunez-Perez-hurto-Meta-1068x804.jpg 1068w, https:\/\/www.fiscalia.gov.co\/colombia\/wp-content\/uploads\/Martha-Mancera-Juan-David-Nunez-Perez-hurto-Meta-558x420.jpg 558w, https:\/\/www.fiscalia.gov.co\/colombia\/wp-content\/uploads\/Martha-Mancera-Juan-David-Nunez-Perez-hurto-Meta-80x60.jpg 80w, https:\/\/www.fiscalia.gov.co\/colombia\/wp-content\/uploads\/Martha-Mancera-Juan-David-Nunez-Perez-hurto-Meta.jpg 1195w\" sizes=\"auto, (max-width: 341px) 100vw, 341px\" \/><figcaption id=\"caption-attachment-290706\" class=\"wp-caption-text\">Juan David N\u00fa\u00f1ez P\u00e9rez fue imputado por la Fiscal\u00eda por el delito de hurto calificado y agravado.<\/figcaption><\/figure>\n<\/div>\n<div>La Fiscal\u00eda les\u00a0 imput\u00f3 cargos\u00a0 por el delito de hurto calificado y agravado, al cual no se allanaron.<\/div>\n<div><\/div>\n<p>Con esta labor la Fiscal\u00eda en Meta contin\u00faa trabajando de acuerdo con el compromiso adquirido por la Fiscal General de la Naci\u00f3n (e), Martha Janeth Mancera, de esclarecer los delitos que afectan la seguridad ciudadana.<\/p>\n<p>Est\u00e1 informaci\u00f3n se publica por razones de inter\u00e9s general.<\/p>\n<p><b><u>La Fiscal\u00eda habla con resultados.<\/u><\/b><\/p>\n<p>PYMP\/CFG\/JHM\/DSM<\/p>\n<p><i><span style=\"font-weight: 400;\">La informaci\u00f3n contenida en este bolet\u00edn de prensa corresponde a la narraci\u00f3n de los hechos noticiosos objetivos, suministrados por los funcionarios encargados de adelantar las investigaciones penales al interior de la Fiscal\u00eda General de la Naci\u00f3n. Para el momento de la divulgaci\u00f3n de este comunicado, la situaci\u00f3n jur\u00eddica de la(s) persona(s) relacionada(s) se encuentra pendiente de resolver por la autoridad judicial competente, siempre bajo los preceptos de la presunci\u00f3n de inocencia, consagrados en el art\u00edculo 29 de la Constituci\u00f3n Pol\u00edtica y el art\u00edculo 7\u00ba de la Ley 906 de 2004.<\/span><\/i><\/p>\n\n<div class=\"twitter-share\"><a href=\"https:\/\/twitter.com\/intent\/tweet?via=fiscaliacol\" class=\"twitter-share-button\">Tweet<\/a><\/div>\n","protected":false},"excerpt":{"rendered":"<p>Por solicitud de una fiscal de la Estructura de Apoyo un juez asegur\u00f3 en centro carcelario a Juan David N\u00fa\u00f1ez P\u00e9rez y Brahiam Esteban Hern\u00e1ndez Huertas, presuntos responsables de despojar de sus pertenencias a una persona. Los hechos tuvieron lugar en julio de 2023, en el barrio\u00a0 Prados de Siberia de Villavicencio (Meta). Seg\u00fan la [&hellip;]<\/p>\n","protected":false},"author":180,"featured_media":0,"comment_status":"closed","ping_status":"open","sticky":false,"template":"","format":"standard","meta":{"_price":"","_stock":"","_tribe_ticket_header":"","_tribe_default_ticket_provider":"","_tribe_ticket_capacity":"0","_ticket_start_date":"","_ticket_end_date":"","_tribe_ticket_show_description":"","_tribe_ticket_show_not_going":false,"_tribe_ticket_use_global_stock":"","_tribe_ticket_global_stock_level":"","_global_stock_mode":"","_global_stock_cap":"","_tribe_rsvp_for_event":"","_tribe_ticket_going_count":"","_tribe_ticket_not_going_count":"","_tribe_tickets_list":"[]","_tribe_ticket_has_attendee_info_fields":false,"tdm_status":"","tdm_grid_status":"","footnotes":""},"categories":[1,24099],"tags":[24551,37313,31661,37086,36949,1047,7451,26350,25463,23988],"class_list":{"0":"post-290705","1":"post","2":"type-post","3":"status-publish","4":"format-standard","6":"category-noticias","7":"category-seguridad-territorial","8":"tag-centro-carcelario","9":"tag-despojar-de-pertenencias","10":"tag-dos-hombres","11":"tag-fiscal-mancera","12":"tag-fiscal-martha-mancera","13":"tag-fiscalia-general-de-la-nacion","14":"tag-hurto-calificado-y-agravado","15":"tag-martha-mancera","16":"tag-revolver","17":"tag-villavicencio-meta"},"yoast_head":"<!-- This site is optimized with the Yoast SEO plugin v24.3 - https:\/\/yoast.com\/wordpress\/plugins\/seo\/ -->\n<title>Fiscal\u00eda General de la Naci\u00f3n<\/title>\n<meta name=\"description\" content=\"P\u00e1gina oficial de la Fiscal\u00eda General de la Naci\u00f3n \u2013 Colombia. Garantizamos el acceso efectivo a la justicia, la verdad y la reparaci\u00f3n de las v\u00edctimas de los delitos.\" \/>\n<meta name=\"robots\" content=\"noindex, follow\" \/>\n<meta property=\"og:locale\" content=\"es_ES\" \/>\n<meta property=\"og:type\" content=\"article\" \/>\n<meta property=\"og:title\" content=\"Fiscal\u00eda General de la Naci\u00f3n\" \/>\n<meta property=\"og:description\" content=\"P\u00e1gina oficial de la Fiscal\u00eda General de la Naci\u00f3n \u2013 Colombia. Garantizamos el acceso efectivo a la justicia, la verdad y la reparaci\u00f3n de las v\u00edctimas de los delitos.\" \/>\n<meta property=\"og:url\" content=\"https:\/\/www.fiscalia.gov.co\/colombia\/noticias\/por-hurto-a-mano-armada-dos-hombres-fueron-enviados-a-la-carcel-en-villavicencio\/\" \/>\n<meta property=\"og:site_name\" content=\"Fiscal\u00eda General de la Naci\u00f3n\" \/>\n<meta property=\"article:publisher\" content=\"https:\/\/www.facebook.com\/FiscaliaCol\" \/>\n<meta property=\"article:published_time\" content=\"2024-03-12T14:53:25+00:00\" \/>\n<meta property=\"og:image\" content=\"https:\/\/www.fiscalia.gov.co\/colombia\/wp-content\/uploads\/Martha-Mancera-Brahiam-Esteban-Hernandez-Huertas-hurto-Meta-300x282.jpg\" \/>\n<meta name=\"author\" content=\"Paula Andrea Munera Due\u00f1as\" \/>\n<meta name=\"twitter:card\" content=\"summary_large_image\" \/>\n<meta name=\"twitter:creator\" content=\"@FiscaliaCol\" \/>\n<meta name=\"twitter:site\" content=\"@FiscaliaCol\" \/>\n<meta name=\"twitter:label1\" content=\"Escrito por\" \/>\n\t<meta name=\"twitter:data1\" content=\"Paula Andrea Munera Due\u00f1as\" \/>\n\t<meta name=\"twitter:label2\" content=\"Tiempo de lectura\" \/>\n\t<meta name=\"twitter:data2\" content=\"2 minutos\" \/>\n<script type=\"application\/ld+json\" class=\"yoast-schema-graph\">{\"@context\":\"https:\/\/schema.org\",\"@graph\":[{\"@type\":\"Article\",\"@id\":\"https:\/\/www.fiscalia.gov.co\/colombia\/noticias\/por-hurto-a-mano-armada-dos-hombres-fueron-enviados-a-la-carcel-en-villavicencio\/#article\",\"isPartOf\":{\"@id\":\"https:\/\/www.fiscalia.gov.co\/colombia\/noticias\/por-hurto-a-mano-armada-dos-hombres-fueron-enviados-a-la-carcel-en-villavicencio\/\"},\"author\":{\"name\":\"Paula Andrea Munera Due\u00f1as\",\"@id\":\"https:\/\/www.fiscalia.gov.co\/colombia\/#\/schema\/person\/b9e2848713ad5020d250209ba0f31a88\"},\"headline\":\"Por hurto a mano armada dos hombres fueron enviados a la c\u00e1rcel en Villavicencio\",\"datePublished\":\"2024-03-12T14:53:25+00:00\",\"dateModified\":\"2024-03-12T14:53:25+00:00\",\"mainEntityOfPage\":{\"@id\":\"https:\/\/www.fiscalia.gov.co\/colombia\/noticias\/por-hurto-a-mano-armada-dos-hombres-fueron-enviados-a-la-carcel-en-villavicencio\/\"},\"wordCount\":392,\"publisher\":{\"@id\":\"https:\/\/www.fiscalia.gov.co\/colombia\/#organization\"},\"image\":{\"@id\":\"https:\/\/www.fiscalia.gov.co\/colombia\/noticias\/por-hurto-a-mano-armada-dos-hombres-fueron-enviados-a-la-carcel-en-villavicencio\/#primaryimage\"},\"thumbnailUrl\":\"https:\/\/www.fiscalia.gov.co\/colombia\/wp-content\/uploads\/Martha-Mancera-Brahiam-Esteban-Hernandez-Huertas-hurto-Meta-300x282.jpg\",\"keywords\":[\"centro carcelario\",\"despojar de pertenencias\",\"dos hombres\",\"fiscal mancera\",\"fiscal martha mancera\",\"Fiscal\u00eda General de la Naci\u00f3n\",\"hurto calificado y agravado\",\"Martha Mancera\",\"rev\u00f3lver\",\"Villavicencio (Meta)\"],\"articleSection\":[\"Noticias\",\"Seguridad territorial\"],\"inLanguage\":\"es-CO\"},{\"@type\":\"WebPage\",\"@id\":\"https:\/\/www.fiscalia.gov.co\/colombia\/noticias\/por-hurto-a-mano-armada-dos-hombres-fueron-enviados-a-la-carcel-en-villavicencio\/\",\"url\":\"https:\/\/www.fiscalia.gov.co\/colombia\/noticias\/por-hurto-a-mano-armada-dos-hombres-fueron-enviados-a-la-carcel-en-villavicencio\/\",\"name\":\"Fiscal\u00eda General de la Naci\u00f3n\",\"isPartOf\":{\"@id\":\"https:\/\/www.fiscalia.gov.co\/colombia\/#website\"},\"primaryImageOfPage\":{\"@id\":\"https:\/\/www.fiscalia.gov.co\/colombia\/noticias\/por-hurto-a-mano-armada-dos-hombres-fueron-enviados-a-la-carcel-en-villavicencio\/#primaryimage\"},\"image\":{\"@id\":\"https:\/\/www.fiscalia.gov.co\/colombia\/noticias\/por-hurto-a-mano-armada-dos-hombres-fueron-enviados-a-la-carcel-en-villavicencio\/#primaryimage\"},\"thumbnailUrl\":\"https:\/\/www.fiscalia.gov.co\/colombia\/wp-content\/uploads\/Martha-Mancera-Brahiam-Esteban-Hernandez-Huertas-hurto-Meta-300x282.jpg\",\"datePublished\":\"2024-03-12T14:53:25+00:00\",\"dateModified\":\"2024-03-12T14:53:25+00:00\",\"description\":\"P\u00e1gina oficial de la Fiscal\u00eda General de la Naci\u00f3n \u2013 Colombia. Garantizamos el acceso efectivo a la justicia, la verdad y la reparaci\u00f3n de las v\u00edctimas de los delitos.\",\"breadcrumb\":{\"@id\":\"https:\/\/www.fiscalia.gov.co\/colombia\/noticias\/por-hurto-a-mano-armada-dos-hombres-fueron-enviados-a-la-carcel-en-villavicencio\/#breadcrumb\"},\"inLanguage\":\"es-CO\",\"potentialAction\":[{\"@type\":\"ReadAction\",\"target\":[\"https:\/\/www.fiscalia.gov.co\/colombia\/noticias\/por-hurto-a-mano-armada-dos-hombres-fueron-enviados-a-la-carcel-en-villavicencio\/\"]}]},{\"@type\":\"ImageObject\",\"inLanguage\":\"es-CO\",\"@id\":\"https:\/\/www.fiscalia.gov.co\/colombia\/noticias\/por-hurto-a-mano-armada-dos-hombres-fueron-enviados-a-la-carcel-en-villavicencio\/#primaryimage\",\"url\":\"https:\/\/www.fiscalia.gov.co\/colombia\/wp-content\/uploads\/Martha-Mancera-Brahiam-Esteban-Hernandez-Huertas-hurto-Meta.jpg\",\"contentUrl\":\"https:\/\/www.fiscalia.gov.co\/colombia\/wp-content\/uploads\/Martha-Mancera-Brahiam-Esteban-Hernandez-Huertas-hurto-Meta.jpg\",\"width\":957,\"height\":900,\"caption\":\"Brahiam Esteban Hern\u00e1ndez Huertas fue imputado por la Fiscal\u00eda por el delito de hurto calificado y agravado.\"},{\"@type\":\"BreadcrumbList\",\"@id\":\"https:\/\/www.fiscalia.gov.co\/colombia\/noticias\/por-hurto-a-mano-armada-dos-hombres-fueron-enviados-a-la-carcel-en-villavicencio\/#breadcrumb\",\"itemListElement\":[{\"@type\":\"ListItem\",\"position\":1,\"name\":\"Home\",\"item\":\"https:\/\/www.fiscalia.gov.co\/colombia\/\"},{\"@type\":\"ListItem\",\"position\":2,\"name\":\"Por hurto a mano armada dos hombres fueron enviados a la c\u00e1rcel en Villavicencio\"}]},{\"@type\":\"WebSite\",\"@id\":\"https:\/\/www.fiscalia.gov.co\/colombia\/#website\",\"url\":\"https:\/\/www.fiscalia.gov.co\/colombia\/\",\"name\":\"Fiscal\u00eda General de la Naci\u00f3n\",\"description\":\"P\u00e1gina oficial de la Fiscal\u00eda General de la Naci\u00f3n \u2013 Colombia. Garantizamos el acceso efectivo a la justicia, la verdad y la reparaci\u00f3n de las v\u00edctimas de los delitos.\",\"publisher\":{\"@id\":\"https:\/\/www.fiscalia.gov.co\/colombia\/#organization\"},\"potentialAction\":[{\"@type\":\"SearchAction\",\"target\":{\"@type\":\"EntryPoint\",\"urlTemplate\":\"https:\/\/www.fiscalia.gov.co\/colombia\/?s={search_term_string}\"},\"query-input\":{\"@type\":\"PropertyValueSpecification\",\"valueRequired\":true,\"valueName\":\"search_term_string\"}}],\"inLanguage\":\"es-CO\"},{\"@type\":\"Organization\",\"@id\":\"https:\/\/www.fiscalia.gov.co\/colombia\/#organization\",\"name\":\"Fiscal\u00eda General de la Naci\u00f3n\",\"url\":\"https:\/\/www.fiscalia.gov.co\/colombia\/\",\"logo\":{\"@type\":\"ImageObject\",\"inLanguage\":\"es-CO\",\"@id\":\"https:\/\/www.fiscalia.gov.co\/colombia\/#\/schema\/logo\/image\/\",\"url\":\"https:\/\/www.fiscalia.gov.co\/colombia\/wp-content\/uploads\/LogoHorizontal_1.jpg\",\"contentUrl\":\"https:\/\/www.fiscalia.gov.co\/colombia\/wp-content\/uploads\/LogoHorizontal_1.jpg\",\"width\":300,\"height\":90,\"caption\":\"Fiscal\u00eda General de la Naci\u00f3n\"},\"image\":{\"@id\":\"https:\/\/www.fiscalia.gov.co\/colombia\/#\/schema\/logo\/image\/\"},\"sameAs\":[\"https:\/\/www.facebook.com\/FiscaliaCol\",\"https:\/\/x.com\/FiscaliaCol\",\"https:\/\/www.instagram.com\/fiscaliacol\",\"https:\/\/www.linkedin.com\/company\/fiscalia-general-de-la-naci-n\/\",\"https:\/\/youtube.com\/@fiscaliageneraldelanacion-4668?si=6nN79nyQICPU5iTh\"]},{\"@type\":\"Person\",\"@id\":\"https:\/\/www.fiscalia.gov.co\/colombia\/#\/schema\/person\/b9e2848713ad5020d250209ba0f31a88\",\"name\":\"Paula Andrea Munera Due\u00f1as\",\"image\":{\"@type\":\"ImageObject\",\"inLanguage\":\"es-CO\",\"@id\":\"https:\/\/www.fiscalia.gov.co\/colombia\/#\/schema\/person\/image\/\",\"url\":\"https:\/\/secure.gravatar.com\/avatar\/4f70b6bf7197f2e2c55ba345c88d6e12?s=96&d=mm&r=g\",\"contentUrl\":\"https:\/\/secure.gravatar.com\/avatar\/4f70b6bf7197f2e2c55ba345c88d6e12?s=96&d=mm&r=g\",\"caption\":\"Paula Andrea Munera Due\u00f1as\"},\"url\":\"https:\/\/www.fiscalia.gov.co\/colombia\/author\/muneradpaula\/\"}]}<\/script>\n<!-- \/ Yoast SEO plugin. -->","yoast_head_json":{"title":"Fiscal\u00eda General de la Naci\u00f3n","description":"P\u00e1gina oficial de la Fiscal\u00eda General de la Naci\u00f3n \u2013 Colombia. Garantizamos el acceso efectivo a la justicia, la verdad y la reparaci\u00f3n de las v\u00edctimas de los delitos.","robots":{"index":"noindex","follow":"follow"},"og_locale":"es_ES","og_type":"article","og_title":"Fiscal\u00eda General de la Naci\u00f3n","og_description":"P\u00e1gina oficial de la Fiscal\u00eda General de la Naci\u00f3n \u2013 Colombia. Garantizamos el acceso efectivo a la justicia, la verdad y la reparaci\u00f3n de las v\u00edctimas de los delitos.","og_url":"https:\/\/www.fiscalia.gov.co\/colombia\/noticias\/por-hurto-a-mano-armada-dos-hombres-fueron-enviados-a-la-carcel-en-villavicencio\/","og_site_name":"Fiscal\u00eda General de la Naci\u00f3n","article_publisher":"https:\/\/www.facebook.com\/FiscaliaCol","article_published_time":"2024-03-12T14:53:25+00:00","og_image":[{"url":"https:\/\/www.fiscalia.gov.co\/colombia\/wp-content\/uploads\/Martha-Mancera-Brahiam-Esteban-Hernandez-Huertas-hurto-Meta-300x282.jpg","type":"","width":"","height":""}],"author":"Paula Andrea Munera Due\u00f1as","twitter_card":"summary_large_image","twitter_creator":"@FiscaliaCol","twitter_site":"@FiscaliaCol","twitter_misc":{"Escrito por":"Paula Andrea Munera Due\u00f1as","Tiempo de lectura":"2 minutos"},"schema":{"@context":"https:\/\/schema.org","@graph":[{"@type":"Article","@id":"https:\/\/www.fiscalia.gov.co\/colombia\/noticias\/por-hurto-a-mano-armada-dos-hombres-fueron-enviados-a-la-carcel-en-villavicencio\/#article","isPartOf":{"@id":"https:\/\/www.fiscalia.gov.co\/colombia\/noticias\/por-hurto-a-mano-armada-dos-hombres-fueron-enviados-a-la-carcel-en-villavicencio\/"},"author":{"name":"Paula Andrea Munera Due\u00f1as","@id":"https:\/\/www.fiscalia.gov.co\/colombia\/#\/schema\/person\/b9e2848713ad5020d250209ba0f31a88"},"headline":"Por hurto a mano armada dos hombres fueron enviados a la c\u00e1rcel en Villavicencio","datePublished":"2024-03-12T14:53:25+00:00","dateModified":"2024-03-12T14:53:25+00:00","mainEntityOfPage":{"@id":"https:\/\/www.fiscalia.gov.co\/colombia\/noticias\/por-hurto-a-mano-armada-dos-hombres-fueron-enviados-a-la-carcel-en-villavicencio\/"},"wordCount":392,"publisher":{"@id":"https:\/\/www.fiscalia.gov.co\/colombia\/#organization"},"image":{"@id":"https:\/\/www.fiscalia.gov.co\/colombia\/noticias\/por-hurto-a-mano-armada-dos-hombres-fueron-enviados-a-la-carcel-en-villavicencio\/#primaryimage"},"thumbnailUrl":"https:\/\/www.fiscalia.gov.co\/colombia\/wp-content\/uploads\/Martha-Mancera-Brahiam-Esteban-Hernandez-Huertas-hurto-Meta-300x282.jpg","keywords":["centro carcelario","despojar de pertenencias","dos hombres","fiscal mancera","fiscal martha mancera","Fiscal\u00eda General de la Naci\u00f3n","hurto calificado y agravado","Martha Mancera","rev\u00f3lver","Villavicencio (Meta)"],"articleSection":["Noticias","Seguridad territorial"],"inLanguage":"es-CO"},{"@type":"WebPage","@id":"https:\/\/www.fiscalia.gov.co\/colombia\/noticias\/por-hurto-a-mano-armada-dos-hombres-fueron-enviados-a-la-carcel-en-villavicencio\/","url":"https:\/\/www.fiscalia.gov.co\/colombia\/noticias\/por-hurto-a-mano-armada-dos-hombres-fueron-enviados-a-la-carcel-en-villavicencio\/","name":"Fiscal\u00eda General de la Naci\u00f3n","isPartOf":{"@id":"https:\/\/www.fiscalia.gov.co\/colombia\/#website"},"primaryImageOfPage":{"@id":"https:\/\/www.fiscalia.gov.co\/colombia\/noticias\/por-hurto-a-mano-armada-dos-hombres-fueron-enviados-a-la-carcel-en-villavicencio\/#primaryimage"},"image":{"@id":"https:\/\/www.fiscalia.gov.co\/colombia\/noticias\/por-hurto-a-mano-armada-dos-hombres-fueron-enviados-a-la-carcel-en-villavicencio\/#primaryimage"},"thumbnailUrl":"https:\/\/www.fiscalia.gov.co\/colombia\/wp-content\/uploads\/Martha-Mancera-Brahiam-Esteban-Hernandez-Huertas-hurto-Meta-300x282.jpg","datePublished":"2024-03-12T14:53:25+00:00","dateModified":"2024-03-12T14:53:25+00:00","description":"P\u00e1gina oficial de la Fiscal\u00eda General de la Naci\u00f3n \u2013 Colombia. Garantizamos el acceso efectivo a la justicia, la verdad y la reparaci\u00f3n de las v\u00edctimas de los delitos.","breadcrumb":{"@id":"https:\/\/www.fiscalia.gov.co\/colombia\/noticias\/por-hurto-a-mano-armada-dos-hombres-fueron-enviados-a-la-carcel-en-villavicencio\/#breadcrumb"},"inLanguage":"es-CO","potentialAction":[{"@type":"ReadAction","target":["https:\/\/www.fiscalia.gov.co\/colombia\/noticias\/por-hurto-a-mano-armada-dos-hombres-fueron-enviados-a-la-carcel-en-villavicencio\/"]}]},{"@type":"ImageObject","inLanguage":"es-CO","@id":"https:\/\/www.fiscalia.gov.co\/colombia\/noticias\/por-hurto-a-mano-armada-dos-hombres-fueron-enviados-a-la-carcel-en-villavicencio\/#primaryimage","url":"https:\/\/www.fiscalia.gov.co\/colombia\/wp-content\/uploads\/Martha-Mancera-Brahiam-Esteban-Hernandez-Huertas-hurto-Meta.jpg","contentUrl":"https:\/\/www.fiscalia.gov.co\/colombia\/wp-content\/uploads\/Martha-Mancera-Brahiam-Esteban-Hernandez-Huertas-hurto-Meta.jpg","width":957,"height":900,"caption":"Brahiam Esteban Hern\u00e1ndez Huertas fue imputado por la Fiscal\u00eda por el delito de hurto calificado y agravado."},{"@type":"BreadcrumbList","@id":"https:\/\/www.fiscalia.gov.co\/colombia\/noticias\/por-hurto-a-mano-armada-dos-hombres-fueron-enviados-a-la-carcel-en-villavicencio\/#breadcrumb","itemListElement":[{"@type":"ListItem","position":1,"name":"Home","item":"https:\/\/www.fiscalia.gov.co\/colombia\/"},{"@type":"ListItem","position":2,"name":"Por hurto a mano armada dos hombres fueron enviados a la c\u00e1rcel en Villavicencio"}]},{"@type":"WebSite","@id":"https:\/\/www.fiscalia.gov.co\/colombia\/#website","url":"https:\/\/www.fiscalia.gov.co\/colombia\/","name":"Fiscal\u00eda General de la Naci\u00f3n","description":"P\u00e1gina oficial de la Fiscal\u00eda General de la Naci\u00f3n \u2013 Colombia. Garantizamos el acceso efectivo a la justicia, la verdad y la reparaci\u00f3n de las v\u00edctimas de los delitos.","publisher":{"@id":"https:\/\/www.fiscalia.gov.co\/colombia\/#organization"},"potentialAction":[{"@type":"SearchAction","target":{"@type":"EntryPoint","urlTemplate":"https:\/\/www.fiscalia.gov.co\/colombia\/?s={search_term_string}"},"query-input":{"@type":"PropertyValueSpecification","valueRequired":true,"valueName":"search_term_string"}}],"inLanguage":"es-CO"},{"@type":"Organization","@id":"https:\/\/www.fiscalia.gov.co\/colombia\/#organization","name":"Fiscal\u00eda General de la Naci\u00f3n","url":"https:\/\/www.fiscalia.gov.co\/colombia\/","logo":{"@type":"ImageObject","inLanguage":"es-CO","@id":"https:\/\/www.fiscalia.gov.co\/colombia\/#\/schema\/logo\/image\/","url":"https:\/\/www.fiscalia.gov.co\/colombia\/wp-content\/uploads\/LogoHorizontal_1.jpg","contentUrl":"https:\/\/www.fiscalia.gov.co\/colombia\/wp-content\/uploads\/LogoHorizontal_1.jpg","width":300,"height":90,"caption":"Fiscal\u00eda General de la Naci\u00f3n"},"image":{"@id":"https:\/\/www.fiscalia.gov.co\/colombia\/#\/schema\/logo\/image\/"},"sameAs":["https:\/\/www.facebook.com\/FiscaliaCol","https:\/\/x.com\/FiscaliaCol","https:\/\/www.instagram.com\/fiscaliacol","https:\/\/www.linkedin.com\/company\/fiscalia-general-de-la-naci-n\/","https:\/\/youtube.com\/@fiscaliageneraldelanacion-4668?si=6nN79nyQICPU5iTh"]},{"@type":"Person","@id":"https:\/\/www.fiscalia.gov.co\/colombia\/#\/schema\/person\/b9e2848713ad5020d250209ba0f31a88","name":"Paula Andrea Munera Due\u00f1as","image":{"@type":"ImageObject","inLanguage":"es-CO","@id":"https:\/\/www.fiscalia.gov.co\/colombia\/#\/schema\/person\/image\/","url":"https:\/\/secure.gravatar.com\/avatar\/4f70b6bf7197f2e2c55ba345c88d6e12?s=96&d=mm&r=g","contentUrl":"https:\/\/secure.gravatar.com\/avatar\/4f70b6bf7197f2e2c55ba345c88d6e12?s=96&d=mm&r=g","caption":"Paula Andrea Munera Due\u00f1as"},"url":"https:\/\/www.fiscalia.gov.co\/colombia\/author\/muneradpaula\/"}]}},"_links":{"self":[{"href":"https:\/\/www.fiscalia.gov.co\/colombia\/wp-json\/wp\/v2\/posts\/290705","targetHints":{"allow":["GET"]}}],"collection":[{"href":"https:\/\/www.fiscalia.gov.co\/colombia\/wp-json\/wp\/v2\/posts"}],"about":[{"href":"https:\/\/www.fiscalia.gov.co\/colombia\/wp-json\/wp\/v2\/types\/post"}],"author":[{"embeddable":true,"href":"https:\/\/www.fiscalia.gov.co\/colombia\/wp-json\/wp\/v2\/users\/180"}],"replies":[{"embeddable":true,"href":"https:\/\/www.fiscalia.gov.co\/colombia\/wp-json\/wp\/v2\/comments?post=290705"}],"version-history":[{"count":1,"href":"https:\/\/www.fiscalia.gov.co\/colombia\/wp-json\/wp\/v2\/posts\/290705\/revisions"}],"predecessor-version":[{"id":290708,"href":"https:\/\/www.fiscalia.gov.co\/colombia\/wp-json\/wp\/v2\/posts\/290705\/revisions\/290708"}],"wp:attachment":[{"href":"https:\/\/www.fiscalia.gov.co\/colombia\/wp-json\/wp\/v2\/media?parent=290705"}],"wp:term":[{"taxonomy":"category","embeddable":true,"href":"https:\/\/www.fiscalia.gov.co\/colombia\/wp-json\/wp\/v2\/categories?post=290705"},{"taxonomy":"post_tag","embeddable":true,"href":"https:\/\/www.fiscalia.gov.co\/colombia\/wp-json\/wp\/v2\/tags?post=290705"}],"curies":[{"name":"wp","href":"https:\/\/api.w.org\/{rel}","templated":true}]}}