{"id":290690,"date":"2024-03-12T09:20:34","date_gmt":"2024-03-12T14:20:34","guid":{"rendered":"https:\/\/www.fiscalia.gov.co\/colombia\/?p=290690"},"modified":"2024-03-12T09:37:35","modified_gmt":"2024-03-12T14:37:35","slug":"la-fiscalia-judicializo-a-cuatro-hombres-quienes-al-parecer-comercializaban-estupefacientes-en-ocana-norte-de-santander","status":"publish","type":"post","link":"https:\/\/www.fiscalia.gov.co\/colombia\/noticias\/la-fiscalia-judicializo-a-cuatro-hombres-quienes-al-parecer-comercializaban-estupefacientes-en-ocana-norte-de-santander\/","title":{"rendered":"La Fiscal\u00eda judicializ\u00f3 a cuatro hombres quienes al parecer comercializaban estupefacientes en Oca\u00f1a (Norte de Santander)"},"content":{"rendered":"<p><span lang=\"ES\">En una diligencia de registro y allanamiento efectuada el pasado 7 de marzo por la Fiscal\u00eda y la Polic\u00eda Nacional, fueron capturados dos hombres\u00a0<\/span><span lang=\"ES\">quienes, al parecer, se dedicaban a la comercializaci\u00f3n y distribuci\u00f3n de\u00a0<\/span><a href=\"https:\/\/www.fiscalia.gov.co\/colombia\/noticias\/asegurados-dos-hombres-por-trafico-de-estupefacientes-en-cucuta-norte-de-santander\/\" target=\"_blank\" rel=\"noopener noreferrer\" data-saferedirecturl=\"https:\/\/www.google.com\/url?q=https:\/\/www.fiscalia.gov.co\/colombia\/noticias\/asegurados-dos-hombres-por-trafico-de-estupefacientes-en-cucuta-norte-de-santander\/&amp;source=gmail&amp;ust=1710338681726000&amp;usg=AOvVaw31xTby2iZvDvr2i5R3JEb3\"><span lang=\"ES\">sustancias estupefacientes<\/span><\/a><span lang=\"ES\">\u00a0en Oca\u00f1a (Norte de Santander).<u><\/u><u><\/u><\/span><\/p>\n<p><span lang=\"ES\">Las indagaciones adelantadas mediante actividades de polic\u00eda judicial como entrevistas, seguimientos e interceptaciones, y el an\u00e1lisis de la informaci\u00f3n suministrada por la comunidad, permiti\u00f3 a la Fiscal\u00eda evidenciar que<\/span><span lang=\"ES\">\u00a0Kevin Andrey Ya\u00f1es Quintero y V\u00edctor Fabi\u00e1n T\u00e9llez Colmenares presuntamente se dedicaban a esta actividad il\u00edcita\u00a0en los barrios El Carmen y Marabelito del mencionado municipio.\u00a0<u><\/u><u><\/u><\/span><\/p>\n<figure id=\"attachment_290697\" aria-describedby=\"caption-attachment-290697\" style=\"width: 326px\" class=\"wp-caption aligncenter\"><img loading=\"lazy\" decoding=\"async\" class=\"wp-image-290697 \" title=\"Fiscal Mancera, Fiscal Martha Mancera, Martha Mancera, Fiscal\u00eda General de la Naci\u00f3n\" src=\"https:\/\/www.fiscalia.gov.co\/colombia\/wp-content\/uploads\/Martha-Mancera-Kevin-Andrey-Yanes-Quintero-y-Victor-Fabian-Tellez-Colmenares-judicializados-por-trafico-de-estupefacientes-300x230.jpg\" alt=\"Se observa a los dos capturados, acompa\u00f1ados de dos uniformados de la Polic\u00eda Nacional. Frente a ellos el material estupefacientes incautado base de coca, marihuana y un arma traum\u00e1tica. Detr\u00e1s de ellos que identifica a la Polic\u00eda Nacional en Norte de Santander.\" width=\"326\" height=\"250\" srcset=\"https:\/\/www.fiscalia.gov.co\/colombia\/wp-content\/uploads\/Martha-Mancera-Kevin-Andrey-Yanes-Quintero-y-Victor-Fabian-Tellez-Colmenares-judicializados-por-trafico-de-estupefacientes-300x230.jpg 300w, https:\/\/www.fiscalia.gov.co\/colombia\/wp-content\/uploads\/Martha-Mancera-Kevin-Andrey-Yanes-Quintero-y-Victor-Fabian-Tellez-Colmenares-judicializados-por-trafico-de-estupefacientes-80x60.jpg 80w, https:\/\/www.fiscalia.gov.co\/colombia\/wp-content\/uploads\/Martha-Mancera-Kevin-Andrey-Yanes-Quintero-y-Victor-Fabian-Tellez-Colmenares-judicializados-por-trafico-de-estupefacientes.jpg 356w\" sizes=\"auto, (max-width: 326px) 100vw, 326px\" \/><figcaption id=\"caption-attachment-290697\" class=\"wp-caption-text\">Kevin Andrey Ya\u00f1es Quintero y Victor Fabi\u00e1n T\u00e9llez Colmenares, capturados en flagrancia mediante diligencia de registro y allanamiento y judicializado por tr\u00e1fico de sustancias estupefacientes<\/figcaption><\/figure>\n<p><span lang=\"ES\">En el procedimiento se les incautaron 3.844 gramos de base de coca, 362 gramos de marihuana y un arma traum\u00e1tica.<u><\/u><u><\/u><\/span><\/p>\n<p><span lang=\"ES\">Por otra parte, fueron capturados en flagrancia por la Polic\u00eda Nacional, este 9 de marzo en el barrio Los Sauces, Johan Mauricio Vergel Villamizar y Franyin Yaid Pe\u00f1aranda Quintero.<u><\/u><u><\/u><\/span><\/p>\n<figure id=\"attachment_290698\" aria-describedby=\"caption-attachment-290698\" style=\"width: 253px\" class=\"wp-caption aligncenter\"><img loading=\"lazy\" decoding=\"async\" class=\"wp-image-290698 size-medium\" title=\"Fiscal Mancera, Fiscal Martha Mancera, Martha Mancera, Fiscal\u00eda General de la Naci\u00f3n\" src=\"https:\/\/www.fiscalia.gov.co\/colombia\/wp-content\/uploads\/Martha-Mancera-Johan-Mauricio-Vergel-Villamizar-y-Franyin-Yaid-Penaranda-Quintero-judicializados-por-trafico-de-estupefacientes-253x300.jpg\" alt=\"Se visualiza a los capturados junto a dos uniformados de la Polic\u00eda Nacional. Frente a ellos la sustancia y veh\u00edculo incautado. En la parte posterior se observa el banner que identifica a la Polic\u00eda Nacional en Oca\u00f1a (Norte de Santander).\" width=\"253\" height=\"300\" srcset=\"https:\/\/www.fiscalia.gov.co\/colombia\/wp-content\/uploads\/Martha-Mancera-Johan-Mauricio-Vergel-Villamizar-y-Franyin-Yaid-Penaranda-Quintero-judicializados-por-trafico-de-estupefacientes-253x300.jpg 253w, https:\/\/www.fiscalia.gov.co\/colombia\/wp-content\/uploads\/Martha-Mancera-Johan-Mauricio-Vergel-Villamizar-y-Franyin-Yaid-Penaranda-Quintero-judicializados-por-trafico-de-estupefacientes.jpg 290w\" sizes=\"auto, (max-width: 253px) 100vw, 253px\" \/><figcaption id=\"caption-attachment-290698\" class=\"wp-caption-text\">Johan Mauricio Vergel Villamizar y Franyin Yaid Pe\u00f1aranda la Fiscal\u00eda les imput\u00f3 por el delito de tr\u00e1fico, fabricaci\u00f3n o porte de sustancia estupefacientes.<\/figcaption><\/figure>\n<p><span lang=\"ES\">Los dos hombres fueron capturados cuando se movilizaban en una motocicleta transportando, al parecer, 17 kilos de base de coca.<\/span><u><\/u><u><\/u><\/p>\n<p><span lang=\"ES\">En audiencias preliminares ante jueces\u00a0la Fiscal\u00eda les\u00a0<\/span><a href=\"https:\/\/www.fiscalia.gov.co\/colombia\/noticias\/condenadas-ocho-personas-por-trafico-de-estupefacientes-en-cucuta-y-los-patios-norte-de-santander\/\" target=\"_blank\" rel=\"noopener noreferrer\" data-saferedirecturl=\"https:\/\/www.google.com\/url?q=https:\/\/www.fiscalia.gov.co\/colombia\/noticias\/condenadas-ocho-personas-por-trafico-de-estupefacientes-en-cucuta-y-los-patios-norte-de-santander\/&amp;source=gmail&amp;ust=1710338681726000&amp;usg=AOvVaw0IwkA8a-hG-XzDOItmiGZy\"><span lang=\"ES\">imput\u00f3<\/span><\/a><span lang=\"ES\">\u00a0a los cuatro implicados el delito de\u00a0<\/span><span lang=\"ES\">tr\u00e1fico<b>,\u00a0<\/b>fabricaci\u00f3n o porte de sustancia estupefacientes, el cual no aceptaron.\u00a0<u><\/u><u><\/u><\/span><\/p>\n<p><span lang=\"ES\">La Fiscal\u00eda en Norte de Santander sigue impactando de manera contundente los delitos que afectan la seguridad ciudadana, de acuerdo con el compromiso adquirido por la Fiscal General de la Naci\u00f3n (e), Martha Janeth Mancera.<u><\/u><u><\/u><\/span><\/p>\n<p><b>La Fiscal\u00eda habla con resultados.<\/b><\/p>\n<p>SKCR\/MAGA\/DO\/ECHP\/DSA<\/p>\n<p><i><span style=\"font-weight: 400;\">La informaci\u00f3n contenida en este bolet\u00edn de prensa corresponde a la narraci\u00f3n de los hechos noticiosos objetivos, suministrados por los funcionarios encargados de adelantar las investigaciones penales al interior de la Fiscal\u00eda General de la Naci\u00f3n. Para el momento de la divulgaci\u00f3n de este comunicado, la situaci\u00f3n jur\u00eddica de la(s) persona(s) relacionada(s) se encuentra pendiente de resolver por la autoridad judicial competente, siempre bajo los preceptos de la presunci\u00f3n de inocencia, consagrados en el art\u00edculo 29 de la Constituci\u00f3n Pol\u00edtica y el art\u00edculo 7\u00ba de la Ley 906 de 2004.<\/span><\/i><\/p>\n\n<div class=\"twitter-share\"><a href=\"https:\/\/twitter.com\/intent\/tweet?via=fiscaliacol\" class=\"twitter-share-button\">Tweet<\/a><\/div>\n","protected":false},"excerpt":{"rendered":"<p>En una diligencia de registro y allanamiento efectuada el pasado 7 de marzo por la Fiscal\u00eda y la Polic\u00eda Nacional, fueron capturados dos hombres\u00a0quienes, al parecer, se dedicaban a la comercializaci\u00f3n y distribuci\u00f3n de\u00a0sustancias estupefacientes\u00a0en Oca\u00f1a (Norte de Santander). Las indagaciones adelantadas mediante actividades de polic\u00eda judicial como entrevistas, seguimientos e interceptaciones, y el an\u00e1lisis [&hellip;]<\/p>\n","protected":false},"author":180,"featured_media":0,"comment_status":"closed","ping_status":"open","sticky":false,"template":"","format":"standard","meta":{"_price":"","_stock":"","_tribe_ticket_header":"","_tribe_default_ticket_provider":"","_tribe_ticket_capacity":"0","_ticket_start_date":"","_ticket_end_date":"","_tribe_ticket_show_description":"","_tribe_ticket_show_not_going":false,"_tribe_ticket_use_global_stock":"","_tribe_ticket_global_stock_level":"","_global_stock_mode":"","_global_stock_cap":"","_tribe_rsvp_for_event":"","_tribe_ticket_going_count":"","_tribe_ticket_not_going_count":"","_tribe_tickets_list":"[]","_tribe_ticket_has_attendee_info_fields":false,"tdm_status":"","tdm_grid_status":"","footnotes":""},"categories":[1,24099],"tags":[25996],"class_list":{"0":"post-290690","1":"post","2":"type-post","3":"status-publish","4":"format-standard","6":"category-noticias","7":"category-seguridad-territorial","8":"tag-ocana-norte-de-santander"},"yoast_head":"<!-- This site is optimized with the Yoast SEO plugin v24.3 - https:\/\/yoast.com\/wordpress\/plugins\/seo\/ -->\n<title>Fiscal\u00eda General de la Naci\u00f3n<\/title>\n<meta name=\"description\" content=\"P\u00e1gina oficial de la Fiscal\u00eda General de la Naci\u00f3n \u2013 Colombia. Garantizamos el acceso efectivo a la justicia, la verdad y la reparaci\u00f3n de las v\u00edctimas de los delitos.\" \/>\n<meta name=\"robots\" content=\"noindex, follow\" \/>\n<meta property=\"og:locale\" content=\"es_ES\" \/>\n<meta property=\"og:type\" content=\"article\" \/>\n<meta property=\"og:title\" content=\"Fiscal\u00eda General de la Naci\u00f3n\" \/>\n<meta property=\"og:description\" content=\"P\u00e1gina oficial de la Fiscal\u00eda General de la Naci\u00f3n \u2013 Colombia. Garantizamos el acceso efectivo a la justicia, la verdad y la reparaci\u00f3n de las v\u00edctimas de los delitos.\" \/>\n<meta property=\"og:url\" content=\"https:\/\/www.fiscalia.gov.co\/colombia\/noticias\/la-fiscalia-judicializo-a-cuatro-hombres-quienes-al-parecer-comercializaban-estupefacientes-en-ocana-norte-de-santander\/\" \/>\n<meta property=\"og:site_name\" content=\"Fiscal\u00eda General de la Naci\u00f3n\" \/>\n<meta property=\"article:publisher\" content=\"https:\/\/www.facebook.com\/FiscaliaCol\" \/>\n<meta property=\"article:published_time\" content=\"2024-03-12T14:20:34+00:00\" \/>\n<meta property=\"article:modified_time\" content=\"2024-03-12T14:37:35+00:00\" \/>\n<meta property=\"og:image\" content=\"https:\/\/www.fiscalia.gov.co\/colombia\/wp-content\/uploads\/Martha-Mancera-Kevin-Andrey-Yanes-Quintero-y-Victor-Fabian-Tellez-Colmenares-judicializados-por-trafico-de-estupefacientes-300x230.jpg\" \/>\n<meta name=\"author\" content=\"Paula Andrea Munera Due\u00f1as\" \/>\n<meta name=\"twitter:card\" content=\"summary_large_image\" \/>\n<meta name=\"twitter:creator\" content=\"@FiscaliaCol\" \/>\n<meta name=\"twitter:site\" content=\"@FiscaliaCol\" \/>\n<meta name=\"twitter:label1\" content=\"Escrito por\" \/>\n\t<meta name=\"twitter:data1\" content=\"Paula Andrea Munera Due\u00f1as\" \/>\n\t<meta name=\"twitter:label2\" content=\"Tiempo de lectura\" \/>\n\t<meta name=\"twitter:data2\" content=\"3 minutos\" \/>\n<script type=\"application\/ld+json\" class=\"yoast-schema-graph\">{\"@context\":\"https:\/\/schema.org\",\"@graph\":[{\"@type\":\"Article\",\"@id\":\"https:\/\/www.fiscalia.gov.co\/colombia\/noticias\/la-fiscalia-judicializo-a-cuatro-hombres-quienes-al-parecer-comercializaban-estupefacientes-en-ocana-norte-de-santander\/#article\",\"isPartOf\":{\"@id\":\"https:\/\/www.fiscalia.gov.co\/colombia\/noticias\/la-fiscalia-judicializo-a-cuatro-hombres-quienes-al-parecer-comercializaban-estupefacientes-en-ocana-norte-de-santander\/\"},\"author\":{\"name\":\"Paula Andrea Munera Due\u00f1as\",\"@id\":\"https:\/\/www.fiscalia.gov.co\/colombia\/#\/schema\/person\/b9e2848713ad5020d250209ba0f31a88\"},\"headline\":\"La Fiscal\u00eda judicializ\u00f3 a cuatro hombres quienes al parecer comercializaban estupefacientes en Oca\u00f1a (Norte de Santander)\",\"datePublished\":\"2024-03-12T14:20:34+00:00\",\"dateModified\":\"2024-03-12T14:37:35+00:00\",\"mainEntityOfPage\":{\"@id\":\"https:\/\/www.fiscalia.gov.co\/colombia\/noticias\/la-fiscalia-judicializo-a-cuatro-hombres-quienes-al-parecer-comercializaban-estupefacientes-en-ocana-norte-de-santander\/\"},\"wordCount\":446,\"publisher\":{\"@id\":\"https:\/\/www.fiscalia.gov.co\/colombia\/#organization\"},\"image\":{\"@id\":\"https:\/\/www.fiscalia.gov.co\/colombia\/noticias\/la-fiscalia-judicializo-a-cuatro-hombres-quienes-al-parecer-comercializaban-estupefacientes-en-ocana-norte-de-santander\/#primaryimage\"},\"thumbnailUrl\":\"https:\/\/www.fiscalia.gov.co\/colombia\/wp-content\/uploads\/Martha-Mancera-Kevin-Andrey-Yanes-Quintero-y-Victor-Fabian-Tellez-Colmenares-judicializados-por-trafico-de-estupefacientes-300x230.jpg\",\"keywords\":[\"Oca\u00f1a (Norte de Santander)\"],\"articleSection\":[\"Noticias\",\"Seguridad territorial\"],\"inLanguage\":\"es-CO\"},{\"@type\":\"WebPage\",\"@id\":\"https:\/\/www.fiscalia.gov.co\/colombia\/noticias\/la-fiscalia-judicializo-a-cuatro-hombres-quienes-al-parecer-comercializaban-estupefacientes-en-ocana-norte-de-santander\/\",\"url\":\"https:\/\/www.fiscalia.gov.co\/colombia\/noticias\/la-fiscalia-judicializo-a-cuatro-hombres-quienes-al-parecer-comercializaban-estupefacientes-en-ocana-norte-de-santander\/\",\"name\":\"Fiscal\u00eda General de la Naci\u00f3n\",\"isPartOf\":{\"@id\":\"https:\/\/www.fiscalia.gov.co\/colombia\/#website\"},\"primaryImageOfPage\":{\"@id\":\"https:\/\/www.fiscalia.gov.co\/colombia\/noticias\/la-fiscalia-judicializo-a-cuatro-hombres-quienes-al-parecer-comercializaban-estupefacientes-en-ocana-norte-de-santander\/#primaryimage\"},\"image\":{\"@id\":\"https:\/\/www.fiscalia.gov.co\/colombia\/noticias\/la-fiscalia-judicializo-a-cuatro-hombres-quienes-al-parecer-comercializaban-estupefacientes-en-ocana-norte-de-santander\/#primaryimage\"},\"thumbnailUrl\":\"https:\/\/www.fiscalia.gov.co\/colombia\/wp-content\/uploads\/Martha-Mancera-Kevin-Andrey-Yanes-Quintero-y-Victor-Fabian-Tellez-Colmenares-judicializados-por-trafico-de-estupefacientes-300x230.jpg\",\"datePublished\":\"2024-03-12T14:20:34+00:00\",\"dateModified\":\"2024-03-12T14:37:35+00:00\",\"description\":\"P\u00e1gina oficial de la Fiscal\u00eda General de la Naci\u00f3n \u2013 Colombia. Garantizamos el acceso efectivo a la justicia, la verdad y la reparaci\u00f3n de las v\u00edctimas de los delitos.\",\"breadcrumb\":{\"@id\":\"https:\/\/www.fiscalia.gov.co\/colombia\/noticias\/la-fiscalia-judicializo-a-cuatro-hombres-quienes-al-parecer-comercializaban-estupefacientes-en-ocana-norte-de-santander\/#breadcrumb\"},\"inLanguage\":\"es-CO\",\"potentialAction\":[{\"@type\":\"ReadAction\",\"target\":[\"https:\/\/www.fiscalia.gov.co\/colombia\/noticias\/la-fiscalia-judicializo-a-cuatro-hombres-quienes-al-parecer-comercializaban-estupefacientes-en-ocana-norte-de-santander\/\"]}]},{\"@type\":\"ImageObject\",\"inLanguage\":\"es-CO\",\"@id\":\"https:\/\/www.fiscalia.gov.co\/colombia\/noticias\/la-fiscalia-judicializo-a-cuatro-hombres-quienes-al-parecer-comercializaban-estupefacientes-en-ocana-norte-de-santander\/#primaryimage\",\"url\":\"https:\/\/www.fiscalia.gov.co\/colombia\/wp-content\/uploads\/Martha-Mancera-Kevin-Andrey-Yanes-Quintero-y-Victor-Fabian-Tellez-Colmenares-judicializados-por-trafico-de-estupefacientes.jpg\",\"contentUrl\":\"https:\/\/www.fiscalia.gov.co\/colombia\/wp-content\/uploads\/Martha-Mancera-Kevin-Andrey-Yanes-Quintero-y-Victor-Fabian-Tellez-Colmenares-judicializados-por-trafico-de-estupefacientes.jpg\",\"width\":356,\"height\":273,\"caption\":\"Kevin Andrey Ya\u00f1es Quintero y Victor Fabi\u00e1n T\u00e9llez Colmenares, capturados en flagrancia mediante diligencia de registro y allanamiento y judicializado por tr\u00e1fico de sustancias estupefacientes\"},{\"@type\":\"BreadcrumbList\",\"@id\":\"https:\/\/www.fiscalia.gov.co\/colombia\/noticias\/la-fiscalia-judicializo-a-cuatro-hombres-quienes-al-parecer-comercializaban-estupefacientes-en-ocana-norte-de-santander\/#breadcrumb\",\"itemListElement\":[{\"@type\":\"ListItem\",\"position\":1,\"name\":\"Home\",\"item\":\"https:\/\/www.fiscalia.gov.co\/colombia\/\"},{\"@type\":\"ListItem\",\"position\":2,\"name\":\"La Fiscal\u00eda judicializ\u00f3 a cuatro hombres quienes al parecer comercializaban estupefacientes en Oca\u00f1a (Norte de Santander)\"}]},{\"@type\":\"WebSite\",\"@id\":\"https:\/\/www.fiscalia.gov.co\/colombia\/#website\",\"url\":\"https:\/\/www.fiscalia.gov.co\/colombia\/\",\"name\":\"Fiscal\u00eda General de la Naci\u00f3n\",\"description\":\"P\u00e1gina oficial de la Fiscal\u00eda General de la Naci\u00f3n \u2013 Colombia. Garantizamos el acceso efectivo a la justicia, la verdad y la reparaci\u00f3n de las v\u00edctimas de los delitos.\",\"publisher\":{\"@id\":\"https:\/\/www.fiscalia.gov.co\/colombia\/#organization\"},\"potentialAction\":[{\"@type\":\"SearchAction\",\"target\":{\"@type\":\"EntryPoint\",\"urlTemplate\":\"https:\/\/www.fiscalia.gov.co\/colombia\/?s={search_term_string}\"},\"query-input\":{\"@type\":\"PropertyValueSpecification\",\"valueRequired\":true,\"valueName\":\"search_term_string\"}}],\"inLanguage\":\"es-CO\"},{\"@type\":\"Organization\",\"@id\":\"https:\/\/www.fiscalia.gov.co\/colombia\/#organization\",\"name\":\"Fiscal\u00eda General de la Naci\u00f3n\",\"url\":\"https:\/\/www.fiscalia.gov.co\/colombia\/\",\"logo\":{\"@type\":\"ImageObject\",\"inLanguage\":\"es-CO\",\"@id\":\"https:\/\/www.fiscalia.gov.co\/colombia\/#\/schema\/logo\/image\/\",\"url\":\"https:\/\/www.fiscalia.gov.co\/colombia\/wp-content\/uploads\/LogoHorizontal_1.jpg\",\"contentUrl\":\"https:\/\/www.fiscalia.gov.co\/colombia\/wp-content\/uploads\/LogoHorizontal_1.jpg\",\"width\":300,\"height\":90,\"caption\":\"Fiscal\u00eda General de la Naci\u00f3n\"},\"image\":{\"@id\":\"https:\/\/www.fiscalia.gov.co\/colombia\/#\/schema\/logo\/image\/\"},\"sameAs\":[\"https:\/\/www.facebook.com\/FiscaliaCol\",\"https:\/\/x.com\/FiscaliaCol\",\"https:\/\/www.instagram.com\/fiscaliacol\",\"https:\/\/www.linkedin.com\/company\/fiscalia-general-de-la-naci-n\/\",\"https:\/\/youtube.com\/@fiscaliageneraldelanacion-4668?si=6nN79nyQICPU5iTh\"]},{\"@type\":\"Person\",\"@id\":\"https:\/\/www.fiscalia.gov.co\/colombia\/#\/schema\/person\/b9e2848713ad5020d250209ba0f31a88\",\"name\":\"Paula Andrea Munera Due\u00f1as\",\"image\":{\"@type\":\"ImageObject\",\"inLanguage\":\"es-CO\",\"@id\":\"https:\/\/www.fiscalia.gov.co\/colombia\/#\/schema\/person\/image\/\",\"url\":\"https:\/\/secure.gravatar.com\/avatar\/4f70b6bf7197f2e2c55ba345c88d6e12?s=96&d=mm&r=g\",\"contentUrl\":\"https:\/\/secure.gravatar.com\/avatar\/4f70b6bf7197f2e2c55ba345c88d6e12?s=96&d=mm&r=g\",\"caption\":\"Paula Andrea Munera Due\u00f1as\"},\"url\":\"https:\/\/www.fiscalia.gov.co\/colombia\/author\/muneradpaula\/\"}]}<\/script>\n<!-- \/ Yoast SEO plugin. -->","yoast_head_json":{"title":"Fiscal\u00eda General de la Naci\u00f3n","description":"P\u00e1gina oficial de la Fiscal\u00eda General de la Naci\u00f3n \u2013 Colombia. Garantizamos el acceso efectivo a la justicia, la verdad y la reparaci\u00f3n de las v\u00edctimas de los delitos.","robots":{"index":"noindex","follow":"follow"},"og_locale":"es_ES","og_type":"article","og_title":"Fiscal\u00eda General de la Naci\u00f3n","og_description":"P\u00e1gina oficial de la Fiscal\u00eda General de la Naci\u00f3n \u2013 Colombia. Garantizamos el acceso efectivo a la justicia, la verdad y la reparaci\u00f3n de las v\u00edctimas de los delitos.","og_url":"https:\/\/www.fiscalia.gov.co\/colombia\/noticias\/la-fiscalia-judicializo-a-cuatro-hombres-quienes-al-parecer-comercializaban-estupefacientes-en-ocana-norte-de-santander\/","og_site_name":"Fiscal\u00eda General de la Naci\u00f3n","article_publisher":"https:\/\/www.facebook.com\/FiscaliaCol","article_published_time":"2024-03-12T14:20:34+00:00","article_modified_time":"2024-03-12T14:37:35+00:00","og_image":[{"url":"https:\/\/www.fiscalia.gov.co\/colombia\/wp-content\/uploads\/Martha-Mancera-Kevin-Andrey-Yanes-Quintero-y-Victor-Fabian-Tellez-Colmenares-judicializados-por-trafico-de-estupefacientes-300x230.jpg","type":"","width":"","height":""}],"author":"Paula Andrea Munera Due\u00f1as","twitter_card":"summary_large_image","twitter_creator":"@FiscaliaCol","twitter_site":"@FiscaliaCol","twitter_misc":{"Escrito por":"Paula Andrea Munera Due\u00f1as","Tiempo de lectura":"3 minutos"},"schema":{"@context":"https:\/\/schema.org","@graph":[{"@type":"Article","@id":"https:\/\/www.fiscalia.gov.co\/colombia\/noticias\/la-fiscalia-judicializo-a-cuatro-hombres-quienes-al-parecer-comercializaban-estupefacientes-en-ocana-norte-de-santander\/#article","isPartOf":{"@id":"https:\/\/www.fiscalia.gov.co\/colombia\/noticias\/la-fiscalia-judicializo-a-cuatro-hombres-quienes-al-parecer-comercializaban-estupefacientes-en-ocana-norte-de-santander\/"},"author":{"name":"Paula Andrea Munera Due\u00f1as","@id":"https:\/\/www.fiscalia.gov.co\/colombia\/#\/schema\/person\/b9e2848713ad5020d250209ba0f31a88"},"headline":"La Fiscal\u00eda judicializ\u00f3 a cuatro hombres quienes al parecer comercializaban estupefacientes en Oca\u00f1a (Norte de Santander)","datePublished":"2024-03-12T14:20:34+00:00","dateModified":"2024-03-12T14:37:35+00:00","mainEntityOfPage":{"@id":"https:\/\/www.fiscalia.gov.co\/colombia\/noticias\/la-fiscalia-judicializo-a-cuatro-hombres-quienes-al-parecer-comercializaban-estupefacientes-en-ocana-norte-de-santander\/"},"wordCount":446,"publisher":{"@id":"https:\/\/www.fiscalia.gov.co\/colombia\/#organization"},"image":{"@id":"https:\/\/www.fiscalia.gov.co\/colombia\/noticias\/la-fiscalia-judicializo-a-cuatro-hombres-quienes-al-parecer-comercializaban-estupefacientes-en-ocana-norte-de-santander\/#primaryimage"},"thumbnailUrl":"https:\/\/www.fiscalia.gov.co\/colombia\/wp-content\/uploads\/Martha-Mancera-Kevin-Andrey-Yanes-Quintero-y-Victor-Fabian-Tellez-Colmenares-judicializados-por-trafico-de-estupefacientes-300x230.jpg","keywords":["Oca\u00f1a (Norte de Santander)"],"articleSection":["Noticias","Seguridad territorial"],"inLanguage":"es-CO"},{"@type":"WebPage","@id":"https:\/\/www.fiscalia.gov.co\/colombia\/noticias\/la-fiscalia-judicializo-a-cuatro-hombres-quienes-al-parecer-comercializaban-estupefacientes-en-ocana-norte-de-santander\/","url":"https:\/\/www.fiscalia.gov.co\/colombia\/noticias\/la-fiscalia-judicializo-a-cuatro-hombres-quienes-al-parecer-comercializaban-estupefacientes-en-ocana-norte-de-santander\/","name":"Fiscal\u00eda General de la Naci\u00f3n","isPartOf":{"@id":"https:\/\/www.fiscalia.gov.co\/colombia\/#website"},"primaryImageOfPage":{"@id":"https:\/\/www.fiscalia.gov.co\/colombia\/noticias\/la-fiscalia-judicializo-a-cuatro-hombres-quienes-al-parecer-comercializaban-estupefacientes-en-ocana-norte-de-santander\/#primaryimage"},"image":{"@id":"https:\/\/www.fiscalia.gov.co\/colombia\/noticias\/la-fiscalia-judicializo-a-cuatro-hombres-quienes-al-parecer-comercializaban-estupefacientes-en-ocana-norte-de-santander\/#primaryimage"},"thumbnailUrl":"https:\/\/www.fiscalia.gov.co\/colombia\/wp-content\/uploads\/Martha-Mancera-Kevin-Andrey-Yanes-Quintero-y-Victor-Fabian-Tellez-Colmenares-judicializados-por-trafico-de-estupefacientes-300x230.jpg","datePublished":"2024-03-12T14:20:34+00:00","dateModified":"2024-03-12T14:37:35+00:00","description":"P\u00e1gina oficial de la Fiscal\u00eda General de la Naci\u00f3n \u2013 Colombia. Garantizamos el acceso efectivo a la justicia, la verdad y la reparaci\u00f3n de las v\u00edctimas de los delitos.","breadcrumb":{"@id":"https:\/\/www.fiscalia.gov.co\/colombia\/noticias\/la-fiscalia-judicializo-a-cuatro-hombres-quienes-al-parecer-comercializaban-estupefacientes-en-ocana-norte-de-santander\/#breadcrumb"},"inLanguage":"es-CO","potentialAction":[{"@type":"ReadAction","target":["https:\/\/www.fiscalia.gov.co\/colombia\/noticias\/la-fiscalia-judicializo-a-cuatro-hombres-quienes-al-parecer-comercializaban-estupefacientes-en-ocana-norte-de-santander\/"]}]},{"@type":"ImageObject","inLanguage":"es-CO","@id":"https:\/\/www.fiscalia.gov.co\/colombia\/noticias\/la-fiscalia-judicializo-a-cuatro-hombres-quienes-al-parecer-comercializaban-estupefacientes-en-ocana-norte-de-santander\/#primaryimage","url":"https:\/\/www.fiscalia.gov.co\/colombia\/wp-content\/uploads\/Martha-Mancera-Kevin-Andrey-Yanes-Quintero-y-Victor-Fabian-Tellez-Colmenares-judicializados-por-trafico-de-estupefacientes.jpg","contentUrl":"https:\/\/www.fiscalia.gov.co\/colombia\/wp-content\/uploads\/Martha-Mancera-Kevin-Andrey-Yanes-Quintero-y-Victor-Fabian-Tellez-Colmenares-judicializados-por-trafico-de-estupefacientes.jpg","width":356,"height":273,"caption":"Kevin Andrey Ya\u00f1es Quintero y Victor Fabi\u00e1n T\u00e9llez Colmenares, capturados en flagrancia mediante diligencia de registro y allanamiento y judicializado por tr\u00e1fico de sustancias estupefacientes"},{"@type":"BreadcrumbList","@id":"https:\/\/www.fiscalia.gov.co\/colombia\/noticias\/la-fiscalia-judicializo-a-cuatro-hombres-quienes-al-parecer-comercializaban-estupefacientes-en-ocana-norte-de-santander\/#breadcrumb","itemListElement":[{"@type":"ListItem","position":1,"name":"Home","item":"https:\/\/www.fiscalia.gov.co\/colombia\/"},{"@type":"ListItem","position":2,"name":"La Fiscal\u00eda judicializ\u00f3 a cuatro hombres quienes al parecer comercializaban estupefacientes en Oca\u00f1a (Norte de Santander)"}]},{"@type":"WebSite","@id":"https:\/\/www.fiscalia.gov.co\/colombia\/#website","url":"https:\/\/www.fiscalia.gov.co\/colombia\/","name":"Fiscal\u00eda General de la Naci\u00f3n","description":"P\u00e1gina oficial de la Fiscal\u00eda General de la Naci\u00f3n \u2013 Colombia. Garantizamos el acceso efectivo a la justicia, la verdad y la reparaci\u00f3n de las v\u00edctimas de los delitos.","publisher":{"@id":"https:\/\/www.fiscalia.gov.co\/colombia\/#organization"},"potentialAction":[{"@type":"SearchAction","target":{"@type":"EntryPoint","urlTemplate":"https:\/\/www.fiscalia.gov.co\/colombia\/?s={search_term_string}"},"query-input":{"@type":"PropertyValueSpecification","valueRequired":true,"valueName":"search_term_string"}}],"inLanguage":"es-CO"},{"@type":"Organization","@id":"https:\/\/www.fiscalia.gov.co\/colombia\/#organization","name":"Fiscal\u00eda General de la Naci\u00f3n","url":"https:\/\/www.fiscalia.gov.co\/colombia\/","logo":{"@type":"ImageObject","inLanguage":"es-CO","@id":"https:\/\/www.fiscalia.gov.co\/colombia\/#\/schema\/logo\/image\/","url":"https:\/\/www.fiscalia.gov.co\/colombia\/wp-content\/uploads\/LogoHorizontal_1.jpg","contentUrl":"https:\/\/www.fiscalia.gov.co\/colombia\/wp-content\/uploads\/LogoHorizontal_1.jpg","width":300,"height":90,"caption":"Fiscal\u00eda General de la Naci\u00f3n"},"image":{"@id":"https:\/\/www.fiscalia.gov.co\/colombia\/#\/schema\/logo\/image\/"},"sameAs":["https:\/\/www.facebook.com\/FiscaliaCol","https:\/\/x.com\/FiscaliaCol","https:\/\/www.instagram.com\/fiscaliacol","https:\/\/www.linkedin.com\/company\/fiscalia-general-de-la-naci-n\/","https:\/\/youtube.com\/@fiscaliageneraldelanacion-4668?si=6nN79nyQICPU5iTh"]},{"@type":"Person","@id":"https:\/\/www.fiscalia.gov.co\/colombia\/#\/schema\/person\/b9e2848713ad5020d250209ba0f31a88","name":"Paula Andrea Munera Due\u00f1as","image":{"@type":"ImageObject","inLanguage":"es-CO","@id":"https:\/\/www.fiscalia.gov.co\/colombia\/#\/schema\/person\/image\/","url":"https:\/\/secure.gravatar.com\/avatar\/4f70b6bf7197f2e2c55ba345c88d6e12?s=96&d=mm&r=g","contentUrl":"https:\/\/secure.gravatar.com\/avatar\/4f70b6bf7197f2e2c55ba345c88d6e12?s=96&d=mm&r=g","caption":"Paula Andrea Munera Due\u00f1as"},"url":"https:\/\/www.fiscalia.gov.co\/colombia\/author\/muneradpaula\/"}]}},"_links":{"self":[{"href":"https:\/\/www.fiscalia.gov.co\/colombia\/wp-json\/wp\/v2\/posts\/290690","targetHints":{"allow":["GET"]}}],"collection":[{"href":"https:\/\/www.fiscalia.gov.co\/colombia\/wp-json\/wp\/v2\/posts"}],"about":[{"href":"https:\/\/www.fiscalia.gov.co\/colombia\/wp-json\/wp\/v2\/types\/post"}],"author":[{"embeddable":true,"href":"https:\/\/www.fiscalia.gov.co\/colombia\/wp-json\/wp\/v2\/users\/180"}],"replies":[{"embeddable":true,"href":"https:\/\/www.fiscalia.gov.co\/colombia\/wp-json\/wp\/v2\/comments?post=290690"}],"version-history":[{"count":3,"href":"https:\/\/www.fiscalia.gov.co\/colombia\/wp-json\/wp\/v2\/posts\/290690\/revisions"}],"predecessor-version":[{"id":290699,"href":"https:\/\/www.fiscalia.gov.co\/colombia\/wp-json\/wp\/v2\/posts\/290690\/revisions\/290699"}],"wp:attachment":[{"href":"https:\/\/www.fiscalia.gov.co\/colombia\/wp-json\/wp\/v2\/media?parent=290690"}],"wp:term":[{"taxonomy":"category","embeddable":true,"href":"https:\/\/www.fiscalia.gov.co\/colombia\/wp-json\/wp\/v2\/categories?post=290690"},{"taxonomy":"post_tag","embeddable":true,"href":"https:\/\/www.fiscalia.gov.co\/colombia\/wp-json\/wp\/v2\/tags?post=290690"}],"curies":[{"name":"wp","href":"https:\/\/api.w.org\/{rel}","templated":true}]}}