{"id":290619,"date":"2024-03-11T11:32:29","date_gmt":"2024-03-11T16:32:29","guid":{"rendered":"https:\/\/www.fiscalia.gov.co\/colombia\/?p=290619"},"modified":"2024-03-11T11:32:29","modified_gmt":"2024-03-11T16:32:29","slug":"asegurado-por-violencia-intrafamiliar-contra-su-pareja-sentimental-4","status":"publish","type":"post","link":"https:\/\/www.fiscalia.gov.co\/colombia\/noticias\/asegurado-por-violencia-intrafamiliar-contra-su-pareja-sentimental-4\/","title":{"rendered":"Asegurado por violencia intrafamiliar contra su pareja sentimental"},"content":{"rendered":"<p>Alejandro Montoya Castrill\u00f3n fue enviado a una c\u00e1rcel de Florencia, Caquet\u00e1, por su presunta participaci\u00f3n en el delito de violencia intrafamiliar agravada cometida al parecer contra su compa\u00f1era sentimental entre mayo del a\u00f1o 2022 a febrero de este a\u00f1o cuando ya hab\u00eda terminado su relaci\u00f3n.<\/p>\n<figure id=\"attachment_290621\" aria-describedby=\"caption-attachment-290621\" style=\"width: 294px\" class=\"wp-caption aligncenter\"><img loading=\"lazy\" decoding=\"async\" class=\"size-medium wp-image-290621\" src=\"https:\/\/www.fiscalia.gov.co\/colombia\/wp-content\/uploads\/violencia-intrafamiliar-Caqueta-294x300.jpeg\" alt=\"En la imagen se ve una persona detenida bajo custodia de un investigador del CTI. Detr\u00e1s suyo un backing institucional.\" width=\"294\" height=\"300\" srcset=\"https:\/\/www.fiscalia.gov.co\/colombia\/wp-content\/uploads\/violencia-intrafamiliar-Caqueta-294x300.jpeg 294w, https:\/\/www.fiscalia.gov.co\/colombia\/wp-content\/uploads\/violencia-intrafamiliar-Caqueta-768x783.jpeg 768w, https:\/\/www.fiscalia.gov.co\/colombia\/wp-content\/uploads\/violencia-intrafamiliar-Caqueta-696x709.jpeg 696w, https:\/\/www.fiscalia.gov.co\/colombia\/wp-content\/uploads\/violencia-intrafamiliar-Caqueta-412x420.jpeg 412w, https:\/\/www.fiscalia.gov.co\/colombia\/wp-content\/uploads\/violencia-intrafamiliar-Caqueta-356x364.jpeg 356w, https:\/\/www.fiscalia.gov.co\/colombia\/wp-content\/uploads\/violencia-intrafamiliar-Caqueta.jpeg 882w\" sizes=\"auto, (max-width: 294px) 100vw, 294px\" \/><figcaption id=\"caption-attachment-290621\" class=\"wp-caption-text\">Debido a que la v\u00edctima denunci\u00f3 nuevos hechos de violencia en su contra y el hombre gozaba de libertad, la Fiscal\u00eda solicit\u00f3 la orden de captura en su contra y la medida de aseguramiento por representar un peligro para ella.<\/figcaption><\/figure>\n<p>Debido a que la v\u00edctima denunci\u00f3 nuevos hechos de violencia en su contra y el hombre gozaba de libertad, la Fiscal\u00eda a trav\u00e9s de un delegado adscrito al Centro de Atenci\u00f3n Integral a V\u00edctimas de Violencia Intrafamiliar \u2013Cavif- que lo investiga, solicit\u00f3 la orden de captura en su contra y la medida de aseguramiento por representar un peligro para ella.<\/p>\n<p>Los hechos<\/p>\n<p>Se tiene documentado que los d\u00edas 15 de mayo del a\u00f1o 2022, en un inmueble ubicado en el barrio Las Malvinas de la ciudad a eso de las 5:00 de la ma\u00f1ana, Montoya Castrill\u00f3n, insultar\u00eda y golpear\u00eda con un cabezazo a su pareja y la agrediera con un cuchillo.<\/p>\n<p>Esta situaci\u00f3n se repetir\u00eda dos veces m\u00e1s en fechas posteriores. En una de esas ocasiones le propinar\u00eda pu\u00f1os e insultos por el simple hecho de haberlo despertado.<\/p>\n<p>Otra de las agresiones registradas est\u00e1 relacionada con la ocurrida el 21 de mayo del a\u00f1o pasado cuando en v\u00eda p\u00fablica del barrio Centro de Florencia, el hoy privado de la libertad la habr\u00eda maltratado nuevamente propin\u00e1ndole diversos golpes, siendo remitida a un hospital debido a la gravedad de las lesiones sufridas.<\/p>\n<p>Estos resultados se logran de acuerdo con el compromiso adquirido por la Fiscal General de la Naci\u00f3n (e), Martha Janeth Mancera, de contrarrestar los delitos de violencia basada en g\u00e9nero.<\/p>\n<p><strong>La Fiscal\u00eda habla con resultados.<\/strong><\/p>\n<p>&nbsp;<\/p>\n<p>&nbsp;<\/p>\n<p>&nbsp;<\/p>\n<p>&nbsp;<\/p>\n<p>PAAM\/LYBT\/MC\/NQB\/DSC<\/p>\n<p>&nbsp;<\/p>\n<p>&nbsp;<\/p>\n<p>&nbsp;<\/p>\n<p><em>La informaci\u00f3n contenida en este bolet\u00edn de prensa corresponde a la narraci\u00f3n de los hechos noticiosos objetivos, suministrados por los funcionarios encargados de adelantar las investigaciones penales al interior de la Fiscal\u00eda General de la Naci\u00f3n. Para el momento de la divulgaci\u00f3n de este comunicado, la situaci\u00f3n jur\u00eddica de la(s) persona(s) relacionada(s) se encuentra pendiente de resolver por la autoridad judicial competente, siempre bajo los preceptos de la presunci\u00f3n de inocencia, consagrados en el art\u00edculo 29 de la Constituci\u00f3n Pol\u00edtica y el art\u00edculo 7\u00ba de la Ley 906 de 2004.<\/em><\/p>\n\n<div class=\"twitter-share\"><a href=\"https:\/\/twitter.com\/intent\/tweet?via=fiscaliacol\" class=\"twitter-share-button\">Tweet<\/a><\/div>\n","protected":false},"excerpt":{"rendered":"<p>Alejandro Montoya Castrill\u00f3n fue enviado a una c\u00e1rcel de Florencia, Caquet\u00e1, por su presunta participaci\u00f3n en el delito de violencia intrafamiliar agravada cometida al parecer contra su compa\u00f1era sentimental entre mayo del a\u00f1o 2022 a febrero de este a\u00f1o cuando ya hab\u00eda terminado su relaci\u00f3n. Debido a que la v\u00edctima denunci\u00f3 nuevos hechos de violencia [&hellip;]<\/p>\n","protected":false},"author":179,"featured_media":0,"comment_status":"closed","ping_status":"open","sticky":false,"template":"","format":"standard","meta":{"_price":"","_stock":"","_tribe_ticket_header":"","_tribe_default_ticket_provider":"","_tribe_ticket_capacity":"0","_ticket_start_date":"","_ticket_end_date":"","_tribe_ticket_show_description":"","_tribe_ticket_show_not_going":false,"_tribe_ticket_use_global_stock":"","_tribe_ticket_global_stock_level":"","_global_stock_mode":"","_global_stock_cap":"","_tribe_rsvp_for_event":"","_tribe_ticket_going_count":"","_tribe_ticket_not_going_count":"","_tribe_tickets_list":"[]","_tribe_ticket_has_attendee_info_fields":false,"tdm_status":"","tdm_grid_status":"","footnotes":""},"categories":[1,328,303,24127],"tags":[696,1844,6489,45,29211,37047,37086,36949,1047,23822,25841,17503,25757,28996,27437,24379,4795,12433],"class_list":{"0":"post-290619","1":"post","2":"type-post","3":"status-publish","4":"format-standard","6":"category-noticias","7":"category-seccional-florencia","8":"category-seccionales","9":"category-violencia-sexual-e-intrafamiliar","10":"tag-abuso","11":"tag-acusacion","12":"tag-caqueta","13":"tag-cti","14":"tag-ex-pareja","15":"tag-fiscal-e-martha-mancera","16":"tag-fiscal-mancera","17":"tag-fiscal-martha-mancera","18":"tag-fiscalia-general-de-la-nacion","19":"tag-florencia","20":"tag-golpiza","21":"tag-maltrato-fisico","22":"tag-maltrato-verbal","23":"tag-medida-de-proteccion","24":"tag-pareja-sentimental","25":"tag-seccional-caqueta","26":"tag-violencia-basada-en-genero","27":"tag-violencia-intrafamiliar-agravada"},"yoast_head":"<!-- This site is optimized with the Yoast SEO plugin v24.3 - https:\/\/yoast.com\/wordpress\/plugins\/seo\/ -->\n<title>Fiscal\u00eda General de la Naci\u00f3n<\/title>\n<meta name=\"description\" content=\"P\u00e1gina oficial de la Fiscal\u00eda General de la Naci\u00f3n \u2013 Colombia. Garantizamos el acceso efectivo a la justicia, la verdad y la reparaci\u00f3n de las v\u00edctimas de los delitos.\" \/>\n<meta name=\"robots\" content=\"noindex, follow\" \/>\n<meta property=\"og:locale\" content=\"es_ES\" \/>\n<meta property=\"og:type\" content=\"article\" \/>\n<meta property=\"og:title\" content=\"Fiscal\u00eda General de la Naci\u00f3n\" \/>\n<meta property=\"og:description\" content=\"P\u00e1gina oficial de la Fiscal\u00eda General de la Naci\u00f3n \u2013 Colombia. Garantizamos el acceso efectivo a la justicia, la verdad y la reparaci\u00f3n de las v\u00edctimas de los delitos.\" \/>\n<meta property=\"og:url\" content=\"https:\/\/www.fiscalia.gov.co\/colombia\/noticias\/asegurado-por-violencia-intrafamiliar-contra-su-pareja-sentimental-4\/\" \/>\n<meta property=\"og:site_name\" content=\"Fiscal\u00eda General de la Naci\u00f3n\" \/>\n<meta property=\"article:publisher\" content=\"https:\/\/www.facebook.com\/FiscaliaCol\" \/>\n<meta property=\"article:published_time\" content=\"2024-03-11T16:32:29+00:00\" \/>\n<meta property=\"og:image\" content=\"https:\/\/www.fiscalia.gov.co\/colombia\/wp-content\/uploads\/violencia-intrafamiliar-Caqueta-294x300.jpeg\" \/>\n<meta name=\"author\" content=\"Lesly Katherine Segura Camargo.\" \/>\n<meta name=\"twitter:card\" content=\"summary_large_image\" \/>\n<meta name=\"twitter:creator\" content=\"@FiscaliaCol\" \/>\n<meta name=\"twitter:site\" content=\"@FiscaliaCol\" \/>\n<meta name=\"twitter:label1\" content=\"Escrito por\" \/>\n\t<meta name=\"twitter:data1\" content=\"Lesly Katherine Segura Camargo.\" \/>\n\t<meta name=\"twitter:label2\" content=\"Tiempo de lectura\" \/>\n\t<meta name=\"twitter:data2\" content=\"3 minutos\" \/>\n<script type=\"application\/ld+json\" class=\"yoast-schema-graph\">{\"@context\":\"https:\/\/schema.org\",\"@graph\":[{\"@type\":\"Article\",\"@id\":\"https:\/\/www.fiscalia.gov.co\/colombia\/noticias\/asegurado-por-violencia-intrafamiliar-contra-su-pareja-sentimental-4\/#article\",\"isPartOf\":{\"@id\":\"https:\/\/www.fiscalia.gov.co\/colombia\/noticias\/asegurado-por-violencia-intrafamiliar-contra-su-pareja-sentimental-4\/\"},\"author\":{\"name\":\"Lesly Katherine Segura Camargo.\",\"@id\":\"https:\/\/www.fiscalia.gov.co\/colombia\/#\/schema\/person\/6be81acb78add0abcbda2c598c1d53e1\"},\"headline\":\"Asegurado por violencia intrafamiliar contra su pareja sentimental\",\"datePublished\":\"2024-03-11T16:32:29+00:00\",\"dateModified\":\"2024-03-11T16:32:29+00:00\",\"mainEntityOfPage\":{\"@id\":\"https:\/\/www.fiscalia.gov.co\/colombia\/noticias\/asegurado-por-violencia-intrafamiliar-contra-su-pareja-sentimental-4\/\"},\"wordCount\":468,\"publisher\":{\"@id\":\"https:\/\/www.fiscalia.gov.co\/colombia\/#organization\"},\"image\":{\"@id\":\"https:\/\/www.fiscalia.gov.co\/colombia\/noticias\/asegurado-por-violencia-intrafamiliar-contra-su-pareja-sentimental-4\/#primaryimage\"},\"thumbnailUrl\":\"https:\/\/www.fiscalia.gov.co\/colombia\/wp-content\/uploads\/violencia-intrafamiliar-Caqueta-294x300.jpeg\",\"keywords\":[\"Abuso\",\"Acusaci\u00f3n\",\"Caquet\u00e1\",\"CTI\",\"ex pareja\",\"fiscal (e) Martha Mancera\",\"fiscal mancera\",\"fiscal martha mancera\",\"Fiscal\u00eda General de la Naci\u00f3n\",\"Florencia\",\"golpiza\",\"Maltrato f\u00edsico\",\"maltrato verbal\",\"medida de protecci\u00f3n\",\"pareja sentimental\",\"Seccional Caquet\u00e1.\",\"Violencia basada en g\u00e9nero\",\"violencia intrafamiliar agravada\"],\"articleSection\":[\"Noticias\",\"Seccional Florencia\",\"Seccionales\",\"Violencia sexual e intrafamiliar\"],\"inLanguage\":\"es-CO\"},{\"@type\":\"WebPage\",\"@id\":\"https:\/\/www.fiscalia.gov.co\/colombia\/noticias\/asegurado-por-violencia-intrafamiliar-contra-su-pareja-sentimental-4\/\",\"url\":\"https:\/\/www.fiscalia.gov.co\/colombia\/noticias\/asegurado-por-violencia-intrafamiliar-contra-su-pareja-sentimental-4\/\",\"name\":\"Fiscal\u00eda General de la Naci\u00f3n\",\"isPartOf\":{\"@id\":\"https:\/\/www.fiscalia.gov.co\/colombia\/#website\"},\"primaryImageOfPage\":{\"@id\":\"https:\/\/www.fiscalia.gov.co\/colombia\/noticias\/asegurado-por-violencia-intrafamiliar-contra-su-pareja-sentimental-4\/#primaryimage\"},\"image\":{\"@id\":\"https:\/\/www.fiscalia.gov.co\/colombia\/noticias\/asegurado-por-violencia-intrafamiliar-contra-su-pareja-sentimental-4\/#primaryimage\"},\"thumbnailUrl\":\"https:\/\/www.fiscalia.gov.co\/colombia\/wp-content\/uploads\/violencia-intrafamiliar-Caqueta-294x300.jpeg\",\"datePublished\":\"2024-03-11T16:32:29+00:00\",\"dateModified\":\"2024-03-11T16:32:29+00:00\",\"description\":\"P\u00e1gina oficial de la Fiscal\u00eda General de la Naci\u00f3n \u2013 Colombia. Garantizamos el acceso efectivo a la justicia, la verdad y la reparaci\u00f3n de las v\u00edctimas de los delitos.\",\"breadcrumb\":{\"@id\":\"https:\/\/www.fiscalia.gov.co\/colombia\/noticias\/asegurado-por-violencia-intrafamiliar-contra-su-pareja-sentimental-4\/#breadcrumb\"},\"inLanguage\":\"es-CO\",\"potentialAction\":[{\"@type\":\"ReadAction\",\"target\":[\"https:\/\/www.fiscalia.gov.co\/colombia\/noticias\/asegurado-por-violencia-intrafamiliar-contra-su-pareja-sentimental-4\/\"]}]},{\"@type\":\"ImageObject\",\"inLanguage\":\"es-CO\",\"@id\":\"https:\/\/www.fiscalia.gov.co\/colombia\/noticias\/asegurado-por-violencia-intrafamiliar-contra-su-pareja-sentimental-4\/#primaryimage\",\"url\":\"https:\/\/www.fiscalia.gov.co\/colombia\/wp-content\/uploads\/violencia-intrafamiliar-Caqueta-294x300.jpeg\",\"contentUrl\":\"https:\/\/www.fiscalia.gov.co\/colombia\/wp-content\/uploads\/violencia-intrafamiliar-Caqueta-294x300.jpeg\"},{\"@type\":\"BreadcrumbList\",\"@id\":\"https:\/\/www.fiscalia.gov.co\/colombia\/noticias\/asegurado-por-violencia-intrafamiliar-contra-su-pareja-sentimental-4\/#breadcrumb\",\"itemListElement\":[{\"@type\":\"ListItem\",\"position\":1,\"name\":\"Home\",\"item\":\"https:\/\/www.fiscalia.gov.co\/colombia\/\"},{\"@type\":\"ListItem\",\"position\":2,\"name\":\"Asegurado por violencia intrafamiliar contra su pareja sentimental\"}]},{\"@type\":\"WebSite\",\"@id\":\"https:\/\/www.fiscalia.gov.co\/colombia\/#website\",\"url\":\"https:\/\/www.fiscalia.gov.co\/colombia\/\",\"name\":\"Fiscal\u00eda General de la Naci\u00f3n\",\"description\":\"P\u00e1gina oficial de la Fiscal\u00eda General de la Naci\u00f3n \u2013 Colombia. Garantizamos el acceso efectivo a la justicia, la verdad y la reparaci\u00f3n de las v\u00edctimas de los delitos.\",\"publisher\":{\"@id\":\"https:\/\/www.fiscalia.gov.co\/colombia\/#organization\"},\"potentialAction\":[{\"@type\":\"SearchAction\",\"target\":{\"@type\":\"EntryPoint\",\"urlTemplate\":\"https:\/\/www.fiscalia.gov.co\/colombia\/?s={search_term_string}\"},\"query-input\":{\"@type\":\"PropertyValueSpecification\",\"valueRequired\":true,\"valueName\":\"search_term_string\"}}],\"inLanguage\":\"es-CO\"},{\"@type\":\"Organization\",\"@id\":\"https:\/\/www.fiscalia.gov.co\/colombia\/#organization\",\"name\":\"Fiscal\u00eda General de la Naci\u00f3n\",\"url\":\"https:\/\/www.fiscalia.gov.co\/colombia\/\",\"logo\":{\"@type\":\"ImageObject\",\"inLanguage\":\"es-CO\",\"@id\":\"https:\/\/www.fiscalia.gov.co\/colombia\/#\/schema\/logo\/image\/\",\"url\":\"https:\/\/www.fiscalia.gov.co\/colombia\/wp-content\/uploads\/LogoHorizontal_1.jpg\",\"contentUrl\":\"https:\/\/www.fiscalia.gov.co\/colombia\/wp-content\/uploads\/LogoHorizontal_1.jpg\",\"width\":300,\"height\":90,\"caption\":\"Fiscal\u00eda General de la Naci\u00f3n\"},\"image\":{\"@id\":\"https:\/\/www.fiscalia.gov.co\/colombia\/#\/schema\/logo\/image\/\"},\"sameAs\":[\"https:\/\/www.facebook.com\/FiscaliaCol\",\"https:\/\/x.com\/FiscaliaCol\",\"https:\/\/www.instagram.com\/fiscaliacol\",\"https:\/\/www.linkedin.com\/company\/fiscalia-general-de-la-naci-n\/\",\"https:\/\/youtube.com\/@fiscaliageneraldelanacion-4668?si=6nN79nyQICPU5iTh\"]},{\"@type\":\"Person\",\"@id\":\"https:\/\/www.fiscalia.gov.co\/colombia\/#\/schema\/person\/6be81acb78add0abcbda2c598c1d53e1\",\"name\":\"Lesly Katherine Segura Camargo.\",\"image\":{\"@type\":\"ImageObject\",\"inLanguage\":\"es-CO\",\"@id\":\"https:\/\/www.fiscalia.gov.co\/colombia\/#\/schema\/person\/image\/\",\"url\":\"https:\/\/secure.gravatar.com\/avatar\/1892091c53ef3b9c2fcb37ca6066e439?s=96&d=mm&r=g\",\"contentUrl\":\"https:\/\/secure.gravatar.com\/avatar\/1892091c53ef3b9c2fcb37ca6066e439?s=96&d=mm&r=g\",\"caption\":\"Lesly Katherine Segura Camargo.\"},\"url\":\"https:\/\/www.fiscalia.gov.co\/colombia\/author\/lesly-segura\/\"}]}<\/script>\n<!-- \/ Yoast SEO plugin. -->","yoast_head_json":{"title":"Fiscal\u00eda General de la Naci\u00f3n","description":"P\u00e1gina oficial de la Fiscal\u00eda General de la Naci\u00f3n \u2013 Colombia. Garantizamos el acceso efectivo a la justicia, la verdad y la reparaci\u00f3n de las v\u00edctimas de los delitos.","robots":{"index":"noindex","follow":"follow"},"og_locale":"es_ES","og_type":"article","og_title":"Fiscal\u00eda General de la Naci\u00f3n","og_description":"P\u00e1gina oficial de la Fiscal\u00eda General de la Naci\u00f3n \u2013 Colombia. Garantizamos el acceso efectivo a la justicia, la verdad y la reparaci\u00f3n de las v\u00edctimas de los delitos.","og_url":"https:\/\/www.fiscalia.gov.co\/colombia\/noticias\/asegurado-por-violencia-intrafamiliar-contra-su-pareja-sentimental-4\/","og_site_name":"Fiscal\u00eda General de la Naci\u00f3n","article_publisher":"https:\/\/www.facebook.com\/FiscaliaCol","article_published_time":"2024-03-11T16:32:29+00:00","og_image":[{"url":"https:\/\/www.fiscalia.gov.co\/colombia\/wp-content\/uploads\/violencia-intrafamiliar-Caqueta-294x300.jpeg","type":"","width":"","height":""}],"author":"Lesly Katherine Segura Camargo.","twitter_card":"summary_large_image","twitter_creator":"@FiscaliaCol","twitter_site":"@FiscaliaCol","twitter_misc":{"Escrito por":"Lesly Katherine Segura Camargo.","Tiempo de lectura":"3 minutos"},"schema":{"@context":"https:\/\/schema.org","@graph":[{"@type":"Article","@id":"https:\/\/www.fiscalia.gov.co\/colombia\/noticias\/asegurado-por-violencia-intrafamiliar-contra-su-pareja-sentimental-4\/#article","isPartOf":{"@id":"https:\/\/www.fiscalia.gov.co\/colombia\/noticias\/asegurado-por-violencia-intrafamiliar-contra-su-pareja-sentimental-4\/"},"author":{"name":"Lesly Katherine Segura Camargo.","@id":"https:\/\/www.fiscalia.gov.co\/colombia\/#\/schema\/person\/6be81acb78add0abcbda2c598c1d53e1"},"headline":"Asegurado por violencia intrafamiliar contra su pareja sentimental","datePublished":"2024-03-11T16:32:29+00:00","dateModified":"2024-03-11T16:32:29+00:00","mainEntityOfPage":{"@id":"https:\/\/www.fiscalia.gov.co\/colombia\/noticias\/asegurado-por-violencia-intrafamiliar-contra-su-pareja-sentimental-4\/"},"wordCount":468,"publisher":{"@id":"https:\/\/www.fiscalia.gov.co\/colombia\/#organization"},"image":{"@id":"https:\/\/www.fiscalia.gov.co\/colombia\/noticias\/asegurado-por-violencia-intrafamiliar-contra-su-pareja-sentimental-4\/#primaryimage"},"thumbnailUrl":"https:\/\/www.fiscalia.gov.co\/colombia\/wp-content\/uploads\/violencia-intrafamiliar-Caqueta-294x300.jpeg","keywords":["Abuso","Acusaci\u00f3n","Caquet\u00e1","CTI","ex pareja","fiscal (e) Martha Mancera","fiscal mancera","fiscal martha mancera","Fiscal\u00eda General de la Naci\u00f3n","Florencia","golpiza","Maltrato f\u00edsico","maltrato verbal","medida de protecci\u00f3n","pareja sentimental","Seccional Caquet\u00e1.","Violencia basada en g\u00e9nero","violencia intrafamiliar agravada"],"articleSection":["Noticias","Seccional Florencia","Seccionales","Violencia sexual e intrafamiliar"],"inLanguage":"es-CO"},{"@type":"WebPage","@id":"https:\/\/www.fiscalia.gov.co\/colombia\/noticias\/asegurado-por-violencia-intrafamiliar-contra-su-pareja-sentimental-4\/","url":"https:\/\/www.fiscalia.gov.co\/colombia\/noticias\/asegurado-por-violencia-intrafamiliar-contra-su-pareja-sentimental-4\/","name":"Fiscal\u00eda General de la Naci\u00f3n","isPartOf":{"@id":"https:\/\/www.fiscalia.gov.co\/colombia\/#website"},"primaryImageOfPage":{"@id":"https:\/\/www.fiscalia.gov.co\/colombia\/noticias\/asegurado-por-violencia-intrafamiliar-contra-su-pareja-sentimental-4\/#primaryimage"},"image":{"@id":"https:\/\/www.fiscalia.gov.co\/colombia\/noticias\/asegurado-por-violencia-intrafamiliar-contra-su-pareja-sentimental-4\/#primaryimage"},"thumbnailUrl":"https:\/\/www.fiscalia.gov.co\/colombia\/wp-content\/uploads\/violencia-intrafamiliar-Caqueta-294x300.jpeg","datePublished":"2024-03-11T16:32:29+00:00","dateModified":"2024-03-11T16:32:29+00:00","description":"P\u00e1gina oficial de la Fiscal\u00eda General de la Naci\u00f3n \u2013 Colombia. Garantizamos el acceso efectivo a la justicia, la verdad y la reparaci\u00f3n de las v\u00edctimas de los delitos.","breadcrumb":{"@id":"https:\/\/www.fiscalia.gov.co\/colombia\/noticias\/asegurado-por-violencia-intrafamiliar-contra-su-pareja-sentimental-4\/#breadcrumb"},"inLanguage":"es-CO","potentialAction":[{"@type":"ReadAction","target":["https:\/\/www.fiscalia.gov.co\/colombia\/noticias\/asegurado-por-violencia-intrafamiliar-contra-su-pareja-sentimental-4\/"]}]},{"@type":"ImageObject","inLanguage":"es-CO","@id":"https:\/\/www.fiscalia.gov.co\/colombia\/noticias\/asegurado-por-violencia-intrafamiliar-contra-su-pareja-sentimental-4\/#primaryimage","url":"https:\/\/www.fiscalia.gov.co\/colombia\/wp-content\/uploads\/violencia-intrafamiliar-Caqueta-294x300.jpeg","contentUrl":"https:\/\/www.fiscalia.gov.co\/colombia\/wp-content\/uploads\/violencia-intrafamiliar-Caqueta-294x300.jpeg"},{"@type":"BreadcrumbList","@id":"https:\/\/www.fiscalia.gov.co\/colombia\/noticias\/asegurado-por-violencia-intrafamiliar-contra-su-pareja-sentimental-4\/#breadcrumb","itemListElement":[{"@type":"ListItem","position":1,"name":"Home","item":"https:\/\/www.fiscalia.gov.co\/colombia\/"},{"@type":"ListItem","position":2,"name":"Asegurado por violencia intrafamiliar contra su pareja sentimental"}]},{"@type":"WebSite","@id":"https:\/\/www.fiscalia.gov.co\/colombia\/#website","url":"https:\/\/www.fiscalia.gov.co\/colombia\/","name":"Fiscal\u00eda General de la Naci\u00f3n","description":"P\u00e1gina oficial de la Fiscal\u00eda General de la Naci\u00f3n \u2013 Colombia. Garantizamos el acceso efectivo a la justicia, la verdad y la reparaci\u00f3n de las v\u00edctimas de los delitos.","publisher":{"@id":"https:\/\/www.fiscalia.gov.co\/colombia\/#organization"},"potentialAction":[{"@type":"SearchAction","target":{"@type":"EntryPoint","urlTemplate":"https:\/\/www.fiscalia.gov.co\/colombia\/?s={search_term_string}"},"query-input":{"@type":"PropertyValueSpecification","valueRequired":true,"valueName":"search_term_string"}}],"inLanguage":"es-CO"},{"@type":"Organization","@id":"https:\/\/www.fiscalia.gov.co\/colombia\/#organization","name":"Fiscal\u00eda General de la Naci\u00f3n","url":"https:\/\/www.fiscalia.gov.co\/colombia\/","logo":{"@type":"ImageObject","inLanguage":"es-CO","@id":"https:\/\/www.fiscalia.gov.co\/colombia\/#\/schema\/logo\/image\/","url":"https:\/\/www.fiscalia.gov.co\/colombia\/wp-content\/uploads\/LogoHorizontal_1.jpg","contentUrl":"https:\/\/www.fiscalia.gov.co\/colombia\/wp-content\/uploads\/LogoHorizontal_1.jpg","width":300,"height":90,"caption":"Fiscal\u00eda General de la Naci\u00f3n"},"image":{"@id":"https:\/\/www.fiscalia.gov.co\/colombia\/#\/schema\/logo\/image\/"},"sameAs":["https:\/\/www.facebook.com\/FiscaliaCol","https:\/\/x.com\/FiscaliaCol","https:\/\/www.instagram.com\/fiscaliacol","https:\/\/www.linkedin.com\/company\/fiscalia-general-de-la-naci-n\/","https:\/\/youtube.com\/@fiscaliageneraldelanacion-4668?si=6nN79nyQICPU5iTh"]},{"@type":"Person","@id":"https:\/\/www.fiscalia.gov.co\/colombia\/#\/schema\/person\/6be81acb78add0abcbda2c598c1d53e1","name":"Lesly Katherine Segura Camargo.","image":{"@type":"ImageObject","inLanguage":"es-CO","@id":"https:\/\/www.fiscalia.gov.co\/colombia\/#\/schema\/person\/image\/","url":"https:\/\/secure.gravatar.com\/avatar\/1892091c53ef3b9c2fcb37ca6066e439?s=96&d=mm&r=g","contentUrl":"https:\/\/secure.gravatar.com\/avatar\/1892091c53ef3b9c2fcb37ca6066e439?s=96&d=mm&r=g","caption":"Lesly Katherine Segura Camargo."},"url":"https:\/\/www.fiscalia.gov.co\/colombia\/author\/lesly-segura\/"}]}},"_links":{"self":[{"href":"https:\/\/www.fiscalia.gov.co\/colombia\/wp-json\/wp\/v2\/posts\/290619","targetHints":{"allow":["GET"]}}],"collection":[{"href":"https:\/\/www.fiscalia.gov.co\/colombia\/wp-json\/wp\/v2\/posts"}],"about":[{"href":"https:\/\/www.fiscalia.gov.co\/colombia\/wp-json\/wp\/v2\/types\/post"}],"author":[{"embeddable":true,"href":"https:\/\/www.fiscalia.gov.co\/colombia\/wp-json\/wp\/v2\/users\/179"}],"replies":[{"embeddable":true,"href":"https:\/\/www.fiscalia.gov.co\/colombia\/wp-json\/wp\/v2\/comments?post=290619"}],"version-history":[{"count":1,"href":"https:\/\/www.fiscalia.gov.co\/colombia\/wp-json\/wp\/v2\/posts\/290619\/revisions"}],"predecessor-version":[{"id":290622,"href":"https:\/\/www.fiscalia.gov.co\/colombia\/wp-json\/wp\/v2\/posts\/290619\/revisions\/290622"}],"wp:attachment":[{"href":"https:\/\/www.fiscalia.gov.co\/colombia\/wp-json\/wp\/v2\/media?parent=290619"}],"wp:term":[{"taxonomy":"category","embeddable":true,"href":"https:\/\/www.fiscalia.gov.co\/colombia\/wp-json\/wp\/v2\/categories?post=290619"},{"taxonomy":"post_tag","embeddable":true,"href":"https:\/\/www.fiscalia.gov.co\/colombia\/wp-json\/wp\/v2\/tags?post=290619"}],"curies":[{"name":"wp","href":"https:\/\/api.w.org\/{rel}","templated":true}]}}