{"id":290382,"date":"2024-03-07T15:32:02","date_gmt":"2024-03-07T20:32:02","guid":{"rendered":"https:\/\/www.fiscalia.gov.co\/colombia\/?p=290382"},"modified":"2024-03-07T15:32:02","modified_gmt":"2024-03-07T20:32:02","slug":"asegurado-presunto-responsable-de-un-homicidio-ocurrido-en-atlantico","status":"publish","type":"post","link":"https:\/\/www.fiscalia.gov.co\/colombia\/noticias\/asegurado-presunto-responsable-de-un-homicidio-ocurrido-en-atlantico\/","title":{"rendered":"Asegurado presunto responsable de un homicidio ocurrido en Atl\u00e1ntico"},"content":{"rendered":"<p>Un fiscal de la Unidad de Vida de la Seccional Atl\u00e1ntico imput\u00f3 a Francisco Javier Bula Villa<b>\u00a0<\/b>como presunto autor del delito de homicidio agravado. Los hechos investigados ocurrieron el pasado 25 de febrero en el barrio Ciudad Para\u00edso de Barranquilla.<\/p>\n<p>Seg\u00fan la investigaci\u00f3n, durante el incidente la v\u00edctima se encontraba en su terraza junto con un familiar en condici\u00f3n de discapacidad; adem\u00e1s de su perro. El animal le ladr\u00f3 al ahora imputado quien, presuntamente amenaz\u00f3 con causarle da\u00f1o al canino. Las personas y la mascota ingresaron al inmueble y poco despu\u00e9s, cuando la v\u00edctima sale del lugar fue agredida en m\u00e1s de 30 oportunidades, al parecer, por el procesado. Mal herido, el hombre fue trasladado a un hospital donde falleci\u00f3 producto del ataque.<\/p>\n<p>Servidores del Cuerpo T\u00e9cnico de Investigaci\u00f3n (CTI) Atl\u00e1ntico capturaron a Bulla Villa en flagrancia.<\/p>\n<p>Por solicitud de la Fiscal\u00eda General de la Naci\u00f3n el juez con funci\u00f3n de control de garant\u00edas impuso al procesado medida de aseguramiento en centro carcelario.<\/p>\n<p>Estas acciones fueron cumplidas en desarrollo del compromiso adquirido por la Fiscal General de la Naci\u00f3n (e), Martha Janeth Mancera, de contrarrestar los delitos que afectan la seguridad ciudadana.<\/p>\n<p>Esta informaci\u00f3n se publica por razones de inter\u00e9s general.<\/p>\n<p><b>La Fiscal\u00eda habla con resultados.<\/b><\/p>\n<p>SKCR\/MAGA\/SG\/ECHP\/DSA<\/p>\n<p>&nbsp;<\/p>\n<p><b><span lang=\"EN-US\">Le puede interesar<\/span><\/b><span lang=\"EN-US\">:\u00a0<\/span><a href=\"https:\/\/www.fiscalia.gov.co\/colombia\/seccionales\/a-la-carcel-hombre-que-ataco-a-sus-vecinos-en-acto-de-intolerancia-en-malambo-atlantico\/\" target=\"_blank\" rel=\"noopener\" data-saferedirecturl=\"https:\/\/www.google.com\/url?q=https:\/\/www.fiscalia.gov.co\/colombia\/seccionales\/a-la-carcel-hombre-que-ataco-a-sus-vecinos-en-acto-de-intolerancia-en-malambo-atlantico\/&amp;source=gmail&amp;ust=1709929271149000&amp;usg=AOvVaw3ruZ3yMbm9IizpU9HvPFx1\"><span lang=\"EN-US\">https:\/\/www.fiscalia.gov.co\/<wbr \/>colombia\/seccionales\/a-la-<wbr \/>carcel-hombre-que-ataco-a-sus-<wbr \/>vecinos-en-acto-de-<wbr \/>intolerancia-en-malambo-<wbr \/>atlantico\/<\/span><\/a><\/p>\n<p>&nbsp;<\/p>\n<p><i><span style=\"font-weight: 400;\">La informaci\u00f3n contenida en este bolet\u00edn de prensa corresponde a la narraci\u00f3n de los hechos noticiosos objetivos, suministrados por los funcionarios encargados de adelantar las investigaciones penales al interior de la Fiscal\u00eda General de la Naci\u00f3n. Para el momento de la divulgaci\u00f3n de este comunicado, la situaci\u00f3n jur\u00eddica de la(s) persona(s) relacionada(s) se encuentra pendiente de resolver por la autoridad judicial competente, siempre bajo los preceptos de la presunci\u00f3n de inocencia, consagrados en el art\u00edculo 29 de la Constituci\u00f3n Pol\u00edtica y el art\u00edculo 7\u00ba de la Ley 906 de 2004.\u00a0<\/span><\/i><\/p>\n\n<div class=\"twitter-share\"><a href=\"https:\/\/twitter.com\/intent\/tweet?via=fiscaliacol\" class=\"twitter-share-button\">Tweet<\/a><\/div>\n","protected":false},"excerpt":{"rendered":"<p>Un fiscal de la Unidad de Vida de la Seccional Atl\u00e1ntico imput\u00f3 a Francisco Javier Bula Villa\u00a0como presunto autor del delito de homicidio agravado. Los hechos investigados ocurrieron el pasado 25 de febrero en el barrio Ciudad Para\u00edso de Barranquilla. Seg\u00fan la investigaci\u00f3n, durante el incidente la v\u00edctima se encontraba en su terraza junto con [&hellip;]<\/p>\n","protected":false},"author":180,"featured_media":0,"comment_status":"closed","ping_status":"open","sticky":false,"template":"","format":"standard","meta":{"tdm_status":"","tdm_grid_status":"","footnotes":""},"categories":[1,320,303,24099],"tags":[14298,1812,5180,24257,412,23829,23982,37253,24814,37252,37225,36949,1047,10846,26350,24812,27199],"class_list":{"0":"post-290382","1":"post","2":"type-post","3":"status-publish","4":"format-standard","6":"category-noticias","7":"category-seccional-barranquilla","8":"category-seccionales","9":"category-seguridad-territorial","10":"tag-agresion","11":"tag-agresor","12":"tag-arma-blanca","13":"tag-arma-cortopunzante","14":"tag-aaaque","15":"tag-barranquilla","16":"tag-barranquilla-atlantico","17":"tag-brutal-ataque","18":"tag-canino","19":"tag-familiar-en-condicion-de-discapacidad","20":"tag-fiscal-general-martha-mancera","21":"tag-fiscal-martha-mancera","22":"tag-fiscalia-general-de-la-nacion","23":"tag-intolerancia","24":"tag-martha-mancera","25":"tag-perro","26":"tag-seccional-atlantico"},"yoast_head":"<!-- This site is optimized with the Yoast SEO plugin v24.3 - https:\/\/yoast.com\/wordpress\/plugins\/seo\/ -->\n<title>Fiscal\u00eda General de la Naci\u00f3n<\/title>\n<meta name=\"description\" content=\"P\u00e1gina oficial de la Fiscal\u00eda General de la Naci\u00f3n \u2013 Colombia. Garantizamos el acceso efectivo a la justicia, la verdad y la reparaci\u00f3n de las v\u00edctimas de los delitos.\" \/>\n<meta name=\"robots\" content=\"noindex, follow\" \/>\n<meta property=\"og:locale\" content=\"es_ES\" \/>\n<meta property=\"og:type\" content=\"article\" \/>\n<meta property=\"og:title\" content=\"Fiscal\u00eda General de la Naci\u00f3n\" \/>\n<meta property=\"og:description\" content=\"P\u00e1gina oficial de la Fiscal\u00eda General de la Naci\u00f3n \u2013 Colombia. Garantizamos el acceso efectivo a la justicia, la verdad y la reparaci\u00f3n de las v\u00edctimas de los delitos.\" \/>\n<meta property=\"og:url\" content=\"https:\/\/www.fiscalia.gov.co\/colombia\/noticias\/asegurado-presunto-responsable-de-un-homicidio-ocurrido-en-atlantico\/\" \/>\n<meta property=\"og:site_name\" content=\"Fiscal\u00eda General de la Naci\u00f3n\" \/>\n<meta property=\"article:publisher\" content=\"https:\/\/www.facebook.com\/FiscaliaCol\" \/>\n<meta property=\"article:published_time\" content=\"2024-03-07T20:32:02+00:00\" \/>\n<meta name=\"author\" content=\"Paula Andrea Munera Due\u00f1as\" \/>\n<meta name=\"twitter:card\" content=\"summary_large_image\" \/>\n<meta name=\"twitter:creator\" content=\"@FiscaliaCol\" \/>\n<meta name=\"twitter:site\" content=\"@FiscaliaCol\" \/>\n<meta name=\"twitter:label1\" content=\"Escrito por\" \/>\n\t<meta name=\"twitter:data1\" content=\"Paula Andrea Munera Due\u00f1as\" \/>\n\t<meta name=\"twitter:label2\" content=\"Tiempo de lectura\" \/>\n\t<meta name=\"twitter:data2\" content=\"2 minutos\" \/>\n<script type=\"application\/ld+json\" class=\"yoast-schema-graph\">{\"@context\":\"https:\/\/schema.org\",\"@graph\":[{\"@type\":\"Article\",\"@id\":\"https:\/\/www.fiscalia.gov.co\/colombia\/noticias\/asegurado-presunto-responsable-de-un-homicidio-ocurrido-en-atlantico\/#article\",\"isPartOf\":{\"@id\":\"https:\/\/www.fiscalia.gov.co\/colombia\/noticias\/asegurado-presunto-responsable-de-un-homicidio-ocurrido-en-atlantico\/\"},\"author\":{\"name\":\"Paula Andrea Munera Due\u00f1as\",\"@id\":\"https:\/\/www.fiscalia.gov.co\/colombia\/#\/schema\/person\/b9e2848713ad5020d250209ba0f31a88\"},\"headline\":\"Asegurado presunto responsable de un homicidio ocurrido en Atl\u00e1ntico\",\"datePublished\":\"2024-03-07T20:32:02+00:00\",\"dateModified\":\"2024-03-07T20:32:02+00:00\",\"mainEntityOfPage\":{\"@id\":\"https:\/\/www.fiscalia.gov.co\/colombia\/noticias\/asegurado-presunto-responsable-de-un-homicidio-ocurrido-en-atlantico\/\"},\"wordCount\":357,\"publisher\":{\"@id\":\"https:\/\/www.fiscalia.gov.co\/colombia\/#organization\"},\"keywords\":[\"Agresi\u00f3n\",\"Agresor\",\"Arma Blanca\",\"arma cortopunzante\",\"Ataque\",\"Barranquilla\",\"Barranquilla (Atl\u00e1ntico)\",\"brutal ataque\",\"canino\",\"familiar en condici\u00f3n de discapacidad\",\"Fiscal General Martha Mancera\",\"fiscal martha mancera\",\"Fiscal\u00eda General de la Naci\u00f3n\",\"Intolerancia\",\"Martha Mancera\",\"perro\",\"Seccional Atl\u00e1ntico\"],\"articleSection\":[\"Noticias\",\"Seccional Barranquilla\",\"Seccionales\",\"Seguridad territorial\"],\"inLanguage\":\"es-CO\"},{\"@type\":\"WebPage\",\"@id\":\"https:\/\/www.fiscalia.gov.co\/colombia\/noticias\/asegurado-presunto-responsable-de-un-homicidio-ocurrido-en-atlantico\/\",\"url\":\"https:\/\/www.fiscalia.gov.co\/colombia\/noticias\/asegurado-presunto-responsable-de-un-homicidio-ocurrido-en-atlantico\/\",\"name\":\"Fiscal\u00eda General de la Naci\u00f3n\",\"isPartOf\":{\"@id\":\"https:\/\/www.fiscalia.gov.co\/colombia\/#website\"},\"datePublished\":\"2024-03-07T20:32:02+00:00\",\"dateModified\":\"2024-03-07T20:32:02+00:00\",\"description\":\"P\u00e1gina oficial de la Fiscal\u00eda General de la Naci\u00f3n \u2013 Colombia. Garantizamos el acceso efectivo a la justicia, la verdad y la reparaci\u00f3n de las v\u00edctimas de los delitos.\",\"breadcrumb\":{\"@id\":\"https:\/\/www.fiscalia.gov.co\/colombia\/noticias\/asegurado-presunto-responsable-de-un-homicidio-ocurrido-en-atlantico\/#breadcrumb\"},\"inLanguage\":\"es-CO\",\"potentialAction\":[{\"@type\":\"ReadAction\",\"target\":[\"https:\/\/www.fiscalia.gov.co\/colombia\/noticias\/asegurado-presunto-responsable-de-un-homicidio-ocurrido-en-atlantico\/\"]}]},{\"@type\":\"BreadcrumbList\",\"@id\":\"https:\/\/www.fiscalia.gov.co\/colombia\/noticias\/asegurado-presunto-responsable-de-un-homicidio-ocurrido-en-atlantico\/#breadcrumb\",\"itemListElement\":[{\"@type\":\"ListItem\",\"position\":1,\"name\":\"Home\",\"item\":\"https:\/\/www.fiscalia.gov.co\/colombia\/\"},{\"@type\":\"ListItem\",\"position\":2,\"name\":\"Asegurado presunto responsable de un homicidio ocurrido en Atl\u00e1ntico\"}]},{\"@type\":\"WebSite\",\"@id\":\"https:\/\/www.fiscalia.gov.co\/colombia\/#website\",\"url\":\"https:\/\/www.fiscalia.gov.co\/colombia\/\",\"name\":\"Fiscal\u00eda General de la Naci\u00f3n\",\"description\":\"P\u00e1gina oficial de la Fiscal\u00eda General de la Naci\u00f3n \u2013 Colombia. Garantizamos el acceso efectivo a la justicia, la verdad y la reparaci\u00f3n de las v\u00edctimas de los delitos.\",\"publisher\":{\"@id\":\"https:\/\/www.fiscalia.gov.co\/colombia\/#organization\"},\"potentialAction\":[{\"@type\":\"SearchAction\",\"target\":{\"@type\":\"EntryPoint\",\"urlTemplate\":\"https:\/\/www.fiscalia.gov.co\/colombia\/?s={search_term_string}\"},\"query-input\":{\"@type\":\"PropertyValueSpecification\",\"valueRequired\":true,\"valueName\":\"search_term_string\"}}],\"inLanguage\":\"es-CO\"},{\"@type\":\"Organization\",\"@id\":\"https:\/\/www.fiscalia.gov.co\/colombia\/#organization\",\"name\":\"Fiscal\u00eda General de la Naci\u00f3n\",\"url\":\"https:\/\/www.fiscalia.gov.co\/colombia\/\",\"logo\":{\"@type\":\"ImageObject\",\"inLanguage\":\"es-CO\",\"@id\":\"https:\/\/www.fiscalia.gov.co\/colombia\/#\/schema\/logo\/image\/\",\"url\":\"https:\/\/www.fiscalia.gov.co\/colombia\/wp-content\/uploads\/LogoHorizontal_1.jpg\",\"contentUrl\":\"https:\/\/www.fiscalia.gov.co\/colombia\/wp-content\/uploads\/LogoHorizontal_1.jpg\",\"width\":300,\"height\":90,\"caption\":\"Fiscal\u00eda General de la Naci\u00f3n\"},\"image\":{\"@id\":\"https:\/\/www.fiscalia.gov.co\/colombia\/#\/schema\/logo\/image\/\"},\"sameAs\":[\"https:\/\/www.facebook.com\/FiscaliaCol\",\"https:\/\/x.com\/FiscaliaCol\",\"https:\/\/www.instagram.com\/fiscaliacol\",\"https:\/\/www.linkedin.com\/company\/fiscalia-general-de-la-naci-n\/\",\"https:\/\/youtube.com\/@fiscaliageneraldelanacion-4668?si=6nN79nyQICPU5iTh\"]},{\"@type\":\"Person\",\"@id\":\"https:\/\/www.fiscalia.gov.co\/colombia\/#\/schema\/person\/b9e2848713ad5020d250209ba0f31a88\",\"name\":\"Paula Andrea Munera Due\u00f1as\",\"image\":{\"@type\":\"ImageObject\",\"inLanguage\":\"es-CO\",\"@id\":\"https:\/\/www.fiscalia.gov.co\/colombia\/#\/schema\/person\/image\/\",\"url\":\"https:\/\/secure.gravatar.com\/avatar\/4f70b6bf7197f2e2c55ba345c88d6e12?s=96&d=mm&r=g\",\"contentUrl\":\"https:\/\/secure.gravatar.com\/avatar\/4f70b6bf7197f2e2c55ba345c88d6e12?s=96&d=mm&r=g\",\"caption\":\"Paula Andrea Munera Due\u00f1as\"},\"url\":\"https:\/\/www.fiscalia.gov.co\/colombia\/author\/muneradpaula\/\"}]}<\/script>\n<!-- \/ Yoast SEO plugin. -->","yoast_head_json":{"title":"Fiscal\u00eda General de la Naci\u00f3n","description":"P\u00e1gina oficial de la Fiscal\u00eda General de la Naci\u00f3n \u2013 Colombia. Garantizamos el acceso efectivo a la justicia, la verdad y la reparaci\u00f3n de las v\u00edctimas de los delitos.","robots":{"index":"noindex","follow":"follow"},"og_locale":"es_ES","og_type":"article","og_title":"Fiscal\u00eda General de la Naci\u00f3n","og_description":"P\u00e1gina oficial de la Fiscal\u00eda General de la Naci\u00f3n \u2013 Colombia. Garantizamos el acceso efectivo a la justicia, la verdad y la reparaci\u00f3n de las v\u00edctimas de los delitos.","og_url":"https:\/\/www.fiscalia.gov.co\/colombia\/noticias\/asegurado-presunto-responsable-de-un-homicidio-ocurrido-en-atlantico\/","og_site_name":"Fiscal\u00eda General de la Naci\u00f3n","article_publisher":"https:\/\/www.facebook.com\/FiscaliaCol","article_published_time":"2024-03-07T20:32:02+00:00","author":"Paula Andrea Munera Due\u00f1as","twitter_card":"summary_large_image","twitter_creator":"@FiscaliaCol","twitter_site":"@FiscaliaCol","twitter_misc":{"Escrito por":"Paula Andrea Munera Due\u00f1as","Tiempo de lectura":"2 minutos"},"schema":{"@context":"https:\/\/schema.org","@graph":[{"@type":"Article","@id":"https:\/\/www.fiscalia.gov.co\/colombia\/noticias\/asegurado-presunto-responsable-de-un-homicidio-ocurrido-en-atlantico\/#article","isPartOf":{"@id":"https:\/\/www.fiscalia.gov.co\/colombia\/noticias\/asegurado-presunto-responsable-de-un-homicidio-ocurrido-en-atlantico\/"},"author":{"name":"Paula Andrea Munera Due\u00f1as","@id":"https:\/\/www.fiscalia.gov.co\/colombia\/#\/schema\/person\/b9e2848713ad5020d250209ba0f31a88"},"headline":"Asegurado presunto responsable de un homicidio ocurrido en Atl\u00e1ntico","datePublished":"2024-03-07T20:32:02+00:00","dateModified":"2024-03-07T20:32:02+00:00","mainEntityOfPage":{"@id":"https:\/\/www.fiscalia.gov.co\/colombia\/noticias\/asegurado-presunto-responsable-de-un-homicidio-ocurrido-en-atlantico\/"},"wordCount":357,"publisher":{"@id":"https:\/\/www.fiscalia.gov.co\/colombia\/#organization"},"keywords":["Agresi\u00f3n","Agresor","Arma Blanca","arma cortopunzante","Ataque","Barranquilla","Barranquilla (Atl\u00e1ntico)","brutal ataque","canino","familiar en condici\u00f3n de discapacidad","Fiscal General Martha Mancera","fiscal martha mancera","Fiscal\u00eda General de la Naci\u00f3n","Intolerancia","Martha Mancera","perro","Seccional Atl\u00e1ntico"],"articleSection":["Noticias","Seccional Barranquilla","Seccionales","Seguridad territorial"],"inLanguage":"es-CO"},{"@type":"WebPage","@id":"https:\/\/www.fiscalia.gov.co\/colombia\/noticias\/asegurado-presunto-responsable-de-un-homicidio-ocurrido-en-atlantico\/","url":"https:\/\/www.fiscalia.gov.co\/colombia\/noticias\/asegurado-presunto-responsable-de-un-homicidio-ocurrido-en-atlantico\/","name":"Fiscal\u00eda General de la Naci\u00f3n","isPartOf":{"@id":"https:\/\/www.fiscalia.gov.co\/colombia\/#website"},"datePublished":"2024-03-07T20:32:02+00:00","dateModified":"2024-03-07T20:32:02+00:00","description":"P\u00e1gina oficial de la Fiscal\u00eda General de la Naci\u00f3n \u2013 Colombia. Garantizamos el acceso efectivo a la justicia, la verdad y la reparaci\u00f3n de las v\u00edctimas de los delitos.","breadcrumb":{"@id":"https:\/\/www.fiscalia.gov.co\/colombia\/noticias\/asegurado-presunto-responsable-de-un-homicidio-ocurrido-en-atlantico\/#breadcrumb"},"inLanguage":"es-CO","potentialAction":[{"@type":"ReadAction","target":["https:\/\/www.fiscalia.gov.co\/colombia\/noticias\/asegurado-presunto-responsable-de-un-homicidio-ocurrido-en-atlantico\/"]}]},{"@type":"BreadcrumbList","@id":"https:\/\/www.fiscalia.gov.co\/colombia\/noticias\/asegurado-presunto-responsable-de-un-homicidio-ocurrido-en-atlantico\/#breadcrumb","itemListElement":[{"@type":"ListItem","position":1,"name":"Home","item":"https:\/\/www.fiscalia.gov.co\/colombia\/"},{"@type":"ListItem","position":2,"name":"Asegurado presunto responsable de un homicidio ocurrido en Atl\u00e1ntico"}]},{"@type":"WebSite","@id":"https:\/\/www.fiscalia.gov.co\/colombia\/#website","url":"https:\/\/www.fiscalia.gov.co\/colombia\/","name":"Fiscal\u00eda General de la Naci\u00f3n","description":"P\u00e1gina oficial de la Fiscal\u00eda General de la Naci\u00f3n \u2013 Colombia. Garantizamos el acceso efectivo a la justicia, la verdad y la reparaci\u00f3n de las v\u00edctimas de los delitos.","publisher":{"@id":"https:\/\/www.fiscalia.gov.co\/colombia\/#organization"},"potentialAction":[{"@type":"SearchAction","target":{"@type":"EntryPoint","urlTemplate":"https:\/\/www.fiscalia.gov.co\/colombia\/?s={search_term_string}"},"query-input":{"@type":"PropertyValueSpecification","valueRequired":true,"valueName":"search_term_string"}}],"inLanguage":"es-CO"},{"@type":"Organization","@id":"https:\/\/www.fiscalia.gov.co\/colombia\/#organization","name":"Fiscal\u00eda General de la Naci\u00f3n","url":"https:\/\/www.fiscalia.gov.co\/colombia\/","logo":{"@type":"ImageObject","inLanguage":"es-CO","@id":"https:\/\/www.fiscalia.gov.co\/colombia\/#\/schema\/logo\/image\/","url":"https:\/\/www.fiscalia.gov.co\/colombia\/wp-content\/uploads\/LogoHorizontal_1.jpg","contentUrl":"https:\/\/www.fiscalia.gov.co\/colombia\/wp-content\/uploads\/LogoHorizontal_1.jpg","width":300,"height":90,"caption":"Fiscal\u00eda General de la Naci\u00f3n"},"image":{"@id":"https:\/\/www.fiscalia.gov.co\/colombia\/#\/schema\/logo\/image\/"},"sameAs":["https:\/\/www.facebook.com\/FiscaliaCol","https:\/\/x.com\/FiscaliaCol","https:\/\/www.instagram.com\/fiscaliacol","https:\/\/www.linkedin.com\/company\/fiscalia-general-de-la-naci-n\/","https:\/\/youtube.com\/@fiscaliageneraldelanacion-4668?si=6nN79nyQICPU5iTh"]},{"@type":"Person","@id":"https:\/\/www.fiscalia.gov.co\/colombia\/#\/schema\/person\/b9e2848713ad5020d250209ba0f31a88","name":"Paula Andrea Munera Due\u00f1as","image":{"@type":"ImageObject","inLanguage":"es-CO","@id":"https:\/\/www.fiscalia.gov.co\/colombia\/#\/schema\/person\/image\/","url":"https:\/\/secure.gravatar.com\/avatar\/4f70b6bf7197f2e2c55ba345c88d6e12?s=96&d=mm&r=g","contentUrl":"https:\/\/secure.gravatar.com\/avatar\/4f70b6bf7197f2e2c55ba345c88d6e12?s=96&d=mm&r=g","caption":"Paula Andrea Munera Due\u00f1as"},"url":"https:\/\/www.fiscalia.gov.co\/colombia\/author\/muneradpaula\/"}]}},"_links":{"self":[{"href":"https:\/\/www.fiscalia.gov.co\/colombia\/wp-json\/wp\/v2\/posts\/290382","targetHints":{"allow":["GET"]}}],"collection":[{"href":"https:\/\/www.fiscalia.gov.co\/colombia\/wp-json\/wp\/v2\/posts"}],"about":[{"href":"https:\/\/www.fiscalia.gov.co\/colombia\/wp-json\/wp\/v2\/types\/post"}],"author":[{"embeddable":true,"href":"https:\/\/www.fiscalia.gov.co\/colombia\/wp-json\/wp\/v2\/users\/180"}],"replies":[{"embeddable":true,"href":"https:\/\/www.fiscalia.gov.co\/colombia\/wp-json\/wp\/v2\/comments?post=290382"}],"version-history":[{"count":1,"href":"https:\/\/www.fiscalia.gov.co\/colombia\/wp-json\/wp\/v2\/posts\/290382\/revisions"}],"predecessor-version":[{"id":290383,"href":"https:\/\/www.fiscalia.gov.co\/colombia\/wp-json\/wp\/v2\/posts\/290382\/revisions\/290383"}],"wp:attachment":[{"href":"https:\/\/www.fiscalia.gov.co\/colombia\/wp-json\/wp\/v2\/media?parent=290382"}],"wp:term":[{"taxonomy":"category","embeddable":true,"href":"https:\/\/www.fiscalia.gov.co\/colombia\/wp-json\/wp\/v2\/categories?post=290382"},{"taxonomy":"post_tag","embeddable":true,"href":"https:\/\/www.fiscalia.gov.co\/colombia\/wp-json\/wp\/v2\/tags?post=290382"}],"curies":[{"name":"wp","href":"https:\/\/api.w.org\/{rel}","templated":true}]}}