{"id":290327,"date":"2024-03-07T11:29:09","date_gmt":"2024-03-07T16:29:09","guid":{"rendered":"https:\/\/www.fiscalia.gov.co\/colombia\/?p=290327"},"modified":"2024-03-07T11:29:09","modified_gmt":"2024-03-07T16:29:09","slug":"juez-envio-a-la-carcel-a-un-condenado-por-homicidio-y-porte-ilegal-de-armas-que-estaba-en-prision-domiciliaria-en-cali","status":"publish","type":"post","link":"https:\/\/www.fiscalia.gov.co\/colombia\/noticias\/juez-envio-a-la-carcel-a-un-condenado-por-homicidio-y-porte-ilegal-de-armas-que-estaba-en-prision-domiciliaria-en-cali\/","title":{"rendered":"Juez envi\u00f3 a la c\u00e1rcel a un condenado por homicidio y porte ilegal de armas que estaba en prisi\u00f3n domiciliaria, en Cali"},"content":{"rendered":"<div>\n<p>La Fiscal\u00eda General de la Naci\u00f3n logr\u00f3 que un juez de Ejecuci\u00f3n de Penas y Medidas sustituyera la prisi\u00f3n domiciliaria por intramural a Jefferson Herrera Valencia de 31 a\u00f1os, un hombre condenado a 21 a\u00f1os y cuatros meses,\u00a0 por los delitos de\u00a0<a href=\"https:\/\/www.fiscalia.gov.co\/colombia\/noticias\/tres-personas-privadas-de-la-libertad-por-homicidio-tentativa-de-homicidio-y-porte-ilegal-de-armas-en-tolima\/\" target=\"_blank\" rel=\"noopener\" data-saferedirecturl=\"https:\/\/www.google.com\/url?q=https:\/\/www.fiscalia.gov.co\/colombia\/noticias\/tres-personas-privadas-de-la-libertad-por-homicidio-tentativa-de-homicidio-y-porte-ilegal-de-armas-en-tolima\/&amp;source=gmail&amp;ust=1709911773500000&amp;usg=AOvVaw3a_xLLhFUQf-vSvAKNZwfH\">homicidio y fabricaci\u00f3n, tr\u00e1fico y porte o tenencia de armas de fuego, accesorios, partes o municiones<\/a>, en Cali (Valle del Cauca).<\/p>\n<figure id=\"attachment_290328\" aria-describedby=\"caption-attachment-290328\" style=\"width: 300px\" class=\"wp-caption alignleft\"><img loading=\"lazy\" decoding=\"async\" class=\"size-medium wp-image-290328\" src=\"https:\/\/www.fiscalia.gov.co\/colombia\/wp-content\/uploads\/Martha-Mancera-Jefferson-Herrera-Valencia.-Homicidio-y-porte.-Cali-Valle-300x289.jpg\" alt=\"En la fotograf\u00eda se aprecia en acci\u00f3n de caminata por un pasillo, con los brazos adelante y esposado a Jefferson Herrera Valencia. Viste camisa de manga corta azul claro, bermuda de color rojo y amarillo y zapatillas negras con zuela blanca. Al lado izquierdo de \u00e9l hay un servidor del CTI de la Fiscal\u00eda y un uniformado del Ej\u00e9rcito Nacional. Al lado derecho hay un uniformado de la Polic\u00eda Nacional.\" width=\"300\" height=\"289\" srcset=\"https:\/\/www.fiscalia.gov.co\/colombia\/wp-content\/uploads\/Martha-Mancera-Jefferson-Herrera-Valencia.-Homicidio-y-porte.-Cali-Valle-300x289.jpg 300w, https:\/\/www.fiscalia.gov.co\/colombia\/wp-content\/uploads\/Martha-Mancera-Jefferson-Herrera-Valencia.-Homicidio-y-porte.-Cali-Valle-1024x985.jpg 1024w, https:\/\/www.fiscalia.gov.co\/colombia\/wp-content\/uploads\/Martha-Mancera-Jefferson-Herrera-Valencia.-Homicidio-y-porte.-Cali-Valle-768x739.jpg 768w, https:\/\/www.fiscalia.gov.co\/colombia\/wp-content\/uploads\/Martha-Mancera-Jefferson-Herrera-Valencia.-Homicidio-y-porte.-Cali-Valle-696x670.jpg 696w, https:\/\/www.fiscalia.gov.co\/colombia\/wp-content\/uploads\/Martha-Mancera-Jefferson-Herrera-Valencia.-Homicidio-y-porte.-Cali-Valle-1068x1027.jpg 1068w, https:\/\/www.fiscalia.gov.co\/colombia\/wp-content\/uploads\/Martha-Mancera-Jefferson-Herrera-Valencia.-Homicidio-y-porte.-Cali-Valle-437x420.jpg 437w, https:\/\/www.fiscalia.gov.co\/colombia\/wp-content\/uploads\/Martha-Mancera-Jefferson-Herrera-Valencia.-Homicidio-y-porte.-Cali-Valle.jpg 1476w\" sizes=\"auto, (max-width: 300px) 100vw, 300px\" \/><figcaption id=\"caption-attachment-290328\" class=\"wp-caption-text\">Jefferson Herrera Valencia debe terminar de cumplir la sentencia condenatoria por homicidio y porte ilegal de armas en el complejo carcelario de Jamund\u00ed (Valle del Cauca).<\/figcaption><\/figure>\n<p>Servidores del Cuerpo T\u00e9cnico de Investigaci\u00f3n (CTI) con apoyo de la de la Polic\u00eda y del Ej\u00e9rcito, hicieron efectiva la captura el pasado 23 de febrero para dar cumplimiento a lo dispuesto por el juzgador.<\/p>\n<p>El hombre fue condenado por un juez penal del circuito, en abril del 2011, \u00a0por hechos ocurridos el 15 de septiembre de 2010, en el barrio La Flora, donde atac\u00f3 con arma de fuego a un hombre quien falleci\u00f3 por consecuencia de las heridas.<\/p>\n<p>El hoy sentenciado quien ya hab\u00eda pagado en domiciliaria 12 a\u00f1os y un mes, por lo que ahora deber\u00e1 terminar de cumplir la sentencia en el Complejo Penitenciario y Carcelario de Jamund\u00ed (Valle del Cauca).<\/p>\n<p>Esta informaci\u00f3n se publica por razones de inter\u00e9s general.<\/p>\n<p style=\"text-align: left;\" align=\"center\"><b><u>La Fiscal\u00eda habla con resultados.<\/u><\/b><\/p>\n<p>MAP\/SEGM\/DSC\/LYBT<\/p>\n<p>&nbsp;<\/p>\n<p><i><span style=\"font-weight: 400;\">La informaci\u00f3n contenida en este bolet\u00edn de prensa corresponde a la narraci\u00f3n de los hechos noticiosos objetivos, suministrados por los funcionarios encargados de adelantar las investigaciones penales al interior de la Fiscal\u00eda General de la Naci\u00f3n. Para el momento de la divulgaci\u00f3n de este comunicado, la situaci\u00f3n jur\u00eddica de la(s) persona(s) relacionada(s) se encuentra pendiente de resolver por la autoridad judicial competente, siempre bajo los preceptos de la presunci\u00f3n de inocencia, consagrados en el art\u00edculo 29 de la Constituci\u00f3n Pol\u00edtica y el art\u00edculo 7\u00ba de la Ley 906 de 2004.\u00a0<\/span><\/i><\/p>\n<\/div>\n\n<div class=\"twitter-share\"><a href=\"https:\/\/twitter.com\/intent\/tweet?via=fiscaliacol\" class=\"twitter-share-button\">Tweet<\/a><\/div>\n","protected":false},"excerpt":{"rendered":"<p>La Fiscal\u00eda General de la Naci\u00f3n logr\u00f3 que un juez de Ejecuci\u00f3n de Penas y Medidas sustituyera la prisi\u00f3n domiciliaria por intramural a Jefferson Herrera Valencia de 31 a\u00f1os, un hombre condenado a 21 a\u00f1os y cuatros meses,\u00a0 por los delitos de\u00a0homicidio y fabricaci\u00f3n, tr\u00e1fico y porte o tenencia de armas de fuego, accesorios, partes [&hellip;]<\/p>\n","protected":false},"author":178,"featured_media":0,"comment_status":"closed","ping_status":"open","sticky":false,"template":"","format":"standard","meta":{"tdm_status":"","tdm_grid_status":"","footnotes":""},"categories":[1,24099],"tags":[25146,30077,12424,37243,4140,78,37225,36949,24187,409,25071,26350,24549,26200,8976,26070,27527],"class_list":{"0":"post-290327","1":"post","2":"type-post","3":"status-publish","4":"format-standard","6":"category-noticias","7":"category-seguridad-territorial","8":"tag-accesorios","9":"tag-cali-valle-del-cauca","10":"tag-capturado","11":"tag-complejo-penitenciario-y-carcelario","12":"tag-fabricacion","13":"tag-fiscal-general-de-la-nacion","14":"tag-fiscal-general-martha-mancera","15":"tag-fiscal-martha-mancera","16":"tag-fiscalia-colombia","17":"tag-homicidio","18":"tag-intramural","19":"tag-martha-mancera","20":"tag-orden-judicial","21":"tag-partes-o-municiones","22":"tag-revoco","23":"tag-seccional-cali","24":"tag-trafico-y-porte-o-tenencia-de-armas-de-fuego"},"yoast_head":"<!-- This site is optimized with the Yoast SEO plugin v24.3 - https:\/\/yoast.com\/wordpress\/plugins\/seo\/ -->\n<title>Fiscal\u00eda General de la Naci\u00f3n<\/title>\n<meta name=\"description\" content=\"P\u00e1gina oficial de la Fiscal\u00eda General de la Naci\u00f3n \u2013 Colombia. Garantizamos el acceso efectivo a la justicia, la verdad y la reparaci\u00f3n de las v\u00edctimas de los delitos.\" \/>\n<meta name=\"robots\" content=\"noindex, follow\" \/>\n<meta property=\"og:locale\" content=\"es_ES\" \/>\n<meta property=\"og:type\" content=\"article\" \/>\n<meta property=\"og:title\" content=\"Fiscal\u00eda General de la Naci\u00f3n\" \/>\n<meta property=\"og:description\" content=\"P\u00e1gina oficial de la Fiscal\u00eda General de la Naci\u00f3n \u2013 Colombia. Garantizamos el acceso efectivo a la justicia, la verdad y la reparaci\u00f3n de las v\u00edctimas de los delitos.\" \/>\n<meta property=\"og:url\" content=\"https:\/\/www.fiscalia.gov.co\/colombia\/noticias\/juez-envio-a-la-carcel-a-un-condenado-por-homicidio-y-porte-ilegal-de-armas-que-estaba-en-prision-domiciliaria-en-cali\/\" \/>\n<meta property=\"og:site_name\" content=\"Fiscal\u00eda General de la Naci\u00f3n\" \/>\n<meta property=\"article:publisher\" content=\"https:\/\/www.facebook.com\/FiscaliaCol\" \/>\n<meta property=\"article:published_time\" content=\"2024-03-07T16:29:09+00:00\" \/>\n<meta property=\"og:image\" content=\"https:\/\/www.fiscalia.gov.co\/colombia\/wp-content\/uploads\/Martha-Mancera-Jefferson-Herrera-Valencia.-Homicidio-y-porte.-Cali-Valle-300x289.jpg\" \/>\n<meta name=\"author\" content=\"Winnie Geraldine Rodr\u00edguez Navarrete\" \/>\n<meta name=\"twitter:card\" content=\"summary_large_image\" \/>\n<meta name=\"twitter:creator\" content=\"@FiscaliaCol\" \/>\n<meta name=\"twitter:site\" content=\"@FiscaliaCol\" \/>\n<meta name=\"twitter:label1\" content=\"Escrito por\" \/>\n\t<meta name=\"twitter:data1\" content=\"Winnie Geraldine Rodr\u00edguez Navarrete\" \/>\n\t<meta name=\"twitter:label2\" content=\"Tiempo de lectura\" \/>\n\t<meta name=\"twitter:data2\" content=\"2 minutos\" \/>\n<script type=\"application\/ld+json\" class=\"yoast-schema-graph\">{\"@context\":\"https:\/\/schema.org\",\"@graph\":[{\"@type\":\"Article\",\"@id\":\"https:\/\/www.fiscalia.gov.co\/colombia\/noticias\/juez-envio-a-la-carcel-a-un-condenado-por-homicidio-y-porte-ilegal-de-armas-que-estaba-en-prision-domiciliaria-en-cali\/#article\",\"isPartOf\":{\"@id\":\"https:\/\/www.fiscalia.gov.co\/colombia\/noticias\/juez-envio-a-la-carcel-a-un-condenado-por-homicidio-y-porte-ilegal-de-armas-que-estaba-en-prision-domiciliaria-en-cali\/\"},\"author\":{\"name\":\"Winnie Geraldine Rodr\u00edguez Navarrete\",\"@id\":\"https:\/\/www.fiscalia.gov.co\/colombia\/#\/schema\/person\/176195b99ebab0a52aafa15197e1bf80\"},\"headline\":\"Juez envi\u00f3 a la c\u00e1rcel a un condenado por homicidio y porte ilegal de armas que estaba en prisi\u00f3n domiciliaria, en Cali\",\"datePublished\":\"2024-03-07T16:29:09+00:00\",\"dateModified\":\"2024-03-07T16:29:09+00:00\",\"mainEntityOfPage\":{\"@id\":\"https:\/\/www.fiscalia.gov.co\/colombia\/noticias\/juez-envio-a-la-carcel-a-un-condenado-por-homicidio-y-porte-ilegal-de-armas-que-estaba-en-prision-domiciliaria-en-cali\/\"},\"wordCount\":365,\"publisher\":{\"@id\":\"https:\/\/www.fiscalia.gov.co\/colombia\/#organization\"},\"image\":{\"@id\":\"https:\/\/www.fiscalia.gov.co\/colombia\/noticias\/juez-envio-a-la-carcel-a-un-condenado-por-homicidio-y-porte-ilegal-de-armas-que-estaba-en-prision-domiciliaria-en-cali\/#primaryimage\"},\"thumbnailUrl\":\"https:\/\/www.fiscalia.gov.co\/colombia\/wp-content\/uploads\/Martha-Mancera-Jefferson-Herrera-Valencia.-Homicidio-y-porte.-Cali-Valle-300x289.jpg\",\"keywords\":[\"accesorios\",\"Cali (Valle del Cauca)\",\"Capturado\",\"complejo penitenciario y carcelario.\",\"Fabricaci\u00f3n\",\"Fiscal General de la Naci\u00f3n\",\"Fiscal General Martha Mancera\",\"fiscal martha mancera\",\"Fiscal\u00eda Colombia\",\"Homicidio\",\"intramural\",\"Martha Mancera\",\"orden judicial\",\"partes o municiones.\",\"Revoc\u00f3\",\"Seccional Cali\",\"tr\u00e1fico y porte o tenencia de armas de fuego\"],\"articleSection\":[\"Noticias\",\"Seguridad territorial\"],\"inLanguage\":\"es-CO\"},{\"@type\":\"WebPage\",\"@id\":\"https:\/\/www.fiscalia.gov.co\/colombia\/noticias\/juez-envio-a-la-carcel-a-un-condenado-por-homicidio-y-porte-ilegal-de-armas-que-estaba-en-prision-domiciliaria-en-cali\/\",\"url\":\"https:\/\/www.fiscalia.gov.co\/colombia\/noticias\/juez-envio-a-la-carcel-a-un-condenado-por-homicidio-y-porte-ilegal-de-armas-que-estaba-en-prision-domiciliaria-en-cali\/\",\"name\":\"Fiscal\u00eda General de la Naci\u00f3n\",\"isPartOf\":{\"@id\":\"https:\/\/www.fiscalia.gov.co\/colombia\/#website\"},\"primaryImageOfPage\":{\"@id\":\"https:\/\/www.fiscalia.gov.co\/colombia\/noticias\/juez-envio-a-la-carcel-a-un-condenado-por-homicidio-y-porte-ilegal-de-armas-que-estaba-en-prision-domiciliaria-en-cali\/#primaryimage\"},\"image\":{\"@id\":\"https:\/\/www.fiscalia.gov.co\/colombia\/noticias\/juez-envio-a-la-carcel-a-un-condenado-por-homicidio-y-porte-ilegal-de-armas-que-estaba-en-prision-domiciliaria-en-cali\/#primaryimage\"},\"thumbnailUrl\":\"https:\/\/www.fiscalia.gov.co\/colombia\/wp-content\/uploads\/Martha-Mancera-Jefferson-Herrera-Valencia.-Homicidio-y-porte.-Cali-Valle-300x289.jpg\",\"datePublished\":\"2024-03-07T16:29:09+00:00\",\"dateModified\":\"2024-03-07T16:29:09+00:00\",\"description\":\"P\u00e1gina oficial de la Fiscal\u00eda General de la Naci\u00f3n \u2013 Colombia. Garantizamos el acceso efectivo a la justicia, la verdad y la reparaci\u00f3n de las v\u00edctimas de los delitos.\",\"breadcrumb\":{\"@id\":\"https:\/\/www.fiscalia.gov.co\/colombia\/noticias\/juez-envio-a-la-carcel-a-un-condenado-por-homicidio-y-porte-ilegal-de-armas-que-estaba-en-prision-domiciliaria-en-cali\/#breadcrumb\"},\"inLanguage\":\"es-CO\",\"potentialAction\":[{\"@type\":\"ReadAction\",\"target\":[\"https:\/\/www.fiscalia.gov.co\/colombia\/noticias\/juez-envio-a-la-carcel-a-un-condenado-por-homicidio-y-porte-ilegal-de-armas-que-estaba-en-prision-domiciliaria-en-cali\/\"]}]},{\"@type\":\"ImageObject\",\"inLanguage\":\"es-CO\",\"@id\":\"https:\/\/www.fiscalia.gov.co\/colombia\/noticias\/juez-envio-a-la-carcel-a-un-condenado-por-homicidio-y-porte-ilegal-de-armas-que-estaba-en-prision-domiciliaria-en-cali\/#primaryimage\",\"url\":\"https:\/\/www.fiscalia.gov.co\/colombia\/wp-content\/uploads\/Martha-Mancera-Jefferson-Herrera-Valencia.-Homicidio-y-porte.-Cali-Valle.jpg\",\"contentUrl\":\"https:\/\/www.fiscalia.gov.co\/colombia\/wp-content\/uploads\/Martha-Mancera-Jefferson-Herrera-Valencia.-Homicidio-y-porte.-Cali-Valle.jpg\",\"width\":1476,\"height\":1420,\"caption\":\"Jefferson Herrera Valencia debe terminar de cumplir la sentencia condenatoria por homicidio y porte ilegal de armas en el complejo carcelario de Jamund\u00ed (Valle del Cauca).\"},{\"@type\":\"BreadcrumbList\",\"@id\":\"https:\/\/www.fiscalia.gov.co\/colombia\/noticias\/juez-envio-a-la-carcel-a-un-condenado-por-homicidio-y-porte-ilegal-de-armas-que-estaba-en-prision-domiciliaria-en-cali\/#breadcrumb\",\"itemListElement\":[{\"@type\":\"ListItem\",\"position\":1,\"name\":\"Home\",\"item\":\"https:\/\/www.fiscalia.gov.co\/colombia\/\"},{\"@type\":\"ListItem\",\"position\":2,\"name\":\"Juez envi\u00f3 a la c\u00e1rcel a un condenado por homicidio y porte ilegal de armas que estaba en prisi\u00f3n domiciliaria, en Cali\"}]},{\"@type\":\"WebSite\",\"@id\":\"https:\/\/www.fiscalia.gov.co\/colombia\/#website\",\"url\":\"https:\/\/www.fiscalia.gov.co\/colombia\/\",\"name\":\"Fiscal\u00eda General de la Naci\u00f3n\",\"description\":\"P\u00e1gina oficial de la Fiscal\u00eda General de la Naci\u00f3n \u2013 Colombia. Garantizamos el acceso efectivo a la justicia, la verdad y la reparaci\u00f3n de las v\u00edctimas de los delitos.\",\"publisher\":{\"@id\":\"https:\/\/www.fiscalia.gov.co\/colombia\/#organization\"},\"potentialAction\":[{\"@type\":\"SearchAction\",\"target\":{\"@type\":\"EntryPoint\",\"urlTemplate\":\"https:\/\/www.fiscalia.gov.co\/colombia\/?s={search_term_string}\"},\"query-input\":{\"@type\":\"PropertyValueSpecification\",\"valueRequired\":true,\"valueName\":\"search_term_string\"}}],\"inLanguage\":\"es-CO\"},{\"@type\":\"Organization\",\"@id\":\"https:\/\/www.fiscalia.gov.co\/colombia\/#organization\",\"name\":\"Fiscal\u00eda General de la Naci\u00f3n\",\"url\":\"https:\/\/www.fiscalia.gov.co\/colombia\/\",\"logo\":{\"@type\":\"ImageObject\",\"inLanguage\":\"es-CO\",\"@id\":\"https:\/\/www.fiscalia.gov.co\/colombia\/#\/schema\/logo\/image\/\",\"url\":\"https:\/\/www.fiscalia.gov.co\/colombia\/wp-content\/uploads\/LogoHorizontal_1.jpg\",\"contentUrl\":\"https:\/\/www.fiscalia.gov.co\/colombia\/wp-content\/uploads\/LogoHorizontal_1.jpg\",\"width\":300,\"height\":90,\"caption\":\"Fiscal\u00eda General de la Naci\u00f3n\"},\"image\":{\"@id\":\"https:\/\/www.fiscalia.gov.co\/colombia\/#\/schema\/logo\/image\/\"},\"sameAs\":[\"https:\/\/www.facebook.com\/FiscaliaCol\",\"https:\/\/x.com\/FiscaliaCol\",\"https:\/\/www.instagram.com\/fiscaliacol\",\"https:\/\/www.linkedin.com\/company\/fiscalia-general-de-la-naci-n\/\",\"https:\/\/youtube.com\/@fiscaliageneraldelanacion-4668?si=6nN79nyQICPU5iTh\"]},{\"@type\":\"Person\",\"@id\":\"https:\/\/www.fiscalia.gov.co\/colombia\/#\/schema\/person\/176195b99ebab0a52aafa15197e1bf80\",\"name\":\"Winnie Geraldine Rodr\u00edguez Navarrete\",\"image\":{\"@type\":\"ImageObject\",\"inLanguage\":\"es-CO\",\"@id\":\"https:\/\/www.fiscalia.gov.co\/colombia\/#\/schema\/person\/image\/\",\"url\":\"https:\/\/secure.gravatar.com\/avatar\/c24cf8481dc84fa5e8c7b20bc95ab0c6?s=96&d=mm&r=g\",\"contentUrl\":\"https:\/\/secure.gravatar.com\/avatar\/c24cf8481dc84fa5e8c7b20bc95ab0c6?s=96&d=mm&r=g\",\"caption\":\"Winnie Geraldine Rodr\u00edguez Navarrete\"},\"url\":\"https:\/\/www.fiscalia.gov.co\/colombia\/author\/winnierodriguez\/\"}]}<\/script>\n<!-- \/ Yoast SEO plugin. -->","yoast_head_json":{"title":"Fiscal\u00eda General de la Naci\u00f3n","description":"P\u00e1gina oficial de la Fiscal\u00eda General de la Naci\u00f3n \u2013 Colombia. Garantizamos el acceso efectivo a la justicia, la verdad y la reparaci\u00f3n de las v\u00edctimas de los delitos.","robots":{"index":"noindex","follow":"follow"},"og_locale":"es_ES","og_type":"article","og_title":"Fiscal\u00eda General de la Naci\u00f3n","og_description":"P\u00e1gina oficial de la Fiscal\u00eda General de la Naci\u00f3n \u2013 Colombia. Garantizamos el acceso efectivo a la justicia, la verdad y la reparaci\u00f3n de las v\u00edctimas de los delitos.","og_url":"https:\/\/www.fiscalia.gov.co\/colombia\/noticias\/juez-envio-a-la-carcel-a-un-condenado-por-homicidio-y-porte-ilegal-de-armas-que-estaba-en-prision-domiciliaria-en-cali\/","og_site_name":"Fiscal\u00eda General de la Naci\u00f3n","article_publisher":"https:\/\/www.facebook.com\/FiscaliaCol","article_published_time":"2024-03-07T16:29:09+00:00","og_image":[{"url":"https:\/\/www.fiscalia.gov.co\/colombia\/wp-content\/uploads\/Martha-Mancera-Jefferson-Herrera-Valencia.-Homicidio-y-porte.-Cali-Valle-300x289.jpg","type":"","width":"","height":""}],"author":"Winnie Geraldine Rodr\u00edguez Navarrete","twitter_card":"summary_large_image","twitter_creator":"@FiscaliaCol","twitter_site":"@FiscaliaCol","twitter_misc":{"Escrito por":"Winnie Geraldine Rodr\u00edguez Navarrete","Tiempo de lectura":"2 minutos"},"schema":{"@context":"https:\/\/schema.org","@graph":[{"@type":"Article","@id":"https:\/\/www.fiscalia.gov.co\/colombia\/noticias\/juez-envio-a-la-carcel-a-un-condenado-por-homicidio-y-porte-ilegal-de-armas-que-estaba-en-prision-domiciliaria-en-cali\/#article","isPartOf":{"@id":"https:\/\/www.fiscalia.gov.co\/colombia\/noticias\/juez-envio-a-la-carcel-a-un-condenado-por-homicidio-y-porte-ilegal-de-armas-que-estaba-en-prision-domiciliaria-en-cali\/"},"author":{"name":"Winnie Geraldine Rodr\u00edguez Navarrete","@id":"https:\/\/www.fiscalia.gov.co\/colombia\/#\/schema\/person\/176195b99ebab0a52aafa15197e1bf80"},"headline":"Juez envi\u00f3 a la c\u00e1rcel a un condenado por homicidio y porte ilegal de armas que estaba en prisi\u00f3n domiciliaria, en Cali","datePublished":"2024-03-07T16:29:09+00:00","dateModified":"2024-03-07T16:29:09+00:00","mainEntityOfPage":{"@id":"https:\/\/www.fiscalia.gov.co\/colombia\/noticias\/juez-envio-a-la-carcel-a-un-condenado-por-homicidio-y-porte-ilegal-de-armas-que-estaba-en-prision-domiciliaria-en-cali\/"},"wordCount":365,"publisher":{"@id":"https:\/\/www.fiscalia.gov.co\/colombia\/#organization"},"image":{"@id":"https:\/\/www.fiscalia.gov.co\/colombia\/noticias\/juez-envio-a-la-carcel-a-un-condenado-por-homicidio-y-porte-ilegal-de-armas-que-estaba-en-prision-domiciliaria-en-cali\/#primaryimage"},"thumbnailUrl":"https:\/\/www.fiscalia.gov.co\/colombia\/wp-content\/uploads\/Martha-Mancera-Jefferson-Herrera-Valencia.-Homicidio-y-porte.-Cali-Valle-300x289.jpg","keywords":["accesorios","Cali (Valle del Cauca)","Capturado","complejo penitenciario y carcelario.","Fabricaci\u00f3n","Fiscal General de la Naci\u00f3n","Fiscal General Martha Mancera","fiscal martha mancera","Fiscal\u00eda Colombia","Homicidio","intramural","Martha Mancera","orden judicial","partes o municiones.","Revoc\u00f3","Seccional Cali","tr\u00e1fico y porte o tenencia de armas de fuego"],"articleSection":["Noticias","Seguridad territorial"],"inLanguage":"es-CO"},{"@type":"WebPage","@id":"https:\/\/www.fiscalia.gov.co\/colombia\/noticias\/juez-envio-a-la-carcel-a-un-condenado-por-homicidio-y-porte-ilegal-de-armas-que-estaba-en-prision-domiciliaria-en-cali\/","url":"https:\/\/www.fiscalia.gov.co\/colombia\/noticias\/juez-envio-a-la-carcel-a-un-condenado-por-homicidio-y-porte-ilegal-de-armas-que-estaba-en-prision-domiciliaria-en-cali\/","name":"Fiscal\u00eda General de la Naci\u00f3n","isPartOf":{"@id":"https:\/\/www.fiscalia.gov.co\/colombia\/#website"},"primaryImageOfPage":{"@id":"https:\/\/www.fiscalia.gov.co\/colombia\/noticias\/juez-envio-a-la-carcel-a-un-condenado-por-homicidio-y-porte-ilegal-de-armas-que-estaba-en-prision-domiciliaria-en-cali\/#primaryimage"},"image":{"@id":"https:\/\/www.fiscalia.gov.co\/colombia\/noticias\/juez-envio-a-la-carcel-a-un-condenado-por-homicidio-y-porte-ilegal-de-armas-que-estaba-en-prision-domiciliaria-en-cali\/#primaryimage"},"thumbnailUrl":"https:\/\/www.fiscalia.gov.co\/colombia\/wp-content\/uploads\/Martha-Mancera-Jefferson-Herrera-Valencia.-Homicidio-y-porte.-Cali-Valle-300x289.jpg","datePublished":"2024-03-07T16:29:09+00:00","dateModified":"2024-03-07T16:29:09+00:00","description":"P\u00e1gina oficial de la Fiscal\u00eda General de la Naci\u00f3n \u2013 Colombia. Garantizamos el acceso efectivo a la justicia, la verdad y la reparaci\u00f3n de las v\u00edctimas de los delitos.","breadcrumb":{"@id":"https:\/\/www.fiscalia.gov.co\/colombia\/noticias\/juez-envio-a-la-carcel-a-un-condenado-por-homicidio-y-porte-ilegal-de-armas-que-estaba-en-prision-domiciliaria-en-cali\/#breadcrumb"},"inLanguage":"es-CO","potentialAction":[{"@type":"ReadAction","target":["https:\/\/www.fiscalia.gov.co\/colombia\/noticias\/juez-envio-a-la-carcel-a-un-condenado-por-homicidio-y-porte-ilegal-de-armas-que-estaba-en-prision-domiciliaria-en-cali\/"]}]},{"@type":"ImageObject","inLanguage":"es-CO","@id":"https:\/\/www.fiscalia.gov.co\/colombia\/noticias\/juez-envio-a-la-carcel-a-un-condenado-por-homicidio-y-porte-ilegal-de-armas-que-estaba-en-prision-domiciliaria-en-cali\/#primaryimage","url":"https:\/\/www.fiscalia.gov.co\/colombia\/wp-content\/uploads\/Martha-Mancera-Jefferson-Herrera-Valencia.-Homicidio-y-porte.-Cali-Valle.jpg","contentUrl":"https:\/\/www.fiscalia.gov.co\/colombia\/wp-content\/uploads\/Martha-Mancera-Jefferson-Herrera-Valencia.-Homicidio-y-porte.-Cali-Valle.jpg","width":1476,"height":1420,"caption":"Jefferson Herrera Valencia debe terminar de cumplir la sentencia condenatoria por homicidio y porte ilegal de armas en el complejo carcelario de Jamund\u00ed (Valle del Cauca)."},{"@type":"BreadcrumbList","@id":"https:\/\/www.fiscalia.gov.co\/colombia\/noticias\/juez-envio-a-la-carcel-a-un-condenado-por-homicidio-y-porte-ilegal-de-armas-que-estaba-en-prision-domiciliaria-en-cali\/#breadcrumb","itemListElement":[{"@type":"ListItem","position":1,"name":"Home","item":"https:\/\/www.fiscalia.gov.co\/colombia\/"},{"@type":"ListItem","position":2,"name":"Juez envi\u00f3 a la c\u00e1rcel a un condenado por homicidio y porte ilegal de armas que estaba en prisi\u00f3n domiciliaria, en Cali"}]},{"@type":"WebSite","@id":"https:\/\/www.fiscalia.gov.co\/colombia\/#website","url":"https:\/\/www.fiscalia.gov.co\/colombia\/","name":"Fiscal\u00eda General de la Naci\u00f3n","description":"P\u00e1gina oficial de la Fiscal\u00eda General de la Naci\u00f3n \u2013 Colombia. Garantizamos el acceso efectivo a la justicia, la verdad y la reparaci\u00f3n de las v\u00edctimas de los delitos.","publisher":{"@id":"https:\/\/www.fiscalia.gov.co\/colombia\/#organization"},"potentialAction":[{"@type":"SearchAction","target":{"@type":"EntryPoint","urlTemplate":"https:\/\/www.fiscalia.gov.co\/colombia\/?s={search_term_string}"},"query-input":{"@type":"PropertyValueSpecification","valueRequired":true,"valueName":"search_term_string"}}],"inLanguage":"es-CO"},{"@type":"Organization","@id":"https:\/\/www.fiscalia.gov.co\/colombia\/#organization","name":"Fiscal\u00eda General de la Naci\u00f3n","url":"https:\/\/www.fiscalia.gov.co\/colombia\/","logo":{"@type":"ImageObject","inLanguage":"es-CO","@id":"https:\/\/www.fiscalia.gov.co\/colombia\/#\/schema\/logo\/image\/","url":"https:\/\/www.fiscalia.gov.co\/colombia\/wp-content\/uploads\/LogoHorizontal_1.jpg","contentUrl":"https:\/\/www.fiscalia.gov.co\/colombia\/wp-content\/uploads\/LogoHorizontal_1.jpg","width":300,"height":90,"caption":"Fiscal\u00eda General de la Naci\u00f3n"},"image":{"@id":"https:\/\/www.fiscalia.gov.co\/colombia\/#\/schema\/logo\/image\/"},"sameAs":["https:\/\/www.facebook.com\/FiscaliaCol","https:\/\/x.com\/FiscaliaCol","https:\/\/www.instagram.com\/fiscaliacol","https:\/\/www.linkedin.com\/company\/fiscalia-general-de-la-naci-n\/","https:\/\/youtube.com\/@fiscaliageneraldelanacion-4668?si=6nN79nyQICPU5iTh"]},{"@type":"Person","@id":"https:\/\/www.fiscalia.gov.co\/colombia\/#\/schema\/person\/176195b99ebab0a52aafa15197e1bf80","name":"Winnie Geraldine Rodr\u00edguez Navarrete","image":{"@type":"ImageObject","inLanguage":"es-CO","@id":"https:\/\/www.fiscalia.gov.co\/colombia\/#\/schema\/person\/image\/","url":"https:\/\/secure.gravatar.com\/avatar\/c24cf8481dc84fa5e8c7b20bc95ab0c6?s=96&d=mm&r=g","contentUrl":"https:\/\/secure.gravatar.com\/avatar\/c24cf8481dc84fa5e8c7b20bc95ab0c6?s=96&d=mm&r=g","caption":"Winnie Geraldine Rodr\u00edguez Navarrete"},"url":"https:\/\/www.fiscalia.gov.co\/colombia\/author\/winnierodriguez\/"}]}},"_links":{"self":[{"href":"https:\/\/www.fiscalia.gov.co\/colombia\/wp-json\/wp\/v2\/posts\/290327","targetHints":{"allow":["GET"]}}],"collection":[{"href":"https:\/\/www.fiscalia.gov.co\/colombia\/wp-json\/wp\/v2\/posts"}],"about":[{"href":"https:\/\/www.fiscalia.gov.co\/colombia\/wp-json\/wp\/v2\/types\/post"}],"author":[{"embeddable":true,"href":"https:\/\/www.fiscalia.gov.co\/colombia\/wp-json\/wp\/v2\/users\/178"}],"replies":[{"embeddable":true,"href":"https:\/\/www.fiscalia.gov.co\/colombia\/wp-json\/wp\/v2\/comments?post=290327"}],"version-history":[{"count":1,"href":"https:\/\/www.fiscalia.gov.co\/colombia\/wp-json\/wp\/v2\/posts\/290327\/revisions"}],"predecessor-version":[{"id":290329,"href":"https:\/\/www.fiscalia.gov.co\/colombia\/wp-json\/wp\/v2\/posts\/290327\/revisions\/290329"}],"wp:attachment":[{"href":"https:\/\/www.fiscalia.gov.co\/colombia\/wp-json\/wp\/v2\/media?parent=290327"}],"wp:term":[{"taxonomy":"category","embeddable":true,"href":"https:\/\/www.fiscalia.gov.co\/colombia\/wp-json\/wp\/v2\/categories?post=290327"},{"taxonomy":"post_tag","embeddable":true,"href":"https:\/\/www.fiscalia.gov.co\/colombia\/wp-json\/wp\/v2\/tags?post=290327"}],"curies":[{"name":"wp","href":"https:\/\/api.w.org\/{rel}","templated":true}]}}