{"id":289830,"date":"2024-03-05T15:33:29","date_gmt":"2024-03-05T20:33:29","guid":{"rendered":"https:\/\/www.fiscalia.gov.co\/colombia\/?p=289830"},"modified":"2024-03-07T10:06:42","modified_gmt":"2024-03-07T15:06:42","slug":"enviado-a-la-carcel-alias-el-caleno-quien-habria-participado-en-el-homicidio-de-un-ciudadano-en-el-cauca","status":"publish","type":"post","link":"https:\/\/www.fiscalia.gov.co\/colombia\/noticias\/enviado-a-la-carcel-alias-el-caleno-quien-habria-participado-en-el-homicidio-de-un-ciudadano-en-el-cauca\/","title":{"rendered":"Enviado a la c\u00e1rcel alias El Cale\u00f1o, quien habr\u00eda participado en el homicidio de un ciudadano en el Cauca"},"content":{"rendered":"<p>Atendiendo la solicitud de una fiscal local El Bordo (Cauca), un juez penal con control de garant\u00edas envi\u00f3 a la c\u00e1rcel a Juan Esteban Mart\u00ednez Tabares, alias El cale\u00f1o, presunto integrante de la estructura criminal <a href=\"http:\/\/www.fiscalia.gov.co\/colombia\/noticias\/fiscalia-logro-esclarecer-28-homicidios-cometidos-por-la-banda-los-popis-presuntamente-financiados-por-la-disidencia-residual-carlos-patino-en-el-bordo-cauca\/\" target=\"_blank\" rel=\"noopener\" data-saferedirecturl=\"https:\/\/www.google.com\/url?q=http:\/\/www.fiscalia.gov.co\/colombia\/noticias\/fiscalia-logro-esclarecer-28-homicidios-cometidos-por-la-banda-los-popis-presuntamente-financiados-por-la-disidencia-residual-carlos-patino-en-el-bordo-cauca\/&amp;source=gmail&amp;ust=1709753699216000&amp;usg=AOvVaw3udzFJzl2gDtCP0HfHeWKK\">Los Popis<\/a>.<u><\/u><u><\/u><\/p>\n<p>El hombre fue imputado con cargos por el ente investigador como presunto autor material del delito de\u00a0<a href=\"http:\/\/www.fiscalia.gov.co\/colombia\/noticias\/a-prision-alias-el-tuerto-procesado-por-homicidio-agravado-y-hurto-calificado-y-agravado\/\" target=\"_blank\" rel=\"noopener\" data-saferedirecturl=\"https:\/\/www.google.com\/url?q=http:\/\/www.fiscalia.gov.co\/colombia\/noticias\/a-prision-alias-el-tuerto-procesado-por-homicidio-agravado-y-hurto-calificado-y-agravado\/&amp;source=gmail&amp;ust=1709753699216000&amp;usg=AOvVaw1q9lhrj_moTHMRJwyjwk65\">homicidio agravado<\/a>.<u><\/u><u><\/u><\/p>\n<p>De acuerdo con la investigaci\u00f3n, los hechos por los que alias El cale\u00f1o es procesado ocurrieron el 23 de julio de 2023, en un sector del barrio Popular de este municipio caucano, cuando una pareja de esposos que se movilizaba en una motocicleta fue abordada por cuatro hombres de la banda delincuencial, quienes portaban armas de fuego y machetes.<u><\/u><u><\/u><\/p>\n<p>Los presuntos agresores dispararon contra Eduar Daniel Moncayo Caicedo, quien recibi\u00f3 heridas graves que le provocaron la muerte en el sitio, mientras su esposa era despojada de la motocicleta.<u><\/u><u><\/u><\/p>\n<figure id=\"attachment_289832\" aria-describedby=\"caption-attachment-289832\" style=\"width: 374px\" class=\"wp-caption aligncenter\"><img loading=\"lazy\" decoding=\"async\" class=\"wp-image-289832\" title=\"Martha Mancera, Fiscal Mancera, Fiscal Martha Mancera \" src=\"https:\/\/www.fiscalia.gov.co\/colombia\/wp-content\/uploads\/WhatsApp-Image-2024-03-05-at-2.25.05-PM-300x277.jpeg\" alt=\"En la fotograf\u00eda aparecen el capturado junto a un servidor del CTI y un agente de la Polic\u00eda Nacional. En la parte superior est\u00e1 un banner de la Fiscal\u00eda General de la Naci\u00f3n\" width=\"374\" height=\"345\" srcset=\"https:\/\/www.fiscalia.gov.co\/colombia\/wp-content\/uploads\/WhatsApp-Image-2024-03-05-at-2.25.05-PM-300x277.jpeg 300w, https:\/\/www.fiscalia.gov.co\/colombia\/wp-content\/uploads\/WhatsApp-Image-2024-03-05-at-2.25.05-PM-1024x945.jpeg 1024w, https:\/\/www.fiscalia.gov.co\/colombia\/wp-content\/uploads\/WhatsApp-Image-2024-03-05-at-2.25.05-PM-768x709.jpeg 768w, https:\/\/www.fiscalia.gov.co\/colombia\/wp-content\/uploads\/WhatsApp-Image-2024-03-05-at-2.25.05-PM-1536x1418.jpeg 1536w, https:\/\/www.fiscalia.gov.co\/colombia\/wp-content\/uploads\/WhatsApp-Image-2024-03-05-at-2.25.05-PM-696x642.jpeg 696w, https:\/\/www.fiscalia.gov.co\/colombia\/wp-content\/uploads\/WhatsApp-Image-2024-03-05-at-2.25.05-PM-1068x986.jpeg 1068w, https:\/\/www.fiscalia.gov.co\/colombia\/wp-content\/uploads\/WhatsApp-Image-2024-03-05-at-2.25.05-PM-455x420.jpeg 455w, https:\/\/www.fiscalia.gov.co\/colombia\/wp-content\/uploads\/WhatsApp-Image-2024-03-05-at-2.25.05-PM.jpeg 1600w\" sizes=\"auto, (max-width: 374px) 100vw, 374px\" \/><figcaption id=\"caption-attachment-289832\" class=\"wp-caption-text\">Juan Esteban Mart\u00ednez Tabares, alias El cale\u00f1o, fue judicializado por el delito de homicidio agravado<\/figcaption><\/figure>\n<p>Cometido el crimen, los cuatro hombres emprendieron la fuga y dos de ellos se desplazaron en el veh\u00edculo hurtado.<u><\/u><u><\/u><\/p>\n<p>Funcionarios del CTI con agentes de la Sijin de la Polic\u00eda Nacional capturaron a Mart\u00ednez Tabares cuando se desplazaba por el corregimiento de Amaime, zona rural del municipio de Palmira (Valle del Cauca).<u><\/u><u><\/u><\/p>\n<p>Durante las audiencias concentradas, Juan Esteban Mart\u00ednez Tabares no acept\u00f3 los cargos imputados.<u><\/u><u><\/u><\/p>\n<p>Seg\u00fan la investigaci\u00f3n, la banda Los Popis es una organizaci\u00f3n criminal dedicada en El Bordo a los homicidios, el hurto violento a personas y el tr\u00e1fico de estupefacientes.<u><\/u><u><\/u><\/p>\n<p>Adem\u00e1s, durante el 2023, la banda delincuencial cometi\u00f3 28 homicidios, esclarecidos por la Fiscal\u00eda Seccional, contratados por la disidencia residual Carlos Pati\u00f1o de las extintas Farc, entre ellos el de un integrante de la Polic\u00eda Nacional y un funcionario de la Secretaria de la Mujer de la alcald\u00eda.<u><\/u><u><\/u><\/p>\n<p><b><u>La Fiscal\u00eda habla con resultados.<\/u><\/b><\/p>\n<p>&nbsp;<\/p>\n<p>&nbsp;<\/p>\n<p>JGPV\/FAGHT\/JAHS\/DSC<u><\/u><u><\/u><\/p>\n<p>&nbsp;<\/p>\n<p>&nbsp;<\/p>\n<p align=\"center\">\u00a0<u><\/u><u><\/u><\/p>\n<p>Le puede interesar:\u00a0<a href=\"http:\/\/www.fiscalia.gov.co\/colombia\/noticias\/judicializado-alias-oscuro-presunto-sicario-de-la-banda-los-popis-financiada-por-la-disidencia-carlos-patino-para-cometer-homicidios\/\" target=\"_blank\" rel=\"noopener\" data-saferedirecturl=\"https:\/\/www.google.com\/url?q=http:\/\/www.fiscalia.gov.co\/colombia\/noticias\/judicializado-alias-oscuro-presunto-sicario-de-la-banda-los-popis-financiada-por-la-disidencia-carlos-patino-para-cometer-homicidios\/&amp;source=gmail&amp;ust=1709753699216000&amp;usg=AOvVaw3Ta9xUlyOVlKCzgncOwaCl\">judicializado alias Oscuro, presunto sicario de la banda Los Popis, financiada por la disidencia Carlos Pati\u00f1o para cometer homicidios<\/a><u><\/u><u><\/u><\/p>\n<p>&nbsp;<\/p>\n<p><em>La informaci\u00f3n contenida en este bolet\u00edn de prensa corresponde a la narraci\u00f3n de los hechos noticiosos objetivos, suministrados por los funcionarios encargados de adelantar las investigaciones penales al interior de la Fiscal\u00eda General de la Naci\u00f3n. Para el momento de la divulgaci\u00f3n de este comunicado, la situaci\u00f3n jur\u00eddica de la(s) persona(s) relacionada(s) se encuentra pendiente de resolver por la autoridad\u00a0judicial competente, siempre bajo los preceptos de la presunci\u00f3n de inocencia, consagrados en el art\u00edculo 29 de la Constituci\u00f3n Pol\u00edtica y el art\u00edculo 7\u00ba de la Ley 906 de 2004.\u00a0<\/em><\/p>\n\n<div class=\"twitter-share\"><a href=\"https:\/\/twitter.com\/intent\/tweet?via=fiscaliacol\" class=\"twitter-share-button\">Tweet<\/a><\/div>\n","protected":false},"excerpt":{"rendered":"<p>Atendiendo la solicitud de una fiscal local El Bordo (Cauca), un juez penal con control de garant\u00edas envi\u00f3 a la c\u00e1rcel a Juan Esteban Mart\u00ednez Tabares, alias El cale\u00f1o, presunto integrante de la estructura criminal Los Popis. El hombre fue imputado con cargos por el ente investigador como presunto autor material del delito de\u00a0homicidio agravado. [&hellip;]<\/p>\n","protected":false},"author":178,"featured_media":0,"comment_status":"closed","ping_status":"open","sticky":false,"template":"","format":"standard","meta":{"tdm_status":"","tdm_grid_status":"","footnotes":""},"categories":[1,24099],"tags":[32889,78,37213,37086,36949,24187,686,36742,26350,26070],"class_list":{"0":"post-289830","1":"post","2":"type-post","3":"status-publish","4":"format-standard","6":"category-noticias","7":"category-seguridad-territorial","8":"tag-el-bordo-cauca","9":"tag-fiscal-general-de-la-nacion","10":"tag-fiscal-general-de-la-nacion-e-marta-janeth-mancera","11":"tag-fiscal-mancera","12":"tag-fiscal-martha-mancera","13":"tag-fiscalia-colombia","14":"tag-homicidio-agravado","15":"tag-los-popis","16":"tag-martha-mancera","17":"tag-seccional-cali"},"yoast_head":"<!-- This site is optimized with the Yoast SEO plugin v24.3 - https:\/\/yoast.com\/wordpress\/plugins\/seo\/ -->\n<title>Fiscal\u00eda General de la Naci\u00f3n<\/title>\n<meta name=\"description\" content=\"P\u00e1gina oficial de la Fiscal\u00eda General de la Naci\u00f3n \u2013 Colombia. Garantizamos el acceso efectivo a la justicia, la verdad y la reparaci\u00f3n de las v\u00edctimas de los delitos.\" \/>\n<meta name=\"robots\" content=\"noindex, follow\" \/>\n<meta property=\"og:locale\" content=\"es_ES\" \/>\n<meta property=\"og:type\" content=\"article\" \/>\n<meta property=\"og:title\" content=\"Fiscal\u00eda General de la Naci\u00f3n\" \/>\n<meta property=\"og:description\" content=\"P\u00e1gina oficial de la Fiscal\u00eda General de la Naci\u00f3n \u2013 Colombia. Garantizamos el acceso efectivo a la justicia, la verdad y la reparaci\u00f3n de las v\u00edctimas de los delitos.\" \/>\n<meta property=\"og:url\" content=\"https:\/\/www.fiscalia.gov.co\/colombia\/noticias\/enviado-a-la-carcel-alias-el-caleno-quien-habria-participado-en-el-homicidio-de-un-ciudadano-en-el-cauca\/\" \/>\n<meta property=\"og:site_name\" content=\"Fiscal\u00eda General de la Naci\u00f3n\" \/>\n<meta property=\"article:publisher\" content=\"https:\/\/www.facebook.com\/FiscaliaCol\" \/>\n<meta property=\"article:published_time\" content=\"2024-03-05T20:33:29+00:00\" \/>\n<meta property=\"article:modified_time\" content=\"2024-03-07T15:06:42+00:00\" \/>\n<meta property=\"og:image\" content=\"https:\/\/www.fiscalia.gov.co\/colombia\/wp-content\/uploads\/WhatsApp-Image-2024-03-05-at-2.25.05-PM-300x277.jpeg\" \/>\n<meta name=\"author\" content=\"Winnie Geraldine Rodr\u00edguez Navarrete\" \/>\n<meta name=\"twitter:card\" content=\"summary_large_image\" \/>\n<meta name=\"twitter:creator\" content=\"@FiscaliaCol\" \/>\n<meta name=\"twitter:site\" content=\"@FiscaliaCol\" \/>\n<meta name=\"twitter:label1\" content=\"Escrito por\" \/>\n\t<meta name=\"twitter:data1\" content=\"Winnie Geraldine Rodr\u00edguez Navarrete\" \/>\n\t<meta name=\"twitter:label2\" content=\"Tiempo de lectura\" \/>\n\t<meta name=\"twitter:data2\" content=\"3 minutos\" \/>\n<script type=\"application\/ld+json\" class=\"yoast-schema-graph\">{\"@context\":\"https:\/\/schema.org\",\"@graph\":[{\"@type\":\"Article\",\"@id\":\"https:\/\/www.fiscalia.gov.co\/colombia\/noticias\/enviado-a-la-carcel-alias-el-caleno-quien-habria-participado-en-el-homicidio-de-un-ciudadano-en-el-cauca\/#article\",\"isPartOf\":{\"@id\":\"https:\/\/www.fiscalia.gov.co\/colombia\/noticias\/enviado-a-la-carcel-alias-el-caleno-quien-habria-participado-en-el-homicidio-de-un-ciudadano-en-el-cauca\/\"},\"author\":{\"name\":\"Winnie Geraldine Rodr\u00edguez Navarrete\",\"@id\":\"https:\/\/www.fiscalia.gov.co\/colombia\/#\/schema\/person\/176195b99ebab0a52aafa15197e1bf80\"},\"headline\":\"Enviado a la c\u00e1rcel alias El Cale\u00f1o, quien habr\u00eda participado en el homicidio de un ciudadano en el Cauca\",\"datePublished\":\"2024-03-05T20:33:29+00:00\",\"dateModified\":\"2024-03-07T15:06:42+00:00\",\"mainEntityOfPage\":{\"@id\":\"https:\/\/www.fiscalia.gov.co\/colombia\/noticias\/enviado-a-la-carcel-alias-el-caleno-quien-habria-participado-en-el-homicidio-de-un-ciudadano-en-el-cauca\/\"},\"wordCount\":486,\"publisher\":{\"@id\":\"https:\/\/www.fiscalia.gov.co\/colombia\/#organization\"},\"image\":{\"@id\":\"https:\/\/www.fiscalia.gov.co\/colombia\/noticias\/enviado-a-la-carcel-alias-el-caleno-quien-habria-participado-en-el-homicidio-de-un-ciudadano-en-el-cauca\/#primaryimage\"},\"thumbnailUrl\":\"https:\/\/www.fiscalia.gov.co\/colombia\/wp-content\/uploads\/WhatsApp-Image-2024-03-05-at-2.25.05-PM-300x277.jpeg\",\"keywords\":[\"El Bordo (Cauca)\",\"Fiscal General de la Naci\u00f3n\",\"Fiscal General de la Naci\u00f3n (e) Marta Janeth Mancera\",\"fiscal mancera\",\"fiscal martha mancera\",\"Fiscal\u00eda Colombia\",\"Homicidio agravado\",\"Los popis\",\"Martha Mancera\",\"Seccional Cali\"],\"articleSection\":[\"Noticias\",\"Seguridad territorial\"],\"inLanguage\":\"es-CO\"},{\"@type\":\"WebPage\",\"@id\":\"https:\/\/www.fiscalia.gov.co\/colombia\/noticias\/enviado-a-la-carcel-alias-el-caleno-quien-habria-participado-en-el-homicidio-de-un-ciudadano-en-el-cauca\/\",\"url\":\"https:\/\/www.fiscalia.gov.co\/colombia\/noticias\/enviado-a-la-carcel-alias-el-caleno-quien-habria-participado-en-el-homicidio-de-un-ciudadano-en-el-cauca\/\",\"name\":\"Fiscal\u00eda General de la Naci\u00f3n\",\"isPartOf\":{\"@id\":\"https:\/\/www.fiscalia.gov.co\/colombia\/#website\"},\"primaryImageOfPage\":{\"@id\":\"https:\/\/www.fiscalia.gov.co\/colombia\/noticias\/enviado-a-la-carcel-alias-el-caleno-quien-habria-participado-en-el-homicidio-de-un-ciudadano-en-el-cauca\/#primaryimage\"},\"image\":{\"@id\":\"https:\/\/www.fiscalia.gov.co\/colombia\/noticias\/enviado-a-la-carcel-alias-el-caleno-quien-habria-participado-en-el-homicidio-de-un-ciudadano-en-el-cauca\/#primaryimage\"},\"thumbnailUrl\":\"https:\/\/www.fiscalia.gov.co\/colombia\/wp-content\/uploads\/WhatsApp-Image-2024-03-05-at-2.25.05-PM-300x277.jpeg\",\"datePublished\":\"2024-03-05T20:33:29+00:00\",\"dateModified\":\"2024-03-07T15:06:42+00:00\",\"description\":\"P\u00e1gina oficial de la Fiscal\u00eda General de la Naci\u00f3n \u2013 Colombia. Garantizamos el acceso efectivo a la justicia, la verdad y la reparaci\u00f3n de las v\u00edctimas de los delitos.\",\"breadcrumb\":{\"@id\":\"https:\/\/www.fiscalia.gov.co\/colombia\/noticias\/enviado-a-la-carcel-alias-el-caleno-quien-habria-participado-en-el-homicidio-de-un-ciudadano-en-el-cauca\/#breadcrumb\"},\"inLanguage\":\"es-CO\",\"potentialAction\":[{\"@type\":\"ReadAction\",\"target\":[\"https:\/\/www.fiscalia.gov.co\/colombia\/noticias\/enviado-a-la-carcel-alias-el-caleno-quien-habria-participado-en-el-homicidio-de-un-ciudadano-en-el-cauca\/\"]}]},{\"@type\":\"ImageObject\",\"inLanguage\":\"es-CO\",\"@id\":\"https:\/\/www.fiscalia.gov.co\/colombia\/noticias\/enviado-a-la-carcel-alias-el-caleno-quien-habria-participado-en-el-homicidio-de-un-ciudadano-en-el-cauca\/#primaryimage\",\"url\":\"https:\/\/www.fiscalia.gov.co\/colombia\/wp-content\/uploads\/WhatsApp-Image-2024-03-05-at-2.25.05-PM-300x277.jpeg\",\"contentUrl\":\"https:\/\/www.fiscalia.gov.co\/colombia\/wp-content\/uploads\/WhatsApp-Image-2024-03-05-at-2.25.05-PM-300x277.jpeg\"},{\"@type\":\"BreadcrumbList\",\"@id\":\"https:\/\/www.fiscalia.gov.co\/colombia\/noticias\/enviado-a-la-carcel-alias-el-caleno-quien-habria-participado-en-el-homicidio-de-un-ciudadano-en-el-cauca\/#breadcrumb\",\"itemListElement\":[{\"@type\":\"ListItem\",\"position\":1,\"name\":\"Home\",\"item\":\"https:\/\/www.fiscalia.gov.co\/colombia\/\"},{\"@type\":\"ListItem\",\"position\":2,\"name\":\"Enviado a la c\u00e1rcel alias El Cale\u00f1o, quien habr\u00eda participado en el homicidio de un ciudadano en el Cauca\"}]},{\"@type\":\"WebSite\",\"@id\":\"https:\/\/www.fiscalia.gov.co\/colombia\/#website\",\"url\":\"https:\/\/www.fiscalia.gov.co\/colombia\/\",\"name\":\"Fiscal\u00eda General de la Naci\u00f3n\",\"description\":\"P\u00e1gina oficial de la Fiscal\u00eda General de la Naci\u00f3n \u2013 Colombia. Garantizamos el acceso efectivo a la justicia, la verdad y la reparaci\u00f3n de las v\u00edctimas de los delitos.\",\"publisher\":{\"@id\":\"https:\/\/www.fiscalia.gov.co\/colombia\/#organization\"},\"potentialAction\":[{\"@type\":\"SearchAction\",\"target\":{\"@type\":\"EntryPoint\",\"urlTemplate\":\"https:\/\/www.fiscalia.gov.co\/colombia\/?s={search_term_string}\"},\"query-input\":{\"@type\":\"PropertyValueSpecification\",\"valueRequired\":true,\"valueName\":\"search_term_string\"}}],\"inLanguage\":\"es-CO\"},{\"@type\":\"Organization\",\"@id\":\"https:\/\/www.fiscalia.gov.co\/colombia\/#organization\",\"name\":\"Fiscal\u00eda General de la Naci\u00f3n\",\"url\":\"https:\/\/www.fiscalia.gov.co\/colombia\/\",\"logo\":{\"@type\":\"ImageObject\",\"inLanguage\":\"es-CO\",\"@id\":\"https:\/\/www.fiscalia.gov.co\/colombia\/#\/schema\/logo\/image\/\",\"url\":\"https:\/\/www.fiscalia.gov.co\/colombia\/wp-content\/uploads\/LogoHorizontal_1.jpg\",\"contentUrl\":\"https:\/\/www.fiscalia.gov.co\/colombia\/wp-content\/uploads\/LogoHorizontal_1.jpg\",\"width\":300,\"height\":90,\"caption\":\"Fiscal\u00eda General de la Naci\u00f3n\"},\"image\":{\"@id\":\"https:\/\/www.fiscalia.gov.co\/colombia\/#\/schema\/logo\/image\/\"},\"sameAs\":[\"https:\/\/www.facebook.com\/FiscaliaCol\",\"https:\/\/x.com\/FiscaliaCol\",\"https:\/\/www.instagram.com\/fiscaliacol\",\"https:\/\/www.linkedin.com\/company\/fiscalia-general-de-la-naci-n\/\",\"https:\/\/youtube.com\/@fiscaliageneraldelanacion-4668?si=6nN79nyQICPU5iTh\"]},{\"@type\":\"Person\",\"@id\":\"https:\/\/www.fiscalia.gov.co\/colombia\/#\/schema\/person\/176195b99ebab0a52aafa15197e1bf80\",\"name\":\"Winnie Geraldine Rodr\u00edguez Navarrete\",\"image\":{\"@type\":\"ImageObject\",\"inLanguage\":\"es-CO\",\"@id\":\"https:\/\/www.fiscalia.gov.co\/colombia\/#\/schema\/person\/image\/\",\"url\":\"https:\/\/secure.gravatar.com\/avatar\/c24cf8481dc84fa5e8c7b20bc95ab0c6?s=96&d=mm&r=g\",\"contentUrl\":\"https:\/\/secure.gravatar.com\/avatar\/c24cf8481dc84fa5e8c7b20bc95ab0c6?s=96&d=mm&r=g\",\"caption\":\"Winnie Geraldine Rodr\u00edguez Navarrete\"},\"url\":\"https:\/\/www.fiscalia.gov.co\/colombia\/author\/winnierodriguez\/\"}]}<\/script>\n<!-- \/ Yoast SEO plugin. -->","yoast_head_json":{"title":"Fiscal\u00eda General de la Naci\u00f3n","description":"P\u00e1gina oficial de la Fiscal\u00eda General de la Naci\u00f3n \u2013 Colombia. Garantizamos el acceso efectivo a la justicia, la verdad y la reparaci\u00f3n de las v\u00edctimas de los delitos.","robots":{"index":"noindex","follow":"follow"},"og_locale":"es_ES","og_type":"article","og_title":"Fiscal\u00eda General de la Naci\u00f3n","og_description":"P\u00e1gina oficial de la Fiscal\u00eda General de la Naci\u00f3n \u2013 Colombia. Garantizamos el acceso efectivo a la justicia, la verdad y la reparaci\u00f3n de las v\u00edctimas de los delitos.","og_url":"https:\/\/www.fiscalia.gov.co\/colombia\/noticias\/enviado-a-la-carcel-alias-el-caleno-quien-habria-participado-en-el-homicidio-de-un-ciudadano-en-el-cauca\/","og_site_name":"Fiscal\u00eda General de la Naci\u00f3n","article_publisher":"https:\/\/www.facebook.com\/FiscaliaCol","article_published_time":"2024-03-05T20:33:29+00:00","article_modified_time":"2024-03-07T15:06:42+00:00","og_image":[{"url":"https:\/\/www.fiscalia.gov.co\/colombia\/wp-content\/uploads\/WhatsApp-Image-2024-03-05-at-2.25.05-PM-300x277.jpeg","type":"","width":"","height":""}],"author":"Winnie Geraldine Rodr\u00edguez Navarrete","twitter_card":"summary_large_image","twitter_creator":"@FiscaliaCol","twitter_site":"@FiscaliaCol","twitter_misc":{"Escrito por":"Winnie Geraldine Rodr\u00edguez Navarrete","Tiempo de lectura":"3 minutos"},"schema":{"@context":"https:\/\/schema.org","@graph":[{"@type":"Article","@id":"https:\/\/www.fiscalia.gov.co\/colombia\/noticias\/enviado-a-la-carcel-alias-el-caleno-quien-habria-participado-en-el-homicidio-de-un-ciudadano-en-el-cauca\/#article","isPartOf":{"@id":"https:\/\/www.fiscalia.gov.co\/colombia\/noticias\/enviado-a-la-carcel-alias-el-caleno-quien-habria-participado-en-el-homicidio-de-un-ciudadano-en-el-cauca\/"},"author":{"name":"Winnie Geraldine Rodr\u00edguez Navarrete","@id":"https:\/\/www.fiscalia.gov.co\/colombia\/#\/schema\/person\/176195b99ebab0a52aafa15197e1bf80"},"headline":"Enviado a la c\u00e1rcel alias El Cale\u00f1o, quien habr\u00eda participado en el homicidio de un ciudadano en el Cauca","datePublished":"2024-03-05T20:33:29+00:00","dateModified":"2024-03-07T15:06:42+00:00","mainEntityOfPage":{"@id":"https:\/\/www.fiscalia.gov.co\/colombia\/noticias\/enviado-a-la-carcel-alias-el-caleno-quien-habria-participado-en-el-homicidio-de-un-ciudadano-en-el-cauca\/"},"wordCount":486,"publisher":{"@id":"https:\/\/www.fiscalia.gov.co\/colombia\/#organization"},"image":{"@id":"https:\/\/www.fiscalia.gov.co\/colombia\/noticias\/enviado-a-la-carcel-alias-el-caleno-quien-habria-participado-en-el-homicidio-de-un-ciudadano-en-el-cauca\/#primaryimage"},"thumbnailUrl":"https:\/\/www.fiscalia.gov.co\/colombia\/wp-content\/uploads\/WhatsApp-Image-2024-03-05-at-2.25.05-PM-300x277.jpeg","keywords":["El Bordo (Cauca)","Fiscal General de la Naci\u00f3n","Fiscal General de la Naci\u00f3n (e) Marta Janeth Mancera","fiscal mancera","fiscal martha mancera","Fiscal\u00eda Colombia","Homicidio agravado","Los popis","Martha Mancera","Seccional Cali"],"articleSection":["Noticias","Seguridad territorial"],"inLanguage":"es-CO"},{"@type":"WebPage","@id":"https:\/\/www.fiscalia.gov.co\/colombia\/noticias\/enviado-a-la-carcel-alias-el-caleno-quien-habria-participado-en-el-homicidio-de-un-ciudadano-en-el-cauca\/","url":"https:\/\/www.fiscalia.gov.co\/colombia\/noticias\/enviado-a-la-carcel-alias-el-caleno-quien-habria-participado-en-el-homicidio-de-un-ciudadano-en-el-cauca\/","name":"Fiscal\u00eda General de la Naci\u00f3n","isPartOf":{"@id":"https:\/\/www.fiscalia.gov.co\/colombia\/#website"},"primaryImageOfPage":{"@id":"https:\/\/www.fiscalia.gov.co\/colombia\/noticias\/enviado-a-la-carcel-alias-el-caleno-quien-habria-participado-en-el-homicidio-de-un-ciudadano-en-el-cauca\/#primaryimage"},"image":{"@id":"https:\/\/www.fiscalia.gov.co\/colombia\/noticias\/enviado-a-la-carcel-alias-el-caleno-quien-habria-participado-en-el-homicidio-de-un-ciudadano-en-el-cauca\/#primaryimage"},"thumbnailUrl":"https:\/\/www.fiscalia.gov.co\/colombia\/wp-content\/uploads\/WhatsApp-Image-2024-03-05-at-2.25.05-PM-300x277.jpeg","datePublished":"2024-03-05T20:33:29+00:00","dateModified":"2024-03-07T15:06:42+00:00","description":"P\u00e1gina oficial de la Fiscal\u00eda General de la Naci\u00f3n \u2013 Colombia. Garantizamos el acceso efectivo a la justicia, la verdad y la reparaci\u00f3n de las v\u00edctimas de los delitos.","breadcrumb":{"@id":"https:\/\/www.fiscalia.gov.co\/colombia\/noticias\/enviado-a-la-carcel-alias-el-caleno-quien-habria-participado-en-el-homicidio-de-un-ciudadano-en-el-cauca\/#breadcrumb"},"inLanguage":"es-CO","potentialAction":[{"@type":"ReadAction","target":["https:\/\/www.fiscalia.gov.co\/colombia\/noticias\/enviado-a-la-carcel-alias-el-caleno-quien-habria-participado-en-el-homicidio-de-un-ciudadano-en-el-cauca\/"]}]},{"@type":"ImageObject","inLanguage":"es-CO","@id":"https:\/\/www.fiscalia.gov.co\/colombia\/noticias\/enviado-a-la-carcel-alias-el-caleno-quien-habria-participado-en-el-homicidio-de-un-ciudadano-en-el-cauca\/#primaryimage","url":"https:\/\/www.fiscalia.gov.co\/colombia\/wp-content\/uploads\/WhatsApp-Image-2024-03-05-at-2.25.05-PM-300x277.jpeg","contentUrl":"https:\/\/www.fiscalia.gov.co\/colombia\/wp-content\/uploads\/WhatsApp-Image-2024-03-05-at-2.25.05-PM-300x277.jpeg"},{"@type":"BreadcrumbList","@id":"https:\/\/www.fiscalia.gov.co\/colombia\/noticias\/enviado-a-la-carcel-alias-el-caleno-quien-habria-participado-en-el-homicidio-de-un-ciudadano-en-el-cauca\/#breadcrumb","itemListElement":[{"@type":"ListItem","position":1,"name":"Home","item":"https:\/\/www.fiscalia.gov.co\/colombia\/"},{"@type":"ListItem","position":2,"name":"Enviado a la c\u00e1rcel alias El Cale\u00f1o, quien habr\u00eda participado en el homicidio de un ciudadano en el Cauca"}]},{"@type":"WebSite","@id":"https:\/\/www.fiscalia.gov.co\/colombia\/#website","url":"https:\/\/www.fiscalia.gov.co\/colombia\/","name":"Fiscal\u00eda General de la Naci\u00f3n","description":"P\u00e1gina oficial de la Fiscal\u00eda General de la Naci\u00f3n \u2013 Colombia. Garantizamos el acceso efectivo a la justicia, la verdad y la reparaci\u00f3n de las v\u00edctimas de los delitos.","publisher":{"@id":"https:\/\/www.fiscalia.gov.co\/colombia\/#organization"},"potentialAction":[{"@type":"SearchAction","target":{"@type":"EntryPoint","urlTemplate":"https:\/\/www.fiscalia.gov.co\/colombia\/?s={search_term_string}"},"query-input":{"@type":"PropertyValueSpecification","valueRequired":true,"valueName":"search_term_string"}}],"inLanguage":"es-CO"},{"@type":"Organization","@id":"https:\/\/www.fiscalia.gov.co\/colombia\/#organization","name":"Fiscal\u00eda General de la Naci\u00f3n","url":"https:\/\/www.fiscalia.gov.co\/colombia\/","logo":{"@type":"ImageObject","inLanguage":"es-CO","@id":"https:\/\/www.fiscalia.gov.co\/colombia\/#\/schema\/logo\/image\/","url":"https:\/\/www.fiscalia.gov.co\/colombia\/wp-content\/uploads\/LogoHorizontal_1.jpg","contentUrl":"https:\/\/www.fiscalia.gov.co\/colombia\/wp-content\/uploads\/LogoHorizontal_1.jpg","width":300,"height":90,"caption":"Fiscal\u00eda General de la Naci\u00f3n"},"image":{"@id":"https:\/\/www.fiscalia.gov.co\/colombia\/#\/schema\/logo\/image\/"},"sameAs":["https:\/\/www.facebook.com\/FiscaliaCol","https:\/\/x.com\/FiscaliaCol","https:\/\/www.instagram.com\/fiscaliacol","https:\/\/www.linkedin.com\/company\/fiscalia-general-de-la-naci-n\/","https:\/\/youtube.com\/@fiscaliageneraldelanacion-4668?si=6nN79nyQICPU5iTh"]},{"@type":"Person","@id":"https:\/\/www.fiscalia.gov.co\/colombia\/#\/schema\/person\/176195b99ebab0a52aafa15197e1bf80","name":"Winnie Geraldine Rodr\u00edguez Navarrete","image":{"@type":"ImageObject","inLanguage":"es-CO","@id":"https:\/\/www.fiscalia.gov.co\/colombia\/#\/schema\/person\/image\/","url":"https:\/\/secure.gravatar.com\/avatar\/c24cf8481dc84fa5e8c7b20bc95ab0c6?s=96&d=mm&r=g","contentUrl":"https:\/\/secure.gravatar.com\/avatar\/c24cf8481dc84fa5e8c7b20bc95ab0c6?s=96&d=mm&r=g","caption":"Winnie Geraldine Rodr\u00edguez Navarrete"},"url":"https:\/\/www.fiscalia.gov.co\/colombia\/author\/winnierodriguez\/"}]}},"_links":{"self":[{"href":"https:\/\/www.fiscalia.gov.co\/colombia\/wp-json\/wp\/v2\/posts\/289830","targetHints":{"allow":["GET"]}}],"collection":[{"href":"https:\/\/www.fiscalia.gov.co\/colombia\/wp-json\/wp\/v2\/posts"}],"about":[{"href":"https:\/\/www.fiscalia.gov.co\/colombia\/wp-json\/wp\/v2\/types\/post"}],"author":[{"embeddable":true,"href":"https:\/\/www.fiscalia.gov.co\/colombia\/wp-json\/wp\/v2\/users\/178"}],"replies":[{"embeddable":true,"href":"https:\/\/www.fiscalia.gov.co\/colombia\/wp-json\/wp\/v2\/comments?post=289830"}],"version-history":[{"count":3,"href":"https:\/\/www.fiscalia.gov.co\/colombia\/wp-json\/wp\/v2\/posts\/289830\/revisions"}],"predecessor-version":[{"id":290282,"href":"https:\/\/www.fiscalia.gov.co\/colombia\/wp-json\/wp\/v2\/posts\/289830\/revisions\/290282"}],"wp:attachment":[{"href":"https:\/\/www.fiscalia.gov.co\/colombia\/wp-json\/wp\/v2\/media?parent=289830"}],"wp:term":[{"taxonomy":"category","embeddable":true,"href":"https:\/\/www.fiscalia.gov.co\/colombia\/wp-json\/wp\/v2\/categories?post=289830"},{"taxonomy":"post_tag","embeddable":true,"href":"https:\/\/www.fiscalia.gov.co\/colombia\/wp-json\/wp\/v2\/tags?post=289830"}],"curies":[{"name":"wp","href":"https:\/\/api.w.org\/{rel}","templated":true}]}}