{"id":289815,"date":"2024-03-05T15:24:52","date_gmt":"2024-03-05T20:24:52","guid":{"rendered":"https:\/\/www.fiscalia.gov.co\/colombia\/?p=289815"},"modified":"2024-03-07T10:01:45","modified_gmt":"2024-03-07T15:01:45","slug":"carcel-para-cuarto-hombre-implicado-en-el-hurto-y-homicidio-de-un-turista-estadounidense-en-cartagena","status":"publish","type":"post","link":"https:\/\/www.fiscalia.gov.co\/colombia\/noticias\/carcel-para-cuarto-hombre-implicado-en-el-hurto-y-homicidio-de-un-turista-estadounidense-en-cartagena\/","title":{"rendered":"C\u00e1rcel para cuarto hombre implicado en el hurto y homicidio de un turista estadounidense en Cartagena"},"content":{"rendered":"<h4><strong><i>El capturado aparec\u00eda en el cartel de los m\u00e1s buscados por la Polic\u00eda Nacional en esta capital.\u00a0<\/i><\/strong><\/h4>\n<p>Los elementos materiales probatorios aportados por un fiscal de la Unidad de Vida, permiti\u00f3 que un juez de control de garant\u00edas enviara a la c\u00e1rcel a Jerry Rosero Prasca, alias Jerry, quien ser\u00eda el cuarto hombre implicado en el hurto y homicidio de un turista de Estados Unidos de 59 a\u00f1os.<\/p>\n<p>El crimen tuvo lugar\u00a0el 10 de octubre de 2023 en el barrio Marbella, de Cartagena, donde en medio de un hurto perdi\u00f3 la vida con arma de fuego el ciudadano estadounidense.<\/p>\n<p>De acuerdo con la investigaci\u00f3n, el procesado, junto con otras tres personas que ya est\u00e1n siendo procesadas, habr\u00edan intentado arrebatarle una cadena de oro y un celular de alta gama al extranjero, que al oponer resistencia recibi\u00f3 un disparo que le caus\u00f3 la muerte.<\/p>\n<figure id=\"attachment_289817\" aria-describedby=\"caption-attachment-289817\" style=\"width: 414px\" class=\"wp-caption aligncenter\"><img loading=\"lazy\" decoding=\"async\" class=\"wp-image-289817\" title=\"Martha Mancera, Fiscal Mancera, Fiscal Martha Mancera \" src=\"https:\/\/www.fiscalia.gov.co\/colombia\/wp-content\/uploads\/Foto-boletin-05-de-marzo-homicidio-turista-300x168.jpeg\" alt=\"En la fotograf\u00eda aparece un hombre de pie, delgado, moreno, con los brazos hacia adelante, esposado, vestido de camiseta amarilla y pantal\u00f3n blanco, acompa\u00f1ado de dos uniformados de la Polic\u00eda Nacional.\" width=\"414\" height=\"232\" srcset=\"https:\/\/www.fiscalia.gov.co\/colombia\/wp-content\/uploads\/Foto-boletin-05-de-marzo-homicidio-turista-300x168.jpeg 300w, https:\/\/www.fiscalia.gov.co\/colombia\/wp-content\/uploads\/Foto-boletin-05-de-marzo-homicidio-turista-1024x573.jpeg 1024w, https:\/\/www.fiscalia.gov.co\/colombia\/wp-content\/uploads\/Foto-boletin-05-de-marzo-homicidio-turista-768x430.jpeg 768w, https:\/\/www.fiscalia.gov.co\/colombia\/wp-content\/uploads\/Foto-boletin-05-de-marzo-homicidio-turista-696x390.jpeg 696w, https:\/\/www.fiscalia.gov.co\/colombia\/wp-content\/uploads\/Foto-boletin-05-de-marzo-homicidio-turista-1068x598.jpeg 1068w, https:\/\/www.fiscalia.gov.co\/colombia\/wp-content\/uploads\/Foto-boletin-05-de-marzo-homicidio-turista-750x420.jpeg 750w, https:\/\/www.fiscalia.gov.co\/colombia\/wp-content\/uploads\/Foto-boletin-05-de-marzo-homicidio-turista.jpeg 1284w\" sizes=\"auto, (max-width: 414px) 100vw, 414px\" \/><figcaption id=\"caption-attachment-289817\" class=\"wp-caption-text\">A alias Jerry, la Fiscal\u00eda le imput\u00f3 los delitos de homicidio agravado, hurto calificado y fabricaci\u00f3n, tr\u00e1fico o porte de arma de fuego.<\/figcaption><\/figure>\n<p>Por estos hechos ya se encuentran asegurados alias Chatarra, alias el Cabe y alias el Junior.<\/p>\n<p>La captura de alias Jerry, quien aparece en la lista de los delincuentes m\u00e1s buscados de Cartagena, se produjo el pasado 23 de febrero en el barrio Chiquinquir\u00e1 de esta ciudad.<\/p>\n<p>En el desarrollo de las audiencias concentradas Rosero Prasca, de 29 a\u00f1os, no acept\u00f3 los delitos de homicidio agravado, hurto calificado y fabricaci\u00f3n, tr\u00e1fico o porte de arma de fuego que le imput\u00f3 la Fiscal\u00eda.<\/p>\n<p>Con esta judicializaci\u00f3n la Seccional Bol\u00edvar sigue dando cumplimiento al compromiso adquirido por la Fiscal General de la Naci\u00f3n (e), Martha Janeth Mancera, de esclarecer los delitos que afectan la seguridad ciudadana.<\/p>\n<p>Esta informaci\u00f3n se publica por razones de inter\u00e9s general.<\/p>\n<p><b><u>La Fiscal\u00eda habla con resultados.<\/u><\/b><\/p>\n<p>&nbsp;<\/p>\n<p>&nbsp;<\/p>\n<p>MEVA\/CFG\/ICHS\/DSB<\/p>\n<p>&nbsp;<\/p>\n<p><b>\u00a0<\/b><\/p>\n<p><b><i>Le puede interesar:<\/i><\/b><\/p>\n<p><a id=\"m_-4758664294685875923m_4364440954476817608OWA044c5dac-1289-1798-c530-00311ab2f520\" title=\"C\u00e1rcel para presunto responsable del homicidio de empleado de una estaci\u00f3n de gasolina durante un intento de hurto\" href=\"https:\/\/www.fiscalia.gov.co\/colombia\/noticias\/carcel-para-presunto-responsable-del-homicidio-de-empleado-de-una-estacion-de-gasolina-durante-un-intento-de-hurto\/\" target=\"_blank\" rel=\"noopener noreferrer\" data-saferedirecturl=\"https:\/\/www.google.com\/url?q=https:\/\/www.fiscalia.gov.co\/colombia\/noticias\/carcel-para-presunto-responsable-del-homicidio-de-empleado-de-una-estacion-de-gasolina-durante-un-intento-de-hurto\/&amp;source=gmail&amp;ust=1709753099874000&amp;usg=AOvVaw1Ifq6yjCBkxvhP9OFgRz9A\">C\u00e1rcel para presunto responsable del homicidio de empleado de una estaci\u00f3n de gasolina durante un intento de hurto<\/a><\/p>\n<p>&nbsp;<\/p>\n<p><a id=\"m_-4758664294685875923m_4364440954476817608OWA75e057a7-2161-494e-e987-1c382881c182\" title=\"Prisi\u00f3n para dos hombres se\u00f1alados de homicidio, hurto calificado y falsedad marcaria\" href=\"https:\/\/www.fiscalia.gov.co\/colombia\/noticias\/prision-para-dos-hombres-senalados-de-homicidio-hurto-calificado-y-falsedad-marcaria\/\" target=\"_blank\" rel=\"noopener noreferrer\" data-saferedirecturl=\"https:\/\/www.google.com\/url?q=https:\/\/www.fiscalia.gov.co\/colombia\/noticias\/prision-para-dos-hombres-senalados-de-homicidio-hurto-calificado-y-falsedad-marcaria\/&amp;source=gmail&amp;ust=1709753099874000&amp;usg=AOvVaw34gpalWC1Ak3FB6iHrQyI7\">Prisi\u00f3n para dos hombres se\u00f1alados de homicidio, hurto calificado y falsedad marcaria<\/a><\/p>\n<p><b>\u00a0<\/b><\/p>\n<p>&nbsp;<\/p>\n<p>&nbsp;<\/p>\n<p><em>La informaci\u00f3n contenida en este bolet\u00edn de prensa corresponde a la narraci\u00f3n de los hechos noticiosos objetivos, suministrados por los funcionarios encargados de adelantar las investigaciones penales al interior de la Fiscal\u00eda General de la Naci\u00f3n. Para el momento de la divulgaci\u00f3n de este comunicado, la situaci\u00f3n jur\u00eddica de la(s) persona(s) relacionada(s) se encuentra pendiente de resolver por la autoridad\u00a0judicial competente, siempre bajo los preceptos de la presunci\u00f3n de inocencia, consagrados en el art\u00edculo 29 de la Constituci\u00f3n Pol\u00edtica y el art\u00edculo 7\u00ba de la Ley 906 de 2004.<\/em><\/p>\n\n<div class=\"twitter-share\"><a href=\"https:\/\/twitter.com\/intent\/tweet?via=fiscaliacol\" class=\"twitter-share-button\">Tweet<\/a><\/div>\n","protected":false},"excerpt":{"rendered":"<p>El capturado aparec\u00eda en el cartel de los m\u00e1s buscados por la Polic\u00eda Nacional en esta capital.\u00a0 Los elementos materiales probatorios aportados por un fiscal de la Unidad de Vida, permiti\u00f3 que un juez de control de garant\u00edas enviara a la c\u00e1rcel a Jerry Rosero Prasca, alias Jerry, quien ser\u00eda el cuarto hombre implicado en [&hellip;]<\/p>\n","protected":false},"author":178,"featured_media":0,"comment_status":"closed","ping_status":"open","sticky":false,"template":"","format":"standard","meta":{"_price":"","_stock":"","_tribe_ticket_header":"","_tribe_default_ticket_provider":"","_tribe_ticket_capacity":"0","_ticket_start_date":"","_ticket_end_date":"","_tribe_ticket_show_description":"","_tribe_ticket_show_not_going":false,"_tribe_ticket_use_global_stock":"","_tribe_ticket_global_stock_level":"","_global_stock_mode":"","_global_stock_cap":"","_tribe_rsvp_for_event":"","_tribe_ticket_going_count":"","_tribe_ticket_not_going_count":"","_tribe_tickets_list":"[]","_tribe_ticket_has_attendee_info_fields":false,"tdm_status":"","tdm_grid_status":"","footnotes":""},"categories":[1,24099],"tags":[14550,23819,23998,37086,36949,24187,1047,409,23960,26350,36477,558,29043,33442],"class_list":{"0":"post-289815","1":"post","2":"type-post","3":"status-publish","4":"format-standard","6":"category-noticias","7":"category-seguridad-territorial","8":"tag-carcel","9":"tag-cartagena","10":"tag-cartagena-bolivar","11":"tag-fiscal-mancera","12":"tag-fiscal-martha-mancera","13":"tag-fiscalia-colombia","14":"tag-fiscalia-general-de-la-nacion","15":"tag-homicidio","16":"tag-hurto","17":"tag-martha-mancera","18":"tag-norteamericano","19":"tag-policia-nacional","20":"tag-porte-de-arma-de-fuego","21":"tag-turista"},"yoast_head":"<!-- This site is optimized with the Yoast SEO plugin v24.3 - https:\/\/yoast.com\/wordpress\/plugins\/seo\/ -->\n<title>Fiscal\u00eda General de la Naci\u00f3n<\/title>\n<meta name=\"description\" content=\"P\u00e1gina oficial de la Fiscal\u00eda General de la Naci\u00f3n \u2013 Colombia. Garantizamos el acceso efectivo a la justicia, la verdad y la reparaci\u00f3n de las v\u00edctimas de los delitos.\" \/>\n<meta name=\"robots\" content=\"noindex, follow\" \/>\n<meta property=\"og:locale\" content=\"es_ES\" \/>\n<meta property=\"og:type\" content=\"article\" \/>\n<meta property=\"og:title\" content=\"Fiscal\u00eda General de la Naci\u00f3n\" \/>\n<meta property=\"og:description\" content=\"P\u00e1gina oficial de la Fiscal\u00eda General de la Naci\u00f3n \u2013 Colombia. Garantizamos el acceso efectivo a la justicia, la verdad y la reparaci\u00f3n de las v\u00edctimas de los delitos.\" \/>\n<meta property=\"og:url\" content=\"https:\/\/www.fiscalia.gov.co\/colombia\/noticias\/carcel-para-cuarto-hombre-implicado-en-el-hurto-y-homicidio-de-un-turista-estadounidense-en-cartagena\/\" \/>\n<meta property=\"og:site_name\" content=\"Fiscal\u00eda General de la Naci\u00f3n\" \/>\n<meta property=\"article:publisher\" content=\"https:\/\/www.facebook.com\/FiscaliaCol\" \/>\n<meta property=\"article:published_time\" content=\"2024-03-05T20:24:52+00:00\" \/>\n<meta property=\"article:modified_time\" content=\"2024-03-07T15:01:45+00:00\" \/>\n<meta property=\"og:image\" content=\"https:\/\/www.fiscalia.gov.co\/colombia\/wp-content\/uploads\/Foto-boletin-05-de-marzo-homicidio-turista-300x168.jpeg\" \/>\n<meta name=\"author\" content=\"Winnie Geraldine Rodr\u00edguez Navarrete\" \/>\n<meta name=\"twitter:card\" content=\"summary_large_image\" \/>\n<meta name=\"twitter:creator\" content=\"@FiscaliaCol\" \/>\n<meta name=\"twitter:site\" content=\"@FiscaliaCol\" \/>\n<meta name=\"twitter:label1\" content=\"Escrito por\" \/>\n\t<meta name=\"twitter:data1\" content=\"Winnie Geraldine Rodr\u00edguez Navarrete\" \/>\n\t<meta name=\"twitter:label2\" content=\"Tiempo de lectura\" \/>\n\t<meta name=\"twitter:data2\" content=\"3 minutos\" \/>\n<script type=\"application\/ld+json\" class=\"yoast-schema-graph\">{\"@context\":\"https:\/\/schema.org\",\"@graph\":[{\"@type\":\"Article\",\"@id\":\"https:\/\/www.fiscalia.gov.co\/colombia\/noticias\/carcel-para-cuarto-hombre-implicado-en-el-hurto-y-homicidio-de-un-turista-estadounidense-en-cartagena\/#article\",\"isPartOf\":{\"@id\":\"https:\/\/www.fiscalia.gov.co\/colombia\/noticias\/carcel-para-cuarto-hombre-implicado-en-el-hurto-y-homicidio-de-un-turista-estadounidense-en-cartagena\/\"},\"author\":{\"name\":\"Winnie Geraldine Rodr\u00edguez Navarrete\",\"@id\":\"https:\/\/www.fiscalia.gov.co\/colombia\/#\/schema\/person\/176195b99ebab0a52aafa15197e1bf80\"},\"headline\":\"C\u00e1rcel para cuarto hombre implicado en el hurto y homicidio de un turista estadounidense en Cartagena\",\"datePublished\":\"2024-03-05T20:24:52+00:00\",\"dateModified\":\"2024-03-07T15:01:45+00:00\",\"mainEntityOfPage\":{\"@id\":\"https:\/\/www.fiscalia.gov.co\/colombia\/noticias\/carcel-para-cuarto-hombre-implicado-en-el-hurto-y-homicidio-de-un-turista-estadounidense-en-cartagena\/\"},\"wordCount\":487,\"publisher\":{\"@id\":\"https:\/\/www.fiscalia.gov.co\/colombia\/#organization\"},\"image\":{\"@id\":\"https:\/\/www.fiscalia.gov.co\/colombia\/noticias\/carcel-para-cuarto-hombre-implicado-en-el-hurto-y-homicidio-de-un-turista-estadounidense-en-cartagena\/#primaryimage\"},\"thumbnailUrl\":\"https:\/\/www.fiscalia.gov.co\/colombia\/wp-content\/uploads\/Foto-boletin-05-de-marzo-homicidio-turista-300x168.jpeg\",\"keywords\":[\"C\u00e1rcel\",\"Cartagena\",\"Cartagena (Bol\u00edvar)\",\"fiscal mancera\",\"fiscal martha mancera\",\"Fiscal\u00eda Colombia\",\"Fiscal\u00eda General de la Naci\u00f3n\",\"Homicidio\",\"Hurto\",\"Martha Mancera\",\"norteamericano\",\"Polic\u00eda Nacional\",\"porte de arma de fuego\",\"turista.\"],\"articleSection\":[\"Noticias\",\"Seguridad territorial\"],\"inLanguage\":\"es-CO\"},{\"@type\":\"WebPage\",\"@id\":\"https:\/\/www.fiscalia.gov.co\/colombia\/noticias\/carcel-para-cuarto-hombre-implicado-en-el-hurto-y-homicidio-de-un-turista-estadounidense-en-cartagena\/\",\"url\":\"https:\/\/www.fiscalia.gov.co\/colombia\/noticias\/carcel-para-cuarto-hombre-implicado-en-el-hurto-y-homicidio-de-un-turista-estadounidense-en-cartagena\/\",\"name\":\"Fiscal\u00eda General de la Naci\u00f3n\",\"isPartOf\":{\"@id\":\"https:\/\/www.fiscalia.gov.co\/colombia\/#website\"},\"primaryImageOfPage\":{\"@id\":\"https:\/\/www.fiscalia.gov.co\/colombia\/noticias\/carcel-para-cuarto-hombre-implicado-en-el-hurto-y-homicidio-de-un-turista-estadounidense-en-cartagena\/#primaryimage\"},\"image\":{\"@id\":\"https:\/\/www.fiscalia.gov.co\/colombia\/noticias\/carcel-para-cuarto-hombre-implicado-en-el-hurto-y-homicidio-de-un-turista-estadounidense-en-cartagena\/#primaryimage\"},\"thumbnailUrl\":\"https:\/\/www.fiscalia.gov.co\/colombia\/wp-content\/uploads\/Foto-boletin-05-de-marzo-homicidio-turista-300x168.jpeg\",\"datePublished\":\"2024-03-05T20:24:52+00:00\",\"dateModified\":\"2024-03-07T15:01:45+00:00\",\"description\":\"P\u00e1gina oficial de la Fiscal\u00eda General de la Naci\u00f3n \u2013 Colombia. Garantizamos el acceso efectivo a la justicia, la verdad y la reparaci\u00f3n de las v\u00edctimas de los delitos.\",\"breadcrumb\":{\"@id\":\"https:\/\/www.fiscalia.gov.co\/colombia\/noticias\/carcel-para-cuarto-hombre-implicado-en-el-hurto-y-homicidio-de-un-turista-estadounidense-en-cartagena\/#breadcrumb\"},\"inLanguage\":\"es-CO\",\"potentialAction\":[{\"@type\":\"ReadAction\",\"target\":[\"https:\/\/www.fiscalia.gov.co\/colombia\/noticias\/carcel-para-cuarto-hombre-implicado-en-el-hurto-y-homicidio-de-un-turista-estadounidense-en-cartagena\/\"]}]},{\"@type\":\"ImageObject\",\"inLanguage\":\"es-CO\",\"@id\":\"https:\/\/www.fiscalia.gov.co\/colombia\/noticias\/carcel-para-cuarto-hombre-implicado-en-el-hurto-y-homicidio-de-un-turista-estadounidense-en-cartagena\/#primaryimage\",\"url\":\"https:\/\/www.fiscalia.gov.co\/colombia\/wp-content\/uploads\/Foto-boletin-05-de-marzo-homicidio-turista-300x168.jpeg\",\"contentUrl\":\"https:\/\/www.fiscalia.gov.co\/colombia\/wp-content\/uploads\/Foto-boletin-05-de-marzo-homicidio-turista-300x168.jpeg\"},{\"@type\":\"BreadcrumbList\",\"@id\":\"https:\/\/www.fiscalia.gov.co\/colombia\/noticias\/carcel-para-cuarto-hombre-implicado-en-el-hurto-y-homicidio-de-un-turista-estadounidense-en-cartagena\/#breadcrumb\",\"itemListElement\":[{\"@type\":\"ListItem\",\"position\":1,\"name\":\"Home\",\"item\":\"https:\/\/www.fiscalia.gov.co\/colombia\/\"},{\"@type\":\"ListItem\",\"position\":2,\"name\":\"C\u00e1rcel para cuarto hombre implicado en el hurto y homicidio de un turista estadounidense en Cartagena\"}]},{\"@type\":\"WebSite\",\"@id\":\"https:\/\/www.fiscalia.gov.co\/colombia\/#website\",\"url\":\"https:\/\/www.fiscalia.gov.co\/colombia\/\",\"name\":\"Fiscal\u00eda General de la Naci\u00f3n\",\"description\":\"P\u00e1gina oficial de la Fiscal\u00eda General de la Naci\u00f3n \u2013 Colombia. Garantizamos el acceso efectivo a la justicia, la verdad y la reparaci\u00f3n de las v\u00edctimas de los delitos.\",\"publisher\":{\"@id\":\"https:\/\/www.fiscalia.gov.co\/colombia\/#organization\"},\"potentialAction\":[{\"@type\":\"SearchAction\",\"target\":{\"@type\":\"EntryPoint\",\"urlTemplate\":\"https:\/\/www.fiscalia.gov.co\/colombia\/?s={search_term_string}\"},\"query-input\":{\"@type\":\"PropertyValueSpecification\",\"valueRequired\":true,\"valueName\":\"search_term_string\"}}],\"inLanguage\":\"es-CO\"},{\"@type\":\"Organization\",\"@id\":\"https:\/\/www.fiscalia.gov.co\/colombia\/#organization\",\"name\":\"Fiscal\u00eda General de la Naci\u00f3n\",\"url\":\"https:\/\/www.fiscalia.gov.co\/colombia\/\",\"logo\":{\"@type\":\"ImageObject\",\"inLanguage\":\"es-CO\",\"@id\":\"https:\/\/www.fiscalia.gov.co\/colombia\/#\/schema\/logo\/image\/\",\"url\":\"https:\/\/www.fiscalia.gov.co\/colombia\/wp-content\/uploads\/LogoHorizontal_1.jpg\",\"contentUrl\":\"https:\/\/www.fiscalia.gov.co\/colombia\/wp-content\/uploads\/LogoHorizontal_1.jpg\",\"width\":300,\"height\":90,\"caption\":\"Fiscal\u00eda General de la Naci\u00f3n\"},\"image\":{\"@id\":\"https:\/\/www.fiscalia.gov.co\/colombia\/#\/schema\/logo\/image\/\"},\"sameAs\":[\"https:\/\/www.facebook.com\/FiscaliaCol\",\"https:\/\/x.com\/FiscaliaCol\",\"https:\/\/www.instagram.com\/fiscaliacol\",\"https:\/\/www.linkedin.com\/company\/fiscalia-general-de-la-naci-n\/\",\"https:\/\/youtube.com\/@fiscaliageneraldelanacion-4668?si=6nN79nyQICPU5iTh\"]},{\"@type\":\"Person\",\"@id\":\"https:\/\/www.fiscalia.gov.co\/colombia\/#\/schema\/person\/176195b99ebab0a52aafa15197e1bf80\",\"name\":\"Winnie Geraldine Rodr\u00edguez Navarrete\",\"image\":{\"@type\":\"ImageObject\",\"inLanguage\":\"es-CO\",\"@id\":\"https:\/\/www.fiscalia.gov.co\/colombia\/#\/schema\/person\/image\/\",\"url\":\"https:\/\/secure.gravatar.com\/avatar\/c24cf8481dc84fa5e8c7b20bc95ab0c6?s=96&d=mm&r=g\",\"contentUrl\":\"https:\/\/secure.gravatar.com\/avatar\/c24cf8481dc84fa5e8c7b20bc95ab0c6?s=96&d=mm&r=g\",\"caption\":\"Winnie Geraldine Rodr\u00edguez Navarrete\"},\"url\":\"https:\/\/www.fiscalia.gov.co\/colombia\/author\/winnierodriguez\/\"}]}<\/script>\n<!-- \/ Yoast SEO plugin. -->","yoast_head_json":{"title":"Fiscal\u00eda General de la Naci\u00f3n","description":"P\u00e1gina oficial de la Fiscal\u00eda General de la Naci\u00f3n \u2013 Colombia. Garantizamos el acceso efectivo a la justicia, la verdad y la reparaci\u00f3n de las v\u00edctimas de los delitos.","robots":{"index":"noindex","follow":"follow"},"og_locale":"es_ES","og_type":"article","og_title":"Fiscal\u00eda General de la Naci\u00f3n","og_description":"P\u00e1gina oficial de la Fiscal\u00eda General de la Naci\u00f3n \u2013 Colombia. Garantizamos el acceso efectivo a la justicia, la verdad y la reparaci\u00f3n de las v\u00edctimas de los delitos.","og_url":"https:\/\/www.fiscalia.gov.co\/colombia\/noticias\/carcel-para-cuarto-hombre-implicado-en-el-hurto-y-homicidio-de-un-turista-estadounidense-en-cartagena\/","og_site_name":"Fiscal\u00eda General de la Naci\u00f3n","article_publisher":"https:\/\/www.facebook.com\/FiscaliaCol","article_published_time":"2024-03-05T20:24:52+00:00","article_modified_time":"2024-03-07T15:01:45+00:00","og_image":[{"url":"https:\/\/www.fiscalia.gov.co\/colombia\/wp-content\/uploads\/Foto-boletin-05-de-marzo-homicidio-turista-300x168.jpeg","type":"","width":"","height":""}],"author":"Winnie Geraldine Rodr\u00edguez Navarrete","twitter_card":"summary_large_image","twitter_creator":"@FiscaliaCol","twitter_site":"@FiscaliaCol","twitter_misc":{"Escrito por":"Winnie Geraldine Rodr\u00edguez Navarrete","Tiempo de lectura":"3 minutos"},"schema":{"@context":"https:\/\/schema.org","@graph":[{"@type":"Article","@id":"https:\/\/www.fiscalia.gov.co\/colombia\/noticias\/carcel-para-cuarto-hombre-implicado-en-el-hurto-y-homicidio-de-un-turista-estadounidense-en-cartagena\/#article","isPartOf":{"@id":"https:\/\/www.fiscalia.gov.co\/colombia\/noticias\/carcel-para-cuarto-hombre-implicado-en-el-hurto-y-homicidio-de-un-turista-estadounidense-en-cartagena\/"},"author":{"name":"Winnie Geraldine Rodr\u00edguez Navarrete","@id":"https:\/\/www.fiscalia.gov.co\/colombia\/#\/schema\/person\/176195b99ebab0a52aafa15197e1bf80"},"headline":"C\u00e1rcel para cuarto hombre implicado en el hurto y homicidio de un turista estadounidense en Cartagena","datePublished":"2024-03-05T20:24:52+00:00","dateModified":"2024-03-07T15:01:45+00:00","mainEntityOfPage":{"@id":"https:\/\/www.fiscalia.gov.co\/colombia\/noticias\/carcel-para-cuarto-hombre-implicado-en-el-hurto-y-homicidio-de-un-turista-estadounidense-en-cartagena\/"},"wordCount":487,"publisher":{"@id":"https:\/\/www.fiscalia.gov.co\/colombia\/#organization"},"image":{"@id":"https:\/\/www.fiscalia.gov.co\/colombia\/noticias\/carcel-para-cuarto-hombre-implicado-en-el-hurto-y-homicidio-de-un-turista-estadounidense-en-cartagena\/#primaryimage"},"thumbnailUrl":"https:\/\/www.fiscalia.gov.co\/colombia\/wp-content\/uploads\/Foto-boletin-05-de-marzo-homicidio-turista-300x168.jpeg","keywords":["C\u00e1rcel","Cartagena","Cartagena (Bol\u00edvar)","fiscal mancera","fiscal martha mancera","Fiscal\u00eda Colombia","Fiscal\u00eda General de la Naci\u00f3n","Homicidio","Hurto","Martha Mancera","norteamericano","Polic\u00eda Nacional","porte de arma de fuego","turista."],"articleSection":["Noticias","Seguridad territorial"],"inLanguage":"es-CO"},{"@type":"WebPage","@id":"https:\/\/www.fiscalia.gov.co\/colombia\/noticias\/carcel-para-cuarto-hombre-implicado-en-el-hurto-y-homicidio-de-un-turista-estadounidense-en-cartagena\/","url":"https:\/\/www.fiscalia.gov.co\/colombia\/noticias\/carcel-para-cuarto-hombre-implicado-en-el-hurto-y-homicidio-de-un-turista-estadounidense-en-cartagena\/","name":"Fiscal\u00eda General de la Naci\u00f3n","isPartOf":{"@id":"https:\/\/www.fiscalia.gov.co\/colombia\/#website"},"primaryImageOfPage":{"@id":"https:\/\/www.fiscalia.gov.co\/colombia\/noticias\/carcel-para-cuarto-hombre-implicado-en-el-hurto-y-homicidio-de-un-turista-estadounidense-en-cartagena\/#primaryimage"},"image":{"@id":"https:\/\/www.fiscalia.gov.co\/colombia\/noticias\/carcel-para-cuarto-hombre-implicado-en-el-hurto-y-homicidio-de-un-turista-estadounidense-en-cartagena\/#primaryimage"},"thumbnailUrl":"https:\/\/www.fiscalia.gov.co\/colombia\/wp-content\/uploads\/Foto-boletin-05-de-marzo-homicidio-turista-300x168.jpeg","datePublished":"2024-03-05T20:24:52+00:00","dateModified":"2024-03-07T15:01:45+00:00","description":"P\u00e1gina oficial de la Fiscal\u00eda General de la Naci\u00f3n \u2013 Colombia. Garantizamos el acceso efectivo a la justicia, la verdad y la reparaci\u00f3n de las v\u00edctimas de los delitos.","breadcrumb":{"@id":"https:\/\/www.fiscalia.gov.co\/colombia\/noticias\/carcel-para-cuarto-hombre-implicado-en-el-hurto-y-homicidio-de-un-turista-estadounidense-en-cartagena\/#breadcrumb"},"inLanguage":"es-CO","potentialAction":[{"@type":"ReadAction","target":["https:\/\/www.fiscalia.gov.co\/colombia\/noticias\/carcel-para-cuarto-hombre-implicado-en-el-hurto-y-homicidio-de-un-turista-estadounidense-en-cartagena\/"]}]},{"@type":"ImageObject","inLanguage":"es-CO","@id":"https:\/\/www.fiscalia.gov.co\/colombia\/noticias\/carcel-para-cuarto-hombre-implicado-en-el-hurto-y-homicidio-de-un-turista-estadounidense-en-cartagena\/#primaryimage","url":"https:\/\/www.fiscalia.gov.co\/colombia\/wp-content\/uploads\/Foto-boletin-05-de-marzo-homicidio-turista-300x168.jpeg","contentUrl":"https:\/\/www.fiscalia.gov.co\/colombia\/wp-content\/uploads\/Foto-boletin-05-de-marzo-homicidio-turista-300x168.jpeg"},{"@type":"BreadcrumbList","@id":"https:\/\/www.fiscalia.gov.co\/colombia\/noticias\/carcel-para-cuarto-hombre-implicado-en-el-hurto-y-homicidio-de-un-turista-estadounidense-en-cartagena\/#breadcrumb","itemListElement":[{"@type":"ListItem","position":1,"name":"Home","item":"https:\/\/www.fiscalia.gov.co\/colombia\/"},{"@type":"ListItem","position":2,"name":"C\u00e1rcel para cuarto hombre implicado en el hurto y homicidio de un turista estadounidense en Cartagena"}]},{"@type":"WebSite","@id":"https:\/\/www.fiscalia.gov.co\/colombia\/#website","url":"https:\/\/www.fiscalia.gov.co\/colombia\/","name":"Fiscal\u00eda General de la Naci\u00f3n","description":"P\u00e1gina oficial de la Fiscal\u00eda General de la Naci\u00f3n \u2013 Colombia. Garantizamos el acceso efectivo a la justicia, la verdad y la reparaci\u00f3n de las v\u00edctimas de los delitos.","publisher":{"@id":"https:\/\/www.fiscalia.gov.co\/colombia\/#organization"},"potentialAction":[{"@type":"SearchAction","target":{"@type":"EntryPoint","urlTemplate":"https:\/\/www.fiscalia.gov.co\/colombia\/?s={search_term_string}"},"query-input":{"@type":"PropertyValueSpecification","valueRequired":true,"valueName":"search_term_string"}}],"inLanguage":"es-CO"},{"@type":"Organization","@id":"https:\/\/www.fiscalia.gov.co\/colombia\/#organization","name":"Fiscal\u00eda General de la Naci\u00f3n","url":"https:\/\/www.fiscalia.gov.co\/colombia\/","logo":{"@type":"ImageObject","inLanguage":"es-CO","@id":"https:\/\/www.fiscalia.gov.co\/colombia\/#\/schema\/logo\/image\/","url":"https:\/\/www.fiscalia.gov.co\/colombia\/wp-content\/uploads\/LogoHorizontal_1.jpg","contentUrl":"https:\/\/www.fiscalia.gov.co\/colombia\/wp-content\/uploads\/LogoHorizontal_1.jpg","width":300,"height":90,"caption":"Fiscal\u00eda General de la Naci\u00f3n"},"image":{"@id":"https:\/\/www.fiscalia.gov.co\/colombia\/#\/schema\/logo\/image\/"},"sameAs":["https:\/\/www.facebook.com\/FiscaliaCol","https:\/\/x.com\/FiscaliaCol","https:\/\/www.instagram.com\/fiscaliacol","https:\/\/www.linkedin.com\/company\/fiscalia-general-de-la-naci-n\/","https:\/\/youtube.com\/@fiscaliageneraldelanacion-4668?si=6nN79nyQICPU5iTh"]},{"@type":"Person","@id":"https:\/\/www.fiscalia.gov.co\/colombia\/#\/schema\/person\/176195b99ebab0a52aafa15197e1bf80","name":"Winnie Geraldine Rodr\u00edguez Navarrete","image":{"@type":"ImageObject","inLanguage":"es-CO","@id":"https:\/\/www.fiscalia.gov.co\/colombia\/#\/schema\/person\/image\/","url":"https:\/\/secure.gravatar.com\/avatar\/c24cf8481dc84fa5e8c7b20bc95ab0c6?s=96&d=mm&r=g","contentUrl":"https:\/\/secure.gravatar.com\/avatar\/c24cf8481dc84fa5e8c7b20bc95ab0c6?s=96&d=mm&r=g","caption":"Winnie Geraldine Rodr\u00edguez Navarrete"},"url":"https:\/\/www.fiscalia.gov.co\/colombia\/author\/winnierodriguez\/"}]}},"_links":{"self":[{"href":"https:\/\/www.fiscalia.gov.co\/colombia\/wp-json\/wp\/v2\/posts\/289815","targetHints":{"allow":["GET"]}}],"collection":[{"href":"https:\/\/www.fiscalia.gov.co\/colombia\/wp-json\/wp\/v2\/posts"}],"about":[{"href":"https:\/\/www.fiscalia.gov.co\/colombia\/wp-json\/wp\/v2\/types\/post"}],"author":[{"embeddable":true,"href":"https:\/\/www.fiscalia.gov.co\/colombia\/wp-json\/wp\/v2\/users\/178"}],"replies":[{"embeddable":true,"href":"https:\/\/www.fiscalia.gov.co\/colombia\/wp-json\/wp\/v2\/comments?post=289815"}],"version-history":[{"count":4,"href":"https:\/\/www.fiscalia.gov.co\/colombia\/wp-json\/wp\/v2\/posts\/289815\/revisions"}],"predecessor-version":[{"id":290276,"href":"https:\/\/www.fiscalia.gov.co\/colombia\/wp-json\/wp\/v2\/posts\/289815\/revisions\/290276"}],"wp:attachment":[{"href":"https:\/\/www.fiscalia.gov.co\/colombia\/wp-json\/wp\/v2\/media?parent=289815"}],"wp:term":[{"taxonomy":"category","embeddable":true,"href":"https:\/\/www.fiscalia.gov.co\/colombia\/wp-json\/wp\/v2\/categories?post=289815"},{"taxonomy":"post_tag","embeddable":true,"href":"https:\/\/www.fiscalia.gov.co\/colombia\/wp-json\/wp\/v2\/tags?post=289815"}],"curies":[{"name":"wp","href":"https:\/\/api.w.org\/{rel}","templated":true}]}}