{"id":289632,"date":"2024-03-04T09:44:24","date_gmt":"2024-03-04T14:44:24","guid":{"rendered":"https:\/\/www.fiscalia.gov.co\/colombia\/?p=289632"},"modified":"2024-03-14T15:22:39","modified_gmt":"2024-03-14T20:22:39","slug":"carcel-en-contra-de-un-hombre-procesado-por-acceso-carnal-abusivo-con-menor-de-14-anos","status":"publish","type":"post","link":"https:\/\/www.fiscalia.gov.co\/colombia\/noticias\/carcel-en-contra-de-un-hombre-procesado-por-acceso-carnal-abusivo-con-menor-de-14-anos\/","title":{"rendered":"C\u00e1rcel en contra de un hombre procesado por acceso carnal abusivo con menor de 14 a\u00f1os"},"content":{"rendered":"<h4><strong><i>El hombre estar\u00eda vinculado a una investigaci\u00f3n penal por actos sexuales abusivos contra otras dos menores de edad.<\/i><\/strong><u><\/u><u><\/u><\/h4>\n<p>Eduin Alfonso Velasco Pechen\u00e9 fue privado de la libertad en centro carcelario, luego que un fiscal local del Centro de Atenci\u00f3n Integral a V\u00edctimas de Violencia Sexual, (CAIVAS), le imputara cargos como presunto autor material del delito de\u00a0<a href=\"http:\/\/www.fiscalia.gov.co\/colombia\/noticias\/detencion-carcelaria-contra-un-hombre-senalado-de-feminicidio-tentado-y-acceso-carnal-violento\/\" target=\"_blank\" rel=\"noopener\" data-saferedirecturl=\"https:\/\/www.google.com\/url?q=http:\/\/www.fiscalia.gov.co\/colombia\/noticias\/detencion-carcelaria-contra-un-hombre-senalado-de-feminicidio-tentado-y-acceso-carnal-violento\/&amp;source=gmail&amp;ust=1709649643840000&amp;usg=AOvVaw2zhN8Mvfbd-mxZUvgzKoMb\">acceso carnal<\/a>\u00a0abusivo agravado con menor de 14 a\u00f1os.<u><\/u><u><\/u><\/p>\n<p>Los hechos por los que el sujeto es procesado ocurrieron el pasado 16 de febrero de 2024 en una vereda del municipio de Piendam\u00f3 (Cauca), habr\u00eda aprovechado que una menor de 9 a\u00f1os, vecina de barrio, estaba sola y procedi\u00f3 a ingresar a la vivienda donde vive.<u><\/u><u><\/u><\/p>\n<p>Estando all\u00ed, el hombre, presuntamente la habr\u00eda empezado a manipular con tocamientos indebidos en sus partes \u00edntimas y, posteriormente, la habr\u00eda accedido sexualmente.<u><\/u><u><\/u><\/p>\n<figure id=\"attachment_289634\" aria-describedby=\"caption-attachment-289634\" style=\"width: 274px\" class=\"wp-caption aligncenter\"><img loading=\"lazy\" decoding=\"async\" class=\"wp-image-289634 size-medium\" title=\"Martha Mancera, Fiscal Mancera, Fiscal Martha Mancera \" src=\"https:\/\/www.fiscalia.gov.co\/colombia\/wp-content\/uploads\/WhatsApp-Image-2024-03-04-at-9.19.50-AM-274x300.jpeg\" alt=\"En la fotograf\u00eda aparecen el capturado junto a un servidor del CTI y un agente de la Polic\u00eda Nacional. En la parte superior est\u00e1 un banner de la Fiscal\u00eda General de la Naci\u00f3n\" width=\"274\" height=\"300\" srcset=\"https:\/\/www.fiscalia.gov.co\/colombia\/wp-content\/uploads\/WhatsApp-Image-2024-03-04-at-9.19.50-AM-274x300.jpeg 274w, https:\/\/www.fiscalia.gov.co\/colombia\/wp-content\/uploads\/WhatsApp-Image-2024-03-04-at-9.19.50-AM-936x1024.jpeg 936w, https:\/\/www.fiscalia.gov.co\/colombia\/wp-content\/uploads\/WhatsApp-Image-2024-03-04-at-9.19.50-AM-768x840.jpeg 768w, https:\/\/www.fiscalia.gov.co\/colombia\/wp-content\/uploads\/WhatsApp-Image-2024-03-04-at-9.19.50-AM-696x762.jpeg 696w, https:\/\/www.fiscalia.gov.co\/colombia\/wp-content\/uploads\/WhatsApp-Image-2024-03-04-at-9.19.50-AM-1068x1169.jpeg 1068w, https:\/\/www.fiscalia.gov.co\/colombia\/wp-content\/uploads\/WhatsApp-Image-2024-03-04-at-9.19.50-AM-384x420.jpeg 384w, https:\/\/www.fiscalia.gov.co\/colombia\/wp-content\/uploads\/WhatsApp-Image-2024-03-04-at-9.19.50-AM.jpeg 1296w\" sizes=\"auto, (max-width: 274px) 100vw, 274px\" \/><figcaption id=\"caption-attachment-289634\" class=\"wp-caption-text\">Eduin Alfonso Velasco Pechen\u00e9 registra una noticia judicial por el delito de inasistencia alimentaria.<\/figcaption><\/figure>\n<p>Iniciadas las investigaciones por funcionarios del CTI, luego de la denuncia ante la Fiscal\u00eda por parte de la madre de la menor, se realizaron inspecciones t\u00e9cnicas en el sitio de los hechos y entrevistas a vecinos.<u><\/u><u><\/u><\/p>\n<p>El recaudo de evidencias y material probatorio permiti\u00f3 que un juez penal promiscuo emitiera una orden de captura contra Velasco Pechen\u00e9.<u><\/u><u><\/u><\/p>\n<p>Servidores del CTI junto con\u00a0integrantes\u00a0de la Sijin de la Polic\u00eda Nacional capturaron al procesado cuando se desplazaba por el corregimiento de Tun\u00eda, quien intent\u00f3 huir cuando fue requerido por las autoridades.<u><\/u><u><\/u><\/p>\n<p>Al revisar el SPOA, los investigadores de Polic\u00eda Judicial confirmaron que el hombre registra una anotaci\u00f3n judicial por el delito de\u00a0<a href=\"http:\/\/www.fiscalia.gov.co\/colombia\/noticias\/fiscalia-en-caldas-entrega-positivo-balance-de-resultados-contra-delitos-de-homicidio-violencia-intrafamiliar-e-inasistencia-alimentaria\/\" target=\"_blank\" rel=\"noopener\" data-saferedirecturl=\"https:\/\/www.google.com\/url?q=http:\/\/www.fiscalia.gov.co\/colombia\/noticias\/fiscalia-en-caldas-entrega-positivo-balance-de-resultados-contra-delitos-de-homicidio-violencia-intrafamiliar-e-inasistencia-alimentaria\/&amp;source=gmail&amp;ust=1709649643840000&amp;usg=AOvVaw1jgpPiwttsEzby7Rx23oWJ\">inasistencia alimentaria<\/a>.<u><\/u><u><\/u><\/p>\n<p>Asimismo, est\u00e1 vinculado a un proceso penal por el delito de actos sexuales abusivos contra otras dos menores de edad, en hechos ocurridos en diciembre de 2024 en zona rural de Piendam\u00f3.<u><\/u><u><\/u><\/p>\n<p><b>La Fiscal\u00eda habla con resultados<\/b><\/p>\n<p>&nbsp;<\/p>\n<p>&nbsp;<\/p>\n<p>JGPV\/FAGHT\/JAHS\/DSC<u><\/u><u><\/u><\/p>\n<p>&nbsp;<\/p>\n<p>&nbsp;<\/p>\n<p align=\"center\">\u00a0<u><\/u><u><\/u><\/p>\n<p>Le puede interesar:\u00a0<a href=\"http:\/\/www.fiscalia.gov.co\/colombia\/noticias\/abuelastro-fue-condenado-a-21-anos-de-prision-por-acceso-carnal-y-actos-sexuales-abusivos\/\" target=\"_blank\" rel=\"noopener\" data-saferedirecturl=\"https:\/\/www.google.com\/url?q=http:\/\/www.fiscalia.gov.co\/colombia\/noticias\/abuelastro-fue-condenado-a-21-anos-de-prision-por-acceso-carnal-y-actos-sexuales-abusivos\/&amp;source=gmail&amp;ust=1709649643840000&amp;usg=AOvVaw2Tu3xp4NqggNobQJjpAfCl\">Abuelastro fue condenado a 21 a\u00f1os de prisi\u00f3n por acceso carnal y actos sexuales abusivos<\/a><u><\/u><u><\/u><\/p>\n<p>&nbsp;<\/p>\n<p><em>La informaci\u00f3n contenida en este bolet\u00edn de prensa corresponde a la narraci\u00f3n de los hechos noticiosos objetivos, suministrados por los funcionarios encargados de adelantar las investigaciones penales al interior de la Fiscal\u00eda General de la Naci\u00f3n. Para el momento de la divulgaci\u00f3n de este comunicado, la situaci\u00f3n jur\u00eddica de la(s) persona(s) relacionada(s) se encuentra pendiente de resolver por la autoridad judicial competente, siempre bajo los preceptos de la presunci\u00f3n de inocencia, consagrados en el art\u00edculo 29 de la Constituci\u00f3n Pol\u00edtica y el art\u00edculo 7\u00ba de la Ley 906 de 2004. <\/em><\/p>\n\n<div class=\"twitter-share\"><a href=\"https:\/\/twitter.com\/intent\/tweet?via=fiscaliacol\" class=\"twitter-share-button\">Tweet<\/a><\/div>\n","protected":false},"excerpt":{"rendered":"<p>El hombre estar\u00eda vinculado a una investigaci\u00f3n penal por actos sexuales abusivos contra otras dos menores de edad. Eduin Alfonso Velasco Pechen\u00e9 fue privado de la libertad en centro carcelario, luego que un fiscal local del Centro de Atenci\u00f3n Integral a V\u00edctimas de Violencia Sexual, (CAIVAS), le imputara cargos como presunto autor material del delito [&hellip;]<\/p>\n","protected":false},"author":178,"featured_media":291023,"comment_status":"closed","ping_status":"open","sticky":false,"template":"","format":"video","meta":{"_price":"","_stock":"","_tribe_ticket_header":"","_tribe_default_ticket_provider":"","_tribe_ticket_capacity":"0","_ticket_start_date":"","_ticket_end_date":"","_tribe_ticket_show_description":"","_tribe_ticket_show_not_going":false,"_tribe_ticket_use_global_stock":"","_tribe_ticket_global_stock_level":"","_global_stock_mode":"","_global_stock_cap":"","_tribe_rsvp_for_event":"","_tribe_ticket_going_count":"","_tribe_ticket_not_going_count":"","_tribe_tickets_list":"[]","_tribe_ticket_has_attendee_info_fields":false,"tdm_status":"","tdm_grid_status":"","footnotes":""},"categories":[1,24127],"tags":[366,78,37014,37086,36949,24187,23973,26350,31641,26070],"class_list":{"0":"post-289632","1":"post","2":"type-post","3":"status-publish","4":"format-video","5":"has-post-thumbnail","7":"category-noticias","8":"category-violencia-sexual-e-intrafamiliar","9":"tag-acceso-carnal","10":"tag-fiscal-general-de-la-nacion","11":"tag-fiscal-general-de-la-nacion-marta-janeth-mancera","12":"tag-fiscal-mancera","13":"tag-fiscal-martha-mancera","14":"tag-fiscalia-colombia","15":"tag-inasistencia-alimentaria","16":"tag-martha-mancera","17":"tag-popayan-cauca","18":"tag-seccional-cali","19":"post_format-post-format-video"},"yoast_head":"<!-- This site is optimized with the Yoast SEO plugin v24.3 - https:\/\/yoast.com\/wordpress\/plugins\/seo\/ -->\n<title>Fiscal\u00eda General de la Naci\u00f3n<\/title>\n<meta name=\"description\" content=\"P\u00e1gina oficial de la Fiscal\u00eda General de la Naci\u00f3n \u2013 Colombia. Garantizamos el acceso efectivo a la justicia, la verdad y la reparaci\u00f3n de las v\u00edctimas de los delitos.\" \/>\n<meta name=\"robots\" content=\"noindex, follow\" \/>\n<meta property=\"og:locale\" content=\"es_ES\" \/>\n<meta property=\"og:type\" content=\"article\" \/>\n<meta property=\"og:title\" content=\"Fiscal\u00eda General de la Naci\u00f3n\" \/>\n<meta property=\"og:description\" content=\"P\u00e1gina oficial de la Fiscal\u00eda General de la Naci\u00f3n \u2013 Colombia. Garantizamos el acceso efectivo a la justicia, la verdad y la reparaci\u00f3n de las v\u00edctimas de los delitos.\" \/>\n<meta property=\"og:url\" content=\"https:\/\/www.fiscalia.gov.co\/colombia\/noticias\/carcel-en-contra-de-un-hombre-procesado-por-acceso-carnal-abusivo-con-menor-de-14-anos\/\" \/>\n<meta property=\"og:site_name\" content=\"Fiscal\u00eda General de la Naci\u00f3n\" \/>\n<meta property=\"article:publisher\" content=\"https:\/\/www.facebook.com\/FiscaliaCol\" \/>\n<meta property=\"article:published_time\" content=\"2024-03-04T14:44:24+00:00\" \/>\n<meta property=\"article:modified_time\" content=\"2024-03-14T20:22:39+00:00\" \/>\n<meta property=\"og:image\" content=\"https:\/\/www.fiscalia.gov.co\/colombia\/wp-content\/uploads\/maxresdefault-1451.jpg\" \/>\n\t<meta property=\"og:image:width\" content=\"1280\" \/>\n\t<meta property=\"og:image:height\" content=\"720\" \/>\n\t<meta property=\"og:image:type\" content=\"image\/jpeg\" \/>\n<meta name=\"author\" content=\"Winnie Geraldine Rodr\u00edguez Navarrete\" \/>\n<meta name=\"twitter:card\" content=\"summary_large_image\" \/>\n<meta name=\"twitter:creator\" content=\"@FiscaliaCol\" \/>\n<meta name=\"twitter:site\" content=\"@FiscaliaCol\" \/>\n<meta name=\"twitter:label1\" content=\"Escrito por\" \/>\n\t<meta name=\"twitter:data1\" content=\"Winnie Geraldine Rodr\u00edguez Navarrete\" \/>\n\t<meta name=\"twitter:label2\" content=\"Tiempo de lectura\" \/>\n\t<meta name=\"twitter:data2\" content=\"3 minutos\" \/>\n<script type=\"application\/ld+json\" class=\"yoast-schema-graph\">{\"@context\":\"https:\/\/schema.org\",\"@graph\":[{\"@type\":\"Article\",\"@id\":\"https:\/\/www.fiscalia.gov.co\/colombia\/noticias\/carcel-en-contra-de-un-hombre-procesado-por-acceso-carnal-abusivo-con-menor-de-14-anos\/#article\",\"isPartOf\":{\"@id\":\"https:\/\/www.fiscalia.gov.co\/colombia\/noticias\/carcel-en-contra-de-un-hombre-procesado-por-acceso-carnal-abusivo-con-menor-de-14-anos\/\"},\"author\":{\"name\":\"Winnie Geraldine Rodr\u00edguez Navarrete\",\"@id\":\"https:\/\/www.fiscalia.gov.co\/colombia\/#\/schema\/person\/176195b99ebab0a52aafa15197e1bf80\"},\"headline\":\"C\u00e1rcel en contra de un hombre procesado por acceso carnal abusivo con menor de 14 a\u00f1os\",\"datePublished\":\"2024-03-04T14:44:24+00:00\",\"dateModified\":\"2024-03-14T20:22:39+00:00\",\"mainEntityOfPage\":{\"@id\":\"https:\/\/www.fiscalia.gov.co\/colombia\/noticias\/carcel-en-contra-de-un-hombre-procesado-por-acceso-carnal-abusivo-con-menor-de-14-anos\/\"},\"wordCount\":464,\"publisher\":{\"@id\":\"https:\/\/www.fiscalia.gov.co\/colombia\/#organization\"},\"image\":{\"@id\":\"https:\/\/www.fiscalia.gov.co\/colombia\/noticias\/carcel-en-contra-de-un-hombre-procesado-por-acceso-carnal-abusivo-con-menor-de-14-anos\/#primaryimage\"},\"thumbnailUrl\":\"https:\/\/www.fiscalia.gov.co\/colombia\/wp-content\/uploads\/maxresdefault-1451.jpg\",\"keywords\":[\"Acceso carnal\",\"Fiscal General de la Naci\u00f3n\",\"Fiscal General de la Naci\u00f3n Marta Janeth Mancera\",\"fiscal mancera\",\"fiscal martha mancera\",\"Fiscal\u00eda Colombia\",\"Inasistencia alimentaria\",\"Martha Mancera\",\"Popay\u00e1n (Cauca)\",\"Seccional Cali\"],\"articleSection\":[\"Noticias\",\"Violencia sexual e intrafamiliar\"],\"inLanguage\":\"es-CO\"},{\"@type\":\"WebPage\",\"@id\":\"https:\/\/www.fiscalia.gov.co\/colombia\/noticias\/carcel-en-contra-de-un-hombre-procesado-por-acceso-carnal-abusivo-con-menor-de-14-anos\/\",\"url\":\"https:\/\/www.fiscalia.gov.co\/colombia\/noticias\/carcel-en-contra-de-un-hombre-procesado-por-acceso-carnal-abusivo-con-menor-de-14-anos\/\",\"name\":\"Fiscal\u00eda General de la Naci\u00f3n\",\"isPartOf\":{\"@id\":\"https:\/\/www.fiscalia.gov.co\/colombia\/#website\"},\"primaryImageOfPage\":{\"@id\":\"https:\/\/www.fiscalia.gov.co\/colombia\/noticias\/carcel-en-contra-de-un-hombre-procesado-por-acceso-carnal-abusivo-con-menor-de-14-anos\/#primaryimage\"},\"image\":{\"@id\":\"https:\/\/www.fiscalia.gov.co\/colombia\/noticias\/carcel-en-contra-de-un-hombre-procesado-por-acceso-carnal-abusivo-con-menor-de-14-anos\/#primaryimage\"},\"thumbnailUrl\":\"https:\/\/www.fiscalia.gov.co\/colombia\/wp-content\/uploads\/maxresdefault-1451.jpg\",\"datePublished\":\"2024-03-04T14:44:24+00:00\",\"dateModified\":\"2024-03-14T20:22:39+00:00\",\"description\":\"P\u00e1gina oficial de la Fiscal\u00eda General de la Naci\u00f3n \u2013 Colombia. Garantizamos el acceso efectivo a la justicia, la verdad y la reparaci\u00f3n de las v\u00edctimas de los delitos.\",\"breadcrumb\":{\"@id\":\"https:\/\/www.fiscalia.gov.co\/colombia\/noticias\/carcel-en-contra-de-un-hombre-procesado-por-acceso-carnal-abusivo-con-menor-de-14-anos\/#breadcrumb\"},\"inLanguage\":\"es-CO\",\"potentialAction\":[{\"@type\":\"ReadAction\",\"target\":[\"https:\/\/www.fiscalia.gov.co\/colombia\/noticias\/carcel-en-contra-de-un-hombre-procesado-por-acceso-carnal-abusivo-con-menor-de-14-anos\/\"]}]},{\"@type\":\"ImageObject\",\"inLanguage\":\"es-CO\",\"@id\":\"https:\/\/www.fiscalia.gov.co\/colombia\/noticias\/carcel-en-contra-de-un-hombre-procesado-por-acceso-carnal-abusivo-con-menor-de-14-anos\/#primaryimage\",\"url\":\"https:\/\/www.fiscalia.gov.co\/colombia\/wp-content\/uploads\/maxresdefault-1451.jpg\",\"contentUrl\":\"https:\/\/www.fiscalia.gov.co\/colombia\/wp-content\/uploads\/maxresdefault-1451.jpg\",\"width\":1280,\"height\":720},{\"@type\":\"BreadcrumbList\",\"@id\":\"https:\/\/www.fiscalia.gov.co\/colombia\/noticias\/carcel-en-contra-de-un-hombre-procesado-por-acceso-carnal-abusivo-con-menor-de-14-anos\/#breadcrumb\",\"itemListElement\":[{\"@type\":\"ListItem\",\"position\":1,\"name\":\"Home\",\"item\":\"https:\/\/www.fiscalia.gov.co\/colombia\/\"},{\"@type\":\"ListItem\",\"position\":2,\"name\":\"C\u00e1rcel en contra de un hombre procesado por acceso carnal abusivo con menor de 14 a\u00f1os\"}]},{\"@type\":\"WebSite\",\"@id\":\"https:\/\/www.fiscalia.gov.co\/colombia\/#website\",\"url\":\"https:\/\/www.fiscalia.gov.co\/colombia\/\",\"name\":\"Fiscal\u00eda General de la Naci\u00f3n\",\"description\":\"P\u00e1gina oficial de la Fiscal\u00eda General de la Naci\u00f3n \u2013 Colombia. Garantizamos el acceso efectivo a la justicia, la verdad y la reparaci\u00f3n de las v\u00edctimas de los delitos.\",\"publisher\":{\"@id\":\"https:\/\/www.fiscalia.gov.co\/colombia\/#organization\"},\"potentialAction\":[{\"@type\":\"SearchAction\",\"target\":{\"@type\":\"EntryPoint\",\"urlTemplate\":\"https:\/\/www.fiscalia.gov.co\/colombia\/?s={search_term_string}\"},\"query-input\":{\"@type\":\"PropertyValueSpecification\",\"valueRequired\":true,\"valueName\":\"search_term_string\"}}],\"inLanguage\":\"es-CO\"},{\"@type\":\"Organization\",\"@id\":\"https:\/\/www.fiscalia.gov.co\/colombia\/#organization\",\"name\":\"Fiscal\u00eda General de la Naci\u00f3n\",\"url\":\"https:\/\/www.fiscalia.gov.co\/colombia\/\",\"logo\":{\"@type\":\"ImageObject\",\"inLanguage\":\"es-CO\",\"@id\":\"https:\/\/www.fiscalia.gov.co\/colombia\/#\/schema\/logo\/image\/\",\"url\":\"https:\/\/www.fiscalia.gov.co\/colombia\/wp-content\/uploads\/LogoHorizontal_1.jpg\",\"contentUrl\":\"https:\/\/www.fiscalia.gov.co\/colombia\/wp-content\/uploads\/LogoHorizontal_1.jpg\",\"width\":300,\"height\":90,\"caption\":\"Fiscal\u00eda General de la Naci\u00f3n\"},\"image\":{\"@id\":\"https:\/\/www.fiscalia.gov.co\/colombia\/#\/schema\/logo\/image\/\"},\"sameAs\":[\"https:\/\/www.facebook.com\/FiscaliaCol\",\"https:\/\/x.com\/FiscaliaCol\",\"https:\/\/www.instagram.com\/fiscaliacol\",\"https:\/\/www.linkedin.com\/company\/fiscalia-general-de-la-naci-n\/\",\"https:\/\/youtube.com\/@fiscaliageneraldelanacion-4668?si=6nN79nyQICPU5iTh\"]},{\"@type\":\"Person\",\"@id\":\"https:\/\/www.fiscalia.gov.co\/colombia\/#\/schema\/person\/176195b99ebab0a52aafa15197e1bf80\",\"name\":\"Winnie Geraldine Rodr\u00edguez Navarrete\",\"image\":{\"@type\":\"ImageObject\",\"inLanguage\":\"es-CO\",\"@id\":\"https:\/\/www.fiscalia.gov.co\/colombia\/#\/schema\/person\/image\/\",\"url\":\"https:\/\/secure.gravatar.com\/avatar\/c24cf8481dc84fa5e8c7b20bc95ab0c6?s=96&d=mm&r=g\",\"contentUrl\":\"https:\/\/secure.gravatar.com\/avatar\/c24cf8481dc84fa5e8c7b20bc95ab0c6?s=96&d=mm&r=g\",\"caption\":\"Winnie Geraldine Rodr\u00edguez Navarrete\"},\"url\":\"https:\/\/www.fiscalia.gov.co\/colombia\/author\/winnierodriguez\/\"}]}<\/script>\n<!-- \/ Yoast SEO plugin. -->","yoast_head_json":{"title":"Fiscal\u00eda General de la Naci\u00f3n","description":"P\u00e1gina oficial de la Fiscal\u00eda General de la Naci\u00f3n \u2013 Colombia. Garantizamos el acceso efectivo a la justicia, la verdad y la reparaci\u00f3n de las v\u00edctimas de los delitos.","robots":{"index":"noindex","follow":"follow"},"og_locale":"es_ES","og_type":"article","og_title":"Fiscal\u00eda General de la Naci\u00f3n","og_description":"P\u00e1gina oficial de la Fiscal\u00eda General de la Naci\u00f3n \u2013 Colombia. Garantizamos el acceso efectivo a la justicia, la verdad y la reparaci\u00f3n de las v\u00edctimas de los delitos.","og_url":"https:\/\/www.fiscalia.gov.co\/colombia\/noticias\/carcel-en-contra-de-un-hombre-procesado-por-acceso-carnal-abusivo-con-menor-de-14-anos\/","og_site_name":"Fiscal\u00eda General de la Naci\u00f3n","article_publisher":"https:\/\/www.facebook.com\/FiscaliaCol","article_published_time":"2024-03-04T14:44:24+00:00","article_modified_time":"2024-03-14T20:22:39+00:00","og_image":[{"width":1280,"height":720,"url":"https:\/\/www.fiscalia.gov.co\/colombia\/wp-content\/uploads\/maxresdefault-1451.jpg","type":"image\/jpeg"}],"author":"Winnie Geraldine Rodr\u00edguez Navarrete","twitter_card":"summary_large_image","twitter_creator":"@FiscaliaCol","twitter_site":"@FiscaliaCol","twitter_misc":{"Escrito por":"Winnie Geraldine Rodr\u00edguez Navarrete","Tiempo de lectura":"3 minutos"},"schema":{"@context":"https:\/\/schema.org","@graph":[{"@type":"Article","@id":"https:\/\/www.fiscalia.gov.co\/colombia\/noticias\/carcel-en-contra-de-un-hombre-procesado-por-acceso-carnal-abusivo-con-menor-de-14-anos\/#article","isPartOf":{"@id":"https:\/\/www.fiscalia.gov.co\/colombia\/noticias\/carcel-en-contra-de-un-hombre-procesado-por-acceso-carnal-abusivo-con-menor-de-14-anos\/"},"author":{"name":"Winnie Geraldine Rodr\u00edguez Navarrete","@id":"https:\/\/www.fiscalia.gov.co\/colombia\/#\/schema\/person\/176195b99ebab0a52aafa15197e1bf80"},"headline":"C\u00e1rcel en contra de un hombre procesado por acceso carnal abusivo con menor de 14 a\u00f1os","datePublished":"2024-03-04T14:44:24+00:00","dateModified":"2024-03-14T20:22:39+00:00","mainEntityOfPage":{"@id":"https:\/\/www.fiscalia.gov.co\/colombia\/noticias\/carcel-en-contra-de-un-hombre-procesado-por-acceso-carnal-abusivo-con-menor-de-14-anos\/"},"wordCount":464,"publisher":{"@id":"https:\/\/www.fiscalia.gov.co\/colombia\/#organization"},"image":{"@id":"https:\/\/www.fiscalia.gov.co\/colombia\/noticias\/carcel-en-contra-de-un-hombre-procesado-por-acceso-carnal-abusivo-con-menor-de-14-anos\/#primaryimage"},"thumbnailUrl":"https:\/\/www.fiscalia.gov.co\/colombia\/wp-content\/uploads\/maxresdefault-1451.jpg","keywords":["Acceso carnal","Fiscal General de la Naci\u00f3n","Fiscal General de la Naci\u00f3n Marta Janeth Mancera","fiscal mancera","fiscal martha mancera","Fiscal\u00eda Colombia","Inasistencia alimentaria","Martha Mancera","Popay\u00e1n (Cauca)","Seccional Cali"],"articleSection":["Noticias","Violencia sexual e intrafamiliar"],"inLanguage":"es-CO"},{"@type":"WebPage","@id":"https:\/\/www.fiscalia.gov.co\/colombia\/noticias\/carcel-en-contra-de-un-hombre-procesado-por-acceso-carnal-abusivo-con-menor-de-14-anos\/","url":"https:\/\/www.fiscalia.gov.co\/colombia\/noticias\/carcel-en-contra-de-un-hombre-procesado-por-acceso-carnal-abusivo-con-menor-de-14-anos\/","name":"Fiscal\u00eda General de la Naci\u00f3n","isPartOf":{"@id":"https:\/\/www.fiscalia.gov.co\/colombia\/#website"},"primaryImageOfPage":{"@id":"https:\/\/www.fiscalia.gov.co\/colombia\/noticias\/carcel-en-contra-de-un-hombre-procesado-por-acceso-carnal-abusivo-con-menor-de-14-anos\/#primaryimage"},"image":{"@id":"https:\/\/www.fiscalia.gov.co\/colombia\/noticias\/carcel-en-contra-de-un-hombre-procesado-por-acceso-carnal-abusivo-con-menor-de-14-anos\/#primaryimage"},"thumbnailUrl":"https:\/\/www.fiscalia.gov.co\/colombia\/wp-content\/uploads\/maxresdefault-1451.jpg","datePublished":"2024-03-04T14:44:24+00:00","dateModified":"2024-03-14T20:22:39+00:00","description":"P\u00e1gina oficial de la Fiscal\u00eda General de la Naci\u00f3n \u2013 Colombia. Garantizamos el acceso efectivo a la justicia, la verdad y la reparaci\u00f3n de las v\u00edctimas de los delitos.","breadcrumb":{"@id":"https:\/\/www.fiscalia.gov.co\/colombia\/noticias\/carcel-en-contra-de-un-hombre-procesado-por-acceso-carnal-abusivo-con-menor-de-14-anos\/#breadcrumb"},"inLanguage":"es-CO","potentialAction":[{"@type":"ReadAction","target":["https:\/\/www.fiscalia.gov.co\/colombia\/noticias\/carcel-en-contra-de-un-hombre-procesado-por-acceso-carnal-abusivo-con-menor-de-14-anos\/"]}]},{"@type":"ImageObject","inLanguage":"es-CO","@id":"https:\/\/www.fiscalia.gov.co\/colombia\/noticias\/carcel-en-contra-de-un-hombre-procesado-por-acceso-carnal-abusivo-con-menor-de-14-anos\/#primaryimage","url":"https:\/\/www.fiscalia.gov.co\/colombia\/wp-content\/uploads\/maxresdefault-1451.jpg","contentUrl":"https:\/\/www.fiscalia.gov.co\/colombia\/wp-content\/uploads\/maxresdefault-1451.jpg","width":1280,"height":720},{"@type":"BreadcrumbList","@id":"https:\/\/www.fiscalia.gov.co\/colombia\/noticias\/carcel-en-contra-de-un-hombre-procesado-por-acceso-carnal-abusivo-con-menor-de-14-anos\/#breadcrumb","itemListElement":[{"@type":"ListItem","position":1,"name":"Home","item":"https:\/\/www.fiscalia.gov.co\/colombia\/"},{"@type":"ListItem","position":2,"name":"C\u00e1rcel en contra de un hombre procesado por acceso carnal abusivo con menor de 14 a\u00f1os"}]},{"@type":"WebSite","@id":"https:\/\/www.fiscalia.gov.co\/colombia\/#website","url":"https:\/\/www.fiscalia.gov.co\/colombia\/","name":"Fiscal\u00eda General de la Naci\u00f3n","description":"P\u00e1gina oficial de la Fiscal\u00eda General de la Naci\u00f3n \u2013 Colombia. Garantizamos el acceso efectivo a la justicia, la verdad y la reparaci\u00f3n de las v\u00edctimas de los delitos.","publisher":{"@id":"https:\/\/www.fiscalia.gov.co\/colombia\/#organization"},"potentialAction":[{"@type":"SearchAction","target":{"@type":"EntryPoint","urlTemplate":"https:\/\/www.fiscalia.gov.co\/colombia\/?s={search_term_string}"},"query-input":{"@type":"PropertyValueSpecification","valueRequired":true,"valueName":"search_term_string"}}],"inLanguage":"es-CO"},{"@type":"Organization","@id":"https:\/\/www.fiscalia.gov.co\/colombia\/#organization","name":"Fiscal\u00eda General de la Naci\u00f3n","url":"https:\/\/www.fiscalia.gov.co\/colombia\/","logo":{"@type":"ImageObject","inLanguage":"es-CO","@id":"https:\/\/www.fiscalia.gov.co\/colombia\/#\/schema\/logo\/image\/","url":"https:\/\/www.fiscalia.gov.co\/colombia\/wp-content\/uploads\/LogoHorizontal_1.jpg","contentUrl":"https:\/\/www.fiscalia.gov.co\/colombia\/wp-content\/uploads\/LogoHorizontal_1.jpg","width":300,"height":90,"caption":"Fiscal\u00eda General de la Naci\u00f3n"},"image":{"@id":"https:\/\/www.fiscalia.gov.co\/colombia\/#\/schema\/logo\/image\/"},"sameAs":["https:\/\/www.facebook.com\/FiscaliaCol","https:\/\/x.com\/FiscaliaCol","https:\/\/www.instagram.com\/fiscaliacol","https:\/\/www.linkedin.com\/company\/fiscalia-general-de-la-naci-n\/","https:\/\/youtube.com\/@fiscaliageneraldelanacion-4668?si=6nN79nyQICPU5iTh"]},{"@type":"Person","@id":"https:\/\/www.fiscalia.gov.co\/colombia\/#\/schema\/person\/176195b99ebab0a52aafa15197e1bf80","name":"Winnie Geraldine Rodr\u00edguez Navarrete","image":{"@type":"ImageObject","inLanguage":"es-CO","@id":"https:\/\/www.fiscalia.gov.co\/colombia\/#\/schema\/person\/image\/","url":"https:\/\/secure.gravatar.com\/avatar\/c24cf8481dc84fa5e8c7b20bc95ab0c6?s=96&d=mm&r=g","contentUrl":"https:\/\/secure.gravatar.com\/avatar\/c24cf8481dc84fa5e8c7b20bc95ab0c6?s=96&d=mm&r=g","caption":"Winnie Geraldine Rodr\u00edguez Navarrete"},"url":"https:\/\/www.fiscalia.gov.co\/colombia\/author\/winnierodriguez\/"}]}},"_links":{"self":[{"href":"https:\/\/www.fiscalia.gov.co\/colombia\/wp-json\/wp\/v2\/posts\/289632","targetHints":{"allow":["GET"]}}],"collection":[{"href":"https:\/\/www.fiscalia.gov.co\/colombia\/wp-json\/wp\/v2\/posts"}],"about":[{"href":"https:\/\/www.fiscalia.gov.co\/colombia\/wp-json\/wp\/v2\/types\/post"}],"author":[{"embeddable":true,"href":"https:\/\/www.fiscalia.gov.co\/colombia\/wp-json\/wp\/v2\/users\/178"}],"replies":[{"embeddable":true,"href":"https:\/\/www.fiscalia.gov.co\/colombia\/wp-json\/wp\/v2\/comments?post=289632"}],"version-history":[{"count":4,"href":"https:\/\/www.fiscalia.gov.co\/colombia\/wp-json\/wp\/v2\/posts\/289632\/revisions"}],"predecessor-version":[{"id":290253,"href":"https:\/\/www.fiscalia.gov.co\/colombia\/wp-json\/wp\/v2\/posts\/289632\/revisions\/290253"}],"wp:featuredmedia":[{"embeddable":true,"href":"https:\/\/www.fiscalia.gov.co\/colombia\/wp-json\/wp\/v2\/media\/291023"}],"wp:attachment":[{"href":"https:\/\/www.fiscalia.gov.co\/colombia\/wp-json\/wp\/v2\/media?parent=289632"}],"wp:term":[{"taxonomy":"category","embeddable":true,"href":"https:\/\/www.fiscalia.gov.co\/colombia\/wp-json\/wp\/v2\/categories?post=289632"},{"taxonomy":"post_tag","embeddable":true,"href":"https:\/\/www.fiscalia.gov.co\/colombia\/wp-json\/wp\/v2\/tags?post=289632"}],"curies":[{"name":"wp","href":"https:\/\/api.w.org\/{rel}","templated":true}]}}