{"id":289628,"date":"2024-03-04T09:40:31","date_gmt":"2024-03-04T14:40:31","guid":{"rendered":"https:\/\/www.fiscalia.gov.co\/colombia\/?p=289628"},"modified":"2024-03-07T09:51:42","modified_gmt":"2024-03-07T14:51:42","slug":"prision-para-dos-hombres-senalados-de-homicidio-hurto-calificado-y-falsedad-marcaria","status":"publish","type":"post","link":"https:\/\/www.fiscalia.gov.co\/colombia\/noticias\/prision-para-dos-hombres-senalados-de-homicidio-hurto-calificado-y-falsedad-marcaria\/","title":{"rendered":"Prisi\u00f3n para dos hombres se\u00f1alados de homicidio, hurto calificado y falsedad marcaria"},"content":{"rendered":"<h4 style=\"font-weight: 400;\"><strong><em>De acuerdo con la investigaci\u00f3n, los asegurados presuntamente hurtaban veh\u00edculos de alta gama, causaban la muerte de los propietarios y desaparec\u00edan sus cuerpos.\u00a0<\/em><\/strong><\/h4>\n<p style=\"font-weight: 400;\">Las evidencias y el material probatorio recaudados por un fiscal seccional permitieron imputarles cargos a Erick Stiven Leiton Aiza y Dayro Leyanssi Quiroz Mipaz como presuntos coautores de los delitos de\u00a0<a href=\"http:\/\/www.fiscalia.gov.co\/colombia\/noticias\/a-la-carcel-dos-hombres-procesados-por-homicidio-agravado-tentativa-de-homicidio-y-hurto-calificado\/\" data-saferedirecturl=\"https:\/\/www.google.com\/url?q=http:\/\/www.fiscalia.gov.co\/colombia\/noticias\/a-la-carcel-dos-hombres-procesados-por-homicidio-agravado-tentativa-de-homicidio-y-hurto-calificado\/&amp;source=gmail&amp;ust=1709649488542000&amp;usg=AOvVaw3n_Gv2r3eBpM5S5_ramn2G\">homicidio agravado<\/a>,\u00a0<a href=\"http:\/\/www.fiscalia.gov.co\/colombia\/noticias\/carcel-para-un-hombre-por-el-delito-de-homicidio-tentado-quien-habria-participado-de-una-golpiza-contra-un-ciudadano\/\" data-saferedirecturl=\"https:\/\/www.google.com\/url?q=http:\/\/www.fiscalia.gov.co\/colombia\/noticias\/carcel-para-un-hombre-por-el-delito-de-homicidio-tentado-quien-habria-participado-de-una-golpiza-contra-un-ciudadano\/&amp;source=gmail&amp;ust=1709649488542000&amp;usg=AOvVaw2nSXtfuyWM53wYQVb4sjV4\">homicidio en grado de tentativa<\/a>, hurto calificado y falsedad marcaria por hechos ocurridos entre 12 y el 27 de septiembre de 2023.<\/p>\n<p style=\"font-weight: 400;\">De acuerdo con la investigaci\u00f3n realizada por funcionarios del CTI en sectores urbanos y rurales del municipio de Pupiales y, a trav\u00e9s de entrevistas y declaraciones a varias v\u00edctimas, establecieron que los dos hombres presuntamente estaban dedicados al hurto de veh\u00edculos y \u00faltimo modelo y camionetas de alta gama.<\/p>\n<p style=\"font-weight: 400;\">La modalidad era contactar a\u00a0 los propietarios de los automotores, ganarse su confianza y, por Whatsapp, citarlos con enga\u00f1os a sectores rurales despoblados.<\/p>\n<p style=\"font-weight: 400;\">Estando el veh\u00edculo en el sitio acordado, uno de ellos, desde el asiento posterior, colocaba una cuerda alrededor del cuello la v\u00edctima, el otro lo ataba manos, hasta provocarle asfixia.<\/p>\n<p style=\"font-weight: 400;\">Posteriormente, trasladaban a la v\u00edctima en el carro hasta\u00a0 puentes con caudales fluviales y\u00a0 arrojaban su cuerpo a las aguas para desaparecer las evidencias del crimen. Luego sal\u00edan de la zona en el veh\u00edculo hurtado.<\/p>\n<p style=\"font-weight: 400;\">Iniciadas las investigaciones se logr\u00f3 establecer su responsabilidad en dos eventos en los que una v\u00edctima fue objeto de homicidio y otro de homicidio tentado. Los servidores del CTI iniciaron inspecciones t\u00e9cnicas en el sitio de los hechos, entrevistas a testigos, interceptaci\u00f3n de comunicaciones y fotogramas, logrando la individualizaci\u00f3n de los dos presuntos autores de estos cr\u00edmenes.<\/p>\n<figure id=\"attachment_289630\" aria-describedby=\"caption-attachment-289630\" style=\"width: 395px\" class=\"wp-caption aligncenter\"><img loading=\"lazy\" decoding=\"async\" class=\"wp-image-289630\" title=\"Martha Mancera, Fiscal Mancera, Fiscal Martha Mancera \" src=\"https:\/\/www.fiscalia.gov.co\/colombia\/wp-content\/uploads\/WhatsApp-Image-2024-03-04-at-9.07.49-AM-300x217.jpeg\" alt=\"En la fotograf\u00eda aparecen los capturados junto a un servidor del CTI, una agente de la Polic\u00eda Nacional y un agente del Gaula Militar. En la parte posterior est\u00e1 una mesa con 7 tel\u00e9fonos celulares y tres simcard\" width=\"395\" height=\"286\" srcset=\"https:\/\/www.fiscalia.gov.co\/colombia\/wp-content\/uploads\/WhatsApp-Image-2024-03-04-at-9.07.49-AM-300x217.jpeg 300w, https:\/\/www.fiscalia.gov.co\/colombia\/wp-content\/uploads\/WhatsApp-Image-2024-03-04-at-9.07.49-AM-580x420.jpeg 580w, https:\/\/www.fiscalia.gov.co\/colombia\/wp-content\/uploads\/WhatsApp-Image-2024-03-04-at-9.07.49-AM-324x235.jpeg 324w, https:\/\/www.fiscalia.gov.co\/colombia\/wp-content\/uploads\/WhatsApp-Image-2024-03-04-at-9.07.49-AM.jpeg 586w\" sizes=\"auto, (max-width: 395px) 100vw, 395px\" \/><figcaption id=\"caption-attachment-289630\" class=\"wp-caption-text\">Erick Stiven Leiton Aiza y Dayro Leyanssi Quiroz Mipaz fueron asegurados con medida intramural<\/figcaption><\/figure>\n<p style=\"font-weight: 400;\">Un juez penal emiti\u00f3 las \u00f3rdenes de captura contra los imputados que fueron cumplidas en v\u00eda p\u00fablica de Pupiales. Asimismo, en un operativo de registro a una vivienda fueron incautados 7 tel\u00e9fonos celulares y tres tarjetas simcard.<\/p>\n<p style=\"font-weight: 400;\">Por estos hechos, un juez penal promiscuo municipal aval\u00f3 a imputaci\u00f3n de cargos\u00a0 de la Fiscal\u00eda y emiti\u00f3 medida de aseguramiento contra Erick Stiven Leiton Aiza y Dayro Leyanssi Quiroz Mipaz en establecimiento carcelario.<\/p>\n<p><strong><u>La Fiscal\u00eda habla con resultados.<\/u><\/strong><\/p>\n<p>&nbsp;<\/p>\n<p>&nbsp;<\/p>\n<p style=\"font-weight: 400;\">JGPV\/FAGHT\/JPGG\/DSN<\/p>\n<p>Le puede interesar:\u00a0<a href=\"http:\/\/www.fiscalia.gov.co\/colombia\/noticias\/detencion-carcelaria-contra-dos-hombres-procesados-por-homicidio-agravado-y-hurto-calificado\/\" data-saferedirecturl=\"https:\/\/www.google.com\/url?q=http:\/\/www.fiscalia.gov.co\/colombia\/noticias\/detencion-carcelaria-contra-dos-hombres-procesados-por-homicidio-agravado-y-hurto-calificado\/&amp;source=gmail&amp;ust=1709649488542000&amp;usg=AOvVaw30a5C9_nlU5SE3saWQe0MB\">Detenci\u00f3n carcelaria contra dos hombres procesados por homicidio agravado y hurto calificado<\/a><\/p>\n<p>&nbsp;<\/p>\n<p><em>La informaci\u00f3n contenida en este bolet\u00edn de prensa corresponde a la narraci\u00f3n de los hechos noticiosos objetivos, suministrados por los funcionarios encargados de adelantar las investigaciones penales al interior de la Fiscal\u00eda General de la Naci\u00f3n. Para el momento de la divulgaci\u00f3n de este comunicado, la situaci\u00f3n jur\u00eddica de la(s) persona(s) relacionada(s) se encuentra pendiente de resolver por la autoridad judicial competente, siempre bajo los preceptos de la presunci\u00f3n de inocencia, consagrados en el art\u00edculo 29 de la Constituci\u00f3n Pol\u00edtica y el art\u00edculo 7\u00ba de la Ley 906 de 2004. <\/em><\/p>\n\n<div class=\"twitter-share\"><a href=\"https:\/\/twitter.com\/intent\/tweet?via=fiscaliacol\" class=\"twitter-share-button\">Tweet<\/a><\/div>\n","protected":false},"excerpt":{"rendered":"<p>De acuerdo con la investigaci\u00f3n, los asegurados presuntamente hurtaban veh\u00edculos de alta gama, causaban la muerte de los propietarios y desaparec\u00edan sus cuerpos.\u00a0 Las evidencias y el material probatorio recaudados por un fiscal seccional permitieron imputarles cargos a Erick Stiven Leiton Aiza y Dayro Leyanssi Quiroz Mipaz como presuntos coautores de los delitos de\u00a0homicidio agravado,\u00a0homicidio [&hellip;]<\/p>\n","protected":false},"author":178,"featured_media":0,"comment_status":"closed","ping_status":"open","sticky":false,"template":"","format":"standard","meta":{"_price":"","_stock":"","_tribe_ticket_header":"","_tribe_default_ticket_provider":"","_tribe_ticket_capacity":"0","_ticket_start_date":"","_ticket_end_date":"","_tribe_ticket_show_description":"","_tribe_ticket_show_not_going":false,"_tribe_ticket_use_global_stock":"","_tribe_ticket_global_stock_level":"","_global_stock_mode":"","_global_stock_cap":"","_tribe_rsvp_for_event":"","_tribe_ticket_going_count":"","_tribe_ticket_not_going_count":"","_tribe_tickets_list":"[]","_tribe_ticket_has_attendee_info_fields":false,"tdm_status":"","tdm_grid_status":"","footnotes":""},"categories":[1,24099],"tags":[78,37097,37086,36949,24187,686,859,26350,37196,26070],"class_list":{"0":"post-289628","1":"post","2":"type-post","3":"status-publish","4":"format-standard","6":"category-noticias","7":"category-seguridad-territorial","8":"tag-fiscal-general-de-la-nacion","9":"tag-fiscal-general-de-la-nacion-martha-janeth-mancera","10":"tag-fiscal-mancera","11":"tag-fiscal-martha-mancera","12":"tag-fiscalia-colombia","13":"tag-homicidio-agravado","14":"tag-homicidio-en-grado-de-tentativa","15":"tag-martha-mancera","16":"tag-pupiales-narino","17":"tag-seccional-cali"},"yoast_head":"<!-- This site is optimized with the Yoast SEO plugin v24.3 - https:\/\/yoast.com\/wordpress\/plugins\/seo\/ -->\n<title>Fiscal\u00eda General de la Naci\u00f3n<\/title>\n<meta name=\"description\" content=\"P\u00e1gina oficial de la Fiscal\u00eda General de la Naci\u00f3n \u2013 Colombia. Garantizamos el acceso efectivo a la justicia, la verdad y la reparaci\u00f3n de las v\u00edctimas de los delitos.\" \/>\n<meta name=\"robots\" content=\"noindex, follow\" \/>\n<meta property=\"og:locale\" content=\"es_ES\" \/>\n<meta property=\"og:type\" content=\"article\" \/>\n<meta property=\"og:title\" content=\"Fiscal\u00eda General de la Naci\u00f3n\" \/>\n<meta property=\"og:description\" content=\"P\u00e1gina oficial de la Fiscal\u00eda General de la Naci\u00f3n \u2013 Colombia. Garantizamos el acceso efectivo a la justicia, la verdad y la reparaci\u00f3n de las v\u00edctimas de los delitos.\" \/>\n<meta property=\"og:url\" content=\"https:\/\/www.fiscalia.gov.co\/colombia\/noticias\/prision-para-dos-hombres-senalados-de-homicidio-hurto-calificado-y-falsedad-marcaria\/\" \/>\n<meta property=\"og:site_name\" content=\"Fiscal\u00eda General de la Naci\u00f3n\" \/>\n<meta property=\"article:publisher\" content=\"https:\/\/www.facebook.com\/FiscaliaCol\" \/>\n<meta property=\"article:published_time\" content=\"2024-03-04T14:40:31+00:00\" \/>\n<meta property=\"article:modified_time\" content=\"2024-03-07T14:51:42+00:00\" \/>\n<meta property=\"og:image\" content=\"https:\/\/www.fiscalia.gov.co\/colombia\/wp-content\/uploads\/WhatsApp-Image-2024-03-04-at-9.07.49-AM-300x217.jpeg\" \/>\n<meta name=\"author\" content=\"Winnie Geraldine Rodr\u00edguez Navarrete\" \/>\n<meta name=\"twitter:card\" content=\"summary_large_image\" \/>\n<meta name=\"twitter:creator\" content=\"@FiscaliaCol\" \/>\n<meta name=\"twitter:site\" content=\"@FiscaliaCol\" \/>\n<meta name=\"twitter:label1\" content=\"Escrito por\" \/>\n\t<meta name=\"twitter:data1\" content=\"Winnie Geraldine Rodr\u00edguez Navarrete\" \/>\n\t<meta name=\"twitter:label2\" content=\"Tiempo de lectura\" \/>\n\t<meta name=\"twitter:data2\" content=\"3 minutos\" \/>\n<script type=\"application\/ld+json\" class=\"yoast-schema-graph\">{\"@context\":\"https:\/\/schema.org\",\"@graph\":[{\"@type\":\"Article\",\"@id\":\"https:\/\/www.fiscalia.gov.co\/colombia\/noticias\/prision-para-dos-hombres-senalados-de-homicidio-hurto-calificado-y-falsedad-marcaria\/#article\",\"isPartOf\":{\"@id\":\"https:\/\/www.fiscalia.gov.co\/colombia\/noticias\/prision-para-dos-hombres-senalados-de-homicidio-hurto-calificado-y-falsedad-marcaria\/\"},\"author\":{\"name\":\"Winnie Geraldine Rodr\u00edguez Navarrete\",\"@id\":\"https:\/\/www.fiscalia.gov.co\/colombia\/#\/schema\/person\/176195b99ebab0a52aafa15197e1bf80\"},\"headline\":\"Prisi\u00f3n para dos hombres se\u00f1alados de homicidio, hurto calificado y falsedad marcaria\",\"datePublished\":\"2024-03-04T14:40:31+00:00\",\"dateModified\":\"2024-03-07T14:51:42+00:00\",\"mainEntityOfPage\":{\"@id\":\"https:\/\/www.fiscalia.gov.co\/colombia\/noticias\/prision-para-dos-hombres-senalados-de-homicidio-hurto-calificado-y-falsedad-marcaria\/\"},\"wordCount\":528,\"publisher\":{\"@id\":\"https:\/\/www.fiscalia.gov.co\/colombia\/#organization\"},\"image\":{\"@id\":\"https:\/\/www.fiscalia.gov.co\/colombia\/noticias\/prision-para-dos-hombres-senalados-de-homicidio-hurto-calificado-y-falsedad-marcaria\/#primaryimage\"},\"thumbnailUrl\":\"https:\/\/www.fiscalia.gov.co\/colombia\/wp-content\/uploads\/WhatsApp-Image-2024-03-04-at-9.07.49-AM-300x217.jpeg\",\"keywords\":[\"Fiscal General de la Naci\u00f3n\",\"Fiscal General de la Naci\u00f3n Martha Janeth Mancera\",\"fiscal mancera\",\"fiscal martha mancera\",\"Fiscal\u00eda Colombia\",\"Homicidio agravado\",\"Homicidio en grado de tentativa\",\"Martha Mancera\",\"Pupiales (Nari\u00f1o)\",\"Seccional Cali\"],\"articleSection\":[\"Noticias\",\"Seguridad territorial\"],\"inLanguage\":\"es-CO\"},{\"@type\":\"WebPage\",\"@id\":\"https:\/\/www.fiscalia.gov.co\/colombia\/noticias\/prision-para-dos-hombres-senalados-de-homicidio-hurto-calificado-y-falsedad-marcaria\/\",\"url\":\"https:\/\/www.fiscalia.gov.co\/colombia\/noticias\/prision-para-dos-hombres-senalados-de-homicidio-hurto-calificado-y-falsedad-marcaria\/\",\"name\":\"Fiscal\u00eda General de la Naci\u00f3n\",\"isPartOf\":{\"@id\":\"https:\/\/www.fiscalia.gov.co\/colombia\/#website\"},\"primaryImageOfPage\":{\"@id\":\"https:\/\/www.fiscalia.gov.co\/colombia\/noticias\/prision-para-dos-hombres-senalados-de-homicidio-hurto-calificado-y-falsedad-marcaria\/#primaryimage\"},\"image\":{\"@id\":\"https:\/\/www.fiscalia.gov.co\/colombia\/noticias\/prision-para-dos-hombres-senalados-de-homicidio-hurto-calificado-y-falsedad-marcaria\/#primaryimage\"},\"thumbnailUrl\":\"https:\/\/www.fiscalia.gov.co\/colombia\/wp-content\/uploads\/WhatsApp-Image-2024-03-04-at-9.07.49-AM-300x217.jpeg\",\"datePublished\":\"2024-03-04T14:40:31+00:00\",\"dateModified\":\"2024-03-07T14:51:42+00:00\",\"description\":\"P\u00e1gina oficial de la Fiscal\u00eda General de la Naci\u00f3n \u2013 Colombia. Garantizamos el acceso efectivo a la justicia, la verdad y la reparaci\u00f3n de las v\u00edctimas de los delitos.\",\"breadcrumb\":{\"@id\":\"https:\/\/www.fiscalia.gov.co\/colombia\/noticias\/prision-para-dos-hombres-senalados-de-homicidio-hurto-calificado-y-falsedad-marcaria\/#breadcrumb\"},\"inLanguage\":\"es-CO\",\"potentialAction\":[{\"@type\":\"ReadAction\",\"target\":[\"https:\/\/www.fiscalia.gov.co\/colombia\/noticias\/prision-para-dos-hombres-senalados-de-homicidio-hurto-calificado-y-falsedad-marcaria\/\"]}]},{\"@type\":\"ImageObject\",\"inLanguage\":\"es-CO\",\"@id\":\"https:\/\/www.fiscalia.gov.co\/colombia\/noticias\/prision-para-dos-hombres-senalados-de-homicidio-hurto-calificado-y-falsedad-marcaria\/#primaryimage\",\"url\":\"https:\/\/www.fiscalia.gov.co\/colombia\/wp-content\/uploads\/WhatsApp-Image-2024-03-04-at-9.07.49-AM-300x217.jpeg\",\"contentUrl\":\"https:\/\/www.fiscalia.gov.co\/colombia\/wp-content\/uploads\/WhatsApp-Image-2024-03-04-at-9.07.49-AM-300x217.jpeg\"},{\"@type\":\"BreadcrumbList\",\"@id\":\"https:\/\/www.fiscalia.gov.co\/colombia\/noticias\/prision-para-dos-hombres-senalados-de-homicidio-hurto-calificado-y-falsedad-marcaria\/#breadcrumb\",\"itemListElement\":[{\"@type\":\"ListItem\",\"position\":1,\"name\":\"Home\",\"item\":\"https:\/\/www.fiscalia.gov.co\/colombia\/\"},{\"@type\":\"ListItem\",\"position\":2,\"name\":\"Prisi\u00f3n para dos hombres se\u00f1alados de homicidio, hurto calificado y falsedad marcaria\"}]},{\"@type\":\"WebSite\",\"@id\":\"https:\/\/www.fiscalia.gov.co\/colombia\/#website\",\"url\":\"https:\/\/www.fiscalia.gov.co\/colombia\/\",\"name\":\"Fiscal\u00eda General de la Naci\u00f3n\",\"description\":\"P\u00e1gina oficial de la Fiscal\u00eda General de la Naci\u00f3n \u2013 Colombia. Garantizamos el acceso efectivo a la justicia, la verdad y la reparaci\u00f3n de las v\u00edctimas de los delitos.\",\"publisher\":{\"@id\":\"https:\/\/www.fiscalia.gov.co\/colombia\/#organization\"},\"potentialAction\":[{\"@type\":\"SearchAction\",\"target\":{\"@type\":\"EntryPoint\",\"urlTemplate\":\"https:\/\/www.fiscalia.gov.co\/colombia\/?s={search_term_string}\"},\"query-input\":{\"@type\":\"PropertyValueSpecification\",\"valueRequired\":true,\"valueName\":\"search_term_string\"}}],\"inLanguage\":\"es-CO\"},{\"@type\":\"Organization\",\"@id\":\"https:\/\/www.fiscalia.gov.co\/colombia\/#organization\",\"name\":\"Fiscal\u00eda General de la Naci\u00f3n\",\"url\":\"https:\/\/www.fiscalia.gov.co\/colombia\/\",\"logo\":{\"@type\":\"ImageObject\",\"inLanguage\":\"es-CO\",\"@id\":\"https:\/\/www.fiscalia.gov.co\/colombia\/#\/schema\/logo\/image\/\",\"url\":\"https:\/\/www.fiscalia.gov.co\/colombia\/wp-content\/uploads\/LogoHorizontal_1.jpg\",\"contentUrl\":\"https:\/\/www.fiscalia.gov.co\/colombia\/wp-content\/uploads\/LogoHorizontal_1.jpg\",\"width\":300,\"height\":90,\"caption\":\"Fiscal\u00eda General de la Naci\u00f3n\"},\"image\":{\"@id\":\"https:\/\/www.fiscalia.gov.co\/colombia\/#\/schema\/logo\/image\/\"},\"sameAs\":[\"https:\/\/www.facebook.com\/FiscaliaCol\",\"https:\/\/x.com\/FiscaliaCol\",\"https:\/\/www.instagram.com\/fiscaliacol\",\"https:\/\/www.linkedin.com\/company\/fiscalia-general-de-la-naci-n\/\",\"https:\/\/youtube.com\/@fiscaliageneraldelanacion-4668?si=6nN79nyQICPU5iTh\"]},{\"@type\":\"Person\",\"@id\":\"https:\/\/www.fiscalia.gov.co\/colombia\/#\/schema\/person\/176195b99ebab0a52aafa15197e1bf80\",\"name\":\"Winnie Geraldine Rodr\u00edguez Navarrete\",\"image\":{\"@type\":\"ImageObject\",\"inLanguage\":\"es-CO\",\"@id\":\"https:\/\/www.fiscalia.gov.co\/colombia\/#\/schema\/person\/image\/\",\"url\":\"https:\/\/secure.gravatar.com\/avatar\/c24cf8481dc84fa5e8c7b20bc95ab0c6?s=96&d=mm&r=g\",\"contentUrl\":\"https:\/\/secure.gravatar.com\/avatar\/c24cf8481dc84fa5e8c7b20bc95ab0c6?s=96&d=mm&r=g\",\"caption\":\"Winnie Geraldine Rodr\u00edguez Navarrete\"},\"url\":\"https:\/\/www.fiscalia.gov.co\/colombia\/author\/winnierodriguez\/\"}]}<\/script>\n<!-- \/ Yoast SEO plugin. -->","yoast_head_json":{"title":"Fiscal\u00eda General de la Naci\u00f3n","description":"P\u00e1gina oficial de la Fiscal\u00eda General de la Naci\u00f3n \u2013 Colombia. Garantizamos el acceso efectivo a la justicia, la verdad y la reparaci\u00f3n de las v\u00edctimas de los delitos.","robots":{"index":"noindex","follow":"follow"},"og_locale":"es_ES","og_type":"article","og_title":"Fiscal\u00eda General de la Naci\u00f3n","og_description":"P\u00e1gina oficial de la Fiscal\u00eda General de la Naci\u00f3n \u2013 Colombia. Garantizamos el acceso efectivo a la justicia, la verdad y la reparaci\u00f3n de las v\u00edctimas de los delitos.","og_url":"https:\/\/www.fiscalia.gov.co\/colombia\/noticias\/prision-para-dos-hombres-senalados-de-homicidio-hurto-calificado-y-falsedad-marcaria\/","og_site_name":"Fiscal\u00eda General de la Naci\u00f3n","article_publisher":"https:\/\/www.facebook.com\/FiscaliaCol","article_published_time":"2024-03-04T14:40:31+00:00","article_modified_time":"2024-03-07T14:51:42+00:00","og_image":[{"url":"https:\/\/www.fiscalia.gov.co\/colombia\/wp-content\/uploads\/WhatsApp-Image-2024-03-04-at-9.07.49-AM-300x217.jpeg","type":"","width":"","height":""}],"author":"Winnie Geraldine Rodr\u00edguez Navarrete","twitter_card":"summary_large_image","twitter_creator":"@FiscaliaCol","twitter_site":"@FiscaliaCol","twitter_misc":{"Escrito por":"Winnie Geraldine Rodr\u00edguez Navarrete","Tiempo de lectura":"3 minutos"},"schema":{"@context":"https:\/\/schema.org","@graph":[{"@type":"Article","@id":"https:\/\/www.fiscalia.gov.co\/colombia\/noticias\/prision-para-dos-hombres-senalados-de-homicidio-hurto-calificado-y-falsedad-marcaria\/#article","isPartOf":{"@id":"https:\/\/www.fiscalia.gov.co\/colombia\/noticias\/prision-para-dos-hombres-senalados-de-homicidio-hurto-calificado-y-falsedad-marcaria\/"},"author":{"name":"Winnie Geraldine Rodr\u00edguez Navarrete","@id":"https:\/\/www.fiscalia.gov.co\/colombia\/#\/schema\/person\/176195b99ebab0a52aafa15197e1bf80"},"headline":"Prisi\u00f3n para dos hombres se\u00f1alados de homicidio, hurto calificado y falsedad marcaria","datePublished":"2024-03-04T14:40:31+00:00","dateModified":"2024-03-07T14:51:42+00:00","mainEntityOfPage":{"@id":"https:\/\/www.fiscalia.gov.co\/colombia\/noticias\/prision-para-dos-hombres-senalados-de-homicidio-hurto-calificado-y-falsedad-marcaria\/"},"wordCount":528,"publisher":{"@id":"https:\/\/www.fiscalia.gov.co\/colombia\/#organization"},"image":{"@id":"https:\/\/www.fiscalia.gov.co\/colombia\/noticias\/prision-para-dos-hombres-senalados-de-homicidio-hurto-calificado-y-falsedad-marcaria\/#primaryimage"},"thumbnailUrl":"https:\/\/www.fiscalia.gov.co\/colombia\/wp-content\/uploads\/WhatsApp-Image-2024-03-04-at-9.07.49-AM-300x217.jpeg","keywords":["Fiscal General de la Naci\u00f3n","Fiscal General de la Naci\u00f3n Martha Janeth Mancera","fiscal mancera","fiscal martha mancera","Fiscal\u00eda Colombia","Homicidio agravado","Homicidio en grado de tentativa","Martha Mancera","Pupiales (Nari\u00f1o)","Seccional Cali"],"articleSection":["Noticias","Seguridad territorial"],"inLanguage":"es-CO"},{"@type":"WebPage","@id":"https:\/\/www.fiscalia.gov.co\/colombia\/noticias\/prision-para-dos-hombres-senalados-de-homicidio-hurto-calificado-y-falsedad-marcaria\/","url":"https:\/\/www.fiscalia.gov.co\/colombia\/noticias\/prision-para-dos-hombres-senalados-de-homicidio-hurto-calificado-y-falsedad-marcaria\/","name":"Fiscal\u00eda General de la Naci\u00f3n","isPartOf":{"@id":"https:\/\/www.fiscalia.gov.co\/colombia\/#website"},"primaryImageOfPage":{"@id":"https:\/\/www.fiscalia.gov.co\/colombia\/noticias\/prision-para-dos-hombres-senalados-de-homicidio-hurto-calificado-y-falsedad-marcaria\/#primaryimage"},"image":{"@id":"https:\/\/www.fiscalia.gov.co\/colombia\/noticias\/prision-para-dos-hombres-senalados-de-homicidio-hurto-calificado-y-falsedad-marcaria\/#primaryimage"},"thumbnailUrl":"https:\/\/www.fiscalia.gov.co\/colombia\/wp-content\/uploads\/WhatsApp-Image-2024-03-04-at-9.07.49-AM-300x217.jpeg","datePublished":"2024-03-04T14:40:31+00:00","dateModified":"2024-03-07T14:51:42+00:00","description":"P\u00e1gina oficial de la Fiscal\u00eda General de la Naci\u00f3n \u2013 Colombia. Garantizamos el acceso efectivo a la justicia, la verdad y la reparaci\u00f3n de las v\u00edctimas de los delitos.","breadcrumb":{"@id":"https:\/\/www.fiscalia.gov.co\/colombia\/noticias\/prision-para-dos-hombres-senalados-de-homicidio-hurto-calificado-y-falsedad-marcaria\/#breadcrumb"},"inLanguage":"es-CO","potentialAction":[{"@type":"ReadAction","target":["https:\/\/www.fiscalia.gov.co\/colombia\/noticias\/prision-para-dos-hombres-senalados-de-homicidio-hurto-calificado-y-falsedad-marcaria\/"]}]},{"@type":"ImageObject","inLanguage":"es-CO","@id":"https:\/\/www.fiscalia.gov.co\/colombia\/noticias\/prision-para-dos-hombres-senalados-de-homicidio-hurto-calificado-y-falsedad-marcaria\/#primaryimage","url":"https:\/\/www.fiscalia.gov.co\/colombia\/wp-content\/uploads\/WhatsApp-Image-2024-03-04-at-9.07.49-AM-300x217.jpeg","contentUrl":"https:\/\/www.fiscalia.gov.co\/colombia\/wp-content\/uploads\/WhatsApp-Image-2024-03-04-at-9.07.49-AM-300x217.jpeg"},{"@type":"BreadcrumbList","@id":"https:\/\/www.fiscalia.gov.co\/colombia\/noticias\/prision-para-dos-hombres-senalados-de-homicidio-hurto-calificado-y-falsedad-marcaria\/#breadcrumb","itemListElement":[{"@type":"ListItem","position":1,"name":"Home","item":"https:\/\/www.fiscalia.gov.co\/colombia\/"},{"@type":"ListItem","position":2,"name":"Prisi\u00f3n para dos hombres se\u00f1alados de homicidio, hurto calificado y falsedad marcaria"}]},{"@type":"WebSite","@id":"https:\/\/www.fiscalia.gov.co\/colombia\/#website","url":"https:\/\/www.fiscalia.gov.co\/colombia\/","name":"Fiscal\u00eda General de la Naci\u00f3n","description":"P\u00e1gina oficial de la Fiscal\u00eda General de la Naci\u00f3n \u2013 Colombia. Garantizamos el acceso efectivo a la justicia, la verdad y la reparaci\u00f3n de las v\u00edctimas de los delitos.","publisher":{"@id":"https:\/\/www.fiscalia.gov.co\/colombia\/#organization"},"potentialAction":[{"@type":"SearchAction","target":{"@type":"EntryPoint","urlTemplate":"https:\/\/www.fiscalia.gov.co\/colombia\/?s={search_term_string}"},"query-input":{"@type":"PropertyValueSpecification","valueRequired":true,"valueName":"search_term_string"}}],"inLanguage":"es-CO"},{"@type":"Organization","@id":"https:\/\/www.fiscalia.gov.co\/colombia\/#organization","name":"Fiscal\u00eda General de la Naci\u00f3n","url":"https:\/\/www.fiscalia.gov.co\/colombia\/","logo":{"@type":"ImageObject","inLanguage":"es-CO","@id":"https:\/\/www.fiscalia.gov.co\/colombia\/#\/schema\/logo\/image\/","url":"https:\/\/www.fiscalia.gov.co\/colombia\/wp-content\/uploads\/LogoHorizontal_1.jpg","contentUrl":"https:\/\/www.fiscalia.gov.co\/colombia\/wp-content\/uploads\/LogoHorizontal_1.jpg","width":300,"height":90,"caption":"Fiscal\u00eda General de la Naci\u00f3n"},"image":{"@id":"https:\/\/www.fiscalia.gov.co\/colombia\/#\/schema\/logo\/image\/"},"sameAs":["https:\/\/www.facebook.com\/FiscaliaCol","https:\/\/x.com\/FiscaliaCol","https:\/\/www.instagram.com\/fiscaliacol","https:\/\/www.linkedin.com\/company\/fiscalia-general-de-la-naci-n\/","https:\/\/youtube.com\/@fiscaliageneraldelanacion-4668?si=6nN79nyQICPU5iTh"]},{"@type":"Person","@id":"https:\/\/www.fiscalia.gov.co\/colombia\/#\/schema\/person\/176195b99ebab0a52aafa15197e1bf80","name":"Winnie Geraldine Rodr\u00edguez Navarrete","image":{"@type":"ImageObject","inLanguage":"es-CO","@id":"https:\/\/www.fiscalia.gov.co\/colombia\/#\/schema\/person\/image\/","url":"https:\/\/secure.gravatar.com\/avatar\/c24cf8481dc84fa5e8c7b20bc95ab0c6?s=96&d=mm&r=g","contentUrl":"https:\/\/secure.gravatar.com\/avatar\/c24cf8481dc84fa5e8c7b20bc95ab0c6?s=96&d=mm&r=g","caption":"Winnie Geraldine Rodr\u00edguez Navarrete"},"url":"https:\/\/www.fiscalia.gov.co\/colombia\/author\/winnierodriguez\/"}]}},"_links":{"self":[{"href":"https:\/\/www.fiscalia.gov.co\/colombia\/wp-json\/wp\/v2\/posts\/289628","targetHints":{"allow":["GET"]}}],"collection":[{"href":"https:\/\/www.fiscalia.gov.co\/colombia\/wp-json\/wp\/v2\/posts"}],"about":[{"href":"https:\/\/www.fiscalia.gov.co\/colombia\/wp-json\/wp\/v2\/types\/post"}],"author":[{"embeddable":true,"href":"https:\/\/www.fiscalia.gov.co\/colombia\/wp-json\/wp\/v2\/users\/178"}],"replies":[{"embeddable":true,"href":"https:\/\/www.fiscalia.gov.co\/colombia\/wp-json\/wp\/v2\/comments?post=289628"}],"version-history":[{"count":4,"href":"https:\/\/www.fiscalia.gov.co\/colombia\/wp-json\/wp\/v2\/posts\/289628\/revisions"}],"predecessor-version":[{"id":290252,"href":"https:\/\/www.fiscalia.gov.co\/colombia\/wp-json\/wp\/v2\/posts\/289628\/revisions\/290252"}],"wp:attachment":[{"href":"https:\/\/www.fiscalia.gov.co\/colombia\/wp-json\/wp\/v2\/media?parent=289628"}],"wp:term":[{"taxonomy":"category","embeddable":true,"href":"https:\/\/www.fiscalia.gov.co\/colombia\/wp-json\/wp\/v2\/categories?post=289628"},{"taxonomy":"post_tag","embeddable":true,"href":"https:\/\/www.fiscalia.gov.co\/colombia\/wp-json\/wp\/v2\/tags?post=289628"}],"curies":[{"name":"wp","href":"https:\/\/api.w.org\/{rel}","templated":true}]}}