{"id":289496,"date":"2024-03-01T10:28:32","date_gmt":"2024-03-01T15:28:32","guid":{"rendered":"https:\/\/www.fiscalia.gov.co\/colombia\/?p=289496"},"modified":"2024-03-14T10:01:23","modified_gmt":"2024-03-14T15:01:23","slug":"carcel-para-dos-hombres-por-delitos-sexuales-y-violencia-intrafamiliar-en-arauca","status":"publish","type":"post","link":"https:\/\/www.fiscalia.gov.co\/colombia\/noticias\/carcel-para-dos-hombres-por-delitos-sexuales-y-violencia-intrafamiliar-en-arauca\/","title":{"rendered":"C\u00e1rcel para dos hombres por delitos sexuales y violencia intrafamiliar en Arauca"},"content":{"rendered":"<p style=\"font-weight: 400;\">Por delitos sexuales la Fiscal\u00eda General de la Naci\u00f3n <a href=\"https:\/\/www.fiscalia.gov.co\/colombia\/noticias\/carcel-para-dos-implicados-en-delitos-sexuales-contra-menores-de-edad-en-arauca\/\" data-saferedirecturl=\"https:\/\/www.google.com\/url?q=https:\/\/www.fiscalia.gov.co\/colombia\/noticias\/carcel-para-dos-implicados-en-delitos-sexuales-contra-menores-de-edad-en-arauca\/&amp;source=gmail&amp;ust=1709393117195000&amp;usg=AOvVaw3R35kuA-Rfx2r-qgHHjJMJ\">imput\u00f3<\/a>\u00a0cargos a dos hombres, quienes habr\u00edan atentado contra la integridad de una mujer y una menor de 14 a\u00f1os en el departamento de Arauca.<\/p>\n<p style=\"font-weight: 400;\">El primero caso investigado se relaciona con hechos ocurridos en los meses de abril y agosto de 2018, cuando\u00a0Sergio Manuel Zapata Aguilera, compa\u00f1ero sentimental de la v\u00edctima, la habr\u00eda accedido sexualmente de forma violenta.<\/p>\n<figure id=\"attachment_289497\" aria-describedby=\"caption-attachment-289497\" style=\"width: 548px\" class=\"wp-caption aligncenter\"><img loading=\"lazy\" decoding=\"async\" class=\"wp-image-289497\" title=\"Martha Mancera, Fiscal Mancera, Fiscal Martha Mancera \" src=\"https:\/\/www.fiscalia.gov.co\/colombia\/wp-content\/uploads\/Sergio-Manuel-Zapata-Aguilera-judicializado-por-delitos-sexuales-y-violencia-intrafamiliar-Arauca.jpg\" alt=\" Se observa al capturado de espaldas junto a uniformado de la Polic\u00eda Nacional. Detr\u00e1s el banner que identifica al Departamento de Polic\u00eda de Arauca,\" width=\"548\" height=\"472\" srcset=\"https:\/\/www.fiscalia.gov.co\/colombia\/wp-content\/uploads\/Sergio-Manuel-Zapata-Aguilera-judicializado-por-delitos-sexuales-y-violencia-intrafamiliar-Arauca.jpg 316w, https:\/\/www.fiscalia.gov.co\/colombia\/wp-content\/uploads\/Sergio-Manuel-Zapata-Aguilera-judicializado-por-delitos-sexuales-y-violencia-intrafamiliar-Arauca-300x258.jpg 300w\" sizes=\"auto, (max-width: 548px) 100vw, 548px\" \/><figcaption id=\"caption-attachment-289497\" class=\"wp-caption-text\">Procesado por los delitos de acceso carnal violento y violencia intrafamiliar agravada.<\/figcaption><\/figure>\n<p style=\"font-weight: 400;\">Asimismo, en diciembre de 2021, al parecer la agredi\u00f3 f\u00edsicamente ocasion\u00e1ndole heridas en todo su cuerpo.<\/p>\n<p style=\"font-weight: 400;\">El procesado no acept\u00f3 los cargos formulados por la fiscal\u00eda por el delito de\u00a0<a href=\"https:\/\/www.fiscalia.gov.co\/colombia\/noticias\/asegurado-presunto-abusador-sexual-de-una-menor-de-17-anos-en-arauca\/\" data-saferedirecturl=\"https:\/\/www.google.com\/url?q=https:\/\/www.fiscalia.gov.co\/colombia\/noticias\/asegurado-presunto-abusador-sexual-de-una-menor-de-17-anos-en-arauca\/&amp;source=gmail&amp;ust=1709393117195000&amp;usg=AOvVaw3h39BNNzW1hvZCvdnowacg\">acceso<\/a>\u00a0carnal violento agravado en concurso homog\u00e9neo y sucesivo y violencia intrafamiliar agravada, en concurso homog\u00e9neo y sucesivo.<\/p>\n<p style=\"font-weight: 400;\">De otra parte, la Polic\u00eda Nacional captur\u00f3 en Arauquita (Arauca), en cumplimiento de orden judicial, al padre de una menor de 14 a\u00f1os a quien, al parecer, cuando iba a visitarlo los fines de semana la acced\u00eda sexualmente. La agresi\u00f3n m\u00e1s reciente habr\u00eda sido el pasado 29 de enero.<\/p>\n<figure id=\"attachment_289498\" aria-describedby=\"caption-attachment-289498\" style=\"width: 616px\" class=\"wp-caption aligncenter\"><img loading=\"lazy\" decoding=\"async\" class=\" wp-image-289498\" src=\"https:\/\/www.fiscalia.gov.co\/colombia\/wp-content\/uploads\/El-hombre-fue-procesado-por-delitos-sexuales-contra-su-hija-menor-de-edad-Arauca.jpg\" alt=\"Se observa al capturado de espaldas junto a uniformado de la Polic\u00eda Nacional. Detr\u00e1s el banner que identifica al Departamento de Polic\u00eda de Arauca,\" width=\"616\" height=\"433\" srcset=\"https:\/\/www.fiscalia.gov.co\/colombia\/wp-content\/uploads\/El-hombre-fue-procesado-por-delitos-sexuales-contra-su-hija-menor-de-edad-Arauca.jpg 516w, https:\/\/www.fiscalia.gov.co\/colombia\/wp-content\/uploads\/El-hombre-fue-procesado-por-delitos-sexuales-contra-su-hija-menor-de-edad-Arauca-300x211.jpg 300w, https:\/\/www.fiscalia.gov.co\/colombia\/wp-content\/uploads\/El-hombre-fue-procesado-por-delitos-sexuales-contra-su-hija-menor-de-edad-Arauca-100x70.jpg 100w\" sizes=\"auto, (max-width: 616px) 100vw, 616px\" \/><figcaption id=\"caption-attachment-289498\" class=\"wp-caption-text\">A este hombre la Fiscal\u00eda le imput\u00f3 el delito de acceso carnal abusivo con menor de catorce a\u00f1os.<\/figcaption><\/figure>\n<p style=\"font-weight: 400;\">Los hechos fueron denunciados por la madre de la menor ante la comisaria de familia. Al investigado la Fiscal\u00eda le imput\u00f3 cargos por el delito de acceso carnal abusivo con menor de catorce a\u00f1os, a los que no se allano.<\/p>\n<p style=\"font-weight: 400;\">La Fiscal\u00eda General de la Naci\u00f3n en Arauca sigue impactando de manera contundente los delitos que afectan a los ni\u00f1os, ni\u00f1as, adolescentes y mujeres, de acuerdo con el compromiso adquirido por la Fiscal General de la Naci\u00f3n (e), Martha Janeth Mancera.<\/p>\n<p><strong><u>La Fiscal\u00eda habla con resultados<\/u><\/strong><\/p>\n<p>&nbsp;<\/p>\n<p>&nbsp;<\/p>\n<p>&nbsp;<\/p>\n<p>&nbsp;<\/p>\n<p>&nbsp;<\/p>\n<p style=\"font-weight: 400;\">MPHA\/CFG\/HMCR\/DSA<\/p>\n<p>&nbsp;<\/p>\n<p>&nbsp;<\/p>\n<div class=\"td-post-content tagdiv-type\">\n<p><i>La informaci\u00f3n contenida en este bolet\u00edn de prensa corresponde a la narraci\u00f3n de los hechos noticiosos objetivos, suministrados por los funcionarios encargados de adelantar las investigaciones penales al interior de la Fiscal\u00eda General de la Naci\u00f3n. Para el momento de la divulgaci\u00f3n de este comunicado, la situaci\u00f3n jur\u00eddica de la(s) persona(s) relacionada(s) se encuentra pendiente de resolver por la autoridad judicial competente, siempre bajo los preceptos de la presunci\u00f3n de inocencia, consagrados en el art\u00edculo 29 de la Constituci\u00f3n Pol\u00edtica y el art\u00edculo 7\u00ba de la Ley 906 de 2004.<\/i><\/p>\n<\/div>\n<footer>\n<div class=\"td-post-source-tags\"><\/div>\n<div class=\"td-post-sharing-bottom\"><\/div>\n<\/footer>\n\n<div class=\"twitter-share\"><a href=\"https:\/\/twitter.com\/intent\/tweet?via=fiscaliacol\" class=\"twitter-share-button\">Tweet<\/a><\/div>\n","protected":false},"excerpt":{"rendered":"<p>Por delitos sexuales la Fiscal\u00eda General de la Naci\u00f3n imput\u00f3\u00a0cargos a dos hombres, quienes habr\u00edan atentado contra la integridad de una mujer y una menor de 14 a\u00f1os en el departamento de Arauca. El primero caso investigado se relaciona con hechos ocurridos en los meses de abril y agosto de 2018, cuando\u00a0Sergio Manuel Zapata Aguilera, [&hellip;]<\/p>\n","protected":false},"author":177,"featured_media":0,"comment_status":"closed","ping_status":"open","sticky":false,"template":"","format":"video","meta":{"_price":"","_stock":"","_tribe_ticket_header":"","_tribe_default_ticket_provider":"","_tribe_ticket_capacity":"0","_ticket_start_date":"","_ticket_end_date":"","_tribe_ticket_show_description":"","_tribe_ticket_show_not_going":false,"_tribe_ticket_use_global_stock":"","_tribe_ticket_global_stock_level":"","_global_stock_mode":"","_global_stock_cap":"","_tribe_rsvp_for_event":"","_tribe_ticket_going_count":"","_tribe_ticket_not_going_count":"","_tribe_tickets_list":"[]","_tribe_ticket_has_attendee_info_fields":false,"tdm_status":"","tdm_grid_status":"","footnotes":""},"categories":[1,12632,303,24127],"tags":[31726,14550,2369,37086,36949,4614,17967,26350,711,1176],"class_list":{"0":"post-289496","1":"post","2":"type-post","3":"status-publish","4":"format-video","6":"category-noticias","7":"category-seccional-arauca","8":"category-seccionales","9":"category-violencia-sexual-e-intrafamiliar","10":"tag-arauca-arauca","11":"tag-carcel","12":"tag-de4litos-sexuales","13":"tag-fiscal-mancera","14":"tag-fiscal-martha-mancera","15":"tag-fiscalia-2","16":"tag-investigacion","17":"tag-martha-mancera","18":"tag-proteccion","19":"tag-violencia-de-genero","20":"post_format-post-format-video"},"yoast_head":"<!-- This site is optimized with the Yoast SEO plugin v24.3 - https:\/\/yoast.com\/wordpress\/plugins\/seo\/ -->\n<title>Fiscal\u00eda General de la Naci\u00f3n<\/title>\n<meta name=\"description\" content=\"P\u00e1gina oficial de la Fiscal\u00eda General de la Naci\u00f3n \u2013 Colombia. Garantizamos el acceso efectivo a la justicia, la verdad y la reparaci\u00f3n de las v\u00edctimas de los delitos.\" \/>\n<meta name=\"robots\" content=\"noindex, follow\" \/>\n<meta property=\"og:locale\" content=\"es_ES\" \/>\n<meta property=\"og:type\" content=\"article\" \/>\n<meta property=\"og:title\" content=\"Fiscal\u00eda General de la Naci\u00f3n\" \/>\n<meta property=\"og:description\" content=\"P\u00e1gina oficial de la Fiscal\u00eda General de la Naci\u00f3n \u2013 Colombia. Garantizamos el acceso efectivo a la justicia, la verdad y la reparaci\u00f3n de las v\u00edctimas de los delitos.\" \/>\n<meta property=\"og:url\" content=\"https:\/\/www.fiscalia.gov.co\/colombia\/noticias\/carcel-para-dos-hombres-por-delitos-sexuales-y-violencia-intrafamiliar-en-arauca\/\" \/>\n<meta property=\"og:site_name\" content=\"Fiscal\u00eda General de la Naci\u00f3n\" \/>\n<meta property=\"article:publisher\" content=\"https:\/\/www.facebook.com\/FiscaliaCol\" \/>\n<meta property=\"article:published_time\" content=\"2024-03-01T15:28:32+00:00\" \/>\n<meta property=\"article:modified_time\" content=\"2024-03-14T15:01:23+00:00\" \/>\n<meta property=\"og:image\" content=\"https:\/\/www.fiscalia.gov.co\/colombia\/wp-content\/uploads\/Sergio-Manuel-Zapata-Aguilera-judicializado-por-delitos-sexuales-y-violencia-intrafamiliar-Arauca.jpg\" \/>\n<meta name=\"author\" content=\"Jordan Leandro Oviedo Anzola\" \/>\n<meta name=\"twitter:card\" content=\"summary_large_image\" \/>\n<meta name=\"twitter:creator\" content=\"@FiscaliaCol\" \/>\n<meta name=\"twitter:site\" content=\"@FiscaliaCol\" \/>\n<meta name=\"twitter:label1\" content=\"Escrito por\" \/>\n\t<meta name=\"twitter:data1\" content=\"Jordan Leandro Oviedo Anzola\" \/>\n\t<meta name=\"twitter:label2\" content=\"Tiempo de lectura\" \/>\n\t<meta name=\"twitter:data2\" content=\"3 minutos\" \/>\n<script type=\"application\/ld+json\" class=\"yoast-schema-graph\">{\"@context\":\"https:\/\/schema.org\",\"@graph\":[{\"@type\":\"Article\",\"@id\":\"https:\/\/www.fiscalia.gov.co\/colombia\/noticias\/carcel-para-dos-hombres-por-delitos-sexuales-y-violencia-intrafamiliar-en-arauca\/#article\",\"isPartOf\":{\"@id\":\"https:\/\/www.fiscalia.gov.co\/colombia\/noticias\/carcel-para-dos-hombres-por-delitos-sexuales-y-violencia-intrafamiliar-en-arauca\/\"},\"author\":{\"name\":\"Jordan Leandro Oviedo Anzola\",\"@id\":\"https:\/\/www.fiscalia.gov.co\/colombia\/#\/schema\/person\/bf84402cf293a5393e9c70b111020b24\"},\"headline\":\"C\u00e1rcel para dos hombres por delitos sexuales y violencia intrafamiliar en Arauca\",\"datePublished\":\"2024-03-01T15:28:32+00:00\",\"dateModified\":\"2024-03-14T15:01:23+00:00\",\"mainEntityOfPage\":{\"@id\":\"https:\/\/www.fiscalia.gov.co\/colombia\/noticias\/carcel-para-dos-hombres-por-delitos-sexuales-y-violencia-intrafamiliar-en-arauca\/\"},\"wordCount\":445,\"publisher\":{\"@id\":\"https:\/\/www.fiscalia.gov.co\/colombia\/#organization\"},\"image\":{\"@id\":\"https:\/\/www.fiscalia.gov.co\/colombia\/noticias\/carcel-para-dos-hombres-por-delitos-sexuales-y-violencia-intrafamiliar-en-arauca\/#primaryimage\"},\"thumbnailUrl\":\"https:\/\/www.fiscalia.gov.co\/colombia\/wp-content\/uploads\/Sergio-Manuel-Zapata-Aguilera-judicializado-por-delitos-sexuales-y-violencia-intrafamiliar-Arauca.jpg\",\"keywords\":[\"Arauca (Arauca)\",\"C\u00e1rcel\",\"Delitos sexuales\",\"fiscal mancera\",\"fiscal martha mancera\",\"Fiscal\u00eda\",\"Investigaci\u00f3n\",\"Martha Mancera\",\"Protecci\u00f3n\",\"Violencia de g\u00e9nero\"],\"articleSection\":[\"Noticias\",\"Seccional Arauca\",\"Seccionales\",\"Violencia sexual e intrafamiliar\"],\"inLanguage\":\"es-CO\"},{\"@type\":\"WebPage\",\"@id\":\"https:\/\/www.fiscalia.gov.co\/colombia\/noticias\/carcel-para-dos-hombres-por-delitos-sexuales-y-violencia-intrafamiliar-en-arauca\/\",\"url\":\"https:\/\/www.fiscalia.gov.co\/colombia\/noticias\/carcel-para-dos-hombres-por-delitos-sexuales-y-violencia-intrafamiliar-en-arauca\/\",\"name\":\"Fiscal\u00eda General de la Naci\u00f3n\",\"isPartOf\":{\"@id\":\"https:\/\/www.fiscalia.gov.co\/colombia\/#website\"},\"primaryImageOfPage\":{\"@id\":\"https:\/\/www.fiscalia.gov.co\/colombia\/noticias\/carcel-para-dos-hombres-por-delitos-sexuales-y-violencia-intrafamiliar-en-arauca\/#primaryimage\"},\"image\":{\"@id\":\"https:\/\/www.fiscalia.gov.co\/colombia\/noticias\/carcel-para-dos-hombres-por-delitos-sexuales-y-violencia-intrafamiliar-en-arauca\/#primaryimage\"},\"thumbnailUrl\":\"https:\/\/www.fiscalia.gov.co\/colombia\/wp-content\/uploads\/Sergio-Manuel-Zapata-Aguilera-judicializado-por-delitos-sexuales-y-violencia-intrafamiliar-Arauca.jpg\",\"datePublished\":\"2024-03-01T15:28:32+00:00\",\"dateModified\":\"2024-03-14T15:01:23+00:00\",\"description\":\"P\u00e1gina oficial de la Fiscal\u00eda General de la Naci\u00f3n \u2013 Colombia. Garantizamos el acceso efectivo a la justicia, la verdad y la reparaci\u00f3n de las v\u00edctimas de los delitos.\",\"breadcrumb\":{\"@id\":\"https:\/\/www.fiscalia.gov.co\/colombia\/noticias\/carcel-para-dos-hombres-por-delitos-sexuales-y-violencia-intrafamiliar-en-arauca\/#breadcrumb\"},\"inLanguage\":\"es-CO\",\"potentialAction\":[{\"@type\":\"ReadAction\",\"target\":[\"https:\/\/www.fiscalia.gov.co\/colombia\/noticias\/carcel-para-dos-hombres-por-delitos-sexuales-y-violencia-intrafamiliar-en-arauca\/\"]}]},{\"@type\":\"ImageObject\",\"inLanguage\":\"es-CO\",\"@id\":\"https:\/\/www.fiscalia.gov.co\/colombia\/noticias\/carcel-para-dos-hombres-por-delitos-sexuales-y-violencia-intrafamiliar-en-arauca\/#primaryimage\",\"url\":\"https:\/\/www.fiscalia.gov.co\/colombia\/wp-content\/uploads\/Sergio-Manuel-Zapata-Aguilera-judicializado-por-delitos-sexuales-y-violencia-intrafamiliar-Arauca.jpg\",\"contentUrl\":\"https:\/\/www.fiscalia.gov.co\/colombia\/wp-content\/uploads\/Sergio-Manuel-Zapata-Aguilera-judicializado-por-delitos-sexuales-y-violencia-intrafamiliar-Arauca.jpg\",\"width\":316,\"height\":272,\"caption\":\"Procesado por los delitos de acceso carnal violento y violencia intrafamiliar agravada.\"},{\"@type\":\"BreadcrumbList\",\"@id\":\"https:\/\/www.fiscalia.gov.co\/colombia\/noticias\/carcel-para-dos-hombres-por-delitos-sexuales-y-violencia-intrafamiliar-en-arauca\/#breadcrumb\",\"itemListElement\":[{\"@type\":\"ListItem\",\"position\":1,\"name\":\"Home\",\"item\":\"https:\/\/www.fiscalia.gov.co\/colombia\/\"},{\"@type\":\"ListItem\",\"position\":2,\"name\":\"C\u00e1rcel para dos hombres por delitos sexuales y violencia intrafamiliar en Arauca\"}]},{\"@type\":\"WebSite\",\"@id\":\"https:\/\/www.fiscalia.gov.co\/colombia\/#website\",\"url\":\"https:\/\/www.fiscalia.gov.co\/colombia\/\",\"name\":\"Fiscal\u00eda General de la Naci\u00f3n\",\"description\":\"P\u00e1gina oficial de la Fiscal\u00eda General de la Naci\u00f3n \u2013 Colombia. Garantizamos el acceso efectivo a la justicia, la verdad y la reparaci\u00f3n de las v\u00edctimas de los delitos.\",\"publisher\":{\"@id\":\"https:\/\/www.fiscalia.gov.co\/colombia\/#organization\"},\"potentialAction\":[{\"@type\":\"SearchAction\",\"target\":{\"@type\":\"EntryPoint\",\"urlTemplate\":\"https:\/\/www.fiscalia.gov.co\/colombia\/?s={search_term_string}\"},\"query-input\":{\"@type\":\"PropertyValueSpecification\",\"valueRequired\":true,\"valueName\":\"search_term_string\"}}],\"inLanguage\":\"es-CO\"},{\"@type\":\"Organization\",\"@id\":\"https:\/\/www.fiscalia.gov.co\/colombia\/#organization\",\"name\":\"Fiscal\u00eda General de la Naci\u00f3n\",\"url\":\"https:\/\/www.fiscalia.gov.co\/colombia\/\",\"logo\":{\"@type\":\"ImageObject\",\"inLanguage\":\"es-CO\",\"@id\":\"https:\/\/www.fiscalia.gov.co\/colombia\/#\/schema\/logo\/image\/\",\"url\":\"https:\/\/www.fiscalia.gov.co\/colombia\/wp-content\/uploads\/LogoHorizontal_1.jpg\",\"contentUrl\":\"https:\/\/www.fiscalia.gov.co\/colombia\/wp-content\/uploads\/LogoHorizontal_1.jpg\",\"width\":300,\"height\":90,\"caption\":\"Fiscal\u00eda General de la Naci\u00f3n\"},\"image\":{\"@id\":\"https:\/\/www.fiscalia.gov.co\/colombia\/#\/schema\/logo\/image\/\"},\"sameAs\":[\"https:\/\/www.facebook.com\/FiscaliaCol\",\"https:\/\/x.com\/FiscaliaCol\",\"https:\/\/www.instagram.com\/fiscaliacol\",\"https:\/\/www.linkedin.com\/company\/fiscalia-general-de-la-naci-n\/\",\"https:\/\/youtube.com\/@fiscaliageneraldelanacion-4668?si=6nN79nyQICPU5iTh\"]},{\"@type\":\"Person\",\"@id\":\"https:\/\/www.fiscalia.gov.co\/colombia\/#\/schema\/person\/bf84402cf293a5393e9c70b111020b24\",\"name\":\"Jordan Leandro Oviedo Anzola\",\"image\":{\"@type\":\"ImageObject\",\"inLanguage\":\"es-CO\",\"@id\":\"https:\/\/www.fiscalia.gov.co\/colombia\/#\/schema\/person\/image\/\",\"url\":\"https:\/\/secure.gravatar.com\/avatar\/dabba4346fa9b9207d96adafa8f92721?s=96&d=mm&r=g\",\"contentUrl\":\"https:\/\/secure.gravatar.com\/avatar\/dabba4346fa9b9207d96adafa8f92721?s=96&d=mm&r=g\",\"caption\":\"Jordan Leandro Oviedo Anzola\"},\"url\":\"https:\/\/www.fiscalia.gov.co\/colombia\/author\/joviedo\/\"}]}<\/script>\n<!-- \/ Yoast SEO plugin. -->","yoast_head_json":{"title":"Fiscal\u00eda General de la Naci\u00f3n","description":"P\u00e1gina oficial de la Fiscal\u00eda General de la Naci\u00f3n \u2013 Colombia. Garantizamos el acceso efectivo a la justicia, la verdad y la reparaci\u00f3n de las v\u00edctimas de los delitos.","robots":{"index":"noindex","follow":"follow"},"og_locale":"es_ES","og_type":"article","og_title":"Fiscal\u00eda General de la Naci\u00f3n","og_description":"P\u00e1gina oficial de la Fiscal\u00eda General de la Naci\u00f3n \u2013 Colombia. Garantizamos el acceso efectivo a la justicia, la verdad y la reparaci\u00f3n de las v\u00edctimas de los delitos.","og_url":"https:\/\/www.fiscalia.gov.co\/colombia\/noticias\/carcel-para-dos-hombres-por-delitos-sexuales-y-violencia-intrafamiliar-en-arauca\/","og_site_name":"Fiscal\u00eda General de la Naci\u00f3n","article_publisher":"https:\/\/www.facebook.com\/FiscaliaCol","article_published_time":"2024-03-01T15:28:32+00:00","article_modified_time":"2024-03-14T15:01:23+00:00","og_image":[{"url":"https:\/\/www.fiscalia.gov.co\/colombia\/wp-content\/uploads\/Sergio-Manuel-Zapata-Aguilera-judicializado-por-delitos-sexuales-y-violencia-intrafamiliar-Arauca.jpg","type":"","width":"","height":""}],"author":"Jordan Leandro Oviedo Anzola","twitter_card":"summary_large_image","twitter_creator":"@FiscaliaCol","twitter_site":"@FiscaliaCol","twitter_misc":{"Escrito por":"Jordan Leandro Oviedo Anzola","Tiempo de lectura":"3 minutos"},"schema":{"@context":"https:\/\/schema.org","@graph":[{"@type":"Article","@id":"https:\/\/www.fiscalia.gov.co\/colombia\/noticias\/carcel-para-dos-hombres-por-delitos-sexuales-y-violencia-intrafamiliar-en-arauca\/#article","isPartOf":{"@id":"https:\/\/www.fiscalia.gov.co\/colombia\/noticias\/carcel-para-dos-hombres-por-delitos-sexuales-y-violencia-intrafamiliar-en-arauca\/"},"author":{"name":"Jordan Leandro Oviedo Anzola","@id":"https:\/\/www.fiscalia.gov.co\/colombia\/#\/schema\/person\/bf84402cf293a5393e9c70b111020b24"},"headline":"C\u00e1rcel para dos hombres por delitos sexuales y violencia intrafamiliar en Arauca","datePublished":"2024-03-01T15:28:32+00:00","dateModified":"2024-03-14T15:01:23+00:00","mainEntityOfPage":{"@id":"https:\/\/www.fiscalia.gov.co\/colombia\/noticias\/carcel-para-dos-hombres-por-delitos-sexuales-y-violencia-intrafamiliar-en-arauca\/"},"wordCount":445,"publisher":{"@id":"https:\/\/www.fiscalia.gov.co\/colombia\/#organization"},"image":{"@id":"https:\/\/www.fiscalia.gov.co\/colombia\/noticias\/carcel-para-dos-hombres-por-delitos-sexuales-y-violencia-intrafamiliar-en-arauca\/#primaryimage"},"thumbnailUrl":"https:\/\/www.fiscalia.gov.co\/colombia\/wp-content\/uploads\/Sergio-Manuel-Zapata-Aguilera-judicializado-por-delitos-sexuales-y-violencia-intrafamiliar-Arauca.jpg","keywords":["Arauca (Arauca)","C\u00e1rcel","Delitos sexuales","fiscal mancera","fiscal martha mancera","Fiscal\u00eda","Investigaci\u00f3n","Martha Mancera","Protecci\u00f3n","Violencia de g\u00e9nero"],"articleSection":["Noticias","Seccional Arauca","Seccionales","Violencia sexual e intrafamiliar"],"inLanguage":"es-CO"},{"@type":"WebPage","@id":"https:\/\/www.fiscalia.gov.co\/colombia\/noticias\/carcel-para-dos-hombres-por-delitos-sexuales-y-violencia-intrafamiliar-en-arauca\/","url":"https:\/\/www.fiscalia.gov.co\/colombia\/noticias\/carcel-para-dos-hombres-por-delitos-sexuales-y-violencia-intrafamiliar-en-arauca\/","name":"Fiscal\u00eda General de la Naci\u00f3n","isPartOf":{"@id":"https:\/\/www.fiscalia.gov.co\/colombia\/#website"},"primaryImageOfPage":{"@id":"https:\/\/www.fiscalia.gov.co\/colombia\/noticias\/carcel-para-dos-hombres-por-delitos-sexuales-y-violencia-intrafamiliar-en-arauca\/#primaryimage"},"image":{"@id":"https:\/\/www.fiscalia.gov.co\/colombia\/noticias\/carcel-para-dos-hombres-por-delitos-sexuales-y-violencia-intrafamiliar-en-arauca\/#primaryimage"},"thumbnailUrl":"https:\/\/www.fiscalia.gov.co\/colombia\/wp-content\/uploads\/Sergio-Manuel-Zapata-Aguilera-judicializado-por-delitos-sexuales-y-violencia-intrafamiliar-Arauca.jpg","datePublished":"2024-03-01T15:28:32+00:00","dateModified":"2024-03-14T15:01:23+00:00","description":"P\u00e1gina oficial de la Fiscal\u00eda General de la Naci\u00f3n \u2013 Colombia. Garantizamos el acceso efectivo a la justicia, la verdad y la reparaci\u00f3n de las v\u00edctimas de los delitos.","breadcrumb":{"@id":"https:\/\/www.fiscalia.gov.co\/colombia\/noticias\/carcel-para-dos-hombres-por-delitos-sexuales-y-violencia-intrafamiliar-en-arauca\/#breadcrumb"},"inLanguage":"es-CO","potentialAction":[{"@type":"ReadAction","target":["https:\/\/www.fiscalia.gov.co\/colombia\/noticias\/carcel-para-dos-hombres-por-delitos-sexuales-y-violencia-intrafamiliar-en-arauca\/"]}]},{"@type":"ImageObject","inLanguage":"es-CO","@id":"https:\/\/www.fiscalia.gov.co\/colombia\/noticias\/carcel-para-dos-hombres-por-delitos-sexuales-y-violencia-intrafamiliar-en-arauca\/#primaryimage","url":"https:\/\/www.fiscalia.gov.co\/colombia\/wp-content\/uploads\/Sergio-Manuel-Zapata-Aguilera-judicializado-por-delitos-sexuales-y-violencia-intrafamiliar-Arauca.jpg","contentUrl":"https:\/\/www.fiscalia.gov.co\/colombia\/wp-content\/uploads\/Sergio-Manuel-Zapata-Aguilera-judicializado-por-delitos-sexuales-y-violencia-intrafamiliar-Arauca.jpg","width":316,"height":272,"caption":"Procesado por los delitos de acceso carnal violento y violencia intrafamiliar agravada."},{"@type":"BreadcrumbList","@id":"https:\/\/www.fiscalia.gov.co\/colombia\/noticias\/carcel-para-dos-hombres-por-delitos-sexuales-y-violencia-intrafamiliar-en-arauca\/#breadcrumb","itemListElement":[{"@type":"ListItem","position":1,"name":"Home","item":"https:\/\/www.fiscalia.gov.co\/colombia\/"},{"@type":"ListItem","position":2,"name":"C\u00e1rcel para dos hombres por delitos sexuales y violencia intrafamiliar en Arauca"}]},{"@type":"WebSite","@id":"https:\/\/www.fiscalia.gov.co\/colombia\/#website","url":"https:\/\/www.fiscalia.gov.co\/colombia\/","name":"Fiscal\u00eda General de la Naci\u00f3n","description":"P\u00e1gina oficial de la Fiscal\u00eda General de la Naci\u00f3n \u2013 Colombia. Garantizamos el acceso efectivo a la justicia, la verdad y la reparaci\u00f3n de las v\u00edctimas de los delitos.","publisher":{"@id":"https:\/\/www.fiscalia.gov.co\/colombia\/#organization"},"potentialAction":[{"@type":"SearchAction","target":{"@type":"EntryPoint","urlTemplate":"https:\/\/www.fiscalia.gov.co\/colombia\/?s={search_term_string}"},"query-input":{"@type":"PropertyValueSpecification","valueRequired":true,"valueName":"search_term_string"}}],"inLanguage":"es-CO"},{"@type":"Organization","@id":"https:\/\/www.fiscalia.gov.co\/colombia\/#organization","name":"Fiscal\u00eda General de la Naci\u00f3n","url":"https:\/\/www.fiscalia.gov.co\/colombia\/","logo":{"@type":"ImageObject","inLanguage":"es-CO","@id":"https:\/\/www.fiscalia.gov.co\/colombia\/#\/schema\/logo\/image\/","url":"https:\/\/www.fiscalia.gov.co\/colombia\/wp-content\/uploads\/LogoHorizontal_1.jpg","contentUrl":"https:\/\/www.fiscalia.gov.co\/colombia\/wp-content\/uploads\/LogoHorizontal_1.jpg","width":300,"height":90,"caption":"Fiscal\u00eda General de la Naci\u00f3n"},"image":{"@id":"https:\/\/www.fiscalia.gov.co\/colombia\/#\/schema\/logo\/image\/"},"sameAs":["https:\/\/www.facebook.com\/FiscaliaCol","https:\/\/x.com\/FiscaliaCol","https:\/\/www.instagram.com\/fiscaliacol","https:\/\/www.linkedin.com\/company\/fiscalia-general-de-la-naci-n\/","https:\/\/youtube.com\/@fiscaliageneraldelanacion-4668?si=6nN79nyQICPU5iTh"]},{"@type":"Person","@id":"https:\/\/www.fiscalia.gov.co\/colombia\/#\/schema\/person\/bf84402cf293a5393e9c70b111020b24","name":"Jordan Leandro Oviedo Anzola","image":{"@type":"ImageObject","inLanguage":"es-CO","@id":"https:\/\/www.fiscalia.gov.co\/colombia\/#\/schema\/person\/image\/","url":"https:\/\/secure.gravatar.com\/avatar\/dabba4346fa9b9207d96adafa8f92721?s=96&d=mm&r=g","contentUrl":"https:\/\/secure.gravatar.com\/avatar\/dabba4346fa9b9207d96adafa8f92721?s=96&d=mm&r=g","caption":"Jordan Leandro Oviedo Anzola"},"url":"https:\/\/www.fiscalia.gov.co\/colombia\/author\/joviedo\/"}]}},"_links":{"self":[{"href":"https:\/\/www.fiscalia.gov.co\/colombia\/wp-json\/wp\/v2\/posts\/289496","targetHints":{"allow":["GET"]}}],"collection":[{"href":"https:\/\/www.fiscalia.gov.co\/colombia\/wp-json\/wp\/v2\/posts"}],"about":[{"href":"https:\/\/www.fiscalia.gov.co\/colombia\/wp-json\/wp\/v2\/types\/post"}],"author":[{"embeddable":true,"href":"https:\/\/www.fiscalia.gov.co\/colombia\/wp-json\/wp\/v2\/users\/177"}],"replies":[{"embeddable":true,"href":"https:\/\/www.fiscalia.gov.co\/colombia\/wp-json\/wp\/v2\/comments?post=289496"}],"version-history":[{"count":3,"href":"https:\/\/www.fiscalia.gov.co\/colombia\/wp-json\/wp\/v2\/posts\/289496\/revisions"}],"predecessor-version":[{"id":290210,"href":"https:\/\/www.fiscalia.gov.co\/colombia\/wp-json\/wp\/v2\/posts\/289496\/revisions\/290210"}],"wp:attachment":[{"href":"https:\/\/www.fiscalia.gov.co\/colombia\/wp-json\/wp\/v2\/media?parent=289496"}],"wp:term":[{"taxonomy":"category","embeddable":true,"href":"https:\/\/www.fiscalia.gov.co\/colombia\/wp-json\/wp\/v2\/categories?post=289496"},{"taxonomy":"post_tag","embeddable":true,"href":"https:\/\/www.fiscalia.gov.co\/colombia\/wp-json\/wp\/v2\/tags?post=289496"}],"curies":[{"name":"wp","href":"https:\/\/api.w.org\/{rel}","templated":true}]}}