{"id":289458,"date":"2024-02-29T15:40:24","date_gmt":"2024-02-29T20:40:24","guid":{"rendered":"https:\/\/www.fiscalia.gov.co\/colombia\/?p=289458"},"modified":"2024-03-07T09:27:16","modified_gmt":"2024-03-07T14:27:16","slug":"a-la-carcel-dos-personas-que-a-nombre-de-los-costenos-habrian-extorsionado-empleados-de-un-establecimiento-comercial","status":"publish","type":"post","link":"https:\/\/www.fiscalia.gov.co\/colombia\/noticias\/a-la-carcel-dos-personas-que-a-nombre-de-los-costenos-habrian-extorsionado-empleados-de-un-establecimiento-comercial\/","title":{"rendered":"A la c\u00e1rcel dos personas que, a nombre de Los Coste\u00f1os, habr\u00edan extorsionado empleados de un establecimiento comercial"},"content":{"rendered":"<p>Un fiscal especializado en la Seccional Atl\u00e1ntico judicializ\u00f3 a dos personas presuntamente implicadas en las extorsiones de las que eran v\u00edctimas los empleados de un establecimiento de comercio dedicado a los juegos de suerte y azar.<\/p>\n<figure id=\"attachment_289460\" aria-describedby=\"caption-attachment-289460\" style=\"width: 696px\" class=\"wp-caption aligncenter\"><img loading=\"lazy\" decoding=\"async\" class=\"size-large wp-image-289460\" src=\"https:\/\/www.fiscalia.gov.co\/colombia\/wp-content\/uploads\/La-Fiscaliia-imputoi-a-los-procesados-el-delito-de-extorsioin-agravada-cargo-que-no-aceptaron-1024x767.jpeg\" alt=\"Los dos presuntos extorsionistas son custodiados por dos agentes de la Polic\u00eda Nacional tras materializar su captura en flagrancia.\" width=\"696\" height=\"521\" srcset=\"https:\/\/www.fiscalia.gov.co\/colombia\/wp-content\/uploads\/La-Fiscaliia-imputoi-a-los-procesados-el-delito-de-extorsioin-agravada-cargo-que-no-aceptaron-1024x767.jpeg 1024w, https:\/\/www.fiscalia.gov.co\/colombia\/wp-content\/uploads\/La-Fiscaliia-imputoi-a-los-procesados-el-delito-de-extorsioin-agravada-cargo-que-no-aceptaron-300x225.jpeg 300w, https:\/\/www.fiscalia.gov.co\/colombia\/wp-content\/uploads\/La-Fiscaliia-imputoi-a-los-procesados-el-delito-de-extorsioin-agravada-cargo-que-no-aceptaron-768x575.jpeg 768w, https:\/\/www.fiscalia.gov.co\/colombia\/wp-content\/uploads\/La-Fiscaliia-imputoi-a-los-procesados-el-delito-de-extorsioin-agravada-cargo-que-no-aceptaron-1536x1150.jpeg 1536w, https:\/\/www.fiscalia.gov.co\/colombia\/wp-content\/uploads\/La-Fiscaliia-imputoi-a-los-procesados-el-delito-de-extorsioin-agravada-cargo-que-no-aceptaron-696x521.jpeg 696w, https:\/\/www.fiscalia.gov.co\/colombia\/wp-content\/uploads\/La-Fiscaliia-imputoi-a-los-procesados-el-delito-de-extorsioin-agravada-cargo-que-no-aceptaron-1068x800.jpeg 1068w, https:\/\/www.fiscalia.gov.co\/colombia\/wp-content\/uploads\/La-Fiscaliia-imputoi-a-los-procesados-el-delito-de-extorsioin-agravada-cargo-que-no-aceptaron-561x420.jpeg 561w, https:\/\/www.fiscalia.gov.co\/colombia\/wp-content\/uploads\/La-Fiscaliia-imputoi-a-los-procesados-el-delito-de-extorsioin-agravada-cargo-que-no-aceptaron-80x60.jpeg 80w, https:\/\/www.fiscalia.gov.co\/colombia\/wp-content\/uploads\/La-Fiscaliia-imputoi-a-los-procesados-el-delito-de-extorsioin-agravada-cargo-que-no-aceptaron-265x198.jpeg 265w, https:\/\/www.fiscalia.gov.co\/colombia\/wp-content\/uploads\/La-Fiscaliia-imputoi-a-los-procesados-el-delito-de-extorsioin-agravada-cargo-que-no-aceptaron.jpeg 1600w\" sizes=\"auto, (max-width: 696px) 100vw, 696px\" \/><figcaption id=\"caption-attachment-289460\" class=\"wp-caption-text\">La Fiscal\u00eda imput\u00f3 a los procesados el delito de extorsi\u00f3n agravada, cargo que no aceptaron.<\/figcaption><\/figure>\n<p>Se trata de Juan Eduardo Sarmiento Altamar y Luis Enrique Sandoval Salas quienes fueron capturados el pasado 9 de febrero cuando recib\u00edan un paquete en el que iba un mill\u00f3n de pesos, al parecer, producto de las exigencias econ\u00f3micas ilegales.<\/p>\n<p>La investigaci\u00f3n adelantada por la Fiscal\u00eda determin\u00f3 que los procesados, al parecer, se hac\u00edan pasar como integrantes de la organizaci\u00f3n criminal Los Coste\u00f1os. De esta manera, al parecer, buscaban causar temor en las personas a quienes les habr\u00edan advertido que de no acceder a sus pretensiones les impedir\u00edan continuar desempe\u00f1ando sus actividades econ\u00f3micas en el sector de Sim\u00f3n Bol\u00edvar de Barranquilla.<\/p>\n<p>Dichas intimidaciones, se precis\u00f3, eran realizadas a trav\u00e9s de llamadas y mensajes; y habr\u00edan comenzado el pasado 4 de febrero.<\/p>\n<p>La Fiscal\u00eda imput\u00f3 a los procesados el delito de extorsi\u00f3n agravada, cargo que no aceptaron. Un juez con funciones de control de garant\u00edas dict\u00f3 medida de aseguramiento intramural en contra de los dos investigados.<\/p>\n<p>Estas acciones hacen parte del compromiso adquirido por la Fiscal General de la Naci\u00f3n (e), Martha Janeth Mancera, de contrarrestar los delitos que afectan la seguridad ciudadana.<\/p>\n<p>Esta informaci\u00f3n se publica por razones de inter\u00e9s general.<\/p>\n<p><b>La Fiscal\u00eda habla con resultados.<\/b><\/p>\n<p>&nbsp;<\/p>\n<p>&nbsp;<\/p>\n<p>&nbsp;<\/p>\n<p>&nbsp;<\/p>\n<p>&nbsp;<\/p>\n<p>SKCR\/MAGA\/DA\/ECHP\/DSA<\/p>\n<p>&nbsp;<\/p>\n<p>&nbsp;<\/p>\n<p><b>\u00a0<\/b><\/p>\n<div class=\"td-post-content tagdiv-type\">\n<p><em>La informaci\u00f3n contenida en este bolet\u00edn de prensa corresponde a la narraci\u00f3n de los hechos noticiosos objetivos, suministrados por los funcionarios encargados de adelantar las investigaciones penales al interior de la Fiscal\u00eda General de la Naci\u00f3n. Para el momento de la divulgaci\u00f3n de este comunicado, la situaci\u00f3n jur\u00eddica de la(s) persona(s) relacionada(s) se encuentra pendiente de resolver por la autoridad\u00a0judicial competente, siempre bajo los preceptos de la presunci\u00f3n de inocencia, consagrados en el art\u00edculo 29 de la Constituci\u00f3n Pol\u00edtica y el art\u00edculo 7\u00ba de la Ley 906 de 2004.\u00a0<\/em><\/p>\n<p>&nbsp;<\/p>\n<\/div>\n<footer>\n<div class=\"td-post-source-tags\"><\/div>\n<div class=\"td-post-sharing-bottom\"><\/div>\n<\/footer>\n\n<div class=\"twitter-share\"><a href=\"https:\/\/twitter.com\/intent\/tweet?via=fiscaliacol\" class=\"twitter-share-button\">Tweet<\/a><\/div>\n","protected":false},"excerpt":{"rendered":"<p>Un fiscal especializado en la Seccional Atl\u00e1ntico judicializ\u00f3 a dos personas presuntamente implicadas en las extorsiones de las que eran v\u00edctimas los empleados de un establecimiento de comercio dedicado a los juegos de suerte y azar. Se trata de Juan Eduardo Sarmiento Altamar y Luis Enrique Sandoval Salas quienes fueron capturados el pasado 9 de [&hellip;]<\/p>\n","protected":false},"author":177,"featured_media":0,"comment_status":"closed","ping_status":"open","sticky":false,"template":"","format":"standard","meta":{"tdm_status":"","tdm_grid_status":"","footnotes":""},"categories":[1,320,303,24099],"tags":[37137,23982,37138,26104,37140,32551,871,37086,36949,26010,4447,26350,27199,37139,23970],"class_list":{"0":"post-289458","1":"post","2":"type-post","3":"status-publish","4":"format-standard","6":"category-noticias","7":"category-seccional-barranquilla","8":"category-seccionales","9":"category-seguridad-territorial","10":"tag-1-millon-de-pesos","11":"tag-barranquilla-atlantico","12":"tag-comercios-de-apuestas-y-giros","13":"tag-constrenir","14":"tag-dos-personas","15":"tag-empleados","16":"tag-extorion","17":"tag-fiscal-mancera","18":"tag-fiscal-martha-mancera","19":"tag-intimidar","20":"tag-los-costenos","21":"tag-martha-mancera","22":"tag-seccional-atlantico","23":"tag-sucursales","24":"tag-victimas"},"yoast_head":"<!-- This site is optimized with the Yoast SEO plugin v24.3 - https:\/\/yoast.com\/wordpress\/plugins\/seo\/ -->\n<title>Fiscal\u00eda General de la Naci\u00f3n<\/title>\n<meta name=\"description\" content=\"P\u00e1gina oficial de la Fiscal\u00eda General de la Naci\u00f3n \u2013 Colombia. Garantizamos el acceso efectivo a la justicia, la verdad y la reparaci\u00f3n de las v\u00edctimas de los delitos.\" \/>\n<meta name=\"robots\" content=\"noindex, follow\" \/>\n<meta property=\"og:locale\" content=\"es_ES\" \/>\n<meta property=\"og:type\" content=\"article\" \/>\n<meta property=\"og:title\" content=\"Fiscal\u00eda General de la Naci\u00f3n\" \/>\n<meta property=\"og:description\" content=\"P\u00e1gina oficial de la Fiscal\u00eda General de la Naci\u00f3n \u2013 Colombia. Garantizamos el acceso efectivo a la justicia, la verdad y la reparaci\u00f3n de las v\u00edctimas de los delitos.\" \/>\n<meta property=\"og:url\" content=\"https:\/\/www.fiscalia.gov.co\/colombia\/noticias\/a-la-carcel-dos-personas-que-a-nombre-de-los-costenos-habrian-extorsionado-empleados-de-un-establecimiento-comercial\/\" \/>\n<meta property=\"og:site_name\" content=\"Fiscal\u00eda General de la Naci\u00f3n\" \/>\n<meta property=\"article:publisher\" content=\"https:\/\/www.facebook.com\/FiscaliaCol\" \/>\n<meta property=\"article:published_time\" content=\"2024-02-29T20:40:24+00:00\" \/>\n<meta property=\"article:modified_time\" content=\"2024-03-07T14:27:16+00:00\" \/>\n<meta property=\"og:image\" content=\"https:\/\/www.fiscalia.gov.co\/colombia\/wp-content\/uploads\/La-Fiscaliia-imputoi-a-los-procesados-el-delito-de-extorsioin-agravada-cargo-que-no-aceptaron-1024x767.jpeg\" \/>\n<meta name=\"author\" content=\"Jordan Leandro Oviedo Anzola\" \/>\n<meta name=\"twitter:card\" content=\"summary_large_image\" \/>\n<meta name=\"twitter:creator\" content=\"@FiscaliaCol\" \/>\n<meta name=\"twitter:site\" content=\"@FiscaliaCol\" \/>\n<meta name=\"twitter:label1\" content=\"Escrito por\" \/>\n\t<meta name=\"twitter:data1\" content=\"Jordan Leandro Oviedo Anzola\" \/>\n\t<meta name=\"twitter:label2\" content=\"Tiempo de lectura\" \/>\n\t<meta name=\"twitter:data2\" content=\"2 minutos\" \/>\n<script type=\"application\/ld+json\" class=\"yoast-schema-graph\">{\"@context\":\"https:\/\/schema.org\",\"@graph\":[{\"@type\":\"Article\",\"@id\":\"https:\/\/www.fiscalia.gov.co\/colombia\/noticias\/a-la-carcel-dos-personas-que-a-nombre-de-los-costenos-habrian-extorsionado-empleados-de-un-establecimiento-comercial\/#article\",\"isPartOf\":{\"@id\":\"https:\/\/www.fiscalia.gov.co\/colombia\/noticias\/a-la-carcel-dos-personas-que-a-nombre-de-los-costenos-habrian-extorsionado-empleados-de-un-establecimiento-comercial\/\"},\"author\":{\"name\":\"Jordan Leandro Oviedo Anzola\",\"@id\":\"https:\/\/www.fiscalia.gov.co\/colombia\/#\/schema\/person\/bf84402cf293a5393e9c70b111020b24\"},\"headline\":\"A la c\u00e1rcel dos personas que, a nombre de Los Coste\u00f1os, habr\u00edan extorsionado empleados de un establecimiento comercial\",\"datePublished\":\"2024-02-29T20:40:24+00:00\",\"dateModified\":\"2024-03-07T14:27:16+00:00\",\"mainEntityOfPage\":{\"@id\":\"https:\/\/www.fiscalia.gov.co\/colombia\/noticias\/a-la-carcel-dos-personas-que-a-nombre-de-los-costenos-habrian-extorsionado-empleados-de-un-establecimiento-comercial\/\"},\"wordCount\":415,\"publisher\":{\"@id\":\"https:\/\/www.fiscalia.gov.co\/colombia\/#organization\"},\"image\":{\"@id\":\"https:\/\/www.fiscalia.gov.co\/colombia\/noticias\/a-la-carcel-dos-personas-que-a-nombre-de-los-costenos-habrian-extorsionado-empleados-de-un-establecimiento-comercial\/#primaryimage\"},\"thumbnailUrl\":\"https:\/\/www.fiscalia.gov.co\/colombia\/wp-content\/uploads\/La-Fiscaliia-imputoi-a-los-procesados-el-delito-de-extorsioin-agravada-cargo-que-no-aceptaron-1024x767.jpeg\",\"keywords\":[\"1 mill\u00f3n de pesos\",\"Barranquilla (Atl\u00e1ntico)\",\"comercios de apuestas y giros\",\"constre\u00f1ir\",\"dos personas\",\"empleados\",\"Extorsi\u00f3n\",\"fiscal mancera\",\"fiscal martha mancera\",\"intimidar\",\"Los Coste\u00f1os\",\"Martha Mancera\",\"Seccional Atl\u00e1ntico\",\"sucursales\",\"V\u00edctimas\"],\"articleSection\":[\"Noticias\",\"Seccional Barranquilla\",\"Seccionales\",\"Seguridad territorial\"],\"inLanguage\":\"es-CO\"},{\"@type\":\"WebPage\",\"@id\":\"https:\/\/www.fiscalia.gov.co\/colombia\/noticias\/a-la-carcel-dos-personas-que-a-nombre-de-los-costenos-habrian-extorsionado-empleados-de-un-establecimiento-comercial\/\",\"url\":\"https:\/\/www.fiscalia.gov.co\/colombia\/noticias\/a-la-carcel-dos-personas-que-a-nombre-de-los-costenos-habrian-extorsionado-empleados-de-un-establecimiento-comercial\/\",\"name\":\"Fiscal\u00eda General de la Naci\u00f3n\",\"isPartOf\":{\"@id\":\"https:\/\/www.fiscalia.gov.co\/colombia\/#website\"},\"primaryImageOfPage\":{\"@id\":\"https:\/\/www.fiscalia.gov.co\/colombia\/noticias\/a-la-carcel-dos-personas-que-a-nombre-de-los-costenos-habrian-extorsionado-empleados-de-un-establecimiento-comercial\/#primaryimage\"},\"image\":{\"@id\":\"https:\/\/www.fiscalia.gov.co\/colombia\/noticias\/a-la-carcel-dos-personas-que-a-nombre-de-los-costenos-habrian-extorsionado-empleados-de-un-establecimiento-comercial\/#primaryimage\"},\"thumbnailUrl\":\"https:\/\/www.fiscalia.gov.co\/colombia\/wp-content\/uploads\/La-Fiscaliia-imputoi-a-los-procesados-el-delito-de-extorsioin-agravada-cargo-que-no-aceptaron-1024x767.jpeg\",\"datePublished\":\"2024-02-29T20:40:24+00:00\",\"dateModified\":\"2024-03-07T14:27:16+00:00\",\"description\":\"P\u00e1gina oficial de la Fiscal\u00eda General de la Naci\u00f3n \u2013 Colombia. Garantizamos el acceso efectivo a la justicia, la verdad y la reparaci\u00f3n de las v\u00edctimas de los delitos.\",\"breadcrumb\":{\"@id\":\"https:\/\/www.fiscalia.gov.co\/colombia\/noticias\/a-la-carcel-dos-personas-que-a-nombre-de-los-costenos-habrian-extorsionado-empleados-de-un-establecimiento-comercial\/#breadcrumb\"},\"inLanguage\":\"es-CO\",\"potentialAction\":[{\"@type\":\"ReadAction\",\"target\":[\"https:\/\/www.fiscalia.gov.co\/colombia\/noticias\/a-la-carcel-dos-personas-que-a-nombre-de-los-costenos-habrian-extorsionado-empleados-de-un-establecimiento-comercial\/\"]}]},{\"@type\":\"ImageObject\",\"inLanguage\":\"es-CO\",\"@id\":\"https:\/\/www.fiscalia.gov.co\/colombia\/noticias\/a-la-carcel-dos-personas-que-a-nombre-de-los-costenos-habrian-extorsionado-empleados-de-un-establecimiento-comercial\/#primaryimage\",\"url\":\"https:\/\/www.fiscalia.gov.co\/colombia\/wp-content\/uploads\/La-Fiscaliia-imputoi-a-los-procesados-el-delito-de-extorsioin-agravada-cargo-que-no-aceptaron-1024x767.jpeg\",\"contentUrl\":\"https:\/\/www.fiscalia.gov.co\/colombia\/wp-content\/uploads\/La-Fiscaliia-imputoi-a-los-procesados-el-delito-de-extorsioin-agravada-cargo-que-no-aceptaron-1024x767.jpeg\"},{\"@type\":\"BreadcrumbList\",\"@id\":\"https:\/\/www.fiscalia.gov.co\/colombia\/noticias\/a-la-carcel-dos-personas-que-a-nombre-de-los-costenos-habrian-extorsionado-empleados-de-un-establecimiento-comercial\/#breadcrumb\",\"itemListElement\":[{\"@type\":\"ListItem\",\"position\":1,\"name\":\"Home\",\"item\":\"https:\/\/www.fiscalia.gov.co\/colombia\/\"},{\"@type\":\"ListItem\",\"position\":2,\"name\":\"A la c\u00e1rcel dos personas que, a nombre de Los Coste\u00f1os, habr\u00edan extorsionado empleados de un establecimiento comercial\"}]},{\"@type\":\"WebSite\",\"@id\":\"https:\/\/www.fiscalia.gov.co\/colombia\/#website\",\"url\":\"https:\/\/www.fiscalia.gov.co\/colombia\/\",\"name\":\"Fiscal\u00eda General de la Naci\u00f3n\",\"description\":\"P\u00e1gina oficial de la Fiscal\u00eda General de la Naci\u00f3n \u2013 Colombia. Garantizamos el acceso efectivo a la justicia, la verdad y la reparaci\u00f3n de las v\u00edctimas de los delitos.\",\"publisher\":{\"@id\":\"https:\/\/www.fiscalia.gov.co\/colombia\/#organization\"},\"potentialAction\":[{\"@type\":\"SearchAction\",\"target\":{\"@type\":\"EntryPoint\",\"urlTemplate\":\"https:\/\/www.fiscalia.gov.co\/colombia\/?s={search_term_string}\"},\"query-input\":{\"@type\":\"PropertyValueSpecification\",\"valueRequired\":true,\"valueName\":\"search_term_string\"}}],\"inLanguage\":\"es-CO\"},{\"@type\":\"Organization\",\"@id\":\"https:\/\/www.fiscalia.gov.co\/colombia\/#organization\",\"name\":\"Fiscal\u00eda General de la Naci\u00f3n\",\"url\":\"https:\/\/www.fiscalia.gov.co\/colombia\/\",\"logo\":{\"@type\":\"ImageObject\",\"inLanguage\":\"es-CO\",\"@id\":\"https:\/\/www.fiscalia.gov.co\/colombia\/#\/schema\/logo\/image\/\",\"url\":\"https:\/\/www.fiscalia.gov.co\/colombia\/wp-content\/uploads\/LogoHorizontal_1.jpg\",\"contentUrl\":\"https:\/\/www.fiscalia.gov.co\/colombia\/wp-content\/uploads\/LogoHorizontal_1.jpg\",\"width\":300,\"height\":90,\"caption\":\"Fiscal\u00eda General de la Naci\u00f3n\"},\"image\":{\"@id\":\"https:\/\/www.fiscalia.gov.co\/colombia\/#\/schema\/logo\/image\/\"},\"sameAs\":[\"https:\/\/www.facebook.com\/FiscaliaCol\",\"https:\/\/x.com\/FiscaliaCol\",\"https:\/\/www.instagram.com\/fiscaliacol\",\"https:\/\/www.linkedin.com\/company\/fiscalia-general-de-la-naci-n\/\",\"https:\/\/youtube.com\/@fiscaliageneraldelanacion-4668?si=6nN79nyQICPU5iTh\"]},{\"@type\":\"Person\",\"@id\":\"https:\/\/www.fiscalia.gov.co\/colombia\/#\/schema\/person\/bf84402cf293a5393e9c70b111020b24\",\"name\":\"Jordan Leandro Oviedo Anzola\",\"image\":{\"@type\":\"ImageObject\",\"inLanguage\":\"es-CO\",\"@id\":\"https:\/\/www.fiscalia.gov.co\/colombia\/#\/schema\/person\/image\/\",\"url\":\"https:\/\/secure.gravatar.com\/avatar\/dabba4346fa9b9207d96adafa8f92721?s=96&d=mm&r=g\",\"contentUrl\":\"https:\/\/secure.gravatar.com\/avatar\/dabba4346fa9b9207d96adafa8f92721?s=96&d=mm&r=g\",\"caption\":\"Jordan Leandro Oviedo Anzola\"},\"url\":\"https:\/\/www.fiscalia.gov.co\/colombia\/author\/joviedo\/\"}]}<\/script>\n<!-- \/ Yoast SEO plugin. -->","yoast_head_json":{"title":"Fiscal\u00eda General de la Naci\u00f3n","description":"P\u00e1gina oficial de la Fiscal\u00eda General de la Naci\u00f3n \u2013 Colombia. Garantizamos el acceso efectivo a la justicia, la verdad y la reparaci\u00f3n de las v\u00edctimas de los delitos.","robots":{"index":"noindex","follow":"follow"},"og_locale":"es_ES","og_type":"article","og_title":"Fiscal\u00eda General de la Naci\u00f3n","og_description":"P\u00e1gina oficial de la Fiscal\u00eda General de la Naci\u00f3n \u2013 Colombia. Garantizamos el acceso efectivo a la justicia, la verdad y la reparaci\u00f3n de las v\u00edctimas de los delitos.","og_url":"https:\/\/www.fiscalia.gov.co\/colombia\/noticias\/a-la-carcel-dos-personas-que-a-nombre-de-los-costenos-habrian-extorsionado-empleados-de-un-establecimiento-comercial\/","og_site_name":"Fiscal\u00eda General de la Naci\u00f3n","article_publisher":"https:\/\/www.facebook.com\/FiscaliaCol","article_published_time":"2024-02-29T20:40:24+00:00","article_modified_time":"2024-03-07T14:27:16+00:00","og_image":[{"url":"https:\/\/www.fiscalia.gov.co\/colombia\/wp-content\/uploads\/La-Fiscaliia-imputoi-a-los-procesados-el-delito-de-extorsioin-agravada-cargo-que-no-aceptaron-1024x767.jpeg","type":"","width":"","height":""}],"author":"Jordan Leandro Oviedo Anzola","twitter_card":"summary_large_image","twitter_creator":"@FiscaliaCol","twitter_site":"@FiscaliaCol","twitter_misc":{"Escrito por":"Jordan Leandro Oviedo Anzola","Tiempo de lectura":"2 minutos"},"schema":{"@context":"https:\/\/schema.org","@graph":[{"@type":"Article","@id":"https:\/\/www.fiscalia.gov.co\/colombia\/noticias\/a-la-carcel-dos-personas-que-a-nombre-de-los-costenos-habrian-extorsionado-empleados-de-un-establecimiento-comercial\/#article","isPartOf":{"@id":"https:\/\/www.fiscalia.gov.co\/colombia\/noticias\/a-la-carcel-dos-personas-que-a-nombre-de-los-costenos-habrian-extorsionado-empleados-de-un-establecimiento-comercial\/"},"author":{"name":"Jordan Leandro Oviedo Anzola","@id":"https:\/\/www.fiscalia.gov.co\/colombia\/#\/schema\/person\/bf84402cf293a5393e9c70b111020b24"},"headline":"A la c\u00e1rcel dos personas que, a nombre de Los Coste\u00f1os, habr\u00edan extorsionado empleados de un establecimiento comercial","datePublished":"2024-02-29T20:40:24+00:00","dateModified":"2024-03-07T14:27:16+00:00","mainEntityOfPage":{"@id":"https:\/\/www.fiscalia.gov.co\/colombia\/noticias\/a-la-carcel-dos-personas-que-a-nombre-de-los-costenos-habrian-extorsionado-empleados-de-un-establecimiento-comercial\/"},"wordCount":415,"publisher":{"@id":"https:\/\/www.fiscalia.gov.co\/colombia\/#organization"},"image":{"@id":"https:\/\/www.fiscalia.gov.co\/colombia\/noticias\/a-la-carcel-dos-personas-que-a-nombre-de-los-costenos-habrian-extorsionado-empleados-de-un-establecimiento-comercial\/#primaryimage"},"thumbnailUrl":"https:\/\/www.fiscalia.gov.co\/colombia\/wp-content\/uploads\/La-Fiscaliia-imputoi-a-los-procesados-el-delito-de-extorsioin-agravada-cargo-que-no-aceptaron-1024x767.jpeg","keywords":["1 mill\u00f3n de pesos","Barranquilla (Atl\u00e1ntico)","comercios de apuestas y giros","constre\u00f1ir","dos personas","empleados","Extorsi\u00f3n","fiscal mancera","fiscal martha mancera","intimidar","Los Coste\u00f1os","Martha Mancera","Seccional Atl\u00e1ntico","sucursales","V\u00edctimas"],"articleSection":["Noticias","Seccional Barranquilla","Seccionales","Seguridad territorial"],"inLanguage":"es-CO"},{"@type":"WebPage","@id":"https:\/\/www.fiscalia.gov.co\/colombia\/noticias\/a-la-carcel-dos-personas-que-a-nombre-de-los-costenos-habrian-extorsionado-empleados-de-un-establecimiento-comercial\/","url":"https:\/\/www.fiscalia.gov.co\/colombia\/noticias\/a-la-carcel-dos-personas-que-a-nombre-de-los-costenos-habrian-extorsionado-empleados-de-un-establecimiento-comercial\/","name":"Fiscal\u00eda General de la Naci\u00f3n","isPartOf":{"@id":"https:\/\/www.fiscalia.gov.co\/colombia\/#website"},"primaryImageOfPage":{"@id":"https:\/\/www.fiscalia.gov.co\/colombia\/noticias\/a-la-carcel-dos-personas-que-a-nombre-de-los-costenos-habrian-extorsionado-empleados-de-un-establecimiento-comercial\/#primaryimage"},"image":{"@id":"https:\/\/www.fiscalia.gov.co\/colombia\/noticias\/a-la-carcel-dos-personas-que-a-nombre-de-los-costenos-habrian-extorsionado-empleados-de-un-establecimiento-comercial\/#primaryimage"},"thumbnailUrl":"https:\/\/www.fiscalia.gov.co\/colombia\/wp-content\/uploads\/La-Fiscaliia-imputoi-a-los-procesados-el-delito-de-extorsioin-agravada-cargo-que-no-aceptaron-1024x767.jpeg","datePublished":"2024-02-29T20:40:24+00:00","dateModified":"2024-03-07T14:27:16+00:00","description":"P\u00e1gina oficial de la Fiscal\u00eda General de la Naci\u00f3n \u2013 Colombia. Garantizamos el acceso efectivo a la justicia, la verdad y la reparaci\u00f3n de las v\u00edctimas de los delitos.","breadcrumb":{"@id":"https:\/\/www.fiscalia.gov.co\/colombia\/noticias\/a-la-carcel-dos-personas-que-a-nombre-de-los-costenos-habrian-extorsionado-empleados-de-un-establecimiento-comercial\/#breadcrumb"},"inLanguage":"es-CO","potentialAction":[{"@type":"ReadAction","target":["https:\/\/www.fiscalia.gov.co\/colombia\/noticias\/a-la-carcel-dos-personas-que-a-nombre-de-los-costenos-habrian-extorsionado-empleados-de-un-establecimiento-comercial\/"]}]},{"@type":"ImageObject","inLanguage":"es-CO","@id":"https:\/\/www.fiscalia.gov.co\/colombia\/noticias\/a-la-carcel-dos-personas-que-a-nombre-de-los-costenos-habrian-extorsionado-empleados-de-un-establecimiento-comercial\/#primaryimage","url":"https:\/\/www.fiscalia.gov.co\/colombia\/wp-content\/uploads\/La-Fiscaliia-imputoi-a-los-procesados-el-delito-de-extorsioin-agravada-cargo-que-no-aceptaron-1024x767.jpeg","contentUrl":"https:\/\/www.fiscalia.gov.co\/colombia\/wp-content\/uploads\/La-Fiscaliia-imputoi-a-los-procesados-el-delito-de-extorsioin-agravada-cargo-que-no-aceptaron-1024x767.jpeg"},{"@type":"BreadcrumbList","@id":"https:\/\/www.fiscalia.gov.co\/colombia\/noticias\/a-la-carcel-dos-personas-que-a-nombre-de-los-costenos-habrian-extorsionado-empleados-de-un-establecimiento-comercial\/#breadcrumb","itemListElement":[{"@type":"ListItem","position":1,"name":"Home","item":"https:\/\/www.fiscalia.gov.co\/colombia\/"},{"@type":"ListItem","position":2,"name":"A la c\u00e1rcel dos personas que, a nombre de Los Coste\u00f1os, habr\u00edan extorsionado empleados de un establecimiento comercial"}]},{"@type":"WebSite","@id":"https:\/\/www.fiscalia.gov.co\/colombia\/#website","url":"https:\/\/www.fiscalia.gov.co\/colombia\/","name":"Fiscal\u00eda General de la Naci\u00f3n","description":"P\u00e1gina oficial de la Fiscal\u00eda General de la Naci\u00f3n \u2013 Colombia. Garantizamos el acceso efectivo a la justicia, la verdad y la reparaci\u00f3n de las v\u00edctimas de los delitos.","publisher":{"@id":"https:\/\/www.fiscalia.gov.co\/colombia\/#organization"},"potentialAction":[{"@type":"SearchAction","target":{"@type":"EntryPoint","urlTemplate":"https:\/\/www.fiscalia.gov.co\/colombia\/?s={search_term_string}"},"query-input":{"@type":"PropertyValueSpecification","valueRequired":true,"valueName":"search_term_string"}}],"inLanguage":"es-CO"},{"@type":"Organization","@id":"https:\/\/www.fiscalia.gov.co\/colombia\/#organization","name":"Fiscal\u00eda General de la Naci\u00f3n","url":"https:\/\/www.fiscalia.gov.co\/colombia\/","logo":{"@type":"ImageObject","inLanguage":"es-CO","@id":"https:\/\/www.fiscalia.gov.co\/colombia\/#\/schema\/logo\/image\/","url":"https:\/\/www.fiscalia.gov.co\/colombia\/wp-content\/uploads\/LogoHorizontal_1.jpg","contentUrl":"https:\/\/www.fiscalia.gov.co\/colombia\/wp-content\/uploads\/LogoHorizontal_1.jpg","width":300,"height":90,"caption":"Fiscal\u00eda General de la Naci\u00f3n"},"image":{"@id":"https:\/\/www.fiscalia.gov.co\/colombia\/#\/schema\/logo\/image\/"},"sameAs":["https:\/\/www.facebook.com\/FiscaliaCol","https:\/\/x.com\/FiscaliaCol","https:\/\/www.instagram.com\/fiscaliacol","https:\/\/www.linkedin.com\/company\/fiscalia-general-de-la-naci-n\/","https:\/\/youtube.com\/@fiscaliageneraldelanacion-4668?si=6nN79nyQICPU5iTh"]},{"@type":"Person","@id":"https:\/\/www.fiscalia.gov.co\/colombia\/#\/schema\/person\/bf84402cf293a5393e9c70b111020b24","name":"Jordan Leandro Oviedo Anzola","image":{"@type":"ImageObject","inLanguage":"es-CO","@id":"https:\/\/www.fiscalia.gov.co\/colombia\/#\/schema\/person\/image\/","url":"https:\/\/secure.gravatar.com\/avatar\/dabba4346fa9b9207d96adafa8f92721?s=96&d=mm&r=g","contentUrl":"https:\/\/secure.gravatar.com\/avatar\/dabba4346fa9b9207d96adafa8f92721?s=96&d=mm&r=g","caption":"Jordan Leandro Oviedo Anzola"},"url":"https:\/\/www.fiscalia.gov.co\/colombia\/author\/joviedo\/"}]}},"_links":{"self":[{"href":"https:\/\/www.fiscalia.gov.co\/colombia\/wp-json\/wp\/v2\/posts\/289458","targetHints":{"allow":["GET"]}}],"collection":[{"href":"https:\/\/www.fiscalia.gov.co\/colombia\/wp-json\/wp\/v2\/posts"}],"about":[{"href":"https:\/\/www.fiscalia.gov.co\/colombia\/wp-json\/wp\/v2\/types\/post"}],"author":[{"embeddable":true,"href":"https:\/\/www.fiscalia.gov.co\/colombia\/wp-json\/wp\/v2\/users\/177"}],"replies":[{"embeddable":true,"href":"https:\/\/www.fiscalia.gov.co\/colombia\/wp-json\/wp\/v2\/comments?post=289458"}],"version-history":[{"count":2,"href":"https:\/\/www.fiscalia.gov.co\/colombia\/wp-json\/wp\/v2\/posts\/289458\/revisions"}],"predecessor-version":[{"id":289461,"href":"https:\/\/www.fiscalia.gov.co\/colombia\/wp-json\/wp\/v2\/posts\/289458\/revisions\/289461"}],"wp:attachment":[{"href":"https:\/\/www.fiscalia.gov.co\/colombia\/wp-json\/wp\/v2\/media?parent=289458"}],"wp:term":[{"taxonomy":"category","embeddable":true,"href":"https:\/\/www.fiscalia.gov.co\/colombia\/wp-json\/wp\/v2\/categories?post=289458"},{"taxonomy":"post_tag","embeddable":true,"href":"https:\/\/www.fiscalia.gov.co\/colombia\/wp-json\/wp\/v2\/tags?post=289458"}],"curies":[{"name":"wp","href":"https:\/\/api.w.org\/{rel}","templated":true}]}}