{"id":289413,"date":"2024-02-29T12:20:09","date_gmt":"2024-02-29T17:20:09","guid":{"rendered":"https:\/\/www.fiscalia.gov.co\/colombia\/?p=289413"},"modified":"2024-03-07T09:23:12","modified_gmt":"2024-03-07T14:23:12","slug":"privado-de-la-libertad-guarda-de-seguridad-quien-presuntamente-habria-abusado-sexualmente-de-una-joven-con-discapacidad-cognitiva","status":"publish","type":"post","link":"https:\/\/www.fiscalia.gov.co\/colombia\/noticias\/privado-de-la-libertad-guarda-de-seguridad-quien-presuntamente-habria-abusado-sexualmente-de-una-joven-con-discapacidad-cognitiva\/","title":{"rendered":"Privado de la libertad guarda de seguridad quien presuntamente habr\u00eda abusado sexualmente de una joven con discapacidad cognitiva"},"content":{"rendered":"<p>La Fiscal\u00eda General de la Naci\u00f3n logr\u00f3 que un juez de control de garant\u00edas privara de la libertad a Sair Marino Mosquera P\u00e9rez, se\u00f1alado como presunto responsable del delito de <a id=\"m_5600384310140797708OWAfb47769f-bf88-98a3-7fd4-dcf2a538b138\" href=\"https:\/\/www.fiscalia.gov.co\/colombia\/noticias\/fiscalia-imputo-cargos-por-actos-sexuales-abusivos-con-incapaz-de-resistir-a-ex-secretario-de-cultura-de-cali-como-presunto-implicado\/\" target=\"_blank\" rel=\"noopener\" data-saferedirecturl=\"https:\/\/www.google.com\/url?q=https:\/\/www.fiscalia.gov.co\/colombia\/noticias\/fiscalia-imputo-cargos-por-actos-sexuales-abusivos-con-incapaz-de-resistir-a-ex-secretario-de-cultura-de-cali-como-presunto-implicado\/&amp;source=gmail&amp;ust=1709313114731000&amp;usg=AOvVaw1fNxWnAokdNEA1yBZe3rdc\">acceso carnal o acto sexual abusivo con incapaz de resistir<\/a>, en Cali (Valle del Cauca).<\/p>\n<figure id=\"attachment_289414\" aria-describedby=\"caption-attachment-289414\" style=\"width: 784px\" class=\"wp-caption aligncenter\"><img loading=\"lazy\" decoding=\"async\" class=\"wp-image-289414 size-full\" title=\"Martha Mancera, Fiscal Mancera, Fiscal Martha Mancera \" src=\"https:\/\/www.fiscalia.gov.co\/colombia\/wp-content\/uploads\/Sair-Marino-Mosquera-Perez.-Accedo-carnal-o-acto-sexual-abusivo-con-incapaz-de-resistir.-Cali-Valle.jpg\" alt=\"En la fotograf\u00eda se aprecia en acci\u00f3n de caminata, con los brazos adelante y esposado a Sair Marino Mosquera P\u00e9rez. Viste camisa roja de manga corta, jean azul y zapatos negros. Al lado izquierdo de \u00e9l hay una servidora del CTI de la Fiscal\u00eda y al derecho de \u00e9l hay una uniformada de la Polic\u00eda Nacional.\" width=\"784\" height=\"899\" srcset=\"https:\/\/www.fiscalia.gov.co\/colombia\/wp-content\/uploads\/Sair-Marino-Mosquera-Perez.-Accedo-carnal-o-acto-sexual-abusivo-con-incapaz-de-resistir.-Cali-Valle.jpg 784w, https:\/\/www.fiscalia.gov.co\/colombia\/wp-content\/uploads\/Sair-Marino-Mosquera-Perez.-Accedo-carnal-o-acto-sexual-abusivo-con-incapaz-de-resistir.-Cali-Valle-262x300.jpg 262w, https:\/\/www.fiscalia.gov.co\/colombia\/wp-content\/uploads\/Sair-Marino-Mosquera-Perez.-Accedo-carnal-o-acto-sexual-abusivo-con-incapaz-de-resistir.-Cali-Valle-768x881.jpg 768w, https:\/\/www.fiscalia.gov.co\/colombia\/wp-content\/uploads\/Sair-Marino-Mosquera-Perez.-Accedo-carnal-o-acto-sexual-abusivo-con-incapaz-de-resistir.-Cali-Valle-696x798.jpg 696w, https:\/\/www.fiscalia.gov.co\/colombia\/wp-content\/uploads\/Sair-Marino-Mosquera-Perez.-Accedo-carnal-o-acto-sexual-abusivo-con-incapaz-de-resistir.-Cali-Valle-366x420.jpg 366w\" sizes=\"auto, (max-width: 784px) 100vw, 784px\" \/><figcaption id=\"caption-attachment-289414\" class=\"wp-caption-text\">Sair Marino Mosquera P\u00e9rez, fue judicializado como presunto responsable de abusar sexualmente de una joven de 28 a\u00f1os, con discapacidad cognitiva, cuando se desempe\u00f1aba como guarda de seguridad en un conjunto residencial de Cali (Valle del Cauca).<\/figcaption><\/figure>\n<p>Los hechos materia de investigaci\u00f3n ocurrieron entre julio y agosto del 2023, cuando el hoy imputado se desempe\u00f1aba como guarda de seguridad en un conjunto residencial, tiempo en el cual habr\u00eda abusado sexualmente de la v\u00edctima, de 28 a\u00f1os. Al parecer, el presunto implicado aprovechaba las ausencias de la madre de la v\u00edctima para ingresar al apartamento y cometer el il\u00edcito.<\/p>\n<p>Servidores del Cuerpo T\u00e9cnico de Investigaci\u00f3n (CTI) y la Polic\u00eda Nacional capturaron con orden judicial a Mosquera P\u00e9rez, el pasado 15 de febrero, en esta ciudad.<\/p>\n<p>El juez decidi\u00f3 que el presunto implicado, debe cumplir la medida de aseguramiento en centro carcelario.<\/p>\n<p>Estos resultados se logran de acuerdo con el compromiso adquirido por la Fiscal General de la Naci\u00f3n (e), Martha Janeth Mancera, de contrarrestar los delitos de violencia de g\u00e9nero.<\/p>\n<p>Esta informaci\u00f3n se publica por razones de inter\u00e9s general.<\/p>\n<p><b><u>La Fiscal\u00eda habla con resultados.<\/u><\/b><\/p>\n<p>&nbsp;<\/p>\n<p>&nbsp;<\/p>\n<p>&nbsp;<\/p>\n<p>&nbsp;<\/p>\n<p>&nbsp;<\/p>\n<p>&nbsp;<\/p>\n<p>&nbsp;<\/p>\n<p>MAP\/SEGM\/DSC\/LYBT<\/p>\n<p>&nbsp;<\/p>\n<p>&nbsp;<\/p>\n<p>&nbsp;<\/p>\n<p>&nbsp;<\/p>\n<p>&nbsp;<\/p>\n<p>&nbsp;<\/p>\n<p><i>La informaci\u00f3n contenida en este bolet\u00edn de prensa corresponde a la narraci\u00f3n de los hechos noticiosos objetivos, suministrados por los funcionarios encargados de adelantar las investigaciones penales al interior de la Fiscal\u00eda General de la Naci\u00f3n. Para el momento de la divulgaci\u00f3n de este comunicado, la situaci\u00f3n jur\u00eddica de la(s) persona(s) relacionada(s) se encuentra pendiente de resolver por la autoridad judicial competente, siempre bajo los preceptos de la presunci\u00f3n de inocencia, consagrados en el art\u00edculo 29 de la Constituci\u00f3n Pol\u00edtica y el art\u00edculo 7\u00ba de la Ley 906 de 2004.<\/i><\/p>\n\n<div class=\"twitter-share\"><a href=\"https:\/\/twitter.com\/intent\/tweet?via=fiscaliacol\" class=\"twitter-share-button\">Tweet<\/a><\/div>\n","protected":false},"excerpt":{"rendered":"<p>La Fiscal\u00eda General de la Naci\u00f3n logr\u00f3 que un juez de control de garant\u00edas privara de la libertad a Sair Marino Mosquera P\u00e9rez, se\u00f1alado como presunto responsable del delito de acceso carnal o acto sexual abusivo con incapaz de resistir, en Cali (Valle del Cauca). Los hechos materia de investigaci\u00f3n ocurrieron entre julio y agosto [&hellip;]<\/p>\n","protected":false},"author":177,"featured_media":0,"comment_status":"closed","ping_status":"open","sticky":false,"template":"","format":"standard","meta":{"tdm_status":"","tdm_grid_status":"","footnotes":""},"categories":[1,324,303,24127],"tags":[26470,30077,12424,24551,78,37086,36949,24187,32529,37127,26350,1185,24549,26070],"class_list":{"0":"post-289413","1":"post","2":"type-post","3":"status-publish","4":"format-standard","6":"category-noticias","7":"category-seccional-cali","8":"category-seccionales","9":"category-violencia-sexual-e-intrafamiliar","10":"tag-acceso-carnal-o-acto-sexual-abusivo-con-incapaz-de-resistir","11":"tag-cali-valle-del-cauca","12":"tag-capturado","13":"tag-centro-carcelario","14":"tag-fiscal-general-de-la-nacion","15":"tag-fiscal-mancera","16":"tag-fiscal-martha-mancera","17":"tag-fiscalia-colombia","18":"tag-guarda-de-seguridad","19":"tag-joven-con-discapacidad-cognitiva","20":"tag-martha-mancera","21":"tag-medida-de-aseguramiento","22":"tag-orden-judicial","23":"tag-seccional-cali"},"yoast_head":"<!-- This site is optimized with the Yoast SEO plugin v24.3 - https:\/\/yoast.com\/wordpress\/plugins\/seo\/ -->\n<title>Fiscal\u00eda General de la Naci\u00f3n<\/title>\n<meta name=\"description\" content=\"P\u00e1gina oficial de la Fiscal\u00eda General de la Naci\u00f3n \u2013 Colombia. Garantizamos el acceso efectivo a la justicia, la verdad y la reparaci\u00f3n de las v\u00edctimas de los delitos.\" \/>\n<meta name=\"robots\" content=\"noindex, follow\" \/>\n<meta property=\"og:locale\" content=\"es_ES\" \/>\n<meta property=\"og:type\" content=\"article\" \/>\n<meta property=\"og:title\" content=\"Fiscal\u00eda General de la Naci\u00f3n\" \/>\n<meta property=\"og:description\" content=\"P\u00e1gina oficial de la Fiscal\u00eda General de la Naci\u00f3n \u2013 Colombia. Garantizamos el acceso efectivo a la justicia, la verdad y la reparaci\u00f3n de las v\u00edctimas de los delitos.\" \/>\n<meta property=\"og:url\" content=\"https:\/\/www.fiscalia.gov.co\/colombia\/noticias\/privado-de-la-libertad-guarda-de-seguridad-quien-presuntamente-habria-abusado-sexualmente-de-una-joven-con-discapacidad-cognitiva\/\" \/>\n<meta property=\"og:site_name\" content=\"Fiscal\u00eda General de la Naci\u00f3n\" \/>\n<meta property=\"article:publisher\" content=\"https:\/\/www.facebook.com\/FiscaliaCol\" \/>\n<meta property=\"article:published_time\" content=\"2024-02-29T17:20:09+00:00\" \/>\n<meta property=\"article:modified_time\" content=\"2024-03-07T14:23:12+00:00\" \/>\n<meta property=\"og:image\" content=\"https:\/\/www.fiscalia.gov.co\/colombia\/wp-content\/uploads\/Sair-Marino-Mosquera-Perez.-Accedo-carnal-o-acto-sexual-abusivo-con-incapaz-de-resistir.-Cali-Valle.jpg\" \/>\n<meta name=\"author\" content=\"Jordan Leandro Oviedo Anzola\" \/>\n<meta name=\"twitter:card\" content=\"summary_large_image\" \/>\n<meta name=\"twitter:creator\" content=\"@FiscaliaCol\" \/>\n<meta name=\"twitter:site\" content=\"@FiscaliaCol\" \/>\n<meta name=\"twitter:label1\" content=\"Escrito por\" \/>\n\t<meta name=\"twitter:data1\" content=\"Jordan Leandro Oviedo Anzola\" \/>\n\t<meta name=\"twitter:label2\" content=\"Tiempo de lectura\" \/>\n\t<meta name=\"twitter:data2\" content=\"2 minutos\" \/>\n<script type=\"application\/ld+json\" class=\"yoast-schema-graph\">{\"@context\":\"https:\/\/schema.org\",\"@graph\":[{\"@type\":\"Article\",\"@id\":\"https:\/\/www.fiscalia.gov.co\/colombia\/noticias\/privado-de-la-libertad-guarda-de-seguridad-quien-presuntamente-habria-abusado-sexualmente-de-una-joven-con-discapacidad-cognitiva\/#article\",\"isPartOf\":{\"@id\":\"https:\/\/www.fiscalia.gov.co\/colombia\/noticias\/privado-de-la-libertad-guarda-de-seguridad-quien-presuntamente-habria-abusado-sexualmente-de-una-joven-con-discapacidad-cognitiva\/\"},\"author\":{\"name\":\"Jordan Leandro Oviedo Anzola\",\"@id\":\"https:\/\/www.fiscalia.gov.co\/colombia\/#\/schema\/person\/bf84402cf293a5393e9c70b111020b24\"},\"headline\":\"Privado de la libertad guarda de seguridad quien presuntamente habr\u00eda abusado sexualmente de una joven con discapacidad cognitiva\",\"datePublished\":\"2024-02-29T17:20:09+00:00\",\"dateModified\":\"2024-03-07T14:23:12+00:00\",\"mainEntityOfPage\":{\"@id\":\"https:\/\/www.fiscalia.gov.co\/colombia\/noticias\/privado-de-la-libertad-guarda-de-seguridad-quien-presuntamente-habria-abusado-sexualmente-de-una-joven-con-discapacidad-cognitiva\/\"},\"wordCount\":393,\"publisher\":{\"@id\":\"https:\/\/www.fiscalia.gov.co\/colombia\/#organization\"},\"image\":{\"@id\":\"https:\/\/www.fiscalia.gov.co\/colombia\/noticias\/privado-de-la-libertad-guarda-de-seguridad-quien-presuntamente-habria-abusado-sexualmente-de-una-joven-con-discapacidad-cognitiva\/#primaryimage\"},\"thumbnailUrl\":\"https:\/\/www.fiscalia.gov.co\/colombia\/wp-content\/uploads\/Sair-Marino-Mosquera-Perez.-Accedo-carnal-o-acto-sexual-abusivo-con-incapaz-de-resistir.-Cali-Valle.jpg\",\"keywords\":[\"acceso carnal o acto sexual abusivo con incapaz de resistir\",\"Cali (Valle del Cauca)\",\"Capturado\",\"centro carcelario\",\"Fiscal General de la Naci\u00f3n\",\"fiscal mancera\",\"fiscal martha mancera\",\"Fiscal\u00eda Colombia\",\"guarda de seguridad\",\"joven con discapacidad cognitiva\",\"Martha Mancera\",\"Medida de aseguramiento\",\"orden judicial\",\"Seccional Cali\"],\"articleSection\":[\"Noticias\",\"Seccional Cali\",\"Seccionales\",\"Violencia sexual e intrafamiliar\"],\"inLanguage\":\"es-CO\"},{\"@type\":\"WebPage\",\"@id\":\"https:\/\/www.fiscalia.gov.co\/colombia\/noticias\/privado-de-la-libertad-guarda-de-seguridad-quien-presuntamente-habria-abusado-sexualmente-de-una-joven-con-discapacidad-cognitiva\/\",\"url\":\"https:\/\/www.fiscalia.gov.co\/colombia\/noticias\/privado-de-la-libertad-guarda-de-seguridad-quien-presuntamente-habria-abusado-sexualmente-de-una-joven-con-discapacidad-cognitiva\/\",\"name\":\"Fiscal\u00eda General de la Naci\u00f3n\",\"isPartOf\":{\"@id\":\"https:\/\/www.fiscalia.gov.co\/colombia\/#website\"},\"primaryImageOfPage\":{\"@id\":\"https:\/\/www.fiscalia.gov.co\/colombia\/noticias\/privado-de-la-libertad-guarda-de-seguridad-quien-presuntamente-habria-abusado-sexualmente-de-una-joven-con-discapacidad-cognitiva\/#primaryimage\"},\"image\":{\"@id\":\"https:\/\/www.fiscalia.gov.co\/colombia\/noticias\/privado-de-la-libertad-guarda-de-seguridad-quien-presuntamente-habria-abusado-sexualmente-de-una-joven-con-discapacidad-cognitiva\/#primaryimage\"},\"thumbnailUrl\":\"https:\/\/www.fiscalia.gov.co\/colombia\/wp-content\/uploads\/Sair-Marino-Mosquera-Perez.-Accedo-carnal-o-acto-sexual-abusivo-con-incapaz-de-resistir.-Cali-Valle.jpg\",\"datePublished\":\"2024-02-29T17:20:09+00:00\",\"dateModified\":\"2024-03-07T14:23:12+00:00\",\"description\":\"P\u00e1gina oficial de la Fiscal\u00eda General de la Naci\u00f3n \u2013 Colombia. Garantizamos el acceso efectivo a la justicia, la verdad y la reparaci\u00f3n de las v\u00edctimas de los delitos.\",\"breadcrumb\":{\"@id\":\"https:\/\/www.fiscalia.gov.co\/colombia\/noticias\/privado-de-la-libertad-guarda-de-seguridad-quien-presuntamente-habria-abusado-sexualmente-de-una-joven-con-discapacidad-cognitiva\/#breadcrumb\"},\"inLanguage\":\"es-CO\",\"potentialAction\":[{\"@type\":\"ReadAction\",\"target\":[\"https:\/\/www.fiscalia.gov.co\/colombia\/noticias\/privado-de-la-libertad-guarda-de-seguridad-quien-presuntamente-habria-abusado-sexualmente-de-una-joven-con-discapacidad-cognitiva\/\"]}]},{\"@type\":\"ImageObject\",\"inLanguage\":\"es-CO\",\"@id\":\"https:\/\/www.fiscalia.gov.co\/colombia\/noticias\/privado-de-la-libertad-guarda-de-seguridad-quien-presuntamente-habria-abusado-sexualmente-de-una-joven-con-discapacidad-cognitiva\/#primaryimage\",\"url\":\"https:\/\/www.fiscalia.gov.co\/colombia\/wp-content\/uploads\/Sair-Marino-Mosquera-Perez.-Accedo-carnal-o-acto-sexual-abusivo-con-incapaz-de-resistir.-Cali-Valle.jpg\",\"contentUrl\":\"https:\/\/www.fiscalia.gov.co\/colombia\/wp-content\/uploads\/Sair-Marino-Mosquera-Perez.-Accedo-carnal-o-acto-sexual-abusivo-con-incapaz-de-resistir.-Cali-Valle.jpg\",\"width\":784,\"height\":899,\"caption\":\"Sair Marino Mosquera P\u00e9rez, fue judicializado como presunto responsable de abusar sexualmente de una joven de 28 a\u00f1os, con discapacidad cognitiva, cuando se desempe\u00f1aba como guarda de seguridad en un conjunto residencial de Cali (Valle del Cauca).\"},{\"@type\":\"BreadcrumbList\",\"@id\":\"https:\/\/www.fiscalia.gov.co\/colombia\/noticias\/privado-de-la-libertad-guarda-de-seguridad-quien-presuntamente-habria-abusado-sexualmente-de-una-joven-con-discapacidad-cognitiva\/#breadcrumb\",\"itemListElement\":[{\"@type\":\"ListItem\",\"position\":1,\"name\":\"Home\",\"item\":\"https:\/\/www.fiscalia.gov.co\/colombia\/\"},{\"@type\":\"ListItem\",\"position\":2,\"name\":\"Privado de la libertad guarda de seguridad quien presuntamente habr\u00eda abusado sexualmente de una joven con discapacidad cognitiva\"}]},{\"@type\":\"WebSite\",\"@id\":\"https:\/\/www.fiscalia.gov.co\/colombia\/#website\",\"url\":\"https:\/\/www.fiscalia.gov.co\/colombia\/\",\"name\":\"Fiscal\u00eda General de la Naci\u00f3n\",\"description\":\"P\u00e1gina oficial de la Fiscal\u00eda General de la Naci\u00f3n \u2013 Colombia. Garantizamos el acceso efectivo a la justicia, la verdad y la reparaci\u00f3n de las v\u00edctimas de los delitos.\",\"publisher\":{\"@id\":\"https:\/\/www.fiscalia.gov.co\/colombia\/#organization\"},\"potentialAction\":[{\"@type\":\"SearchAction\",\"target\":{\"@type\":\"EntryPoint\",\"urlTemplate\":\"https:\/\/www.fiscalia.gov.co\/colombia\/?s={search_term_string}\"},\"query-input\":{\"@type\":\"PropertyValueSpecification\",\"valueRequired\":true,\"valueName\":\"search_term_string\"}}],\"inLanguage\":\"es-CO\"},{\"@type\":\"Organization\",\"@id\":\"https:\/\/www.fiscalia.gov.co\/colombia\/#organization\",\"name\":\"Fiscal\u00eda General de la Naci\u00f3n\",\"url\":\"https:\/\/www.fiscalia.gov.co\/colombia\/\",\"logo\":{\"@type\":\"ImageObject\",\"inLanguage\":\"es-CO\",\"@id\":\"https:\/\/www.fiscalia.gov.co\/colombia\/#\/schema\/logo\/image\/\",\"url\":\"https:\/\/www.fiscalia.gov.co\/colombia\/wp-content\/uploads\/LogoHorizontal_1.jpg\",\"contentUrl\":\"https:\/\/www.fiscalia.gov.co\/colombia\/wp-content\/uploads\/LogoHorizontal_1.jpg\",\"width\":300,\"height\":90,\"caption\":\"Fiscal\u00eda General de la Naci\u00f3n\"},\"image\":{\"@id\":\"https:\/\/www.fiscalia.gov.co\/colombia\/#\/schema\/logo\/image\/\"},\"sameAs\":[\"https:\/\/www.facebook.com\/FiscaliaCol\",\"https:\/\/x.com\/FiscaliaCol\",\"https:\/\/www.instagram.com\/fiscaliacol\",\"https:\/\/www.linkedin.com\/company\/fiscalia-general-de-la-naci-n\/\",\"https:\/\/youtube.com\/@fiscaliageneraldelanacion-4668?si=6nN79nyQICPU5iTh\"]},{\"@type\":\"Person\",\"@id\":\"https:\/\/www.fiscalia.gov.co\/colombia\/#\/schema\/person\/bf84402cf293a5393e9c70b111020b24\",\"name\":\"Jordan Leandro Oviedo Anzola\",\"image\":{\"@type\":\"ImageObject\",\"inLanguage\":\"es-CO\",\"@id\":\"https:\/\/www.fiscalia.gov.co\/colombia\/#\/schema\/person\/image\/\",\"url\":\"https:\/\/secure.gravatar.com\/avatar\/dabba4346fa9b9207d96adafa8f92721?s=96&d=mm&r=g\",\"contentUrl\":\"https:\/\/secure.gravatar.com\/avatar\/dabba4346fa9b9207d96adafa8f92721?s=96&d=mm&r=g\",\"caption\":\"Jordan Leandro Oviedo Anzola\"},\"url\":\"https:\/\/www.fiscalia.gov.co\/colombia\/author\/joviedo\/\"}]}<\/script>\n<!-- \/ Yoast SEO plugin. -->","yoast_head_json":{"title":"Fiscal\u00eda General de la Naci\u00f3n","description":"P\u00e1gina oficial de la Fiscal\u00eda General de la Naci\u00f3n \u2013 Colombia. Garantizamos el acceso efectivo a la justicia, la verdad y la reparaci\u00f3n de las v\u00edctimas de los delitos.","robots":{"index":"noindex","follow":"follow"},"og_locale":"es_ES","og_type":"article","og_title":"Fiscal\u00eda General de la Naci\u00f3n","og_description":"P\u00e1gina oficial de la Fiscal\u00eda General de la Naci\u00f3n \u2013 Colombia. Garantizamos el acceso efectivo a la justicia, la verdad y la reparaci\u00f3n de las v\u00edctimas de los delitos.","og_url":"https:\/\/www.fiscalia.gov.co\/colombia\/noticias\/privado-de-la-libertad-guarda-de-seguridad-quien-presuntamente-habria-abusado-sexualmente-de-una-joven-con-discapacidad-cognitiva\/","og_site_name":"Fiscal\u00eda General de la Naci\u00f3n","article_publisher":"https:\/\/www.facebook.com\/FiscaliaCol","article_published_time":"2024-02-29T17:20:09+00:00","article_modified_time":"2024-03-07T14:23:12+00:00","og_image":[{"url":"https:\/\/www.fiscalia.gov.co\/colombia\/wp-content\/uploads\/Sair-Marino-Mosquera-Perez.-Accedo-carnal-o-acto-sexual-abusivo-con-incapaz-de-resistir.-Cali-Valle.jpg","type":"","width":"","height":""}],"author":"Jordan Leandro Oviedo Anzola","twitter_card":"summary_large_image","twitter_creator":"@FiscaliaCol","twitter_site":"@FiscaliaCol","twitter_misc":{"Escrito por":"Jordan Leandro Oviedo Anzola","Tiempo de lectura":"2 minutos"},"schema":{"@context":"https:\/\/schema.org","@graph":[{"@type":"Article","@id":"https:\/\/www.fiscalia.gov.co\/colombia\/noticias\/privado-de-la-libertad-guarda-de-seguridad-quien-presuntamente-habria-abusado-sexualmente-de-una-joven-con-discapacidad-cognitiva\/#article","isPartOf":{"@id":"https:\/\/www.fiscalia.gov.co\/colombia\/noticias\/privado-de-la-libertad-guarda-de-seguridad-quien-presuntamente-habria-abusado-sexualmente-de-una-joven-con-discapacidad-cognitiva\/"},"author":{"name":"Jordan Leandro Oviedo Anzola","@id":"https:\/\/www.fiscalia.gov.co\/colombia\/#\/schema\/person\/bf84402cf293a5393e9c70b111020b24"},"headline":"Privado de la libertad guarda de seguridad quien presuntamente habr\u00eda abusado sexualmente de una joven con discapacidad cognitiva","datePublished":"2024-02-29T17:20:09+00:00","dateModified":"2024-03-07T14:23:12+00:00","mainEntityOfPage":{"@id":"https:\/\/www.fiscalia.gov.co\/colombia\/noticias\/privado-de-la-libertad-guarda-de-seguridad-quien-presuntamente-habria-abusado-sexualmente-de-una-joven-con-discapacidad-cognitiva\/"},"wordCount":393,"publisher":{"@id":"https:\/\/www.fiscalia.gov.co\/colombia\/#organization"},"image":{"@id":"https:\/\/www.fiscalia.gov.co\/colombia\/noticias\/privado-de-la-libertad-guarda-de-seguridad-quien-presuntamente-habria-abusado-sexualmente-de-una-joven-con-discapacidad-cognitiva\/#primaryimage"},"thumbnailUrl":"https:\/\/www.fiscalia.gov.co\/colombia\/wp-content\/uploads\/Sair-Marino-Mosquera-Perez.-Accedo-carnal-o-acto-sexual-abusivo-con-incapaz-de-resistir.-Cali-Valle.jpg","keywords":["acceso carnal o acto sexual abusivo con incapaz de resistir","Cali (Valle del Cauca)","Capturado","centro carcelario","Fiscal General de la Naci\u00f3n","fiscal mancera","fiscal martha mancera","Fiscal\u00eda Colombia","guarda de seguridad","joven con discapacidad cognitiva","Martha Mancera","Medida de aseguramiento","orden judicial","Seccional Cali"],"articleSection":["Noticias","Seccional Cali","Seccionales","Violencia sexual e intrafamiliar"],"inLanguage":"es-CO"},{"@type":"WebPage","@id":"https:\/\/www.fiscalia.gov.co\/colombia\/noticias\/privado-de-la-libertad-guarda-de-seguridad-quien-presuntamente-habria-abusado-sexualmente-de-una-joven-con-discapacidad-cognitiva\/","url":"https:\/\/www.fiscalia.gov.co\/colombia\/noticias\/privado-de-la-libertad-guarda-de-seguridad-quien-presuntamente-habria-abusado-sexualmente-de-una-joven-con-discapacidad-cognitiva\/","name":"Fiscal\u00eda General de la Naci\u00f3n","isPartOf":{"@id":"https:\/\/www.fiscalia.gov.co\/colombia\/#website"},"primaryImageOfPage":{"@id":"https:\/\/www.fiscalia.gov.co\/colombia\/noticias\/privado-de-la-libertad-guarda-de-seguridad-quien-presuntamente-habria-abusado-sexualmente-de-una-joven-con-discapacidad-cognitiva\/#primaryimage"},"image":{"@id":"https:\/\/www.fiscalia.gov.co\/colombia\/noticias\/privado-de-la-libertad-guarda-de-seguridad-quien-presuntamente-habria-abusado-sexualmente-de-una-joven-con-discapacidad-cognitiva\/#primaryimage"},"thumbnailUrl":"https:\/\/www.fiscalia.gov.co\/colombia\/wp-content\/uploads\/Sair-Marino-Mosquera-Perez.-Accedo-carnal-o-acto-sexual-abusivo-con-incapaz-de-resistir.-Cali-Valle.jpg","datePublished":"2024-02-29T17:20:09+00:00","dateModified":"2024-03-07T14:23:12+00:00","description":"P\u00e1gina oficial de la Fiscal\u00eda General de la Naci\u00f3n \u2013 Colombia. Garantizamos el acceso efectivo a la justicia, la verdad y la reparaci\u00f3n de las v\u00edctimas de los delitos.","breadcrumb":{"@id":"https:\/\/www.fiscalia.gov.co\/colombia\/noticias\/privado-de-la-libertad-guarda-de-seguridad-quien-presuntamente-habria-abusado-sexualmente-de-una-joven-con-discapacidad-cognitiva\/#breadcrumb"},"inLanguage":"es-CO","potentialAction":[{"@type":"ReadAction","target":["https:\/\/www.fiscalia.gov.co\/colombia\/noticias\/privado-de-la-libertad-guarda-de-seguridad-quien-presuntamente-habria-abusado-sexualmente-de-una-joven-con-discapacidad-cognitiva\/"]}]},{"@type":"ImageObject","inLanguage":"es-CO","@id":"https:\/\/www.fiscalia.gov.co\/colombia\/noticias\/privado-de-la-libertad-guarda-de-seguridad-quien-presuntamente-habria-abusado-sexualmente-de-una-joven-con-discapacidad-cognitiva\/#primaryimage","url":"https:\/\/www.fiscalia.gov.co\/colombia\/wp-content\/uploads\/Sair-Marino-Mosquera-Perez.-Accedo-carnal-o-acto-sexual-abusivo-con-incapaz-de-resistir.-Cali-Valle.jpg","contentUrl":"https:\/\/www.fiscalia.gov.co\/colombia\/wp-content\/uploads\/Sair-Marino-Mosquera-Perez.-Accedo-carnal-o-acto-sexual-abusivo-con-incapaz-de-resistir.-Cali-Valle.jpg","width":784,"height":899,"caption":"Sair Marino Mosquera P\u00e9rez, fue judicializado como presunto responsable de abusar sexualmente de una joven de 28 a\u00f1os, con discapacidad cognitiva, cuando se desempe\u00f1aba como guarda de seguridad en un conjunto residencial de Cali (Valle del Cauca)."},{"@type":"BreadcrumbList","@id":"https:\/\/www.fiscalia.gov.co\/colombia\/noticias\/privado-de-la-libertad-guarda-de-seguridad-quien-presuntamente-habria-abusado-sexualmente-de-una-joven-con-discapacidad-cognitiva\/#breadcrumb","itemListElement":[{"@type":"ListItem","position":1,"name":"Home","item":"https:\/\/www.fiscalia.gov.co\/colombia\/"},{"@type":"ListItem","position":2,"name":"Privado de la libertad guarda de seguridad quien presuntamente habr\u00eda abusado sexualmente de una joven con discapacidad cognitiva"}]},{"@type":"WebSite","@id":"https:\/\/www.fiscalia.gov.co\/colombia\/#website","url":"https:\/\/www.fiscalia.gov.co\/colombia\/","name":"Fiscal\u00eda General de la Naci\u00f3n","description":"P\u00e1gina oficial de la Fiscal\u00eda General de la Naci\u00f3n \u2013 Colombia. Garantizamos el acceso efectivo a la justicia, la verdad y la reparaci\u00f3n de las v\u00edctimas de los delitos.","publisher":{"@id":"https:\/\/www.fiscalia.gov.co\/colombia\/#organization"},"potentialAction":[{"@type":"SearchAction","target":{"@type":"EntryPoint","urlTemplate":"https:\/\/www.fiscalia.gov.co\/colombia\/?s={search_term_string}"},"query-input":{"@type":"PropertyValueSpecification","valueRequired":true,"valueName":"search_term_string"}}],"inLanguage":"es-CO"},{"@type":"Organization","@id":"https:\/\/www.fiscalia.gov.co\/colombia\/#organization","name":"Fiscal\u00eda General de la Naci\u00f3n","url":"https:\/\/www.fiscalia.gov.co\/colombia\/","logo":{"@type":"ImageObject","inLanguage":"es-CO","@id":"https:\/\/www.fiscalia.gov.co\/colombia\/#\/schema\/logo\/image\/","url":"https:\/\/www.fiscalia.gov.co\/colombia\/wp-content\/uploads\/LogoHorizontal_1.jpg","contentUrl":"https:\/\/www.fiscalia.gov.co\/colombia\/wp-content\/uploads\/LogoHorizontal_1.jpg","width":300,"height":90,"caption":"Fiscal\u00eda General de la Naci\u00f3n"},"image":{"@id":"https:\/\/www.fiscalia.gov.co\/colombia\/#\/schema\/logo\/image\/"},"sameAs":["https:\/\/www.facebook.com\/FiscaliaCol","https:\/\/x.com\/FiscaliaCol","https:\/\/www.instagram.com\/fiscaliacol","https:\/\/www.linkedin.com\/company\/fiscalia-general-de-la-naci-n\/","https:\/\/youtube.com\/@fiscaliageneraldelanacion-4668?si=6nN79nyQICPU5iTh"]},{"@type":"Person","@id":"https:\/\/www.fiscalia.gov.co\/colombia\/#\/schema\/person\/bf84402cf293a5393e9c70b111020b24","name":"Jordan Leandro Oviedo Anzola","image":{"@type":"ImageObject","inLanguage":"es-CO","@id":"https:\/\/www.fiscalia.gov.co\/colombia\/#\/schema\/person\/image\/","url":"https:\/\/secure.gravatar.com\/avatar\/dabba4346fa9b9207d96adafa8f92721?s=96&d=mm&r=g","contentUrl":"https:\/\/secure.gravatar.com\/avatar\/dabba4346fa9b9207d96adafa8f92721?s=96&d=mm&r=g","caption":"Jordan Leandro Oviedo Anzola"},"url":"https:\/\/www.fiscalia.gov.co\/colombia\/author\/joviedo\/"}]}},"_links":{"self":[{"href":"https:\/\/www.fiscalia.gov.co\/colombia\/wp-json\/wp\/v2\/posts\/289413","targetHints":{"allow":["GET"]}}],"collection":[{"href":"https:\/\/www.fiscalia.gov.co\/colombia\/wp-json\/wp\/v2\/posts"}],"about":[{"href":"https:\/\/www.fiscalia.gov.co\/colombia\/wp-json\/wp\/v2\/types\/post"}],"author":[{"embeddable":true,"href":"https:\/\/www.fiscalia.gov.co\/colombia\/wp-json\/wp\/v2\/users\/177"}],"replies":[{"embeddable":true,"href":"https:\/\/www.fiscalia.gov.co\/colombia\/wp-json\/wp\/v2\/comments?post=289413"}],"version-history":[{"count":2,"href":"https:\/\/www.fiscalia.gov.co\/colombia\/wp-json\/wp\/v2\/posts\/289413\/revisions"}],"predecessor-version":[{"id":290191,"href":"https:\/\/www.fiscalia.gov.co\/colombia\/wp-json\/wp\/v2\/posts\/289413\/revisions\/290191"}],"wp:attachment":[{"href":"https:\/\/www.fiscalia.gov.co\/colombia\/wp-json\/wp\/v2\/media?parent=289413"}],"wp:term":[{"taxonomy":"category","embeddable":true,"href":"https:\/\/www.fiscalia.gov.co\/colombia\/wp-json\/wp\/v2\/categories?post=289413"},{"taxonomy":"post_tag","embeddable":true,"href":"https:\/\/www.fiscalia.gov.co\/colombia\/wp-json\/wp\/v2\/tags?post=289413"}],"curies":[{"name":"wp","href":"https:\/\/api.w.org\/{rel}","templated":true}]}}