{"id":289370,"date":"2024-02-28T15:58:21","date_gmt":"2024-02-28T20:58:21","guid":{"rendered":"https:\/\/www.fiscalia.gov.co\/colombia\/?p=289370"},"modified":"2024-03-07T09:07:28","modified_gmt":"2024-03-07T14:07:28","slug":"cuatro-personas-judicializadas-en-ofensiva-contra-presuntos-abusadores-en-cordoba-una-de-ellas-habria-agredido-sexualmente-a-su-suegra","status":"publish","type":"post","link":"https:\/\/www.fiscalia.gov.co\/colombia\/noticias\/cuatro-personas-judicializadas-en-ofensiva-contra-presuntos-abusadores-en-cordoba-una-de-ellas-habria-agredido-sexualmente-a-su-suegra\/","title":{"rendered":"Cuatro personas judicializadas en ofensiva contra presuntos abusadores en C\u00f3rdoba: una de ellas habr\u00eda agredido sexualmente a su suegra"},"content":{"rendered":"<h4><u><\/u><u><\/u><strong><i>Labores investigativas de un grupo de fiscales permitieron capturar a cuatro personas, quienes habr\u00edan abusado de menores de edad y de una adulta mayor.<\/i><\/strong><u><\/u><u><\/u><\/h4>\n<figure id=\"attachment_289371\" aria-describedby=\"caption-attachment-289371\" style=\"width: 696px\" class=\"wp-caption aligncenter\"><img loading=\"lazy\" decoding=\"async\" class=\"wp-image-289371 size-large\" title=\"Martha Mancera, Fiscal Mancera, Fiscal Martha Mancera \" src=\"https:\/\/www.fiscalia.gov.co\/colombia\/wp-content\/uploads\/Ofensiva-contra-abusadores-en-Cordoba-1024x573.jpeg\" alt=\"En la imagen se ven tres personas detenidas entre dos uniformados de la Polic\u00eda. \" width=\"696\" height=\"389\" srcset=\"https:\/\/www.fiscalia.gov.co\/colombia\/wp-content\/uploads\/Ofensiva-contra-abusadores-en-Cordoba-1024x573.jpeg 1024w, https:\/\/www.fiscalia.gov.co\/colombia\/wp-content\/uploads\/Ofensiva-contra-abusadores-en-Cordoba-300x168.jpeg 300w, https:\/\/www.fiscalia.gov.co\/colombia\/wp-content\/uploads\/Ofensiva-contra-abusadores-en-Cordoba-768x429.jpeg 768w, https:\/\/www.fiscalia.gov.co\/colombia\/wp-content\/uploads\/Ofensiva-contra-abusadores-en-Cordoba-696x389.jpeg 696w, https:\/\/www.fiscalia.gov.co\/colombia\/wp-content\/uploads\/Ofensiva-contra-abusadores-en-Cordoba-1068x597.jpeg 1068w, https:\/\/www.fiscalia.gov.co\/colombia\/wp-content\/uploads\/Ofensiva-contra-abusadores-en-Cordoba-751x420.jpeg 751w, https:\/\/www.fiscalia.gov.co\/colombia\/wp-content\/uploads\/Ofensiva-contra-abusadores-en-Cordoba.jpeg 1284w\" sizes=\"auto, (max-width: 696px) 100vw, 696px\" \/><figcaption id=\"caption-attachment-289371\" class=\"wp-caption-text\">Los indiciados habr\u00edan realizado actos sexuales contra menores de edad y una adulta mayor, en Monter\u00eda.<\/figcaption><\/figure>\n<p>Luego del contundente material probatorio presentado por un grupo de fiscales del Centro de Atenci\u00f3n a V\u00edctimas de Abuso Sexual (Caivas), un juez decidi\u00f3 dictar medida de aseguramiento intramural contra cuatro personas aseguradas por los delitos de actos sexuales, acceso carnal abusivo con menor de 14 a\u00f1os y acceso carnal abusivo con incapaz de resistir; cada uno seg\u00fan su responsabilidad.<u><\/u><u><\/u><\/p>\n<p>En el primer de los casos, ocurrido el 29 de octubre del a\u00f1o anterior en Monter\u00eda, la v\u00edctima, una menor de 12 a\u00f1os de edad, lleg\u00f3 a una panader\u00eda ubicada en el corregimiento Tres Piedras, y all\u00ed un vecino y tendero, bajo enga\u00f1os, la hizo ingresar a una habitaci\u00f3n donde le habr\u00eda realizado actos sexuales y tocamientos libidinosos. El indiciado, de 59 a\u00f1os, fue capturado 20 de febrero en el mismo lugar donde ocurrieron los hechos.<u><\/u><u><\/u><\/p>\n<p>Por su parte, un hombre de 48 a\u00f1os de edad, fue enviado a prisi\u00f3n por presuntamente abusar de una menor desde que \u00e9sta ten\u00eda 7 y hasta los 14 a\u00f1os de edad. El indiciado, quien ser\u00eda su padrastro, habr\u00eda cometido los actos sexuales desde el a\u00f1o 2015 y hasta el 2022, en diferentes viviendas donde residieron en los barrios Villa Cielo, Boston y Buenavista de Monter\u00eda.<u><\/u><u><\/u><\/p>\n<p>En otro de los casos un hombre habr\u00eda accedido carnalmente a una mujer de 75 a\u00f1os de edad, quien padece de Alzheimer y no puede hablar hace 3 a\u00f1os. El indiciado, de 48 a\u00f1os y quien es el yerno de la v\u00edctima, fue sorprendido por el esposo de la adulta mayor cuando se present\u00f3 el caso. Los hechos ocurrieron el 15 de octubre del a\u00f1o anterior en Monter\u00eda. Funcionarios de la Polic\u00eda Nacional lo detuvieron el 20 de febrero del a\u00f1o en curso.<u><\/u><u><\/u><\/p>\n<p>Finalmente, el d\u00eda 11 de diciembre del 2023, en horas de la ma\u00f1ana, un hombre habr\u00eda agredido sexualmente a una menor de 9 a\u00f1os en una vivienda del sector La Playa, corregimiento Las Palomas de Monter\u00eda. El victimario ser\u00eda vecino de la ni\u00f1a. El 20 de febrero en curso se materializ\u00f3 la orden de captura en contra del imputado en el mismo sector donde ocurrieron los hechos.<u><\/u><u><\/u><\/p>\n<p>\u00c9ste avance en la justicia se presenta de acuerdo con el compromiso adquirido por la Fiscal General de la Naci\u00f3n (E), Martha Janeth Mancera, de esclarecer los delitos que afectan la seguridad ciudadana.<u><\/u><u><\/u><\/p>\n<p><b><u>Fiscal\u00eda habla con resultados.<\/u><\/b><u><\/u><u><\/u><\/p>\n<p>&nbsp;<\/p>\n<p>&nbsp;<\/p>\n<p>&nbsp;<\/p>\n<p>&nbsp;<\/p>\n<p>&nbsp;<\/p>\n<p>&nbsp;<\/p>\n<p>VHGB\/FAGH\/SPB\/CTVT\/CAIVAS\/DSC<u><\/u><u><\/u><\/p>\n<p class=\"m_2957738624893511006elementtoproof\">\u00a0<u><\/u><u><\/u><\/p>\n<p>&nbsp;<\/p>\n<p>&nbsp;<\/p>\n<p>&nbsp;<\/p>\n<p class=\"m_2957738624893511006elementtoproof\"><u><\/u>\u00a0<u><\/u><\/p>\n<p class=\"m_2957738624893511006elementtoproof\"><i>La informaci\u00f3n contenida en este bolet\u00edn de prensa corresponde a la narraci\u00f3n de los hechos noticiosos objetivos, suministrados por los funcionarios encargados de adelantar las investigaciones penales al interior de la Fiscal\u00eda General de la Naci\u00f3n. Para el momento de la divulgaci\u00f3n de este comunicado, la situaci\u00f3n jur\u00eddica de la(s) persona(s) relacionada(s) se encuentra pendiente de resolver por la autoridad judicial competente, siempre bajo los preceptos de la presunci\u00f3n de inocencia, consagrados en el art\u00edculo 29 de la Constituci\u00f3n Pol\u00edtica y el art\u00edculo 7\u00ba de la Ley 906 de 2004.<\/i><u><\/u><u><\/u><\/p>\n<p class=\"m_2957738624893511006elementtoproof\">\n\n<div class=\"twitter-share\"><a href=\"https:\/\/twitter.com\/intent\/tweet?via=fiscaliacol\" class=\"twitter-share-button\">Tweet<\/a><\/div>\n","protected":false},"excerpt":{"rendered":"<p>Labores investigativas de un grupo de fiscales permitieron capturar a cuatro personas, quienes habr\u00edan abusado de menores de edad y de una adulta mayor. Luego del contundente material probatorio presentado por un grupo de fiscales del Centro de Atenci\u00f3n a V\u00edctimas de Abuso Sexual (Caivas), un juez decidi\u00f3 dictar medida de aseguramiento intramural contra cuatro [&hellip;]<\/p>\n","protected":false},"author":177,"featured_media":0,"comment_status":"closed","ping_status":"open","sticky":false,"template":"","format":"standard","meta":{"_price":"","_stock":"","_tribe_ticket_header":"","_tribe_default_ticket_provider":"","_tribe_ticket_capacity":"0","_ticket_start_date":"","_ticket_end_date":"","_tribe_ticket_show_description":"","_tribe_ticket_show_not_going":false,"_tribe_ticket_use_global_stock":"","_tribe_ticket_global_stock_level":"","_global_stock_mode":"","_global_stock_cap":"","_tribe_rsvp_for_event":"","_tribe_ticket_going_count":"","_tribe_ticket_not_going_count":"","_tribe_tickets_list":"[]","_tribe_ticket_has_attendee_info_fields":false,"tdm_status":"","tdm_grid_status":"","footnotes":""},"categories":[1,332,303,24127],"tags":[13531,2369,37086,36949,24187,1047,26350,1185,27117,26164,558],"class_list":{"0":"post-289370","1":"post","2":"type-post","3":"status-publish","4":"format-standard","6":"category-noticias","7":"category-seccional-monteria","8":"category-seccionales","9":"category-violencia-sexual-e-intrafamiliar","10":"tag-cordoba","11":"tag-de4litos-sexuales","12":"tag-fiscal-mancera","13":"tag-fiscal-martha-mancera","14":"tag-fiscalia-colombia","15":"tag-fiscalia-general-de-la-nacion","16":"tag-martha-mancera","17":"tag-medida-de-aseguramiento","18":"tag-monteria-cordoba","19":"tag-ofensiva","20":"tag-policia-nacional"},"yoast_head":"<!-- This site is optimized with the Yoast SEO plugin v24.3 - https:\/\/yoast.com\/wordpress\/plugins\/seo\/ -->\n<title>Fiscal\u00eda General de la Naci\u00f3n<\/title>\n<meta name=\"description\" content=\"P\u00e1gina oficial de la Fiscal\u00eda General de la Naci\u00f3n \u2013 Colombia. Garantizamos el acceso efectivo a la justicia, la verdad y la reparaci\u00f3n de las v\u00edctimas de los delitos.\" \/>\n<meta name=\"robots\" content=\"noindex, follow\" \/>\n<meta property=\"og:locale\" content=\"es_ES\" \/>\n<meta property=\"og:type\" content=\"article\" \/>\n<meta property=\"og:title\" content=\"Fiscal\u00eda General de la Naci\u00f3n\" \/>\n<meta property=\"og:description\" content=\"P\u00e1gina oficial de la Fiscal\u00eda General de la Naci\u00f3n \u2013 Colombia. Garantizamos el acceso efectivo a la justicia, la verdad y la reparaci\u00f3n de las v\u00edctimas de los delitos.\" \/>\n<meta property=\"og:url\" content=\"https:\/\/www.fiscalia.gov.co\/colombia\/noticias\/cuatro-personas-judicializadas-en-ofensiva-contra-presuntos-abusadores-en-cordoba-una-de-ellas-habria-agredido-sexualmente-a-su-suegra\/\" \/>\n<meta property=\"og:site_name\" content=\"Fiscal\u00eda General de la Naci\u00f3n\" \/>\n<meta property=\"article:publisher\" content=\"https:\/\/www.facebook.com\/FiscaliaCol\" \/>\n<meta property=\"article:published_time\" content=\"2024-02-28T20:58:21+00:00\" \/>\n<meta property=\"article:modified_time\" content=\"2024-03-07T14:07:28+00:00\" \/>\n<meta property=\"og:image\" content=\"https:\/\/www.fiscalia.gov.co\/colombia\/wp-content\/uploads\/Ofensiva-contra-abusadores-en-Cordoba-1024x573.jpeg\" \/>\n<meta name=\"author\" content=\"Jordan Leandro Oviedo Anzola\" \/>\n<meta name=\"twitter:card\" content=\"summary_large_image\" \/>\n<meta name=\"twitter:creator\" content=\"@FiscaliaCol\" \/>\n<meta name=\"twitter:site\" content=\"@FiscaliaCol\" \/>\n<meta name=\"twitter:label1\" content=\"Escrito por\" \/>\n\t<meta name=\"twitter:data1\" content=\"Jordan Leandro Oviedo Anzola\" \/>\n\t<meta name=\"twitter:label2\" content=\"Tiempo de lectura\" \/>\n\t<meta name=\"twitter:data2\" content=\"3 minutos\" \/>\n<script type=\"application\/ld+json\" class=\"yoast-schema-graph\">{\"@context\":\"https:\/\/schema.org\",\"@graph\":[{\"@type\":\"Article\",\"@id\":\"https:\/\/www.fiscalia.gov.co\/colombia\/noticias\/cuatro-personas-judicializadas-en-ofensiva-contra-presuntos-abusadores-en-cordoba-una-de-ellas-habria-agredido-sexualmente-a-su-suegra\/#article\",\"isPartOf\":{\"@id\":\"https:\/\/www.fiscalia.gov.co\/colombia\/noticias\/cuatro-personas-judicializadas-en-ofensiva-contra-presuntos-abusadores-en-cordoba-una-de-ellas-habria-agredido-sexualmente-a-su-suegra\/\"},\"author\":{\"name\":\"Jordan Leandro Oviedo Anzola\",\"@id\":\"https:\/\/www.fiscalia.gov.co\/colombia\/#\/schema\/person\/bf84402cf293a5393e9c70b111020b24\"},\"headline\":\"Cuatro personas judicializadas en ofensiva contra presuntos abusadores en C\u00f3rdoba: una de ellas habr\u00eda agredido sexualmente a su suegra\",\"datePublished\":\"2024-02-28T20:58:21+00:00\",\"dateModified\":\"2024-03-07T14:07:28+00:00\",\"mainEntityOfPage\":{\"@id\":\"https:\/\/www.fiscalia.gov.co\/colombia\/noticias\/cuatro-personas-judicializadas-en-ofensiva-contra-presuntos-abusadores-en-cordoba-una-de-ellas-habria-agredido-sexualmente-a-su-suegra\/\"},\"wordCount\":597,\"publisher\":{\"@id\":\"https:\/\/www.fiscalia.gov.co\/colombia\/#organization\"},\"image\":{\"@id\":\"https:\/\/www.fiscalia.gov.co\/colombia\/noticias\/cuatro-personas-judicializadas-en-ofensiva-contra-presuntos-abusadores-en-cordoba-una-de-ellas-habria-agredido-sexualmente-a-su-suegra\/#primaryimage\"},\"thumbnailUrl\":\"https:\/\/www.fiscalia.gov.co\/colombia\/wp-content\/uploads\/Ofensiva-contra-abusadores-en-Cordoba-1024x573.jpeg\",\"keywords\":[\"C\u00f3rdoba\",\"Delitos sexuales\",\"fiscal mancera\",\"fiscal martha mancera\",\"Fiscal\u00eda Colombia\",\"Fiscal\u00eda General de la Naci\u00f3n\",\"Martha Mancera\",\"Medida de aseguramiento\",\"Monter\u00eda -C\u00f3rdoba\",\"ofensiva\",\"Polic\u00eda Nacional\"],\"articleSection\":[\"Noticias\",\"Seccional Monter\u00eda\",\"Seccionales\",\"Violencia sexual e intrafamiliar\"],\"inLanguage\":\"es-CO\"},{\"@type\":\"WebPage\",\"@id\":\"https:\/\/www.fiscalia.gov.co\/colombia\/noticias\/cuatro-personas-judicializadas-en-ofensiva-contra-presuntos-abusadores-en-cordoba-una-de-ellas-habria-agredido-sexualmente-a-su-suegra\/\",\"url\":\"https:\/\/www.fiscalia.gov.co\/colombia\/noticias\/cuatro-personas-judicializadas-en-ofensiva-contra-presuntos-abusadores-en-cordoba-una-de-ellas-habria-agredido-sexualmente-a-su-suegra\/\",\"name\":\"Fiscal\u00eda General de la Naci\u00f3n\",\"isPartOf\":{\"@id\":\"https:\/\/www.fiscalia.gov.co\/colombia\/#website\"},\"primaryImageOfPage\":{\"@id\":\"https:\/\/www.fiscalia.gov.co\/colombia\/noticias\/cuatro-personas-judicializadas-en-ofensiva-contra-presuntos-abusadores-en-cordoba-una-de-ellas-habria-agredido-sexualmente-a-su-suegra\/#primaryimage\"},\"image\":{\"@id\":\"https:\/\/www.fiscalia.gov.co\/colombia\/noticias\/cuatro-personas-judicializadas-en-ofensiva-contra-presuntos-abusadores-en-cordoba-una-de-ellas-habria-agredido-sexualmente-a-su-suegra\/#primaryimage\"},\"thumbnailUrl\":\"https:\/\/www.fiscalia.gov.co\/colombia\/wp-content\/uploads\/Ofensiva-contra-abusadores-en-Cordoba-1024x573.jpeg\",\"datePublished\":\"2024-02-28T20:58:21+00:00\",\"dateModified\":\"2024-03-07T14:07:28+00:00\",\"description\":\"P\u00e1gina oficial de la Fiscal\u00eda General de la Naci\u00f3n \u2013 Colombia. Garantizamos el acceso efectivo a la justicia, la verdad y la reparaci\u00f3n de las v\u00edctimas de los delitos.\",\"breadcrumb\":{\"@id\":\"https:\/\/www.fiscalia.gov.co\/colombia\/noticias\/cuatro-personas-judicializadas-en-ofensiva-contra-presuntos-abusadores-en-cordoba-una-de-ellas-habria-agredido-sexualmente-a-su-suegra\/#breadcrumb\"},\"inLanguage\":\"es-CO\",\"potentialAction\":[{\"@type\":\"ReadAction\",\"target\":[\"https:\/\/www.fiscalia.gov.co\/colombia\/noticias\/cuatro-personas-judicializadas-en-ofensiva-contra-presuntos-abusadores-en-cordoba-una-de-ellas-habria-agredido-sexualmente-a-su-suegra\/\"]}]},{\"@type\":\"ImageObject\",\"inLanguage\":\"es-CO\",\"@id\":\"https:\/\/www.fiscalia.gov.co\/colombia\/noticias\/cuatro-personas-judicializadas-en-ofensiva-contra-presuntos-abusadores-en-cordoba-una-de-ellas-habria-agredido-sexualmente-a-su-suegra\/#primaryimage\",\"url\":\"https:\/\/www.fiscalia.gov.co\/colombia\/wp-content\/uploads\/Ofensiva-contra-abusadores-en-Cordoba-1024x573.jpeg\",\"contentUrl\":\"https:\/\/www.fiscalia.gov.co\/colombia\/wp-content\/uploads\/Ofensiva-contra-abusadores-en-Cordoba-1024x573.jpeg\"},{\"@type\":\"BreadcrumbList\",\"@id\":\"https:\/\/www.fiscalia.gov.co\/colombia\/noticias\/cuatro-personas-judicializadas-en-ofensiva-contra-presuntos-abusadores-en-cordoba-una-de-ellas-habria-agredido-sexualmente-a-su-suegra\/#breadcrumb\",\"itemListElement\":[{\"@type\":\"ListItem\",\"position\":1,\"name\":\"Home\",\"item\":\"https:\/\/www.fiscalia.gov.co\/colombia\/\"},{\"@type\":\"ListItem\",\"position\":2,\"name\":\"Cuatro personas judicializadas en ofensiva contra presuntos abusadores en C\u00f3rdoba: una de ellas habr\u00eda agredido sexualmente a su suegra\"}]},{\"@type\":\"WebSite\",\"@id\":\"https:\/\/www.fiscalia.gov.co\/colombia\/#website\",\"url\":\"https:\/\/www.fiscalia.gov.co\/colombia\/\",\"name\":\"Fiscal\u00eda General de la Naci\u00f3n\",\"description\":\"P\u00e1gina oficial de la Fiscal\u00eda General de la Naci\u00f3n \u2013 Colombia. Garantizamos el acceso efectivo a la justicia, la verdad y la reparaci\u00f3n de las v\u00edctimas de los delitos.\",\"publisher\":{\"@id\":\"https:\/\/www.fiscalia.gov.co\/colombia\/#organization\"},\"potentialAction\":[{\"@type\":\"SearchAction\",\"target\":{\"@type\":\"EntryPoint\",\"urlTemplate\":\"https:\/\/www.fiscalia.gov.co\/colombia\/?s={search_term_string}\"},\"query-input\":{\"@type\":\"PropertyValueSpecification\",\"valueRequired\":true,\"valueName\":\"search_term_string\"}}],\"inLanguage\":\"es-CO\"},{\"@type\":\"Organization\",\"@id\":\"https:\/\/www.fiscalia.gov.co\/colombia\/#organization\",\"name\":\"Fiscal\u00eda General de la Naci\u00f3n\",\"url\":\"https:\/\/www.fiscalia.gov.co\/colombia\/\",\"logo\":{\"@type\":\"ImageObject\",\"inLanguage\":\"es-CO\",\"@id\":\"https:\/\/www.fiscalia.gov.co\/colombia\/#\/schema\/logo\/image\/\",\"url\":\"https:\/\/www.fiscalia.gov.co\/colombia\/wp-content\/uploads\/LogoHorizontal_1.jpg\",\"contentUrl\":\"https:\/\/www.fiscalia.gov.co\/colombia\/wp-content\/uploads\/LogoHorizontal_1.jpg\",\"width\":300,\"height\":90,\"caption\":\"Fiscal\u00eda General de la Naci\u00f3n\"},\"image\":{\"@id\":\"https:\/\/www.fiscalia.gov.co\/colombia\/#\/schema\/logo\/image\/\"},\"sameAs\":[\"https:\/\/www.facebook.com\/FiscaliaCol\",\"https:\/\/x.com\/FiscaliaCol\",\"https:\/\/www.instagram.com\/fiscaliacol\",\"https:\/\/www.linkedin.com\/company\/fiscalia-general-de-la-naci-n\/\",\"https:\/\/youtube.com\/@fiscaliageneraldelanacion-4668?si=6nN79nyQICPU5iTh\"]},{\"@type\":\"Person\",\"@id\":\"https:\/\/www.fiscalia.gov.co\/colombia\/#\/schema\/person\/bf84402cf293a5393e9c70b111020b24\",\"name\":\"Jordan Leandro Oviedo Anzola\",\"image\":{\"@type\":\"ImageObject\",\"inLanguage\":\"es-CO\",\"@id\":\"https:\/\/www.fiscalia.gov.co\/colombia\/#\/schema\/person\/image\/\",\"url\":\"https:\/\/secure.gravatar.com\/avatar\/dabba4346fa9b9207d96adafa8f92721?s=96&d=mm&r=g\",\"contentUrl\":\"https:\/\/secure.gravatar.com\/avatar\/dabba4346fa9b9207d96adafa8f92721?s=96&d=mm&r=g\",\"caption\":\"Jordan Leandro Oviedo Anzola\"},\"url\":\"https:\/\/www.fiscalia.gov.co\/colombia\/author\/joviedo\/\"}]}<\/script>\n<!-- \/ Yoast SEO plugin. -->","yoast_head_json":{"title":"Fiscal\u00eda General de la Naci\u00f3n","description":"P\u00e1gina oficial de la Fiscal\u00eda General de la Naci\u00f3n \u2013 Colombia. Garantizamos el acceso efectivo a la justicia, la verdad y la reparaci\u00f3n de las v\u00edctimas de los delitos.","robots":{"index":"noindex","follow":"follow"},"og_locale":"es_ES","og_type":"article","og_title":"Fiscal\u00eda General de la Naci\u00f3n","og_description":"P\u00e1gina oficial de la Fiscal\u00eda General de la Naci\u00f3n \u2013 Colombia. Garantizamos el acceso efectivo a la justicia, la verdad y la reparaci\u00f3n de las v\u00edctimas de los delitos.","og_url":"https:\/\/www.fiscalia.gov.co\/colombia\/noticias\/cuatro-personas-judicializadas-en-ofensiva-contra-presuntos-abusadores-en-cordoba-una-de-ellas-habria-agredido-sexualmente-a-su-suegra\/","og_site_name":"Fiscal\u00eda General de la Naci\u00f3n","article_publisher":"https:\/\/www.facebook.com\/FiscaliaCol","article_published_time":"2024-02-28T20:58:21+00:00","article_modified_time":"2024-03-07T14:07:28+00:00","og_image":[{"url":"https:\/\/www.fiscalia.gov.co\/colombia\/wp-content\/uploads\/Ofensiva-contra-abusadores-en-Cordoba-1024x573.jpeg","type":"","width":"","height":""}],"author":"Jordan Leandro Oviedo Anzola","twitter_card":"summary_large_image","twitter_creator":"@FiscaliaCol","twitter_site":"@FiscaliaCol","twitter_misc":{"Escrito por":"Jordan Leandro Oviedo Anzola","Tiempo de lectura":"3 minutos"},"schema":{"@context":"https:\/\/schema.org","@graph":[{"@type":"Article","@id":"https:\/\/www.fiscalia.gov.co\/colombia\/noticias\/cuatro-personas-judicializadas-en-ofensiva-contra-presuntos-abusadores-en-cordoba-una-de-ellas-habria-agredido-sexualmente-a-su-suegra\/#article","isPartOf":{"@id":"https:\/\/www.fiscalia.gov.co\/colombia\/noticias\/cuatro-personas-judicializadas-en-ofensiva-contra-presuntos-abusadores-en-cordoba-una-de-ellas-habria-agredido-sexualmente-a-su-suegra\/"},"author":{"name":"Jordan Leandro Oviedo Anzola","@id":"https:\/\/www.fiscalia.gov.co\/colombia\/#\/schema\/person\/bf84402cf293a5393e9c70b111020b24"},"headline":"Cuatro personas judicializadas en ofensiva contra presuntos abusadores en C\u00f3rdoba: una de ellas habr\u00eda agredido sexualmente a su suegra","datePublished":"2024-02-28T20:58:21+00:00","dateModified":"2024-03-07T14:07:28+00:00","mainEntityOfPage":{"@id":"https:\/\/www.fiscalia.gov.co\/colombia\/noticias\/cuatro-personas-judicializadas-en-ofensiva-contra-presuntos-abusadores-en-cordoba-una-de-ellas-habria-agredido-sexualmente-a-su-suegra\/"},"wordCount":597,"publisher":{"@id":"https:\/\/www.fiscalia.gov.co\/colombia\/#organization"},"image":{"@id":"https:\/\/www.fiscalia.gov.co\/colombia\/noticias\/cuatro-personas-judicializadas-en-ofensiva-contra-presuntos-abusadores-en-cordoba-una-de-ellas-habria-agredido-sexualmente-a-su-suegra\/#primaryimage"},"thumbnailUrl":"https:\/\/www.fiscalia.gov.co\/colombia\/wp-content\/uploads\/Ofensiva-contra-abusadores-en-Cordoba-1024x573.jpeg","keywords":["C\u00f3rdoba","Delitos sexuales","fiscal mancera","fiscal martha mancera","Fiscal\u00eda Colombia","Fiscal\u00eda General de la Naci\u00f3n","Martha Mancera","Medida de aseguramiento","Monter\u00eda -C\u00f3rdoba","ofensiva","Polic\u00eda Nacional"],"articleSection":["Noticias","Seccional Monter\u00eda","Seccionales","Violencia sexual e intrafamiliar"],"inLanguage":"es-CO"},{"@type":"WebPage","@id":"https:\/\/www.fiscalia.gov.co\/colombia\/noticias\/cuatro-personas-judicializadas-en-ofensiva-contra-presuntos-abusadores-en-cordoba-una-de-ellas-habria-agredido-sexualmente-a-su-suegra\/","url":"https:\/\/www.fiscalia.gov.co\/colombia\/noticias\/cuatro-personas-judicializadas-en-ofensiva-contra-presuntos-abusadores-en-cordoba-una-de-ellas-habria-agredido-sexualmente-a-su-suegra\/","name":"Fiscal\u00eda General de la Naci\u00f3n","isPartOf":{"@id":"https:\/\/www.fiscalia.gov.co\/colombia\/#website"},"primaryImageOfPage":{"@id":"https:\/\/www.fiscalia.gov.co\/colombia\/noticias\/cuatro-personas-judicializadas-en-ofensiva-contra-presuntos-abusadores-en-cordoba-una-de-ellas-habria-agredido-sexualmente-a-su-suegra\/#primaryimage"},"image":{"@id":"https:\/\/www.fiscalia.gov.co\/colombia\/noticias\/cuatro-personas-judicializadas-en-ofensiva-contra-presuntos-abusadores-en-cordoba-una-de-ellas-habria-agredido-sexualmente-a-su-suegra\/#primaryimage"},"thumbnailUrl":"https:\/\/www.fiscalia.gov.co\/colombia\/wp-content\/uploads\/Ofensiva-contra-abusadores-en-Cordoba-1024x573.jpeg","datePublished":"2024-02-28T20:58:21+00:00","dateModified":"2024-03-07T14:07:28+00:00","description":"P\u00e1gina oficial de la Fiscal\u00eda General de la Naci\u00f3n \u2013 Colombia. Garantizamos el acceso efectivo a la justicia, la verdad y la reparaci\u00f3n de las v\u00edctimas de los delitos.","breadcrumb":{"@id":"https:\/\/www.fiscalia.gov.co\/colombia\/noticias\/cuatro-personas-judicializadas-en-ofensiva-contra-presuntos-abusadores-en-cordoba-una-de-ellas-habria-agredido-sexualmente-a-su-suegra\/#breadcrumb"},"inLanguage":"es-CO","potentialAction":[{"@type":"ReadAction","target":["https:\/\/www.fiscalia.gov.co\/colombia\/noticias\/cuatro-personas-judicializadas-en-ofensiva-contra-presuntos-abusadores-en-cordoba-una-de-ellas-habria-agredido-sexualmente-a-su-suegra\/"]}]},{"@type":"ImageObject","inLanguage":"es-CO","@id":"https:\/\/www.fiscalia.gov.co\/colombia\/noticias\/cuatro-personas-judicializadas-en-ofensiva-contra-presuntos-abusadores-en-cordoba-una-de-ellas-habria-agredido-sexualmente-a-su-suegra\/#primaryimage","url":"https:\/\/www.fiscalia.gov.co\/colombia\/wp-content\/uploads\/Ofensiva-contra-abusadores-en-Cordoba-1024x573.jpeg","contentUrl":"https:\/\/www.fiscalia.gov.co\/colombia\/wp-content\/uploads\/Ofensiva-contra-abusadores-en-Cordoba-1024x573.jpeg"},{"@type":"BreadcrumbList","@id":"https:\/\/www.fiscalia.gov.co\/colombia\/noticias\/cuatro-personas-judicializadas-en-ofensiva-contra-presuntos-abusadores-en-cordoba-una-de-ellas-habria-agredido-sexualmente-a-su-suegra\/#breadcrumb","itemListElement":[{"@type":"ListItem","position":1,"name":"Home","item":"https:\/\/www.fiscalia.gov.co\/colombia\/"},{"@type":"ListItem","position":2,"name":"Cuatro personas judicializadas en ofensiva contra presuntos abusadores en C\u00f3rdoba: una de ellas habr\u00eda agredido sexualmente a su suegra"}]},{"@type":"WebSite","@id":"https:\/\/www.fiscalia.gov.co\/colombia\/#website","url":"https:\/\/www.fiscalia.gov.co\/colombia\/","name":"Fiscal\u00eda General de la Naci\u00f3n","description":"P\u00e1gina oficial de la Fiscal\u00eda General de la Naci\u00f3n \u2013 Colombia. Garantizamos el acceso efectivo a la justicia, la verdad y la reparaci\u00f3n de las v\u00edctimas de los delitos.","publisher":{"@id":"https:\/\/www.fiscalia.gov.co\/colombia\/#organization"},"potentialAction":[{"@type":"SearchAction","target":{"@type":"EntryPoint","urlTemplate":"https:\/\/www.fiscalia.gov.co\/colombia\/?s={search_term_string}"},"query-input":{"@type":"PropertyValueSpecification","valueRequired":true,"valueName":"search_term_string"}}],"inLanguage":"es-CO"},{"@type":"Organization","@id":"https:\/\/www.fiscalia.gov.co\/colombia\/#organization","name":"Fiscal\u00eda General de la Naci\u00f3n","url":"https:\/\/www.fiscalia.gov.co\/colombia\/","logo":{"@type":"ImageObject","inLanguage":"es-CO","@id":"https:\/\/www.fiscalia.gov.co\/colombia\/#\/schema\/logo\/image\/","url":"https:\/\/www.fiscalia.gov.co\/colombia\/wp-content\/uploads\/LogoHorizontal_1.jpg","contentUrl":"https:\/\/www.fiscalia.gov.co\/colombia\/wp-content\/uploads\/LogoHorizontal_1.jpg","width":300,"height":90,"caption":"Fiscal\u00eda General de la Naci\u00f3n"},"image":{"@id":"https:\/\/www.fiscalia.gov.co\/colombia\/#\/schema\/logo\/image\/"},"sameAs":["https:\/\/www.facebook.com\/FiscaliaCol","https:\/\/x.com\/FiscaliaCol","https:\/\/www.instagram.com\/fiscaliacol","https:\/\/www.linkedin.com\/company\/fiscalia-general-de-la-naci-n\/","https:\/\/youtube.com\/@fiscaliageneraldelanacion-4668?si=6nN79nyQICPU5iTh"]},{"@type":"Person","@id":"https:\/\/www.fiscalia.gov.co\/colombia\/#\/schema\/person\/bf84402cf293a5393e9c70b111020b24","name":"Jordan Leandro Oviedo Anzola","image":{"@type":"ImageObject","inLanguage":"es-CO","@id":"https:\/\/www.fiscalia.gov.co\/colombia\/#\/schema\/person\/image\/","url":"https:\/\/secure.gravatar.com\/avatar\/dabba4346fa9b9207d96adafa8f92721?s=96&d=mm&r=g","contentUrl":"https:\/\/secure.gravatar.com\/avatar\/dabba4346fa9b9207d96adafa8f92721?s=96&d=mm&r=g","caption":"Jordan Leandro Oviedo Anzola"},"url":"https:\/\/www.fiscalia.gov.co\/colombia\/author\/joviedo\/"}]}},"_links":{"self":[{"href":"https:\/\/www.fiscalia.gov.co\/colombia\/wp-json\/wp\/v2\/posts\/289370","targetHints":{"allow":["GET"]}}],"collection":[{"href":"https:\/\/www.fiscalia.gov.co\/colombia\/wp-json\/wp\/v2\/posts"}],"about":[{"href":"https:\/\/www.fiscalia.gov.co\/colombia\/wp-json\/wp\/v2\/types\/post"}],"author":[{"embeddable":true,"href":"https:\/\/www.fiscalia.gov.co\/colombia\/wp-json\/wp\/v2\/users\/177"}],"replies":[{"embeddable":true,"href":"https:\/\/www.fiscalia.gov.co\/colombia\/wp-json\/wp\/v2\/comments?post=289370"}],"version-history":[{"count":2,"href":"https:\/\/www.fiscalia.gov.co\/colombia\/wp-json\/wp\/v2\/posts\/289370\/revisions"}],"predecessor-version":[{"id":290174,"href":"https:\/\/www.fiscalia.gov.co\/colombia\/wp-json\/wp\/v2\/posts\/289370\/revisions\/290174"}],"wp:attachment":[{"href":"https:\/\/www.fiscalia.gov.co\/colombia\/wp-json\/wp\/v2\/media?parent=289370"}],"wp:term":[{"taxonomy":"category","embeddable":true,"href":"https:\/\/www.fiscalia.gov.co\/colombia\/wp-json\/wp\/v2\/categories?post=289370"},{"taxonomy":"post_tag","embeddable":true,"href":"https:\/\/www.fiscalia.gov.co\/colombia\/wp-json\/wp\/v2\/tags?post=289370"}],"curies":[{"name":"wp","href":"https:\/\/api.w.org\/{rel}","templated":true}]}}