{"id":289292,"date":"2024-02-28T08:44:39","date_gmt":"2024-02-28T13:44:39","guid":{"rendered":"https:\/\/www.fiscalia.gov.co\/colombia\/?p=289292"},"modified":"2024-03-07T08:46:42","modified_gmt":"2024-03-07T13:46:42","slug":"carcel-para-investigador-que-haria-parte-de-una-red-delictiva-senalada-de-auspiciar-el-ingreso-de-contrabando-por-los-puertos-del-pais","status":"publish","type":"post","link":"https:\/\/www.fiscalia.gov.co\/colombia\/lucha-contra-corrupcion\/carcel-para-investigador-que-haria-parte-de-una-red-delictiva-senalada-de-auspiciar-el-ingreso-de-contrabando-por-los-puertos-del-pais\/","title":{"rendered":"C\u00e1rcel para investigador que har\u00eda parte de una red delictiva se\u00f1alada de auspiciar el ingreso de contrabando por los puertos del pa\u00eds"},"content":{"rendered":"<h4><em><strong>Francisco Javier Mart\u00ednez Ardila fue imputado por los delitos de concierto para delinquir agravado con fines de contrabando y acceso abusivo a un sistema inform\u00e1tico agravado.<\/strong> <\/em><\/h4>\n<p>Por petici\u00f3n de una fiscal de la Direcci\u00f3n Especializada contra la Corrupci\u00f3n, un juez de control de garant\u00edas de Cali (Valle del Cauca) impuso medida de aseguramiento privativa de la libertad en establecimiento carcelario a Francisco Javier Mart\u00ednez Ardila, un investigador que estar\u00eda vinculado a una estructura criminal dedicada al contrabando.<\/p>\n<p>Este funcionario, al parecer, aprovech\u00f3 su cargo en la entidad para facilitar el ingreso ilegal de mercanc\u00eda por los puertos de Buenaventura (Valle del Cauca) y alertar a los dem\u00e1s integrantes de la estructura criminal sobre los procesos que se adelantaban en su contra.<\/p>\n<p>Los elementos de prueba indican que, entre 2016 y 2019, viaj\u00f3 en varias oportunidades a Panam\u00e1 para presuntamente coordinar aspectos relacionados con la log\u00edstica y embarque de los productos de contrabando que eran enviados a Colombia.<\/p>\n<p>De igual manera, se acredit\u00f3 que habr\u00eda acudido ante la Direcci\u00f3n de Impuestos y Aduanas Nacionales (DIAN) y otras autoridades para mediar en la devoluci\u00f3n de un cargamento de cigarrillos que fue incautado en Cauca. Con su intervenci\u00f3n pretend\u00eda que las cajetillas y el veh\u00edculo que las transportaba fueran retornados a su propietario.<\/p>\n<p>Asimismo, se acredit\u00f3 que, al parecer, solicit\u00f3 al asistente de un despacho fiscal acceder al sistema misional SPOA y extraer informaci\u00f3n reservada sobre una indagaci\u00f3n para posteriormente entregarles detalles a sus posibles c\u00f3mplices.<\/p>\n<p>Por estos hechos, la Fiscal\u00eda imput\u00f3 a Mart\u00ednez Ardila los delitos de concierto para delinquir agravado con fines de contrabando y acceso abusivo a un sistema inform\u00e1tico agravado. Los cargos no fueron aceptados.<\/p>\n<p>&nbsp;<\/p>\n<p>Esta acci\u00f3n judicial responde a los lineamientos y par\u00e1metros definidos por la Fiscal General de la Naci\u00f3n (e), Martha Janeth Mancera, para actuar en contra de todas las formas de corrupci\u00f3n y poner en evidencia a los servidores que se alejan de los principios de transparencia y legalidad.<\/p>\n<p>Esta informaci\u00f3n se publica por razones de inter\u00e9s general.<\/p>\n<p><strong><u>La Fiscal\u00eda habla con resultados.<\/u><\/strong><\/p>\n<p>&nbsp;<\/p>\n<p>&nbsp;<\/p>\n<p>&nbsp;<\/p>\n<p>&nbsp;<\/p>\n<p>&nbsp;<\/p>\n<p>&nbsp;<\/p>\n<p>&nbsp;<\/p>\n<p>LAGP\/JARG\/EACM\/DECC\/MRC\/<\/p>\n<p>&nbsp;<\/p>\n<p>&nbsp;<\/p>\n<p><strong>\u00a0<\/strong><\/p>\n<p><strong>\u00a0<\/strong><\/p>\n<p><strong>\u00a0<\/strong><\/p>\n<p>&nbsp;<\/p>\n<div class=\"td-post-content tagdiv-type\">\n<p><i>La informaci\u00f3n contenida en este bolet\u00edn de prensa corresponde a la narraci\u00f3n de los hechos noticiosos objetivos, suministrados por los funcionarios encargados de adelantar las investigaciones penales al interior de la Fiscal\u00eda General de la Naci\u00f3n. Para el momento de la divulgaci\u00f3n de este comunicado, la situaci\u00f3n jur\u00eddica de la(s) persona(s) relacionada(s) se encuentra pendiente de resolver por la autoridad judicial competente, siempre bajo los preceptos de la presunci\u00f3n de inocencia, consagrados en el art\u00edculo 29 de la Constituci\u00f3n Pol\u00edtica y el art\u00edculo 7\u00ba de la Ley 906 de 2004.<\/i><\/p>\n<\/div>\n\n<div class=\"twitter-share\"><a href=\"https:\/\/twitter.com\/intent\/tweet?via=fiscaliacol\" class=\"twitter-share-button\">Tweet<\/a><\/div>\n","protected":false},"excerpt":{"rendered":"<p>Francisco Javier Mart\u00ednez Ardila fue imputado por los delitos de concierto para delinquir agravado con fines de contrabando y acceso abusivo a un sistema inform\u00e1tico agravado. Por petici\u00f3n de una fiscal de la Direcci\u00f3n Especializada contra la Corrupci\u00f3n, un juez de control de garant\u00edas de Cali (Valle del Cauca) impuso medida de aseguramiento privativa de [&hellip;]<\/p>\n","protected":false},"author":177,"featured_media":0,"comment_status":"closed","ping_status":"open","sticky":false,"template":"","format":"standard","meta":{"tdm_status":"","tdm_grid_status":"","footnotes":""},"categories":[24097,24107,1],"tags":[23823,2064,37086,36949,1047,37073,26350,37115],"class_list":{"0":"post-289292","1":"post","2":"type-post","3":"status-publish","4":"format-standard","6":"category-corrupcion","7":"category-lucha-contra-corrupcion","8":"category-noticias","9":"tag-cali","10":"tag-contrabando","11":"tag-fiscal-mancera","12":"tag-fiscal-martha-mancera","13":"tag-fiscalia-general-de-la-nacion","14":"tag-francisco-javier-martinez-ardila","15":"tag-martha-mancera","16":"tag-pacho-malo"},"yoast_head":"<!-- This site is optimized with the Yoast SEO plugin v24.3 - https:\/\/yoast.com\/wordpress\/plugins\/seo\/ -->\n<title>Fiscal\u00eda General de la Naci\u00f3n<\/title>\n<meta name=\"description\" content=\"P\u00e1gina oficial de la Fiscal\u00eda General de la Naci\u00f3n \u2013 Colombia. Garantizamos el acceso efectivo a la justicia, la verdad y la reparaci\u00f3n de las v\u00edctimas de los delitos.\" \/>\n<meta name=\"robots\" content=\"noindex, follow\" \/>\n<meta property=\"og:locale\" content=\"es_ES\" \/>\n<meta property=\"og:type\" content=\"article\" \/>\n<meta property=\"og:title\" content=\"Fiscal\u00eda General de la Naci\u00f3n\" \/>\n<meta property=\"og:description\" content=\"P\u00e1gina oficial de la Fiscal\u00eda General de la Naci\u00f3n \u2013 Colombia. Garantizamos el acceso efectivo a la justicia, la verdad y la reparaci\u00f3n de las v\u00edctimas de los delitos.\" \/>\n<meta property=\"og:url\" content=\"https:\/\/www.fiscalia.gov.co\/colombia\/lucha-contra-corrupcion\/carcel-para-investigador-que-haria-parte-de-una-red-delictiva-senalada-de-auspiciar-el-ingreso-de-contrabando-por-los-puertos-del-pais\/\" \/>\n<meta property=\"og:site_name\" content=\"Fiscal\u00eda General de la Naci\u00f3n\" \/>\n<meta property=\"article:publisher\" content=\"https:\/\/www.facebook.com\/FiscaliaCol\" \/>\n<meta property=\"article:published_time\" content=\"2024-02-28T13:44:39+00:00\" \/>\n<meta property=\"article:modified_time\" content=\"2024-03-07T13:46:42+00:00\" \/>\n<meta name=\"author\" content=\"Jordan Leandro Oviedo Anzola\" \/>\n<meta name=\"twitter:card\" content=\"summary_large_image\" \/>\n<meta name=\"twitter:creator\" content=\"@FiscaliaCol\" \/>\n<meta name=\"twitter:site\" content=\"@FiscaliaCol\" \/>\n<meta name=\"twitter:label1\" content=\"Escrito por\" \/>\n\t<meta name=\"twitter:data1\" content=\"Jordan Leandro Oviedo Anzola\" \/>\n\t<meta name=\"twitter:label2\" content=\"Tiempo de lectura\" \/>\n\t<meta name=\"twitter:data2\" content=\"2 minutos\" \/>\n<script type=\"application\/ld+json\" class=\"yoast-schema-graph\">{\"@context\":\"https:\/\/schema.org\",\"@graph\":[{\"@type\":\"Article\",\"@id\":\"https:\/\/www.fiscalia.gov.co\/colombia\/lucha-contra-corrupcion\/carcel-para-investigador-que-haria-parte-de-una-red-delictiva-senalada-de-auspiciar-el-ingreso-de-contrabando-por-los-puertos-del-pais\/#article\",\"isPartOf\":{\"@id\":\"https:\/\/www.fiscalia.gov.co\/colombia\/lucha-contra-corrupcion\/carcel-para-investigador-que-haria-parte-de-una-red-delictiva-senalada-de-auspiciar-el-ingreso-de-contrabando-por-los-puertos-del-pais\/\"},\"author\":{\"name\":\"Jordan Leandro Oviedo Anzola\",\"@id\":\"https:\/\/www.fiscalia.gov.co\/colombia\/#\/schema\/person\/bf84402cf293a5393e9c70b111020b24\"},\"headline\":\"C\u00e1rcel para investigador que har\u00eda parte de una red delictiva se\u00f1alada de auspiciar el ingreso de contrabando por los puertos del pa\u00eds\",\"datePublished\":\"2024-02-28T13:44:39+00:00\",\"dateModified\":\"2024-03-07T13:46:42+00:00\",\"mainEntityOfPage\":{\"@id\":\"https:\/\/www.fiscalia.gov.co\/colombia\/lucha-contra-corrupcion\/carcel-para-investigador-que-haria-parte-de-una-red-delictiva-senalada-de-auspiciar-el-ingreso-de-contrabando-por-los-puertos-del-pais\/\"},\"wordCount\":510,\"publisher\":{\"@id\":\"https:\/\/www.fiscalia.gov.co\/colombia\/#organization\"},\"keywords\":[\"Cali\",\"Contrabando\",\"fiscal mancera\",\"fiscal martha mancera\",\"Fiscal\u00eda General de la Naci\u00f3n\",\"Francisco Javier Mart\u00ednez Ardila\",\"Martha Mancera\",\"pacho malo\"],\"articleSection\":[\"Corrupci\u00f3n\",\"Corrupci\u00f3n\",\"Noticias\"],\"inLanguage\":\"es-CO\"},{\"@type\":\"WebPage\",\"@id\":\"https:\/\/www.fiscalia.gov.co\/colombia\/lucha-contra-corrupcion\/carcel-para-investigador-que-haria-parte-de-una-red-delictiva-senalada-de-auspiciar-el-ingreso-de-contrabando-por-los-puertos-del-pais\/\",\"url\":\"https:\/\/www.fiscalia.gov.co\/colombia\/lucha-contra-corrupcion\/carcel-para-investigador-que-haria-parte-de-una-red-delictiva-senalada-de-auspiciar-el-ingreso-de-contrabando-por-los-puertos-del-pais\/\",\"name\":\"Fiscal\u00eda General de la Naci\u00f3n\",\"isPartOf\":{\"@id\":\"https:\/\/www.fiscalia.gov.co\/colombia\/#website\"},\"datePublished\":\"2024-02-28T13:44:39+00:00\",\"dateModified\":\"2024-03-07T13:46:42+00:00\",\"description\":\"P\u00e1gina oficial de la Fiscal\u00eda General de la Naci\u00f3n \u2013 Colombia. Garantizamos el acceso efectivo a la justicia, la verdad y la reparaci\u00f3n de las v\u00edctimas de los delitos.\",\"breadcrumb\":{\"@id\":\"https:\/\/www.fiscalia.gov.co\/colombia\/lucha-contra-corrupcion\/carcel-para-investigador-que-haria-parte-de-una-red-delictiva-senalada-de-auspiciar-el-ingreso-de-contrabando-por-los-puertos-del-pais\/#breadcrumb\"},\"inLanguage\":\"es-CO\",\"potentialAction\":[{\"@type\":\"ReadAction\",\"target\":[\"https:\/\/www.fiscalia.gov.co\/colombia\/lucha-contra-corrupcion\/carcel-para-investigador-que-haria-parte-de-una-red-delictiva-senalada-de-auspiciar-el-ingreso-de-contrabando-por-los-puertos-del-pais\/\"]}]},{\"@type\":\"BreadcrumbList\",\"@id\":\"https:\/\/www.fiscalia.gov.co\/colombia\/lucha-contra-corrupcion\/carcel-para-investigador-que-haria-parte-de-una-red-delictiva-senalada-de-auspiciar-el-ingreso-de-contrabando-por-los-puertos-del-pais\/#breadcrumb\",\"itemListElement\":[{\"@type\":\"ListItem\",\"position\":1,\"name\":\"Home\",\"item\":\"https:\/\/www.fiscalia.gov.co\/colombia\/\"},{\"@type\":\"ListItem\",\"position\":2,\"name\":\"C\u00e1rcel para investigador que har\u00eda parte de una red delictiva se\u00f1alada de auspiciar el ingreso de contrabando por los puertos del pa\u00eds\"}]},{\"@type\":\"WebSite\",\"@id\":\"https:\/\/www.fiscalia.gov.co\/colombia\/#website\",\"url\":\"https:\/\/www.fiscalia.gov.co\/colombia\/\",\"name\":\"Fiscal\u00eda General de la Naci\u00f3n\",\"description\":\"P\u00e1gina oficial de la Fiscal\u00eda General de la Naci\u00f3n \u2013 Colombia. Garantizamos el acceso efectivo a la justicia, la verdad y la reparaci\u00f3n de las v\u00edctimas de los delitos.\",\"publisher\":{\"@id\":\"https:\/\/www.fiscalia.gov.co\/colombia\/#organization\"},\"potentialAction\":[{\"@type\":\"SearchAction\",\"target\":{\"@type\":\"EntryPoint\",\"urlTemplate\":\"https:\/\/www.fiscalia.gov.co\/colombia\/?s={search_term_string}\"},\"query-input\":{\"@type\":\"PropertyValueSpecification\",\"valueRequired\":true,\"valueName\":\"search_term_string\"}}],\"inLanguage\":\"es-CO\"},{\"@type\":\"Organization\",\"@id\":\"https:\/\/www.fiscalia.gov.co\/colombia\/#organization\",\"name\":\"Fiscal\u00eda General de la Naci\u00f3n\",\"url\":\"https:\/\/www.fiscalia.gov.co\/colombia\/\",\"logo\":{\"@type\":\"ImageObject\",\"inLanguage\":\"es-CO\",\"@id\":\"https:\/\/www.fiscalia.gov.co\/colombia\/#\/schema\/logo\/image\/\",\"url\":\"https:\/\/www.fiscalia.gov.co\/colombia\/wp-content\/uploads\/LogoHorizontal_1.jpg\",\"contentUrl\":\"https:\/\/www.fiscalia.gov.co\/colombia\/wp-content\/uploads\/LogoHorizontal_1.jpg\",\"width\":300,\"height\":90,\"caption\":\"Fiscal\u00eda General de la Naci\u00f3n\"},\"image\":{\"@id\":\"https:\/\/www.fiscalia.gov.co\/colombia\/#\/schema\/logo\/image\/\"},\"sameAs\":[\"https:\/\/www.facebook.com\/FiscaliaCol\",\"https:\/\/x.com\/FiscaliaCol\",\"https:\/\/www.instagram.com\/fiscaliacol\",\"https:\/\/www.linkedin.com\/company\/fiscalia-general-de-la-naci-n\/\",\"https:\/\/youtube.com\/@fiscaliageneraldelanacion-4668?si=6nN79nyQICPU5iTh\"]},{\"@type\":\"Person\",\"@id\":\"https:\/\/www.fiscalia.gov.co\/colombia\/#\/schema\/person\/bf84402cf293a5393e9c70b111020b24\",\"name\":\"Jordan Leandro Oviedo Anzola\",\"image\":{\"@type\":\"ImageObject\",\"inLanguage\":\"es-CO\",\"@id\":\"https:\/\/www.fiscalia.gov.co\/colombia\/#\/schema\/person\/image\/\",\"url\":\"https:\/\/secure.gravatar.com\/avatar\/dabba4346fa9b9207d96adafa8f92721?s=96&d=mm&r=g\",\"contentUrl\":\"https:\/\/secure.gravatar.com\/avatar\/dabba4346fa9b9207d96adafa8f92721?s=96&d=mm&r=g\",\"caption\":\"Jordan Leandro Oviedo Anzola\"},\"url\":\"https:\/\/www.fiscalia.gov.co\/colombia\/author\/joviedo\/\"}]}<\/script>\n<!-- \/ Yoast SEO plugin. -->","yoast_head_json":{"title":"Fiscal\u00eda General de la Naci\u00f3n","description":"P\u00e1gina oficial de la Fiscal\u00eda General de la Naci\u00f3n \u2013 Colombia. Garantizamos el acceso efectivo a la justicia, la verdad y la reparaci\u00f3n de las v\u00edctimas de los delitos.","robots":{"index":"noindex","follow":"follow"},"og_locale":"es_ES","og_type":"article","og_title":"Fiscal\u00eda General de la Naci\u00f3n","og_description":"P\u00e1gina oficial de la Fiscal\u00eda General de la Naci\u00f3n \u2013 Colombia. Garantizamos el acceso efectivo a la justicia, la verdad y la reparaci\u00f3n de las v\u00edctimas de los delitos.","og_url":"https:\/\/www.fiscalia.gov.co\/colombia\/lucha-contra-corrupcion\/carcel-para-investigador-que-haria-parte-de-una-red-delictiva-senalada-de-auspiciar-el-ingreso-de-contrabando-por-los-puertos-del-pais\/","og_site_name":"Fiscal\u00eda General de la Naci\u00f3n","article_publisher":"https:\/\/www.facebook.com\/FiscaliaCol","article_published_time":"2024-02-28T13:44:39+00:00","article_modified_time":"2024-03-07T13:46:42+00:00","author":"Jordan Leandro Oviedo Anzola","twitter_card":"summary_large_image","twitter_creator":"@FiscaliaCol","twitter_site":"@FiscaliaCol","twitter_misc":{"Escrito por":"Jordan Leandro Oviedo Anzola","Tiempo de lectura":"2 minutos"},"schema":{"@context":"https:\/\/schema.org","@graph":[{"@type":"Article","@id":"https:\/\/www.fiscalia.gov.co\/colombia\/lucha-contra-corrupcion\/carcel-para-investigador-que-haria-parte-de-una-red-delictiva-senalada-de-auspiciar-el-ingreso-de-contrabando-por-los-puertos-del-pais\/#article","isPartOf":{"@id":"https:\/\/www.fiscalia.gov.co\/colombia\/lucha-contra-corrupcion\/carcel-para-investigador-que-haria-parte-de-una-red-delictiva-senalada-de-auspiciar-el-ingreso-de-contrabando-por-los-puertos-del-pais\/"},"author":{"name":"Jordan Leandro Oviedo Anzola","@id":"https:\/\/www.fiscalia.gov.co\/colombia\/#\/schema\/person\/bf84402cf293a5393e9c70b111020b24"},"headline":"C\u00e1rcel para investigador que har\u00eda parte de una red delictiva se\u00f1alada de auspiciar el ingreso de contrabando por los puertos del pa\u00eds","datePublished":"2024-02-28T13:44:39+00:00","dateModified":"2024-03-07T13:46:42+00:00","mainEntityOfPage":{"@id":"https:\/\/www.fiscalia.gov.co\/colombia\/lucha-contra-corrupcion\/carcel-para-investigador-que-haria-parte-de-una-red-delictiva-senalada-de-auspiciar-el-ingreso-de-contrabando-por-los-puertos-del-pais\/"},"wordCount":510,"publisher":{"@id":"https:\/\/www.fiscalia.gov.co\/colombia\/#organization"},"keywords":["Cali","Contrabando","fiscal mancera","fiscal martha mancera","Fiscal\u00eda General de la Naci\u00f3n","Francisco Javier Mart\u00ednez Ardila","Martha Mancera","pacho malo"],"articleSection":["Corrupci\u00f3n","Corrupci\u00f3n","Noticias"],"inLanguage":"es-CO"},{"@type":"WebPage","@id":"https:\/\/www.fiscalia.gov.co\/colombia\/lucha-contra-corrupcion\/carcel-para-investigador-que-haria-parte-de-una-red-delictiva-senalada-de-auspiciar-el-ingreso-de-contrabando-por-los-puertos-del-pais\/","url":"https:\/\/www.fiscalia.gov.co\/colombia\/lucha-contra-corrupcion\/carcel-para-investigador-que-haria-parte-de-una-red-delictiva-senalada-de-auspiciar-el-ingreso-de-contrabando-por-los-puertos-del-pais\/","name":"Fiscal\u00eda General de la Naci\u00f3n","isPartOf":{"@id":"https:\/\/www.fiscalia.gov.co\/colombia\/#website"},"datePublished":"2024-02-28T13:44:39+00:00","dateModified":"2024-03-07T13:46:42+00:00","description":"P\u00e1gina oficial de la Fiscal\u00eda General de la Naci\u00f3n \u2013 Colombia. Garantizamos el acceso efectivo a la justicia, la verdad y la reparaci\u00f3n de las v\u00edctimas de los delitos.","breadcrumb":{"@id":"https:\/\/www.fiscalia.gov.co\/colombia\/lucha-contra-corrupcion\/carcel-para-investigador-que-haria-parte-de-una-red-delictiva-senalada-de-auspiciar-el-ingreso-de-contrabando-por-los-puertos-del-pais\/#breadcrumb"},"inLanguage":"es-CO","potentialAction":[{"@type":"ReadAction","target":["https:\/\/www.fiscalia.gov.co\/colombia\/lucha-contra-corrupcion\/carcel-para-investigador-que-haria-parte-de-una-red-delictiva-senalada-de-auspiciar-el-ingreso-de-contrabando-por-los-puertos-del-pais\/"]}]},{"@type":"BreadcrumbList","@id":"https:\/\/www.fiscalia.gov.co\/colombia\/lucha-contra-corrupcion\/carcel-para-investigador-que-haria-parte-de-una-red-delictiva-senalada-de-auspiciar-el-ingreso-de-contrabando-por-los-puertos-del-pais\/#breadcrumb","itemListElement":[{"@type":"ListItem","position":1,"name":"Home","item":"https:\/\/www.fiscalia.gov.co\/colombia\/"},{"@type":"ListItem","position":2,"name":"C\u00e1rcel para investigador que har\u00eda parte de una red delictiva se\u00f1alada de auspiciar el ingreso de contrabando por los puertos del pa\u00eds"}]},{"@type":"WebSite","@id":"https:\/\/www.fiscalia.gov.co\/colombia\/#website","url":"https:\/\/www.fiscalia.gov.co\/colombia\/","name":"Fiscal\u00eda General de la Naci\u00f3n","description":"P\u00e1gina oficial de la Fiscal\u00eda General de la Naci\u00f3n \u2013 Colombia. Garantizamos el acceso efectivo a la justicia, la verdad y la reparaci\u00f3n de las v\u00edctimas de los delitos.","publisher":{"@id":"https:\/\/www.fiscalia.gov.co\/colombia\/#organization"},"potentialAction":[{"@type":"SearchAction","target":{"@type":"EntryPoint","urlTemplate":"https:\/\/www.fiscalia.gov.co\/colombia\/?s={search_term_string}"},"query-input":{"@type":"PropertyValueSpecification","valueRequired":true,"valueName":"search_term_string"}}],"inLanguage":"es-CO"},{"@type":"Organization","@id":"https:\/\/www.fiscalia.gov.co\/colombia\/#organization","name":"Fiscal\u00eda General de la Naci\u00f3n","url":"https:\/\/www.fiscalia.gov.co\/colombia\/","logo":{"@type":"ImageObject","inLanguage":"es-CO","@id":"https:\/\/www.fiscalia.gov.co\/colombia\/#\/schema\/logo\/image\/","url":"https:\/\/www.fiscalia.gov.co\/colombia\/wp-content\/uploads\/LogoHorizontal_1.jpg","contentUrl":"https:\/\/www.fiscalia.gov.co\/colombia\/wp-content\/uploads\/LogoHorizontal_1.jpg","width":300,"height":90,"caption":"Fiscal\u00eda General de la Naci\u00f3n"},"image":{"@id":"https:\/\/www.fiscalia.gov.co\/colombia\/#\/schema\/logo\/image\/"},"sameAs":["https:\/\/www.facebook.com\/FiscaliaCol","https:\/\/x.com\/FiscaliaCol","https:\/\/www.instagram.com\/fiscaliacol","https:\/\/www.linkedin.com\/company\/fiscalia-general-de-la-naci-n\/","https:\/\/youtube.com\/@fiscaliageneraldelanacion-4668?si=6nN79nyQICPU5iTh"]},{"@type":"Person","@id":"https:\/\/www.fiscalia.gov.co\/colombia\/#\/schema\/person\/bf84402cf293a5393e9c70b111020b24","name":"Jordan Leandro Oviedo Anzola","image":{"@type":"ImageObject","inLanguage":"es-CO","@id":"https:\/\/www.fiscalia.gov.co\/colombia\/#\/schema\/person\/image\/","url":"https:\/\/secure.gravatar.com\/avatar\/dabba4346fa9b9207d96adafa8f92721?s=96&d=mm&r=g","contentUrl":"https:\/\/secure.gravatar.com\/avatar\/dabba4346fa9b9207d96adafa8f92721?s=96&d=mm&r=g","caption":"Jordan Leandro Oviedo Anzola"},"url":"https:\/\/www.fiscalia.gov.co\/colombia\/author\/joviedo\/"}]}},"_links":{"self":[{"href":"https:\/\/www.fiscalia.gov.co\/colombia\/wp-json\/wp\/v2\/posts\/289292","targetHints":{"allow":["GET"]}}],"collection":[{"href":"https:\/\/www.fiscalia.gov.co\/colombia\/wp-json\/wp\/v2\/posts"}],"about":[{"href":"https:\/\/www.fiscalia.gov.co\/colombia\/wp-json\/wp\/v2\/types\/post"}],"author":[{"embeddable":true,"href":"https:\/\/www.fiscalia.gov.co\/colombia\/wp-json\/wp\/v2\/users\/177"}],"replies":[{"embeddable":true,"href":"https:\/\/www.fiscalia.gov.co\/colombia\/wp-json\/wp\/v2\/comments?post=289292"}],"version-history":[{"count":1,"href":"https:\/\/www.fiscalia.gov.co\/colombia\/wp-json\/wp\/v2\/posts\/289292\/revisions"}],"predecessor-version":[{"id":289293,"href":"https:\/\/www.fiscalia.gov.co\/colombia\/wp-json\/wp\/v2\/posts\/289292\/revisions\/289293"}],"wp:attachment":[{"href":"https:\/\/www.fiscalia.gov.co\/colombia\/wp-json\/wp\/v2\/media?parent=289292"}],"wp:term":[{"taxonomy":"category","embeddable":true,"href":"https:\/\/www.fiscalia.gov.co\/colombia\/wp-json\/wp\/v2\/categories?post=289292"},{"taxonomy":"post_tag","embeddable":true,"href":"https:\/\/www.fiscalia.gov.co\/colombia\/wp-json\/wp\/v2\/tags?post=289292"}],"curies":[{"name":"wp","href":"https:\/\/api.w.org\/{rel}","templated":true}]}}