{"id":289124,"date":"2024-02-26T10:51:46","date_gmt":"2024-02-26T15:51:46","guid":{"rendered":"https:\/\/www.fiscalia.gov.co\/colombia\/?p=289124"},"modified":"2024-03-06T15:55:07","modified_gmt":"2024-03-06T20:55:07","slug":"una-mujer-fue-condenada-a-mas-de-39-anos-de-prision-por-el-homicidio-de-su-mama","status":"publish","type":"post","link":"https:\/\/www.fiscalia.gov.co\/colombia\/noticias\/una-mujer-fue-condenada-a-mas-de-39-anos-de-prision-por-el-homicidio-de-su-mama\/","title":{"rendered":"Una mujer fue condenada a m\u00e1s de 39 a\u00f1os de prisi\u00f3n por el homicidio de su mam\u00e1"},"content":{"rendered":"<h4><strong><em>Con el crimen la hija buscaba\u00a0 obtener el control de los\u00a0 bienes de su se\u00f1ora madre y reclamar seguros de vida de los cuales era beneficiaria.<\/em><\/strong><\/h4>\n<p>La contundencia del material probatorio recaudado por la Fiscal\u00eda permiti\u00f3 que un\u00a0 juez\u00a0 condenara a 39 a\u00f1os y 9 meses de prisi\u00f3n a Ver\u00f3nica Kilby Garz\u00f3n, por ser la determinadora del homicidio de su mam\u00e1, y la judicializaci\u00f3n de otras tres personas que tambi\u00e9n habr\u00edan participado en el asesinato.<\/p>\n<p>El crimen tuvo lugar el 5 de julio de 2017, en v\u00eda p\u00fablica del barrio Mi Llanura, en el sur oriente de Villavicencio (Meta).<\/p>\n<p>Seg\u00fan la investigaci\u00f3n, la mujer hab\u00eda huido de su propia casa luego de ser agredida por su yerno, ante la negativa de vender sus propiedades.<\/p>\n<p>Posteriormente, la v\u00edctima fue citada por su hija el d\u00eda de los hechos en un centro comercial, y tras salir de all\u00ed un sicario le dispar\u00f3 en varias oportunidades mientras esperaba el trasporte p\u00fablico.<\/p>\n<p>El homicida fue capturado en flagrancia con el arma de fuego por agentes de la Polic\u00eda Nacional presentes en el sector,\u00a0 mientras que la mujer,\u00a0de 61 a\u00f1os, falleci\u00f3 por la gravedad de las heridas en el centro de salud del barrio El Recreo, a donde fue conducida para recibir asistencia m\u00e9dica.<\/p>\n<p>La investigacion permiti\u00f3 establecer que su hija y su yerno habr\u00edan contratado al sicario que acab\u00f3 con la vida de la v\u00edctima, con la intenci\u00f3n de apoderarse de sus bienes que inclu\u00edan una finca, un automovil y ganado.<\/p>\n<p>Igualmente, que tras su muerte, la\u00a0 hija de 34 a\u00f1os se benefici\u00f3 con\u00a0m\u00e1s de 20 millones de pesos por seguros de vida que su mam\u00e1 ten\u00eda a su nombre.<\/p>\n<p>Garz\u00f3n fue capturada e imputada en octubre de 2018 por estos hechos e inicialmente asegurada en su domicilio por su estado de 6 meses de embarazo.<\/p>\n<p>Sin embargo ahora la mujer tendr\u00e1 que cumplir la sentencia en un centro carcelario.<\/p>\n<p>Otras tres personas que\u00a0 estar\u00edan relacionadas con el homicidio, entre ellos el yerno de la v\u00edctima y el sicario que la \u00faltim\u00f3, se encuentran en juicio.<\/p>\n<p>Con este fallo la Seccional Meta da cumprimiento al compromiso adquirido por la Fiscal General de la Naci\u00f3n (E), Martha Janeth Mancera, de esclarecer los delitos que afectan la seguridad\u00a0 ciudadana.<\/p>\n<p>Esta informaci\u00f3n se publica por razones de inter\u00e9s general.<\/p>\n<p><strong><u>La Fiscal\u00eda habla con resultados.<\/u><\/strong><\/p>\n<p>&nbsp;<\/p>\n<p>&nbsp;<\/p>\n<p>&nbsp;<\/p>\n<p>&nbsp;<\/p>\n<p>&nbsp;<\/p>\n<p>&nbsp;<\/p>\n<p>PYMP\/CFG\/JHM\/DSM<\/p>\n<p>&nbsp;<\/p>\n<p>&nbsp;<\/p>\n<p>&nbsp;<\/p>\n<p>&nbsp;<\/p>\n<p>&nbsp;<\/p>\n<p>&nbsp;<\/p>\n<p>&nbsp;<\/p>\n<p>&nbsp;<\/p>\n<div class=\"td-post-content tagdiv-type\">\n<div class=\"td-post-content tagdiv-type\">\n<div class=\"td-post-content tagdiv-type\">\n<div class=\"td-post-content tagdiv-type\">\n<div class=\"td-post-content tagdiv-type\">\n<div class=\"td-post-content tagdiv-type\">\n<p><em>La informaci\u00f3n contenida en este bolet\u00edn de prensa corresponde a la narraci\u00f3n de los hechos noticiosos objetivos, suministrados por los funcionarios encargados de adelantar las investigaciones penales al interior de la Fiscal\u00eda General de la Naci\u00f3n. Para el momento de la divulgaci\u00f3n de este comunicado, la situaci\u00f3n jur\u00eddica de la(s) persona(s) relacionada(s) se encuentra pendiente de resolver por la autoridad judicial competente, siempre bajo los preceptos de la presunci\u00f3n de inocencia, consagrados en el art\u00edculo 29 de la Constituci\u00f3n Pol\u00edtica y el art\u00edculo 7\u00ba de la Ley 906 de 2004.<\/em><\/p>\n<\/div>\n<\/div>\n<\/div>\n<\/div>\n<\/div>\n<\/div>\n\n<div class=\"twitter-share\"><a href=\"https:\/\/twitter.com\/intent\/tweet?via=fiscaliacol\" class=\"twitter-share-button\">Tweet<\/a><\/div>\n","protected":false},"excerpt":{"rendered":"<p>Con el crimen la hija buscaba\u00a0 obtener el control de los\u00a0 bienes de su se\u00f1ora madre y reclamar seguros de vida de los cuales era beneficiaria. La contundencia del material probatorio recaudado por la Fiscal\u00eda permiti\u00f3 que un\u00a0 juez\u00a0 condenara a 39 a\u00f1os y 9 meses de prisi\u00f3n a Ver\u00f3nica Kilby Garz\u00f3n, por ser la [&hellip;]<\/p>\n","protected":false},"author":177,"featured_media":0,"comment_status":"closed","ping_status":"open","sticky":false,"template":"","format":"standard","meta":{"tdm_status":"","tdm_grid_status":"","footnotes":""},"categories":[1,688,303,24099],"tags":[37088,37091,37092,37086,36949,37089,26350,37090,23988],"class_list":{"0":"post-289124","1":"post","2":"type-post","3":"status-publish","4":"format-standard","6":"category-noticias","7":"category-seccional-villavicencio","8":"category-seccionales","9":"category-seguridad-territorial","10":"tag-39-anos-9-meses-de-prision","11":"tag-agredida-por-su-yerno","12":"tag-apoderarse-de-sus-bienes","13":"tag-fiscal-mancera","14":"tag-fiscal-martha-mancera","15":"tag-homicidio-de-su-mama","16":"tag-martha-mancera","17":"tag-sicario-le-disparo","18":"tag-villavicencio-meta"},"yoast_head":"<!-- This site is optimized with the Yoast SEO plugin v24.3 - https:\/\/yoast.com\/wordpress\/plugins\/seo\/ -->\n<title>Fiscal\u00eda General de la Naci\u00f3n<\/title>\n<meta name=\"description\" content=\"P\u00e1gina oficial de la Fiscal\u00eda General de la Naci\u00f3n \u2013 Colombia. Garantizamos el acceso efectivo a la justicia, la verdad y la reparaci\u00f3n de las v\u00edctimas de los delitos.\" \/>\n<meta name=\"robots\" content=\"noindex, follow\" \/>\n<meta property=\"og:locale\" content=\"es_ES\" \/>\n<meta property=\"og:type\" content=\"article\" \/>\n<meta property=\"og:title\" content=\"Fiscal\u00eda General de la Naci\u00f3n\" \/>\n<meta property=\"og:description\" content=\"P\u00e1gina oficial de la Fiscal\u00eda General de la Naci\u00f3n \u2013 Colombia. Garantizamos el acceso efectivo a la justicia, la verdad y la reparaci\u00f3n de las v\u00edctimas de los delitos.\" \/>\n<meta property=\"og:url\" content=\"https:\/\/www.fiscalia.gov.co\/colombia\/noticias\/una-mujer-fue-condenada-a-mas-de-39-anos-de-prision-por-el-homicidio-de-su-mama\/\" \/>\n<meta property=\"og:site_name\" content=\"Fiscal\u00eda General de la Naci\u00f3n\" \/>\n<meta property=\"article:publisher\" content=\"https:\/\/www.facebook.com\/FiscaliaCol\" \/>\n<meta property=\"article:published_time\" content=\"2024-02-26T15:51:46+00:00\" \/>\n<meta property=\"article:modified_time\" content=\"2024-03-06T20:55:07+00:00\" \/>\n<meta name=\"author\" content=\"Jordan Leandro Oviedo Anzola\" \/>\n<meta name=\"twitter:card\" content=\"summary_large_image\" \/>\n<meta name=\"twitter:creator\" content=\"@FiscaliaCol\" \/>\n<meta name=\"twitter:site\" content=\"@FiscaliaCol\" \/>\n<meta name=\"twitter:label1\" content=\"Escrito por\" \/>\n\t<meta name=\"twitter:data1\" content=\"Jordan Leandro Oviedo Anzola\" \/>\n\t<meta name=\"twitter:label2\" content=\"Tiempo de lectura\" \/>\n\t<meta name=\"twitter:data2\" content=\"3 minutos\" \/>\n<script type=\"application\/ld+json\" class=\"yoast-schema-graph\">{\"@context\":\"https:\/\/schema.org\",\"@graph\":[{\"@type\":\"Article\",\"@id\":\"https:\/\/www.fiscalia.gov.co\/colombia\/noticias\/una-mujer-fue-condenada-a-mas-de-39-anos-de-prision-por-el-homicidio-de-su-mama\/#article\",\"isPartOf\":{\"@id\":\"https:\/\/www.fiscalia.gov.co\/colombia\/noticias\/una-mujer-fue-condenada-a-mas-de-39-anos-de-prision-por-el-homicidio-de-su-mama\/\"},\"author\":{\"name\":\"Jordan Leandro Oviedo Anzola\",\"@id\":\"https:\/\/www.fiscalia.gov.co\/colombia\/#\/schema\/person\/bf84402cf293a5393e9c70b111020b24\"},\"headline\":\"Una mujer fue condenada a m\u00e1s de 39 a\u00f1os de prisi\u00f3n por el homicidio de su mam\u00e1\",\"datePublished\":\"2024-02-26T15:51:46+00:00\",\"dateModified\":\"2024-03-06T20:55:07+00:00\",\"mainEntityOfPage\":{\"@id\":\"https:\/\/www.fiscalia.gov.co\/colombia\/noticias\/una-mujer-fue-condenada-a-mas-de-39-anos-de-prision-por-el-homicidio-de-su-mama\/\"},\"wordCount\":553,\"publisher\":{\"@id\":\"https:\/\/www.fiscalia.gov.co\/colombia\/#organization\"},\"keywords\":[\"39 a\u00f1os 9 meses de prisi\u00f3n\",\"agredida por su yerno\",\"apoderarse de sus bienes\",\"fiscal mancera\",\"fiscal martha mancera\",\"homicidio de su mam\u00e1\",\"Martha Mancera\",\"sicario le dispar\u00f3\",\"Villavicencio (Meta)\"],\"articleSection\":[\"Noticias\",\"Seccional Villavicencio\",\"Seccionales\",\"Seguridad territorial\"],\"inLanguage\":\"es-CO\"},{\"@type\":\"WebPage\",\"@id\":\"https:\/\/www.fiscalia.gov.co\/colombia\/noticias\/una-mujer-fue-condenada-a-mas-de-39-anos-de-prision-por-el-homicidio-de-su-mama\/\",\"url\":\"https:\/\/www.fiscalia.gov.co\/colombia\/noticias\/una-mujer-fue-condenada-a-mas-de-39-anos-de-prision-por-el-homicidio-de-su-mama\/\",\"name\":\"Fiscal\u00eda General de la Naci\u00f3n\",\"isPartOf\":{\"@id\":\"https:\/\/www.fiscalia.gov.co\/colombia\/#website\"},\"datePublished\":\"2024-02-26T15:51:46+00:00\",\"dateModified\":\"2024-03-06T20:55:07+00:00\",\"description\":\"P\u00e1gina oficial de la Fiscal\u00eda General de la Naci\u00f3n \u2013 Colombia. Garantizamos el acceso efectivo a la justicia, la verdad y la reparaci\u00f3n de las v\u00edctimas de los delitos.\",\"breadcrumb\":{\"@id\":\"https:\/\/www.fiscalia.gov.co\/colombia\/noticias\/una-mujer-fue-condenada-a-mas-de-39-anos-de-prision-por-el-homicidio-de-su-mama\/#breadcrumb\"},\"inLanguage\":\"es-CO\",\"potentialAction\":[{\"@type\":\"ReadAction\",\"target\":[\"https:\/\/www.fiscalia.gov.co\/colombia\/noticias\/una-mujer-fue-condenada-a-mas-de-39-anos-de-prision-por-el-homicidio-de-su-mama\/\"]}]},{\"@type\":\"BreadcrumbList\",\"@id\":\"https:\/\/www.fiscalia.gov.co\/colombia\/noticias\/una-mujer-fue-condenada-a-mas-de-39-anos-de-prision-por-el-homicidio-de-su-mama\/#breadcrumb\",\"itemListElement\":[{\"@type\":\"ListItem\",\"position\":1,\"name\":\"Home\",\"item\":\"https:\/\/www.fiscalia.gov.co\/colombia\/\"},{\"@type\":\"ListItem\",\"position\":2,\"name\":\"Una mujer fue condenada a m\u00e1s de 39 a\u00f1os de prisi\u00f3n por el homicidio de su mam\u00e1\"}]},{\"@type\":\"WebSite\",\"@id\":\"https:\/\/www.fiscalia.gov.co\/colombia\/#website\",\"url\":\"https:\/\/www.fiscalia.gov.co\/colombia\/\",\"name\":\"Fiscal\u00eda General de la Naci\u00f3n\",\"description\":\"P\u00e1gina oficial de la Fiscal\u00eda General de la Naci\u00f3n \u2013 Colombia. Garantizamos el acceso efectivo a la justicia, la verdad y la reparaci\u00f3n de las v\u00edctimas de los delitos.\",\"publisher\":{\"@id\":\"https:\/\/www.fiscalia.gov.co\/colombia\/#organization\"},\"potentialAction\":[{\"@type\":\"SearchAction\",\"target\":{\"@type\":\"EntryPoint\",\"urlTemplate\":\"https:\/\/www.fiscalia.gov.co\/colombia\/?s={search_term_string}\"},\"query-input\":{\"@type\":\"PropertyValueSpecification\",\"valueRequired\":true,\"valueName\":\"search_term_string\"}}],\"inLanguage\":\"es-CO\"},{\"@type\":\"Organization\",\"@id\":\"https:\/\/www.fiscalia.gov.co\/colombia\/#organization\",\"name\":\"Fiscal\u00eda General de la Naci\u00f3n\",\"url\":\"https:\/\/www.fiscalia.gov.co\/colombia\/\",\"logo\":{\"@type\":\"ImageObject\",\"inLanguage\":\"es-CO\",\"@id\":\"https:\/\/www.fiscalia.gov.co\/colombia\/#\/schema\/logo\/image\/\",\"url\":\"https:\/\/www.fiscalia.gov.co\/colombia\/wp-content\/uploads\/LogoHorizontal_1.jpg\",\"contentUrl\":\"https:\/\/www.fiscalia.gov.co\/colombia\/wp-content\/uploads\/LogoHorizontal_1.jpg\",\"width\":300,\"height\":90,\"caption\":\"Fiscal\u00eda General de la Naci\u00f3n\"},\"image\":{\"@id\":\"https:\/\/www.fiscalia.gov.co\/colombia\/#\/schema\/logo\/image\/\"},\"sameAs\":[\"https:\/\/www.facebook.com\/FiscaliaCol\",\"https:\/\/x.com\/FiscaliaCol\",\"https:\/\/www.instagram.com\/fiscaliacol\",\"https:\/\/www.linkedin.com\/company\/fiscalia-general-de-la-naci-n\/\",\"https:\/\/youtube.com\/@fiscaliageneraldelanacion-4668?si=6nN79nyQICPU5iTh\"]},{\"@type\":\"Person\",\"@id\":\"https:\/\/www.fiscalia.gov.co\/colombia\/#\/schema\/person\/bf84402cf293a5393e9c70b111020b24\",\"name\":\"Jordan Leandro Oviedo Anzola\",\"image\":{\"@type\":\"ImageObject\",\"inLanguage\":\"es-CO\",\"@id\":\"https:\/\/www.fiscalia.gov.co\/colombia\/#\/schema\/person\/image\/\",\"url\":\"https:\/\/secure.gravatar.com\/avatar\/dabba4346fa9b9207d96adafa8f92721?s=96&d=mm&r=g\",\"contentUrl\":\"https:\/\/secure.gravatar.com\/avatar\/dabba4346fa9b9207d96adafa8f92721?s=96&d=mm&r=g\",\"caption\":\"Jordan Leandro Oviedo Anzola\"},\"url\":\"https:\/\/www.fiscalia.gov.co\/colombia\/author\/joviedo\/\"}]}<\/script>\n<!-- \/ Yoast SEO plugin. -->","yoast_head_json":{"title":"Fiscal\u00eda General de la Naci\u00f3n","description":"P\u00e1gina oficial de la Fiscal\u00eda General de la Naci\u00f3n \u2013 Colombia. Garantizamos el acceso efectivo a la justicia, la verdad y la reparaci\u00f3n de las v\u00edctimas de los delitos.","robots":{"index":"noindex","follow":"follow"},"og_locale":"es_ES","og_type":"article","og_title":"Fiscal\u00eda General de la Naci\u00f3n","og_description":"P\u00e1gina oficial de la Fiscal\u00eda General de la Naci\u00f3n \u2013 Colombia. Garantizamos el acceso efectivo a la justicia, la verdad y la reparaci\u00f3n de las v\u00edctimas de los delitos.","og_url":"https:\/\/www.fiscalia.gov.co\/colombia\/noticias\/una-mujer-fue-condenada-a-mas-de-39-anos-de-prision-por-el-homicidio-de-su-mama\/","og_site_name":"Fiscal\u00eda General de la Naci\u00f3n","article_publisher":"https:\/\/www.facebook.com\/FiscaliaCol","article_published_time":"2024-02-26T15:51:46+00:00","article_modified_time":"2024-03-06T20:55:07+00:00","author":"Jordan Leandro Oviedo Anzola","twitter_card":"summary_large_image","twitter_creator":"@FiscaliaCol","twitter_site":"@FiscaliaCol","twitter_misc":{"Escrito por":"Jordan Leandro Oviedo Anzola","Tiempo de lectura":"3 minutos"},"schema":{"@context":"https:\/\/schema.org","@graph":[{"@type":"Article","@id":"https:\/\/www.fiscalia.gov.co\/colombia\/noticias\/una-mujer-fue-condenada-a-mas-de-39-anos-de-prision-por-el-homicidio-de-su-mama\/#article","isPartOf":{"@id":"https:\/\/www.fiscalia.gov.co\/colombia\/noticias\/una-mujer-fue-condenada-a-mas-de-39-anos-de-prision-por-el-homicidio-de-su-mama\/"},"author":{"name":"Jordan Leandro Oviedo Anzola","@id":"https:\/\/www.fiscalia.gov.co\/colombia\/#\/schema\/person\/bf84402cf293a5393e9c70b111020b24"},"headline":"Una mujer fue condenada a m\u00e1s de 39 a\u00f1os de prisi\u00f3n por el homicidio de su mam\u00e1","datePublished":"2024-02-26T15:51:46+00:00","dateModified":"2024-03-06T20:55:07+00:00","mainEntityOfPage":{"@id":"https:\/\/www.fiscalia.gov.co\/colombia\/noticias\/una-mujer-fue-condenada-a-mas-de-39-anos-de-prision-por-el-homicidio-de-su-mama\/"},"wordCount":553,"publisher":{"@id":"https:\/\/www.fiscalia.gov.co\/colombia\/#organization"},"keywords":["39 a\u00f1os 9 meses de prisi\u00f3n","agredida por su yerno","apoderarse de sus bienes","fiscal mancera","fiscal martha mancera","homicidio de su mam\u00e1","Martha Mancera","sicario le dispar\u00f3","Villavicencio (Meta)"],"articleSection":["Noticias","Seccional Villavicencio","Seccionales","Seguridad territorial"],"inLanguage":"es-CO"},{"@type":"WebPage","@id":"https:\/\/www.fiscalia.gov.co\/colombia\/noticias\/una-mujer-fue-condenada-a-mas-de-39-anos-de-prision-por-el-homicidio-de-su-mama\/","url":"https:\/\/www.fiscalia.gov.co\/colombia\/noticias\/una-mujer-fue-condenada-a-mas-de-39-anos-de-prision-por-el-homicidio-de-su-mama\/","name":"Fiscal\u00eda General de la Naci\u00f3n","isPartOf":{"@id":"https:\/\/www.fiscalia.gov.co\/colombia\/#website"},"datePublished":"2024-02-26T15:51:46+00:00","dateModified":"2024-03-06T20:55:07+00:00","description":"P\u00e1gina oficial de la Fiscal\u00eda General de la Naci\u00f3n \u2013 Colombia. Garantizamos el acceso efectivo a la justicia, la verdad y la reparaci\u00f3n de las v\u00edctimas de los delitos.","breadcrumb":{"@id":"https:\/\/www.fiscalia.gov.co\/colombia\/noticias\/una-mujer-fue-condenada-a-mas-de-39-anos-de-prision-por-el-homicidio-de-su-mama\/#breadcrumb"},"inLanguage":"es-CO","potentialAction":[{"@type":"ReadAction","target":["https:\/\/www.fiscalia.gov.co\/colombia\/noticias\/una-mujer-fue-condenada-a-mas-de-39-anos-de-prision-por-el-homicidio-de-su-mama\/"]}]},{"@type":"BreadcrumbList","@id":"https:\/\/www.fiscalia.gov.co\/colombia\/noticias\/una-mujer-fue-condenada-a-mas-de-39-anos-de-prision-por-el-homicidio-de-su-mama\/#breadcrumb","itemListElement":[{"@type":"ListItem","position":1,"name":"Home","item":"https:\/\/www.fiscalia.gov.co\/colombia\/"},{"@type":"ListItem","position":2,"name":"Una mujer fue condenada a m\u00e1s de 39 a\u00f1os de prisi\u00f3n por el homicidio de su mam\u00e1"}]},{"@type":"WebSite","@id":"https:\/\/www.fiscalia.gov.co\/colombia\/#website","url":"https:\/\/www.fiscalia.gov.co\/colombia\/","name":"Fiscal\u00eda General de la Naci\u00f3n","description":"P\u00e1gina oficial de la Fiscal\u00eda General de la Naci\u00f3n \u2013 Colombia. Garantizamos el acceso efectivo a la justicia, la verdad y la reparaci\u00f3n de las v\u00edctimas de los delitos.","publisher":{"@id":"https:\/\/www.fiscalia.gov.co\/colombia\/#organization"},"potentialAction":[{"@type":"SearchAction","target":{"@type":"EntryPoint","urlTemplate":"https:\/\/www.fiscalia.gov.co\/colombia\/?s={search_term_string}"},"query-input":{"@type":"PropertyValueSpecification","valueRequired":true,"valueName":"search_term_string"}}],"inLanguage":"es-CO"},{"@type":"Organization","@id":"https:\/\/www.fiscalia.gov.co\/colombia\/#organization","name":"Fiscal\u00eda General de la Naci\u00f3n","url":"https:\/\/www.fiscalia.gov.co\/colombia\/","logo":{"@type":"ImageObject","inLanguage":"es-CO","@id":"https:\/\/www.fiscalia.gov.co\/colombia\/#\/schema\/logo\/image\/","url":"https:\/\/www.fiscalia.gov.co\/colombia\/wp-content\/uploads\/LogoHorizontal_1.jpg","contentUrl":"https:\/\/www.fiscalia.gov.co\/colombia\/wp-content\/uploads\/LogoHorizontal_1.jpg","width":300,"height":90,"caption":"Fiscal\u00eda General de la Naci\u00f3n"},"image":{"@id":"https:\/\/www.fiscalia.gov.co\/colombia\/#\/schema\/logo\/image\/"},"sameAs":["https:\/\/www.facebook.com\/FiscaliaCol","https:\/\/x.com\/FiscaliaCol","https:\/\/www.instagram.com\/fiscaliacol","https:\/\/www.linkedin.com\/company\/fiscalia-general-de-la-naci-n\/","https:\/\/youtube.com\/@fiscaliageneraldelanacion-4668?si=6nN79nyQICPU5iTh"]},{"@type":"Person","@id":"https:\/\/www.fiscalia.gov.co\/colombia\/#\/schema\/person\/bf84402cf293a5393e9c70b111020b24","name":"Jordan Leandro Oviedo Anzola","image":{"@type":"ImageObject","inLanguage":"es-CO","@id":"https:\/\/www.fiscalia.gov.co\/colombia\/#\/schema\/person\/image\/","url":"https:\/\/secure.gravatar.com\/avatar\/dabba4346fa9b9207d96adafa8f92721?s=96&d=mm&r=g","contentUrl":"https:\/\/secure.gravatar.com\/avatar\/dabba4346fa9b9207d96adafa8f92721?s=96&d=mm&r=g","caption":"Jordan Leandro Oviedo Anzola"},"url":"https:\/\/www.fiscalia.gov.co\/colombia\/author\/joviedo\/"}]}},"_links":{"self":[{"href":"https:\/\/www.fiscalia.gov.co\/colombia\/wp-json\/wp\/v2\/posts\/289124","targetHints":{"allow":["GET"]}}],"collection":[{"href":"https:\/\/www.fiscalia.gov.co\/colombia\/wp-json\/wp\/v2\/posts"}],"about":[{"href":"https:\/\/www.fiscalia.gov.co\/colombia\/wp-json\/wp\/v2\/types\/post"}],"author":[{"embeddable":true,"href":"https:\/\/www.fiscalia.gov.co\/colombia\/wp-json\/wp\/v2\/users\/177"}],"replies":[{"embeddable":true,"href":"https:\/\/www.fiscalia.gov.co\/colombia\/wp-json\/wp\/v2\/comments?post=289124"}],"version-history":[{"count":1,"href":"https:\/\/www.fiscalia.gov.co\/colombia\/wp-json\/wp\/v2\/posts\/289124\/revisions"}],"predecessor-version":[{"id":289125,"href":"https:\/\/www.fiscalia.gov.co\/colombia\/wp-json\/wp\/v2\/posts\/289124\/revisions\/289125"}],"wp:attachment":[{"href":"https:\/\/www.fiscalia.gov.co\/colombia\/wp-json\/wp\/v2\/media?parent=289124"}],"wp:term":[{"taxonomy":"category","embeddable":true,"href":"https:\/\/www.fiscalia.gov.co\/colombia\/wp-json\/wp\/v2\/categories?post=289124"},{"taxonomy":"post_tag","embeddable":true,"href":"https:\/\/www.fiscalia.gov.co\/colombia\/wp-json\/wp\/v2\/tags?post=289124"}],"curies":[{"name":"wp","href":"https:\/\/api.w.org\/{rel}","templated":true}]}}