{"id":288974,"date":"2024-02-22T17:22:04","date_gmt":"2024-02-22T22:22:04","guid":{"rendered":"https:\/\/www.fiscalia.gov.co\/colombia\/?p=288974"},"modified":"2024-02-22T17:42:59","modified_gmt":"2024-02-22T22:42:59","slug":"aseguradas-tres-personas-presuntamente-responsables-de-homicidios-registrados-en-atlantico","status":"publish","type":"post","link":"https:\/\/www.fiscalia.gov.co\/colombia\/noticias\/aseguradas-tres-personas-presuntamente-responsables-de-homicidios-registrados-en-atlantico\/","title":{"rendered":"Aseguradas tres personas presuntamente responsables de homicidios registrados en Atl\u00e1ntico"},"content":{"rendered":"<p>Por solicitud de fiscales adscritos a la Seccional Atl\u00e1ntico, jueces de control de garant\u00edas aseguraron en centro carcelario a tres personas presuntamente implicadas en homicidios registrados en Barranquilla y su \u00e1rea metropolitana.<\/p>\n<figure id=\"attachment_288977\" aria-describedby=\"caption-attachment-288977\" style=\"width: 300px\" class=\"wp-caption aligncenter\"><img loading=\"lazy\" decoding=\"async\" class=\"size-medium wp-image-288977\" src=\"https:\/\/www.fiscalia.gov.co\/colombia\/wp-content\/uploads\/c2a32f88-5086-4baf-9b33-a98260a7e000-300x225.jpeg\" alt=\"Funcionarios adscritos a la Polic\u00eda Naciona custodian a los capturados presuntamente implicados en homicidios registrados en Atl\u00e1ntico. \" width=\"300\" height=\"225\" srcset=\"https:\/\/www.fiscalia.gov.co\/colombia\/wp-content\/uploads\/c2a32f88-5086-4baf-9b33-a98260a7e000-300x225.jpeg 300w, https:\/\/www.fiscalia.gov.co\/colombia\/wp-content\/uploads\/c2a32f88-5086-4baf-9b33-a98260a7e000-560x420.jpeg 560w, https:\/\/www.fiscalia.gov.co\/colombia\/wp-content\/uploads\/c2a32f88-5086-4baf-9b33-a98260a7e000-80x60.jpeg 80w, https:\/\/www.fiscalia.gov.co\/colombia\/wp-content\/uploads\/c2a32f88-5086-4baf-9b33-a98260a7e000-265x198.jpeg 265w, https:\/\/www.fiscalia.gov.co\/colombia\/wp-content\/uploads\/c2a32f88-5086-4baf-9b33-a98260a7e000.jpeg 675w\" sizes=\"auto, (max-width: 300px) 100vw, 300px\" \/><figcaption id=\"caption-attachment-288977\" class=\"wp-caption-text\">Tres personas presuntamente implicadas en homicidios registrados en Atl\u00e1ntico fueron enviadas a la c\u00e1rcel.<\/figcaption><\/figure>\n<p>Estas acciones se logran de acuerdo al compromiso adquirido por la Fiscal General de la Naci\u00f3n (e), Martha Janeth Mancera, de esclarecer los delitos que afectan la seguridad ciudadana.<\/p>\n<figure id=\"attachment_288978\" aria-describedby=\"caption-attachment-288978\" style=\"width: 227px\" class=\"wp-caption aligncenter\"><img loading=\"lazy\" decoding=\"async\" class=\"size-medium wp-image-288978\" src=\"https:\/\/www.fiscalia.gov.co\/colombia\/wp-content\/uploads\/f4a48331-ca29-4da9-8773-5b3a0dbbfc55-227x300.jpeg\" alt=\"Funcionarios adscritos a la Polic\u00eda Naciona custodian a los capturados presuntamente implicados en homicidios registrados en Atl\u00e1ntico.\" width=\"227\" height=\"300\" srcset=\"https:\/\/www.fiscalia.gov.co\/colombia\/wp-content\/uploads\/f4a48331-ca29-4da9-8773-5b3a0dbbfc55-227x300.jpeg 227w, https:\/\/www.fiscalia.gov.co\/colombia\/wp-content\/uploads\/f4a48331-ca29-4da9-8773-5b3a0dbbfc55-318x420.jpeg 318w, https:\/\/www.fiscalia.gov.co\/colombia\/wp-content\/uploads\/f4a48331-ca29-4da9-8773-5b3a0dbbfc55.jpeg 664w\" sizes=\"auto, (max-width: 227px) 100vw, 227px\" \/><figcaption id=\"caption-attachment-288978\" class=\"wp-caption-text\">Tres personas presuntamente implicadas en homicidios registrados en Atl\u00e1ntico fueron enviadas a la c\u00e1rcel<\/figcaption><\/figure>\n<p>El primer caso se registr\u00f3 el 23 de octubre de 2023 cuando Jes\u00fas David Ahumada Licona, alias Mahoma, habr\u00eda disparado en dos oportunidades contra un hombre de 57 a\u00f1os, quien muri\u00f3 en el lugar de los hechos.<\/p>\n<p>Tras cometer el crimen el presunto atacante, de 26 a\u00f1os, huy\u00f3 en una motocicleta. Luego de ser capturado el hombre fue judicializado como posible responsable de los delitos homicidio agravado y porte ilegal de armas de fuego, los cuales no acept\u00f3.<\/p>\n<p>El segundo hecho ocurri\u00f3 el pasado 29 de enero cuando Jes\u00fas David Vel\u00e1squez Monterrosa y Jair Yesit Vel\u00e1squez Monterrosa de 21 y 27 a\u00f1os, respectivamente, habr\u00edan agredido con un arma cortopunzante a un hombre que transitaba por el barrio San Jos\u00e9.<\/p>\n<p>Los dos presuntos agresores intentaron refugiarse en una vivienda, pero fueron capturados por la Polic\u00eda Nacional. La v\u00edctima sufri\u00f3 m\u00faltiples heridas que le causaron la muerte, a pesar de haber sido trasladado a un centro m\u00e9dico. La Fiscal\u00eda imput\u00f3 a estas dos personas el delito de homicidio agravado. El cargo no fue aceptado.<\/p>\n<p>Esta informaci\u00f3n se publica por razones de inter\u00e9s general.<\/p>\n<p><strong>La Fiscal\u00eda habla con resultados.<\/strong><\/p>\n<p>&nbsp;<\/p>\n<p>&nbsp;<\/p>\n<p>SKCR\/MAGA\/AN\/ECHP\/DSA<\/p>\n<p>&nbsp;<\/p>\n<p>&nbsp;<\/p>\n<p><em>La informaci\u00f3n contenida en este bolet\u00edn de prensa corresponde a la narraci\u00f3n de los hechos noticiosos objetivos, suministrados por los funcionarios encargados de adelantar las investigaciones penales al interior de la Fiscal\u00eda General de la Naci\u00f3n. Para el momento de la divulgaci\u00f3n de este comunicado, la situaci\u00f3n jur\u00eddica de la(s) persona(s) relacionada(s) se encuentra pendiente de resolver por la autoridad judicial competente, siempre bajo los preceptos de la presunci\u00f3n de inocencia, consagrados en el art\u00edculo 29 de la Constituci\u00f3n Pol\u00edtica y el art\u00edculo 7\u00ba de la Ley 906 de 2004.<\/em><\/p>\n\n<div class=\"twitter-share\"><a href=\"https:\/\/twitter.com\/intent\/tweet?via=fiscaliacol\" class=\"twitter-share-button\">Tweet<\/a><\/div>\n","protected":false},"excerpt":{"rendered":"<p>Por solicitud de fiscales adscritos a la Seccional Atl\u00e1ntico, jueces de control de garant\u00edas aseguraron en centro carcelario a tres personas presuntamente implicadas en homicidios registrados en Barranquilla y su \u00e1rea metropolitana. Estas acciones se logran de acuerdo al compromiso adquirido por la Fiscal General de la Naci\u00f3n (e), Martha Janeth Mancera, de esclarecer los [&hellip;]<\/p>\n","protected":false},"author":179,"featured_media":0,"comment_status":"closed","ping_status":"open","sticky":false,"template":"","format":"standard","meta":{"_price":"","_stock":"","_tribe_ticket_header":"","_tribe_default_ticket_provider":"","_tribe_ticket_capacity":"0","_ticket_start_date":"","_ticket_end_date":"","_tribe_ticket_show_description":"","_tribe_ticket_show_not_going":false,"_tribe_ticket_use_global_stock":"","_tribe_ticket_global_stock_level":"","_global_stock_mode":"","_global_stock_cap":"","_tribe_rsvp_for_event":"","_tribe_ticket_going_count":"","_tribe_ticket_not_going_count":"","_tribe_tickets_list":"[]","_tribe_ticket_has_attendee_info_fields":false,"tdm_status":"","tdm_grid_status":"","footnotes":""},"categories":[1,320,303,24099],"tags":[5180,24257,12163,30418,25181,32525,27281,5187,26005,15408,27199,31619,23970],"class_list":{"0":"post-288974","1":"post","2":"type-post","3":"status-publish","4":"format-standard","6":"category-noticias","7":"category-seccional-barranquilla","8":"category-seccionales","9":"category-seguridad-territorial","10":"tag-arma-blanca","11":"tag-arma-cortopunzante","12":"tag-arma-de-fuego","13":"tag-asesinatos","14":"tag-crimenes","15":"tag-dos-homicidios","16":"tag-hombres","17":"tag-homicidios","18":"tag-objeto-contundente","19":"tag-personas","20":"tag-seccional-atlantico","21":"tag-tres-personas","22":"tag-victimas"},"yoast_head":"<!-- This site is optimized with the Yoast SEO plugin v24.3 - https:\/\/yoast.com\/wordpress\/plugins\/seo\/ -->\n<title>Fiscal\u00eda General de la Naci\u00f3n<\/title>\n<meta name=\"description\" content=\"P\u00e1gina oficial de la Fiscal\u00eda General de la Naci\u00f3n \u2013 Colombia. Garantizamos el acceso efectivo a la justicia, la verdad y la reparaci\u00f3n de las v\u00edctimas de los delitos.\" \/>\n<meta name=\"robots\" content=\"noindex, follow\" \/>\n<meta property=\"og:locale\" content=\"es_ES\" \/>\n<meta property=\"og:type\" content=\"article\" \/>\n<meta property=\"og:title\" content=\"Fiscal\u00eda General de la Naci\u00f3n\" \/>\n<meta property=\"og:description\" content=\"P\u00e1gina oficial de la Fiscal\u00eda General de la Naci\u00f3n \u2013 Colombia. Garantizamos el acceso efectivo a la justicia, la verdad y la reparaci\u00f3n de las v\u00edctimas de los delitos.\" \/>\n<meta property=\"og:url\" content=\"https:\/\/www.fiscalia.gov.co\/colombia\/noticias\/aseguradas-tres-personas-presuntamente-responsables-de-homicidios-registrados-en-atlantico\/\" \/>\n<meta property=\"og:site_name\" content=\"Fiscal\u00eda General de la Naci\u00f3n\" \/>\n<meta property=\"article:publisher\" content=\"https:\/\/www.facebook.com\/FiscaliaCol\" \/>\n<meta property=\"article:published_time\" content=\"2024-02-22T22:22:04+00:00\" \/>\n<meta property=\"article:modified_time\" content=\"2024-02-22T22:42:59+00:00\" \/>\n<meta property=\"og:image\" content=\"https:\/\/www.fiscalia.gov.co\/colombia\/wp-content\/uploads\/c2a32f88-5086-4baf-9b33-a98260a7e000-300x225.jpeg\" \/>\n<meta name=\"author\" content=\"Lesly Katherine Segura Camargo.\" \/>\n<meta name=\"twitter:card\" content=\"summary_large_image\" \/>\n<meta name=\"twitter:creator\" content=\"@FiscaliaCol\" \/>\n<meta name=\"twitter:site\" content=\"@FiscaliaCol\" \/>\n<meta name=\"twitter:label1\" content=\"Escrito por\" \/>\n\t<meta name=\"twitter:data1\" content=\"Lesly Katherine Segura Camargo.\" \/>\n\t<meta name=\"twitter:label2\" content=\"Tiempo de lectura\" \/>\n\t<meta name=\"twitter:data2\" content=\"3 minutos\" \/>\n<script type=\"application\/ld+json\" class=\"yoast-schema-graph\">{\"@context\":\"https:\/\/schema.org\",\"@graph\":[{\"@type\":\"Article\",\"@id\":\"https:\/\/www.fiscalia.gov.co\/colombia\/noticias\/aseguradas-tres-personas-presuntamente-responsables-de-homicidios-registrados-en-atlantico\/#article\",\"isPartOf\":{\"@id\":\"https:\/\/www.fiscalia.gov.co\/colombia\/noticias\/aseguradas-tres-personas-presuntamente-responsables-de-homicidios-registrados-en-atlantico\/\"},\"author\":{\"name\":\"Lesly Katherine Segura Camargo.\",\"@id\":\"https:\/\/www.fiscalia.gov.co\/colombia\/#\/schema\/person\/6be81acb78add0abcbda2c598c1d53e1\"},\"headline\":\"Aseguradas tres personas presuntamente responsables de homicidios registrados en Atl\u00e1ntico\",\"datePublished\":\"2024-02-22T22:22:04+00:00\",\"dateModified\":\"2024-02-22T22:42:59+00:00\",\"mainEntityOfPage\":{\"@id\":\"https:\/\/www.fiscalia.gov.co\/colombia\/noticias\/aseguradas-tres-personas-presuntamente-responsables-de-homicidios-registrados-en-atlantico\/\"},\"wordCount\":428,\"publisher\":{\"@id\":\"https:\/\/www.fiscalia.gov.co\/colombia\/#organization\"},\"image\":{\"@id\":\"https:\/\/www.fiscalia.gov.co\/colombia\/noticias\/aseguradas-tres-personas-presuntamente-responsables-de-homicidios-registrados-en-atlantico\/#primaryimage\"},\"thumbnailUrl\":\"https:\/\/www.fiscalia.gov.co\/colombia\/wp-content\/uploads\/c2a32f88-5086-4baf-9b33-a98260a7e000-300x225.jpeg\",\"keywords\":[\"Arma Blanca\",\"arma cortopunzante\",\"Arma de fuego\",\"asesinatos\",\"crimenes\",\"dos homicidios\",\"hombres\",\"Homicidios\",\"objeto contundente\",\"Personas\",\"Seccional Atl\u00e1ntico\",\"tres personas\",\"V\u00edctimas\"],\"articleSection\":[\"Noticias\",\"Seccional Barranquilla\",\"Seccionales\",\"Seguridad territorial\"],\"inLanguage\":\"es-CO\"},{\"@type\":\"WebPage\",\"@id\":\"https:\/\/www.fiscalia.gov.co\/colombia\/noticias\/aseguradas-tres-personas-presuntamente-responsables-de-homicidios-registrados-en-atlantico\/\",\"url\":\"https:\/\/www.fiscalia.gov.co\/colombia\/noticias\/aseguradas-tres-personas-presuntamente-responsables-de-homicidios-registrados-en-atlantico\/\",\"name\":\"Fiscal\u00eda General de la Naci\u00f3n\",\"isPartOf\":{\"@id\":\"https:\/\/www.fiscalia.gov.co\/colombia\/#website\"},\"primaryImageOfPage\":{\"@id\":\"https:\/\/www.fiscalia.gov.co\/colombia\/noticias\/aseguradas-tres-personas-presuntamente-responsables-de-homicidios-registrados-en-atlantico\/#primaryimage\"},\"image\":{\"@id\":\"https:\/\/www.fiscalia.gov.co\/colombia\/noticias\/aseguradas-tres-personas-presuntamente-responsables-de-homicidios-registrados-en-atlantico\/#primaryimage\"},\"thumbnailUrl\":\"https:\/\/www.fiscalia.gov.co\/colombia\/wp-content\/uploads\/c2a32f88-5086-4baf-9b33-a98260a7e000-300x225.jpeg\",\"datePublished\":\"2024-02-22T22:22:04+00:00\",\"dateModified\":\"2024-02-22T22:42:59+00:00\",\"description\":\"P\u00e1gina oficial de la Fiscal\u00eda General de la Naci\u00f3n \u2013 Colombia. Garantizamos el acceso efectivo a la justicia, la verdad y la reparaci\u00f3n de las v\u00edctimas de los delitos.\",\"breadcrumb\":{\"@id\":\"https:\/\/www.fiscalia.gov.co\/colombia\/noticias\/aseguradas-tres-personas-presuntamente-responsables-de-homicidios-registrados-en-atlantico\/#breadcrumb\"},\"inLanguage\":\"es-CO\",\"potentialAction\":[{\"@type\":\"ReadAction\",\"target\":[\"https:\/\/www.fiscalia.gov.co\/colombia\/noticias\/aseguradas-tres-personas-presuntamente-responsables-de-homicidios-registrados-en-atlantico\/\"]}]},{\"@type\":\"ImageObject\",\"inLanguage\":\"es-CO\",\"@id\":\"https:\/\/www.fiscalia.gov.co\/colombia\/noticias\/aseguradas-tres-personas-presuntamente-responsables-de-homicidios-registrados-en-atlantico\/#primaryimage\",\"url\":\"https:\/\/www.fiscalia.gov.co\/colombia\/wp-content\/uploads\/c2a32f88-5086-4baf-9b33-a98260a7e000-300x225.jpeg\",\"contentUrl\":\"https:\/\/www.fiscalia.gov.co\/colombia\/wp-content\/uploads\/c2a32f88-5086-4baf-9b33-a98260a7e000-300x225.jpeg\"},{\"@type\":\"BreadcrumbList\",\"@id\":\"https:\/\/www.fiscalia.gov.co\/colombia\/noticias\/aseguradas-tres-personas-presuntamente-responsables-de-homicidios-registrados-en-atlantico\/#breadcrumb\",\"itemListElement\":[{\"@type\":\"ListItem\",\"position\":1,\"name\":\"Home\",\"item\":\"https:\/\/www.fiscalia.gov.co\/colombia\/\"},{\"@type\":\"ListItem\",\"position\":2,\"name\":\"Aseguradas tres personas presuntamente responsables de homicidios registrados en Atl\u00e1ntico\"}]},{\"@type\":\"WebSite\",\"@id\":\"https:\/\/www.fiscalia.gov.co\/colombia\/#website\",\"url\":\"https:\/\/www.fiscalia.gov.co\/colombia\/\",\"name\":\"Fiscal\u00eda General de la Naci\u00f3n\",\"description\":\"P\u00e1gina oficial de la Fiscal\u00eda General de la Naci\u00f3n \u2013 Colombia. Garantizamos el acceso efectivo a la justicia, la verdad y la reparaci\u00f3n de las v\u00edctimas de los delitos.\",\"publisher\":{\"@id\":\"https:\/\/www.fiscalia.gov.co\/colombia\/#organization\"},\"potentialAction\":[{\"@type\":\"SearchAction\",\"target\":{\"@type\":\"EntryPoint\",\"urlTemplate\":\"https:\/\/www.fiscalia.gov.co\/colombia\/?s={search_term_string}\"},\"query-input\":{\"@type\":\"PropertyValueSpecification\",\"valueRequired\":true,\"valueName\":\"search_term_string\"}}],\"inLanguage\":\"es-CO\"},{\"@type\":\"Organization\",\"@id\":\"https:\/\/www.fiscalia.gov.co\/colombia\/#organization\",\"name\":\"Fiscal\u00eda General de la Naci\u00f3n\",\"url\":\"https:\/\/www.fiscalia.gov.co\/colombia\/\",\"logo\":{\"@type\":\"ImageObject\",\"inLanguage\":\"es-CO\",\"@id\":\"https:\/\/www.fiscalia.gov.co\/colombia\/#\/schema\/logo\/image\/\",\"url\":\"https:\/\/www.fiscalia.gov.co\/colombia\/wp-content\/uploads\/LogoHorizontal_1.jpg\",\"contentUrl\":\"https:\/\/www.fiscalia.gov.co\/colombia\/wp-content\/uploads\/LogoHorizontal_1.jpg\",\"width\":300,\"height\":90,\"caption\":\"Fiscal\u00eda General de la Naci\u00f3n\"},\"image\":{\"@id\":\"https:\/\/www.fiscalia.gov.co\/colombia\/#\/schema\/logo\/image\/\"},\"sameAs\":[\"https:\/\/www.facebook.com\/FiscaliaCol\",\"https:\/\/x.com\/FiscaliaCol\",\"https:\/\/www.instagram.com\/fiscaliacol\",\"https:\/\/www.linkedin.com\/company\/fiscalia-general-de-la-naci-n\/\",\"https:\/\/youtube.com\/@fiscaliageneraldelanacion-4668?si=6nN79nyQICPU5iTh\"]},{\"@type\":\"Person\",\"@id\":\"https:\/\/www.fiscalia.gov.co\/colombia\/#\/schema\/person\/6be81acb78add0abcbda2c598c1d53e1\",\"name\":\"Lesly Katherine Segura Camargo.\",\"image\":{\"@type\":\"ImageObject\",\"inLanguage\":\"es-CO\",\"@id\":\"https:\/\/www.fiscalia.gov.co\/colombia\/#\/schema\/person\/image\/\",\"url\":\"https:\/\/secure.gravatar.com\/avatar\/1892091c53ef3b9c2fcb37ca6066e439?s=96&d=mm&r=g\",\"contentUrl\":\"https:\/\/secure.gravatar.com\/avatar\/1892091c53ef3b9c2fcb37ca6066e439?s=96&d=mm&r=g\",\"caption\":\"Lesly Katherine Segura Camargo.\"},\"url\":\"https:\/\/www.fiscalia.gov.co\/colombia\/author\/lesly-segura\/\"}]}<\/script>\n<!-- \/ Yoast SEO plugin. -->","yoast_head_json":{"title":"Fiscal\u00eda General de la Naci\u00f3n","description":"P\u00e1gina oficial de la Fiscal\u00eda General de la Naci\u00f3n \u2013 Colombia. Garantizamos el acceso efectivo a la justicia, la verdad y la reparaci\u00f3n de las v\u00edctimas de los delitos.","robots":{"index":"noindex","follow":"follow"},"og_locale":"es_ES","og_type":"article","og_title":"Fiscal\u00eda General de la Naci\u00f3n","og_description":"P\u00e1gina oficial de la Fiscal\u00eda General de la Naci\u00f3n \u2013 Colombia. Garantizamos el acceso efectivo a la justicia, la verdad y la reparaci\u00f3n de las v\u00edctimas de los delitos.","og_url":"https:\/\/www.fiscalia.gov.co\/colombia\/noticias\/aseguradas-tres-personas-presuntamente-responsables-de-homicidios-registrados-en-atlantico\/","og_site_name":"Fiscal\u00eda General de la Naci\u00f3n","article_publisher":"https:\/\/www.facebook.com\/FiscaliaCol","article_published_time":"2024-02-22T22:22:04+00:00","article_modified_time":"2024-02-22T22:42:59+00:00","og_image":[{"url":"https:\/\/www.fiscalia.gov.co\/colombia\/wp-content\/uploads\/c2a32f88-5086-4baf-9b33-a98260a7e000-300x225.jpeg","type":"","width":"","height":""}],"author":"Lesly Katherine Segura Camargo.","twitter_card":"summary_large_image","twitter_creator":"@FiscaliaCol","twitter_site":"@FiscaliaCol","twitter_misc":{"Escrito por":"Lesly Katherine Segura Camargo.","Tiempo de lectura":"3 minutos"},"schema":{"@context":"https:\/\/schema.org","@graph":[{"@type":"Article","@id":"https:\/\/www.fiscalia.gov.co\/colombia\/noticias\/aseguradas-tres-personas-presuntamente-responsables-de-homicidios-registrados-en-atlantico\/#article","isPartOf":{"@id":"https:\/\/www.fiscalia.gov.co\/colombia\/noticias\/aseguradas-tres-personas-presuntamente-responsables-de-homicidios-registrados-en-atlantico\/"},"author":{"name":"Lesly Katherine Segura Camargo.","@id":"https:\/\/www.fiscalia.gov.co\/colombia\/#\/schema\/person\/6be81acb78add0abcbda2c598c1d53e1"},"headline":"Aseguradas tres personas presuntamente responsables de homicidios registrados en Atl\u00e1ntico","datePublished":"2024-02-22T22:22:04+00:00","dateModified":"2024-02-22T22:42:59+00:00","mainEntityOfPage":{"@id":"https:\/\/www.fiscalia.gov.co\/colombia\/noticias\/aseguradas-tres-personas-presuntamente-responsables-de-homicidios-registrados-en-atlantico\/"},"wordCount":428,"publisher":{"@id":"https:\/\/www.fiscalia.gov.co\/colombia\/#organization"},"image":{"@id":"https:\/\/www.fiscalia.gov.co\/colombia\/noticias\/aseguradas-tres-personas-presuntamente-responsables-de-homicidios-registrados-en-atlantico\/#primaryimage"},"thumbnailUrl":"https:\/\/www.fiscalia.gov.co\/colombia\/wp-content\/uploads\/c2a32f88-5086-4baf-9b33-a98260a7e000-300x225.jpeg","keywords":["Arma Blanca","arma cortopunzante","Arma de fuego","asesinatos","crimenes","dos homicidios","hombres","Homicidios","objeto contundente","Personas","Seccional Atl\u00e1ntico","tres personas","V\u00edctimas"],"articleSection":["Noticias","Seccional Barranquilla","Seccionales","Seguridad territorial"],"inLanguage":"es-CO"},{"@type":"WebPage","@id":"https:\/\/www.fiscalia.gov.co\/colombia\/noticias\/aseguradas-tres-personas-presuntamente-responsables-de-homicidios-registrados-en-atlantico\/","url":"https:\/\/www.fiscalia.gov.co\/colombia\/noticias\/aseguradas-tres-personas-presuntamente-responsables-de-homicidios-registrados-en-atlantico\/","name":"Fiscal\u00eda General de la Naci\u00f3n","isPartOf":{"@id":"https:\/\/www.fiscalia.gov.co\/colombia\/#website"},"primaryImageOfPage":{"@id":"https:\/\/www.fiscalia.gov.co\/colombia\/noticias\/aseguradas-tres-personas-presuntamente-responsables-de-homicidios-registrados-en-atlantico\/#primaryimage"},"image":{"@id":"https:\/\/www.fiscalia.gov.co\/colombia\/noticias\/aseguradas-tres-personas-presuntamente-responsables-de-homicidios-registrados-en-atlantico\/#primaryimage"},"thumbnailUrl":"https:\/\/www.fiscalia.gov.co\/colombia\/wp-content\/uploads\/c2a32f88-5086-4baf-9b33-a98260a7e000-300x225.jpeg","datePublished":"2024-02-22T22:22:04+00:00","dateModified":"2024-02-22T22:42:59+00:00","description":"P\u00e1gina oficial de la Fiscal\u00eda General de la Naci\u00f3n \u2013 Colombia. Garantizamos el acceso efectivo a la justicia, la verdad y la reparaci\u00f3n de las v\u00edctimas de los delitos.","breadcrumb":{"@id":"https:\/\/www.fiscalia.gov.co\/colombia\/noticias\/aseguradas-tres-personas-presuntamente-responsables-de-homicidios-registrados-en-atlantico\/#breadcrumb"},"inLanguage":"es-CO","potentialAction":[{"@type":"ReadAction","target":["https:\/\/www.fiscalia.gov.co\/colombia\/noticias\/aseguradas-tres-personas-presuntamente-responsables-de-homicidios-registrados-en-atlantico\/"]}]},{"@type":"ImageObject","inLanguage":"es-CO","@id":"https:\/\/www.fiscalia.gov.co\/colombia\/noticias\/aseguradas-tres-personas-presuntamente-responsables-de-homicidios-registrados-en-atlantico\/#primaryimage","url":"https:\/\/www.fiscalia.gov.co\/colombia\/wp-content\/uploads\/c2a32f88-5086-4baf-9b33-a98260a7e000-300x225.jpeg","contentUrl":"https:\/\/www.fiscalia.gov.co\/colombia\/wp-content\/uploads\/c2a32f88-5086-4baf-9b33-a98260a7e000-300x225.jpeg"},{"@type":"BreadcrumbList","@id":"https:\/\/www.fiscalia.gov.co\/colombia\/noticias\/aseguradas-tres-personas-presuntamente-responsables-de-homicidios-registrados-en-atlantico\/#breadcrumb","itemListElement":[{"@type":"ListItem","position":1,"name":"Home","item":"https:\/\/www.fiscalia.gov.co\/colombia\/"},{"@type":"ListItem","position":2,"name":"Aseguradas tres personas presuntamente responsables de homicidios registrados en Atl\u00e1ntico"}]},{"@type":"WebSite","@id":"https:\/\/www.fiscalia.gov.co\/colombia\/#website","url":"https:\/\/www.fiscalia.gov.co\/colombia\/","name":"Fiscal\u00eda General de la Naci\u00f3n","description":"P\u00e1gina oficial de la Fiscal\u00eda General de la Naci\u00f3n \u2013 Colombia. Garantizamos el acceso efectivo a la justicia, la verdad y la reparaci\u00f3n de las v\u00edctimas de los delitos.","publisher":{"@id":"https:\/\/www.fiscalia.gov.co\/colombia\/#organization"},"potentialAction":[{"@type":"SearchAction","target":{"@type":"EntryPoint","urlTemplate":"https:\/\/www.fiscalia.gov.co\/colombia\/?s={search_term_string}"},"query-input":{"@type":"PropertyValueSpecification","valueRequired":true,"valueName":"search_term_string"}}],"inLanguage":"es-CO"},{"@type":"Organization","@id":"https:\/\/www.fiscalia.gov.co\/colombia\/#organization","name":"Fiscal\u00eda General de la Naci\u00f3n","url":"https:\/\/www.fiscalia.gov.co\/colombia\/","logo":{"@type":"ImageObject","inLanguage":"es-CO","@id":"https:\/\/www.fiscalia.gov.co\/colombia\/#\/schema\/logo\/image\/","url":"https:\/\/www.fiscalia.gov.co\/colombia\/wp-content\/uploads\/LogoHorizontal_1.jpg","contentUrl":"https:\/\/www.fiscalia.gov.co\/colombia\/wp-content\/uploads\/LogoHorizontal_1.jpg","width":300,"height":90,"caption":"Fiscal\u00eda General de la Naci\u00f3n"},"image":{"@id":"https:\/\/www.fiscalia.gov.co\/colombia\/#\/schema\/logo\/image\/"},"sameAs":["https:\/\/www.facebook.com\/FiscaliaCol","https:\/\/x.com\/FiscaliaCol","https:\/\/www.instagram.com\/fiscaliacol","https:\/\/www.linkedin.com\/company\/fiscalia-general-de-la-naci-n\/","https:\/\/youtube.com\/@fiscaliageneraldelanacion-4668?si=6nN79nyQICPU5iTh"]},{"@type":"Person","@id":"https:\/\/www.fiscalia.gov.co\/colombia\/#\/schema\/person\/6be81acb78add0abcbda2c598c1d53e1","name":"Lesly Katherine Segura Camargo.","image":{"@type":"ImageObject","inLanguage":"es-CO","@id":"https:\/\/www.fiscalia.gov.co\/colombia\/#\/schema\/person\/image\/","url":"https:\/\/secure.gravatar.com\/avatar\/1892091c53ef3b9c2fcb37ca6066e439?s=96&d=mm&r=g","contentUrl":"https:\/\/secure.gravatar.com\/avatar\/1892091c53ef3b9c2fcb37ca6066e439?s=96&d=mm&r=g","caption":"Lesly Katherine Segura Camargo."},"url":"https:\/\/www.fiscalia.gov.co\/colombia\/author\/lesly-segura\/"}]}},"_links":{"self":[{"href":"https:\/\/www.fiscalia.gov.co\/colombia\/wp-json\/wp\/v2\/posts\/288974","targetHints":{"allow":["GET"]}}],"collection":[{"href":"https:\/\/www.fiscalia.gov.co\/colombia\/wp-json\/wp\/v2\/posts"}],"about":[{"href":"https:\/\/www.fiscalia.gov.co\/colombia\/wp-json\/wp\/v2\/types\/post"}],"author":[{"embeddable":true,"href":"https:\/\/www.fiscalia.gov.co\/colombia\/wp-json\/wp\/v2\/users\/179"}],"replies":[{"embeddable":true,"href":"https:\/\/www.fiscalia.gov.co\/colombia\/wp-json\/wp\/v2\/comments?post=288974"}],"version-history":[{"count":4,"href":"https:\/\/www.fiscalia.gov.co\/colombia\/wp-json\/wp\/v2\/posts\/288974\/revisions"}],"predecessor-version":[{"id":290063,"href":"https:\/\/www.fiscalia.gov.co\/colombia\/wp-json\/wp\/v2\/posts\/288974\/revisions\/290063"}],"wp:attachment":[{"href":"https:\/\/www.fiscalia.gov.co\/colombia\/wp-json\/wp\/v2\/media?parent=288974"}],"wp:term":[{"taxonomy":"category","embeddable":true,"href":"https:\/\/www.fiscalia.gov.co\/colombia\/wp-json\/wp\/v2\/categories?post=288974"},{"taxonomy":"post_tag","embeddable":true,"href":"https:\/\/www.fiscalia.gov.co\/colombia\/wp-json\/wp\/v2\/tags?post=288974"}],"curies":[{"name":"wp","href":"https:\/\/api.w.org\/{rel}","templated":true}]}}