{"id":288946,"date":"2024-02-22T15:14:52","date_gmt":"2024-02-22T20:14:52","guid":{"rendered":"https:\/\/www.fiscalia.gov.co\/colombia\/?p=288946"},"modified":"2024-02-22T15:14:52","modified_gmt":"2024-02-22T20:14:52","slug":"presunto-integrante-de-grupo-dedicado-al-trafico-de-estupefacientes-en-caqueta-fue-privado-de-la-libertad","status":"publish","type":"post","link":"https:\/\/www.fiscalia.gov.co\/colombia\/noticias\/presunto-integrante-de-grupo-dedicado-al-trafico-de-estupefacientes-en-caqueta-fue-privado-de-la-libertad\/","title":{"rendered":"Presunto integrante de grupo dedicado al tr\u00e1fico de estupefacientes en Caquet\u00e1 fue privado de la libertad"},"content":{"rendered":"<h4><strong><em>El hombre se present\u00f3 de manera voluntaria ante las autoridades al saber que pesaba en su contra una orden de captura por tr\u00e1fico de estupefacientes y concierto para delinquir.<\/em><\/strong><\/h4>\n<p>Ruber Hoyos Gaviria fue imputado por los delitos de concierto para delinquir agravado por darse para el narcotr\u00e1fico y tr\u00e1fico, fabricaci\u00f3n o porte de estupefacientes, y fue cobijado con medida de aseguramiento domiciliaria mientras avanza la investigaci\u00f3n, que la Fiscal\u00eda a trav\u00e9s de un despacho especializado de la Seccional Caquet\u00e1 adelanta en su contra, por su presunta participaci\u00f3n en un grupo de delincuencia organizada denominado Los Audor.<\/p>\n<figure id=\"attachment_288950\" aria-describedby=\"caption-attachment-288950\" style=\"width: 300px\" class=\"wp-caption aligncenter\"><img loading=\"lazy\" decoding=\"async\" class=\"size-medium wp-image-288950\" src=\"https:\/\/www.fiscalia.gov.co\/colombia\/wp-content\/uploads\/asegurado-itnegrante-los-audor-caqueta-300x225.jpeg\" alt=\"En la imagen se ve una persona detenida bajo custodia de un integrante del CTI de la Fiscal\u00eda y de la Polic\u00eda Nacional.\" width=\"300\" height=\"225\" srcset=\"https:\/\/www.fiscalia.gov.co\/colombia\/wp-content\/uploads\/asegurado-itnegrante-los-audor-caqueta-300x225.jpeg 300w, https:\/\/www.fiscalia.gov.co\/colombia\/wp-content\/uploads\/asegurado-itnegrante-los-audor-caqueta-1024x768.jpeg 1024w, https:\/\/www.fiscalia.gov.co\/colombia\/wp-content\/uploads\/asegurado-itnegrante-los-audor-caqueta-768x576.jpeg 768w, https:\/\/www.fiscalia.gov.co\/colombia\/wp-content\/uploads\/asegurado-itnegrante-los-audor-caqueta-1536x1152.jpeg 1536w, https:\/\/www.fiscalia.gov.co\/colombia\/wp-content\/uploads\/asegurado-itnegrante-los-audor-caqueta-696x522.jpeg 696w, https:\/\/www.fiscalia.gov.co\/colombia\/wp-content\/uploads\/asegurado-itnegrante-los-audor-caqueta-1068x801.jpeg 1068w, https:\/\/www.fiscalia.gov.co\/colombia\/wp-content\/uploads\/asegurado-itnegrante-los-audor-caqueta-560x420.jpeg 560w, https:\/\/www.fiscalia.gov.co\/colombia\/wp-content\/uploads\/asegurado-itnegrante-los-audor-caqueta-80x60.jpeg 80w, https:\/\/www.fiscalia.gov.co\/colombia\/wp-content\/uploads\/asegurado-itnegrante-los-audor-caqueta-265x198.jpeg 265w, https:\/\/www.fiscalia.gov.co\/colombia\/wp-content\/uploads\/asegurado-itnegrante-los-audor-caqueta.jpeg 1600w\" sizes=\"auto, (max-width: 300px) 100vw, 300px\" \/><figcaption id=\"caption-attachment-288950\" class=\"wp-caption-text\">El hombre se entreg\u00f3 ante las autoridades competentes. Fue asegurado en su domicilio mientras avanza la investigaci\u00f3n.<\/figcaption><\/figure>\n<p>El procesado quien se present\u00f3 de manera voluntaria ante las autoridades en Palermo, Huila, cumplir\u00eda las funciones de coordinar, transportar y comercializar base de coca desde Puerto Caicedo, Putumayo y el departamento del Caquet\u00e1, con destino a Puerto Boyac\u00e1 y Puerto Triunfo (Antioquia), y otras partes del interior del pa\u00eds.<\/p>\n<p>El ente acusador lo se\u00f1ala de haber participado en tres eventos ocurridos en abril y junio del a\u00f1o 2021 y en marzo del a\u00f1o 2022.<\/p>\n<p>La organizaci\u00f3n Los Audor fue impactada en septiembre del a\u00f1o 2023 en un trabajo coordinado entre el Cuerpo T\u00e9cnico de Investigaci\u00f3n y la Polic\u00eda de Caquet\u00e1, quienes lograron la captura de nueve personas.<\/p>\n<p>La informaci\u00f3n recolectada por los investigadores da cuenta que cada uno cumplir\u00eda un rol y\/o funci\u00f3n espec\u00edfica en la cadena de distribuci\u00f3n y venta del estupefaciente tales como coordinadores, transportadores, comercializadores y campaneros.<\/p>\n<p>Cabe anotar que entre abril del a\u00f1o 2021 y junio del a\u00f1o 2022 se les incaut\u00f3 cerca de 400 kilos de coca\u00edna en siete eventos.<\/p>\n<p>El hombre no acept\u00f3 los cargos enrostrados por el delegado fiscal.<\/p>\n<p>Estos resultados se logran de acuerdo con el compromiso adquirido por la Fiscal General de la Naci\u00f3n (e), Martha Janeth Mancera, de contrarrestar los delitos que afectan la seguridad ciudadana.<\/p>\n<p>&nbsp;<\/p>\n<p><strong>\u00a0La Fiscal\u00eda habla con resultados.<\/strong><\/p>\n<p>&nbsp;<\/p>\n<p>&nbsp;<\/p>\n<p>PAAM\/LYBT\/NQB\/DSC<\/p>\n<p>&nbsp;<\/p>\n<p>&nbsp;<\/p>\n<p><em>La informaci\u00f3n contenida en este bolet\u00edn de prensa corresponde a la narraci\u00f3n de los hechos noticiosos objetivos, suministrados por los funcionarios encargados de adelantar las investigaciones penales al interior de la Fiscal\u00eda General de la Naci\u00f3n. Para el momento de la divulgaci\u00f3n de este comunicado, la situaci\u00f3n jur\u00eddica de la(s) persona(s) relacionada(s) se encuentra pendiente de resolver por la autoridad judicial competente, siempre bajo los preceptos de la presunci\u00f3n de inocencia, consagrados en el art\u00edculo 29 de la Constituci\u00f3n Pol\u00edtica y el art\u00edculo 7\u00ba de la Ley 906 de 2004.<\/em><\/p>\n<p>&nbsp;<\/p>\n<p>&nbsp;<\/p>\n\n<div class=\"twitter-share\"><a href=\"https:\/\/twitter.com\/intent\/tweet?via=fiscaliacol\" class=\"twitter-share-button\">Tweet<\/a><\/div>\n","protected":false},"excerpt":{"rendered":"<p>El hombre se present\u00f3 de manera voluntaria ante las autoridades al saber que pesaba en su contra una orden de captura por tr\u00e1fico de estupefacientes y concierto para delinquir. Ruber Hoyos Gaviria fue imputado por los delitos de concierto para delinquir agravado por darse para el narcotr\u00e1fico y tr\u00e1fico, fabricaci\u00f3n o porte de estupefacientes, y [&hellip;]<\/p>\n","protected":false},"author":179,"featured_media":0,"comment_status":"closed","ping_status":"open","sticky":false,"template":"","format":"standard","meta":{"tdm_status":"","tdm_grid_status":"","footnotes":""},"categories":[1,328,303],"tags":[6489,19,37067,1047,25201,27530,35742,2279,11101,155],"class_list":{"0":"post-288946","1":"post","2":"type-post","3":"status-publish","4":"format-standard","6":"category-noticias","7":"category-seccional-florencia","8":"category-seccionales","9":"tag-caqueta","10":"tag-cocaina","11":"tag-concierto-para-delinquir-por-darse-para-narcotrafico","12":"tag-fiscalia-general-de-la-nacion","13":"tag-grupo-de-delincuencia-organizada","14":"tag-interior-del-pais","15":"tag-los-audor","16":"tag-putumayo","17":"tag-seguridad-ciudadana","18":"tag-trafico-de-estupefacientes"},"yoast_head":"<!-- This site is optimized with the Yoast SEO plugin v24.3 - https:\/\/yoast.com\/wordpress\/plugins\/seo\/ -->\n<title>Fiscal\u00eda General de la Naci\u00f3n<\/title>\n<meta name=\"description\" content=\"P\u00e1gina oficial de la Fiscal\u00eda General de la Naci\u00f3n \u2013 Colombia. Garantizamos el acceso efectivo a la justicia, la verdad y la reparaci\u00f3n de las v\u00edctimas de los delitos.\" \/>\n<meta name=\"robots\" content=\"noindex, follow\" \/>\n<meta property=\"og:locale\" content=\"es_ES\" \/>\n<meta property=\"og:type\" content=\"article\" \/>\n<meta property=\"og:title\" content=\"Fiscal\u00eda General de la Naci\u00f3n\" \/>\n<meta property=\"og:description\" content=\"P\u00e1gina oficial de la Fiscal\u00eda General de la Naci\u00f3n \u2013 Colombia. Garantizamos el acceso efectivo a la justicia, la verdad y la reparaci\u00f3n de las v\u00edctimas de los delitos.\" \/>\n<meta property=\"og:url\" content=\"https:\/\/www.fiscalia.gov.co\/colombia\/noticias\/presunto-integrante-de-grupo-dedicado-al-trafico-de-estupefacientes-en-caqueta-fue-privado-de-la-libertad\/\" \/>\n<meta property=\"og:site_name\" content=\"Fiscal\u00eda General de la Naci\u00f3n\" \/>\n<meta property=\"article:publisher\" content=\"https:\/\/www.facebook.com\/FiscaliaCol\" \/>\n<meta property=\"article:published_time\" content=\"2024-02-22T20:14:52+00:00\" \/>\n<meta property=\"og:image\" content=\"https:\/\/www.fiscalia.gov.co\/colombia\/wp-content\/uploads\/asegurado-itnegrante-los-audor-caqueta-300x225.jpeg\" \/>\n<meta name=\"author\" content=\"Lesly Katherine Segura Camargo.\" \/>\n<meta name=\"twitter:card\" content=\"summary_large_image\" \/>\n<meta name=\"twitter:creator\" content=\"@FiscaliaCol\" \/>\n<meta name=\"twitter:site\" content=\"@FiscaliaCol\" \/>\n<meta name=\"twitter:label1\" content=\"Escrito por\" \/>\n\t<meta name=\"twitter:data1\" content=\"Lesly Katherine Segura Camargo.\" \/>\n\t<meta name=\"twitter:label2\" content=\"Tiempo de lectura\" \/>\n\t<meta name=\"twitter:data2\" content=\"3 minutos\" \/>\n<script type=\"application\/ld+json\" class=\"yoast-schema-graph\">{\"@context\":\"https:\/\/schema.org\",\"@graph\":[{\"@type\":\"Article\",\"@id\":\"https:\/\/www.fiscalia.gov.co\/colombia\/noticias\/presunto-integrante-de-grupo-dedicado-al-trafico-de-estupefacientes-en-caqueta-fue-privado-de-la-libertad\/#article\",\"isPartOf\":{\"@id\":\"https:\/\/www.fiscalia.gov.co\/colombia\/noticias\/presunto-integrante-de-grupo-dedicado-al-trafico-de-estupefacientes-en-caqueta-fue-privado-de-la-libertad\/\"},\"author\":{\"name\":\"Lesly Katherine Segura Camargo.\",\"@id\":\"https:\/\/www.fiscalia.gov.co\/colombia\/#\/schema\/person\/6be81acb78add0abcbda2c598c1d53e1\"},\"headline\":\"Presunto integrante de grupo dedicado al tr\u00e1fico de estupefacientes en Caquet\u00e1 fue privado de la libertad\",\"datePublished\":\"2024-02-22T20:14:52+00:00\",\"dateModified\":\"2024-02-22T20:14:52+00:00\",\"mainEntityOfPage\":{\"@id\":\"https:\/\/www.fiscalia.gov.co\/colombia\/noticias\/presunto-integrante-de-grupo-dedicado-al-trafico-de-estupefacientes-en-caqueta-fue-privado-de-la-libertad\/\"},\"wordCount\":486,\"publisher\":{\"@id\":\"https:\/\/www.fiscalia.gov.co\/colombia\/#organization\"},\"image\":{\"@id\":\"https:\/\/www.fiscalia.gov.co\/colombia\/noticias\/presunto-integrante-de-grupo-dedicado-al-trafico-de-estupefacientes-en-caqueta-fue-privado-de-la-libertad\/#primaryimage\"},\"thumbnailUrl\":\"https:\/\/www.fiscalia.gov.co\/colombia\/wp-content\/uploads\/asegurado-itnegrante-los-audor-caqueta-300x225.jpeg\",\"keywords\":[\"Caquet\u00e1\",\"Coca\u00edna\",\"concierto para delinquir por darse para narcotr\u00e1fico\",\"Fiscal\u00eda General de la Naci\u00f3n\",\"grupo de delincuencia organizada\",\"interior del pa\u00eds\",\"Los Audor\",\"Putumayo\",\"Seguridad ciudadana\",\"Tr\u00e1fico de estupefacientes\"],\"articleSection\":[\"Noticias\",\"Seccional Florencia\",\"Seccionales\"],\"inLanguage\":\"es-CO\"},{\"@type\":\"WebPage\",\"@id\":\"https:\/\/www.fiscalia.gov.co\/colombia\/noticias\/presunto-integrante-de-grupo-dedicado-al-trafico-de-estupefacientes-en-caqueta-fue-privado-de-la-libertad\/\",\"url\":\"https:\/\/www.fiscalia.gov.co\/colombia\/noticias\/presunto-integrante-de-grupo-dedicado-al-trafico-de-estupefacientes-en-caqueta-fue-privado-de-la-libertad\/\",\"name\":\"Fiscal\u00eda General de la Naci\u00f3n\",\"isPartOf\":{\"@id\":\"https:\/\/www.fiscalia.gov.co\/colombia\/#website\"},\"primaryImageOfPage\":{\"@id\":\"https:\/\/www.fiscalia.gov.co\/colombia\/noticias\/presunto-integrante-de-grupo-dedicado-al-trafico-de-estupefacientes-en-caqueta-fue-privado-de-la-libertad\/#primaryimage\"},\"image\":{\"@id\":\"https:\/\/www.fiscalia.gov.co\/colombia\/noticias\/presunto-integrante-de-grupo-dedicado-al-trafico-de-estupefacientes-en-caqueta-fue-privado-de-la-libertad\/#primaryimage\"},\"thumbnailUrl\":\"https:\/\/www.fiscalia.gov.co\/colombia\/wp-content\/uploads\/asegurado-itnegrante-los-audor-caqueta-300x225.jpeg\",\"datePublished\":\"2024-02-22T20:14:52+00:00\",\"dateModified\":\"2024-02-22T20:14:52+00:00\",\"description\":\"P\u00e1gina oficial de la Fiscal\u00eda General de la Naci\u00f3n \u2013 Colombia. Garantizamos el acceso efectivo a la justicia, la verdad y la reparaci\u00f3n de las v\u00edctimas de los delitos.\",\"breadcrumb\":{\"@id\":\"https:\/\/www.fiscalia.gov.co\/colombia\/noticias\/presunto-integrante-de-grupo-dedicado-al-trafico-de-estupefacientes-en-caqueta-fue-privado-de-la-libertad\/#breadcrumb\"},\"inLanguage\":\"es-CO\",\"potentialAction\":[{\"@type\":\"ReadAction\",\"target\":[\"https:\/\/www.fiscalia.gov.co\/colombia\/noticias\/presunto-integrante-de-grupo-dedicado-al-trafico-de-estupefacientes-en-caqueta-fue-privado-de-la-libertad\/\"]}]},{\"@type\":\"ImageObject\",\"inLanguage\":\"es-CO\",\"@id\":\"https:\/\/www.fiscalia.gov.co\/colombia\/noticias\/presunto-integrante-de-grupo-dedicado-al-trafico-de-estupefacientes-en-caqueta-fue-privado-de-la-libertad\/#primaryimage\",\"url\":\"https:\/\/www.fiscalia.gov.co\/colombia\/wp-content\/uploads\/asegurado-itnegrante-los-audor-caqueta-300x225.jpeg\",\"contentUrl\":\"https:\/\/www.fiscalia.gov.co\/colombia\/wp-content\/uploads\/asegurado-itnegrante-los-audor-caqueta-300x225.jpeg\"},{\"@type\":\"BreadcrumbList\",\"@id\":\"https:\/\/www.fiscalia.gov.co\/colombia\/noticias\/presunto-integrante-de-grupo-dedicado-al-trafico-de-estupefacientes-en-caqueta-fue-privado-de-la-libertad\/#breadcrumb\",\"itemListElement\":[{\"@type\":\"ListItem\",\"position\":1,\"name\":\"Home\",\"item\":\"https:\/\/www.fiscalia.gov.co\/colombia\/\"},{\"@type\":\"ListItem\",\"position\":2,\"name\":\"Presunto integrante de grupo dedicado al tr\u00e1fico de estupefacientes en Caquet\u00e1 fue privado de la libertad\"}]},{\"@type\":\"WebSite\",\"@id\":\"https:\/\/www.fiscalia.gov.co\/colombia\/#website\",\"url\":\"https:\/\/www.fiscalia.gov.co\/colombia\/\",\"name\":\"Fiscal\u00eda General de la Naci\u00f3n\",\"description\":\"P\u00e1gina oficial de la Fiscal\u00eda General de la Naci\u00f3n \u2013 Colombia. Garantizamos el acceso efectivo a la justicia, la verdad y la reparaci\u00f3n de las v\u00edctimas de los delitos.\",\"publisher\":{\"@id\":\"https:\/\/www.fiscalia.gov.co\/colombia\/#organization\"},\"potentialAction\":[{\"@type\":\"SearchAction\",\"target\":{\"@type\":\"EntryPoint\",\"urlTemplate\":\"https:\/\/www.fiscalia.gov.co\/colombia\/?s={search_term_string}\"},\"query-input\":{\"@type\":\"PropertyValueSpecification\",\"valueRequired\":true,\"valueName\":\"search_term_string\"}}],\"inLanguage\":\"es-CO\"},{\"@type\":\"Organization\",\"@id\":\"https:\/\/www.fiscalia.gov.co\/colombia\/#organization\",\"name\":\"Fiscal\u00eda General de la Naci\u00f3n\",\"url\":\"https:\/\/www.fiscalia.gov.co\/colombia\/\",\"logo\":{\"@type\":\"ImageObject\",\"inLanguage\":\"es-CO\",\"@id\":\"https:\/\/www.fiscalia.gov.co\/colombia\/#\/schema\/logo\/image\/\",\"url\":\"https:\/\/www.fiscalia.gov.co\/colombia\/wp-content\/uploads\/LogoHorizontal_1.jpg\",\"contentUrl\":\"https:\/\/www.fiscalia.gov.co\/colombia\/wp-content\/uploads\/LogoHorizontal_1.jpg\",\"width\":300,\"height\":90,\"caption\":\"Fiscal\u00eda General de la Naci\u00f3n\"},\"image\":{\"@id\":\"https:\/\/www.fiscalia.gov.co\/colombia\/#\/schema\/logo\/image\/\"},\"sameAs\":[\"https:\/\/www.facebook.com\/FiscaliaCol\",\"https:\/\/x.com\/FiscaliaCol\",\"https:\/\/www.instagram.com\/fiscaliacol\",\"https:\/\/www.linkedin.com\/company\/fiscalia-general-de-la-naci-n\/\",\"https:\/\/youtube.com\/@fiscaliageneraldelanacion-4668?si=6nN79nyQICPU5iTh\"]},{\"@type\":\"Person\",\"@id\":\"https:\/\/www.fiscalia.gov.co\/colombia\/#\/schema\/person\/6be81acb78add0abcbda2c598c1d53e1\",\"name\":\"Lesly Katherine Segura Camargo.\",\"image\":{\"@type\":\"ImageObject\",\"inLanguage\":\"es-CO\",\"@id\":\"https:\/\/www.fiscalia.gov.co\/colombia\/#\/schema\/person\/image\/\",\"url\":\"https:\/\/secure.gravatar.com\/avatar\/1892091c53ef3b9c2fcb37ca6066e439?s=96&d=mm&r=g\",\"contentUrl\":\"https:\/\/secure.gravatar.com\/avatar\/1892091c53ef3b9c2fcb37ca6066e439?s=96&d=mm&r=g\",\"caption\":\"Lesly Katherine Segura Camargo.\"},\"url\":\"https:\/\/www.fiscalia.gov.co\/colombia\/author\/lesly-segura\/\"}]}<\/script>\n<!-- \/ Yoast SEO plugin. -->","yoast_head_json":{"title":"Fiscal\u00eda General de la Naci\u00f3n","description":"P\u00e1gina oficial de la Fiscal\u00eda General de la Naci\u00f3n \u2013 Colombia. Garantizamos el acceso efectivo a la justicia, la verdad y la reparaci\u00f3n de las v\u00edctimas de los delitos.","robots":{"index":"noindex","follow":"follow"},"og_locale":"es_ES","og_type":"article","og_title":"Fiscal\u00eda General de la Naci\u00f3n","og_description":"P\u00e1gina oficial de la Fiscal\u00eda General de la Naci\u00f3n \u2013 Colombia. Garantizamos el acceso efectivo a la justicia, la verdad y la reparaci\u00f3n de las v\u00edctimas de los delitos.","og_url":"https:\/\/www.fiscalia.gov.co\/colombia\/noticias\/presunto-integrante-de-grupo-dedicado-al-trafico-de-estupefacientes-en-caqueta-fue-privado-de-la-libertad\/","og_site_name":"Fiscal\u00eda General de la Naci\u00f3n","article_publisher":"https:\/\/www.facebook.com\/FiscaliaCol","article_published_time":"2024-02-22T20:14:52+00:00","og_image":[{"url":"https:\/\/www.fiscalia.gov.co\/colombia\/wp-content\/uploads\/asegurado-itnegrante-los-audor-caqueta-300x225.jpeg","type":"","width":"","height":""}],"author":"Lesly Katherine Segura Camargo.","twitter_card":"summary_large_image","twitter_creator":"@FiscaliaCol","twitter_site":"@FiscaliaCol","twitter_misc":{"Escrito por":"Lesly Katherine Segura Camargo.","Tiempo de lectura":"3 minutos"},"schema":{"@context":"https:\/\/schema.org","@graph":[{"@type":"Article","@id":"https:\/\/www.fiscalia.gov.co\/colombia\/noticias\/presunto-integrante-de-grupo-dedicado-al-trafico-de-estupefacientes-en-caqueta-fue-privado-de-la-libertad\/#article","isPartOf":{"@id":"https:\/\/www.fiscalia.gov.co\/colombia\/noticias\/presunto-integrante-de-grupo-dedicado-al-trafico-de-estupefacientes-en-caqueta-fue-privado-de-la-libertad\/"},"author":{"name":"Lesly Katherine Segura Camargo.","@id":"https:\/\/www.fiscalia.gov.co\/colombia\/#\/schema\/person\/6be81acb78add0abcbda2c598c1d53e1"},"headline":"Presunto integrante de grupo dedicado al tr\u00e1fico de estupefacientes en Caquet\u00e1 fue privado de la libertad","datePublished":"2024-02-22T20:14:52+00:00","dateModified":"2024-02-22T20:14:52+00:00","mainEntityOfPage":{"@id":"https:\/\/www.fiscalia.gov.co\/colombia\/noticias\/presunto-integrante-de-grupo-dedicado-al-trafico-de-estupefacientes-en-caqueta-fue-privado-de-la-libertad\/"},"wordCount":486,"publisher":{"@id":"https:\/\/www.fiscalia.gov.co\/colombia\/#organization"},"image":{"@id":"https:\/\/www.fiscalia.gov.co\/colombia\/noticias\/presunto-integrante-de-grupo-dedicado-al-trafico-de-estupefacientes-en-caqueta-fue-privado-de-la-libertad\/#primaryimage"},"thumbnailUrl":"https:\/\/www.fiscalia.gov.co\/colombia\/wp-content\/uploads\/asegurado-itnegrante-los-audor-caqueta-300x225.jpeg","keywords":["Caquet\u00e1","Coca\u00edna","concierto para delinquir por darse para narcotr\u00e1fico","Fiscal\u00eda General de la Naci\u00f3n","grupo de delincuencia organizada","interior del pa\u00eds","Los Audor","Putumayo","Seguridad ciudadana","Tr\u00e1fico de estupefacientes"],"articleSection":["Noticias","Seccional Florencia","Seccionales"],"inLanguage":"es-CO"},{"@type":"WebPage","@id":"https:\/\/www.fiscalia.gov.co\/colombia\/noticias\/presunto-integrante-de-grupo-dedicado-al-trafico-de-estupefacientes-en-caqueta-fue-privado-de-la-libertad\/","url":"https:\/\/www.fiscalia.gov.co\/colombia\/noticias\/presunto-integrante-de-grupo-dedicado-al-trafico-de-estupefacientes-en-caqueta-fue-privado-de-la-libertad\/","name":"Fiscal\u00eda General de la Naci\u00f3n","isPartOf":{"@id":"https:\/\/www.fiscalia.gov.co\/colombia\/#website"},"primaryImageOfPage":{"@id":"https:\/\/www.fiscalia.gov.co\/colombia\/noticias\/presunto-integrante-de-grupo-dedicado-al-trafico-de-estupefacientes-en-caqueta-fue-privado-de-la-libertad\/#primaryimage"},"image":{"@id":"https:\/\/www.fiscalia.gov.co\/colombia\/noticias\/presunto-integrante-de-grupo-dedicado-al-trafico-de-estupefacientes-en-caqueta-fue-privado-de-la-libertad\/#primaryimage"},"thumbnailUrl":"https:\/\/www.fiscalia.gov.co\/colombia\/wp-content\/uploads\/asegurado-itnegrante-los-audor-caqueta-300x225.jpeg","datePublished":"2024-02-22T20:14:52+00:00","dateModified":"2024-02-22T20:14:52+00:00","description":"P\u00e1gina oficial de la Fiscal\u00eda General de la Naci\u00f3n \u2013 Colombia. Garantizamos el acceso efectivo a la justicia, la verdad y la reparaci\u00f3n de las v\u00edctimas de los delitos.","breadcrumb":{"@id":"https:\/\/www.fiscalia.gov.co\/colombia\/noticias\/presunto-integrante-de-grupo-dedicado-al-trafico-de-estupefacientes-en-caqueta-fue-privado-de-la-libertad\/#breadcrumb"},"inLanguage":"es-CO","potentialAction":[{"@type":"ReadAction","target":["https:\/\/www.fiscalia.gov.co\/colombia\/noticias\/presunto-integrante-de-grupo-dedicado-al-trafico-de-estupefacientes-en-caqueta-fue-privado-de-la-libertad\/"]}]},{"@type":"ImageObject","inLanguage":"es-CO","@id":"https:\/\/www.fiscalia.gov.co\/colombia\/noticias\/presunto-integrante-de-grupo-dedicado-al-trafico-de-estupefacientes-en-caqueta-fue-privado-de-la-libertad\/#primaryimage","url":"https:\/\/www.fiscalia.gov.co\/colombia\/wp-content\/uploads\/asegurado-itnegrante-los-audor-caqueta-300x225.jpeg","contentUrl":"https:\/\/www.fiscalia.gov.co\/colombia\/wp-content\/uploads\/asegurado-itnegrante-los-audor-caqueta-300x225.jpeg"},{"@type":"BreadcrumbList","@id":"https:\/\/www.fiscalia.gov.co\/colombia\/noticias\/presunto-integrante-de-grupo-dedicado-al-trafico-de-estupefacientes-en-caqueta-fue-privado-de-la-libertad\/#breadcrumb","itemListElement":[{"@type":"ListItem","position":1,"name":"Home","item":"https:\/\/www.fiscalia.gov.co\/colombia\/"},{"@type":"ListItem","position":2,"name":"Presunto integrante de grupo dedicado al tr\u00e1fico de estupefacientes en Caquet\u00e1 fue privado de la libertad"}]},{"@type":"WebSite","@id":"https:\/\/www.fiscalia.gov.co\/colombia\/#website","url":"https:\/\/www.fiscalia.gov.co\/colombia\/","name":"Fiscal\u00eda General de la Naci\u00f3n","description":"P\u00e1gina oficial de la Fiscal\u00eda General de la Naci\u00f3n \u2013 Colombia. Garantizamos el acceso efectivo a la justicia, la verdad y la reparaci\u00f3n de las v\u00edctimas de los delitos.","publisher":{"@id":"https:\/\/www.fiscalia.gov.co\/colombia\/#organization"},"potentialAction":[{"@type":"SearchAction","target":{"@type":"EntryPoint","urlTemplate":"https:\/\/www.fiscalia.gov.co\/colombia\/?s={search_term_string}"},"query-input":{"@type":"PropertyValueSpecification","valueRequired":true,"valueName":"search_term_string"}}],"inLanguage":"es-CO"},{"@type":"Organization","@id":"https:\/\/www.fiscalia.gov.co\/colombia\/#organization","name":"Fiscal\u00eda General de la Naci\u00f3n","url":"https:\/\/www.fiscalia.gov.co\/colombia\/","logo":{"@type":"ImageObject","inLanguage":"es-CO","@id":"https:\/\/www.fiscalia.gov.co\/colombia\/#\/schema\/logo\/image\/","url":"https:\/\/www.fiscalia.gov.co\/colombia\/wp-content\/uploads\/LogoHorizontal_1.jpg","contentUrl":"https:\/\/www.fiscalia.gov.co\/colombia\/wp-content\/uploads\/LogoHorizontal_1.jpg","width":300,"height":90,"caption":"Fiscal\u00eda General de la Naci\u00f3n"},"image":{"@id":"https:\/\/www.fiscalia.gov.co\/colombia\/#\/schema\/logo\/image\/"},"sameAs":["https:\/\/www.facebook.com\/FiscaliaCol","https:\/\/x.com\/FiscaliaCol","https:\/\/www.instagram.com\/fiscaliacol","https:\/\/www.linkedin.com\/company\/fiscalia-general-de-la-naci-n\/","https:\/\/youtube.com\/@fiscaliageneraldelanacion-4668?si=6nN79nyQICPU5iTh"]},{"@type":"Person","@id":"https:\/\/www.fiscalia.gov.co\/colombia\/#\/schema\/person\/6be81acb78add0abcbda2c598c1d53e1","name":"Lesly Katherine Segura Camargo.","image":{"@type":"ImageObject","inLanguage":"es-CO","@id":"https:\/\/www.fiscalia.gov.co\/colombia\/#\/schema\/person\/image\/","url":"https:\/\/secure.gravatar.com\/avatar\/1892091c53ef3b9c2fcb37ca6066e439?s=96&d=mm&r=g","contentUrl":"https:\/\/secure.gravatar.com\/avatar\/1892091c53ef3b9c2fcb37ca6066e439?s=96&d=mm&r=g","caption":"Lesly Katherine Segura Camargo."},"url":"https:\/\/www.fiscalia.gov.co\/colombia\/author\/lesly-segura\/"}]}},"_links":{"self":[{"href":"https:\/\/www.fiscalia.gov.co\/colombia\/wp-json\/wp\/v2\/posts\/288946","targetHints":{"allow":["GET"]}}],"collection":[{"href":"https:\/\/www.fiscalia.gov.co\/colombia\/wp-json\/wp\/v2\/posts"}],"about":[{"href":"https:\/\/www.fiscalia.gov.co\/colombia\/wp-json\/wp\/v2\/types\/post"}],"author":[{"embeddable":true,"href":"https:\/\/www.fiscalia.gov.co\/colombia\/wp-json\/wp\/v2\/users\/179"}],"replies":[{"embeddable":true,"href":"https:\/\/www.fiscalia.gov.co\/colombia\/wp-json\/wp\/v2\/comments?post=288946"}],"version-history":[{"count":1,"href":"https:\/\/www.fiscalia.gov.co\/colombia\/wp-json\/wp\/v2\/posts\/288946\/revisions"}],"predecessor-version":[{"id":288951,"href":"https:\/\/www.fiscalia.gov.co\/colombia\/wp-json\/wp\/v2\/posts\/288946\/revisions\/288951"}],"wp:attachment":[{"href":"https:\/\/www.fiscalia.gov.co\/colombia\/wp-json\/wp\/v2\/media?parent=288946"}],"wp:term":[{"taxonomy":"category","embeddable":true,"href":"https:\/\/www.fiscalia.gov.co\/colombia\/wp-json\/wp\/v2\/categories?post=288946"},{"taxonomy":"post_tag","embeddable":true,"href":"https:\/\/www.fiscalia.gov.co\/colombia\/wp-json\/wp\/v2\/tags?post=288946"}],"curies":[{"name":"wp","href":"https:\/\/api.w.org\/{rel}","templated":true}]}}