{"id":288922,"date":"2024-02-22T11:27:44","date_gmt":"2024-02-22T16:27:44","guid":{"rendered":"https:\/\/www.fiscalia.gov.co\/colombia\/?p=288922"},"modified":"2024-02-22T11:32:18","modified_gmt":"2024-02-22T16:32:18","slug":"carcel-para-tres-hombres-por-homicidio-y-tentativa-de-homicidio-en-cartagena","status":"publish","type":"post","link":"https:\/\/www.fiscalia.gov.co\/colombia\/noticias\/carcel-para-tres-hombres-por-homicidio-y-tentativa-de-homicidio-en-cartagena\/","title":{"rendered":"C\u00e1rcel para tres hombres por homicidio y tentativa de homicidio en Cartagena"},"content":{"rendered":"<p>Fiscales de la Seccional Bol\u00edvar lograron que jueces de control de garant\u00edas impusieran medida de aseguramiento contra tres hombres que, de acuerdo a sus responsabilidades individuales, les fueron imputados los delitos de homicidio agravado, tentativa de homicidio y porte ilegal de armas de fuego en Cartagena.<\/p>\n<p>De acuerdo con el compromiso adquirido por la Fiscal General de la Naci\u00f3n (e), Martha Janeth Mancera, de esclarecer los delitos que afectan la seguridad ciudadana, en un primer caso fue asegurado Jaison Calao Navarro, alias Caporo, quien con arma de fuego le habr\u00eda causado la muerte a una mujer de 20 a\u00f1os el 7 de abril de 2023, en el barrio Olaya Herrera.<\/p>\n<p>El procesado, de 23 a\u00f1os, fue capturado mediante orden judicial el pasado 14 de febrero por la Polic\u00eda Nacional en la capital de Bol\u00edvar.<\/p>\n<figure id=\"attachment_288925\" aria-describedby=\"caption-attachment-288925\" style=\"width: 300px\" class=\"wp-caption aligncenter\"><img loading=\"lazy\" decoding=\"async\" class=\"size-medium wp-image-288925\" src=\"https:\/\/www.fiscalia.gov.co\/colombia\/wp-content\/uploads\/Foto-1-boletin-22-de-febrero-homicidio-300x225.jpeg\" alt=\"En la fotograf\u00eda est\u00e1 un hombre de pie, con los brazos atr\u00e1s, delgado, moreno, vestido de bermuda blanca, camiseta blanca, custodiado por dos agentes de la Polic\u00eda Nacional.\" width=\"300\" height=\"225\" srcset=\"https:\/\/www.fiscalia.gov.co\/colombia\/wp-content\/uploads\/Foto-1-boletin-22-de-febrero-homicidio-300x225.jpeg 300w, https:\/\/www.fiscalia.gov.co\/colombia\/wp-content\/uploads\/Foto-1-boletin-22-de-febrero-homicidio-1024x767.jpeg 1024w, https:\/\/www.fiscalia.gov.co\/colombia\/wp-content\/uploads\/Foto-1-boletin-22-de-febrero-homicidio-768x576.jpeg 768w, https:\/\/www.fiscalia.gov.co\/colombia\/wp-content\/uploads\/Foto-1-boletin-22-de-febrero-homicidio-1536x1151.jpeg 1536w, https:\/\/www.fiscalia.gov.co\/colombia\/wp-content\/uploads\/Foto-1-boletin-22-de-febrero-homicidio-696x522.jpeg 696w, https:\/\/www.fiscalia.gov.co\/colombia\/wp-content\/uploads\/Foto-1-boletin-22-de-febrero-homicidio-1068x800.jpeg 1068w, https:\/\/www.fiscalia.gov.co\/colombia\/wp-content\/uploads\/Foto-1-boletin-22-de-febrero-homicidio-560x420.jpeg 560w, https:\/\/www.fiscalia.gov.co\/colombia\/wp-content\/uploads\/Foto-1-boletin-22-de-febrero-homicidio-80x60.jpeg 80w, https:\/\/www.fiscalia.gov.co\/colombia\/wp-content\/uploads\/Foto-1-boletin-22-de-febrero-homicidio-265x198.jpeg 265w, https:\/\/www.fiscalia.gov.co\/colombia\/wp-content\/uploads\/Foto-1-boletin-22-de-febrero-homicidio.jpeg 1600w\" sizes=\"auto, (max-width: 300px) 100vw, 300px\" \/><figcaption id=\"caption-attachment-288925\" class=\"wp-caption-text\">La Polic\u00eda Nacional captur\u00f3 a Alias Caporo, el pasado 14 de febrero en el barrio Olaya Herrera.<\/figcaption><\/figure>\n<p>As\u00edmismo, la Fiscal\u00eda judicializ\u00f3 a Manuel Felipe Palencia Chiquillo, quien al parecer en medio de una ri\u00f1a dispar\u00f3 contra un hombre de 30 a\u00f1os y quien falleci\u00f3 horas despu\u00e9s en el centro asistencial donde era atendido.<\/p>\n<p>Los hechos ocurrieron el 5 de julio de 2023 en el barrio San Francisco.<\/p>\n<p>Palencia Chiquillo, de 26 a\u00f1os, fue detenido por la Polic\u00eda Nacional el 1 de febrero \u00faltimo en el barrio Los Caracoles.<\/p>\n<p>Una tercera decisi\u00f3n afect\u00f3 a Drexler Est\u00edvenson Jerez Cervantes, por los acontecimientos registrados en el sector de La Candelaria el 21 de febrero del presente a\u00f1o.<\/p>\n<figure id=\"attachment_288926\" aria-describedby=\"caption-attachment-288926\" style=\"width: 300px\" class=\"wp-caption aligncenter\"><img loading=\"lazy\" decoding=\"async\" class=\"size-medium wp-image-288926\" src=\"https:\/\/www.fiscalia.gov.co\/colombia\/wp-content\/uploads\/Foto-2-boletin-22-de-febrero-homicidio--300x225.jpeg\" alt=\" En la imagen est\u00e1 un hombre moreno, de pie, con los brazos atr\u00e1s, de contextura gruesa, vestido de camiseta azul y bermuda azul con caf\u00e9, acompa\u00f1ado de dos uniformados de la Polic\u00eda Nacional. \" width=\"300\" height=\"225\" srcset=\"https:\/\/www.fiscalia.gov.co\/colombia\/wp-content\/uploads\/Foto-2-boletin-22-de-febrero-homicidio--300x225.jpeg 300w, https:\/\/www.fiscalia.gov.co\/colombia\/wp-content\/uploads\/Foto-2-boletin-22-de-febrero-homicidio--1024x768.jpeg 1024w, https:\/\/www.fiscalia.gov.co\/colombia\/wp-content\/uploads\/Foto-2-boletin-22-de-febrero-homicidio--768x576.jpeg 768w, https:\/\/www.fiscalia.gov.co\/colombia\/wp-content\/uploads\/Foto-2-boletin-22-de-febrero-homicidio--1536x1152.jpeg 1536w, https:\/\/www.fiscalia.gov.co\/colombia\/wp-content\/uploads\/Foto-2-boletin-22-de-febrero-homicidio--696x522.jpeg 696w, https:\/\/www.fiscalia.gov.co\/colombia\/wp-content\/uploads\/Foto-2-boletin-22-de-febrero-homicidio--1068x801.jpeg 1068w, https:\/\/www.fiscalia.gov.co\/colombia\/wp-content\/uploads\/Foto-2-boletin-22-de-febrero-homicidio--560x420.jpeg 560w, https:\/\/www.fiscalia.gov.co\/colombia\/wp-content\/uploads\/Foto-2-boletin-22-de-febrero-homicidio--80x60.jpeg 80w, https:\/\/www.fiscalia.gov.co\/colombia\/wp-content\/uploads\/Foto-2-boletin-22-de-febrero-homicidio--265x198.jpeg 265w, https:\/\/www.fiscalia.gov.co\/colombia\/wp-content\/uploads\/Foto-2-boletin-22-de-febrero-homicidio-.jpeg 1600w\" sizes=\"auto, (max-width: 300px) 100vw, 300px\" \/><figcaption id=\"caption-attachment-288926\" class=\"wp-caption-text\">A Drexler Est\u00edvenson Jerez Cervantes, la Fiscal\u00eda le imput\u00f3 el delito de tentativa de homicidio.<\/figcaption><\/figure>\n<p>El hoy procesado, de 22 a\u00f1os, habr\u00eda disparado contra un grupo de j\u00f3venes que transitaban por la v\u00eda p\u00fablica caus\u00e1ndole heridas a uno de ellos. La v\u00edctima, de 16 a\u00f1os,\u00a0 se recupera en un hospital de la ciudad.<\/p>\n<p>En el desarrollo de las audiencias concentradas ninguno de los implicados se allan\u00f3 a cargos y por disposici\u00f3n judicial las medidas ser\u00e1n cumplidas en la c\u00e1rcel San Sebasti\u00e1n Ternera de Cartagena.<\/p>\n<p>Esta informaci\u00f3n se publica por razones de inter\u00e9s general.<\/p>\n<p>&nbsp;<\/p>\n<p><strong>La Fiscal\u00eda habla con resultados.<\/strong><\/p>\n<p>&nbsp;<\/p>\n<p>&nbsp;<\/p>\n<p>MEVA\/CFG\/ICHS\/DSB<\/p>\n<p>&nbsp;<\/p>\n<p>&nbsp;<\/p>\n<p>&nbsp;<\/p>\n<p><em>La informaci\u00f3n contenida en este bolet\u00edn de prensa corresponde a la narraci\u00f3n de los hechos noticiosos objetivos, suministrados por los funcionarios encargados de adelantar las investigaciones penales al interior de la Fiscal\u00eda General de la Naci\u00f3n. Para el momento de la divulgaci\u00f3n de este comunicado, la situaci\u00f3n jur\u00eddica de la(s) persona(s) relacionada(s) se encuentra pendiente de resolver por la autoridad judicial competente, siempre bajo los preceptos de la presunci\u00f3n de inocencia, consagrados en el art\u00edculo 29 de la Constituci\u00f3n Pol\u00edtica y el art\u00edculo 7\u00ba de la Ley 906 de 2004.<\/em><\/p>\n\n<div class=\"twitter-share\"><a href=\"https:\/\/twitter.com\/intent\/tweet?via=fiscaliacol\" class=\"twitter-share-button\">Tweet<\/a><\/div>\n","protected":false},"excerpt":{"rendered":"<p>Fiscales de la Seccional Bol\u00edvar lograron que jueces de control de garant\u00edas impusieran medida de aseguramiento contra tres hombres que, de acuerdo a sus responsabilidades individuales, les fueron imputados los delitos de homicidio agravado, tentativa de homicidio y porte ilegal de armas de fuego en Cartagena. De acuerdo con el compromiso adquirido por la Fiscal [&hellip;]<\/p>\n","protected":false},"author":179,"featured_media":0,"comment_status":"closed","ping_status":"open","sticky":false,"template":"","format":"standard","meta":{"_price":"","_stock":"","_tribe_ticket_header":"","_tribe_default_ticket_provider":"","_tribe_ticket_capacity":"0","_ticket_start_date":"","_ticket_end_date":"","_tribe_ticket_show_description":"","_tribe_ticket_show_not_going":false,"_tribe_ticket_use_global_stock":"","_tribe_ticket_global_stock_level":"","_global_stock_mode":"","_global_stock_cap":"","_tribe_rsvp_for_event":"","_tribe_ticket_going_count":"","_tribe_ticket_not_going_count":"","_tribe_tickets_list":"[]","_tribe_ticket_has_attendee_info_fields":false,"tdm_status":"","tdm_grid_status":"","footnotes":""},"categories":[1,325,303],"tags":[14550,23819,24187,1047,409,932,558,29043,479],"class_list":{"0":"post-288922","1":"post","2":"type-post","3":"status-publish","4":"format-standard","6":"category-noticias","7":"category-seccional-cartagena","8":"category-seccionales","9":"tag-carcel","10":"tag-cartagena","11":"tag-fiscalia-colombia","12":"tag-fiscalia-general-de-la-nacion","13":"tag-homicidio","14":"tag-mensor-de-edad","15":"tag-policia-nacional","16":"tag-porte-de-arma-de-fuego","17":"tag-tentativa-de-homicidio"},"yoast_head":"<!-- This site is optimized with the Yoast SEO plugin v24.3 - https:\/\/yoast.com\/wordpress\/plugins\/seo\/ -->\n<title>Fiscal\u00eda General de la Naci\u00f3n<\/title>\n<meta name=\"description\" content=\"P\u00e1gina oficial de la Fiscal\u00eda General de la Naci\u00f3n \u2013 Colombia. Garantizamos el acceso efectivo a la justicia, la verdad y la reparaci\u00f3n de las v\u00edctimas de los delitos.\" \/>\n<meta name=\"robots\" content=\"noindex, follow\" \/>\n<meta property=\"og:locale\" content=\"es_ES\" \/>\n<meta property=\"og:type\" content=\"article\" \/>\n<meta property=\"og:title\" content=\"Fiscal\u00eda General de la Naci\u00f3n\" \/>\n<meta property=\"og:description\" content=\"P\u00e1gina oficial de la Fiscal\u00eda General de la Naci\u00f3n \u2013 Colombia. Garantizamos el acceso efectivo a la justicia, la verdad y la reparaci\u00f3n de las v\u00edctimas de los delitos.\" \/>\n<meta property=\"og:url\" content=\"https:\/\/www.fiscalia.gov.co\/colombia\/noticias\/carcel-para-tres-hombres-por-homicidio-y-tentativa-de-homicidio-en-cartagena\/\" \/>\n<meta property=\"og:site_name\" content=\"Fiscal\u00eda General de la Naci\u00f3n\" \/>\n<meta property=\"article:publisher\" content=\"https:\/\/www.facebook.com\/FiscaliaCol\" \/>\n<meta property=\"article:published_time\" content=\"2024-02-22T16:27:44+00:00\" \/>\n<meta property=\"article:modified_time\" content=\"2024-02-22T16:32:18+00:00\" \/>\n<meta property=\"og:image\" content=\"https:\/\/www.fiscalia.gov.co\/colombia\/wp-content\/uploads\/Foto-1-boletin-22-de-febrero-homicidio-300x225.jpeg\" \/>\n<meta name=\"author\" content=\"Lesly Katherine Segura Camargo.\" \/>\n<meta name=\"twitter:card\" content=\"summary_large_image\" \/>\n<meta name=\"twitter:creator\" content=\"@FiscaliaCol\" \/>\n<meta name=\"twitter:site\" content=\"@FiscaliaCol\" \/>\n<meta name=\"twitter:label1\" content=\"Escrito por\" \/>\n\t<meta name=\"twitter:data1\" content=\"Lesly Katherine Segura Camargo.\" \/>\n\t<meta name=\"twitter:label2\" content=\"Tiempo de lectura\" \/>\n\t<meta name=\"twitter:data2\" content=\"3 minutos\" \/>\n<script type=\"application\/ld+json\" class=\"yoast-schema-graph\">{\"@context\":\"https:\/\/schema.org\",\"@graph\":[{\"@type\":\"Article\",\"@id\":\"https:\/\/www.fiscalia.gov.co\/colombia\/noticias\/carcel-para-tres-hombres-por-homicidio-y-tentativa-de-homicidio-en-cartagena\/#article\",\"isPartOf\":{\"@id\":\"https:\/\/www.fiscalia.gov.co\/colombia\/noticias\/carcel-para-tres-hombres-por-homicidio-y-tentativa-de-homicidio-en-cartagena\/\"},\"author\":{\"name\":\"Lesly Katherine Segura Camargo.\",\"@id\":\"https:\/\/www.fiscalia.gov.co\/colombia\/#\/schema\/person\/6be81acb78add0abcbda2c598c1d53e1\"},\"headline\":\"C\u00e1rcel para tres hombres por homicidio y tentativa de homicidio en Cartagena\",\"datePublished\":\"2024-02-22T16:27:44+00:00\",\"dateModified\":\"2024-02-22T16:32:18+00:00\",\"mainEntityOfPage\":{\"@id\":\"https:\/\/www.fiscalia.gov.co\/colombia\/noticias\/carcel-para-tres-hombres-por-homicidio-y-tentativa-de-homicidio-en-cartagena\/\"},\"wordCount\":507,\"publisher\":{\"@id\":\"https:\/\/www.fiscalia.gov.co\/colombia\/#organization\"},\"image\":{\"@id\":\"https:\/\/www.fiscalia.gov.co\/colombia\/noticias\/carcel-para-tres-hombres-por-homicidio-y-tentativa-de-homicidio-en-cartagena\/#primaryimage\"},\"thumbnailUrl\":\"https:\/\/www.fiscalia.gov.co\/colombia\/wp-content\/uploads\/Foto-1-boletin-22-de-febrero-homicidio-300x225.jpeg\",\"keywords\":[\"C\u00e1rcel\",\"Cartagena\",\"Fiscal\u00eda Colombia\",\"Fiscal\u00eda General de la Naci\u00f3n\",\"Homicidio\",\"Menor de edad\",\"Polic\u00eda Nacional\",\"porte de arma de fuego\",\"Tentativa de homicidio\"],\"articleSection\":[\"Noticias\",\"Seccional Cartagena\",\"Seccionales\"],\"inLanguage\":\"es-CO\"},{\"@type\":\"WebPage\",\"@id\":\"https:\/\/www.fiscalia.gov.co\/colombia\/noticias\/carcel-para-tres-hombres-por-homicidio-y-tentativa-de-homicidio-en-cartagena\/\",\"url\":\"https:\/\/www.fiscalia.gov.co\/colombia\/noticias\/carcel-para-tres-hombres-por-homicidio-y-tentativa-de-homicidio-en-cartagena\/\",\"name\":\"Fiscal\u00eda General de la Naci\u00f3n\",\"isPartOf\":{\"@id\":\"https:\/\/www.fiscalia.gov.co\/colombia\/#website\"},\"primaryImageOfPage\":{\"@id\":\"https:\/\/www.fiscalia.gov.co\/colombia\/noticias\/carcel-para-tres-hombres-por-homicidio-y-tentativa-de-homicidio-en-cartagena\/#primaryimage\"},\"image\":{\"@id\":\"https:\/\/www.fiscalia.gov.co\/colombia\/noticias\/carcel-para-tres-hombres-por-homicidio-y-tentativa-de-homicidio-en-cartagena\/#primaryimage\"},\"thumbnailUrl\":\"https:\/\/www.fiscalia.gov.co\/colombia\/wp-content\/uploads\/Foto-1-boletin-22-de-febrero-homicidio-300x225.jpeg\",\"datePublished\":\"2024-02-22T16:27:44+00:00\",\"dateModified\":\"2024-02-22T16:32:18+00:00\",\"description\":\"P\u00e1gina oficial de la Fiscal\u00eda General de la Naci\u00f3n \u2013 Colombia. Garantizamos el acceso efectivo a la justicia, la verdad y la reparaci\u00f3n de las v\u00edctimas de los delitos.\",\"breadcrumb\":{\"@id\":\"https:\/\/www.fiscalia.gov.co\/colombia\/noticias\/carcel-para-tres-hombres-por-homicidio-y-tentativa-de-homicidio-en-cartagena\/#breadcrumb\"},\"inLanguage\":\"es-CO\",\"potentialAction\":[{\"@type\":\"ReadAction\",\"target\":[\"https:\/\/www.fiscalia.gov.co\/colombia\/noticias\/carcel-para-tres-hombres-por-homicidio-y-tentativa-de-homicidio-en-cartagena\/\"]}]},{\"@type\":\"ImageObject\",\"inLanguage\":\"es-CO\",\"@id\":\"https:\/\/www.fiscalia.gov.co\/colombia\/noticias\/carcel-para-tres-hombres-por-homicidio-y-tentativa-de-homicidio-en-cartagena\/#primaryimage\",\"url\":\"https:\/\/www.fiscalia.gov.co\/colombia\/wp-content\/uploads\/Foto-1-boletin-22-de-febrero-homicidio-300x225.jpeg\",\"contentUrl\":\"https:\/\/www.fiscalia.gov.co\/colombia\/wp-content\/uploads\/Foto-1-boletin-22-de-febrero-homicidio-300x225.jpeg\"},{\"@type\":\"BreadcrumbList\",\"@id\":\"https:\/\/www.fiscalia.gov.co\/colombia\/noticias\/carcel-para-tres-hombres-por-homicidio-y-tentativa-de-homicidio-en-cartagena\/#breadcrumb\",\"itemListElement\":[{\"@type\":\"ListItem\",\"position\":1,\"name\":\"Home\",\"item\":\"https:\/\/www.fiscalia.gov.co\/colombia\/\"},{\"@type\":\"ListItem\",\"position\":2,\"name\":\"C\u00e1rcel para tres hombres por homicidio y tentativa de homicidio en Cartagena\"}]},{\"@type\":\"WebSite\",\"@id\":\"https:\/\/www.fiscalia.gov.co\/colombia\/#website\",\"url\":\"https:\/\/www.fiscalia.gov.co\/colombia\/\",\"name\":\"Fiscal\u00eda General de la Naci\u00f3n\",\"description\":\"P\u00e1gina oficial de la Fiscal\u00eda General de la Naci\u00f3n \u2013 Colombia. Garantizamos el acceso efectivo a la justicia, la verdad y la reparaci\u00f3n de las v\u00edctimas de los delitos.\",\"publisher\":{\"@id\":\"https:\/\/www.fiscalia.gov.co\/colombia\/#organization\"},\"potentialAction\":[{\"@type\":\"SearchAction\",\"target\":{\"@type\":\"EntryPoint\",\"urlTemplate\":\"https:\/\/www.fiscalia.gov.co\/colombia\/?s={search_term_string}\"},\"query-input\":{\"@type\":\"PropertyValueSpecification\",\"valueRequired\":true,\"valueName\":\"search_term_string\"}}],\"inLanguage\":\"es-CO\"},{\"@type\":\"Organization\",\"@id\":\"https:\/\/www.fiscalia.gov.co\/colombia\/#organization\",\"name\":\"Fiscal\u00eda General de la Naci\u00f3n\",\"url\":\"https:\/\/www.fiscalia.gov.co\/colombia\/\",\"logo\":{\"@type\":\"ImageObject\",\"inLanguage\":\"es-CO\",\"@id\":\"https:\/\/www.fiscalia.gov.co\/colombia\/#\/schema\/logo\/image\/\",\"url\":\"https:\/\/www.fiscalia.gov.co\/colombia\/wp-content\/uploads\/LogoHorizontal_1.jpg\",\"contentUrl\":\"https:\/\/www.fiscalia.gov.co\/colombia\/wp-content\/uploads\/LogoHorizontal_1.jpg\",\"width\":300,\"height\":90,\"caption\":\"Fiscal\u00eda General de la Naci\u00f3n\"},\"image\":{\"@id\":\"https:\/\/www.fiscalia.gov.co\/colombia\/#\/schema\/logo\/image\/\"},\"sameAs\":[\"https:\/\/www.facebook.com\/FiscaliaCol\",\"https:\/\/x.com\/FiscaliaCol\",\"https:\/\/www.instagram.com\/fiscaliacol\",\"https:\/\/www.linkedin.com\/company\/fiscalia-general-de-la-naci-n\/\",\"https:\/\/youtube.com\/@fiscaliageneraldelanacion-4668?si=6nN79nyQICPU5iTh\"]},{\"@type\":\"Person\",\"@id\":\"https:\/\/www.fiscalia.gov.co\/colombia\/#\/schema\/person\/6be81acb78add0abcbda2c598c1d53e1\",\"name\":\"Lesly Katherine Segura Camargo.\",\"image\":{\"@type\":\"ImageObject\",\"inLanguage\":\"es-CO\",\"@id\":\"https:\/\/www.fiscalia.gov.co\/colombia\/#\/schema\/person\/image\/\",\"url\":\"https:\/\/secure.gravatar.com\/avatar\/1892091c53ef3b9c2fcb37ca6066e439?s=96&d=mm&r=g\",\"contentUrl\":\"https:\/\/secure.gravatar.com\/avatar\/1892091c53ef3b9c2fcb37ca6066e439?s=96&d=mm&r=g\",\"caption\":\"Lesly Katherine Segura Camargo.\"},\"url\":\"https:\/\/www.fiscalia.gov.co\/colombia\/author\/lesly-segura\/\"}]}<\/script>\n<!-- \/ Yoast SEO plugin. -->","yoast_head_json":{"title":"Fiscal\u00eda General de la Naci\u00f3n","description":"P\u00e1gina oficial de la Fiscal\u00eda General de la Naci\u00f3n \u2013 Colombia. Garantizamos el acceso efectivo a la justicia, la verdad y la reparaci\u00f3n de las v\u00edctimas de los delitos.","robots":{"index":"noindex","follow":"follow"},"og_locale":"es_ES","og_type":"article","og_title":"Fiscal\u00eda General de la Naci\u00f3n","og_description":"P\u00e1gina oficial de la Fiscal\u00eda General de la Naci\u00f3n \u2013 Colombia. Garantizamos el acceso efectivo a la justicia, la verdad y la reparaci\u00f3n de las v\u00edctimas de los delitos.","og_url":"https:\/\/www.fiscalia.gov.co\/colombia\/noticias\/carcel-para-tres-hombres-por-homicidio-y-tentativa-de-homicidio-en-cartagena\/","og_site_name":"Fiscal\u00eda General de la Naci\u00f3n","article_publisher":"https:\/\/www.facebook.com\/FiscaliaCol","article_published_time":"2024-02-22T16:27:44+00:00","article_modified_time":"2024-02-22T16:32:18+00:00","og_image":[{"url":"https:\/\/www.fiscalia.gov.co\/colombia\/wp-content\/uploads\/Foto-1-boletin-22-de-febrero-homicidio-300x225.jpeg","type":"","width":"","height":""}],"author":"Lesly Katherine Segura Camargo.","twitter_card":"summary_large_image","twitter_creator":"@FiscaliaCol","twitter_site":"@FiscaliaCol","twitter_misc":{"Escrito por":"Lesly Katherine Segura Camargo.","Tiempo de lectura":"3 minutos"},"schema":{"@context":"https:\/\/schema.org","@graph":[{"@type":"Article","@id":"https:\/\/www.fiscalia.gov.co\/colombia\/noticias\/carcel-para-tres-hombres-por-homicidio-y-tentativa-de-homicidio-en-cartagena\/#article","isPartOf":{"@id":"https:\/\/www.fiscalia.gov.co\/colombia\/noticias\/carcel-para-tres-hombres-por-homicidio-y-tentativa-de-homicidio-en-cartagena\/"},"author":{"name":"Lesly Katherine Segura Camargo.","@id":"https:\/\/www.fiscalia.gov.co\/colombia\/#\/schema\/person\/6be81acb78add0abcbda2c598c1d53e1"},"headline":"C\u00e1rcel para tres hombres por homicidio y tentativa de homicidio en Cartagena","datePublished":"2024-02-22T16:27:44+00:00","dateModified":"2024-02-22T16:32:18+00:00","mainEntityOfPage":{"@id":"https:\/\/www.fiscalia.gov.co\/colombia\/noticias\/carcel-para-tres-hombres-por-homicidio-y-tentativa-de-homicidio-en-cartagena\/"},"wordCount":507,"publisher":{"@id":"https:\/\/www.fiscalia.gov.co\/colombia\/#organization"},"image":{"@id":"https:\/\/www.fiscalia.gov.co\/colombia\/noticias\/carcel-para-tres-hombres-por-homicidio-y-tentativa-de-homicidio-en-cartagena\/#primaryimage"},"thumbnailUrl":"https:\/\/www.fiscalia.gov.co\/colombia\/wp-content\/uploads\/Foto-1-boletin-22-de-febrero-homicidio-300x225.jpeg","keywords":["C\u00e1rcel","Cartagena","Fiscal\u00eda Colombia","Fiscal\u00eda General de la Naci\u00f3n","Homicidio","Menor de edad","Polic\u00eda Nacional","porte de arma de fuego","Tentativa de homicidio"],"articleSection":["Noticias","Seccional Cartagena","Seccionales"],"inLanguage":"es-CO"},{"@type":"WebPage","@id":"https:\/\/www.fiscalia.gov.co\/colombia\/noticias\/carcel-para-tres-hombres-por-homicidio-y-tentativa-de-homicidio-en-cartagena\/","url":"https:\/\/www.fiscalia.gov.co\/colombia\/noticias\/carcel-para-tres-hombres-por-homicidio-y-tentativa-de-homicidio-en-cartagena\/","name":"Fiscal\u00eda General de la Naci\u00f3n","isPartOf":{"@id":"https:\/\/www.fiscalia.gov.co\/colombia\/#website"},"primaryImageOfPage":{"@id":"https:\/\/www.fiscalia.gov.co\/colombia\/noticias\/carcel-para-tres-hombres-por-homicidio-y-tentativa-de-homicidio-en-cartagena\/#primaryimage"},"image":{"@id":"https:\/\/www.fiscalia.gov.co\/colombia\/noticias\/carcel-para-tres-hombres-por-homicidio-y-tentativa-de-homicidio-en-cartagena\/#primaryimage"},"thumbnailUrl":"https:\/\/www.fiscalia.gov.co\/colombia\/wp-content\/uploads\/Foto-1-boletin-22-de-febrero-homicidio-300x225.jpeg","datePublished":"2024-02-22T16:27:44+00:00","dateModified":"2024-02-22T16:32:18+00:00","description":"P\u00e1gina oficial de la Fiscal\u00eda General de la Naci\u00f3n \u2013 Colombia. Garantizamos el acceso efectivo a la justicia, la verdad y la reparaci\u00f3n de las v\u00edctimas de los delitos.","breadcrumb":{"@id":"https:\/\/www.fiscalia.gov.co\/colombia\/noticias\/carcel-para-tres-hombres-por-homicidio-y-tentativa-de-homicidio-en-cartagena\/#breadcrumb"},"inLanguage":"es-CO","potentialAction":[{"@type":"ReadAction","target":["https:\/\/www.fiscalia.gov.co\/colombia\/noticias\/carcel-para-tres-hombres-por-homicidio-y-tentativa-de-homicidio-en-cartagena\/"]}]},{"@type":"ImageObject","inLanguage":"es-CO","@id":"https:\/\/www.fiscalia.gov.co\/colombia\/noticias\/carcel-para-tres-hombres-por-homicidio-y-tentativa-de-homicidio-en-cartagena\/#primaryimage","url":"https:\/\/www.fiscalia.gov.co\/colombia\/wp-content\/uploads\/Foto-1-boletin-22-de-febrero-homicidio-300x225.jpeg","contentUrl":"https:\/\/www.fiscalia.gov.co\/colombia\/wp-content\/uploads\/Foto-1-boletin-22-de-febrero-homicidio-300x225.jpeg"},{"@type":"BreadcrumbList","@id":"https:\/\/www.fiscalia.gov.co\/colombia\/noticias\/carcel-para-tres-hombres-por-homicidio-y-tentativa-de-homicidio-en-cartagena\/#breadcrumb","itemListElement":[{"@type":"ListItem","position":1,"name":"Home","item":"https:\/\/www.fiscalia.gov.co\/colombia\/"},{"@type":"ListItem","position":2,"name":"C\u00e1rcel para tres hombres por homicidio y tentativa de homicidio en Cartagena"}]},{"@type":"WebSite","@id":"https:\/\/www.fiscalia.gov.co\/colombia\/#website","url":"https:\/\/www.fiscalia.gov.co\/colombia\/","name":"Fiscal\u00eda General de la Naci\u00f3n","description":"P\u00e1gina oficial de la Fiscal\u00eda General de la Naci\u00f3n \u2013 Colombia. Garantizamos el acceso efectivo a la justicia, la verdad y la reparaci\u00f3n de las v\u00edctimas de los delitos.","publisher":{"@id":"https:\/\/www.fiscalia.gov.co\/colombia\/#organization"},"potentialAction":[{"@type":"SearchAction","target":{"@type":"EntryPoint","urlTemplate":"https:\/\/www.fiscalia.gov.co\/colombia\/?s={search_term_string}"},"query-input":{"@type":"PropertyValueSpecification","valueRequired":true,"valueName":"search_term_string"}}],"inLanguage":"es-CO"},{"@type":"Organization","@id":"https:\/\/www.fiscalia.gov.co\/colombia\/#organization","name":"Fiscal\u00eda General de la Naci\u00f3n","url":"https:\/\/www.fiscalia.gov.co\/colombia\/","logo":{"@type":"ImageObject","inLanguage":"es-CO","@id":"https:\/\/www.fiscalia.gov.co\/colombia\/#\/schema\/logo\/image\/","url":"https:\/\/www.fiscalia.gov.co\/colombia\/wp-content\/uploads\/LogoHorizontal_1.jpg","contentUrl":"https:\/\/www.fiscalia.gov.co\/colombia\/wp-content\/uploads\/LogoHorizontal_1.jpg","width":300,"height":90,"caption":"Fiscal\u00eda General de la Naci\u00f3n"},"image":{"@id":"https:\/\/www.fiscalia.gov.co\/colombia\/#\/schema\/logo\/image\/"},"sameAs":["https:\/\/www.facebook.com\/FiscaliaCol","https:\/\/x.com\/FiscaliaCol","https:\/\/www.instagram.com\/fiscaliacol","https:\/\/www.linkedin.com\/company\/fiscalia-general-de-la-naci-n\/","https:\/\/youtube.com\/@fiscaliageneraldelanacion-4668?si=6nN79nyQICPU5iTh"]},{"@type":"Person","@id":"https:\/\/www.fiscalia.gov.co\/colombia\/#\/schema\/person\/6be81acb78add0abcbda2c598c1d53e1","name":"Lesly Katherine Segura Camargo.","image":{"@type":"ImageObject","inLanguage":"es-CO","@id":"https:\/\/www.fiscalia.gov.co\/colombia\/#\/schema\/person\/image\/","url":"https:\/\/secure.gravatar.com\/avatar\/1892091c53ef3b9c2fcb37ca6066e439?s=96&d=mm&r=g","contentUrl":"https:\/\/secure.gravatar.com\/avatar\/1892091c53ef3b9c2fcb37ca6066e439?s=96&d=mm&r=g","caption":"Lesly Katherine Segura Camargo."},"url":"https:\/\/www.fiscalia.gov.co\/colombia\/author\/lesly-segura\/"}]}},"_links":{"self":[{"href":"https:\/\/www.fiscalia.gov.co\/colombia\/wp-json\/wp\/v2\/posts\/288922","targetHints":{"allow":["GET"]}}],"collection":[{"href":"https:\/\/www.fiscalia.gov.co\/colombia\/wp-json\/wp\/v2\/posts"}],"about":[{"href":"https:\/\/www.fiscalia.gov.co\/colombia\/wp-json\/wp\/v2\/types\/post"}],"author":[{"embeddable":true,"href":"https:\/\/www.fiscalia.gov.co\/colombia\/wp-json\/wp\/v2\/users\/179"}],"replies":[{"embeddable":true,"href":"https:\/\/www.fiscalia.gov.co\/colombia\/wp-json\/wp\/v2\/comments?post=288922"}],"version-history":[{"count":3,"href":"https:\/\/www.fiscalia.gov.co\/colombia\/wp-json\/wp\/v2\/posts\/288922\/revisions"}],"predecessor-version":[{"id":288927,"href":"https:\/\/www.fiscalia.gov.co\/colombia\/wp-json\/wp\/v2\/posts\/288922\/revisions\/288927"}],"wp:attachment":[{"href":"https:\/\/www.fiscalia.gov.co\/colombia\/wp-json\/wp\/v2\/media?parent=288922"}],"wp:term":[{"taxonomy":"category","embeddable":true,"href":"https:\/\/www.fiscalia.gov.co\/colombia\/wp-json\/wp\/v2\/categories?post=288922"},{"taxonomy":"post_tag","embeddable":true,"href":"https:\/\/www.fiscalia.gov.co\/colombia\/wp-json\/wp\/v2\/tags?post=288922"}],"curies":[{"name":"wp","href":"https:\/\/api.w.org\/{rel}","templated":true}]}}