{"id":288759,"date":"2024-02-21T09:44:18","date_gmt":"2024-02-21T14:44:18","guid":{"rendered":"https:\/\/www.fiscalia.gov.co\/colombia\/?p=288759"},"modified":"2024-03-06T15:14:52","modified_gmt":"2024-03-06T20:14:52","slug":"tres-personas-privadas-de-la-libertad-por-homicidio-tentativa-de-homicidio-y-porte-ilegal-de-armas-en-tolima","status":"publish","type":"post","link":"https:\/\/www.fiscalia.gov.co\/colombia\/noticias\/tres-personas-privadas-de-la-libertad-por-homicidio-tentativa-de-homicidio-y-porte-ilegal-de-armas-en-tolima\/","title":{"rendered":"Tres personas privadas de la libertad por homicidio, tentativa de homicidio y porte ilegal de armas en Tolima"},"content":{"rendered":"<h4><strong><em>Se trata de dos hechos aislados en donde una persona perdi\u00f3 la vida y la otra logr\u00f3 ser estabilizada en un centro asistencial de Ibagu\u00e9.<\/em><\/strong><\/h4>\n<p>La Fiscal\u00eda en el Tolima logr\u00f3 la judicializaci\u00f3n de tres personas que, en hechos aislados, atentaron contra la vida de dos personas en Ibagu\u00e9, Tolima, el fin de semana \u00faltimo, y de otra en noviembre del a\u00f1o 2023.<\/p>\n<figure id=\"attachment_288760\" aria-describedby=\"caption-attachment-288760\" style=\"width: 300px\" class=\"wp-caption aligncenter\"><img loading=\"lazy\" decoding=\"async\" class=\"wp-image-288760 size-medium\" title=\"Fiscal Martha Mancera, Martha Mancera, Fiscal Mancera\" src=\"https:\/\/www.fiscalia.gov.co\/colombia\/wp-content\/uploads\/alias-escorpion-y-alacran-tentativa-de-homicidio-y-porte-ibague-300x239.jpeg\" alt=\"en la imagen se ven dos j\u00f3venes detenidos bajo custodia de integrantes de la Polic\u00eda Nacional.\" width=\"300\" height=\"239\" srcset=\"https:\/\/www.fiscalia.gov.co\/colombia\/wp-content\/uploads\/alias-escorpion-y-alacran-tentativa-de-homicidio-y-porte-ibague-300x239.jpeg 300w, https:\/\/www.fiscalia.gov.co\/colombia\/wp-content\/uploads\/alias-escorpion-y-alacran-tentativa-de-homicidio-y-porte-ibague-1024x815.jpeg 1024w, https:\/\/www.fiscalia.gov.co\/colombia\/wp-content\/uploads\/alias-escorpion-y-alacran-tentativa-de-homicidio-y-porte-ibague-768x611.jpeg 768w, https:\/\/www.fiscalia.gov.co\/colombia\/wp-content\/uploads\/alias-escorpion-y-alacran-tentativa-de-homicidio-y-porte-ibague-1536x1222.jpeg 1536w, https:\/\/www.fiscalia.gov.co\/colombia\/wp-content\/uploads\/alias-escorpion-y-alacran-tentativa-de-homicidio-y-porte-ibague-696x554.jpeg 696w, https:\/\/www.fiscalia.gov.co\/colombia\/wp-content\/uploads\/alias-escorpion-y-alacran-tentativa-de-homicidio-y-porte-ibague-1068x850.jpeg 1068w, https:\/\/www.fiscalia.gov.co\/colombia\/wp-content\/uploads\/alias-escorpion-y-alacran-tentativa-de-homicidio-y-porte-ibague-528x420.jpeg 528w, https:\/\/www.fiscalia.gov.co\/colombia\/wp-content\/uploads\/alias-escorpion-y-alacran-tentativa-de-homicidio-y-porte-ibague.jpeg 1596w\" sizes=\"auto, (max-width: 300px) 100vw, 300px\" \/><figcaption id=\"caption-attachment-288760\" class=\"wp-caption-text\">Alias \u201cEscorpi\u00f3n\u201d y alias \u201cYiyo\u201d ser\u00edan responsables de una tentativa de homicidio en noviembre del a\u00f1o 2023 en Ibagu\u00e9. El hombre tiene un amplio prontuario delictivo.<\/figcaption><\/figure>\n<p>El caso m\u00e1s reciente hace referencia a Alexander Soto Esterlin, cuando este se movilizaba en una camioneta de su propiedad en compa\u00f1\u00eda de su esposa y fue v\u00edctima de un ataque sicarial. El hecho se registr\u00f3 en la v\u00eda que de Ibagu\u00e9 conduce al municipio tolimense de Alvarado, a la altura de la vereda Chucun\u00ed.<\/p>\n<p>Wilmer Albeiro Becerra Jacanamejoy, de 30 a\u00f1os, ser\u00eda una de las personas responsables de este hecho y quien se desplazaba en la moto desde la cual le dispararon a la v\u00edctima, siendo capturado en flagrancia por parte de la Polic\u00eda Nacional.<\/p>\n<p>Le fue imputado el delito de homicidio agravado en concurso heterog\u00e9neo con fabricaci\u00f3n, tr\u00e1fico, porte o tenencia de armas de fuego, partes o municiones que no acept\u00f3 haber cometido y fue enviado a prisi\u00f3n de manera preventiva.<\/p>\n<p>En el otro caso, la v\u00edctima de tentativa de homicidio es un hombre de 32 a\u00f1os identificado como Gustavo Adolfo Saavedra, quien result\u00f3 herido el 18 de noviembre de 2023 en inmediaciones de la terminal de transportes de la ciudad.<\/p>\n<p>Era cerca de la 1:30 de la madrugada cuando Daniel Alejandro Tapiero Machado y Jos\u00e9 Manuel D\u00edaz se movilizaban a bordo de un veh\u00edculo particular y presuntamente desde el rodante abrieron fuego en su contra. Saavedra fue trasladado de emergencia a un centro asistencial en donde lograron estabilizarlo.<\/p>\n<p>Alias \u2018Yiyo\u2019 de 21 a\u00f1os y alias \u2018Escorpi\u00f3n\u2019 de 44 a\u00f1os de edad, este \u00faltimo con un ampli\u00f3 prontuario delictivo, fueron detenidos por orden judicial gracias a la investigaci\u00f3n que adelanta en su contra un despacho adscrito a la Unidad de Vida de la Seccional Tolima.<\/p>\n<p>Tambi\u00e9n fueron privados de la libertad con medida intramuros por los delitos de tentativa de homicidio y fabricaci\u00f3n, tr\u00e1fico, porte o tenencia de armas de fuego, partes o municiones los cuales no aceptaron haber cometido.<\/p>\n<p>Estos resultados se logran de acuerdo con el compromiso adquirido por la Fiscal General de la Naci\u00f3n (e), Martha Janeth Mancera, de contrarrestar los delitos que afectan la seguridad ciudadana.<\/p>\n<p>&nbsp;<\/p>\n<p>&nbsp;<\/p>\n<p>&nbsp;<\/p>\n<p><strong>\u00a0La Fiscal\u00eda habla con resultados.<\/strong><\/p>\n<p>&nbsp;<\/p>\n<p>&nbsp;<\/p>\n<p>PAAM\/LYBT\/GPS\/AMBV\/DST<\/p>\n<p>&nbsp;<\/p>\n<p>&nbsp;<\/p>\n<p><em>La informaci\u00f3n contenida en este bolet\u00edn de prensa corresponde a la narraci\u00f3n de los hechos noticiosos objetivos, suministrados por los funcionarios encargados de adelantar las investigaciones penales al interior de la Fiscal\u00eda General de la Naci\u00f3n. Para el momento de la divulgaci\u00f3n de este comunicado, la situaci\u00f3n jur\u00eddica de la(s) persona(s) relacionada(s) se encuentra pendiente de resolver por la autoridad judicial competente, siempre bajo los preceptos de la presunci\u00f3n de inocencia, consagrados en el art\u00edculo 29 de la Constituci\u00f3n Pol\u00edtica y el art\u00edculo 7\u00ba de la Ley 906 de 2004.<\/em><\/p>\n\n<div class=\"twitter-share\"><a href=\"https:\/\/twitter.com\/intent\/tweet?via=fiscaliacol\" class=\"twitter-share-button\">Tweet<\/a><\/div>\n","protected":false},"excerpt":{"rendered":"<p>Se trata de dos hechos aislados en donde una persona perdi\u00f3 la vida y la otra logr\u00f3 ser estabilizada en un centro asistencial de Ibagu\u00e9. La Fiscal\u00eda en el Tolima logr\u00f3 la judicializaci\u00f3n de tres personas que, en hechos aislados, atentaron contra la vida de dos personas en Ibagu\u00e9, Tolima, el fin de semana \u00faltimo, [&hellip;]<\/p>\n","protected":false},"author":179,"featured_media":0,"comment_status":"closed","ping_status":"open","sticky":false,"template":"","format":"standard","meta":{"tdm_status":"","tdm_grid_status":"","footnotes":""},"categories":[1,329,303,24099],"tags":[37086,36949,1047,409,26350,1185,698,24211,12189],"class_list":{"0":"post-288759","1":"post","2":"type-post","3":"status-publish","4":"format-standard","6":"category-noticias","7":"category-seccional-ibague","8":"category-seccionales","9":"category-seguridad-territorial","10":"tag-fiscal-mancera","11":"tag-fiscal-martha-mancera","12":"tag-fiscalia-general-de-la-nacion","13":"tag-homicidio","14":"tag-martha-mancera","15":"tag-medida-de-aseguramiento","16":"tag-porte-de-armas","17":"tag-seccional-tolima","18":"tag-tolima"},"yoast_head":"<!-- This site is optimized with the Yoast SEO plugin v24.3 - https:\/\/yoast.com\/wordpress\/plugins\/seo\/ -->\n<title>Fiscal\u00eda General de la Naci\u00f3n<\/title>\n<meta name=\"description\" content=\"P\u00e1gina oficial de la Fiscal\u00eda General de la Naci\u00f3n \u2013 Colombia. Garantizamos el acceso efectivo a la justicia, la verdad y la reparaci\u00f3n de las v\u00edctimas de los delitos.\" \/>\n<meta name=\"robots\" content=\"noindex, follow\" \/>\n<meta property=\"og:locale\" content=\"es_ES\" \/>\n<meta property=\"og:type\" content=\"article\" \/>\n<meta property=\"og:title\" content=\"Fiscal\u00eda General de la Naci\u00f3n\" \/>\n<meta property=\"og:description\" content=\"P\u00e1gina oficial de la Fiscal\u00eda General de la Naci\u00f3n \u2013 Colombia. Garantizamos el acceso efectivo a la justicia, la verdad y la reparaci\u00f3n de las v\u00edctimas de los delitos.\" \/>\n<meta property=\"og:url\" content=\"https:\/\/www.fiscalia.gov.co\/colombia\/noticias\/tres-personas-privadas-de-la-libertad-por-homicidio-tentativa-de-homicidio-y-porte-ilegal-de-armas-en-tolima\/\" \/>\n<meta property=\"og:site_name\" content=\"Fiscal\u00eda General de la Naci\u00f3n\" \/>\n<meta property=\"article:publisher\" content=\"https:\/\/www.facebook.com\/FiscaliaCol\" \/>\n<meta property=\"article:published_time\" content=\"2024-02-21T14:44:18+00:00\" \/>\n<meta property=\"article:modified_time\" content=\"2024-03-06T20:14:52+00:00\" \/>\n<meta property=\"og:image\" content=\"https:\/\/www.fiscalia.gov.co\/colombia\/wp-content\/uploads\/alias-escorpion-y-alacran-tentativa-de-homicidio-y-porte-ibague-300x239.jpeg\" \/>\n<meta name=\"author\" content=\"Lesly Katherine Segura Camargo.\" \/>\n<meta name=\"twitter:card\" content=\"summary_large_image\" \/>\n<meta name=\"twitter:creator\" content=\"@FiscaliaCol\" \/>\n<meta name=\"twitter:site\" content=\"@FiscaliaCol\" \/>\n<meta name=\"twitter:label1\" content=\"Escrito por\" \/>\n\t<meta name=\"twitter:data1\" content=\"Lesly Katherine Segura Camargo.\" \/>\n\t<meta name=\"twitter:label2\" content=\"Tiempo de lectura\" \/>\n\t<meta name=\"twitter:data2\" content=\"3 minutos\" \/>\n<script type=\"application\/ld+json\" class=\"yoast-schema-graph\">{\"@context\":\"https:\/\/schema.org\",\"@graph\":[{\"@type\":\"Article\",\"@id\":\"https:\/\/www.fiscalia.gov.co\/colombia\/noticias\/tres-personas-privadas-de-la-libertad-por-homicidio-tentativa-de-homicidio-y-porte-ilegal-de-armas-en-tolima\/#article\",\"isPartOf\":{\"@id\":\"https:\/\/www.fiscalia.gov.co\/colombia\/noticias\/tres-personas-privadas-de-la-libertad-por-homicidio-tentativa-de-homicidio-y-porte-ilegal-de-armas-en-tolima\/\"},\"author\":{\"name\":\"Lesly Katherine Segura Camargo.\",\"@id\":\"https:\/\/www.fiscalia.gov.co\/colombia\/#\/schema\/person\/6be81acb78add0abcbda2c598c1d53e1\"},\"headline\":\"Tres personas privadas de la libertad por homicidio, tentativa de homicidio y porte ilegal de armas en Tolima\",\"datePublished\":\"2024-02-21T14:44:18+00:00\",\"dateModified\":\"2024-03-06T20:14:52+00:00\",\"mainEntityOfPage\":{\"@id\":\"https:\/\/www.fiscalia.gov.co\/colombia\/noticias\/tres-personas-privadas-de-la-libertad-por-homicidio-tentativa-de-homicidio-y-porte-ilegal-de-armas-en-tolima\/\"},\"wordCount\":587,\"publisher\":{\"@id\":\"https:\/\/www.fiscalia.gov.co\/colombia\/#organization\"},\"image\":{\"@id\":\"https:\/\/www.fiscalia.gov.co\/colombia\/noticias\/tres-personas-privadas-de-la-libertad-por-homicidio-tentativa-de-homicidio-y-porte-ilegal-de-armas-en-tolima\/#primaryimage\"},\"thumbnailUrl\":\"https:\/\/www.fiscalia.gov.co\/colombia\/wp-content\/uploads\/alias-escorpion-y-alacran-tentativa-de-homicidio-y-porte-ibague-300x239.jpeg\",\"keywords\":[\"fiscal mancera\",\"fiscal martha mancera\",\"Fiscal\u00eda General de la Naci\u00f3n\",\"Homicidio\",\"Martha Mancera\",\"Medida de aseguramiento\",\"Porte de armas\",\"Seccional Tolima\",\"Tolima\"],\"articleSection\":[\"Noticias\",\"Seccional Ibagu\u00e9\",\"Seccionales\",\"Seguridad territorial\"],\"inLanguage\":\"es-CO\"},{\"@type\":\"WebPage\",\"@id\":\"https:\/\/www.fiscalia.gov.co\/colombia\/noticias\/tres-personas-privadas-de-la-libertad-por-homicidio-tentativa-de-homicidio-y-porte-ilegal-de-armas-en-tolima\/\",\"url\":\"https:\/\/www.fiscalia.gov.co\/colombia\/noticias\/tres-personas-privadas-de-la-libertad-por-homicidio-tentativa-de-homicidio-y-porte-ilegal-de-armas-en-tolima\/\",\"name\":\"Fiscal\u00eda General de la Naci\u00f3n\",\"isPartOf\":{\"@id\":\"https:\/\/www.fiscalia.gov.co\/colombia\/#website\"},\"primaryImageOfPage\":{\"@id\":\"https:\/\/www.fiscalia.gov.co\/colombia\/noticias\/tres-personas-privadas-de-la-libertad-por-homicidio-tentativa-de-homicidio-y-porte-ilegal-de-armas-en-tolima\/#primaryimage\"},\"image\":{\"@id\":\"https:\/\/www.fiscalia.gov.co\/colombia\/noticias\/tres-personas-privadas-de-la-libertad-por-homicidio-tentativa-de-homicidio-y-porte-ilegal-de-armas-en-tolima\/#primaryimage\"},\"thumbnailUrl\":\"https:\/\/www.fiscalia.gov.co\/colombia\/wp-content\/uploads\/alias-escorpion-y-alacran-tentativa-de-homicidio-y-porte-ibague-300x239.jpeg\",\"datePublished\":\"2024-02-21T14:44:18+00:00\",\"dateModified\":\"2024-03-06T20:14:52+00:00\",\"description\":\"P\u00e1gina oficial de la Fiscal\u00eda General de la Naci\u00f3n \u2013 Colombia. Garantizamos el acceso efectivo a la justicia, la verdad y la reparaci\u00f3n de las v\u00edctimas de los delitos.\",\"breadcrumb\":{\"@id\":\"https:\/\/www.fiscalia.gov.co\/colombia\/noticias\/tres-personas-privadas-de-la-libertad-por-homicidio-tentativa-de-homicidio-y-porte-ilegal-de-armas-en-tolima\/#breadcrumb\"},\"inLanguage\":\"es-CO\",\"potentialAction\":[{\"@type\":\"ReadAction\",\"target\":[\"https:\/\/www.fiscalia.gov.co\/colombia\/noticias\/tres-personas-privadas-de-la-libertad-por-homicidio-tentativa-de-homicidio-y-porte-ilegal-de-armas-en-tolima\/\"]}]},{\"@type\":\"ImageObject\",\"inLanguage\":\"es-CO\",\"@id\":\"https:\/\/www.fiscalia.gov.co\/colombia\/noticias\/tres-personas-privadas-de-la-libertad-por-homicidio-tentativa-de-homicidio-y-porte-ilegal-de-armas-en-tolima\/#primaryimage\",\"url\":\"https:\/\/www.fiscalia.gov.co\/colombia\/wp-content\/uploads\/alias-escorpion-y-alacran-tentativa-de-homicidio-y-porte-ibague-300x239.jpeg\",\"contentUrl\":\"https:\/\/www.fiscalia.gov.co\/colombia\/wp-content\/uploads\/alias-escorpion-y-alacran-tentativa-de-homicidio-y-porte-ibague-300x239.jpeg\"},{\"@type\":\"BreadcrumbList\",\"@id\":\"https:\/\/www.fiscalia.gov.co\/colombia\/noticias\/tres-personas-privadas-de-la-libertad-por-homicidio-tentativa-de-homicidio-y-porte-ilegal-de-armas-en-tolima\/#breadcrumb\",\"itemListElement\":[{\"@type\":\"ListItem\",\"position\":1,\"name\":\"Home\",\"item\":\"https:\/\/www.fiscalia.gov.co\/colombia\/\"},{\"@type\":\"ListItem\",\"position\":2,\"name\":\"Tres personas privadas de la libertad por homicidio, tentativa de homicidio y porte ilegal de armas en Tolima\"}]},{\"@type\":\"WebSite\",\"@id\":\"https:\/\/www.fiscalia.gov.co\/colombia\/#website\",\"url\":\"https:\/\/www.fiscalia.gov.co\/colombia\/\",\"name\":\"Fiscal\u00eda General de la Naci\u00f3n\",\"description\":\"P\u00e1gina oficial de la Fiscal\u00eda General de la Naci\u00f3n \u2013 Colombia. Garantizamos el acceso efectivo a la justicia, la verdad y la reparaci\u00f3n de las v\u00edctimas de los delitos.\",\"publisher\":{\"@id\":\"https:\/\/www.fiscalia.gov.co\/colombia\/#organization\"},\"potentialAction\":[{\"@type\":\"SearchAction\",\"target\":{\"@type\":\"EntryPoint\",\"urlTemplate\":\"https:\/\/www.fiscalia.gov.co\/colombia\/?s={search_term_string}\"},\"query-input\":{\"@type\":\"PropertyValueSpecification\",\"valueRequired\":true,\"valueName\":\"search_term_string\"}}],\"inLanguage\":\"es-CO\"},{\"@type\":\"Organization\",\"@id\":\"https:\/\/www.fiscalia.gov.co\/colombia\/#organization\",\"name\":\"Fiscal\u00eda General de la Naci\u00f3n\",\"url\":\"https:\/\/www.fiscalia.gov.co\/colombia\/\",\"logo\":{\"@type\":\"ImageObject\",\"inLanguage\":\"es-CO\",\"@id\":\"https:\/\/www.fiscalia.gov.co\/colombia\/#\/schema\/logo\/image\/\",\"url\":\"https:\/\/www.fiscalia.gov.co\/colombia\/wp-content\/uploads\/LogoHorizontal_1.jpg\",\"contentUrl\":\"https:\/\/www.fiscalia.gov.co\/colombia\/wp-content\/uploads\/LogoHorizontal_1.jpg\",\"width\":300,\"height\":90,\"caption\":\"Fiscal\u00eda General de la Naci\u00f3n\"},\"image\":{\"@id\":\"https:\/\/www.fiscalia.gov.co\/colombia\/#\/schema\/logo\/image\/\"},\"sameAs\":[\"https:\/\/www.facebook.com\/FiscaliaCol\",\"https:\/\/x.com\/FiscaliaCol\",\"https:\/\/www.instagram.com\/fiscaliacol\",\"https:\/\/www.linkedin.com\/company\/fiscalia-general-de-la-naci-n\/\",\"https:\/\/youtube.com\/@fiscaliageneraldelanacion-4668?si=6nN79nyQICPU5iTh\"]},{\"@type\":\"Person\",\"@id\":\"https:\/\/www.fiscalia.gov.co\/colombia\/#\/schema\/person\/6be81acb78add0abcbda2c598c1d53e1\",\"name\":\"Lesly Katherine Segura Camargo.\",\"image\":{\"@type\":\"ImageObject\",\"inLanguage\":\"es-CO\",\"@id\":\"https:\/\/www.fiscalia.gov.co\/colombia\/#\/schema\/person\/image\/\",\"url\":\"https:\/\/secure.gravatar.com\/avatar\/1892091c53ef3b9c2fcb37ca6066e439?s=96&d=mm&r=g\",\"contentUrl\":\"https:\/\/secure.gravatar.com\/avatar\/1892091c53ef3b9c2fcb37ca6066e439?s=96&d=mm&r=g\",\"caption\":\"Lesly Katherine Segura Camargo.\"},\"url\":\"https:\/\/www.fiscalia.gov.co\/colombia\/author\/lesly-segura\/\"}]}<\/script>\n<!-- \/ Yoast SEO plugin. -->","yoast_head_json":{"title":"Fiscal\u00eda General de la Naci\u00f3n","description":"P\u00e1gina oficial de la Fiscal\u00eda General de la Naci\u00f3n \u2013 Colombia. Garantizamos el acceso efectivo a la justicia, la verdad y la reparaci\u00f3n de las v\u00edctimas de los delitos.","robots":{"index":"noindex","follow":"follow"},"og_locale":"es_ES","og_type":"article","og_title":"Fiscal\u00eda General de la Naci\u00f3n","og_description":"P\u00e1gina oficial de la Fiscal\u00eda General de la Naci\u00f3n \u2013 Colombia. Garantizamos el acceso efectivo a la justicia, la verdad y la reparaci\u00f3n de las v\u00edctimas de los delitos.","og_url":"https:\/\/www.fiscalia.gov.co\/colombia\/noticias\/tres-personas-privadas-de-la-libertad-por-homicidio-tentativa-de-homicidio-y-porte-ilegal-de-armas-en-tolima\/","og_site_name":"Fiscal\u00eda General de la Naci\u00f3n","article_publisher":"https:\/\/www.facebook.com\/FiscaliaCol","article_published_time":"2024-02-21T14:44:18+00:00","article_modified_time":"2024-03-06T20:14:52+00:00","og_image":[{"url":"https:\/\/www.fiscalia.gov.co\/colombia\/wp-content\/uploads\/alias-escorpion-y-alacran-tentativa-de-homicidio-y-porte-ibague-300x239.jpeg","type":"","width":"","height":""}],"author":"Lesly Katherine Segura Camargo.","twitter_card":"summary_large_image","twitter_creator":"@FiscaliaCol","twitter_site":"@FiscaliaCol","twitter_misc":{"Escrito por":"Lesly Katherine Segura Camargo.","Tiempo de lectura":"3 minutos"},"schema":{"@context":"https:\/\/schema.org","@graph":[{"@type":"Article","@id":"https:\/\/www.fiscalia.gov.co\/colombia\/noticias\/tres-personas-privadas-de-la-libertad-por-homicidio-tentativa-de-homicidio-y-porte-ilegal-de-armas-en-tolima\/#article","isPartOf":{"@id":"https:\/\/www.fiscalia.gov.co\/colombia\/noticias\/tres-personas-privadas-de-la-libertad-por-homicidio-tentativa-de-homicidio-y-porte-ilegal-de-armas-en-tolima\/"},"author":{"name":"Lesly Katherine Segura Camargo.","@id":"https:\/\/www.fiscalia.gov.co\/colombia\/#\/schema\/person\/6be81acb78add0abcbda2c598c1d53e1"},"headline":"Tres personas privadas de la libertad por homicidio, tentativa de homicidio y porte ilegal de armas en Tolima","datePublished":"2024-02-21T14:44:18+00:00","dateModified":"2024-03-06T20:14:52+00:00","mainEntityOfPage":{"@id":"https:\/\/www.fiscalia.gov.co\/colombia\/noticias\/tres-personas-privadas-de-la-libertad-por-homicidio-tentativa-de-homicidio-y-porte-ilegal-de-armas-en-tolima\/"},"wordCount":587,"publisher":{"@id":"https:\/\/www.fiscalia.gov.co\/colombia\/#organization"},"image":{"@id":"https:\/\/www.fiscalia.gov.co\/colombia\/noticias\/tres-personas-privadas-de-la-libertad-por-homicidio-tentativa-de-homicidio-y-porte-ilegal-de-armas-en-tolima\/#primaryimage"},"thumbnailUrl":"https:\/\/www.fiscalia.gov.co\/colombia\/wp-content\/uploads\/alias-escorpion-y-alacran-tentativa-de-homicidio-y-porte-ibague-300x239.jpeg","keywords":["fiscal mancera","fiscal martha mancera","Fiscal\u00eda General de la Naci\u00f3n","Homicidio","Martha Mancera","Medida de aseguramiento","Porte de armas","Seccional Tolima","Tolima"],"articleSection":["Noticias","Seccional Ibagu\u00e9","Seccionales","Seguridad territorial"],"inLanguage":"es-CO"},{"@type":"WebPage","@id":"https:\/\/www.fiscalia.gov.co\/colombia\/noticias\/tres-personas-privadas-de-la-libertad-por-homicidio-tentativa-de-homicidio-y-porte-ilegal-de-armas-en-tolima\/","url":"https:\/\/www.fiscalia.gov.co\/colombia\/noticias\/tres-personas-privadas-de-la-libertad-por-homicidio-tentativa-de-homicidio-y-porte-ilegal-de-armas-en-tolima\/","name":"Fiscal\u00eda General de la Naci\u00f3n","isPartOf":{"@id":"https:\/\/www.fiscalia.gov.co\/colombia\/#website"},"primaryImageOfPage":{"@id":"https:\/\/www.fiscalia.gov.co\/colombia\/noticias\/tres-personas-privadas-de-la-libertad-por-homicidio-tentativa-de-homicidio-y-porte-ilegal-de-armas-en-tolima\/#primaryimage"},"image":{"@id":"https:\/\/www.fiscalia.gov.co\/colombia\/noticias\/tres-personas-privadas-de-la-libertad-por-homicidio-tentativa-de-homicidio-y-porte-ilegal-de-armas-en-tolima\/#primaryimage"},"thumbnailUrl":"https:\/\/www.fiscalia.gov.co\/colombia\/wp-content\/uploads\/alias-escorpion-y-alacran-tentativa-de-homicidio-y-porte-ibague-300x239.jpeg","datePublished":"2024-02-21T14:44:18+00:00","dateModified":"2024-03-06T20:14:52+00:00","description":"P\u00e1gina oficial de la Fiscal\u00eda General de la Naci\u00f3n \u2013 Colombia. Garantizamos el acceso efectivo a la justicia, la verdad y la reparaci\u00f3n de las v\u00edctimas de los delitos.","breadcrumb":{"@id":"https:\/\/www.fiscalia.gov.co\/colombia\/noticias\/tres-personas-privadas-de-la-libertad-por-homicidio-tentativa-de-homicidio-y-porte-ilegal-de-armas-en-tolima\/#breadcrumb"},"inLanguage":"es-CO","potentialAction":[{"@type":"ReadAction","target":["https:\/\/www.fiscalia.gov.co\/colombia\/noticias\/tres-personas-privadas-de-la-libertad-por-homicidio-tentativa-de-homicidio-y-porte-ilegal-de-armas-en-tolima\/"]}]},{"@type":"ImageObject","inLanguage":"es-CO","@id":"https:\/\/www.fiscalia.gov.co\/colombia\/noticias\/tres-personas-privadas-de-la-libertad-por-homicidio-tentativa-de-homicidio-y-porte-ilegal-de-armas-en-tolima\/#primaryimage","url":"https:\/\/www.fiscalia.gov.co\/colombia\/wp-content\/uploads\/alias-escorpion-y-alacran-tentativa-de-homicidio-y-porte-ibague-300x239.jpeg","contentUrl":"https:\/\/www.fiscalia.gov.co\/colombia\/wp-content\/uploads\/alias-escorpion-y-alacran-tentativa-de-homicidio-y-porte-ibague-300x239.jpeg"},{"@type":"BreadcrumbList","@id":"https:\/\/www.fiscalia.gov.co\/colombia\/noticias\/tres-personas-privadas-de-la-libertad-por-homicidio-tentativa-de-homicidio-y-porte-ilegal-de-armas-en-tolima\/#breadcrumb","itemListElement":[{"@type":"ListItem","position":1,"name":"Home","item":"https:\/\/www.fiscalia.gov.co\/colombia\/"},{"@type":"ListItem","position":2,"name":"Tres personas privadas de la libertad por homicidio, tentativa de homicidio y porte ilegal de armas en Tolima"}]},{"@type":"WebSite","@id":"https:\/\/www.fiscalia.gov.co\/colombia\/#website","url":"https:\/\/www.fiscalia.gov.co\/colombia\/","name":"Fiscal\u00eda General de la Naci\u00f3n","description":"P\u00e1gina oficial de la Fiscal\u00eda General de la Naci\u00f3n \u2013 Colombia. Garantizamos el acceso efectivo a la justicia, la verdad y la reparaci\u00f3n de las v\u00edctimas de los delitos.","publisher":{"@id":"https:\/\/www.fiscalia.gov.co\/colombia\/#organization"},"potentialAction":[{"@type":"SearchAction","target":{"@type":"EntryPoint","urlTemplate":"https:\/\/www.fiscalia.gov.co\/colombia\/?s={search_term_string}"},"query-input":{"@type":"PropertyValueSpecification","valueRequired":true,"valueName":"search_term_string"}}],"inLanguage":"es-CO"},{"@type":"Organization","@id":"https:\/\/www.fiscalia.gov.co\/colombia\/#organization","name":"Fiscal\u00eda General de la Naci\u00f3n","url":"https:\/\/www.fiscalia.gov.co\/colombia\/","logo":{"@type":"ImageObject","inLanguage":"es-CO","@id":"https:\/\/www.fiscalia.gov.co\/colombia\/#\/schema\/logo\/image\/","url":"https:\/\/www.fiscalia.gov.co\/colombia\/wp-content\/uploads\/LogoHorizontal_1.jpg","contentUrl":"https:\/\/www.fiscalia.gov.co\/colombia\/wp-content\/uploads\/LogoHorizontal_1.jpg","width":300,"height":90,"caption":"Fiscal\u00eda General de la Naci\u00f3n"},"image":{"@id":"https:\/\/www.fiscalia.gov.co\/colombia\/#\/schema\/logo\/image\/"},"sameAs":["https:\/\/www.facebook.com\/FiscaliaCol","https:\/\/x.com\/FiscaliaCol","https:\/\/www.instagram.com\/fiscaliacol","https:\/\/www.linkedin.com\/company\/fiscalia-general-de-la-naci-n\/","https:\/\/youtube.com\/@fiscaliageneraldelanacion-4668?si=6nN79nyQICPU5iTh"]},{"@type":"Person","@id":"https:\/\/www.fiscalia.gov.co\/colombia\/#\/schema\/person\/6be81acb78add0abcbda2c598c1d53e1","name":"Lesly Katherine Segura Camargo.","image":{"@type":"ImageObject","inLanguage":"es-CO","@id":"https:\/\/www.fiscalia.gov.co\/colombia\/#\/schema\/person\/image\/","url":"https:\/\/secure.gravatar.com\/avatar\/1892091c53ef3b9c2fcb37ca6066e439?s=96&d=mm&r=g","contentUrl":"https:\/\/secure.gravatar.com\/avatar\/1892091c53ef3b9c2fcb37ca6066e439?s=96&d=mm&r=g","caption":"Lesly Katherine Segura Camargo."},"url":"https:\/\/www.fiscalia.gov.co\/colombia\/author\/lesly-segura\/"}]}},"_links":{"self":[{"href":"https:\/\/www.fiscalia.gov.co\/colombia\/wp-json\/wp\/v2\/posts\/288759","targetHints":{"allow":["GET"]}}],"collection":[{"href":"https:\/\/www.fiscalia.gov.co\/colombia\/wp-json\/wp\/v2\/posts"}],"about":[{"href":"https:\/\/www.fiscalia.gov.co\/colombia\/wp-json\/wp\/v2\/types\/post"}],"author":[{"embeddable":true,"href":"https:\/\/www.fiscalia.gov.co\/colombia\/wp-json\/wp\/v2\/users\/179"}],"replies":[{"embeddable":true,"href":"https:\/\/www.fiscalia.gov.co\/colombia\/wp-json\/wp\/v2\/comments?post=288759"}],"version-history":[{"count":3,"href":"https:\/\/www.fiscalia.gov.co\/colombia\/wp-json\/wp\/v2\/posts\/288759\/revisions"}],"predecessor-version":[{"id":290032,"href":"https:\/\/www.fiscalia.gov.co\/colombia\/wp-json\/wp\/v2\/posts\/288759\/revisions\/290032"}],"wp:attachment":[{"href":"https:\/\/www.fiscalia.gov.co\/colombia\/wp-json\/wp\/v2\/media?parent=288759"}],"wp:term":[{"taxonomy":"category","embeddable":true,"href":"https:\/\/www.fiscalia.gov.co\/colombia\/wp-json\/wp\/v2\/categories?post=288759"},{"taxonomy":"post_tag","embeddable":true,"href":"https:\/\/www.fiscalia.gov.co\/colombia\/wp-json\/wp\/v2\/tags?post=288759"}],"curies":[{"name":"wp","href":"https:\/\/api.w.org\/{rel}","templated":true}]}}