{"id":288706,"date":"2024-02-21T09:31:36","date_gmt":"2024-02-21T14:31:36","guid":{"rendered":"https:\/\/www.fiscalia.gov.co\/colombia\/?p=288706"},"modified":"2024-03-06T15:08:17","modified_gmt":"2024-03-06T20:08:17","slug":"en-santa-marta-la-fiscalia-judicializo-a-cuatro-presuntos-extorsionistas-de-un-comerciante","status":"publish","type":"post","link":"https:\/\/www.fiscalia.gov.co\/colombia\/noticias\/en-santa-marta-la-fiscalia-judicializo-a-cuatro-presuntos-extorsionistas-de-un-comerciante\/","title":{"rendered":"En Santa Marta la Fiscal\u00eda judicializ\u00f3 a cuatro presuntos extorsionistas de un comerciante"},"content":{"rendered":"<p>Tras avalar los elementos materiales probatorios recaudados por un fiscal adscrito a la Seccional Magdalena, un juez con funci\u00f3n de control de garant\u00edas dict\u00f3 medida de aseguramiento en centro carcelario contra cuatro hombres, presuntamente implicados en la extorsi\u00f3n de la que ser\u00eda v\u00edctima un comerciante del sector de Puerto Mosquito en Santa Marta (Magdalena).<\/p>\n<figure id=\"attachment_288709\" aria-describedby=\"caption-attachment-288709\" style=\"width: 300px\" class=\"wp-caption aligncenter\"><img loading=\"lazy\" decoding=\"async\" class=\"wp-image-288709 size-medium\" title=\"Fiscal Martha Mancera, Martha Mancera, Fiscal Mancera\" src=\"https:\/\/www.fiscalia.gov.co\/colombia\/wp-content\/uploads\/A-estos-cuatro-presuntos-extorsionistas-de-un-comerciante-en-Santa-Marta-la-Fiscalia-les-endilgo-los-delitos-de-extorsion-agravada-y-porte-ilegal-de-armas-de-fuego-y-municiones.--300x166.jpeg\" alt=\" Los cuatro presuntos extorsionistas son custodiados por los uniformados del Gaula de la Polic\u00eda Nacional, tras su captura en el sector de Puerto Mosquito en Santa Marta.\" width=\"300\" height=\"166\" srcset=\"https:\/\/www.fiscalia.gov.co\/colombia\/wp-content\/uploads\/A-estos-cuatro-presuntos-extorsionistas-de-un-comerciante-en-Santa-Marta-la-Fiscalia-les-endilgo-los-delitos-de-extorsion-agravada-y-porte-ilegal-de-armas-de-fuego-y-municiones.--300x166.jpeg 300w, https:\/\/www.fiscalia.gov.co\/colombia\/wp-content\/uploads\/A-estos-cuatro-presuntos-extorsionistas-de-un-comerciante-en-Santa-Marta-la-Fiscalia-les-endilgo-los-delitos-de-extorsion-agravada-y-porte-ilegal-de-armas-de-fuego-y-municiones.--1024x568.jpeg 1024w, https:\/\/www.fiscalia.gov.co\/colombia\/wp-content\/uploads\/A-estos-cuatro-presuntos-extorsionistas-de-un-comerciante-en-Santa-Marta-la-Fiscalia-les-endilgo-los-delitos-de-extorsion-agravada-y-porte-ilegal-de-armas-de-fuego-y-municiones.--768x426.jpeg 768w, https:\/\/www.fiscalia.gov.co\/colombia\/wp-content\/uploads\/A-estos-cuatro-presuntos-extorsionistas-de-un-comerciante-en-Santa-Marta-la-Fiscalia-les-endilgo-los-delitos-de-extorsion-agravada-y-porte-ilegal-de-armas-de-fuego-y-municiones.--696x385.jpeg 696w, https:\/\/www.fiscalia.gov.co\/colombia\/wp-content\/uploads\/A-estos-cuatro-presuntos-extorsionistas-de-un-comerciante-en-Santa-Marta-la-Fiscalia-les-endilgo-los-delitos-de-extorsion-agravada-y-porte-ilegal-de-armas-de-fuego-y-municiones.--1068x592.jpeg 1068w, https:\/\/www.fiscalia.gov.co\/colombia\/wp-content\/uploads\/A-estos-cuatro-presuntos-extorsionistas-de-un-comerciante-en-Santa-Marta-la-Fiscalia-les-endilgo-los-delitos-de-extorsion-agravada-y-porte-ilegal-de-armas-de-fuego-y-municiones.--757x420.jpeg 757w, https:\/\/www.fiscalia.gov.co\/colombia\/wp-content\/uploads\/A-estos-cuatro-presuntos-extorsionistas-de-un-comerciante-en-Santa-Marta-la-Fiscalia-les-endilgo-los-delitos-de-extorsion-agravada-y-porte-ilegal-de-armas-de-fuego-y-municiones.-.jpeg 1284w\" sizes=\"auto, (max-width: 300px) 100vw, 300px\" \/><figcaption id=\"caption-attachment-288709\" class=\"wp-caption-text\">A estos cuatro presuntos extorsionistas de un comerciante en Santa Marta la Fiscal\u00eda les endilg\u00f3 los delitos de extorsi\u00f3n agravada y porte ilegal de armas de fuego y municiones.<\/figcaption><\/figure>\n<p>Se trata de Andr\u00e9s David Serrato Montes, Cristian Ademir Potes Riatiga, Jorge Eliecer C\u00e1rdenas P\u00e9rez y LeiverJose Arape Carrillo quienes vendr\u00edan realizando exigencias econ\u00f3micas ilegales a nombre de la organizaci\u00f3n ilegal Los Pachenca.<\/p>\n<p>Labores de polic\u00eda judicial evidenciaron que estas personas pretend\u00edan que el hombre les entregara seis millones de pesos, so pena de atentar contra su vida y afectar sus propiedades.<\/p>\n<p>Seg\u00fan la investigaci\u00f3n, las intimidaciones eran realizadas v\u00eda celular y en otras lo habr\u00edan hostigado en su residencia a la que se cree, intentaron ingresar por la fuerza. Unidades de la Polic\u00eda Nacional atendieron el llamado de la v\u00edctima logrando capturar a los procesados. En medio de las acciones los investigados lanzaron una bolsa en la que iba oculta un arma de fuego, la cual fue incautada.<\/p>\n<p>La Fiscal\u00eda les imput\u00f3 a los procesados, seg\u00fan su posible responsabilidad, delitos como extorsi\u00f3n agravada y porte ilegal de armas de fuego y municiones. Ninguno de los cargos fue aceptado.<\/p>\n<p>Esta informaci\u00f3n se publica por razones de inter\u00e9s general.<\/p>\n<p>&nbsp;<\/p>\n<p><strong>La Fiscal\u00eda habla con resultados.<\/strong><\/p>\n<p>&nbsp;<\/p>\n<p>&nbsp;<\/p>\n<p>&nbsp;<\/p>\n<p>SCKR\/MAGA\/AAML\/GAMM\/DSM<\/p>\n<p>&nbsp;<\/p>\n<p>&nbsp;<\/p>\n<p>&nbsp;<\/p>\n<p><em>La informaci\u00f3n contenida en este bolet\u00edn de prensa corresponde a la narraci\u00f3n de los hechos noticiosos objetivos, suministrados por los funcionarios encargados de adelantar las investigaciones penales al interior de la Fiscal\u00eda General de la Naci\u00f3n. Para el momento de la divulgaci\u00f3n de este comunicado, la situaci\u00f3n jur\u00eddica de la(s) persona(s) relacionada(s) se encuentra pendiente de resolver por la autoridad judicial competente, siempre bajo los preceptos de la presunci\u00f3n de inocencia, consagrados en el art\u00edculo 29 de la Constituci\u00f3n Pol\u00edtica y el art\u00edculo 7\u00ba de la Ley 906 de 2004.<\/em><\/p>\n\n<div class=\"twitter-share\"><a href=\"https:\/\/twitter.com\/intent\/tweet?via=fiscaliacol\" class=\"twitter-share-button\">Tweet<\/a><\/div>\n","protected":false},"excerpt":{"rendered":"<p>Tras avalar los elementos materiales probatorios recaudados por un fiscal adscrito a la Seccional Magdalena, un juez con funci\u00f3n de control de garant\u00edas dict\u00f3 medida de aseguramiento en centro carcelario contra cuatro hombres, presuntamente implicados en la extorsi\u00f3n de la que ser\u00eda v\u00edctima un comerciante del sector de Puerto Mosquito en Santa Marta (Magdalena). Se [&hellip;]<\/p>\n","protected":false},"author":179,"featured_media":289502,"comment_status":"closed","ping_status":"open","sticky":false,"template":"","format":"video","meta":{"tdm_status":"","tdm_grid_status":"","footnotes":""},"categories":[1,339,303,24099],"tags":[12163,2612,37032,1923,37086,36949,17598,12496,23979,26350,37033,23839,24310,17445],"class_list":{"0":"post-288706","1":"post","2":"type-post","3":"status-publish","4":"format-video","5":"has-post-thumbnail","7":"category-noticias","8":"category-seccional-santa-marta","9":"category-seccionales","10":"category-seguridad-territorial","11":"tag-arma-de-fuego","12":"tag-comerciante","13":"tag-extorsion-agravada-y-porte-ilegal-de-armas-de-fuego-y-municiones","14":"tag-extorsionistas","15":"tag-fiscal-mancera","16":"tag-fiscal-martha-mancera","17":"tag-hombre","18":"tag-los-pachenca","19":"tag-magdalena","20":"tag-martha-mancera","21":"tag-puerto-mosquito","22":"tag-santa-marta","23":"tag-seccional-magdalena","24":"tag-victima","25":"post_format-post-format-video"},"yoast_head":"<!-- This site is optimized with the Yoast SEO plugin v24.3 - https:\/\/yoast.com\/wordpress\/plugins\/seo\/ -->\n<title>Fiscal\u00eda General de la Naci\u00f3n<\/title>\n<meta name=\"description\" content=\"P\u00e1gina oficial de la Fiscal\u00eda General de la Naci\u00f3n \u2013 Colombia. Garantizamos el acceso efectivo a la justicia, la verdad y la reparaci\u00f3n de las v\u00edctimas de los delitos.\" \/>\n<meta name=\"robots\" content=\"noindex, follow\" \/>\n<meta property=\"og:locale\" content=\"es_ES\" \/>\n<meta property=\"og:type\" content=\"article\" \/>\n<meta property=\"og:title\" content=\"Fiscal\u00eda General de la Naci\u00f3n\" \/>\n<meta property=\"og:description\" content=\"P\u00e1gina oficial de la Fiscal\u00eda General de la Naci\u00f3n \u2013 Colombia. Garantizamos el acceso efectivo a la justicia, la verdad y la reparaci\u00f3n de las v\u00edctimas de los delitos.\" \/>\n<meta property=\"og:url\" content=\"https:\/\/www.fiscalia.gov.co\/colombia\/noticias\/en-santa-marta-la-fiscalia-judicializo-a-cuatro-presuntos-extorsionistas-de-un-comerciante\/\" \/>\n<meta property=\"og:site_name\" content=\"Fiscal\u00eda General de la Naci\u00f3n\" \/>\n<meta property=\"article:publisher\" content=\"https:\/\/www.facebook.com\/FiscaliaCol\" \/>\n<meta property=\"article:published_time\" content=\"2024-02-21T14:31:36+00:00\" \/>\n<meta property=\"article:modified_time\" content=\"2024-03-06T20:08:17+00:00\" \/>\n<meta property=\"og:image\" content=\"https:\/\/www.fiscalia.gov.co\/colombia\/wp-content\/uploads\/maxresdefault-1417.jpg\" \/>\n\t<meta property=\"og:image:width\" content=\"1280\" \/>\n\t<meta property=\"og:image:height\" content=\"720\" \/>\n\t<meta property=\"og:image:type\" content=\"image\/jpeg\" \/>\n<meta name=\"author\" content=\"Lesly Katherine Segura Camargo.\" \/>\n<meta name=\"twitter:card\" content=\"summary_large_image\" \/>\n<meta name=\"twitter:creator\" content=\"@FiscaliaCol\" \/>\n<meta name=\"twitter:site\" content=\"@FiscaliaCol\" \/>\n<meta name=\"twitter:label1\" content=\"Escrito por\" \/>\n\t<meta name=\"twitter:data1\" content=\"Lesly Katherine Segura Camargo.\" \/>\n\t<meta name=\"twitter:label2\" content=\"Tiempo de lectura\" \/>\n\t<meta name=\"twitter:data2\" content=\"2 minutos\" \/>\n<script type=\"application\/ld+json\" class=\"yoast-schema-graph\">{\"@context\":\"https:\/\/schema.org\",\"@graph\":[{\"@type\":\"Article\",\"@id\":\"https:\/\/www.fiscalia.gov.co\/colombia\/noticias\/en-santa-marta-la-fiscalia-judicializo-a-cuatro-presuntos-extorsionistas-de-un-comerciante\/#article\",\"isPartOf\":{\"@id\":\"https:\/\/www.fiscalia.gov.co\/colombia\/noticias\/en-santa-marta-la-fiscalia-judicializo-a-cuatro-presuntos-extorsionistas-de-un-comerciante\/\"},\"author\":{\"name\":\"Lesly Katherine Segura Camargo.\",\"@id\":\"https:\/\/www.fiscalia.gov.co\/colombia\/#\/schema\/person\/6be81acb78add0abcbda2c598c1d53e1\"},\"headline\":\"En Santa Marta la Fiscal\u00eda judicializ\u00f3 a cuatro presuntos extorsionistas de un comerciante\",\"datePublished\":\"2024-02-21T14:31:36+00:00\",\"dateModified\":\"2024-03-06T20:08:17+00:00\",\"mainEntityOfPage\":{\"@id\":\"https:\/\/www.fiscalia.gov.co\/colombia\/noticias\/en-santa-marta-la-fiscalia-judicializo-a-cuatro-presuntos-extorsionistas-de-un-comerciante\/\"},\"wordCount\":418,\"publisher\":{\"@id\":\"https:\/\/www.fiscalia.gov.co\/colombia\/#organization\"},\"image\":{\"@id\":\"https:\/\/www.fiscalia.gov.co\/colombia\/noticias\/en-santa-marta-la-fiscalia-judicializo-a-cuatro-presuntos-extorsionistas-de-un-comerciante\/#primaryimage\"},\"thumbnailUrl\":\"https:\/\/www.fiscalia.gov.co\/colombia\/wp-content\/uploads\/maxresdefault-1417.jpg\",\"keywords\":[\"Arma de fuego\",\"Comerciante\",\"extorsi\u00f3n agravada y porte ilegal de armas de fuego y municiones\",\"Extorsionistas\",\"fiscal mancera\",\"fiscal martha mancera\",\"Hombre\",\"Los Pachenca\",\"Magdalena\",\"Martha Mancera\",\"Puerto Mosquito\",\"Santa Marta\",\"Seccional Magdalena\",\"V\u00edctima\"],\"articleSection\":[\"Noticias\",\"Seccional Santa Marta\",\"Seccionales\",\"Seguridad territorial\"],\"inLanguage\":\"es-CO\"},{\"@type\":\"WebPage\",\"@id\":\"https:\/\/www.fiscalia.gov.co\/colombia\/noticias\/en-santa-marta-la-fiscalia-judicializo-a-cuatro-presuntos-extorsionistas-de-un-comerciante\/\",\"url\":\"https:\/\/www.fiscalia.gov.co\/colombia\/noticias\/en-santa-marta-la-fiscalia-judicializo-a-cuatro-presuntos-extorsionistas-de-un-comerciante\/\",\"name\":\"Fiscal\u00eda General de la Naci\u00f3n\",\"isPartOf\":{\"@id\":\"https:\/\/www.fiscalia.gov.co\/colombia\/#website\"},\"primaryImageOfPage\":{\"@id\":\"https:\/\/www.fiscalia.gov.co\/colombia\/noticias\/en-santa-marta-la-fiscalia-judicializo-a-cuatro-presuntos-extorsionistas-de-un-comerciante\/#primaryimage\"},\"image\":{\"@id\":\"https:\/\/www.fiscalia.gov.co\/colombia\/noticias\/en-santa-marta-la-fiscalia-judicializo-a-cuatro-presuntos-extorsionistas-de-un-comerciante\/#primaryimage\"},\"thumbnailUrl\":\"https:\/\/www.fiscalia.gov.co\/colombia\/wp-content\/uploads\/maxresdefault-1417.jpg\",\"datePublished\":\"2024-02-21T14:31:36+00:00\",\"dateModified\":\"2024-03-06T20:08:17+00:00\",\"description\":\"P\u00e1gina oficial de la Fiscal\u00eda General de la Naci\u00f3n \u2013 Colombia. Garantizamos el acceso efectivo a la justicia, la verdad y la reparaci\u00f3n de las v\u00edctimas de los delitos.\",\"breadcrumb\":{\"@id\":\"https:\/\/www.fiscalia.gov.co\/colombia\/noticias\/en-santa-marta-la-fiscalia-judicializo-a-cuatro-presuntos-extorsionistas-de-un-comerciante\/#breadcrumb\"},\"inLanguage\":\"es-CO\",\"potentialAction\":[{\"@type\":\"ReadAction\",\"target\":[\"https:\/\/www.fiscalia.gov.co\/colombia\/noticias\/en-santa-marta-la-fiscalia-judicializo-a-cuatro-presuntos-extorsionistas-de-un-comerciante\/\"]}]},{\"@type\":\"ImageObject\",\"inLanguage\":\"es-CO\",\"@id\":\"https:\/\/www.fiscalia.gov.co\/colombia\/noticias\/en-santa-marta-la-fiscalia-judicializo-a-cuatro-presuntos-extorsionistas-de-un-comerciante\/#primaryimage\",\"url\":\"https:\/\/www.fiscalia.gov.co\/colombia\/wp-content\/uploads\/maxresdefault-1417.jpg\",\"contentUrl\":\"https:\/\/www.fiscalia.gov.co\/colombia\/wp-content\/uploads\/maxresdefault-1417.jpg\",\"width\":1280,\"height\":720},{\"@type\":\"BreadcrumbList\",\"@id\":\"https:\/\/www.fiscalia.gov.co\/colombia\/noticias\/en-santa-marta-la-fiscalia-judicializo-a-cuatro-presuntos-extorsionistas-de-un-comerciante\/#breadcrumb\",\"itemListElement\":[{\"@type\":\"ListItem\",\"position\":1,\"name\":\"Home\",\"item\":\"https:\/\/www.fiscalia.gov.co\/colombia\/\"},{\"@type\":\"ListItem\",\"position\":2,\"name\":\"En Santa Marta la Fiscal\u00eda judicializ\u00f3 a cuatro presuntos extorsionistas de un comerciante\"}]},{\"@type\":\"WebSite\",\"@id\":\"https:\/\/www.fiscalia.gov.co\/colombia\/#website\",\"url\":\"https:\/\/www.fiscalia.gov.co\/colombia\/\",\"name\":\"Fiscal\u00eda General de la Naci\u00f3n\",\"description\":\"P\u00e1gina oficial de la Fiscal\u00eda General de la Naci\u00f3n \u2013 Colombia. Garantizamos el acceso efectivo a la justicia, la verdad y la reparaci\u00f3n de las v\u00edctimas de los delitos.\",\"publisher\":{\"@id\":\"https:\/\/www.fiscalia.gov.co\/colombia\/#organization\"},\"potentialAction\":[{\"@type\":\"SearchAction\",\"target\":{\"@type\":\"EntryPoint\",\"urlTemplate\":\"https:\/\/www.fiscalia.gov.co\/colombia\/?s={search_term_string}\"},\"query-input\":{\"@type\":\"PropertyValueSpecification\",\"valueRequired\":true,\"valueName\":\"search_term_string\"}}],\"inLanguage\":\"es-CO\"},{\"@type\":\"Organization\",\"@id\":\"https:\/\/www.fiscalia.gov.co\/colombia\/#organization\",\"name\":\"Fiscal\u00eda General de la Naci\u00f3n\",\"url\":\"https:\/\/www.fiscalia.gov.co\/colombia\/\",\"logo\":{\"@type\":\"ImageObject\",\"inLanguage\":\"es-CO\",\"@id\":\"https:\/\/www.fiscalia.gov.co\/colombia\/#\/schema\/logo\/image\/\",\"url\":\"https:\/\/www.fiscalia.gov.co\/colombia\/wp-content\/uploads\/LogoHorizontal_1.jpg\",\"contentUrl\":\"https:\/\/www.fiscalia.gov.co\/colombia\/wp-content\/uploads\/LogoHorizontal_1.jpg\",\"width\":300,\"height\":90,\"caption\":\"Fiscal\u00eda General de la Naci\u00f3n\"},\"image\":{\"@id\":\"https:\/\/www.fiscalia.gov.co\/colombia\/#\/schema\/logo\/image\/\"},\"sameAs\":[\"https:\/\/www.facebook.com\/FiscaliaCol\",\"https:\/\/x.com\/FiscaliaCol\",\"https:\/\/www.instagram.com\/fiscaliacol\",\"https:\/\/www.linkedin.com\/company\/fiscalia-general-de-la-naci-n\/\",\"https:\/\/youtube.com\/@fiscaliageneraldelanacion-4668?si=6nN79nyQICPU5iTh\"]},{\"@type\":\"Person\",\"@id\":\"https:\/\/www.fiscalia.gov.co\/colombia\/#\/schema\/person\/6be81acb78add0abcbda2c598c1d53e1\",\"name\":\"Lesly Katherine Segura Camargo.\",\"image\":{\"@type\":\"ImageObject\",\"inLanguage\":\"es-CO\",\"@id\":\"https:\/\/www.fiscalia.gov.co\/colombia\/#\/schema\/person\/image\/\",\"url\":\"https:\/\/secure.gravatar.com\/avatar\/1892091c53ef3b9c2fcb37ca6066e439?s=96&d=mm&r=g\",\"contentUrl\":\"https:\/\/secure.gravatar.com\/avatar\/1892091c53ef3b9c2fcb37ca6066e439?s=96&d=mm&r=g\",\"caption\":\"Lesly Katherine Segura Camargo.\"},\"url\":\"https:\/\/www.fiscalia.gov.co\/colombia\/author\/lesly-segura\/\"}]}<\/script>\n<!-- \/ Yoast SEO plugin. -->","yoast_head_json":{"title":"Fiscal\u00eda General de la Naci\u00f3n","description":"P\u00e1gina oficial de la Fiscal\u00eda General de la Naci\u00f3n \u2013 Colombia. Garantizamos el acceso efectivo a la justicia, la verdad y la reparaci\u00f3n de las v\u00edctimas de los delitos.","robots":{"index":"noindex","follow":"follow"},"og_locale":"es_ES","og_type":"article","og_title":"Fiscal\u00eda General de la Naci\u00f3n","og_description":"P\u00e1gina oficial de la Fiscal\u00eda General de la Naci\u00f3n \u2013 Colombia. Garantizamos el acceso efectivo a la justicia, la verdad y la reparaci\u00f3n de las v\u00edctimas de los delitos.","og_url":"https:\/\/www.fiscalia.gov.co\/colombia\/noticias\/en-santa-marta-la-fiscalia-judicializo-a-cuatro-presuntos-extorsionistas-de-un-comerciante\/","og_site_name":"Fiscal\u00eda General de la Naci\u00f3n","article_publisher":"https:\/\/www.facebook.com\/FiscaliaCol","article_published_time":"2024-02-21T14:31:36+00:00","article_modified_time":"2024-03-06T20:08:17+00:00","og_image":[{"width":1280,"height":720,"url":"https:\/\/www.fiscalia.gov.co\/colombia\/wp-content\/uploads\/maxresdefault-1417.jpg","type":"image\/jpeg"}],"author":"Lesly Katherine Segura Camargo.","twitter_card":"summary_large_image","twitter_creator":"@FiscaliaCol","twitter_site":"@FiscaliaCol","twitter_misc":{"Escrito por":"Lesly Katherine Segura Camargo.","Tiempo de lectura":"2 minutos"},"schema":{"@context":"https:\/\/schema.org","@graph":[{"@type":"Article","@id":"https:\/\/www.fiscalia.gov.co\/colombia\/noticias\/en-santa-marta-la-fiscalia-judicializo-a-cuatro-presuntos-extorsionistas-de-un-comerciante\/#article","isPartOf":{"@id":"https:\/\/www.fiscalia.gov.co\/colombia\/noticias\/en-santa-marta-la-fiscalia-judicializo-a-cuatro-presuntos-extorsionistas-de-un-comerciante\/"},"author":{"name":"Lesly Katherine Segura Camargo.","@id":"https:\/\/www.fiscalia.gov.co\/colombia\/#\/schema\/person\/6be81acb78add0abcbda2c598c1d53e1"},"headline":"En Santa Marta la Fiscal\u00eda judicializ\u00f3 a cuatro presuntos extorsionistas de un comerciante","datePublished":"2024-02-21T14:31:36+00:00","dateModified":"2024-03-06T20:08:17+00:00","mainEntityOfPage":{"@id":"https:\/\/www.fiscalia.gov.co\/colombia\/noticias\/en-santa-marta-la-fiscalia-judicializo-a-cuatro-presuntos-extorsionistas-de-un-comerciante\/"},"wordCount":418,"publisher":{"@id":"https:\/\/www.fiscalia.gov.co\/colombia\/#organization"},"image":{"@id":"https:\/\/www.fiscalia.gov.co\/colombia\/noticias\/en-santa-marta-la-fiscalia-judicializo-a-cuatro-presuntos-extorsionistas-de-un-comerciante\/#primaryimage"},"thumbnailUrl":"https:\/\/www.fiscalia.gov.co\/colombia\/wp-content\/uploads\/maxresdefault-1417.jpg","keywords":["Arma de fuego","Comerciante","extorsi\u00f3n agravada y porte ilegal de armas de fuego y municiones","Extorsionistas","fiscal mancera","fiscal martha mancera","Hombre","Los Pachenca","Magdalena","Martha Mancera","Puerto Mosquito","Santa Marta","Seccional Magdalena","V\u00edctima"],"articleSection":["Noticias","Seccional Santa Marta","Seccionales","Seguridad territorial"],"inLanguage":"es-CO"},{"@type":"WebPage","@id":"https:\/\/www.fiscalia.gov.co\/colombia\/noticias\/en-santa-marta-la-fiscalia-judicializo-a-cuatro-presuntos-extorsionistas-de-un-comerciante\/","url":"https:\/\/www.fiscalia.gov.co\/colombia\/noticias\/en-santa-marta-la-fiscalia-judicializo-a-cuatro-presuntos-extorsionistas-de-un-comerciante\/","name":"Fiscal\u00eda General de la Naci\u00f3n","isPartOf":{"@id":"https:\/\/www.fiscalia.gov.co\/colombia\/#website"},"primaryImageOfPage":{"@id":"https:\/\/www.fiscalia.gov.co\/colombia\/noticias\/en-santa-marta-la-fiscalia-judicializo-a-cuatro-presuntos-extorsionistas-de-un-comerciante\/#primaryimage"},"image":{"@id":"https:\/\/www.fiscalia.gov.co\/colombia\/noticias\/en-santa-marta-la-fiscalia-judicializo-a-cuatro-presuntos-extorsionistas-de-un-comerciante\/#primaryimage"},"thumbnailUrl":"https:\/\/www.fiscalia.gov.co\/colombia\/wp-content\/uploads\/maxresdefault-1417.jpg","datePublished":"2024-02-21T14:31:36+00:00","dateModified":"2024-03-06T20:08:17+00:00","description":"P\u00e1gina oficial de la Fiscal\u00eda General de la Naci\u00f3n \u2013 Colombia. Garantizamos el acceso efectivo a la justicia, la verdad y la reparaci\u00f3n de las v\u00edctimas de los delitos.","breadcrumb":{"@id":"https:\/\/www.fiscalia.gov.co\/colombia\/noticias\/en-santa-marta-la-fiscalia-judicializo-a-cuatro-presuntos-extorsionistas-de-un-comerciante\/#breadcrumb"},"inLanguage":"es-CO","potentialAction":[{"@type":"ReadAction","target":["https:\/\/www.fiscalia.gov.co\/colombia\/noticias\/en-santa-marta-la-fiscalia-judicializo-a-cuatro-presuntos-extorsionistas-de-un-comerciante\/"]}]},{"@type":"ImageObject","inLanguage":"es-CO","@id":"https:\/\/www.fiscalia.gov.co\/colombia\/noticias\/en-santa-marta-la-fiscalia-judicializo-a-cuatro-presuntos-extorsionistas-de-un-comerciante\/#primaryimage","url":"https:\/\/www.fiscalia.gov.co\/colombia\/wp-content\/uploads\/maxresdefault-1417.jpg","contentUrl":"https:\/\/www.fiscalia.gov.co\/colombia\/wp-content\/uploads\/maxresdefault-1417.jpg","width":1280,"height":720},{"@type":"BreadcrumbList","@id":"https:\/\/www.fiscalia.gov.co\/colombia\/noticias\/en-santa-marta-la-fiscalia-judicializo-a-cuatro-presuntos-extorsionistas-de-un-comerciante\/#breadcrumb","itemListElement":[{"@type":"ListItem","position":1,"name":"Home","item":"https:\/\/www.fiscalia.gov.co\/colombia\/"},{"@type":"ListItem","position":2,"name":"En Santa Marta la Fiscal\u00eda judicializ\u00f3 a cuatro presuntos extorsionistas de un comerciante"}]},{"@type":"WebSite","@id":"https:\/\/www.fiscalia.gov.co\/colombia\/#website","url":"https:\/\/www.fiscalia.gov.co\/colombia\/","name":"Fiscal\u00eda General de la Naci\u00f3n","description":"P\u00e1gina oficial de la Fiscal\u00eda General de la Naci\u00f3n \u2013 Colombia. Garantizamos el acceso efectivo a la justicia, la verdad y la reparaci\u00f3n de las v\u00edctimas de los delitos.","publisher":{"@id":"https:\/\/www.fiscalia.gov.co\/colombia\/#organization"},"potentialAction":[{"@type":"SearchAction","target":{"@type":"EntryPoint","urlTemplate":"https:\/\/www.fiscalia.gov.co\/colombia\/?s={search_term_string}"},"query-input":{"@type":"PropertyValueSpecification","valueRequired":true,"valueName":"search_term_string"}}],"inLanguage":"es-CO"},{"@type":"Organization","@id":"https:\/\/www.fiscalia.gov.co\/colombia\/#organization","name":"Fiscal\u00eda General de la Naci\u00f3n","url":"https:\/\/www.fiscalia.gov.co\/colombia\/","logo":{"@type":"ImageObject","inLanguage":"es-CO","@id":"https:\/\/www.fiscalia.gov.co\/colombia\/#\/schema\/logo\/image\/","url":"https:\/\/www.fiscalia.gov.co\/colombia\/wp-content\/uploads\/LogoHorizontal_1.jpg","contentUrl":"https:\/\/www.fiscalia.gov.co\/colombia\/wp-content\/uploads\/LogoHorizontal_1.jpg","width":300,"height":90,"caption":"Fiscal\u00eda General de la Naci\u00f3n"},"image":{"@id":"https:\/\/www.fiscalia.gov.co\/colombia\/#\/schema\/logo\/image\/"},"sameAs":["https:\/\/www.facebook.com\/FiscaliaCol","https:\/\/x.com\/FiscaliaCol","https:\/\/www.instagram.com\/fiscaliacol","https:\/\/www.linkedin.com\/company\/fiscalia-general-de-la-naci-n\/","https:\/\/youtube.com\/@fiscaliageneraldelanacion-4668?si=6nN79nyQICPU5iTh"]},{"@type":"Person","@id":"https:\/\/www.fiscalia.gov.co\/colombia\/#\/schema\/person\/6be81acb78add0abcbda2c598c1d53e1","name":"Lesly Katherine Segura Camargo.","image":{"@type":"ImageObject","inLanguage":"es-CO","@id":"https:\/\/www.fiscalia.gov.co\/colombia\/#\/schema\/person\/image\/","url":"https:\/\/secure.gravatar.com\/avatar\/1892091c53ef3b9c2fcb37ca6066e439?s=96&d=mm&r=g","contentUrl":"https:\/\/secure.gravatar.com\/avatar\/1892091c53ef3b9c2fcb37ca6066e439?s=96&d=mm&r=g","caption":"Lesly Katherine Segura Camargo."},"url":"https:\/\/www.fiscalia.gov.co\/colombia\/author\/lesly-segura\/"}]}},"_links":{"self":[{"href":"https:\/\/www.fiscalia.gov.co\/colombia\/wp-json\/wp\/v2\/posts\/288706","targetHints":{"allow":["GET"]}}],"collection":[{"href":"https:\/\/www.fiscalia.gov.co\/colombia\/wp-json\/wp\/v2\/posts"}],"about":[{"href":"https:\/\/www.fiscalia.gov.co\/colombia\/wp-json\/wp\/v2\/types\/post"}],"author":[{"embeddable":true,"href":"https:\/\/www.fiscalia.gov.co\/colombia\/wp-json\/wp\/v2\/users\/179"}],"replies":[{"embeddable":true,"href":"https:\/\/www.fiscalia.gov.co\/colombia\/wp-json\/wp\/v2\/comments?post=288706"}],"version-history":[{"count":3,"href":"https:\/\/www.fiscalia.gov.co\/colombia\/wp-json\/wp\/v2\/posts\/288706\/revisions"}],"predecessor-version":[{"id":290023,"href":"https:\/\/www.fiscalia.gov.co\/colombia\/wp-json\/wp\/v2\/posts\/288706\/revisions\/290023"}],"wp:featuredmedia":[{"embeddable":true,"href":"https:\/\/www.fiscalia.gov.co\/colombia\/wp-json\/wp\/v2\/media\/289502"}],"wp:attachment":[{"href":"https:\/\/www.fiscalia.gov.co\/colombia\/wp-json\/wp\/v2\/media?parent=288706"}],"wp:term":[{"taxonomy":"category","embeddable":true,"href":"https:\/\/www.fiscalia.gov.co\/colombia\/wp-json\/wp\/v2\/categories?post=288706"},{"taxonomy":"post_tag","embeddable":true,"href":"https:\/\/www.fiscalia.gov.co\/colombia\/wp-json\/wp\/v2\/tags?post=288706"}],"curies":[{"name":"wp","href":"https:\/\/api.w.org\/{rel}","templated":true}]}}