{"id":288570,"date":"2024-02-19T15:11:30","date_gmt":"2024-02-19T20:11:30","guid":{"rendered":"https:\/\/www.fiscalia.gov.co\/colombia\/?p=288570"},"modified":"2024-03-06T14:55:05","modified_gmt":"2024-03-06T19:55:05","slug":"asegurado-alias-chinga-como-presunto-responsable-de-tres-homicidios-y-tres-tentativas-de-homicidio-en-buga","status":"publish","type":"post","link":"https:\/\/www.fiscalia.gov.co\/colombia\/noticias\/asegurado-alias-chinga-como-presunto-responsable-de-tres-homicidios-y-tres-tentativas-de-homicidio-en-buga\/","title":{"rendered":"Asegurado alias Chinga como presunto responsable de tres homicidios y tres tentativas de homicidio en Buga"},"content":{"rendered":"<p>La Fiscal\u00eda General de la Naci\u00f3n logr\u00f3 que un juez de control de garant\u00edas enviara a la c\u00e1rcel a Mauricio Andr\u00e9s Villaquir\u00e1n L\u00f3pez, alias Chinga, se\u00f1alado como presunto implicado en tres casos de homicidios, entre ellos, el de un adolescente, as\u00ed como de tres tentativas de homicidio ocurridas en el municipio de Guadalajara de Buga (Valle del Cauca).<\/p>\n<figure id=\"attachment_288571\" aria-describedby=\"caption-attachment-288571\" style=\"width: 300px\" class=\"wp-caption aligncenter\"><img loading=\"lazy\" decoding=\"async\" class=\"wp-image-288571 size-medium\" title=\"Fiscal Martha Mancera, Martha Mancera, Fiscal Mancera\" src=\"https:\/\/www.fiscalia.gov.co\/colombia\/wp-content\/uploads\/Mauricio-Andres-Villaquiran-Lopez-alias-Chinga.-Homicidio-tentativa-homicidio-y-porte-ilegal-de-armas.-Buga-Valle-300x171.jpg\" alt=\"En la fotograf\u00eda aparece de pie y con los brazos atr\u00e1s Mauricio Andr\u00e9s Villaquir\u00e1n L\u00f3pez, alias Chinga. Viste camiseta de manga corta estampada con colores blanco y negro; pantaloneta y zapatillas blancas. A lado y lado de ellos hay uniformados de la Polic\u00eda Nacional. Delante de ellos hay una mesa y sobre ella se aprecia un celular y munici\u00f3n. Asimismo, hay dos letreros que dicen \u2018Celulares\u2019 y \u2018Munici\u00f3n\u2019. Detr\u00e1s de ellos hay un pend\u00f3n instituci\u00f3n de la Polic\u00eda Nacional.\" width=\"300\" height=\"171\" srcset=\"https:\/\/www.fiscalia.gov.co\/colombia\/wp-content\/uploads\/Mauricio-Andres-Villaquiran-Lopez-alias-Chinga.-Homicidio-tentativa-homicidio-y-porte-ilegal-de-armas.-Buga-Valle-300x171.jpg 300w, https:\/\/www.fiscalia.gov.co\/colombia\/wp-content\/uploads\/Mauricio-Andres-Villaquiran-Lopez-alias-Chinga.-Homicidio-tentativa-homicidio-y-porte-ilegal-de-armas.-Buga-Valle-1024x583.jpg 1024w, https:\/\/www.fiscalia.gov.co\/colombia\/wp-content\/uploads\/Mauricio-Andres-Villaquiran-Lopez-alias-Chinga.-Homicidio-tentativa-homicidio-y-porte-ilegal-de-armas.-Buga-Valle-768x437.jpg 768w, https:\/\/www.fiscalia.gov.co\/colombia\/wp-content\/uploads\/Mauricio-Andres-Villaquiran-Lopez-alias-Chinga.-Homicidio-tentativa-homicidio-y-porte-ilegal-de-armas.-Buga-Valle-696x396.jpg 696w, https:\/\/www.fiscalia.gov.co\/colombia\/wp-content\/uploads\/Mauricio-Andres-Villaquiran-Lopez-alias-Chinga.-Homicidio-tentativa-homicidio-y-porte-ilegal-de-armas.-Buga-Valle-1068x608.jpg 1068w, https:\/\/www.fiscalia.gov.co\/colombia\/wp-content\/uploads\/Mauricio-Andres-Villaquiran-Lopez-alias-Chinga.-Homicidio-tentativa-homicidio-y-porte-ilegal-de-armas.-Buga-Valle-738x420.jpg 738w, https:\/\/www.fiscalia.gov.co\/colombia\/wp-content\/uploads\/Mauricio-Andres-Villaquiran-Lopez-alias-Chinga.-Homicidio-tentativa-homicidio-y-porte-ilegal-de-armas.-Buga-Valle.jpg 1290w\" sizes=\"auto, (max-width: 300px) 100vw, 300px\" \/><figcaption id=\"caption-attachment-288571\" class=\"wp-caption-text\">Mauricio Andr\u00e9s Villaquir\u00e1n L\u00f3pez, alias Chinga, fue judicializado y privado de la libertad por su presunta participaci\u00f3n en tres homicidios y tres tentativas de homicidio, en Buga (Valle del Cauca).<\/figcaption><\/figure>\n<p>Seg\u00fan la Fiscal\u00eda, el hoy imputado est\u00e1 se\u00f1alado de haber participado en el homicidio de una mujer y un adolescente en condici\u00f3n de discapacidad; as\u00ed como en otras tres tentativas de homicidio. Estos il\u00edcitos ocurrieron en lo que va corrido del presente a\u00f1o.<\/p>\n<p>Servidores del Cuerpo T\u00e9cnico de Investigaci\u00f3n (CTI) y la Sij\u00edn de la Polic\u00eda Nacional, capturaron con orden judicial a alias Chinga, el pasado 17 de febrero, durante diligencia de registro y allanamiento, en el municipio en menci\u00f3n.<\/p>\n<p>En la misma diligencia las autoridades incautaron un tel\u00e9fono celular, munici\u00f3n y vainillas percutidas.<\/p>\n<p>Por esos hechos, un fiscal de la Seccional Valle del Cauca le imput\u00f3 al capturado los delitos de homicidio agravado, homicidio agravado en grado de tentativa y fabricaci\u00f3n, tr\u00e1fico o porte ilegal de armas de fuego o municiones.<\/p>\n<p>Por decisi\u00f3n del juez, el presunto implicado, quien no acept\u00f3 cargos, debe cumplir la medida de aseguramiento en centro carcelario.<\/p>\n<p>Esta informaci\u00f3n se publica por razones de inter\u00e9s general.<\/p>\n<p>&nbsp;<\/p>\n<p><strong>La Fiscal\u00eda habla con resultados.<\/strong><\/p>\n<p>&nbsp;<\/p>\n<p>&nbsp;<\/p>\n<p>MAP\/LV\/DSVC\/LYBT\/<\/p>\n<p>&nbsp;<\/p>\n<p>&nbsp;<\/p>\n<p><em>La informaci\u00f3n contenida en este bolet\u00edn de prensa corresponde a la narraci\u00f3n de los hechos noticiosos objetivos, suministrados por los funcionarios encargados de adelantar las investigaciones penales al interior de la Fiscal\u00eda General de la Naci\u00f3n. Para el momento de la divulgaci\u00f3n de este comunicado, la situaci\u00f3n jur\u00eddica de la(s) persona(s) relacionada(s) se encuentra pendiente de resolver por la autoridad judicial competente, siempre bajo los preceptos de la presunci\u00f3n de inocencia, consagrados en el art\u00edculo 29 de la Constituci\u00f3n Pol\u00edtica y el art\u00edculo 7\u00ba de la Ley 906 de 2004.<\/em><\/p>\n\n<div class=\"twitter-share\"><a href=\"https:\/\/twitter.com\/intent\/tweet?via=fiscaliacol\" class=\"twitter-share-button\">Tweet<\/a><\/div>\n","protected":false},"excerpt":{"rendered":"<p>La Fiscal\u00eda General de la Naci\u00f3n logr\u00f3 que un juez de control de garant\u00edas enviara a la c\u00e1rcel a Mauricio Andr\u00e9s Villaquir\u00e1n L\u00f3pez, alias Chinga, se\u00f1alado como presunto implicado en tres casos de homicidios, entre ellos, el de un adolescente, as\u00ed como de tres tentativas de homicidio ocurridas en el municipio de Guadalajara de Buga [&hellip;]<\/p>\n","protected":false},"author":179,"featured_media":289251,"comment_status":"closed","ping_status":"open","sticky":false,"template":"","format":"video","meta":{"_price":"","_stock":"","_tribe_ticket_header":"","_tribe_default_ticket_provider":"","_tribe_ticket_capacity":"0","_ticket_start_date":"","_ticket_end_date":"","_tribe_ticket_show_description":"","_tribe_ticket_show_not_going":false,"_tribe_ticket_use_global_stock":"","_tribe_ticket_global_stock_level":"","_global_stock_mode":"","_global_stock_cap":"","_tribe_rsvp_for_event":"","_tribe_ticket_going_count":"","_tribe_ticket_not_going_count":"","_tribe_tickets_list":"[]","_tribe_ticket_has_attendee_info_fields":false,"tdm_status":"","tdm_grid_status":"","footnotes":""},"categories":[1,323,303,24099],"tags":[28837,12424,24551,78,37086,36949,24187,686,27526,26350,1185,24549,29437,15635],"class_list":{"0":"post-288570","1":"post","2":"type-post","3":"status-publish","4":"format-video","5":"has-post-thumbnail","7":"category-noticias","8":"category-seccional-buga","9":"category-seccionales","10":"category-seguridad-territorial","11":"tag-alias-chinga","12":"tag-capturado","13":"tag-centro-carcelario","14":"tag-fiscal-general-de-la-nacion","15":"tag-fiscal-mancera","16":"tag-fiscal-martha-mancera","17":"tag-fiscalia-colombia","18":"tag-homicidio-agravado","19":"tag-homicidio-agravado-en-grado-de-tentativa-y-fabricacion","20":"tag-martha-mancera","21":"tag-medida-de-aseguramiento","22":"tag-orden-judicial","23":"tag-seccional-valle-del-cauca","24":"tag-trafico-o-porte-ilegal-de-armas-de-fuego-o-municiones","25":"post_format-post-format-video"},"yoast_head":"<!-- This site is optimized with the Yoast SEO plugin v24.3 - https:\/\/yoast.com\/wordpress\/plugins\/seo\/ -->\n<title>Fiscal\u00eda General de la Naci\u00f3n<\/title>\n<meta name=\"description\" content=\"P\u00e1gina oficial de la Fiscal\u00eda General de la Naci\u00f3n \u2013 Colombia. Garantizamos el acceso efectivo a la justicia, la verdad y la reparaci\u00f3n de las v\u00edctimas de los delitos.\" \/>\n<meta name=\"robots\" content=\"noindex, follow\" \/>\n<meta property=\"og:locale\" content=\"es_ES\" \/>\n<meta property=\"og:type\" content=\"article\" \/>\n<meta property=\"og:title\" content=\"Fiscal\u00eda General de la Naci\u00f3n\" \/>\n<meta property=\"og:description\" content=\"P\u00e1gina oficial de la Fiscal\u00eda General de la Naci\u00f3n \u2013 Colombia. Garantizamos el acceso efectivo a la justicia, la verdad y la reparaci\u00f3n de las v\u00edctimas de los delitos.\" \/>\n<meta property=\"og:url\" content=\"https:\/\/www.fiscalia.gov.co\/colombia\/noticias\/asegurado-alias-chinga-como-presunto-responsable-de-tres-homicidios-y-tres-tentativas-de-homicidio-en-buga\/\" \/>\n<meta property=\"og:site_name\" content=\"Fiscal\u00eda General de la Naci\u00f3n\" \/>\n<meta property=\"article:publisher\" content=\"https:\/\/www.facebook.com\/FiscaliaCol\" \/>\n<meta property=\"article:published_time\" content=\"2024-02-19T20:11:30+00:00\" \/>\n<meta property=\"article:modified_time\" content=\"2024-03-06T19:55:05+00:00\" \/>\n<meta property=\"og:image\" content=\"https:\/\/www.fiscalia.gov.co\/colombia\/wp-content\/uploads\/maxresdefault-1413.jpg\" \/>\n\t<meta property=\"og:image:width\" content=\"1280\" \/>\n\t<meta property=\"og:image:height\" content=\"720\" \/>\n\t<meta property=\"og:image:type\" content=\"image\/jpeg\" \/>\n<meta name=\"author\" content=\"Lesly Katherine Segura Camargo.\" \/>\n<meta name=\"twitter:card\" content=\"summary_large_image\" \/>\n<meta name=\"twitter:creator\" content=\"@FiscaliaCol\" \/>\n<meta name=\"twitter:site\" content=\"@FiscaliaCol\" \/>\n<meta name=\"twitter:label1\" content=\"Escrito por\" \/>\n\t<meta name=\"twitter:data1\" content=\"Lesly Katherine Segura Camargo.\" \/>\n\t<meta name=\"twitter:label2\" content=\"Tiempo de lectura\" \/>\n\t<meta name=\"twitter:data2\" content=\"2 minutos\" \/>\n<script type=\"application\/ld+json\" class=\"yoast-schema-graph\">{\"@context\":\"https:\/\/schema.org\",\"@graph\":[{\"@type\":\"Article\",\"@id\":\"https:\/\/www.fiscalia.gov.co\/colombia\/noticias\/asegurado-alias-chinga-como-presunto-responsable-de-tres-homicidios-y-tres-tentativas-de-homicidio-en-buga\/#article\",\"isPartOf\":{\"@id\":\"https:\/\/www.fiscalia.gov.co\/colombia\/noticias\/asegurado-alias-chinga-como-presunto-responsable-de-tres-homicidios-y-tres-tentativas-de-homicidio-en-buga\/\"},\"author\":{\"name\":\"Lesly Katherine Segura Camargo.\",\"@id\":\"https:\/\/www.fiscalia.gov.co\/colombia\/#\/schema\/person\/6be81acb78add0abcbda2c598c1d53e1\"},\"headline\":\"Asegurado alias Chinga como presunto responsable de tres homicidios y tres tentativas de homicidio en Buga\",\"datePublished\":\"2024-02-19T20:11:30+00:00\",\"dateModified\":\"2024-03-06T19:55:05+00:00\",\"mainEntityOfPage\":{\"@id\":\"https:\/\/www.fiscalia.gov.co\/colombia\/noticias\/asegurado-alias-chinga-como-presunto-responsable-de-tres-homicidios-y-tres-tentativas-de-homicidio-en-buga\/\"},\"wordCount\":418,\"publisher\":{\"@id\":\"https:\/\/www.fiscalia.gov.co\/colombia\/#organization\"},\"image\":{\"@id\":\"https:\/\/www.fiscalia.gov.co\/colombia\/noticias\/asegurado-alias-chinga-como-presunto-responsable-de-tres-homicidios-y-tres-tentativas-de-homicidio-en-buga\/#primaryimage\"},\"thumbnailUrl\":\"https:\/\/www.fiscalia.gov.co\/colombia\/wp-content\/uploads\/maxresdefault-1413.jpg\",\"keywords\":[\"alias Chinga\",\"Capturado\",\"centro carcelario\",\"Fiscal General de la Naci\u00f3n\",\"fiscal mancera\",\"fiscal martha mancera\",\"Fiscal\u00eda Colombia\",\"Homicidio agravado\",\"homicidio agravado en grado de tentativa y fabricaci\u00f3n\",\"Martha Mancera\",\"Medida de aseguramiento\",\"orden judicial\",\"Seccional Valle del Cauca\",\"tr\u00e1fico o porte ilegal de armas de fuego o municiones\"],\"articleSection\":[\"Noticias\",\"Seccional Buga\",\"Seccionales\",\"Seguridad territorial\"],\"inLanguage\":\"es-CO\"},{\"@type\":\"WebPage\",\"@id\":\"https:\/\/www.fiscalia.gov.co\/colombia\/noticias\/asegurado-alias-chinga-como-presunto-responsable-de-tres-homicidios-y-tres-tentativas-de-homicidio-en-buga\/\",\"url\":\"https:\/\/www.fiscalia.gov.co\/colombia\/noticias\/asegurado-alias-chinga-como-presunto-responsable-de-tres-homicidios-y-tres-tentativas-de-homicidio-en-buga\/\",\"name\":\"Fiscal\u00eda General de la Naci\u00f3n\",\"isPartOf\":{\"@id\":\"https:\/\/www.fiscalia.gov.co\/colombia\/#website\"},\"primaryImageOfPage\":{\"@id\":\"https:\/\/www.fiscalia.gov.co\/colombia\/noticias\/asegurado-alias-chinga-como-presunto-responsable-de-tres-homicidios-y-tres-tentativas-de-homicidio-en-buga\/#primaryimage\"},\"image\":{\"@id\":\"https:\/\/www.fiscalia.gov.co\/colombia\/noticias\/asegurado-alias-chinga-como-presunto-responsable-de-tres-homicidios-y-tres-tentativas-de-homicidio-en-buga\/#primaryimage\"},\"thumbnailUrl\":\"https:\/\/www.fiscalia.gov.co\/colombia\/wp-content\/uploads\/maxresdefault-1413.jpg\",\"datePublished\":\"2024-02-19T20:11:30+00:00\",\"dateModified\":\"2024-03-06T19:55:05+00:00\",\"description\":\"P\u00e1gina oficial de la Fiscal\u00eda General de la Naci\u00f3n \u2013 Colombia. Garantizamos el acceso efectivo a la justicia, la verdad y la reparaci\u00f3n de las v\u00edctimas de los delitos.\",\"breadcrumb\":{\"@id\":\"https:\/\/www.fiscalia.gov.co\/colombia\/noticias\/asegurado-alias-chinga-como-presunto-responsable-de-tres-homicidios-y-tres-tentativas-de-homicidio-en-buga\/#breadcrumb\"},\"inLanguage\":\"es-CO\",\"potentialAction\":[{\"@type\":\"ReadAction\",\"target\":[\"https:\/\/www.fiscalia.gov.co\/colombia\/noticias\/asegurado-alias-chinga-como-presunto-responsable-de-tres-homicidios-y-tres-tentativas-de-homicidio-en-buga\/\"]}]},{\"@type\":\"ImageObject\",\"inLanguage\":\"es-CO\",\"@id\":\"https:\/\/www.fiscalia.gov.co\/colombia\/noticias\/asegurado-alias-chinga-como-presunto-responsable-de-tres-homicidios-y-tres-tentativas-de-homicidio-en-buga\/#primaryimage\",\"url\":\"https:\/\/www.fiscalia.gov.co\/colombia\/wp-content\/uploads\/maxresdefault-1413.jpg\",\"contentUrl\":\"https:\/\/www.fiscalia.gov.co\/colombia\/wp-content\/uploads\/maxresdefault-1413.jpg\",\"width\":1280,\"height\":720},{\"@type\":\"BreadcrumbList\",\"@id\":\"https:\/\/www.fiscalia.gov.co\/colombia\/noticias\/asegurado-alias-chinga-como-presunto-responsable-de-tres-homicidios-y-tres-tentativas-de-homicidio-en-buga\/#breadcrumb\",\"itemListElement\":[{\"@type\":\"ListItem\",\"position\":1,\"name\":\"Home\",\"item\":\"https:\/\/www.fiscalia.gov.co\/colombia\/\"},{\"@type\":\"ListItem\",\"position\":2,\"name\":\"Asegurado alias Chinga como presunto responsable de tres homicidios y tres tentativas de homicidio en Buga\"}]},{\"@type\":\"WebSite\",\"@id\":\"https:\/\/www.fiscalia.gov.co\/colombia\/#website\",\"url\":\"https:\/\/www.fiscalia.gov.co\/colombia\/\",\"name\":\"Fiscal\u00eda General de la Naci\u00f3n\",\"description\":\"P\u00e1gina oficial de la Fiscal\u00eda General de la Naci\u00f3n \u2013 Colombia. Garantizamos el acceso efectivo a la justicia, la verdad y la reparaci\u00f3n de las v\u00edctimas de los delitos.\",\"publisher\":{\"@id\":\"https:\/\/www.fiscalia.gov.co\/colombia\/#organization\"},\"potentialAction\":[{\"@type\":\"SearchAction\",\"target\":{\"@type\":\"EntryPoint\",\"urlTemplate\":\"https:\/\/www.fiscalia.gov.co\/colombia\/?s={search_term_string}\"},\"query-input\":{\"@type\":\"PropertyValueSpecification\",\"valueRequired\":true,\"valueName\":\"search_term_string\"}}],\"inLanguage\":\"es-CO\"},{\"@type\":\"Organization\",\"@id\":\"https:\/\/www.fiscalia.gov.co\/colombia\/#organization\",\"name\":\"Fiscal\u00eda General de la Naci\u00f3n\",\"url\":\"https:\/\/www.fiscalia.gov.co\/colombia\/\",\"logo\":{\"@type\":\"ImageObject\",\"inLanguage\":\"es-CO\",\"@id\":\"https:\/\/www.fiscalia.gov.co\/colombia\/#\/schema\/logo\/image\/\",\"url\":\"https:\/\/www.fiscalia.gov.co\/colombia\/wp-content\/uploads\/LogoHorizontal_1.jpg\",\"contentUrl\":\"https:\/\/www.fiscalia.gov.co\/colombia\/wp-content\/uploads\/LogoHorizontal_1.jpg\",\"width\":300,\"height\":90,\"caption\":\"Fiscal\u00eda General de la Naci\u00f3n\"},\"image\":{\"@id\":\"https:\/\/www.fiscalia.gov.co\/colombia\/#\/schema\/logo\/image\/\"},\"sameAs\":[\"https:\/\/www.facebook.com\/FiscaliaCol\",\"https:\/\/x.com\/FiscaliaCol\",\"https:\/\/www.instagram.com\/fiscaliacol\",\"https:\/\/www.linkedin.com\/company\/fiscalia-general-de-la-naci-n\/\",\"https:\/\/youtube.com\/@fiscaliageneraldelanacion-4668?si=6nN79nyQICPU5iTh\"]},{\"@type\":\"Person\",\"@id\":\"https:\/\/www.fiscalia.gov.co\/colombia\/#\/schema\/person\/6be81acb78add0abcbda2c598c1d53e1\",\"name\":\"Lesly Katherine Segura Camargo.\",\"image\":{\"@type\":\"ImageObject\",\"inLanguage\":\"es-CO\",\"@id\":\"https:\/\/www.fiscalia.gov.co\/colombia\/#\/schema\/person\/image\/\",\"url\":\"https:\/\/secure.gravatar.com\/avatar\/1892091c53ef3b9c2fcb37ca6066e439?s=96&d=mm&r=g\",\"contentUrl\":\"https:\/\/secure.gravatar.com\/avatar\/1892091c53ef3b9c2fcb37ca6066e439?s=96&d=mm&r=g\",\"caption\":\"Lesly Katherine Segura Camargo.\"},\"url\":\"https:\/\/www.fiscalia.gov.co\/colombia\/author\/lesly-segura\/\"}]}<\/script>\n<!-- \/ Yoast SEO plugin. -->","yoast_head_json":{"title":"Fiscal\u00eda General de la Naci\u00f3n","description":"P\u00e1gina oficial de la Fiscal\u00eda General de la Naci\u00f3n \u2013 Colombia. Garantizamos el acceso efectivo a la justicia, la verdad y la reparaci\u00f3n de las v\u00edctimas de los delitos.","robots":{"index":"noindex","follow":"follow"},"og_locale":"es_ES","og_type":"article","og_title":"Fiscal\u00eda General de la Naci\u00f3n","og_description":"P\u00e1gina oficial de la Fiscal\u00eda General de la Naci\u00f3n \u2013 Colombia. Garantizamos el acceso efectivo a la justicia, la verdad y la reparaci\u00f3n de las v\u00edctimas de los delitos.","og_url":"https:\/\/www.fiscalia.gov.co\/colombia\/noticias\/asegurado-alias-chinga-como-presunto-responsable-de-tres-homicidios-y-tres-tentativas-de-homicidio-en-buga\/","og_site_name":"Fiscal\u00eda General de la Naci\u00f3n","article_publisher":"https:\/\/www.facebook.com\/FiscaliaCol","article_published_time":"2024-02-19T20:11:30+00:00","article_modified_time":"2024-03-06T19:55:05+00:00","og_image":[{"width":1280,"height":720,"url":"https:\/\/www.fiscalia.gov.co\/colombia\/wp-content\/uploads\/maxresdefault-1413.jpg","type":"image\/jpeg"}],"author":"Lesly Katherine Segura Camargo.","twitter_card":"summary_large_image","twitter_creator":"@FiscaliaCol","twitter_site":"@FiscaliaCol","twitter_misc":{"Escrito por":"Lesly Katherine Segura Camargo.","Tiempo de lectura":"2 minutos"},"schema":{"@context":"https:\/\/schema.org","@graph":[{"@type":"Article","@id":"https:\/\/www.fiscalia.gov.co\/colombia\/noticias\/asegurado-alias-chinga-como-presunto-responsable-de-tres-homicidios-y-tres-tentativas-de-homicidio-en-buga\/#article","isPartOf":{"@id":"https:\/\/www.fiscalia.gov.co\/colombia\/noticias\/asegurado-alias-chinga-como-presunto-responsable-de-tres-homicidios-y-tres-tentativas-de-homicidio-en-buga\/"},"author":{"name":"Lesly Katherine Segura Camargo.","@id":"https:\/\/www.fiscalia.gov.co\/colombia\/#\/schema\/person\/6be81acb78add0abcbda2c598c1d53e1"},"headline":"Asegurado alias Chinga como presunto responsable de tres homicidios y tres tentativas de homicidio en Buga","datePublished":"2024-02-19T20:11:30+00:00","dateModified":"2024-03-06T19:55:05+00:00","mainEntityOfPage":{"@id":"https:\/\/www.fiscalia.gov.co\/colombia\/noticias\/asegurado-alias-chinga-como-presunto-responsable-de-tres-homicidios-y-tres-tentativas-de-homicidio-en-buga\/"},"wordCount":418,"publisher":{"@id":"https:\/\/www.fiscalia.gov.co\/colombia\/#organization"},"image":{"@id":"https:\/\/www.fiscalia.gov.co\/colombia\/noticias\/asegurado-alias-chinga-como-presunto-responsable-de-tres-homicidios-y-tres-tentativas-de-homicidio-en-buga\/#primaryimage"},"thumbnailUrl":"https:\/\/www.fiscalia.gov.co\/colombia\/wp-content\/uploads\/maxresdefault-1413.jpg","keywords":["alias Chinga","Capturado","centro carcelario","Fiscal General de la Naci\u00f3n","fiscal mancera","fiscal martha mancera","Fiscal\u00eda Colombia","Homicidio agravado","homicidio agravado en grado de tentativa y fabricaci\u00f3n","Martha Mancera","Medida de aseguramiento","orden judicial","Seccional Valle del Cauca","tr\u00e1fico o porte ilegal de armas de fuego o municiones"],"articleSection":["Noticias","Seccional Buga","Seccionales","Seguridad territorial"],"inLanguage":"es-CO"},{"@type":"WebPage","@id":"https:\/\/www.fiscalia.gov.co\/colombia\/noticias\/asegurado-alias-chinga-como-presunto-responsable-de-tres-homicidios-y-tres-tentativas-de-homicidio-en-buga\/","url":"https:\/\/www.fiscalia.gov.co\/colombia\/noticias\/asegurado-alias-chinga-como-presunto-responsable-de-tres-homicidios-y-tres-tentativas-de-homicidio-en-buga\/","name":"Fiscal\u00eda General de la Naci\u00f3n","isPartOf":{"@id":"https:\/\/www.fiscalia.gov.co\/colombia\/#website"},"primaryImageOfPage":{"@id":"https:\/\/www.fiscalia.gov.co\/colombia\/noticias\/asegurado-alias-chinga-como-presunto-responsable-de-tres-homicidios-y-tres-tentativas-de-homicidio-en-buga\/#primaryimage"},"image":{"@id":"https:\/\/www.fiscalia.gov.co\/colombia\/noticias\/asegurado-alias-chinga-como-presunto-responsable-de-tres-homicidios-y-tres-tentativas-de-homicidio-en-buga\/#primaryimage"},"thumbnailUrl":"https:\/\/www.fiscalia.gov.co\/colombia\/wp-content\/uploads\/maxresdefault-1413.jpg","datePublished":"2024-02-19T20:11:30+00:00","dateModified":"2024-03-06T19:55:05+00:00","description":"P\u00e1gina oficial de la Fiscal\u00eda General de la Naci\u00f3n \u2013 Colombia. Garantizamos el acceso efectivo a la justicia, la verdad y la reparaci\u00f3n de las v\u00edctimas de los delitos.","breadcrumb":{"@id":"https:\/\/www.fiscalia.gov.co\/colombia\/noticias\/asegurado-alias-chinga-como-presunto-responsable-de-tres-homicidios-y-tres-tentativas-de-homicidio-en-buga\/#breadcrumb"},"inLanguage":"es-CO","potentialAction":[{"@type":"ReadAction","target":["https:\/\/www.fiscalia.gov.co\/colombia\/noticias\/asegurado-alias-chinga-como-presunto-responsable-de-tres-homicidios-y-tres-tentativas-de-homicidio-en-buga\/"]}]},{"@type":"ImageObject","inLanguage":"es-CO","@id":"https:\/\/www.fiscalia.gov.co\/colombia\/noticias\/asegurado-alias-chinga-como-presunto-responsable-de-tres-homicidios-y-tres-tentativas-de-homicidio-en-buga\/#primaryimage","url":"https:\/\/www.fiscalia.gov.co\/colombia\/wp-content\/uploads\/maxresdefault-1413.jpg","contentUrl":"https:\/\/www.fiscalia.gov.co\/colombia\/wp-content\/uploads\/maxresdefault-1413.jpg","width":1280,"height":720},{"@type":"BreadcrumbList","@id":"https:\/\/www.fiscalia.gov.co\/colombia\/noticias\/asegurado-alias-chinga-como-presunto-responsable-de-tres-homicidios-y-tres-tentativas-de-homicidio-en-buga\/#breadcrumb","itemListElement":[{"@type":"ListItem","position":1,"name":"Home","item":"https:\/\/www.fiscalia.gov.co\/colombia\/"},{"@type":"ListItem","position":2,"name":"Asegurado alias Chinga como presunto responsable de tres homicidios y tres tentativas de homicidio en Buga"}]},{"@type":"WebSite","@id":"https:\/\/www.fiscalia.gov.co\/colombia\/#website","url":"https:\/\/www.fiscalia.gov.co\/colombia\/","name":"Fiscal\u00eda General de la Naci\u00f3n","description":"P\u00e1gina oficial de la Fiscal\u00eda General de la Naci\u00f3n \u2013 Colombia. Garantizamos el acceso efectivo a la justicia, la verdad y la reparaci\u00f3n de las v\u00edctimas de los delitos.","publisher":{"@id":"https:\/\/www.fiscalia.gov.co\/colombia\/#organization"},"potentialAction":[{"@type":"SearchAction","target":{"@type":"EntryPoint","urlTemplate":"https:\/\/www.fiscalia.gov.co\/colombia\/?s={search_term_string}"},"query-input":{"@type":"PropertyValueSpecification","valueRequired":true,"valueName":"search_term_string"}}],"inLanguage":"es-CO"},{"@type":"Organization","@id":"https:\/\/www.fiscalia.gov.co\/colombia\/#organization","name":"Fiscal\u00eda General de la Naci\u00f3n","url":"https:\/\/www.fiscalia.gov.co\/colombia\/","logo":{"@type":"ImageObject","inLanguage":"es-CO","@id":"https:\/\/www.fiscalia.gov.co\/colombia\/#\/schema\/logo\/image\/","url":"https:\/\/www.fiscalia.gov.co\/colombia\/wp-content\/uploads\/LogoHorizontal_1.jpg","contentUrl":"https:\/\/www.fiscalia.gov.co\/colombia\/wp-content\/uploads\/LogoHorizontal_1.jpg","width":300,"height":90,"caption":"Fiscal\u00eda General de la Naci\u00f3n"},"image":{"@id":"https:\/\/www.fiscalia.gov.co\/colombia\/#\/schema\/logo\/image\/"},"sameAs":["https:\/\/www.facebook.com\/FiscaliaCol","https:\/\/x.com\/FiscaliaCol","https:\/\/www.instagram.com\/fiscaliacol","https:\/\/www.linkedin.com\/company\/fiscalia-general-de-la-naci-n\/","https:\/\/youtube.com\/@fiscaliageneraldelanacion-4668?si=6nN79nyQICPU5iTh"]},{"@type":"Person","@id":"https:\/\/www.fiscalia.gov.co\/colombia\/#\/schema\/person\/6be81acb78add0abcbda2c598c1d53e1","name":"Lesly Katherine Segura Camargo.","image":{"@type":"ImageObject","inLanguage":"es-CO","@id":"https:\/\/www.fiscalia.gov.co\/colombia\/#\/schema\/person\/image\/","url":"https:\/\/secure.gravatar.com\/avatar\/1892091c53ef3b9c2fcb37ca6066e439?s=96&d=mm&r=g","contentUrl":"https:\/\/secure.gravatar.com\/avatar\/1892091c53ef3b9c2fcb37ca6066e439?s=96&d=mm&r=g","caption":"Lesly Katherine Segura Camargo."},"url":"https:\/\/www.fiscalia.gov.co\/colombia\/author\/lesly-segura\/"}]}},"_links":{"self":[{"href":"https:\/\/www.fiscalia.gov.co\/colombia\/wp-json\/wp\/v2\/posts\/288570","targetHints":{"allow":["GET"]}}],"collection":[{"href":"https:\/\/www.fiscalia.gov.co\/colombia\/wp-json\/wp\/v2\/posts"}],"about":[{"href":"https:\/\/www.fiscalia.gov.co\/colombia\/wp-json\/wp\/v2\/types\/post"}],"author":[{"embeddable":true,"href":"https:\/\/www.fiscalia.gov.co\/colombia\/wp-json\/wp\/v2\/users\/179"}],"replies":[{"embeddable":true,"href":"https:\/\/www.fiscalia.gov.co\/colombia\/wp-json\/wp\/v2\/comments?post=288570"}],"version-history":[{"count":2,"href":"https:\/\/www.fiscalia.gov.co\/colombia\/wp-json\/wp\/v2\/posts\/288570\/revisions"}],"predecessor-version":[{"id":290001,"href":"https:\/\/www.fiscalia.gov.co\/colombia\/wp-json\/wp\/v2\/posts\/288570\/revisions\/290001"}],"wp:featuredmedia":[{"embeddable":true,"href":"https:\/\/www.fiscalia.gov.co\/colombia\/wp-json\/wp\/v2\/media\/289251"}],"wp:attachment":[{"href":"https:\/\/www.fiscalia.gov.co\/colombia\/wp-json\/wp\/v2\/media?parent=288570"}],"wp:term":[{"taxonomy":"category","embeddable":true,"href":"https:\/\/www.fiscalia.gov.co\/colombia\/wp-json\/wp\/v2\/categories?post=288570"},{"taxonomy":"post_tag","embeddable":true,"href":"https:\/\/www.fiscalia.gov.co\/colombia\/wp-json\/wp\/v2\/tags?post=288570"}],"curies":[{"name":"wp","href":"https:\/\/api.w.org\/{rel}","templated":true}]}}