{"id":288417,"date":"2024-02-16T11:43:58","date_gmt":"2024-02-16T16:43:58","guid":{"rendered":"https:\/\/www.fiscalia.gov.co\/colombia\/?p=288417"},"modified":"2024-03-06T14:36:10","modified_gmt":"2024-03-06T19:36:10","slug":"tres-presuntos-responsables-de-homicidio-fueron-enviados-a-la-carcel-en-cartagena","status":"publish","type":"post","link":"https:\/\/www.fiscalia.gov.co\/colombia\/noticias\/tres-presuntos-responsables-de-homicidio-fueron-enviados-a-la-carcel-en-cartagena\/","title":{"rendered":"Tres presuntos responsables de homicidio fueron enviados a la c\u00e1rcel en Cartagena"},"content":{"rendered":"<p>Fiscales de la Seccional Bol\u00edvar judicializaron en procesos diferentes a tres hombres que habr\u00edan participado en homicidios ocurridos en Cartagena (Bol\u00edvar) durante el presente a\u00f1o.<\/p>\n<p>Uno de los cr\u00edmenes involucra\u00a0a Jair Nieto Pacheco, de 19 a\u00f1os, quien el pasado 8 de enero le habr\u00eda disparado a otro joven en el barrio La Esperanza.<\/p>\n<figure id=\"attachment_288418\" aria-describedby=\"caption-attachment-288418\" style=\"width: 246px\" class=\"wp-caption aligncenter\"><img loading=\"lazy\" decoding=\"async\" class=\"wp-image-288418 size-medium\" title=\"Fiscal Martha Mancera, Martha Mancera, Fiscal Mancera\" src=\"https:\/\/www.fiscalia.gov.co\/colombia\/wp-content\/uploads\/Foto-1-boletin-16-de-febrero-homicidio--246x300.jpeg\" alt=\"En la fotograf\u00eda aparece un hombre delgado, moreno de pie, con los brazos atr\u00e1s, tiene la cabeza agachada, vestido de camiseta negra, bermuda de color rosada con morada y sandalias azules. Se encuentra custodiado por dos agentes de la Polic\u00eda Nacional.\" width=\"246\" height=\"300\" srcset=\"https:\/\/www.fiscalia.gov.co\/colombia\/wp-content\/uploads\/Foto-1-boletin-16-de-febrero-homicidio--246x300.jpeg 246w, https:\/\/www.fiscalia.gov.co\/colombia\/wp-content\/uploads\/Foto-1-boletin-16-de-febrero-homicidio--696x847.jpeg 696w, https:\/\/www.fiscalia.gov.co\/colombia\/wp-content\/uploads\/Foto-1-boletin-16-de-febrero-homicidio--345x420.jpeg 345w, https:\/\/www.fiscalia.gov.co\/colombia\/wp-content\/uploads\/Foto-1-boletin-16-de-febrero-homicidio-.jpeg 726w\" sizes=\"auto, (max-width: 246px) 100vw, 246px\" \/><figcaption id=\"caption-attachment-288418\" class=\"wp-caption-text\">La Polic\u00eda Nacional captur\u00f3 por orden judicial a Jair Nieto Pacheco en el barrio Canapote.<\/figcaption><\/figure>\n<p>La v\u00edctima, de 18 a\u00f1os, fue trasladada hasta un centro asistencial donde falleci\u00f3 debido a la gravedad de las heridas.\u00a0Nieto Pacheco fue capturado por uniformados de la Polic\u00eda Nacional el 13 de febrero \u00faltimo en el barrio Canapote.<\/p>\n<p>As\u00edmismo, un juez asegur\u00f3 a\u00a0Gregory de Jes\u00fas Mar Salcedo, quien presuntamente con un arma de fuego acab\u00f3 con la vida de un hombre de 25 a\u00f1os en inmediaciones de un centro comercial del barrio San Fernando.<\/p>\n<figure id=\"attachment_288419\" aria-describedby=\"caption-attachment-288419\" style=\"width: 244px\" class=\"wp-caption aligncenter\"><img loading=\"lazy\" decoding=\"async\" class=\"size-medium wp-image-288419\" src=\"https:\/\/www.fiscalia.gov.co\/colombia\/wp-content\/uploads\/Foto-2-boletin-16-de-febrero-homicidio--244x300.jpeg\" alt=\"En la imagen est\u00e1 un hombre moreno de pie, con los brazos atr\u00e1s, vestido de camiseta rosada, jean azul y tenis blanco, acompa\u00f1ado por dos agentes de la Polic\u00eda Nacional. Delante de ellos hay una mesa con un arma de fuego incautada. \" width=\"244\" height=\"300\" srcset=\"https:\/\/www.fiscalia.gov.co\/colombia\/wp-content\/uploads\/Foto-2-boletin-16-de-febrero-homicidio--244x300.jpeg 244w, https:\/\/www.fiscalia.gov.co\/colombia\/wp-content\/uploads\/Foto-2-boletin-16-de-febrero-homicidio--324x400.jpeg 324w, https:\/\/www.fiscalia.gov.co\/colombia\/wp-content\/uploads\/Foto-2-boletin-16-de-febrero-homicidio--342x420.jpeg 342w, https:\/\/www.fiscalia.gov.co\/colombia\/wp-content\/uploads\/Foto-2-boletin-16-de-febrero-homicidio-.jpeg 568w\" sizes=\"auto, (max-width: 244px) 100vw, 244px\" \/><figcaption id=\"caption-attachment-288419\" class=\"wp-caption-text\">Gregory de Jes\u00fas Mar Salcedo, momentos despu\u00e9s de que, presuntamente, le dispar\u00f3 a un hombre en el barrio San Fernando.<\/figcaption><\/figure>\n<p>Luego del ataque, ocurrido el pasado 13 de febrero, Mar Salcedo huy\u00f3 en una motocicleta, pero fue detenido momentos despu\u00e9s por agentes de la Polic\u00eda. En su poder le fue hallada el arma de fuego con la que al parecer se cometi\u00f3 el asesinato.<\/p>\n<p>En otra investigaci\u00f3n tambi\u00e9n fue judicializado Juan David Garc\u00e9s Ca\u00f1ate, alias Pacho, quien en medio de una ri\u00f1a le habr\u00eda causado la muerte a su vecino, de 44 a\u00f1os, con un arma blanca.<\/p>\n<p>Este hecho se registr\u00f3 el pasado 11 de febrero en el barrio Lo Amador, en donde alias Pacho, de 21 a\u00f1os, fue capturado en flagrancia.<\/p>\n<p>Los investigados no aceptaron de acuerdo a sus responsabilidades individuales los delitos de\u00a0homicidio y fabricaci\u00f3n, tr\u00e1fico o porte de arma de fuego, ambos agravados,<i>\u00a0<\/i>imputados por el ente acusador.<\/p>\n<p>Por disposici\u00f3n judicial, los procesados deber\u00e1n cumplir las medidas de aseguramiento en la c\u00e1rcel San Sebasti\u00e1n Ternera de Cartagena.<\/p>\n<p>En la Seccional Bol\u00edvar se sigue dando cabal\u00a0cumplimiento a lo dispuesto por la Fiscal General de la Naci\u00f3n (e), Martha Janeth Mancera, de atacar de manera contundente los delitos que afectan la seguridad ciudadana.<\/p>\n<p>Esta informaci\u00f3n se publica por razones de inter\u00e9s general.<\/p>\n<p><b><u>La Fiscal\u00eda habla con resultados.<\/u><\/b><\/p>\n<p>&nbsp;<\/p>\n<p>&nbsp;<\/p>\n<p>MEVA\/CFG\/ICHS\/DSB<\/p>\n<p><b>\u00a0<\/b><\/p>\n<p><b><i>Le puede interesar:<\/i><\/b><\/p>\n<p><a id=\"m_4831279382950538035m_-6564792614324971273OWA2cb5ac95-0182-81bc-0e7d-cd99291389e9\" title=\"A la c\u00e1rcel presunto responsable del homicidio de su t\u00edo en el barrio Manrique de Medell\u00edn\" href=\"https:\/\/www.fiscalia.gov.co\/colombia\/noticias\/a-la-carcel-presunto-responsable-del-homicidio-de-su-tio-en-el-barrio-manrique-de-medellin\/\" target=\"_blank\" rel=\"noopener noreferrer\" data-saferedirecturl=\"https:\/\/www.google.com\/url?q=https:\/\/www.fiscalia.gov.co\/colombia\/noticias\/a-la-carcel-presunto-responsable-del-homicidio-de-su-tio-en-el-barrio-manrique-de-medellin\/&amp;source=gmail&amp;ust=1708187674858000&amp;usg=AOvVaw1YB24xdkJd2-XDwgR3HDJO\">A la c\u00e1rcel presunto responsable del homicidio de su t\u00edo en el barrio Manrique de Medell\u00edn<\/a><\/p>\n<p>&nbsp;<\/p>\n<p><a id=\"m_4831279382950538035m_-6564792614324971273OWA0bc0286b-10e7-5f26-7f59-07f12939859d\" title=\"Recluido en prisi\u00f3n un hombre, quien habr\u00eda provocado la muerte de un ciudadano en Cajib\u00edo (Cauca)\" href=\"https:\/\/www.fiscalia.gov.co\/colombia\/noticias\/recluido-en-prision-un-hombre-quien-habria-provocado-la-muerte-de-un-ciudadano-en-cajibio-cauca\/\" target=\"_blank\" rel=\"noopener noreferrer\" data-saferedirecturl=\"https:\/\/www.google.com\/url?q=https:\/\/www.fiscalia.gov.co\/colombia\/noticias\/recluido-en-prision-un-hombre-quien-habria-provocado-la-muerte-de-un-ciudadano-en-cajibio-cauca\/&amp;source=gmail&amp;ust=1708187674858000&amp;usg=AOvVaw1kClq1Tcxxsohd9Y_cmMC1\">Recluido en prisi\u00f3n un hombre, quien habr\u00eda provocado la muerte de un ciudadano en Cajib\u00edo (Cauca)<\/a><\/p>\n<p>&nbsp;<\/p>\n<p><em>La informaci\u00f3n contenida en este bolet\u00edn de prensa corresponde a la narraci\u00f3n de los hechos noticiosos objetivos, suministrados por los funcionarios encargados de adelantar las investigaciones penales al interior de la Fiscal\u00eda General de la Naci\u00f3n. Para el momento de la divulgaci\u00f3n de este comunicado, la situaci\u00f3n jur\u00eddica de la(s) persona(s) relacionada(s) se encuentra pendiente de resolver por la autoridad judicial competente, siempre bajo los preceptos de la presunci\u00f3n de inocencia, consagrados en el art\u00edculo 29 de la Constituci\u00f3n Pol\u00edtica y el art\u00edculo 7\u00ba de la Ley 906 de 2004. <\/em><\/p>\n\n<div class=\"twitter-share\"><a href=\"https:\/\/twitter.com\/intent\/tweet?via=fiscaliacol\" class=\"twitter-share-button\">Tweet<\/a><\/div>\n","protected":false},"excerpt":{"rendered":"<p>Fiscales de la Seccional Bol\u00edvar judicializaron en procesos diferentes a tres hombres que habr\u00edan participado en homicidios ocurridos en Cartagena (Bol\u00edvar) durante el presente a\u00f1o. Uno de los cr\u00edmenes involucra\u00a0a Jair Nieto Pacheco, de 19 a\u00f1os, quien el pasado 8 de enero le habr\u00eda disparado a otro joven en el barrio La Esperanza. La v\u00edctima, [&hellip;]<\/p>\n","protected":false},"author":178,"featured_media":0,"comment_status":"closed","ping_status":"open","sticky":false,"template":"","format":"standard","meta":{"_price":"","_stock":"","_tribe_ticket_header":"","_tribe_default_ticket_provider":"","_tribe_ticket_capacity":"0","_ticket_start_date":"","_ticket_end_date":"","_tribe_ticket_show_description":"","_tribe_ticket_show_not_going":false,"_tribe_ticket_use_global_stock":"","_tribe_ticket_global_stock_level":"","_global_stock_mode":"","_global_stock_cap":"","_tribe_rsvp_for_event":"","_tribe_ticket_going_count":"","_tribe_ticket_not_going_count":"","_tribe_tickets_list":"[]","_tribe_ticket_has_attendee_info_fields":false,"tdm_status":"","tdm_grid_status":"","footnotes":""},"categories":[1,24099],"tags":[5180,23819,23998,37086,36949,24187,1047,409,26350,558,29043,4348,5448],"class_list":{"0":"post-288417","1":"post","2":"type-post","3":"status-publish","4":"format-standard","6":"category-noticias","7":"category-seguridad-territorial","8":"tag-arma-blanca","9":"tag-cartagena","10":"tag-cartagena-bolivar","11":"tag-fiscal-mancera","12":"tag-fiscal-martha-mancera","13":"tag-fiscalia-colombia","14":"tag-fiscalia-general-de-la-nacion","15":"tag-homicidio","16":"tag-martha-mancera","17":"tag-policia-nacional","18":"tag-porte-de-arma-de-fuego","19":"tag-rina","20":"tag-sicariato"},"yoast_head":"<!-- This site is optimized with the Yoast SEO plugin v24.3 - https:\/\/yoast.com\/wordpress\/plugins\/seo\/ -->\n<title>Fiscal\u00eda General de la Naci\u00f3n<\/title>\n<meta name=\"description\" content=\"P\u00e1gina oficial de la Fiscal\u00eda General de la Naci\u00f3n \u2013 Colombia. Garantizamos el acceso efectivo a la justicia, la verdad y la reparaci\u00f3n de las v\u00edctimas de los delitos.\" \/>\n<meta name=\"robots\" content=\"noindex, follow\" \/>\n<meta property=\"og:locale\" content=\"es_ES\" \/>\n<meta property=\"og:type\" content=\"article\" \/>\n<meta property=\"og:title\" content=\"Fiscal\u00eda General de la Naci\u00f3n\" \/>\n<meta property=\"og:description\" content=\"P\u00e1gina oficial de la Fiscal\u00eda General de la Naci\u00f3n \u2013 Colombia. Garantizamos el acceso efectivo a la justicia, la verdad y la reparaci\u00f3n de las v\u00edctimas de los delitos.\" \/>\n<meta property=\"og:url\" content=\"https:\/\/www.fiscalia.gov.co\/colombia\/noticias\/tres-presuntos-responsables-de-homicidio-fueron-enviados-a-la-carcel-en-cartagena\/\" \/>\n<meta property=\"og:site_name\" content=\"Fiscal\u00eda General de la Naci\u00f3n\" \/>\n<meta property=\"article:publisher\" content=\"https:\/\/www.facebook.com\/FiscaliaCol\" \/>\n<meta property=\"article:published_time\" content=\"2024-02-16T16:43:58+00:00\" \/>\n<meta property=\"article:modified_time\" content=\"2024-03-06T19:36:10+00:00\" \/>\n<meta property=\"og:image\" content=\"https:\/\/www.fiscalia.gov.co\/colombia\/wp-content\/uploads\/Foto-1-boletin-16-de-febrero-homicidio--246x300.jpeg\" \/>\n<meta name=\"author\" content=\"Winnie Geraldine Rodr\u00edguez Navarrete\" \/>\n<meta name=\"twitter:card\" content=\"summary_large_image\" \/>\n<meta name=\"twitter:creator\" content=\"@FiscaliaCol\" \/>\n<meta name=\"twitter:site\" content=\"@FiscaliaCol\" \/>\n<meta name=\"twitter:label1\" content=\"Escrito por\" \/>\n\t<meta name=\"twitter:data1\" content=\"Winnie Geraldine Rodr\u00edguez Navarrete\" \/>\n\t<meta name=\"twitter:label2\" content=\"Tiempo de lectura\" \/>\n\t<meta name=\"twitter:data2\" content=\"3 minutos\" \/>\n<script type=\"application\/ld+json\" class=\"yoast-schema-graph\">{\"@context\":\"https:\/\/schema.org\",\"@graph\":[{\"@type\":\"Article\",\"@id\":\"https:\/\/www.fiscalia.gov.co\/colombia\/noticias\/tres-presuntos-responsables-de-homicidio-fueron-enviados-a-la-carcel-en-cartagena\/#article\",\"isPartOf\":{\"@id\":\"https:\/\/www.fiscalia.gov.co\/colombia\/noticias\/tres-presuntos-responsables-de-homicidio-fueron-enviados-a-la-carcel-en-cartagena\/\"},\"author\":{\"name\":\"Winnie Geraldine Rodr\u00edguez Navarrete\",\"@id\":\"https:\/\/www.fiscalia.gov.co\/colombia\/#\/schema\/person\/176195b99ebab0a52aafa15197e1bf80\"},\"headline\":\"Tres presuntos responsables de homicidio fueron enviados a la c\u00e1rcel en Cartagena\",\"datePublished\":\"2024-02-16T16:43:58+00:00\",\"dateModified\":\"2024-03-06T19:36:10+00:00\",\"mainEntityOfPage\":{\"@id\":\"https:\/\/www.fiscalia.gov.co\/colombia\/noticias\/tres-presuntos-responsables-de-homicidio-fueron-enviados-a-la-carcel-en-cartagena\/\"},\"wordCount\":571,\"publisher\":{\"@id\":\"https:\/\/www.fiscalia.gov.co\/colombia\/#organization\"},\"image\":{\"@id\":\"https:\/\/www.fiscalia.gov.co\/colombia\/noticias\/tres-presuntos-responsables-de-homicidio-fueron-enviados-a-la-carcel-en-cartagena\/#primaryimage\"},\"thumbnailUrl\":\"https:\/\/www.fiscalia.gov.co\/colombia\/wp-content\/uploads\/Foto-1-boletin-16-de-febrero-homicidio--246x300.jpeg\",\"keywords\":[\"Arma Blanca\",\"Cartagena\",\"Cartagena (Bol\u00edvar)\",\"fiscal mancera\",\"fiscal martha mancera\",\"Fiscal\u00eda Colombia\",\"Fiscal\u00eda General de la Naci\u00f3n\",\"Homicidio\",\"Martha Mancera\",\"Polic\u00eda Nacional\",\"porte de arma de fuego\",\"Ri\u00f1a\",\"Sicariato\"],\"articleSection\":[\"Noticias\",\"Seguridad territorial\"],\"inLanguage\":\"es-CO\"},{\"@type\":\"WebPage\",\"@id\":\"https:\/\/www.fiscalia.gov.co\/colombia\/noticias\/tres-presuntos-responsables-de-homicidio-fueron-enviados-a-la-carcel-en-cartagena\/\",\"url\":\"https:\/\/www.fiscalia.gov.co\/colombia\/noticias\/tres-presuntos-responsables-de-homicidio-fueron-enviados-a-la-carcel-en-cartagena\/\",\"name\":\"Fiscal\u00eda General de la Naci\u00f3n\",\"isPartOf\":{\"@id\":\"https:\/\/www.fiscalia.gov.co\/colombia\/#website\"},\"primaryImageOfPage\":{\"@id\":\"https:\/\/www.fiscalia.gov.co\/colombia\/noticias\/tres-presuntos-responsables-de-homicidio-fueron-enviados-a-la-carcel-en-cartagena\/#primaryimage\"},\"image\":{\"@id\":\"https:\/\/www.fiscalia.gov.co\/colombia\/noticias\/tres-presuntos-responsables-de-homicidio-fueron-enviados-a-la-carcel-en-cartagena\/#primaryimage\"},\"thumbnailUrl\":\"https:\/\/www.fiscalia.gov.co\/colombia\/wp-content\/uploads\/Foto-1-boletin-16-de-febrero-homicidio--246x300.jpeg\",\"datePublished\":\"2024-02-16T16:43:58+00:00\",\"dateModified\":\"2024-03-06T19:36:10+00:00\",\"description\":\"P\u00e1gina oficial de la Fiscal\u00eda General de la Naci\u00f3n \u2013 Colombia. Garantizamos el acceso efectivo a la justicia, la verdad y la reparaci\u00f3n de las v\u00edctimas de los delitos.\",\"breadcrumb\":{\"@id\":\"https:\/\/www.fiscalia.gov.co\/colombia\/noticias\/tres-presuntos-responsables-de-homicidio-fueron-enviados-a-la-carcel-en-cartagena\/#breadcrumb\"},\"inLanguage\":\"es-CO\",\"potentialAction\":[{\"@type\":\"ReadAction\",\"target\":[\"https:\/\/www.fiscalia.gov.co\/colombia\/noticias\/tres-presuntos-responsables-de-homicidio-fueron-enviados-a-la-carcel-en-cartagena\/\"]}]},{\"@type\":\"ImageObject\",\"inLanguage\":\"es-CO\",\"@id\":\"https:\/\/www.fiscalia.gov.co\/colombia\/noticias\/tres-presuntos-responsables-de-homicidio-fueron-enviados-a-la-carcel-en-cartagena\/#primaryimage\",\"url\":\"https:\/\/www.fiscalia.gov.co\/colombia\/wp-content\/uploads\/Foto-1-boletin-16-de-febrero-homicidio--246x300.jpeg\",\"contentUrl\":\"https:\/\/www.fiscalia.gov.co\/colombia\/wp-content\/uploads\/Foto-1-boletin-16-de-febrero-homicidio--246x300.jpeg\"},{\"@type\":\"BreadcrumbList\",\"@id\":\"https:\/\/www.fiscalia.gov.co\/colombia\/noticias\/tres-presuntos-responsables-de-homicidio-fueron-enviados-a-la-carcel-en-cartagena\/#breadcrumb\",\"itemListElement\":[{\"@type\":\"ListItem\",\"position\":1,\"name\":\"Home\",\"item\":\"https:\/\/www.fiscalia.gov.co\/colombia\/\"},{\"@type\":\"ListItem\",\"position\":2,\"name\":\"Tres presuntos responsables de homicidio fueron enviados a la c\u00e1rcel en Cartagena\"}]},{\"@type\":\"WebSite\",\"@id\":\"https:\/\/www.fiscalia.gov.co\/colombia\/#website\",\"url\":\"https:\/\/www.fiscalia.gov.co\/colombia\/\",\"name\":\"Fiscal\u00eda General de la Naci\u00f3n\",\"description\":\"P\u00e1gina oficial de la Fiscal\u00eda General de la Naci\u00f3n \u2013 Colombia. Garantizamos el acceso efectivo a la justicia, la verdad y la reparaci\u00f3n de las v\u00edctimas de los delitos.\",\"publisher\":{\"@id\":\"https:\/\/www.fiscalia.gov.co\/colombia\/#organization\"},\"potentialAction\":[{\"@type\":\"SearchAction\",\"target\":{\"@type\":\"EntryPoint\",\"urlTemplate\":\"https:\/\/www.fiscalia.gov.co\/colombia\/?s={search_term_string}\"},\"query-input\":{\"@type\":\"PropertyValueSpecification\",\"valueRequired\":true,\"valueName\":\"search_term_string\"}}],\"inLanguage\":\"es-CO\"},{\"@type\":\"Organization\",\"@id\":\"https:\/\/www.fiscalia.gov.co\/colombia\/#organization\",\"name\":\"Fiscal\u00eda General de la Naci\u00f3n\",\"url\":\"https:\/\/www.fiscalia.gov.co\/colombia\/\",\"logo\":{\"@type\":\"ImageObject\",\"inLanguage\":\"es-CO\",\"@id\":\"https:\/\/www.fiscalia.gov.co\/colombia\/#\/schema\/logo\/image\/\",\"url\":\"https:\/\/www.fiscalia.gov.co\/colombia\/wp-content\/uploads\/LogoHorizontal_1.jpg\",\"contentUrl\":\"https:\/\/www.fiscalia.gov.co\/colombia\/wp-content\/uploads\/LogoHorizontal_1.jpg\",\"width\":300,\"height\":90,\"caption\":\"Fiscal\u00eda General de la Naci\u00f3n\"},\"image\":{\"@id\":\"https:\/\/www.fiscalia.gov.co\/colombia\/#\/schema\/logo\/image\/\"},\"sameAs\":[\"https:\/\/www.facebook.com\/FiscaliaCol\",\"https:\/\/x.com\/FiscaliaCol\",\"https:\/\/www.instagram.com\/fiscaliacol\",\"https:\/\/www.linkedin.com\/company\/fiscalia-general-de-la-naci-n\/\",\"https:\/\/youtube.com\/@fiscaliageneraldelanacion-4668?si=6nN79nyQICPU5iTh\"]},{\"@type\":\"Person\",\"@id\":\"https:\/\/www.fiscalia.gov.co\/colombia\/#\/schema\/person\/176195b99ebab0a52aafa15197e1bf80\",\"name\":\"Winnie Geraldine Rodr\u00edguez Navarrete\",\"image\":{\"@type\":\"ImageObject\",\"inLanguage\":\"es-CO\",\"@id\":\"https:\/\/www.fiscalia.gov.co\/colombia\/#\/schema\/person\/image\/\",\"url\":\"https:\/\/secure.gravatar.com\/avatar\/c24cf8481dc84fa5e8c7b20bc95ab0c6?s=96&d=mm&r=g\",\"contentUrl\":\"https:\/\/secure.gravatar.com\/avatar\/c24cf8481dc84fa5e8c7b20bc95ab0c6?s=96&d=mm&r=g\",\"caption\":\"Winnie Geraldine Rodr\u00edguez Navarrete\"},\"url\":\"https:\/\/www.fiscalia.gov.co\/colombia\/author\/winnierodriguez\/\"}]}<\/script>\n<!-- \/ Yoast SEO plugin. -->","yoast_head_json":{"title":"Fiscal\u00eda General de la Naci\u00f3n","description":"P\u00e1gina oficial de la Fiscal\u00eda General de la Naci\u00f3n \u2013 Colombia. Garantizamos el acceso efectivo a la justicia, la verdad y la reparaci\u00f3n de las v\u00edctimas de los delitos.","robots":{"index":"noindex","follow":"follow"},"og_locale":"es_ES","og_type":"article","og_title":"Fiscal\u00eda General de la Naci\u00f3n","og_description":"P\u00e1gina oficial de la Fiscal\u00eda General de la Naci\u00f3n \u2013 Colombia. Garantizamos el acceso efectivo a la justicia, la verdad y la reparaci\u00f3n de las v\u00edctimas de los delitos.","og_url":"https:\/\/www.fiscalia.gov.co\/colombia\/noticias\/tres-presuntos-responsables-de-homicidio-fueron-enviados-a-la-carcel-en-cartagena\/","og_site_name":"Fiscal\u00eda General de la Naci\u00f3n","article_publisher":"https:\/\/www.facebook.com\/FiscaliaCol","article_published_time":"2024-02-16T16:43:58+00:00","article_modified_time":"2024-03-06T19:36:10+00:00","og_image":[{"url":"https:\/\/www.fiscalia.gov.co\/colombia\/wp-content\/uploads\/Foto-1-boletin-16-de-febrero-homicidio--246x300.jpeg","type":"","width":"","height":""}],"author":"Winnie Geraldine Rodr\u00edguez Navarrete","twitter_card":"summary_large_image","twitter_creator":"@FiscaliaCol","twitter_site":"@FiscaliaCol","twitter_misc":{"Escrito por":"Winnie Geraldine Rodr\u00edguez Navarrete","Tiempo de lectura":"3 minutos"},"schema":{"@context":"https:\/\/schema.org","@graph":[{"@type":"Article","@id":"https:\/\/www.fiscalia.gov.co\/colombia\/noticias\/tres-presuntos-responsables-de-homicidio-fueron-enviados-a-la-carcel-en-cartagena\/#article","isPartOf":{"@id":"https:\/\/www.fiscalia.gov.co\/colombia\/noticias\/tres-presuntos-responsables-de-homicidio-fueron-enviados-a-la-carcel-en-cartagena\/"},"author":{"name":"Winnie Geraldine Rodr\u00edguez Navarrete","@id":"https:\/\/www.fiscalia.gov.co\/colombia\/#\/schema\/person\/176195b99ebab0a52aafa15197e1bf80"},"headline":"Tres presuntos responsables de homicidio fueron enviados a la c\u00e1rcel en Cartagena","datePublished":"2024-02-16T16:43:58+00:00","dateModified":"2024-03-06T19:36:10+00:00","mainEntityOfPage":{"@id":"https:\/\/www.fiscalia.gov.co\/colombia\/noticias\/tres-presuntos-responsables-de-homicidio-fueron-enviados-a-la-carcel-en-cartagena\/"},"wordCount":571,"publisher":{"@id":"https:\/\/www.fiscalia.gov.co\/colombia\/#organization"},"image":{"@id":"https:\/\/www.fiscalia.gov.co\/colombia\/noticias\/tres-presuntos-responsables-de-homicidio-fueron-enviados-a-la-carcel-en-cartagena\/#primaryimage"},"thumbnailUrl":"https:\/\/www.fiscalia.gov.co\/colombia\/wp-content\/uploads\/Foto-1-boletin-16-de-febrero-homicidio--246x300.jpeg","keywords":["Arma Blanca","Cartagena","Cartagena (Bol\u00edvar)","fiscal mancera","fiscal martha mancera","Fiscal\u00eda Colombia","Fiscal\u00eda General de la Naci\u00f3n","Homicidio","Martha Mancera","Polic\u00eda Nacional","porte de arma de fuego","Ri\u00f1a","Sicariato"],"articleSection":["Noticias","Seguridad territorial"],"inLanguage":"es-CO"},{"@type":"WebPage","@id":"https:\/\/www.fiscalia.gov.co\/colombia\/noticias\/tres-presuntos-responsables-de-homicidio-fueron-enviados-a-la-carcel-en-cartagena\/","url":"https:\/\/www.fiscalia.gov.co\/colombia\/noticias\/tres-presuntos-responsables-de-homicidio-fueron-enviados-a-la-carcel-en-cartagena\/","name":"Fiscal\u00eda General de la Naci\u00f3n","isPartOf":{"@id":"https:\/\/www.fiscalia.gov.co\/colombia\/#website"},"primaryImageOfPage":{"@id":"https:\/\/www.fiscalia.gov.co\/colombia\/noticias\/tres-presuntos-responsables-de-homicidio-fueron-enviados-a-la-carcel-en-cartagena\/#primaryimage"},"image":{"@id":"https:\/\/www.fiscalia.gov.co\/colombia\/noticias\/tres-presuntos-responsables-de-homicidio-fueron-enviados-a-la-carcel-en-cartagena\/#primaryimage"},"thumbnailUrl":"https:\/\/www.fiscalia.gov.co\/colombia\/wp-content\/uploads\/Foto-1-boletin-16-de-febrero-homicidio--246x300.jpeg","datePublished":"2024-02-16T16:43:58+00:00","dateModified":"2024-03-06T19:36:10+00:00","description":"P\u00e1gina oficial de la Fiscal\u00eda General de la Naci\u00f3n \u2013 Colombia. Garantizamos el acceso efectivo a la justicia, la verdad y la reparaci\u00f3n de las v\u00edctimas de los delitos.","breadcrumb":{"@id":"https:\/\/www.fiscalia.gov.co\/colombia\/noticias\/tres-presuntos-responsables-de-homicidio-fueron-enviados-a-la-carcel-en-cartagena\/#breadcrumb"},"inLanguage":"es-CO","potentialAction":[{"@type":"ReadAction","target":["https:\/\/www.fiscalia.gov.co\/colombia\/noticias\/tres-presuntos-responsables-de-homicidio-fueron-enviados-a-la-carcel-en-cartagena\/"]}]},{"@type":"ImageObject","inLanguage":"es-CO","@id":"https:\/\/www.fiscalia.gov.co\/colombia\/noticias\/tres-presuntos-responsables-de-homicidio-fueron-enviados-a-la-carcel-en-cartagena\/#primaryimage","url":"https:\/\/www.fiscalia.gov.co\/colombia\/wp-content\/uploads\/Foto-1-boletin-16-de-febrero-homicidio--246x300.jpeg","contentUrl":"https:\/\/www.fiscalia.gov.co\/colombia\/wp-content\/uploads\/Foto-1-boletin-16-de-febrero-homicidio--246x300.jpeg"},{"@type":"BreadcrumbList","@id":"https:\/\/www.fiscalia.gov.co\/colombia\/noticias\/tres-presuntos-responsables-de-homicidio-fueron-enviados-a-la-carcel-en-cartagena\/#breadcrumb","itemListElement":[{"@type":"ListItem","position":1,"name":"Home","item":"https:\/\/www.fiscalia.gov.co\/colombia\/"},{"@type":"ListItem","position":2,"name":"Tres presuntos responsables de homicidio fueron enviados a la c\u00e1rcel en Cartagena"}]},{"@type":"WebSite","@id":"https:\/\/www.fiscalia.gov.co\/colombia\/#website","url":"https:\/\/www.fiscalia.gov.co\/colombia\/","name":"Fiscal\u00eda General de la Naci\u00f3n","description":"P\u00e1gina oficial de la Fiscal\u00eda General de la Naci\u00f3n \u2013 Colombia. Garantizamos el acceso efectivo a la justicia, la verdad y la reparaci\u00f3n de las v\u00edctimas de los delitos.","publisher":{"@id":"https:\/\/www.fiscalia.gov.co\/colombia\/#organization"},"potentialAction":[{"@type":"SearchAction","target":{"@type":"EntryPoint","urlTemplate":"https:\/\/www.fiscalia.gov.co\/colombia\/?s={search_term_string}"},"query-input":{"@type":"PropertyValueSpecification","valueRequired":true,"valueName":"search_term_string"}}],"inLanguage":"es-CO"},{"@type":"Organization","@id":"https:\/\/www.fiscalia.gov.co\/colombia\/#organization","name":"Fiscal\u00eda General de la Naci\u00f3n","url":"https:\/\/www.fiscalia.gov.co\/colombia\/","logo":{"@type":"ImageObject","inLanguage":"es-CO","@id":"https:\/\/www.fiscalia.gov.co\/colombia\/#\/schema\/logo\/image\/","url":"https:\/\/www.fiscalia.gov.co\/colombia\/wp-content\/uploads\/LogoHorizontal_1.jpg","contentUrl":"https:\/\/www.fiscalia.gov.co\/colombia\/wp-content\/uploads\/LogoHorizontal_1.jpg","width":300,"height":90,"caption":"Fiscal\u00eda General de la Naci\u00f3n"},"image":{"@id":"https:\/\/www.fiscalia.gov.co\/colombia\/#\/schema\/logo\/image\/"},"sameAs":["https:\/\/www.facebook.com\/FiscaliaCol","https:\/\/x.com\/FiscaliaCol","https:\/\/www.instagram.com\/fiscaliacol","https:\/\/www.linkedin.com\/company\/fiscalia-general-de-la-naci-n\/","https:\/\/youtube.com\/@fiscaliageneraldelanacion-4668?si=6nN79nyQICPU5iTh"]},{"@type":"Person","@id":"https:\/\/www.fiscalia.gov.co\/colombia\/#\/schema\/person\/176195b99ebab0a52aafa15197e1bf80","name":"Winnie Geraldine Rodr\u00edguez Navarrete","image":{"@type":"ImageObject","inLanguage":"es-CO","@id":"https:\/\/www.fiscalia.gov.co\/colombia\/#\/schema\/person\/image\/","url":"https:\/\/secure.gravatar.com\/avatar\/c24cf8481dc84fa5e8c7b20bc95ab0c6?s=96&d=mm&r=g","contentUrl":"https:\/\/secure.gravatar.com\/avatar\/c24cf8481dc84fa5e8c7b20bc95ab0c6?s=96&d=mm&r=g","caption":"Winnie Geraldine Rodr\u00edguez Navarrete"},"url":"https:\/\/www.fiscalia.gov.co\/colombia\/author\/winnierodriguez\/"}]}},"_links":{"self":[{"href":"https:\/\/www.fiscalia.gov.co\/colombia\/wp-json\/wp\/v2\/posts\/288417","targetHints":{"allow":["GET"]}}],"collection":[{"href":"https:\/\/www.fiscalia.gov.co\/colombia\/wp-json\/wp\/v2\/posts"}],"about":[{"href":"https:\/\/www.fiscalia.gov.co\/colombia\/wp-json\/wp\/v2\/types\/post"}],"author":[{"embeddable":true,"href":"https:\/\/www.fiscalia.gov.co\/colombia\/wp-json\/wp\/v2\/users\/178"}],"replies":[{"embeddable":true,"href":"https:\/\/www.fiscalia.gov.co\/colombia\/wp-json\/wp\/v2\/comments?post=288417"}],"version-history":[{"count":3,"href":"https:\/\/www.fiscalia.gov.co\/colombia\/wp-json\/wp\/v2\/posts\/288417\/revisions"}],"predecessor-version":[{"id":289971,"href":"https:\/\/www.fiscalia.gov.co\/colombia\/wp-json\/wp\/v2\/posts\/288417\/revisions\/289971"}],"wp:attachment":[{"href":"https:\/\/www.fiscalia.gov.co\/colombia\/wp-json\/wp\/v2\/media?parent=288417"}],"wp:term":[{"taxonomy":"category","embeddable":true,"href":"https:\/\/www.fiscalia.gov.co\/colombia\/wp-json\/wp\/v2\/categories?post=288417"},{"taxonomy":"post_tag","embeddable":true,"href":"https:\/\/www.fiscalia.gov.co\/colombia\/wp-json\/wp\/v2\/tags?post=288417"}],"curies":[{"name":"wp","href":"https:\/\/api.w.org\/{rel}","templated":true}]}}