{"id":288378,"date":"2024-02-16T09:05:55","date_gmt":"2024-02-16T14:05:55","guid":{"rendered":"https:\/\/www.fiscalia.gov.co\/colombia\/?p=288378"},"modified":"2024-02-19T11:41:54","modified_gmt":"2024-02-19T16:41:54","slug":"recluido-en-prision-un-hombre-quien-habria-provocado-la-muerte-de-un-ciudadano-en-cajibio-cauca","status":"publish","type":"post","link":"https:\/\/www.fiscalia.gov.co\/colombia\/noticias\/recluido-en-prision-un-hombre-quien-habria-provocado-la-muerte-de-un-ciudadano-en-cajibio-cauca\/","title":{"rendered":"Recluido en prisi\u00f3n un hombre, quien habr\u00eda provocado la muerte de un ciudadano en Cajib\u00edo (Cauca)"},"content":{"rendered":"<p>Un fiscal local adscrito a la Seccional Cauca logr\u00f3 que V\u00edctor Alex Miranda Cocu\u00f1ame fuera enviado a prisi\u00f3n por un juez penal con control de garant\u00edas por su presunta responsabilidad material en el delito de <a href=\"http:\/\/www.fiscalia.gov.co\/colombia\/noticias\/judicializado-alias-oscuro-presunto-sicario-de-la-banda-los-popis-financiada-por-la-disidencia-carlos-patino-para-cometer-homicidios\/\" target=\"_blank\" rel=\"noopener\" data-saferedirecturl=\"https:\/\/www.google.com\/url?q=http:\/\/www.fiscalia.gov.co\/colombia\/noticias\/judicializado-alias-oscuro-presunto-sicario-de-la-banda-los-popis-financiada-por-la-disidencia-carlos-patino-para-cometer-homicidios\/&amp;source=gmail&amp;ust=1708177892062000&amp;usg=AOvVaw2izxwSn-JPgZU6vciiCpBg\">homicidio<\/a>\u00a0agravado.<u><\/u><u><\/u><\/p>\n<p>Los hechos por los que Miranda Cocu\u00f1ame es procesado ocurrieron el 18 de junio de 2023, durante un festival en la vereda El Provenir, zona rural de Cajib\u00edo, donde se registr\u00f3 una ri\u00f1a.<u><\/u><u><\/u><\/p>\n<p>De acuerdo con la investigaci\u00f3n, el asegurado estar\u00eda implicado en las heridas que, con un\u00a0<a href=\"http:\/\/www.fiscalia.gov.co\/colombia\/noticias\/asegurado-un-hombre-como-presunto-responsable-en-tentativa-de-homicidio-con-un-arma-cortopunzante-durante-una-rina\/\" target=\"_blank\" rel=\"noopener\" data-saferedirecturl=\"https:\/\/www.google.com\/url?q=http:\/\/www.fiscalia.gov.co\/colombia\/noticias\/asegurado-un-hombre-como-presunto-responsable-en-tentativa-de-homicidio-con-un-arma-cortopunzante-durante-una-rina\/&amp;source=gmail&amp;ust=1708177892062000&amp;usg=AOvVaw2uyDleUyxyXrnQtTlezbHS\">arma cortopunzante<\/a>, le propin\u00f3 en el t\u00f3rax al ciudadano, Yilmer Steven Valencia Valencia, que le provocaron la muerte.<u><\/u><u><\/u><\/p>\n<figure id=\"attachment_288379\" aria-describedby=\"caption-attachment-288379\" style=\"width: 391px\" class=\"wp-caption aligncenter\"><img loading=\"lazy\" decoding=\"async\" class=\" wp-image-288379\" src=\"https:\/\/www.fiscalia.gov.co\/colombia\/wp-content\/uploads\/WhatsApp-Image-2024-02-15-at-3.13.12-PM-300x285.jpeg\" alt=\"En la fotograf\u00eda aparece el capturado junto a un servidor del CTI y un agente de la Polic\u00eda Nacional. En la parte superior est\u00e1 un banner de la Fiscal\u00eda General de la Naci\u00f3n\" width=\"391\" height=\"371\" srcset=\"https:\/\/www.fiscalia.gov.co\/colombia\/wp-content\/uploads\/WhatsApp-Image-2024-02-15-at-3.13.12-PM-300x285.jpeg 300w, https:\/\/www.fiscalia.gov.co\/colombia\/wp-content\/uploads\/WhatsApp-Image-2024-02-15-at-3.13.12-PM-1024x973.jpeg 1024w, https:\/\/www.fiscalia.gov.co\/colombia\/wp-content\/uploads\/WhatsApp-Image-2024-02-15-at-3.13.12-PM-768x730.jpeg 768w, https:\/\/www.fiscalia.gov.co\/colombia\/wp-content\/uploads\/WhatsApp-Image-2024-02-15-at-3.13.12-PM-1536x1460.jpeg 1536w, https:\/\/www.fiscalia.gov.co\/colombia\/wp-content\/uploads\/WhatsApp-Image-2024-02-15-at-3.13.12-PM-696x662.jpeg 696w, https:\/\/www.fiscalia.gov.co\/colombia\/wp-content\/uploads\/WhatsApp-Image-2024-02-15-at-3.13.12-PM-1068x1015.jpeg 1068w, https:\/\/www.fiscalia.gov.co\/colombia\/wp-content\/uploads\/WhatsApp-Image-2024-02-15-at-3.13.12-PM-442x420.jpeg 442w, https:\/\/www.fiscalia.gov.co\/colombia\/wp-content\/uploads\/WhatsApp-Image-2024-02-15-at-3.13.12-PM.jpeg 1600w\" sizes=\"auto, (max-width: 391px) 100vw, 391px\" \/><figcaption id=\"caption-attachment-288379\" class=\"wp-caption-text\">V\u00edctor Alex Miranda Cocu\u00f1ame fue imputado con cargos por el delito de homicidio agravado<\/figcaption><\/figure>\n<p>Cometida la agresi\u00f3n, el imputado habr\u00eda emprendido la fuga y salido del municipio, huyendo de las autoridades. El 13 de noviembre de 2023, un juzgado penal promiscuo emiti\u00f3 una orden de captura contra el presunto agresor.<u><\/u><u><\/u><\/p>\n<p>Funcionarios del CTI apoyados por uniformados de la Polic\u00eda Nacional capturaron a V\u00edctor Alex Miranda el pasado 10 de febrero de 2024, cuando se desplazaba por un sector del centro de Cajib\u00edo.<u><\/u><u><\/u><\/p>\n<p>La medida de aseguramiento deber\u00e1 cumplirla en la c\u00e1rcel de este municipio del Valle de Pubenza.<u><\/u><u><\/u><\/p>\n<p><b>La Fiscal\u00eda habla con resultados<\/b><\/p>\n<p>&nbsp;<\/p>\n<p>&nbsp;<\/p>\n<p>JGPV\/FAGHT\/JAHS\/DSC<u><\/u><u><\/u><\/p>\n<p>&nbsp;<\/p>\n<p>&nbsp;<\/p>\n<p class=\"m_-8062014723752308341elementtoproof\"><u><\/u>\u00a0<u><\/u><\/p>\n<p>Le puede interesar:\u00a0<a href=\"http:\/\/www.fiscalia.gov.co\/colombia\/noticias\/condenado-disidente-de-las-farc-a-17-anos-de-prision-por-homicidio-agravado\/\" target=\"_blank\" rel=\"noopener\" data-saferedirecturl=\"https:\/\/www.google.com\/url?q=http:\/\/www.fiscalia.gov.co\/colombia\/noticias\/condenado-disidente-de-las-farc-a-17-anos-de-prision-por-homicidio-agravado\/&amp;source=gmail&amp;ust=1708177892062000&amp;usg=AOvVaw1C88o_pUbmW_uspsC0o72i\">Condenado disidente de las Farc a 17 a\u00f1os de prisi\u00f3n por homicidio agravado<\/a><u><\/u><u><\/u><\/p>\n<p>&nbsp;<\/p>\n<p><em>La informaci\u00f3n contenida en este bolet\u00edn de prensa corresponde a la narraci\u00f3n de los hechos noticiosos objetivos, suministrados por los funcionarios encargados de adelantar las investigaciones penales al interior de la Fiscal\u00eda General de la Naci\u00f3n. Para el momento de la divulgaci\u00f3n de este comunicado, la situaci\u00f3n jur\u00eddica de la(s) persona(s) relacionada(s) se encuentra pendiente de resolver por la autoridad judicial competente, siempre bajo los preceptos de la presunci\u00f3n de inocencia, consagrados en el art\u00edculo 29 de la Constituci\u00f3n Pol\u00edtica y el art\u00edculo 7\u00ba de la Ley 906 de 2004. <\/em><\/p>\n\n<div class=\"twitter-share\"><a href=\"https:\/\/twitter.com\/intent\/tweet?via=fiscaliacol\" class=\"twitter-share-button\">Tweet<\/a><\/div>\n","protected":false},"excerpt":{"rendered":"<p>Un fiscal local adscrito a la Seccional Cauca logr\u00f3 que V\u00edctor Alex Miranda Cocu\u00f1ame fuera enviado a prisi\u00f3n por un juez penal con control de garant\u00edas por su presunta responsabilidad material en el delito de homicidio\u00a0agravado. Los hechos por los que Miranda Cocu\u00f1ame es procesado ocurrieron el 18 de junio de 2023, durante un festival [&hellip;]<\/p>\n","protected":false},"author":178,"featured_media":0,"comment_status":"closed","ping_status":"open","sticky":false,"template":"","format":"standard","meta":{"_price":"","_stock":"","_tribe_ticket_header":"","_tribe_default_ticket_provider":"","_tribe_ticket_capacity":"0","_ticket_start_date":"","_ticket_end_date":"","_tribe_ticket_show_description":"","_tribe_ticket_show_not_going":false,"_tribe_ticket_use_global_stock":"","_tribe_ticket_global_stock_level":"","_global_stock_mode":"","_global_stock_cap":"","_tribe_rsvp_for_event":"","_tribe_ticket_going_count":"","_tribe_ticket_not_going_count":"","_tribe_tickets_list":"[]","_tribe_ticket_has_attendee_info_fields":false,"tdm_status":"","tdm_grid_status":"","footnotes":""},"categories":[1,24099],"tags":[24257,31682,78,24187,409,26070],"class_list":{"0":"post-288378","1":"post","2":"type-post","3":"status-publish","4":"format-standard","6":"category-noticias","7":"category-seguridad-territorial","8":"tag-arma-cortopunzante","9":"tag-cajibio-cauca","10":"tag-fiscal-general-de-la-nacion","11":"tag-fiscalia-colombia","12":"tag-homicidio","13":"tag-seccional-cali"},"yoast_head":"<!-- This site is optimized with the Yoast SEO plugin v24.3 - https:\/\/yoast.com\/wordpress\/plugins\/seo\/ -->\n<title>Fiscal\u00eda General de la Naci\u00f3n<\/title>\n<meta name=\"description\" content=\"P\u00e1gina oficial de la Fiscal\u00eda General de la Naci\u00f3n \u2013 Colombia. Garantizamos el acceso efectivo a la justicia, la verdad y la reparaci\u00f3n de las v\u00edctimas de los delitos.\" \/>\n<meta name=\"robots\" content=\"noindex, follow\" \/>\n<meta property=\"og:locale\" content=\"es_ES\" \/>\n<meta property=\"og:type\" content=\"article\" \/>\n<meta property=\"og:title\" content=\"Fiscal\u00eda General de la Naci\u00f3n\" \/>\n<meta property=\"og:description\" content=\"P\u00e1gina oficial de la Fiscal\u00eda General de la Naci\u00f3n \u2013 Colombia. Garantizamos el acceso efectivo a la justicia, la verdad y la reparaci\u00f3n de las v\u00edctimas de los delitos.\" \/>\n<meta property=\"og:url\" content=\"https:\/\/www.fiscalia.gov.co\/colombia\/noticias\/recluido-en-prision-un-hombre-quien-habria-provocado-la-muerte-de-un-ciudadano-en-cajibio-cauca\/\" \/>\n<meta property=\"og:site_name\" content=\"Fiscal\u00eda General de la Naci\u00f3n\" \/>\n<meta property=\"article:publisher\" content=\"https:\/\/www.facebook.com\/FiscaliaCol\" \/>\n<meta property=\"article:published_time\" content=\"2024-02-16T14:05:55+00:00\" \/>\n<meta property=\"article:modified_time\" content=\"2024-02-19T16:41:54+00:00\" \/>\n<meta property=\"og:image\" content=\"https:\/\/www.fiscalia.gov.co\/colombia\/wp-content\/uploads\/WhatsApp-Image-2024-02-15-at-3.13.12-PM-300x285.jpeg\" \/>\n<meta name=\"author\" content=\"Winnie Geraldine Rodr\u00edguez Navarrete\" \/>\n<meta name=\"twitter:card\" content=\"summary_large_image\" \/>\n<meta name=\"twitter:creator\" content=\"@FiscaliaCol\" \/>\n<meta name=\"twitter:site\" content=\"@FiscaliaCol\" \/>\n<meta name=\"twitter:label1\" content=\"Escrito por\" \/>\n\t<meta name=\"twitter:data1\" content=\"Winnie Geraldine Rodr\u00edguez Navarrete\" \/>\n\t<meta name=\"twitter:label2\" content=\"Tiempo de lectura\" \/>\n\t<meta name=\"twitter:data2\" content=\"2 minutos\" \/>\n<script type=\"application\/ld+json\" class=\"yoast-schema-graph\">{\"@context\":\"https:\/\/schema.org\",\"@graph\":[{\"@type\":\"Article\",\"@id\":\"https:\/\/www.fiscalia.gov.co\/colombia\/noticias\/recluido-en-prision-un-hombre-quien-habria-provocado-la-muerte-de-un-ciudadano-en-cajibio-cauca\/#article\",\"isPartOf\":{\"@id\":\"https:\/\/www.fiscalia.gov.co\/colombia\/noticias\/recluido-en-prision-un-hombre-quien-habria-provocado-la-muerte-de-un-ciudadano-en-cajibio-cauca\/\"},\"author\":{\"name\":\"Winnie Geraldine Rodr\u00edguez Navarrete\",\"@id\":\"https:\/\/www.fiscalia.gov.co\/colombia\/#\/schema\/person\/176195b99ebab0a52aafa15197e1bf80\"},\"headline\":\"Recluido en prisi\u00f3n un hombre, quien habr\u00eda provocado la muerte de un ciudadano en Cajib\u00edo (Cauca)\",\"datePublished\":\"2024-02-16T14:05:55+00:00\",\"dateModified\":\"2024-02-19T16:41:54+00:00\",\"mainEntityOfPage\":{\"@id\":\"https:\/\/www.fiscalia.gov.co\/colombia\/noticias\/recluido-en-prision-un-hombre-quien-habria-provocado-la-muerte-de-un-ciudadano-en-cajibio-cauca\/\"},\"wordCount\":373,\"publisher\":{\"@id\":\"https:\/\/www.fiscalia.gov.co\/colombia\/#organization\"},\"image\":{\"@id\":\"https:\/\/www.fiscalia.gov.co\/colombia\/noticias\/recluido-en-prision-un-hombre-quien-habria-provocado-la-muerte-de-un-ciudadano-en-cajibio-cauca\/#primaryimage\"},\"thumbnailUrl\":\"https:\/\/www.fiscalia.gov.co\/colombia\/wp-content\/uploads\/WhatsApp-Image-2024-02-15-at-3.13.12-PM-300x285.jpeg\",\"keywords\":[\"arma cortopunzante\",\"Cajib\u00edo (Cauca)\",\"Fiscal General de la Naci\u00f3n\",\"Fiscal\u00eda Colombia\",\"Homicidio\",\"Seccional Cali\"],\"articleSection\":[\"Noticias\",\"Seguridad territorial\"],\"inLanguage\":\"es-CO\"},{\"@type\":\"WebPage\",\"@id\":\"https:\/\/www.fiscalia.gov.co\/colombia\/noticias\/recluido-en-prision-un-hombre-quien-habria-provocado-la-muerte-de-un-ciudadano-en-cajibio-cauca\/\",\"url\":\"https:\/\/www.fiscalia.gov.co\/colombia\/noticias\/recluido-en-prision-un-hombre-quien-habria-provocado-la-muerte-de-un-ciudadano-en-cajibio-cauca\/\",\"name\":\"Fiscal\u00eda General de la Naci\u00f3n\",\"isPartOf\":{\"@id\":\"https:\/\/www.fiscalia.gov.co\/colombia\/#website\"},\"primaryImageOfPage\":{\"@id\":\"https:\/\/www.fiscalia.gov.co\/colombia\/noticias\/recluido-en-prision-un-hombre-quien-habria-provocado-la-muerte-de-un-ciudadano-en-cajibio-cauca\/#primaryimage\"},\"image\":{\"@id\":\"https:\/\/www.fiscalia.gov.co\/colombia\/noticias\/recluido-en-prision-un-hombre-quien-habria-provocado-la-muerte-de-un-ciudadano-en-cajibio-cauca\/#primaryimage\"},\"thumbnailUrl\":\"https:\/\/www.fiscalia.gov.co\/colombia\/wp-content\/uploads\/WhatsApp-Image-2024-02-15-at-3.13.12-PM-300x285.jpeg\",\"datePublished\":\"2024-02-16T14:05:55+00:00\",\"dateModified\":\"2024-02-19T16:41:54+00:00\",\"description\":\"P\u00e1gina oficial de la Fiscal\u00eda General de la Naci\u00f3n \u2013 Colombia. Garantizamos el acceso efectivo a la justicia, la verdad y la reparaci\u00f3n de las v\u00edctimas de los delitos.\",\"breadcrumb\":{\"@id\":\"https:\/\/www.fiscalia.gov.co\/colombia\/noticias\/recluido-en-prision-un-hombre-quien-habria-provocado-la-muerte-de-un-ciudadano-en-cajibio-cauca\/#breadcrumb\"},\"inLanguage\":\"es-CO\",\"potentialAction\":[{\"@type\":\"ReadAction\",\"target\":[\"https:\/\/www.fiscalia.gov.co\/colombia\/noticias\/recluido-en-prision-un-hombre-quien-habria-provocado-la-muerte-de-un-ciudadano-en-cajibio-cauca\/\"]}]},{\"@type\":\"ImageObject\",\"inLanguage\":\"es-CO\",\"@id\":\"https:\/\/www.fiscalia.gov.co\/colombia\/noticias\/recluido-en-prision-un-hombre-quien-habria-provocado-la-muerte-de-un-ciudadano-en-cajibio-cauca\/#primaryimage\",\"url\":\"https:\/\/www.fiscalia.gov.co\/colombia\/wp-content\/uploads\/WhatsApp-Image-2024-02-15-at-3.13.12-PM-300x285.jpeg\",\"contentUrl\":\"https:\/\/www.fiscalia.gov.co\/colombia\/wp-content\/uploads\/WhatsApp-Image-2024-02-15-at-3.13.12-PM-300x285.jpeg\"},{\"@type\":\"BreadcrumbList\",\"@id\":\"https:\/\/www.fiscalia.gov.co\/colombia\/noticias\/recluido-en-prision-un-hombre-quien-habria-provocado-la-muerte-de-un-ciudadano-en-cajibio-cauca\/#breadcrumb\",\"itemListElement\":[{\"@type\":\"ListItem\",\"position\":1,\"name\":\"Home\",\"item\":\"https:\/\/www.fiscalia.gov.co\/colombia\/\"},{\"@type\":\"ListItem\",\"position\":2,\"name\":\"Recluido en prisi\u00f3n un hombre, quien habr\u00eda provocado la muerte de un ciudadano en Cajib\u00edo (Cauca)\"}]},{\"@type\":\"WebSite\",\"@id\":\"https:\/\/www.fiscalia.gov.co\/colombia\/#website\",\"url\":\"https:\/\/www.fiscalia.gov.co\/colombia\/\",\"name\":\"Fiscal\u00eda General de la Naci\u00f3n\",\"description\":\"P\u00e1gina oficial de la Fiscal\u00eda General de la Naci\u00f3n \u2013 Colombia. Garantizamos el acceso efectivo a la justicia, la verdad y la reparaci\u00f3n de las v\u00edctimas de los delitos.\",\"publisher\":{\"@id\":\"https:\/\/www.fiscalia.gov.co\/colombia\/#organization\"},\"potentialAction\":[{\"@type\":\"SearchAction\",\"target\":{\"@type\":\"EntryPoint\",\"urlTemplate\":\"https:\/\/www.fiscalia.gov.co\/colombia\/?s={search_term_string}\"},\"query-input\":{\"@type\":\"PropertyValueSpecification\",\"valueRequired\":true,\"valueName\":\"search_term_string\"}}],\"inLanguage\":\"es-CO\"},{\"@type\":\"Organization\",\"@id\":\"https:\/\/www.fiscalia.gov.co\/colombia\/#organization\",\"name\":\"Fiscal\u00eda General de la Naci\u00f3n\",\"url\":\"https:\/\/www.fiscalia.gov.co\/colombia\/\",\"logo\":{\"@type\":\"ImageObject\",\"inLanguage\":\"es-CO\",\"@id\":\"https:\/\/www.fiscalia.gov.co\/colombia\/#\/schema\/logo\/image\/\",\"url\":\"https:\/\/www.fiscalia.gov.co\/colombia\/wp-content\/uploads\/LogoHorizontal_1.jpg\",\"contentUrl\":\"https:\/\/www.fiscalia.gov.co\/colombia\/wp-content\/uploads\/LogoHorizontal_1.jpg\",\"width\":300,\"height\":90,\"caption\":\"Fiscal\u00eda General de la Naci\u00f3n\"},\"image\":{\"@id\":\"https:\/\/www.fiscalia.gov.co\/colombia\/#\/schema\/logo\/image\/\"},\"sameAs\":[\"https:\/\/www.facebook.com\/FiscaliaCol\",\"https:\/\/x.com\/FiscaliaCol\",\"https:\/\/www.instagram.com\/fiscaliacol\",\"https:\/\/www.linkedin.com\/company\/fiscalia-general-de-la-naci-n\/\",\"https:\/\/youtube.com\/@fiscaliageneraldelanacion-4668?si=6nN79nyQICPU5iTh\"]},{\"@type\":\"Person\",\"@id\":\"https:\/\/www.fiscalia.gov.co\/colombia\/#\/schema\/person\/176195b99ebab0a52aafa15197e1bf80\",\"name\":\"Winnie Geraldine Rodr\u00edguez Navarrete\",\"image\":{\"@type\":\"ImageObject\",\"inLanguage\":\"es-CO\",\"@id\":\"https:\/\/www.fiscalia.gov.co\/colombia\/#\/schema\/person\/image\/\",\"url\":\"https:\/\/secure.gravatar.com\/avatar\/c24cf8481dc84fa5e8c7b20bc95ab0c6?s=96&d=mm&r=g\",\"contentUrl\":\"https:\/\/secure.gravatar.com\/avatar\/c24cf8481dc84fa5e8c7b20bc95ab0c6?s=96&d=mm&r=g\",\"caption\":\"Winnie Geraldine Rodr\u00edguez Navarrete\"},\"url\":\"https:\/\/www.fiscalia.gov.co\/colombia\/author\/winnierodriguez\/\"}]}<\/script>\n<!-- \/ Yoast SEO plugin. -->","yoast_head_json":{"title":"Fiscal\u00eda General de la Naci\u00f3n","description":"P\u00e1gina oficial de la Fiscal\u00eda General de la Naci\u00f3n \u2013 Colombia. Garantizamos el acceso efectivo a la justicia, la verdad y la reparaci\u00f3n de las v\u00edctimas de los delitos.","robots":{"index":"noindex","follow":"follow"},"og_locale":"es_ES","og_type":"article","og_title":"Fiscal\u00eda General de la Naci\u00f3n","og_description":"P\u00e1gina oficial de la Fiscal\u00eda General de la Naci\u00f3n \u2013 Colombia. Garantizamos el acceso efectivo a la justicia, la verdad y la reparaci\u00f3n de las v\u00edctimas de los delitos.","og_url":"https:\/\/www.fiscalia.gov.co\/colombia\/noticias\/recluido-en-prision-un-hombre-quien-habria-provocado-la-muerte-de-un-ciudadano-en-cajibio-cauca\/","og_site_name":"Fiscal\u00eda General de la Naci\u00f3n","article_publisher":"https:\/\/www.facebook.com\/FiscaliaCol","article_published_time":"2024-02-16T14:05:55+00:00","article_modified_time":"2024-02-19T16:41:54+00:00","og_image":[{"url":"https:\/\/www.fiscalia.gov.co\/colombia\/wp-content\/uploads\/WhatsApp-Image-2024-02-15-at-3.13.12-PM-300x285.jpeg","type":"","width":"","height":""}],"author":"Winnie Geraldine Rodr\u00edguez Navarrete","twitter_card":"summary_large_image","twitter_creator":"@FiscaliaCol","twitter_site":"@FiscaliaCol","twitter_misc":{"Escrito por":"Winnie Geraldine Rodr\u00edguez Navarrete","Tiempo de lectura":"2 minutos"},"schema":{"@context":"https:\/\/schema.org","@graph":[{"@type":"Article","@id":"https:\/\/www.fiscalia.gov.co\/colombia\/noticias\/recluido-en-prision-un-hombre-quien-habria-provocado-la-muerte-de-un-ciudadano-en-cajibio-cauca\/#article","isPartOf":{"@id":"https:\/\/www.fiscalia.gov.co\/colombia\/noticias\/recluido-en-prision-un-hombre-quien-habria-provocado-la-muerte-de-un-ciudadano-en-cajibio-cauca\/"},"author":{"name":"Winnie Geraldine Rodr\u00edguez Navarrete","@id":"https:\/\/www.fiscalia.gov.co\/colombia\/#\/schema\/person\/176195b99ebab0a52aafa15197e1bf80"},"headline":"Recluido en prisi\u00f3n un hombre, quien habr\u00eda provocado la muerte de un ciudadano en Cajib\u00edo (Cauca)","datePublished":"2024-02-16T14:05:55+00:00","dateModified":"2024-02-19T16:41:54+00:00","mainEntityOfPage":{"@id":"https:\/\/www.fiscalia.gov.co\/colombia\/noticias\/recluido-en-prision-un-hombre-quien-habria-provocado-la-muerte-de-un-ciudadano-en-cajibio-cauca\/"},"wordCount":373,"publisher":{"@id":"https:\/\/www.fiscalia.gov.co\/colombia\/#organization"},"image":{"@id":"https:\/\/www.fiscalia.gov.co\/colombia\/noticias\/recluido-en-prision-un-hombre-quien-habria-provocado-la-muerte-de-un-ciudadano-en-cajibio-cauca\/#primaryimage"},"thumbnailUrl":"https:\/\/www.fiscalia.gov.co\/colombia\/wp-content\/uploads\/WhatsApp-Image-2024-02-15-at-3.13.12-PM-300x285.jpeg","keywords":["arma cortopunzante","Cajib\u00edo (Cauca)","Fiscal General de la Naci\u00f3n","Fiscal\u00eda Colombia","Homicidio","Seccional Cali"],"articleSection":["Noticias","Seguridad territorial"],"inLanguage":"es-CO"},{"@type":"WebPage","@id":"https:\/\/www.fiscalia.gov.co\/colombia\/noticias\/recluido-en-prision-un-hombre-quien-habria-provocado-la-muerte-de-un-ciudadano-en-cajibio-cauca\/","url":"https:\/\/www.fiscalia.gov.co\/colombia\/noticias\/recluido-en-prision-un-hombre-quien-habria-provocado-la-muerte-de-un-ciudadano-en-cajibio-cauca\/","name":"Fiscal\u00eda General de la Naci\u00f3n","isPartOf":{"@id":"https:\/\/www.fiscalia.gov.co\/colombia\/#website"},"primaryImageOfPage":{"@id":"https:\/\/www.fiscalia.gov.co\/colombia\/noticias\/recluido-en-prision-un-hombre-quien-habria-provocado-la-muerte-de-un-ciudadano-en-cajibio-cauca\/#primaryimage"},"image":{"@id":"https:\/\/www.fiscalia.gov.co\/colombia\/noticias\/recluido-en-prision-un-hombre-quien-habria-provocado-la-muerte-de-un-ciudadano-en-cajibio-cauca\/#primaryimage"},"thumbnailUrl":"https:\/\/www.fiscalia.gov.co\/colombia\/wp-content\/uploads\/WhatsApp-Image-2024-02-15-at-3.13.12-PM-300x285.jpeg","datePublished":"2024-02-16T14:05:55+00:00","dateModified":"2024-02-19T16:41:54+00:00","description":"P\u00e1gina oficial de la Fiscal\u00eda General de la Naci\u00f3n \u2013 Colombia. Garantizamos el acceso efectivo a la justicia, la verdad y la reparaci\u00f3n de las v\u00edctimas de los delitos.","breadcrumb":{"@id":"https:\/\/www.fiscalia.gov.co\/colombia\/noticias\/recluido-en-prision-un-hombre-quien-habria-provocado-la-muerte-de-un-ciudadano-en-cajibio-cauca\/#breadcrumb"},"inLanguage":"es-CO","potentialAction":[{"@type":"ReadAction","target":["https:\/\/www.fiscalia.gov.co\/colombia\/noticias\/recluido-en-prision-un-hombre-quien-habria-provocado-la-muerte-de-un-ciudadano-en-cajibio-cauca\/"]}]},{"@type":"ImageObject","inLanguage":"es-CO","@id":"https:\/\/www.fiscalia.gov.co\/colombia\/noticias\/recluido-en-prision-un-hombre-quien-habria-provocado-la-muerte-de-un-ciudadano-en-cajibio-cauca\/#primaryimage","url":"https:\/\/www.fiscalia.gov.co\/colombia\/wp-content\/uploads\/WhatsApp-Image-2024-02-15-at-3.13.12-PM-300x285.jpeg","contentUrl":"https:\/\/www.fiscalia.gov.co\/colombia\/wp-content\/uploads\/WhatsApp-Image-2024-02-15-at-3.13.12-PM-300x285.jpeg"},{"@type":"BreadcrumbList","@id":"https:\/\/www.fiscalia.gov.co\/colombia\/noticias\/recluido-en-prision-un-hombre-quien-habria-provocado-la-muerte-de-un-ciudadano-en-cajibio-cauca\/#breadcrumb","itemListElement":[{"@type":"ListItem","position":1,"name":"Home","item":"https:\/\/www.fiscalia.gov.co\/colombia\/"},{"@type":"ListItem","position":2,"name":"Recluido en prisi\u00f3n un hombre, quien habr\u00eda provocado la muerte de un ciudadano en Cajib\u00edo (Cauca)"}]},{"@type":"WebSite","@id":"https:\/\/www.fiscalia.gov.co\/colombia\/#website","url":"https:\/\/www.fiscalia.gov.co\/colombia\/","name":"Fiscal\u00eda General de la Naci\u00f3n","description":"P\u00e1gina oficial de la Fiscal\u00eda General de la Naci\u00f3n \u2013 Colombia. Garantizamos el acceso efectivo a la justicia, la verdad y la reparaci\u00f3n de las v\u00edctimas de los delitos.","publisher":{"@id":"https:\/\/www.fiscalia.gov.co\/colombia\/#organization"},"potentialAction":[{"@type":"SearchAction","target":{"@type":"EntryPoint","urlTemplate":"https:\/\/www.fiscalia.gov.co\/colombia\/?s={search_term_string}"},"query-input":{"@type":"PropertyValueSpecification","valueRequired":true,"valueName":"search_term_string"}}],"inLanguage":"es-CO"},{"@type":"Organization","@id":"https:\/\/www.fiscalia.gov.co\/colombia\/#organization","name":"Fiscal\u00eda General de la Naci\u00f3n","url":"https:\/\/www.fiscalia.gov.co\/colombia\/","logo":{"@type":"ImageObject","inLanguage":"es-CO","@id":"https:\/\/www.fiscalia.gov.co\/colombia\/#\/schema\/logo\/image\/","url":"https:\/\/www.fiscalia.gov.co\/colombia\/wp-content\/uploads\/LogoHorizontal_1.jpg","contentUrl":"https:\/\/www.fiscalia.gov.co\/colombia\/wp-content\/uploads\/LogoHorizontal_1.jpg","width":300,"height":90,"caption":"Fiscal\u00eda General de la Naci\u00f3n"},"image":{"@id":"https:\/\/www.fiscalia.gov.co\/colombia\/#\/schema\/logo\/image\/"},"sameAs":["https:\/\/www.facebook.com\/FiscaliaCol","https:\/\/x.com\/FiscaliaCol","https:\/\/www.instagram.com\/fiscaliacol","https:\/\/www.linkedin.com\/company\/fiscalia-general-de-la-naci-n\/","https:\/\/youtube.com\/@fiscaliageneraldelanacion-4668?si=6nN79nyQICPU5iTh"]},{"@type":"Person","@id":"https:\/\/www.fiscalia.gov.co\/colombia\/#\/schema\/person\/176195b99ebab0a52aafa15197e1bf80","name":"Winnie Geraldine Rodr\u00edguez Navarrete","image":{"@type":"ImageObject","inLanguage":"es-CO","@id":"https:\/\/www.fiscalia.gov.co\/colombia\/#\/schema\/person\/image\/","url":"https:\/\/secure.gravatar.com\/avatar\/c24cf8481dc84fa5e8c7b20bc95ab0c6?s=96&d=mm&r=g","contentUrl":"https:\/\/secure.gravatar.com\/avatar\/c24cf8481dc84fa5e8c7b20bc95ab0c6?s=96&d=mm&r=g","caption":"Winnie Geraldine Rodr\u00edguez Navarrete"},"url":"https:\/\/www.fiscalia.gov.co\/colombia\/author\/winnierodriguez\/"}]}},"_links":{"self":[{"href":"https:\/\/www.fiscalia.gov.co\/colombia\/wp-json\/wp\/v2\/posts\/288378","targetHints":{"allow":["GET"]}}],"collection":[{"href":"https:\/\/www.fiscalia.gov.co\/colombia\/wp-json\/wp\/v2\/posts"}],"about":[{"href":"https:\/\/www.fiscalia.gov.co\/colombia\/wp-json\/wp\/v2\/types\/post"}],"author":[{"embeddable":true,"href":"https:\/\/www.fiscalia.gov.co\/colombia\/wp-json\/wp\/v2\/users\/178"}],"replies":[{"embeddable":true,"href":"https:\/\/www.fiscalia.gov.co\/colombia\/wp-json\/wp\/v2\/comments?post=288378"}],"version-history":[{"count":2,"href":"https:\/\/www.fiscalia.gov.co\/colombia\/wp-json\/wp\/v2\/posts\/288378\/revisions"}],"predecessor-version":[{"id":288527,"href":"https:\/\/www.fiscalia.gov.co\/colombia\/wp-json\/wp\/v2\/posts\/288378\/revisions\/288527"}],"wp:attachment":[{"href":"https:\/\/www.fiscalia.gov.co\/colombia\/wp-json\/wp\/v2\/media?parent=288378"}],"wp:term":[{"taxonomy":"category","embeddable":true,"href":"https:\/\/www.fiscalia.gov.co\/colombia\/wp-json\/wp\/v2\/categories?post=288378"},{"taxonomy":"post_tag","embeddable":true,"href":"https:\/\/www.fiscalia.gov.co\/colombia\/wp-json\/wp\/v2\/tags?post=288378"}],"curies":[{"name":"wp","href":"https:\/\/api.w.org\/{rel}","templated":true}]}}