{"id":288339,"date":"2024-02-15T16:05:54","date_gmt":"2024-02-15T21:05:54","guid":{"rendered":"https:\/\/www.fiscalia.gov.co\/colombia\/?p=288339"},"modified":"2024-03-06T12:22:55","modified_gmt":"2024-03-06T17:22:55","slug":"un-hombre-que-asalto-con-arma-de-fuego-a-un-sacerdote-y-a-dos-turistas-en-cartagena-fue-condenado-a-mas-de-20-anos-de-prision","status":"publish","type":"post","link":"https:\/\/www.fiscalia.gov.co\/colombia\/noticias\/un-hombre-que-asalto-con-arma-de-fuego-a-un-sacerdote-y-a-dos-turistas-en-cartagena-fue-condenado-a-mas-de-20-anos-de-prision\/","title":{"rendered":"Un hombre que asalt\u00f3 con arma de fuego a un sacerdote y a dos turistas en Cartagena fue condenado a m\u00e1s de 20 a\u00f1os de prisi\u00f3n"},"content":{"rendered":"<p>Ante los elementos materiales probatorios que aport\u00f3 un fiscal de la Seccional Bol\u00edvar, un juez de conocimiento conden\u00f3 a 20 a\u00f1os y 4 meses de prisi\u00f3n a Benito Antonio Caro Mart\u00ednez.<\/p>\n<p>Lo encontr\u00f3 culpable de intimidar con arma de fuego, el\u00a09 de enero de 2022,\u00a0a un sacerdote y a dos turistas que caminaban\u00a0por el barrio La Popa, de Cartagena (Bol\u00edvar), para hurtarle sus pertenencias.<\/p>\n<p>El r\u00e1pido aviso a la Polic\u00eda Nacional permiti\u00f3 que minutos despu\u00e9s Caro Mart\u00ednez fuera capturado cuando hu\u00eda. En su poder les fueron halladas las joyas robadas y un arma sin salvoconducto.<\/p>\n<figure id=\"attachment_288341\" aria-describedby=\"caption-attachment-288341\" style=\"width: 271px\" class=\"wp-caption aligncenter\"><img loading=\"lazy\" decoding=\"async\" class=\"wp-image-288341 size-medium\" title=\"Fiscal Martha Mancera, Martha Mancera, Fiscal Mancera\" src=\"https:\/\/www.fiscalia.gov.co\/colombia\/wp-content\/uploads\/IMG-20240214-WA0025-271x300.jpg\" alt=\"En la fotograf\u00eda en blanco y negro est\u00e1 el rostro de un hombre delgado, moreno, joven con cabellos cortos, frente ancha, ojos, nariz y boca grande. Se encuentra vestido con una camiseta sin cuello y sin manga.\" width=\"271\" height=\"300\" srcset=\"https:\/\/www.fiscalia.gov.co\/colombia\/wp-content\/uploads\/IMG-20240214-WA0025-271x300.jpg 271w, https:\/\/www.fiscalia.gov.co\/colombia\/wp-content\/uploads\/IMG-20240214-WA0025-924x1024.jpg 924w, https:\/\/www.fiscalia.gov.co\/colombia\/wp-content\/uploads\/IMG-20240214-WA0025-768x852.jpg 768w, https:\/\/www.fiscalia.gov.co\/colombia\/wp-content\/uploads\/IMG-20240214-WA0025-1385x1536.jpg 1385w, https:\/\/www.fiscalia.gov.co\/colombia\/wp-content\/uploads\/IMG-20240214-WA0025-696x772.jpg 696w, https:\/\/www.fiscalia.gov.co\/colombia\/wp-content\/uploads\/IMG-20240214-WA0025-1068x1184.jpg 1068w, https:\/\/www.fiscalia.gov.co\/colombia\/wp-content\/uploads\/IMG-20240214-WA0025-379x420.jpg 379w, https:\/\/www.fiscalia.gov.co\/colombia\/wp-content\/uploads\/IMG-20240214-WA0025.jpg 1443w\" sizes=\"auto, (max-width: 271px) 100vw, 271px\" \/><figcaption id=\"caption-attachment-288341\" class=\"wp-caption-text\">El hombre, de 25 a\u00f1os, se encuentra recluido en la c\u00e1rcel de Cartagena.<\/figcaption><\/figure>\n<p>La Fiscal\u00eda le imput\u00f3 los delitos\u00a0de hurto calificado agravado y porte ilegal de armas de fuego, por los cuales fue condenado.<\/p>\n<p>El procesado se encuentra privado de la libertad en la C\u00e1rcel San Sebasti\u00e1n Ternera de Cartagena.<\/p>\n<p>Esta informaci\u00f3n se publica por razones de inter\u00e9s general.<\/p>\n<p><b><u>La Fiscal\u00eda habla con resultados.<\/u><\/b><\/p>\n<p>&nbsp;<\/p>\n<p>&nbsp;<\/p>\n<p>MEVA\/CFG\/ICHS\/DSB<\/p>\n<p>&nbsp;<\/p>\n<p>&nbsp;<\/p>\n<p><b><i>Le puede interesar:<\/i><\/b><\/p>\n<p><a id=\"m_4905837314833079708m_1999109445978157465OWAef89eace-5263-9ac3-8c27-cd54a36757ec\" href=\"https:\/\/www.fiscalia.gov.co\/colombia\/hay-justicia\/la-fiscalia-en-caldas-logro-las-condenas-para-10-personas-por-el-delito-de-hurto\/\" target=\"_blank\" rel=\"noopener noreferrer\" data-saferedirecturl=\"https:\/\/www.google.com\/url?q=https:\/\/www.fiscalia.gov.co\/colombia\/hay-justicia\/la-fiscalia-en-caldas-logro-las-condenas-para-10-personas-por-el-delito-de-hurto\/&amp;source=gmail&amp;ust=1708116545957000&amp;usg=AOvVaw3aGUMoeu4T5uRRCCCub327\">La Fiscal\u00eda en Caldas logr\u00f3 las condenas para 10 personas por el delito de hurto<\/a><\/p>\n<p><u><a id=\"m_4905837314833079708m_1999109445978157465OWA9bf89228-50dc-af7c-f25f-4342ae6157b0\" title=\"Condenados Los Aut\u00f3licos por hurto a residencias en Ibagu\u00e9 y otras ciudades del pa\u00eds\" href=\"https:\/\/www.fiscalia.gov.co\/colombia\/noticias\/condenados-los-autolicos-por-hurto-a-residencias-en-ibague-y-otras-ciudades-del-pais\/\" target=\"_blank\" rel=\"noopener noreferrer\" data-saferedirecturl=\"https:\/\/www.google.com\/url?q=https:\/\/www.fiscalia.gov.co\/colombia\/noticias\/condenados-los-autolicos-por-hurto-a-residencias-en-ibague-y-otras-ciudades-del-pais\/&amp;source=gmail&amp;ust=1708116545957000&amp;usg=AOvVaw0hRmT1_DRdXSlznR4uEzVS\">Condenados Los Aut\u00f3licos por hurto a residencias en Ibagu\u00e9 y otras ciudades del pa\u00eds<\/a><\/u><\/p>\n<p>&nbsp;<\/p>\n<p>&nbsp;<\/p>\n<p><em>La informaci\u00f3n contenida en este bolet\u00edn de prensa corresponde a la narraci\u00f3n de los hechos noticiosos objetivos, suministrados por los funcionarios encargados de adelantar las investigaciones penales al interior de la Fiscal\u00eda General de la Naci\u00f3n. Para el momento de la divulgaci\u00f3n de este comunicado, la situaci\u00f3n jur\u00eddica de la(s) persona(s) relacionada(s) se encuentra pendiente de resolver por la autoridad\u00a0judicial competente, siempre bajo los preceptos de la presunci\u00f3n de inocencia, consagrados en el art\u00edculo 29 de la Constituci\u00f3n Pol\u00edtica y el art\u00edculo 7\u00ba de la Ley 906 de 2004.\u00a0<\/em><\/p>\n\n<div class=\"twitter-share\"><a href=\"https:\/\/twitter.com\/intent\/tweet?via=fiscaliacol\" class=\"twitter-share-button\">Tweet<\/a><\/div>\n","protected":false},"excerpt":{"rendered":"<p>Ante los elementos materiales probatorios que aport\u00f3 un fiscal de la Seccional Bol\u00edvar, un juez de conocimiento conden\u00f3 a 20 a\u00f1os y 4 meses de prisi\u00f3n a Benito Antonio Caro Mart\u00ednez. Lo encontr\u00f3 culpable de intimidar con arma de fuego, el\u00a09 de enero de 2022,\u00a0a un sacerdote y a dos turistas que caminaban\u00a0por el barrio [&hellip;]<\/p>\n","protected":false},"author":178,"featured_media":0,"comment_status":"closed","ping_status":"open","sticky":false,"template":"","format":"standard","meta":{"_price":"","_stock":"","_tribe_ticket_header":"","_tribe_default_ticket_provider":"","_tribe_ticket_capacity":"0","_ticket_start_date":"","_ticket_end_date":"","_tribe_ticket_show_description":"","_tribe_ticket_show_not_going":false,"_tribe_ticket_use_global_stock":"","_tribe_ticket_global_stock_level":"","_global_stock_mode":"","_global_stock_cap":"","_tribe_rsvp_for_event":"","_tribe_ticket_going_count":"","_tribe_ticket_not_going_count":"","_tribe_tickets_list":"[]","_tribe_ticket_has_attendee_info_fields":false,"tdm_status":"","tdm_grid_status":"","footnotes":""},"categories":[1,325,303,24099],"tags":[23819,23998,293,37086,36949,24187,1047,23960,26350,558,24914,24237,862,36972],"class_list":{"0":"post-288339","1":"post","2":"type-post","3":"status-publish","4":"format-standard","6":"category-noticias","7":"category-seccional-cartagena","8":"category-seccionales","9":"category-seguridad-territorial","10":"tag-cartagena","11":"tag-cartagena-bolivar","12":"tag-condena","13":"tag-fiscal-mancera","14":"tag-fiscal-martha-mancera","15":"tag-fiscalia-colombia","16":"tag-fiscalia-general-de-la-nacion","17":"tag-hurto","18":"tag-martha-mancera","19":"tag-policia-nacional","20":"tag-porte-de-arma","21":"tag-prision","22":"tag-sacerdote","23":"tag-turistas"},"yoast_head":"<!-- This site is optimized with the Yoast SEO plugin v24.3 - https:\/\/yoast.com\/wordpress\/plugins\/seo\/ -->\n<title>Fiscal\u00eda General de la Naci\u00f3n<\/title>\n<meta name=\"description\" content=\"P\u00e1gina oficial de la Fiscal\u00eda General de la Naci\u00f3n \u2013 Colombia. Garantizamos el acceso efectivo a la justicia, la verdad y la reparaci\u00f3n de las v\u00edctimas de los delitos.\" \/>\n<meta name=\"robots\" content=\"noindex, follow\" \/>\n<meta property=\"og:locale\" content=\"es_ES\" \/>\n<meta property=\"og:type\" content=\"article\" \/>\n<meta property=\"og:title\" content=\"Fiscal\u00eda General de la Naci\u00f3n\" \/>\n<meta property=\"og:description\" content=\"P\u00e1gina oficial de la Fiscal\u00eda General de la Naci\u00f3n \u2013 Colombia. Garantizamos el acceso efectivo a la justicia, la verdad y la reparaci\u00f3n de las v\u00edctimas de los delitos.\" \/>\n<meta property=\"og:url\" content=\"https:\/\/www.fiscalia.gov.co\/colombia\/noticias\/un-hombre-que-asalto-con-arma-de-fuego-a-un-sacerdote-y-a-dos-turistas-en-cartagena-fue-condenado-a-mas-de-20-anos-de-prision\/\" \/>\n<meta property=\"og:site_name\" content=\"Fiscal\u00eda General de la Naci\u00f3n\" \/>\n<meta property=\"article:publisher\" content=\"https:\/\/www.facebook.com\/FiscaliaCol\" \/>\n<meta property=\"article:published_time\" content=\"2024-02-15T21:05:54+00:00\" \/>\n<meta property=\"article:modified_time\" content=\"2024-03-06T17:22:55+00:00\" \/>\n<meta property=\"og:image\" content=\"https:\/\/www.fiscalia.gov.co\/colombia\/wp-content\/uploads\/IMG-20240214-WA0025-271x300.jpg\" \/>\n<meta name=\"author\" content=\"Winnie Geraldine Rodr\u00edguez Navarrete\" \/>\n<meta name=\"twitter:card\" content=\"summary_large_image\" \/>\n<meta name=\"twitter:creator\" content=\"@FiscaliaCol\" \/>\n<meta name=\"twitter:site\" content=\"@FiscaliaCol\" \/>\n<meta name=\"twitter:label1\" content=\"Escrito por\" \/>\n\t<meta name=\"twitter:data1\" content=\"Winnie Geraldine Rodr\u00edguez Navarrete\" \/>\n\t<meta name=\"twitter:label2\" content=\"Tiempo de lectura\" \/>\n\t<meta name=\"twitter:data2\" content=\"2 minutos\" \/>\n<script type=\"application\/ld+json\" class=\"yoast-schema-graph\">{\"@context\":\"https:\/\/schema.org\",\"@graph\":[{\"@type\":\"Article\",\"@id\":\"https:\/\/www.fiscalia.gov.co\/colombia\/noticias\/un-hombre-que-asalto-con-arma-de-fuego-a-un-sacerdote-y-a-dos-turistas-en-cartagena-fue-condenado-a-mas-de-20-anos-de-prision\/#article\",\"isPartOf\":{\"@id\":\"https:\/\/www.fiscalia.gov.co\/colombia\/noticias\/un-hombre-que-asalto-con-arma-de-fuego-a-un-sacerdote-y-a-dos-turistas-en-cartagena-fue-condenado-a-mas-de-20-anos-de-prision\/\"},\"author\":{\"name\":\"Winnie Geraldine Rodr\u00edguez Navarrete\",\"@id\":\"https:\/\/www.fiscalia.gov.co\/colombia\/#\/schema\/person\/176195b99ebab0a52aafa15197e1bf80\"},\"headline\":\"Un hombre que asalt\u00f3 con arma de fuego a un sacerdote y a dos turistas en Cartagena fue condenado a m\u00e1s de 20 a\u00f1os de prisi\u00f3n\",\"datePublished\":\"2024-02-15T21:05:54+00:00\",\"dateModified\":\"2024-03-06T17:22:55+00:00\",\"mainEntityOfPage\":{\"@id\":\"https:\/\/www.fiscalia.gov.co\/colombia\/noticias\/un-hombre-que-asalto-con-arma-de-fuego-a-un-sacerdote-y-a-dos-turistas-en-cartagena-fue-condenado-a-mas-de-20-anos-de-prision\/\"},\"wordCount\":357,\"publisher\":{\"@id\":\"https:\/\/www.fiscalia.gov.co\/colombia\/#organization\"},\"image\":{\"@id\":\"https:\/\/www.fiscalia.gov.co\/colombia\/noticias\/un-hombre-que-asalto-con-arma-de-fuego-a-un-sacerdote-y-a-dos-turistas-en-cartagena-fue-condenado-a-mas-de-20-anos-de-prision\/#primaryimage\"},\"thumbnailUrl\":\"https:\/\/www.fiscalia.gov.co\/colombia\/wp-content\/uploads\/IMG-20240214-WA0025-271x300.jpg\",\"keywords\":[\"Cartagena\",\"Cartagena (Bol\u00edvar)\",\"Condena\",\"fiscal mancera\",\"fiscal martha mancera\",\"Fiscal\u00eda Colombia\",\"Fiscal\u00eda General de la Naci\u00f3n\",\"Hurto\",\"Martha Mancera\",\"Polic\u00eda Nacional\",\"porte de arma\",\"prisi\u00f3n\",\"Sacerdote\",\"turistas\"],\"articleSection\":[\"Noticias\",\"Seccional Cartagena\",\"Seccionales\",\"Seguridad territorial\"],\"inLanguage\":\"es-CO\"},{\"@type\":\"WebPage\",\"@id\":\"https:\/\/www.fiscalia.gov.co\/colombia\/noticias\/un-hombre-que-asalto-con-arma-de-fuego-a-un-sacerdote-y-a-dos-turistas-en-cartagena-fue-condenado-a-mas-de-20-anos-de-prision\/\",\"url\":\"https:\/\/www.fiscalia.gov.co\/colombia\/noticias\/un-hombre-que-asalto-con-arma-de-fuego-a-un-sacerdote-y-a-dos-turistas-en-cartagena-fue-condenado-a-mas-de-20-anos-de-prision\/\",\"name\":\"Fiscal\u00eda General de la Naci\u00f3n\",\"isPartOf\":{\"@id\":\"https:\/\/www.fiscalia.gov.co\/colombia\/#website\"},\"primaryImageOfPage\":{\"@id\":\"https:\/\/www.fiscalia.gov.co\/colombia\/noticias\/un-hombre-que-asalto-con-arma-de-fuego-a-un-sacerdote-y-a-dos-turistas-en-cartagena-fue-condenado-a-mas-de-20-anos-de-prision\/#primaryimage\"},\"image\":{\"@id\":\"https:\/\/www.fiscalia.gov.co\/colombia\/noticias\/un-hombre-que-asalto-con-arma-de-fuego-a-un-sacerdote-y-a-dos-turistas-en-cartagena-fue-condenado-a-mas-de-20-anos-de-prision\/#primaryimage\"},\"thumbnailUrl\":\"https:\/\/www.fiscalia.gov.co\/colombia\/wp-content\/uploads\/IMG-20240214-WA0025-271x300.jpg\",\"datePublished\":\"2024-02-15T21:05:54+00:00\",\"dateModified\":\"2024-03-06T17:22:55+00:00\",\"description\":\"P\u00e1gina oficial de la Fiscal\u00eda General de la Naci\u00f3n \u2013 Colombia. Garantizamos el acceso efectivo a la justicia, la verdad y la reparaci\u00f3n de las v\u00edctimas de los delitos.\",\"breadcrumb\":{\"@id\":\"https:\/\/www.fiscalia.gov.co\/colombia\/noticias\/un-hombre-que-asalto-con-arma-de-fuego-a-un-sacerdote-y-a-dos-turistas-en-cartagena-fue-condenado-a-mas-de-20-anos-de-prision\/#breadcrumb\"},\"inLanguage\":\"es-CO\",\"potentialAction\":[{\"@type\":\"ReadAction\",\"target\":[\"https:\/\/www.fiscalia.gov.co\/colombia\/noticias\/un-hombre-que-asalto-con-arma-de-fuego-a-un-sacerdote-y-a-dos-turistas-en-cartagena-fue-condenado-a-mas-de-20-anos-de-prision\/\"]}]},{\"@type\":\"ImageObject\",\"inLanguage\":\"es-CO\",\"@id\":\"https:\/\/www.fiscalia.gov.co\/colombia\/noticias\/un-hombre-que-asalto-con-arma-de-fuego-a-un-sacerdote-y-a-dos-turistas-en-cartagena-fue-condenado-a-mas-de-20-anos-de-prision\/#primaryimage\",\"url\":\"https:\/\/www.fiscalia.gov.co\/colombia\/wp-content\/uploads\/IMG-20240214-WA0025.jpg\",\"contentUrl\":\"https:\/\/www.fiscalia.gov.co\/colombia\/wp-content\/uploads\/IMG-20240214-WA0025.jpg\",\"width\":1443,\"height\":1600,\"caption\":\"El hombre, de 25 a\u00f1os, se encuentra recluido en la c\u00e1rcel de Cartagena.\"},{\"@type\":\"BreadcrumbList\",\"@id\":\"https:\/\/www.fiscalia.gov.co\/colombia\/noticias\/un-hombre-que-asalto-con-arma-de-fuego-a-un-sacerdote-y-a-dos-turistas-en-cartagena-fue-condenado-a-mas-de-20-anos-de-prision\/#breadcrumb\",\"itemListElement\":[{\"@type\":\"ListItem\",\"position\":1,\"name\":\"Home\",\"item\":\"https:\/\/www.fiscalia.gov.co\/colombia\/\"},{\"@type\":\"ListItem\",\"position\":2,\"name\":\"Un hombre que asalt\u00f3 con arma de fuego a un sacerdote y a dos turistas en Cartagena fue condenado a m\u00e1s de 20 a\u00f1os de prisi\u00f3n\"}]},{\"@type\":\"WebSite\",\"@id\":\"https:\/\/www.fiscalia.gov.co\/colombia\/#website\",\"url\":\"https:\/\/www.fiscalia.gov.co\/colombia\/\",\"name\":\"Fiscal\u00eda General de la Naci\u00f3n\",\"description\":\"P\u00e1gina oficial de la Fiscal\u00eda General de la Naci\u00f3n \u2013 Colombia. Garantizamos el acceso efectivo a la justicia, la verdad y la reparaci\u00f3n de las v\u00edctimas de los delitos.\",\"publisher\":{\"@id\":\"https:\/\/www.fiscalia.gov.co\/colombia\/#organization\"},\"potentialAction\":[{\"@type\":\"SearchAction\",\"target\":{\"@type\":\"EntryPoint\",\"urlTemplate\":\"https:\/\/www.fiscalia.gov.co\/colombia\/?s={search_term_string}\"},\"query-input\":{\"@type\":\"PropertyValueSpecification\",\"valueRequired\":true,\"valueName\":\"search_term_string\"}}],\"inLanguage\":\"es-CO\"},{\"@type\":\"Organization\",\"@id\":\"https:\/\/www.fiscalia.gov.co\/colombia\/#organization\",\"name\":\"Fiscal\u00eda General de la Naci\u00f3n\",\"url\":\"https:\/\/www.fiscalia.gov.co\/colombia\/\",\"logo\":{\"@type\":\"ImageObject\",\"inLanguage\":\"es-CO\",\"@id\":\"https:\/\/www.fiscalia.gov.co\/colombia\/#\/schema\/logo\/image\/\",\"url\":\"https:\/\/www.fiscalia.gov.co\/colombia\/wp-content\/uploads\/LogoHorizontal_1.jpg\",\"contentUrl\":\"https:\/\/www.fiscalia.gov.co\/colombia\/wp-content\/uploads\/LogoHorizontal_1.jpg\",\"width\":300,\"height\":90,\"caption\":\"Fiscal\u00eda General de la Naci\u00f3n\"},\"image\":{\"@id\":\"https:\/\/www.fiscalia.gov.co\/colombia\/#\/schema\/logo\/image\/\"},\"sameAs\":[\"https:\/\/www.facebook.com\/FiscaliaCol\",\"https:\/\/x.com\/FiscaliaCol\",\"https:\/\/www.instagram.com\/fiscaliacol\",\"https:\/\/www.linkedin.com\/company\/fiscalia-general-de-la-naci-n\/\",\"https:\/\/youtube.com\/@fiscaliageneraldelanacion-4668?si=6nN79nyQICPU5iTh\"]},{\"@type\":\"Person\",\"@id\":\"https:\/\/www.fiscalia.gov.co\/colombia\/#\/schema\/person\/176195b99ebab0a52aafa15197e1bf80\",\"name\":\"Winnie Geraldine Rodr\u00edguez Navarrete\",\"image\":{\"@type\":\"ImageObject\",\"inLanguage\":\"es-CO\",\"@id\":\"https:\/\/www.fiscalia.gov.co\/colombia\/#\/schema\/person\/image\/\",\"url\":\"https:\/\/secure.gravatar.com\/avatar\/c24cf8481dc84fa5e8c7b20bc95ab0c6?s=96&d=mm&r=g\",\"contentUrl\":\"https:\/\/secure.gravatar.com\/avatar\/c24cf8481dc84fa5e8c7b20bc95ab0c6?s=96&d=mm&r=g\",\"caption\":\"Winnie Geraldine Rodr\u00edguez Navarrete\"},\"url\":\"https:\/\/www.fiscalia.gov.co\/colombia\/author\/winnierodriguez\/\"}]}<\/script>\n<!-- \/ Yoast SEO plugin. -->","yoast_head_json":{"title":"Fiscal\u00eda General de la Naci\u00f3n","description":"P\u00e1gina oficial de la Fiscal\u00eda General de la Naci\u00f3n \u2013 Colombia. Garantizamos el acceso efectivo a la justicia, la verdad y la reparaci\u00f3n de las v\u00edctimas de los delitos.","robots":{"index":"noindex","follow":"follow"},"og_locale":"es_ES","og_type":"article","og_title":"Fiscal\u00eda General de la Naci\u00f3n","og_description":"P\u00e1gina oficial de la Fiscal\u00eda General de la Naci\u00f3n \u2013 Colombia. Garantizamos el acceso efectivo a la justicia, la verdad y la reparaci\u00f3n de las v\u00edctimas de los delitos.","og_url":"https:\/\/www.fiscalia.gov.co\/colombia\/noticias\/un-hombre-que-asalto-con-arma-de-fuego-a-un-sacerdote-y-a-dos-turistas-en-cartagena-fue-condenado-a-mas-de-20-anos-de-prision\/","og_site_name":"Fiscal\u00eda General de la Naci\u00f3n","article_publisher":"https:\/\/www.facebook.com\/FiscaliaCol","article_published_time":"2024-02-15T21:05:54+00:00","article_modified_time":"2024-03-06T17:22:55+00:00","og_image":[{"url":"https:\/\/www.fiscalia.gov.co\/colombia\/wp-content\/uploads\/IMG-20240214-WA0025-271x300.jpg","type":"","width":"","height":""}],"author":"Winnie Geraldine Rodr\u00edguez Navarrete","twitter_card":"summary_large_image","twitter_creator":"@FiscaliaCol","twitter_site":"@FiscaliaCol","twitter_misc":{"Escrito por":"Winnie Geraldine Rodr\u00edguez Navarrete","Tiempo de lectura":"2 minutos"},"schema":{"@context":"https:\/\/schema.org","@graph":[{"@type":"Article","@id":"https:\/\/www.fiscalia.gov.co\/colombia\/noticias\/un-hombre-que-asalto-con-arma-de-fuego-a-un-sacerdote-y-a-dos-turistas-en-cartagena-fue-condenado-a-mas-de-20-anos-de-prision\/#article","isPartOf":{"@id":"https:\/\/www.fiscalia.gov.co\/colombia\/noticias\/un-hombre-que-asalto-con-arma-de-fuego-a-un-sacerdote-y-a-dos-turistas-en-cartagena-fue-condenado-a-mas-de-20-anos-de-prision\/"},"author":{"name":"Winnie Geraldine Rodr\u00edguez Navarrete","@id":"https:\/\/www.fiscalia.gov.co\/colombia\/#\/schema\/person\/176195b99ebab0a52aafa15197e1bf80"},"headline":"Un hombre que asalt\u00f3 con arma de fuego a un sacerdote y a dos turistas en Cartagena fue condenado a m\u00e1s de 20 a\u00f1os de prisi\u00f3n","datePublished":"2024-02-15T21:05:54+00:00","dateModified":"2024-03-06T17:22:55+00:00","mainEntityOfPage":{"@id":"https:\/\/www.fiscalia.gov.co\/colombia\/noticias\/un-hombre-que-asalto-con-arma-de-fuego-a-un-sacerdote-y-a-dos-turistas-en-cartagena-fue-condenado-a-mas-de-20-anos-de-prision\/"},"wordCount":357,"publisher":{"@id":"https:\/\/www.fiscalia.gov.co\/colombia\/#organization"},"image":{"@id":"https:\/\/www.fiscalia.gov.co\/colombia\/noticias\/un-hombre-que-asalto-con-arma-de-fuego-a-un-sacerdote-y-a-dos-turistas-en-cartagena-fue-condenado-a-mas-de-20-anos-de-prision\/#primaryimage"},"thumbnailUrl":"https:\/\/www.fiscalia.gov.co\/colombia\/wp-content\/uploads\/IMG-20240214-WA0025-271x300.jpg","keywords":["Cartagena","Cartagena (Bol\u00edvar)","Condena","fiscal mancera","fiscal martha mancera","Fiscal\u00eda Colombia","Fiscal\u00eda General de la Naci\u00f3n","Hurto","Martha Mancera","Polic\u00eda Nacional","porte de arma","prisi\u00f3n","Sacerdote","turistas"],"articleSection":["Noticias","Seccional Cartagena","Seccionales","Seguridad territorial"],"inLanguage":"es-CO"},{"@type":"WebPage","@id":"https:\/\/www.fiscalia.gov.co\/colombia\/noticias\/un-hombre-que-asalto-con-arma-de-fuego-a-un-sacerdote-y-a-dos-turistas-en-cartagena-fue-condenado-a-mas-de-20-anos-de-prision\/","url":"https:\/\/www.fiscalia.gov.co\/colombia\/noticias\/un-hombre-que-asalto-con-arma-de-fuego-a-un-sacerdote-y-a-dos-turistas-en-cartagena-fue-condenado-a-mas-de-20-anos-de-prision\/","name":"Fiscal\u00eda General de la Naci\u00f3n","isPartOf":{"@id":"https:\/\/www.fiscalia.gov.co\/colombia\/#website"},"primaryImageOfPage":{"@id":"https:\/\/www.fiscalia.gov.co\/colombia\/noticias\/un-hombre-que-asalto-con-arma-de-fuego-a-un-sacerdote-y-a-dos-turistas-en-cartagena-fue-condenado-a-mas-de-20-anos-de-prision\/#primaryimage"},"image":{"@id":"https:\/\/www.fiscalia.gov.co\/colombia\/noticias\/un-hombre-que-asalto-con-arma-de-fuego-a-un-sacerdote-y-a-dos-turistas-en-cartagena-fue-condenado-a-mas-de-20-anos-de-prision\/#primaryimage"},"thumbnailUrl":"https:\/\/www.fiscalia.gov.co\/colombia\/wp-content\/uploads\/IMG-20240214-WA0025-271x300.jpg","datePublished":"2024-02-15T21:05:54+00:00","dateModified":"2024-03-06T17:22:55+00:00","description":"P\u00e1gina oficial de la Fiscal\u00eda General de la Naci\u00f3n \u2013 Colombia. Garantizamos el acceso efectivo a la justicia, la verdad y la reparaci\u00f3n de las v\u00edctimas de los delitos.","breadcrumb":{"@id":"https:\/\/www.fiscalia.gov.co\/colombia\/noticias\/un-hombre-que-asalto-con-arma-de-fuego-a-un-sacerdote-y-a-dos-turistas-en-cartagena-fue-condenado-a-mas-de-20-anos-de-prision\/#breadcrumb"},"inLanguage":"es-CO","potentialAction":[{"@type":"ReadAction","target":["https:\/\/www.fiscalia.gov.co\/colombia\/noticias\/un-hombre-que-asalto-con-arma-de-fuego-a-un-sacerdote-y-a-dos-turistas-en-cartagena-fue-condenado-a-mas-de-20-anos-de-prision\/"]}]},{"@type":"ImageObject","inLanguage":"es-CO","@id":"https:\/\/www.fiscalia.gov.co\/colombia\/noticias\/un-hombre-que-asalto-con-arma-de-fuego-a-un-sacerdote-y-a-dos-turistas-en-cartagena-fue-condenado-a-mas-de-20-anos-de-prision\/#primaryimage","url":"https:\/\/www.fiscalia.gov.co\/colombia\/wp-content\/uploads\/IMG-20240214-WA0025.jpg","contentUrl":"https:\/\/www.fiscalia.gov.co\/colombia\/wp-content\/uploads\/IMG-20240214-WA0025.jpg","width":1443,"height":1600,"caption":"El hombre, de 25 a\u00f1os, se encuentra recluido en la c\u00e1rcel de Cartagena."},{"@type":"BreadcrumbList","@id":"https:\/\/www.fiscalia.gov.co\/colombia\/noticias\/un-hombre-que-asalto-con-arma-de-fuego-a-un-sacerdote-y-a-dos-turistas-en-cartagena-fue-condenado-a-mas-de-20-anos-de-prision\/#breadcrumb","itemListElement":[{"@type":"ListItem","position":1,"name":"Home","item":"https:\/\/www.fiscalia.gov.co\/colombia\/"},{"@type":"ListItem","position":2,"name":"Un hombre que asalt\u00f3 con arma de fuego a un sacerdote y a dos turistas en Cartagena fue condenado a m\u00e1s de 20 a\u00f1os de prisi\u00f3n"}]},{"@type":"WebSite","@id":"https:\/\/www.fiscalia.gov.co\/colombia\/#website","url":"https:\/\/www.fiscalia.gov.co\/colombia\/","name":"Fiscal\u00eda General de la Naci\u00f3n","description":"P\u00e1gina oficial de la Fiscal\u00eda General de la Naci\u00f3n \u2013 Colombia. Garantizamos el acceso efectivo a la justicia, la verdad y la reparaci\u00f3n de las v\u00edctimas de los delitos.","publisher":{"@id":"https:\/\/www.fiscalia.gov.co\/colombia\/#organization"},"potentialAction":[{"@type":"SearchAction","target":{"@type":"EntryPoint","urlTemplate":"https:\/\/www.fiscalia.gov.co\/colombia\/?s={search_term_string}"},"query-input":{"@type":"PropertyValueSpecification","valueRequired":true,"valueName":"search_term_string"}}],"inLanguage":"es-CO"},{"@type":"Organization","@id":"https:\/\/www.fiscalia.gov.co\/colombia\/#organization","name":"Fiscal\u00eda General de la Naci\u00f3n","url":"https:\/\/www.fiscalia.gov.co\/colombia\/","logo":{"@type":"ImageObject","inLanguage":"es-CO","@id":"https:\/\/www.fiscalia.gov.co\/colombia\/#\/schema\/logo\/image\/","url":"https:\/\/www.fiscalia.gov.co\/colombia\/wp-content\/uploads\/LogoHorizontal_1.jpg","contentUrl":"https:\/\/www.fiscalia.gov.co\/colombia\/wp-content\/uploads\/LogoHorizontal_1.jpg","width":300,"height":90,"caption":"Fiscal\u00eda General de la Naci\u00f3n"},"image":{"@id":"https:\/\/www.fiscalia.gov.co\/colombia\/#\/schema\/logo\/image\/"},"sameAs":["https:\/\/www.facebook.com\/FiscaliaCol","https:\/\/x.com\/FiscaliaCol","https:\/\/www.instagram.com\/fiscaliacol","https:\/\/www.linkedin.com\/company\/fiscalia-general-de-la-naci-n\/","https:\/\/youtube.com\/@fiscaliageneraldelanacion-4668?si=6nN79nyQICPU5iTh"]},{"@type":"Person","@id":"https:\/\/www.fiscalia.gov.co\/colombia\/#\/schema\/person\/176195b99ebab0a52aafa15197e1bf80","name":"Winnie Geraldine Rodr\u00edguez Navarrete","image":{"@type":"ImageObject","inLanguage":"es-CO","@id":"https:\/\/www.fiscalia.gov.co\/colombia\/#\/schema\/person\/image\/","url":"https:\/\/secure.gravatar.com\/avatar\/c24cf8481dc84fa5e8c7b20bc95ab0c6?s=96&d=mm&r=g","contentUrl":"https:\/\/secure.gravatar.com\/avatar\/c24cf8481dc84fa5e8c7b20bc95ab0c6?s=96&d=mm&r=g","caption":"Winnie Geraldine Rodr\u00edguez Navarrete"},"url":"https:\/\/www.fiscalia.gov.co\/colombia\/author\/winnierodriguez\/"}]}},"_links":{"self":[{"href":"https:\/\/www.fiscalia.gov.co\/colombia\/wp-json\/wp\/v2\/posts\/288339","targetHints":{"allow":["GET"]}}],"collection":[{"href":"https:\/\/www.fiscalia.gov.co\/colombia\/wp-json\/wp\/v2\/posts"}],"about":[{"href":"https:\/\/www.fiscalia.gov.co\/colombia\/wp-json\/wp\/v2\/types\/post"}],"author":[{"embeddable":true,"href":"https:\/\/www.fiscalia.gov.co\/colombia\/wp-json\/wp\/v2\/users\/178"}],"replies":[{"embeddable":true,"href":"https:\/\/www.fiscalia.gov.co\/colombia\/wp-json\/wp\/v2\/comments?post=288339"}],"version-history":[{"count":5,"href":"https:\/\/www.fiscalia.gov.co\/colombia\/wp-json\/wp\/v2\/posts\/288339\/revisions"}],"predecessor-version":[{"id":289962,"href":"https:\/\/www.fiscalia.gov.co\/colombia\/wp-json\/wp\/v2\/posts\/288339\/revisions\/289962"}],"wp:attachment":[{"href":"https:\/\/www.fiscalia.gov.co\/colombia\/wp-json\/wp\/v2\/media?parent=288339"}],"wp:term":[{"taxonomy":"category","embeddable":true,"href":"https:\/\/www.fiscalia.gov.co\/colombia\/wp-json\/wp\/v2\/categories?post=288339"},{"taxonomy":"post_tag","embeddable":true,"href":"https:\/\/www.fiscalia.gov.co\/colombia\/wp-json\/wp\/v2\/tags?post=288339"}],"curies":[{"name":"wp","href":"https:\/\/api.w.org\/{rel}","templated":true}]}}