{"id":288255,"date":"2024-02-14T16:34:01","date_gmt":"2024-02-14T21:34:01","guid":{"rendered":"https:\/\/www.fiscalia.gov.co\/colombia\/?p=288255"},"modified":"2024-03-06T12:18:51","modified_gmt":"2024-03-06T17:18:51","slug":"a-mas-de-ocho-anos-de-prision-fue-condenado-el-responsable-del-homicidio-de-un-mototaxista-en-dosquebradas","status":"publish","type":"post","link":"https:\/\/www.fiscalia.gov.co\/colombia\/noticias\/a-mas-de-ocho-anos-de-prision-fue-condenado-el-responsable-del-homicidio-de-un-mototaxista-en-dosquebradas\/","title":{"rendered":"A m\u00e1s de ocho a\u00f1os de prisi\u00f3n fue condenado el responsable del homicidio de un mototaxista en Dosquebradas"},"content":{"rendered":"<ul>\n<li>\n<h4><strong><i>En otro proceso judicial el sentenciado fue encontrado responsable por la muerte de otro transportador, y del intento de homicidio de un tercer mototaxista.<\/i><\/strong><\/h4>\n<\/li>\n<li>\n<h4><strong><i>Los argumentos y la evidencia f\u00edsica recaudada por la Fiscal\u00eda permitieron que el procesado aceptara su responsabilidad en la muerte de Gildardo Cuervo Cadavid<\/i><i>.<\/i><\/strong><\/h4>\n<\/li>\n<\/ul>\n<p>La contundencia del material probatorio aportado por la Fiscal\u00eda General de la Naci\u00f3n permiti\u00f3 que un juez con funciones de conocimiento condenara a ocho a\u00f1os y ocho meses de prisi\u00f3n a Jos\u00e9 Franqu\u00edn Vidal Vargas, como responsable del homicidio de un mototaxista en Dosquebradas (Risaralda).<\/p>\n<p>Seg\u00fan la investigaci\u00f3n, el 17 de junio de 2022 el sentenciado requiri\u00f3 los servicios de Gildardo Cuervo Cadavid quien se desempe\u00f1aba como mototaxista, y en tal condici\u00f3n le pidi\u00f3 que lo transportara a Dosquebradas.<\/p>\n<figure id=\"attachment_288256\" aria-describedby=\"caption-attachment-288256\" style=\"width: 425px\" class=\"wp-caption aligncenter\"><img loading=\"lazy\" decoding=\"async\" class=\"wp-image-288256\" title=\"Fiscal Martha Mancera, Martha Mancera, Fiscal Mancera\" src=\"https:\/\/www.fiscalia.gov.co\/colombia\/wp-content\/uploads\/Jose-Franquin-Vidal-Vargas-1-300x200.jpg\" alt=\" Se observa al capturado de frente, a un costado un funcionario del Cuerpo T\u00e9cnico de Investigaci\u00f3n (CTI) y al otro uno de Polic\u00eda Nacional. Atr\u00e1s un pend\u00f3n de Fiscal\u00eda General de la Naci\u00f3n y de Polic\u00eda Nacional. Adelante una mesa con material incautado.\" width=\"425\" height=\"283\" srcset=\"https:\/\/www.fiscalia.gov.co\/colombia\/wp-content\/uploads\/Jose-Franquin-Vidal-Vargas-1-300x200.jpg 300w, https:\/\/www.fiscalia.gov.co\/colombia\/wp-content\/uploads\/Jose-Franquin-Vidal-Vargas-1-1024x682.jpg 1024w, https:\/\/www.fiscalia.gov.co\/colombia\/wp-content\/uploads\/Jose-Franquin-Vidal-Vargas-1-768x512.jpg 768w, https:\/\/www.fiscalia.gov.co\/colombia\/wp-content\/uploads\/Jose-Franquin-Vidal-Vargas-1-696x464.jpg 696w, https:\/\/www.fiscalia.gov.co\/colombia\/wp-content\/uploads\/Jose-Franquin-Vidal-Vargas-1-1068x712.jpg 1068w, https:\/\/www.fiscalia.gov.co\/colombia\/wp-content\/uploads\/Jose-Franquin-Vidal-Vargas-1-630x420.jpg 630w, https:\/\/www.fiscalia.gov.co\/colombia\/wp-content\/uploads\/Jose-Franquin-Vidal-Vargas-1.jpg 1280w\" sizes=\"auto, (max-width: 425px) 100vw, 425px\" \/><figcaption id=\"caption-attachment-288256\" class=\"wp-caption-text\">Jos\u00e9 Franqu\u00edn Vidal Vargas fue condenado a ocho a\u00f1os y ocho meses por el homicidio de un mototaxista en Dosquebradas, fallo que se suma a los 35 a\u00f1os de prisi\u00f3n por otros dos cr\u00edmenes cometidos contra mototaxistas en Santa Rosa de Cabal.<\/figcaption><\/figure>\n<p>Un fiscal adscrito a la Seccional Risaralda demostr\u00f3 con suficiencia probatoria c\u00f3mo en la vereda Filo Bonito el hoy sentenciado oblig\u00f3 al conductor de la moto a detenerse, descendi\u00f3 del veh\u00edculo y lo agredi\u00f3 en m\u00faltiples oportunidades con un arma cortopunzante. Esto provoc\u00f3 la muerte del transportador.<\/p>\n<p>Labores de polic\u00eda judicial adelantadas por el Cuerpo T\u00e9cnico de Investigaci\u00f3n (CTI) de Risaralda y la (SIJIN) de la Polic\u00eda Nacional determinaron que el condenado usaba un mismo modus operandi en delitos similares.<\/p>\n<p>El reciente fallo judicial se suma a la condena a 35 a\u00f1os de prisi\u00f3n que le fue impuesta a Vidal Vargas por el homicidio de Adiela Garc\u00eda, una mototaxista de 50 a\u00f1os perteneciente a la comunidad LGTBIQ+. Este hecho tuvo lugar el 4 de mayo de 2022 en Santa Rosa de Cabal.<\/p>\n<p>Vidal Vargas tambi\u00e9n fue judicializado por el intento de homicidio de Rigoberto Toro Castro, mototaxista de 42 a\u00f1os, quien fue agredido por el 4 de abril de 2022, tambi\u00e9n en Santa Rosa de Cabal.<\/p>\n<p>Esta informaci\u00f3n se publica por razones de inter\u00e9s general.<\/p>\n<p><b><u>La Fiscal\u00eda habla con resultados<\/u>.<\/b><\/p>\n<p>&nbsp;<\/p>\n<p>&nbsp;<\/p>\n<p>CLCG\/MAGA\/CABS\/DSR<\/p>\n<p><i>La informaci\u00f3n contenida en este bolet\u00edn de prensa corresponde a la narraci\u00f3n de los hechos noticiosos objetivos, suministrados por los funcionarios encargados de adelantar las investigaciones penales al interior de la Fiscal\u00eda General de la Naci\u00f3n. Para el momento de la divulgaci\u00f3n de este comunicado, la situaci\u00f3n jur\u00eddica de la(s) persona(s) relacionada(s) se encuentra pendiente de resolver por la autoridad judicial competente, siempre bajo los preceptos de la presunci\u00f3n de inocencia, consagrados en el art\u00edculo 29 de la Constituci\u00f3n Pol\u00edtica y el art\u00edculo 7\u00ba de la Ley 906 de 2004.<\/i><\/p>\n<p><i>\u00a0<\/i><\/p>\n\n<div class=\"twitter-share\"><a href=\"https:\/\/twitter.com\/intent\/tweet?via=fiscaliacol\" class=\"twitter-share-button\">Tweet<\/a><\/div>\n","protected":false},"excerpt":{"rendered":"<p>En otro proceso judicial el sentenciado fue encontrado responsable por la muerte de otro transportador, y del intento de homicidio de un tercer mototaxista. Los argumentos y la evidencia f\u00edsica recaudada por la Fiscal\u00eda permitieron que el procesado aceptara su responsabilidad en la muerte de Gildardo Cuervo Cadavid. La contundencia del material probatorio aportado por [&hellip;]<\/p>\n","protected":false},"author":178,"featured_media":0,"comment_status":"closed","ping_status":"open","sticky":false,"template":"","format":"video","meta":{"_price":"","_stock":"","_tribe_ticket_header":"","_tribe_default_ticket_provider":"","_tribe_ticket_capacity":"0","_ticket_start_date":"","_ticket_end_date":"","_tribe_ticket_show_description":"","_tribe_ticket_show_not_going":false,"_tribe_ticket_use_global_stock":"","_tribe_ticket_global_stock_level":"","_global_stock_mode":"","_global_stock_cap":"","_tribe_rsvp_for_event":"","_tribe_ticket_going_count":"","_tribe_ticket_not_going_count":"","_tribe_tickets_list":"[]","_tribe_ticket_has_attendee_info_fields":false,"tdm_status":"","tdm_grid_status":"","footnotes":""},"categories":[24174,1,24099],"tags":[24040,37086,36949,26350],"class_list":{"0":"post-288255","1":"post","2":"type-post","3":"status-publish","4":"format-video","6":"category-hay-justicia","7":"category-noticias","8":"category-seguridad-territorial","9":"tag-dosquebradas-risaralda","10":"tag-fiscal-mancera","11":"tag-fiscal-martha-mancera","12":"tag-martha-mancera","13":"post_format-post-format-video"},"yoast_head":"<!-- This site is optimized with the Yoast SEO plugin v24.3 - https:\/\/yoast.com\/wordpress\/plugins\/seo\/ -->\n<title>Fiscal\u00eda General de la Naci\u00f3n<\/title>\n<meta name=\"description\" content=\"P\u00e1gina oficial de la Fiscal\u00eda General de la Naci\u00f3n \u2013 Colombia. Garantizamos el acceso efectivo a la justicia, la verdad y la reparaci\u00f3n de las v\u00edctimas de los delitos.\" \/>\n<meta name=\"robots\" content=\"noindex, follow\" \/>\n<meta property=\"og:locale\" content=\"es_ES\" \/>\n<meta property=\"og:type\" content=\"article\" \/>\n<meta property=\"og:title\" content=\"Fiscal\u00eda General de la Naci\u00f3n\" \/>\n<meta property=\"og:description\" content=\"P\u00e1gina oficial de la Fiscal\u00eda General de la Naci\u00f3n \u2013 Colombia. Garantizamos el acceso efectivo a la justicia, la verdad y la reparaci\u00f3n de las v\u00edctimas de los delitos.\" \/>\n<meta property=\"og:url\" content=\"https:\/\/www.fiscalia.gov.co\/colombia\/noticias\/a-mas-de-ocho-anos-de-prision-fue-condenado-el-responsable-del-homicidio-de-un-mototaxista-en-dosquebradas\/\" \/>\n<meta property=\"og:site_name\" content=\"Fiscal\u00eda General de la Naci\u00f3n\" \/>\n<meta property=\"article:publisher\" content=\"https:\/\/www.facebook.com\/FiscaliaCol\" \/>\n<meta property=\"article:published_time\" content=\"2024-02-14T21:34:01+00:00\" \/>\n<meta property=\"article:modified_time\" content=\"2024-03-06T17:18:51+00:00\" \/>\n<meta property=\"og:image\" content=\"https:\/\/www.fiscalia.gov.co\/colombia\/wp-content\/uploads\/Jose-Franquin-Vidal-Vargas-1-300x200.jpg\" \/>\n<meta name=\"author\" content=\"Winnie Geraldine Rodr\u00edguez Navarrete\" \/>\n<meta name=\"twitter:card\" content=\"summary_large_image\" \/>\n<meta name=\"twitter:creator\" content=\"@FiscaliaCol\" \/>\n<meta name=\"twitter:site\" content=\"@FiscaliaCol\" \/>\n<meta name=\"twitter:label1\" content=\"Escrito por\" \/>\n\t<meta name=\"twitter:data1\" content=\"Winnie Geraldine Rodr\u00edguez Navarrete\" \/>\n\t<meta name=\"twitter:label2\" content=\"Tiempo de lectura\" \/>\n\t<meta name=\"twitter:data2\" content=\"3 minutos\" \/>\n<script type=\"application\/ld+json\" class=\"yoast-schema-graph\">{\"@context\":\"https:\/\/schema.org\",\"@graph\":[{\"@type\":\"Article\",\"@id\":\"https:\/\/www.fiscalia.gov.co\/colombia\/noticias\/a-mas-de-ocho-anos-de-prision-fue-condenado-el-responsable-del-homicidio-de-un-mototaxista-en-dosquebradas\/#article\",\"isPartOf\":{\"@id\":\"https:\/\/www.fiscalia.gov.co\/colombia\/noticias\/a-mas-de-ocho-anos-de-prision-fue-condenado-el-responsable-del-homicidio-de-un-mototaxista-en-dosquebradas\/\"},\"author\":{\"name\":\"Winnie Geraldine Rodr\u00edguez Navarrete\",\"@id\":\"https:\/\/www.fiscalia.gov.co\/colombia\/#\/schema\/person\/176195b99ebab0a52aafa15197e1bf80\"},\"headline\":\"A m\u00e1s de ocho a\u00f1os de prisi\u00f3n fue condenado el responsable del homicidio de un mototaxista en Dosquebradas\",\"datePublished\":\"2024-02-14T21:34:01+00:00\",\"dateModified\":\"2024-03-06T17:18:51+00:00\",\"mainEntityOfPage\":{\"@id\":\"https:\/\/www.fiscalia.gov.co\/colombia\/noticias\/a-mas-de-ocho-anos-de-prision-fue-condenado-el-responsable-del-homicidio-de-un-mototaxista-en-dosquebradas\/\"},\"wordCount\":508,\"publisher\":{\"@id\":\"https:\/\/www.fiscalia.gov.co\/colombia\/#organization\"},\"image\":{\"@id\":\"https:\/\/www.fiscalia.gov.co\/colombia\/noticias\/a-mas-de-ocho-anos-de-prision-fue-condenado-el-responsable-del-homicidio-de-un-mototaxista-en-dosquebradas\/#primaryimage\"},\"thumbnailUrl\":\"https:\/\/www.fiscalia.gov.co\/colombia\/wp-content\/uploads\/Jose-Franquin-Vidal-Vargas-1-300x200.jpg\",\"keywords\":[\"Dosquebradas (Risaralda)\",\"fiscal mancera\",\"fiscal martha mancera\",\"Martha Mancera\"],\"articleSection\":[\"Hay Justicia\",\"Noticias\",\"Seguridad territorial\"],\"inLanguage\":\"es-CO\"},{\"@type\":\"WebPage\",\"@id\":\"https:\/\/www.fiscalia.gov.co\/colombia\/noticias\/a-mas-de-ocho-anos-de-prision-fue-condenado-el-responsable-del-homicidio-de-un-mototaxista-en-dosquebradas\/\",\"url\":\"https:\/\/www.fiscalia.gov.co\/colombia\/noticias\/a-mas-de-ocho-anos-de-prision-fue-condenado-el-responsable-del-homicidio-de-un-mototaxista-en-dosquebradas\/\",\"name\":\"Fiscal\u00eda General de la Naci\u00f3n\",\"isPartOf\":{\"@id\":\"https:\/\/www.fiscalia.gov.co\/colombia\/#website\"},\"primaryImageOfPage\":{\"@id\":\"https:\/\/www.fiscalia.gov.co\/colombia\/noticias\/a-mas-de-ocho-anos-de-prision-fue-condenado-el-responsable-del-homicidio-de-un-mototaxista-en-dosquebradas\/#primaryimage\"},\"image\":{\"@id\":\"https:\/\/www.fiscalia.gov.co\/colombia\/noticias\/a-mas-de-ocho-anos-de-prision-fue-condenado-el-responsable-del-homicidio-de-un-mototaxista-en-dosquebradas\/#primaryimage\"},\"thumbnailUrl\":\"https:\/\/www.fiscalia.gov.co\/colombia\/wp-content\/uploads\/Jose-Franquin-Vidal-Vargas-1-300x200.jpg\",\"datePublished\":\"2024-02-14T21:34:01+00:00\",\"dateModified\":\"2024-03-06T17:18:51+00:00\",\"description\":\"P\u00e1gina oficial de la Fiscal\u00eda General de la Naci\u00f3n \u2013 Colombia. Garantizamos el acceso efectivo a la justicia, la verdad y la reparaci\u00f3n de las v\u00edctimas de los delitos.\",\"breadcrumb\":{\"@id\":\"https:\/\/www.fiscalia.gov.co\/colombia\/noticias\/a-mas-de-ocho-anos-de-prision-fue-condenado-el-responsable-del-homicidio-de-un-mototaxista-en-dosquebradas\/#breadcrumb\"},\"inLanguage\":\"es-CO\",\"potentialAction\":[{\"@type\":\"ReadAction\",\"target\":[\"https:\/\/www.fiscalia.gov.co\/colombia\/noticias\/a-mas-de-ocho-anos-de-prision-fue-condenado-el-responsable-del-homicidio-de-un-mototaxista-en-dosquebradas\/\"]}]},{\"@type\":\"ImageObject\",\"inLanguage\":\"es-CO\",\"@id\":\"https:\/\/www.fiscalia.gov.co\/colombia\/noticias\/a-mas-de-ocho-anos-de-prision-fue-condenado-el-responsable-del-homicidio-de-un-mototaxista-en-dosquebradas\/#primaryimage\",\"url\":\"https:\/\/www.fiscalia.gov.co\/colombia\/wp-content\/uploads\/Jose-Franquin-Vidal-Vargas-1.jpg\",\"contentUrl\":\"https:\/\/www.fiscalia.gov.co\/colombia\/wp-content\/uploads\/Jose-Franquin-Vidal-Vargas-1.jpg\",\"width\":1280,\"height\":853,\"caption\":\"Jos\u00e9 Franqu\u00edn Vidal Vargas fue condenado a ocho a\u00f1os y ocho meses por el homicidio de un mototaxista en Dosquebradas, fallo que se suma a los 35 a\u00f1os de prisi\u00f3n por otros dos cr\u00edmenes cometidos contra mototaxistas en Santa Rosa de Cabal.\"},{\"@type\":\"BreadcrumbList\",\"@id\":\"https:\/\/www.fiscalia.gov.co\/colombia\/noticias\/a-mas-de-ocho-anos-de-prision-fue-condenado-el-responsable-del-homicidio-de-un-mototaxista-en-dosquebradas\/#breadcrumb\",\"itemListElement\":[{\"@type\":\"ListItem\",\"position\":1,\"name\":\"Home\",\"item\":\"https:\/\/www.fiscalia.gov.co\/colombia\/\"},{\"@type\":\"ListItem\",\"position\":2,\"name\":\"A m\u00e1s de ocho a\u00f1os de prisi\u00f3n fue condenado el responsable del homicidio de un mototaxista en Dosquebradas\"}]},{\"@type\":\"WebSite\",\"@id\":\"https:\/\/www.fiscalia.gov.co\/colombia\/#website\",\"url\":\"https:\/\/www.fiscalia.gov.co\/colombia\/\",\"name\":\"Fiscal\u00eda General de la Naci\u00f3n\",\"description\":\"P\u00e1gina oficial de la Fiscal\u00eda General de la Naci\u00f3n \u2013 Colombia. Garantizamos el acceso efectivo a la justicia, la verdad y la reparaci\u00f3n de las v\u00edctimas de los delitos.\",\"publisher\":{\"@id\":\"https:\/\/www.fiscalia.gov.co\/colombia\/#organization\"},\"potentialAction\":[{\"@type\":\"SearchAction\",\"target\":{\"@type\":\"EntryPoint\",\"urlTemplate\":\"https:\/\/www.fiscalia.gov.co\/colombia\/?s={search_term_string}\"},\"query-input\":{\"@type\":\"PropertyValueSpecification\",\"valueRequired\":true,\"valueName\":\"search_term_string\"}}],\"inLanguage\":\"es-CO\"},{\"@type\":\"Organization\",\"@id\":\"https:\/\/www.fiscalia.gov.co\/colombia\/#organization\",\"name\":\"Fiscal\u00eda General de la Naci\u00f3n\",\"url\":\"https:\/\/www.fiscalia.gov.co\/colombia\/\",\"logo\":{\"@type\":\"ImageObject\",\"inLanguage\":\"es-CO\",\"@id\":\"https:\/\/www.fiscalia.gov.co\/colombia\/#\/schema\/logo\/image\/\",\"url\":\"https:\/\/www.fiscalia.gov.co\/colombia\/wp-content\/uploads\/LogoHorizontal_1.jpg\",\"contentUrl\":\"https:\/\/www.fiscalia.gov.co\/colombia\/wp-content\/uploads\/LogoHorizontal_1.jpg\",\"width\":300,\"height\":90,\"caption\":\"Fiscal\u00eda General de la Naci\u00f3n\"},\"image\":{\"@id\":\"https:\/\/www.fiscalia.gov.co\/colombia\/#\/schema\/logo\/image\/\"},\"sameAs\":[\"https:\/\/www.facebook.com\/FiscaliaCol\",\"https:\/\/x.com\/FiscaliaCol\",\"https:\/\/www.instagram.com\/fiscaliacol\",\"https:\/\/www.linkedin.com\/company\/fiscalia-general-de-la-naci-n\/\",\"https:\/\/youtube.com\/@fiscaliageneraldelanacion-4668?si=6nN79nyQICPU5iTh\"]},{\"@type\":\"Person\",\"@id\":\"https:\/\/www.fiscalia.gov.co\/colombia\/#\/schema\/person\/176195b99ebab0a52aafa15197e1bf80\",\"name\":\"Winnie Geraldine Rodr\u00edguez Navarrete\",\"image\":{\"@type\":\"ImageObject\",\"inLanguage\":\"es-CO\",\"@id\":\"https:\/\/www.fiscalia.gov.co\/colombia\/#\/schema\/person\/image\/\",\"url\":\"https:\/\/secure.gravatar.com\/avatar\/c24cf8481dc84fa5e8c7b20bc95ab0c6?s=96&d=mm&r=g\",\"contentUrl\":\"https:\/\/secure.gravatar.com\/avatar\/c24cf8481dc84fa5e8c7b20bc95ab0c6?s=96&d=mm&r=g\",\"caption\":\"Winnie Geraldine Rodr\u00edguez Navarrete\"},\"url\":\"https:\/\/www.fiscalia.gov.co\/colombia\/author\/winnierodriguez\/\"}]}<\/script>\n<!-- \/ Yoast SEO plugin. -->","yoast_head_json":{"title":"Fiscal\u00eda General de la Naci\u00f3n","description":"P\u00e1gina oficial de la Fiscal\u00eda General de la Naci\u00f3n \u2013 Colombia. Garantizamos el acceso efectivo a la justicia, la verdad y la reparaci\u00f3n de las v\u00edctimas de los delitos.","robots":{"index":"noindex","follow":"follow"},"og_locale":"es_ES","og_type":"article","og_title":"Fiscal\u00eda General de la Naci\u00f3n","og_description":"P\u00e1gina oficial de la Fiscal\u00eda General de la Naci\u00f3n \u2013 Colombia. Garantizamos el acceso efectivo a la justicia, la verdad y la reparaci\u00f3n de las v\u00edctimas de los delitos.","og_url":"https:\/\/www.fiscalia.gov.co\/colombia\/noticias\/a-mas-de-ocho-anos-de-prision-fue-condenado-el-responsable-del-homicidio-de-un-mototaxista-en-dosquebradas\/","og_site_name":"Fiscal\u00eda General de la Naci\u00f3n","article_publisher":"https:\/\/www.facebook.com\/FiscaliaCol","article_published_time":"2024-02-14T21:34:01+00:00","article_modified_time":"2024-03-06T17:18:51+00:00","og_image":[{"url":"https:\/\/www.fiscalia.gov.co\/colombia\/wp-content\/uploads\/Jose-Franquin-Vidal-Vargas-1-300x200.jpg","type":"","width":"","height":""}],"author":"Winnie Geraldine Rodr\u00edguez Navarrete","twitter_card":"summary_large_image","twitter_creator":"@FiscaliaCol","twitter_site":"@FiscaliaCol","twitter_misc":{"Escrito por":"Winnie Geraldine Rodr\u00edguez Navarrete","Tiempo de lectura":"3 minutos"},"schema":{"@context":"https:\/\/schema.org","@graph":[{"@type":"Article","@id":"https:\/\/www.fiscalia.gov.co\/colombia\/noticias\/a-mas-de-ocho-anos-de-prision-fue-condenado-el-responsable-del-homicidio-de-un-mototaxista-en-dosquebradas\/#article","isPartOf":{"@id":"https:\/\/www.fiscalia.gov.co\/colombia\/noticias\/a-mas-de-ocho-anos-de-prision-fue-condenado-el-responsable-del-homicidio-de-un-mototaxista-en-dosquebradas\/"},"author":{"name":"Winnie Geraldine Rodr\u00edguez Navarrete","@id":"https:\/\/www.fiscalia.gov.co\/colombia\/#\/schema\/person\/176195b99ebab0a52aafa15197e1bf80"},"headline":"A m\u00e1s de ocho a\u00f1os de prisi\u00f3n fue condenado el responsable del homicidio de un mototaxista en Dosquebradas","datePublished":"2024-02-14T21:34:01+00:00","dateModified":"2024-03-06T17:18:51+00:00","mainEntityOfPage":{"@id":"https:\/\/www.fiscalia.gov.co\/colombia\/noticias\/a-mas-de-ocho-anos-de-prision-fue-condenado-el-responsable-del-homicidio-de-un-mototaxista-en-dosquebradas\/"},"wordCount":508,"publisher":{"@id":"https:\/\/www.fiscalia.gov.co\/colombia\/#organization"},"image":{"@id":"https:\/\/www.fiscalia.gov.co\/colombia\/noticias\/a-mas-de-ocho-anos-de-prision-fue-condenado-el-responsable-del-homicidio-de-un-mototaxista-en-dosquebradas\/#primaryimage"},"thumbnailUrl":"https:\/\/www.fiscalia.gov.co\/colombia\/wp-content\/uploads\/Jose-Franquin-Vidal-Vargas-1-300x200.jpg","keywords":["Dosquebradas (Risaralda)","fiscal mancera","fiscal martha mancera","Martha Mancera"],"articleSection":["Hay Justicia","Noticias","Seguridad territorial"],"inLanguage":"es-CO"},{"@type":"WebPage","@id":"https:\/\/www.fiscalia.gov.co\/colombia\/noticias\/a-mas-de-ocho-anos-de-prision-fue-condenado-el-responsable-del-homicidio-de-un-mototaxista-en-dosquebradas\/","url":"https:\/\/www.fiscalia.gov.co\/colombia\/noticias\/a-mas-de-ocho-anos-de-prision-fue-condenado-el-responsable-del-homicidio-de-un-mototaxista-en-dosquebradas\/","name":"Fiscal\u00eda General de la Naci\u00f3n","isPartOf":{"@id":"https:\/\/www.fiscalia.gov.co\/colombia\/#website"},"primaryImageOfPage":{"@id":"https:\/\/www.fiscalia.gov.co\/colombia\/noticias\/a-mas-de-ocho-anos-de-prision-fue-condenado-el-responsable-del-homicidio-de-un-mototaxista-en-dosquebradas\/#primaryimage"},"image":{"@id":"https:\/\/www.fiscalia.gov.co\/colombia\/noticias\/a-mas-de-ocho-anos-de-prision-fue-condenado-el-responsable-del-homicidio-de-un-mototaxista-en-dosquebradas\/#primaryimage"},"thumbnailUrl":"https:\/\/www.fiscalia.gov.co\/colombia\/wp-content\/uploads\/Jose-Franquin-Vidal-Vargas-1-300x200.jpg","datePublished":"2024-02-14T21:34:01+00:00","dateModified":"2024-03-06T17:18:51+00:00","description":"P\u00e1gina oficial de la Fiscal\u00eda General de la Naci\u00f3n \u2013 Colombia. Garantizamos el acceso efectivo a la justicia, la verdad y la reparaci\u00f3n de las v\u00edctimas de los delitos.","breadcrumb":{"@id":"https:\/\/www.fiscalia.gov.co\/colombia\/noticias\/a-mas-de-ocho-anos-de-prision-fue-condenado-el-responsable-del-homicidio-de-un-mototaxista-en-dosquebradas\/#breadcrumb"},"inLanguage":"es-CO","potentialAction":[{"@type":"ReadAction","target":["https:\/\/www.fiscalia.gov.co\/colombia\/noticias\/a-mas-de-ocho-anos-de-prision-fue-condenado-el-responsable-del-homicidio-de-un-mototaxista-en-dosquebradas\/"]}]},{"@type":"ImageObject","inLanguage":"es-CO","@id":"https:\/\/www.fiscalia.gov.co\/colombia\/noticias\/a-mas-de-ocho-anos-de-prision-fue-condenado-el-responsable-del-homicidio-de-un-mototaxista-en-dosquebradas\/#primaryimage","url":"https:\/\/www.fiscalia.gov.co\/colombia\/wp-content\/uploads\/Jose-Franquin-Vidal-Vargas-1.jpg","contentUrl":"https:\/\/www.fiscalia.gov.co\/colombia\/wp-content\/uploads\/Jose-Franquin-Vidal-Vargas-1.jpg","width":1280,"height":853,"caption":"Jos\u00e9 Franqu\u00edn Vidal Vargas fue condenado a ocho a\u00f1os y ocho meses por el homicidio de un mototaxista en Dosquebradas, fallo que se suma a los 35 a\u00f1os de prisi\u00f3n por otros dos cr\u00edmenes cometidos contra mototaxistas en Santa Rosa de Cabal."},{"@type":"BreadcrumbList","@id":"https:\/\/www.fiscalia.gov.co\/colombia\/noticias\/a-mas-de-ocho-anos-de-prision-fue-condenado-el-responsable-del-homicidio-de-un-mototaxista-en-dosquebradas\/#breadcrumb","itemListElement":[{"@type":"ListItem","position":1,"name":"Home","item":"https:\/\/www.fiscalia.gov.co\/colombia\/"},{"@type":"ListItem","position":2,"name":"A m\u00e1s de ocho a\u00f1os de prisi\u00f3n fue condenado el responsable del homicidio de un mototaxista en Dosquebradas"}]},{"@type":"WebSite","@id":"https:\/\/www.fiscalia.gov.co\/colombia\/#website","url":"https:\/\/www.fiscalia.gov.co\/colombia\/","name":"Fiscal\u00eda General de la Naci\u00f3n","description":"P\u00e1gina oficial de la Fiscal\u00eda General de la Naci\u00f3n \u2013 Colombia. Garantizamos el acceso efectivo a la justicia, la verdad y la reparaci\u00f3n de las v\u00edctimas de los delitos.","publisher":{"@id":"https:\/\/www.fiscalia.gov.co\/colombia\/#organization"},"potentialAction":[{"@type":"SearchAction","target":{"@type":"EntryPoint","urlTemplate":"https:\/\/www.fiscalia.gov.co\/colombia\/?s={search_term_string}"},"query-input":{"@type":"PropertyValueSpecification","valueRequired":true,"valueName":"search_term_string"}}],"inLanguage":"es-CO"},{"@type":"Organization","@id":"https:\/\/www.fiscalia.gov.co\/colombia\/#organization","name":"Fiscal\u00eda General de la Naci\u00f3n","url":"https:\/\/www.fiscalia.gov.co\/colombia\/","logo":{"@type":"ImageObject","inLanguage":"es-CO","@id":"https:\/\/www.fiscalia.gov.co\/colombia\/#\/schema\/logo\/image\/","url":"https:\/\/www.fiscalia.gov.co\/colombia\/wp-content\/uploads\/LogoHorizontal_1.jpg","contentUrl":"https:\/\/www.fiscalia.gov.co\/colombia\/wp-content\/uploads\/LogoHorizontal_1.jpg","width":300,"height":90,"caption":"Fiscal\u00eda General de la Naci\u00f3n"},"image":{"@id":"https:\/\/www.fiscalia.gov.co\/colombia\/#\/schema\/logo\/image\/"},"sameAs":["https:\/\/www.facebook.com\/FiscaliaCol","https:\/\/x.com\/FiscaliaCol","https:\/\/www.instagram.com\/fiscaliacol","https:\/\/www.linkedin.com\/company\/fiscalia-general-de-la-naci-n\/","https:\/\/youtube.com\/@fiscaliageneraldelanacion-4668?si=6nN79nyQICPU5iTh"]},{"@type":"Person","@id":"https:\/\/www.fiscalia.gov.co\/colombia\/#\/schema\/person\/176195b99ebab0a52aafa15197e1bf80","name":"Winnie Geraldine Rodr\u00edguez Navarrete","image":{"@type":"ImageObject","inLanguage":"es-CO","@id":"https:\/\/www.fiscalia.gov.co\/colombia\/#\/schema\/person\/image\/","url":"https:\/\/secure.gravatar.com\/avatar\/c24cf8481dc84fa5e8c7b20bc95ab0c6?s=96&d=mm&r=g","contentUrl":"https:\/\/secure.gravatar.com\/avatar\/c24cf8481dc84fa5e8c7b20bc95ab0c6?s=96&d=mm&r=g","caption":"Winnie Geraldine Rodr\u00edguez Navarrete"},"url":"https:\/\/www.fiscalia.gov.co\/colombia\/author\/winnierodriguez\/"}]}},"_links":{"self":[{"href":"https:\/\/www.fiscalia.gov.co\/colombia\/wp-json\/wp\/v2\/posts\/288255","targetHints":{"allow":["GET"]}}],"collection":[{"href":"https:\/\/www.fiscalia.gov.co\/colombia\/wp-json\/wp\/v2\/posts"}],"about":[{"href":"https:\/\/www.fiscalia.gov.co\/colombia\/wp-json\/wp\/v2\/types\/post"}],"author":[{"embeddable":true,"href":"https:\/\/www.fiscalia.gov.co\/colombia\/wp-json\/wp\/v2\/users\/178"}],"replies":[{"embeddable":true,"href":"https:\/\/www.fiscalia.gov.co\/colombia\/wp-json\/wp\/v2\/comments?post=288255"}],"version-history":[{"count":4,"href":"https:\/\/www.fiscalia.gov.co\/colombia\/wp-json\/wp\/v2\/posts\/288255\/revisions"}],"predecessor-version":[{"id":289951,"href":"https:\/\/www.fiscalia.gov.co\/colombia\/wp-json\/wp\/v2\/posts\/288255\/revisions\/289951"}],"wp:attachment":[{"href":"https:\/\/www.fiscalia.gov.co\/colombia\/wp-json\/wp\/v2\/media?parent=288255"}],"wp:term":[{"taxonomy":"category","embeddable":true,"href":"https:\/\/www.fiscalia.gov.co\/colombia\/wp-json\/wp\/v2\/categories?post=288255"},{"taxonomy":"post_tag","embeddable":true,"href":"https:\/\/www.fiscalia.gov.co\/colombia\/wp-json\/wp\/v2\/tags?post=288255"}],"curies":[{"name":"wp","href":"https:\/\/api.w.org\/{rel}","templated":true}]}}