{"id":288191,"date":"2024-02-14T11:55:24","date_gmt":"2024-02-14T16:55:24","guid":{"rendered":"https:\/\/www.fiscalia.gov.co\/colombia\/?p=288191"},"modified":"2024-02-14T11:55:24","modified_gmt":"2024-02-14T16:55:24","slug":"privados-de-la-libertad-dos-presuntos-implicados-en-maltrato-a-companera-sentimental-y-a-la-progenitora-en-cartago-valle-del-cauca","status":"publish","type":"post","link":"https:\/\/www.fiscalia.gov.co\/colombia\/noticias\/privados-de-la-libertad-dos-presuntos-implicados-en-maltrato-a-companera-sentimental-y-a-la-progenitora-en-cartago-valle-del-cauca\/","title":{"rendered":"Privados de la libertad dos presuntos implicados en maltrato a compa\u00f1era sentimental y a la progenitora, en Cartago (Valle del Cauca)"},"content":{"rendered":"<p>La Fiscal\u00eda General de la Naci\u00f3n judicializ\u00f3 a dos hombres que presuntamente habr\u00edan incurrido en maltrato f\u00edsico, verbal y psicol\u00f3gico a la compa\u00f1era sentimental y a la progenitora, en hechos aislados, en el municipio de Cartago (Valle del Cauca).<\/p>\n<p>Uno de los casos involucra a Diego Edinson Trujillo Tob\u00f3n, quien fue capturado en flagrancia, por personal de la Polic\u00eda Nacional, el pasado 5 de febrero, cuando maltrataba f\u00edsica, verbal y psicol\u00f3gicamente a su compa\u00f1era sentimental lo que le signific\u00f3 una incapacidad de 12 d\u00edas.<\/p>\n<figure id=\"attachment_288193\" aria-describedby=\"caption-attachment-288193\" style=\"width: 381px\" class=\"wp-caption aligncenter\"><img loading=\"lazy\" decoding=\"async\" class=\" wp-image-288193\" src=\"https:\/\/www.fiscalia.gov.co\/colombia\/wp-content\/uploads\/Foto-ok.-Diego-Edinson-Trujillo-Tobon.-Violencia-intrafamiliar.-Cartago-Valle-300x166.jpg\" alt=\"En la fotograf\u00eda se aprecia de espaldas a la c\u00e1mara, con los brazos atr\u00e1s y esposado a Diego Edinson Trujillo Tob\u00f3n. Viste camiseta de manga corta de color rojo. A lado y lado de \u00e9l hay uniformadas de la Polic\u00eda Nacional. Delante de ellos hay una superficie marr\u00f3n y sobre ella un letrero que dice: \u2018Violencia intrafamiliar\u2019. Detr\u00e1s de ellos hay un pend\u00f3n institucional de la Polic\u00eda. \" width=\"381\" height=\"211\" srcset=\"https:\/\/www.fiscalia.gov.co\/colombia\/wp-content\/uploads\/Foto-ok.-Diego-Edinson-Trujillo-Tobon.-Violencia-intrafamiliar.-Cartago-Valle-300x166.jpg 300w, https:\/\/www.fiscalia.gov.co\/colombia\/wp-content\/uploads\/Foto-ok.-Diego-Edinson-Trujillo-Tobon.-Violencia-intrafamiliar.-Cartago-Valle-1024x568.jpg 1024w, https:\/\/www.fiscalia.gov.co\/colombia\/wp-content\/uploads\/Foto-ok.-Diego-Edinson-Trujillo-Tobon.-Violencia-intrafamiliar.-Cartago-Valle-768x426.jpg 768w, https:\/\/www.fiscalia.gov.co\/colombia\/wp-content\/uploads\/Foto-ok.-Diego-Edinson-Trujillo-Tobon.-Violencia-intrafamiliar.-Cartago-Valle-696x385.jpg 696w, https:\/\/www.fiscalia.gov.co\/colombia\/wp-content\/uploads\/Foto-ok.-Diego-Edinson-Trujillo-Tobon.-Violencia-intrafamiliar.-Cartago-Valle-1068x592.jpg 1068w, https:\/\/www.fiscalia.gov.co\/colombia\/wp-content\/uploads\/Foto-ok.-Diego-Edinson-Trujillo-Tobon.-Violencia-intrafamiliar.-Cartago-Valle-757x420.jpg 757w, https:\/\/www.fiscalia.gov.co\/colombia\/wp-content\/uploads\/Foto-ok.-Diego-Edinson-Trujillo-Tobon.-Violencia-intrafamiliar.-Cartago-Valle.jpg 1280w\" sizes=\"auto, (max-width: 381px) 100vw, 381px\" \/><figcaption id=\"caption-attachment-288193\" class=\"wp-caption-text\">Diego Edinson Trujillo Tob\u00f3n fue judicializado como presunto responsable de maltratar a su compa\u00f1era sentimental, provoc\u00e1ndole una incapacidad de 12 d\u00edas, en Cartago (Valle del Cauca).<\/figcaption><\/figure>\n<p>De otro lado, tambi\u00e9n fue judicializado Johan Alexis Montenegro Mar\u00edn, se\u00f1alado como presunto responsable de agredir verbal y f\u00edsicamente a su madre. Fue capturado en flagrancia por la Polic\u00eda Nacional, el pasado 5 de febrero.<\/p>\n<figure id=\"attachment_288194\" aria-describedby=\"caption-attachment-288194\" style=\"width: 386px\" class=\"wp-caption aligncenter\"><img loading=\"lazy\" decoding=\"async\" class=\" wp-image-288194\" src=\"https:\/\/www.fiscalia.gov.co\/colombia\/wp-content\/uploads\/Johan-Alexis-Montenegro-Marin.-Violencia-intrafamiliar.-Cartago-Valle-300x242.jpg\" alt=\"En la fotograf\u00eda se aprecia de espaldas a la c\u00e1mara, a Johan Alexis Montenegro Mar\u00edn. Viste camiseta de manga corta de color blanca y pantal\u00f3n gris. A lado y lado de \u00e9l hay uniformados de la Polic\u00eda Nacional. Delante de ellos hay una superficie marr\u00f3n y sobre ella un letrero que dice: \u2018Violencia intrafamiliar\u2019. Detr\u00e1s de ellos hay un pend\u00f3n institucional de la Polic\u00eda.\" width=\"386\" height=\"311\" srcset=\"https:\/\/www.fiscalia.gov.co\/colombia\/wp-content\/uploads\/Johan-Alexis-Montenegro-Marin.-Violencia-intrafamiliar.-Cartago-Valle-300x242.jpg 300w, https:\/\/www.fiscalia.gov.co\/colombia\/wp-content\/uploads\/Johan-Alexis-Montenegro-Marin.-Violencia-intrafamiliar.-Cartago-Valle-768x618.jpg 768w, https:\/\/www.fiscalia.gov.co\/colombia\/wp-content\/uploads\/Johan-Alexis-Montenegro-Marin.-Violencia-intrafamiliar.-Cartago-Valle-696x560.jpg 696w, https:\/\/www.fiscalia.gov.co\/colombia\/wp-content\/uploads\/Johan-Alexis-Montenegro-Marin.-Violencia-intrafamiliar.-Cartago-Valle-522x420.jpg 522w, https:\/\/www.fiscalia.gov.co\/colombia\/wp-content\/uploads\/Johan-Alexis-Montenegro-Marin.-Violencia-intrafamiliar.-Cartago-Valle.jpg 893w\" sizes=\"auto, (max-width: 386px) 100vw, 386px\" \/><figcaption id=\"caption-attachment-288194\" class=\"wp-caption-text\">Johan Alexis Montenegro Mar\u00edn es investigado porque presuntamente maltrataba a su progenitora, en Cartago (Valle del Cauca).<\/figcaption><\/figure>\n<p>En ambos casos la Fiscal\u00eda imput\u00f3 cargos a los capturados por el delito de\u00a0<a id=\"m_2112326567804824957OWA183fadec-f885-54ab-e3ea-1d1bae2a368b\" href=\"https:\/\/www.fiscalia.gov.co\/colombia\/noticias\/la-fiscalia-judicializo-a-dos-presuntos-implicados-en-hechos-de-violencia-intrafamiliar\/\" target=\"_blank\" rel=\"noopener\" data-saferedirecturl=\"https:\/\/www.google.com\/url?q=https:\/\/www.fiscalia.gov.co\/colombia\/noticias\/la-fiscalia-judicializo-a-dos-presuntos-implicados-en-hechos-de-violencia-intrafamiliar\/&amp;source=gmail&amp;ust=1708013409344000&amp;usg=AOvVaw2vaYCh68e60Ne5QYOR7ZjV\">violencia intrafamiliar<\/a>. Para Montenegro Mar\u00edn el juez decidi\u00f3 medida privativa de la libertad en su lugar de residencia. Entre tanto, para Trujillo Tob\u00f3n debe cumplir la medida de aseguramiento en centro carcelario.<\/p>\n<p>Esta informaci\u00f3n se publica por razones de inter\u00e9s general.<\/p>\n<p><b><u>La Fiscal\u00eda habla con resultados.<\/u><\/b><\/p>\n<p>&nbsp;<\/p>\n<p>&nbsp;<\/p>\n<p>MAP\/LV\/DSVC\/LYBT\/<\/p>\n<p>&nbsp;<\/p>\n<p align=\"center\">\n<p>&nbsp;<\/p>\n<p><em>La informaci\u00f3n contenida en este bolet\u00edn de prensa corresponde a la narraci\u00f3n de los hechos noticiosos objetivos, suministrados por los funcionarios encargados de adelantar las investigaciones penales al interior de la Fiscal\u00eda General de la Naci\u00f3n. Para el momento de la divulgaci\u00f3n de este comunicado, la situaci\u00f3n jur\u00eddica de la(s) persona(s) relacionada(s) se encuentra pendiente de resolver por la autoridad\u00a0judicial competente, siempre bajo los preceptos de la presunci\u00f3n de inocencia, consagrados en el art\u00edculo 29 de la Constituci\u00f3n Pol\u00edtica y el art\u00edculo 7\u00ba de la Ley 906 de 2004.\u00a0<\/em><\/p>\n\n<div class=\"twitter-share\"><a href=\"https:\/\/twitter.com\/intent\/tweet?via=fiscaliacol\" class=\"twitter-share-button\">Tweet<\/a><\/div>\n","protected":false},"excerpt":{"rendered":"<p>La Fiscal\u00eda General de la Naci\u00f3n judicializ\u00f3 a dos hombres que presuntamente habr\u00edan incurrido en maltrato f\u00edsico, verbal y psicol\u00f3gico a la compa\u00f1era sentimental y a la progenitora, en hechos aislados, en el municipio de Cartago (Valle del Cauca). Uno de los casos involucra a Diego Edinson Trujillo Tob\u00f3n, quien fue capturado en flagrancia, por [&hellip;]<\/p>\n","protected":false},"author":178,"featured_media":0,"comment_status":"closed","ping_status":"open","sticky":false,"template":"","format":"standard","meta":{"_price":"","_stock":"","_tribe_ticket_header":"","_tribe_default_ticket_provider":"","_tribe_ticket_capacity":"0","_ticket_start_date":"","_ticket_end_date":"","_tribe_ticket_show_description":"","_tribe_ticket_show_not_going":false,"_tribe_ticket_use_global_stock":"","_tribe_ticket_global_stock_level":"","_global_stock_mode":"","_global_stock_cap":"","_tribe_rsvp_for_event":"","_tribe_ticket_going_count":"","_tribe_ticket_not_going_count":"","_tribe_tickets_list":"[]","_tribe_ticket_has_attendee_info_fields":false,"tdm_status":"","tdm_grid_status":"","footnotes":""},"categories":[1,24127],"tags":[8010,31444,24551,7815,24187,1047,7169,16756,1185,24584,1062,12158,29437,682],"class_list":{"0":"post-288191","1":"post","2":"type-post","3":"status-publish","4":"format-standard","6":"category-noticias","7":"category-violencia-sexual-e-intrafamiliar","8":"tag-capturados","9":"tag-cartago-valle-del-cauca","10":"tag-centro-carcelario","11":"tag-companera-sentimental","12":"tag-fiscalia-colombia","13":"tag-fiscalia-general-de-la-nacion","14":"tag-flagrancia","15":"tag-madre","16":"tag-medida-de-aseguramiento","17":"tag-privativa-de-la-libertad","18":"tag-progenitora","19":"tag-residencia","20":"tag-seccional-valle-del-cauca","21":"tag-violencia-intrafamiliar"},"yoast_head":"<!-- This site is optimized with the Yoast SEO plugin v24.3 - https:\/\/yoast.com\/wordpress\/plugins\/seo\/ -->\n<title>Fiscal\u00eda General de la Naci\u00f3n<\/title>\n<meta name=\"description\" content=\"P\u00e1gina oficial de la Fiscal\u00eda General de la Naci\u00f3n \u2013 Colombia. Garantizamos el acceso efectivo a la justicia, la verdad y la reparaci\u00f3n de las v\u00edctimas de los delitos.\" \/>\n<meta name=\"robots\" content=\"noindex, follow\" \/>\n<meta property=\"og:locale\" content=\"es_ES\" \/>\n<meta property=\"og:type\" content=\"article\" \/>\n<meta property=\"og:title\" content=\"Fiscal\u00eda General de la Naci\u00f3n\" \/>\n<meta property=\"og:description\" content=\"P\u00e1gina oficial de la Fiscal\u00eda General de la Naci\u00f3n \u2013 Colombia. Garantizamos el acceso efectivo a la justicia, la verdad y la reparaci\u00f3n de las v\u00edctimas de los delitos.\" \/>\n<meta property=\"og:url\" content=\"https:\/\/www.fiscalia.gov.co\/colombia\/noticias\/privados-de-la-libertad-dos-presuntos-implicados-en-maltrato-a-companera-sentimental-y-a-la-progenitora-en-cartago-valle-del-cauca\/\" \/>\n<meta property=\"og:site_name\" content=\"Fiscal\u00eda General de la Naci\u00f3n\" \/>\n<meta property=\"article:publisher\" content=\"https:\/\/www.facebook.com\/FiscaliaCol\" \/>\n<meta property=\"article:published_time\" content=\"2024-02-14T16:55:24+00:00\" \/>\n<meta property=\"og:image\" content=\"https:\/\/www.fiscalia.gov.co\/colombia\/wp-content\/uploads\/Foto-ok.-Diego-Edinson-Trujillo-Tobon.-Violencia-intrafamiliar.-Cartago-Valle-300x166.jpg\" \/>\n<meta name=\"author\" content=\"Winnie Geraldine Rodr\u00edguez Navarrete\" \/>\n<meta name=\"twitter:card\" content=\"summary_large_image\" \/>\n<meta name=\"twitter:creator\" content=\"@FiscaliaCol\" \/>\n<meta name=\"twitter:site\" content=\"@FiscaliaCol\" \/>\n<meta name=\"twitter:label1\" content=\"Escrito por\" \/>\n\t<meta name=\"twitter:data1\" content=\"Winnie Geraldine Rodr\u00edguez Navarrete\" \/>\n\t<meta name=\"twitter:label2\" content=\"Tiempo de lectura\" \/>\n\t<meta name=\"twitter:data2\" content=\"2 minutos\" \/>\n<script type=\"application\/ld+json\" class=\"yoast-schema-graph\">{\"@context\":\"https:\/\/schema.org\",\"@graph\":[{\"@type\":\"Article\",\"@id\":\"https:\/\/www.fiscalia.gov.co\/colombia\/noticias\/privados-de-la-libertad-dos-presuntos-implicados-en-maltrato-a-companera-sentimental-y-a-la-progenitora-en-cartago-valle-del-cauca\/#article\",\"isPartOf\":{\"@id\":\"https:\/\/www.fiscalia.gov.co\/colombia\/noticias\/privados-de-la-libertad-dos-presuntos-implicados-en-maltrato-a-companera-sentimental-y-a-la-progenitora-en-cartago-valle-del-cauca\/\"},\"author\":{\"name\":\"Winnie Geraldine Rodr\u00edguez Navarrete\",\"@id\":\"https:\/\/www.fiscalia.gov.co\/colombia\/#\/schema\/person\/176195b99ebab0a52aafa15197e1bf80\"},\"headline\":\"Privados de la libertad dos presuntos implicados en maltrato a compa\u00f1era sentimental y a la progenitora, en Cartago (Valle del Cauca)\",\"datePublished\":\"2024-02-14T16:55:24+00:00\",\"dateModified\":\"2024-02-14T16:55:24+00:00\",\"mainEntityOfPage\":{\"@id\":\"https:\/\/www.fiscalia.gov.co\/colombia\/noticias\/privados-de-la-libertad-dos-presuntos-implicados-en-maltrato-a-companera-sentimental-y-a-la-progenitora-en-cartago-valle-del-cauca\/\"},\"wordCount\":392,\"publisher\":{\"@id\":\"https:\/\/www.fiscalia.gov.co\/colombia\/#organization\"},\"image\":{\"@id\":\"https:\/\/www.fiscalia.gov.co\/colombia\/noticias\/privados-de-la-libertad-dos-presuntos-implicados-en-maltrato-a-companera-sentimental-y-a-la-progenitora-en-cartago-valle-del-cauca\/#primaryimage\"},\"thumbnailUrl\":\"https:\/\/www.fiscalia.gov.co\/colombia\/wp-content\/uploads\/Foto-ok.-Diego-Edinson-Trujillo-Tobon.-Violencia-intrafamiliar.-Cartago-Valle-300x166.jpg\",\"keywords\":[\"Capturados\",\"Cartago (Valle del Cauca)\",\"centro carcelario\",\"Compa\u00f1era sentimental\",\"Fiscal\u00eda Colombia\",\"Fiscal\u00eda General de la Naci\u00f3n\",\"Flagrancia\",\"Madre\",\"Medida de aseguramiento\",\"privativa de la libertad.\",\"Progenitora\",\"Residencia\",\"Seccional Valle del Cauca\",\"Violencia intrafamiliar\"],\"articleSection\":[\"Noticias\",\"Violencia sexual e intrafamiliar\"],\"inLanguage\":\"es-CO\"},{\"@type\":\"WebPage\",\"@id\":\"https:\/\/www.fiscalia.gov.co\/colombia\/noticias\/privados-de-la-libertad-dos-presuntos-implicados-en-maltrato-a-companera-sentimental-y-a-la-progenitora-en-cartago-valle-del-cauca\/\",\"url\":\"https:\/\/www.fiscalia.gov.co\/colombia\/noticias\/privados-de-la-libertad-dos-presuntos-implicados-en-maltrato-a-companera-sentimental-y-a-la-progenitora-en-cartago-valle-del-cauca\/\",\"name\":\"Fiscal\u00eda General de la Naci\u00f3n\",\"isPartOf\":{\"@id\":\"https:\/\/www.fiscalia.gov.co\/colombia\/#website\"},\"primaryImageOfPage\":{\"@id\":\"https:\/\/www.fiscalia.gov.co\/colombia\/noticias\/privados-de-la-libertad-dos-presuntos-implicados-en-maltrato-a-companera-sentimental-y-a-la-progenitora-en-cartago-valle-del-cauca\/#primaryimage\"},\"image\":{\"@id\":\"https:\/\/www.fiscalia.gov.co\/colombia\/noticias\/privados-de-la-libertad-dos-presuntos-implicados-en-maltrato-a-companera-sentimental-y-a-la-progenitora-en-cartago-valle-del-cauca\/#primaryimage\"},\"thumbnailUrl\":\"https:\/\/www.fiscalia.gov.co\/colombia\/wp-content\/uploads\/Foto-ok.-Diego-Edinson-Trujillo-Tobon.-Violencia-intrafamiliar.-Cartago-Valle-300x166.jpg\",\"datePublished\":\"2024-02-14T16:55:24+00:00\",\"dateModified\":\"2024-02-14T16:55:24+00:00\",\"description\":\"P\u00e1gina oficial de la Fiscal\u00eda General de la Naci\u00f3n \u2013 Colombia. Garantizamos el acceso efectivo a la justicia, la verdad y la reparaci\u00f3n de las v\u00edctimas de los delitos.\",\"breadcrumb\":{\"@id\":\"https:\/\/www.fiscalia.gov.co\/colombia\/noticias\/privados-de-la-libertad-dos-presuntos-implicados-en-maltrato-a-companera-sentimental-y-a-la-progenitora-en-cartago-valle-del-cauca\/#breadcrumb\"},\"inLanguage\":\"es-CO\",\"potentialAction\":[{\"@type\":\"ReadAction\",\"target\":[\"https:\/\/www.fiscalia.gov.co\/colombia\/noticias\/privados-de-la-libertad-dos-presuntos-implicados-en-maltrato-a-companera-sentimental-y-a-la-progenitora-en-cartago-valle-del-cauca\/\"]}]},{\"@type\":\"ImageObject\",\"inLanguage\":\"es-CO\",\"@id\":\"https:\/\/www.fiscalia.gov.co\/colombia\/noticias\/privados-de-la-libertad-dos-presuntos-implicados-en-maltrato-a-companera-sentimental-y-a-la-progenitora-en-cartago-valle-del-cauca\/#primaryimage\",\"url\":\"https:\/\/www.fiscalia.gov.co\/colombia\/wp-content\/uploads\/Foto-ok.-Diego-Edinson-Trujillo-Tobon.-Violencia-intrafamiliar.-Cartago-Valle.jpg\",\"contentUrl\":\"https:\/\/www.fiscalia.gov.co\/colombia\/wp-content\/uploads\/Foto-ok.-Diego-Edinson-Trujillo-Tobon.-Violencia-intrafamiliar.-Cartago-Valle.jpg\",\"width\":1280,\"height\":710,\"caption\":\"Diego Edinson Trujillo Tob\u00f3n fue judicializado como presunto responsable de maltratar a su compa\u00f1era sentimental, provoc\u00e1ndole una incapacidad de 12 d\u00edas, en Cartago (Valle del Cauca).\"},{\"@type\":\"BreadcrumbList\",\"@id\":\"https:\/\/www.fiscalia.gov.co\/colombia\/noticias\/privados-de-la-libertad-dos-presuntos-implicados-en-maltrato-a-companera-sentimental-y-a-la-progenitora-en-cartago-valle-del-cauca\/#breadcrumb\",\"itemListElement\":[{\"@type\":\"ListItem\",\"position\":1,\"name\":\"Home\",\"item\":\"https:\/\/www.fiscalia.gov.co\/colombia\/\"},{\"@type\":\"ListItem\",\"position\":2,\"name\":\"Privados de la libertad dos presuntos implicados en maltrato a compa\u00f1era sentimental y a la progenitora, en Cartago (Valle del Cauca)\"}]},{\"@type\":\"WebSite\",\"@id\":\"https:\/\/www.fiscalia.gov.co\/colombia\/#website\",\"url\":\"https:\/\/www.fiscalia.gov.co\/colombia\/\",\"name\":\"Fiscal\u00eda General de la Naci\u00f3n\",\"description\":\"P\u00e1gina oficial de la Fiscal\u00eda General de la Naci\u00f3n \u2013 Colombia. Garantizamos el acceso efectivo a la justicia, la verdad y la reparaci\u00f3n de las v\u00edctimas de los delitos.\",\"publisher\":{\"@id\":\"https:\/\/www.fiscalia.gov.co\/colombia\/#organization\"},\"potentialAction\":[{\"@type\":\"SearchAction\",\"target\":{\"@type\":\"EntryPoint\",\"urlTemplate\":\"https:\/\/www.fiscalia.gov.co\/colombia\/?s={search_term_string}\"},\"query-input\":{\"@type\":\"PropertyValueSpecification\",\"valueRequired\":true,\"valueName\":\"search_term_string\"}}],\"inLanguage\":\"es-CO\"},{\"@type\":\"Organization\",\"@id\":\"https:\/\/www.fiscalia.gov.co\/colombia\/#organization\",\"name\":\"Fiscal\u00eda General de la Naci\u00f3n\",\"url\":\"https:\/\/www.fiscalia.gov.co\/colombia\/\",\"logo\":{\"@type\":\"ImageObject\",\"inLanguage\":\"es-CO\",\"@id\":\"https:\/\/www.fiscalia.gov.co\/colombia\/#\/schema\/logo\/image\/\",\"url\":\"https:\/\/www.fiscalia.gov.co\/colombia\/wp-content\/uploads\/LogoHorizontal_1.jpg\",\"contentUrl\":\"https:\/\/www.fiscalia.gov.co\/colombia\/wp-content\/uploads\/LogoHorizontal_1.jpg\",\"width\":300,\"height\":90,\"caption\":\"Fiscal\u00eda General de la Naci\u00f3n\"},\"image\":{\"@id\":\"https:\/\/www.fiscalia.gov.co\/colombia\/#\/schema\/logo\/image\/\"},\"sameAs\":[\"https:\/\/www.facebook.com\/FiscaliaCol\",\"https:\/\/x.com\/FiscaliaCol\",\"https:\/\/www.instagram.com\/fiscaliacol\",\"https:\/\/www.linkedin.com\/company\/fiscalia-general-de-la-naci-n\/\",\"https:\/\/youtube.com\/@fiscaliageneraldelanacion-4668?si=6nN79nyQICPU5iTh\"]},{\"@type\":\"Person\",\"@id\":\"https:\/\/www.fiscalia.gov.co\/colombia\/#\/schema\/person\/176195b99ebab0a52aafa15197e1bf80\",\"name\":\"Winnie Geraldine Rodr\u00edguez Navarrete\",\"image\":{\"@type\":\"ImageObject\",\"inLanguage\":\"es-CO\",\"@id\":\"https:\/\/www.fiscalia.gov.co\/colombia\/#\/schema\/person\/image\/\",\"url\":\"https:\/\/secure.gravatar.com\/avatar\/c24cf8481dc84fa5e8c7b20bc95ab0c6?s=96&d=mm&r=g\",\"contentUrl\":\"https:\/\/secure.gravatar.com\/avatar\/c24cf8481dc84fa5e8c7b20bc95ab0c6?s=96&d=mm&r=g\",\"caption\":\"Winnie Geraldine Rodr\u00edguez Navarrete\"},\"url\":\"https:\/\/www.fiscalia.gov.co\/colombia\/author\/winnierodriguez\/\"}]}<\/script>\n<!-- \/ Yoast SEO plugin. -->","yoast_head_json":{"title":"Fiscal\u00eda General de la Naci\u00f3n","description":"P\u00e1gina oficial de la Fiscal\u00eda General de la Naci\u00f3n \u2013 Colombia. Garantizamos el acceso efectivo a la justicia, la verdad y la reparaci\u00f3n de las v\u00edctimas de los delitos.","robots":{"index":"noindex","follow":"follow"},"og_locale":"es_ES","og_type":"article","og_title":"Fiscal\u00eda General de la Naci\u00f3n","og_description":"P\u00e1gina oficial de la Fiscal\u00eda General de la Naci\u00f3n \u2013 Colombia. Garantizamos el acceso efectivo a la justicia, la verdad y la reparaci\u00f3n de las v\u00edctimas de los delitos.","og_url":"https:\/\/www.fiscalia.gov.co\/colombia\/noticias\/privados-de-la-libertad-dos-presuntos-implicados-en-maltrato-a-companera-sentimental-y-a-la-progenitora-en-cartago-valle-del-cauca\/","og_site_name":"Fiscal\u00eda General de la Naci\u00f3n","article_publisher":"https:\/\/www.facebook.com\/FiscaliaCol","article_published_time":"2024-02-14T16:55:24+00:00","og_image":[{"url":"https:\/\/www.fiscalia.gov.co\/colombia\/wp-content\/uploads\/Foto-ok.-Diego-Edinson-Trujillo-Tobon.-Violencia-intrafamiliar.-Cartago-Valle-300x166.jpg","type":"","width":"","height":""}],"author":"Winnie Geraldine Rodr\u00edguez Navarrete","twitter_card":"summary_large_image","twitter_creator":"@FiscaliaCol","twitter_site":"@FiscaliaCol","twitter_misc":{"Escrito por":"Winnie Geraldine Rodr\u00edguez Navarrete","Tiempo de lectura":"2 minutos"},"schema":{"@context":"https:\/\/schema.org","@graph":[{"@type":"Article","@id":"https:\/\/www.fiscalia.gov.co\/colombia\/noticias\/privados-de-la-libertad-dos-presuntos-implicados-en-maltrato-a-companera-sentimental-y-a-la-progenitora-en-cartago-valle-del-cauca\/#article","isPartOf":{"@id":"https:\/\/www.fiscalia.gov.co\/colombia\/noticias\/privados-de-la-libertad-dos-presuntos-implicados-en-maltrato-a-companera-sentimental-y-a-la-progenitora-en-cartago-valle-del-cauca\/"},"author":{"name":"Winnie Geraldine Rodr\u00edguez Navarrete","@id":"https:\/\/www.fiscalia.gov.co\/colombia\/#\/schema\/person\/176195b99ebab0a52aafa15197e1bf80"},"headline":"Privados de la libertad dos presuntos implicados en maltrato a compa\u00f1era sentimental y a la progenitora, en Cartago (Valle del Cauca)","datePublished":"2024-02-14T16:55:24+00:00","dateModified":"2024-02-14T16:55:24+00:00","mainEntityOfPage":{"@id":"https:\/\/www.fiscalia.gov.co\/colombia\/noticias\/privados-de-la-libertad-dos-presuntos-implicados-en-maltrato-a-companera-sentimental-y-a-la-progenitora-en-cartago-valle-del-cauca\/"},"wordCount":392,"publisher":{"@id":"https:\/\/www.fiscalia.gov.co\/colombia\/#organization"},"image":{"@id":"https:\/\/www.fiscalia.gov.co\/colombia\/noticias\/privados-de-la-libertad-dos-presuntos-implicados-en-maltrato-a-companera-sentimental-y-a-la-progenitora-en-cartago-valle-del-cauca\/#primaryimage"},"thumbnailUrl":"https:\/\/www.fiscalia.gov.co\/colombia\/wp-content\/uploads\/Foto-ok.-Diego-Edinson-Trujillo-Tobon.-Violencia-intrafamiliar.-Cartago-Valle-300x166.jpg","keywords":["Capturados","Cartago (Valle del Cauca)","centro carcelario","Compa\u00f1era sentimental","Fiscal\u00eda Colombia","Fiscal\u00eda General de la Naci\u00f3n","Flagrancia","Madre","Medida de aseguramiento","privativa de la libertad.","Progenitora","Residencia","Seccional Valle del Cauca","Violencia intrafamiliar"],"articleSection":["Noticias","Violencia sexual e intrafamiliar"],"inLanguage":"es-CO"},{"@type":"WebPage","@id":"https:\/\/www.fiscalia.gov.co\/colombia\/noticias\/privados-de-la-libertad-dos-presuntos-implicados-en-maltrato-a-companera-sentimental-y-a-la-progenitora-en-cartago-valle-del-cauca\/","url":"https:\/\/www.fiscalia.gov.co\/colombia\/noticias\/privados-de-la-libertad-dos-presuntos-implicados-en-maltrato-a-companera-sentimental-y-a-la-progenitora-en-cartago-valle-del-cauca\/","name":"Fiscal\u00eda General de la Naci\u00f3n","isPartOf":{"@id":"https:\/\/www.fiscalia.gov.co\/colombia\/#website"},"primaryImageOfPage":{"@id":"https:\/\/www.fiscalia.gov.co\/colombia\/noticias\/privados-de-la-libertad-dos-presuntos-implicados-en-maltrato-a-companera-sentimental-y-a-la-progenitora-en-cartago-valle-del-cauca\/#primaryimage"},"image":{"@id":"https:\/\/www.fiscalia.gov.co\/colombia\/noticias\/privados-de-la-libertad-dos-presuntos-implicados-en-maltrato-a-companera-sentimental-y-a-la-progenitora-en-cartago-valle-del-cauca\/#primaryimage"},"thumbnailUrl":"https:\/\/www.fiscalia.gov.co\/colombia\/wp-content\/uploads\/Foto-ok.-Diego-Edinson-Trujillo-Tobon.-Violencia-intrafamiliar.-Cartago-Valle-300x166.jpg","datePublished":"2024-02-14T16:55:24+00:00","dateModified":"2024-02-14T16:55:24+00:00","description":"P\u00e1gina oficial de la Fiscal\u00eda General de la Naci\u00f3n \u2013 Colombia. Garantizamos el acceso efectivo a la justicia, la verdad y la reparaci\u00f3n de las v\u00edctimas de los delitos.","breadcrumb":{"@id":"https:\/\/www.fiscalia.gov.co\/colombia\/noticias\/privados-de-la-libertad-dos-presuntos-implicados-en-maltrato-a-companera-sentimental-y-a-la-progenitora-en-cartago-valle-del-cauca\/#breadcrumb"},"inLanguage":"es-CO","potentialAction":[{"@type":"ReadAction","target":["https:\/\/www.fiscalia.gov.co\/colombia\/noticias\/privados-de-la-libertad-dos-presuntos-implicados-en-maltrato-a-companera-sentimental-y-a-la-progenitora-en-cartago-valle-del-cauca\/"]}]},{"@type":"ImageObject","inLanguage":"es-CO","@id":"https:\/\/www.fiscalia.gov.co\/colombia\/noticias\/privados-de-la-libertad-dos-presuntos-implicados-en-maltrato-a-companera-sentimental-y-a-la-progenitora-en-cartago-valle-del-cauca\/#primaryimage","url":"https:\/\/www.fiscalia.gov.co\/colombia\/wp-content\/uploads\/Foto-ok.-Diego-Edinson-Trujillo-Tobon.-Violencia-intrafamiliar.-Cartago-Valle.jpg","contentUrl":"https:\/\/www.fiscalia.gov.co\/colombia\/wp-content\/uploads\/Foto-ok.-Diego-Edinson-Trujillo-Tobon.-Violencia-intrafamiliar.-Cartago-Valle.jpg","width":1280,"height":710,"caption":"Diego Edinson Trujillo Tob\u00f3n fue judicializado como presunto responsable de maltratar a su compa\u00f1era sentimental, provoc\u00e1ndole una incapacidad de 12 d\u00edas, en Cartago (Valle del Cauca)."},{"@type":"BreadcrumbList","@id":"https:\/\/www.fiscalia.gov.co\/colombia\/noticias\/privados-de-la-libertad-dos-presuntos-implicados-en-maltrato-a-companera-sentimental-y-a-la-progenitora-en-cartago-valle-del-cauca\/#breadcrumb","itemListElement":[{"@type":"ListItem","position":1,"name":"Home","item":"https:\/\/www.fiscalia.gov.co\/colombia\/"},{"@type":"ListItem","position":2,"name":"Privados de la libertad dos presuntos implicados en maltrato a compa\u00f1era sentimental y a la progenitora, en Cartago (Valle del Cauca)"}]},{"@type":"WebSite","@id":"https:\/\/www.fiscalia.gov.co\/colombia\/#website","url":"https:\/\/www.fiscalia.gov.co\/colombia\/","name":"Fiscal\u00eda General de la Naci\u00f3n","description":"P\u00e1gina oficial de la Fiscal\u00eda General de la Naci\u00f3n \u2013 Colombia. Garantizamos el acceso efectivo a la justicia, la verdad y la reparaci\u00f3n de las v\u00edctimas de los delitos.","publisher":{"@id":"https:\/\/www.fiscalia.gov.co\/colombia\/#organization"},"potentialAction":[{"@type":"SearchAction","target":{"@type":"EntryPoint","urlTemplate":"https:\/\/www.fiscalia.gov.co\/colombia\/?s={search_term_string}"},"query-input":{"@type":"PropertyValueSpecification","valueRequired":true,"valueName":"search_term_string"}}],"inLanguage":"es-CO"},{"@type":"Organization","@id":"https:\/\/www.fiscalia.gov.co\/colombia\/#organization","name":"Fiscal\u00eda General de la Naci\u00f3n","url":"https:\/\/www.fiscalia.gov.co\/colombia\/","logo":{"@type":"ImageObject","inLanguage":"es-CO","@id":"https:\/\/www.fiscalia.gov.co\/colombia\/#\/schema\/logo\/image\/","url":"https:\/\/www.fiscalia.gov.co\/colombia\/wp-content\/uploads\/LogoHorizontal_1.jpg","contentUrl":"https:\/\/www.fiscalia.gov.co\/colombia\/wp-content\/uploads\/LogoHorizontal_1.jpg","width":300,"height":90,"caption":"Fiscal\u00eda General de la Naci\u00f3n"},"image":{"@id":"https:\/\/www.fiscalia.gov.co\/colombia\/#\/schema\/logo\/image\/"},"sameAs":["https:\/\/www.facebook.com\/FiscaliaCol","https:\/\/x.com\/FiscaliaCol","https:\/\/www.instagram.com\/fiscaliacol","https:\/\/www.linkedin.com\/company\/fiscalia-general-de-la-naci-n\/","https:\/\/youtube.com\/@fiscaliageneraldelanacion-4668?si=6nN79nyQICPU5iTh"]},{"@type":"Person","@id":"https:\/\/www.fiscalia.gov.co\/colombia\/#\/schema\/person\/176195b99ebab0a52aafa15197e1bf80","name":"Winnie Geraldine Rodr\u00edguez Navarrete","image":{"@type":"ImageObject","inLanguage":"es-CO","@id":"https:\/\/www.fiscalia.gov.co\/colombia\/#\/schema\/person\/image\/","url":"https:\/\/secure.gravatar.com\/avatar\/c24cf8481dc84fa5e8c7b20bc95ab0c6?s=96&d=mm&r=g","contentUrl":"https:\/\/secure.gravatar.com\/avatar\/c24cf8481dc84fa5e8c7b20bc95ab0c6?s=96&d=mm&r=g","caption":"Winnie Geraldine Rodr\u00edguez Navarrete"},"url":"https:\/\/www.fiscalia.gov.co\/colombia\/author\/winnierodriguez\/"}]}},"_links":{"self":[{"href":"https:\/\/www.fiscalia.gov.co\/colombia\/wp-json\/wp\/v2\/posts\/288191","targetHints":{"allow":["GET"]}}],"collection":[{"href":"https:\/\/www.fiscalia.gov.co\/colombia\/wp-json\/wp\/v2\/posts"}],"about":[{"href":"https:\/\/www.fiscalia.gov.co\/colombia\/wp-json\/wp\/v2\/types\/post"}],"author":[{"embeddable":true,"href":"https:\/\/www.fiscalia.gov.co\/colombia\/wp-json\/wp\/v2\/users\/178"}],"replies":[{"embeddable":true,"href":"https:\/\/www.fiscalia.gov.co\/colombia\/wp-json\/wp\/v2\/comments?post=288191"}],"version-history":[{"count":3,"href":"https:\/\/www.fiscalia.gov.co\/colombia\/wp-json\/wp\/v2\/posts\/288191\/revisions"}],"predecessor-version":[{"id":289930,"href":"https:\/\/www.fiscalia.gov.co\/colombia\/wp-json\/wp\/v2\/posts\/288191\/revisions\/289930"}],"wp:attachment":[{"href":"https:\/\/www.fiscalia.gov.co\/colombia\/wp-json\/wp\/v2\/media?parent=288191"}],"wp:term":[{"taxonomy":"category","embeddable":true,"href":"https:\/\/www.fiscalia.gov.co\/colombia\/wp-json\/wp\/v2\/categories?post=288191"},{"taxonomy":"post_tag","embeddable":true,"href":"https:\/\/www.fiscalia.gov.co\/colombia\/wp-json\/wp\/v2\/tags?post=288191"}],"curies":[{"name":"wp","href":"https:\/\/api.w.org\/{rel}","templated":true}]}}