{"id":288079,"date":"2024-02-13T12:37:33","date_gmt":"2024-02-13T17:37:33","guid":{"rendered":"https:\/\/www.fiscalia.gov.co\/colombia\/?p=288079"},"modified":"2024-03-06T12:05:33","modified_gmt":"2024-03-06T17:05:33","slug":"por-presunto-maltrato-fisico-y-psicologico-de-su-excompanera-un-hombre-fue-enviado-a-la-carcel-en-arauca","status":"publish","type":"post","link":"https:\/\/www.fiscalia.gov.co\/colombia\/noticias\/por-presunto-maltrato-fisico-y-psicologico-de-su-excompanera-un-hombre-fue-enviado-a-la-carcel-en-arauca\/","title":{"rendered":"Por presunto maltrato f\u00edsico y  psicol\u00f3gico de  su excompa\u00f1era un hombre fue enviado a la c\u00e1rcel en Arauca"},"content":{"rendered":"<p style=\"font-weight: 400;\">Acogiendo la solicitud de un fiscal adscrito \u00a0 al Centro de Atenci\u00f3n a V\u00edctimas de Violencia intrafamiliar, de Arauca, un juez con funciones de control de garant\u00edas impuso medida de aseguramiento en contra de un hombre a quien se le imput\u00f3 el delito de\u00a0<a href=\"http:\/\/violencia%20intrafamiliar\/\" data-saferedirecturl=\"https:\/\/www.google.com\/url?q=http:\/\/violencia%2520intrafamiliar&amp;source=gmail&amp;ust=1707930262401000&amp;usg=AOvVaw2AwLamqInb9oqKHCHikbqN\">violencia intrafamiliar agravada.<\/a><\/p>\n<p style=\"font-weight: 400;\">El investigado fue capturado este 9 de febrero en v\u00eda p\u00fablica del municipio de\u00a0Arauca (Arauca) por personal de la Polic\u00eda y Ej\u00e9rcito Nacional, en cumplimiento de orden judicial.<\/p>\n<figure id=\"attachment_288081\" aria-describedby=\"caption-attachment-288081\" style=\"width: 359px\" class=\"wp-caption aligncenter\"><img loading=\"lazy\" decoding=\"async\" class=\"wp-image-288081\" title=\"Exdirector financiero de la alcald\u00eda de Magangu\u00e9, Bol\u00edvar, fue capturado por funcionarios del CTI de la Fiscal\u00eda en esa poblaci\u00f3n para que cumpla con una condena de 10 a\u00f1os de prisi\u00f3n por actos de corrupci\u00f3n. #Fiscal\u00edaDeColombia #Fiscal\u00edaGeneralDeLaNaci\u00f3n #Magangu\u00e9 #Corrupci\u00f3n #Alcald\u00eda \" src=\"https:\/\/www.fiscalia.gov.co\/colombia\/wp-content\/uploads\/image001-3-8-300x205.jpg\" alt=\"Se visualiza al capturado junto a dos uniformados de Polic\u00eda y Ej\u00e9rcito Nacional. Detr\u00e1s de ellos los banners institucionales de Polic\u00eda y Ej\u00e9rcito Nacional.\" width=\"359\" height=\"245\" srcset=\"https:\/\/www.fiscalia.gov.co\/colombia\/wp-content\/uploads\/image001-3-8-300x205.jpg 300w, https:\/\/www.fiscalia.gov.co\/colombia\/wp-content\/uploads\/image001-3-8-218x150.jpg 218w, https:\/\/www.fiscalia.gov.co\/colombia\/wp-content\/uploads\/image001-3-8.jpg 589w\" sizes=\"auto, (max-width: 359px) 100vw, 359px\" \/><figcaption id=\"caption-attachment-288081\" class=\"wp-caption-text\">Por presunto maltrato f\u00edsico y psicol\u00f3gico de su excompa\u00f1era un hombre fue enviado a la c\u00e1rcel en Arauca<\/figcaption><\/figure>\n<p style=\"font-weight: 400;\">Los hechos investigados ocurrieron el\u00a020 de enero reciente, cuando el procesado la habr\u00eda\u00a0<a href=\"https:\/\/www.fiscalia.gov.co\/colombia\/noticias\/carcel-para-dos-hombres-quienes-serian-los-responsables-de-agresiones-contra-mujeres-en-saravena-arauca\/\" data-saferedirecturl=\"https:\/\/www.google.com\/url?q=https:\/\/www.fiscalia.gov.co\/colombia\/noticias\/carcel-para-dos-hombres-quienes-serian-los-responsables-de-agresiones-contra-mujeres-en-saravena-arauca\/&amp;source=gmail&amp;ust=1707930262401000&amp;usg=AOvVaw0OIS82ESh6f8A0u02Qn6b2\">golpeado<\/a>\u00a0en la cabeza dej\u00e1ndola sin conocimiento, tras exigirle que se fuera de la casa que compart\u00edan a pesar de llevar separados tres a\u00f1os.<\/p>\n<p style=\"font-weight: 400;\">Se conoci\u00f3 que los maltratos f\u00edsicos y verbales por parte del procesado en contra de su excompa\u00f1era hab\u00edan sido reiterativos durante su convivencia por espacio de nueve a\u00f1os, hechos que fueron presenciados por los tres hijos de la pareja.<\/p>\n<p><strong>La Fiscal\u00eda habla con resultados.\u00a0<\/strong><\/p>\n<p style=\"font-weight: 400;\">MPHA\/CFG\/HMCR\/DSA<\/p>\n<p style=\"font-weight: 400;\"><em>La informaci\u00f3n contenida en este bolet\u00edn de prensa corresponde a la narraci\u00f3n de los hechos noticiosos objetivos, suministrados por los funcionarios encargados de adelantar las investigaciones penales al interior de la Fiscal\u00eda General de la Naci\u00f3n. Para el momento de la divulgaci\u00f3n de este comunicado, la situaci\u00f3n jur\u00eddica de la(s) persona(s) relacionada(s) se encuentra pendiente de resolver por la autoridad judicial competente, siempre bajo los preceptos de la presunci\u00f3n de inocencia, consagrados en el art\u00edculo 29 de la Constituci\u00f3n Pol\u00edtica y el art\u00edculo 7\u00ba de la Ley 906 de 2004. <\/em><\/p>\n\n<div class=\"twitter-share\"><a href=\"https:\/\/twitter.com\/intent\/tweet?via=fiscaliacol\" class=\"twitter-share-button\">Tweet<\/a><\/div>\n","protected":false},"excerpt":{"rendered":"<p>Acogiendo la solicitud de un fiscal adscrito \u00a0 al Centro de Atenci\u00f3n a V\u00edctimas de Violencia intrafamiliar, de Arauca, un juez con funciones de control de garant\u00edas impuso medida de [&hellip;]<\/p>\n","protected":false},"author":178,"featured_media":0,"comment_status":"closed","ping_status":"open","sticky":false,"template":"","format":"standard","meta":{"tdm_status":"","tdm_grid_status":"","footnotes":""},"categories":[1,24127],"tags":[31726,9082,14550,37226,4614,31955,17967,2286,29139,5507,682],"class_list":["post-288079","post","type-post","status-publish","format-standard","category-noticias","category-violencia-sexual-e-intrafamiliar","tag-arauca-arauca","tag-bolivar","tag-carcel","tag-exdirector-financiero-de-la-alcaldia-de-magangue","tag-fiscalia-2","tag-inmediatez","tag-investigacion","tag-justicia","tag-la-fiscalia-habla-con-resultados","tag-mujeres","tag-violencia-intrafamiliar"],"yoast_head":"<!-- This site is optimized with the Yoast SEO plugin v24.3 - https:\/\/yoast.com\/wordpress\/plugins\/seo\/ -->\n<title>Fiscal\u00eda General de la Naci\u00f3n<\/title>\n<meta name=\"description\" content=\"P\u00e1gina oficial de la Fiscal\u00eda General de la Naci\u00f3n \u2013 Colombia. Garantizamos el acceso efectivo a la justicia, la verdad y la reparaci\u00f3n de las v\u00edctimas de los delitos.\" \/>\n<meta name=\"robots\" content=\"noindex, follow\" \/>\n<meta property=\"og:locale\" content=\"es_ES\" \/>\n<meta property=\"og:type\" content=\"article\" \/>\n<meta property=\"og:title\" content=\"Fiscal\u00eda General de la Naci\u00f3n\" \/>\n<meta property=\"og:description\" content=\"P\u00e1gina oficial de la Fiscal\u00eda General de la Naci\u00f3n \u2013 Colombia. Garantizamos el acceso efectivo a la justicia, la verdad y la reparaci\u00f3n de las v\u00edctimas de los delitos.\" \/>\n<meta property=\"og:url\" content=\"https:\/\/www.fiscalia.gov.co\/colombia\/noticias\/por-presunto-maltrato-fisico-y-psicologico-de-su-excompanera-un-hombre-fue-enviado-a-la-carcel-en-arauca\/\" \/>\n<meta property=\"og:site_name\" content=\"Fiscal\u00eda General de la Naci\u00f3n\" \/>\n<meta property=\"article:publisher\" content=\"https:\/\/www.facebook.com\/FiscaliaCol\" \/>\n<meta property=\"article:published_time\" content=\"2024-02-13T17:37:33+00:00\" \/>\n<meta property=\"article:modified_time\" content=\"2024-03-06T17:05:33+00:00\" \/>\n<meta property=\"og:image\" content=\"https:\/\/www.fiscalia.gov.co\/colombia\/wp-content\/uploads\/image001-3-8-300x205.jpg\" \/>\n<meta name=\"author\" content=\"Winnie Geraldine Rodr\u00edguez Navarrete\" \/>\n<meta name=\"twitter:card\" content=\"summary_large_image\" \/>\n<meta name=\"twitter:creator\" content=\"@FiscaliaCol\" \/>\n<meta name=\"twitter:site\" content=\"@FiscaliaCol\" \/>\n<meta name=\"twitter:label1\" content=\"Escrito por\" \/>\n\t<meta name=\"twitter:data1\" content=\"Winnie Geraldine Rodr\u00edguez Navarrete\" \/>\n\t<meta name=\"twitter:label2\" content=\"Tiempo de lectura\" \/>\n\t<meta name=\"twitter:data2\" content=\"2 minutos\" \/>\n<script type=\"application\/ld+json\" class=\"yoast-schema-graph\">{\"@context\":\"https:\/\/schema.org\",\"@graph\":[{\"@type\":\"Article\",\"@id\":\"https:\/\/www.fiscalia.gov.co\/colombia\/noticias\/por-presunto-maltrato-fisico-y-psicologico-de-su-excompanera-un-hombre-fue-enviado-a-la-carcel-en-arauca\/#article\",\"isPartOf\":{\"@id\":\"https:\/\/www.fiscalia.gov.co\/colombia\/noticias\/por-presunto-maltrato-fisico-y-psicologico-de-su-excompanera-un-hombre-fue-enviado-a-la-carcel-en-arauca\/\"},\"author\":{\"name\":\"Winnie Geraldine Rodr\u00edguez Navarrete\",\"@id\":\"https:\/\/www.fiscalia.gov.co\/colombia\/#\/schema\/person\/176195b99ebab0a52aafa15197e1bf80\"},\"headline\":\"Por presunto maltrato f\u00edsico y psicol\u00f3gico de su excompa\u00f1era un hombre fue enviado a la c\u00e1rcel en Arauca\",\"datePublished\":\"2024-02-13T17:37:33+00:00\",\"dateModified\":\"2024-03-06T17:05:33+00:00\",\"mainEntityOfPage\":{\"@id\":\"https:\/\/www.fiscalia.gov.co\/colombia\/noticias\/por-presunto-maltrato-fisico-y-psicologico-de-su-excompanera-un-hombre-fue-enviado-a-la-carcel-en-arauca\/\"},\"wordCount\":328,\"publisher\":{\"@id\":\"https:\/\/www.fiscalia.gov.co\/colombia\/#organization\"},\"image\":{\"@id\":\"https:\/\/www.fiscalia.gov.co\/colombia\/noticias\/por-presunto-maltrato-fisico-y-psicologico-de-su-excompanera-un-hombre-fue-enviado-a-la-carcel-en-arauca\/#primaryimage\"},\"thumbnailUrl\":\"https:\/\/www.fiscalia.gov.co\/colombia\/wp-content\/uploads\/image001-3-8-300x205.jpg\",\"keywords\":[\"Arauca (Arauca)\",\"Bol\u00edvar\",\"C\u00e1rcel\",\"Exdirector financiero de la alcald\u00eda de Magangu\u00e9\",\"Fiscal\u00eda\",\"inmediatez\",\"Investigaci\u00f3n\",\"Justicia\",\"La Fiscal\u00eda habla con resultados.\",\"Mujeres\",\"Violencia intrafamiliar\"],\"articleSection\":[\"Noticias\",\"Violencia sexual e intrafamiliar\"],\"inLanguage\":\"es-CO\"},{\"@type\":\"WebPage\",\"@id\":\"https:\/\/www.fiscalia.gov.co\/colombia\/noticias\/por-presunto-maltrato-fisico-y-psicologico-de-su-excompanera-un-hombre-fue-enviado-a-la-carcel-en-arauca\/\",\"url\":\"https:\/\/www.fiscalia.gov.co\/colombia\/noticias\/por-presunto-maltrato-fisico-y-psicologico-de-su-excompanera-un-hombre-fue-enviado-a-la-carcel-en-arauca\/\",\"name\":\"Fiscal\u00eda General de la Naci\u00f3n\",\"isPartOf\":{\"@id\":\"https:\/\/www.fiscalia.gov.co\/colombia\/#website\"},\"primaryImageOfPage\":{\"@id\":\"https:\/\/www.fiscalia.gov.co\/colombia\/noticias\/por-presunto-maltrato-fisico-y-psicologico-de-su-excompanera-un-hombre-fue-enviado-a-la-carcel-en-arauca\/#primaryimage\"},\"image\":{\"@id\":\"https:\/\/www.fiscalia.gov.co\/colombia\/noticias\/por-presunto-maltrato-fisico-y-psicologico-de-su-excompanera-un-hombre-fue-enviado-a-la-carcel-en-arauca\/#primaryimage\"},\"thumbnailUrl\":\"https:\/\/www.fiscalia.gov.co\/colombia\/wp-content\/uploads\/image001-3-8-300x205.jpg\",\"datePublished\":\"2024-02-13T17:37:33+00:00\",\"dateModified\":\"2024-03-06T17:05:33+00:00\",\"description\":\"P\u00e1gina oficial de la Fiscal\u00eda General de la Naci\u00f3n \u2013 Colombia. Garantizamos el acceso efectivo a la justicia, la verdad y la reparaci\u00f3n de las v\u00edctimas de los delitos.\",\"breadcrumb\":{\"@id\":\"https:\/\/www.fiscalia.gov.co\/colombia\/noticias\/por-presunto-maltrato-fisico-y-psicologico-de-su-excompanera-un-hombre-fue-enviado-a-la-carcel-en-arauca\/#breadcrumb\"},\"inLanguage\":\"es-CO\",\"potentialAction\":[{\"@type\":\"ReadAction\",\"target\":[\"https:\/\/www.fiscalia.gov.co\/colombia\/noticias\/por-presunto-maltrato-fisico-y-psicologico-de-su-excompanera-un-hombre-fue-enviado-a-la-carcel-en-arauca\/\"]}]},{\"@type\":\"ImageObject\",\"inLanguage\":\"es-CO\",\"@id\":\"https:\/\/www.fiscalia.gov.co\/colombia\/noticias\/por-presunto-maltrato-fisico-y-psicologico-de-su-excompanera-un-hombre-fue-enviado-a-la-carcel-en-arauca\/#primaryimage\",\"url\":\"https:\/\/www.fiscalia.gov.co\/colombia\/wp-content\/uploads\/image001-3-8.jpg\",\"contentUrl\":\"https:\/\/www.fiscalia.gov.co\/colombia\/wp-content\/uploads\/image001-3-8.jpg\",\"width\":589,\"height\":402,\"caption\":\"Por presunto maltrato f\u00edsico y psicol\u00f3gico de su excompa\u00f1era un hombre fue enviado a la c\u00e1rcel en Arauca\"},{\"@type\":\"BreadcrumbList\",\"@id\":\"https:\/\/www.fiscalia.gov.co\/colombia\/noticias\/por-presunto-maltrato-fisico-y-psicologico-de-su-excompanera-un-hombre-fue-enviado-a-la-carcel-en-arauca\/#breadcrumb\",\"itemListElement\":[{\"@type\":\"ListItem\",\"position\":1,\"name\":\"Home\",\"item\":\"https:\/\/www.fiscalia.gov.co\/colombia\/\"},{\"@type\":\"ListItem\",\"position\":2,\"name\":\"Por presunto maltrato f\u00edsico y psicol\u00f3gico de su excompa\u00f1era un hombre fue enviado a la c\u00e1rcel en Arauca\"}]},{\"@type\":\"WebSite\",\"@id\":\"https:\/\/www.fiscalia.gov.co\/colombia\/#website\",\"url\":\"https:\/\/www.fiscalia.gov.co\/colombia\/\",\"name\":\"Fiscal\u00eda General de la Naci\u00f3n\",\"description\":\"P\u00e1gina oficial de la Fiscal\u00eda General de la Naci\u00f3n \u2013 Colombia. Garantizamos el acceso efectivo a la justicia, la verdad y la reparaci\u00f3n de las v\u00edctimas de los delitos.\",\"publisher\":{\"@id\":\"https:\/\/www.fiscalia.gov.co\/colombia\/#organization\"},\"potentialAction\":[{\"@type\":\"SearchAction\",\"target\":{\"@type\":\"EntryPoint\",\"urlTemplate\":\"https:\/\/www.fiscalia.gov.co\/colombia\/?s={search_term_string}\"},\"query-input\":{\"@type\":\"PropertyValueSpecification\",\"valueRequired\":true,\"valueName\":\"search_term_string\"}}],\"inLanguage\":\"es-CO\"},{\"@type\":\"Organization\",\"@id\":\"https:\/\/www.fiscalia.gov.co\/colombia\/#organization\",\"name\":\"Fiscal\u00eda General de la Naci\u00f3n\",\"url\":\"https:\/\/www.fiscalia.gov.co\/colombia\/\",\"logo\":{\"@type\":\"ImageObject\",\"inLanguage\":\"es-CO\",\"@id\":\"https:\/\/www.fiscalia.gov.co\/colombia\/#\/schema\/logo\/image\/\",\"url\":\"https:\/\/www.fiscalia.gov.co\/colombia\/wp-content\/uploads\/LogoHorizontal_1.jpg\",\"contentUrl\":\"https:\/\/www.fiscalia.gov.co\/colombia\/wp-content\/uploads\/LogoHorizontal_1.jpg\",\"width\":300,\"height\":90,\"caption\":\"Fiscal\u00eda General de la Naci\u00f3n\"},\"image\":{\"@id\":\"https:\/\/www.fiscalia.gov.co\/colombia\/#\/schema\/logo\/image\/\"},\"sameAs\":[\"https:\/\/www.facebook.com\/FiscaliaCol\",\"https:\/\/x.com\/FiscaliaCol\",\"https:\/\/www.instagram.com\/fiscaliacol\",\"https:\/\/www.linkedin.com\/company\/fiscalia-general-de-la-naci-n\/\",\"https:\/\/youtube.com\/@fiscaliageneraldelanacion-4668?si=6nN79nyQICPU5iTh\"]},{\"@type\":\"Person\",\"@id\":\"https:\/\/www.fiscalia.gov.co\/colombia\/#\/schema\/person\/176195b99ebab0a52aafa15197e1bf80\",\"name\":\"Winnie Geraldine Rodr\u00edguez Navarrete\",\"image\":{\"@type\":\"ImageObject\",\"inLanguage\":\"es-CO\",\"@id\":\"https:\/\/www.fiscalia.gov.co\/colombia\/#\/schema\/person\/image\/\",\"url\":\"https:\/\/secure.gravatar.com\/avatar\/c24cf8481dc84fa5e8c7b20bc95ab0c6?s=96&d=mm&r=g\",\"contentUrl\":\"https:\/\/secure.gravatar.com\/avatar\/c24cf8481dc84fa5e8c7b20bc95ab0c6?s=96&d=mm&r=g\",\"caption\":\"Winnie Geraldine Rodr\u00edguez Navarrete\"},\"url\":\"https:\/\/www.fiscalia.gov.co\/colombia\/author\/winnierodriguez\/\"}]}<\/script>\n<!-- \/ Yoast SEO plugin. -->","yoast_head_json":{"title":"Fiscal\u00eda General de la Naci\u00f3n","description":"P\u00e1gina oficial de la Fiscal\u00eda General de la Naci\u00f3n \u2013 Colombia. Garantizamos el acceso efectivo a la justicia, la verdad y la reparaci\u00f3n de las v\u00edctimas de los delitos.","robots":{"index":"noindex","follow":"follow"},"og_locale":"es_ES","og_type":"article","og_title":"Fiscal\u00eda General de la Naci\u00f3n","og_description":"P\u00e1gina oficial de la Fiscal\u00eda General de la Naci\u00f3n \u2013 Colombia. Garantizamos el acceso efectivo a la justicia, la verdad y la reparaci\u00f3n de las v\u00edctimas de los delitos.","og_url":"https:\/\/www.fiscalia.gov.co\/colombia\/noticias\/por-presunto-maltrato-fisico-y-psicologico-de-su-excompanera-un-hombre-fue-enviado-a-la-carcel-en-arauca\/","og_site_name":"Fiscal\u00eda General de la Naci\u00f3n","article_publisher":"https:\/\/www.facebook.com\/FiscaliaCol","article_published_time":"2024-02-13T17:37:33+00:00","article_modified_time":"2024-03-06T17:05:33+00:00","og_image":[{"url":"https:\/\/www.fiscalia.gov.co\/colombia\/wp-content\/uploads\/image001-3-8-300x205.jpg","type":"","width":"","height":""}],"author":"Winnie Geraldine Rodr\u00edguez Navarrete","twitter_card":"summary_large_image","twitter_creator":"@FiscaliaCol","twitter_site":"@FiscaliaCol","twitter_misc":{"Escrito por":"Winnie Geraldine Rodr\u00edguez Navarrete","Tiempo de lectura":"2 minutos"},"schema":{"@context":"https:\/\/schema.org","@graph":[{"@type":"Article","@id":"https:\/\/www.fiscalia.gov.co\/colombia\/noticias\/por-presunto-maltrato-fisico-y-psicologico-de-su-excompanera-un-hombre-fue-enviado-a-la-carcel-en-arauca\/#article","isPartOf":{"@id":"https:\/\/www.fiscalia.gov.co\/colombia\/noticias\/por-presunto-maltrato-fisico-y-psicologico-de-su-excompanera-un-hombre-fue-enviado-a-la-carcel-en-arauca\/"},"author":{"name":"Winnie Geraldine Rodr\u00edguez Navarrete","@id":"https:\/\/www.fiscalia.gov.co\/colombia\/#\/schema\/person\/176195b99ebab0a52aafa15197e1bf80"},"headline":"Por presunto maltrato f\u00edsico y psicol\u00f3gico de su excompa\u00f1era un hombre fue enviado a la c\u00e1rcel en Arauca","datePublished":"2024-02-13T17:37:33+00:00","dateModified":"2024-03-06T17:05:33+00:00","mainEntityOfPage":{"@id":"https:\/\/www.fiscalia.gov.co\/colombia\/noticias\/por-presunto-maltrato-fisico-y-psicologico-de-su-excompanera-un-hombre-fue-enviado-a-la-carcel-en-arauca\/"},"wordCount":328,"publisher":{"@id":"https:\/\/www.fiscalia.gov.co\/colombia\/#organization"},"image":{"@id":"https:\/\/www.fiscalia.gov.co\/colombia\/noticias\/por-presunto-maltrato-fisico-y-psicologico-de-su-excompanera-un-hombre-fue-enviado-a-la-carcel-en-arauca\/#primaryimage"},"thumbnailUrl":"https:\/\/www.fiscalia.gov.co\/colombia\/wp-content\/uploads\/image001-3-8-300x205.jpg","keywords":["Arauca (Arauca)","Bol\u00edvar","C\u00e1rcel","Exdirector financiero de la alcald\u00eda de Magangu\u00e9","Fiscal\u00eda","inmediatez","Investigaci\u00f3n","Justicia","La Fiscal\u00eda habla con resultados.","Mujeres","Violencia intrafamiliar"],"articleSection":["Noticias","Violencia sexual e intrafamiliar"],"inLanguage":"es-CO"},{"@type":"WebPage","@id":"https:\/\/www.fiscalia.gov.co\/colombia\/noticias\/por-presunto-maltrato-fisico-y-psicologico-de-su-excompanera-un-hombre-fue-enviado-a-la-carcel-en-arauca\/","url":"https:\/\/www.fiscalia.gov.co\/colombia\/noticias\/por-presunto-maltrato-fisico-y-psicologico-de-su-excompanera-un-hombre-fue-enviado-a-la-carcel-en-arauca\/","name":"Fiscal\u00eda General de la Naci\u00f3n","isPartOf":{"@id":"https:\/\/www.fiscalia.gov.co\/colombia\/#website"},"primaryImageOfPage":{"@id":"https:\/\/www.fiscalia.gov.co\/colombia\/noticias\/por-presunto-maltrato-fisico-y-psicologico-de-su-excompanera-un-hombre-fue-enviado-a-la-carcel-en-arauca\/#primaryimage"},"image":{"@id":"https:\/\/www.fiscalia.gov.co\/colombia\/noticias\/por-presunto-maltrato-fisico-y-psicologico-de-su-excompanera-un-hombre-fue-enviado-a-la-carcel-en-arauca\/#primaryimage"},"thumbnailUrl":"https:\/\/www.fiscalia.gov.co\/colombia\/wp-content\/uploads\/image001-3-8-300x205.jpg","datePublished":"2024-02-13T17:37:33+00:00","dateModified":"2024-03-06T17:05:33+00:00","description":"P\u00e1gina oficial de la Fiscal\u00eda General de la Naci\u00f3n \u2013 Colombia. Garantizamos el acceso efectivo a la justicia, la verdad y la reparaci\u00f3n de las v\u00edctimas de los delitos.","breadcrumb":{"@id":"https:\/\/www.fiscalia.gov.co\/colombia\/noticias\/por-presunto-maltrato-fisico-y-psicologico-de-su-excompanera-un-hombre-fue-enviado-a-la-carcel-en-arauca\/#breadcrumb"},"inLanguage":"es-CO","potentialAction":[{"@type":"ReadAction","target":["https:\/\/www.fiscalia.gov.co\/colombia\/noticias\/por-presunto-maltrato-fisico-y-psicologico-de-su-excompanera-un-hombre-fue-enviado-a-la-carcel-en-arauca\/"]}]},{"@type":"ImageObject","inLanguage":"es-CO","@id":"https:\/\/www.fiscalia.gov.co\/colombia\/noticias\/por-presunto-maltrato-fisico-y-psicologico-de-su-excompanera-un-hombre-fue-enviado-a-la-carcel-en-arauca\/#primaryimage","url":"https:\/\/www.fiscalia.gov.co\/colombia\/wp-content\/uploads\/image001-3-8.jpg","contentUrl":"https:\/\/www.fiscalia.gov.co\/colombia\/wp-content\/uploads\/image001-3-8.jpg","width":589,"height":402,"caption":"Por presunto maltrato f\u00edsico y psicol\u00f3gico de su excompa\u00f1era un hombre fue enviado a la c\u00e1rcel en Arauca"},{"@type":"BreadcrumbList","@id":"https:\/\/www.fiscalia.gov.co\/colombia\/noticias\/por-presunto-maltrato-fisico-y-psicologico-de-su-excompanera-un-hombre-fue-enviado-a-la-carcel-en-arauca\/#breadcrumb","itemListElement":[{"@type":"ListItem","position":1,"name":"Home","item":"https:\/\/www.fiscalia.gov.co\/colombia\/"},{"@type":"ListItem","position":2,"name":"Por presunto maltrato f\u00edsico y psicol\u00f3gico de su excompa\u00f1era un hombre fue enviado a la c\u00e1rcel en Arauca"}]},{"@type":"WebSite","@id":"https:\/\/www.fiscalia.gov.co\/colombia\/#website","url":"https:\/\/www.fiscalia.gov.co\/colombia\/","name":"Fiscal\u00eda General de la Naci\u00f3n","description":"P\u00e1gina oficial de la Fiscal\u00eda General de la Naci\u00f3n \u2013 Colombia. Garantizamos el acceso efectivo a la justicia, la verdad y la reparaci\u00f3n de las v\u00edctimas de los delitos.","publisher":{"@id":"https:\/\/www.fiscalia.gov.co\/colombia\/#organization"},"potentialAction":[{"@type":"SearchAction","target":{"@type":"EntryPoint","urlTemplate":"https:\/\/www.fiscalia.gov.co\/colombia\/?s={search_term_string}"},"query-input":{"@type":"PropertyValueSpecification","valueRequired":true,"valueName":"search_term_string"}}],"inLanguage":"es-CO"},{"@type":"Organization","@id":"https:\/\/www.fiscalia.gov.co\/colombia\/#organization","name":"Fiscal\u00eda General de la Naci\u00f3n","url":"https:\/\/www.fiscalia.gov.co\/colombia\/","logo":{"@type":"ImageObject","inLanguage":"es-CO","@id":"https:\/\/www.fiscalia.gov.co\/colombia\/#\/schema\/logo\/image\/","url":"https:\/\/www.fiscalia.gov.co\/colombia\/wp-content\/uploads\/LogoHorizontal_1.jpg","contentUrl":"https:\/\/www.fiscalia.gov.co\/colombia\/wp-content\/uploads\/LogoHorizontal_1.jpg","width":300,"height":90,"caption":"Fiscal\u00eda General de la Naci\u00f3n"},"image":{"@id":"https:\/\/www.fiscalia.gov.co\/colombia\/#\/schema\/logo\/image\/"},"sameAs":["https:\/\/www.facebook.com\/FiscaliaCol","https:\/\/x.com\/FiscaliaCol","https:\/\/www.instagram.com\/fiscaliacol","https:\/\/www.linkedin.com\/company\/fiscalia-general-de-la-naci-n\/","https:\/\/youtube.com\/@fiscaliageneraldelanacion-4668?si=6nN79nyQICPU5iTh"]},{"@type":"Person","@id":"https:\/\/www.fiscalia.gov.co\/colombia\/#\/schema\/person\/176195b99ebab0a52aafa15197e1bf80","name":"Winnie Geraldine Rodr\u00edguez Navarrete","image":{"@type":"ImageObject","inLanguage":"es-CO","@id":"https:\/\/www.fiscalia.gov.co\/colombia\/#\/schema\/person\/image\/","url":"https:\/\/secure.gravatar.com\/avatar\/c24cf8481dc84fa5e8c7b20bc95ab0c6?s=96&d=mm&r=g","contentUrl":"https:\/\/secure.gravatar.com\/avatar\/c24cf8481dc84fa5e8c7b20bc95ab0c6?s=96&d=mm&r=g","caption":"Winnie Geraldine Rodr\u00edguez Navarrete"},"url":"https:\/\/www.fiscalia.gov.co\/colombia\/author\/winnierodriguez\/"}]}},"_links":{"self":[{"href":"https:\/\/www.fiscalia.gov.co\/colombia\/wp-json\/wp\/v2\/posts\/288079","targetHints":{"allow":["GET"]}}],"collection":[{"href":"https:\/\/www.fiscalia.gov.co\/colombia\/wp-json\/wp\/v2\/posts"}],"about":[{"href":"https:\/\/www.fiscalia.gov.co\/colombia\/wp-json\/wp\/v2\/types\/post"}],"author":[{"embeddable":true,"href":"https:\/\/www.fiscalia.gov.co\/colombia\/wp-json\/wp\/v2\/users\/178"}],"replies":[{"embeddable":true,"href":"https:\/\/www.fiscalia.gov.co\/colombia\/wp-json\/wp\/v2\/comments?post=288079"}],"version-history":[{"count":4,"href":"https:\/\/www.fiscalia.gov.co\/colombia\/wp-json\/wp\/v2\/posts\/288079\/revisions"}],"predecessor-version":[{"id":289923,"href":"https:\/\/www.fiscalia.gov.co\/colombia\/wp-json\/wp\/v2\/posts\/288079\/revisions\/289923"}],"wp:attachment":[{"href":"https:\/\/www.fiscalia.gov.co\/colombia\/wp-json\/wp\/v2\/media?parent=288079"}],"wp:term":[{"taxonomy":"category","embeddable":true,"href":"https:\/\/www.fiscalia.gov.co\/colombia\/wp-json\/wp\/v2\/categories?post=288079"},{"taxonomy":"post_tag","embeddable":true,"href":"https:\/\/www.fiscalia.gov.co\/colombia\/wp-json\/wp\/v2\/tags?post=288079"}],"curies":[{"name":"wp","href":"https:\/\/api.w.org\/{rel}","templated":true}]}}