{"id":288051,"date":"2024-02-13T10:40:18","date_gmt":"2024-02-13T15:40:18","guid":{"rendered":"https:\/\/www.fiscalia.gov.co\/colombia\/?p=288051"},"modified":"2024-03-06T11:58:10","modified_gmt":"2024-03-06T16:58:10","slug":"fiscalia-judicializo-a-tres-sujetos-por-homicidio-y-trafico-de-armas-y-a-otro-hombre-por-acceso-carnal-violento","status":"publish","type":"post","link":"https:\/\/www.fiscalia.gov.co\/colombia\/noticias\/fiscalia-judicializo-a-tres-sujetos-por-homicidio-y-trafico-de-armas-y-a-otro-hombre-por-acceso-carnal-violento\/","title":{"rendered":"Fiscal\u00eda judicializ\u00f3 a tres sujetos por homicidio y tr\u00e1fico de armas y a otro hombre por acceso carnal violento"},"content":{"rendered":"<p>La contundencia del material probatorio recaudado por un fiscal de la Unidad de Vida permiti\u00f3 que un juez penal con control de garant\u00edas cobijara con medida de aseguramiento a tres presuntos integrantes de una estructura criminal consistente en detenci\u00f3n preventiva en establecimiento carcelario.<u><\/u><u><\/u><\/p>\n<p>Jhonier Andr\u00e9s Nazarit Nazarit, alias Doble N, fue imputado con cargos como presunto autor responsable del delito de\u00a0<a href=\"http:\/\/www.fiscalia.gov.co\/colombia\/noticias\/fiscalia-judicializo-a-cuatro-presuntos-implicados-en-homicidios-en-la-capital-vallecaucana\/\" target=\"_blank\" rel=\"noopener\" data-saferedirecturl=\"https:\/\/www.google.com\/url?q=http:\/\/www.fiscalia.gov.co\/colombia\/noticias\/fiscalia-judicializo-a-cuatro-presuntos-implicados-en-homicidios-en-la-capital-vallecaucana\/&amp;source=gmail&amp;ust=1707922564541000&amp;usg=AOvVaw3BwqUgnzDP1LnGqvwKgjq6\">homicidio<\/a>.<u><\/u><u><\/u><\/p>\n<p>A Ismael Guti\u00e9rrez Ruano, alias Ruano, la Fiscal\u00eda le imput\u00f3 cargos por su presunta responsabilidad en el delito de\u00a0fabricaci\u00f3n, tr\u00e1fico y porte de armas de fuego.<u><\/u><u><\/u><\/p>\n<p>Por su parte,\u00a0Jorge Eliecer Ladino Henao, alias Chif\u00fa, \u00a0tambi\u00e9n fue imputado con cargos como presunto autor material del delito de fabricaci\u00f3n, tr\u00e1fico y porte de armas de fuego de\u00a0<a href=\"http:\/\/www.fiscalia.gov.co\/colombia\/noticias\/por-portar-municion-y-elementos-de-uso-privativo-envian-a-la-carcel-a-presunto-responsable\/\" target=\"_blank\" rel=\"noopener\" data-saferedirecturl=\"https:\/\/www.google.com\/url?q=http:\/\/www.fiscalia.gov.co\/colombia\/noticias\/por-portar-municion-y-elementos-de-uso-privativo-envian-a-la-carcel-a-presunto-responsable\/&amp;source=gmail&amp;ust=1707922564541000&amp;usg=AOvVaw1oWP5MtlHtXLF3qm6aJqno\">uso privativo<\/a>, de uso restringido de las Fuerzas Armadas o explosivos.<u><\/u><u><\/u><\/p>\n<p class=\"m_5377951018878765298elementtoproof\">En el caso de alias Chif\u00fa, la Fiscal\u00eda logr\u00f3 demostrar durante el proceso que es cabecilla de la organizaci\u00f3n delincuencial \u2018Los Chif\u00fa\u00b4 que apoya a la disidencia residual Jaime Mart\u00ednez en la ejecuci\u00f3n de homicidios selectivos y el tr\u00e1fico de estupefacientes en Santander de Quilichao, donde habr\u00eda ordenado al menos 10 homicidios en la modalidad de sicariato.<u><\/u><u><\/u><\/p>\n<p>Los tres hombres fueron capturados durante operativos realizados por funcionarios del CTI junto con agentes de la Sijin y Sipol de la Polic\u00eda Nacional y soldados de la Tercera Brigada del Ej\u00e9rcito en sectores de este municipio nortecaucano.<u><\/u><u><\/u><\/p>\n<p>Durante las diligencias judiciales fueron incautadas un granada de fragmentaci\u00f3n, munici\u00f3n 5.56, 80 recibos para pago de extorsiones por parte de comerciantes de la zona, una escopeta y dosis de estupefacientes.<u><\/u><u><\/u><\/p>\n<p>Los tres procesados cuentan con anotaciones judiciales tr\u00e1fico y porte de armas de fuego y municiones, hurto calificado, tr\u00e1fico de estupefacientes y aprovechamiento il\u00edcito de los recursos naturales.<u><\/u><u><\/u><\/p>\n<figure id=\"attachment_288052\" aria-describedby=\"caption-attachment-288052\" style=\"width: 300px\" class=\"wp-caption aligncenter\"><img loading=\"lazy\" decoding=\"async\" class=\"wp-image-288052 size-medium\" title=\"Fiscal Martha Mancera, Martha Mancera, Fiscal Mancera\" src=\"https:\/\/www.fiscalia.gov.co\/colombia\/wp-content\/uploads\/WhatsApp-Image-2024-02-13-at-9.54.45-AM-300x286.jpeg\" alt=\"El sujeto fue capturado por el delito de acceso carnal violento\" width=\"300\" height=\"286\" srcset=\"https:\/\/www.fiscalia.gov.co\/colombia\/wp-content\/uploads\/WhatsApp-Image-2024-02-13-at-9.54.45-AM-300x286.jpeg 300w, https:\/\/www.fiscalia.gov.co\/colombia\/wp-content\/uploads\/WhatsApp-Image-2024-02-13-at-9.54.45-AM-1024x976.jpeg 1024w, https:\/\/www.fiscalia.gov.co\/colombia\/wp-content\/uploads\/WhatsApp-Image-2024-02-13-at-9.54.45-AM-768x732.jpeg 768w, https:\/\/www.fiscalia.gov.co\/colombia\/wp-content\/uploads\/WhatsApp-Image-2024-02-13-at-9.54.45-AM-1536x1464.jpeg 1536w, https:\/\/www.fiscalia.gov.co\/colombia\/wp-content\/uploads\/WhatsApp-Image-2024-02-13-at-9.54.45-AM-696x663.jpeg 696w, https:\/\/www.fiscalia.gov.co\/colombia\/wp-content\/uploads\/WhatsApp-Image-2024-02-13-at-9.54.45-AM-1068x1018.jpeg 1068w, https:\/\/www.fiscalia.gov.co\/colombia\/wp-content\/uploads\/WhatsApp-Image-2024-02-13-at-9.54.45-AM-441x420.jpeg 441w, https:\/\/www.fiscalia.gov.co\/colombia\/wp-content\/uploads\/WhatsApp-Image-2024-02-13-at-9.54.45-AM.jpeg 1600w\" sizes=\"auto, (max-width: 300px) 100vw, 300px\" \/><figcaption id=\"caption-attachment-288052\" class=\"wp-caption-text\">El sujeto fue capturado por el delito de acceso carnal violento<\/figcaption><\/figure>\n<p><b>Por acceso carnal<\/b><u><\/u><u><\/u><\/p>\n<p class=\"m_5377951018878765298elementtoproof\">El ente investigador logr\u00f3 tambi\u00e9n judicializar a un sujeto por el delito de acceso carnal violento por hechos ocurridos el 3 de diciembre de 2022, en la vereda San Rafael de Santander de Quilichao.<u><\/u><u><\/u><\/p>\n<p>De acuerdo con la investigaci\u00f3n, el imputado habr\u00eda ingresado de manera violenta a la vivienda donde se encontraba su excompa\u00f1era sentimental, a quien habr\u00eda forzado a tener relaciones sexuales, mientras le gritaba amenazas de muerte.<u><\/u><u><\/u><\/p>\n<p>El hombre fue capturado por servidores del CTI y agentes de la Sijin de la Polic\u00eda en su residencia, durante un operativo de captura en una vivienda en Santander de Quilichao.<u><\/u><u><\/u><\/p>\n<p>Al revisar el SPOA, se confirm\u00f3 que el hombre registra cuatro anotaciones judiciales por violencia intrafamiliar (1) e inasistencia alimentaria (3).<u><\/u><u><\/u><\/p>\n<p>Un juez penal aval\u00f3 la imputaci\u00f3n de cargos contra el sujeto y formul\u00f3 medida de aseguramiento en establecimiento carcelario.<u><\/u><u><\/u><\/p>\n<p><b>La Fiscal\u00eda habla con resultados<\/b><\/p>\n<p>&nbsp;<\/p>\n<p>JGPV\/FAGHT\/JAHS\/DSC<u><\/u><u><\/u><\/p>\n<p>&nbsp;<\/p>\n<p>&nbsp;<\/p>\n<p class=\"m_5377951018878765298elementtoproof\"><u><\/u>\u00a0<u><\/u><\/p>\n<p>Le puede interesar:\u00a0<a href=\"http:\/\/www.fiscalia.gov.co\/colombia\/noticias\/cayo-alias-tobarba-senalado-cabecilla-de-una-estructura-criminal-responsable-de-cometer-homicidios-en-el-bordo-cauca\/\" target=\"_blank\" rel=\"noopener\" data-saferedirecturl=\"https:\/\/www.google.com\/url?q=http:\/\/www.fiscalia.gov.co\/colombia\/noticias\/cayo-alias-tobarba-senalado-cabecilla-de-una-estructura-criminal-responsable-de-cometer-homicidios-en-el-bordo-cauca\/&amp;source=gmail&amp;ust=1707922564541000&amp;usg=AOvVaw2tAJAGZ0rz9ylgcF5J2NLR\">Cay\u00f3 alias \u2018Tobarba\u2019 se\u00f1alado cabecilla de una estructura criminal responsable de cometer homicidios en El Bordo, Cauca<\/a><u><\/u><u><\/u><\/p>\n<p>&nbsp;<\/p>\n<p>&nbsp;<\/p>\n<p><em>La informaci\u00f3n contenida en este bolet\u00edn de prensa corresponde a la narraci\u00f3n de los hechos noticiosos objetivos, suministrados por los funcionarios encargados de adelantar las investigaciones penales al interior de la Fiscal\u00eda General de la Naci\u00f3n. Para el momento de la divulgaci\u00f3n de este comunicado, la situaci\u00f3n jur\u00eddica de la(s) persona(s) relacionada(s) se encuentra pendiente de resolver por la autoridad judicial competente, siempre bajo los preceptos de la presunci\u00f3n de inocencia, consagrados en el art\u00edculo 29 de la Constituci\u00f3n Pol\u00edtica y el art\u00edculo 7\u00ba de la Ley 906 de 2004. <\/em><\/p>\n\n<div class=\"twitter-share\"><a href=\"https:\/\/twitter.com\/intent\/tweet?via=fiscaliacol\" class=\"twitter-share-button\">Tweet<\/a><\/div>\n","protected":false},"excerpt":{"rendered":"<p>La contundencia del material probatorio recaudado por un fiscal de la Unidad de Vida permiti\u00f3 que un juez penal con control de garant\u00edas cobijara con medida de aseguramiento a tres presuntos integrantes de una estructura criminal consistente en detenci\u00f3n preventiva en establecimiento carcelario. Jhonier Andr\u00e9s Nazarit Nazarit, alias Doble N, fue imputado con cargos como [&hellip;]<\/p>\n","protected":false},"author":178,"featured_media":0,"comment_status":"closed","ping_status":"open","sticky":false,"template":"","format":"standard","meta":{"_price":"","_stock":"","_tribe_ticket_header":"","_tribe_default_ticket_provider":"","_tribe_ticket_capacity":"0","_ticket_start_date":"","_ticket_end_date":"","_tribe_ticket_show_description":"","_tribe_ticket_show_not_going":false,"_tribe_ticket_use_global_stock":"","_tribe_ticket_global_stock_level":"","_global_stock_mode":"","_global_stock_cap":"","_tribe_rsvp_for_event":"","_tribe_ticket_going_count":"","_tribe_ticket_not_going_count":"","_tribe_tickets_list":"[]","_tribe_ticket_has_attendee_info_fields":false,"tdm_status":"","tdm_grid_status":"","footnotes":""},"categories":[1,24099],"tags":[78,37086,36949,24187,409,26350,24012,26070,11515],"class_list":{"0":"post-288051","1":"post","2":"type-post","3":"status-publish","4":"format-standard","6":"category-noticias","7":"category-seguridad-territorial","8":"tag-fiscal-general-de-la-nacion","9":"tag-fiscal-mancera","10":"tag-fiscal-martha-mancera","11":"tag-fiscalia-colombia","12":"tag-homicidio","13":"tag-martha-mancera","14":"tag-santander-de-quilichao-cauca","15":"tag-seccional-cali","16":"tag-uso-privativo"},"yoast_head":"<!-- This site is optimized with the Yoast SEO plugin v24.3 - https:\/\/yoast.com\/wordpress\/plugins\/seo\/ -->\n<title>Fiscal\u00eda General de la Naci\u00f3n<\/title>\n<meta name=\"description\" content=\"P\u00e1gina oficial de la Fiscal\u00eda General de la Naci\u00f3n \u2013 Colombia. Garantizamos el acceso efectivo a la justicia, la verdad y la reparaci\u00f3n de las v\u00edctimas de los delitos.\" \/>\n<meta name=\"robots\" content=\"noindex, follow\" \/>\n<meta property=\"og:locale\" content=\"es_ES\" \/>\n<meta property=\"og:type\" content=\"article\" \/>\n<meta property=\"og:title\" content=\"Fiscal\u00eda General de la Naci\u00f3n\" \/>\n<meta property=\"og:description\" content=\"P\u00e1gina oficial de la Fiscal\u00eda General de la Naci\u00f3n \u2013 Colombia. Garantizamos el acceso efectivo a la justicia, la verdad y la reparaci\u00f3n de las v\u00edctimas de los delitos.\" \/>\n<meta property=\"og:url\" content=\"https:\/\/www.fiscalia.gov.co\/colombia\/noticias\/fiscalia-judicializo-a-tres-sujetos-por-homicidio-y-trafico-de-armas-y-a-otro-hombre-por-acceso-carnal-violento\/\" \/>\n<meta property=\"og:site_name\" content=\"Fiscal\u00eda General de la Naci\u00f3n\" \/>\n<meta property=\"article:publisher\" content=\"https:\/\/www.facebook.com\/FiscaliaCol\" \/>\n<meta property=\"article:published_time\" content=\"2024-02-13T15:40:18+00:00\" \/>\n<meta property=\"article:modified_time\" content=\"2024-03-06T16:58:10+00:00\" \/>\n<meta property=\"og:image\" content=\"https:\/\/www.fiscalia.gov.co\/colombia\/wp-content\/uploads\/WhatsApp-Image-2024-02-13-at-9.54.45-AM-300x286.jpeg\" \/>\n<meta name=\"author\" content=\"Winnie Geraldine Rodr\u00edguez Navarrete\" \/>\n<meta name=\"twitter:card\" content=\"summary_large_image\" \/>\n<meta name=\"twitter:creator\" content=\"@FiscaliaCol\" \/>\n<meta name=\"twitter:site\" content=\"@FiscaliaCol\" \/>\n<meta name=\"twitter:label1\" content=\"Escrito por\" \/>\n\t<meta name=\"twitter:data1\" content=\"Winnie Geraldine Rodr\u00edguez Navarrete\" \/>\n\t<meta name=\"twitter:label2\" content=\"Tiempo de lectura\" \/>\n\t<meta name=\"twitter:data2\" content=\"3 minutos\" \/>\n<script type=\"application\/ld+json\" class=\"yoast-schema-graph\">{\"@context\":\"https:\/\/schema.org\",\"@graph\":[{\"@type\":\"Article\",\"@id\":\"https:\/\/www.fiscalia.gov.co\/colombia\/noticias\/fiscalia-judicializo-a-tres-sujetos-por-homicidio-y-trafico-de-armas-y-a-otro-hombre-por-acceso-carnal-violento\/#article\",\"isPartOf\":{\"@id\":\"https:\/\/www.fiscalia.gov.co\/colombia\/noticias\/fiscalia-judicializo-a-tres-sujetos-por-homicidio-y-trafico-de-armas-y-a-otro-hombre-por-acceso-carnal-violento\/\"},\"author\":{\"name\":\"Winnie Geraldine Rodr\u00edguez Navarrete\",\"@id\":\"https:\/\/www.fiscalia.gov.co\/colombia\/#\/schema\/person\/176195b99ebab0a52aafa15197e1bf80\"},\"headline\":\"Fiscal\u00eda judicializ\u00f3 a tres sujetos por homicidio y tr\u00e1fico de armas y a otro hombre por acceso carnal violento\",\"datePublished\":\"2024-02-13T15:40:18+00:00\",\"dateModified\":\"2024-03-06T16:58:10+00:00\",\"mainEntityOfPage\":{\"@id\":\"https:\/\/www.fiscalia.gov.co\/colombia\/noticias\/fiscalia-judicializo-a-tres-sujetos-por-homicidio-y-trafico-de-armas-y-a-otro-hombre-por-acceso-carnal-violento\/\"},\"wordCount\":627,\"publisher\":{\"@id\":\"https:\/\/www.fiscalia.gov.co\/colombia\/#organization\"},\"image\":{\"@id\":\"https:\/\/www.fiscalia.gov.co\/colombia\/noticias\/fiscalia-judicializo-a-tres-sujetos-por-homicidio-y-trafico-de-armas-y-a-otro-hombre-por-acceso-carnal-violento\/#primaryimage\"},\"thumbnailUrl\":\"https:\/\/www.fiscalia.gov.co\/colombia\/wp-content\/uploads\/WhatsApp-Image-2024-02-13-at-9.54.45-AM-300x286.jpeg\",\"keywords\":[\"Fiscal General de la Naci\u00f3n\",\"fiscal mancera\",\"fiscal martha mancera\",\"Fiscal\u00eda Colombia\",\"Homicidio\",\"Martha Mancera\",\"Santander de Quilichao (Cauca)\",\"Seccional Cali\",\"Uso privativo\"],\"articleSection\":[\"Noticias\",\"Seguridad territorial\"],\"inLanguage\":\"es-CO\"},{\"@type\":\"WebPage\",\"@id\":\"https:\/\/www.fiscalia.gov.co\/colombia\/noticias\/fiscalia-judicializo-a-tres-sujetos-por-homicidio-y-trafico-de-armas-y-a-otro-hombre-por-acceso-carnal-violento\/\",\"url\":\"https:\/\/www.fiscalia.gov.co\/colombia\/noticias\/fiscalia-judicializo-a-tres-sujetos-por-homicidio-y-trafico-de-armas-y-a-otro-hombre-por-acceso-carnal-violento\/\",\"name\":\"Fiscal\u00eda General de la Naci\u00f3n\",\"isPartOf\":{\"@id\":\"https:\/\/www.fiscalia.gov.co\/colombia\/#website\"},\"primaryImageOfPage\":{\"@id\":\"https:\/\/www.fiscalia.gov.co\/colombia\/noticias\/fiscalia-judicializo-a-tres-sujetos-por-homicidio-y-trafico-de-armas-y-a-otro-hombre-por-acceso-carnal-violento\/#primaryimage\"},\"image\":{\"@id\":\"https:\/\/www.fiscalia.gov.co\/colombia\/noticias\/fiscalia-judicializo-a-tres-sujetos-por-homicidio-y-trafico-de-armas-y-a-otro-hombre-por-acceso-carnal-violento\/#primaryimage\"},\"thumbnailUrl\":\"https:\/\/www.fiscalia.gov.co\/colombia\/wp-content\/uploads\/WhatsApp-Image-2024-02-13-at-9.54.45-AM-300x286.jpeg\",\"datePublished\":\"2024-02-13T15:40:18+00:00\",\"dateModified\":\"2024-03-06T16:58:10+00:00\",\"description\":\"P\u00e1gina oficial de la Fiscal\u00eda General de la Naci\u00f3n \u2013 Colombia. Garantizamos el acceso efectivo a la justicia, la verdad y la reparaci\u00f3n de las v\u00edctimas de los delitos.\",\"breadcrumb\":{\"@id\":\"https:\/\/www.fiscalia.gov.co\/colombia\/noticias\/fiscalia-judicializo-a-tres-sujetos-por-homicidio-y-trafico-de-armas-y-a-otro-hombre-por-acceso-carnal-violento\/#breadcrumb\"},\"inLanguage\":\"es-CO\",\"potentialAction\":[{\"@type\":\"ReadAction\",\"target\":[\"https:\/\/www.fiscalia.gov.co\/colombia\/noticias\/fiscalia-judicializo-a-tres-sujetos-por-homicidio-y-trafico-de-armas-y-a-otro-hombre-por-acceso-carnal-violento\/\"]}]},{\"@type\":\"ImageObject\",\"inLanguage\":\"es-CO\",\"@id\":\"https:\/\/www.fiscalia.gov.co\/colombia\/noticias\/fiscalia-judicializo-a-tres-sujetos-por-homicidio-y-trafico-de-armas-y-a-otro-hombre-por-acceso-carnal-violento\/#primaryimage\",\"url\":\"https:\/\/www.fiscalia.gov.co\/colombia\/wp-content\/uploads\/WhatsApp-Image-2024-02-13-at-9.54.45-AM-300x286.jpeg\",\"contentUrl\":\"https:\/\/www.fiscalia.gov.co\/colombia\/wp-content\/uploads\/WhatsApp-Image-2024-02-13-at-9.54.45-AM-300x286.jpeg\"},{\"@type\":\"BreadcrumbList\",\"@id\":\"https:\/\/www.fiscalia.gov.co\/colombia\/noticias\/fiscalia-judicializo-a-tres-sujetos-por-homicidio-y-trafico-de-armas-y-a-otro-hombre-por-acceso-carnal-violento\/#breadcrumb\",\"itemListElement\":[{\"@type\":\"ListItem\",\"position\":1,\"name\":\"Home\",\"item\":\"https:\/\/www.fiscalia.gov.co\/colombia\/\"},{\"@type\":\"ListItem\",\"position\":2,\"name\":\"Fiscal\u00eda judicializ\u00f3 a tres sujetos por homicidio y tr\u00e1fico de armas y a otro hombre por acceso carnal violento\"}]},{\"@type\":\"WebSite\",\"@id\":\"https:\/\/www.fiscalia.gov.co\/colombia\/#website\",\"url\":\"https:\/\/www.fiscalia.gov.co\/colombia\/\",\"name\":\"Fiscal\u00eda General de la Naci\u00f3n\",\"description\":\"P\u00e1gina oficial de la Fiscal\u00eda General de la Naci\u00f3n \u2013 Colombia. Garantizamos el acceso efectivo a la justicia, la verdad y la reparaci\u00f3n de las v\u00edctimas de los delitos.\",\"publisher\":{\"@id\":\"https:\/\/www.fiscalia.gov.co\/colombia\/#organization\"},\"potentialAction\":[{\"@type\":\"SearchAction\",\"target\":{\"@type\":\"EntryPoint\",\"urlTemplate\":\"https:\/\/www.fiscalia.gov.co\/colombia\/?s={search_term_string}\"},\"query-input\":{\"@type\":\"PropertyValueSpecification\",\"valueRequired\":true,\"valueName\":\"search_term_string\"}}],\"inLanguage\":\"es-CO\"},{\"@type\":\"Organization\",\"@id\":\"https:\/\/www.fiscalia.gov.co\/colombia\/#organization\",\"name\":\"Fiscal\u00eda General de la Naci\u00f3n\",\"url\":\"https:\/\/www.fiscalia.gov.co\/colombia\/\",\"logo\":{\"@type\":\"ImageObject\",\"inLanguage\":\"es-CO\",\"@id\":\"https:\/\/www.fiscalia.gov.co\/colombia\/#\/schema\/logo\/image\/\",\"url\":\"https:\/\/www.fiscalia.gov.co\/colombia\/wp-content\/uploads\/LogoHorizontal_1.jpg\",\"contentUrl\":\"https:\/\/www.fiscalia.gov.co\/colombia\/wp-content\/uploads\/LogoHorizontal_1.jpg\",\"width\":300,\"height\":90,\"caption\":\"Fiscal\u00eda General de la Naci\u00f3n\"},\"image\":{\"@id\":\"https:\/\/www.fiscalia.gov.co\/colombia\/#\/schema\/logo\/image\/\"},\"sameAs\":[\"https:\/\/www.facebook.com\/FiscaliaCol\",\"https:\/\/x.com\/FiscaliaCol\",\"https:\/\/www.instagram.com\/fiscaliacol\",\"https:\/\/www.linkedin.com\/company\/fiscalia-general-de-la-naci-n\/\",\"https:\/\/youtube.com\/@fiscaliageneraldelanacion-4668?si=6nN79nyQICPU5iTh\"]},{\"@type\":\"Person\",\"@id\":\"https:\/\/www.fiscalia.gov.co\/colombia\/#\/schema\/person\/176195b99ebab0a52aafa15197e1bf80\",\"name\":\"Winnie Geraldine Rodr\u00edguez Navarrete\",\"image\":{\"@type\":\"ImageObject\",\"inLanguage\":\"es-CO\",\"@id\":\"https:\/\/www.fiscalia.gov.co\/colombia\/#\/schema\/person\/image\/\",\"url\":\"https:\/\/secure.gravatar.com\/avatar\/c24cf8481dc84fa5e8c7b20bc95ab0c6?s=96&d=mm&r=g\",\"contentUrl\":\"https:\/\/secure.gravatar.com\/avatar\/c24cf8481dc84fa5e8c7b20bc95ab0c6?s=96&d=mm&r=g\",\"caption\":\"Winnie Geraldine Rodr\u00edguez Navarrete\"},\"url\":\"https:\/\/www.fiscalia.gov.co\/colombia\/author\/winnierodriguez\/\"}]}<\/script>\n<!-- \/ Yoast SEO plugin. -->","yoast_head_json":{"title":"Fiscal\u00eda General de la Naci\u00f3n","description":"P\u00e1gina oficial de la Fiscal\u00eda General de la Naci\u00f3n \u2013 Colombia. Garantizamos el acceso efectivo a la justicia, la verdad y la reparaci\u00f3n de las v\u00edctimas de los delitos.","robots":{"index":"noindex","follow":"follow"},"og_locale":"es_ES","og_type":"article","og_title":"Fiscal\u00eda General de la Naci\u00f3n","og_description":"P\u00e1gina oficial de la Fiscal\u00eda General de la Naci\u00f3n \u2013 Colombia. Garantizamos el acceso efectivo a la justicia, la verdad y la reparaci\u00f3n de las v\u00edctimas de los delitos.","og_url":"https:\/\/www.fiscalia.gov.co\/colombia\/noticias\/fiscalia-judicializo-a-tres-sujetos-por-homicidio-y-trafico-de-armas-y-a-otro-hombre-por-acceso-carnal-violento\/","og_site_name":"Fiscal\u00eda General de la Naci\u00f3n","article_publisher":"https:\/\/www.facebook.com\/FiscaliaCol","article_published_time":"2024-02-13T15:40:18+00:00","article_modified_time":"2024-03-06T16:58:10+00:00","og_image":[{"url":"https:\/\/www.fiscalia.gov.co\/colombia\/wp-content\/uploads\/WhatsApp-Image-2024-02-13-at-9.54.45-AM-300x286.jpeg","type":"","width":"","height":""}],"author":"Winnie Geraldine Rodr\u00edguez Navarrete","twitter_card":"summary_large_image","twitter_creator":"@FiscaliaCol","twitter_site":"@FiscaliaCol","twitter_misc":{"Escrito por":"Winnie Geraldine Rodr\u00edguez Navarrete","Tiempo de lectura":"3 minutos"},"schema":{"@context":"https:\/\/schema.org","@graph":[{"@type":"Article","@id":"https:\/\/www.fiscalia.gov.co\/colombia\/noticias\/fiscalia-judicializo-a-tres-sujetos-por-homicidio-y-trafico-de-armas-y-a-otro-hombre-por-acceso-carnal-violento\/#article","isPartOf":{"@id":"https:\/\/www.fiscalia.gov.co\/colombia\/noticias\/fiscalia-judicializo-a-tres-sujetos-por-homicidio-y-trafico-de-armas-y-a-otro-hombre-por-acceso-carnal-violento\/"},"author":{"name":"Winnie Geraldine Rodr\u00edguez Navarrete","@id":"https:\/\/www.fiscalia.gov.co\/colombia\/#\/schema\/person\/176195b99ebab0a52aafa15197e1bf80"},"headline":"Fiscal\u00eda judicializ\u00f3 a tres sujetos por homicidio y tr\u00e1fico de armas y a otro hombre por acceso carnal violento","datePublished":"2024-02-13T15:40:18+00:00","dateModified":"2024-03-06T16:58:10+00:00","mainEntityOfPage":{"@id":"https:\/\/www.fiscalia.gov.co\/colombia\/noticias\/fiscalia-judicializo-a-tres-sujetos-por-homicidio-y-trafico-de-armas-y-a-otro-hombre-por-acceso-carnal-violento\/"},"wordCount":627,"publisher":{"@id":"https:\/\/www.fiscalia.gov.co\/colombia\/#organization"},"image":{"@id":"https:\/\/www.fiscalia.gov.co\/colombia\/noticias\/fiscalia-judicializo-a-tres-sujetos-por-homicidio-y-trafico-de-armas-y-a-otro-hombre-por-acceso-carnal-violento\/#primaryimage"},"thumbnailUrl":"https:\/\/www.fiscalia.gov.co\/colombia\/wp-content\/uploads\/WhatsApp-Image-2024-02-13-at-9.54.45-AM-300x286.jpeg","keywords":["Fiscal General de la Naci\u00f3n","fiscal mancera","fiscal martha mancera","Fiscal\u00eda Colombia","Homicidio","Martha Mancera","Santander de Quilichao (Cauca)","Seccional Cali","Uso privativo"],"articleSection":["Noticias","Seguridad territorial"],"inLanguage":"es-CO"},{"@type":"WebPage","@id":"https:\/\/www.fiscalia.gov.co\/colombia\/noticias\/fiscalia-judicializo-a-tres-sujetos-por-homicidio-y-trafico-de-armas-y-a-otro-hombre-por-acceso-carnal-violento\/","url":"https:\/\/www.fiscalia.gov.co\/colombia\/noticias\/fiscalia-judicializo-a-tres-sujetos-por-homicidio-y-trafico-de-armas-y-a-otro-hombre-por-acceso-carnal-violento\/","name":"Fiscal\u00eda General de la Naci\u00f3n","isPartOf":{"@id":"https:\/\/www.fiscalia.gov.co\/colombia\/#website"},"primaryImageOfPage":{"@id":"https:\/\/www.fiscalia.gov.co\/colombia\/noticias\/fiscalia-judicializo-a-tres-sujetos-por-homicidio-y-trafico-de-armas-y-a-otro-hombre-por-acceso-carnal-violento\/#primaryimage"},"image":{"@id":"https:\/\/www.fiscalia.gov.co\/colombia\/noticias\/fiscalia-judicializo-a-tres-sujetos-por-homicidio-y-trafico-de-armas-y-a-otro-hombre-por-acceso-carnal-violento\/#primaryimage"},"thumbnailUrl":"https:\/\/www.fiscalia.gov.co\/colombia\/wp-content\/uploads\/WhatsApp-Image-2024-02-13-at-9.54.45-AM-300x286.jpeg","datePublished":"2024-02-13T15:40:18+00:00","dateModified":"2024-03-06T16:58:10+00:00","description":"P\u00e1gina oficial de la Fiscal\u00eda General de la Naci\u00f3n \u2013 Colombia. Garantizamos el acceso efectivo a la justicia, la verdad y la reparaci\u00f3n de las v\u00edctimas de los delitos.","breadcrumb":{"@id":"https:\/\/www.fiscalia.gov.co\/colombia\/noticias\/fiscalia-judicializo-a-tres-sujetos-por-homicidio-y-trafico-de-armas-y-a-otro-hombre-por-acceso-carnal-violento\/#breadcrumb"},"inLanguage":"es-CO","potentialAction":[{"@type":"ReadAction","target":["https:\/\/www.fiscalia.gov.co\/colombia\/noticias\/fiscalia-judicializo-a-tres-sujetos-por-homicidio-y-trafico-de-armas-y-a-otro-hombre-por-acceso-carnal-violento\/"]}]},{"@type":"ImageObject","inLanguage":"es-CO","@id":"https:\/\/www.fiscalia.gov.co\/colombia\/noticias\/fiscalia-judicializo-a-tres-sujetos-por-homicidio-y-trafico-de-armas-y-a-otro-hombre-por-acceso-carnal-violento\/#primaryimage","url":"https:\/\/www.fiscalia.gov.co\/colombia\/wp-content\/uploads\/WhatsApp-Image-2024-02-13-at-9.54.45-AM-300x286.jpeg","contentUrl":"https:\/\/www.fiscalia.gov.co\/colombia\/wp-content\/uploads\/WhatsApp-Image-2024-02-13-at-9.54.45-AM-300x286.jpeg"},{"@type":"BreadcrumbList","@id":"https:\/\/www.fiscalia.gov.co\/colombia\/noticias\/fiscalia-judicializo-a-tres-sujetos-por-homicidio-y-trafico-de-armas-y-a-otro-hombre-por-acceso-carnal-violento\/#breadcrumb","itemListElement":[{"@type":"ListItem","position":1,"name":"Home","item":"https:\/\/www.fiscalia.gov.co\/colombia\/"},{"@type":"ListItem","position":2,"name":"Fiscal\u00eda judicializ\u00f3 a tres sujetos por homicidio y tr\u00e1fico de armas y a otro hombre por acceso carnal violento"}]},{"@type":"WebSite","@id":"https:\/\/www.fiscalia.gov.co\/colombia\/#website","url":"https:\/\/www.fiscalia.gov.co\/colombia\/","name":"Fiscal\u00eda General de la Naci\u00f3n","description":"P\u00e1gina oficial de la Fiscal\u00eda General de la Naci\u00f3n \u2013 Colombia. Garantizamos el acceso efectivo a la justicia, la verdad y la reparaci\u00f3n de las v\u00edctimas de los delitos.","publisher":{"@id":"https:\/\/www.fiscalia.gov.co\/colombia\/#organization"},"potentialAction":[{"@type":"SearchAction","target":{"@type":"EntryPoint","urlTemplate":"https:\/\/www.fiscalia.gov.co\/colombia\/?s={search_term_string}"},"query-input":{"@type":"PropertyValueSpecification","valueRequired":true,"valueName":"search_term_string"}}],"inLanguage":"es-CO"},{"@type":"Organization","@id":"https:\/\/www.fiscalia.gov.co\/colombia\/#organization","name":"Fiscal\u00eda General de la Naci\u00f3n","url":"https:\/\/www.fiscalia.gov.co\/colombia\/","logo":{"@type":"ImageObject","inLanguage":"es-CO","@id":"https:\/\/www.fiscalia.gov.co\/colombia\/#\/schema\/logo\/image\/","url":"https:\/\/www.fiscalia.gov.co\/colombia\/wp-content\/uploads\/LogoHorizontal_1.jpg","contentUrl":"https:\/\/www.fiscalia.gov.co\/colombia\/wp-content\/uploads\/LogoHorizontal_1.jpg","width":300,"height":90,"caption":"Fiscal\u00eda General de la Naci\u00f3n"},"image":{"@id":"https:\/\/www.fiscalia.gov.co\/colombia\/#\/schema\/logo\/image\/"},"sameAs":["https:\/\/www.facebook.com\/FiscaliaCol","https:\/\/x.com\/FiscaliaCol","https:\/\/www.instagram.com\/fiscaliacol","https:\/\/www.linkedin.com\/company\/fiscalia-general-de-la-naci-n\/","https:\/\/youtube.com\/@fiscaliageneraldelanacion-4668?si=6nN79nyQICPU5iTh"]},{"@type":"Person","@id":"https:\/\/www.fiscalia.gov.co\/colombia\/#\/schema\/person\/176195b99ebab0a52aafa15197e1bf80","name":"Winnie Geraldine Rodr\u00edguez Navarrete","image":{"@type":"ImageObject","inLanguage":"es-CO","@id":"https:\/\/www.fiscalia.gov.co\/colombia\/#\/schema\/person\/image\/","url":"https:\/\/secure.gravatar.com\/avatar\/c24cf8481dc84fa5e8c7b20bc95ab0c6?s=96&d=mm&r=g","contentUrl":"https:\/\/secure.gravatar.com\/avatar\/c24cf8481dc84fa5e8c7b20bc95ab0c6?s=96&d=mm&r=g","caption":"Winnie Geraldine Rodr\u00edguez Navarrete"},"url":"https:\/\/www.fiscalia.gov.co\/colombia\/author\/winnierodriguez\/"}]}},"_links":{"self":[{"href":"https:\/\/www.fiscalia.gov.co\/colombia\/wp-json\/wp\/v2\/posts\/288051","targetHints":{"allow":["GET"]}}],"collection":[{"href":"https:\/\/www.fiscalia.gov.co\/colombia\/wp-json\/wp\/v2\/posts"}],"about":[{"href":"https:\/\/www.fiscalia.gov.co\/colombia\/wp-json\/wp\/v2\/types\/post"}],"author":[{"embeddable":true,"href":"https:\/\/www.fiscalia.gov.co\/colombia\/wp-json\/wp\/v2\/users\/178"}],"replies":[{"embeddable":true,"href":"https:\/\/www.fiscalia.gov.co\/colombia\/wp-json\/wp\/v2\/comments?post=288051"}],"version-history":[{"count":3,"href":"https:\/\/www.fiscalia.gov.co\/colombia\/wp-json\/wp\/v2\/posts\/288051\/revisions"}],"predecessor-version":[{"id":289912,"href":"https:\/\/www.fiscalia.gov.co\/colombia\/wp-json\/wp\/v2\/posts\/288051\/revisions\/289912"}],"wp:attachment":[{"href":"https:\/\/www.fiscalia.gov.co\/colombia\/wp-json\/wp\/v2\/media?parent=288051"}],"wp:term":[{"taxonomy":"category","embeddable":true,"href":"https:\/\/www.fiscalia.gov.co\/colombia\/wp-json\/wp\/v2\/categories?post=288051"},{"taxonomy":"post_tag","embeddable":true,"href":"https:\/\/www.fiscalia.gov.co\/colombia\/wp-json\/wp\/v2\/tags?post=288051"}],"curies":[{"name":"wp","href":"https:\/\/api.w.org\/{rel}","templated":true}]}}