{"id":287973,"date":"2024-02-12T10:14:43","date_gmt":"2024-02-12T15:14:43","guid":{"rendered":"https:\/\/www.fiscalia.gov.co\/colombia\/?p=287973"},"modified":"2024-02-12T10:14:43","modified_gmt":"2024-02-12T15:14:43","slug":"cayo-alias-norman-quien-se-hacia-pasar-por-miembro-del-eln-para-extorsionar-a-un-comerciante-en-buenaventura","status":"publish","type":"post","link":"https:\/\/www.fiscalia.gov.co\/colombia\/noticias\/cayo-alias-norman-quien-se-hacia-pasar-por-miembro-del-eln-para-extorsionar-a-un-comerciante-en-buenaventura\/","title":{"rendered":"Cay\u00f3 alias Norman, quien se hac\u00eda pasar por miembro del ELN para extorsionar a un comerciante en Buenaventura"},"content":{"rendered":"<h4><strong><i>El hombre fue capturado en flagrancia cuando recib\u00eda de la v\u00edctima $5.000.000 en un sobre de manila.<\/i><\/strong><u><\/u><u><\/u><\/h4>\n<p>Norman Ru\u00edz Angulo, alias Norman, fue capturado por agentes del Gaula Militar y Gaula de la Polic\u00eda Nacional, coordinados por un fiscal especializado, cuando presuntamente recib\u00eda $5.000.000, producto de una extorsi\u00f3n.<u><\/u><u><\/u><\/p>\n<p>Presentado ante un juez penal con control de garant\u00edas, el hombre fue imputado con cargos como presunto autor responsable del delito de\u00a0<a href=\"http:\/\/www.fiscalia.gov.co\/colombia\/noticias\/cayo-presunto-extorsionador-que-tenia-azotados-a-comerciantes-en-buenaventura\/\" target=\"_blank\" rel=\"noopener\" data-saferedirecturl=\"https:\/\/www.google.com\/url?q=http:\/\/www.fiscalia.gov.co\/colombia\/noticias\/cayo-presunto-extorsionador-que-tenia-azotados-a-comerciantes-en-buenaventura\/&amp;source=gmail&amp;ust=1707835648226000&amp;usg=AOvVaw17S7aknvAD94ME601mbnBc\">extorsi\u00f3n<\/a>\u00a0agravada en grado de tentativa.<u><\/u><u><\/u><\/p>\n<p class=\"m_-4239633130039724974elementtoproof\">Seg\u00fan la investigaci\u00f3n, el imputado, junto con otros sujetos, haci\u00e9ndose pasar por integrantes del Ej\u00e9rcito de Liberaci\u00f3n Nacional, ELN, realizaron una extorsi\u00f3n a un comerciante del puerto exigi\u00e9ndole\u00a0<a href=\"http:\/\/www.fiscalia.gov.co\/colombia\/noticias\/asegurado-un-hombre-quien-negociaba-el-pago-por-la-libertad-de-un-extranjero-retenido-por-una-disidencia-residual\/\" target=\"_blank\" rel=\"noopener\" data-saferedirecturl=\"https:\/\/www.google.com\/url?q=http:\/\/www.fiscalia.gov.co\/colombia\/noticias\/asegurado-un-hombre-quien-negociaba-el-pago-por-la-libertad-de-un-extranjero-retenido-por-una-disidencia-residual\/&amp;source=gmail&amp;ust=1707835648226000&amp;usg=AOvVaw17FxEUehbuqt5L485Fqibh\">el pago<\/a>\u00a0de $5.000.000 como condici\u00f3n para seguir ejerciendo all\u00ed sus actividades.<u><\/u><u><\/u><\/p>\n<figure id=\"attachment_287974\" aria-describedby=\"caption-attachment-287974\" style=\"width: 330px\" class=\"wp-caption aligncenter\"><img loading=\"lazy\" decoding=\"async\" class=\" wp-image-287974\" src=\"https:\/\/www.fiscalia.gov.co\/colombia\/wp-content\/uploads\/WhatsApp-Image-2024-02-12-at-9.19.24-AM-300x298.jpeg\" alt=\"En la fotograf\u00eda aparece el capturado junto a un agente del Gaula Militar y otro agente del Gaul  la Polic\u00eda Nacional. En la parte superior est\u00e1n un banner de la Polic\u00eda Nacional y otro banner del Gaula Militar\" width=\"330\" height=\"328\" srcset=\"https:\/\/www.fiscalia.gov.co\/colombia\/wp-content\/uploads\/WhatsApp-Image-2024-02-12-at-9.19.24-AM-300x298.jpeg 300w, https:\/\/www.fiscalia.gov.co\/colombia\/wp-content\/uploads\/WhatsApp-Image-2024-02-12-at-9.19.24-AM-1024x1016.jpeg 1024w, https:\/\/www.fiscalia.gov.co\/colombia\/wp-content\/uploads\/WhatsApp-Image-2024-02-12-at-9.19.24-AM-150x150.jpeg 150w, https:\/\/www.fiscalia.gov.co\/colombia\/wp-content\/uploads\/WhatsApp-Image-2024-02-12-at-9.19.24-AM-768x762.jpeg 768w, https:\/\/www.fiscalia.gov.co\/colombia\/wp-content\/uploads\/WhatsApp-Image-2024-02-12-at-9.19.24-AM-1536x1524.jpeg 1536w, https:\/\/www.fiscalia.gov.co\/colombia\/wp-content\/uploads\/WhatsApp-Image-2024-02-12-at-9.19.24-AM-696x690.jpeg 696w, https:\/\/www.fiscalia.gov.co\/colombia\/wp-content\/uploads\/WhatsApp-Image-2024-02-12-at-9.19.24-AM-1068x1059.jpeg 1068w, https:\/\/www.fiscalia.gov.co\/colombia\/wp-content\/uploads\/WhatsApp-Image-2024-02-12-at-9.19.24-AM-423x420.jpeg 423w, https:\/\/www.fiscalia.gov.co\/colombia\/wp-content\/uploads\/WhatsApp-Image-2024-02-12-at-9.19.24-AM.jpeg 1600w\" sizes=\"auto, (max-width: 330px) 100vw, 330px\" \/><figcaption id=\"caption-attachment-287974\" class=\"wp-caption-text\">Norman Ru\u00edz Angulo, alias Norman, fue imputado con cargos por el delito de extorsi\u00f3n agravada tentada<\/figcaption><\/figure>\n<p>Asimismo, le advirtieron que si no pagaba la cuota del impuesto presuntamente atacar\u00edan el establecimiento comercial y a los empleados como represalia.<u><\/u><u><\/u><\/p>\n<p>Instaurada la denuncia ante el Gaula, por parte de la v\u00edctima, los investigadores dise\u00f1aron una entrega controlada del dinero. Una vez concertado el encuentro entre el comerciante y alias Norman en un sector del parque N\u00e9stor Urbano Tenorio del puerto, agentes del Gaula capturaron en flagrancia al presunto extorsionista cuando recib\u00eda el dinero en un sobre de manila.<u><\/u><u><\/u><\/p>\n<p>Por estos hechos, un juez penal formul\u00f3 medida de aseguramiento contra Ru\u00edz Angulo consistente en detenci\u00f3n preventiva en la c\u00e1rcel distrital, a donde fue remitido por el Inpec.<u><\/u><u><\/u><\/p>\n<p><b>La Fiscal\u00eda habla con resultados<\/b><\/p>\n<p>&nbsp;<\/p>\n<p>&nbsp;<\/p>\n<p>JGPV\/FAGHT\/JAHS\/DSC<u><\/u><u><\/u><\/p>\n<p><u><\/u><u><\/u><\/p>\n<p>&nbsp;<\/p>\n<p class=\"m_-4239633130039724974elementtoproof\"><u><\/u>\u00a0<u><\/u><\/p>\n<p>Le puede interesar:\u00a0<a href=\"http:\/\/www.fiscalia.gov.co\/colombia\/noticias\/judicializados-dos-presuntos-miembros-de-los-shotas-por-porte-de-armas-y-extorsion-a-ciudadanos-y-comerciantes-en-buenaventura\/\" target=\"_blank\" rel=\"noopener\" data-saferedirecturl=\"https:\/\/www.google.com\/url?q=http:\/\/www.fiscalia.gov.co\/colombia\/noticias\/judicializados-dos-presuntos-miembros-de-los-shotas-por-porte-de-armas-y-extorsion-a-ciudadanos-y-comerciantes-en-buenaventura\/&amp;source=gmail&amp;ust=1707835648226000&amp;usg=AOvVaw2valXi2W27FeSQYXksziRW\">Judicializados dos presuntos miembros de Los Shotas por porte de armas y extorsi\u00f3n a ciudadanos y comerciantes en Buenaventura<\/a><u><\/u><u><\/u><\/p>\n<p><em>\u00a0<u><\/u><u><\/u><\/em><\/p>\n<p><em>La informaci\u00f3n contenida en este bolet\u00edn de prensa corresponde a la narraci\u00f3n de los hechos noticiosos objetivos, suministrados por los funcionarios encargados de adelantar las investigaciones penales al interior de la Fiscal\u00eda General de la Naci\u00f3n. Para el momento de la divulgaci\u00f3n de este comunicado, la situaci\u00f3n jur\u00eddica de la(s) persona(s) relacionada(s) se encuentra pendiente de resolver por la autoridad judicial competente, siempre bajo los preceptos de la presunci\u00f3n de inocencia, consagrados en el art\u00edculo 29 de la Constituci\u00f3n Pol\u00edtica y el art\u00edculo 7\u00ba de la Ley 906 de 2004. <\/em><\/p>\n\n<div class=\"twitter-share\"><a href=\"https:\/\/twitter.com\/intent\/tweet?via=fiscaliacol\" class=\"twitter-share-button\">Tweet<\/a><\/div>\n","protected":false},"excerpt":{"rendered":"<p>El hombre fue capturado en flagrancia cuando recib\u00eda de la v\u00edctima $5.000.000 en un sobre de manila. Norman Ru\u00edz Angulo, alias Norman, fue capturado por agentes del Gaula Militar y Gaula de la Polic\u00eda Nacional, coordinados por un fiscal especializado, cuando presuntamente recib\u00eda $5.000.000, producto de una extorsi\u00f3n. Presentado ante un juez penal con control [&hellip;]<\/p>\n","protected":false},"author":178,"featured_media":0,"comment_status":"closed","ping_status":"open","sticky":false,"template":"","format":"standard","meta":{"_price":"","_stock":"","_tribe_ticket_header":"","_tribe_default_ticket_provider":"","_tribe_ticket_capacity":"0","_ticket_start_date":"","_ticket_end_date":"","_tribe_ticket_show_description":"","_tribe_ticket_show_not_going":false,"_tribe_ticket_use_global_stock":"","_tribe_ticket_global_stock_level":"","_global_stock_mode":"","_global_stock_cap":"","_tribe_rsvp_for_event":"","_tribe_ticket_going_count":"","_tribe_ticket_not_going_count":"","_tribe_tickets_list":"[]","_tribe_ticket_has_attendee_info_fields":false,"tdm_status":"","tdm_grid_status":"","footnotes":""},"categories":[1,24099],"tags":[34993,36936,871,78,24763,24187,26070],"class_list":{"0":"post-287973","1":"post","2":"type-post","3":"status-publish","4":"format-standard","6":"category-noticias","7":"category-seguridad-territorial","8":"tag-buenaventura-valle","9":"tag-el-pago","10":"tag-extorion","11":"tag-fiscal-general-de-la-nacion","12":"tag-fiscal-general-de-la-nacion-francisco-barbosa-delgado","13":"tag-fiscalia-colombia","14":"tag-seccional-cali"},"yoast_head":"<!-- This site is optimized with the Yoast SEO plugin v24.3 - https:\/\/yoast.com\/wordpress\/plugins\/seo\/ -->\n<title>Fiscal\u00eda General de la Naci\u00f3n<\/title>\n<meta name=\"description\" content=\"P\u00e1gina oficial de la Fiscal\u00eda General de la Naci\u00f3n \u2013 Colombia. Garantizamos el acceso efectivo a la justicia, la verdad y la reparaci\u00f3n de las v\u00edctimas de los delitos.\" \/>\n<meta name=\"robots\" content=\"noindex, follow\" \/>\n<meta property=\"og:locale\" content=\"es_ES\" \/>\n<meta property=\"og:type\" content=\"article\" \/>\n<meta property=\"og:title\" content=\"Fiscal\u00eda General de la Naci\u00f3n\" \/>\n<meta property=\"og:description\" content=\"P\u00e1gina oficial de la Fiscal\u00eda General de la Naci\u00f3n \u2013 Colombia. Garantizamos el acceso efectivo a la justicia, la verdad y la reparaci\u00f3n de las v\u00edctimas de los delitos.\" \/>\n<meta property=\"og:url\" content=\"https:\/\/www.fiscalia.gov.co\/colombia\/noticias\/cayo-alias-norman-quien-se-hacia-pasar-por-miembro-del-eln-para-extorsionar-a-un-comerciante-en-buenaventura\/\" \/>\n<meta property=\"og:site_name\" content=\"Fiscal\u00eda General de la Naci\u00f3n\" \/>\n<meta property=\"article:publisher\" content=\"https:\/\/www.facebook.com\/FiscaliaCol\" \/>\n<meta property=\"article:published_time\" content=\"2024-02-12T15:14:43+00:00\" \/>\n<meta property=\"og:image\" content=\"https:\/\/www.fiscalia.gov.co\/colombia\/wp-content\/uploads\/WhatsApp-Image-2024-02-12-at-9.19.24-AM-300x298.jpeg\" \/>\n<meta name=\"author\" content=\"Winnie Geraldine Rodr\u00edguez Navarrete\" \/>\n<meta name=\"twitter:card\" content=\"summary_large_image\" \/>\n<meta name=\"twitter:creator\" content=\"@FiscaliaCol\" \/>\n<meta name=\"twitter:site\" content=\"@FiscaliaCol\" \/>\n<meta name=\"twitter:label1\" content=\"Escrito por\" \/>\n\t<meta name=\"twitter:data1\" content=\"Winnie Geraldine Rodr\u00edguez Navarrete\" \/>\n\t<meta name=\"twitter:label2\" content=\"Tiempo de lectura\" \/>\n\t<meta name=\"twitter:data2\" content=\"2 minutos\" \/>\n<script type=\"application\/ld+json\" class=\"yoast-schema-graph\">{\"@context\":\"https:\/\/schema.org\",\"@graph\":[{\"@type\":\"Article\",\"@id\":\"https:\/\/www.fiscalia.gov.co\/colombia\/noticias\/cayo-alias-norman-quien-se-hacia-pasar-por-miembro-del-eln-para-extorsionar-a-un-comerciante-en-buenaventura\/#article\",\"isPartOf\":{\"@id\":\"https:\/\/www.fiscalia.gov.co\/colombia\/noticias\/cayo-alias-norman-quien-se-hacia-pasar-por-miembro-del-eln-para-extorsionar-a-un-comerciante-en-buenaventura\/\"},\"author\":{\"name\":\"Winnie Geraldine Rodr\u00edguez Navarrete\",\"@id\":\"https:\/\/www.fiscalia.gov.co\/colombia\/#\/schema\/person\/176195b99ebab0a52aafa15197e1bf80\"},\"headline\":\"Cay\u00f3 alias Norman, quien se hac\u00eda pasar por miembro del ELN para extorsionar a un comerciante en Buenaventura\",\"datePublished\":\"2024-02-12T15:14:43+00:00\",\"dateModified\":\"2024-02-12T15:14:43+00:00\",\"mainEntityOfPage\":{\"@id\":\"https:\/\/www.fiscalia.gov.co\/colombia\/noticias\/cayo-alias-norman-quien-se-hacia-pasar-por-miembro-del-eln-para-extorsionar-a-un-comerciante-en-buenaventura\/\"},\"wordCount\":427,\"publisher\":{\"@id\":\"https:\/\/www.fiscalia.gov.co\/colombia\/#organization\"},\"image\":{\"@id\":\"https:\/\/www.fiscalia.gov.co\/colombia\/noticias\/cayo-alias-norman-quien-se-hacia-pasar-por-miembro-del-eln-para-extorsionar-a-un-comerciante-en-buenaventura\/#primaryimage\"},\"thumbnailUrl\":\"https:\/\/www.fiscalia.gov.co\/colombia\/wp-content\/uploads\/WhatsApp-Image-2024-02-12-at-9.19.24-AM-300x298.jpeg\",\"keywords\":[\"Buenaventura (Valle)\",\"el pago\",\"Extorsi\u00f3n\",\"Fiscal General de la Naci\u00f3n\",\"Fiscal General de la Naci\u00f3n Francisco Barbosa Delgado\",\"Fiscal\u00eda Colombia\",\"Seccional Cali\"],\"articleSection\":[\"Noticias\",\"Seguridad territorial\"],\"inLanguage\":\"es-CO\"},{\"@type\":\"WebPage\",\"@id\":\"https:\/\/www.fiscalia.gov.co\/colombia\/noticias\/cayo-alias-norman-quien-se-hacia-pasar-por-miembro-del-eln-para-extorsionar-a-un-comerciante-en-buenaventura\/\",\"url\":\"https:\/\/www.fiscalia.gov.co\/colombia\/noticias\/cayo-alias-norman-quien-se-hacia-pasar-por-miembro-del-eln-para-extorsionar-a-un-comerciante-en-buenaventura\/\",\"name\":\"Fiscal\u00eda General de la Naci\u00f3n\",\"isPartOf\":{\"@id\":\"https:\/\/www.fiscalia.gov.co\/colombia\/#website\"},\"primaryImageOfPage\":{\"@id\":\"https:\/\/www.fiscalia.gov.co\/colombia\/noticias\/cayo-alias-norman-quien-se-hacia-pasar-por-miembro-del-eln-para-extorsionar-a-un-comerciante-en-buenaventura\/#primaryimage\"},\"image\":{\"@id\":\"https:\/\/www.fiscalia.gov.co\/colombia\/noticias\/cayo-alias-norman-quien-se-hacia-pasar-por-miembro-del-eln-para-extorsionar-a-un-comerciante-en-buenaventura\/#primaryimage\"},\"thumbnailUrl\":\"https:\/\/www.fiscalia.gov.co\/colombia\/wp-content\/uploads\/WhatsApp-Image-2024-02-12-at-9.19.24-AM-300x298.jpeg\",\"datePublished\":\"2024-02-12T15:14:43+00:00\",\"dateModified\":\"2024-02-12T15:14:43+00:00\",\"description\":\"P\u00e1gina oficial de la Fiscal\u00eda General de la Naci\u00f3n \u2013 Colombia. Garantizamos el acceso efectivo a la justicia, la verdad y la reparaci\u00f3n de las v\u00edctimas de los delitos.\",\"breadcrumb\":{\"@id\":\"https:\/\/www.fiscalia.gov.co\/colombia\/noticias\/cayo-alias-norman-quien-se-hacia-pasar-por-miembro-del-eln-para-extorsionar-a-un-comerciante-en-buenaventura\/#breadcrumb\"},\"inLanguage\":\"es-CO\",\"potentialAction\":[{\"@type\":\"ReadAction\",\"target\":[\"https:\/\/www.fiscalia.gov.co\/colombia\/noticias\/cayo-alias-norman-quien-se-hacia-pasar-por-miembro-del-eln-para-extorsionar-a-un-comerciante-en-buenaventura\/\"]}]},{\"@type\":\"ImageObject\",\"inLanguage\":\"es-CO\",\"@id\":\"https:\/\/www.fiscalia.gov.co\/colombia\/noticias\/cayo-alias-norman-quien-se-hacia-pasar-por-miembro-del-eln-para-extorsionar-a-un-comerciante-en-buenaventura\/#primaryimage\",\"url\":\"https:\/\/www.fiscalia.gov.co\/colombia\/wp-content\/uploads\/WhatsApp-Image-2024-02-12-at-9.19.24-AM-300x298.jpeg\",\"contentUrl\":\"https:\/\/www.fiscalia.gov.co\/colombia\/wp-content\/uploads\/WhatsApp-Image-2024-02-12-at-9.19.24-AM-300x298.jpeg\"},{\"@type\":\"BreadcrumbList\",\"@id\":\"https:\/\/www.fiscalia.gov.co\/colombia\/noticias\/cayo-alias-norman-quien-se-hacia-pasar-por-miembro-del-eln-para-extorsionar-a-un-comerciante-en-buenaventura\/#breadcrumb\",\"itemListElement\":[{\"@type\":\"ListItem\",\"position\":1,\"name\":\"Home\",\"item\":\"https:\/\/www.fiscalia.gov.co\/colombia\/\"},{\"@type\":\"ListItem\",\"position\":2,\"name\":\"Cay\u00f3 alias Norman, quien se hac\u00eda pasar por miembro del ELN para extorsionar a un comerciante en Buenaventura\"}]},{\"@type\":\"WebSite\",\"@id\":\"https:\/\/www.fiscalia.gov.co\/colombia\/#website\",\"url\":\"https:\/\/www.fiscalia.gov.co\/colombia\/\",\"name\":\"Fiscal\u00eda General de la Naci\u00f3n\",\"description\":\"P\u00e1gina oficial de la Fiscal\u00eda General de la Naci\u00f3n \u2013 Colombia. Garantizamos el acceso efectivo a la justicia, la verdad y la reparaci\u00f3n de las v\u00edctimas de los delitos.\",\"publisher\":{\"@id\":\"https:\/\/www.fiscalia.gov.co\/colombia\/#organization\"},\"potentialAction\":[{\"@type\":\"SearchAction\",\"target\":{\"@type\":\"EntryPoint\",\"urlTemplate\":\"https:\/\/www.fiscalia.gov.co\/colombia\/?s={search_term_string}\"},\"query-input\":{\"@type\":\"PropertyValueSpecification\",\"valueRequired\":true,\"valueName\":\"search_term_string\"}}],\"inLanguage\":\"es-CO\"},{\"@type\":\"Organization\",\"@id\":\"https:\/\/www.fiscalia.gov.co\/colombia\/#organization\",\"name\":\"Fiscal\u00eda General de la Naci\u00f3n\",\"url\":\"https:\/\/www.fiscalia.gov.co\/colombia\/\",\"logo\":{\"@type\":\"ImageObject\",\"inLanguage\":\"es-CO\",\"@id\":\"https:\/\/www.fiscalia.gov.co\/colombia\/#\/schema\/logo\/image\/\",\"url\":\"https:\/\/www.fiscalia.gov.co\/colombia\/wp-content\/uploads\/LogoHorizontal_1.jpg\",\"contentUrl\":\"https:\/\/www.fiscalia.gov.co\/colombia\/wp-content\/uploads\/LogoHorizontal_1.jpg\",\"width\":300,\"height\":90,\"caption\":\"Fiscal\u00eda General de la Naci\u00f3n\"},\"image\":{\"@id\":\"https:\/\/www.fiscalia.gov.co\/colombia\/#\/schema\/logo\/image\/\"},\"sameAs\":[\"https:\/\/www.facebook.com\/FiscaliaCol\",\"https:\/\/x.com\/FiscaliaCol\",\"https:\/\/www.instagram.com\/fiscaliacol\",\"https:\/\/www.linkedin.com\/company\/fiscalia-general-de-la-naci-n\/\",\"https:\/\/youtube.com\/@fiscaliageneraldelanacion-4668?si=6nN79nyQICPU5iTh\"]},{\"@type\":\"Person\",\"@id\":\"https:\/\/www.fiscalia.gov.co\/colombia\/#\/schema\/person\/176195b99ebab0a52aafa15197e1bf80\",\"name\":\"Winnie Geraldine Rodr\u00edguez Navarrete\",\"image\":{\"@type\":\"ImageObject\",\"inLanguage\":\"es-CO\",\"@id\":\"https:\/\/www.fiscalia.gov.co\/colombia\/#\/schema\/person\/image\/\",\"url\":\"https:\/\/secure.gravatar.com\/avatar\/c24cf8481dc84fa5e8c7b20bc95ab0c6?s=96&d=mm&r=g\",\"contentUrl\":\"https:\/\/secure.gravatar.com\/avatar\/c24cf8481dc84fa5e8c7b20bc95ab0c6?s=96&d=mm&r=g\",\"caption\":\"Winnie Geraldine Rodr\u00edguez Navarrete\"},\"url\":\"https:\/\/www.fiscalia.gov.co\/colombia\/author\/winnierodriguez\/\"}]}<\/script>\n<!-- \/ Yoast SEO plugin. -->","yoast_head_json":{"title":"Fiscal\u00eda General de la Naci\u00f3n","description":"P\u00e1gina oficial de la Fiscal\u00eda General de la Naci\u00f3n \u2013 Colombia. Garantizamos el acceso efectivo a la justicia, la verdad y la reparaci\u00f3n de las v\u00edctimas de los delitos.","robots":{"index":"noindex","follow":"follow"},"og_locale":"es_ES","og_type":"article","og_title":"Fiscal\u00eda General de la Naci\u00f3n","og_description":"P\u00e1gina oficial de la Fiscal\u00eda General de la Naci\u00f3n \u2013 Colombia. Garantizamos el acceso efectivo a la justicia, la verdad y la reparaci\u00f3n de las v\u00edctimas de los delitos.","og_url":"https:\/\/www.fiscalia.gov.co\/colombia\/noticias\/cayo-alias-norman-quien-se-hacia-pasar-por-miembro-del-eln-para-extorsionar-a-un-comerciante-en-buenaventura\/","og_site_name":"Fiscal\u00eda General de la Naci\u00f3n","article_publisher":"https:\/\/www.facebook.com\/FiscaliaCol","article_published_time":"2024-02-12T15:14:43+00:00","og_image":[{"url":"https:\/\/www.fiscalia.gov.co\/colombia\/wp-content\/uploads\/WhatsApp-Image-2024-02-12-at-9.19.24-AM-300x298.jpeg","type":"","width":"","height":""}],"author":"Winnie Geraldine Rodr\u00edguez Navarrete","twitter_card":"summary_large_image","twitter_creator":"@FiscaliaCol","twitter_site":"@FiscaliaCol","twitter_misc":{"Escrito por":"Winnie Geraldine Rodr\u00edguez Navarrete","Tiempo de lectura":"2 minutos"},"schema":{"@context":"https:\/\/schema.org","@graph":[{"@type":"Article","@id":"https:\/\/www.fiscalia.gov.co\/colombia\/noticias\/cayo-alias-norman-quien-se-hacia-pasar-por-miembro-del-eln-para-extorsionar-a-un-comerciante-en-buenaventura\/#article","isPartOf":{"@id":"https:\/\/www.fiscalia.gov.co\/colombia\/noticias\/cayo-alias-norman-quien-se-hacia-pasar-por-miembro-del-eln-para-extorsionar-a-un-comerciante-en-buenaventura\/"},"author":{"name":"Winnie Geraldine Rodr\u00edguez Navarrete","@id":"https:\/\/www.fiscalia.gov.co\/colombia\/#\/schema\/person\/176195b99ebab0a52aafa15197e1bf80"},"headline":"Cay\u00f3 alias Norman, quien se hac\u00eda pasar por miembro del ELN para extorsionar a un comerciante en Buenaventura","datePublished":"2024-02-12T15:14:43+00:00","dateModified":"2024-02-12T15:14:43+00:00","mainEntityOfPage":{"@id":"https:\/\/www.fiscalia.gov.co\/colombia\/noticias\/cayo-alias-norman-quien-se-hacia-pasar-por-miembro-del-eln-para-extorsionar-a-un-comerciante-en-buenaventura\/"},"wordCount":427,"publisher":{"@id":"https:\/\/www.fiscalia.gov.co\/colombia\/#organization"},"image":{"@id":"https:\/\/www.fiscalia.gov.co\/colombia\/noticias\/cayo-alias-norman-quien-se-hacia-pasar-por-miembro-del-eln-para-extorsionar-a-un-comerciante-en-buenaventura\/#primaryimage"},"thumbnailUrl":"https:\/\/www.fiscalia.gov.co\/colombia\/wp-content\/uploads\/WhatsApp-Image-2024-02-12-at-9.19.24-AM-300x298.jpeg","keywords":["Buenaventura (Valle)","el pago","Extorsi\u00f3n","Fiscal General de la Naci\u00f3n","Fiscal General de la Naci\u00f3n Francisco Barbosa Delgado","Fiscal\u00eda Colombia","Seccional Cali"],"articleSection":["Noticias","Seguridad territorial"],"inLanguage":"es-CO"},{"@type":"WebPage","@id":"https:\/\/www.fiscalia.gov.co\/colombia\/noticias\/cayo-alias-norman-quien-se-hacia-pasar-por-miembro-del-eln-para-extorsionar-a-un-comerciante-en-buenaventura\/","url":"https:\/\/www.fiscalia.gov.co\/colombia\/noticias\/cayo-alias-norman-quien-se-hacia-pasar-por-miembro-del-eln-para-extorsionar-a-un-comerciante-en-buenaventura\/","name":"Fiscal\u00eda General de la Naci\u00f3n","isPartOf":{"@id":"https:\/\/www.fiscalia.gov.co\/colombia\/#website"},"primaryImageOfPage":{"@id":"https:\/\/www.fiscalia.gov.co\/colombia\/noticias\/cayo-alias-norman-quien-se-hacia-pasar-por-miembro-del-eln-para-extorsionar-a-un-comerciante-en-buenaventura\/#primaryimage"},"image":{"@id":"https:\/\/www.fiscalia.gov.co\/colombia\/noticias\/cayo-alias-norman-quien-se-hacia-pasar-por-miembro-del-eln-para-extorsionar-a-un-comerciante-en-buenaventura\/#primaryimage"},"thumbnailUrl":"https:\/\/www.fiscalia.gov.co\/colombia\/wp-content\/uploads\/WhatsApp-Image-2024-02-12-at-9.19.24-AM-300x298.jpeg","datePublished":"2024-02-12T15:14:43+00:00","dateModified":"2024-02-12T15:14:43+00:00","description":"P\u00e1gina oficial de la Fiscal\u00eda General de la Naci\u00f3n \u2013 Colombia. Garantizamos el acceso efectivo a la justicia, la verdad y la reparaci\u00f3n de las v\u00edctimas de los delitos.","breadcrumb":{"@id":"https:\/\/www.fiscalia.gov.co\/colombia\/noticias\/cayo-alias-norman-quien-se-hacia-pasar-por-miembro-del-eln-para-extorsionar-a-un-comerciante-en-buenaventura\/#breadcrumb"},"inLanguage":"es-CO","potentialAction":[{"@type":"ReadAction","target":["https:\/\/www.fiscalia.gov.co\/colombia\/noticias\/cayo-alias-norman-quien-se-hacia-pasar-por-miembro-del-eln-para-extorsionar-a-un-comerciante-en-buenaventura\/"]}]},{"@type":"ImageObject","inLanguage":"es-CO","@id":"https:\/\/www.fiscalia.gov.co\/colombia\/noticias\/cayo-alias-norman-quien-se-hacia-pasar-por-miembro-del-eln-para-extorsionar-a-un-comerciante-en-buenaventura\/#primaryimage","url":"https:\/\/www.fiscalia.gov.co\/colombia\/wp-content\/uploads\/WhatsApp-Image-2024-02-12-at-9.19.24-AM-300x298.jpeg","contentUrl":"https:\/\/www.fiscalia.gov.co\/colombia\/wp-content\/uploads\/WhatsApp-Image-2024-02-12-at-9.19.24-AM-300x298.jpeg"},{"@type":"BreadcrumbList","@id":"https:\/\/www.fiscalia.gov.co\/colombia\/noticias\/cayo-alias-norman-quien-se-hacia-pasar-por-miembro-del-eln-para-extorsionar-a-un-comerciante-en-buenaventura\/#breadcrumb","itemListElement":[{"@type":"ListItem","position":1,"name":"Home","item":"https:\/\/www.fiscalia.gov.co\/colombia\/"},{"@type":"ListItem","position":2,"name":"Cay\u00f3 alias Norman, quien se hac\u00eda pasar por miembro del ELN para extorsionar a un comerciante en Buenaventura"}]},{"@type":"WebSite","@id":"https:\/\/www.fiscalia.gov.co\/colombia\/#website","url":"https:\/\/www.fiscalia.gov.co\/colombia\/","name":"Fiscal\u00eda General de la Naci\u00f3n","description":"P\u00e1gina oficial de la Fiscal\u00eda General de la Naci\u00f3n \u2013 Colombia. Garantizamos el acceso efectivo a la justicia, la verdad y la reparaci\u00f3n de las v\u00edctimas de los delitos.","publisher":{"@id":"https:\/\/www.fiscalia.gov.co\/colombia\/#organization"},"potentialAction":[{"@type":"SearchAction","target":{"@type":"EntryPoint","urlTemplate":"https:\/\/www.fiscalia.gov.co\/colombia\/?s={search_term_string}"},"query-input":{"@type":"PropertyValueSpecification","valueRequired":true,"valueName":"search_term_string"}}],"inLanguage":"es-CO"},{"@type":"Organization","@id":"https:\/\/www.fiscalia.gov.co\/colombia\/#organization","name":"Fiscal\u00eda General de la Naci\u00f3n","url":"https:\/\/www.fiscalia.gov.co\/colombia\/","logo":{"@type":"ImageObject","inLanguage":"es-CO","@id":"https:\/\/www.fiscalia.gov.co\/colombia\/#\/schema\/logo\/image\/","url":"https:\/\/www.fiscalia.gov.co\/colombia\/wp-content\/uploads\/LogoHorizontal_1.jpg","contentUrl":"https:\/\/www.fiscalia.gov.co\/colombia\/wp-content\/uploads\/LogoHorizontal_1.jpg","width":300,"height":90,"caption":"Fiscal\u00eda General de la Naci\u00f3n"},"image":{"@id":"https:\/\/www.fiscalia.gov.co\/colombia\/#\/schema\/logo\/image\/"},"sameAs":["https:\/\/www.facebook.com\/FiscaliaCol","https:\/\/x.com\/FiscaliaCol","https:\/\/www.instagram.com\/fiscaliacol","https:\/\/www.linkedin.com\/company\/fiscalia-general-de-la-naci-n\/","https:\/\/youtube.com\/@fiscaliageneraldelanacion-4668?si=6nN79nyQICPU5iTh"]},{"@type":"Person","@id":"https:\/\/www.fiscalia.gov.co\/colombia\/#\/schema\/person\/176195b99ebab0a52aafa15197e1bf80","name":"Winnie Geraldine Rodr\u00edguez Navarrete","image":{"@type":"ImageObject","inLanguage":"es-CO","@id":"https:\/\/www.fiscalia.gov.co\/colombia\/#\/schema\/person\/image\/","url":"https:\/\/secure.gravatar.com\/avatar\/c24cf8481dc84fa5e8c7b20bc95ab0c6?s=96&d=mm&r=g","contentUrl":"https:\/\/secure.gravatar.com\/avatar\/c24cf8481dc84fa5e8c7b20bc95ab0c6?s=96&d=mm&r=g","caption":"Winnie Geraldine Rodr\u00edguez Navarrete"},"url":"https:\/\/www.fiscalia.gov.co\/colombia\/author\/winnierodriguez\/"}]}},"_links":{"self":[{"href":"https:\/\/www.fiscalia.gov.co\/colombia\/wp-json\/wp\/v2\/posts\/287973","targetHints":{"allow":["GET"]}}],"collection":[{"href":"https:\/\/www.fiscalia.gov.co\/colombia\/wp-json\/wp\/v2\/posts"}],"about":[{"href":"https:\/\/www.fiscalia.gov.co\/colombia\/wp-json\/wp\/v2\/types\/post"}],"author":[{"embeddable":true,"href":"https:\/\/www.fiscalia.gov.co\/colombia\/wp-json\/wp\/v2\/users\/178"}],"replies":[{"embeddable":true,"href":"https:\/\/www.fiscalia.gov.co\/colombia\/wp-json\/wp\/v2\/comments?post=287973"}],"version-history":[{"count":1,"href":"https:\/\/www.fiscalia.gov.co\/colombia\/wp-json\/wp\/v2\/posts\/287973\/revisions"}],"predecessor-version":[{"id":287975,"href":"https:\/\/www.fiscalia.gov.co\/colombia\/wp-json\/wp\/v2\/posts\/287973\/revisions\/287975"}],"wp:attachment":[{"href":"https:\/\/www.fiscalia.gov.co\/colombia\/wp-json\/wp\/v2\/media?parent=287973"}],"wp:term":[{"taxonomy":"category","embeddable":true,"href":"https:\/\/www.fiscalia.gov.co\/colombia\/wp-json\/wp\/v2\/categories?post=287973"},{"taxonomy":"post_tag","embeddable":true,"href":"https:\/\/www.fiscalia.gov.co\/colombia\/wp-json\/wp\/v2\/tags?post=287973"}],"curies":[{"name":"wp","href":"https:\/\/api.w.org\/{rel}","templated":true}]}}