{"id":287895,"date":"2024-02-09T11:49:32","date_gmt":"2024-02-09T16:49:32","guid":{"rendered":"https:\/\/www.fiscalia.gov.co\/colombia\/?p=287895"},"modified":"2024-02-09T11:49:32","modified_gmt":"2024-02-09T16:49:32","slug":"la-fiscalia-judicializo-a-dos-hombres-por-porte-ilegal-de-armas-y-explosivos-en-bolivar","status":"publish","type":"post","link":"https:\/\/www.fiscalia.gov.co\/colombia\/noticias\/la-fiscalia-judicializo-a-dos-hombres-por-porte-ilegal-de-armas-y-explosivos-en-bolivar\/","title":{"rendered":"La Fiscal\u00eda judicializ\u00f3 a dos hombres por porte ilegal de armas y explosivos en Bol\u00edvar"},"content":{"rendered":"<h4><strong><em>Los procesados deber\u00e1n cumplir la medida de aseguramiento en la c\u00e1rcel San Sebasti\u00e1n Ternera de Cartagena.<\/em><\/strong><\/h4>\n<p>Fiscales adscritos a la Seccional Bol\u00edvar lograron que jueces de control de garant\u00edas dictaran medida de aseguramiento en establecimiento carcelario en contra de dos hombres por porte ilegal de armas de fuego y explosivos. Uno de ellos habr\u00eda\u00a0participado en un atraco.<\/p>\n<p><b><u>Hurto en Turbaco<\/u><\/b><\/p>\n<p>Una de las decisiones afect\u00f3 a Yordy Arley Oquendo Parra,\u00a0alias el Yordy\u00a0quien al parecer con arma de fuego intimid\u00f3 a personas que se encontraba en un establecimiento p\u00fablico en el barrio 13 de Junio del municipio de Turbaco (Bol\u00edvar), para hurtar sus pertenencias.<\/p>\n<figure id=\"attachment_287896\" aria-describedby=\"caption-attachment-287896\" style=\"width: 696px\" class=\"wp-caption aligncenter\"><img loading=\"lazy\" decoding=\"async\" class=\"size-large wp-image-287896\" src=\"https:\/\/www.fiscalia.gov.co\/colombia\/wp-content\/uploads\/Foto-1-boletin-9-de-febrero-hurto-y-porte-de-arma--1024x765.jpeg\" alt=\"En la fotograf\u00eda est\u00e1 un hombre de pie con la cabeza agachada, brazos atr\u00e1s, vestido de buzo blanco y jean azul. Con \u00e9l se encuentran dos agentes de la Polic\u00eda Nacional custodi\u00e1ndolo. Delante de ellos hay una mesa con el arma incautada.\" width=\"696\" height=\"520\" srcset=\"https:\/\/www.fiscalia.gov.co\/colombia\/wp-content\/uploads\/Foto-1-boletin-9-de-febrero-hurto-y-porte-de-arma--1024x765.jpeg 1024w, https:\/\/www.fiscalia.gov.co\/colombia\/wp-content\/uploads\/Foto-1-boletin-9-de-febrero-hurto-y-porte-de-arma--300x224.jpeg 300w, https:\/\/www.fiscalia.gov.co\/colombia\/wp-content\/uploads\/Foto-1-boletin-9-de-febrero-hurto-y-porte-de-arma--768x574.jpeg 768w, https:\/\/www.fiscalia.gov.co\/colombia\/wp-content\/uploads\/Foto-1-boletin-9-de-febrero-hurto-y-porte-de-arma--1536x1147.jpeg 1536w, https:\/\/www.fiscalia.gov.co\/colombia\/wp-content\/uploads\/Foto-1-boletin-9-de-febrero-hurto-y-porte-de-arma--696x520.jpeg 696w, https:\/\/www.fiscalia.gov.co\/colombia\/wp-content\/uploads\/Foto-1-boletin-9-de-febrero-hurto-y-porte-de-arma--1068x798.jpeg 1068w, https:\/\/www.fiscalia.gov.co\/colombia\/wp-content\/uploads\/Foto-1-boletin-9-de-febrero-hurto-y-porte-de-arma--562x420.jpeg 562w, https:\/\/www.fiscalia.gov.co\/colombia\/wp-content\/uploads\/Foto-1-boletin-9-de-febrero-hurto-y-porte-de-arma--80x60.jpeg 80w, https:\/\/www.fiscalia.gov.co\/colombia\/wp-content\/uploads\/Foto-1-boletin-9-de-febrero-hurto-y-porte-de-arma--265x198.jpeg 265w, https:\/\/www.fiscalia.gov.co\/colombia\/wp-content\/uploads\/Foto-1-boletin-9-de-febrero-hurto-y-porte-de-arma-.jpeg 1600w\" sizes=\"auto, (max-width: 696px) 100vw, 696px\" \/><figcaption id=\"caption-attachment-287896\" class=\"wp-caption-text\">A Yordy Arley Oquendo Parra, la Fiscal\u00eda le imput\u00f3 los delitos de fabricaci\u00f3n, tr\u00e1fico o porte de arma de fuego y hurto calificado.<\/figcaption><\/figure>\n<p>En el atraco, que sucedi\u00f3 el pasado 25 de enero, el procesado, de 30 a\u00f1os, presuntamente se apropi\u00f3 de joyas, dinero en efectivo y tel\u00e9fonos m\u00f3viles que estaban para la venta y de las v\u00edctimas.<\/p>\n<p>La comunidad que se percat\u00f3 de lo acontecido dio aviso a la Polic\u00eda Nacional que logr\u00f3 capturarlo cuando hu\u00eda del lugar. En su poder le fue encontrada un arma sin salvoconducto.<\/p>\n<p>Ante un juez de control de garant\u00edas, la Fiscal\u00eda le imput\u00f3 los delitos de fabricaci\u00f3n, tr\u00e1fico o porte de arma de fuego y hurto calificado, los cuales no acept\u00f3.<\/p>\n<p><b><u>Asegurado alias el Aguado<\/u><\/b><\/p>\n<p>As\u00edmismo, fue judicializado Horacio Chico Simpson, alias el Aguado, por los hechos ocurridos el pasado 4 de febrero en el barrio Bicentenario de Cartagena (Bol\u00edvar).<\/p>\n<figure id=\"attachment_287897\" aria-describedby=\"caption-attachment-287897\" style=\"width: 696px\" class=\"wp-caption aligncenter\"><img loading=\"lazy\" decoding=\"async\" class=\"size-large wp-image-287897\" src=\"https:\/\/www.fiscalia.gov.co\/colombia\/wp-content\/uploads\/Foto-2-boletin-9-de-febrero-porte-de-arma-de-uso-privativo-1024x780.jpeg\" alt=\"En la imagen esta un hombre de pie, moreno, delgado, vestido con un buzo blanco y azul oscuro, sudadera gris y tenis blanco. Esta acompa\u00f1ado por dos uniformados de la Polic\u00eda Nacional y delante de ellos est\u00e1 una mesa con la granada y la moto incautada.\" width=\"696\" height=\"530\" srcset=\"https:\/\/www.fiscalia.gov.co\/colombia\/wp-content\/uploads\/Foto-2-boletin-9-de-febrero-porte-de-arma-de-uso-privativo-1024x780.jpeg 1024w, https:\/\/www.fiscalia.gov.co\/colombia\/wp-content\/uploads\/Foto-2-boletin-9-de-febrero-porte-de-arma-de-uso-privativo-300x229.jpeg 300w, https:\/\/www.fiscalia.gov.co\/colombia\/wp-content\/uploads\/Foto-2-boletin-9-de-febrero-porte-de-arma-de-uso-privativo-768x585.jpeg 768w, https:\/\/www.fiscalia.gov.co\/colombia\/wp-content\/uploads\/Foto-2-boletin-9-de-febrero-porte-de-arma-de-uso-privativo-1536x1170.jpeg 1536w, https:\/\/www.fiscalia.gov.co\/colombia\/wp-content\/uploads\/Foto-2-boletin-9-de-febrero-porte-de-arma-de-uso-privativo-696x530.jpeg 696w, https:\/\/www.fiscalia.gov.co\/colombia\/wp-content\/uploads\/Foto-2-boletin-9-de-febrero-porte-de-arma-de-uso-privativo-1068x814.jpeg 1068w, https:\/\/www.fiscalia.gov.co\/colombia\/wp-content\/uploads\/Foto-2-boletin-9-de-febrero-porte-de-arma-de-uso-privativo-551x420.jpeg 551w, https:\/\/www.fiscalia.gov.co\/colombia\/wp-content\/uploads\/Foto-2-boletin-9-de-febrero-porte-de-arma-de-uso-privativo-80x60.jpeg 80w, https:\/\/www.fiscalia.gov.co\/colombia\/wp-content\/uploads\/Foto-2-boletin-9-de-febrero-porte-de-arma-de-uso-privativo.jpeg 1600w\" sizes=\"auto, (max-width: 696px) 100vw, 696px\" \/><figcaption id=\"caption-attachment-287897\" class=\"wp-caption-text\">Alias el Aguado fue capturado en una persecuci\u00f3n realizada por la Polic\u00eda Nacional. Le fue hallada una granada.<\/figcaption><\/figure>\n<p>El procesado se desplazaba en una motocicleta por una v\u00eda p\u00fablica cuando not\u00f3 la presencia de la Polic\u00eda Nacional y emprendi\u00f3 la huida.<\/p>\n<p>Luego de la persecuci\u00f3n realizada por las autoridades fue detenido unas cuadras m\u00e1s adelante.\u00a0 En la requisa le fue encontrada una granada de fragmentaci\u00f3n, por lo cual la Fiscal\u00eda le imput\u00f3 el delito de fabricaci\u00f3n, tr\u00e1fico o porte de arma de fuego de uso privativo de las Fuerzas Armadas.<\/p>\n<p>Esta informaci\u00f3n se publica por razones de inter\u00e9s general.<\/p>\n<p><b><u>La Fiscal\u00eda habla con resultados.<\/u><\/b><\/p>\n<p><b><i>Le puede interesar: <\/i><\/b><a id=\"m_-1185628944058393749m_1208543401212599636OWA47e08b67-84ea-9f00-b939-ce4d8fd98b02\" title=\"Acusado por porte de armas de uso privativo de las Fuerzas Militares\u00a0\u00a0\" href=\"https:\/\/www.fiscalia.gov.co\/colombia\/noticias\/acusado-por-porte-de-armas-de-uso-privativo-de-las-fuerzas-militares\/\" target=\"_blank\" rel=\"noopener noreferrer\" data-saferedirecturl=\"https:\/\/www.google.com\/url?q=https:\/\/www.fiscalia.gov.co\/colombia\/noticias\/acusado-por-porte-de-armas-de-uso-privativo-de-las-fuerzas-militares\/&amp;source=gmail&amp;ust=1707583393483000&amp;usg=AOvVaw0z1pScLCf5V5ObTJHCTE52\">Acusado por porte de armas de uso privativo de las Fuerzas Militares\u00a0\u00a0<\/a><\/p>\n<p><a id=\"m_-1185628944058393749m_1208543401212599636OWAb216e1a0-dbcf-024a-8382-5ada3ef7a4ea\" title=\"A la c\u00e1rcel presunto implicado en tr\u00e1fico de estupefacientes y porte ilegal de armas de uso privativo y de defensa personal\" href=\"https:\/\/www.fiscalia.gov.co\/colombia\/noticias\/a-la-carcel-presunto-implicado-en-trafico-de-estupefacientes-y-porte-ilegal-de-armas-de-uso-privativo-y-de-defensa-personal\/\" target=\"_blank\" rel=\"noopener noreferrer\" data-saferedirecturl=\"https:\/\/www.google.com\/url?q=https:\/\/www.fiscalia.gov.co\/colombia\/noticias\/a-la-carcel-presunto-implicado-en-trafico-de-estupefacientes-y-porte-ilegal-de-armas-de-uso-privativo-y-de-defensa-personal\/&amp;source=gmail&amp;ust=1707583393483000&amp;usg=AOvVaw1iOCwoF64hPe__hlrteNeX\">A la c\u00e1rcel presunto implicado en tr\u00e1fico de estupefacientes y porte ilegal de armas de uso privativo y de defensa personal<\/a><\/p>\n<p>&nbsp;<\/p>\n<p>&nbsp;<\/p>\n<p>&nbsp;<\/p>\n<p>&nbsp;<\/p>\n<p>&nbsp;<\/p>\n<p>MEVA\/CFG\/ICHS\/DSB<\/p>\n<p>&nbsp;<\/p>\n<p align=\"center\">\n<p><b>\u00a0<\/b><\/p>\n<p><b>\u00a0<\/b><\/p>\n<p>&nbsp;<\/p>\n<p>&nbsp;<\/p>\n<div class=\"td-post-content tagdiv-type\">\n<div class=\"td-post-content tagdiv-type\">\n<div class=\"td-post-content tagdiv-type\">\n<div class=\"td-post-content tagdiv-type\">\n<p><em>La informaci\u00f3n contenida en este bolet\u00edn de prensa corresponde a la narraci\u00f3n de los hechos noticiosos objetivos, suministrados por los funcionarios encargados de adelantar las investigaciones penales al interior de la Fiscal\u00eda General de la Naci\u00f3n. Para el momento de la divulgaci\u00f3n de este comunicado, la situaci\u00f3n jur\u00eddica de la(s) persona(s) relacionada(s) se encuentra pendiente de resolver por la autoridad judicial competente, siempre bajo los preceptos de la presunci\u00f3n de inocencia, consagrados en el art\u00edculo 29 de la Constituci\u00f3n Pol\u00edtica y el art\u00edculo 7\u00ba de la Ley 906 de 2004.\u00a0<\/em><\/p>\n<\/div>\n<\/div>\n<\/div>\n<footer>\n<div class=\"td-post-source-tags\"><\/div>\n<div class=\"td-post-sharing-bottom\"><\/div>\n<\/footer>\n<\/div>\n<footer>\n<div class=\"td-post-source-tags\"><\/div>\n<div class=\"td-post-sharing-bottom\"><\/div>\n<\/footer>\n\n<div class=\"twitter-share\"><a href=\"https:\/\/twitter.com\/intent\/tweet?via=fiscaliacol\" class=\"twitter-share-button\">Tweet<\/a><\/div>\n","protected":false},"excerpt":{"rendered":"<p>Los procesados deber\u00e1n cumplir la medida de aseguramiento en la c\u00e1rcel San Sebasti\u00e1n Ternera de Cartagena. Fiscales adscritos a la Seccional Bol\u00edvar lograron que jueces de control de garant\u00edas dictaran medida de aseguramiento en establecimiento carcelario en contra de dos hombres por porte ilegal de armas de fuego y explosivos. Uno de ellos habr\u00eda\u00a0participado en [&hellip;]<\/p>\n","protected":false},"author":177,"featured_media":0,"comment_status":"closed","ping_status":"open","sticky":false,"template":"","format":"standard","meta":{"_price":"","_stock":"","_tribe_ticket_header":"","_tribe_default_ticket_provider":"","_tribe_ticket_capacity":"0","_ticket_start_date":"","_ticket_end_date":"","_tribe_ticket_show_description":"","_tribe_ticket_show_not_going":false,"_tribe_ticket_use_global_stock":"","_tribe_ticket_global_stock_level":"","_global_stock_mode":"","_global_stock_cap":"","_tribe_rsvp_for_event":"","_tribe_ticket_going_count":"","_tribe_ticket_not_going_count":"","_tribe_tickets_list":"[]","_tribe_ticket_has_attendee_info_fields":false,"tdm_status":"","tdm_grid_status":"","footnotes":""},"categories":[1],"tags":[9082,14550,23819,23998,24187,1047,23960,558,36925,29369],"class_list":{"0":"post-287895","1":"post","2":"type-post","3":"status-publish","4":"format-standard","6":"category-noticias","7":"tag-bolivar","8":"tag-carcel","9":"tag-cartagena","10":"tag-cartagena-bolivar","11":"tag-fiscalia-colombia","12":"tag-fiscalia-general-de-la-nacion","13":"tag-hurto","14":"tag-policia-nacional","15":"tag-porte-de-arma-de-fuego-de-uso-privativo-de-las-fuerzas-armadas","16":"tag-turbaco"},"yoast_head":"<!-- This site is optimized with the Yoast SEO plugin v24.3 - https:\/\/yoast.com\/wordpress\/plugins\/seo\/ -->\n<title>Fiscal\u00eda General de la Naci\u00f3n<\/title>\n<meta name=\"description\" content=\"P\u00e1gina oficial de la Fiscal\u00eda General de la Naci\u00f3n \u2013 Colombia. Garantizamos el acceso efectivo a la justicia, la verdad y la reparaci\u00f3n de las v\u00edctimas de los delitos.\" \/>\n<meta name=\"robots\" content=\"noindex, follow\" \/>\n<meta property=\"og:locale\" content=\"es_ES\" \/>\n<meta property=\"og:type\" content=\"article\" \/>\n<meta property=\"og:title\" content=\"Fiscal\u00eda General de la Naci\u00f3n\" \/>\n<meta property=\"og:description\" content=\"P\u00e1gina oficial de la Fiscal\u00eda General de la Naci\u00f3n \u2013 Colombia. Garantizamos el acceso efectivo a la justicia, la verdad y la reparaci\u00f3n de las v\u00edctimas de los delitos.\" \/>\n<meta property=\"og:url\" content=\"https:\/\/www.fiscalia.gov.co\/colombia\/noticias\/la-fiscalia-judicializo-a-dos-hombres-por-porte-ilegal-de-armas-y-explosivos-en-bolivar\/\" \/>\n<meta property=\"og:site_name\" content=\"Fiscal\u00eda General de la Naci\u00f3n\" \/>\n<meta property=\"article:publisher\" content=\"https:\/\/www.facebook.com\/FiscaliaCol\" \/>\n<meta property=\"article:published_time\" content=\"2024-02-09T16:49:32+00:00\" \/>\n<meta property=\"og:image\" content=\"https:\/\/www.fiscalia.gov.co\/colombia\/wp-content\/uploads\/Foto-1-boletin-9-de-febrero-hurto-y-porte-de-arma--1024x765.jpeg\" \/>\n<meta name=\"author\" content=\"Jordan Leandro Oviedo Anzola\" \/>\n<meta name=\"twitter:card\" content=\"summary_large_image\" \/>\n<meta name=\"twitter:creator\" content=\"@FiscaliaCol\" \/>\n<meta name=\"twitter:site\" content=\"@FiscaliaCol\" \/>\n<meta name=\"twitter:label1\" content=\"Escrito por\" \/>\n\t<meta name=\"twitter:data1\" content=\"Jordan Leandro Oviedo Anzola\" \/>\n\t<meta name=\"twitter:label2\" content=\"Tiempo de lectura\" \/>\n\t<meta name=\"twitter:data2\" content=\"3 minutos\" \/>\n<script type=\"application\/ld+json\" class=\"yoast-schema-graph\">{\"@context\":\"https:\/\/schema.org\",\"@graph\":[{\"@type\":\"Article\",\"@id\":\"https:\/\/www.fiscalia.gov.co\/colombia\/noticias\/la-fiscalia-judicializo-a-dos-hombres-por-porte-ilegal-de-armas-y-explosivos-en-bolivar\/#article\",\"isPartOf\":{\"@id\":\"https:\/\/www.fiscalia.gov.co\/colombia\/noticias\/la-fiscalia-judicializo-a-dos-hombres-por-porte-ilegal-de-armas-y-explosivos-en-bolivar\/\"},\"author\":{\"name\":\"Jordan Leandro Oviedo Anzola\",\"@id\":\"https:\/\/www.fiscalia.gov.co\/colombia\/#\/schema\/person\/bf84402cf293a5393e9c70b111020b24\"},\"headline\":\"La Fiscal\u00eda judicializ\u00f3 a dos hombres por porte ilegal de armas y explosivos en Bol\u00edvar\",\"datePublished\":\"2024-02-09T16:49:32+00:00\",\"dateModified\":\"2024-02-09T16:49:32+00:00\",\"mainEntityOfPage\":{\"@id\":\"https:\/\/www.fiscalia.gov.co\/colombia\/noticias\/la-fiscalia-judicializo-a-dos-hombres-por-porte-ilegal-de-armas-y-explosivos-en-bolivar\/\"},\"wordCount\":573,\"publisher\":{\"@id\":\"https:\/\/www.fiscalia.gov.co\/colombia\/#organization\"},\"image\":{\"@id\":\"https:\/\/www.fiscalia.gov.co\/colombia\/noticias\/la-fiscalia-judicializo-a-dos-hombres-por-porte-ilegal-de-armas-y-explosivos-en-bolivar\/#primaryimage\"},\"thumbnailUrl\":\"https:\/\/www.fiscalia.gov.co\/colombia\/wp-content\/uploads\/Foto-1-boletin-9-de-febrero-hurto-y-porte-de-arma--1024x765.jpeg\",\"keywords\":[\"Bol\u00edvar\",\"C\u00e1rcel\",\"Cartagena\",\"Cartagena (Bol\u00edvar)\",\"Fiscal\u00eda Colombia\",\"Fiscal\u00eda General de la Naci\u00f3n\",\"Hurto\",\"Polic\u00eda Nacional\",\"porte de arma de fuego de uso privativo de las Fuerzas Armadas\",\"Turbaco\"],\"articleSection\":[\"Noticias\"],\"inLanguage\":\"es-CO\"},{\"@type\":\"WebPage\",\"@id\":\"https:\/\/www.fiscalia.gov.co\/colombia\/noticias\/la-fiscalia-judicializo-a-dos-hombres-por-porte-ilegal-de-armas-y-explosivos-en-bolivar\/\",\"url\":\"https:\/\/www.fiscalia.gov.co\/colombia\/noticias\/la-fiscalia-judicializo-a-dos-hombres-por-porte-ilegal-de-armas-y-explosivos-en-bolivar\/\",\"name\":\"Fiscal\u00eda General de la Naci\u00f3n\",\"isPartOf\":{\"@id\":\"https:\/\/www.fiscalia.gov.co\/colombia\/#website\"},\"primaryImageOfPage\":{\"@id\":\"https:\/\/www.fiscalia.gov.co\/colombia\/noticias\/la-fiscalia-judicializo-a-dos-hombres-por-porte-ilegal-de-armas-y-explosivos-en-bolivar\/#primaryimage\"},\"image\":{\"@id\":\"https:\/\/www.fiscalia.gov.co\/colombia\/noticias\/la-fiscalia-judicializo-a-dos-hombres-por-porte-ilegal-de-armas-y-explosivos-en-bolivar\/#primaryimage\"},\"thumbnailUrl\":\"https:\/\/www.fiscalia.gov.co\/colombia\/wp-content\/uploads\/Foto-1-boletin-9-de-febrero-hurto-y-porte-de-arma--1024x765.jpeg\",\"datePublished\":\"2024-02-09T16:49:32+00:00\",\"dateModified\":\"2024-02-09T16:49:32+00:00\",\"description\":\"P\u00e1gina oficial de la Fiscal\u00eda General de la Naci\u00f3n \u2013 Colombia. Garantizamos el acceso efectivo a la justicia, la verdad y la reparaci\u00f3n de las v\u00edctimas de los delitos.\",\"breadcrumb\":{\"@id\":\"https:\/\/www.fiscalia.gov.co\/colombia\/noticias\/la-fiscalia-judicializo-a-dos-hombres-por-porte-ilegal-de-armas-y-explosivos-en-bolivar\/#breadcrumb\"},\"inLanguage\":\"es-CO\",\"potentialAction\":[{\"@type\":\"ReadAction\",\"target\":[\"https:\/\/www.fiscalia.gov.co\/colombia\/noticias\/la-fiscalia-judicializo-a-dos-hombres-por-porte-ilegal-de-armas-y-explosivos-en-bolivar\/\"]}]},{\"@type\":\"ImageObject\",\"inLanguage\":\"es-CO\",\"@id\":\"https:\/\/www.fiscalia.gov.co\/colombia\/noticias\/la-fiscalia-judicializo-a-dos-hombres-por-porte-ilegal-de-armas-y-explosivos-en-bolivar\/#primaryimage\",\"url\":\"https:\/\/www.fiscalia.gov.co\/colombia\/wp-content\/uploads\/Foto-1-boletin-9-de-febrero-hurto-y-porte-de-arma--1024x765.jpeg\",\"contentUrl\":\"https:\/\/www.fiscalia.gov.co\/colombia\/wp-content\/uploads\/Foto-1-boletin-9-de-febrero-hurto-y-porte-de-arma--1024x765.jpeg\"},{\"@type\":\"BreadcrumbList\",\"@id\":\"https:\/\/www.fiscalia.gov.co\/colombia\/noticias\/la-fiscalia-judicializo-a-dos-hombres-por-porte-ilegal-de-armas-y-explosivos-en-bolivar\/#breadcrumb\",\"itemListElement\":[{\"@type\":\"ListItem\",\"position\":1,\"name\":\"Home\",\"item\":\"https:\/\/www.fiscalia.gov.co\/colombia\/\"},{\"@type\":\"ListItem\",\"position\":2,\"name\":\"La Fiscal\u00eda judicializ\u00f3 a dos hombres por porte ilegal de armas y explosivos en Bol\u00edvar\"}]},{\"@type\":\"WebSite\",\"@id\":\"https:\/\/www.fiscalia.gov.co\/colombia\/#website\",\"url\":\"https:\/\/www.fiscalia.gov.co\/colombia\/\",\"name\":\"Fiscal\u00eda General de la Naci\u00f3n\",\"description\":\"P\u00e1gina oficial de la Fiscal\u00eda General de la Naci\u00f3n \u2013 Colombia. Garantizamos el acceso efectivo a la justicia, la verdad y la reparaci\u00f3n de las v\u00edctimas de los delitos.\",\"publisher\":{\"@id\":\"https:\/\/www.fiscalia.gov.co\/colombia\/#organization\"},\"potentialAction\":[{\"@type\":\"SearchAction\",\"target\":{\"@type\":\"EntryPoint\",\"urlTemplate\":\"https:\/\/www.fiscalia.gov.co\/colombia\/?s={search_term_string}\"},\"query-input\":{\"@type\":\"PropertyValueSpecification\",\"valueRequired\":true,\"valueName\":\"search_term_string\"}}],\"inLanguage\":\"es-CO\"},{\"@type\":\"Organization\",\"@id\":\"https:\/\/www.fiscalia.gov.co\/colombia\/#organization\",\"name\":\"Fiscal\u00eda General de la Naci\u00f3n\",\"url\":\"https:\/\/www.fiscalia.gov.co\/colombia\/\",\"logo\":{\"@type\":\"ImageObject\",\"inLanguage\":\"es-CO\",\"@id\":\"https:\/\/www.fiscalia.gov.co\/colombia\/#\/schema\/logo\/image\/\",\"url\":\"https:\/\/www.fiscalia.gov.co\/colombia\/wp-content\/uploads\/LogoHorizontal_1.jpg\",\"contentUrl\":\"https:\/\/www.fiscalia.gov.co\/colombia\/wp-content\/uploads\/LogoHorizontal_1.jpg\",\"width\":300,\"height\":90,\"caption\":\"Fiscal\u00eda General de la Naci\u00f3n\"},\"image\":{\"@id\":\"https:\/\/www.fiscalia.gov.co\/colombia\/#\/schema\/logo\/image\/\"},\"sameAs\":[\"https:\/\/www.facebook.com\/FiscaliaCol\",\"https:\/\/x.com\/FiscaliaCol\",\"https:\/\/www.instagram.com\/fiscaliacol\",\"https:\/\/www.linkedin.com\/company\/fiscalia-general-de-la-naci-n\/\",\"https:\/\/youtube.com\/@fiscaliageneraldelanacion-4668?si=6nN79nyQICPU5iTh\"]},{\"@type\":\"Person\",\"@id\":\"https:\/\/www.fiscalia.gov.co\/colombia\/#\/schema\/person\/bf84402cf293a5393e9c70b111020b24\",\"name\":\"Jordan Leandro Oviedo Anzola\",\"image\":{\"@type\":\"ImageObject\",\"inLanguage\":\"es-CO\",\"@id\":\"https:\/\/www.fiscalia.gov.co\/colombia\/#\/schema\/person\/image\/\",\"url\":\"https:\/\/secure.gravatar.com\/avatar\/dabba4346fa9b9207d96adafa8f92721?s=96&d=mm&r=g\",\"contentUrl\":\"https:\/\/secure.gravatar.com\/avatar\/dabba4346fa9b9207d96adafa8f92721?s=96&d=mm&r=g\",\"caption\":\"Jordan Leandro Oviedo Anzola\"},\"url\":\"https:\/\/www.fiscalia.gov.co\/colombia\/author\/joviedo\/\"}]}<\/script>\n<!-- \/ Yoast SEO plugin. -->","yoast_head_json":{"title":"Fiscal\u00eda General de la Naci\u00f3n","description":"P\u00e1gina oficial de la Fiscal\u00eda General de la Naci\u00f3n \u2013 Colombia. Garantizamos el acceso efectivo a la justicia, la verdad y la reparaci\u00f3n de las v\u00edctimas de los delitos.","robots":{"index":"noindex","follow":"follow"},"og_locale":"es_ES","og_type":"article","og_title":"Fiscal\u00eda General de la Naci\u00f3n","og_description":"P\u00e1gina oficial de la Fiscal\u00eda General de la Naci\u00f3n \u2013 Colombia. Garantizamos el acceso efectivo a la justicia, la verdad y la reparaci\u00f3n de las v\u00edctimas de los delitos.","og_url":"https:\/\/www.fiscalia.gov.co\/colombia\/noticias\/la-fiscalia-judicializo-a-dos-hombres-por-porte-ilegal-de-armas-y-explosivos-en-bolivar\/","og_site_name":"Fiscal\u00eda General de la Naci\u00f3n","article_publisher":"https:\/\/www.facebook.com\/FiscaliaCol","article_published_time":"2024-02-09T16:49:32+00:00","og_image":[{"url":"https:\/\/www.fiscalia.gov.co\/colombia\/wp-content\/uploads\/Foto-1-boletin-9-de-febrero-hurto-y-porte-de-arma--1024x765.jpeg","type":"","width":"","height":""}],"author":"Jordan Leandro Oviedo Anzola","twitter_card":"summary_large_image","twitter_creator":"@FiscaliaCol","twitter_site":"@FiscaliaCol","twitter_misc":{"Escrito por":"Jordan Leandro Oviedo Anzola","Tiempo de lectura":"3 minutos"},"schema":{"@context":"https:\/\/schema.org","@graph":[{"@type":"Article","@id":"https:\/\/www.fiscalia.gov.co\/colombia\/noticias\/la-fiscalia-judicializo-a-dos-hombres-por-porte-ilegal-de-armas-y-explosivos-en-bolivar\/#article","isPartOf":{"@id":"https:\/\/www.fiscalia.gov.co\/colombia\/noticias\/la-fiscalia-judicializo-a-dos-hombres-por-porte-ilegal-de-armas-y-explosivos-en-bolivar\/"},"author":{"name":"Jordan Leandro Oviedo Anzola","@id":"https:\/\/www.fiscalia.gov.co\/colombia\/#\/schema\/person\/bf84402cf293a5393e9c70b111020b24"},"headline":"La Fiscal\u00eda judicializ\u00f3 a dos hombres por porte ilegal de armas y explosivos en Bol\u00edvar","datePublished":"2024-02-09T16:49:32+00:00","dateModified":"2024-02-09T16:49:32+00:00","mainEntityOfPage":{"@id":"https:\/\/www.fiscalia.gov.co\/colombia\/noticias\/la-fiscalia-judicializo-a-dos-hombres-por-porte-ilegal-de-armas-y-explosivos-en-bolivar\/"},"wordCount":573,"publisher":{"@id":"https:\/\/www.fiscalia.gov.co\/colombia\/#organization"},"image":{"@id":"https:\/\/www.fiscalia.gov.co\/colombia\/noticias\/la-fiscalia-judicializo-a-dos-hombres-por-porte-ilegal-de-armas-y-explosivos-en-bolivar\/#primaryimage"},"thumbnailUrl":"https:\/\/www.fiscalia.gov.co\/colombia\/wp-content\/uploads\/Foto-1-boletin-9-de-febrero-hurto-y-porte-de-arma--1024x765.jpeg","keywords":["Bol\u00edvar","C\u00e1rcel","Cartagena","Cartagena (Bol\u00edvar)","Fiscal\u00eda Colombia","Fiscal\u00eda General de la Naci\u00f3n","Hurto","Polic\u00eda Nacional","porte de arma de fuego de uso privativo de las Fuerzas Armadas","Turbaco"],"articleSection":["Noticias"],"inLanguage":"es-CO"},{"@type":"WebPage","@id":"https:\/\/www.fiscalia.gov.co\/colombia\/noticias\/la-fiscalia-judicializo-a-dos-hombres-por-porte-ilegal-de-armas-y-explosivos-en-bolivar\/","url":"https:\/\/www.fiscalia.gov.co\/colombia\/noticias\/la-fiscalia-judicializo-a-dos-hombres-por-porte-ilegal-de-armas-y-explosivos-en-bolivar\/","name":"Fiscal\u00eda General de la Naci\u00f3n","isPartOf":{"@id":"https:\/\/www.fiscalia.gov.co\/colombia\/#website"},"primaryImageOfPage":{"@id":"https:\/\/www.fiscalia.gov.co\/colombia\/noticias\/la-fiscalia-judicializo-a-dos-hombres-por-porte-ilegal-de-armas-y-explosivos-en-bolivar\/#primaryimage"},"image":{"@id":"https:\/\/www.fiscalia.gov.co\/colombia\/noticias\/la-fiscalia-judicializo-a-dos-hombres-por-porte-ilegal-de-armas-y-explosivos-en-bolivar\/#primaryimage"},"thumbnailUrl":"https:\/\/www.fiscalia.gov.co\/colombia\/wp-content\/uploads\/Foto-1-boletin-9-de-febrero-hurto-y-porte-de-arma--1024x765.jpeg","datePublished":"2024-02-09T16:49:32+00:00","dateModified":"2024-02-09T16:49:32+00:00","description":"P\u00e1gina oficial de la Fiscal\u00eda General de la Naci\u00f3n \u2013 Colombia. Garantizamos el acceso efectivo a la justicia, la verdad y la reparaci\u00f3n de las v\u00edctimas de los delitos.","breadcrumb":{"@id":"https:\/\/www.fiscalia.gov.co\/colombia\/noticias\/la-fiscalia-judicializo-a-dos-hombres-por-porte-ilegal-de-armas-y-explosivos-en-bolivar\/#breadcrumb"},"inLanguage":"es-CO","potentialAction":[{"@type":"ReadAction","target":["https:\/\/www.fiscalia.gov.co\/colombia\/noticias\/la-fiscalia-judicializo-a-dos-hombres-por-porte-ilegal-de-armas-y-explosivos-en-bolivar\/"]}]},{"@type":"ImageObject","inLanguage":"es-CO","@id":"https:\/\/www.fiscalia.gov.co\/colombia\/noticias\/la-fiscalia-judicializo-a-dos-hombres-por-porte-ilegal-de-armas-y-explosivos-en-bolivar\/#primaryimage","url":"https:\/\/www.fiscalia.gov.co\/colombia\/wp-content\/uploads\/Foto-1-boletin-9-de-febrero-hurto-y-porte-de-arma--1024x765.jpeg","contentUrl":"https:\/\/www.fiscalia.gov.co\/colombia\/wp-content\/uploads\/Foto-1-boletin-9-de-febrero-hurto-y-porte-de-arma--1024x765.jpeg"},{"@type":"BreadcrumbList","@id":"https:\/\/www.fiscalia.gov.co\/colombia\/noticias\/la-fiscalia-judicializo-a-dos-hombres-por-porte-ilegal-de-armas-y-explosivos-en-bolivar\/#breadcrumb","itemListElement":[{"@type":"ListItem","position":1,"name":"Home","item":"https:\/\/www.fiscalia.gov.co\/colombia\/"},{"@type":"ListItem","position":2,"name":"La Fiscal\u00eda judicializ\u00f3 a dos hombres por porte ilegal de armas y explosivos en Bol\u00edvar"}]},{"@type":"WebSite","@id":"https:\/\/www.fiscalia.gov.co\/colombia\/#website","url":"https:\/\/www.fiscalia.gov.co\/colombia\/","name":"Fiscal\u00eda General de la Naci\u00f3n","description":"P\u00e1gina oficial de la Fiscal\u00eda General de la Naci\u00f3n \u2013 Colombia. Garantizamos el acceso efectivo a la justicia, la verdad y la reparaci\u00f3n de las v\u00edctimas de los delitos.","publisher":{"@id":"https:\/\/www.fiscalia.gov.co\/colombia\/#organization"},"potentialAction":[{"@type":"SearchAction","target":{"@type":"EntryPoint","urlTemplate":"https:\/\/www.fiscalia.gov.co\/colombia\/?s={search_term_string}"},"query-input":{"@type":"PropertyValueSpecification","valueRequired":true,"valueName":"search_term_string"}}],"inLanguage":"es-CO"},{"@type":"Organization","@id":"https:\/\/www.fiscalia.gov.co\/colombia\/#organization","name":"Fiscal\u00eda General de la Naci\u00f3n","url":"https:\/\/www.fiscalia.gov.co\/colombia\/","logo":{"@type":"ImageObject","inLanguage":"es-CO","@id":"https:\/\/www.fiscalia.gov.co\/colombia\/#\/schema\/logo\/image\/","url":"https:\/\/www.fiscalia.gov.co\/colombia\/wp-content\/uploads\/LogoHorizontal_1.jpg","contentUrl":"https:\/\/www.fiscalia.gov.co\/colombia\/wp-content\/uploads\/LogoHorizontal_1.jpg","width":300,"height":90,"caption":"Fiscal\u00eda General de la Naci\u00f3n"},"image":{"@id":"https:\/\/www.fiscalia.gov.co\/colombia\/#\/schema\/logo\/image\/"},"sameAs":["https:\/\/www.facebook.com\/FiscaliaCol","https:\/\/x.com\/FiscaliaCol","https:\/\/www.instagram.com\/fiscaliacol","https:\/\/www.linkedin.com\/company\/fiscalia-general-de-la-naci-n\/","https:\/\/youtube.com\/@fiscaliageneraldelanacion-4668?si=6nN79nyQICPU5iTh"]},{"@type":"Person","@id":"https:\/\/www.fiscalia.gov.co\/colombia\/#\/schema\/person\/bf84402cf293a5393e9c70b111020b24","name":"Jordan Leandro Oviedo Anzola","image":{"@type":"ImageObject","inLanguage":"es-CO","@id":"https:\/\/www.fiscalia.gov.co\/colombia\/#\/schema\/person\/image\/","url":"https:\/\/secure.gravatar.com\/avatar\/dabba4346fa9b9207d96adafa8f92721?s=96&d=mm&r=g","contentUrl":"https:\/\/secure.gravatar.com\/avatar\/dabba4346fa9b9207d96adafa8f92721?s=96&d=mm&r=g","caption":"Jordan Leandro Oviedo Anzola"},"url":"https:\/\/www.fiscalia.gov.co\/colombia\/author\/joviedo\/"}]}},"_links":{"self":[{"href":"https:\/\/www.fiscalia.gov.co\/colombia\/wp-json\/wp\/v2\/posts\/287895","targetHints":{"allow":["GET"]}}],"collection":[{"href":"https:\/\/www.fiscalia.gov.co\/colombia\/wp-json\/wp\/v2\/posts"}],"about":[{"href":"https:\/\/www.fiscalia.gov.co\/colombia\/wp-json\/wp\/v2\/types\/post"}],"author":[{"embeddable":true,"href":"https:\/\/www.fiscalia.gov.co\/colombia\/wp-json\/wp\/v2\/users\/177"}],"replies":[{"embeddable":true,"href":"https:\/\/www.fiscalia.gov.co\/colombia\/wp-json\/wp\/v2\/comments?post=287895"}],"version-history":[{"count":1,"href":"https:\/\/www.fiscalia.gov.co\/colombia\/wp-json\/wp\/v2\/posts\/287895\/revisions"}],"predecessor-version":[{"id":287898,"href":"https:\/\/www.fiscalia.gov.co\/colombia\/wp-json\/wp\/v2\/posts\/287895\/revisions\/287898"}],"wp:attachment":[{"href":"https:\/\/www.fiscalia.gov.co\/colombia\/wp-json\/wp\/v2\/media?parent=287895"}],"wp:term":[{"taxonomy":"category","embeddable":true,"href":"https:\/\/www.fiscalia.gov.co\/colombia\/wp-json\/wp\/v2\/categories?post=287895"},{"taxonomy":"post_tag","embeddable":true,"href":"https:\/\/www.fiscalia.gov.co\/colombia\/wp-json\/wp\/v2\/tags?post=287895"}],"curies":[{"name":"wp","href":"https:\/\/api.w.org\/{rel}","templated":true}]}}