{"id":287775,"date":"2024-02-08T08:46:14","date_gmt":"2024-02-08T13:46:14","guid":{"rendered":"https:\/\/www.fiscalia.gov.co\/colombia\/?p=287775"},"modified":"2024-02-08T08:46:14","modified_gmt":"2024-02-08T13:46:14","slug":"fiscalia-imputa-a-tres-exfuncionarios-de-la-gobernacion-de-amazonas-por-presuntas-irregularidades-en-un-proyecto-de-energia-solar-para-comunidades-indigenas","status":"publish","type":"post","link":"https:\/\/www.fiscalia.gov.co\/colombia\/corrupcion\/fiscalia-imputa-a-tres-exfuncionarios-de-la-gobernacion-de-amazonas-por-presuntas-irregularidades-en-un-proyecto-de-energia-solar-para-comunidades-indigenas\/","title":{"rendered":"Fiscal\u00eda imputa a tres exfuncionarios de la Gobernaci\u00f3n de Amazonas por presuntas irregularidades en un proyecto de energ\u00eda solar para comunidades ind\u00edgenas \u00a0"},"content":{"rendered":"<h4><em><strong>Los procesados habr\u00edan destinado recursos de regal\u00edas por m\u00e1s de 26.878 millones de pesos para la construcci\u00f3n de huertas solares, las cuales no eran viables. Ocho a\u00f1os despu\u00e9s las obras no han culminado.<\/strong> <\/em><\/h4>\n<p>La acci\u00f3n investigativa de la Fiscal\u00eda General de la Naci\u00f3n advirti\u00f3 irregularidades en el tr\u00e1mite, celebraci\u00f3n y ejecuci\u00f3n de un contrato que contempl\u00f3 la obtenci\u00f3n de energ\u00eda con tres huertas solares para llevar luz el\u00e9ctrica a tres comunidades ind\u00edgenas de Amazonas.<\/p>\n<p>En ese sentido, un fiscal de la Direcci\u00f3n Especializada contra la Corrupci\u00f3n present\u00f3 ante un juez de control de garant\u00edas a tres funcionarios de la Gobernaci\u00f3n de Amazonas, que estar\u00edan involucrados en las anomal\u00edas detectadas. Se trata del exsecretario de Planeaci\u00f3n del departamento, Luis Eduardo Ni\u00f1o Lozada; el exdirector de Infraestructura de la Secretaria de Planeaci\u00f3n, V\u00edctor Julio Segura Ruiz; y el exjefe de la Oficina Jur\u00eddica, Jairo Nixon Espejo Bahos.<\/p>\n<p>En marzo de 2015, la Gobernaci\u00f3n de Amazonas present\u00f3 el proyecto de energ\u00eda solar ante el \u00d3rgano Colegiado de Administraci\u00f3n y Decisi\u00f3n (OCAD &#8211; Regional Sur), el cual dos meses despu\u00e9s le dio viabilidad, prioridad y aprobaci\u00f3n, por un valor de 26.878 millones de pesos.<\/p>\n<p>El material de prueba da cuenta que, durante la etapa de formulaci\u00f3n de la iniciativa, se entregaron cinco certificaciones con contenido falso, que soportaban la supuesta inclusi\u00f3n del proyecto en el plan de desarrollo del departamento y los planes locales; y el aval t\u00e9cnico, financiero y de sostenibilidad por parte de la empresa de energ\u00eda del departamento; entre otras exigencias de ley.<\/p>\n<p>Contrario a lo que establec\u00edan los documentos, la Fiscal\u00eda determin\u00f3 que en los estudios previos no se estableci\u00f3 la operaci\u00f3n, administraci\u00f3n, mantenimiento y un esquema de sostenibilidad a 10 a\u00f1os de las huertas solares. Tampoco se cont\u00f3 con el concepto del operador que ten\u00eda la exclusividad de generar, distribuir y comercializar la energ\u00eda el\u00e9ctrica; ni se fij\u00f3 con claridad si el servicio a prestar ser\u00eda gratuito o tendr\u00eda alg\u00fan costo para las comunidades ind\u00edgenas.<\/p>\n<p>Estas y otras irregularidades fueron informadas en su momento por el Ministerio de Minas y la empresa privada que prove\u00eda la energ\u00eda a Amazonas; pero la administraci\u00f3n continu\u00f3 con la licitaci\u00f3n y suscribi\u00f3 el contrato el 21 de septiembre de 2015. A la fecha, las obras no han terminado.<\/p>\n<p>Por todo lo anterior, los exfuncionarios fueron imputados por el delito de contrato sin cumplimiento de requisitos legales. Adicionalmente, a Ni\u00f1o Lozada le fueron formulados los delitos de fraude procesal y falsedad ideol\u00f3gica en documento p\u00fablico. Los investigados no aceptaron los cargos.<\/p>\n<p>Esta informaci\u00f3n se publica por razones de inter\u00e9s general.<\/p>\n<p><strong><u>La Fiscal\u00eda habla con resultados.<\/u><\/strong><\/p>\n<p>&nbsp;<\/p>\n<p>&nbsp;<\/p>\n<p>&nbsp;<\/p>\n<p>&nbsp;<\/p>\n<p>&nbsp;<\/p>\n<p>&nbsp;<\/p>\n<p>LAGP\/JARG\/CCF\/DECC\/MRC.<\/p>\n<p>&nbsp;<\/p>\n<p>&nbsp;<\/p>\n<p>&nbsp;<\/p>\n<p>&nbsp;<\/p>\n<p>&nbsp;<\/p>\n<div class=\"td-post-content tagdiv-type\">\n<div class=\"td-post-content tagdiv-type\">\n<p><em>La informaci\u00f3n contenida en este bolet\u00edn de prensa corresponde a la narraci\u00f3n de los hechos noticiosos objetivos, y las investigaciones penales al interior de la Fiscal\u00eda General de la Naci\u00f3n. Para el momento de la divulgaci\u00f3n de este comunicado, la situaci\u00f3n jur\u00eddica de la(s) persona(s) relacionada(s) se encuentra pendiente de resolver por la autoridad judicial competente, siempre bajo los preceptos de la presunci\u00f3n de inocencia, consagrados en el art\u00edculo 29 de la Constituci\u00f3n Pol\u00edtica y el art\u00edculo 7\u00ba de la Ley 906 de 2004.<\/em><\/p>\n<\/div>\n<\/div>\n<p>&nbsp;<\/p>\n\n<div class=\"twitter-share\"><a href=\"https:\/\/twitter.com\/intent\/tweet?via=fiscaliacol\" class=\"twitter-share-button\">Tweet<\/a><\/div>\n","protected":false},"excerpt":{"rendered":"<p>Los procesados habr\u00edan destinado recursos de regal\u00edas por m\u00e1s de 26.878 millones de pesos para la construcci\u00f3n de huertas solares, las cuales no eran viables. Ocho a\u00f1os despu\u00e9s las obras no han culminado. La acci\u00f3n investigativa de la Fiscal\u00eda General de la Naci\u00f3n advirti\u00f3 irregularidades en el tr\u00e1mite, celebraci\u00f3n y ejecuci\u00f3n de un contrato que [&hellip;]<\/p>\n","protected":false},"author":177,"featured_media":0,"comment_status":"closed","ping_status":"open","sticky":false,"template":"","format":"standard","meta":{"tdm_status":"","tdm_grid_status":"","footnotes":""},"categories":[24097,24107,1],"tags":[7823,36907,427,36906,24185,1047,35124,1705,34232],"class_list":{"0":"post-287775","1":"post","2":"type-post","3":"status-publish","4":"format-standard","6":"category-corrupcion","7":"category-lucha-contra-corrupcion","8":"category-noticias","9":"tag-amazonas","10":"tag-comunidades","11":"tag-corrupcion","12":"tag-energia-solar","13":"tag-fiscal-barbosa","14":"tag-fiscalia-general-de-la-nacion","15":"tag-gobernacion","16":"tag-indigenas","17":"tag-proyecto"},"yoast_head":"<!-- This site is optimized with the Yoast SEO plugin v24.3 - https:\/\/yoast.com\/wordpress\/plugins\/seo\/ -->\n<title>Fiscal\u00eda General de la Naci\u00f3n<\/title>\n<meta name=\"description\" content=\"P\u00e1gina oficial de la Fiscal\u00eda General de la Naci\u00f3n \u2013 Colombia. Garantizamos el acceso efectivo a la justicia, la verdad y la reparaci\u00f3n de las v\u00edctimas de los delitos.\" \/>\n<meta name=\"robots\" content=\"noindex, follow\" \/>\n<meta property=\"og:locale\" content=\"es_ES\" \/>\n<meta property=\"og:type\" content=\"article\" \/>\n<meta property=\"og:title\" content=\"Fiscal\u00eda General de la Naci\u00f3n\" \/>\n<meta property=\"og:description\" content=\"P\u00e1gina oficial de la Fiscal\u00eda General de la Naci\u00f3n \u2013 Colombia. Garantizamos el acceso efectivo a la justicia, la verdad y la reparaci\u00f3n de las v\u00edctimas de los delitos.\" \/>\n<meta property=\"og:url\" content=\"https:\/\/www.fiscalia.gov.co\/colombia\/corrupcion\/fiscalia-imputa-a-tres-exfuncionarios-de-la-gobernacion-de-amazonas-por-presuntas-irregularidades-en-un-proyecto-de-energia-solar-para-comunidades-indigenas\/\" \/>\n<meta property=\"og:site_name\" content=\"Fiscal\u00eda General de la Naci\u00f3n\" \/>\n<meta property=\"article:publisher\" content=\"https:\/\/www.facebook.com\/FiscaliaCol\" \/>\n<meta property=\"article:published_time\" content=\"2024-02-08T13:46:14+00:00\" \/>\n<meta name=\"author\" content=\"Jordan Leandro Oviedo Anzola\" \/>\n<meta name=\"twitter:card\" content=\"summary_large_image\" \/>\n<meta name=\"twitter:creator\" content=\"@FiscaliaCol\" \/>\n<meta name=\"twitter:site\" content=\"@FiscaliaCol\" \/>\n<meta name=\"twitter:label1\" content=\"Escrito por\" \/>\n\t<meta name=\"twitter:data1\" content=\"Jordan Leandro Oviedo Anzola\" \/>\n\t<meta name=\"twitter:label2\" content=\"Tiempo de lectura\" \/>\n\t<meta name=\"twitter:data2\" content=\"3 minutos\" \/>\n<script type=\"application\/ld+json\" class=\"yoast-schema-graph\">{\"@context\":\"https:\/\/schema.org\",\"@graph\":[{\"@type\":\"Article\",\"@id\":\"https:\/\/www.fiscalia.gov.co\/colombia\/corrupcion\/fiscalia-imputa-a-tres-exfuncionarios-de-la-gobernacion-de-amazonas-por-presuntas-irregularidades-en-un-proyecto-de-energia-solar-para-comunidades-indigenas\/#article\",\"isPartOf\":{\"@id\":\"https:\/\/www.fiscalia.gov.co\/colombia\/corrupcion\/fiscalia-imputa-a-tres-exfuncionarios-de-la-gobernacion-de-amazonas-por-presuntas-irregularidades-en-un-proyecto-de-energia-solar-para-comunidades-indigenas\/\"},\"author\":{\"name\":\"Jordan Leandro Oviedo Anzola\",\"@id\":\"https:\/\/www.fiscalia.gov.co\/colombia\/#\/schema\/person\/bf84402cf293a5393e9c70b111020b24\"},\"headline\":\"Fiscal\u00eda imputa a tres exfuncionarios de la Gobernaci\u00f3n de Amazonas por presuntas irregularidades en un proyecto de energ\u00eda solar para comunidades ind\u00edgenas \u00a0\",\"datePublished\":\"2024-02-08T13:46:14+00:00\",\"dateModified\":\"2024-02-08T13:46:14+00:00\",\"mainEntityOfPage\":{\"@id\":\"https:\/\/www.fiscalia.gov.co\/colombia\/corrupcion\/fiscalia-imputa-a-tres-exfuncionarios-de-la-gobernacion-de-amazonas-por-presuntas-irregularidades-en-un-proyecto-de-energia-solar-para-comunidades-indigenas\/\"},\"wordCount\":623,\"publisher\":{\"@id\":\"https:\/\/www.fiscalia.gov.co\/colombia\/#organization\"},\"keywords\":[\"Amazonas\",\"comunidades\",\"Corrupci\u00f3n\",\"energia solar\",\"Fiscal Barbosa\",\"Fiscal\u00eda General de la Naci\u00f3n\",\"gobernaci\u00f3n\",\"Ind\u00edgenas\",\"Proyecto\"],\"articleSection\":[\"Corrupci\u00f3n\",\"Corrupci\u00f3n\",\"Noticias\"],\"inLanguage\":\"es-CO\"},{\"@type\":\"WebPage\",\"@id\":\"https:\/\/www.fiscalia.gov.co\/colombia\/corrupcion\/fiscalia-imputa-a-tres-exfuncionarios-de-la-gobernacion-de-amazonas-por-presuntas-irregularidades-en-un-proyecto-de-energia-solar-para-comunidades-indigenas\/\",\"url\":\"https:\/\/www.fiscalia.gov.co\/colombia\/corrupcion\/fiscalia-imputa-a-tres-exfuncionarios-de-la-gobernacion-de-amazonas-por-presuntas-irregularidades-en-un-proyecto-de-energia-solar-para-comunidades-indigenas\/\",\"name\":\"Fiscal\u00eda General de la Naci\u00f3n\",\"isPartOf\":{\"@id\":\"https:\/\/www.fiscalia.gov.co\/colombia\/#website\"},\"datePublished\":\"2024-02-08T13:46:14+00:00\",\"dateModified\":\"2024-02-08T13:46:14+00:00\",\"description\":\"P\u00e1gina oficial de la Fiscal\u00eda General de la Naci\u00f3n \u2013 Colombia. Garantizamos el acceso efectivo a la justicia, la verdad y la reparaci\u00f3n de las v\u00edctimas de los delitos.\",\"breadcrumb\":{\"@id\":\"https:\/\/www.fiscalia.gov.co\/colombia\/corrupcion\/fiscalia-imputa-a-tres-exfuncionarios-de-la-gobernacion-de-amazonas-por-presuntas-irregularidades-en-un-proyecto-de-energia-solar-para-comunidades-indigenas\/#breadcrumb\"},\"inLanguage\":\"es-CO\",\"potentialAction\":[{\"@type\":\"ReadAction\",\"target\":[\"https:\/\/www.fiscalia.gov.co\/colombia\/corrupcion\/fiscalia-imputa-a-tres-exfuncionarios-de-la-gobernacion-de-amazonas-por-presuntas-irregularidades-en-un-proyecto-de-energia-solar-para-comunidades-indigenas\/\"]}]},{\"@type\":\"BreadcrumbList\",\"@id\":\"https:\/\/www.fiscalia.gov.co\/colombia\/corrupcion\/fiscalia-imputa-a-tres-exfuncionarios-de-la-gobernacion-de-amazonas-por-presuntas-irregularidades-en-un-proyecto-de-energia-solar-para-comunidades-indigenas\/#breadcrumb\",\"itemListElement\":[{\"@type\":\"ListItem\",\"position\":1,\"name\":\"Home\",\"item\":\"https:\/\/www.fiscalia.gov.co\/colombia\/\"},{\"@type\":\"ListItem\",\"position\":2,\"name\":\"Fiscal\u00eda imputa a tres exfuncionarios de la Gobernaci\u00f3n de Amazonas por presuntas irregularidades en un proyecto de energ\u00eda solar para comunidades ind\u00edgenas \u00a0\"}]},{\"@type\":\"WebSite\",\"@id\":\"https:\/\/www.fiscalia.gov.co\/colombia\/#website\",\"url\":\"https:\/\/www.fiscalia.gov.co\/colombia\/\",\"name\":\"Fiscal\u00eda General de la Naci\u00f3n\",\"description\":\"P\u00e1gina oficial de la Fiscal\u00eda General de la Naci\u00f3n \u2013 Colombia. Garantizamos el acceso efectivo a la justicia, la verdad y la reparaci\u00f3n de las v\u00edctimas de los delitos.\",\"publisher\":{\"@id\":\"https:\/\/www.fiscalia.gov.co\/colombia\/#organization\"},\"potentialAction\":[{\"@type\":\"SearchAction\",\"target\":{\"@type\":\"EntryPoint\",\"urlTemplate\":\"https:\/\/www.fiscalia.gov.co\/colombia\/?s={search_term_string}\"},\"query-input\":{\"@type\":\"PropertyValueSpecification\",\"valueRequired\":true,\"valueName\":\"search_term_string\"}}],\"inLanguage\":\"es-CO\"},{\"@type\":\"Organization\",\"@id\":\"https:\/\/www.fiscalia.gov.co\/colombia\/#organization\",\"name\":\"Fiscal\u00eda General de la Naci\u00f3n\",\"url\":\"https:\/\/www.fiscalia.gov.co\/colombia\/\",\"logo\":{\"@type\":\"ImageObject\",\"inLanguage\":\"es-CO\",\"@id\":\"https:\/\/www.fiscalia.gov.co\/colombia\/#\/schema\/logo\/image\/\",\"url\":\"https:\/\/www.fiscalia.gov.co\/colombia\/wp-content\/uploads\/LogoHorizontal_1.jpg\",\"contentUrl\":\"https:\/\/www.fiscalia.gov.co\/colombia\/wp-content\/uploads\/LogoHorizontal_1.jpg\",\"width\":300,\"height\":90,\"caption\":\"Fiscal\u00eda General de la Naci\u00f3n\"},\"image\":{\"@id\":\"https:\/\/www.fiscalia.gov.co\/colombia\/#\/schema\/logo\/image\/\"},\"sameAs\":[\"https:\/\/www.facebook.com\/FiscaliaCol\",\"https:\/\/x.com\/FiscaliaCol\",\"https:\/\/www.instagram.com\/fiscaliacol\",\"https:\/\/www.linkedin.com\/company\/fiscalia-general-de-la-naci-n\/\",\"https:\/\/youtube.com\/@fiscaliageneraldelanacion-4668?si=6nN79nyQICPU5iTh\"]},{\"@type\":\"Person\",\"@id\":\"https:\/\/www.fiscalia.gov.co\/colombia\/#\/schema\/person\/bf84402cf293a5393e9c70b111020b24\",\"name\":\"Jordan Leandro Oviedo Anzola\",\"image\":{\"@type\":\"ImageObject\",\"inLanguage\":\"es-CO\",\"@id\":\"https:\/\/www.fiscalia.gov.co\/colombia\/#\/schema\/person\/image\/\",\"url\":\"https:\/\/secure.gravatar.com\/avatar\/dabba4346fa9b9207d96adafa8f92721?s=96&d=mm&r=g\",\"contentUrl\":\"https:\/\/secure.gravatar.com\/avatar\/dabba4346fa9b9207d96adafa8f92721?s=96&d=mm&r=g\",\"caption\":\"Jordan Leandro Oviedo Anzola\"},\"url\":\"https:\/\/www.fiscalia.gov.co\/colombia\/author\/joviedo\/\"}]}<\/script>\n<!-- \/ Yoast SEO plugin. -->","yoast_head_json":{"title":"Fiscal\u00eda General de la Naci\u00f3n","description":"P\u00e1gina oficial de la Fiscal\u00eda General de la Naci\u00f3n \u2013 Colombia. Garantizamos el acceso efectivo a la justicia, la verdad y la reparaci\u00f3n de las v\u00edctimas de los delitos.","robots":{"index":"noindex","follow":"follow"},"og_locale":"es_ES","og_type":"article","og_title":"Fiscal\u00eda General de la Naci\u00f3n","og_description":"P\u00e1gina oficial de la Fiscal\u00eda General de la Naci\u00f3n \u2013 Colombia. Garantizamos el acceso efectivo a la justicia, la verdad y la reparaci\u00f3n de las v\u00edctimas de los delitos.","og_url":"https:\/\/www.fiscalia.gov.co\/colombia\/corrupcion\/fiscalia-imputa-a-tres-exfuncionarios-de-la-gobernacion-de-amazonas-por-presuntas-irregularidades-en-un-proyecto-de-energia-solar-para-comunidades-indigenas\/","og_site_name":"Fiscal\u00eda General de la Naci\u00f3n","article_publisher":"https:\/\/www.facebook.com\/FiscaliaCol","article_published_time":"2024-02-08T13:46:14+00:00","author":"Jordan Leandro Oviedo Anzola","twitter_card":"summary_large_image","twitter_creator":"@FiscaliaCol","twitter_site":"@FiscaliaCol","twitter_misc":{"Escrito por":"Jordan Leandro Oviedo Anzola","Tiempo de lectura":"3 minutos"},"schema":{"@context":"https:\/\/schema.org","@graph":[{"@type":"Article","@id":"https:\/\/www.fiscalia.gov.co\/colombia\/corrupcion\/fiscalia-imputa-a-tres-exfuncionarios-de-la-gobernacion-de-amazonas-por-presuntas-irregularidades-en-un-proyecto-de-energia-solar-para-comunidades-indigenas\/#article","isPartOf":{"@id":"https:\/\/www.fiscalia.gov.co\/colombia\/corrupcion\/fiscalia-imputa-a-tres-exfuncionarios-de-la-gobernacion-de-amazonas-por-presuntas-irregularidades-en-un-proyecto-de-energia-solar-para-comunidades-indigenas\/"},"author":{"name":"Jordan Leandro Oviedo Anzola","@id":"https:\/\/www.fiscalia.gov.co\/colombia\/#\/schema\/person\/bf84402cf293a5393e9c70b111020b24"},"headline":"Fiscal\u00eda imputa a tres exfuncionarios de la Gobernaci\u00f3n de Amazonas por presuntas irregularidades en un proyecto de energ\u00eda solar para comunidades ind\u00edgenas \u00a0","datePublished":"2024-02-08T13:46:14+00:00","dateModified":"2024-02-08T13:46:14+00:00","mainEntityOfPage":{"@id":"https:\/\/www.fiscalia.gov.co\/colombia\/corrupcion\/fiscalia-imputa-a-tres-exfuncionarios-de-la-gobernacion-de-amazonas-por-presuntas-irregularidades-en-un-proyecto-de-energia-solar-para-comunidades-indigenas\/"},"wordCount":623,"publisher":{"@id":"https:\/\/www.fiscalia.gov.co\/colombia\/#organization"},"keywords":["Amazonas","comunidades","Corrupci\u00f3n","energia solar","Fiscal Barbosa","Fiscal\u00eda General de la Naci\u00f3n","gobernaci\u00f3n","Ind\u00edgenas","Proyecto"],"articleSection":["Corrupci\u00f3n","Corrupci\u00f3n","Noticias"],"inLanguage":"es-CO"},{"@type":"WebPage","@id":"https:\/\/www.fiscalia.gov.co\/colombia\/corrupcion\/fiscalia-imputa-a-tres-exfuncionarios-de-la-gobernacion-de-amazonas-por-presuntas-irregularidades-en-un-proyecto-de-energia-solar-para-comunidades-indigenas\/","url":"https:\/\/www.fiscalia.gov.co\/colombia\/corrupcion\/fiscalia-imputa-a-tres-exfuncionarios-de-la-gobernacion-de-amazonas-por-presuntas-irregularidades-en-un-proyecto-de-energia-solar-para-comunidades-indigenas\/","name":"Fiscal\u00eda General de la Naci\u00f3n","isPartOf":{"@id":"https:\/\/www.fiscalia.gov.co\/colombia\/#website"},"datePublished":"2024-02-08T13:46:14+00:00","dateModified":"2024-02-08T13:46:14+00:00","description":"P\u00e1gina oficial de la Fiscal\u00eda General de la Naci\u00f3n \u2013 Colombia. Garantizamos el acceso efectivo a la justicia, la verdad y la reparaci\u00f3n de las v\u00edctimas de los delitos.","breadcrumb":{"@id":"https:\/\/www.fiscalia.gov.co\/colombia\/corrupcion\/fiscalia-imputa-a-tres-exfuncionarios-de-la-gobernacion-de-amazonas-por-presuntas-irregularidades-en-un-proyecto-de-energia-solar-para-comunidades-indigenas\/#breadcrumb"},"inLanguage":"es-CO","potentialAction":[{"@type":"ReadAction","target":["https:\/\/www.fiscalia.gov.co\/colombia\/corrupcion\/fiscalia-imputa-a-tres-exfuncionarios-de-la-gobernacion-de-amazonas-por-presuntas-irregularidades-en-un-proyecto-de-energia-solar-para-comunidades-indigenas\/"]}]},{"@type":"BreadcrumbList","@id":"https:\/\/www.fiscalia.gov.co\/colombia\/corrupcion\/fiscalia-imputa-a-tres-exfuncionarios-de-la-gobernacion-de-amazonas-por-presuntas-irregularidades-en-un-proyecto-de-energia-solar-para-comunidades-indigenas\/#breadcrumb","itemListElement":[{"@type":"ListItem","position":1,"name":"Home","item":"https:\/\/www.fiscalia.gov.co\/colombia\/"},{"@type":"ListItem","position":2,"name":"Fiscal\u00eda imputa a tres exfuncionarios de la Gobernaci\u00f3n de Amazonas por presuntas irregularidades en un proyecto de energ\u00eda solar para comunidades ind\u00edgenas \u00a0"}]},{"@type":"WebSite","@id":"https:\/\/www.fiscalia.gov.co\/colombia\/#website","url":"https:\/\/www.fiscalia.gov.co\/colombia\/","name":"Fiscal\u00eda General de la Naci\u00f3n","description":"P\u00e1gina oficial de la Fiscal\u00eda General de la Naci\u00f3n \u2013 Colombia. Garantizamos el acceso efectivo a la justicia, la verdad y la reparaci\u00f3n de las v\u00edctimas de los delitos.","publisher":{"@id":"https:\/\/www.fiscalia.gov.co\/colombia\/#organization"},"potentialAction":[{"@type":"SearchAction","target":{"@type":"EntryPoint","urlTemplate":"https:\/\/www.fiscalia.gov.co\/colombia\/?s={search_term_string}"},"query-input":{"@type":"PropertyValueSpecification","valueRequired":true,"valueName":"search_term_string"}}],"inLanguage":"es-CO"},{"@type":"Organization","@id":"https:\/\/www.fiscalia.gov.co\/colombia\/#organization","name":"Fiscal\u00eda General de la Naci\u00f3n","url":"https:\/\/www.fiscalia.gov.co\/colombia\/","logo":{"@type":"ImageObject","inLanguage":"es-CO","@id":"https:\/\/www.fiscalia.gov.co\/colombia\/#\/schema\/logo\/image\/","url":"https:\/\/www.fiscalia.gov.co\/colombia\/wp-content\/uploads\/LogoHorizontal_1.jpg","contentUrl":"https:\/\/www.fiscalia.gov.co\/colombia\/wp-content\/uploads\/LogoHorizontal_1.jpg","width":300,"height":90,"caption":"Fiscal\u00eda General de la Naci\u00f3n"},"image":{"@id":"https:\/\/www.fiscalia.gov.co\/colombia\/#\/schema\/logo\/image\/"},"sameAs":["https:\/\/www.facebook.com\/FiscaliaCol","https:\/\/x.com\/FiscaliaCol","https:\/\/www.instagram.com\/fiscaliacol","https:\/\/www.linkedin.com\/company\/fiscalia-general-de-la-naci-n\/","https:\/\/youtube.com\/@fiscaliageneraldelanacion-4668?si=6nN79nyQICPU5iTh"]},{"@type":"Person","@id":"https:\/\/www.fiscalia.gov.co\/colombia\/#\/schema\/person\/bf84402cf293a5393e9c70b111020b24","name":"Jordan Leandro Oviedo Anzola","image":{"@type":"ImageObject","inLanguage":"es-CO","@id":"https:\/\/www.fiscalia.gov.co\/colombia\/#\/schema\/person\/image\/","url":"https:\/\/secure.gravatar.com\/avatar\/dabba4346fa9b9207d96adafa8f92721?s=96&d=mm&r=g","contentUrl":"https:\/\/secure.gravatar.com\/avatar\/dabba4346fa9b9207d96adafa8f92721?s=96&d=mm&r=g","caption":"Jordan Leandro Oviedo Anzola"},"url":"https:\/\/www.fiscalia.gov.co\/colombia\/author\/joviedo\/"}]}},"_links":{"self":[{"href":"https:\/\/www.fiscalia.gov.co\/colombia\/wp-json\/wp\/v2\/posts\/287775","targetHints":{"allow":["GET"]}}],"collection":[{"href":"https:\/\/www.fiscalia.gov.co\/colombia\/wp-json\/wp\/v2\/posts"}],"about":[{"href":"https:\/\/www.fiscalia.gov.co\/colombia\/wp-json\/wp\/v2\/types\/post"}],"author":[{"embeddable":true,"href":"https:\/\/www.fiscalia.gov.co\/colombia\/wp-json\/wp\/v2\/users\/177"}],"replies":[{"embeddable":true,"href":"https:\/\/www.fiscalia.gov.co\/colombia\/wp-json\/wp\/v2\/comments?post=287775"}],"version-history":[{"count":1,"href":"https:\/\/www.fiscalia.gov.co\/colombia\/wp-json\/wp\/v2\/posts\/287775\/revisions"}],"predecessor-version":[{"id":287776,"href":"https:\/\/www.fiscalia.gov.co\/colombia\/wp-json\/wp\/v2\/posts\/287775\/revisions\/287776"}],"wp:attachment":[{"href":"https:\/\/www.fiscalia.gov.co\/colombia\/wp-json\/wp\/v2\/media?parent=287775"}],"wp:term":[{"taxonomy":"category","embeddable":true,"href":"https:\/\/www.fiscalia.gov.co\/colombia\/wp-json\/wp\/v2\/categories?post=287775"},{"taxonomy":"post_tag","embeddable":true,"href":"https:\/\/www.fiscalia.gov.co\/colombia\/wp-json\/wp\/v2\/tags?post=287775"}],"curies":[{"name":"wp","href":"https:\/\/api.w.org\/{rel}","templated":true}]}}