{"id":287626,"date":"2024-02-06T15:28:13","date_gmt":"2024-02-06T20:28:13","guid":{"rendered":"https:\/\/www.fiscalia.gov.co\/colombia\/?p=287626"},"modified":"2024-02-06T16:03:09","modified_gmt":"2024-02-06T21:03:09","slug":"fiscalia-general-de-la-nacion-realizo-la-rendicion-de-cuentas-del-periodo-2020-2024","status":"publish","type":"post","link":"https:\/\/www.fiscalia.gov.co\/colombia\/fiscal-general-de-la-nacion\/fiscalia-general-de-la-nacion-realizo-la-rendicion-de-cuentas-del-periodo-2020-2024\/","title":{"rendered":"Fiscal\u00eda General de la Naci\u00f3n realiz\u00f3 la rendici\u00f3n de cuentas del per\u00edodo 2020 \u2013 2024"},"content":{"rendered":"<ul>\n<li>\n<h4><strong><em>En un acto p\u00fablico, entreg\u00f3 el balance de sus cuatro a\u00f1os de gesti\u00f3n en la entidad. Destac\u00f3 la obtenci\u00f3n de resultados sin precedentes, como el avance de esclarecimiento por encima del 75% en delitos como homicidios colectivos y feminicidios ocurridos en el pa\u00eds.<\/em><\/strong><\/h4>\n<\/li>\n<\/ul>\n<ul>\n<li>\n<h4><strong><em>Asimismo, se\u00f1al\u00f3 que las estrategias investigativas definidas contra el narcotr\u00e1fico y microtr\u00e1fico permitieron desarticular m\u00e1s de 2.000 estructuras criminales; mientras que por corrupci\u00f3n se realizaron 21.000 imputaciones y obtuvieron cerca de 3.500 condenas.<\/em><\/strong><\/h4>\n<\/li>\n<li>\n<h4><strong><em>\u201cMe voy con mis principios s\u00f3lidos y en coherencia creo que el tiempo har\u00e1 la valoraci\u00f3n exacta de lo que pas\u00f3, si efectivamente lo que llaman muchos polarizaci\u00f3n del pa\u00eds, fortaleci\u00f3 la democracia\u201d, se\u00f1al\u00f3 el Fiscal General de la Naci\u00f3n. <\/em><\/strong><\/h4>\n<\/li>\n<\/ul>\n<p>Con la implementaci\u00f3n de un enfoque territorial, y la puesta en marcha de los principios de itinerancia, articulaci\u00f3n de capacidades y concentraci\u00f3n de actividades investigativas; el Fiscal General de la Naci\u00f3n, Francisco Barbosa Delgado, consolid\u00f3 una estrategia integral que permiti\u00f3 en cuatro a\u00f1o fortalecer la capacidad de respuesta de la entidad a la ciudadan\u00eda y obtener resultados investigativos y judiciales destacados.<\/p>\n<p>\u201cSe ha liderado la Fiscal\u00eda General de la Naci\u00f3n pasando por momentos dif\u00edciles, pasando por momentos como el del Covid-19, momentos como las manifestaciones violentas en el pa\u00eds, que fueron muy complejas. Tambi\u00e9n transformamos la entidad con resultados, garantizamos los procesos electorales. A veces la gente pasa por alto estas cosas, pero si no existiera Fiscal\u00eda General de la Naci\u00f3n, ni siquiera se garantizar\u00edan los procesos electorales, las elecciones regionales, las elecciones de representantes, de senadores, de Congreso y las elecciones presidenciales fueron garantizadas por la Fiscal\u00eda General de la Naci\u00f3n en todo el territorio nacional \u201d, asegur\u00f3.<\/p>\n<div class=\"youtube-embed\" data-video_id=\"HUNN0pB1wkA\"><iframe loading=\"lazy\" title=\"Declaraci\u00f3n del Fiscal General, Francisco Barbosa, sobre el trabajo en los \u00faltimos 4 an\u00f3s\" width=\"696\" height=\"392\" src=\"https:\/\/www.youtube.com\/embed\/HUNN0pB1wkA?feature=oembed&#038;enablejsapi=1\" frameborder=\"0\" allow=\"accelerometer; autoplay; clipboard-write; encrypted-media; gyroscope; picture-in-picture; web-share\" allowfullscreen><\/iframe><\/div>\n<p>En un acto p\u00fablico de rendici\u00f3n de cuentas realizado en Bogot\u00e1, el Fiscal General de la Naci\u00f3n sostuvo que: \u201cEsta Fiscal\u00eda fue la Fiscal\u00eda de las v\u00edctimas y no de los victimarios, porque muchas veces en Colombia se ha venido pensando que es a los criminales a quien hay que darles la mano y sigo dici\u00e9ndolo hasta el final, no es a los victimarios a quienes hay que darle la mano, es a las v\u00edctimas. La reconciliaci\u00f3n se hace con las v\u00edctimas, no con los victimarios, tiene que costar en Colombia ser victimario y ese costo tiene que ser la administraci\u00f3n de Justicia\u201d.<\/p>\n<div class=\"youtube-embed\" data-video_id=\"P1dd3fAKIZs\"><iframe loading=\"lazy\" title=\"Declaraci\u00f3n del Fiscal General, Francisco Barbosa, sobre el trabajo a favor de las v\u00edctimas\" width=\"696\" height=\"392\" src=\"https:\/\/www.youtube.com\/embed\/P1dd3fAKIZs?feature=oembed&#038;enablejsapi=1\" frameborder=\"0\" allow=\"accelerometer; autoplay; clipboard-write; encrypted-media; gyroscope; picture-in-picture; web-share\" allowfullscreen><\/iframe><\/div>\n<p>Adem\u00e1s, explic\u00f3 con detalle la manera en la que se impact\u00f3 de manera significativa la criminalidad organizada, el narcotr\u00e1fico, la delincuencia en las ciudades, la corrupci\u00f3n, las finanzas il\u00edcitas y otras expresiones delictivas.<\/p>\n<p>\u201cYo me voy con mis principios s\u00f3lidos y en coherencia, creo que el tiempo har\u00e1 la valoraci\u00f3n exacta de lo que pas\u00f3, si efectivamente lo que llaman muchos polarizaci\u00f3n del pa\u00eds fortaleci\u00f3 la democracia. Yo siempre he cre\u00eddo que la democracia es un escenario en donde se enfrentan posturas tambi\u00e9n, incluso donde las instituciones salen fortalecidas. Yo creo que la Fiscal\u00eda sale fortalecida de esta administraci\u00f3n\u201d indic\u00f3.<\/p>\n<div class=\"youtube-embed\" data-video_id=\"bJRByLDSkYo\"><iframe loading=\"lazy\" title=\"Declaraci\u00f3n del Fiscal General, Francisco Barbosa, sobre el fortalecimiento de la democracia\" width=\"696\" height=\"392\" src=\"https:\/\/www.youtube.com\/embed\/bJRByLDSkYo?feature=oembed&#038;enablejsapi=1\" frameborder=\"0\" allow=\"accelerometer; autoplay; clipboard-write; encrypted-media; gyroscope; picture-in-picture; web-share\" allowfullscreen><\/iframe><\/div>\n<p>Asimismo, resalt\u00f3 que la defensa de la institucionalidad y la autonom\u00eda de la Rama Judicial, y la internacionalizaci\u00f3n de la Fiscal\u00eda fueron aspectos que acompa\u00f1aron su gesti\u00f3n; y que visibilizaron a un m\u00e1s a la entidad.<\/p>\n<p>\u201cLa Constituci\u00f3n colombiana est\u00e1 fundamentada en la separaci\u00f3n de poderes, la autonom\u00eda y la independencia de la Rama Judicial es la que soporta ese equilibrio de poderes y ese balance es fundamental. La justicia es la palabra clave para el sostenimiento del Estado de Derecho, si la justicia no es el eje central en ese sostenimiento se pierden los estados de derecho y creo que eso es un factor interesante que b\u00e1sicamente nos va a dejar muchas lecciones, que por supuesto otros tendr\u00e1n que hacer alrededor de lo que pase\u201d, sostuvo el Fiscal General de la Naci\u00f3n.<\/p>\n<div class=\"youtube-embed\" data-video_id=\"fhriKGnxekE\"><iframe loading=\"lazy\" title=\"Declaraci\u00f3n del Fiscal General, Francisco Barbosa, sobre la autonom\u00eda de la justicia\" width=\"696\" height=\"392\" src=\"https:\/\/www.youtube.com\/embed\/fhriKGnxekE?feature=oembed&#038;enablejsapi=1\" frameborder=\"0\" allow=\"accelerometer; autoplay; clipboard-write; encrypted-media; gyroscope; picture-in-picture; web-share\" allowfullscreen><\/iframe><\/div>\n<p><strong><u>Resultados en \u2018La Calle y en los territorios\u2019<\/u><\/strong><\/p>\n<p>De acuerdo con la consolidaci\u00f3n de cifras hecha por la Direcci\u00f3n de Pol\u00edticas y Estrategia, estos son algunos de los resultados m\u00e1s relevantes logrados entre febrero de 2020 y noviembre de 2023.<\/p>\n<p><img loading=\"lazy\" decoding=\"async\" class=\"aligncenter size-full wp-image-287634\" src=\"https:\/\/www.fiscalia.gov.co\/colombia\/wp-content\/uploads\/WhatsApp-Image-2024-02-06-at-3.57.06-PM-1.jpeg\" alt=\"\" width=\"1024\" height=\"683\" srcset=\"https:\/\/www.fiscalia.gov.co\/colombia\/wp-content\/uploads\/WhatsApp-Image-2024-02-06-at-3.57.06-PM-1.jpeg 1024w, https:\/\/www.fiscalia.gov.co\/colombia\/wp-content\/uploads\/WhatsApp-Image-2024-02-06-at-3.57.06-PM-1-300x200.jpeg 300w, https:\/\/www.fiscalia.gov.co\/colombia\/wp-content\/uploads\/WhatsApp-Image-2024-02-06-at-3.57.06-PM-1-768x512.jpeg 768w, https:\/\/www.fiscalia.gov.co\/colombia\/wp-content\/uploads\/WhatsApp-Image-2024-02-06-at-3.57.06-PM-1-696x464.jpeg 696w, https:\/\/www.fiscalia.gov.co\/colombia\/wp-content\/uploads\/WhatsApp-Image-2024-02-06-at-3.57.06-PM-1-630x420.jpeg 630w\" sizes=\"auto, (max-width: 1024px) 100vw, 1024px\" \/><\/p>\n<ol>\n<li><strong><u>Nueva gerencia.<\/u><\/strong> La Fiscal\u00eda fortaleci\u00f3 su presencia en los territorios con la entrada en funcionamiento de m\u00e1s de 170 Puntos de Atenci\u00f3n a Fiscal\u00eda (PAF) en 24 departamentos, los cuales permitieron recibir 27.652 noticias criminales. Asimismo, fueron intervenidas 828 sedes de la entidad.<\/li>\n<\/ol>\n<p>De otra parte, se hicieron 13.450 ascensos, fueron capacitados anualmente m\u00e1s de 18.000 servidores y prove\u00eddos 489 cargos por concurso de m\u00e9ritos. \u00a0Actualmente, hay 1.056 cargos en lista de elegibles.<\/p>\n<ol start=\"2\">\n<li><strong><u>Homicidios dolosos.<\/u><\/strong> En cuatro a\u00f1os de gesti\u00f3n se logr\u00f3 un avance de esclarecimiento del 43,53% de los homicidios dolosos conocidos, superando la cifra recibida en febrero de 2020, del 27,38%.<\/li>\n<li><strong><u>Homicidios colectivos.<\/u> <\/strong>Con la consolidaci\u00f3n de la metodolog\u00eda de itinerancia, se avanz\u00f3 en el esclarecimiento del 89,51% de los cr\u00edmenes de cuatro o m\u00e1s v\u00edctimas, tasa que al iniciar el periodo del Fiscal General de la Naci\u00f3n se ubicaba en el 36,80%.<\/li>\n<\/ol>\n<p>De otra parte, en los homicidios de tres v\u00edctimas se pas\u00f3 del 29,30% que se ten\u00eda en febrero de 2020, a 77,37% en noviembre de 2023.<\/p>\n<p><img loading=\"lazy\" decoding=\"async\" class=\"aligncenter size-full wp-image-287635\" src=\"https:\/\/www.fiscalia.gov.co\/colombia\/wp-content\/uploads\/WhatsApp-Image-2024-02-06-at-3.57.06-PM.jpeg\" alt=\"\" width=\"1024\" height=\"683\" srcset=\"https:\/\/www.fiscalia.gov.co\/colombia\/wp-content\/uploads\/WhatsApp-Image-2024-02-06-at-3.57.06-PM.jpeg 1024w, https:\/\/www.fiscalia.gov.co\/colombia\/wp-content\/uploads\/WhatsApp-Image-2024-02-06-at-3.57.06-PM-300x200.jpeg 300w, https:\/\/www.fiscalia.gov.co\/colombia\/wp-content\/uploads\/WhatsApp-Image-2024-02-06-at-3.57.06-PM-768x512.jpeg 768w, https:\/\/www.fiscalia.gov.co\/colombia\/wp-content\/uploads\/WhatsApp-Image-2024-02-06-at-3.57.06-PM-696x464.jpeg 696w, https:\/\/www.fiscalia.gov.co\/colombia\/wp-content\/uploads\/WhatsApp-Image-2024-02-06-at-3.57.06-PM-630x420.jpeg 630w\" sizes=\"auto, (max-width: 1024px) 100vw, 1024px\" \/><\/p>\n<ol start=\"11\">\n<li><u> <\/u>En casi cuatro a\u00f1os se resolvi\u00f3 el 96,71% de los casos de feminicidio.<\/li>\n<li><strong><u>Violencia sexual e intrafamiliar.<\/u><\/strong> En violencia sexual se lograron acciones judiciales efectivas en el 39,22% de los hechos conocidos, cifra que se ubicaba en 2020, en el 16,37%. En violencia intrafamiliar se alcanz\u00f3 el 58,99%, muy por encima del 15,46% que hab\u00eda en febrero de 2020.<\/li>\n<li><strong><u>Hurto violento con indiciado conocido.<\/u><\/strong> Con estrategias focalizadas en puntos cr\u00edticos se resolvi\u00f3 el 70,51% de los casos denunciados con indicado conocido.<\/li>\n<li><strong><u>Uso de menores en la comisi\u00f3n de delitos<\/u>. <\/strong>La instrumentalizaci\u00f3n de los ni\u00f1os, ni\u00f1as y adolescentes se persigui\u00f3 con determinaci\u00f3n. En ese sentido, se actu\u00f3 en contra de los responsables de estas conductas en el 68,02% de los eventos reportados.<\/li>\n<li><strong><u>Maltrato animal<\/u><\/strong>. Con el fortalecimiento del Grupo Especial para la Lucha contra el Maltrato Animal (Gelma) y la expedici\u00f3n de una directiva que establec\u00eda lineamientos generales en materia de investigaci\u00f3n de las graves afectaciones a los animales; se realizaron 619 imputaciones, obtuvieron 216 condenas y se logr\u00f3 un avance de esclarecimiento en 771 hechos.<\/li>\n<li><strong><u>Homicidios contra defensores de Derechos Humanos. <\/u><\/strong>De los cr\u00edmenes reportados por Naciones Unidas y la Defensor\u00eda del Pueblo, entre febrero de 2020 y noviembre de 2023 se lograron avances procesales en el 60,88%.<\/li>\n<li><strong><u>Homicidios contra firmantes del acuerdo de paz.<\/u><\/strong> Se pas\u00f3 de un avance en el 46,20% de los homicidios, en febrero de 2020; a 59,14%, en noviembre de 2023.<\/li>\n<li><strong><u>Gesti\u00f3n internacional.<\/u><\/strong> El Fiscal General de la Naci\u00f3n lider\u00f3 una importante articulaci\u00f3n con los pa\u00edses de la regi\u00f3n en la lucha contra el crimen transnacional, que fue determinante para su elecci\u00f3n por unanimidad como presidente de la Asociaci\u00f3n Iberoamericana de Ministerios P\u00fablicos (AIAMP) para el per\u00edodo 2022 \u2013 2024.<\/li>\n<\/ol>\n<p>Como parte de la agenda internacional de trabajo definida, el Fiscal General realiz\u00f3 43 visitas oficiales a 22 pa\u00edses. Asimismo, en materia de cooperaci\u00f3n judicial con otros pa\u00edses fueron entregadas 734 personas pedidas en extradici\u00f3n y se firmaron 17 memorandos de entendimiento.<\/p>\n<p><img loading=\"lazy\" decoding=\"async\" class=\"aligncenter size-full wp-image-287636\" src=\"https:\/\/www.fiscalia.gov.co\/colombia\/wp-content\/uploads\/WhatsApp-Image-2024-02-06-at-3.57.05-PM-3.jpeg\" alt=\"\" width=\"1024\" height=\"683\" srcset=\"https:\/\/www.fiscalia.gov.co\/colombia\/wp-content\/uploads\/WhatsApp-Image-2024-02-06-at-3.57.05-PM-3.jpeg 1024w, https:\/\/www.fiscalia.gov.co\/colombia\/wp-content\/uploads\/WhatsApp-Image-2024-02-06-at-3.57.05-PM-3-300x200.jpeg 300w, https:\/\/www.fiscalia.gov.co\/colombia\/wp-content\/uploads\/WhatsApp-Image-2024-02-06-at-3.57.05-PM-3-768x512.jpeg 768w, https:\/\/www.fiscalia.gov.co\/colombia\/wp-content\/uploads\/WhatsApp-Image-2024-02-06-at-3.57.05-PM-3-696x464.jpeg 696w, https:\/\/www.fiscalia.gov.co\/colombia\/wp-content\/uploads\/WhatsApp-Image-2024-02-06-at-3.57.05-PM-3-630x420.jpeg 630w\" sizes=\"auto, (max-width: 1024px) 100vw, 1024px\" \/><\/p>\n<ol start=\"12\">\n<li><strong><u>Corrupci\u00f3n.<\/u><\/strong> La lucha contra la corrupci\u00f3n en todos los frentes fue un derrotero de la administraci\u00f3n del Fiscal General de la Naci\u00f3n, Francisco Barbosa Delgado. En este frente se realizaron 21.110 imputaciones y obtuvieron 3.579 condenas.<\/li>\n<\/ol>\n<p>Respecto a las acciones investigativas y judiciales con ocasi\u00f3n de las irregularidades detectadas en contratos suscritos con ocasi\u00f3n de la emergencia sanitaria por el Covid-19, se realizaron 171 imputaciones a 42 alcaldes, 5 gobernadores, 2 concejales, entre otros. En total, fueron verificados m\u00e1s de 6.000 contratos por un valor superior a los 701.539 millones de pesos.<\/p>\n<p><img loading=\"lazy\" decoding=\"async\" class=\"aligncenter size-full wp-image-287637\" src=\"https:\/\/www.fiscalia.gov.co\/colombia\/wp-content\/uploads\/WhatsApp-Image-2024-02-06-at-3.57.05-PM-2.jpeg\" alt=\"\" width=\"1024\" height=\"683\" srcset=\"https:\/\/www.fiscalia.gov.co\/colombia\/wp-content\/uploads\/WhatsApp-Image-2024-02-06-at-3.57.05-PM-2.jpeg 1024w, https:\/\/www.fiscalia.gov.co\/colombia\/wp-content\/uploads\/WhatsApp-Image-2024-02-06-at-3.57.05-PM-2-300x200.jpeg 300w, https:\/\/www.fiscalia.gov.co\/colombia\/wp-content\/uploads\/WhatsApp-Image-2024-02-06-at-3.57.05-PM-2-768x512.jpeg 768w, https:\/\/www.fiscalia.gov.co\/colombia\/wp-content\/uploads\/WhatsApp-Image-2024-02-06-at-3.57.05-PM-2-696x464.jpeg 696w, https:\/\/www.fiscalia.gov.co\/colombia\/wp-content\/uploads\/WhatsApp-Image-2024-02-06-at-3.57.05-PM-2-630x420.jpeg 630w\" sizes=\"auto, (max-width: 1024px) 100vw, 1024px\" \/><\/p>\n<ol start=\"13\">\n<li><strong><u>Resultados en contra de aforados.<\/u> <\/strong>En los \u00faltimos cuatro a\u00f1os, la Unidad de Fiscales Delegados ante la Corte Suprema de Justicia realiz\u00f3 19 imputaciones y radic\u00f3 18 escritos de acusaci\u00f3n en contra de nueve gobernadores. Asimismo, materializ\u00f3 64 imputaciones y radic\u00f3 74 escritos de acusaci\u00f3n, en contra de 44 exgobernadores; y obtuvo 32 condenas.<\/li>\n<\/ol>\n<p>En general, esta dependencia hizo 155 imputaciones, present\u00f3 170 escritos de acusaci\u00f3n y logr\u00f3 62 condenas en contra de gobernadores, exgobernadores, altos funcionarios de la Rama Judicial, integrantes de la fuerza p\u00fablica e implicados en casos de asignaci\u00f3n especial.<\/p>\n<ol start=\"14\">\n<li><u><\/u> Con la conformaci\u00f3n del Grupo de Tareas Especiales para el caso Odebrecht, la Fiscal\u00eda logr\u00f3 importantes resultados en contra del entramado de corrupci\u00f3n auspiciado por la constructora brasile\u00f1a. Se presentaron 104 solicitudes de imputaci\u00f3n, radicaron 21 escritos de acusaci\u00f3n, suscribieron 4 principios de oportunidad y obtuvieron 11 condenas.<\/li>\n<li><u><\/u> Con la unificaci\u00f3n y fortalecimiento del Cuerpo T\u00e9cnico de Investigaci\u00f3n en el \u00faltimo cuatrienio, se mejoraron las tasas de esclarecimiento de los delitos priorizados, haciendo efectivas 22.502 capturas, 5.621 allanamientos e incautado 1.440 armas de fuego.<\/li>\n<li><strong><u>Finanzas criminales.<\/u><\/strong> El Fiscal General de la Naci\u00f3n, Francisco Barbosa Delgado, puso en marcha la estrategia \u2018Argenta\u2019, para perseguir las finanzas il\u00edcitas de la criminalidad organizada, el narcotr\u00e1fico y la delincuencia. De esta manera se obtuvieron resultados sin precedentes. Entre febrero de 2020 y noviembre de 2023, se impusieron medidas cautelares con fines de extinci\u00f3n de dominio sobre bienes avaluados en cerca de 30 billones de pesos.<\/li>\n<\/ol>\n<p>La estructura criminal m\u00e1s impactada fue el \u2018Clan del Golfo\u2019, a la que se le ocuparon propiedades avaluadas en 12 billones de pesos; seguida por el ELN, con una afectaci\u00f3n que asciende a 1,6 billones de pesos; las disidencias de las Farc, con 250.748 millones de pesos; y otros grupos de delincuencia organizada y com\u00fan por 1.347 millones de pesos. Adem\u00e1s, 13,7 billones de pesos a otros actores.<\/p>\n<p><img loading=\"lazy\" decoding=\"async\" class=\"aligncenter size-full wp-image-287638\" src=\"https:\/\/www.fiscalia.gov.co\/colombia\/wp-content\/uploads\/WhatsApp-Image-2024-02-06-at-3.57.05-PM-1.jpeg\" alt=\"\" width=\"1024\" height=\"682\" srcset=\"https:\/\/www.fiscalia.gov.co\/colombia\/wp-content\/uploads\/WhatsApp-Image-2024-02-06-at-3.57.05-PM-1.jpeg 1024w, https:\/\/www.fiscalia.gov.co\/colombia\/wp-content\/uploads\/WhatsApp-Image-2024-02-06-at-3.57.05-PM-1-300x200.jpeg 300w, https:\/\/www.fiscalia.gov.co\/colombia\/wp-content\/uploads\/WhatsApp-Image-2024-02-06-at-3.57.05-PM-1-768x512.jpeg 768w, https:\/\/www.fiscalia.gov.co\/colombia\/wp-content\/uploads\/WhatsApp-Image-2024-02-06-at-3.57.05-PM-1-696x464.jpeg 696w, https:\/\/www.fiscalia.gov.co\/colombia\/wp-content\/uploads\/WhatsApp-Image-2024-02-06-at-3.57.05-PM-1-631x420.jpeg 631w\" sizes=\"auto, (max-width: 1024px) 100vw, 1024px\" \/><\/p>\n<ol start=\"17\">\n<li><strong><u>Crimen organizado.<\/u><\/strong> Entre febrero de 2020 y noviembre de 2023, fueron capturados y judicializados 7.208 integrantes de organizaciones criminales como el \u2018Clan del Golfo\u2019, \u2018Los Pelusos\u2019, \u2018Los Caparros\u2019, el ELN y las disidencias de las FARC, entre otras. De igual forma, fueron capturados 29.424 personas que har\u00edan parte de grupos de delincuencia com\u00fan organizada.<\/li>\n<li><strong><u>Lucha contra el tr\u00e1fico de estupefacientes.<\/u><\/strong> En cuatro a\u00f1os fueron desarticuladas 278 redes narcotraficantes y capturados 6.846 de sus integrantes. En material judicial se suscribieron 3.063 preacuerdos, presentaron 3.958 escritos de acusaci\u00f3n y obtuvieron 1.680 condenas con 2.501 sentenciados.<\/li>\n<\/ol>\n<p>Por tr\u00e1fico local de estupefacientes fueron impactadas 1.787 estructuras y capturadas 13.858 personas.<\/p>\n<p>Adicionalmente, los procesos investigativos de la Fiscal\u00eda permitieron incautar 1.093 toneladas de coca\u00edna, 1.452 toneladas de insumos qu\u00edmicos, 2\u2019507.837 galones de precursores l\u00edquidos y 835 toneladas de marihuana; y fueron destruidos 6.300 laboratorios dedicados a la producci\u00f3n de estupefacientes.<\/p>\n<p><img loading=\"lazy\" decoding=\"async\" class=\"aligncenter size-full wp-image-287639\" src=\"https:\/\/www.fiscalia.gov.co\/colombia\/wp-content\/uploads\/WhatsApp-Image-2024-02-06-at-3.57.05-PM.jpeg\" alt=\"\" width=\"1024\" height=\"683\" srcset=\"https:\/\/www.fiscalia.gov.co\/colombia\/wp-content\/uploads\/WhatsApp-Image-2024-02-06-at-3.57.05-PM.jpeg 1024w, https:\/\/www.fiscalia.gov.co\/colombia\/wp-content\/uploads\/WhatsApp-Image-2024-02-06-at-3.57.05-PM-300x200.jpeg 300w, https:\/\/www.fiscalia.gov.co\/colombia\/wp-content\/uploads\/WhatsApp-Image-2024-02-06-at-3.57.05-PM-768x512.jpeg 768w, https:\/\/www.fiscalia.gov.co\/colombia\/wp-content\/uploads\/WhatsApp-Image-2024-02-06-at-3.57.05-PM-696x464.jpeg 696w, https:\/\/www.fiscalia.gov.co\/colombia\/wp-content\/uploads\/WhatsApp-Image-2024-02-06-at-3.57.05-PM-630x420.jpeg 630w\" sizes=\"auto, (max-width: 1024px) 100vw, 1024px\" \/><\/p>\n<ol start=\"19\">\n<li><strong><u>Delitos ambientales.<\/u> <\/strong>La Fiscal\u00eda lider\u00f3 m\u00e1s de 100 operativos en contra de la deforestaci\u00f3n, que dejaron 375 capturados; 190 procedimientos contra la extracci\u00f3n ilegal de minerales, con 458 personas capturadas; y 53 diligencias en contra de otros fen\u00f3menos que afectan los ecosistemas, con 185 capturas.<\/li>\n<\/ol>\n<p>En general, como parte de la estrategia integral en contra de los delitos ambientales de realizaron 343 operativos con 1.018 capturados.<\/p>\n<ol start=\"20\">\n<li><strong><u>Delitos inform\u00e1ticos.<\/u> <\/strong>Durante el periodo del Fiscal General de la Naci\u00f3n entr\u00f3 en funcionamiento la Direcci\u00f3n Especializada en contra de los Delitos Inform\u00e1ticos, la cual en un a\u00f1o de labores realiz\u00f3 26 imputaciones y obtuvo 6 condenas.<\/li>\n<li><strong><u>Justicia transicional.<\/u> <\/strong>La Direcci\u00f3n de Justicia Transicional, entre febrero de 2020 y noviembre de 2023, realiz\u00f3 imputaciones por 80.598 hechos delictivos que se le atribuyen a estructuras paramilitares desmovilizadas con ocasi\u00f3n de la Ley de Justicia y Paz.<\/li>\n<\/ol>\n<p>Asimismo, entreg\u00f3 bienes al Fondo para la Reparaci\u00f3n a las V\u00edctimas, que ascienden en valor a cerca de 1,6 billones de pesos, superando en cuant\u00eda lo puesto a disposici\u00f3n entre 2006 y 2020, que llegaba a 495.540 millones de pesos.<\/p>\n<p>En materia de justicia, verdad y reparaci\u00f3n se hicieron 2.061 diligencias de exhumaci\u00f3n, 1.128 entregas dignas, 108 jornadas de atenci\u00f3n a las v\u00edctimas, en las que se escucharon a 13.795 personas y se recolectaron 3.727 muestras biol\u00f3gicas para avanzar en los procesos de identificaci\u00f3n.<\/p>\n<ol start=\"22\">\n<li><strong><u>Derechos humanos.<\/u> <\/strong>Con relaci\u00f3n al tr\u00e1fico de migrantes y la trata de personas, se realizaron 99 capturas y se impactaron 19 organizaciones. De otra parte, en amenazas a defensores de derechos humanos se esclarecieron 188 investigaciones, se suscribieron 10 principios de oportunidad, se presentaron 57 solicitudes de imputaci\u00f3n y 33 casos avanzan en etapa de juicio.<\/li>\n<\/ol>\n<p><strong><u>La Fiscal\u00eda habla con resultados.<\/u><\/strong><\/p>\n<p>&nbsp;<\/p>\n<p>&nbsp;<\/p>\n<p>&nbsp;<\/p>\n<p>&nbsp;<\/p>\n<p>&nbsp;<\/p>\n<p>&nbsp;<\/p>\n<p>AMCJ\/JARG\/MRC\/CS\/DPPYEI\/PATN\/<\/p>\n<p>&nbsp;<\/p>\n<p>&nbsp;<\/p>\n<p>&nbsp;<\/p>\n<p>&nbsp;<\/p>\n<p>&nbsp;<\/p>\n<div class=\"td-post-content tagdiv-type\">\n<div class=\"td-post-content tagdiv-type\">\n<div class=\"td-post-content tagdiv-type\">\n<p><i>La informaci\u00f3n contenida en este bolet\u00edn de prensa corresponde a la narraci\u00f3n de los hechos noticiosos objetivos, suministrados por los funcionarios encargados de adelantar las investigaciones penales al interior de la Fiscal\u00eda General de la Naci\u00f3n. Para el momento de la divulgaci\u00f3n de este comunicado, la situaci\u00f3n jur\u00eddica de la(s) persona(s) relacionada(s) se encuentra pendiente de resolver por la autoridad judicial competente, siempre bajo los preceptos de la presunci\u00f3n de inocencia, consagrados en el art\u00edculo 29 de la Constituci\u00f3n Pol\u00edtica y el art\u00edculo 7\u00ba de la Ley 906 de 2004.<\/i><\/p>\n<\/div>\n<\/div>\n<\/div>\n\n<div class=\"twitter-share\"><a href=\"https:\/\/twitter.com\/intent\/tweet?via=fiscaliacol\" class=\"twitter-share-button\">Tweet<\/a><\/div>\n","protected":false},"excerpt":{"rendered":"<p>En un acto p\u00fablico, entreg\u00f3 el balance de sus cuatro a\u00f1os de gesti\u00f3n en la entidad. Destac\u00f3 la obtenci\u00f3n de resultados sin precedentes, como el avance de esclarecimiento por encima del 75% en delitos como homicidios colectivos y feminicidios ocurridos en el pa\u00eds. Asimismo, se\u00f1al\u00f3 que las estrategias investigativas definidas contra el narcotr\u00e1fico y microtr\u00e1fico [&hellip;]<\/p>\n","protected":false},"author":177,"featured_media":0,"comment_status":"closed","ping_status":"open","sticky":false,"template":"","format":"standard","meta":{"_price":"","_stock":"","_tribe_ticket_header":"","_tribe_default_ticket_provider":"","_tribe_ticket_capacity":"0","_ticket_start_date":"","_ticket_end_date":"","_tribe_ticket_show_description":"","_tribe_ticket_show_not_going":false,"_tribe_ticket_use_global_stock":"","_tribe_ticket_global_stock_level":"","_global_stock_mode":"","_global_stock_cap":"","_tribe_rsvp_for_event":"","_tribe_ticket_going_count":"","_tribe_ticket_not_going_count":"","_tribe_tickets_list":"[]","_tribe_ticket_has_attendee_info_fields":false,"tdm_status":"","tdm_grid_status":"","footnotes":""},"categories":[25128,24096,1],"tags":[36878,25137,24185,24188,1047,36879,1780,8446],"class_list":{"0":"post-287626","1":"post","2":"type-post","3":"status-publish","4":"format-standard","6":"category-el-fiscal-en-los-territorios","7":"category-fiscal-general-de-la-nacion","8":"category-noticias","9":"tag-36878","10":"tag-balance","11":"tag-fiscal-barbosa","12":"tag-fiscal-francisco-barbosa","13":"tag-fiscalia-general-de-la-nacion","14":"tag-periodo-2022-2024","15":"tag-rendicion-de-cuentas","16":"tag-resultados"},"yoast_head":"<!-- This site is optimized with the Yoast SEO plugin v24.3 - https:\/\/yoast.com\/wordpress\/plugins\/seo\/ -->\n<title>Fiscal\u00eda General de la Naci\u00f3n<\/title>\n<meta name=\"description\" content=\"P\u00e1gina oficial de la Fiscal\u00eda General de la Naci\u00f3n \u2013 Colombia. Garantizamos el acceso efectivo a la justicia, la verdad y la reparaci\u00f3n de las v\u00edctimas de los delitos.\" \/>\n<meta name=\"robots\" content=\"noindex, follow\" \/>\n<meta property=\"og:locale\" content=\"es_ES\" \/>\n<meta property=\"og:type\" content=\"article\" \/>\n<meta property=\"og:title\" content=\"Fiscal\u00eda General de la Naci\u00f3n\" \/>\n<meta property=\"og:description\" content=\"P\u00e1gina oficial de la Fiscal\u00eda General de la Naci\u00f3n \u2013 Colombia. Garantizamos el acceso efectivo a la justicia, la verdad y la reparaci\u00f3n de las v\u00edctimas de los delitos.\" \/>\n<meta property=\"og:url\" content=\"https:\/\/www.fiscalia.gov.co\/colombia\/fiscal-general-de-la-nacion\/fiscalia-general-de-la-nacion-realizo-la-rendicion-de-cuentas-del-periodo-2020-2024\/\" \/>\n<meta property=\"og:site_name\" content=\"Fiscal\u00eda General de la Naci\u00f3n\" \/>\n<meta property=\"article:publisher\" content=\"https:\/\/www.facebook.com\/FiscaliaCol\" \/>\n<meta property=\"article:published_time\" content=\"2024-02-06T20:28:13+00:00\" \/>\n<meta property=\"article:modified_time\" content=\"2024-02-06T21:03:09+00:00\" \/>\n<meta property=\"og:image\" content=\"https:\/\/www.fiscalia.gov.co\/colombia\/wp-content\/uploads\/WhatsApp-Image-2024-02-06-at-3.57.06-PM-1.jpeg\" \/>\n<meta name=\"author\" content=\"Jordan Leandro Oviedo Anzola\" \/>\n<meta name=\"twitter:card\" content=\"summary_large_image\" \/>\n<meta name=\"twitter:creator\" content=\"@FiscaliaCol\" \/>\n<meta name=\"twitter:site\" content=\"@FiscaliaCol\" \/>\n<meta name=\"twitter:label1\" content=\"Escrito por\" \/>\n\t<meta name=\"twitter:data1\" content=\"Jordan Leandro Oviedo Anzola\" \/>\n\t<meta name=\"twitter:label2\" content=\"Tiempo de lectura\" \/>\n\t<meta name=\"twitter:data2\" content=\"11 minutos\" \/>\n<script type=\"application\/ld+json\" class=\"yoast-schema-graph\">{\"@context\":\"https:\/\/schema.org\",\"@graph\":[{\"@type\":\"Article\",\"@id\":\"https:\/\/www.fiscalia.gov.co\/colombia\/fiscal-general-de-la-nacion\/fiscalia-general-de-la-nacion-realizo-la-rendicion-de-cuentas-del-periodo-2020-2024\/#article\",\"isPartOf\":{\"@id\":\"https:\/\/www.fiscalia.gov.co\/colombia\/fiscal-general-de-la-nacion\/fiscalia-general-de-la-nacion-realizo-la-rendicion-de-cuentas-del-periodo-2020-2024\/\"},\"author\":{\"name\":\"Jordan Leandro Oviedo Anzola\",\"@id\":\"https:\/\/www.fiscalia.gov.co\/colombia\/#\/schema\/person\/bf84402cf293a5393e9c70b111020b24\"},\"headline\":\"Fiscal\u00eda General de la Naci\u00f3n realiz\u00f3 la rendici\u00f3n de cuentas del per\u00edodo 2020 \u2013 2024\",\"datePublished\":\"2024-02-06T20:28:13+00:00\",\"dateModified\":\"2024-02-06T21:03:09+00:00\",\"mainEntityOfPage\":{\"@id\":\"https:\/\/www.fiscalia.gov.co\/colombia\/fiscal-general-de-la-nacion\/fiscalia-general-de-la-nacion-realizo-la-rendicion-de-cuentas-del-periodo-2020-2024\/\"},\"wordCount\":2205,\"publisher\":{\"@id\":\"https:\/\/www.fiscalia.gov.co\/colombia\/#organization\"},\"image\":{\"@id\":\"https:\/\/www.fiscalia.gov.co\/colombia\/fiscal-general-de-la-nacion\/fiscalia-general-de-la-nacion-realizo-la-rendicion-de-cuentas-del-periodo-2020-2024\/#primaryimage\"},\"thumbnailUrl\":\"https:\/\/www.fiscalia.gov.co\/colombia\/wp-content\/uploads\/WhatsApp-Image-2024-02-06-at-3.57.06-PM-1.jpeg\",\"keywords\":[\"2024\",\"balance\",\"Fiscal Barbosa\",\"Fiscal Francisco Barbosa\",\"Fiscal\u00eda General de la Naci\u00f3n\",\"peri\u00f3do 2022 - 2024\",\"Rendici\u00f3n de Cuentas\",\"Resultados\"],\"articleSection\":[\"El Fiscal en los territorios\",\"Fiscal General de la Naci\u00f3n\",\"Noticias\"],\"inLanguage\":\"es-CO\"},{\"@type\":\"WebPage\",\"@id\":\"https:\/\/www.fiscalia.gov.co\/colombia\/fiscal-general-de-la-nacion\/fiscalia-general-de-la-nacion-realizo-la-rendicion-de-cuentas-del-periodo-2020-2024\/\",\"url\":\"https:\/\/www.fiscalia.gov.co\/colombia\/fiscal-general-de-la-nacion\/fiscalia-general-de-la-nacion-realizo-la-rendicion-de-cuentas-del-periodo-2020-2024\/\",\"name\":\"Fiscal\u00eda General de la Naci\u00f3n\",\"isPartOf\":{\"@id\":\"https:\/\/www.fiscalia.gov.co\/colombia\/#website\"},\"primaryImageOfPage\":{\"@id\":\"https:\/\/www.fiscalia.gov.co\/colombia\/fiscal-general-de-la-nacion\/fiscalia-general-de-la-nacion-realizo-la-rendicion-de-cuentas-del-periodo-2020-2024\/#primaryimage\"},\"image\":{\"@id\":\"https:\/\/www.fiscalia.gov.co\/colombia\/fiscal-general-de-la-nacion\/fiscalia-general-de-la-nacion-realizo-la-rendicion-de-cuentas-del-periodo-2020-2024\/#primaryimage\"},\"thumbnailUrl\":\"https:\/\/www.fiscalia.gov.co\/colombia\/wp-content\/uploads\/WhatsApp-Image-2024-02-06-at-3.57.06-PM-1.jpeg\",\"datePublished\":\"2024-02-06T20:28:13+00:00\",\"dateModified\":\"2024-02-06T21:03:09+00:00\",\"description\":\"P\u00e1gina oficial de la Fiscal\u00eda General de la Naci\u00f3n \u2013 Colombia. Garantizamos el acceso efectivo a la justicia, la verdad y la reparaci\u00f3n de las v\u00edctimas de los delitos.\",\"breadcrumb\":{\"@id\":\"https:\/\/www.fiscalia.gov.co\/colombia\/fiscal-general-de-la-nacion\/fiscalia-general-de-la-nacion-realizo-la-rendicion-de-cuentas-del-periodo-2020-2024\/#breadcrumb\"},\"inLanguage\":\"es-CO\",\"potentialAction\":[{\"@type\":\"ReadAction\",\"target\":[\"https:\/\/www.fiscalia.gov.co\/colombia\/fiscal-general-de-la-nacion\/fiscalia-general-de-la-nacion-realizo-la-rendicion-de-cuentas-del-periodo-2020-2024\/\"]}]},{\"@type\":\"ImageObject\",\"inLanguage\":\"es-CO\",\"@id\":\"https:\/\/www.fiscalia.gov.co\/colombia\/fiscal-general-de-la-nacion\/fiscalia-general-de-la-nacion-realizo-la-rendicion-de-cuentas-del-periodo-2020-2024\/#primaryimage\",\"url\":\"https:\/\/www.fiscalia.gov.co\/colombia\/wp-content\/uploads\/WhatsApp-Image-2024-02-06-at-3.57.06-PM-1.jpeg\",\"contentUrl\":\"https:\/\/www.fiscalia.gov.co\/colombia\/wp-content\/uploads\/WhatsApp-Image-2024-02-06-at-3.57.06-PM-1.jpeg\",\"width\":1024,\"height\":683},{\"@type\":\"BreadcrumbList\",\"@id\":\"https:\/\/www.fiscalia.gov.co\/colombia\/fiscal-general-de-la-nacion\/fiscalia-general-de-la-nacion-realizo-la-rendicion-de-cuentas-del-periodo-2020-2024\/#breadcrumb\",\"itemListElement\":[{\"@type\":\"ListItem\",\"position\":1,\"name\":\"Home\",\"item\":\"https:\/\/www.fiscalia.gov.co\/colombia\/\"},{\"@type\":\"ListItem\",\"position\":2,\"name\":\"Fiscal\u00eda General de la Naci\u00f3n realiz\u00f3 la rendici\u00f3n de cuentas del per\u00edodo 2020 \u2013 2024\"}]},{\"@type\":\"WebSite\",\"@id\":\"https:\/\/www.fiscalia.gov.co\/colombia\/#website\",\"url\":\"https:\/\/www.fiscalia.gov.co\/colombia\/\",\"name\":\"Fiscal\u00eda General de la Naci\u00f3n\",\"description\":\"P\u00e1gina oficial de la Fiscal\u00eda General de la Naci\u00f3n \u2013 Colombia. Garantizamos el acceso efectivo a la justicia, la verdad y la reparaci\u00f3n de las v\u00edctimas de los delitos.\",\"publisher\":{\"@id\":\"https:\/\/www.fiscalia.gov.co\/colombia\/#organization\"},\"potentialAction\":[{\"@type\":\"SearchAction\",\"target\":{\"@type\":\"EntryPoint\",\"urlTemplate\":\"https:\/\/www.fiscalia.gov.co\/colombia\/?s={search_term_string}\"},\"query-input\":{\"@type\":\"PropertyValueSpecification\",\"valueRequired\":true,\"valueName\":\"search_term_string\"}}],\"inLanguage\":\"es-CO\"},{\"@type\":\"Organization\",\"@id\":\"https:\/\/www.fiscalia.gov.co\/colombia\/#organization\",\"name\":\"Fiscal\u00eda General de la Naci\u00f3n\",\"url\":\"https:\/\/www.fiscalia.gov.co\/colombia\/\",\"logo\":{\"@type\":\"ImageObject\",\"inLanguage\":\"es-CO\",\"@id\":\"https:\/\/www.fiscalia.gov.co\/colombia\/#\/schema\/logo\/image\/\",\"url\":\"https:\/\/www.fiscalia.gov.co\/colombia\/wp-content\/uploads\/LogoHorizontal_1.jpg\",\"contentUrl\":\"https:\/\/www.fiscalia.gov.co\/colombia\/wp-content\/uploads\/LogoHorizontal_1.jpg\",\"width\":300,\"height\":90,\"caption\":\"Fiscal\u00eda General de la Naci\u00f3n\"},\"image\":{\"@id\":\"https:\/\/www.fiscalia.gov.co\/colombia\/#\/schema\/logo\/image\/\"},\"sameAs\":[\"https:\/\/www.facebook.com\/FiscaliaCol\",\"https:\/\/x.com\/FiscaliaCol\",\"https:\/\/www.instagram.com\/fiscaliacol\",\"https:\/\/www.linkedin.com\/company\/fiscalia-general-de-la-naci-n\/\",\"https:\/\/youtube.com\/@fiscaliageneraldelanacion-4668?si=6nN79nyQICPU5iTh\"]},{\"@type\":\"Person\",\"@id\":\"https:\/\/www.fiscalia.gov.co\/colombia\/#\/schema\/person\/bf84402cf293a5393e9c70b111020b24\",\"name\":\"Jordan Leandro Oviedo Anzola\",\"image\":{\"@type\":\"ImageObject\",\"inLanguage\":\"es-CO\",\"@id\":\"https:\/\/www.fiscalia.gov.co\/colombia\/#\/schema\/person\/image\/\",\"url\":\"https:\/\/secure.gravatar.com\/avatar\/dabba4346fa9b9207d96adafa8f92721?s=96&d=mm&r=g\",\"contentUrl\":\"https:\/\/secure.gravatar.com\/avatar\/dabba4346fa9b9207d96adafa8f92721?s=96&d=mm&r=g\",\"caption\":\"Jordan Leandro Oviedo Anzola\"},\"url\":\"https:\/\/www.fiscalia.gov.co\/colombia\/author\/joviedo\/\"}]}<\/script>\n<!-- \/ Yoast SEO plugin. -->","yoast_head_json":{"title":"Fiscal\u00eda General de la Naci\u00f3n","description":"P\u00e1gina oficial de la Fiscal\u00eda General de la Naci\u00f3n \u2013 Colombia. Garantizamos el acceso efectivo a la justicia, la verdad y la reparaci\u00f3n de las v\u00edctimas de los delitos.","robots":{"index":"noindex","follow":"follow"},"og_locale":"es_ES","og_type":"article","og_title":"Fiscal\u00eda General de la Naci\u00f3n","og_description":"P\u00e1gina oficial de la Fiscal\u00eda General de la Naci\u00f3n \u2013 Colombia. Garantizamos el acceso efectivo a la justicia, la verdad y la reparaci\u00f3n de las v\u00edctimas de los delitos.","og_url":"https:\/\/www.fiscalia.gov.co\/colombia\/fiscal-general-de-la-nacion\/fiscalia-general-de-la-nacion-realizo-la-rendicion-de-cuentas-del-periodo-2020-2024\/","og_site_name":"Fiscal\u00eda General de la Naci\u00f3n","article_publisher":"https:\/\/www.facebook.com\/FiscaliaCol","article_published_time":"2024-02-06T20:28:13+00:00","article_modified_time":"2024-02-06T21:03:09+00:00","og_image":[{"url":"https:\/\/www.fiscalia.gov.co\/colombia\/wp-content\/uploads\/WhatsApp-Image-2024-02-06-at-3.57.06-PM-1.jpeg","type":"","width":"","height":""}],"author":"Jordan Leandro Oviedo Anzola","twitter_card":"summary_large_image","twitter_creator":"@FiscaliaCol","twitter_site":"@FiscaliaCol","twitter_misc":{"Escrito por":"Jordan Leandro Oviedo Anzola","Tiempo de lectura":"11 minutos"},"schema":{"@context":"https:\/\/schema.org","@graph":[{"@type":"Article","@id":"https:\/\/www.fiscalia.gov.co\/colombia\/fiscal-general-de-la-nacion\/fiscalia-general-de-la-nacion-realizo-la-rendicion-de-cuentas-del-periodo-2020-2024\/#article","isPartOf":{"@id":"https:\/\/www.fiscalia.gov.co\/colombia\/fiscal-general-de-la-nacion\/fiscalia-general-de-la-nacion-realizo-la-rendicion-de-cuentas-del-periodo-2020-2024\/"},"author":{"name":"Jordan Leandro Oviedo Anzola","@id":"https:\/\/www.fiscalia.gov.co\/colombia\/#\/schema\/person\/bf84402cf293a5393e9c70b111020b24"},"headline":"Fiscal\u00eda General de la Naci\u00f3n realiz\u00f3 la rendici\u00f3n de cuentas del per\u00edodo 2020 \u2013 2024","datePublished":"2024-02-06T20:28:13+00:00","dateModified":"2024-02-06T21:03:09+00:00","mainEntityOfPage":{"@id":"https:\/\/www.fiscalia.gov.co\/colombia\/fiscal-general-de-la-nacion\/fiscalia-general-de-la-nacion-realizo-la-rendicion-de-cuentas-del-periodo-2020-2024\/"},"wordCount":2205,"publisher":{"@id":"https:\/\/www.fiscalia.gov.co\/colombia\/#organization"},"image":{"@id":"https:\/\/www.fiscalia.gov.co\/colombia\/fiscal-general-de-la-nacion\/fiscalia-general-de-la-nacion-realizo-la-rendicion-de-cuentas-del-periodo-2020-2024\/#primaryimage"},"thumbnailUrl":"https:\/\/www.fiscalia.gov.co\/colombia\/wp-content\/uploads\/WhatsApp-Image-2024-02-06-at-3.57.06-PM-1.jpeg","keywords":["2024","balance","Fiscal Barbosa","Fiscal Francisco Barbosa","Fiscal\u00eda General de la Naci\u00f3n","peri\u00f3do 2022 - 2024","Rendici\u00f3n de Cuentas","Resultados"],"articleSection":["El Fiscal en los territorios","Fiscal General de la Naci\u00f3n","Noticias"],"inLanguage":"es-CO"},{"@type":"WebPage","@id":"https:\/\/www.fiscalia.gov.co\/colombia\/fiscal-general-de-la-nacion\/fiscalia-general-de-la-nacion-realizo-la-rendicion-de-cuentas-del-periodo-2020-2024\/","url":"https:\/\/www.fiscalia.gov.co\/colombia\/fiscal-general-de-la-nacion\/fiscalia-general-de-la-nacion-realizo-la-rendicion-de-cuentas-del-periodo-2020-2024\/","name":"Fiscal\u00eda General de la Naci\u00f3n","isPartOf":{"@id":"https:\/\/www.fiscalia.gov.co\/colombia\/#website"},"primaryImageOfPage":{"@id":"https:\/\/www.fiscalia.gov.co\/colombia\/fiscal-general-de-la-nacion\/fiscalia-general-de-la-nacion-realizo-la-rendicion-de-cuentas-del-periodo-2020-2024\/#primaryimage"},"image":{"@id":"https:\/\/www.fiscalia.gov.co\/colombia\/fiscal-general-de-la-nacion\/fiscalia-general-de-la-nacion-realizo-la-rendicion-de-cuentas-del-periodo-2020-2024\/#primaryimage"},"thumbnailUrl":"https:\/\/www.fiscalia.gov.co\/colombia\/wp-content\/uploads\/WhatsApp-Image-2024-02-06-at-3.57.06-PM-1.jpeg","datePublished":"2024-02-06T20:28:13+00:00","dateModified":"2024-02-06T21:03:09+00:00","description":"P\u00e1gina oficial de la Fiscal\u00eda General de la Naci\u00f3n \u2013 Colombia. Garantizamos el acceso efectivo a la justicia, la verdad y la reparaci\u00f3n de las v\u00edctimas de los delitos.","breadcrumb":{"@id":"https:\/\/www.fiscalia.gov.co\/colombia\/fiscal-general-de-la-nacion\/fiscalia-general-de-la-nacion-realizo-la-rendicion-de-cuentas-del-periodo-2020-2024\/#breadcrumb"},"inLanguage":"es-CO","potentialAction":[{"@type":"ReadAction","target":["https:\/\/www.fiscalia.gov.co\/colombia\/fiscal-general-de-la-nacion\/fiscalia-general-de-la-nacion-realizo-la-rendicion-de-cuentas-del-periodo-2020-2024\/"]}]},{"@type":"ImageObject","inLanguage":"es-CO","@id":"https:\/\/www.fiscalia.gov.co\/colombia\/fiscal-general-de-la-nacion\/fiscalia-general-de-la-nacion-realizo-la-rendicion-de-cuentas-del-periodo-2020-2024\/#primaryimage","url":"https:\/\/www.fiscalia.gov.co\/colombia\/wp-content\/uploads\/WhatsApp-Image-2024-02-06-at-3.57.06-PM-1.jpeg","contentUrl":"https:\/\/www.fiscalia.gov.co\/colombia\/wp-content\/uploads\/WhatsApp-Image-2024-02-06-at-3.57.06-PM-1.jpeg","width":1024,"height":683},{"@type":"BreadcrumbList","@id":"https:\/\/www.fiscalia.gov.co\/colombia\/fiscal-general-de-la-nacion\/fiscalia-general-de-la-nacion-realizo-la-rendicion-de-cuentas-del-periodo-2020-2024\/#breadcrumb","itemListElement":[{"@type":"ListItem","position":1,"name":"Home","item":"https:\/\/www.fiscalia.gov.co\/colombia\/"},{"@type":"ListItem","position":2,"name":"Fiscal\u00eda General de la Naci\u00f3n realiz\u00f3 la rendici\u00f3n de cuentas del per\u00edodo 2020 \u2013 2024"}]},{"@type":"WebSite","@id":"https:\/\/www.fiscalia.gov.co\/colombia\/#website","url":"https:\/\/www.fiscalia.gov.co\/colombia\/","name":"Fiscal\u00eda General de la Naci\u00f3n","description":"P\u00e1gina oficial de la Fiscal\u00eda General de la Naci\u00f3n \u2013 Colombia. Garantizamos el acceso efectivo a la justicia, la verdad y la reparaci\u00f3n de las v\u00edctimas de los delitos.","publisher":{"@id":"https:\/\/www.fiscalia.gov.co\/colombia\/#organization"},"potentialAction":[{"@type":"SearchAction","target":{"@type":"EntryPoint","urlTemplate":"https:\/\/www.fiscalia.gov.co\/colombia\/?s={search_term_string}"},"query-input":{"@type":"PropertyValueSpecification","valueRequired":true,"valueName":"search_term_string"}}],"inLanguage":"es-CO"},{"@type":"Organization","@id":"https:\/\/www.fiscalia.gov.co\/colombia\/#organization","name":"Fiscal\u00eda General de la Naci\u00f3n","url":"https:\/\/www.fiscalia.gov.co\/colombia\/","logo":{"@type":"ImageObject","inLanguage":"es-CO","@id":"https:\/\/www.fiscalia.gov.co\/colombia\/#\/schema\/logo\/image\/","url":"https:\/\/www.fiscalia.gov.co\/colombia\/wp-content\/uploads\/LogoHorizontal_1.jpg","contentUrl":"https:\/\/www.fiscalia.gov.co\/colombia\/wp-content\/uploads\/LogoHorizontal_1.jpg","width":300,"height":90,"caption":"Fiscal\u00eda General de la Naci\u00f3n"},"image":{"@id":"https:\/\/www.fiscalia.gov.co\/colombia\/#\/schema\/logo\/image\/"},"sameAs":["https:\/\/www.facebook.com\/FiscaliaCol","https:\/\/x.com\/FiscaliaCol","https:\/\/www.instagram.com\/fiscaliacol","https:\/\/www.linkedin.com\/company\/fiscalia-general-de-la-naci-n\/","https:\/\/youtube.com\/@fiscaliageneraldelanacion-4668?si=6nN79nyQICPU5iTh"]},{"@type":"Person","@id":"https:\/\/www.fiscalia.gov.co\/colombia\/#\/schema\/person\/bf84402cf293a5393e9c70b111020b24","name":"Jordan Leandro Oviedo Anzola","image":{"@type":"ImageObject","inLanguage":"es-CO","@id":"https:\/\/www.fiscalia.gov.co\/colombia\/#\/schema\/person\/image\/","url":"https:\/\/secure.gravatar.com\/avatar\/dabba4346fa9b9207d96adafa8f92721?s=96&d=mm&r=g","contentUrl":"https:\/\/secure.gravatar.com\/avatar\/dabba4346fa9b9207d96adafa8f92721?s=96&d=mm&r=g","caption":"Jordan Leandro Oviedo Anzola"},"url":"https:\/\/www.fiscalia.gov.co\/colombia\/author\/joviedo\/"}]}},"_links":{"self":[{"href":"https:\/\/www.fiscalia.gov.co\/colombia\/wp-json\/wp\/v2\/posts\/287626","targetHints":{"allow":["GET"]}}],"collection":[{"href":"https:\/\/www.fiscalia.gov.co\/colombia\/wp-json\/wp\/v2\/posts"}],"about":[{"href":"https:\/\/www.fiscalia.gov.co\/colombia\/wp-json\/wp\/v2\/types\/post"}],"author":[{"embeddable":true,"href":"https:\/\/www.fiscalia.gov.co\/colombia\/wp-json\/wp\/v2\/users\/177"}],"replies":[{"embeddable":true,"href":"https:\/\/www.fiscalia.gov.co\/colombia\/wp-json\/wp\/v2\/comments?post=287626"}],"version-history":[{"count":7,"href":"https:\/\/www.fiscalia.gov.co\/colombia\/wp-json\/wp\/v2\/posts\/287626\/revisions"}],"predecessor-version":[{"id":287640,"href":"https:\/\/www.fiscalia.gov.co\/colombia\/wp-json\/wp\/v2\/posts\/287626\/revisions\/287640"}],"wp:attachment":[{"href":"https:\/\/www.fiscalia.gov.co\/colombia\/wp-json\/wp\/v2\/media?parent=287626"}],"wp:term":[{"taxonomy":"category","embeddable":true,"href":"https:\/\/www.fiscalia.gov.co\/colombia\/wp-json\/wp\/v2\/categories?post=287626"},{"taxonomy":"post_tag","embeddable":true,"href":"https:\/\/www.fiscalia.gov.co\/colombia\/wp-json\/wp\/v2\/tags?post=287626"}],"curies":[{"name":"wp","href":"https:\/\/api.w.org\/{rel}","templated":true}]}}