{"id":287562,"date":"2024-02-05T11:46:12","date_gmt":"2024-02-05T16:46:12","guid":{"rendered":"https:\/\/www.fiscalia.gov.co\/colombia\/?p=287562"},"modified":"2024-02-05T11:46:12","modified_gmt":"2024-02-05T16:46:12","slug":"cuatro-implicados-en-trafico-de-estupefacientes-fueron-enviados-a-la-carcel-en-cartagena","status":"publish","type":"post","link":"https:\/\/www.fiscalia.gov.co\/colombia\/noticias\/cuatro-implicados-en-trafico-de-estupefacientes-fueron-enviados-a-la-carcel-en-cartagena\/","title":{"rendered":"Cuatro implicados en tr\u00e1fico de estupefacientes fueron enviados a la c\u00e1rcel en Cartagena"},"content":{"rendered":"<p>Ante un juez de control de garant\u00edas una fiscal especializada, adscrita a la Seccional Bol\u00edvar, judicializ\u00f3 a cuatro personas presuntamente responsables del delito de fabricaci\u00f3n, tr\u00e1fico o porte de estupefacientes.<\/p>\n<figure id=\"attachment_287563\" aria-describedby=\"caption-attachment-287563\" style=\"width: 696px\" class=\"wp-caption aligncenter\"><img loading=\"lazy\" decoding=\"async\" class=\"size-large wp-image-287563\" src=\"https:\/\/www.fiscalia.gov.co\/colombia\/wp-content\/uploads\/Foto-boletin-05-de-febrero-estupefacientes-1024x575.jpeg\" alt=\"En la fotograf\u00eda aparecen cuatro hombres de pie, custodiado por dos agentes de la Polic\u00eda Nacional. Delante de ellos est\u00e1 la droga incautada y detr\u00e1s de ellos un pend\u00f3n de esa instituci\u00f3n.\" width=\"696\" height=\"391\" srcset=\"https:\/\/www.fiscalia.gov.co\/colombia\/wp-content\/uploads\/Foto-boletin-05-de-febrero-estupefacientes-1024x575.jpeg 1024w, https:\/\/www.fiscalia.gov.co\/colombia\/wp-content\/uploads\/Foto-boletin-05-de-febrero-estupefacientes-300x169.jpeg 300w, https:\/\/www.fiscalia.gov.co\/colombia\/wp-content\/uploads\/Foto-boletin-05-de-febrero-estupefacientes-768x432.jpeg 768w, https:\/\/www.fiscalia.gov.co\/colombia\/wp-content\/uploads\/Foto-boletin-05-de-febrero-estupefacientes-1536x863.jpeg 1536w, https:\/\/www.fiscalia.gov.co\/colombia\/wp-content\/uploads\/Foto-boletin-05-de-febrero-estupefacientes-696x391.jpeg 696w, https:\/\/www.fiscalia.gov.co\/colombia\/wp-content\/uploads\/Foto-boletin-05-de-febrero-estupefacientes-1068x600.jpeg 1068w, https:\/\/www.fiscalia.gov.co\/colombia\/wp-content\/uploads\/Foto-boletin-05-de-febrero-estupefacientes-747x420.jpeg 747w, https:\/\/www.fiscalia.gov.co\/colombia\/wp-content\/uploads\/Foto-boletin-05-de-febrero-estupefacientes.jpeg 1600w\" sizes=\"auto, (max-width: 696px) 100vw, 696px\" \/><figcaption id=\"caption-attachment-287563\" class=\"wp-caption-text\">Los procesados fueron capturados en flagrancia en el lugar donde se encontr\u00f3 el estupefaciente.<\/figcaption><\/figure>\n<p>Los hechos materia de investigaci\u00f3n est\u00e1n relacionados con la informaci\u00f3n que obtuvo la Polic\u00eda Nacional de que en un inmueble ubicado en el barrio Zapatero, en Cartagena (Bol\u00edvar), se estar\u00edan ocultando sustancias estupefacientes para su env\u00edo y comercializaci\u00f3n en el extranjero.<\/p>\n<p>El pasado 31 de marzo en un allanamiento realizado por los uniformados al lugar en menci\u00f3n, se incautaron 27 kilos de coca\u00edna que se hallaban al interior de unas bater\u00edas para veh\u00edculos pesados y capturar a los hoy implicados que se encontraban all\u00ed.<\/p>\n<p>En el desarrollo de las audiencias preliminares el juez de control de garant\u00eda dispuso para los procesados medidas de aseguramiento privativas de la libertad que se llevar\u00e1n\u00a0 a cabo en la c\u00e1rcel San Sebasti\u00e1n Ternera en la capital de Bol\u00edvar.<\/p>\n<p>La decisi\u00f3n judicial afect\u00f3 a Santiago Angulo Julio, Jhon Fredy Moreno Bedoya, Juan Felipe Agudelo Puerta y Joan Manuel Gil P\u00e9rez, quienes en las audiencias preliminares no aceptaron su responsabilidad en los cargos que le imput\u00f3 la Fiscal\u00eda.<\/p>\n<p>Esta informaci\u00f3n se publica por razones de inter\u00e9s general.<\/p>\n<p><b><u>La Fiscal\u00eda habla con resultados<\/u>.<\/b><\/p>\n<p><b><i>Le puede interesar:<\/i><\/b><\/p>\n<p><a id=\"m_-4685819920549802357m_-2904717312415042215m_-8581759495191388254OWA979346a7-f7e8-0959-0af1-80e59c6dc74d\" title=\"Cuatro presuntos implicados en tr\u00e1fico de estupefacientes fueron judicializados y privados de la libertad en Dagua y Jamund\u00ed, Valle del Cauca\u00a0\" href=\"https:\/\/www.fiscalia.gov.co\/colombia\/noticias\/cuatro-presuntos-implicados-en-trafico-de-estupefacientes-fueron-judicializados-y-privados-de-la-libertad-en-dagua-y-jamundi-valle-del-cauca\/\" target=\"_blank\" rel=\"noopener noreferrer\" data-saferedirecturl=\"https:\/\/www.google.com\/url?q=https:\/\/www.fiscalia.gov.co\/colombia\/noticias\/cuatro-presuntos-implicados-en-trafico-de-estupefacientes-fueron-judicializados-y-privados-de-la-libertad-en-dagua-y-jamundi-valle-del-cauca\/&amp;source=gmail&amp;ust=1707237284865000&amp;usg=AOvVaw15EfSGHQQm4FXCYdSvDqrw\">Cuatro presuntos implicados en tr\u00e1fico de estupefacientes fueron judicializados y privados de la libertad en Dagua y Jamund\u00ed, Valle del Cauca\u00a0<\/a><\/p>\n<p>&nbsp;<\/p>\n<p><a id=\"m_-4685819920549802357m_-2904717312415042215m_-8581759495191388254OWA4eff0bc4-6acc-24cd-a212-142d7f49fa58\" title=\"La Fiscal\u00eda judicializ\u00f3 a cinco extranjeros, presuntamente implicados en tr\u00e1fico de estupefacientes en Casanare\" href=\"https:\/\/www.fiscalia.gov.co\/colombia\/noticias\/la-fiscalia-judicializo-a-cinco-extranjeros-presuntamente-implicados-en-trafico-de-estupefacientes-en-casanare\/\" target=\"_blank\" rel=\"noopener noreferrer\" data-saferedirecturl=\"https:\/\/www.google.com\/url?q=https:\/\/www.fiscalia.gov.co\/colombia\/noticias\/la-fiscalia-judicializo-a-cinco-extranjeros-presuntamente-implicados-en-trafico-de-estupefacientes-en-casanare\/&amp;source=gmail&amp;ust=1707237284865000&amp;usg=AOvVaw1_5jb-sxsf1ERX1z8u5Agm\">La Fiscal\u00eda judicializ\u00f3 a cinco extranjeros, presuntamente implicados en tr\u00e1fico de estupefacientes en Casanare<\/a><\/p>\n<p>&nbsp;<\/p>\n<p>&nbsp;<\/p>\n<p>&nbsp;<\/p>\n<p>&nbsp;<\/p>\n<p>&nbsp;<\/p>\n<p>MEVA\/CFG\/ICHS\/DSB<\/p>\n<p>&nbsp;<\/p>\n<p align=\"center\">\n<p><b>\u00a0<\/b><\/p>\n<p><i>La informaci\u00f3n contenida en este bolet\u00edn de prensa corresponde a la narraci\u00f3n de los hechos noticiosos objetivos, suministrados por los funcionarios encargados de adelantar las investigaciones penales al interior de la Fiscal\u00eda General de la Naci\u00f3n. Para el momento de la divulgaci\u00f3n de este comunicado, la situaci\u00f3n jur\u00eddica de la(s) persona(s) relacionada(s) se encuentra pendiente de resolver por la autoridad judicial competente, siempre bajo los preceptos de la presunci\u00f3n de inocencia, consagrados en el art\u00edculo 29 de la Constituci\u00f3n Pol\u00edtica y el art\u00edculo 7\u00ba de la Ley 906 de 2004.<\/i><\/p>\n\n<div class=\"twitter-share\"><a href=\"https:\/\/twitter.com\/intent\/tweet?via=fiscaliacol\" class=\"twitter-share-button\">Tweet<\/a><\/div>\n","protected":false},"excerpt":{"rendered":"<p>Ante un juez de control de garant\u00edas una fiscal especializada, adscrita a la Seccional Bol\u00edvar, judicializ\u00f3 a cuatro personas presuntamente responsables del delito de fabricaci\u00f3n, tr\u00e1fico o porte de estupefacientes. Los hechos materia de investigaci\u00f3n est\u00e1n relacionados con la informaci\u00f3n que obtuvo la Polic\u00eda Nacional de que en un inmueble ubicado en el barrio Zapatero, [&hellip;]<\/p>\n","protected":false},"author":177,"featured_media":0,"comment_status":"closed","ping_status":"open","sticky":false,"template":"","format":"standard","meta":{"_price":"","_stock":"","_tribe_ticket_header":"","_tribe_default_ticket_provider":"","_tribe_ticket_capacity":"0","_ticket_start_date":"","_ticket_end_date":"","_tribe_ticket_show_description":"","_tribe_ticket_show_not_going":false,"_tribe_ticket_use_global_stock":"","_tribe_ticket_global_stock_level":"","_global_stock_mode":"","_global_stock_cap":"","_tribe_rsvp_for_event":"","_tribe_ticket_going_count":"","_tribe_ticket_not_going_count":"","_tribe_tickets_list":"[]","_tribe_ticket_has_attendee_info_fields":false,"tdm_status":"","tdm_grid_status":"","footnotes":""},"categories":[1,325,303,24099],"tags":[14550,23819,23998,26473,36868,25099,24187,1047,558,12161],"class_list":{"0":"post-287562","1":"post","2":"type-post","3":"status-publish","4":"format-standard","6":"category-noticias","7":"category-seccional-cartagena","8":"category-seccionales","9":"category-seguridad-territorial","10":"tag-carcel","11":"tag-cartagena","12":"tag-cartagena-bolivar","13":"tag-comercializar","14":"tag-envio","15":"tag-exterior","16":"tag-fiscalia-colombia","17":"tag-fiscalia-general-de-la-nacion","18":"tag-policia-nacional","19":"tag-porte-de-estupefacientes"},"yoast_head":"<!-- This site is optimized with the Yoast SEO plugin v24.3 - https:\/\/yoast.com\/wordpress\/plugins\/seo\/ -->\n<title>Fiscal\u00eda General de la Naci\u00f3n<\/title>\n<meta name=\"description\" content=\"P\u00e1gina oficial de la Fiscal\u00eda General de la Naci\u00f3n \u2013 Colombia. Garantizamos el acceso efectivo a la justicia, la verdad y la reparaci\u00f3n de las v\u00edctimas de los delitos.\" \/>\n<meta name=\"robots\" content=\"noindex, follow\" \/>\n<meta property=\"og:locale\" content=\"es_ES\" \/>\n<meta property=\"og:type\" content=\"article\" \/>\n<meta property=\"og:title\" content=\"Fiscal\u00eda General de la Naci\u00f3n\" \/>\n<meta property=\"og:description\" content=\"P\u00e1gina oficial de la Fiscal\u00eda General de la Naci\u00f3n \u2013 Colombia. Garantizamos el acceso efectivo a la justicia, la verdad y la reparaci\u00f3n de las v\u00edctimas de los delitos.\" \/>\n<meta property=\"og:url\" content=\"https:\/\/www.fiscalia.gov.co\/colombia\/noticias\/cuatro-implicados-en-trafico-de-estupefacientes-fueron-enviados-a-la-carcel-en-cartagena\/\" \/>\n<meta property=\"og:site_name\" content=\"Fiscal\u00eda General de la Naci\u00f3n\" \/>\n<meta property=\"article:publisher\" content=\"https:\/\/www.facebook.com\/FiscaliaCol\" \/>\n<meta property=\"article:published_time\" content=\"2024-02-05T16:46:12+00:00\" \/>\n<meta property=\"og:image\" content=\"https:\/\/www.fiscalia.gov.co\/colombia\/wp-content\/uploads\/Foto-boletin-05-de-febrero-estupefacientes-1024x575.jpeg\" \/>\n<meta name=\"author\" content=\"Jordan Leandro Oviedo Anzola\" \/>\n<meta name=\"twitter:card\" content=\"summary_large_image\" \/>\n<meta name=\"twitter:creator\" content=\"@FiscaliaCol\" \/>\n<meta name=\"twitter:site\" content=\"@FiscaliaCol\" \/>\n<meta name=\"twitter:label1\" content=\"Escrito por\" \/>\n\t<meta name=\"twitter:data1\" content=\"Jordan Leandro Oviedo Anzola\" \/>\n\t<meta name=\"twitter:label2\" content=\"Tiempo de lectura\" \/>\n\t<meta name=\"twitter:data2\" content=\"2 minutos\" \/>\n<script type=\"application\/ld+json\" class=\"yoast-schema-graph\">{\"@context\":\"https:\/\/schema.org\",\"@graph\":[{\"@type\":\"Article\",\"@id\":\"https:\/\/www.fiscalia.gov.co\/colombia\/noticias\/cuatro-implicados-en-trafico-de-estupefacientes-fueron-enviados-a-la-carcel-en-cartagena\/#article\",\"isPartOf\":{\"@id\":\"https:\/\/www.fiscalia.gov.co\/colombia\/noticias\/cuatro-implicados-en-trafico-de-estupefacientes-fueron-enviados-a-la-carcel-en-cartagena\/\"},\"author\":{\"name\":\"Jordan Leandro Oviedo Anzola\",\"@id\":\"https:\/\/www.fiscalia.gov.co\/colombia\/#\/schema\/person\/bf84402cf293a5393e9c70b111020b24\"},\"headline\":\"Cuatro implicados en tr\u00e1fico de estupefacientes fueron enviados a la c\u00e1rcel en Cartagena\",\"datePublished\":\"2024-02-05T16:46:12+00:00\",\"dateModified\":\"2024-02-05T16:46:12+00:00\",\"mainEntityOfPage\":{\"@id\":\"https:\/\/www.fiscalia.gov.co\/colombia\/noticias\/cuatro-implicados-en-trafico-de-estupefacientes-fueron-enviados-a-la-carcel-en-cartagena\/\"},\"wordCount\":421,\"publisher\":{\"@id\":\"https:\/\/www.fiscalia.gov.co\/colombia\/#organization\"},\"image\":{\"@id\":\"https:\/\/www.fiscalia.gov.co\/colombia\/noticias\/cuatro-implicados-en-trafico-de-estupefacientes-fueron-enviados-a-la-carcel-en-cartagena\/#primaryimage\"},\"thumbnailUrl\":\"https:\/\/www.fiscalia.gov.co\/colombia\/wp-content\/uploads\/Foto-boletin-05-de-febrero-estupefacientes-1024x575.jpeg\",\"keywords\":[\"C\u00e1rcel\",\"Cartagena\",\"Cartagena (Bol\u00edvar)\",\"comercializar\",\"env\u00edo.\",\"exterior.\",\"Fiscal\u00eda Colombia\",\"Fiscal\u00eda General de la Naci\u00f3n\",\"Polic\u00eda Nacional\",\"Porte de estupefacientes\"],\"articleSection\":[\"Noticias\",\"Seccional Cartagena\",\"Seccionales\",\"Seguridad territorial\"],\"inLanguage\":\"es-CO\"},{\"@type\":\"WebPage\",\"@id\":\"https:\/\/www.fiscalia.gov.co\/colombia\/noticias\/cuatro-implicados-en-trafico-de-estupefacientes-fueron-enviados-a-la-carcel-en-cartagena\/\",\"url\":\"https:\/\/www.fiscalia.gov.co\/colombia\/noticias\/cuatro-implicados-en-trafico-de-estupefacientes-fueron-enviados-a-la-carcel-en-cartagena\/\",\"name\":\"Fiscal\u00eda General de la Naci\u00f3n\",\"isPartOf\":{\"@id\":\"https:\/\/www.fiscalia.gov.co\/colombia\/#website\"},\"primaryImageOfPage\":{\"@id\":\"https:\/\/www.fiscalia.gov.co\/colombia\/noticias\/cuatro-implicados-en-trafico-de-estupefacientes-fueron-enviados-a-la-carcel-en-cartagena\/#primaryimage\"},\"image\":{\"@id\":\"https:\/\/www.fiscalia.gov.co\/colombia\/noticias\/cuatro-implicados-en-trafico-de-estupefacientes-fueron-enviados-a-la-carcel-en-cartagena\/#primaryimage\"},\"thumbnailUrl\":\"https:\/\/www.fiscalia.gov.co\/colombia\/wp-content\/uploads\/Foto-boletin-05-de-febrero-estupefacientes-1024x575.jpeg\",\"datePublished\":\"2024-02-05T16:46:12+00:00\",\"dateModified\":\"2024-02-05T16:46:12+00:00\",\"description\":\"P\u00e1gina oficial de la Fiscal\u00eda General de la Naci\u00f3n \u2013 Colombia. Garantizamos el acceso efectivo a la justicia, la verdad y la reparaci\u00f3n de las v\u00edctimas de los delitos.\",\"breadcrumb\":{\"@id\":\"https:\/\/www.fiscalia.gov.co\/colombia\/noticias\/cuatro-implicados-en-trafico-de-estupefacientes-fueron-enviados-a-la-carcel-en-cartagena\/#breadcrumb\"},\"inLanguage\":\"es-CO\",\"potentialAction\":[{\"@type\":\"ReadAction\",\"target\":[\"https:\/\/www.fiscalia.gov.co\/colombia\/noticias\/cuatro-implicados-en-trafico-de-estupefacientes-fueron-enviados-a-la-carcel-en-cartagena\/\"]}]},{\"@type\":\"ImageObject\",\"inLanguage\":\"es-CO\",\"@id\":\"https:\/\/www.fiscalia.gov.co\/colombia\/noticias\/cuatro-implicados-en-trafico-de-estupefacientes-fueron-enviados-a-la-carcel-en-cartagena\/#primaryimage\",\"url\":\"https:\/\/www.fiscalia.gov.co\/colombia\/wp-content\/uploads\/Foto-boletin-05-de-febrero-estupefacientes-1024x575.jpeg\",\"contentUrl\":\"https:\/\/www.fiscalia.gov.co\/colombia\/wp-content\/uploads\/Foto-boletin-05-de-febrero-estupefacientes-1024x575.jpeg\"},{\"@type\":\"BreadcrumbList\",\"@id\":\"https:\/\/www.fiscalia.gov.co\/colombia\/noticias\/cuatro-implicados-en-trafico-de-estupefacientes-fueron-enviados-a-la-carcel-en-cartagena\/#breadcrumb\",\"itemListElement\":[{\"@type\":\"ListItem\",\"position\":1,\"name\":\"Home\",\"item\":\"https:\/\/www.fiscalia.gov.co\/colombia\/\"},{\"@type\":\"ListItem\",\"position\":2,\"name\":\"Cuatro implicados en tr\u00e1fico de estupefacientes fueron enviados a la c\u00e1rcel en Cartagena\"}]},{\"@type\":\"WebSite\",\"@id\":\"https:\/\/www.fiscalia.gov.co\/colombia\/#website\",\"url\":\"https:\/\/www.fiscalia.gov.co\/colombia\/\",\"name\":\"Fiscal\u00eda General de la Naci\u00f3n\",\"description\":\"P\u00e1gina oficial de la Fiscal\u00eda General de la Naci\u00f3n \u2013 Colombia. Garantizamos el acceso efectivo a la justicia, la verdad y la reparaci\u00f3n de las v\u00edctimas de los delitos.\",\"publisher\":{\"@id\":\"https:\/\/www.fiscalia.gov.co\/colombia\/#organization\"},\"potentialAction\":[{\"@type\":\"SearchAction\",\"target\":{\"@type\":\"EntryPoint\",\"urlTemplate\":\"https:\/\/www.fiscalia.gov.co\/colombia\/?s={search_term_string}\"},\"query-input\":{\"@type\":\"PropertyValueSpecification\",\"valueRequired\":true,\"valueName\":\"search_term_string\"}}],\"inLanguage\":\"es-CO\"},{\"@type\":\"Organization\",\"@id\":\"https:\/\/www.fiscalia.gov.co\/colombia\/#organization\",\"name\":\"Fiscal\u00eda General de la Naci\u00f3n\",\"url\":\"https:\/\/www.fiscalia.gov.co\/colombia\/\",\"logo\":{\"@type\":\"ImageObject\",\"inLanguage\":\"es-CO\",\"@id\":\"https:\/\/www.fiscalia.gov.co\/colombia\/#\/schema\/logo\/image\/\",\"url\":\"https:\/\/www.fiscalia.gov.co\/colombia\/wp-content\/uploads\/LogoHorizontal_1.jpg\",\"contentUrl\":\"https:\/\/www.fiscalia.gov.co\/colombia\/wp-content\/uploads\/LogoHorizontal_1.jpg\",\"width\":300,\"height\":90,\"caption\":\"Fiscal\u00eda General de la Naci\u00f3n\"},\"image\":{\"@id\":\"https:\/\/www.fiscalia.gov.co\/colombia\/#\/schema\/logo\/image\/\"},\"sameAs\":[\"https:\/\/www.facebook.com\/FiscaliaCol\",\"https:\/\/x.com\/FiscaliaCol\",\"https:\/\/www.instagram.com\/fiscaliacol\",\"https:\/\/www.linkedin.com\/company\/fiscalia-general-de-la-naci-n\/\",\"https:\/\/youtube.com\/@fiscaliageneraldelanacion-4668?si=6nN79nyQICPU5iTh\"]},{\"@type\":\"Person\",\"@id\":\"https:\/\/www.fiscalia.gov.co\/colombia\/#\/schema\/person\/bf84402cf293a5393e9c70b111020b24\",\"name\":\"Jordan Leandro Oviedo Anzola\",\"image\":{\"@type\":\"ImageObject\",\"inLanguage\":\"es-CO\",\"@id\":\"https:\/\/www.fiscalia.gov.co\/colombia\/#\/schema\/person\/image\/\",\"url\":\"https:\/\/secure.gravatar.com\/avatar\/dabba4346fa9b9207d96adafa8f92721?s=96&d=mm&r=g\",\"contentUrl\":\"https:\/\/secure.gravatar.com\/avatar\/dabba4346fa9b9207d96adafa8f92721?s=96&d=mm&r=g\",\"caption\":\"Jordan Leandro Oviedo Anzola\"},\"url\":\"https:\/\/www.fiscalia.gov.co\/colombia\/author\/joviedo\/\"}]}<\/script>\n<!-- \/ Yoast SEO plugin. -->","yoast_head_json":{"title":"Fiscal\u00eda General de la Naci\u00f3n","description":"P\u00e1gina oficial de la Fiscal\u00eda General de la Naci\u00f3n \u2013 Colombia. Garantizamos el acceso efectivo a la justicia, la verdad y la reparaci\u00f3n de las v\u00edctimas de los delitos.","robots":{"index":"noindex","follow":"follow"},"og_locale":"es_ES","og_type":"article","og_title":"Fiscal\u00eda General de la Naci\u00f3n","og_description":"P\u00e1gina oficial de la Fiscal\u00eda General de la Naci\u00f3n \u2013 Colombia. Garantizamos el acceso efectivo a la justicia, la verdad y la reparaci\u00f3n de las v\u00edctimas de los delitos.","og_url":"https:\/\/www.fiscalia.gov.co\/colombia\/noticias\/cuatro-implicados-en-trafico-de-estupefacientes-fueron-enviados-a-la-carcel-en-cartagena\/","og_site_name":"Fiscal\u00eda General de la Naci\u00f3n","article_publisher":"https:\/\/www.facebook.com\/FiscaliaCol","article_published_time":"2024-02-05T16:46:12+00:00","og_image":[{"url":"https:\/\/www.fiscalia.gov.co\/colombia\/wp-content\/uploads\/Foto-boletin-05-de-febrero-estupefacientes-1024x575.jpeg","type":"","width":"","height":""}],"author":"Jordan Leandro Oviedo Anzola","twitter_card":"summary_large_image","twitter_creator":"@FiscaliaCol","twitter_site":"@FiscaliaCol","twitter_misc":{"Escrito por":"Jordan Leandro Oviedo Anzola","Tiempo de lectura":"2 minutos"},"schema":{"@context":"https:\/\/schema.org","@graph":[{"@type":"Article","@id":"https:\/\/www.fiscalia.gov.co\/colombia\/noticias\/cuatro-implicados-en-trafico-de-estupefacientes-fueron-enviados-a-la-carcel-en-cartagena\/#article","isPartOf":{"@id":"https:\/\/www.fiscalia.gov.co\/colombia\/noticias\/cuatro-implicados-en-trafico-de-estupefacientes-fueron-enviados-a-la-carcel-en-cartagena\/"},"author":{"name":"Jordan Leandro Oviedo Anzola","@id":"https:\/\/www.fiscalia.gov.co\/colombia\/#\/schema\/person\/bf84402cf293a5393e9c70b111020b24"},"headline":"Cuatro implicados en tr\u00e1fico de estupefacientes fueron enviados a la c\u00e1rcel en Cartagena","datePublished":"2024-02-05T16:46:12+00:00","dateModified":"2024-02-05T16:46:12+00:00","mainEntityOfPage":{"@id":"https:\/\/www.fiscalia.gov.co\/colombia\/noticias\/cuatro-implicados-en-trafico-de-estupefacientes-fueron-enviados-a-la-carcel-en-cartagena\/"},"wordCount":421,"publisher":{"@id":"https:\/\/www.fiscalia.gov.co\/colombia\/#organization"},"image":{"@id":"https:\/\/www.fiscalia.gov.co\/colombia\/noticias\/cuatro-implicados-en-trafico-de-estupefacientes-fueron-enviados-a-la-carcel-en-cartagena\/#primaryimage"},"thumbnailUrl":"https:\/\/www.fiscalia.gov.co\/colombia\/wp-content\/uploads\/Foto-boletin-05-de-febrero-estupefacientes-1024x575.jpeg","keywords":["C\u00e1rcel","Cartagena","Cartagena (Bol\u00edvar)","comercializar","env\u00edo.","exterior.","Fiscal\u00eda Colombia","Fiscal\u00eda General de la Naci\u00f3n","Polic\u00eda Nacional","Porte de estupefacientes"],"articleSection":["Noticias","Seccional Cartagena","Seccionales","Seguridad territorial"],"inLanguage":"es-CO"},{"@type":"WebPage","@id":"https:\/\/www.fiscalia.gov.co\/colombia\/noticias\/cuatro-implicados-en-trafico-de-estupefacientes-fueron-enviados-a-la-carcel-en-cartagena\/","url":"https:\/\/www.fiscalia.gov.co\/colombia\/noticias\/cuatro-implicados-en-trafico-de-estupefacientes-fueron-enviados-a-la-carcel-en-cartagena\/","name":"Fiscal\u00eda General de la Naci\u00f3n","isPartOf":{"@id":"https:\/\/www.fiscalia.gov.co\/colombia\/#website"},"primaryImageOfPage":{"@id":"https:\/\/www.fiscalia.gov.co\/colombia\/noticias\/cuatro-implicados-en-trafico-de-estupefacientes-fueron-enviados-a-la-carcel-en-cartagena\/#primaryimage"},"image":{"@id":"https:\/\/www.fiscalia.gov.co\/colombia\/noticias\/cuatro-implicados-en-trafico-de-estupefacientes-fueron-enviados-a-la-carcel-en-cartagena\/#primaryimage"},"thumbnailUrl":"https:\/\/www.fiscalia.gov.co\/colombia\/wp-content\/uploads\/Foto-boletin-05-de-febrero-estupefacientes-1024x575.jpeg","datePublished":"2024-02-05T16:46:12+00:00","dateModified":"2024-02-05T16:46:12+00:00","description":"P\u00e1gina oficial de la Fiscal\u00eda General de la Naci\u00f3n \u2013 Colombia. Garantizamos el acceso efectivo a la justicia, la verdad y la reparaci\u00f3n de las v\u00edctimas de los delitos.","breadcrumb":{"@id":"https:\/\/www.fiscalia.gov.co\/colombia\/noticias\/cuatro-implicados-en-trafico-de-estupefacientes-fueron-enviados-a-la-carcel-en-cartagena\/#breadcrumb"},"inLanguage":"es-CO","potentialAction":[{"@type":"ReadAction","target":["https:\/\/www.fiscalia.gov.co\/colombia\/noticias\/cuatro-implicados-en-trafico-de-estupefacientes-fueron-enviados-a-la-carcel-en-cartagena\/"]}]},{"@type":"ImageObject","inLanguage":"es-CO","@id":"https:\/\/www.fiscalia.gov.co\/colombia\/noticias\/cuatro-implicados-en-trafico-de-estupefacientes-fueron-enviados-a-la-carcel-en-cartagena\/#primaryimage","url":"https:\/\/www.fiscalia.gov.co\/colombia\/wp-content\/uploads\/Foto-boletin-05-de-febrero-estupefacientes-1024x575.jpeg","contentUrl":"https:\/\/www.fiscalia.gov.co\/colombia\/wp-content\/uploads\/Foto-boletin-05-de-febrero-estupefacientes-1024x575.jpeg"},{"@type":"BreadcrumbList","@id":"https:\/\/www.fiscalia.gov.co\/colombia\/noticias\/cuatro-implicados-en-trafico-de-estupefacientes-fueron-enviados-a-la-carcel-en-cartagena\/#breadcrumb","itemListElement":[{"@type":"ListItem","position":1,"name":"Home","item":"https:\/\/www.fiscalia.gov.co\/colombia\/"},{"@type":"ListItem","position":2,"name":"Cuatro implicados en tr\u00e1fico de estupefacientes fueron enviados a la c\u00e1rcel en Cartagena"}]},{"@type":"WebSite","@id":"https:\/\/www.fiscalia.gov.co\/colombia\/#website","url":"https:\/\/www.fiscalia.gov.co\/colombia\/","name":"Fiscal\u00eda General de la Naci\u00f3n","description":"P\u00e1gina oficial de la Fiscal\u00eda General de la Naci\u00f3n \u2013 Colombia. Garantizamos el acceso efectivo a la justicia, la verdad y la reparaci\u00f3n de las v\u00edctimas de los delitos.","publisher":{"@id":"https:\/\/www.fiscalia.gov.co\/colombia\/#organization"},"potentialAction":[{"@type":"SearchAction","target":{"@type":"EntryPoint","urlTemplate":"https:\/\/www.fiscalia.gov.co\/colombia\/?s={search_term_string}"},"query-input":{"@type":"PropertyValueSpecification","valueRequired":true,"valueName":"search_term_string"}}],"inLanguage":"es-CO"},{"@type":"Organization","@id":"https:\/\/www.fiscalia.gov.co\/colombia\/#organization","name":"Fiscal\u00eda General de la Naci\u00f3n","url":"https:\/\/www.fiscalia.gov.co\/colombia\/","logo":{"@type":"ImageObject","inLanguage":"es-CO","@id":"https:\/\/www.fiscalia.gov.co\/colombia\/#\/schema\/logo\/image\/","url":"https:\/\/www.fiscalia.gov.co\/colombia\/wp-content\/uploads\/LogoHorizontal_1.jpg","contentUrl":"https:\/\/www.fiscalia.gov.co\/colombia\/wp-content\/uploads\/LogoHorizontal_1.jpg","width":300,"height":90,"caption":"Fiscal\u00eda General de la Naci\u00f3n"},"image":{"@id":"https:\/\/www.fiscalia.gov.co\/colombia\/#\/schema\/logo\/image\/"},"sameAs":["https:\/\/www.facebook.com\/FiscaliaCol","https:\/\/x.com\/FiscaliaCol","https:\/\/www.instagram.com\/fiscaliacol","https:\/\/www.linkedin.com\/company\/fiscalia-general-de-la-naci-n\/","https:\/\/youtube.com\/@fiscaliageneraldelanacion-4668?si=6nN79nyQICPU5iTh"]},{"@type":"Person","@id":"https:\/\/www.fiscalia.gov.co\/colombia\/#\/schema\/person\/bf84402cf293a5393e9c70b111020b24","name":"Jordan Leandro Oviedo Anzola","image":{"@type":"ImageObject","inLanguage":"es-CO","@id":"https:\/\/www.fiscalia.gov.co\/colombia\/#\/schema\/person\/image\/","url":"https:\/\/secure.gravatar.com\/avatar\/dabba4346fa9b9207d96adafa8f92721?s=96&d=mm&r=g","contentUrl":"https:\/\/secure.gravatar.com\/avatar\/dabba4346fa9b9207d96adafa8f92721?s=96&d=mm&r=g","caption":"Jordan Leandro Oviedo Anzola"},"url":"https:\/\/www.fiscalia.gov.co\/colombia\/author\/joviedo\/"}]}},"_links":{"self":[{"href":"https:\/\/www.fiscalia.gov.co\/colombia\/wp-json\/wp\/v2\/posts\/287562","targetHints":{"allow":["GET"]}}],"collection":[{"href":"https:\/\/www.fiscalia.gov.co\/colombia\/wp-json\/wp\/v2\/posts"}],"about":[{"href":"https:\/\/www.fiscalia.gov.co\/colombia\/wp-json\/wp\/v2\/types\/post"}],"author":[{"embeddable":true,"href":"https:\/\/www.fiscalia.gov.co\/colombia\/wp-json\/wp\/v2\/users\/177"}],"replies":[{"embeddable":true,"href":"https:\/\/www.fiscalia.gov.co\/colombia\/wp-json\/wp\/v2\/comments?post=287562"}],"version-history":[{"count":1,"href":"https:\/\/www.fiscalia.gov.co\/colombia\/wp-json\/wp\/v2\/posts\/287562\/revisions"}],"predecessor-version":[{"id":287564,"href":"https:\/\/www.fiscalia.gov.co\/colombia\/wp-json\/wp\/v2\/posts\/287562\/revisions\/287564"}],"wp:attachment":[{"href":"https:\/\/www.fiscalia.gov.co\/colombia\/wp-json\/wp\/v2\/media?parent=287562"}],"wp:term":[{"taxonomy":"category","embeddable":true,"href":"https:\/\/www.fiscalia.gov.co\/colombia\/wp-json\/wp\/v2\/categories?post=287562"},{"taxonomy":"post_tag","embeddable":true,"href":"https:\/\/www.fiscalia.gov.co\/colombia\/wp-json\/wp\/v2\/tags?post=287562"}],"curies":[{"name":"wp","href":"https:\/\/api.w.org\/{rel}","templated":true}]}}