{"id":287472,"date":"2024-02-02T17:44:40","date_gmt":"2024-02-02T22:44:40","guid":{"rendered":"https:\/\/www.fiscalia.gov.co\/colombia\/?p=287472"},"modified":"2024-02-02T17:44:40","modified_gmt":"2024-02-02T22:44:40","slug":"cuatro-presuntos-implicados-en-trafico-de-estupefacientes-fueron-judicializados-y-privados-de-la-libertad-en-dagua-y-jamundi-valle-del-cauca","status":"publish","type":"post","link":"https:\/\/www.fiscalia.gov.co\/colombia\/noticias\/cuatro-presuntos-implicados-en-trafico-de-estupefacientes-fueron-judicializados-y-privados-de-la-libertad-en-dagua-y-jamundi-valle-del-cauca\/","title":{"rendered":"Cuatro presuntos implicados en tr\u00e1fico de estupefacientes fueron judicializados y privados de la libertad en Dagua y Jamund\u00ed, Valle del Cauca\u00a0"},"content":{"rendered":"<p>En casos aislados, la Fiscal\u00eda General de la Naci\u00f3n logr\u00f3 que jueces de control de garant\u00edas enviaran a la c\u00e1rcel a cuatro personas, quienes, presuntamente, fueron sorprendidas fueron sorprendidas por las autoridades con sustancias estupefacientes, en los municipios de Dagua y Jamund\u00ed (Valle del Cauca).<\/p>\n<p>En Dagua, fueron judicializados Jean Carlos L\u00f3pez Mu\u00f1oz y Damaris Hurtado Ram\u00edrez, quienes presuntamente, fueron capturados en flagrancia, el pasado 16 de enero, por personal de la Polic\u00eda Nacional, con 9.946 gramos de coca\u00edna y sus derivados, durante diligencia de registro y allanamiento, en una vivienda ubicada en el barrio Ricaurte, de esa municipalidad. Las autoridades incautaron dos bolsas pl\u00e1sticas negras, una con 858 y la otra con 9.088 gramos de clorhidrato de coca\u00edna, respectivamente.<\/p>\n<figure id=\"attachment_287473\" aria-describedby=\"caption-attachment-287473\" style=\"width: 300px\" class=\"wp-caption aligncenter\"><img loading=\"lazy\" decoding=\"async\" class=\"size-medium wp-image-287473\" src=\"https:\/\/www.fiscalia.gov.co\/colombia\/wp-content\/uploads\/Jean-Carlos-Lopez-Munoz-y-otra.-Estupefacientes.-Dagua-Valle.--300x168.jpg\" alt=\"En la fotograf\u00eda se aprecia de pie y con los brazos atr\u00e1s a Jean Carlos L\u00f3pez Mu\u00f1oz y Damaris Hurtado Ram\u00edrez. La mujer viste camiseta de manga corta blanca con estampado a la altura del pecho y pantal\u00f3n gris. El hombre viste camiseta de manga corta color verde y pantal\u00f3n azul. Al lado y lado de ellos hay uniformados de la Polic\u00eda Nacional. Delante de ellos hay una mesa con mantel blanco y sobre ella hay tres bolsas pl\u00e1sticas negras, una transparente, una gramera y bolsas pl\u00e1sticas. En la parte de atr\u00e1s de ellos hay un pend\u00f3n institucional de la Polic\u00eda Nacional.\" width=\"300\" height=\"168\" srcset=\"https:\/\/www.fiscalia.gov.co\/colombia\/wp-content\/uploads\/Jean-Carlos-Lopez-Munoz-y-otra.-Estupefacientes.-Dagua-Valle.--300x168.jpg 300w, https:\/\/www.fiscalia.gov.co\/colombia\/wp-content\/uploads\/Jean-Carlos-Lopez-Munoz-y-otra.-Estupefacientes.-Dagua-Valle.--1024x575.jpg 1024w, https:\/\/www.fiscalia.gov.co\/colombia\/wp-content\/uploads\/Jean-Carlos-Lopez-Munoz-y-otra.-Estupefacientes.-Dagua-Valle.--768x431.jpg 768w, https:\/\/www.fiscalia.gov.co\/colombia\/wp-content\/uploads\/Jean-Carlos-Lopez-Munoz-y-otra.-Estupefacientes.-Dagua-Valle.--1536x862.jpg 1536w, https:\/\/www.fiscalia.gov.co\/colombia\/wp-content\/uploads\/Jean-Carlos-Lopez-Munoz-y-otra.-Estupefacientes.-Dagua-Valle.--696x391.jpg 696w, https:\/\/www.fiscalia.gov.co\/colombia\/wp-content\/uploads\/Jean-Carlos-Lopez-Munoz-y-otra.-Estupefacientes.-Dagua-Valle.--1068x599.jpg 1068w, https:\/\/www.fiscalia.gov.co\/colombia\/wp-content\/uploads\/Jean-Carlos-Lopez-Munoz-y-otra.-Estupefacientes.-Dagua-Valle.--748x420.jpg 748w, https:\/\/www.fiscalia.gov.co\/colombia\/wp-content\/uploads\/Jean-Carlos-Lopez-Munoz-y-otra.-Estupefacientes.-Dagua-Valle.-.jpg 1600w\" sizes=\"auto, (max-width: 300px) 100vw, 300px\" \/><figcaption id=\"caption-attachment-287473\" class=\"wp-caption-text\">Jean Carlos L\u00f3pez Mu\u00f1oz y Damaris Hurtado Ram\u00edrez, al parecer, fueron sorprendidos con 9,946 gramos de clorhidrato de coca\u00edna, en Dagua (Valle del Cauca).<\/figcaption><\/figure>\n<p>La Fiscal\u00eda le imput\u00f3 cargos a la pareja capturada por el delito de tr\u00e1fico, fabricaci\u00f3n o porte de estupefacientes agravado, por lo que el juez decidi\u00f3 que L\u00f3pez Mu\u00f1oz cumpliera la medida de aseguramiento en centro carcelario y Hurtado Ram\u00edrez en su lugar de residencia por ser madre lactante.<\/p>\n<p><strong>En Jamund\u00ed:<\/strong><\/p>\n<p>As\u00ed mismo fueron judicializados y privados de la libertad Johann David Caballos Bar\u00f3n y Oscar Eduardo Franco Mez\u00fa, quienes fueron capturados en flagrancia por personal de la Polic\u00eda Nacional, el pasado 15 de enero, durante diligencia de registro y allanamiento, a una vivienda ubicada en el barrio Portal del Jord\u00e1n, de Jamund\u00ed (Valle del Cauca).<\/p>\n<figure id=\"attachment_287474\" aria-describedby=\"caption-attachment-287474\" style=\"width: 300px\" class=\"wp-caption aligncenter\"><img loading=\"lazy\" decoding=\"async\" class=\"size-medium wp-image-287474\" src=\"https:\/\/www.fiscalia.gov.co\/colombia\/wp-content\/uploads\/Johann-David-Ceballos-Baron-y-otro.-Estupefacientes.-Jamundi-Valle-300x224.jpg\" alt=\"En la fotograf\u00eda se aprecia de pie a Johann David Caballos Bar\u00f3n y Oscar Eduardo Franco Mez\u00fa. Uno de ellos viste buso negro con estampado blanco y camisa roja debajo de \u00e9ste; as\u00ed como jean azul. El otro viste buso blanco con estampado negro de T\u00edo Rico y pantal\u00f3n verde. Al lado y lado de ellos hay uniformados de la Polic\u00eda Nacional. Delante de ellos hay una mesa y sobre ella hay varias bolsas pl\u00e1sticas peque\u00f1as; varias bolsas pl\u00e1sticas de color rosadom amarillo y negro; as\u00ed como un letrero que dice \u2019Base de coca\u2019. En el piso se aprecia una licuadora y varios paquetes de bolsas negras, transparentes y azul; igualmente, un letrero que dice: \u2018Marihuana\u2019. En la parte de atr\u00e1s de ellos hay un pend\u00f3n institucional de la Polic\u00eda Nacional.\" width=\"300\" height=\"224\" srcset=\"https:\/\/www.fiscalia.gov.co\/colombia\/wp-content\/uploads\/Johann-David-Ceballos-Baron-y-otro.-Estupefacientes.-Jamundi-Valle-300x224.jpg 300w, https:\/\/www.fiscalia.gov.co\/colombia\/wp-content\/uploads\/Johann-David-Ceballos-Baron-y-otro.-Estupefacientes.-Jamundi-Valle-1024x765.jpg 1024w, https:\/\/www.fiscalia.gov.co\/colombia\/wp-content\/uploads\/Johann-David-Ceballos-Baron-y-otro.-Estupefacientes.-Jamundi-Valle-768x574.jpg 768w, https:\/\/www.fiscalia.gov.co\/colombia\/wp-content\/uploads\/Johann-David-Ceballos-Baron-y-otro.-Estupefacientes.-Jamundi-Valle-1536x1147.jpg 1536w, https:\/\/www.fiscalia.gov.co\/colombia\/wp-content\/uploads\/Johann-David-Ceballos-Baron-y-otro.-Estupefacientes.-Jamundi-Valle-485x360.jpg 485w, https:\/\/www.fiscalia.gov.co\/colombia\/wp-content\/uploads\/Johann-David-Ceballos-Baron-y-otro.-Estupefacientes.-Jamundi-Valle-696x520.jpg 696w, https:\/\/www.fiscalia.gov.co\/colombia\/wp-content\/uploads\/Johann-David-Ceballos-Baron-y-otro.-Estupefacientes.-Jamundi-Valle-1068x798.jpg 1068w, https:\/\/www.fiscalia.gov.co\/colombia\/wp-content\/uploads\/Johann-David-Ceballos-Baron-y-otro.-Estupefacientes.-Jamundi-Valle-562x420.jpg 562w, https:\/\/www.fiscalia.gov.co\/colombia\/wp-content\/uploads\/Johann-David-Ceballos-Baron-y-otro.-Estupefacientes.-Jamundi-Valle-80x60.jpg 80w, https:\/\/www.fiscalia.gov.co\/colombia\/wp-content\/uploads\/Johann-David-Ceballos-Baron-y-otro.-Estupefacientes.-Jamundi-Valle-265x198.jpg 265w, https:\/\/www.fiscalia.gov.co\/colombia\/wp-content\/uploads\/Johann-David-Ceballos-Baron-y-otro.-Estupefacientes.-Jamundi-Valle.jpg 1600w\" sizes=\"auto, (max-width: 300px) 100vw, 300px\" \/><figcaption id=\"caption-attachment-287474\" class=\"wp-caption-text\">Johann David Caballos Bar\u00f3n y Oscar Eduardo Franco Mez\u00fa, son se\u00f1alados de dosificar y comercializar narc\u00f3ticos en una vivienda, en Jamund\u00ed (Valle del Cauca).<\/figcaption><\/figure>\n<p>Seg\u00fan la Fiscal\u00eda, los dos hombres en menci\u00f3n estar\u00edan utilizando dicho predio para la venta de estupefacientes. Durante la diligencia fueron incautados elementos para la dosificaci\u00f3n de coca\u00edna y elaboraci\u00f3n de cigarrillos de marihuana, una gramera, una licuadora, 10.939 gramos de marihuana y 467 gramos de coca\u00edna.<\/p>\n<p>En este caso, la Fiscal\u00eda les imput\u00f3 el delito de tr\u00e1fico, fabricaci\u00f3n o porte de estupefacientes y el juez decidi\u00f3 que los dos presuntos implicados deben cumplir la medida de aseguramiento en centro carcelario.<\/p>\n<p>Esta informaci\u00f3n se publica por razones de inter\u00e9s general.<\/p>\n<p>&nbsp;<\/p>\n<p><strong>\u00a0La Fiscal\u00eda habla con resultados.<\/strong><\/p>\n<p>&nbsp;<\/p>\n<p>&nbsp;<\/p>\n<p>MAP\/SEGM\/DSC\/LYBT\/<\/p>\n<p>&nbsp;<\/p>\n<p>&nbsp;<\/p>\n<p><i>La informaci\u00f3n contenida en este bolet\u00edn de prensa corresponde a la narraci\u00f3n de los hechos noticiosos objetivos, y las investigaciones penales al interior de la Fiscal\u00eda General de la Naci\u00f3n. Para el momento de la divulgaci\u00f3n de este comunicado, la situaci\u00f3n jur\u00eddica de la(s) persona(s) relacionada(s) se encuentra pendiente de resolver por la autoridad judicial competente, siempre bajo los preceptos de la presunci\u00f3n de inocencia, consagrados en el art\u00edculo 29 de la Constituci\u00f3n Pol\u00edtica y el art\u00edculo 7\u00ba de la Ley 906 de 2004<\/i><\/p>\n\n<div class=\"twitter-share\"><a href=\"https:\/\/twitter.com\/intent\/tweet?via=fiscaliacol\" class=\"twitter-share-button\">Tweet<\/a><\/div>\n","protected":false},"excerpt":{"rendered":"<p>En casos aislados, la Fiscal\u00eda General de la Naci\u00f3n logr\u00f3 que jueces de control de garant\u00edas enviaran a la c\u00e1rcel a cuatro personas, quienes, presuntamente, fueron sorprendidas fueron sorprendidas por las autoridades con sustancias estupefacientes, en los municipios de Dagua y Jamund\u00ed (Valle del Cauca). En Dagua, fueron judicializados Jean Carlos L\u00f3pez Mu\u00f1oz y Damaris [&hellip;]<\/p>\n","protected":false},"author":179,"featured_media":0,"comment_status":"closed","ping_status":"open","sticky":false,"template":"","format":"standard","meta":{"_price":"","_stock":"","_tribe_ticket_header":"","_tribe_default_ticket_provider":"","_tribe_ticket_capacity":"0","_ticket_start_date":"","_ticket_end_date":"","_tribe_ticket_show_description":"","_tribe_ticket_show_not_going":false,"_tribe_ticket_use_global_stock":"","_tribe_ticket_global_stock_level":"","_global_stock_mode":"","_global_stock_cap":"","_tribe_rsvp_for_event":"","_tribe_ticket_going_count":"","_tribe_ticket_not_going_count":"","_tribe_tickets_list":"[]","_tribe_ticket_has_attendee_info_fields":false,"tdm_status":"","tdm_grid_status":"","footnotes":""},"categories":[1,324,303,24099],"tags":[8010,24551,36838,19,11533,12941,78,24187,7169,25109,1264,1185,26070,916],"class_list":{"0":"post-287472","1":"post","2":"type-post","3":"status-publish","4":"format-standard","6":"category-noticias","7":"category-seccional-cali","8":"category-seccionales","9":"category-seguridad-territorial","10":"tag-capturados","11":"tag-centro-carcelario","12":"tag-clorhidrato-de-cocaina-y-sus-derivados","13":"tag-cocaina","14":"tag-fabricacion-o-porte-de-estupefacientes","15":"tag-fabricacion-o-porte-de-estupefacientes-agravado","16":"tag-fiscal-general-de-la-nacion","17":"tag-fiscalia-colombia","18":"tag-flagrancia","19":"tag-lugar-de-residencia","20":"tag-marihuana","21":"tag-medida-de-aseguramiento","22":"tag-seccional-cali","23":"tag-trafico"},"yoast_head":"<!-- This site is optimized with the Yoast SEO plugin v24.3 - https:\/\/yoast.com\/wordpress\/plugins\/seo\/ -->\n<title>Fiscal\u00eda General de la Naci\u00f3n<\/title>\n<meta name=\"description\" content=\"P\u00e1gina oficial de la Fiscal\u00eda General de la Naci\u00f3n \u2013 Colombia. Garantizamos el acceso efectivo a la justicia, la verdad y la reparaci\u00f3n de las v\u00edctimas de los delitos.\" \/>\n<meta name=\"robots\" content=\"noindex, follow\" \/>\n<meta property=\"og:locale\" content=\"es_ES\" \/>\n<meta property=\"og:type\" content=\"article\" \/>\n<meta property=\"og:title\" content=\"Fiscal\u00eda General de la Naci\u00f3n\" \/>\n<meta property=\"og:description\" content=\"P\u00e1gina oficial de la Fiscal\u00eda General de la Naci\u00f3n \u2013 Colombia. Garantizamos el acceso efectivo a la justicia, la verdad y la reparaci\u00f3n de las v\u00edctimas de los delitos.\" \/>\n<meta property=\"og:url\" content=\"https:\/\/www.fiscalia.gov.co\/colombia\/noticias\/cuatro-presuntos-implicados-en-trafico-de-estupefacientes-fueron-judicializados-y-privados-de-la-libertad-en-dagua-y-jamundi-valle-del-cauca\/\" \/>\n<meta property=\"og:site_name\" content=\"Fiscal\u00eda General de la Naci\u00f3n\" \/>\n<meta property=\"article:publisher\" content=\"https:\/\/www.facebook.com\/FiscaliaCol\" \/>\n<meta property=\"article:published_time\" content=\"2024-02-02T22:44:40+00:00\" \/>\n<meta property=\"og:image\" content=\"https:\/\/www.fiscalia.gov.co\/colombia\/wp-content\/uploads\/Jean-Carlos-Lopez-Munoz-y-otra.-Estupefacientes.-Dagua-Valle.--300x168.jpg\" \/>\n<meta name=\"author\" content=\"Lesly Katherine Segura Camargo.\" \/>\n<meta name=\"twitter:card\" content=\"summary_large_image\" \/>\n<meta name=\"twitter:creator\" content=\"@FiscaliaCol\" \/>\n<meta name=\"twitter:site\" content=\"@FiscaliaCol\" \/>\n<meta name=\"twitter:label1\" content=\"Escrito por\" \/>\n\t<meta name=\"twitter:data1\" content=\"Lesly Katherine Segura Camargo.\" \/>\n\t<meta name=\"twitter:label2\" content=\"Tiempo de lectura\" \/>\n\t<meta name=\"twitter:data2\" content=\"3 minutos\" \/>\n<script type=\"application\/ld+json\" class=\"yoast-schema-graph\">{\"@context\":\"https:\/\/schema.org\",\"@graph\":[{\"@type\":\"Article\",\"@id\":\"https:\/\/www.fiscalia.gov.co\/colombia\/noticias\/cuatro-presuntos-implicados-en-trafico-de-estupefacientes-fueron-judicializados-y-privados-de-la-libertad-en-dagua-y-jamundi-valle-del-cauca\/#article\",\"isPartOf\":{\"@id\":\"https:\/\/www.fiscalia.gov.co\/colombia\/noticias\/cuatro-presuntos-implicados-en-trafico-de-estupefacientes-fueron-judicializados-y-privados-de-la-libertad-en-dagua-y-jamundi-valle-del-cauca\/\"},\"author\":{\"name\":\"Lesly Katherine Segura Camargo.\",\"@id\":\"https:\/\/www.fiscalia.gov.co\/colombia\/#\/schema\/person\/6be81acb78add0abcbda2c598c1d53e1\"},\"headline\":\"Cuatro presuntos implicados en tr\u00e1fico de estupefacientes fueron judicializados y privados de la libertad en Dagua y Jamund\u00ed, Valle del Cauca\u00a0\",\"datePublished\":\"2024-02-02T22:44:40+00:00\",\"dateModified\":\"2024-02-02T22:44:40+00:00\",\"mainEntityOfPage\":{\"@id\":\"https:\/\/www.fiscalia.gov.co\/colombia\/noticias\/cuatro-presuntos-implicados-en-trafico-de-estupefacientes-fueron-judicializados-y-privados-de-la-libertad-en-dagua-y-jamundi-valle-del-cauca\/\"},\"wordCount\":543,\"publisher\":{\"@id\":\"https:\/\/www.fiscalia.gov.co\/colombia\/#organization\"},\"image\":{\"@id\":\"https:\/\/www.fiscalia.gov.co\/colombia\/noticias\/cuatro-presuntos-implicados-en-trafico-de-estupefacientes-fueron-judicializados-y-privados-de-la-libertad-en-dagua-y-jamundi-valle-del-cauca\/#primaryimage\"},\"thumbnailUrl\":\"https:\/\/www.fiscalia.gov.co\/colombia\/wp-content\/uploads\/Jean-Carlos-Lopez-Munoz-y-otra.-Estupefacientes.-Dagua-Valle.--300x168.jpg\",\"keywords\":[\"Capturados\",\"centro carcelario\",\"clorhidrato de coca\u00edna y sus derivados\",\"Coca\u00edna\",\"fabricaci\u00f3n o porte de estupefacientes\",\"fabricaci\u00f3n o porte de estupefacientes agravado\",\"Fiscal General de la Naci\u00f3n\",\"Fiscal\u00eda Colombia\",\"Flagrancia\",\"lugar de residencia\",\"Marihuana\",\"Medida de aseguramiento\",\"Seccional Cali\",\"Tr\u00e1fico\"],\"articleSection\":[\"Noticias\",\"Seccional Cali\",\"Seccionales\",\"Seguridad territorial\"],\"inLanguage\":\"es-CO\"},{\"@type\":\"WebPage\",\"@id\":\"https:\/\/www.fiscalia.gov.co\/colombia\/noticias\/cuatro-presuntos-implicados-en-trafico-de-estupefacientes-fueron-judicializados-y-privados-de-la-libertad-en-dagua-y-jamundi-valle-del-cauca\/\",\"url\":\"https:\/\/www.fiscalia.gov.co\/colombia\/noticias\/cuatro-presuntos-implicados-en-trafico-de-estupefacientes-fueron-judicializados-y-privados-de-la-libertad-en-dagua-y-jamundi-valle-del-cauca\/\",\"name\":\"Fiscal\u00eda General de la Naci\u00f3n\",\"isPartOf\":{\"@id\":\"https:\/\/www.fiscalia.gov.co\/colombia\/#website\"},\"primaryImageOfPage\":{\"@id\":\"https:\/\/www.fiscalia.gov.co\/colombia\/noticias\/cuatro-presuntos-implicados-en-trafico-de-estupefacientes-fueron-judicializados-y-privados-de-la-libertad-en-dagua-y-jamundi-valle-del-cauca\/#primaryimage\"},\"image\":{\"@id\":\"https:\/\/www.fiscalia.gov.co\/colombia\/noticias\/cuatro-presuntos-implicados-en-trafico-de-estupefacientes-fueron-judicializados-y-privados-de-la-libertad-en-dagua-y-jamundi-valle-del-cauca\/#primaryimage\"},\"thumbnailUrl\":\"https:\/\/www.fiscalia.gov.co\/colombia\/wp-content\/uploads\/Jean-Carlos-Lopez-Munoz-y-otra.-Estupefacientes.-Dagua-Valle.--300x168.jpg\",\"datePublished\":\"2024-02-02T22:44:40+00:00\",\"dateModified\":\"2024-02-02T22:44:40+00:00\",\"description\":\"P\u00e1gina oficial de la Fiscal\u00eda General de la Naci\u00f3n \u2013 Colombia. Garantizamos el acceso efectivo a la justicia, la verdad y la reparaci\u00f3n de las v\u00edctimas de los delitos.\",\"breadcrumb\":{\"@id\":\"https:\/\/www.fiscalia.gov.co\/colombia\/noticias\/cuatro-presuntos-implicados-en-trafico-de-estupefacientes-fueron-judicializados-y-privados-de-la-libertad-en-dagua-y-jamundi-valle-del-cauca\/#breadcrumb\"},\"inLanguage\":\"es-CO\",\"potentialAction\":[{\"@type\":\"ReadAction\",\"target\":[\"https:\/\/www.fiscalia.gov.co\/colombia\/noticias\/cuatro-presuntos-implicados-en-trafico-de-estupefacientes-fueron-judicializados-y-privados-de-la-libertad-en-dagua-y-jamundi-valle-del-cauca\/\"]}]},{\"@type\":\"ImageObject\",\"inLanguage\":\"es-CO\",\"@id\":\"https:\/\/www.fiscalia.gov.co\/colombia\/noticias\/cuatro-presuntos-implicados-en-trafico-de-estupefacientes-fueron-judicializados-y-privados-de-la-libertad-en-dagua-y-jamundi-valle-del-cauca\/#primaryimage\",\"url\":\"https:\/\/www.fiscalia.gov.co\/colombia\/wp-content\/uploads\/Jean-Carlos-Lopez-Munoz-y-otra.-Estupefacientes.-Dagua-Valle.-.jpg\",\"contentUrl\":\"https:\/\/www.fiscalia.gov.co\/colombia\/wp-content\/uploads\/Jean-Carlos-Lopez-Munoz-y-otra.-Estupefacientes.-Dagua-Valle.-.jpg\",\"width\":1600,\"height\":898,\"caption\":\"Jean Carlos L\u00f3pez Mu\u00f1oz y Damaris Hurtado Ram\u00edrez, al parecer, fueron sorprendidos con 9,946 gramos de clorhidrato de coca\u00edna, en Dagua (Valle del Cauca).\"},{\"@type\":\"BreadcrumbList\",\"@id\":\"https:\/\/www.fiscalia.gov.co\/colombia\/noticias\/cuatro-presuntos-implicados-en-trafico-de-estupefacientes-fueron-judicializados-y-privados-de-la-libertad-en-dagua-y-jamundi-valle-del-cauca\/#breadcrumb\",\"itemListElement\":[{\"@type\":\"ListItem\",\"position\":1,\"name\":\"Home\",\"item\":\"https:\/\/www.fiscalia.gov.co\/colombia\/\"},{\"@type\":\"ListItem\",\"position\":2,\"name\":\"Cuatro presuntos implicados en tr\u00e1fico de estupefacientes fueron judicializados y privados de la libertad en Dagua y Jamund\u00ed, Valle del Cauca\u00a0\"}]},{\"@type\":\"WebSite\",\"@id\":\"https:\/\/www.fiscalia.gov.co\/colombia\/#website\",\"url\":\"https:\/\/www.fiscalia.gov.co\/colombia\/\",\"name\":\"Fiscal\u00eda General de la Naci\u00f3n\",\"description\":\"P\u00e1gina oficial de la Fiscal\u00eda General de la Naci\u00f3n \u2013 Colombia. Garantizamos el acceso efectivo a la justicia, la verdad y la reparaci\u00f3n de las v\u00edctimas de los delitos.\",\"publisher\":{\"@id\":\"https:\/\/www.fiscalia.gov.co\/colombia\/#organization\"},\"potentialAction\":[{\"@type\":\"SearchAction\",\"target\":{\"@type\":\"EntryPoint\",\"urlTemplate\":\"https:\/\/www.fiscalia.gov.co\/colombia\/?s={search_term_string}\"},\"query-input\":{\"@type\":\"PropertyValueSpecification\",\"valueRequired\":true,\"valueName\":\"search_term_string\"}}],\"inLanguage\":\"es-CO\"},{\"@type\":\"Organization\",\"@id\":\"https:\/\/www.fiscalia.gov.co\/colombia\/#organization\",\"name\":\"Fiscal\u00eda General de la Naci\u00f3n\",\"url\":\"https:\/\/www.fiscalia.gov.co\/colombia\/\",\"logo\":{\"@type\":\"ImageObject\",\"inLanguage\":\"es-CO\",\"@id\":\"https:\/\/www.fiscalia.gov.co\/colombia\/#\/schema\/logo\/image\/\",\"url\":\"https:\/\/www.fiscalia.gov.co\/colombia\/wp-content\/uploads\/LogoHorizontal_1.jpg\",\"contentUrl\":\"https:\/\/www.fiscalia.gov.co\/colombia\/wp-content\/uploads\/LogoHorizontal_1.jpg\",\"width\":300,\"height\":90,\"caption\":\"Fiscal\u00eda General de la Naci\u00f3n\"},\"image\":{\"@id\":\"https:\/\/www.fiscalia.gov.co\/colombia\/#\/schema\/logo\/image\/\"},\"sameAs\":[\"https:\/\/www.facebook.com\/FiscaliaCol\",\"https:\/\/x.com\/FiscaliaCol\",\"https:\/\/www.instagram.com\/fiscaliacol\",\"https:\/\/www.linkedin.com\/company\/fiscalia-general-de-la-naci-n\/\",\"https:\/\/youtube.com\/@fiscaliageneraldelanacion-4668?si=6nN79nyQICPU5iTh\"]},{\"@type\":\"Person\",\"@id\":\"https:\/\/www.fiscalia.gov.co\/colombia\/#\/schema\/person\/6be81acb78add0abcbda2c598c1d53e1\",\"name\":\"Lesly Katherine Segura Camargo.\",\"image\":{\"@type\":\"ImageObject\",\"inLanguage\":\"es-CO\",\"@id\":\"https:\/\/www.fiscalia.gov.co\/colombia\/#\/schema\/person\/image\/\",\"url\":\"https:\/\/secure.gravatar.com\/avatar\/1892091c53ef3b9c2fcb37ca6066e439?s=96&d=mm&r=g\",\"contentUrl\":\"https:\/\/secure.gravatar.com\/avatar\/1892091c53ef3b9c2fcb37ca6066e439?s=96&d=mm&r=g\",\"caption\":\"Lesly Katherine Segura Camargo.\"},\"url\":\"https:\/\/www.fiscalia.gov.co\/colombia\/author\/lesly-segura\/\"}]}<\/script>\n<!-- \/ Yoast SEO plugin. -->","yoast_head_json":{"title":"Fiscal\u00eda General de la Naci\u00f3n","description":"P\u00e1gina oficial de la Fiscal\u00eda General de la Naci\u00f3n \u2013 Colombia. Garantizamos el acceso efectivo a la justicia, la verdad y la reparaci\u00f3n de las v\u00edctimas de los delitos.","robots":{"index":"noindex","follow":"follow"},"og_locale":"es_ES","og_type":"article","og_title":"Fiscal\u00eda General de la Naci\u00f3n","og_description":"P\u00e1gina oficial de la Fiscal\u00eda General de la Naci\u00f3n \u2013 Colombia. Garantizamos el acceso efectivo a la justicia, la verdad y la reparaci\u00f3n de las v\u00edctimas de los delitos.","og_url":"https:\/\/www.fiscalia.gov.co\/colombia\/noticias\/cuatro-presuntos-implicados-en-trafico-de-estupefacientes-fueron-judicializados-y-privados-de-la-libertad-en-dagua-y-jamundi-valle-del-cauca\/","og_site_name":"Fiscal\u00eda General de la Naci\u00f3n","article_publisher":"https:\/\/www.facebook.com\/FiscaliaCol","article_published_time":"2024-02-02T22:44:40+00:00","og_image":[{"url":"https:\/\/www.fiscalia.gov.co\/colombia\/wp-content\/uploads\/Jean-Carlos-Lopez-Munoz-y-otra.-Estupefacientes.-Dagua-Valle.--300x168.jpg","type":"","width":"","height":""}],"author":"Lesly Katherine Segura Camargo.","twitter_card":"summary_large_image","twitter_creator":"@FiscaliaCol","twitter_site":"@FiscaliaCol","twitter_misc":{"Escrito por":"Lesly Katherine Segura Camargo.","Tiempo de lectura":"3 minutos"},"schema":{"@context":"https:\/\/schema.org","@graph":[{"@type":"Article","@id":"https:\/\/www.fiscalia.gov.co\/colombia\/noticias\/cuatro-presuntos-implicados-en-trafico-de-estupefacientes-fueron-judicializados-y-privados-de-la-libertad-en-dagua-y-jamundi-valle-del-cauca\/#article","isPartOf":{"@id":"https:\/\/www.fiscalia.gov.co\/colombia\/noticias\/cuatro-presuntos-implicados-en-trafico-de-estupefacientes-fueron-judicializados-y-privados-de-la-libertad-en-dagua-y-jamundi-valle-del-cauca\/"},"author":{"name":"Lesly Katherine Segura Camargo.","@id":"https:\/\/www.fiscalia.gov.co\/colombia\/#\/schema\/person\/6be81acb78add0abcbda2c598c1d53e1"},"headline":"Cuatro presuntos implicados en tr\u00e1fico de estupefacientes fueron judicializados y privados de la libertad en Dagua y Jamund\u00ed, Valle del Cauca\u00a0","datePublished":"2024-02-02T22:44:40+00:00","dateModified":"2024-02-02T22:44:40+00:00","mainEntityOfPage":{"@id":"https:\/\/www.fiscalia.gov.co\/colombia\/noticias\/cuatro-presuntos-implicados-en-trafico-de-estupefacientes-fueron-judicializados-y-privados-de-la-libertad-en-dagua-y-jamundi-valle-del-cauca\/"},"wordCount":543,"publisher":{"@id":"https:\/\/www.fiscalia.gov.co\/colombia\/#organization"},"image":{"@id":"https:\/\/www.fiscalia.gov.co\/colombia\/noticias\/cuatro-presuntos-implicados-en-trafico-de-estupefacientes-fueron-judicializados-y-privados-de-la-libertad-en-dagua-y-jamundi-valle-del-cauca\/#primaryimage"},"thumbnailUrl":"https:\/\/www.fiscalia.gov.co\/colombia\/wp-content\/uploads\/Jean-Carlos-Lopez-Munoz-y-otra.-Estupefacientes.-Dagua-Valle.--300x168.jpg","keywords":["Capturados","centro carcelario","clorhidrato de coca\u00edna y sus derivados","Coca\u00edna","fabricaci\u00f3n o porte de estupefacientes","fabricaci\u00f3n o porte de estupefacientes agravado","Fiscal General de la Naci\u00f3n","Fiscal\u00eda Colombia","Flagrancia","lugar de residencia","Marihuana","Medida de aseguramiento","Seccional Cali","Tr\u00e1fico"],"articleSection":["Noticias","Seccional Cali","Seccionales","Seguridad territorial"],"inLanguage":"es-CO"},{"@type":"WebPage","@id":"https:\/\/www.fiscalia.gov.co\/colombia\/noticias\/cuatro-presuntos-implicados-en-trafico-de-estupefacientes-fueron-judicializados-y-privados-de-la-libertad-en-dagua-y-jamundi-valle-del-cauca\/","url":"https:\/\/www.fiscalia.gov.co\/colombia\/noticias\/cuatro-presuntos-implicados-en-trafico-de-estupefacientes-fueron-judicializados-y-privados-de-la-libertad-en-dagua-y-jamundi-valle-del-cauca\/","name":"Fiscal\u00eda General de la Naci\u00f3n","isPartOf":{"@id":"https:\/\/www.fiscalia.gov.co\/colombia\/#website"},"primaryImageOfPage":{"@id":"https:\/\/www.fiscalia.gov.co\/colombia\/noticias\/cuatro-presuntos-implicados-en-trafico-de-estupefacientes-fueron-judicializados-y-privados-de-la-libertad-en-dagua-y-jamundi-valle-del-cauca\/#primaryimage"},"image":{"@id":"https:\/\/www.fiscalia.gov.co\/colombia\/noticias\/cuatro-presuntos-implicados-en-trafico-de-estupefacientes-fueron-judicializados-y-privados-de-la-libertad-en-dagua-y-jamundi-valle-del-cauca\/#primaryimage"},"thumbnailUrl":"https:\/\/www.fiscalia.gov.co\/colombia\/wp-content\/uploads\/Jean-Carlos-Lopez-Munoz-y-otra.-Estupefacientes.-Dagua-Valle.--300x168.jpg","datePublished":"2024-02-02T22:44:40+00:00","dateModified":"2024-02-02T22:44:40+00:00","description":"P\u00e1gina oficial de la Fiscal\u00eda General de la Naci\u00f3n \u2013 Colombia. Garantizamos el acceso efectivo a la justicia, la verdad y la reparaci\u00f3n de las v\u00edctimas de los delitos.","breadcrumb":{"@id":"https:\/\/www.fiscalia.gov.co\/colombia\/noticias\/cuatro-presuntos-implicados-en-trafico-de-estupefacientes-fueron-judicializados-y-privados-de-la-libertad-en-dagua-y-jamundi-valle-del-cauca\/#breadcrumb"},"inLanguage":"es-CO","potentialAction":[{"@type":"ReadAction","target":["https:\/\/www.fiscalia.gov.co\/colombia\/noticias\/cuatro-presuntos-implicados-en-trafico-de-estupefacientes-fueron-judicializados-y-privados-de-la-libertad-en-dagua-y-jamundi-valle-del-cauca\/"]}]},{"@type":"ImageObject","inLanguage":"es-CO","@id":"https:\/\/www.fiscalia.gov.co\/colombia\/noticias\/cuatro-presuntos-implicados-en-trafico-de-estupefacientes-fueron-judicializados-y-privados-de-la-libertad-en-dagua-y-jamundi-valle-del-cauca\/#primaryimage","url":"https:\/\/www.fiscalia.gov.co\/colombia\/wp-content\/uploads\/Jean-Carlos-Lopez-Munoz-y-otra.-Estupefacientes.-Dagua-Valle.-.jpg","contentUrl":"https:\/\/www.fiscalia.gov.co\/colombia\/wp-content\/uploads\/Jean-Carlos-Lopez-Munoz-y-otra.-Estupefacientes.-Dagua-Valle.-.jpg","width":1600,"height":898,"caption":"Jean Carlos L\u00f3pez Mu\u00f1oz y Damaris Hurtado Ram\u00edrez, al parecer, fueron sorprendidos con 9,946 gramos de clorhidrato de coca\u00edna, en Dagua (Valle del Cauca)."},{"@type":"BreadcrumbList","@id":"https:\/\/www.fiscalia.gov.co\/colombia\/noticias\/cuatro-presuntos-implicados-en-trafico-de-estupefacientes-fueron-judicializados-y-privados-de-la-libertad-en-dagua-y-jamundi-valle-del-cauca\/#breadcrumb","itemListElement":[{"@type":"ListItem","position":1,"name":"Home","item":"https:\/\/www.fiscalia.gov.co\/colombia\/"},{"@type":"ListItem","position":2,"name":"Cuatro presuntos implicados en tr\u00e1fico de estupefacientes fueron judicializados y privados de la libertad en Dagua y Jamund\u00ed, Valle del Cauca\u00a0"}]},{"@type":"WebSite","@id":"https:\/\/www.fiscalia.gov.co\/colombia\/#website","url":"https:\/\/www.fiscalia.gov.co\/colombia\/","name":"Fiscal\u00eda General de la Naci\u00f3n","description":"P\u00e1gina oficial de la Fiscal\u00eda General de la Naci\u00f3n \u2013 Colombia. Garantizamos el acceso efectivo a la justicia, la verdad y la reparaci\u00f3n de las v\u00edctimas de los delitos.","publisher":{"@id":"https:\/\/www.fiscalia.gov.co\/colombia\/#organization"},"potentialAction":[{"@type":"SearchAction","target":{"@type":"EntryPoint","urlTemplate":"https:\/\/www.fiscalia.gov.co\/colombia\/?s={search_term_string}"},"query-input":{"@type":"PropertyValueSpecification","valueRequired":true,"valueName":"search_term_string"}}],"inLanguage":"es-CO"},{"@type":"Organization","@id":"https:\/\/www.fiscalia.gov.co\/colombia\/#organization","name":"Fiscal\u00eda General de la Naci\u00f3n","url":"https:\/\/www.fiscalia.gov.co\/colombia\/","logo":{"@type":"ImageObject","inLanguage":"es-CO","@id":"https:\/\/www.fiscalia.gov.co\/colombia\/#\/schema\/logo\/image\/","url":"https:\/\/www.fiscalia.gov.co\/colombia\/wp-content\/uploads\/LogoHorizontal_1.jpg","contentUrl":"https:\/\/www.fiscalia.gov.co\/colombia\/wp-content\/uploads\/LogoHorizontal_1.jpg","width":300,"height":90,"caption":"Fiscal\u00eda General de la Naci\u00f3n"},"image":{"@id":"https:\/\/www.fiscalia.gov.co\/colombia\/#\/schema\/logo\/image\/"},"sameAs":["https:\/\/www.facebook.com\/FiscaliaCol","https:\/\/x.com\/FiscaliaCol","https:\/\/www.instagram.com\/fiscaliacol","https:\/\/www.linkedin.com\/company\/fiscalia-general-de-la-naci-n\/","https:\/\/youtube.com\/@fiscaliageneraldelanacion-4668?si=6nN79nyQICPU5iTh"]},{"@type":"Person","@id":"https:\/\/www.fiscalia.gov.co\/colombia\/#\/schema\/person\/6be81acb78add0abcbda2c598c1d53e1","name":"Lesly Katherine Segura Camargo.","image":{"@type":"ImageObject","inLanguage":"es-CO","@id":"https:\/\/www.fiscalia.gov.co\/colombia\/#\/schema\/person\/image\/","url":"https:\/\/secure.gravatar.com\/avatar\/1892091c53ef3b9c2fcb37ca6066e439?s=96&d=mm&r=g","contentUrl":"https:\/\/secure.gravatar.com\/avatar\/1892091c53ef3b9c2fcb37ca6066e439?s=96&d=mm&r=g","caption":"Lesly Katherine Segura Camargo."},"url":"https:\/\/www.fiscalia.gov.co\/colombia\/author\/lesly-segura\/"}]}},"_links":{"self":[{"href":"https:\/\/www.fiscalia.gov.co\/colombia\/wp-json\/wp\/v2\/posts\/287472","targetHints":{"allow":["GET"]}}],"collection":[{"href":"https:\/\/www.fiscalia.gov.co\/colombia\/wp-json\/wp\/v2\/posts"}],"about":[{"href":"https:\/\/www.fiscalia.gov.co\/colombia\/wp-json\/wp\/v2\/types\/post"}],"author":[{"embeddable":true,"href":"https:\/\/www.fiscalia.gov.co\/colombia\/wp-json\/wp\/v2\/users\/179"}],"replies":[{"embeddable":true,"href":"https:\/\/www.fiscalia.gov.co\/colombia\/wp-json\/wp\/v2\/comments?post=287472"}],"version-history":[{"count":1,"href":"https:\/\/www.fiscalia.gov.co\/colombia\/wp-json\/wp\/v2\/posts\/287472\/revisions"}],"predecessor-version":[{"id":287475,"href":"https:\/\/www.fiscalia.gov.co\/colombia\/wp-json\/wp\/v2\/posts\/287472\/revisions\/287475"}],"wp:attachment":[{"href":"https:\/\/www.fiscalia.gov.co\/colombia\/wp-json\/wp\/v2\/media?parent=287472"}],"wp:term":[{"taxonomy":"category","embeddable":true,"href":"https:\/\/www.fiscalia.gov.co\/colombia\/wp-json\/wp\/v2\/categories?post=287472"},{"taxonomy":"post_tag","embeddable":true,"href":"https:\/\/www.fiscalia.gov.co\/colombia\/wp-json\/wp\/v2\/tags?post=287472"}],"curies":[{"name":"wp","href":"https:\/\/api.w.org\/{rel}","templated":true}]}}